{"id":31698,"date":"2018-03-09T21:42:39","date_gmt":"2018-03-10T00:42:39","guid":{"rendered":"http:\/\/rioonwatch.org.br\/?p=31698"},"modified":"2024-05-24T12:40:14","modified_gmt":"2024-05-24T15:40:14","slug":"pintor-da-rocinha-promove-empoderamento-negro-na-igreja-da-arte","status":"publish","type":"post","link":"https:\/\/rioonwatch.org.br\/?p=31698","title":{"rendered":"Pintor da Rocinha Promove Empoderamento Negro na &#8216;Igreja da Arte&#8217;"},"content":{"rendered":"<p style=\"text-align: right;\"><em><strong><a href=\"http:\/\/bit.ly\/2FvTfjf\" target=\"_blank\" rel=\"noopener noreferrer\">Click Here for English<img decoding=\"async\" width=\"20\" height=\"20\" class=\"alignright wp-image-15790\" src=\"http:\/\/rioonwatch.org.br\/wp-content\/uploads\/2012\/08\/EN-standard-e1439583104716.jpg\" \/><\/a><\/strong><\/em><\/p>\n<p><a href=\"http:\/\/bit.ly\/2HktNxE\" target=\"_blank\" rel=\"noopener\">Maxwell Alexandre<\/a>\u00a0\u00e9 um pintor de 27 anos nascido e criado na <a href=\"http:\/\/bit.ly\/16w2zz1\" target=\"_blank\" rel=\"noopener\">Rocinha<\/a>. Sua exposi\u00e7\u00e3o individual&#8211;intitulada &#8216;<a href=\"http:\/\/bit.ly\/2G7pztN\" target=\"_blank\" rel=\"noopener\">Pardo \u00e9 Papel<\/a>&#8216;, devido \u00e0 cor do papel em que pinta e aos temas raciais que explora&#8211;teve lugar no \u00faltimo fim de semana no Complexo Esportivo da Rocinha. O artista faz parte de um pequeno coletivo que iniciou sua pr\u00f3pria igreja&#8211;embora seja uma igreja de um tipo incomum. Alexandre coloca de forma simples: &#8220;\u00c9 uma igreja da\u00a0<a href=\"http:\/\/bit.ly\/1N7w66v\" target=\"_blank\" rel=\"noopener\">arte<\/a>. Apenas isso&#8221;. Alternativamente, referido como a <a href=\"http:\/\/bit.ly\/2Ibcz6S\" target=\"_blank\" rel=\"noopener\">Igreja do Reino da Arte<\/a>, ou \u00e0s vezes A Noiva&#8211;uma esp\u00e9cie de oferenda simb\u00f3lica \u00e0 divindade da arte.<\/p>\n<p>A exibi\u00e7\u00e3o de Alexandre fez parte de uma s\u00e9rie de exposi\u00e7\u00f5es mensais organizada pelos artistas e designers da A Noiva para mostrarem seus trabalhos, sempre aberta ao p\u00fablico. Eles nomearam a s\u00e9rie de exposi\u00e7\u00f5es de &#8220;D\u00edzimo&#8221;, j\u00e1 que 10% das doa\u00e7\u00f5es s\u00e3o reinvestidas na igreja. Cada exposi\u00e7\u00e3o est\u00e1 em um espa\u00e7o de escolha do artista e apresenta obras de sua escolha. &#8220;Pardo \u00e9 Papel&#8221; foi o segundo D\u00edzimo de Alexandre, que durou apenas um dia. Designer e membro fundador de A Noiva, Raoni Azevedo, estende a analogia da &#8220;Igreja da Arte&#8221; com uma refer\u00eancia b\u00edblica que enfatiza a natureza coletiva do trabalho: &#8220;A Noiva s\u00f3 existe quando nos reunimos. Como est\u00e1 na B\u00edblia: &#8216;Onde estiverem dois ou tr\u00eas reunidos em meu nome, a\u00ed estou eu no meio deles&#8217;. Mateus. 18:20&#8242;&#8221;.<\/p>\n<p>Alexandre tem pintado h\u00e1 tr\u00eas anos, mas sua trajet\u00f3ria era bastante diferente antes de se tornar um artista. Ele tinha 18 anos quando se alistou no ex\u00e9rcito como exigido por lei e, ap\u00f3s um ano de servi\u00e7o, ele se tornou um patinador<em> inline<\/em> profissional. Interessado em arte, ele tentou combinar ambas atividades: &#8220;Comecei com a pintura abstrata, porque foi uma transi\u00e7\u00e3o da minha carreira em patins para arte&#8221;. Ele explica que &#8220;colocava tinta no ch\u00e3o&#8221; e fazia manobras de patins sobre a tela, criando linhas abstratas r\u00e1pidas, de modo que ele &#8220;n\u00e3o teria muito controle sobre o desenho ou a pintura&#8221;.\u00a0Trata-se de tentar imitar os movimentos de patins com a tinta. &#8220;Minha quest\u00e3o era como eu poderia colocar o mesmo sentimento na minha pintura&#8221;, explica ele.<\/p>\n<p>Hoje em dia, o estilo de Alexandre floresceu. Ele exibe seu trabalho em espa\u00e7os como a galeria <a href=\"http:\/\/bit.ly\/2G5bTiN\" target=\"_blank\" rel=\"noopener\">A Gentil Carioca<\/a>,\u00a0no Centro, e na prestigiada galeria\u00a0<a href=\"http:\/\/bit.ly\/2GbD9fP\" target=\"_blank\" rel=\"noopener\">Carpintaria<\/a> no bairro <a href=\"http:\/\/bit.ly\/1UfSVGa\" target=\"_blank\" rel=\"noopener\">Jardim Bot\u00e2nico<\/a>. Regina Cas\u00e9, atriz e apresentadora de televis\u00e3o que esteve presente na exposi\u00e7\u00e3o, expressou sua aprecia\u00e7\u00e3o pelo trabalho e disse no Instagram\u00a0Stories que Alexandre &#8220;\u00e9 a coisa mais importante acontecendo no Rio no momento&#8221;.<\/p>\n<p><a href=\"http:\/\/rioonwatch.org.br\/wp-content\/uploads\/2018\/03\/Complexo-Esportivo2.jpg\"><img fetchpriority=\"high\" decoding=\"async\" class=\"aligncenter wp-image-31702 size-content\" title=\"Vista a\u00e9rea da exposi\u00e7\u00e3o no Complexo Esportivo na Rocinha. Foto de Julia Spence\" src=\"http:\/\/rioonwatch.org.br\/wp-content\/uploads\/2018\/03\/Complexo-Esportivo2-620x264.jpg\" alt=\"\" width=\"620\" height=\"264\" srcset=\"https:\/\/rioonwatch.org.br\/wp-content\/uploads\/2018\/03\/Complexo-Esportivo2-620x264.jpg 620w, https:\/\/rioonwatch.org.br\/wp-content\/uploads\/2018\/03\/Complexo-Esportivo2-940x400.jpg 940w\" sizes=\"(max-width: 620px) 100vw, 620px\" \/><\/a><\/p>\n<p>Geralmente, ele exibe sua arte em espa\u00e7os reminiscentes da teoria do cubo branco&#8211;espa\u00e7o branco minimalista, muitas vezes preferido para apresentar arte abstrata e contempor\u00e2nea&#8211;neste caso, Alexandre escolheu realizar esta exposi\u00e7\u00e3o em seu antigo est\u00fadio no Complexo Esportivo da Rocinha. &#8220;Meu primeiro est\u00fadio era no Complexo, ent\u00e3o estou terminando meu ciclo l\u00e1. Come\u00e7ou h\u00e1 dois anos, foi minha primeira experi\u00eancia em um est\u00fadio. Foi o meu momento mais intenso como artista&#8221;. Ele continua: &#8220;A minha decis\u00e3o de fazer a minha [mostra] foi para dar uma chance \u00e0s pessoas que me conhecem [assistirem], e [afirmar] a minha pr\u00e1tica de conhecer meu lugar [na Rocinha]. Foi uma chance de honrar e terminar o ciclo&#8221;.<\/p>\n<div id=\"gt-res-c\" class=\"g-unit\">\n<div id=\"gt-res-p\">\n<div id=\"gt-res-data\">\n<div id=\"gt-res-wrap\">\n<div id=\"gt-res-content\">\n<div id=\"gt-res-dir-ctr\" class=\"trans-verified-button-small\" dir=\"ltr\"><span id=\"result_box\" class=\"\" lang=\"pt\">Na verdade, a escolha do espa\u00e7o \u00e9 incomum.\u00a0<span class=\"\">Entre ringues de boxe, manobras de skates e o <a href=\"https:\/\/glo.bo\/2tvOwfD\" target=\"_blank\" rel=\"noopener\">persistente cheiro de esgoto<\/a>, Alexandre exibiu 11 de suas maiores pe\u00e7as, todas com 4,75 x 3,60 metros.<\/span>\u00a0<span class=\"\">A exposi\u00e7\u00e3o levou cerca de nove horas para ser montada e apenas 30 minutos para ser desmontada.<\/span><\/span><\/div>\n<\/div>\n<\/div>\n<\/div>\n<\/div>\n<\/div>\n<p><a href=\"http:\/\/rioonwatch.org.br\/wp-content\/uploads\/2018\/03\/Maxwell-Alexandre-.jpg\"><img decoding=\"async\" class=\"aligncenter wp-image-31703 size-content\" title=\"Maxwell Alexandre montando a exposi\u00e7\u00e3o [foto da p\u00e1gina do evento no Facebook]\" src=\"http:\/\/rioonwatch.org.br\/wp-content\/uploads\/2018\/03\/Maxwell-Alexandre--620x264.jpg\" alt=\"\" width=\"620\" height=\"264\" srcset=\"https:\/\/rioonwatch.org.br\/wp-content\/uploads\/2018\/03\/Maxwell-Alexandre--620x264.jpg 620w, https:\/\/rioonwatch.org.br\/wp-content\/uploads\/2018\/03\/Maxwell-Alexandre--940x400.jpg 940w\" sizes=\"(max-width: 620px) 100vw, 620px\" \/><\/a><\/p>\n<p>As pe\u00e7as eram simplesmente impressionantes, tanto pelo tamanho quanto pelo conte\u00fado. As pe\u00e7as representavam cenas da vida cotidiana na Rocinha, como por exemplo: a codifica\u00e7\u00e3o da <a href=\"http:\/\/bit.ly\/1D2x5P9\" target=\"_blank\" rel=\"noopener\">presen\u00e7a policial<\/a> e de <a href=\"http:\/\/bit.ly\/2l0pM9h\" target=\"_blank\" rel=\"noopener\">escolas p\u00fablicas<\/a> misturando-as com imagens poderosas. Alexandre acredita que &#8220;esta s\u00e9rie \u00e9 t\u00e3o importante porque trata de uma quest\u00e3o realmente contempor\u00e2nea, o <a href=\"http:\/\/bit.ly\/2tFP1zU\" target=\"_blank\" rel=\"noopener\">empoderamento dos negros<\/a>&#8220;. Ao ser questionado se deveria se unir aos movimentos de <a href=\"http:\/\/bit.ly\/12hqS0g\" target=\"_blank\" rel=\"noopener\">protestos<\/a> como, por exemplo, a recente <a href=\"http:\/\/bit.ly\/2o8OkNs\" target=\"_blank\" rel=\"noopener\">marcha pela paz realizada pelos moradores da Rocinha e Vidigal<\/a>, ele respondeu: &#8220;Eu acho que \u00e9 importante com certeza, mas porque sou t\u00edmido e solit\u00e1rio, n\u00e3o me sinto \u00e0 vontade para fazer parte dessa luta&#8221;. Ele continuou: &#8220;<a href=\"http:\/\/bit.ly\/2GbOdcJ\" target=\"_blank\" rel=\"noopener\">Precisamos ter ambos os tipos<\/a> para ir \u00e0 guerra. Quando voc\u00ea vai ao protesto gritar, isto \u00e9 imediato. Minha pintura \u00e9 mais duradoura. Eu acredito que \u00e0s vezes temos que criticar o racismo face a face, mas n\u00e3o tenho coragem de [realmente] socar o rosto de algu\u00e9m, ent\u00e3o minha pintura \u00e9 um soco na cara&#8221;. \u00c9 assim que ele v\u00ea a exposi\u00e7\u00e3o Pardo \u00e9 Papel. &#8220;Eu prefiro a pintura, porque a pintura n\u00e3o \u00e9 imediata&#8221;, ele reflete.<\/p>\n<p><a href=\"http:\/\/www.rioonwatch.org\/wp-content\/uploads\/2018\/03\/Maxwell-Alexandre-art-exhibit.jpg\"><img loading=\"lazy\" decoding=\"async\" class=\"aligncenter wp-image-42192 size-content\" title=\"Exposi\u00e7\u00e3o de arte por Maxwell Alexandre. Foto de Julia Spence\" src=\"http:\/\/www.rioonwatch.org\/wp-content\/uploads\/2018\/03\/Maxwell-Alexandre-art-exhibit-620x264.jpg\" alt=\"\" width=\"620\" height=\"264\" \/><\/a><\/p>\n<p>Embora suas pinturas abordem temas locais, o artista sente que o tipo de arte contempor\u00e2nea que ele faz, n\u00e3o \u00e9 muito presente ou apreciado nas favelas. Ele diz com um meio sorriso: &#8220;As pessoas olham para mim como se eu fosse louco, elas n\u00e3o respeitam meu trabalho&#8221;. Ao ser questionado se \u00e9 afetado por isso, ele responde: &#8220;\u00c9 claro que isso me afeta&#8230; Afeta minha pr\u00e1tica, meu comportamento&#8221;.<\/p>\n<p>&#8220;A arte \u00e9 um privil\u00e9gio&#8221;, ele explica. Ele \u00e9 cr\u00edtico em rela\u00e7\u00e3o ao mercado de arte no Rio de Janeiro, pois considera um campo que parece apenas acess\u00edvel aos moradores privilegiados, de classe alta, da <a href=\"http:\/\/bit.ly\/1mNsDyk\" target=\"_blank\" rel=\"noopener\">Zona Sul<\/a> e \u00e9, potencialmente, at\u00e9 mesmo deliberadamente mantido dessa forma. &#8220;\u00c9 dito que a arte \u00e9 para todos, a arte vai salvar o mundo, mas n\u00e3o \u00e9 verdade&#8230; Se voc\u00ea pensar sobre isso, \u00e9 muito importante para o mercado de arte manter a arte como um privil\u00e9gio. Penso que este \u00e9 o maior problema do mundo da arte, porque o processo criativo se perde nesta luta&#8221;.<\/p>\n<p>Por exemplo, o p\u00fablico da mostra de arte inclu\u00eda alguns visitantes da Rocinha, mas haviam mais curadores de galeria, colecionadores e agentes de arte do asfalto. Alexandre suspeita que &#8220;vieram poucas pessoas da comunidade, porque eram pinturas e os c\u00f3digos da pintura s\u00e3o de uma \u00e1rea privilegiada&#8221;.<\/p>\n<p><a href=\"http:\/\/rioonwatch.org.br\/wp-content\/uploads\/2018\/03\/Maxwell-Alexandre-art.jpg\"><img loading=\"lazy\" decoding=\"async\" class=\"aligncenter wp-image-31705 size-content\" title=\"Exposi\u00e7\u00e3o de arte por Maxwell Alexandre. Foto de Julia Spence\" src=\"http:\/\/rioonwatch.org.br\/wp-content\/uploads\/2018\/03\/Maxwell-Alexandre-art-620x264.jpg\" alt=\"\" width=\"620\" height=\"264\" srcset=\"https:\/\/rioonwatch.org.br\/wp-content\/uploads\/2018\/03\/Maxwell-Alexandre-art-620x264.jpg 620w, https:\/\/rioonwatch.org.br\/wp-content\/uploads\/2018\/03\/Maxwell-Alexandre-art-940x400.jpg 940w\" sizes=\"(max-width: 620px) 100vw, 620px\" \/><\/a><\/p>\n<p>\u00c9 aqui que entra a igreja A Noiva. O coletivo de artistas e designers&#8211;com moradores de favelas e do asfalto&#8211;est\u00e1 simultaneamente ultrapassando os limites do mercado de arte e tocando quest\u00f5es de igreja e <a href=\"http:\/\/bit.ly\/2grMqHZ\" target=\"_blank\" rel=\"noopener\">religi\u00e3o<\/a>. &#8220;Eu acho que A Noiva \u00e9 importante porque temos a chance de fazer coisas que n\u00e3o temos chance de fazer em um sistema institucional de arte. Por exemplo, em A Noiva criamos uma \u00e1rea onde se pode apresentar trabalhos inacabados&#8221;, explica Alexandre. Um co-fundador de A Noiva, Raoni, ecoa Alexandre quando reflete: &#8220;Uma vez que a maioria dos encontros art\u00edsticos s\u00e3o realizados por institui\u00e7\u00f5es de arte bem estabelecidas, A Noiva tenta criar uma cena alternativa, mais acess\u00edvel, onde qualquer um pode mostrar seu trabalho e todos s\u00e3o bem-vindos&#8221;.<\/p>\n<p>Ent\u00e3o, como se faz parte dessa igreja, esse reino da liberdade art\u00edstica? Como Alexandre responde: &#8220;\u00c9 como qualquer outra igreja, voc\u00ea s\u00f3 precisa aparecer&#8221;.<\/p>\n<p><strong>O trabalho de Maxwell Alexandre estar\u00e1 em exibi\u00e7\u00e3o na galeria A Gentil Carioca at\u00e9 10 de mar\u00e7o e ser\u00e1 apresentado em uma mostra coletiva na galeria Carpintaria em abril. Confira seu trabalho no\u00a0<a href=\"http:\/\/bit.ly\/2HktNxE\" target=\"_blank\" rel=\"noopener\">Instagram<\/a>\u00a0e saiba mais sobre A Noiva enviando um e-mail para a.noiva.igreja@gmail.com.<\/strong><\/p>\n<!-- AddThis Advanced Settings generic via filter on the_content --><!-- AddThis Share Buttons generic via filter on the_content -->","protected":false},"excerpt":{"rendered":"<div class=\"mh-excerpt\"><p>Click Here for English Maxwell Alexandre\u00a0\u00e9 um pintor de 27 anos nascido e criado na Rocinha. Sua exposi\u00e7\u00e3o individual&#8211;intitulada &#8216;Pardo \u00e9 Papel&#8216;, devido \u00e0 cor do papel em que pinta e aos temas raciais que <a class=\"mh-excerpt-more\" href=\"https:\/\/rioonwatch.org.br\/?p=31698\" title=\"Pintor da Rocinha Promove Empoderamento Negro na &#8216;Igreja da Arte&#8217;\">[&#8230;]<\/a><!-- AddThis Advanced Settings generic via filter on get_the_excerpt --><!-- AddThis Share Buttons generic via filter on get_the_excerpt --><\/p>\n<\/div>","protected":false},"author":129,"featured_media":31700,"comment_status":"closed","ping_status":"closed","sticky":false,"template":"","format":"standard","meta":{"_acf_changed":false,"_monsterinsights_skip_tracking":false,"_monsterinsights_sitenote_active":false,"_monsterinsights_sitenote_note":"","_monsterinsights_sitenote_category":0,"footnotes":""},"categories":[1621,1627,1615,1626,342],"tags":[3253,334,1006,1808,81,421,413,688,292,1306,1146,1307,1304,763,936,16,383],"writer":[2296],"translator":[273],"source":[],"ilustrador":[],"fotografo":[],"class_list":{"0":"post-31698","1":"post","2":"type-post","3":"status-publish","4":"format-standard","5":"has-post-thumbnail","7":"category-destaque","8":"category-relato-de-evento","9":"category-cultura-da-favela","10":"category-por-observadores-internacionais","11":"category-solucoes","12":"tag-antirracismo","13":"tag-arte","14":"tag-asfalto-x-favela","15":"tag-criatividade","16":"tag-cultura","17":"tag-cultura-da-favela","18":"tag-desigualdade","19":"tag-empoderamento","20":"tag-esporte","21":"tag-exclusao","22":"tag-exposicao","23":"tag-inclusao","24":"tag-organizacao-criativa","25":"tag-protesto","26":"tag-raca","27":"tag-rocinha","28":"tag-zona-sul","29":"writer-julia-spence","30":"translator-roseli-franco"},"acf":[],"yoast_head":"<!-- This site is optimized with the Yoast SEO plugin v25.6 - https:\/\/yoast.com\/wordpress\/plugins\/seo\/ -->\n<title>Pintor da Rocinha Promove Empoderamento Negro na &#039;Igreja da Arte&#039; - RioOnWatch<\/title>\n<meta name=\"robots\" content=\"index, follow, max-snippet:-1, max-image-preview:large, max-video-preview:-1\" \/>\n<link rel=\"canonical\" href=\"https:\/\/rioonwatch.org.br\/?p=31698\" \/>\n<meta property=\"og:locale\" content=\"pt_BR\" \/>\n<meta property=\"og:type\" content=\"article\" \/>\n<meta property=\"og:title\" content=\"Pintor da Rocinha Promove Empoderamento Negro na &#039;Igreja da Arte&#039; - RioOnWatch\" \/>\n<meta property=\"og:description\" content=\"Click Here for English Maxwell Alexandre\u00a0\u00e9 um pintor de 27 anos nascido e criado na Rocinha. Sua exposi\u00e7\u00e3o individual&#8211;intitulada &#8216;Pardo \u00e9 Papel&#8216;, devido \u00e0 cor do papel em que pinta e aos temas raciais que [...]\" \/>\n<meta property=\"og:url\" content=\"https:\/\/rioonwatch.org.br\/?p=31698\" \/>\n<meta property=\"og:site_name\" content=\"RioOnWatch\" \/>\n<meta property=\"article:published_time\" content=\"2018-03-10T00:42:39+00:00\" \/>\n<meta property=\"article:modified_time\" content=\"2024-05-24T15:40:14+00:00\" \/>\n<meta property=\"og:image\" content=\"https:\/\/rioonwatch.org.br\/wp-content\/uploads\/2018\/03\/Complexo-Esportivo.jpg\" \/>\n\t<meta property=\"og:image:width\" content=\"997\" \/>\n\t<meta property=\"og:image:height\" content=\"667\" \/>\n\t<meta property=\"og:image:type\" content=\"image\/jpeg\" \/>\n<meta name=\"author\" content=\"Admin\" \/>\n<meta name=\"twitter:card\" content=\"summary_large_image\" \/>\n<meta name=\"twitter:label1\" content=\"Escrito por\" \/>\n\t<meta name=\"twitter:data1\" content=\"Admin\" \/>\n\t<meta name=\"twitter:label2\" content=\"Est. tempo de leitura\" \/>\n\t<meta name=\"twitter:data2\" content=\"6 minutos\" \/>\n<script type=\"application\/ld+json\" class=\"yoast-schema-graph\">{\"@context\":\"https:\/\/schema.org\",\"@graph\":[{\"@type\":\"Article\",\"@id\":\"https:\/\/rioonwatch.org.br\/?p=31698#article\",\"isPartOf\":{\"@id\":\"https:\/\/rioonwatch.org.br\/?p=31698\"},\"author\":{\"name\":\"Admin\",\"@id\":\"https:\/\/rioonwatch.org.br\/#\/schema\/person\/11d64c290506f9df50c71b850c473f68\"},\"headline\":\"Pintor da Rocinha Promove Empoderamento Negro na &#8216;Igreja da Arte&#8217;\",\"datePublished\":\"2018-03-10T00:42:39+00:00\",\"dateModified\":\"2024-05-24T15:40:14+00:00\",\"mainEntityOfPage\":{\"@id\":\"https:\/\/rioonwatch.org.br\/?p=31698\"},\"wordCount\":1248,\"publisher\":{\"@id\":\"https:\/\/rioonwatch.org.br\/#organization\"},\"image\":{\"@id\":\"https:\/\/rioonwatch.org.br\/?p=31698#primaryimage\"},\"thumbnailUrl\":\"https:\/\/rioonwatch.org.br\/wp-content\/uploads\/2018\/03\/Complexo-Esportivo.jpg\",\"keywords\":[\"Antirracismo\",\"arte\",\"asfalto x favela\",\"criatividade\",\"cultura\",\"cultura da favela\",\"desigualdade\",\"empoderamento\",\"esporte\",\"exclus\u00e3o\",\"exposi\u00e7\u00e3o\",\"inclus\u00e3o\",\"mobiliza\u00e7\u00e3o criativa\",\"protesto\",\"ra\u00e7a\",\"Rocinha\",\"Zona Sul\"],\"articleSection\":[\"*Destaque\",\"Cobertura de Eventos\",\"Cultura da Favela\",\"Escrito por Aliados\",\"Solu\u00e7\u00f5es\"],\"inLanguage\":\"pt-BR\"},{\"@type\":\"WebPage\",\"@id\":\"https:\/\/rioonwatch.org.br\/?p=31698\",\"url\":\"https:\/\/rioonwatch.org.br\/?p=31698\",\"name\":\"Pintor da Rocinha Promove Empoderamento Negro na 'Igreja da Arte' - RioOnWatch\",\"isPartOf\":{\"@id\":\"https:\/\/rioonwatch.org.br\/#website\"},\"primaryImageOfPage\":{\"@id\":\"https:\/\/rioonwatch.org.br\/?p=31698#primaryimage\"},\"image\":{\"@id\":\"https:\/\/rioonwatch.org.br\/?p=31698#primaryimage\"},\"thumbnailUrl\":\"https:\/\/rioonwatch.org.br\/wp-content\/uploads\/2018\/03\/Complexo-Esportivo.jpg\",\"datePublished\":\"2018-03-10T00:42:39+00:00\",\"dateModified\":\"2024-05-24T15:40:14+00:00\",\"breadcrumb\":{\"@id\":\"https:\/\/rioonwatch.org.br\/?p=31698#breadcrumb\"},\"inLanguage\":\"pt-BR\",\"potentialAction\":[{\"@type\":\"ReadAction\",\"target\":[\"https:\/\/rioonwatch.org.br\/?p=31698\"]}]},{\"@type\":\"ImageObject\",\"inLanguage\":\"pt-BR\",\"@id\":\"https:\/\/rioonwatch.org.br\/?p=31698#primaryimage\",\"url\":\"https:\/\/rioonwatch.org.br\/wp-content\/uploads\/2018\/03\/Complexo-Esportivo.jpg\",\"contentUrl\":\"https:\/\/rioonwatch.org.br\/wp-content\/uploads\/2018\/03\/Complexo-Esportivo.jpg\",\"width\":997,\"height\":667},{\"@type\":\"BreadcrumbList\",\"@id\":\"https:\/\/rioonwatch.org.br\/?p=31698#breadcrumb\",\"itemListElement\":[{\"@type\":\"ListItem\",\"position\":1,\"name\":\"In\u00edcio\",\"item\":\"https:\/\/rioonwatch.org.br\/\"},{\"@type\":\"ListItem\",\"position\":2,\"name\":\"Pintor da Rocinha Promove Empoderamento Negro na &#8216;Igreja da Arte&#8217;\"}]},{\"@type\":\"WebSite\",\"@id\":\"https:\/\/rioonwatch.org.br\/#website\",\"url\":\"https:\/\/rioonwatch.org.br\/\",\"name\":\"RioOnWatch\",\"description\":\"relatos das favelas cariocas\",\"publisher\":{\"@id\":\"https:\/\/rioonwatch.org.br\/#organization\"},\"potentialAction\":[{\"@type\":\"SearchAction\",\"target\":{\"@type\":\"EntryPoint\",\"urlTemplate\":\"https:\/\/rioonwatch.org.br\/?s={search_term_string}\"},\"query-input\":{\"@type\":\"PropertyValueSpecification\",\"valueRequired\":true,\"valueName\":\"search_term_string\"}}],\"inLanguage\":\"pt-BR\"},{\"@type\":\"Organization\",\"@id\":\"https:\/\/rioonwatch.org.br\/#organization\",\"name\":\"RioOnWatch\",\"url\":\"https:\/\/rioonwatch.org.br\/\",\"logo\":{\"@type\":\"ImageObject\",\"inLanguage\":\"pt-BR\",\"@id\":\"https:\/\/rioonwatch.org.br\/#\/schema\/logo\/image\/\",\"url\":\"https:\/\/rioonwatch.org.br\/wp-content\/uploads\/2021\/06\/RioOnWatchcabecalhoPT11anos-2.png\",\"contentUrl\":\"https:\/\/rioonwatch.org.br\/wp-content\/uploads\/2021\/06\/RioOnWatchcabecalhoPT11anos-2.png\",\"width\":779,\"height\":277,\"caption\":\"RioOnWatch\"},\"image\":{\"@id\":\"https:\/\/rioonwatch.org.br\/#\/schema\/logo\/image\/\"}},{\"@type\":\"Person\",\"@id\":\"https:\/\/rioonwatch.org.br\/#\/schema\/person\/11d64c290506f9df50c71b850c473f68\",\"name\":\"Admin\",\"image\":{\"@type\":\"ImageObject\",\"inLanguage\":\"pt-BR\",\"@id\":\"https:\/\/rioonwatch.org.br\/#\/schema\/person\/image\/\",\"url\":\"https:\/\/secure.gravatar.com\/avatar\/56211ac74568383903349a1485e3c325?s=96&d=blank&r=g\",\"contentUrl\":\"https:\/\/secure.gravatar.com\/avatar\/56211ac74568383903349a1485e3c325?s=96&d=blank&r=g\",\"caption\":\"Admin\"},\"url\":\"https:\/\/rioonwatch.org.br\/?author=129\"}]}<\/script>\n<!-- \/ Yoast SEO plugin. -->","yoast_head_json":{"title":"Pintor da Rocinha Promove Empoderamento Negro na 'Igreja da Arte' - RioOnWatch","robots":{"index":"index","follow":"follow","max-snippet":"max-snippet:-1","max-image-preview":"max-image-preview:large","max-video-preview":"max-video-preview:-1"},"canonical":"https:\/\/rioonwatch.org.br\/?p=31698","og_locale":"pt_BR","og_type":"article","og_title":"Pintor da Rocinha Promove Empoderamento Negro na 'Igreja da Arte' - RioOnWatch","og_description":"Click Here for English Maxwell Alexandre\u00a0\u00e9 um pintor de 27 anos nascido e criado na Rocinha. Sua exposi\u00e7\u00e3o individual&#8211;intitulada &#8216;Pardo \u00e9 Papel&#8216;, devido \u00e0 cor do papel em que pinta e aos temas raciais que [...]","og_url":"https:\/\/rioonwatch.org.br\/?p=31698","og_site_name":"RioOnWatch","article_published_time":"2018-03-10T00:42:39+00:00","article_modified_time":"2024-05-24T15:40:14+00:00","og_image":[{"width":997,"height":667,"url":"https:\/\/rioonwatch.org.br\/wp-content\/uploads\/2018\/03\/Complexo-Esportivo.jpg","type":"image\/jpeg"}],"author":"Admin","twitter_card":"summary_large_image","twitter_misc":{"Escrito por":"Admin","Est. tempo de leitura":"6 minutos"},"schema":{"@context":"https:\/\/schema.org","@graph":[{"@type":"Article","@id":"https:\/\/rioonwatch.org.br\/?p=31698#article","isPartOf":{"@id":"https:\/\/rioonwatch.org.br\/?p=31698"},"author":{"name":"Admin","@id":"https:\/\/rioonwatch.org.br\/#\/schema\/person\/11d64c290506f9df50c71b850c473f68"},"headline":"Pintor da Rocinha Promove Empoderamento Negro na &#8216;Igreja da Arte&#8217;","datePublished":"2018-03-10T00:42:39+00:00","dateModified":"2024-05-24T15:40:14+00:00","mainEntityOfPage":{"@id":"https:\/\/rioonwatch.org.br\/?p=31698"},"wordCount":1248,"publisher":{"@id":"https:\/\/rioonwatch.org.br\/#organization"},"image":{"@id":"https:\/\/rioonwatch.org.br\/?p=31698#primaryimage"},"thumbnailUrl":"https:\/\/rioonwatch.org.br\/wp-content\/uploads\/2018\/03\/Complexo-Esportivo.jpg","keywords":["Antirracismo","arte","asfalto x favela","criatividade","cultura","cultura da favela","desigualdade","empoderamento","esporte","exclus\u00e3o","exposi\u00e7\u00e3o","inclus\u00e3o","mobiliza\u00e7\u00e3o criativa","protesto","ra\u00e7a","Rocinha","Zona Sul"],"articleSection":["*Destaque","Cobertura de Eventos","Cultura da Favela","Escrito por Aliados","Solu\u00e7\u00f5es"],"inLanguage":"pt-BR"},{"@type":"WebPage","@id":"https:\/\/rioonwatch.org.br\/?p=31698","url":"https:\/\/rioonwatch.org.br\/?p=31698","name":"Pintor da Rocinha Promove Empoderamento Negro na 'Igreja da Arte' - RioOnWatch","isPartOf":{"@id":"https:\/\/rioonwatch.org.br\/#website"},"primaryImageOfPage":{"@id":"https:\/\/rioonwatch.org.br\/?p=31698#primaryimage"},"image":{"@id":"https:\/\/rioonwatch.org.br\/?p=31698#primaryimage"},"thumbnailUrl":"https:\/\/rioonwatch.org.br\/wp-content\/uploads\/2018\/03\/Complexo-Esportivo.jpg","datePublished":"2018-03-10T00:42:39+00:00","dateModified":"2024-05-24T15:40:14+00:00","breadcrumb":{"@id":"https:\/\/rioonwatch.org.br\/?p=31698#breadcrumb"},"inLanguage":"pt-BR","potentialAction":[{"@type":"ReadAction","target":["https:\/\/rioonwatch.org.br\/?p=31698"]}]},{"@type":"ImageObject","inLanguage":"pt-BR","@id":"https:\/\/rioonwatch.org.br\/?p=31698#primaryimage","url":"https:\/\/rioonwatch.org.br\/wp-content\/uploads\/2018\/03\/Complexo-Esportivo.jpg","contentUrl":"https:\/\/rioonwatch.org.br\/wp-content\/uploads\/2018\/03\/Complexo-Esportivo.jpg","width":997,"height":667},{"@type":"BreadcrumbList","@id":"https:\/\/rioonwatch.org.br\/?p=31698#breadcrumb","itemListElement":[{"@type":"ListItem","position":1,"name":"In\u00edcio","item":"https:\/\/rioonwatch.org.br\/"},{"@type":"ListItem","position":2,"name":"Pintor da Rocinha Promove Empoderamento Negro na &#8216;Igreja da Arte&#8217;"}]},{"@type":"WebSite","@id":"https:\/\/rioonwatch.org.br\/#website","url":"https:\/\/rioonwatch.org.br\/","name":"RioOnWatch","description":"relatos das favelas cariocas","publisher":{"@id":"https:\/\/rioonwatch.org.br\/#organization"},"potentialAction":[{"@type":"SearchAction","target":{"@type":"EntryPoint","urlTemplate":"https:\/\/rioonwatch.org.br\/?s={search_term_string}"},"query-input":{"@type":"PropertyValueSpecification","valueRequired":true,"valueName":"search_term_string"}}],"inLanguage":"pt-BR"},{"@type":"Organization","@id":"https:\/\/rioonwatch.org.br\/#organization","name":"RioOnWatch","url":"https:\/\/rioonwatch.org.br\/","logo":{"@type":"ImageObject","inLanguage":"pt-BR","@id":"https:\/\/rioonwatch.org.br\/#\/schema\/logo\/image\/","url":"https:\/\/rioonwatch.org.br\/wp-content\/uploads\/2021\/06\/RioOnWatchcabecalhoPT11anos-2.png","contentUrl":"https:\/\/rioonwatch.org.br\/wp-content\/uploads\/2021\/06\/RioOnWatchcabecalhoPT11anos-2.png","width":779,"height":277,"caption":"RioOnWatch"},"image":{"@id":"https:\/\/rioonwatch.org.br\/#\/schema\/logo\/image\/"}},{"@type":"Person","@id":"https:\/\/rioonwatch.org.br\/#\/schema\/person\/11d64c290506f9df50c71b850c473f68","name":"Admin","image":{"@type":"ImageObject","inLanguage":"pt-BR","@id":"https:\/\/rioonwatch.org.br\/#\/schema\/person\/image\/","url":"https:\/\/secure.gravatar.com\/avatar\/56211ac74568383903349a1485e3c325?s=96&d=blank&r=g","contentUrl":"https:\/\/secure.gravatar.com\/avatar\/56211ac74568383903349a1485e3c325?s=96&d=blank&r=g","caption":"Admin"},"url":"https:\/\/rioonwatch.org.br\/?author=129"}]}},"_links":{"self":[{"href":"https:\/\/rioonwatch.org.br\/index.php?rest_route=\/wp\/v2\/posts\/31698"}],"collection":[{"href":"https:\/\/rioonwatch.org.br\/index.php?rest_route=\/wp\/v2\/posts"}],"about":[{"href":"https:\/\/rioonwatch.org.br\/index.php?rest_route=\/wp\/v2\/types\/post"}],"author":[{"embeddable":true,"href":"https:\/\/rioonwatch.org.br\/index.php?rest_route=\/wp\/v2\/users\/129"}],"replies":[{"embeddable":true,"href":"https:\/\/rioonwatch.org.br\/index.php?rest_route=%2Fwp%2Fv2%2Fcomments&post=31698"}],"version-history":[{"count":23,"href":"https:\/\/rioonwatch.org.br\/index.php?rest_route=\/wp\/v2\/posts\/31698\/revisions"}],"predecessor-version":[{"id":31745,"href":"https:\/\/rioonwatch.org.br\/index.php?rest_route=\/wp\/v2\/posts\/31698\/revisions\/31745"}],"wp:featuredmedia":[{"embeddable":true,"href":"https:\/\/rioonwatch.org.br\/index.php?rest_route=\/wp\/v2\/media\/31700"}],"wp:attachment":[{"href":"https:\/\/rioonwatch.org.br\/index.php?rest_route=%2Fwp%2Fv2%2Fmedia&parent=31698"}],"wp:term":[{"taxonomy":"category","embeddable":true,"href":"https:\/\/rioonwatch.org.br\/index.php?rest_route=%2Fwp%2Fv2%2Fcategories&post=31698"},{"taxonomy":"post_tag","embeddable":true,"href":"https:\/\/rioonwatch.org.br\/index.php?rest_route=%2Fwp%2Fv2%2Ftags&post=31698"},{"taxonomy":"writer","embeddable":true,"href":"https:\/\/rioonwatch.org.br\/index.php?rest_route=%2Fwp%2Fv2%2Fwriter&post=31698"},{"taxonomy":"translator","embeddable":true,"href":"https:\/\/rioonwatch.org.br\/index.php?rest_route=%2Fwp%2Fv2%2Ftranslator&post=31698"},{"taxonomy":"source","embeddable":true,"href":"https:\/\/rioonwatch.org.br\/index.php?rest_route=%2Fwp%2Fv2%2Fsource&post=31698"},{"taxonomy":"ilustrador","embeddable":true,"href":"https:\/\/rioonwatch.org.br\/index.php?rest_route=%2Fwp%2Fv2%2Filustrador&post=31698"},{"taxonomy":"fotografo","embeddable":true,"href":"https:\/\/rioonwatch.org.br\/index.php?rest_route=%2Fwp%2Fv2%2Ffotografo&post=31698"}],"curies":[{"name":"wp","href":"https:\/\/api.w.org\/{rel}","templated":true}]}}