{"id":31800,"date":"2018-03-15T07:08:04","date_gmt":"2018-03-15T10:08:04","guid":{"rendered":"http:\/\/rioonwatch.org.br\/?p=31800"},"modified":"2026-04-14T10:00:49","modified_gmt":"2026-04-14T13:00:49","slug":"nova-ameaca-de-remocao-estimula-a-favela-indiana-a-agir-moradores-estao-prontos","status":"publish","type":"post","link":"https:\/\/rioonwatch.org.br\/?p=31800","title":{"rendered":"Indiana, na Tijuca, Se Apronta Para Resistir Nova Amea\u00e7a de Remo\u00e7\u00e3o"},"content":{"rendered":"<p style=\"text-align: right;\"><em><strong><a href=\"http:\/\/bit.ly\/2DlqWln\" target=\"_blank\" rel=\"noopener noreferrer\">Click Here for English<img decoding=\"async\" width=\"20\" height=\"20\" class=\"alignright wp-image-15790\" src=\"http:\/\/rioonwatch.org.br\/wp-content\/uploads\/2012\/08\/EN-standard-e1439583104716.jpg\" \/><\/a><\/strong><\/em><\/p>\n<p><span style=\"font-weight: 400;\">Aos p\u00e9s do morro do <a href=\"http:\/\/bit.ly\/ZKW86Q\" target=\"_blank\" rel=\"noopener\">Borel<\/a> no bairro da <a href=\"http:\/\/bit.ly\/1KFTsNJ\" target=\"_blank\" rel=\"noopener\">Tijuca<\/a> na <a href=\"http:\/\/bit.ly\/WximDf\" target=\"_blank\" rel=\"noopener\">Zona Norte<\/a> do Rio encontra-se a unida e humilde comunidade de <a href=\"http:\/\/bit.ly\/133Itux\" target=\"_blank\" rel=\"noopener\">Indiana<\/a>, uma favela encantadora que cresceu, chegando a abrigar aproximadamente 600 fam\u00edlias desde que foi fundada em 1957. No fundo de um imenso morro e com um pequeno rio que percorre por quase toda a comunidade, a favela <a href=\"http:\/\/bit.ly\/2sbmZzv\" target=\"_blank\" rel=\"noopener\">tem sido rotulada como uma \u00e1rea de risco<\/a> pela prefeitura, que tentou remov\u00ea-la em v\u00e1rias ocasi\u00f5es durante os \u00faltimos oito anos. <a href=\"http:\/\/bit.ly\/2gYyj8m\" target=\"_blank\" rel=\"noopener\">Disputando<\/a> a <a href=\"http:\/\/bit.ly\/171nQjb\" target=\"_blank\" rel=\"noopener\">narrativa de risco<\/a> como base para as amea\u00e7as de remo\u00e7\u00e3o, muitos moradores acreditam que a <a href=\"http:\/\/bit.ly\/X51Qvb\" target=\"_blank\" rel=\"noopener\">especula\u00e7\u00e3o imobili\u00e1ria<\/a> \u00e9 o que tem levado a prefeitura a colocar uma incans\u00e1vel press\u00e3o sob a comunidade. <\/span><\/p>\n<p><span style=\"font-weight: 400;\">Ap\u00f3s alguns anos de relativa paz, moradores relatam que Indiana ac abade ser escalada novamente para remo\u00e7\u00e3o completa pela prefeitura. Marcello Cl\u00e1udio Nunes Deodoro, membro da <a href=\"http:\/\/bit.ly\/2E73Iki\" target=\"_blank\" rel=\"noopener\">Comiss\u00e3o de Moradores<\/a>, disse ao <em>RioOnWatch<\/em>\u00a0que essa semana um recurso do gabinete do Procurador Geral do Munic\u00edpio que autoriza a prefeitura a prosseguir com a remo\u00e7\u00e3o de Indiana foi aceito. Como nada est\u00e1 certo a partir de agora, os moradores foram levados a um estado de p\u00e2nico. A comiss\u00e3o vem trabalhando com <a href=\"http:\/\/bit.ly\/1kcl02n\" target=\"_blank\" rel=\"noopener\">defensores p\u00fablicos<\/a> para lutar contra o recurso e informar a comunidade. Moradores tamb\u00e9m est\u00e3o preocupados que a prefeitura esteja planejando contornar suas obriga\u00e7\u00f5es de fornecer habita\u00e7\u00f5es alternativas de qualidade no caso de remo\u00e7\u00f5es, e relatam que autoridades est\u00e3o argumentando que j\u00e1 ofereceram, anos atr\u00e1s,\u00a0<a href=\"http:\/\/bit.ly\/11akTLK\" target=\"_blank\" rel=\"noopener\">habita\u00e7\u00e3o p\u00fablica<\/a>\u00a0aos moradores.<\/span><\/p>\n<p><a href=\"http:\/\/rioonwatch.org.br\/wp-content\/uploads\/2018\/03\/Foto-por-Tyler-Strobl.jpg\"><img fetchpriority=\"high\" decoding=\"async\" class=\"aligncenter wp-image-31810 size-content\" title=\"Foto por Tyler Strobl\" src=\"http:\/\/rioonwatch.org.br\/wp-content\/uploads\/2018\/03\/Foto-por-Tyler-Strobl-620x264.jpg\" alt=\"\" width=\"620\" height=\"264\" srcset=\"https:\/\/rioonwatch.org.br\/wp-content\/uploads\/2018\/03\/Foto-por-Tyler-Strobl-620x264.jpg 620w, https:\/\/rioonwatch.org.br\/wp-content\/uploads\/2018\/03\/Foto-por-Tyler-Strobl-940x400.jpg 940w\" sizes=\"(max-width: 620px) 100vw, 620px\" \/><\/a><\/p>\n<h3><strong>Oito anos de incerteza<\/strong><\/h3>\n<p><span style=\"font-weight: 400;\">Em 2010, representantes da prefeitura visitaram Indiana entrando nas casas, tirando fotos e examinando o territ\u00f3rio. O que alguns moradores n\u00e3o sabiam naquela \u00e9poca \u00e9 que em 2009 e de novo no come\u00e7o de 2010, a prefeitura <a href=\"https:\/\/glo.bo\/2BFPCbT\" target=\"_blank\" rel=\"noopener\">havia anunciado a completa remo\u00e7\u00e3o<\/a> da comunidade. Em seguida, cerca de <a href=\"http:\/\/bit.ly\/1euu1QU\" target=\"_blank\" rel=\"noopener\">110 fam\u00edlias foram removidas<\/a> ao longo de 2012. \u201cEm 2012, a prefeitura veio com for\u00e7a total, a <a href=\"http:\/\/bit.ly\/O1FJbG\" target=\"_blank\" rel=\"noopener\">Secretaria Municipal de Habita\u00e7\u00e3o<\/a> veio com peso para nos remover daqui\u201d, relembra In\u00eas Ferreira de Abreu Deodoro, membro da Comiss\u00e3o de Moradores. \u201cRealmente foi muito complicado, foi muito triste, muito violento. Resumindo, toda a a\u00e7\u00e3o da prefeitura em poucas palavras: <a href=\"http:\/\/bit.ly\/2jTRAbr\" target=\"_blank\" rel=\"noopener\">sa\u00fade mental abalada<\/a>, <a href=\"http:\/\/bit.ly\/2u24s97\" target=\"_blank\" rel=\"noopener\">cora\u00e7\u00f5es infartados<\/a>, \u00f3bitos por causa de estresse, <a href=\"http:\/\/bit.ly\/1S7DrTW\" target=\"_blank\" rel=\"noopener\">relacionamentos desarmoniosos<\/a>, desarmonia total, <a href=\"http:\/\/bit.ly\/1DNRvh2\" target=\"_blank\" rel=\"noopener\">o racha de opini\u00f5es dentro da comunidade<\/a>, que a pr\u00f3pria Secretaria Municipal de Habita\u00e7\u00e3o implantou aqui dentro.&#8221;<\/span><\/p>\n<p><span style=\"font-weight: 400;\">Naquele momento, o prefeito era <a href=\"http:\/\/bit.ly\/1k4eA6c\" target=\"_blank\" rel=\"noopener\">Eduardo Paes<\/a> e o Secret\u00e1rio de Habita\u00e7\u00e3o era Jorge Bittar. As t\u00e9cnicas de remo\u00e7\u00e3o que eles implementaram em Indiana espelharam suas a\u00e7\u00f5es em favelas por toda a cidade. A prefeitura ofereceu apartamentos do <a href=\"http:\/\/bit.ly\/Y4U9oJ\" target=\"_blank\" rel=\"noopener\">Minha Casa Minha Vida<\/a> em <a href=\"http:\/\/bit.ly\/1nPCPRD\" target=\"_blank\" rel=\"noopener\">Triagem<\/a>, tamb\u00e9m na Zona Norte, para qualquer um que estivesse disposto a se mudar. Algumas fam\u00edlias aceitaram e v\u00e1rias casas foram destru\u00eddas. Indiana \u00e9 uma comunidade unida no sentido figurativo e literal; com a destrui\u00e7\u00e3o de paredes e funda\u00e7\u00f5es, as estruturas de moradias vizinhas foram enfraquecidas. Escombros foram deixados para tr\u00e1s. Ratos, aranhas e vermes se proliferaram. In\u00eas Deodoro refletiu: \u201c<\/span>Por exemplo, se a casa de baixo estava sendo descaracterizada, tinha gente morando em cima, tinha geladeira em cima, casas ocupadas. Isso tudo foi, realmente, estrat\u00e9gico para abalar a comunidade por parte da Secretaria Municipal de Habita\u00e7\u00e3o&#8221;.<\/p>\n<p><a href=\"http:\/\/rioonwatch.org.br\/wp-content\/uploads\/2018\/03\/IMG_2174-e1517944600376.jpg\"><img decoding=\"async\" class=\"aligncenter wp-image-31815 size-medium\" title=\"Foto por Tyler Strobl\" src=\"http:\/\/rioonwatch.org.br\/wp-content\/uploads\/2018\/03\/IMG_2174-e1517944600376-620x465.jpg\" alt=\"\" width=\"620\" height=\"465\" srcset=\"https:\/\/rioonwatch.org.br\/wp-content\/uploads\/2018\/03\/IMG_2174-e1517944600376-620x465.jpg 620w, https:\/\/rioonwatch.org.br\/wp-content\/uploads\/2018\/03\/IMG_2174-e1517944600376-352x264.jpg 352w, https:\/\/rioonwatch.org.br\/wp-content\/uploads\/2018\/03\/IMG_2174-e1517944600376-768x576.jpg 768w, https:\/\/rioonwatch.org.br\/wp-content\/uploads\/2018\/03\/IMG_2174-e1517944600376-174x131.jpg 174w, https:\/\/rioonwatch.org.br\/wp-content\/uploads\/2018\/03\/IMG_2174-e1517944600376-300x225.jpg 300w, https:\/\/rioonwatch.org.br\/wp-content\/uploads\/2018\/03\/IMG_2174-e1517944600376-70x53.jpg 70w, https:\/\/rioonwatch.org.br\/wp-content\/uploads\/2018\/03\/IMG_2174-e1517944600376.jpg 1000w\" sizes=\"(max-width: 620px) 100vw, 620px\" \/><\/a><\/p>\n<p><span style=\"font-weight: 400;\">Alguns membros da comunidade perceberam que eles precisavam agir. Observando o caos, Ant\u00f4nio Carlos Hip\u00f3lito decidiu que ele iria buscar ajuda da <a href=\"http:\/\/bit.ly\/2k3wxsa\" target=\"_blank\" rel=\"noopener\">Pastoral das Favelas<\/a>, organiza\u00e7\u00e3o ligada \u00e0 Igreja Cat\u00f3lica que tem sido parte integrante na assist\u00eancia \u00e0s comunidades na luta contra a remo\u00e7\u00e3o. <\/span><span style=\"font-weight: 400;\">&#8220;<\/span>Estava todo mundo sem saber o que fazer. Eu disse [para mim mesmo] &#8216;meu Deus do c\u00e9u. A metade da minha vida foi nas ruas, a outra metade aqui dentro da comunidade. Se minha esposa escuta uma coisa dessas, ela vai morrer&#8217;. E fiquei tr\u00eas meses correndo atr\u00e1s\u00a0<span style=\"font-weight: 400;\">[da Pastoral das Favelas]<\/span>. Eu tinha o nome da rua errado e o telefone errado. Eu sabia que era na Gl\u00f3ria. Cheguei l\u00e1, e disse\u00a0[para mim mesmo] &#8216;meu Deus onde eu vou&#8217;. Desci na esta\u00e7\u00e3o do metro. Trope\u00e7ando, quase me machuquei na escada rolante.&#8221;<\/p>\n<p><span style=\"font-weight: 400;\">Entretanto, finalmente Hip\u00f3lito encontrou o lugar certo e alguns dias depois a Comiss\u00e3o de Moradores foi criada em Indiana para lidar com a crise. Dentro de semanas, os membros estavam tirando fotos, documentando as a\u00e7\u00f5es da prefeitura, trabalhando diretamente com o defensor p\u00fablico encarregado e colaborando com outras organiza\u00e7\u00f5es. A pr\u00f3pria prefeitura tentou desestabilizar a comiss\u00e3o ao <a href=\"http:\/\/bit.ly\/1DNRvh2\" target=\"_blank\" rel=\"noopener\">culpar a resist\u00eancia do grupo<\/a> pelo processo de remo\u00e7\u00e3o. A comiss\u00e3o ainda acabou sendo atacada por outros moradores, mas finalmente foi bem sucedida em deter esse projeto particular da prefeitura. Indiana estava a salvo, por algum tempo. <\/span><\/p>\n<h3><strong>A Comiss\u00e3o de Moradores<\/strong><\/h3>\n<p><span style=\"font-weight: 400;\">A forma como a comunidade sobreviveu \u00e0 tamanha press\u00e3o e intimida\u00e7\u00e3o \u00e9 uma inspira\u00e7\u00e3o para muitas do movimento de resist\u00eancia \u00e0s remo\u00e7\u00f5es por toda a cidade. Moradores foram colocados uns contra os outros, funda\u00e7\u00f5es f\u00edsicas e emocionais foram destru\u00eddas, e ainda assim eles persistiram. A Comiss\u00e3o de Moradores <a href=\"http:\/\/bit.ly\/1OGJgVQ\" target=\"_blank\" rel=\"noopener\">entrou em confronto algumas vezes<\/a> com a associa\u00e7\u00e3o de moradores, que j\u00e1 existe h\u00e1 tempos. Hoje, embora nem sempre concordem, elas trabalham juntas para atingir os mesmos objetivos. <\/span><\/p>\n<p><a href=\"http:\/\/rioonwatch.org.br\/wp-content\/uploads\/2018\/03\/Photo-by-Tyler-Strobl.jpg\"><img loading=\"lazy\" decoding=\"async\" class=\"aligncenter wp-image-31819 size-medium\" title=\"Foto porTyler Strobl\" src=\"http:\/\/rioonwatch.org.br\/wp-content\/uploads\/2018\/03\/Photo-by-Tyler-Strobl-620x465.jpg\" alt=\"\" width=\"620\" height=\"465\" srcset=\"https:\/\/rioonwatch.org.br\/wp-content\/uploads\/2018\/03\/Photo-by-Tyler-Strobl-620x465.jpg 620w, https:\/\/rioonwatch.org.br\/wp-content\/uploads\/2018\/03\/Photo-by-Tyler-Strobl-352x264.jpg 352w, https:\/\/rioonwatch.org.br\/wp-content\/uploads\/2018\/03\/Photo-by-Tyler-Strobl-768x576.jpg 768w, https:\/\/rioonwatch.org.br\/wp-content\/uploads\/2018\/03\/Photo-by-Tyler-Strobl-174x131.jpg 174w, https:\/\/rioonwatch.org.br\/wp-content\/uploads\/2018\/03\/Photo-by-Tyler-Strobl-300x225.jpg 300w, https:\/\/rioonwatch.org.br\/wp-content\/uploads\/2018\/03\/Photo-by-Tyler-Strobl-70x53.jpg 70w, https:\/\/rioonwatch.org.br\/wp-content\/uploads\/2018\/03\/Photo-by-Tyler-Strobl.jpg 1000w\" sizes=\"(max-width: 620px) 100vw, 620px\" \/><\/a><\/p>\n<p><span style=\"font-weight: 400;\">Tr\u00eas objetivos estrat\u00e9gicos principais movem o trabalho da Comiss\u00e3o de Moradores: resistir as amea\u00e7as de remo\u00e7\u00e3o, promover melhorias internas na comunidade e\u00a0<a href=\"http:\/\/bit.ly\/104CmUd\" target=\"_blank\" rel=\"noopener\">demandar urbaniza\u00e7\u00f5es<\/a> em Indiana com a regula\u00e7\u00e3o dos servi\u00e7os p\u00fablicos. O grupo trabalha em dire\u00e7\u00e3o a esses objetivos ao informar os moradores sobre o que est\u00e1 acontecendo pelo Rio, especificamente em rela\u00e7\u00e3o \u00e0s remo\u00e7\u00f5es, mas tocam em todas as quest\u00f5es relevantes \u00e0s favelas. <\/span><\/p>\n<p><span style=\"font-weight: 400;\">A comiss\u00e3o sedia f\u00f3runs e debates, trabalha com outras organiza\u00e7\u00f5es, prov\u00ea servi\u00e7os aos moradores e atua de olhos vivos. Desde fevereiro de 2018, a comiss\u00e3o ganhou tr\u00eas processos judiciais contra os esfor\u00e7os da prefeitura para progredir com as remo\u00e7\u00f5es e est\u00e1 esperando por mais um em andamento. Em momentos em que as amea\u00e7as contra Indiana se acalmaram, a comiss\u00e3o continuou ativa. \u201c\u00c9 uma coisa para se estudar, \u00e9 uma coisa que o Estado tem que rever. Remo\u00e7\u00e3o realmente faz bem? At\u00e9 quando remo\u00e7\u00e3o faz bem? At\u00e9 quando isolar os moradores da favela faz bem para a sociedade?&#8221; In\u00eas perguntou. \u201cFavelas fazem parte da cidade, ent\u00e3o urbanizar \u00e9 preciso, \u00e9 necess\u00e1rio, urgente, mas deve ser [feito de forma] eficaz, econ\u00f4mica, social, humana, menos agressiva. A comiss\u00e3o tem esse papel de aprender com sangue, suor e l\u00e1grimas.&#8221;<\/span><\/p>\n<p><a href=\"http:\/\/rioonwatch.org.br\/wp-content\/uploads\/2018\/03\/IMG_2191-e1517944662374.jpg\"><img loading=\"lazy\" decoding=\"async\" class=\"aligncenter wp-image-31821 size-medium\" title=\"Foto por Tyler Strobl\" src=\"http:\/\/rioonwatch.org.br\/wp-content\/uploads\/2018\/03\/IMG_2191-e1517944662374-620x465.jpg\" alt=\"\" width=\"620\" height=\"465\" srcset=\"https:\/\/rioonwatch.org.br\/wp-content\/uploads\/2018\/03\/IMG_2191-e1517944662374-620x465.jpg 620w, https:\/\/rioonwatch.org.br\/wp-content\/uploads\/2018\/03\/IMG_2191-e1517944662374-352x264.jpg 352w, https:\/\/rioonwatch.org.br\/wp-content\/uploads\/2018\/03\/IMG_2191-e1517944662374-768x576.jpg 768w, https:\/\/rioonwatch.org.br\/wp-content\/uploads\/2018\/03\/IMG_2191-e1517944662374-174x131.jpg 174w, https:\/\/rioonwatch.org.br\/wp-content\/uploads\/2018\/03\/IMG_2191-e1517944662374-300x225.jpg 300w, https:\/\/rioonwatch.org.br\/wp-content\/uploads\/2018\/03\/IMG_2191-e1517944662374-70x53.jpg 70w, https:\/\/rioonwatch.org.br\/wp-content\/uploads\/2018\/03\/IMG_2191-e1517944662374.jpg 1000w\" sizes=\"(max-width: 620px) 100vw, 620px\" \/><\/a><\/p>\n<h3><strong>A luta continua<\/strong><\/h3>\n<p><span style=\"font-weight: 400;\">Em 2009, o ent\u00e3o Secret\u00e1rio Municipal de Habita\u00e7\u00e3o, <a href=\"http:\/\/bit.ly\/1euu1QU\" target=\"_blank\" rel=\"noopener\">Jorge Bittar, constatou<\/a>: \u201cO que garante que dessa vez a remo\u00e7\u00e3o da Indiana saia do papel \u00e9 que temos recursos em abund\u00e2ncia\u201d. Hoje, moradores permanecem constantemente cansados das amea\u00e7as de remo\u00e7\u00e3o. Antes das \u00faltimas not\u00edcias sobre o \u00faltimo recurso bem sucedido da prefeitura, Hip\u00f3lito disse: \u201c<\/span>Eu estou achando que essa prefeitura est\u00e1 vindo no mesmo passo\u00a0<span style=\"font-weight: 400;\">[que a \u00faltima administra\u00e7\u00e3o, pressionando para a remo\u00e7\u00e3o]<\/span>, e s\u00f3 n\u00e3o fez mais, no meu entender, <span style=\"font-weight: 400;\">[apenas]\u00a0<\/span>porque n\u00e3o tem verba, n\u00e3o tem capital&#8221;.<\/p>\n<p><span style=\"font-weight: 400;\">Em janeiro, o <a href=\"http:\/\/bit.ly\/2cIlnDw\" target=\"_blank\" rel=\"noopener\">Prefeito Marcelo Crivella<\/a> visitou o bairro vizinho do Borel e a Comiss\u00e3o dos Moradores apresentou a ele suas demandas, que comportam em grande parte urbaniza\u00e7\u00f5es humanas da comunidade, sem remo\u00e7\u00f5es. Enquanto a visita de Crivella foi necess\u00e1ria e um passo positivo, os moradores dizem que tudo tem que ser acompanhado por a\u00e7\u00f5es realmente lideradas pela comunidade. Na verdade, muitas autoridades da prefeitura visitaram Indiana no passado&#8211;em um discurso na comunidade em 2013, o ent\u00e3o Prefeito Eduardo Paes ainda declarou publicamente que <a href=\"http:\/\/bit.ly\/1euu1QU\" target=\"_blank\" rel=\"noopener\">ele nunca solicitou a remo\u00e7\u00e3o de Indiana<\/a>&#8211;ainda assim, n\u00e3o houveram muitos resultados positivos ou concretos desses encontros. \u201c<\/span>Na realidade, quando a gente olha com um olhar mais profundo, urbanizar <span style=\"font-weight: 400;\"> [a cidade]\u00a0<\/span>deles \u00e9 remover. Mais uma vez mudou a prefeitura, mudou a gest\u00e3o, e o pacote de <a href=\"http:\/\/bit.ly\/1rKFP6K\" target=\"_blank\" rel=\"noopener\">habita\u00e7\u00e3o<\/a> vem pronto para as comunidades. A Secretaria Municipal de Habita\u00e7\u00e3o, <a href=\"http:\/\/bit.ly\/1rOePGu\" target=\"_blank\" rel=\"noopener\">n\u00e3o vem perguntar \u00e0 gente<\/a> como queremos nossa moradia<span style=\"font-weight: 400;\">\u201d, declarou In\u00eas.<\/span><\/p>\n<p><span style=\"font-weight: 400;\">De fato, no primeiro ano de Crivella no governo houveram\u00a0<a href=\"http:\/\/bit.ly\/2zPcWTe\" target=\"_blank\" rel=\"noopener\">numerosas amea\u00e7as de remo\u00e7\u00f5es<\/a> e apesar de sua administra\u00e7\u00e3o ter <a href=\"http:\/\/bit.ly\/2A11LEt\" target=\"_blank\" rel=\"noopener\">prometido que n\u00e3o haveriam remo\u00e7\u00f5es<\/a>, moradores de comunidades amea\u00e7adas permanecem c\u00e9ticos e alertas. Muitos na comunidade acreditam que ter\u00e3o mais remo\u00e7\u00f5es assim que a prefeitura sair da <a href=\"http:\/\/bit.ly\/2nkARVG\" target=\"_blank\" rel=\"noopener\">crise financeira<\/a>. O <a href=\"http:\/\/bit.ly\/2tWrpKW\" target=\"_blank\" rel=\"noopener\">Plano Estrat\u00e9gico<\/a> da prefeitura promete que mais de 14.000 casas na regi\u00e3o da grande Tijuca&#8211;\u00e1rea que inclui Indiana e o Borel&#8211;ser\u00e3o removidas em uma tentativa de garantir seguran\u00e7a para os moradores do Rio, o que pode servir de justificativa para aumentar as campanhas de remo\u00e7\u00e3o.<\/span><\/p>\n<p><a href=\"http:\/\/rioonwatch.org.br\/wp-content\/uploads\/2018\/03\/IMG_2187-e1517944703251.jpg\"><img loading=\"lazy\" decoding=\"async\" class=\"aligncenter wp-image-31828 size-medium\" title=\"Foto por Tyler Strobl\" src=\"http:\/\/rioonwatch.org.br\/wp-content\/uploads\/2018\/03\/IMG_2187-e1517944703251-620x465.jpg\" alt=\"\" width=\"620\" height=\"465\" srcset=\"https:\/\/rioonwatch.org.br\/wp-content\/uploads\/2018\/03\/IMG_2187-e1517944703251-620x465.jpg 620w, https:\/\/rioonwatch.org.br\/wp-content\/uploads\/2018\/03\/IMG_2187-e1517944703251-352x264.jpg 352w, https:\/\/rioonwatch.org.br\/wp-content\/uploads\/2018\/03\/IMG_2187-e1517944703251-768x576.jpg 768w, https:\/\/rioonwatch.org.br\/wp-content\/uploads\/2018\/03\/IMG_2187-e1517944703251-1024x768.jpg 1024w, https:\/\/rioonwatch.org.br\/wp-content\/uploads\/2018\/03\/IMG_2187-e1517944703251-174x131.jpg 174w, https:\/\/rioonwatch.org.br\/wp-content\/uploads\/2018\/03\/IMG_2187-e1517944703251-300x225.jpg 300w, https:\/\/rioonwatch.org.br\/wp-content\/uploads\/2018\/03\/IMG_2187-e1517944703251-70x53.jpg 70w, https:\/\/rioonwatch.org.br\/wp-content\/uploads\/2018\/03\/IMG_2187-e1517944703251.jpg 1500w\" sizes=\"(max-width: 620px) 100vw, 620px\" \/><\/a><\/p>\n<p><span style=\"font-weight: 400;\">A amea\u00e7a est\u00e1 l\u00e1, mas os moradores de Indiana est\u00e3o prontos&#8211;consci\u00eancia da amea\u00e7a e sobre as potenciais justificativas da prefeitura&#8211;organizados e experientes. Junto das <a href=\"http:\/\/bit.ly\/2BQdjev\" target=\"_blank\" rel=\"noopener\">comunidades mais novas nessa quest\u00e3o de amea\u00e7as de remo\u00e7\u00e3o<\/a>, eles constituem parte da\u00a0<\/span><a href=\"http:\/\/bit.ly\/2BQdjev\" target=\"_blank\" rel=\"noopener\">Frente Parlamentar Contra Remo\u00e7\u00f5es<\/a><span style=\"font-weight: 400;\">, formada no \u00faltimo m\u00eas de novembro. Muitas outras comunidades copiaram as a\u00e7\u00f5es tomadas pela comiss\u00e3o e t\u00eam sido bem sucedidas na luta contra ou no adiamento de remo\u00e7\u00f5es, e o movimento como um todo \u00e9 mais forte por conta desse exemplo. Como Hip\u00f3lito coloca: \u201c<b><\/b><\/span>Vamos vencer, vamos vencer&#8221;.<\/p>\n<p><span style=\"font-weight: 400;\">A comunidade planeja realizar um f\u00f3rum aberto na Funda\u00e7\u00e3o S\u00e3o Joaquim, na Tijuca, no dia 12 de abril \u00e0s 18h. A comiss\u00e3o convidou o Prefeito Crivella e muitos outros pol\u00edticos do Rio em uma tentativa de criar uma discuss\u00e3o positiva e proativa sobre os problemas enfrentados por Indiana e por outras comunidades da regi\u00e3o metropolitana. Todos est\u00e3o convidados.<\/span><\/p>\n<p><a href=\"http:\/\/rioonwatch.org.br\/wp-content\/uploads\/2018\/03\/IMG_2194-e1517944727208.jpg\"><img loading=\"lazy\" decoding=\"async\" class=\"aligncenter wp-image-31832 size-medium\" title=\"Foto por Tyler Strobl\" src=\"http:\/\/rioonwatch.org.br\/wp-content\/uploads\/2018\/03\/IMG_2194-e1517944727208-620x465.jpg\" alt=\"\" width=\"620\" height=\"465\" srcset=\"https:\/\/rioonwatch.org.br\/wp-content\/uploads\/2018\/03\/IMG_2194-e1517944727208-620x465.jpg 620w, https:\/\/rioonwatch.org.br\/wp-content\/uploads\/2018\/03\/IMG_2194-e1517944727208-352x264.jpg 352w, https:\/\/rioonwatch.org.br\/wp-content\/uploads\/2018\/03\/IMG_2194-e1517944727208-768x576.jpg 768w, https:\/\/rioonwatch.org.br\/wp-content\/uploads\/2018\/03\/IMG_2194-e1517944727208-1024x768.jpg 1024w, https:\/\/rioonwatch.org.br\/wp-content\/uploads\/2018\/03\/IMG_2194-e1517944727208-174x131.jpg 174w, https:\/\/rioonwatch.org.br\/wp-content\/uploads\/2018\/03\/IMG_2194-e1517944727208-300x225.jpg 300w, https:\/\/rioonwatch.org.br\/wp-content\/uploads\/2018\/03\/IMG_2194-e1517944727208-70x53.jpg 70w, https:\/\/rioonwatch.org.br\/wp-content\/uploads\/2018\/03\/IMG_2194-e1517944727208.jpg 1500w\" sizes=\"(max-width: 620px) 100vw, 620px\" \/><\/a><\/p>\n<!-- AddThis Advanced Settings generic via filter on the_content --><!-- AddThis Share Buttons generic via filter on the_content -->","protected":false},"excerpt":{"rendered":"<div class=\"mh-excerpt\"><p>Click Here for English Aos p\u00e9s do morro do Borel no bairro da Tijuca na Zona Norte do Rio encontra-se a unida e humilde comunidade de Indiana, uma favela encantadora que cresceu, chegando a abrigar <a class=\"mh-excerpt-more\" href=\"https:\/\/rioonwatch.org.br\/?p=31800\" title=\"Indiana, na Tijuca, Se Apronta Para Resistir Nova Amea\u00e7a de Remo\u00e7\u00e3o\">[&#8230;]<\/a><!-- AddThis Advanced Settings generic via filter on get_the_excerpt --><!-- AddThis Share Buttons generic via filter on get_the_excerpt --><\/p>\n<\/div>","protected":false},"author":129,"featured_media":31806,"comment_status":"closed","ping_status":"closed","sticky":false,"template":"","format":"standard","meta":{"_acf_changed":false,"_monsterinsights_skip_tracking":false,"_monsterinsights_sitenote_active":false,"_monsterinsights_sitenote_note":"","_monsterinsights_sitenote_category":0,"footnotes":""},"categories":[2089,1614,1621,1626],"tags":[911,704,90,424,484,396,2548,746,1982,246,1151,1037,358,86,14,432,258,1367,218],"writer":[2133],"translator":[1862],"source":[],"ilustrador":[],"fotografo":[],"class_list":{"0":"post-31800","1":"post","2":"type-post","3":"status-publish","4":"format-standard","5":"has-post-thumbnail","7":"category-monitoramento","8":"category-olhonasremocoes","9":"category-destaque","10":"category-por-observadores-internacionais","11":"tag-area-de-risco","12":"tag-borel","13":"tag-defensoria-publica","14":"tag-direito-a-moradia","15":"tag-prefeito-eduardo-paes","16":"tag-especulacao-imobiliaria","17":"tag-igreja-catolica","18":"tag-indiana","19":"tag-marcelo-crivella","20":"tag-minha-casa-minha-vida","21":"tag-organizacao","22":"tag-moradia","23":"tag-organizacao-comunitaria","24":"tag-pastoral-de-favelas","25":"tag-remocao","26":"tag-resistencia","27":"tag-smh","28":"tag-taticas-de-remocao-dividir-para-conquistar","29":"tag-zona-norte","30":"writer-tyler-strobl","31":"translator-caroline-quintanilha"},"acf":[],"yoast_head":"<!-- This site is optimized with the Yoast SEO plugin v25.6 - https:\/\/yoast.com\/wordpress\/plugins\/seo\/ -->\n<title>Indiana, na Tijuca, Se Apronta Para Resistir Nova Amea\u00e7a de Remo\u00e7\u00e3o - RioOnWatch<\/title>\n<meta name=\"robots\" content=\"index, follow, max-snippet:-1, max-image-preview:large, max-video-preview:-1\" \/>\n<link rel=\"canonical\" href=\"https:\/\/rioonwatch.org.br\/?p=31800\" \/>\n<meta property=\"og:locale\" content=\"pt_BR\" \/>\n<meta property=\"og:type\" content=\"article\" \/>\n<meta property=\"og:title\" content=\"Indiana, na Tijuca, Se Apronta Para Resistir Nova Amea\u00e7a de Remo\u00e7\u00e3o - RioOnWatch\" \/>\n<meta property=\"og:description\" content=\"Click Here for English Aos p\u00e9s do morro do Borel no bairro da Tijuca na Zona Norte do Rio encontra-se a unida e humilde comunidade de Indiana, uma favela encantadora que cresceu, chegando a abrigar [...]\" \/>\n<meta property=\"og:url\" content=\"https:\/\/rioonwatch.org.br\/?p=31800\" \/>\n<meta property=\"og:site_name\" content=\"RioOnWatch\" \/>\n<meta property=\"article:published_time\" content=\"2018-03-15T10:08:04+00:00\" \/>\n<meta property=\"article:modified_time\" content=\"2026-04-14T13:00:49+00:00\" \/>\n<meta property=\"og:image\" content=\"https:\/\/rioonwatch.org.br\/wp-content\/uploads\/2018\/03\/IMG_2185-scaled.jpg\" \/>\n\t<meta property=\"og:image:width\" content=\"2560\" \/>\n\t<meta property=\"og:image:height\" content=\"1920\" \/>\n\t<meta property=\"og:image:type\" content=\"image\/jpeg\" \/>\n<meta name=\"author\" content=\"Admin\" \/>\n<meta name=\"twitter:card\" content=\"summary_large_image\" \/>\n<meta name=\"twitter:label1\" content=\"Escrito por\" \/>\n\t<meta name=\"twitter:data1\" content=\"Admin\" \/>\n\t<meta name=\"twitter:label2\" content=\"Est. tempo de leitura\" \/>\n\t<meta name=\"twitter:data2\" content=\"8 minutos\" \/>\n<script type=\"application\/ld+json\" class=\"yoast-schema-graph\">{\"@context\":\"https:\/\/schema.org\",\"@graph\":[{\"@type\":\"Article\",\"@id\":\"https:\/\/rioonwatch.org.br\/?p=31800#article\",\"isPartOf\":{\"@id\":\"https:\/\/rioonwatch.org.br\/?p=31800\"},\"author\":{\"name\":\"Admin\",\"@id\":\"https:\/\/rioonwatch.org.br\/#\/schema\/person\/11d64c290506f9df50c71b850c473f68\"},\"headline\":\"Indiana, na Tijuca, Se Apronta Para Resistir Nova Amea\u00e7a de Remo\u00e7\u00e3o\",\"datePublished\":\"2018-03-15T10:08:04+00:00\",\"dateModified\":\"2026-04-14T13:00:49+00:00\",\"mainEntityOfPage\":{\"@id\":\"https:\/\/rioonwatch.org.br\/?p=31800\"},\"wordCount\":1696,\"publisher\":{\"@id\":\"https:\/\/rioonwatch.org.br\/#organization\"},\"image\":{\"@id\":\"https:\/\/rioonwatch.org.br\/?p=31800#primaryimage\"},\"thumbnailUrl\":\"https:\/\/rioonwatch.org.br\/wp-content\/uploads\/2018\/03\/IMG_2185-scaled.jpg\",\"keywords\":[\"\\\"\u00e1rea de risco\\\"\",\"Borel\",\"Defensoria P\u00fablica\",\"Direito \u00e0 Moradia\",\"Eduardo Paes\",\"especula\u00e7\u00e3o imobili\u00e1ria\",\"Igreja Cat\u00f3lica\",\"Indiana\",\"Marcelo Crivella\",\"Minha Casa Minha Vida\",\"mobiliza\u00e7\u00e3o\",\"moradia\",\"organiza\u00e7\u00e3o comunit\u00e1ria\",\"Pastoral das Favelas\",\"Remo\u00e7\u00e3o\",\"resist\u00eancia\",\"Secretaria Municipal de Habita\u00e7\u00e3o (SMH)\",\"T\u00e1ticas de remo\u00e7\u00e3o: dividir para conquistar\",\"Zona Norte\"],\"articleSection\":[\"#Monitoramento\",\"#OlhoNasRemo\u00e7\u00f5es\",\"*Destaque\",\"Escrito por Aliados\"],\"inLanguage\":\"pt-BR\"},{\"@type\":\"WebPage\",\"@id\":\"https:\/\/rioonwatch.org.br\/?p=31800\",\"url\":\"https:\/\/rioonwatch.org.br\/?p=31800\",\"name\":\"Indiana, na Tijuca, Se Apronta Para Resistir Nova Amea\u00e7a de Remo\u00e7\u00e3o - RioOnWatch\",\"isPartOf\":{\"@id\":\"https:\/\/rioonwatch.org.br\/#website\"},\"primaryImageOfPage\":{\"@id\":\"https:\/\/rioonwatch.org.br\/?p=31800#primaryimage\"},\"image\":{\"@id\":\"https:\/\/rioonwatch.org.br\/?p=31800#primaryimage\"},\"thumbnailUrl\":\"https:\/\/rioonwatch.org.br\/wp-content\/uploads\/2018\/03\/IMG_2185-scaled.jpg\",\"datePublished\":\"2018-03-15T10:08:04+00:00\",\"dateModified\":\"2026-04-14T13:00:49+00:00\",\"breadcrumb\":{\"@id\":\"https:\/\/rioonwatch.org.br\/?p=31800#breadcrumb\"},\"inLanguage\":\"pt-BR\",\"potentialAction\":[{\"@type\":\"ReadAction\",\"target\":[\"https:\/\/rioonwatch.org.br\/?p=31800\"]}]},{\"@type\":\"ImageObject\",\"inLanguage\":\"pt-BR\",\"@id\":\"https:\/\/rioonwatch.org.br\/?p=31800#primaryimage\",\"url\":\"https:\/\/rioonwatch.org.br\/wp-content\/uploads\/2018\/03\/IMG_2185-scaled.jpg\",\"contentUrl\":\"https:\/\/rioonwatch.org.br\/wp-content\/uploads\/2018\/03\/IMG_2185-scaled.jpg\",\"width\":2560,\"height\":1920},{\"@type\":\"BreadcrumbList\",\"@id\":\"https:\/\/rioonwatch.org.br\/?p=31800#breadcrumb\",\"itemListElement\":[{\"@type\":\"ListItem\",\"position\":1,\"name\":\"In\u00edcio\",\"item\":\"https:\/\/rioonwatch.org.br\/\"},{\"@type\":\"ListItem\",\"position\":2,\"name\":\"Indiana, na Tijuca, Se Apronta Para Resistir Nova Amea\u00e7a de Remo\u00e7\u00e3o\"}]},{\"@type\":\"WebSite\",\"@id\":\"https:\/\/rioonwatch.org.br\/#website\",\"url\":\"https:\/\/rioonwatch.org.br\/\",\"name\":\"RioOnWatch\",\"description\":\"relatos das favelas cariocas\",\"publisher\":{\"@id\":\"https:\/\/rioonwatch.org.br\/#organization\"},\"potentialAction\":[{\"@type\":\"SearchAction\",\"target\":{\"@type\":\"EntryPoint\",\"urlTemplate\":\"https:\/\/rioonwatch.org.br\/?s={search_term_string}\"},\"query-input\":{\"@type\":\"PropertyValueSpecification\",\"valueRequired\":true,\"valueName\":\"search_term_string\"}}],\"inLanguage\":\"pt-BR\"},{\"@type\":\"Organization\",\"@id\":\"https:\/\/rioonwatch.org.br\/#organization\",\"name\":\"RioOnWatch\",\"url\":\"https:\/\/rioonwatch.org.br\/\",\"logo\":{\"@type\":\"ImageObject\",\"inLanguage\":\"pt-BR\",\"@id\":\"https:\/\/rioonwatch.org.br\/#\/schema\/logo\/image\/\",\"url\":\"https:\/\/rioonwatch.org.br\/wp-content\/uploads\/2021\/06\/RioOnWatchcabecalhoPT11anos-2.png\",\"contentUrl\":\"https:\/\/rioonwatch.org.br\/wp-content\/uploads\/2021\/06\/RioOnWatchcabecalhoPT11anos-2.png\",\"width\":779,\"height\":277,\"caption\":\"RioOnWatch\"},\"image\":{\"@id\":\"https:\/\/rioonwatch.org.br\/#\/schema\/logo\/image\/\"}},{\"@type\":\"Person\",\"@id\":\"https:\/\/rioonwatch.org.br\/#\/schema\/person\/11d64c290506f9df50c71b850c473f68\",\"name\":\"Admin\",\"image\":{\"@type\":\"ImageObject\",\"inLanguage\":\"pt-BR\",\"@id\":\"https:\/\/rioonwatch.org.br\/#\/schema\/person\/image\/\",\"url\":\"https:\/\/secure.gravatar.com\/avatar\/56211ac74568383903349a1485e3c325?s=96&d=blank&r=g\",\"contentUrl\":\"https:\/\/secure.gravatar.com\/avatar\/56211ac74568383903349a1485e3c325?s=96&d=blank&r=g\",\"caption\":\"Admin\"},\"url\":\"https:\/\/rioonwatch.org.br\/?author=129\"}]}<\/script>\n<!-- \/ Yoast SEO plugin. -->","yoast_head_json":{"title":"Indiana, na Tijuca, Se Apronta Para Resistir Nova Amea\u00e7a de Remo\u00e7\u00e3o - RioOnWatch","robots":{"index":"index","follow":"follow","max-snippet":"max-snippet:-1","max-image-preview":"max-image-preview:large","max-video-preview":"max-video-preview:-1"},"canonical":"https:\/\/rioonwatch.org.br\/?p=31800","og_locale":"pt_BR","og_type":"article","og_title":"Indiana, na Tijuca, Se Apronta Para Resistir Nova Amea\u00e7a de Remo\u00e7\u00e3o - RioOnWatch","og_description":"Click Here for English Aos p\u00e9s do morro do Borel no bairro da Tijuca na Zona Norte do Rio encontra-se a unida e humilde comunidade de Indiana, uma favela encantadora que cresceu, chegando a abrigar [...]","og_url":"https:\/\/rioonwatch.org.br\/?p=31800","og_site_name":"RioOnWatch","article_published_time":"2018-03-15T10:08:04+00:00","article_modified_time":"2026-04-14T13:00:49+00:00","og_image":[{"width":2560,"height":1920,"url":"https:\/\/rioonwatch.org.br\/wp-content\/uploads\/2018\/03\/IMG_2185-scaled.jpg","type":"image\/jpeg"}],"author":"Admin","twitter_card":"summary_large_image","twitter_misc":{"Escrito por":"Admin","Est. tempo de leitura":"8 minutos"},"schema":{"@context":"https:\/\/schema.org","@graph":[{"@type":"Article","@id":"https:\/\/rioonwatch.org.br\/?p=31800#article","isPartOf":{"@id":"https:\/\/rioonwatch.org.br\/?p=31800"},"author":{"name":"Admin","@id":"https:\/\/rioonwatch.org.br\/#\/schema\/person\/11d64c290506f9df50c71b850c473f68"},"headline":"Indiana, na Tijuca, Se Apronta Para Resistir Nova Amea\u00e7a de Remo\u00e7\u00e3o","datePublished":"2018-03-15T10:08:04+00:00","dateModified":"2026-04-14T13:00:49+00:00","mainEntityOfPage":{"@id":"https:\/\/rioonwatch.org.br\/?p=31800"},"wordCount":1696,"publisher":{"@id":"https:\/\/rioonwatch.org.br\/#organization"},"image":{"@id":"https:\/\/rioonwatch.org.br\/?p=31800#primaryimage"},"thumbnailUrl":"https:\/\/rioonwatch.org.br\/wp-content\/uploads\/2018\/03\/IMG_2185-scaled.jpg","keywords":["\"\u00e1rea de risco\"","Borel","Defensoria P\u00fablica","Direito \u00e0 Moradia","Eduardo Paes","especula\u00e7\u00e3o imobili\u00e1ria","Igreja Cat\u00f3lica","Indiana","Marcelo Crivella","Minha Casa Minha Vida","mobiliza\u00e7\u00e3o","moradia","organiza\u00e7\u00e3o comunit\u00e1ria","Pastoral das Favelas","Remo\u00e7\u00e3o","resist\u00eancia","Secretaria Municipal de Habita\u00e7\u00e3o (SMH)","T\u00e1ticas de remo\u00e7\u00e3o: dividir para conquistar","Zona Norte"],"articleSection":["#Monitoramento","#OlhoNasRemo\u00e7\u00f5es","*Destaque","Escrito por Aliados"],"inLanguage":"pt-BR"},{"@type":"WebPage","@id":"https:\/\/rioonwatch.org.br\/?p=31800","url":"https:\/\/rioonwatch.org.br\/?p=31800","name":"Indiana, na Tijuca, Se Apronta Para Resistir Nova Amea\u00e7a de Remo\u00e7\u00e3o - RioOnWatch","isPartOf":{"@id":"https:\/\/rioonwatch.org.br\/#website"},"primaryImageOfPage":{"@id":"https:\/\/rioonwatch.org.br\/?p=31800#primaryimage"},"image":{"@id":"https:\/\/rioonwatch.org.br\/?p=31800#primaryimage"},"thumbnailUrl":"https:\/\/rioonwatch.org.br\/wp-content\/uploads\/2018\/03\/IMG_2185-scaled.jpg","datePublished":"2018-03-15T10:08:04+00:00","dateModified":"2026-04-14T13:00:49+00:00","breadcrumb":{"@id":"https:\/\/rioonwatch.org.br\/?p=31800#breadcrumb"},"inLanguage":"pt-BR","potentialAction":[{"@type":"ReadAction","target":["https:\/\/rioonwatch.org.br\/?p=31800"]}]},{"@type":"ImageObject","inLanguage":"pt-BR","@id":"https:\/\/rioonwatch.org.br\/?p=31800#primaryimage","url":"https:\/\/rioonwatch.org.br\/wp-content\/uploads\/2018\/03\/IMG_2185-scaled.jpg","contentUrl":"https:\/\/rioonwatch.org.br\/wp-content\/uploads\/2018\/03\/IMG_2185-scaled.jpg","width":2560,"height":1920},{"@type":"BreadcrumbList","@id":"https:\/\/rioonwatch.org.br\/?p=31800#breadcrumb","itemListElement":[{"@type":"ListItem","position":1,"name":"In\u00edcio","item":"https:\/\/rioonwatch.org.br\/"},{"@type":"ListItem","position":2,"name":"Indiana, na Tijuca, Se Apronta Para Resistir Nova Amea\u00e7a de Remo\u00e7\u00e3o"}]},{"@type":"WebSite","@id":"https:\/\/rioonwatch.org.br\/#website","url":"https:\/\/rioonwatch.org.br\/","name":"RioOnWatch","description":"relatos das favelas cariocas","publisher":{"@id":"https:\/\/rioonwatch.org.br\/#organization"},"potentialAction":[{"@type":"SearchAction","target":{"@type":"EntryPoint","urlTemplate":"https:\/\/rioonwatch.org.br\/?s={search_term_string}"},"query-input":{"@type":"PropertyValueSpecification","valueRequired":true,"valueName":"search_term_string"}}],"inLanguage":"pt-BR"},{"@type":"Organization","@id":"https:\/\/rioonwatch.org.br\/#organization","name":"RioOnWatch","url":"https:\/\/rioonwatch.org.br\/","logo":{"@type":"ImageObject","inLanguage":"pt-BR","@id":"https:\/\/rioonwatch.org.br\/#\/schema\/logo\/image\/","url":"https:\/\/rioonwatch.org.br\/wp-content\/uploads\/2021\/06\/RioOnWatchcabecalhoPT11anos-2.png","contentUrl":"https:\/\/rioonwatch.org.br\/wp-content\/uploads\/2021\/06\/RioOnWatchcabecalhoPT11anos-2.png","width":779,"height":277,"caption":"RioOnWatch"},"image":{"@id":"https:\/\/rioonwatch.org.br\/#\/schema\/logo\/image\/"}},{"@type":"Person","@id":"https:\/\/rioonwatch.org.br\/#\/schema\/person\/11d64c290506f9df50c71b850c473f68","name":"Admin","image":{"@type":"ImageObject","inLanguage":"pt-BR","@id":"https:\/\/rioonwatch.org.br\/#\/schema\/person\/image\/","url":"https:\/\/secure.gravatar.com\/avatar\/56211ac74568383903349a1485e3c325?s=96&d=blank&r=g","contentUrl":"https:\/\/secure.gravatar.com\/avatar\/56211ac74568383903349a1485e3c325?s=96&d=blank&r=g","caption":"Admin"},"url":"https:\/\/rioonwatch.org.br\/?author=129"}]}},"_links":{"self":[{"href":"https:\/\/rioonwatch.org.br\/index.php?rest_route=\/wp\/v2\/posts\/31800"}],"collection":[{"href":"https:\/\/rioonwatch.org.br\/index.php?rest_route=\/wp\/v2\/posts"}],"about":[{"href":"https:\/\/rioonwatch.org.br\/index.php?rest_route=\/wp\/v2\/types\/post"}],"author":[{"embeddable":true,"href":"https:\/\/rioonwatch.org.br\/index.php?rest_route=\/wp\/v2\/users\/129"}],"replies":[{"embeddable":true,"href":"https:\/\/rioonwatch.org.br\/index.php?rest_route=%2Fwp%2Fv2%2Fcomments&post=31800"}],"version-history":[{"count":29,"href":"https:\/\/rioonwatch.org.br\/index.php?rest_route=\/wp\/v2\/posts\/31800\/revisions"}],"predecessor-version":[{"id":31841,"href":"https:\/\/rioonwatch.org.br\/index.php?rest_route=\/wp\/v2\/posts\/31800\/revisions\/31841"}],"wp:featuredmedia":[{"embeddable":true,"href":"https:\/\/rioonwatch.org.br\/index.php?rest_route=\/wp\/v2\/media\/31806"}],"wp:attachment":[{"href":"https:\/\/rioonwatch.org.br\/index.php?rest_route=%2Fwp%2Fv2%2Fmedia&parent=31800"}],"wp:term":[{"taxonomy":"category","embeddable":true,"href":"https:\/\/rioonwatch.org.br\/index.php?rest_route=%2Fwp%2Fv2%2Fcategories&post=31800"},{"taxonomy":"post_tag","embeddable":true,"href":"https:\/\/rioonwatch.org.br\/index.php?rest_route=%2Fwp%2Fv2%2Ftags&post=31800"},{"taxonomy":"writer","embeddable":true,"href":"https:\/\/rioonwatch.org.br\/index.php?rest_route=%2Fwp%2Fv2%2Fwriter&post=31800"},{"taxonomy":"translator","embeddable":true,"href":"https:\/\/rioonwatch.org.br\/index.php?rest_route=%2Fwp%2Fv2%2Ftranslator&post=31800"},{"taxonomy":"source","embeddable":true,"href":"https:\/\/rioonwatch.org.br\/index.php?rest_route=%2Fwp%2Fv2%2Fsource&post=31800"},{"taxonomy":"ilustrador","embeddable":true,"href":"https:\/\/rioonwatch.org.br\/index.php?rest_route=%2Fwp%2Fv2%2Filustrador&post=31800"},{"taxonomy":"fotografo","embeddable":true,"href":"https:\/\/rioonwatch.org.br\/index.php?rest_route=%2Fwp%2Fv2%2Ffotografo&post=31800"}],"curies":[{"name":"wp","href":"https:\/\/api.w.org\/{rel}","templated":true}]}}