{"id":31990,"date":"2018-03-27T18:07:54","date_gmt":"2018-03-27T21:07:54","guid":{"rendered":"http:\/\/rioonwatch.org.br\/?p=31990"},"modified":"2021-10-01T13:02:39","modified_gmt":"2021-10-01T16:02:39","slug":"nesta-sexta-26a-edicao-da-via-sacra-da-rocinha-a-crucificacao-social-do-favelado","status":"publish","type":"post","link":"https:\/\/rioonwatch.org.br\/?p=31990","title":{"rendered":"Nesta Sexta, 26\u00aa Edi\u00e7\u00e3o da Via Sacra da Rocinha: A Crucifica\u00e7\u00e3o Social do Favelado"},"content":{"rendered":"<p style=\"text-align: right;\"><em><strong><a href=\"http:\/\/bit.ly\/2GhP8aD\" target=\"_blank\" rel=\"noopener noreferrer\">Click Here for English<img decoding=\"async\" width=\"20\" height=\"20\" class=\"alignright wp-image-15790\" src=\"http:\/\/rioonwatch.org.br\/wp-content\/uploads\/2012\/08\/EN-standard-e1439583104716.jpg\" \/><\/a><\/strong><\/em><\/p>\n<p>A Via Sacra da Rocinha foi idealizada por Aur\u00e9lio Mesquita&#8211;ex-diretor da encena\u00e7\u00e3o&#8211;que ao ter contato com o livro\u00a0<em><a href=\"http:\/\/bit.ly\/2GcGv1a\" target=\"_blank\" rel=\"noopener\">O homem de Nazar\u00e9 &#8211; a Via Sacra de Hoje<\/a>,\u00a0<\/em>de Jos\u00e9 Maria Rodrigues, imaginou a possibilidade de realizar a encena\u00e7\u00e3o nas ruas da <a href=\"http:\/\/bit.ly\/16w2zz1\" target=\"_blank\" rel=\"noopener\">Rocinha<\/a> em um espet\u00e1culo que atendesse a proposta do autor de contextualizar a hist\u00f3ria da paix\u00e3o e morte de Cristo com temas comum \u00e0 nossa sociedade. Para colocar em pr\u00e1tica essa ideia, Aur\u00e9lio convidou amigos e atores amadores da pr\u00f3pria comunidade que, junto a ele, montaram e encenaram a primeira edi\u00e7\u00e3o da Via Sacra no ano de 1992.<\/p>\n<p>Assim surgiu um espet\u00e1culo no formato de teatro de rua, que, a partir de ent\u00e3o, passou a ser encenado toda sexta-feira santa na favela da Rocinha, pelos pr\u00f3prios moradores da comunidade.<\/p>\n<p>No decorrer dos anos, essa ideia que surgiu de forma despretensiosa foi crescendo e tornou-se um projeto art\u00edstico-cultural expressivo da Rocinha. O espet\u00e1culo, que acontece apenas uma vez por ano, passou a reunir muitos espectadores conforme foi virando uma tradi\u00e7\u00e3o para a comunidade. Ao mesmo tempo, a montagem da pe\u00e7a mobilizava diferentes pessoas e grupos de teatro, atuantes na Rocinha, para sua realiza\u00e7\u00e3o em cada edi\u00e7\u00e3o.<\/p>\n<p>No ano 2015, um projeto de lei do vereador Paulo Pinheiro foi promulgado, declarando a <a href=\"http:\/\/bit.ly\/1YFqDIM\" target=\"_blank\" rel=\"noopener\">Via Sacra da Rocinha como Patrim\u00f4nio Cultural Imaterial<\/a> da Cidade do Rio de Janeiro&#8211;reconhecimento que coloca em evid\u00eancia sua import\u00e2ncia como teatro de rua e manifesta\u00e7\u00e3o <a href=\"http:\/\/bit.ly\/1a1M6kK\" target=\"_blank\" rel=\"noopener\">cultural de favela<\/a>.<\/p>\n<p><a href=\"http:\/\/rioonwatch.org.br\/wp-content\/uploads\/2018\/03\/Via-Sacra-da-Rocnha-Leandro-Lima-2.jpg\"><img fetchpriority=\"high\" decoding=\"async\" class=\"aligncenter wp-image-31999 size-content\" title=\"Via Sacra da Rocinha 2017 - Foto por Leandro Lima\" src=\"http:\/\/rioonwatch.org.br\/wp-content\/uploads\/2018\/03\/Via-Sacra-da-Rocnha-Leandro-Lima-2-620x264.jpg\" alt=\"\" width=\"620\" height=\"264\" srcset=\"https:\/\/rioonwatch.org.br\/wp-content\/uploads\/2018\/03\/Via-Sacra-da-Rocnha-Leandro-Lima-2-620x264.jpg 620w, https:\/\/rioonwatch.org.br\/wp-content\/uploads\/2018\/03\/Via-Sacra-da-Rocnha-Leandro-Lima-2-940x400.jpg 940w\" sizes=\"(max-width: 620px) 100vw, 620px\" \/><\/a><\/p>\n<p>Um dos elementos importantes da Via Sacra \u00e9 a Companhia de Teatro\u00a0<a href=\"http:\/\/bit.ly\/2pHxl6B\" target=\"_blank\" rel=\"noopener\">Ro\u00e7a Ca\u00e7acultura<\/a>. Sua hist\u00f3ria se confunde um pouco com a da Via Sacra, pois \u00e9 outro movimento cultural que surgiu por influ\u00eancia do Aur\u00e9lio Mesquita.<\/p>\n<p>Em 1997 Aur\u00e9lio deu uma oficina de teatro no CIEP Ayrton Senna, escola que atende majoritariamente pessoas da Rocinha. Dessa oficina foi criada uma pe\u00e7a chamada <a href=\"http:\/\/bit.ly\/2pHLYGS\" target=\"_blank\" rel=\"noopener\">Fragmentos da Ro\u00e7a<\/a>, que foi constru\u00edda a partir da pesquisa feita pelos jovens e adolescentes que participavam das oficinas, sobre a hist\u00f3ria e costumes da Rocinha.<\/p>\n<p>Essa pe\u00e7a deu origem ao Ro\u00e7a Ca\u00e7acultura, que entre outras atividades passou a integrar o elenco da Via Sacra da Rocinha.<\/p>\n<p>Aur\u00e9lio Mesquita ficou a frente da dire\u00e7\u00e3o art\u00edstica da Via Sacra at\u00e9 o ano de 2016, quando se mudou da Rocinha. Assumiu em seu lugar Robson Melo, que teve a dif\u00edcil miss\u00e3o de preparar o elenco, em pouco mais de uma semana, para a <a href=\"http:\/\/bit.ly\/2Gd8QIw\" target=\"_blank\" rel=\"noopener\">edi\u00e7\u00e3o comemorativa de 25 anos<\/a> da Via Sacra da Rocinha, no ano de 2017.<\/p>\n<p>Robson iniciou sua trajet\u00f3ria no teatro atrav\u00e9s da Cia Ro\u00e7a Ca\u00e7acultura, vindo, posteriormente, participar da Via Sacra como ator, produtor e, desde o ano passado, diretor art\u00edstico.<\/p>\n<h3>Via Sacra da Rocinha &#8211; 2018<\/h3>\n<p style=\"font-weight: 400;\">Respons\u00e1vel por promover o maior espet\u00e1culo teatral a c\u00e9u aberto da cidade do Rio de Janeiro, a Cia de Teatro Ro\u00e7a Ca\u00e7acultura anuncia a realiza\u00e7\u00e3o da <a href=\"http:\/\/bit.ly\/2GeRffs\" target=\"_blank\" rel=\"noopener\">26\u00aa edi\u00e7\u00e3o da Via Sacra da Rocinha<\/a>, que acontecer\u00e1 no dia 30 de mar\u00e7o.<\/p>\n<p style=\"font-weight: 400;\">Com o protagonismo dos moradores da comunidade&#8211;que integram produ\u00e7\u00e3o, elenco, dire\u00e7\u00e3o art\u00edstica e executiva, a Via Sacra mais uma vez tomar\u00e1 as ruas da Rocinha como cen\u00e1rio, para contextualizar a paix\u00e3o e morte de Jesus Cristo com temas que refletem, principalmente, os casos de crucifica\u00e7\u00e3o social que acontecem em nossa sociedade.<\/p>\n<p><a href=\"http:\/\/rioonwatch.org.br\/wp-content\/uploads\/2018\/03\/Via-Sacra-da-Rocnha-Leandro-Lima-1ok-1.jpg\"><img decoding=\"async\" class=\"aligncenter wp-image-32005 size-content\" title=\"Via Sacra da Rocinha 2017 - Foto por Leandro Lima\" src=\"http:\/\/rioonwatch.org.br\/wp-content\/uploads\/2018\/03\/Via-Sacra-da-Rocnha-Leandro-Lima-1ok-1-620x264.jpg\" alt=\"\" width=\"620\" height=\"264\" srcset=\"https:\/\/rioonwatch.org.br\/wp-content\/uploads\/2018\/03\/Via-Sacra-da-Rocnha-Leandro-Lima-1ok-1-620x264.jpg 620w, https:\/\/rioonwatch.org.br\/wp-content\/uploads\/2018\/03\/Via-Sacra-da-Rocnha-Leandro-Lima-1ok-1-940x400.jpg 940w\" sizes=\"(max-width: 620px) 100vw, 620px\" \/><\/a><\/p>\n<p style=\"font-weight: 400;\">Para o diretor art\u00edstico, Robson Melo, o recorte tem\u00e1tico do espet\u00e1culo em 2018 n\u00e3o tem como fugir aos recentes <a href=\"https:\/\/glo.bo\/2Gg3DMp\" target=\"_blank\" rel=\"noopener\">epis\u00f3dios de viol\u00eancia que assolam a Rocinha<\/a> e que ganharam os notici\u00e1rios nacionais e internacionais.<\/p>\n<p style=\"font-weight: 400;\">\u201cA ideia era homenagear a Rocinha e a sua identidade tipicamente nordestina. Fazer uma montagem com refer\u00eancias\u00a0\u00e0\u00a0cultura que construiu a vida do local. Por\u00e9m, mais uma vez, a viol\u00eancia tornou-se foco principal da cidade e a favela volta a ser palco de um triste espet\u00e1culo de guerra entre fac\u00e7\u00f5es e da trucul\u00eancia do Estado pelas a\u00e7\u00f5es da pol\u00edcia\u201d, disse ele.<\/p>\n<p style=\"font-weight: 400;\">Celebrando mais um ano de <a href=\"http:\/\/bit.ly\/1piRAgk\" target=\"_blank\" rel=\"noopener\">resist\u00eancia<\/a> cultural em prol da arte, da vida e do\u00a0estado de direito\u00a0na favela, a encena\u00e7\u00e3o tamb\u00e9m denunciar\u00e1 outras formas de viol\u00eancia que afetam o cotidiano do favelado por conta da <a href=\"http:\/\/bit.ly\/1K8LVUg\" target=\"_blank\" rel=\"noopener\">aus\u00eancia de pol\u00edticas p\u00fablicas<\/a>.<\/p>\n<p style=\"font-weight: 400;\">\u201cA Via Sacra esse ano vem denunciar o descaso com as favelas. A pr\u00f3pria montagem do espet\u00e1culo sofre a viol\u00eancia do descaso. Mais um ano de luta para se manter viva, sem patroc\u00ednio e sem apoio do poder p\u00fablico. Falaremos de tiro, fome, desemprego e muitas outras formas de viol\u00eancia\u201d, concluiu Robson.<\/p>\n<p>A 26\u00aa\u00a0edi\u00e7\u00e3o da Via Sacra da Rocinha ser\u00e1 realizada nesta sexta-feira santa, dia 30 de mar\u00e7o \u00e0s 20:00h no Largo do Boiadeiro, Rocinha. O evento \u00e9 gratuito.<\/p>\n<p>Realiza\u00e7\u00e3o: Cia de Teatro Ro\u00e7a Ca\u00e7acultura<br \/>\nDire\u00e7\u00e3o executiva: Monique Silva e Camila Perez<br \/>\nDire\u00e7\u00e3o art\u00edstica: Robson Melo<br \/>\nTexto: Jos\u00e9 Maria Rodrigues<br \/>\nParceria: <a href=\"http:\/\/bit.ly\/295k7tW\" target=\"_blank\" rel=\"noopener\">TV Tagarela<\/a><br \/>\nPromo\u00e7\u00e3o: <a href=\"http:\/\/bit.ly\/12VQV9T\" target=\"_blank\" rel=\"noopener\">FavelaDaRocinha.com<\/a><\/p>\n<!-- AddThis Advanced Settings generic via filter on the_content --><!-- AddThis Share Buttons generic via filter on the_content -->","protected":false},"excerpt":{"rendered":"<div class=\"mh-excerpt\"><p>Click Here for English A Via Sacra da Rocinha foi idealizada por Aur\u00e9lio Mesquita&#8211;ex-diretor da encena\u00e7\u00e3o&#8211;que ao ter contato com o livro\u00a0O homem de Nazar\u00e9 &#8211; a Via Sacra de Hoje,\u00a0de Jos\u00e9 Maria Rodrigues, imaginou <a class=\"mh-excerpt-more\" href=\"https:\/\/rioonwatch.org.br\/?p=31990\" title=\"Nesta Sexta, 26\u00aa Edi\u00e7\u00e3o da Via Sacra da Rocinha: A Crucifica\u00e7\u00e3o Social do Favelado\">[&#8230;]<\/a><!-- AddThis Advanced Settings generic via filter on get_the_excerpt --><!-- AddThis Share Buttons generic via filter on get_the_excerpt --><\/p>\n<\/div>","protected":false},"author":129,"featured_media":31997,"comment_status":"closed","ping_status":"closed","sticky":false,"template":"","format":"standard","meta":{"_acf_changed":false,"_monsterinsights_skip_tracking":false,"_monsterinsights_sitenote_active":false,"_monsterinsights_sitenote_note":"","_monsterinsights_sitenote_category":0,"footnotes":""},"categories":[1621,1627,1615,346,1625,1388,1613,1616,1620,1612,342],"tags":[334,81,421,419,417,304,125,432,16,335,30,920,52,383],"writer":[3089],"translator":[],"source":[],"ilustrador":[],"fotografo":[],"class_list":{"0":"post-31990","1":"post","2":"type-post","3":"status-publish","4":"format-standard","5":"has-post-thumbnail","7":"category-destaque","8":"category-relato-de-evento","9":"category-cultura-da-favela","10":"category-denuncias","11":"category-por-correspondentes-comunitarios","12":"category-formas-de-apoiar","13":"category-midia-comunitaria","14":"category-qualidades-da-favela","15":"category-olhonaupp","16":"category-sociedade-civil","17":"category-solucoes","18":"tag-arte","19":"tag-cultura","20":"tag-cultura-da-favela","21":"tag-igreja","22":"tag-negligencia-do-estado","23":"tag-participacao","24":"tag-religiao","25":"tag-resistencia","26":"tag-rocinha","27":"tag-teatro","28":"tag-violencia","29":"tag-violencia-de-estado","30":"tag-violencia-policial","31":"tag-zona-sul","32":"writer-cleberaraujo"},"acf":[],"yoast_head":"<!-- This site is optimized with the Yoast SEO plugin v25.6 - https:\/\/yoast.com\/wordpress\/plugins\/seo\/ -->\n<title>Nesta Sexta, 26\u00aa Edi\u00e7\u00e3o da Via Sacra da Rocinha: A Crucifica\u00e7\u00e3o Social do Favelado - RioOnWatch<\/title>\n<meta name=\"robots\" content=\"index, follow, max-snippet:-1, max-image-preview:large, max-video-preview:-1\" \/>\n<link rel=\"canonical\" href=\"https:\/\/rioonwatch.org.br\/?p=31990\" \/>\n<meta property=\"og:locale\" content=\"pt_BR\" \/>\n<meta property=\"og:type\" content=\"article\" \/>\n<meta property=\"og:title\" content=\"Nesta Sexta, 26\u00aa Edi\u00e7\u00e3o da Via Sacra da Rocinha: A Crucifica\u00e7\u00e3o Social do Favelado - RioOnWatch\" \/>\n<meta property=\"og:description\" content=\"Click Here for English A Via Sacra da Rocinha foi idealizada por Aur\u00e9lio Mesquita&#8211;ex-diretor da encena\u00e7\u00e3o&#8211;que ao ter contato com o livro\u00a0O homem de Nazar\u00e9 &#8211; a Via Sacra de Hoje,\u00a0de Jos\u00e9 Maria Rodrigues, imaginou [...]\" \/>\n<meta property=\"og:url\" content=\"https:\/\/rioonwatch.org.br\/?p=31990\" \/>\n<meta property=\"og:site_name\" content=\"RioOnWatch\" \/>\n<meta property=\"article:published_time\" content=\"2018-03-27T21:07:54+00:00\" \/>\n<meta property=\"article:modified_time\" content=\"2021-10-01T16:02:39+00:00\" \/>\n<meta property=\"og:image\" content=\"https:\/\/rioonwatch.org.br\/wp-content\/uploads\/2018\/03\/Via-Sacra-da-Rocnha-Leandro-Lima-6-scaled.jpg\" \/>\n\t<meta property=\"og:image:width\" content=\"2560\" \/>\n\t<meta property=\"og:image:height\" content=\"1697\" \/>\n\t<meta property=\"og:image:type\" content=\"image\/jpeg\" \/>\n<meta name=\"author\" content=\"Admin\" \/>\n<meta name=\"twitter:card\" content=\"summary_large_image\" \/>\n<meta name=\"twitter:label1\" content=\"Escrito por\" \/>\n\t<meta name=\"twitter:data1\" content=\"Admin\" \/>\n\t<meta name=\"twitter:label2\" content=\"Est. tempo de leitura\" \/>\n\t<meta name=\"twitter:data2\" content=\"4 minutos\" \/>\n<script type=\"application\/ld+json\" class=\"yoast-schema-graph\">{\"@context\":\"https:\/\/schema.org\",\"@graph\":[{\"@type\":\"Article\",\"@id\":\"https:\/\/rioonwatch.org.br\/?p=31990#article\",\"isPartOf\":{\"@id\":\"https:\/\/rioonwatch.org.br\/?p=31990\"},\"author\":{\"name\":\"Admin\",\"@id\":\"https:\/\/rioonwatch.org.br\/#\/schema\/person\/11d64c290506f9df50c71b850c473f68\"},\"headline\":\"Nesta Sexta, 26\u00aa Edi\u00e7\u00e3o da Via Sacra da Rocinha: A Crucifica\u00e7\u00e3o Social do Favelado\",\"datePublished\":\"2018-03-27T21:07:54+00:00\",\"dateModified\":\"2021-10-01T16:02:39+00:00\",\"mainEntityOfPage\":{\"@id\":\"https:\/\/rioonwatch.org.br\/?p=31990\"},\"wordCount\":877,\"publisher\":{\"@id\":\"https:\/\/rioonwatch.org.br\/#organization\"},\"image\":{\"@id\":\"https:\/\/rioonwatch.org.br\/?p=31990#primaryimage\"},\"thumbnailUrl\":\"https:\/\/rioonwatch.org.br\/wp-content\/uploads\/2018\/03\/Via-Sacra-da-Rocnha-Leandro-Lima-6-scaled.jpg\",\"keywords\":[\"arte\",\"cultura\",\"cultura da favela\",\"igreja\",\"Neglig\u00eancia do Estado\",\"participa\u00e7\u00e3o\",\"religi\u00e3o\",\"resist\u00eancia\",\"Rocinha\",\"teatro\",\"viol\u00eancia\",\"viol\u00eancia de Estado\",\"viol\u00eancia policial\",\"Zona Sul\"],\"articleSection\":[\"*Destaque\",\"Cobertura de Eventos\",\"Cultura da Favela\",\"Den\u00fancias\",\"Escrito por Comunicadores Populares\",\"Formas de Apoiar\",\"M\u00eddia Comunit\u00e1ria\",\"Qualidades da Favela\",\"Seguran\u00e7a P\u00fablica\",\"Sociedade Civil\",\"Solu\u00e7\u00f5es\"],\"inLanguage\":\"pt-BR\"},{\"@type\":\"WebPage\",\"@id\":\"https:\/\/rioonwatch.org.br\/?p=31990\",\"url\":\"https:\/\/rioonwatch.org.br\/?p=31990\",\"name\":\"Nesta Sexta, 26\u00aa Edi\u00e7\u00e3o da Via Sacra da Rocinha: A Crucifica\u00e7\u00e3o Social do Favelado - RioOnWatch\",\"isPartOf\":{\"@id\":\"https:\/\/rioonwatch.org.br\/#website\"},\"primaryImageOfPage\":{\"@id\":\"https:\/\/rioonwatch.org.br\/?p=31990#primaryimage\"},\"image\":{\"@id\":\"https:\/\/rioonwatch.org.br\/?p=31990#primaryimage\"},\"thumbnailUrl\":\"https:\/\/rioonwatch.org.br\/wp-content\/uploads\/2018\/03\/Via-Sacra-da-Rocnha-Leandro-Lima-6-scaled.jpg\",\"datePublished\":\"2018-03-27T21:07:54+00:00\",\"dateModified\":\"2021-10-01T16:02:39+00:00\",\"breadcrumb\":{\"@id\":\"https:\/\/rioonwatch.org.br\/?p=31990#breadcrumb\"},\"inLanguage\":\"pt-BR\",\"potentialAction\":[{\"@type\":\"ReadAction\",\"target\":[\"https:\/\/rioonwatch.org.br\/?p=31990\"]}]},{\"@type\":\"ImageObject\",\"inLanguage\":\"pt-BR\",\"@id\":\"https:\/\/rioonwatch.org.br\/?p=31990#primaryimage\",\"url\":\"https:\/\/rioonwatch.org.br\/wp-content\/uploads\/2018\/03\/Via-Sacra-da-Rocnha-Leandro-Lima-6-scaled.jpg\",\"contentUrl\":\"https:\/\/rioonwatch.org.br\/wp-content\/uploads\/2018\/03\/Via-Sacra-da-Rocnha-Leandro-Lima-6-scaled.jpg\",\"width\":2560,\"height\":1697},{\"@type\":\"BreadcrumbList\",\"@id\":\"https:\/\/rioonwatch.org.br\/?p=31990#breadcrumb\",\"itemListElement\":[{\"@type\":\"ListItem\",\"position\":1,\"name\":\"In\u00edcio\",\"item\":\"https:\/\/rioonwatch.org.br\/\"},{\"@type\":\"ListItem\",\"position\":2,\"name\":\"Nesta Sexta, 26\u00aa Edi\u00e7\u00e3o da Via Sacra da Rocinha: A Crucifica\u00e7\u00e3o Social do Favelado\"}]},{\"@type\":\"WebSite\",\"@id\":\"https:\/\/rioonwatch.org.br\/#website\",\"url\":\"https:\/\/rioonwatch.org.br\/\",\"name\":\"RioOnWatch\",\"description\":\"relatos das favelas cariocas\",\"publisher\":{\"@id\":\"https:\/\/rioonwatch.org.br\/#organization\"},\"potentialAction\":[{\"@type\":\"SearchAction\",\"target\":{\"@type\":\"EntryPoint\",\"urlTemplate\":\"https:\/\/rioonwatch.org.br\/?s={search_term_string}\"},\"query-input\":{\"@type\":\"PropertyValueSpecification\",\"valueRequired\":true,\"valueName\":\"search_term_string\"}}],\"inLanguage\":\"pt-BR\"},{\"@type\":\"Organization\",\"@id\":\"https:\/\/rioonwatch.org.br\/#organization\",\"name\":\"RioOnWatch\",\"url\":\"https:\/\/rioonwatch.org.br\/\",\"logo\":{\"@type\":\"ImageObject\",\"inLanguage\":\"pt-BR\",\"@id\":\"https:\/\/rioonwatch.org.br\/#\/schema\/logo\/image\/\",\"url\":\"https:\/\/rioonwatch.org.br\/wp-content\/uploads\/2021\/06\/RioOnWatchcabecalhoPT11anos-2.png\",\"contentUrl\":\"https:\/\/rioonwatch.org.br\/wp-content\/uploads\/2021\/06\/RioOnWatchcabecalhoPT11anos-2.png\",\"width\":779,\"height\":277,\"caption\":\"RioOnWatch\"},\"image\":{\"@id\":\"https:\/\/rioonwatch.org.br\/#\/schema\/logo\/image\/\"}},{\"@type\":\"Person\",\"@id\":\"https:\/\/rioonwatch.org.br\/#\/schema\/person\/11d64c290506f9df50c71b850c473f68\",\"name\":\"Admin\",\"image\":{\"@type\":\"ImageObject\",\"inLanguage\":\"pt-BR\",\"@id\":\"https:\/\/rioonwatch.org.br\/#\/schema\/person\/image\/\",\"url\":\"https:\/\/secure.gravatar.com\/avatar\/56211ac74568383903349a1485e3c325?s=96&d=blank&r=g\",\"contentUrl\":\"https:\/\/secure.gravatar.com\/avatar\/56211ac74568383903349a1485e3c325?s=96&d=blank&r=g\",\"caption\":\"Admin\"},\"url\":\"https:\/\/rioonwatch.org.br\/?author=129\"}]}<\/script>\n<!-- \/ Yoast SEO plugin. -->","yoast_head_json":{"title":"Nesta Sexta, 26\u00aa Edi\u00e7\u00e3o da Via Sacra da Rocinha: A Crucifica\u00e7\u00e3o Social do Favelado - RioOnWatch","robots":{"index":"index","follow":"follow","max-snippet":"max-snippet:-1","max-image-preview":"max-image-preview:large","max-video-preview":"max-video-preview:-1"},"canonical":"https:\/\/rioonwatch.org.br\/?p=31990","og_locale":"pt_BR","og_type":"article","og_title":"Nesta Sexta, 26\u00aa Edi\u00e7\u00e3o da Via Sacra da Rocinha: A Crucifica\u00e7\u00e3o Social do Favelado - RioOnWatch","og_description":"Click Here for English A Via Sacra da Rocinha foi idealizada por Aur\u00e9lio Mesquita&#8211;ex-diretor da encena\u00e7\u00e3o&#8211;que ao ter contato com o livro\u00a0O homem de Nazar\u00e9 &#8211; a Via Sacra de Hoje,\u00a0de Jos\u00e9 Maria Rodrigues, imaginou [...]","og_url":"https:\/\/rioonwatch.org.br\/?p=31990","og_site_name":"RioOnWatch","article_published_time":"2018-03-27T21:07:54+00:00","article_modified_time":"2021-10-01T16:02:39+00:00","og_image":[{"width":2560,"height":1697,"url":"https:\/\/rioonwatch.org.br\/wp-content\/uploads\/2018\/03\/Via-Sacra-da-Rocnha-Leandro-Lima-6-scaled.jpg","type":"image\/jpeg"}],"author":"Admin","twitter_card":"summary_large_image","twitter_misc":{"Escrito por":"Admin","Est. tempo de leitura":"4 minutos"},"schema":{"@context":"https:\/\/schema.org","@graph":[{"@type":"Article","@id":"https:\/\/rioonwatch.org.br\/?p=31990#article","isPartOf":{"@id":"https:\/\/rioonwatch.org.br\/?p=31990"},"author":{"name":"Admin","@id":"https:\/\/rioonwatch.org.br\/#\/schema\/person\/11d64c290506f9df50c71b850c473f68"},"headline":"Nesta Sexta, 26\u00aa Edi\u00e7\u00e3o da Via Sacra da Rocinha: A Crucifica\u00e7\u00e3o Social do Favelado","datePublished":"2018-03-27T21:07:54+00:00","dateModified":"2021-10-01T16:02:39+00:00","mainEntityOfPage":{"@id":"https:\/\/rioonwatch.org.br\/?p=31990"},"wordCount":877,"publisher":{"@id":"https:\/\/rioonwatch.org.br\/#organization"},"image":{"@id":"https:\/\/rioonwatch.org.br\/?p=31990#primaryimage"},"thumbnailUrl":"https:\/\/rioonwatch.org.br\/wp-content\/uploads\/2018\/03\/Via-Sacra-da-Rocnha-Leandro-Lima-6-scaled.jpg","keywords":["arte","cultura","cultura da favela","igreja","Neglig\u00eancia do Estado","participa\u00e7\u00e3o","religi\u00e3o","resist\u00eancia","Rocinha","teatro","viol\u00eancia","viol\u00eancia de Estado","viol\u00eancia policial","Zona Sul"],"articleSection":["*Destaque","Cobertura de Eventos","Cultura da Favela","Den\u00fancias","Escrito por Comunicadores Populares","Formas de Apoiar","M\u00eddia Comunit\u00e1ria","Qualidades da Favela","Seguran\u00e7a P\u00fablica","Sociedade Civil","Solu\u00e7\u00f5es"],"inLanguage":"pt-BR"},{"@type":"WebPage","@id":"https:\/\/rioonwatch.org.br\/?p=31990","url":"https:\/\/rioonwatch.org.br\/?p=31990","name":"Nesta Sexta, 26\u00aa Edi\u00e7\u00e3o da Via Sacra da Rocinha: A Crucifica\u00e7\u00e3o Social do Favelado - RioOnWatch","isPartOf":{"@id":"https:\/\/rioonwatch.org.br\/#website"},"primaryImageOfPage":{"@id":"https:\/\/rioonwatch.org.br\/?p=31990#primaryimage"},"image":{"@id":"https:\/\/rioonwatch.org.br\/?p=31990#primaryimage"},"thumbnailUrl":"https:\/\/rioonwatch.org.br\/wp-content\/uploads\/2018\/03\/Via-Sacra-da-Rocnha-Leandro-Lima-6-scaled.jpg","datePublished":"2018-03-27T21:07:54+00:00","dateModified":"2021-10-01T16:02:39+00:00","breadcrumb":{"@id":"https:\/\/rioonwatch.org.br\/?p=31990#breadcrumb"},"inLanguage":"pt-BR","potentialAction":[{"@type":"ReadAction","target":["https:\/\/rioonwatch.org.br\/?p=31990"]}]},{"@type":"ImageObject","inLanguage":"pt-BR","@id":"https:\/\/rioonwatch.org.br\/?p=31990#primaryimage","url":"https:\/\/rioonwatch.org.br\/wp-content\/uploads\/2018\/03\/Via-Sacra-da-Rocnha-Leandro-Lima-6-scaled.jpg","contentUrl":"https:\/\/rioonwatch.org.br\/wp-content\/uploads\/2018\/03\/Via-Sacra-da-Rocnha-Leandro-Lima-6-scaled.jpg","width":2560,"height":1697},{"@type":"BreadcrumbList","@id":"https:\/\/rioonwatch.org.br\/?p=31990#breadcrumb","itemListElement":[{"@type":"ListItem","position":1,"name":"In\u00edcio","item":"https:\/\/rioonwatch.org.br\/"},{"@type":"ListItem","position":2,"name":"Nesta Sexta, 26\u00aa Edi\u00e7\u00e3o da Via Sacra da Rocinha: A Crucifica\u00e7\u00e3o Social do Favelado"}]},{"@type":"WebSite","@id":"https:\/\/rioonwatch.org.br\/#website","url":"https:\/\/rioonwatch.org.br\/","name":"RioOnWatch","description":"relatos das favelas cariocas","publisher":{"@id":"https:\/\/rioonwatch.org.br\/#organization"},"potentialAction":[{"@type":"SearchAction","target":{"@type":"EntryPoint","urlTemplate":"https:\/\/rioonwatch.org.br\/?s={search_term_string}"},"query-input":{"@type":"PropertyValueSpecification","valueRequired":true,"valueName":"search_term_string"}}],"inLanguage":"pt-BR"},{"@type":"Organization","@id":"https:\/\/rioonwatch.org.br\/#organization","name":"RioOnWatch","url":"https:\/\/rioonwatch.org.br\/","logo":{"@type":"ImageObject","inLanguage":"pt-BR","@id":"https:\/\/rioonwatch.org.br\/#\/schema\/logo\/image\/","url":"https:\/\/rioonwatch.org.br\/wp-content\/uploads\/2021\/06\/RioOnWatchcabecalhoPT11anos-2.png","contentUrl":"https:\/\/rioonwatch.org.br\/wp-content\/uploads\/2021\/06\/RioOnWatchcabecalhoPT11anos-2.png","width":779,"height":277,"caption":"RioOnWatch"},"image":{"@id":"https:\/\/rioonwatch.org.br\/#\/schema\/logo\/image\/"}},{"@type":"Person","@id":"https:\/\/rioonwatch.org.br\/#\/schema\/person\/11d64c290506f9df50c71b850c473f68","name":"Admin","image":{"@type":"ImageObject","inLanguage":"pt-BR","@id":"https:\/\/rioonwatch.org.br\/#\/schema\/person\/image\/","url":"https:\/\/secure.gravatar.com\/avatar\/56211ac74568383903349a1485e3c325?s=96&d=blank&r=g","contentUrl":"https:\/\/secure.gravatar.com\/avatar\/56211ac74568383903349a1485e3c325?s=96&d=blank&r=g","caption":"Admin"},"url":"https:\/\/rioonwatch.org.br\/?author=129"}]}},"_links":{"self":[{"href":"https:\/\/rioonwatch.org.br\/index.php?rest_route=\/wp\/v2\/posts\/31990"}],"collection":[{"href":"https:\/\/rioonwatch.org.br\/index.php?rest_route=\/wp\/v2\/posts"}],"about":[{"href":"https:\/\/rioonwatch.org.br\/index.php?rest_route=\/wp\/v2\/types\/post"}],"author":[{"embeddable":true,"href":"https:\/\/rioonwatch.org.br\/index.php?rest_route=\/wp\/v2\/users\/129"}],"replies":[{"embeddable":true,"href":"https:\/\/rioonwatch.org.br\/index.php?rest_route=%2Fwp%2Fv2%2Fcomments&post=31990"}],"version-history":[{"count":21,"href":"https:\/\/rioonwatch.org.br\/index.php?rest_route=\/wp\/v2\/posts\/31990\/revisions"}],"predecessor-version":[{"id":32078,"href":"https:\/\/rioonwatch.org.br\/index.php?rest_route=\/wp\/v2\/posts\/31990\/revisions\/32078"}],"wp:featuredmedia":[{"embeddable":true,"href":"https:\/\/rioonwatch.org.br\/index.php?rest_route=\/wp\/v2\/media\/31997"}],"wp:attachment":[{"href":"https:\/\/rioonwatch.org.br\/index.php?rest_route=%2Fwp%2Fv2%2Fmedia&parent=31990"}],"wp:term":[{"taxonomy":"category","embeddable":true,"href":"https:\/\/rioonwatch.org.br\/index.php?rest_route=%2Fwp%2Fv2%2Fcategories&post=31990"},{"taxonomy":"post_tag","embeddable":true,"href":"https:\/\/rioonwatch.org.br\/index.php?rest_route=%2Fwp%2Fv2%2Ftags&post=31990"},{"taxonomy":"writer","embeddable":true,"href":"https:\/\/rioonwatch.org.br\/index.php?rest_route=%2Fwp%2Fv2%2Fwriter&post=31990"},{"taxonomy":"translator","embeddable":true,"href":"https:\/\/rioonwatch.org.br\/index.php?rest_route=%2Fwp%2Fv2%2Ftranslator&post=31990"},{"taxonomy":"source","embeddable":true,"href":"https:\/\/rioonwatch.org.br\/index.php?rest_route=%2Fwp%2Fv2%2Fsource&post=31990"},{"taxonomy":"ilustrador","embeddable":true,"href":"https:\/\/rioonwatch.org.br\/index.php?rest_route=%2Fwp%2Fv2%2Filustrador&post=31990"},{"taxonomy":"fotografo","embeddable":true,"href":"https:\/\/rioonwatch.org.br\/index.php?rest_route=%2Fwp%2Fv2%2Ffotografo&post=31990"}],"curies":[{"name":"wp","href":"https:\/\/api.w.org\/{rel}","templated":true}]}}