{"id":32011,"date":"2018-03-28T08:31:33","date_gmt":"2018-03-28T11:31:33","guid":{"rendered":"http:\/\/rioonwatch.org.br\/?p=32011"},"modified":"2018-03-29T19:12:52","modified_gmt":"2018-03-29T22:12:52","slug":"falta-de-professores-deixa-centenas-de-alunos-fora-da-escola-e-reforca-temor-de-remocoes-em-rio-das-pedras","status":"publish","type":"post","link":"https:\/\/rioonwatch.org.br\/?p=32011","title":{"rendered":"Falta de Professores Deixa Centenas Sem Escola, Refor\u00e7a Medo de Remo\u00e7\u00e3o em Rio das Pedras"},"content":{"rendered":"<p style=\"text-align: right;\"><em><strong><a href=\"http:\/\/bit.ly\/2Gc4eyg\" target=\"_blank\" rel=\"noopener noreferrer\">Click Here for English<img decoding=\"async\" width=\"20\" height=\"20\" class=\"alignright wp-image-15790\" src=\"http:\/\/rioonwatch.org.br\/wp-content\/uploads\/2012\/08\/EN-standard-e1439583104716.jpg\" alt=\"\" \/><\/a><\/strong><\/em><\/p>\n<p><span style=\"font-weight: 400;\">H\u00e1 mais de um m\u00eas que as crian\u00e7as do Rio oficialmente voltaram \u00e0s aulas ap\u00f3s as f\u00e9rias de ver\u00e3o, mas com a <\/span><a href=\"https:\/\/glo.bo\/2HVQ70J\" target=\"_blank\" rel=\"noopener\"><span style=\"font-weight: 400;\">falta de professores assolando a cidade<\/span><\/a><span style=\"font-weight: 400;\"> milhares de alunos foram for\u00e7ados a faltar \u00e0s aulas. Durante o ano letivo de 2017, a cidade do Rio perdeu mais de 2.200 professores. Fam\u00edlias por toda a cidade est\u00e3o sofrendo com a escassez, com o<\/span><span style=\"font-weight: 400;\">\u00a0<a href=\"http:\/\/bit.ly\/2oljQXB\" target=\"_blank\" rel=\"noopener\">direito \u00e0 educa\u00e7\u00e3o<\/a>\u00a0sendo negado a seus filhos<\/span><span style=\"font-weight: 400;\">. &#8220;Desde o come\u00e7o das aulas, est\u00e1 sem professor. Estava faltando 16, e agora s\u00f3 13&#8221;,\u00a0falou a m\u00e3e, C\u00e9lia Duarte,\u00a0<\/span><a href=\"http:\/\/bit.ly\/1HgPoFM\" target=\"_blank\" rel=\"noopener\"><span style=\"font-weight: 400;\">moradora de Rio das Pedras<\/span><\/a><span style=\"font-weight: 400;\">,<\/span><span style=\"font-weight: 400;\">\u00a0sobre a escola da sua filha. &#8220;E ela [Minha filha]\u00a0est\u00e1 querendo estudar. A maioria das escolas de Rio das Pedras est\u00e1 sem professor. Toda semana, mandam a gente passar aqui. A gente passa, n\u00e3o tem professor. A gente est\u00e1 muito triste com esse prefeito&#8221;.<\/span><\/p>\n<p><span style=\"font-weight: 400;\">De acordo com um diretor de uma escola p\u00fablica de Rio das Pedras, que n\u00e3o quis ser identificado, o secret\u00e1rio de educa\u00e7\u00e3o do <\/span><a href=\"http:\/\/bit.ly\/2cIlnDw\" target=\"_blank\" rel=\"noopener\"><span style=\"font-weight: 400;\">Prefeito Marcelo Crivella<\/span><\/a><span style=\"font-weight: 400;\"> contratou <\/span><a href=\"https:\/\/glo.bo\/2HVQ70J\" target=\"_blank\" rel=\"noopener\"><span style=\"font-weight: 400;\">500 novos professores para o ano letivo de 2018<\/span><\/a><span style=\"font-weight: 400;\">. As escolas do Rio ainda precisariam de mais de 1.700 professores, apenas para voltar aos n\u00edveis do in\u00edcio de 2017, por\u00e9m um<\/span><span style=\"font-weight: 400;\">\u00a0<\/span><a href=\"http:\/\/bit.ly\/2HS3H5a\" target=\"_blank\" rel=\"noopener\"><span style=\"font-weight: 400;\">estudo de 2015 revelou que 70%<\/span><\/a><span style=\"font-weight: 400;\"> das escolas com a pior classifica\u00e7\u00e3o no estado j\u00e1 sofriam com a falta de pessoal naquele ano. Em lugares como Rio das Pedras, uma comunidade com milhares de crian\u00e7as em idade escolar, a falta as atinge seriamente. O diretor informou que cada professor \u00e9 respons\u00e1vel por uma classe de, em m\u00e9dia, 35 alunos e nesta escola faltam 13 professores, ent\u00e3o o efeito \u00e9 que apenas nesta escola, em Rio das Pedras, cerca de 455 alunos n\u00e3o t\u00eam <\/span><a href=\"http:\/\/bit.ly\/2l0pM9h\" target=\"_blank\" rel=\"noopener\"><span style=\"font-weight: 400;\">garantido o seu direito constitucional de frequentar a escola p\u00fablica<\/span><\/a><span style=\"font-weight: 400;\">. E como o diretor lembrou, h\u00e1 muitas escolas p\u00fablicas em Rio das Pedras todas com falta de professores.<\/span><\/p>\n<p><a href=\"http:\/\/rioonwatch.org.br\/wp-content\/uploads\/2018\/03\/escola-Rio-das-Pedras.jpg\"><img fetchpriority=\"high\" decoding=\"async\" class=\"aligncenter wp-image-32020 size-content\" title=\"Sala de aula em Rio das Pedras. Foto por Tyler Strobl\" src=\"http:\/\/rioonwatch.org.br\/wp-content\/uploads\/2018\/03\/escola-Rio-das-Pedras-620x264.jpg\" alt=\"\" width=\"620\" height=\"264\" srcset=\"https:\/\/rioonwatch.org.br\/wp-content\/uploads\/2018\/03\/escola-Rio-das-Pedras-620x264.jpg 620w, https:\/\/rioonwatch.org.br\/wp-content\/uploads\/2018\/03\/escola-Rio-das-Pedras-940x400.jpg 940w\" sizes=\"(max-width: 620px) 100vw, 620px\" \/><\/a><\/p>\n<p><span style=\"font-weight: 400;\">Ao entrar numa escola t\u00edpica, algo claramente n\u00e3o-escolar chama a nossa aten\u00e7\u00e3o: o sil\u00eancio. Livros e papeis est\u00e3o empilhados no corredor para uso das crian\u00e7as, mas ningu\u00e9m est\u00e1 usando-os. Infelizmente, a falta de professores n\u00e3o est\u00e1 somente impedindo que alguns alunos frequentem a escola, mas tamb\u00e9m est\u00e1 afetando os alunos que podem frequentar as aulas. Uma aluna disse que apesar de poder ir \u00e0 escola, n\u00e3o h\u00e1 professores de arte, m\u00fasica ou educa\u00e7\u00e3o f\u00edsica. Outro aluno afirmou, &#8220;a<\/span>\u00a0gente veio na \u00faltima aula, n\u00e3o teve aula. Na sexta-feira, n\u00e3o teve aula. E nesta semana \u00e9 s\u00f3 sexta-feira&#8221;.<\/p>\n<p><span style=\"font-weight: 400;\">Enquanto a falta de professores est\u00e1 tendo um impacto negativo sobre todo o Rio, \u00e9 especialmente dif\u00edcil para\u00a0<\/span><a href=\"http:\/\/bit.ly\/2l0Hf1G\" target=\"_blank\" rel=\"noopener\"><span style=\"font-weight: 400;\">comunidades como Rio das Pedras<\/span><\/a><span style=\"font-weight: 400;\"> onde os pais ou tutores frequentemente trabalham longe e n\u00e3o t\u00eam condi\u00e7\u00f5es financeiras para pagar escolas particulares. &#8220;Meu filho j\u00e1 est\u00e1 matriculado\u00a0[na escola p\u00fablica] e\u00a0h\u00e1 um m\u00eas ele est\u00e1 sem aula. E o Crivella falou que tinha contratado 500 professores, e at\u00e9 agora o col\u00e9gio n\u00e3o tem professor. Estou pagando por um col\u00e9gio particular, eu n\u00e3o tenho condi\u00e7\u00f5es financeiras e eu tenho todo direito que meu filho estude em col\u00e9gio p\u00fablico&#8221;, lamentou o morador e pai, Leandro Batista Barbosa.<\/span><\/p>\n<p><a href=\"http:\/\/rioonwatch.org.br\/wp-content\/uploads\/2018\/03\/maes-rio-das-pedras.jpg\"><img decoding=\"async\" class=\"aligncenter wp-image-32031 size-medium\" title=\"Crian\u00e7as em idade escolar e seus familiares em Rio das Pedras. Foto de Tyler Strobl\" src=\"http:\/\/rioonwatch.org.br\/wp-content\/uploads\/2018\/03\/maes-rio-das-pedras-620x465.jpg\" alt=\"\" width=\"620\" height=\"465\" srcset=\"https:\/\/rioonwatch.org.br\/wp-content\/uploads\/2018\/03\/maes-rio-das-pedras-620x465.jpg 620w, https:\/\/rioonwatch.org.br\/wp-content\/uploads\/2018\/03\/maes-rio-das-pedras-352x264.jpg 352w, https:\/\/rioonwatch.org.br\/wp-content\/uploads\/2018\/03\/maes-rio-das-pedras-768x576.jpg 768w, https:\/\/rioonwatch.org.br\/wp-content\/uploads\/2018\/03\/maes-rio-das-pedras-174x131.jpg 174w, https:\/\/rioonwatch.org.br\/wp-content\/uploads\/2018\/03\/maes-rio-das-pedras-300x225.jpg 300w, https:\/\/rioonwatch.org.br\/wp-content\/uploads\/2018\/03\/maes-rio-das-pedras-70x53.jpg 70w, https:\/\/rioonwatch.org.br\/wp-content\/uploads\/2018\/03\/maes-rio-das-pedras.jpg 1000w\" sizes=\"(max-width: 620px) 100vw, 620px\" \/><\/a><\/p>\n<p><span style=\"font-weight: 400;\">Rio das Pedras j\u00e1 teve\u00a0<\/span><a href=\"http:\/\/bit.ly\/2dQJO4t\" target=\"_blank\" rel=\"noopener\"><span style=\"font-weight: 400;\">falta de professores no passado<\/span><\/a><span style=\"font-weight: 400;\">, mas agora a situa\u00e7\u00e3o \u00e9 diferente. Depois que a comunidade foi mencionada no <\/span><a href=\"http:\/\/bit.ly\/2xPNBac\" target=\"_blank\" rel=\"noopener\"><span style=\"font-weight: 400;\">Plano Estrat\u00e9gico de Crivella<\/span><\/a><span style=\"font-weight: 400;\">\u00a0com previs\u00e3o de\u00a0<\/span><a href=\"http:\/\/bit.ly\/2xwnhye\" target=\"_blank\" rel=\"noopener\"><span style=\"font-weight: 400;\">extensas remo\u00e7\u00f5es para dar lugar a altos pr\u00e9dios de apartamentos<\/span><\/a><span style=\"font-weight: 400;\">, os moradores montaram um maci\u00e7a campanha de resist\u00eancia e <\/span><a href=\"http:\/\/bit.ly\/2A11LEt\" target=\"_blank\" rel=\"noopener\"><span style=\"font-weight: 400;\">derrotaram o plano original<\/span><\/a><span style=\"font-weight: 400;\">. No entanto, a prefeitura continua pressionando os moradores para que concordem com um plano de &#8216;moderniza\u00e7\u00e3o&#8217; para o qual os mobilizadores locais acreditam que ser\u00e3o necess\u00e1rias remo\u00e7\u00f5es na comunidade, algo que a rec\u00e9m-formada Comiss\u00e3o de Moradores \u00e9 firmemente contra. No contexto das propostas dispendiosas da prefeitura para o bairro e a amea\u00e7a associada de <\/span><a href=\"http:\/\/bit.ly\/X51Qvb\" target=\"_blank\" rel=\"noopener\"><span style=\"font-weight: 400;\">remo\u00e7\u00e3o<\/span><\/a><span style=\"font-weight: 400;\">, o subinvestimento na <\/span><a href=\"http:\/\/bit.ly\/1acNApR\" target=\"_blank\" rel=\"noopener\"><span style=\"font-weight: 400;\">educa\u00e7\u00e3o<\/span><\/a><span style=\"font-weight: 400;\"> \u00e9 mais um tapa na cara. Andr\u00e9ia Ferreira, membro da Comiss\u00e3o, refletiu:<\/span><\/p>\n<blockquote><p>\u201cEm quest\u00e3o de escolas, estamos abandonados. N\u00e3o \u00e9 uma escola, todas as escolas est\u00e3o com falta de professores. S\u00e3o muitas turmas sem professores. Tem a <a href=\"https:\/\/glo.bo\/2HVNHzh\" target=\"_blank\" rel=\"noopener\">Escola do Amanh\u00e3<\/a>, que desde o in\u00edcio da gest\u00e3o dele\u00a0[do Crivella] est\u00e1 parada. Essa obra \u00e9 muito importante para a comunidade, porque temos alunos aqui que est\u00e3o sem estudar porque n\u00e3o t\u00eam vagas nas escolas. Ou quando [uma escola] t\u00eam vagas, \u00e9 distante, e n\u00e3o tem condi\u00e7\u00f5es da m\u00e3e ou do pai levar e buscar as crian\u00e7as.&#8221;<\/p><\/blockquote>\n<p><span style=\"font-weight: 400;\">Nos \u00faltimos meses, moradores de Rio das Pedras enfrentaram uma s\u00e9rie de adversidades que, aos olhos dos membros da comiss\u00e3o, somam aos esfor\u00e7os concentrados da prefeitura para pressionar moradores da favela ao ponto de escolherem se mudar devido \u00e0 falta de servi\u00e7os p\u00fablicos de qualidade. Seja devido \u00e0s\u00a0<a href=\"http:\/\/bit.ly\/2no36jQ\" target=\"_blank\" rel=\"noopener\">contas astron\u00f4micas de luz<\/a> ou aulas canceladas na escola, as fam\u00edlias de Rio das Pedras est\u00e3o sentindo a press\u00e3o. Como Ferreira continuou:<\/span><\/p>\n<blockquote><p>\u201cA gente ainda n\u00e3o conseguiu se livrar do medo, desse terror, da remo\u00e7\u00e3o. Por que esse desejo louco de fazer obras em Rio das Pedras? Por que d\u00e1 <a href=\"http:\/\/bit.ly\/29T9kjb\" target=\"_blank\" rel=\"noopener\">prioridade<\/a> a isso nesse momento? A cidade passa por uma crise forte. O que est\u00e1 por tr\u00e1s desse interesse de fazer urbaniza\u00e7\u00e3o em Rio das Pedras? Se tem dinheiro sobrando, eu acho que a prefeitura deveria priorizar as coisas. N\u00f3s temos outras prioridades. N\u00f3s ficamos atentos, temerosos para que essa covardia n\u00e3o venha acontecer na comunidade. Pelo que t\u00eam acontecido, pelos \u00faltimos acontecimentos, eles n\u00e3o desistiram, de fato, de remover a comunidade. Ao ver da comiss\u00e3o, eles est\u00e3o obrigando as pessoas a sairem da mesma forma.&#8221;<\/p><\/blockquote>\n<p><a href=\"http:\/\/rioonwatch.org.br\/wp-content\/uploads\/2018\/03\/School-age-children-in-Rio-das-Pedras.-Photo-by-Tyler-Strobl.jpg\"><img loading=\"lazy\" decoding=\"async\" class=\"aligncenter wp-image-32035 size-medium\" title=\"Crian\u00e7as em idade escolar em Rio das Pedras. Foto por Tyler Strobl\" src=\"http:\/\/rioonwatch.org.br\/wp-content\/uploads\/2018\/03\/School-age-children-in-Rio-das-Pedras.-Photo-by-Tyler-Strobl-620x465.jpg\" alt=\"\" width=\"620\" height=\"465\" srcset=\"https:\/\/rioonwatch.org.br\/wp-content\/uploads\/2018\/03\/School-age-children-in-Rio-das-Pedras.-Photo-by-Tyler-Strobl-620x465.jpg 620w, https:\/\/rioonwatch.org.br\/wp-content\/uploads\/2018\/03\/School-age-children-in-Rio-das-Pedras.-Photo-by-Tyler-Strobl-352x264.jpg 352w, https:\/\/rioonwatch.org.br\/wp-content\/uploads\/2018\/03\/School-age-children-in-Rio-das-Pedras.-Photo-by-Tyler-Strobl-768x576.jpg 768w, https:\/\/rioonwatch.org.br\/wp-content\/uploads\/2018\/03\/School-age-children-in-Rio-das-Pedras.-Photo-by-Tyler-Strobl-1024x768.jpg 1024w, https:\/\/rioonwatch.org.br\/wp-content\/uploads\/2018\/03\/School-age-children-in-Rio-das-Pedras.-Photo-by-Tyler-Strobl-174x131.jpg 174w, https:\/\/rioonwatch.org.br\/wp-content\/uploads\/2018\/03\/School-age-children-in-Rio-das-Pedras.-Photo-by-Tyler-Strobl-300x225.jpg 300w, https:\/\/rioonwatch.org.br\/wp-content\/uploads\/2018\/03\/School-age-children-in-Rio-das-Pedras.-Photo-by-Tyler-Strobl-70x53.jpg 70w, https:\/\/rioonwatch.org.br\/wp-content\/uploads\/2018\/03\/School-age-children-in-Rio-das-Pedras.-Photo-by-Tyler-Strobl.jpg 1500w\" sizes=\"(max-width: 620px) 100vw, 620px\" \/><\/a><\/p>\n<p><span style=\"font-weight: 400;\">Uma m\u00e3e, Patricia, ecoou a ideia de que as prioridades do prefeito est\u00e3o equivocadas: &#8220;<\/span>O que a gente queria desse prefeito era sa\u00fade, educa\u00e7\u00e3o, porque a educa\u00e7\u00e3o est\u00e1 p\u00e9ssima e a <a href=\"http:\/\/bit.ly\/1kzUmMv\" target=\"_blank\" rel=\"noopener\">sa\u00fade<\/a> nem se fala. A gente queria que nossos filhos estudassem. \u00c9 isso que a gente queria, por ele\u00a0<span style=\"font-weight: 400;\">[Crivella] <\/span> ser um homem de Deus. Ele quer fazer um Rio das Pedras novo, mas n\u00e3o paga nem m\u00e9dico, nem professor. Eu n\u00e3o voto nele, eu n\u00e3o voto&#8221;.<\/p>\n<p><span style=\"font-weight: 400;\">Os moradores de Rio das Pedras e as fam\u00edlias por toda a cidade est\u00e3o sentindo a crise com as medidas de austeridade econ\u00f4mica da prefeitura e est\u00e1 claro que muitos j\u00e1 se cansaram. O Sindicato Estadual dos Profissionais de Educa\u00e7\u00e3o (<\/span><a href=\"http:\/\/bit.ly\/2DKA6s4\" target=\"_blank\" rel=\"noopener\"><span style=\"font-weight: 400;\">SEPE<\/span><\/a><span style=\"font-weight: 400;\">)<\/span><span style=\"font-weight: 400;\">, realizou, em 27 de mar\u00e7o, um dia de a\u00e7\u00e3o para protestar contra as condi\u00e7\u00f5es das escolas do Rio, entre outras quest\u00f5es que afetam os professores e os alunos. Como outra m\u00e3e de Rio das Pedras colocou: &#8220;<\/span>Uma crian\u00e7a de sete anos fica em casa, sem estudar. Isso \u00e9 um absurdo. J\u00e1 chegou no limite. Ningu\u00e9m est\u00e1 aguentando mais isso. A gente s\u00f3 quer que ele <span style=\"font-weight: 400;\">[Crivella] <\/span>resolva o problema, que ele mande professores porque as crian\u00e7as precisam de estudar&#8221;.<\/p>\n<!-- AddThis Advanced Settings generic via filter on the_content --><!-- AddThis Share Buttons generic via filter on the_content -->","protected":false},"excerpt":{"rendered":"<div class=\"mh-excerpt\"><p>Click Here for English H\u00e1 mais de um m\u00eas que as crian\u00e7as do Rio oficialmente voltaram \u00e0s aulas ap\u00f3s as f\u00e9rias de ver\u00e3o, mas com a falta de professores assolando a cidade milhares de alunos <a class=\"mh-excerpt-more\" href=\"https:\/\/rioonwatch.org.br\/?p=32011\" title=\"Falta de Professores Deixa Centenas Sem Escola, Refor\u00e7a Medo de Remo\u00e7\u00e3o em Rio das Pedras\">[&#8230;]<\/a><!-- AddThis Advanced Settings generic via filter on get_the_excerpt --><!-- AddThis Share Buttons generic via filter on get_the_excerpt --><\/p>\n<\/div>","protected":false},"author":129,"featured_media":32013,"comment_status":"closed","ping_status":"closed","sticky":false,"template":"","format":"standard","meta":{"_acf_changed":false,"_monsterinsights_skip_tracking":false,"_monsterinsights_sitenote_active":false,"_monsterinsights_sitenote_note":"","_monsterinsights_sitenote_category":0,"footnotes":""},"categories":[2089,1614,1621,346,1626],"tags":[413,2070,316,886,1982,1037,417,2148,839,14,1393,184],"writer":[2133],"translator":[1875],"source":[],"ilustrador":[],"fotografo":[],"class_list":{"0":"post-32011","1":"post","2":"type-post","3":"status-publish","4":"format-standard","5":"has-post-thumbnail","7":"category-monitoramento","8":"category-olhonasremocoes","9":"category-destaque","10":"category-denuncias","11":"category-por-observadores-internacionais","12":"tag-desigualdade","13":"tag-direito-a-educacao","14":"tag-educacao","15":"tag-greve-dos-professores","16":"tag-marcelo-crivella","17":"tag-moradia","18":"tag-negligencia-do-estado","19":"tag-plano-estrategico","20":"tag-prioridades-publicas-equivocadas","21":"tag-remocao","22":"tag-rio-das-pedras","23":"tag-zona-oeste","24":"writer-tyler-strobl","25":"translator-marina-hennies"},"acf":[],"yoast_head":"<!-- This site is optimized with the Yoast SEO plugin v25.6 - https:\/\/yoast.com\/wordpress\/plugins\/seo\/ -->\n<title>Falta de Professores Deixa Centenas Sem Escola, Refor\u00e7a Medo de Remo\u00e7\u00e3o em Rio das Pedras - RioOnWatch<\/title>\n<meta name=\"robots\" content=\"index, follow, max-snippet:-1, max-image-preview:large, max-video-preview:-1\" \/>\n<link rel=\"canonical\" href=\"https:\/\/rioonwatch.org.br\/?p=32011\" \/>\n<meta property=\"og:locale\" content=\"pt_BR\" \/>\n<meta property=\"og:type\" content=\"article\" \/>\n<meta property=\"og:title\" content=\"Falta de Professores Deixa Centenas Sem Escola, Refor\u00e7a Medo de Remo\u00e7\u00e3o em Rio das Pedras - RioOnWatch\" \/>\n<meta property=\"og:description\" content=\"Click Here for English H\u00e1 mais de um m\u00eas que as crian\u00e7as do Rio oficialmente voltaram \u00e0s aulas ap\u00f3s as f\u00e9rias de ver\u00e3o, mas com a falta de professores assolando a cidade milhares de alunos [...]\" \/>\n<meta property=\"og:url\" content=\"https:\/\/rioonwatch.org.br\/?p=32011\" \/>\n<meta property=\"og:site_name\" content=\"RioOnWatch\" \/>\n<meta property=\"article:published_time\" content=\"2018-03-28T11:31:33+00:00\" \/>\n<meta property=\"article:modified_time\" content=\"2018-03-29T22:12:52+00:00\" \/>\n<meta property=\"og:image\" content=\"https:\/\/rioonwatch.org.br\/wp-content\/uploads\/2018\/03\/Rio-das-Pedras.jpg\" \/>\n\t<meta property=\"og:image:width\" content=\"1500\" \/>\n\t<meta property=\"og:image:height\" content=\"1125\" \/>\n\t<meta property=\"og:image:type\" content=\"image\/jpeg\" \/>\n<meta name=\"author\" content=\"Admin\" \/>\n<meta name=\"twitter:card\" content=\"summary_large_image\" \/>\n<meta name=\"twitter:label1\" content=\"Escrito por\" \/>\n\t<meta name=\"twitter:data1\" content=\"Admin\" \/>\n\t<meta name=\"twitter:label2\" content=\"Est. tempo de leitura\" \/>\n\t<meta name=\"twitter:data2\" content=\"6 minutos\" \/>\n<script type=\"application\/ld+json\" class=\"yoast-schema-graph\">{\"@context\":\"https:\/\/schema.org\",\"@graph\":[{\"@type\":\"Article\",\"@id\":\"https:\/\/rioonwatch.org.br\/?p=32011#article\",\"isPartOf\":{\"@id\":\"https:\/\/rioonwatch.org.br\/?p=32011\"},\"author\":{\"name\":\"Admin\",\"@id\":\"https:\/\/rioonwatch.org.br\/#\/schema\/person\/11d64c290506f9df50c71b850c473f68\"},\"headline\":\"Falta de Professores Deixa Centenas Sem Escola, Refor\u00e7a Medo de Remo\u00e7\u00e3o em Rio das Pedras\",\"datePublished\":\"2018-03-28T11:31:33+00:00\",\"dateModified\":\"2018-03-29T22:12:52+00:00\",\"mainEntityOfPage\":{\"@id\":\"https:\/\/rioonwatch.org.br\/?p=32011\"},\"wordCount\":1224,\"publisher\":{\"@id\":\"https:\/\/rioonwatch.org.br\/#organization\"},\"image\":{\"@id\":\"https:\/\/rioonwatch.org.br\/?p=32011#primaryimage\"},\"thumbnailUrl\":\"https:\/\/rioonwatch.org.br\/wp-content\/uploads\/2018\/03\/Rio-das-Pedras.jpg\",\"keywords\":[\"desigualdade\",\"direito \u00e0 educa\u00e7\u00e3o\",\"educa\u00e7\u00e3o\",\"greve dos professores\",\"Marcelo Crivella\",\"moradia\",\"Neglig\u00eancia do Estado\",\"Plano Estrat\u00e9gico\",\"prioridades p\u00fablicas equivocadas\",\"Remo\u00e7\u00e3o\",\"Rio das Pedras\",\"Zona Oeste\"],\"articleSection\":[\"#Monitoramento\",\"#OlhoNasRemo\u00e7\u00f5es\",\"*Destaque\",\"Den\u00fancias\",\"Escrito por Aliados\"],\"inLanguage\":\"pt-BR\"},{\"@type\":\"WebPage\",\"@id\":\"https:\/\/rioonwatch.org.br\/?p=32011\",\"url\":\"https:\/\/rioonwatch.org.br\/?p=32011\",\"name\":\"Falta de Professores Deixa Centenas Sem Escola, Refor\u00e7a Medo de Remo\u00e7\u00e3o em Rio das Pedras - RioOnWatch\",\"isPartOf\":{\"@id\":\"https:\/\/rioonwatch.org.br\/#website\"},\"primaryImageOfPage\":{\"@id\":\"https:\/\/rioonwatch.org.br\/?p=32011#primaryimage\"},\"image\":{\"@id\":\"https:\/\/rioonwatch.org.br\/?p=32011#primaryimage\"},\"thumbnailUrl\":\"https:\/\/rioonwatch.org.br\/wp-content\/uploads\/2018\/03\/Rio-das-Pedras.jpg\",\"datePublished\":\"2018-03-28T11:31:33+00:00\",\"dateModified\":\"2018-03-29T22:12:52+00:00\",\"breadcrumb\":{\"@id\":\"https:\/\/rioonwatch.org.br\/?p=32011#breadcrumb\"},\"inLanguage\":\"pt-BR\",\"potentialAction\":[{\"@type\":\"ReadAction\",\"target\":[\"https:\/\/rioonwatch.org.br\/?p=32011\"]}]},{\"@type\":\"ImageObject\",\"inLanguage\":\"pt-BR\",\"@id\":\"https:\/\/rioonwatch.org.br\/?p=32011#primaryimage\",\"url\":\"https:\/\/rioonwatch.org.br\/wp-content\/uploads\/2018\/03\/Rio-das-Pedras.jpg\",\"contentUrl\":\"https:\/\/rioonwatch.org.br\/wp-content\/uploads\/2018\/03\/Rio-das-Pedras.jpg\",\"width\":1500,\"height\":1125},{\"@type\":\"BreadcrumbList\",\"@id\":\"https:\/\/rioonwatch.org.br\/?p=32011#breadcrumb\",\"itemListElement\":[{\"@type\":\"ListItem\",\"position\":1,\"name\":\"In\u00edcio\",\"item\":\"https:\/\/rioonwatch.org.br\/\"},{\"@type\":\"ListItem\",\"position\":2,\"name\":\"Falta de Professores Deixa Centenas Sem Escola, Refor\u00e7a Medo de Remo\u00e7\u00e3o em Rio das Pedras\"}]},{\"@type\":\"WebSite\",\"@id\":\"https:\/\/rioonwatch.org.br\/#website\",\"url\":\"https:\/\/rioonwatch.org.br\/\",\"name\":\"RioOnWatch\",\"description\":\"relatos das favelas cariocas\",\"publisher\":{\"@id\":\"https:\/\/rioonwatch.org.br\/#organization\"},\"potentialAction\":[{\"@type\":\"SearchAction\",\"target\":{\"@type\":\"EntryPoint\",\"urlTemplate\":\"https:\/\/rioonwatch.org.br\/?s={search_term_string}\"},\"query-input\":{\"@type\":\"PropertyValueSpecification\",\"valueRequired\":true,\"valueName\":\"search_term_string\"}}],\"inLanguage\":\"pt-BR\"},{\"@type\":\"Organization\",\"@id\":\"https:\/\/rioonwatch.org.br\/#organization\",\"name\":\"RioOnWatch\",\"url\":\"https:\/\/rioonwatch.org.br\/\",\"logo\":{\"@type\":\"ImageObject\",\"inLanguage\":\"pt-BR\",\"@id\":\"https:\/\/rioonwatch.org.br\/#\/schema\/logo\/image\/\",\"url\":\"https:\/\/rioonwatch.org.br\/wp-content\/uploads\/2021\/06\/RioOnWatchcabecalhoPT11anos-2.png\",\"contentUrl\":\"https:\/\/rioonwatch.org.br\/wp-content\/uploads\/2021\/06\/RioOnWatchcabecalhoPT11anos-2.png\",\"width\":779,\"height\":277,\"caption\":\"RioOnWatch\"},\"image\":{\"@id\":\"https:\/\/rioonwatch.org.br\/#\/schema\/logo\/image\/\"}},{\"@type\":\"Person\",\"@id\":\"https:\/\/rioonwatch.org.br\/#\/schema\/person\/11d64c290506f9df50c71b850c473f68\",\"name\":\"Admin\",\"image\":{\"@type\":\"ImageObject\",\"inLanguage\":\"pt-BR\",\"@id\":\"https:\/\/rioonwatch.org.br\/#\/schema\/person\/image\/\",\"url\":\"https:\/\/secure.gravatar.com\/avatar\/56211ac74568383903349a1485e3c325?s=96&d=blank&r=g\",\"contentUrl\":\"https:\/\/secure.gravatar.com\/avatar\/56211ac74568383903349a1485e3c325?s=96&d=blank&r=g\",\"caption\":\"Admin\"},\"url\":\"https:\/\/rioonwatch.org.br\/?author=129\"}]}<\/script>\n<!-- \/ Yoast SEO plugin. -->","yoast_head_json":{"title":"Falta de Professores Deixa Centenas Sem Escola, Refor\u00e7a Medo de Remo\u00e7\u00e3o em Rio das Pedras - RioOnWatch","robots":{"index":"index","follow":"follow","max-snippet":"max-snippet:-1","max-image-preview":"max-image-preview:large","max-video-preview":"max-video-preview:-1"},"canonical":"https:\/\/rioonwatch.org.br\/?p=32011","og_locale":"pt_BR","og_type":"article","og_title":"Falta de Professores Deixa Centenas Sem Escola, Refor\u00e7a Medo de Remo\u00e7\u00e3o em Rio das Pedras - RioOnWatch","og_description":"Click Here for English H\u00e1 mais de um m\u00eas que as crian\u00e7as do Rio oficialmente voltaram \u00e0s aulas ap\u00f3s as f\u00e9rias de ver\u00e3o, mas com a falta de professores assolando a cidade milhares de alunos [...]","og_url":"https:\/\/rioonwatch.org.br\/?p=32011","og_site_name":"RioOnWatch","article_published_time":"2018-03-28T11:31:33+00:00","article_modified_time":"2018-03-29T22:12:52+00:00","og_image":[{"width":1500,"height":1125,"url":"https:\/\/rioonwatch.org.br\/wp-content\/uploads\/2018\/03\/Rio-das-Pedras.jpg","type":"image\/jpeg"}],"author":"Admin","twitter_card":"summary_large_image","twitter_misc":{"Escrito por":"Admin","Est. tempo de leitura":"6 minutos"},"schema":{"@context":"https:\/\/schema.org","@graph":[{"@type":"Article","@id":"https:\/\/rioonwatch.org.br\/?p=32011#article","isPartOf":{"@id":"https:\/\/rioonwatch.org.br\/?p=32011"},"author":{"name":"Admin","@id":"https:\/\/rioonwatch.org.br\/#\/schema\/person\/11d64c290506f9df50c71b850c473f68"},"headline":"Falta de Professores Deixa Centenas Sem Escola, Refor\u00e7a Medo de Remo\u00e7\u00e3o em Rio das Pedras","datePublished":"2018-03-28T11:31:33+00:00","dateModified":"2018-03-29T22:12:52+00:00","mainEntityOfPage":{"@id":"https:\/\/rioonwatch.org.br\/?p=32011"},"wordCount":1224,"publisher":{"@id":"https:\/\/rioonwatch.org.br\/#organization"},"image":{"@id":"https:\/\/rioonwatch.org.br\/?p=32011#primaryimage"},"thumbnailUrl":"https:\/\/rioonwatch.org.br\/wp-content\/uploads\/2018\/03\/Rio-das-Pedras.jpg","keywords":["desigualdade","direito \u00e0 educa\u00e7\u00e3o","educa\u00e7\u00e3o","greve dos professores","Marcelo Crivella","moradia","Neglig\u00eancia do Estado","Plano Estrat\u00e9gico","prioridades p\u00fablicas equivocadas","Remo\u00e7\u00e3o","Rio das Pedras","Zona Oeste"],"articleSection":["#Monitoramento","#OlhoNasRemo\u00e7\u00f5es","*Destaque","Den\u00fancias","Escrito por Aliados"],"inLanguage":"pt-BR"},{"@type":"WebPage","@id":"https:\/\/rioonwatch.org.br\/?p=32011","url":"https:\/\/rioonwatch.org.br\/?p=32011","name":"Falta de Professores Deixa Centenas Sem Escola, Refor\u00e7a Medo de Remo\u00e7\u00e3o em Rio das Pedras - RioOnWatch","isPartOf":{"@id":"https:\/\/rioonwatch.org.br\/#website"},"primaryImageOfPage":{"@id":"https:\/\/rioonwatch.org.br\/?p=32011#primaryimage"},"image":{"@id":"https:\/\/rioonwatch.org.br\/?p=32011#primaryimage"},"thumbnailUrl":"https:\/\/rioonwatch.org.br\/wp-content\/uploads\/2018\/03\/Rio-das-Pedras.jpg","datePublished":"2018-03-28T11:31:33+00:00","dateModified":"2018-03-29T22:12:52+00:00","breadcrumb":{"@id":"https:\/\/rioonwatch.org.br\/?p=32011#breadcrumb"},"inLanguage":"pt-BR","potentialAction":[{"@type":"ReadAction","target":["https:\/\/rioonwatch.org.br\/?p=32011"]}]},{"@type":"ImageObject","inLanguage":"pt-BR","@id":"https:\/\/rioonwatch.org.br\/?p=32011#primaryimage","url":"https:\/\/rioonwatch.org.br\/wp-content\/uploads\/2018\/03\/Rio-das-Pedras.jpg","contentUrl":"https:\/\/rioonwatch.org.br\/wp-content\/uploads\/2018\/03\/Rio-das-Pedras.jpg","width":1500,"height":1125},{"@type":"BreadcrumbList","@id":"https:\/\/rioonwatch.org.br\/?p=32011#breadcrumb","itemListElement":[{"@type":"ListItem","position":1,"name":"In\u00edcio","item":"https:\/\/rioonwatch.org.br\/"},{"@type":"ListItem","position":2,"name":"Falta de Professores Deixa Centenas Sem Escola, Refor\u00e7a Medo de Remo\u00e7\u00e3o em Rio das Pedras"}]},{"@type":"WebSite","@id":"https:\/\/rioonwatch.org.br\/#website","url":"https:\/\/rioonwatch.org.br\/","name":"RioOnWatch","description":"relatos das favelas cariocas","publisher":{"@id":"https:\/\/rioonwatch.org.br\/#organization"},"potentialAction":[{"@type":"SearchAction","target":{"@type":"EntryPoint","urlTemplate":"https:\/\/rioonwatch.org.br\/?s={search_term_string}"},"query-input":{"@type":"PropertyValueSpecification","valueRequired":true,"valueName":"search_term_string"}}],"inLanguage":"pt-BR"},{"@type":"Organization","@id":"https:\/\/rioonwatch.org.br\/#organization","name":"RioOnWatch","url":"https:\/\/rioonwatch.org.br\/","logo":{"@type":"ImageObject","inLanguage":"pt-BR","@id":"https:\/\/rioonwatch.org.br\/#\/schema\/logo\/image\/","url":"https:\/\/rioonwatch.org.br\/wp-content\/uploads\/2021\/06\/RioOnWatchcabecalhoPT11anos-2.png","contentUrl":"https:\/\/rioonwatch.org.br\/wp-content\/uploads\/2021\/06\/RioOnWatchcabecalhoPT11anos-2.png","width":779,"height":277,"caption":"RioOnWatch"},"image":{"@id":"https:\/\/rioonwatch.org.br\/#\/schema\/logo\/image\/"}},{"@type":"Person","@id":"https:\/\/rioonwatch.org.br\/#\/schema\/person\/11d64c290506f9df50c71b850c473f68","name":"Admin","image":{"@type":"ImageObject","inLanguage":"pt-BR","@id":"https:\/\/rioonwatch.org.br\/#\/schema\/person\/image\/","url":"https:\/\/secure.gravatar.com\/avatar\/56211ac74568383903349a1485e3c325?s=96&d=blank&r=g","contentUrl":"https:\/\/secure.gravatar.com\/avatar\/56211ac74568383903349a1485e3c325?s=96&d=blank&r=g","caption":"Admin"},"url":"https:\/\/rioonwatch.org.br\/?author=129"}]}},"_links":{"self":[{"href":"https:\/\/rioonwatch.org.br\/index.php?rest_route=\/wp\/v2\/posts\/32011"}],"collection":[{"href":"https:\/\/rioonwatch.org.br\/index.php?rest_route=\/wp\/v2\/posts"}],"about":[{"href":"https:\/\/rioonwatch.org.br\/index.php?rest_route=\/wp\/v2\/types\/post"}],"author":[{"embeddable":true,"href":"https:\/\/rioonwatch.org.br\/index.php?rest_route=\/wp\/v2\/users\/129"}],"replies":[{"embeddable":true,"href":"https:\/\/rioonwatch.org.br\/index.php?rest_route=%2Fwp%2Fv2%2Fcomments&post=32011"}],"version-history":[{"count":26,"href":"https:\/\/rioonwatch.org.br\/index.php?rest_route=\/wp\/v2\/posts\/32011\/revisions"}],"predecessor-version":[{"id":32074,"href":"https:\/\/rioonwatch.org.br\/index.php?rest_route=\/wp\/v2\/posts\/32011\/revisions\/32074"}],"wp:featuredmedia":[{"embeddable":true,"href":"https:\/\/rioonwatch.org.br\/index.php?rest_route=\/wp\/v2\/media\/32013"}],"wp:attachment":[{"href":"https:\/\/rioonwatch.org.br\/index.php?rest_route=%2Fwp%2Fv2%2Fmedia&parent=32011"}],"wp:term":[{"taxonomy":"category","embeddable":true,"href":"https:\/\/rioonwatch.org.br\/index.php?rest_route=%2Fwp%2Fv2%2Fcategories&post=32011"},{"taxonomy":"post_tag","embeddable":true,"href":"https:\/\/rioonwatch.org.br\/index.php?rest_route=%2Fwp%2Fv2%2Ftags&post=32011"},{"taxonomy":"writer","embeddable":true,"href":"https:\/\/rioonwatch.org.br\/index.php?rest_route=%2Fwp%2Fv2%2Fwriter&post=32011"},{"taxonomy":"translator","embeddable":true,"href":"https:\/\/rioonwatch.org.br\/index.php?rest_route=%2Fwp%2Fv2%2Ftranslator&post=32011"},{"taxonomy":"source","embeddable":true,"href":"https:\/\/rioonwatch.org.br\/index.php?rest_route=%2Fwp%2Fv2%2Fsource&post=32011"},{"taxonomy":"ilustrador","embeddable":true,"href":"https:\/\/rioonwatch.org.br\/index.php?rest_route=%2Fwp%2Fv2%2Filustrador&post=32011"},{"taxonomy":"fotografo","embeddable":true,"href":"https:\/\/rioonwatch.org.br\/index.php?rest_route=%2Fwp%2Fv2%2Ffotografo&post=32011"}],"curies":[{"name":"wp","href":"https:\/\/api.w.org\/{rel}","templated":true}]}}