{"id":32089,"date":"2018-04-10T09:43:38","date_gmt":"2018-04-10T12:43:38","guid":{"rendered":"http:\/\/rioonwatch.org.br\/?p=32089"},"modified":"2023-05-09T09:56:32","modified_gmt":"2023-05-09T12:56:32","slug":"chuvas-no-rio-a-historia-que-se-perdeu-entre-o-carnaval-e-a-intervencao-militar","status":"publish","type":"post","link":"https:\/\/rioonwatch.org.br\/?p=32089","title":{"rendered":"Chuvas no Rio: A Hist\u00f3ria Que se Perdeu Entre o Carnaval e a Interven\u00e7\u00e3o Militar"},"content":{"rendered":"<p style=\"text-align: right;\"><em><strong><a href=\"http:\/\/bit.ly\/2HCIBsK\" target=\"_blank\" rel=\"noopener noreferrer\">Click Here for English<img decoding=\"async\" width=\"20\" height=\"20\" class=\"alignright wp-image-15790\" src=\"http:\/\/rioonwatch.org.br\/wp-content\/uploads\/2012\/08\/EN-standard-e1439583104716.jpg\" alt=\"\" \/><\/a><\/strong><\/em><\/p>\n<h3>5 de fevereiro, segunda-feira<\/h3>\n<p>Come\u00e7am as chuvas do fim do ver\u00e3o no Rio, sem grandes impactos estruturais. Com pouca for\u00e7a, a chuva \u00e9 celebrada por diminuir um pouco a temperatura. Para Cec\u00edlia Oliveira, jornalista e uma das coordenadoras do aplicativo <a href=\"https:\/\/glo.bo\/2x1VEQB\" target=\"_blank\" rel=\"noopener\">Fogo Cruzado<\/a>, que monitora tiroteios no Rio de Janeiro, a chuva \u00e9 celebrada ainda por <a href=\"http:\/\/bit.ly\/2GMZjIv\" target=\"_blank\" rel=\"noopener\">outro motivo<\/a>:<\/p>\n<blockquote><p>Janeiro foi FODA. Semana passada foi s\u00f3 Jesus na causa. Muito, muito tiro. Muitas horas seguidas de tiroteios. Tiroteios que come\u00e7avam antes das 6 horas da manh\u00e3 e estendiam at\u00e9 o in\u00edcio da noite. Muita bala perdida. Muito morador em p\u00e2nico. Fevereiro come\u00e7ou no mesmo ritmo. Insano. Esse fim de semana morreu gente pra tudo quanto \u00e9 lado. Tamb\u00e9m em blocos de carnaval&#8230; O trabalho no\u00a0<a href=\"https:\/\/www.facebook.com\/fogocruzadoapp\/?fref=mentions\">Fogo Cruzado App<\/a>\u00a0foi tenso.<\/p>\n<p>Mas hoje est\u00e1 chovendo. Aleluia! Impressionante como as balas acalmam. \u00c9 foda. A\u00a0Chuva\u00a0\u00e9 a melhor pol\u00edtica de seguran\u00e7a do Rio.<\/p><\/blockquote>\n<h3>14 de fevereiro, quarta-feira &#8211; 15 de fevereiro, quinta-feira<\/h3>\n<p>Come\u00e7ando na noite de quarta-feira de cinzas e continuando at\u00e9 as primeiras horas da manh\u00e3 de quinta, chuvas e ventos muito fortes <a href=\"https:\/\/glo.bo\/2pRbt8O\" target=\"_blank\" rel=\"noopener\">colocam a cidade em est\u00e1gio de crise<\/a>. Trata-se de uma das maiores chuvas j\u00e1 registradas pelo Centro de Opera\u00e7\u00f5es da Prefeitura.<\/p>\n<p>Noemy Farneze, moradora da <a href=\"http:\/\/bit.ly\/10BzE4e\" target=\"_blank\" rel=\"noopener\">Cidade de Deus<\/a> e editora chefe do portal <a href=\"http:\/\/bit.ly\/2IyVLpI\" target=\"_blank\" rel=\"noopener\">CDD na Web<\/a>, diz que os relatos come\u00e7aram na p\u00e1gina do Facebook, no Whatsapp e no telefone assim que a chuva come\u00e7ou. &#8220;Trata-se de uma comunidade com mais de 60 mil habitantes e \u00e1reas de pobreza extrema, que foram consequentemente as \u00e1reas mais afetadas. Muita gente perdeu tudo, m\u00f3veis, roupas e comidas.&#8221;<\/p>\n<p><a href=\"http:\/\/rioonwatch.org.br\/wp-content\/uploads\/2018\/04\/casa-nathan2.jpg\"><img fetchpriority=\"high\" decoding=\"async\" class=\"alignright wp-image-32233\" title=\"Casa do Nathan. Foto: Nathan Borges\" src=\"http:\/\/rioonwatch.org.br\/wp-content\/uploads\/2018\/04\/casa-nathan2-465x620.jpg\" alt=\"\" width=\"300\" height=\"400\" srcset=\"https:\/\/rioonwatch.org.br\/wp-content\/uploads\/2018\/04\/casa-nathan2-465x620.jpg 465w, https:\/\/rioonwatch.org.br\/wp-content\/uploads\/2018\/04\/casa-nathan2-198x264.jpg 198w, https:\/\/rioonwatch.org.br\/wp-content\/uploads\/2018\/04\/casa-nathan2-768x1024.jpg 768w, https:\/\/rioonwatch.org.br\/wp-content\/uploads\/2018\/04\/casa-nathan2.jpg 960w\" sizes=\"(max-width: 300px) 100vw, 300px\" \/><\/a>Nathan Borges, nascido e criado na comunidade, relembra aquela noite: &#8220;Eu e minha m\u00e3e est\u00e1vamos assistindo a apura\u00e7\u00e3o, depois o jogo do Vasco. Tudo normal. A\u00ed come\u00e7ou a chover. Acho que eram sete horas. Uma chuva forte, de ver\u00e3o. Mas normal. O rio tava cheio, mas n\u00e3o tinha transbordado ainda. Mas a favela tava cheia de lixo. Os garis estavam em paralisa\u00e7\u00e3o, algo assim, por causa do carnaval. A\u00ed, claro, alagou. Mas foi muito r\u00e1pido. Muito muito r\u00e1pido. Minha m\u00e3e j\u00e1 tinha passado pela enchente de 96 e ficou no desespero &#8216;Vai alagar, vai alagar, sobe as coisas&#8217;. Quando come\u00e7ou a entrar \u00e1gua ela desabou, come\u00e7ou a chorar&#8221;.<\/p>\n<p>Ainda segundo Nathan: &#8220;Minha av\u00f3 n\u00e3o anda, subimos com ela correndo pro segundo andar, a \u00e1gua j\u00e1 estava no segundo andar. Quando eu desci pra buscar meus documentos, a \u00e1gua j\u00e1 estava no joelho. Foi tipo um minuto e meio depois. Quando eu voltei pra desligar o disjuntor, pra ningu\u00e9m levar choque [se a luz voltasse], ela tava na cintura. Dentro de casa! Na rua tava no meio da minha barriga. E olha que eu tenho 1,71! Era muito lixo. Rato, barata. Foi bem tenso.&#8221;<\/p>\n<p>A preocupa\u00e7\u00e3o com desligar o disjuntor \u00e9 perversa e desnuda mais uma dimens\u00e3o da desigualdade que assola a cidade&#8211;em outras partes da cidade ela n\u00e3o faz parte do imagin\u00e1rio dos moradores. &#8220;Por &#8216;sorte&#8217; a luz acabou antes da enchente e evitou que houvesse energiza\u00e7\u00e3o el\u00e9trica na \u00e1gua&#8221;, confirma Noemy.<\/p>\n<p>\u00c0s 3h da madrugada a luz retorna na maioria das casas, mas alguns lugares onde \u00e1rvores ca\u00edram sobre a fia\u00e7\u00e3o ficaram sem luz por mais de 24 horas. E a falta de luz n\u00e3o \u00e9 o \u00fanico preju\u00edzo que os moradores enfrentam: &#8220;No dia seguinte n\u00f3s descemos pra ver. A minha casa fica um degrau pra baixo. Ent\u00e3o a gente teve que tirar a \u00e1gua. J\u00e1 tinha baixado a \u00e1gua na rua, mas tivemos que abrir a porta e tirar a \u00e1gua de dentro de casa [que n\u00e3o escoou]. A\u00ed era um monte de lixo. Geladeira virou. Minha cama, que \u00e9 de puxar, eu perdi. O guarda-roupa ficou pela metade, caindo&#8221;, completa Nathan, mas sem parecer se deixar abater.<\/p>\n<p>Pelo contr\u00e1rio, ele demonstra uma determina\u00e7\u00e3o excepcional para um menino de 17 anos: &#8220;Agora t\u00e1 mais tranquilo. Galera ajudou, a fam\u00edlia e os amigos. A gente s\u00f3 conseguiu limpar tudo tr\u00eas dias depois. Conseguimos mobilizar cinco pessoas.&#8221; Mesmo diante da demanda de ajudar a fam\u00edlia e estudar, Nathan ainda \u00e9 professor de teatro na <a href=\"http:\/\/bit.ly\/2AVx9nC\" target=\"_blank\" rel=\"noopener\">Associa\u00e7\u00e3o Semente da Vida<\/a> (ASVI) e trabalha como produtor de um DJ tamb\u00e9m da CDD.<\/p>\n<p><a href=\"http:\/\/rioonwatch.org.br\/wp-content\/uploads\/2018\/04\/alem\u00e3o-voz-das-comunidades.jpg\"><img decoding=\"async\" class=\"alignright wp-image-32234\" title=\"Buraco em casa de morador do Alem\u00e3o. Foto: Voz das Comunidades.\" src=\"http:\/\/rioonwatch.org.br\/wp-content\/uploads\/2018\/04\/alem\u00e3o-voz-das-comunidades.jpg\" alt=\"\" width=\"301\" height=\"200\" srcset=\"https:\/\/rioonwatch.org.br\/wp-content\/uploads\/2018\/04\/alem\u00e3o-voz-das-comunidades.jpg 448w, https:\/\/rioonwatch.org.br\/wp-content\/uploads\/2018\/04\/alem\u00e3o-voz-das-comunidades-397x264.jpg 397w\" sizes=\"(max-width: 301px) 100vw, 301px\" \/><\/a>Para aqueles que n\u00e3o tiveram a sorte de contar com a ajuda de familiares e amigos, os integrantes da CDD na Web e outros moradores se organizaram para recolher doa\u00e7\u00f5es. &#8220;Intensificamos as ajudas para a regi\u00e3o do Brejo,\u00a0atr\u00e1s do Carat\u00ea, que \u00e9 a regi\u00e3o mais prec\u00e1ria da comunidade e l\u00e1 pudemos doar n\u00e3o s\u00f3 comida, roupa e \u00e1gua, mas tamb\u00e9m fraldas e leite.&#8221;<\/p>\n<p>N\u00e3o \u00e9 s\u00f3 na Cidade de Deus que a chuva teve consequ\u00eancias dram\u00e1ticas.\u00a0<a href=\"https:\/\/glo.bo\/2JoAccK\" target=\"_blank\" rel=\"noopener\">Quatro pessoas morreram e cerca de 2000 ficam desabrigadas<\/a> na cidade do Rio de Janeiro. O maior n\u00famero de desabrigados est\u00e1 no <a href=\"http:\/\/bit.ly\/U0MiGm\" target=\"_blank\" rel=\"noopener\">Complexo do Alem\u00e3o<\/a>. S\u00f3 na localidade do Parque Everest, s\u00e3o 250 fam\u00edlias atendidas pela Secretaria de Assist\u00eancia Social e Direitos Humanos, 41 casas interditadas e um adolescente morto v\u00edtima de desabamento. Na parte baixa da comunidade, a lama transborda do <a href=\"http:\/\/bit.ly\/2y9noUW\" target=\"_blank\" rel=\"noopener\">Rio Faria Timb\u00f3<\/a>&#8211;n\u00e3o pela primeira vez.<\/p>\n<p><iframe style=\"border: none; overflow: hidden;\" src=\"https:\/\/www.facebook.com\/plugins\/video.php?href=https%3A%2F%2Fwww.facebook.com%2Fvozdascomunidades%2Fvideos%2F1893571150714190%2F&amp;show_text=0&amp;width=620\" width=\"620\" height=\"349\" frameborder=\"0\" scrolling=\"no\" allowfullscreen=\"allowfullscreen\"><span data-mce-type=\"bookmark\" style=\"display: inline-block; width: 0px; overflow: hidden; line-height: 0;\" class=\"mce_SELRES_start\">\ufeff<\/span><span data-mce-type=\"bookmark\" style=\"display: inline-block; width: 0px; overflow: hidden; line-height: 0;\" class=\"mce_SELRES_start\">\ufeff<\/span><span data-mce-type=\"bookmark\" style=\"display: inline-block; width: 0px; overflow: hidden; line-height: 0;\" class=\"mce_SELRES_start\">\ufeff<\/span><\/iframe><\/p>\n<p>N\u00e3o por coincid\u00eancia, as ocorr\u00eancias de fam\u00edlias desalojadas segue um padr\u00e3o territorial: concentram-se nas <a href=\"http:\/\/bit.ly\/WximDf\" target=\"_blank\" rel=\"noopener\">Zonas Norte<\/a> e <a href=\"http:\/\/bit.ly\/11tBmFR\" target=\"_blank\" rel=\"noopener\">Oeste<\/a> e t\u00eam maior frequ\u00eancia em favelas, onde a infraestrutura que deveria ser provida pelo Estado \u00e9 mais fr\u00e1gil. Al\u00e9m do Alem\u00e3o, s\u00e3o 120 fam\u00edlias no <a href=\"http:\/\/bit.ly\/2qaFIqP\" target=\"_blank\" rel=\"noopener\">Jardim Maravilha<\/a>, um loteamento residencial em Campo Grande, quatro fam\u00edlias no <a href=\"http:\/\/bit.ly\/1j7gRLL\" target=\"_blank\" rel=\"noopener\">Morro dos Macacos<\/a>, em Vila Isabel, 16 no <a href=\"http:\/\/bit.ly\/19t7wK0\" target=\"_blank\" rel=\"noopener\">Jacarezinho<\/a>, e 25 na <a href=\"http:\/\/bit.ly\/2DoNvY0\" target=\"_blank\" rel=\"noopener\">Serrinha<\/a>\u00a0em Madureira. Colchonetes e cestas b\u00e1sicas est\u00e3o sendo distribu\u00eddos e algumas fam\u00edlias pedem acolhimento \u00e0s autoridades.<\/p>\n<p>Para al\u00e9m das fam\u00edlias desalojadas, o abastecimento de luz e de \u00e1gua \u00e9 interrompido em diversas partes da cidade. O Prefeito\u00a0<a href=\"http:\/\/bit.ly\/2cIlnDw\" target=\"_blank\" rel=\"noopener\">Marcelo Crivella<\/a>, <a href=\"https:\/\/glo.bo\/2uRcHG7\" target=\"_blank\" rel=\"noopener\">em viagem pol\u00eamica \u00e0 Europa naquele momento<\/a>, se disse estar\u00a0<a href=\"http:\/\/bit.ly\/2GEkRqW\" target=\"_blank\" rel=\"noopener\">acompanhando a situa\u00e7\u00e3o \u00e0 dist\u00e2ncia<\/a>.<\/p>\n<p>Enquanto isso, moradores se organizam para\u00a0receber e entregar doa\u00e7\u00f5es. No Jacarezinho, moradores come\u00e7am a <a href=\"https:\/\/glo.bo\/2IvtMre\" target=\"_blank\" rel=\"noopener\">oferecer o que t\u00eam para doar<\/a> em um grupo da comunidade antes mesmo de aparecerem outros moradores pedindo doa\u00e7\u00f5es. No Alem\u00e3o,\u00a0integrantes do jornal <a href=\"http:\/\/bit.ly\/18u3bEe\" target=\"_blank\" rel=\"noopener\">Voz das Comunidades<\/a> recolhem \u00e1gua e produtos de higiene. Em <a href=\"http:\/\/bit.ly\/13ZsHgY\" target=\"_blank\" rel=\"noopener\">Acari<\/a>, o <a href=\"http:\/\/bit.ly\/2qXwltl\" target=\"_blank\" rel=\"noopener\">Coletivo Fala Akari<\/a> e o <a href=\"http:\/\/bit.ly\/2qb3jII\" target=\"_blank\" rel=\"noopener\">Centro Cultural Poeta Deley de Acari<\/a> criam um <a href=\"http:\/\/bit.ly\/2EnQYVD\" target=\"_blank\" rel=\"noopener\">Grupo de Trabalho de Emerg\u00eancia<\/a>\u00a0para recolher cestas b\u00e1sicas, roupas de cama e vestu\u00e1rio para mais de 100 fam\u00edlias afetadas pela chuva. Em <a href=\"http:\/\/bit.ly\/ZC9b6z\" target=\"_blank\" rel=\"noopener\">Manguinhos<\/a>, a diretora do\u00a0Col\u00e9gio Cl\u00f3vis Monteiro recolhe tamb\u00e9m doa\u00e7\u00f5es.<\/p>\n<p><a href=\"http:\/\/rioonwatch.org.br\/wp-content\/uploads\/2018\/04\/manguinhos.jpg\"><img loading=\"lazy\" decoding=\"async\" class=\"aligncenter wp-image-32230 size-medium\" src=\"http:\/\/rioonwatch.org.br\/wp-content\/uploads\/2018\/04\/manguinhos-620x620.jpg\" alt=\"\" width=\"620\" height=\"620\" srcset=\"https:\/\/rioonwatch.org.br\/wp-content\/uploads\/2018\/04\/manguinhos-620x620.jpg 620w, https:\/\/rioonwatch.org.br\/wp-content\/uploads\/2018\/04\/manguinhos-264x264.jpg 264w, https:\/\/rioonwatch.org.br\/wp-content\/uploads\/2018\/04\/manguinhos-768x768.jpg 768w, https:\/\/rioonwatch.org.br\/wp-content\/uploads\/2018\/04\/manguinhos.jpg 960w\" sizes=\"(max-width: 620px) 100vw, 620px\" \/><\/a><\/p>\n<h3>16 de fevereiro, sexta-feira<\/h3>\n<p>Moradores de\u00a0<a href=\"http:\/\/bit.ly\/16xn6zX\" target=\"_blank\" rel=\"noopener\">Muzema<\/a>, na Zona Oeste, denunciam que mais de um dia depois a luz ainda n\u00e3o foi restabelecida: &#8220;J\u00e1 s\u00e3o mais de 24 horas que estamos sem energia na nossa casa [&#8230;]. Ningu\u00e9m atende. A Light, a gente liga direto e ningu\u00e9m atende&#8221;, diz um morador. Segundo a <a href=\"http:\/\/bit.ly\/2Ig78Tj\" target=\"_blank\" rel=\"noopener\">reportagem<\/a>, a <a href=\"http:\/\/bit.ly\/2dvU1kM\" target=\"_blank\" rel=\"noopener\">Light<\/a> informa n\u00e3o ter data para corrigir os problemas. <a href=\"http:\/\/bit.ly\/2GIHZR3\" target=\"_blank\" rel=\"noopener\">Moradores da Cidade de Deus fecham vias da Avenida Ayrton Senna<\/a> em protesto contra a falta de energia.<\/p>\n<p>A prefeitura estima que\u00a0<a href=\"https:\/\/glo.bo\/2pPu9pw\" target=\"_blank\" rel=\"noopener\">100.000 pessoas ainda estejam sem luz<\/a>. A seletividade da empresa Light fica clara na rapidez com que o servi\u00e7o \u00e9 retomado em bairros da <a href=\"http:\/\/bit.ly\/1mNsDyk\" target=\"_blank\" rel=\"noopener\">Zona Sul<\/a>, em compara\u00e7\u00e3o com os das Zonas Norte e Oeste.<\/p>\n<p><a href=\"https:\/\/glo.bo\/2pPu9pw\" target=\"_blank\" rel=\"noopener\">Moradores da Vila Kennedy ocupam<\/a> trechos da Avenida Brasil em protesto devido ao n\u00e3o restabelecimento da energia. Outros continuam desabrigados. As den\u00fancias do descaso da Light e da falta de preparo da cidade para lidar com os efeitos da chuva, no entanto, d\u00e3o lugar nos jornais ao an\u00fancio da <a href=\"http:\/\/bit.ly\/2t2ARfU\" target=\"_blank\" rel=\"noopener\">interven\u00e7\u00e3o militar federal<\/a>.<\/p>\n<h3>17 de fevereiro, s\u00e1bado<\/h3>\n<p>Crivella volta de viagem e diz que o Rio de Janeiro <a href=\"https:\/\/glo.bo\/2JmURho\" target=\"_blank\" rel=\"noopener\">reagiu bem \u00e0s chuvas<\/a>.\u00a0Diante do sil\u00eancio dos jornais para al\u00e9m da declara\u00e7\u00e3o de Crivella, Luiz Baltar, fot\u00f3grafo e integrante do coletivo <a href=\"http:\/\/bit.ly\/nGIcHn\" target=\"_blank\" rel=\"noopener\">Favela em Foco<\/a>, posta em seu Facebook:<\/p>\n<blockquote><p>N\u00e3o est\u00e1 na m\u00eddia, por isso n\u00e3o \u00e9 pauta das postagens do Facebook, mas existem centenas de fam\u00edlias atingidas pelo temporal, que perderam tudo e ainda est\u00e3o sem luz.<\/p>\n<p>Diversas comunidades e favelas do Rio est\u00e3o sofrendo com a trag\u00e9dia provocada pelas chuvas da madrugada de quinta-feira. Alem\u00e3o, Manguinhos, Jacar\u00e9, ruas pr\u00f3ximas a Avenida dos Democr\u00e1ticos e todo entorno do Rio Faria Timb\u00f3 foram atingidos, s\u00e3o centenas de fam\u00edlias que perderam tudo. Em alguns pontos a \u00e1gua passou dos 2 metros, derrubando muros e paredes. Muita lama e lixo acumulado nas ruas esperando a a\u00e7\u00e3o das poucas equipes da Comlurb. A imprensa n\u00e3o est\u00e1 dando a devida aten\u00e7\u00e3o para essa trag\u00e9dia e os atingidos continuam desamparados contando apenas com a solidariedade da sociedade organizada. Existem diversos locais que est\u00e3o recebendo doa\u00e7\u00f5es.<\/p><\/blockquote>\n<h3>19 de fevereiro, segunda-feira<\/h3>\n<p>A organiza\u00e7\u00e3o\u00a0<a href=\"http:\/\/bit.ly\/2qABIiE\" target=\"_blank\" rel=\"noopener\">Meu Rio<\/a> lan\u00e7a campanha &#8220;<a href=\"http:\/\/bit.ly\/2sIRop2\" target=\"_blank\" rel=\"noopener\">Chuva de Solidariedade<\/a>&#8221; para arrecadar doa\u00e7\u00f5es de alimentos, \u00e1gua e m\u00f3veis para fam\u00edlias que perderam m\u00f3veis e casas nas favelas de\u00a0Acari, Alem\u00e3o, Cidade de Deus e Manguinhos. Al\u00e9m de arrecadar doa\u00e7\u00f5es, a campanha visa conectar pessoas que pudessem receb\u00ea-las e lev\u00e1-las para as comunidades. O Meu Rio promete, ainda, <a href=\"http:\/\/bit.ly\/2rYFc3h\" target=\"_blank\" rel=\"noopener\">continuar acompanhando<\/a> os investimentos da prefeitura em obras de conten\u00e7\u00e3o de trag\u00e9dias.<\/p>\n<p><iframe style=\"border: none; overflow: hidden;\" src=\"https:\/\/www.facebook.com\/plugins\/video.php?href=https%3A%2F%2Fwww.facebook.com%2Fmeurio%2Fvideos%2F1872135529485677%2F&amp;show_text=0&amp;width=620\" width=\"620\" height=\"349\" frameborder=\"0\" scrolling=\"no\" allowfullscreen=\"allowfullscreen\"><span data-mce-type=\"bookmark\" style=\"display: inline-block; width: 0px; overflow: hidden; line-height: 0;\" class=\"mce_SELRES_start\">\ufeff<\/span><\/iframe><\/p>\n<h3>20 de fevereiro, ter\u00e7a-feira<\/h3>\n<p>A vereadora <a href=\"http:\/\/bit.ly\/2ibXBBl\" target=\"_blank\" rel=\"noopener\">Marielle Franco<\/a>\u00a0faz <a href=\"http:\/\/bit.ly\/2JwaNOi\" target=\"_blank\" rel=\"noopener\">seu \u00faltimo discurso<\/a> na C\u00e2mara dos Vereadores do Rio questionando a interven\u00e7\u00e3o militar. Al\u00e9m de demonstrar preocupa\u00e7\u00e3o sobre &#8220;para onde a ponta do fuzil vai estar apontada&#8221;, ela tamb\u00e9m critica a incapacidade de priorizar esfor\u00e7os por parte do governo em rela\u00e7\u00e3o \u00e0s consequ\u00eancias das chuvas: \u201cEu quero saber qual \u00e9 a responsabilidade dos legisladores, e que n\u00e3o est\u00e3o atentando para a gravidade do momento, que se fala na interven\u00e7\u00e3o federal, na interven\u00e7\u00e3o militar&#8211;mas a gente n\u00e3o passou agora por um problema que deveria ter tido uma interven\u00e7\u00e3o direta nessa situa\u00e7\u00e3o na cidade do Rio de Janeiro com a \u00faltima chuva de quinta-feira?! A situa\u00e7\u00e3o de calamidade, aonde se apresenta que no \u00faltimo ano n\u00e3o ocorreu a interven\u00e7\u00e3o [de investimentos em mitiga\u00e7\u00e3o de risco] que deveria ter sido feita!\u201d.<\/p>\n<p><iframe style=\"border: none; overflow: hidden;\" src=\"https:\/\/www.facebook.com\/plugins\/video.php?href=https%3A%2F%2Fwww.facebook.com%2FMarielleFrancoPSOL%2Fvideos%2F535872706798326%2F&amp;show_text=0&amp;width=620\" width=\"620\" height=\"349\" frameborder=\"0\" scrolling=\"no\" allowfullscreen=\"allowfullscreen\"><\/iframe><\/p>\n<h3>21 de fevereiro, quarta-feira<\/h3>\n<p>Novas chuvas castigam o Rio. Novamente, Crivella encontra-se fora da cidade. Est\u00e1 em Bras\u00edlia pedindo recursos para &#8220;<a href=\"https:\/\/glo.bo\/2J2ddnP\" target=\"_blank\" rel=\"noopener\">realiza\u00e7\u00e3o de projetos sociais em \u00e1reas conflagradas pelo crime organizado<\/a>&#8220;, argumentando que a interven\u00e7\u00e3o militar n\u00e3o era suficiente, mas era preciso investir tamb\u00e9m na \u00e1rea social. At\u00e9 o momento, n\u00e3o se viu investimentos nas \u00e1reas que ele considera &#8220;conflagradas pelo crime organizado&#8221;, sejam eles sociais ou de infraestrutura para conter os efeitos das chuvas.<\/p>\n<p>Diante das novas chuvas, o prefeito\u00a0<a href=\"https:\/\/glo.bo\/2Hh8oqk\" target=\"_blank\" rel=\"noopener\">faz at\u00e9 piada<\/a>: &#8220;L\u00e1 em S\u00e3o Paulo tamb\u00e9m tem enchente. V\u00e3o at\u00e9 lan\u00e7ar um programa novo: o Balsa Fam\u00edlia!&#8221;.<\/p>\n<h3>4 de abril, quarta-feira<\/h3>\n<p>Sete semanas depois do desastre, a prefeitura do Rio libera <a href=\"http:\/\/bit.ly\/UBbISE\" target=\"_blank\" rel=\"noopener\">aluguel social<\/a> para 270 fam\u00edlias no Complexo do Alem\u00e3o, em sua maioria do Parque Everest, resultado da luta da Comiss\u00e3o de Moradia da comunidade, que articula a demanda pelos alugueis desde a \u00e9poca das obras do <a href=\"http:\/\/bit.ly\/2i8S9ze\" target=\"_blank\" rel=\"noopener\">PAC<\/a>.\u00a0&#8220;Nossa luta maior \u00e9 contra o governo do Estado. Mas a\u00ed teve a chuva do dia 15 e o Parque Everest foi muito atingido. Essas fam\u00edlias est\u00e3o sendo removidas pela prefeitura&#8221;, diz Camila Santos, moradora do Alem\u00e3o e integrante da Comiss\u00e3o que foi removida da <a href=\"http:\/\/bit.ly\/1Hr116e\" target=\"_blank\" rel=\"noopener\">Favelinha da Skol<\/a> <a href=\"http:\/\/bit.ly\/2cjFrcg\" target=\"_blank\" rel=\"noopener\">por conta das obras do PAC<\/a>.<\/p>\n<p><iframe style=\"border: none; overflow: hidden;\" src=\"https:\/\/www.facebook.com\/plugins\/video.php?href=https%3A%2F%2Fwww.facebook.com%2Fvozdascomunidades%2Fvideos%2F1895268513877787%2F&amp;show_text=0&amp;width=620\" width=\"620\" height=\"349\" frameborder=\"0\" scrolling=\"no\" allowfullscreen=\"allowfullscreen\"><span data-mce-type=\"bookmark\" style=\"display: inline-block; width: 0px; overflow: hidden; line-height: 0;\" class=\"mce_SELRES_start\">\ufeff<\/span><span data-mce-type=\"bookmark\" style=\"display: inline-block; width: 0px; overflow: hidden; line-height: 0;\" class=\"mce_SELRES_start\">\ufeff<\/span><\/iframe><\/p>\n<p>&#8220;O Parque Everest existe h\u00e1 25 anos e h\u00e1 25 anos sofre com as enchentes. Eu morei l\u00e1 durante algum tempo. As fam\u00edlias n\u00e3o querem ser removidas, porque t\u00eam uma hist\u00f3ria de vida ali. Mas s\u00e3o 25 anos perdendo tudo. A demanda \u00e9 por moradia digna. A prefeitura diz que vai construir apartamentos aqui mesmo ao longo da Avenida Itaoca. Mas enquanto eles s\u00e3o constru\u00eddos o povo precisa ser inclu\u00eddo no aluguel social. Assim podem escolher onde morar&#8221;, diz Camila.<\/p>\n<p>O pagamento ser\u00e1 feito em conta do\u00a0Banco do Brasil e n\u00e3o da Caixa Econ\u00f4mica, como \u00e9 feito das fam\u00edlias que j\u00e1 recebiam o benef\u00edcio, criando um obst\u00e1culo burocr\u00e1tico ao acesso ao dinheiro at\u00e9 essas pessoas terem tempo dispon\u00edvel para abrir a conta. &#8220;\u00c9 um processo. N\u00e3o cadastra a pessoa e no mesmo dia chega o aluguel, mesmo se a casa tiver desabado. S\u00f3 come\u00e7a a receber meses depois. A Defesa Civil veio, deu laudo de interdi\u00e7\u00e3o para todo mundo. A\u00ed o Crivella viu que n\u00e3o tinha jeito. No dia 6 de mar\u00e7o ele anunciou que ia remover a comunidade. A\u00ed a <a href=\"http:\/\/bit.ly\/YZhkF9\" target=\"_blank\" rel=\"noopener\">SMH<\/a> [Secretaria Municipal de Habita\u00e7\u00e3o] veio na comunidade para come\u00e7ar a cadastrar [para receber o aluguel social]. N\u00e3o \u00e9 simples, tem que ir de casa em casa, tem que ter todos os documentos, se for casado tem que ter os documentos do companheiro ou companheira tamb\u00e9m. Tem que tirar foto, medir a casa. Demora muito. Parece que tudo \u00e9 feito para atrasar, porque \u00e9 pra pobre&#8221;, coloca Camila.<\/p>\n<p>At\u00e9 o momento de publica\u00e7\u00e3o da mat\u00e9ria, as fam\u00edlias atingidas do Parque Everest ainda n\u00e3o tinham recebido o benef\u00edcio. A maioria est\u00e1 em casa de familiares. Na casa de Nathan, s\u00f3 uma lembran\u00e7a: &#8220;T\u00e1 com marca d\u2019\u00e1gua na parede ainda, tem que pintar&#8221;.\u00a0A temporada das grandes chuvas passou, mas sem <a href=\"http:\/\/bit.ly\/2ctU3Z3\" target=\"_blank\" rel=\"noopener\">obras p\u00fablicas<\/a> de <a href=\"http:\/\/bit.ly\/RiscoFavelas\" target=\"_blank\" rel=\"noopener\">conten\u00e7\u00e3o de encostas<\/a> e drenagem, coleta de lixo regular, mecanismos de resposta r\u00e1pida eficientes, entre outros, os mesmos efeitos s\u00e3o esperados nas pr\u00f3ximas chuvas, como ocorreram nos anos anteriores.<\/p>\n<!-- AddThis Advanced Settings generic via filter on the_content --><!-- AddThis Share Buttons generic via filter on the_content -->","protected":false},"excerpt":{"rendered":"<div class=\"mh-excerpt\"><p>Click Here for English 5 de fevereiro, segunda-feira Come\u00e7am as chuvas do fim do ver\u00e3o no Rio, sem grandes impactos estruturais. Com pouca for\u00e7a, a chuva \u00e9 celebrada por diminuir um pouco a temperatura. Para <a class=\"mh-excerpt-more\" href=\"https:\/\/rioonwatch.org.br\/?p=32089\" title=\"Chuvas no Rio: A Hist\u00f3ria Que se Perdeu Entre o Carnaval e a Interven\u00e7\u00e3o Militar\">[&#8230;]<\/a><!-- AddThis Advanced Settings generic via filter on get_the_excerpt --><!-- AddThis Share Buttons generic via filter on get_the_excerpt --><\/p>\n<\/div>","protected":false},"author":152,"featured_media":32226,"comment_status":"closed","ping_status":"closed","sticky":false,"template":"","format":"standard","meta":{"_acf_changed":false,"_monsterinsights_skip_tracking":false,"_monsterinsights_sitenote_active":false,"_monsterinsights_sitenote_note":"","_monsterinsights_sitenote_category":0,"footnotes":""},"categories":[2089,1614,1621,346],"tags":[1478,592,17,214,11,554,217,1527,1743,324,599,635,636,1982,2033,1299,1037,728,84,372,417,36,2327,258,2010,544,2003,218,184,383],"writer":[1994],"translator":[],"source":[],"ilustrador":[],"fotografo":[],"class_list":{"0":"post-32089","1":"post","2":"type-post","3":"status-publish","4":"format-standard","5":"has-post-thumbnail","7":"category-monitoramento","8":"category-olhonasremocoes","9":"category-destaque","10":"category-denuncias","11":"tag-a-espera-de-habitacao-publica","12":"tag-acari","13":"tag-aluguel-social","14":"tag-carnaval","15":"tag-chuvas","16":"tag-cidade-de-deus","17":"tag-complexo-do-alemao","18":"tag-favela-da-skol","19":"tag-favela-em-foco","20":"tag-infraestrutura","21":"tag-jacarezinho","22":"tag-light","23":"tag-manguinhos","24":"tag-marcelo-crivella","25":"tag-marielle-franco","26":"tag-meu-rio","27":"tag-moradia","28":"tag-moradias-precarias","29":"tag-morro-dos-macacos","30":"tag-muzema","31":"tag-negligencia-do-estado","32":"tag-pac","33":"tag-parque-everest","34":"tag-smh","35":"tag-serrinha","36":"tag-vila-kennedy","37":"tag-voz-das-comunidades","38":"tag-zona-norte","39":"tag-zona-oeste","40":"tag-zona-sul","41":"writer-luisa-fenizola"},"acf":[],"yoast_head":"<!-- This site is optimized with the Yoast SEO plugin v25.6 - https:\/\/yoast.com\/wordpress\/plugins\/seo\/ -->\n<title>Chuvas no Rio: A Hist\u00f3ria Que se Perdeu Entre o Carnaval e a Interven\u00e7\u00e3o Militar - RioOnWatch<\/title>\n<meta name=\"robots\" content=\"index, follow, max-snippet:-1, max-image-preview:large, max-video-preview:-1\" \/>\n<link rel=\"canonical\" href=\"https:\/\/rioonwatch.org.br\/?p=32089\" \/>\n<meta property=\"og:locale\" content=\"pt_BR\" \/>\n<meta property=\"og:type\" content=\"article\" \/>\n<meta property=\"og:title\" content=\"Chuvas no Rio: A Hist\u00f3ria Que se Perdeu Entre o Carnaval e a Interven\u00e7\u00e3o Militar - RioOnWatch\" \/>\n<meta property=\"og:description\" content=\"Click Here for English 5 de fevereiro, segunda-feira Come\u00e7am as chuvas do fim do ver\u00e3o no Rio, sem grandes impactos estruturais. Com pouca for\u00e7a, a chuva \u00e9 celebrada por diminuir um pouco a temperatura. Para [...]\" \/>\n<meta property=\"og:url\" content=\"https:\/\/rioonwatch.org.br\/?p=32089\" \/>\n<meta property=\"og:site_name\" content=\"RioOnWatch\" \/>\n<meta property=\"article:published_time\" content=\"2018-04-10T12:43:38+00:00\" \/>\n<meta property=\"article:modified_time\" content=\"2023-05-09T12:56:32+00:00\" \/>\n<meta property=\"og:image\" content=\"https:\/\/rioonwatch.org.br\/wp-content\/uploads\/2018\/04\/estragos-rio-higienopolis.jpg\" \/>\n\t<meta property=\"og:image:width\" content=\"1600\" \/>\n\t<meta property=\"og:image:height\" content=\"1002\" \/>\n\t<meta property=\"og:image:type\" content=\"image\/jpeg\" \/>\n<meta name=\"author\" content=\"Luisa Fenizola\" \/>\n<meta name=\"twitter:card\" content=\"summary_large_image\" \/>\n<meta name=\"twitter:label1\" content=\"Escrito por\" \/>\n\t<meta name=\"twitter:data1\" content=\"Luisa Fenizola\" \/>\n\t<meta name=\"twitter:label2\" content=\"Est. tempo de leitura\" \/>\n\t<meta name=\"twitter:data2\" content=\"12 minutos\" \/>\n<script type=\"application\/ld+json\" class=\"yoast-schema-graph\">{\"@context\":\"https:\/\/schema.org\",\"@graph\":[{\"@type\":\"Article\",\"@id\":\"https:\/\/rioonwatch.org.br\/?p=32089#article\",\"isPartOf\":{\"@id\":\"https:\/\/rioonwatch.org.br\/?p=32089\"},\"author\":{\"name\":\"Luisa Fenizola\",\"@id\":\"https:\/\/rioonwatch.org.br\/#\/schema\/person\/f443c6b55bb6e80842280318076491c5\"},\"headline\":\"Chuvas no Rio: A Hist\u00f3ria Que se Perdeu Entre o Carnaval e a Interven\u00e7\u00e3o Militar\",\"datePublished\":\"2018-04-10T12:43:38+00:00\",\"dateModified\":\"2023-05-09T12:56:32+00:00\",\"mainEntityOfPage\":{\"@id\":\"https:\/\/rioonwatch.org.br\/?p=32089\"},\"wordCount\":2346,\"publisher\":{\"@id\":\"https:\/\/rioonwatch.org.br\/#organization\"},\"image\":{\"@id\":\"https:\/\/rioonwatch.org.br\/?p=32089#primaryimage\"},\"thumbnailUrl\":\"https:\/\/rioonwatch.org.br\/wp-content\/uploads\/2018\/04\/estragos-rio-higienopolis.jpg\",\"keywords\":[\"\u00c0 espera de habita\u00e7\u00e3o p\u00fablica\",\"Acari\",\"Aluguel social\",\"carnaval\",\"chuvas\",\"Cidade de Deus\",\"Complexo do Alem\u00e3o\",\"Favela da Skol\",\"Favela em Foco\",\"infraestrutura\",\"Jacarezinho\",\"Light\",\"Manguinhos\",\"Marcelo Crivella\",\"Marielle Franco\",\"Meu Rio\",\"moradia\",\"moradias prec\u00e1rias\",\"Morro dos Macacos\",\"Muzema\",\"Neglig\u00eancia do Estado\",\"PAC\",\"Parque Everest\",\"Secretaria Municipal de Habita\u00e7\u00e3o (SMH)\",\"Serrinha\",\"Vila Kennedy\",\"Voz das Comunidades\",\"Zona Norte\",\"Zona Oeste\",\"Zona Sul\"],\"articleSection\":[\"#Monitoramento\",\"#OlhoNasRemo\u00e7\u00f5es\",\"*Destaque\",\"Den\u00fancias\"],\"inLanguage\":\"pt-BR\"},{\"@type\":\"WebPage\",\"@id\":\"https:\/\/rioonwatch.org.br\/?p=32089\",\"url\":\"https:\/\/rioonwatch.org.br\/?p=32089\",\"name\":\"Chuvas no Rio: A Hist\u00f3ria Que se Perdeu Entre o Carnaval e a Interven\u00e7\u00e3o Militar - RioOnWatch\",\"isPartOf\":{\"@id\":\"https:\/\/rioonwatch.org.br\/#website\"},\"primaryImageOfPage\":{\"@id\":\"https:\/\/rioonwatch.org.br\/?p=32089#primaryimage\"},\"image\":{\"@id\":\"https:\/\/rioonwatch.org.br\/?p=32089#primaryimage\"},\"thumbnailUrl\":\"https:\/\/rioonwatch.org.br\/wp-content\/uploads\/2018\/04\/estragos-rio-higienopolis.jpg\",\"datePublished\":\"2018-04-10T12:43:38+00:00\",\"dateModified\":\"2023-05-09T12:56:32+00:00\",\"breadcrumb\":{\"@id\":\"https:\/\/rioonwatch.org.br\/?p=32089#breadcrumb\"},\"inLanguage\":\"pt-BR\",\"potentialAction\":[{\"@type\":\"ReadAction\",\"target\":[\"https:\/\/rioonwatch.org.br\/?p=32089\"]}]},{\"@type\":\"ImageObject\",\"inLanguage\":\"pt-BR\",\"@id\":\"https:\/\/rioonwatch.org.br\/?p=32089#primaryimage\",\"url\":\"https:\/\/rioonwatch.org.br\/wp-content\/uploads\/2018\/04\/estragos-rio-higienopolis.jpg\",\"contentUrl\":\"https:\/\/rioonwatch.org.br\/wp-content\/uploads\/2018\/04\/estragos-rio-higienopolis.jpg\",\"width\":1600,\"height\":1002},{\"@type\":\"BreadcrumbList\",\"@id\":\"https:\/\/rioonwatch.org.br\/?p=32089#breadcrumb\",\"itemListElement\":[{\"@type\":\"ListItem\",\"position\":1,\"name\":\"In\u00edcio\",\"item\":\"https:\/\/rioonwatch.org.br\/\"},{\"@type\":\"ListItem\",\"position\":2,\"name\":\"Chuvas no Rio: A Hist\u00f3ria Que se Perdeu Entre o Carnaval e a Interven\u00e7\u00e3o Militar\"}]},{\"@type\":\"WebSite\",\"@id\":\"https:\/\/rioonwatch.org.br\/#website\",\"url\":\"https:\/\/rioonwatch.org.br\/\",\"name\":\"RioOnWatch\",\"description\":\"relatos das favelas cariocas\",\"publisher\":{\"@id\":\"https:\/\/rioonwatch.org.br\/#organization\"},\"potentialAction\":[{\"@type\":\"SearchAction\",\"target\":{\"@type\":\"EntryPoint\",\"urlTemplate\":\"https:\/\/rioonwatch.org.br\/?s={search_term_string}\"},\"query-input\":{\"@type\":\"PropertyValueSpecification\",\"valueRequired\":true,\"valueName\":\"search_term_string\"}}],\"inLanguage\":\"pt-BR\"},{\"@type\":\"Organization\",\"@id\":\"https:\/\/rioonwatch.org.br\/#organization\",\"name\":\"RioOnWatch\",\"url\":\"https:\/\/rioonwatch.org.br\/\",\"logo\":{\"@type\":\"ImageObject\",\"inLanguage\":\"pt-BR\",\"@id\":\"https:\/\/rioonwatch.org.br\/#\/schema\/logo\/image\/\",\"url\":\"https:\/\/rioonwatch.org.br\/wp-content\/uploads\/2021\/06\/RioOnWatchcabecalhoPT11anos-2.png\",\"contentUrl\":\"https:\/\/rioonwatch.org.br\/wp-content\/uploads\/2021\/06\/RioOnWatchcabecalhoPT11anos-2.png\",\"width\":779,\"height\":277,\"caption\":\"RioOnWatch\"},\"image\":{\"@id\":\"https:\/\/rioonwatch.org.br\/#\/schema\/logo\/image\/\"}},{\"@type\":\"Person\",\"@id\":\"https:\/\/rioonwatch.org.br\/#\/schema\/person\/f443c6b55bb6e80842280318076491c5\",\"name\":\"Luisa Fenizola\",\"image\":{\"@type\":\"ImageObject\",\"inLanguage\":\"pt-BR\",\"@id\":\"https:\/\/rioonwatch.org.br\/#\/schema\/person\/image\/\",\"url\":\"https:\/\/secure.gravatar.com\/avatar\/a3d551110162b9f876cbbdaaecf75663?s=96&d=blank&r=g\",\"contentUrl\":\"https:\/\/secure.gravatar.com\/avatar\/a3d551110162b9f876cbbdaaecf75663?s=96&d=blank&r=g\",\"caption\":\"Luisa Fenizola\"},\"url\":\"https:\/\/rioonwatch.org.br\/?author=152\"}]}<\/script>\n<!-- \/ Yoast SEO plugin. -->","yoast_head_json":{"title":"Chuvas no Rio: A Hist\u00f3ria Que se Perdeu Entre o Carnaval e a Interven\u00e7\u00e3o Militar - RioOnWatch","robots":{"index":"index","follow":"follow","max-snippet":"max-snippet:-1","max-image-preview":"max-image-preview:large","max-video-preview":"max-video-preview:-1"},"canonical":"https:\/\/rioonwatch.org.br\/?p=32089","og_locale":"pt_BR","og_type":"article","og_title":"Chuvas no Rio: A Hist\u00f3ria Que se Perdeu Entre o Carnaval e a Interven\u00e7\u00e3o Militar - RioOnWatch","og_description":"Click Here for English 5 de fevereiro, segunda-feira Come\u00e7am as chuvas do fim do ver\u00e3o no Rio, sem grandes impactos estruturais. Com pouca for\u00e7a, a chuva \u00e9 celebrada por diminuir um pouco a temperatura. Para [...]","og_url":"https:\/\/rioonwatch.org.br\/?p=32089","og_site_name":"RioOnWatch","article_published_time":"2018-04-10T12:43:38+00:00","article_modified_time":"2023-05-09T12:56:32+00:00","og_image":[{"width":1600,"height":1002,"url":"https:\/\/rioonwatch.org.br\/wp-content\/uploads\/2018\/04\/estragos-rio-higienopolis.jpg","type":"image\/jpeg"}],"author":"Luisa Fenizola","twitter_card":"summary_large_image","twitter_misc":{"Escrito por":"Luisa Fenizola","Est. tempo de leitura":"12 minutos"},"schema":{"@context":"https:\/\/schema.org","@graph":[{"@type":"Article","@id":"https:\/\/rioonwatch.org.br\/?p=32089#article","isPartOf":{"@id":"https:\/\/rioonwatch.org.br\/?p=32089"},"author":{"name":"Luisa Fenizola","@id":"https:\/\/rioonwatch.org.br\/#\/schema\/person\/f443c6b55bb6e80842280318076491c5"},"headline":"Chuvas no Rio: A Hist\u00f3ria Que se Perdeu Entre o Carnaval e a Interven\u00e7\u00e3o Militar","datePublished":"2018-04-10T12:43:38+00:00","dateModified":"2023-05-09T12:56:32+00:00","mainEntityOfPage":{"@id":"https:\/\/rioonwatch.org.br\/?p=32089"},"wordCount":2346,"publisher":{"@id":"https:\/\/rioonwatch.org.br\/#organization"},"image":{"@id":"https:\/\/rioonwatch.org.br\/?p=32089#primaryimage"},"thumbnailUrl":"https:\/\/rioonwatch.org.br\/wp-content\/uploads\/2018\/04\/estragos-rio-higienopolis.jpg","keywords":["\u00c0 espera de habita\u00e7\u00e3o p\u00fablica","Acari","Aluguel social","carnaval","chuvas","Cidade de Deus","Complexo do Alem\u00e3o","Favela da Skol","Favela em Foco","infraestrutura","Jacarezinho","Light","Manguinhos","Marcelo Crivella","Marielle Franco","Meu Rio","moradia","moradias prec\u00e1rias","Morro dos Macacos","Muzema","Neglig\u00eancia do Estado","PAC","Parque Everest","Secretaria Municipal de Habita\u00e7\u00e3o (SMH)","Serrinha","Vila Kennedy","Voz das Comunidades","Zona Norte","Zona Oeste","Zona Sul"],"articleSection":["#Monitoramento","#OlhoNasRemo\u00e7\u00f5es","*Destaque","Den\u00fancias"],"inLanguage":"pt-BR"},{"@type":"WebPage","@id":"https:\/\/rioonwatch.org.br\/?p=32089","url":"https:\/\/rioonwatch.org.br\/?p=32089","name":"Chuvas no Rio: A Hist\u00f3ria Que se Perdeu Entre o Carnaval e a Interven\u00e7\u00e3o Militar - RioOnWatch","isPartOf":{"@id":"https:\/\/rioonwatch.org.br\/#website"},"primaryImageOfPage":{"@id":"https:\/\/rioonwatch.org.br\/?p=32089#primaryimage"},"image":{"@id":"https:\/\/rioonwatch.org.br\/?p=32089#primaryimage"},"thumbnailUrl":"https:\/\/rioonwatch.org.br\/wp-content\/uploads\/2018\/04\/estragos-rio-higienopolis.jpg","datePublished":"2018-04-10T12:43:38+00:00","dateModified":"2023-05-09T12:56:32+00:00","breadcrumb":{"@id":"https:\/\/rioonwatch.org.br\/?p=32089#breadcrumb"},"inLanguage":"pt-BR","potentialAction":[{"@type":"ReadAction","target":["https:\/\/rioonwatch.org.br\/?p=32089"]}]},{"@type":"ImageObject","inLanguage":"pt-BR","@id":"https:\/\/rioonwatch.org.br\/?p=32089#primaryimage","url":"https:\/\/rioonwatch.org.br\/wp-content\/uploads\/2018\/04\/estragos-rio-higienopolis.jpg","contentUrl":"https:\/\/rioonwatch.org.br\/wp-content\/uploads\/2018\/04\/estragos-rio-higienopolis.jpg","width":1600,"height":1002},{"@type":"BreadcrumbList","@id":"https:\/\/rioonwatch.org.br\/?p=32089#breadcrumb","itemListElement":[{"@type":"ListItem","position":1,"name":"In\u00edcio","item":"https:\/\/rioonwatch.org.br\/"},{"@type":"ListItem","position":2,"name":"Chuvas no Rio: A Hist\u00f3ria Que se Perdeu Entre o Carnaval e a Interven\u00e7\u00e3o Militar"}]},{"@type":"WebSite","@id":"https:\/\/rioonwatch.org.br\/#website","url":"https:\/\/rioonwatch.org.br\/","name":"RioOnWatch","description":"relatos das favelas cariocas","publisher":{"@id":"https:\/\/rioonwatch.org.br\/#organization"},"potentialAction":[{"@type":"SearchAction","target":{"@type":"EntryPoint","urlTemplate":"https:\/\/rioonwatch.org.br\/?s={search_term_string}"},"query-input":{"@type":"PropertyValueSpecification","valueRequired":true,"valueName":"search_term_string"}}],"inLanguage":"pt-BR"},{"@type":"Organization","@id":"https:\/\/rioonwatch.org.br\/#organization","name":"RioOnWatch","url":"https:\/\/rioonwatch.org.br\/","logo":{"@type":"ImageObject","inLanguage":"pt-BR","@id":"https:\/\/rioonwatch.org.br\/#\/schema\/logo\/image\/","url":"https:\/\/rioonwatch.org.br\/wp-content\/uploads\/2021\/06\/RioOnWatchcabecalhoPT11anos-2.png","contentUrl":"https:\/\/rioonwatch.org.br\/wp-content\/uploads\/2021\/06\/RioOnWatchcabecalhoPT11anos-2.png","width":779,"height":277,"caption":"RioOnWatch"},"image":{"@id":"https:\/\/rioonwatch.org.br\/#\/schema\/logo\/image\/"}},{"@type":"Person","@id":"https:\/\/rioonwatch.org.br\/#\/schema\/person\/f443c6b55bb6e80842280318076491c5","name":"Luisa Fenizola","image":{"@type":"ImageObject","inLanguage":"pt-BR","@id":"https:\/\/rioonwatch.org.br\/#\/schema\/person\/image\/","url":"https:\/\/secure.gravatar.com\/avatar\/a3d551110162b9f876cbbdaaecf75663?s=96&d=blank&r=g","contentUrl":"https:\/\/secure.gravatar.com\/avatar\/a3d551110162b9f876cbbdaaecf75663?s=96&d=blank&r=g","caption":"Luisa Fenizola"},"url":"https:\/\/rioonwatch.org.br\/?author=152"}]}},"_links":{"self":[{"href":"https:\/\/rioonwatch.org.br\/index.php?rest_route=\/wp\/v2\/posts\/32089"}],"collection":[{"href":"https:\/\/rioonwatch.org.br\/index.php?rest_route=\/wp\/v2\/posts"}],"about":[{"href":"https:\/\/rioonwatch.org.br\/index.php?rest_route=\/wp\/v2\/types\/post"}],"author":[{"embeddable":true,"href":"https:\/\/rioonwatch.org.br\/index.php?rest_route=\/wp\/v2\/users\/152"}],"replies":[{"embeddable":true,"href":"https:\/\/rioonwatch.org.br\/index.php?rest_route=%2Fwp%2Fv2%2Fcomments&post=32089"}],"version-history":[{"count":24,"href":"https:\/\/rioonwatch.org.br\/index.php?rest_route=\/wp\/v2\/posts\/32089\/revisions"}],"predecessor-version":[{"id":32518,"href":"https:\/\/rioonwatch.org.br\/index.php?rest_route=\/wp\/v2\/posts\/32089\/revisions\/32518"}],"wp:featuredmedia":[{"embeddable":true,"href":"https:\/\/rioonwatch.org.br\/index.php?rest_route=\/wp\/v2\/media\/32226"}],"wp:attachment":[{"href":"https:\/\/rioonwatch.org.br\/index.php?rest_route=%2Fwp%2Fv2%2Fmedia&parent=32089"}],"wp:term":[{"taxonomy":"category","embeddable":true,"href":"https:\/\/rioonwatch.org.br\/index.php?rest_route=%2Fwp%2Fv2%2Fcategories&post=32089"},{"taxonomy":"post_tag","embeddable":true,"href":"https:\/\/rioonwatch.org.br\/index.php?rest_route=%2Fwp%2Fv2%2Ftags&post=32089"},{"taxonomy":"writer","embeddable":true,"href":"https:\/\/rioonwatch.org.br\/index.php?rest_route=%2Fwp%2Fv2%2Fwriter&post=32089"},{"taxonomy":"translator","embeddable":true,"href":"https:\/\/rioonwatch.org.br\/index.php?rest_route=%2Fwp%2Fv2%2Ftranslator&post=32089"},{"taxonomy":"source","embeddable":true,"href":"https:\/\/rioonwatch.org.br\/index.php?rest_route=%2Fwp%2Fv2%2Fsource&post=32089"},{"taxonomy":"ilustrador","embeddable":true,"href":"https:\/\/rioonwatch.org.br\/index.php?rest_route=%2Fwp%2Fv2%2Filustrador&post=32089"},{"taxonomy":"fotografo","embeddable":true,"href":"https:\/\/rioonwatch.org.br\/index.php?rest_route=%2Fwp%2Fv2%2Ffotografo&post=32089"}],"curies":[{"name":"wp","href":"https:\/\/api.w.org\/{rel}","templated":true}]}}