{"id":32259,"date":"2018-04-11T07:00:28","date_gmt":"2018-04-11T10:00:28","guid":{"rendered":"http:\/\/rioonwatch.org.br\/?p=32259"},"modified":"2018-05-04T17:17:06","modified_gmt":"2018-05-04T20:17:06","slug":"comerciante-que-teve-barraca-derrubada-na-vk-o-sonho-nao-acabou-mas-me-atrasaram-bastante","status":"publish","type":"post","link":"https:\/\/rioonwatch.org.br\/?p=32259","title":{"rendered":"Comerciante Que Perdeu Barraca na VK: &#8216;O Sonho N\u00e3o Acabou, Mas Me Atrasaram Bastante&#8217;"},"content":{"rendered":"<p style=\"text-align: right;\"><em><strong><a href=\"http:\/\/bit.ly\/2JYWTVm\" target=\"_blank\" rel=\"noopener noreferrer\">Click Here for English<img decoding=\"async\" width=\"20\" height=\"20\" class=\"alignright wp-image-15790\" src=\"http:\/\/rioonwatch.org.br\/wp-content\/uploads\/2012\/08\/EN-standard-e1439583104716.jpg\" \/><\/a><\/strong><\/em><\/p>\n<h3>Pelo menos duas <a href=\"http:\/\/bit.ly\/2rPGSHs\" target=\"_blank\" rel=\"noopener\">remo\u00e7\u00f5es<\/a> marcaram a hist\u00f3ria da <a href=\"http:\/\/bit.ly\/1g63Krv\" target=\"_blank\" rel=\"noopener\">Vila Kennedy<\/a>.<\/h3>\n<p>A primeira, ap\u00f3s o golpe militar de 1964, foi a remo\u00e7\u00e3o das fam\u00edlias que viviam na <a href=\"http:\/\/bit.ly\/2gs8vUc\" target=\"_blank\" rel=\"noopener\">Favela do Esqueleto<\/a>. A remo\u00e7\u00e3o foi feita pelo governo do Estado para a constru\u00e7\u00e3o da <a href=\"http:\/\/bit.ly\/2pzyYBq\" target=\"_blank\" rel=\"noopener\">UERJ<\/a>. As fam\u00edlias removidas foram reassentadas nas rec\u00e9m criadas Vila Kennedy e <a href=\"http:\/\/bit.ly\/1LOnAZf\" target=\"_blank\" rel=\"noopener\">Vila Alian\u00e7a<\/a>, em alus\u00e3o ao presidente americano que tinha acabado de ser assassinado e \u00e0 <a href=\"http:\/\/bit.ly\/2kmdJ5e\" target=\"_blank\" rel=\"noopener\">Alian\u00e7a para o Progresso<\/a>, programa\u00a0de coopera\u00e7\u00e3o entre os Estados Unidos e o Brasil que financiou a sua constru\u00e7\u00e3o, como parte da pol\u00edtica de boa vizinhan\u00e7a americana no contexto da Guerra Fria, para assegurar a Am\u00e9rica Latina como \u00e1rea de influ\u00eancia americana.<\/p>\n<p>A segunda, no dia 9 de mar\u00e7o de 2018, foi a <a href=\"https:\/\/glo.bo\/2Hd46mh\" target=\"_blank\" rel=\"noopener\">remo\u00e7\u00e3o, dessa vez por parte da prefeitura<\/a>, das barracas que ficavam na Pra\u00e7a Miami, principal entrada da comunidade e local de com\u00e9rcio farto.<\/p>\n<p><a href=\"http:\/\/rioonwatch.org.br\/wp-content\/uploads\/2018\/04\/Quiosques-demolidos.-Foto-por-Ma\u0301rcio-Alves.jpg\"><img fetchpriority=\"high\" decoding=\"async\" class=\"aligncenter wp-image-32308 size-content\" src=\"http:\/\/rioonwatch.org.br\/wp-content\/uploads\/2018\/04\/Quiosques-demolidos.-Foto-por-Ma\u0301rcio-Alves-620x264.jpg\" alt=\"\" width=\"620\" height=\"264\" \/><\/a><\/p>\n<p>Grasiele Gomes n\u00e3o viveu a primeira remo\u00e7\u00e3o. Mas com &#8220;42 anos de idade e de Vila Kennedy&#8221;, como ela mesmo diz, \u00e9 uma comerciante que teve sua barraca derrubada, dentre outros. Ela fazia e vendia suas quentinhas na pra\u00e7a. &#8220;Eu fui camareira de um hotel, eu vendi Natura. Sempre me virei. Mas sempre amei cozinhar.&#8221;<\/p>\n<p>&#8220;E a comida dela \u00e9 uma del\u00edcia&#8221;, disse uma moradora que passava pelo local e entreouviu a conversa. &#8220;A gente tava acostumado a comer com ela aqui na pra\u00e7a.&#8221;<\/p>\n<p>&#8220;\u00c9, tem at\u00e9 um grupo no Whatsapp&#8221;, emenda Grasiele com um sorriso. &#8220;Pessoal liga perguntando &#8216;Grasi, quando voc\u00ea vai voltar?&#8217;. Eu fazia frango assado, costela no bafo. Era eu, meu esposo, minha m\u00e3e e minhas filhas me ajudando. Atendia os pr\u00f3prios barraqueiros, motorista de \u00f4nibus e passageiros, porque aqui \u00e9 ponto final, ent\u00e3o tem muito movimento. Vinha gente de fora, do Coqueiro, do Catiri, de <a href=\"http:\/\/bit.ly\/2tQII0c\" target=\"_blank\" rel=\"noopener\">Bonsucesso<\/a>, pra comprar na feira daqui, que \u00e9 famosa, e comia a minha comida. E movimentava a economia da comunidade, gerava renda, n\u00e9? Porque eu comprava no mercado daqui, comprava com o feirante e vendia a quentinha pra ele.&#8221;<\/p>\n<p>At\u00e9 que sua barraca foi derrubada pela prefeitura sem nenhum aviso pr\u00e9vio. &#8220;Eu tava descendo para trabalhar, por volta de 8 da manh\u00e3, e me falaram &#8216;Grasi, corre, que v\u00e3o quebrar tudo&#8217;. Passou um filme na minha cabe\u00e7a: &#8216;eu n\u00e3o briguei com ningu\u00e9m, n\u00e3o entrei em confus\u00e3o, quem quer quebrar minhas coisas?&#8217;. Eles chegaram de supet\u00e3o, a prefeitura nunca tinha amea\u00e7ado fazer isso, nunca tinha dito nada.&#8221;<\/p>\n<p><a href=\"http:\/\/rioonwatch.org.br\/wp-content\/uploads\/2018\/04\/WhatsApp-Image-2018-04-08-at-12.24.49.jpeg\"><img decoding=\"async\" class=\"aligncenter wp-image-32264 size-content\" title=\"Grasiele mostra onde ficava sua barraca. Foto: Luisa Fenizola\" src=\"http:\/\/rioonwatch.org.br\/wp-content\/uploads\/2018\/04\/WhatsApp-Image-2018-04-08-at-12.24.49-620x264.jpeg\" alt=\"\" width=\"620\" height=\"264\" srcset=\"https:\/\/rioonwatch.org.br\/wp-content\/uploads\/2018\/04\/WhatsApp-Image-2018-04-08-at-12.24.49-620x264.jpeg 620w, https:\/\/rioonwatch.org.br\/wp-content\/uploads\/2018\/04\/WhatsApp-Image-2018-04-08-at-12.24.49-940x400.jpeg 940w\" sizes=\"(max-width: 620px) 100vw, 620px\" \/><\/a><\/p>\n<p>&#8220;Desde ent\u00e3o eu parei tudo. Eu tava tentando fazer em casa, mas n\u00e3o tenho estrutura pra isso. Me desestabilizou de uma maneira que eu n\u00e3o consegui reagir. Cinco anos que eu trabalhava aqui. A minha casa depende totalmente de mim.\u00a0Meu marido t\u00e1 desempregado h\u00e1 dois meses. Mexeu com meu ego como pessoa&#8221;, disse ela, emocionando-se. &#8220;Eu era a provedora da casa. Tenho cinco filhos, dois netos. Ajudo meu filho mais velho que n\u00e3o mora comigo, que a esposa t\u00e1 gr\u00e1vida. Voc\u00ea raramente vai me ver pedindo alguma coisa, eu gosto de trabalhar. Quando meu filho vem e diz &#8216;Ah, m\u00e3e, me d\u00e1 um dinheirinho pra eu tomar um a\u00e7a\u00ed com a minha namorada,&#8217; eu quero poder dizer, &#8216;toma aqui&#8217;.&#8221;<\/p>\n<p>&#8220;Agora eu t\u00f4 <a href=\"http:\/\/bit.ly\/2jTRAbr\" target=\"_blank\" rel=\"noopener\">dormindo at\u00e9 11 da manh\u00e3<\/a>. Eu me sinto doente. Vivendo um dia por vez. Tiraram totalmente meu ch\u00e3o. Meu projeto de vida, meus sonhos. Pra mim aquilo era s\u00f3 o come\u00e7o. Eu queria abrir um restaurante. N\u00e3o que o sonho acabou, mas <a href=\"http:\/\/bit.ly\/RCLlH1\" target=\"_blank\" rel=\"noopener\">me atrasaram<\/a> bastante.&#8221;<\/p>\n<p>O argumento alegado pela prefeitura para a derrubada das barracas \u00e9 que as pessoas estavam trabalhando de forma ilegal. &#8220;Alguns <a href=\"http:\/\/bit.ly\/2qkjGSy\" target=\"_blank\" rel=\"noopener\">barraqueiros que colaram<\/a> com a prefeitura chegaram na reuni\u00e3o e disseram: &#8216;a gente tem que entender que a gente tava ilegal&#8217;. Beleza, est\u00e1vamos ilegais, mas a prefeitura errou dentro da nossa ilegalidade. Ela foi mais ilegal ainda, porque ela conhece a lei e a gente n\u00e3o conhece. Ela errou em cima do meu erro&#8221;, acusou Grasiele.<\/p>\n<p>Desde ent\u00e3o, os barraqueiros <a href=\"http:\/\/bit.ly\/2qotV8v\" target=\"_blank\" rel=\"noopener\">receberam licen\u00e7as para trabalhar<\/a> e alguns <a href=\"http:\/\/bit.ly\/2lLLX07\" target=\"_blank\" rel=\"noopener\">se cadastraram como Microempreendedores Individuais (MEI)<\/a> para poder ter acesso aos empr\u00e9stimos prometidos. Mas o MEI exige um pagamento mensal de mais de R$50, mais um custo para o barraqueiro que n\u00e3o existia antes. Al\u00e9m disso, a prefeitura come\u00e7ou a instalar quiosques padronizados, de tamanho bastante inferior ao que a maioria dos barraqueiros usava. Se o que faltava era legaliza\u00e7\u00e3o para retomarem os trabalhos no mesmo local, para que foi preciso derrubar as barracas?<\/p>\n<p>&#8220;Eu acredito que a inten\u00e7\u00e3o foi outra&#8221;, disse Grasiele. &#8220;Aqui realmente tava tendo muito confronto, tiroteio todo dia. Os caras e a pol\u00edcia e o barraqueiro virava alvo. Eles vieram derrubando tudo porque as barracas impediam a visualiza\u00e7\u00e3o da pol\u00edcia. Mas o problema eram as barracas para botar ordem no bairro? Eles vieram arrebentando tudo, n\u00e3o tinham inten\u00e7\u00e3o nenhuma de legalizar ningu\u00e9m, n\u00e3o tinham nem um plano de remanejamento, queriam derrubar e acabou. S\u00f3 quando repercutiu, quando veio a imprensa, que a prefeitura teve que botar a cara.&#8221;<\/p>\n<p><img loading=\"lazy\" decoding=\"async\" class=\"aligncenter wp-image-32267 size-content\" title=\"Tendas brancas cedidas pela prefeitura dias depois funcionam no local. \u00c0 esquerda, v\u00ea-se a barraca de um barbeiro. \u00c0 direita, ao fundo, militares do Ex\u00e9rcito parados em um carro observando o movimento. Foto: Luisa Fenizola.\" src=\"http:\/\/rioonwatch.org.br\/wp-content\/uploads\/2018\/04\/WhatsApp-Image-2018-04-08-at-12.24.48-620x264.jpeg\" alt=\"\" width=\"620\" height=\"264\" srcset=\"https:\/\/rioonwatch.org.br\/wp-content\/uploads\/2018\/04\/WhatsApp-Image-2018-04-08-at-12.24.48-620x264.jpeg 620w, https:\/\/rioonwatch.org.br\/wp-content\/uploads\/2018\/04\/WhatsApp-Image-2018-04-08-at-12.24.48-1030x438.jpeg 1030w, https:\/\/rioonwatch.org.br\/wp-content\/uploads\/2018\/04\/WhatsApp-Image-2018-04-08-at-12.24.48-940x400.jpeg 940w\" sizes=\"(max-width: 620px) 100vw, 620px\" \/><\/p>\n<p>&#8220;Na hora mesmo ningu\u00e9m falava nada. O pessoal da prefeitura ficou arredio, calado. Quando um barraqueiro foi pedir satisfa\u00e7\u00e3o ele foi at\u00e9 agredido, recebeu um empurr\u00e3o. Ningu\u00e9m falou o que a gente podia fazer, qual era nosso direito. Depois que repercutiu, o prefeito se manifestou em nota e chamou uma reuni\u00e3o com os barraqueiros. No dia seguinte, <a href=\"https:\/\/glo.bo\/2HqaW41\" target=\"_blank\" rel=\"noopener\">n\u00f3s nos reunimos com o prefeito no Pal\u00e1cio da Cidade<\/a>&#8220;, disse ela, lembrando do custo que teve para ir at\u00e9 o Centro da cidade. O filho, que come\u00e7ou a trabalhar de jovem aprendiz, emprestou o vale-transporte para ela ir.<\/p>\n<p>Na reuni\u00e3o, o <a href=\"http:\/\/bit.ly\/2cIlnDw\" target=\"_blank\" rel=\"noopener\">Prefeito Crivella<\/a>\u00a0anunciou uma linha de microcr\u00e9dito, de R$12-15.000, para os barraqueiros comprarem o que foi perdido e recome\u00e7arem. &#8220;Eles querem colocar como se eu tivesse pedindo. A prefeitura ofereceu [microcr\u00e9dito] e eu vou reivindicar [esse] meu direito, j\u00e1 que eu t\u00f4 nessa situa\u00e7\u00e3o. Mas [o microcr\u00e9dito] \u00e9 uma burocracia. &#8216;Ah, estamos vendo qual banco tem os juros mais baixos&#8217;, eles disseram. Detalhe: \u00e9 a gente mesmo que vai pagar o empr\u00e9stimo depois! Ent\u00e3o pra qu\u00ea isso?&#8221;<\/p>\n<p><a href=\"http:\/\/rioonwatch.org.br\/wp-content\/uploads\/2018\/04\/acao-prefeitura-vila-kennedy.jpg\"><img loading=\"lazy\" decoding=\"async\" class=\"aligncenter wp-image-32272 size-content\" title=\"Funcion\u00e1rios da prefeitura observando a destrui\u00e7\u00e3o. Foto: Marcio Alves | Ag\u00eancia O Globo\" src=\"http:\/\/rioonwatch.org.br\/wp-content\/uploads\/2018\/04\/acao-prefeitura-vila-kennedy-620x264.jpg\" alt=\"\" width=\"620\" height=\"264\" srcset=\"https:\/\/rioonwatch.org.br\/wp-content\/uploads\/2018\/04\/acao-prefeitura-vila-kennedy-620x264.jpg 620w, https:\/\/rioonwatch.org.br\/wp-content\/uploads\/2018\/04\/acao-prefeitura-vila-kennedy-940x400.jpg 940w\" sizes=\"(max-width: 620px) 100vw, 620px\" \/><\/a><\/p>\n<p>&#8220;Na verdade a gente queria uma resposta imediata, porque as contas chegam. Eu falei isso no dia da reuni\u00e3o. A\u00a0<a href=\"http:\/\/bit.ly\/2Esy7c1\" target=\"_blank\" rel=\"noopener\">Clarissa Garotinho<\/a> [secret\u00e1ria de Desenvolvimento, Emprego e Inova\u00e7\u00e3o] ainda prop\u00f4s, na ignor\u00e2ncia dela, que eu levasse e trouxesse as minhas mercadorias. Eu podia at\u00e9 fazer isso se eu tivesse um carro ou uma moto. Mas mesmo assim tem um custo de gasolina. Eu tinha fog\u00e3o, geladeira, g\u00e1s na barraca; fazia as compras e trazia direto para c\u00e1. Eu vou me sujeitar a isso? Eu t\u00f4 passando maior perrengue.&#8221;<\/p>\n<p>Na pra\u00e7a ainda se v\u00ea com\u00e9rcio. Tendas brancas do tipo de praia, disponibilizadas pela prefeitura ap\u00f3s alguns dias da a\u00e7\u00e3o, foram colocadas no lugar das barracas derrubadas.\u00a0&#8220;Se bater a vigil\u00e2ncia sanit\u00e1ria, v\u00e3o dizer que a gente t\u00e1 errado e a gente vai perder tudo de novo, mesmo sendo a prefeitura que mandou fazer assim&#8221;, diz outra barraqueira. &#8220;Falei que a tenda n\u00e3o seria vi\u00e1vel. Perguntei se ia ter suporte, condi\u00e7\u00f5es de trabalho. A Clarissa Garotinho perguntou que tipo de suporte eu precisava. Preciso de uma pia, por exemplo. Ela disse que ia ter&#8221;, disse Grasiele, mas uma observa\u00e7\u00e3o r\u00e1pida confirma que as tendas n\u00e3o t\u00eam nenhuma estrutura.\u00a0Entra chuva, <a href=\"http:\/\/bit.ly\/2neMqfN\" target=\"_blank\" rel=\"noopener\">a comida fica exposta<\/a>.<\/p>\n<p><a href=\"http:\/\/rioonwatch.org.br\/wp-content\/uploads\/2018\/04\/WhatsApp-Image-2018-04-08-at-12.24.49-1.jpeg\"><img loading=\"lazy\" decoding=\"async\" class=\"aligncenter wp-image-32268 size-content\" title=\"Tendas dadas pela prefeitura dias depois foram instaladas no local, mas o com\u00e9rcio encontra-se desarticulado. Foto: Luisa Fenizola.\" src=\"http:\/\/rioonwatch.org.br\/wp-content\/uploads\/2018\/04\/WhatsApp-Image-2018-04-08-at-12.24.49-1-620x264.jpeg\" alt=\"\" width=\"620\" height=\"264\" srcset=\"https:\/\/rioonwatch.org.br\/wp-content\/uploads\/2018\/04\/WhatsApp-Image-2018-04-08-at-12.24.49-1-620x264.jpeg 620w, https:\/\/rioonwatch.org.br\/wp-content\/uploads\/2018\/04\/WhatsApp-Image-2018-04-08-at-12.24.49-1-940x400.jpeg 940w\" sizes=\"(max-width: 620px) 100vw, 620px\" \/><\/a><\/p>\n<p>Est\u00e3o funcionando nelas em geral as barracas que n\u00e3o trabalham com alimenta\u00e7\u00e3o. Um barbeiro, uma venda de capas de celulares. Em uma outra, debaixo da tenda ficam os salgados expostos e banquinhos para os clientes, mas o barraqueiro instalou novamente sua barraca mais estruturada para colocar o freezer que armazena os salgados, a fritadeira e o aparelho de moer cana. &#8220;Quase estourei minha coluna levando e trazendo o aparelho de volta. \u00c9ramos quatro, mas precisava de oito homens. Tem que trabalhar, n\u00e3o d\u00e1 pra ficar parado. Vou ter que fazer uma adapta\u00e7\u00e3o no quiosque que a prefeitura vai dar pra conseguir botar a fritadeira. Tem que ver se pode.&#8221;<\/p>\n<p><a href=\"http:\/\/rioonwatch.org.br\/wp-content\/uploads\/2018\/04\/WhatsApp-Image-2018-04-08-at-12.24.45-1024x576.jpeg\"><img loading=\"lazy\" decoding=\"async\" class=\"aligncenter wp-image-32265 size-large\" title=\"Primeiro quiosque instalado pela prefeitura no local, ainda n\u00e3o em funcionamento. Foto: Luisa Fenizola\" src=\"http:\/\/rioonwatch.org.br\/wp-content\/uploads\/2018\/04\/WhatsApp-Image-2018-04-08-at-12.24.45-1024x576.jpeg\" alt=\"\" width=\"620\" height=\"349\" srcset=\"https:\/\/rioonwatch.org.br\/wp-content\/uploads\/2018\/04\/WhatsApp-Image-2018-04-08-at-12.24.45-1024x576.jpeg 1024w, https:\/\/rioonwatch.org.br\/wp-content\/uploads\/2018\/04\/WhatsApp-Image-2018-04-08-at-12.24.45-469x264.jpeg 469w, https:\/\/rioonwatch.org.br\/wp-content\/uploads\/2018\/04\/WhatsApp-Image-2018-04-08-at-12.24.45-620x349.jpeg 620w, https:\/\/rioonwatch.org.br\/wp-content\/uploads\/2018\/04\/WhatsApp-Image-2018-04-08-at-12.24.45-768x432.jpeg 768w, https:\/\/rioonwatch.org.br\/wp-content\/uploads\/2018\/04\/WhatsApp-Image-2018-04-08-at-12.24.45-580x326.jpeg 580w, https:\/\/rioonwatch.org.br\/wp-content\/uploads\/2018\/04\/WhatsApp-Image-2018-04-08-at-12.24.45-174x98.jpeg 174w, https:\/\/rioonwatch.org.br\/wp-content\/uploads\/2018\/04\/WhatsApp-Image-2018-04-08-at-12.24.45.jpeg 1032w\" sizes=\"(max-width: 620px) 100vw, 620px\" \/><\/a><\/p>\n<p>&#8220;Sou da barraca, mas n\u00e3o sou barraqueira&#8221;, brinca Grasiele. &#8220;Mas luto pelos meus direitos.\u00a0O pessoal da Comiss\u00e3o de Barraqueiros diz que eu sou brigona. Eu n\u00e3o sou brigona, eu t\u00f4 dentro da minha raz\u00e3o. Como que eu vou ter calma? Meus filhos n\u00e3o esperam, meu aluguel n\u00e3o espera, minhas d\u00edvidas n\u00e3o esperam. Meu telefone j\u00e1 cortou, s\u00f3 t\u00e1 recebendo chamada. Nossa necessidade \u00e9 para ontem. Eu falei desde o come\u00e7o pros meus colegas &#8216;voc\u00eas n\u00e3o t\u00eam que aceitar pouca coisa&#8217;. A maioria aceitou, a\u00ed a prefeitura entende que a gente j\u00e1 t\u00e1 trabalhando.&#8221; Na reuni\u00e3o, Grasiele mencionou o aluguel atrasado e obteve em resposta uma promessa de <a href=\"http:\/\/bit.ly\/UBbISE\" target=\"_blank\" rel=\"noopener\">aluguel social<\/a>, que \u00e9 <a href=\"http:\/\/bit.ly\/2ExM9t1\" target=\"_blank\" rel=\"noopener\">inferior ao valor que ela paga<\/a>, &#8220;mas j\u00e1 ajuda&#8221;, como ela disse. Passado um m\u00eas, no entanto, ela ainda n\u00e3o recebeu. Quando procurou a prefeitura para confirmar seus dados, a resposta que obteve foi &#8220;vamos ver se m\u00eas que vem cai&#8221;.<\/p>\n<p>&#8220;A primeira&#8211;e \u00fanica&#8211;cesta b\u00e1sica que eles deram era uma vergonha. Eu como pobre n\u00e3o como aquilo que tinha na cesta. E eu n\u00e3o vendia aquilo. N\u00e3o me ensoberbecendo, mas eu trabalhava pra ter o melhor para a minha fam\u00edlia. \u00c9 maior esculacho, \u00e9 pisar na cara do povo. &#8216;Voc\u00eas t\u00e3o passando fome? Ent\u00e3o toma a\u00ed&#8217;. Eu nunca quis cesta b\u00e1sica, eu n\u00e3o queria aluguel social. Eu quero trabalhar.\u00a0Eles me tiraram isso&#8221;, lamentou ela. &#8220;Eu n\u00e3o precisava disso antes, eu trabalhava para n\u00e3o depender de nada. Eu achei humilhante, mas na minha necessidade eu tive que pegar. Ainda falaram que n\u00e3o era pra gente ficar falando da cesta b\u00e1sica por a\u00ed, que era pra gente ficar agradecido e n\u00e3o reclamar.&#8221;<\/p>\n<p>&#8220;Suporte a gente n\u00e3o tem nenhum. A gente s\u00f3 tem promessa&#8221;, concluiu Grasiele.<\/p>\n<p><em>Mat\u00e9ria atualizada \u00e0s 15:42 em 11 de abril de 2018.<\/em><\/p>\n<!-- AddThis Advanced Settings generic via filter on the_content --><!-- AddThis Share Buttons generic via filter on the_content -->","protected":false},"excerpt":{"rendered":"<div class=\"mh-excerpt\"><p>Click Here for English Pelo menos duas remo\u00e7\u00f5es marcaram a hist\u00f3ria da Vila Kennedy. A primeira, ap\u00f3s o golpe militar de 1964, foi a remo\u00e7\u00e3o das fam\u00edlias que viviam na Favela do Esqueleto. A remo\u00e7\u00e3o <a class=\"mh-excerpt-more\" href=\"https:\/\/rioonwatch.org.br\/?p=32259\" title=\"Comerciante Que Perdeu Barraca na VK: &#8216;O Sonho N\u00e3o Acabou, Mas Me Atrasaram Bastante&#8217;\">[&#8230;]<\/a><!-- AddThis Advanced Settings generic via filter on get_the_excerpt --><!-- AddThis Share Buttons generic via filter on get_the_excerpt --><\/p>\n<\/div>","protected":false},"author":152,"featured_media":32267,"comment_status":"closed","ping_status":"closed","sticky":false,"template":"","format":"standard","meta":{"_acf_changed":false,"_monsterinsights_skip_tracking":false,"_monsterinsights_sitenote_active":false,"_monsterinsights_sitenote_note":"","_monsterinsights_sitenote_category":0,"footnotes":""},"categories":[2089,1614,1621,346],"tags":[17,506,731,551,1103,1982,574,2317,14,493,230,544,184],"writer":[1994],"translator":[],"source":[],"ilustrador":[],"fotografo":[],"class_list":{"0":"post-32259","1":"post","2":"type-post","3":"status-publish","4":"format-standard","5":"has-post-thumbnail","7":"category-monitoramento","8":"category-olhonasremocoes","9":"category-destaque","10":"category-denuncias","11":"tag-aluguel-social","12":"tag-comercio-local","13":"tag-empreendedorismo","14":"tag-emprestimo","15":"tag-informalidade","16":"tag-marcelo-crivella","17":"tag-microempreendedor","18":"tag-microempreendedor-individual-mei","19":"tag-remocao","20":"tag-urbanizacao","21":"tag-vila-alianca","22":"tag-vila-kennedy","23":"tag-zona-oeste","24":"writer-luisa-fenizola"},"acf":[],"yoast_head":"<!-- This site is optimized with the Yoast SEO plugin v25.6 - https:\/\/yoast.com\/wordpress\/plugins\/seo\/ -->\n<title>Comerciante Que Perdeu Barraca na VK: &#039;O Sonho N\u00e3o Acabou, Mas Me Atrasaram Bastante&#039; - RioOnWatch<\/title>\n<meta name=\"robots\" content=\"index, follow, max-snippet:-1, max-image-preview:large, max-video-preview:-1\" \/>\n<link rel=\"canonical\" href=\"https:\/\/rioonwatch.org.br\/?p=32259\" \/>\n<meta property=\"og:locale\" content=\"pt_BR\" \/>\n<meta property=\"og:type\" content=\"article\" \/>\n<meta property=\"og:title\" content=\"Comerciante Que Perdeu Barraca na VK: &#039;O Sonho N\u00e3o Acabou, Mas Me Atrasaram Bastante&#039; - RioOnWatch\" \/>\n<meta property=\"og:description\" content=\"Click Here for English Pelo menos duas remo\u00e7\u00f5es marcaram a hist\u00f3ria da Vila Kennedy. A primeira, ap\u00f3s o golpe militar de 1964, foi a remo\u00e7\u00e3o das fam\u00edlias que viviam na Favela do Esqueleto. A remo\u00e7\u00e3o [...]\" \/>\n<meta property=\"og:url\" content=\"https:\/\/rioonwatch.org.br\/?p=32259\" \/>\n<meta property=\"og:site_name\" content=\"RioOnWatch\" \/>\n<meta property=\"article:published_time\" content=\"2018-04-11T10:00:28+00:00\" \/>\n<meta property=\"article:modified_time\" content=\"2018-05-04T20:17:06+00:00\" \/>\n<meta property=\"og:image\" content=\"https:\/\/rioonwatch.org.br\/wp-content\/uploads\/2018\/04\/WhatsApp-Image-2018-04-08-at-12.24.48.jpeg\" \/>\n\t<meta property=\"og:image:width\" content=\"1032\" \/>\n\t<meta property=\"og:image:height\" content=\"581\" \/>\n\t<meta property=\"og:image:type\" content=\"image\/jpeg\" \/>\n<meta name=\"author\" content=\"Luisa Fenizola\" \/>\n<meta name=\"twitter:card\" content=\"summary_large_image\" \/>\n<meta name=\"twitter:label1\" content=\"Escrito por\" \/>\n\t<meta name=\"twitter:data1\" content=\"Luisa Fenizola\" \/>\n\t<meta name=\"twitter:label2\" content=\"Est. tempo de leitura\" \/>\n\t<meta name=\"twitter:data2\" content=\"9 minutos\" \/>\n<script type=\"application\/ld+json\" class=\"yoast-schema-graph\">{\"@context\":\"https:\/\/schema.org\",\"@graph\":[{\"@type\":\"Article\",\"@id\":\"https:\/\/rioonwatch.org.br\/?p=32259#article\",\"isPartOf\":{\"@id\":\"https:\/\/rioonwatch.org.br\/?p=32259\"},\"author\":{\"name\":\"Luisa Fenizola\",\"@id\":\"https:\/\/rioonwatch.org.br\/#\/schema\/person\/f443c6b55bb6e80842280318076491c5\"},\"headline\":\"Comerciante Que Perdeu Barraca na VK: &#8216;O Sonho N\u00e3o Acabou, Mas Me Atrasaram Bastante&#8217;\",\"datePublished\":\"2018-04-11T10:00:28+00:00\",\"dateModified\":\"2018-05-04T20:17:06+00:00\",\"mainEntityOfPage\":{\"@id\":\"https:\/\/rioonwatch.org.br\/?p=32259\"},\"wordCount\":1742,\"publisher\":{\"@id\":\"https:\/\/rioonwatch.org.br\/#organization\"},\"image\":{\"@id\":\"https:\/\/rioonwatch.org.br\/?p=32259#primaryimage\"},\"thumbnailUrl\":\"https:\/\/rioonwatch.org.br\/wp-content\/uploads\/2018\/04\/WhatsApp-Image-2018-04-08-at-12.24.48.jpeg\",\"keywords\":[\"Aluguel social\",\"com\u00e9rcio local\",\"empreendedorismo\",\"empr\u00e9stimo\",\"informalidade\",\"Marcelo Crivella\",\"microempreendedor\",\"Microempreendedor Individual (MEI)\",\"Remo\u00e7\u00e3o\",\"urbaniza\u00e7\u00e3o\",\"Vila Alian\u00e7a\",\"Vila Kennedy\",\"Zona Oeste\"],\"articleSection\":[\"#Monitoramento\",\"#OlhoNasRemo\u00e7\u00f5es\",\"*Destaque\",\"Den\u00fancias\"],\"inLanguage\":\"pt-BR\"},{\"@type\":\"WebPage\",\"@id\":\"https:\/\/rioonwatch.org.br\/?p=32259\",\"url\":\"https:\/\/rioonwatch.org.br\/?p=32259\",\"name\":\"Comerciante Que Perdeu Barraca na VK: 'O Sonho N\u00e3o Acabou, Mas Me Atrasaram Bastante' - RioOnWatch\",\"isPartOf\":{\"@id\":\"https:\/\/rioonwatch.org.br\/#website\"},\"primaryImageOfPage\":{\"@id\":\"https:\/\/rioonwatch.org.br\/?p=32259#primaryimage\"},\"image\":{\"@id\":\"https:\/\/rioonwatch.org.br\/?p=32259#primaryimage\"},\"thumbnailUrl\":\"https:\/\/rioonwatch.org.br\/wp-content\/uploads\/2018\/04\/WhatsApp-Image-2018-04-08-at-12.24.48.jpeg\",\"datePublished\":\"2018-04-11T10:00:28+00:00\",\"dateModified\":\"2018-05-04T20:17:06+00:00\",\"breadcrumb\":{\"@id\":\"https:\/\/rioonwatch.org.br\/?p=32259#breadcrumb\"},\"inLanguage\":\"pt-BR\",\"potentialAction\":[{\"@type\":\"ReadAction\",\"target\":[\"https:\/\/rioonwatch.org.br\/?p=32259\"]}]},{\"@type\":\"ImageObject\",\"inLanguage\":\"pt-BR\",\"@id\":\"https:\/\/rioonwatch.org.br\/?p=32259#primaryimage\",\"url\":\"https:\/\/rioonwatch.org.br\/wp-content\/uploads\/2018\/04\/WhatsApp-Image-2018-04-08-at-12.24.48.jpeg\",\"contentUrl\":\"https:\/\/rioonwatch.org.br\/wp-content\/uploads\/2018\/04\/WhatsApp-Image-2018-04-08-at-12.24.48.jpeg\",\"width\":1032,\"height\":581},{\"@type\":\"BreadcrumbList\",\"@id\":\"https:\/\/rioonwatch.org.br\/?p=32259#breadcrumb\",\"itemListElement\":[{\"@type\":\"ListItem\",\"position\":1,\"name\":\"In\u00edcio\",\"item\":\"https:\/\/rioonwatch.org.br\/\"},{\"@type\":\"ListItem\",\"position\":2,\"name\":\"Comerciante Que Perdeu Barraca na VK: &#8216;O Sonho N\u00e3o Acabou, Mas Me Atrasaram Bastante&#8217;\"}]},{\"@type\":\"WebSite\",\"@id\":\"https:\/\/rioonwatch.org.br\/#website\",\"url\":\"https:\/\/rioonwatch.org.br\/\",\"name\":\"RioOnWatch\",\"description\":\"relatos das favelas cariocas\",\"publisher\":{\"@id\":\"https:\/\/rioonwatch.org.br\/#organization\"},\"potentialAction\":[{\"@type\":\"SearchAction\",\"target\":{\"@type\":\"EntryPoint\",\"urlTemplate\":\"https:\/\/rioonwatch.org.br\/?s={search_term_string}\"},\"query-input\":{\"@type\":\"PropertyValueSpecification\",\"valueRequired\":true,\"valueName\":\"search_term_string\"}}],\"inLanguage\":\"pt-BR\"},{\"@type\":\"Organization\",\"@id\":\"https:\/\/rioonwatch.org.br\/#organization\",\"name\":\"RioOnWatch\",\"url\":\"https:\/\/rioonwatch.org.br\/\",\"logo\":{\"@type\":\"ImageObject\",\"inLanguage\":\"pt-BR\",\"@id\":\"https:\/\/rioonwatch.org.br\/#\/schema\/logo\/image\/\",\"url\":\"https:\/\/rioonwatch.org.br\/wp-content\/uploads\/2021\/06\/RioOnWatchcabecalhoPT11anos-2.png\",\"contentUrl\":\"https:\/\/rioonwatch.org.br\/wp-content\/uploads\/2021\/06\/RioOnWatchcabecalhoPT11anos-2.png\",\"width\":779,\"height\":277,\"caption\":\"RioOnWatch\"},\"image\":{\"@id\":\"https:\/\/rioonwatch.org.br\/#\/schema\/logo\/image\/\"}},{\"@type\":\"Person\",\"@id\":\"https:\/\/rioonwatch.org.br\/#\/schema\/person\/f443c6b55bb6e80842280318076491c5\",\"name\":\"Luisa Fenizola\",\"image\":{\"@type\":\"ImageObject\",\"inLanguage\":\"pt-BR\",\"@id\":\"https:\/\/rioonwatch.org.br\/#\/schema\/person\/image\/\",\"url\":\"https:\/\/secure.gravatar.com\/avatar\/a3d551110162b9f876cbbdaaecf75663?s=96&d=blank&r=g\",\"contentUrl\":\"https:\/\/secure.gravatar.com\/avatar\/a3d551110162b9f876cbbdaaecf75663?s=96&d=blank&r=g\",\"caption\":\"Luisa Fenizola\"},\"url\":\"https:\/\/rioonwatch.org.br\/?author=152\"}]}<\/script>\n<!-- \/ Yoast SEO plugin. -->","yoast_head_json":{"title":"Comerciante Que Perdeu Barraca na VK: 'O Sonho N\u00e3o Acabou, Mas Me Atrasaram Bastante' - RioOnWatch","robots":{"index":"index","follow":"follow","max-snippet":"max-snippet:-1","max-image-preview":"max-image-preview:large","max-video-preview":"max-video-preview:-1"},"canonical":"https:\/\/rioonwatch.org.br\/?p=32259","og_locale":"pt_BR","og_type":"article","og_title":"Comerciante Que Perdeu Barraca na VK: 'O Sonho N\u00e3o Acabou, Mas Me Atrasaram Bastante' - RioOnWatch","og_description":"Click Here for English Pelo menos duas remo\u00e7\u00f5es marcaram a hist\u00f3ria da Vila Kennedy. A primeira, ap\u00f3s o golpe militar de 1964, foi a remo\u00e7\u00e3o das fam\u00edlias que viviam na Favela do Esqueleto. A remo\u00e7\u00e3o [...]","og_url":"https:\/\/rioonwatch.org.br\/?p=32259","og_site_name":"RioOnWatch","article_published_time":"2018-04-11T10:00:28+00:00","article_modified_time":"2018-05-04T20:17:06+00:00","og_image":[{"width":1032,"height":581,"url":"https:\/\/rioonwatch.org.br\/wp-content\/uploads\/2018\/04\/WhatsApp-Image-2018-04-08-at-12.24.48.jpeg","type":"image\/jpeg"}],"author":"Luisa Fenizola","twitter_card":"summary_large_image","twitter_misc":{"Escrito por":"Luisa Fenizola","Est. tempo de leitura":"9 minutos"},"schema":{"@context":"https:\/\/schema.org","@graph":[{"@type":"Article","@id":"https:\/\/rioonwatch.org.br\/?p=32259#article","isPartOf":{"@id":"https:\/\/rioonwatch.org.br\/?p=32259"},"author":{"name":"Luisa Fenizola","@id":"https:\/\/rioonwatch.org.br\/#\/schema\/person\/f443c6b55bb6e80842280318076491c5"},"headline":"Comerciante Que Perdeu Barraca na VK: &#8216;O Sonho N\u00e3o Acabou, Mas Me Atrasaram Bastante&#8217;","datePublished":"2018-04-11T10:00:28+00:00","dateModified":"2018-05-04T20:17:06+00:00","mainEntityOfPage":{"@id":"https:\/\/rioonwatch.org.br\/?p=32259"},"wordCount":1742,"publisher":{"@id":"https:\/\/rioonwatch.org.br\/#organization"},"image":{"@id":"https:\/\/rioonwatch.org.br\/?p=32259#primaryimage"},"thumbnailUrl":"https:\/\/rioonwatch.org.br\/wp-content\/uploads\/2018\/04\/WhatsApp-Image-2018-04-08-at-12.24.48.jpeg","keywords":["Aluguel social","com\u00e9rcio local","empreendedorismo","empr\u00e9stimo","informalidade","Marcelo Crivella","microempreendedor","Microempreendedor Individual (MEI)","Remo\u00e7\u00e3o","urbaniza\u00e7\u00e3o","Vila Alian\u00e7a","Vila Kennedy","Zona Oeste"],"articleSection":["#Monitoramento","#OlhoNasRemo\u00e7\u00f5es","*Destaque","Den\u00fancias"],"inLanguage":"pt-BR"},{"@type":"WebPage","@id":"https:\/\/rioonwatch.org.br\/?p=32259","url":"https:\/\/rioonwatch.org.br\/?p=32259","name":"Comerciante Que Perdeu Barraca na VK: 'O Sonho N\u00e3o Acabou, Mas Me Atrasaram Bastante' - RioOnWatch","isPartOf":{"@id":"https:\/\/rioonwatch.org.br\/#website"},"primaryImageOfPage":{"@id":"https:\/\/rioonwatch.org.br\/?p=32259#primaryimage"},"image":{"@id":"https:\/\/rioonwatch.org.br\/?p=32259#primaryimage"},"thumbnailUrl":"https:\/\/rioonwatch.org.br\/wp-content\/uploads\/2018\/04\/WhatsApp-Image-2018-04-08-at-12.24.48.jpeg","datePublished":"2018-04-11T10:00:28+00:00","dateModified":"2018-05-04T20:17:06+00:00","breadcrumb":{"@id":"https:\/\/rioonwatch.org.br\/?p=32259#breadcrumb"},"inLanguage":"pt-BR","potentialAction":[{"@type":"ReadAction","target":["https:\/\/rioonwatch.org.br\/?p=32259"]}]},{"@type":"ImageObject","inLanguage":"pt-BR","@id":"https:\/\/rioonwatch.org.br\/?p=32259#primaryimage","url":"https:\/\/rioonwatch.org.br\/wp-content\/uploads\/2018\/04\/WhatsApp-Image-2018-04-08-at-12.24.48.jpeg","contentUrl":"https:\/\/rioonwatch.org.br\/wp-content\/uploads\/2018\/04\/WhatsApp-Image-2018-04-08-at-12.24.48.jpeg","width":1032,"height":581},{"@type":"BreadcrumbList","@id":"https:\/\/rioonwatch.org.br\/?p=32259#breadcrumb","itemListElement":[{"@type":"ListItem","position":1,"name":"In\u00edcio","item":"https:\/\/rioonwatch.org.br\/"},{"@type":"ListItem","position":2,"name":"Comerciante Que Perdeu Barraca na VK: &#8216;O Sonho N\u00e3o Acabou, Mas Me Atrasaram Bastante&#8217;"}]},{"@type":"WebSite","@id":"https:\/\/rioonwatch.org.br\/#website","url":"https:\/\/rioonwatch.org.br\/","name":"RioOnWatch","description":"relatos das favelas cariocas","publisher":{"@id":"https:\/\/rioonwatch.org.br\/#organization"},"potentialAction":[{"@type":"SearchAction","target":{"@type":"EntryPoint","urlTemplate":"https:\/\/rioonwatch.org.br\/?s={search_term_string}"},"query-input":{"@type":"PropertyValueSpecification","valueRequired":true,"valueName":"search_term_string"}}],"inLanguage":"pt-BR"},{"@type":"Organization","@id":"https:\/\/rioonwatch.org.br\/#organization","name":"RioOnWatch","url":"https:\/\/rioonwatch.org.br\/","logo":{"@type":"ImageObject","inLanguage":"pt-BR","@id":"https:\/\/rioonwatch.org.br\/#\/schema\/logo\/image\/","url":"https:\/\/rioonwatch.org.br\/wp-content\/uploads\/2021\/06\/RioOnWatchcabecalhoPT11anos-2.png","contentUrl":"https:\/\/rioonwatch.org.br\/wp-content\/uploads\/2021\/06\/RioOnWatchcabecalhoPT11anos-2.png","width":779,"height":277,"caption":"RioOnWatch"},"image":{"@id":"https:\/\/rioonwatch.org.br\/#\/schema\/logo\/image\/"}},{"@type":"Person","@id":"https:\/\/rioonwatch.org.br\/#\/schema\/person\/f443c6b55bb6e80842280318076491c5","name":"Luisa Fenizola","image":{"@type":"ImageObject","inLanguage":"pt-BR","@id":"https:\/\/rioonwatch.org.br\/#\/schema\/person\/image\/","url":"https:\/\/secure.gravatar.com\/avatar\/a3d551110162b9f876cbbdaaecf75663?s=96&d=blank&r=g","contentUrl":"https:\/\/secure.gravatar.com\/avatar\/a3d551110162b9f876cbbdaaecf75663?s=96&d=blank&r=g","caption":"Luisa Fenizola"},"url":"https:\/\/rioonwatch.org.br\/?author=152"}]}},"_links":{"self":[{"href":"https:\/\/rioonwatch.org.br\/index.php?rest_route=\/wp\/v2\/posts\/32259"}],"collection":[{"href":"https:\/\/rioonwatch.org.br\/index.php?rest_route=\/wp\/v2\/posts"}],"about":[{"href":"https:\/\/rioonwatch.org.br\/index.php?rest_route=\/wp\/v2\/types\/post"}],"author":[{"embeddable":true,"href":"https:\/\/rioonwatch.org.br\/index.php?rest_route=\/wp\/v2\/users\/152"}],"replies":[{"embeddable":true,"href":"https:\/\/rioonwatch.org.br\/index.php?rest_route=%2Fwp%2Fv2%2Fcomments&post=32259"}],"version-history":[{"count":32,"href":"https:\/\/rioonwatch.org.br\/index.php?rest_route=\/wp\/v2\/posts\/32259\/revisions"}],"predecessor-version":[{"id":32778,"href":"https:\/\/rioonwatch.org.br\/index.php?rest_route=\/wp\/v2\/posts\/32259\/revisions\/32778"}],"wp:featuredmedia":[{"embeddable":true,"href":"https:\/\/rioonwatch.org.br\/index.php?rest_route=\/wp\/v2\/media\/32267"}],"wp:attachment":[{"href":"https:\/\/rioonwatch.org.br\/index.php?rest_route=%2Fwp%2Fv2%2Fmedia&parent=32259"}],"wp:term":[{"taxonomy":"category","embeddable":true,"href":"https:\/\/rioonwatch.org.br\/index.php?rest_route=%2Fwp%2Fv2%2Fcategories&post=32259"},{"taxonomy":"post_tag","embeddable":true,"href":"https:\/\/rioonwatch.org.br\/index.php?rest_route=%2Fwp%2Fv2%2Ftags&post=32259"},{"taxonomy":"writer","embeddable":true,"href":"https:\/\/rioonwatch.org.br\/index.php?rest_route=%2Fwp%2Fv2%2Fwriter&post=32259"},{"taxonomy":"translator","embeddable":true,"href":"https:\/\/rioonwatch.org.br\/index.php?rest_route=%2Fwp%2Fv2%2Ftranslator&post=32259"},{"taxonomy":"source","embeddable":true,"href":"https:\/\/rioonwatch.org.br\/index.php?rest_route=%2Fwp%2Fv2%2Fsource&post=32259"},{"taxonomy":"ilustrador","embeddable":true,"href":"https:\/\/rioonwatch.org.br\/index.php?rest_route=%2Fwp%2Fv2%2Filustrador&post=32259"},{"taxonomy":"fotografo","embeddable":true,"href":"https:\/\/rioonwatch.org.br\/index.php?rest_route=%2Fwp%2Fv2%2Ffotografo&post=32259"}],"curies":[{"name":"wp","href":"https:\/\/api.w.org\/{rel}","templated":true}]}}