{"id":3229,"date":"2012-07-16T11:25:12","date_gmt":"2012-07-16T14:25:12","guid":{"rendered":"http:\/\/rioonwatch.org.br\/?p=3229"},"modified":"2023-11-09T13:12:14","modified_gmt":"2023-11-09T16:12:14","slug":"o-making-of-de-uma-ocupacao-urbana-manoel-congo","status":"publish","type":"post","link":"https:\/\/rioonwatch.org.br\/?p=3229","title":{"rendered":"O Making of de Uma Ocupa\u00e7\u00e3o Urbana: Manoel Congo [V\u00cdDEO]"},"content":{"rendered":"<h3><iframe src=\"http:\/\/www.youtube.com\/embed\/ekihnDBRwa0\" width=\"1030\" height=\"580\" frameborder=\"0\" data-mce-fragment=\"1\"><span data-mce-type=\"bookmark\" style=\"display: inline-block; width: 0px; overflow: hidden; line-height: 0;\" class=\"mce_SELRES_start\">\ufeff<\/span><\/iframe><\/h3>\n<p style=\"text-align: right;\"><em><strong><a href=\"http:\/\/bit.ly\/1xc7eSu\" target=\"_blank\" rel=\"noopener noreferrer\">Click Here for English<img decoding=\"async\" width=\"20\" height=\"20\" class=\"alignright wp-image-15790\" src=\"http:\/\/rioonwatch.org.br\/wp-content\/uploads\/2012\/08\/EN-standard-e1439583104716.jpg\" alt=\"\" \/><\/a><\/strong><\/em><\/p>\n<h3>Uma noite de ocupa\u00e7\u00e3o<\/h3>\n<p><a href=\"http:\/\/rioonwatch.org.br\/?attachment_id=3886\" rel=\"attachment wp-att-3886\"><img fetchpriority=\"high\" decoding=\"async\" class=\"alignright size-medium wp-image-3886\" title=\"O pr\u00e9dio Manoel Congo na Rua Alcindo Guanabara\" src=\"http:\/\/rioonwatch.org\/wp-content\/uploads\/2012\/06\/predio-de-longe-300x205.jpg\" alt=\"\" width=\"300\" height=\"205\" \/><\/a>Na v\u00e9spera do Dia Mundial do Habitat, 01 de outubro de 2007, os organizadores do Movimento Nacional de Habita\u00e7\u00e3o (Movimento Nacional de Luta pela Moradia-<a href=\"http:\/\/bit.ly\/LQgS1H\">MNLM<\/a>) reuniu 126 pessoas em dois \u00f4nibus e se dirigiram para o centro do Rio, eles vinham planejando h\u00e1 meses a ocupa\u00e7\u00e3o de dois edif\u00edcios abandonados, um p\u00fablico e o outro privado: um edif\u00edcio p\u00fablico na Rua Alcindo Guanabara e o Cinema Vit\u00f3ria, na Rua Senador Dantas. Os organizadores come\u00e7aram a realizar assembleias nos \u00f4nibus quando perceberam que tinham 50 pessoas a menos do que a meta de 180 pessoas para ocuparem os dois edif\u00edcios. A pergunta foi: &#8220;devemos ocupar ambos os edif\u00edcios ou apenas um? E se f\u00f4ssemos ocupar apenas um, qual seria? No momento que soubemos que negocia\u00e7\u00f5es em pr\u00e9dios privados abandonados eram mais dif\u00edceis, decidimos entrar no pr\u00e9dio de propriedade privada (o Cinema Vit\u00f3ria) e usar o espa\u00e7o privado para levantar quest\u00f5es e queixas para debate p\u00fablico. Se fomos capazes de ficar, ficar\u00edamos. Se n\u00e3o, pelo menos, teria registrado essas den\u00fancias&#8221;, compartilha Lurdinha Lopes, um dos coordenadores nacionais MNLM,&#8221; N\u00f3s foram despejados em uma semana.&#8221;<\/p>\n<p>&#8220;N\u00f3s j\u00e1 conhec\u00edamos de antem\u00e3o o pr\u00e9dio, e t\u00ednhamos v\u00e1rias orienta\u00e7\u00f5es. N\u00e3o era apenas chegar e dispersar, permitindo a cada pessoa explorar diferentes andares. Fomos juntos, ficamos juntos e nos organizamos em conjunto. N\u00f3s decidimos juntos quando dispersar. Por raz\u00f5es de seguran\u00e7a, n\u00e3o era para ir ao segundo andar na primeira noite. O desafio \u00e9 ficar juntos.\u00a0Finalmente, Acabamos todos organizados no segundo andar. Temos uma brigada de apoio, um grupo que se organiza para garantir a seguran\u00e7a. Este \u00e9 o \u00fanico grupo com autoridade para explorar o pr\u00e9dio todo, e deixar os outros pisos prontos para a ocupa\u00e7\u00e3o por outros membros. N\u00f3s fomos capazes de explorar toda Cinema Vit\u00f3ria em oito dias.&#8221;<\/p>\n<p>O grupo foi expulso em uma semana, mas os organizadores conseguiram lan\u00e7ar o debate p\u00fablico sobre os espa\u00e7os urbanos abandonados. Eles escolheram o Cinema Vit\u00f3ria abandonado na Cinel\u00e2ndia no Rio, lugar famoso por sua concentra\u00e7\u00e3o de teatros, para desafiar a configura\u00e7\u00e3o dos espa\u00e7os privados do Centro. Antes da semana finalizar, o MNLM realizou uma exibi\u00e7\u00e3o de um filme no antigo cinema, atraindo uma grande multid\u00e3o, incluindo pipoca e lanterninhas.<\/p>\n<h3>Um m\u00eas de peregrina\u00e7\u00e3o na cidade do Rio<\/h3>\n<p><img decoding=\"async\" class=\"alignright size-medium wp-image-3882\" title=\"Capacita\u00e7\u00e3o no Manoel Congo, foto - Henrique Fornazin\" src=\"http:\/\/rioonwatch.org\/wp-content\/uploads\/2012\/06\/IMG_0849-300x199.jpg\" alt=\"\" width=\"300\" height=\"199\" \/>&#8220;Ap\u00f3s a expuls\u00e3o do Cinema Vit\u00f3ria, partimos sem saber para onde as fam\u00edlias iriam. \u00a0Dormimos a primeira noite na sede da Conlutas (uma Central Sindical)\u00a0e na noite seguinte, ocupamos um outro espa\u00e7o de propriedade do governo estadual. N\u00f3s n\u00e3o sab\u00edamos na \u00e9poca que ele havia sido designado para uma unidade de pol\u00edcia, e o despejo veio muito rapidamente. O pr\u00f3prio governador deu a ordem. Fomos capazes de negociar com a pol\u00edcia a tempo de permitir que as crian\u00e7as pudessem dormir e comer, uma vez que havia passado o dia inteiro na rua. A pol\u00edcia permitiu contra as ordens do governador. N\u00f3s at\u00e9 ouvimos gritos com o chefe de pol\u00edcia no telefone.&#8221;<\/p>\n<p>&#8220;Em seguida, fomos direto para o edif\u00edcio do Instituto Nacional do Seguro Social, ou INSS (Previd\u00eancia Social). De acordo com um estudo, o INSS \u00e9 um dos maiores propriet\u00e1rios de im\u00f3veis abandonados, e este pr\u00e9dio foi um deles. N\u00f3s n\u00e3o fomos capazes de ficar l\u00e1, e fomos para outro edif\u00edcio, onde o gerente do edif\u00edcio nos expulsou. De l\u00e1, fomos dormir no Largo do Machado. Finalmente acabamos no <a href=\"http:\/\/bit.ly\/L2QLnm\">Quilombo das Guerreiras<\/a>, ocupa\u00e7\u00e3o urbana comunit\u00e1ria companheira.&#8221;<\/p>\n<p>Os organizadores do MNLM e as fam\u00edlias passaram um m\u00eas em peregrina\u00e7\u00e3o por toda a cidade, depois de ter negociado sem um \u00fanico confronto com a pol\u00edcia. \u00c0s 10:00h do dia 28 de outubro, eles ocuparam e nomearam o edif\u00edcio Manoel Congo (o edif\u00edcio p\u00fablico originalmente identificado pela ocupa\u00e7\u00e3o da Rua Alcindo Guanabara), onde ainda residem. &#8220;Uma ordem de despejo foi enviado dentro de 48 horas, mas como temos conex\u00f5es em organiza\u00e7\u00f5es governamentais diferentes, fomos capazes de obter 6 meses para obter o t\u00edtulo. Chegamos uma noite, quando pensamos que n\u00e3o havia mais nada que pud\u00e9ssemos fazer. O despejo foi marcada para 9:00h da manh\u00e3 seguinte. N\u00f3s passamos as \u00faltimas noites refor\u00e7ando a seguran\u00e7a interna e passando por cima do sistema de seguran\u00e7a com os idosos e as crian\u00e7as. N\u00f3s mesmo isolamos pisos certos para eles, uma vez que ainda nos lembr\u00e1vamos de um despejo violento no mesmo edif\u00edcio em 2005. Preparamos m\u00e1rmores para as escadas, \u00f3leo queimado, colocamos correntes extras e t\u00e1buas nas janelas. N\u00e3o t\u00ednhamos armas e n\u00e3o as usamos independentemente. \u00c0s 20:00h, recebemos o aviso de que o despejo foi suspenso e o governo do Estado ir\u00e1 comprar o pr\u00e9dio.&#8221;<\/p>\n<h3><strong>Manoel Congo hoje<\/strong><\/h3>\n<p><img loading=\"lazy\" decoding=\"async\" class=\"alignright size-medium wp-image-3885\" title=\"Projeto de apartamento para a reforma\" src=\"http:\/\/rioonwatch.org\/wp-content\/uploads\/2012\/06\/plano_edited-1-300x158.jpg\" alt=\"\" width=\"300\" height=\"158\" \/>O governo do Estado ainda \u00e9 propriet\u00e1rio do edif\u00edcio Manoel Congo, e \u00e9 importante notar que ele comprou o pr\u00e9dio do INSS com financiamento do Minist\u00e9rio das Cidade, que\u00a0\u00e9 um \u00f3rg\u00e3o governamental criado a partir das reivindica\u00e7\u00f5es dos movimentos urbanos para articular e coordenar as pol\u00edticas urbanas em especial as de habita\u00e7\u00e3o, saneamento e mobilidade numa perspectiva da Reforma Urbana.<\/p>\n<p>A reforma do Manoel Congo est\u00e1 dependendo de um processo de licita\u00e7\u00e3o, e uma vez que o trabalho esteja completo, a propriedade do edif\u00edcio ser\u00e1 concedida ao MNLM. Para completar a reforma ser\u00e1 adicionado um financiamento para outras iniciativas, tais como: a forma\u00e7\u00e3o profissional e programas de gera\u00e7\u00e3o de renda. O MNLM escreveu uma proposta bem sucedida para um edital da Petrobras para projetos. A reforma inclui 42 apartamentos personalizados e espa\u00e7o para educa\u00e7\u00e3o, outros programas do MNLM e reuni\u00f5es comunit\u00e1rias.<\/p>\n<p>A ocupa\u00e7\u00e3o Manoel Congo \u00e9 composta por 42 fam\u00edlias e 120 moradores, a grande maioria vive ali desde a ocupa\u00e7\u00e3o em 2007. Muitos, mas n\u00e3o todos, s\u00e3o ativistas MNLM.<\/p>\n<h3><strong>Manoel Congo \u00e9 a regra ou a exce\u00e7\u00e3o?<\/strong><\/h3>\n<p><img loading=\"lazy\" decoding=\"async\" class=\"alignright size-medium wp-image-3884\" title=\"Lurdinha Lopes, a coordenadora nacional do MNLM\" src=\"http:\/\/rioonwatch.org\/wp-content\/uploads\/2012\/06\/lurdinha-300x209.jpg\" alt=\"\" width=\"300\" height=\"209\" \/>Ocupa\u00e7\u00f5es urbanas no Rio geralmente variam entre uma ocupa\u00e7\u00e3o repentina por um grupo de fam\u00edlias organizadas com volunt\u00e1rios e ocupa\u00e7\u00f5es organizadas dentro de um movimento social existente j\u00e1 com ra\u00edzes em todo o pa\u00eds. Deste \u00faltimo tipo, h\u00e1 poucos, e geralmente se saem muito melhor que o anterior. Outro sobrevivente \u00e9 o Quilombo das Guerreiras, localizado no bairro de S\u00e3o Crist\u00f3v\u00e3o, no entanto, a comunidade aceitou uma oferta do governo da cidade para se mudar para um pr\u00e9dio de apartamentos na Gamboa nas proximidades. Al\u00e9m de ocupa\u00e7\u00f5es organizadas por fam\u00edlias com assist\u00eancia de volunt\u00e1rios e as organizadas pelos movimentos sociais, a maioria restante eram ocupa\u00e7\u00f5es muito individualizada: pr\u00e9dios abandonados ocupados por pessoas despejadas ou membros da popula\u00e7\u00e3o de rua. Eles geralmente vivem em condi\u00e7\u00f5es horr\u00edveis e tem que lidar com o Choque de Ordem da prefeitura do Rio. (&#8220;Choque de Ordem&#8221; &#8211; repress\u00e3o policial em atividade informal).<\/p>\n<p>Lurdinha fala das ocupa\u00e7\u00f5es urbanas no Rio, em perspectiva, citando a atual pol\u00edtica p\u00fablica da cidade: &#8220;N\u00f3s temos bastante edif\u00edcios abandonados no centro do Rio para abrigar pelo menos 40.000 fam\u00edlias. Enquanto isso, o governo est\u00e1 expulsando e planejamento para expulsar pessoas de suas casas.&#8221;<\/p>\n<!-- AddThis Advanced Settings generic via filter on the_content --><!-- AddThis Share Buttons generic via filter on the_content -->","protected":false},"excerpt":{"rendered":"<div class=\"mh-excerpt\"><p>\ufeff Click Here for English Uma noite de ocupa\u00e7\u00e3o Na v\u00e9spera do Dia Mundial do Habitat, 01 de outubro de 2007, os organizadores do Movimento Nacional de Habita\u00e7\u00e3o (Movimento Nacional de Luta pela Moradia-MNLM) reuniu <a class=\"mh-excerpt-more\" href=\"https:\/\/rioonwatch.org.br\/?p=3229\" title=\"O Making of de Uma Ocupa\u00e7\u00e3o Urbana: Manoel Congo [V\u00cdDEO]\">[&#8230;]<\/a><!-- AddThis Advanced Settings generic via filter on get_the_excerpt --><!-- AddThis Share Buttons generic via filter on get_the_excerpt --><\/p>\n<\/div>","protected":false},"author":129,"featured_media":3238,"comment_status":"closed","ping_status":"closed","sticky":false,"template":"template-full.php","format":"standard","meta":{"_acf_changed":false,"_monsterinsights_skip_tracking":false,"_monsterinsights_sitenote_active":false,"_monsterinsights_sitenote_note":"","_monsterinsights_sitenote_category":0,"footnotes":""},"categories":[344,342,1638],"tags":[259,405,408,407,406],"writer":[248],"translator":[273],"source":[],"ilustrador":[],"fotografo":[],"class_list":{"0":"post-3229","1":"post","2":"type-post","3":"status-publish","4":"format-standard","5":"has-post-thumbnail","7":"category-politicas","8":"category-solucoes","9":"category-video","10":"tag-centro","11":"tag-cinelandia","12":"tag-manoel-congo","13":"tag-ocupacao","14":"tag-sem-teto","15":"writer-maj","16":"translator-roseli-franco"},"acf":[],"yoast_head":"<!-- This site is optimized with the Yoast SEO plugin v25.6 - https:\/\/yoast.com\/wordpress\/plugins\/seo\/ -->\n<title>O Making of de Uma Ocupa\u00e7\u00e3o Urbana: Manoel Congo [V\u00cdDEO] - RioOnWatch<\/title>\n<meta name=\"robots\" content=\"index, follow, max-snippet:-1, max-image-preview:large, max-video-preview:-1\" \/>\n<link rel=\"canonical\" href=\"https:\/\/rioonwatch.org.br\/?p=3229\" \/>\n<meta property=\"og:locale\" content=\"pt_BR\" \/>\n<meta property=\"og:type\" content=\"article\" \/>\n<meta property=\"og:title\" content=\"O Making of de Uma Ocupa\u00e7\u00e3o Urbana: Manoel Congo [V\u00cdDEO] - RioOnWatch\" \/>\n<meta property=\"og:description\" content=\"\ufeff Click Here for English Uma noite de ocupa\u00e7\u00e3o Na v\u00e9spera do Dia Mundial do Habitat, 01 de outubro de 2007, os organizadores do Movimento Nacional de Habita\u00e7\u00e3o (Movimento Nacional de Luta pela Moradia-MNLM) reuniu [...]\" \/>\n<meta property=\"og:url\" content=\"https:\/\/rioonwatch.org.br\/?p=3229\" \/>\n<meta property=\"og:site_name\" content=\"RioOnWatch\" \/>\n<meta property=\"article:published_time\" content=\"2012-07-16T14:25:12+00:00\" \/>\n<meta property=\"article:modified_time\" content=\"2023-11-09T16:12:14+00:00\" \/>\n<meta property=\"og:image\" content=\"https:\/\/rioonwatch.org.br\/wp-content\/uploads\/2012\/07\/Manoel-Congo_FF_1.jpg\" \/>\n\t<meta property=\"og:image:width\" content=\"300\" \/>\n\t<meta property=\"og:image:height\" content=\"211\" \/>\n\t<meta property=\"og:image:type\" content=\"image\/jpeg\" \/>\n<meta name=\"author\" content=\"Admin\" \/>\n<meta name=\"twitter:card\" content=\"summary_large_image\" \/>\n<meta name=\"twitter:label1\" content=\"Escrito por\" \/>\n\t<meta name=\"twitter:data1\" content=\"Admin\" \/>\n\t<meta name=\"twitter:label2\" content=\"Est. tempo de leitura\" \/>\n\t<meta name=\"twitter:data2\" content=\"8 minutos\" \/>\n<script type=\"application\/ld+json\" class=\"yoast-schema-graph\">{\"@context\":\"https:\/\/schema.org\",\"@graph\":[{\"@type\":\"Article\",\"@id\":\"https:\/\/rioonwatch.org.br\/?p=3229#article\",\"isPartOf\":{\"@id\":\"https:\/\/rioonwatch.org.br\/?p=3229\"},\"author\":{\"name\":\"Admin\",\"@id\":\"https:\/\/rioonwatch.org.br\/#\/schema\/person\/11d64c290506f9df50c71b850c473f68\"},\"headline\":\"O Making of de Uma Ocupa\u00e7\u00e3o Urbana: Manoel Congo [V\u00cdDEO]\",\"datePublished\":\"2012-07-16T14:25:12+00:00\",\"dateModified\":\"2023-11-09T16:12:14+00:00\",\"mainEntityOfPage\":{\"@id\":\"https:\/\/rioonwatch.org.br\/?p=3229\"},\"wordCount\":1280,\"publisher\":{\"@id\":\"https:\/\/rioonwatch.org.br\/#organization\"},\"image\":{\"@id\":\"https:\/\/rioonwatch.org.br\/?p=3229#primaryimage\"},\"thumbnailUrl\":\"https:\/\/rioonwatch.org.br\/wp-content\/uploads\/2012\/07\/Manoel-Congo_FF_1.jpg\",\"keywords\":[\"Centro\",\"Cinel\u00e2ndia\",\"Manoel Congo\",\"Ocupa\u00e7\u00e3o\",\"sem-teto\"],\"articleSection\":[\"Pol\u00edticas\",\"Solu\u00e7\u00f5es\",\"V\u00eddeo\"],\"inLanguage\":\"pt-BR\"},{\"@type\":\"WebPage\",\"@id\":\"https:\/\/rioonwatch.org.br\/?p=3229\",\"url\":\"https:\/\/rioonwatch.org.br\/?p=3229\",\"name\":\"O Making of de Uma Ocupa\u00e7\u00e3o Urbana: Manoel Congo [V\u00cdDEO] - RioOnWatch\",\"isPartOf\":{\"@id\":\"https:\/\/rioonwatch.org.br\/#website\"},\"primaryImageOfPage\":{\"@id\":\"https:\/\/rioonwatch.org.br\/?p=3229#primaryimage\"},\"image\":{\"@id\":\"https:\/\/rioonwatch.org.br\/?p=3229#primaryimage\"},\"thumbnailUrl\":\"https:\/\/rioonwatch.org.br\/wp-content\/uploads\/2012\/07\/Manoel-Congo_FF_1.jpg\",\"datePublished\":\"2012-07-16T14:25:12+00:00\",\"dateModified\":\"2023-11-09T16:12:14+00:00\",\"breadcrumb\":{\"@id\":\"https:\/\/rioonwatch.org.br\/?p=3229#breadcrumb\"},\"inLanguage\":\"pt-BR\",\"potentialAction\":[{\"@type\":\"ReadAction\",\"target\":[\"https:\/\/rioonwatch.org.br\/?p=3229\"]}]},{\"@type\":\"ImageObject\",\"inLanguage\":\"pt-BR\",\"@id\":\"https:\/\/rioonwatch.org.br\/?p=3229#primaryimage\",\"url\":\"https:\/\/rioonwatch.org.br\/wp-content\/uploads\/2012\/07\/Manoel-Congo_FF_1.jpg\",\"contentUrl\":\"https:\/\/rioonwatch.org.br\/wp-content\/uploads\/2012\/07\/Manoel-Congo_FF_1.jpg\",\"width\":300,\"height\":211},{\"@type\":\"BreadcrumbList\",\"@id\":\"https:\/\/rioonwatch.org.br\/?p=3229#breadcrumb\",\"itemListElement\":[{\"@type\":\"ListItem\",\"position\":1,\"name\":\"In\u00edcio\",\"item\":\"https:\/\/rioonwatch.org.br\/\"},{\"@type\":\"ListItem\",\"position\":2,\"name\":\"O Making of de Uma Ocupa\u00e7\u00e3o Urbana: Manoel Congo [V\u00cdDEO]\"}]},{\"@type\":\"WebSite\",\"@id\":\"https:\/\/rioonwatch.org.br\/#website\",\"url\":\"https:\/\/rioonwatch.org.br\/\",\"name\":\"RioOnWatch\",\"description\":\"relatos das favelas cariocas\",\"publisher\":{\"@id\":\"https:\/\/rioonwatch.org.br\/#organization\"},\"potentialAction\":[{\"@type\":\"SearchAction\",\"target\":{\"@type\":\"EntryPoint\",\"urlTemplate\":\"https:\/\/rioonwatch.org.br\/?s={search_term_string}\"},\"query-input\":{\"@type\":\"PropertyValueSpecification\",\"valueRequired\":true,\"valueName\":\"search_term_string\"}}],\"inLanguage\":\"pt-BR\"},{\"@type\":\"Organization\",\"@id\":\"https:\/\/rioonwatch.org.br\/#organization\",\"name\":\"RioOnWatch\",\"url\":\"https:\/\/rioonwatch.org.br\/\",\"logo\":{\"@type\":\"ImageObject\",\"inLanguage\":\"pt-BR\",\"@id\":\"https:\/\/rioonwatch.org.br\/#\/schema\/logo\/image\/\",\"url\":\"https:\/\/rioonwatch.org.br\/wp-content\/uploads\/2021\/06\/RioOnWatchcabecalhoPT11anos-2.png\",\"contentUrl\":\"https:\/\/rioonwatch.org.br\/wp-content\/uploads\/2021\/06\/RioOnWatchcabecalhoPT11anos-2.png\",\"width\":779,\"height\":277,\"caption\":\"RioOnWatch\"},\"image\":{\"@id\":\"https:\/\/rioonwatch.org.br\/#\/schema\/logo\/image\/\"}},{\"@type\":\"Person\",\"@id\":\"https:\/\/rioonwatch.org.br\/#\/schema\/person\/11d64c290506f9df50c71b850c473f68\",\"name\":\"Admin\",\"image\":{\"@type\":\"ImageObject\",\"inLanguage\":\"pt-BR\",\"@id\":\"https:\/\/rioonwatch.org.br\/#\/schema\/person\/image\/\",\"url\":\"https:\/\/secure.gravatar.com\/avatar\/56211ac74568383903349a1485e3c325?s=96&d=blank&r=g\",\"contentUrl\":\"https:\/\/secure.gravatar.com\/avatar\/56211ac74568383903349a1485e3c325?s=96&d=blank&r=g\",\"caption\":\"Admin\"},\"url\":\"https:\/\/rioonwatch.org.br\/?author=129\"}]}<\/script>\n<!-- \/ Yoast SEO plugin. -->","yoast_head_json":{"title":"O Making of de Uma Ocupa\u00e7\u00e3o Urbana: Manoel Congo [V\u00cdDEO] - RioOnWatch","robots":{"index":"index","follow":"follow","max-snippet":"max-snippet:-1","max-image-preview":"max-image-preview:large","max-video-preview":"max-video-preview:-1"},"canonical":"https:\/\/rioonwatch.org.br\/?p=3229","og_locale":"pt_BR","og_type":"article","og_title":"O Making of de Uma Ocupa\u00e7\u00e3o Urbana: Manoel Congo [V\u00cdDEO] - RioOnWatch","og_description":"\ufeff Click Here for English Uma noite de ocupa\u00e7\u00e3o Na v\u00e9spera do Dia Mundial do Habitat, 01 de outubro de 2007, os organizadores do Movimento Nacional de Habita\u00e7\u00e3o (Movimento Nacional de Luta pela Moradia-MNLM) reuniu [...]","og_url":"https:\/\/rioonwatch.org.br\/?p=3229","og_site_name":"RioOnWatch","article_published_time":"2012-07-16T14:25:12+00:00","article_modified_time":"2023-11-09T16:12:14+00:00","og_image":[{"width":300,"height":211,"url":"https:\/\/rioonwatch.org.br\/wp-content\/uploads\/2012\/07\/Manoel-Congo_FF_1.jpg","type":"image\/jpeg"}],"author":"Admin","twitter_card":"summary_large_image","twitter_misc":{"Escrito por":"Admin","Est. tempo de leitura":"8 minutos"},"schema":{"@context":"https:\/\/schema.org","@graph":[{"@type":"Article","@id":"https:\/\/rioonwatch.org.br\/?p=3229#article","isPartOf":{"@id":"https:\/\/rioonwatch.org.br\/?p=3229"},"author":{"name":"Admin","@id":"https:\/\/rioonwatch.org.br\/#\/schema\/person\/11d64c290506f9df50c71b850c473f68"},"headline":"O Making of de Uma Ocupa\u00e7\u00e3o Urbana: Manoel Congo [V\u00cdDEO]","datePublished":"2012-07-16T14:25:12+00:00","dateModified":"2023-11-09T16:12:14+00:00","mainEntityOfPage":{"@id":"https:\/\/rioonwatch.org.br\/?p=3229"},"wordCount":1280,"publisher":{"@id":"https:\/\/rioonwatch.org.br\/#organization"},"image":{"@id":"https:\/\/rioonwatch.org.br\/?p=3229#primaryimage"},"thumbnailUrl":"https:\/\/rioonwatch.org.br\/wp-content\/uploads\/2012\/07\/Manoel-Congo_FF_1.jpg","keywords":["Centro","Cinel\u00e2ndia","Manoel Congo","Ocupa\u00e7\u00e3o","sem-teto"],"articleSection":["Pol\u00edticas","Solu\u00e7\u00f5es","V\u00eddeo"],"inLanguage":"pt-BR"},{"@type":"WebPage","@id":"https:\/\/rioonwatch.org.br\/?p=3229","url":"https:\/\/rioonwatch.org.br\/?p=3229","name":"O Making of de Uma Ocupa\u00e7\u00e3o Urbana: Manoel Congo [V\u00cdDEO] - RioOnWatch","isPartOf":{"@id":"https:\/\/rioonwatch.org.br\/#website"},"primaryImageOfPage":{"@id":"https:\/\/rioonwatch.org.br\/?p=3229#primaryimage"},"image":{"@id":"https:\/\/rioonwatch.org.br\/?p=3229#primaryimage"},"thumbnailUrl":"https:\/\/rioonwatch.org.br\/wp-content\/uploads\/2012\/07\/Manoel-Congo_FF_1.jpg","datePublished":"2012-07-16T14:25:12+00:00","dateModified":"2023-11-09T16:12:14+00:00","breadcrumb":{"@id":"https:\/\/rioonwatch.org.br\/?p=3229#breadcrumb"},"inLanguage":"pt-BR","potentialAction":[{"@type":"ReadAction","target":["https:\/\/rioonwatch.org.br\/?p=3229"]}]},{"@type":"ImageObject","inLanguage":"pt-BR","@id":"https:\/\/rioonwatch.org.br\/?p=3229#primaryimage","url":"https:\/\/rioonwatch.org.br\/wp-content\/uploads\/2012\/07\/Manoel-Congo_FF_1.jpg","contentUrl":"https:\/\/rioonwatch.org.br\/wp-content\/uploads\/2012\/07\/Manoel-Congo_FF_1.jpg","width":300,"height":211},{"@type":"BreadcrumbList","@id":"https:\/\/rioonwatch.org.br\/?p=3229#breadcrumb","itemListElement":[{"@type":"ListItem","position":1,"name":"In\u00edcio","item":"https:\/\/rioonwatch.org.br\/"},{"@type":"ListItem","position":2,"name":"O Making of de Uma Ocupa\u00e7\u00e3o Urbana: Manoel Congo [V\u00cdDEO]"}]},{"@type":"WebSite","@id":"https:\/\/rioonwatch.org.br\/#website","url":"https:\/\/rioonwatch.org.br\/","name":"RioOnWatch","description":"relatos das favelas cariocas","publisher":{"@id":"https:\/\/rioonwatch.org.br\/#organization"},"potentialAction":[{"@type":"SearchAction","target":{"@type":"EntryPoint","urlTemplate":"https:\/\/rioonwatch.org.br\/?s={search_term_string}"},"query-input":{"@type":"PropertyValueSpecification","valueRequired":true,"valueName":"search_term_string"}}],"inLanguage":"pt-BR"},{"@type":"Organization","@id":"https:\/\/rioonwatch.org.br\/#organization","name":"RioOnWatch","url":"https:\/\/rioonwatch.org.br\/","logo":{"@type":"ImageObject","inLanguage":"pt-BR","@id":"https:\/\/rioonwatch.org.br\/#\/schema\/logo\/image\/","url":"https:\/\/rioonwatch.org.br\/wp-content\/uploads\/2021\/06\/RioOnWatchcabecalhoPT11anos-2.png","contentUrl":"https:\/\/rioonwatch.org.br\/wp-content\/uploads\/2021\/06\/RioOnWatchcabecalhoPT11anos-2.png","width":779,"height":277,"caption":"RioOnWatch"},"image":{"@id":"https:\/\/rioonwatch.org.br\/#\/schema\/logo\/image\/"}},{"@type":"Person","@id":"https:\/\/rioonwatch.org.br\/#\/schema\/person\/11d64c290506f9df50c71b850c473f68","name":"Admin","image":{"@type":"ImageObject","inLanguage":"pt-BR","@id":"https:\/\/rioonwatch.org.br\/#\/schema\/person\/image\/","url":"https:\/\/secure.gravatar.com\/avatar\/56211ac74568383903349a1485e3c325?s=96&d=blank&r=g","contentUrl":"https:\/\/secure.gravatar.com\/avatar\/56211ac74568383903349a1485e3c325?s=96&d=blank&r=g","caption":"Admin"},"url":"https:\/\/rioonwatch.org.br\/?author=129"}]}},"_links":{"self":[{"href":"https:\/\/rioonwatch.org.br\/index.php?rest_route=\/wp\/v2\/posts\/3229"}],"collection":[{"href":"https:\/\/rioonwatch.org.br\/index.php?rest_route=\/wp\/v2\/posts"}],"about":[{"href":"https:\/\/rioonwatch.org.br\/index.php?rest_route=\/wp\/v2\/types\/post"}],"author":[{"embeddable":true,"href":"https:\/\/rioonwatch.org.br\/index.php?rest_route=\/wp\/v2\/users\/129"}],"replies":[{"embeddable":true,"href":"https:\/\/rioonwatch.org.br\/index.php?rest_route=%2Fwp%2Fv2%2Fcomments&post=3229"}],"version-history":[{"count":49,"href":"https:\/\/rioonwatch.org.br\/index.php?rest_route=\/wp\/v2\/posts\/3229\/revisions"}],"predecessor-version":[{"id":71124,"href":"https:\/\/rioonwatch.org.br\/index.php?rest_route=\/wp\/v2\/posts\/3229\/revisions\/71124"}],"wp:featuredmedia":[{"embeddable":true,"href":"https:\/\/rioonwatch.org.br\/index.php?rest_route=\/wp\/v2\/media\/3238"}],"wp:attachment":[{"href":"https:\/\/rioonwatch.org.br\/index.php?rest_route=%2Fwp%2Fv2%2Fmedia&parent=3229"}],"wp:term":[{"taxonomy":"category","embeddable":true,"href":"https:\/\/rioonwatch.org.br\/index.php?rest_route=%2Fwp%2Fv2%2Fcategories&post=3229"},{"taxonomy":"post_tag","embeddable":true,"href":"https:\/\/rioonwatch.org.br\/index.php?rest_route=%2Fwp%2Fv2%2Ftags&post=3229"},{"taxonomy":"writer","embeddable":true,"href":"https:\/\/rioonwatch.org.br\/index.php?rest_route=%2Fwp%2Fv2%2Fwriter&post=3229"},{"taxonomy":"translator","embeddable":true,"href":"https:\/\/rioonwatch.org.br\/index.php?rest_route=%2Fwp%2Fv2%2Ftranslator&post=3229"},{"taxonomy":"source","embeddable":true,"href":"https:\/\/rioonwatch.org.br\/index.php?rest_route=%2Fwp%2Fv2%2Fsource&post=3229"},{"taxonomy":"ilustrador","embeddable":true,"href":"https:\/\/rioonwatch.org.br\/index.php?rest_route=%2Fwp%2Fv2%2Filustrador&post=3229"},{"taxonomy":"fotografo","embeddable":true,"href":"https:\/\/rioonwatch.org.br\/index.php?rest_route=%2Fwp%2Fv2%2Ffotografo&post=3229"}],"curies":[{"name":"wp","href":"https:\/\/api.w.org\/{rel}","templated":true}]}}