{"id":32317,"date":"2018-04-12T07:00:23","date_gmt":"2018-04-12T10:00:23","guid":{"rendered":"http:\/\/rioonwatch.org.br\/?p=32317"},"modified":"2024-05-24T12:40:13","modified_gmt":"2024-05-24T15:40:13","slug":"movimento-anti-racismo-no-brasil-se-inspira-em-martin-luther-king-jr-e-marielle-franco","status":"publish","type":"post","link":"https:\/\/rioonwatch.org.br\/?p=32317","title":{"rendered":"Movimento Anti-Racismo no Brasil se Inspira em Martin Luther King Jr. e Marielle Franco"},"content":{"rendered":"<p style=\"text-align: right;\"><em><strong><a href=\"http:\/\/bit.ly\/2qtqmPd\" target=\"_blank\" rel=\"noopener noreferrer\">Click Here for English<img decoding=\"async\" width=\"20\" height=\"20\" class=\"alignright wp-image-15790\" src=\"http:\/\/rioonwatch.org.br\/wp-content\/uploads\/2012\/08\/EN-standard-e1439583104716.jpg\" alt=\"\" \/><\/a><\/strong><\/em><\/p>\n<blockquote><p>\u201cA injusti\u00e7a em qualquer lugar \u00e9 uma amea\u00e7a \u00e0 justi\u00e7a em todos os lugares. Estamos presos em uma rede inescap\u00e1vel de mutualidade, atados em um \u00fanico la\u00e7o do destino. Algo que aja sobre algu\u00e9m diretamente age sobre todos indiretamente<span style=\"font-weight: 400;\">.<\/span>\u201d\u00a0\u2015\u00a0<a class=\"authorOrTitle\" href=\"http:\/\/bit.ly\/2HuX4a2\" target=\"_blank\" rel=\"noopener\">Martin Luther King Jr.<\/a>,\u00a0<a href=\"http:\/\/bit.ly\/2GTkfK9\" target=\"_blank\" rel=\"noopener\">Carta de Uma Pris\u00e3o em Birmingham<\/a><\/p><\/blockquote>\n<p><span style=\"font-weight: 400;\">Cinquenta anos separam os assassinatos do grande defensor dos direitos civis dos Estados Unidos, Martin Luther King Jr., e da vereadora do Rio, <a href=\"http:\/\/bit.ly\/2Gp2OnO\" target=\"_blank\" rel=\"noopener\">Marielle Franco<\/a>. No entanto, a discuss\u00e3o do <a href=\"http:\/\/bit.ly\/1KiFeTl\" target=\"_blank\" rel=\"noopener\">racismo<\/a> nunca foi t\u00e3o primordial para o povo do Rio de Janeiro. No dia 5 de abril, <a href=\"http:\/\/bit.ly\/2H87P4g\" target=\"_blank\" rel=\"noopener\">um evento<\/a> organizado pelo movimento de juventude\u00a0<a href=\"http:\/\/bit.ly\/2HaCAFU\" target=\"_blank\" rel=\"noopener\">RUA<\/a> em parceria com o <a href=\"http:\/\/bit.ly\/2iUuK5u\" target=\"_blank\" rel=\"noopener\">Teatro do Oprimido<\/a>, conduziu uma discuss\u00e3o inspiradora no\u00a0Centro de Teatro do Oprimido no <a href=\"http:\/\/bit.ly\/1qX7nZG\" target=\"_blank\" rel=\"noopener\">Centro do Rio<\/a>. O painel contou com Ronilso Pacheco, integrante do grupo de estudantes negros do <a href=\"http:\/\/bit.ly\/2quTseH\" target=\"_blank\" rel=\"noopener\">Coletivo Nuvem Negra<\/a>, da PUC Rio; Daniella Monteiro, membro do RUA e do <a href=\"http:\/\/bit.ly\/2qh5mLa\" target=\"_blank\" rel=\"noopener\">Movimento Negro Unificado (MNU)<\/a>; e Wesley Teixeira, tamb\u00e9m do RUA e do <a href=\"http:\/\/bit.ly\/2uTN5Z2\" target=\"_blank\" rel=\"noopener\">Pr\u00e9-Vestibular Popular + N\u00d3S<\/a>. A noite tamb\u00e9m incluiu uma gama de talentos musicais em homenagem a Marielle Franco, incluindo o <a href=\"http:\/\/bit.ly\/2EvWo10\" target=\"_blank\" rel=\"noopener\">Grupo Maracatu Baques do Pina<\/a>, <a href=\"http:\/\/bit.ly\/2qfEoDX\" target=\"_blank\" rel=\"noopener\">Banda XIX<\/a>, e\u00a0<a href=\"http:\/\/bit.ly\/2HhSknY\" target=\"_blank\" rel=\"noopener\">Supremacia Records<\/a>, entre muitos outros.<\/span><\/p>\n<p><a href=\"http:\/\/rioonwatch.org.br\/wp-content\/uploads\/2018\/04\/MG_2117-e1523274542862.jpg\"><img fetchpriority=\"high\" decoding=\"async\" class=\"aligncenter wp-image-32324 size-content\" title=\"Discuss\u00e3o no Centro do Teatro do Oprimido, 5 de abril de 2018.\" src=\"http:\/\/rioonwatch.org.br\/wp-content\/uploads\/2018\/04\/MG_2117-e1523274542862-620x264.jpg\" alt=\"\" width=\"620\" height=\"264\" srcset=\"https:\/\/rioonwatch.org.br\/wp-content\/uploads\/2018\/04\/MG_2117-e1523274542862-620x264.jpg 620w, https:\/\/rioonwatch.org.br\/wp-content\/uploads\/2018\/04\/MG_2117-e1523274542862-940x400.jpg 940w\" sizes=\"(max-width: 620px) 100vw, 620px\" \/><\/a><\/p>\n<p><span style=\"font-weight: 400;\">Ronilso Pacheco, membro do Coletivo Nuvem Negra da PUC, abriu o debate apresentando in\u00fameras raz\u00f5es pelas quais <a href=\"http:\/\/bit.ly\/2aLe8t0\" target=\"_blank\" rel=\"noopener\">o racismo \u00e9 t\u00e3o persistente<\/a> no Brasil. Um de seus pontos foi a singularidade do racismo aqui em compara\u00e7\u00e3o com os Estados Unidos, e como \u00e9 necess\u00e1rio desenvolver uma <a href=\"http:\/\/bit.ly\/2vnBq17\" target=\"_blank\" rel=\"noopener\">discuss\u00e3o comparativa<\/a>. Historicamente, o racismo n\u00e3o tem sido confrontado da mesma forma que nos EUA, onde a discrimina\u00e7\u00e3o expl\u00edcita pelas <a href=\"http:\/\/bit.ly\/2fy96F2\" target=\"_blank\" rel=\"noopener\">leis de Jim Crow<\/a> e a segrega\u00e7\u00e3o racial levaram a uma intensa e organizada luta pelos direitos civis, na qual Martin Luther King Jr. desempenhou um papel integral. A falta desse confronto, raciocinou Ronilso, permitiu que a quest\u00e3o do racismo fosse descartada do debate moderno no Brasil em torno de temas aos quais est\u00e1 altamente relacionado, como <a href=\"http:\/\/bit.ly\/1fRNcBs\" target=\"_blank\" rel=\"noopener\">seguran\u00e7a p\u00fablica<\/a>, <a href=\"http:\/\/bit.ly\/1kzUmMv\" target=\"_blank\" rel=\"noopener\">sa\u00fade<\/a> e <a href=\"http:\/\/bit.ly\/1acNApR\" target=\"_blank\" rel=\"noopener\">educa\u00e7\u00e3o<\/a>. Nas palavras de Ronilso, essas condi\u00e7\u00f5es criaram uma \u201cefici\u00eancia do racismo\u201d em toda a hist\u00f3ria do pa\u00eds. O evitamento \u201cestrat\u00e9gico\u201d do racismo, consequentemente, atribui \u00e0\u00a0<a href=\"http:\/\/bit.ly\/1owRf9p\" target=\"_blank\" rel=\"noopener\">desigualdade<\/a> apenas as raz\u00f5es sociais, quando, de fato, argumentou, classe e ra\u00e7a est\u00e3o intimamente interligadas no Brasil.<\/span><\/p>\n<p><span style=\"font-weight: 400;\">A \u201cpeculiaridade do racismo\u201d do Brasil, como Ronilso descreveu, \u00e9 exacerbada pelo papel que a ra\u00e7a desempenha na <a href=\"http:\/\/bit.ly\/1i0t9Hc\" target=\"_blank\" rel=\"noopener\">viol\u00eancia policial<\/a>. Ele destacou que os EUA apresentam casos de opress\u00e3o por for\u00e7as policiais locais predominantemente brancas contra comunidades negras. No entanto, no Brasil, uma grande parte da pol\u00edcia \u00e9 negra, o que convenientemente obscurece o aspecto racial do argumento, j\u00e1 que os autores e v\u00edtimas da viol\u00eancia policial frequentemente v\u00eam do mesmo grupo racial. Ronilso tamb\u00e9m enfatizou a natureza institucionalizada do racismo no Brasil e como a efici\u00eancia do racismo \u00e9 promovida pelos \u201cprofessores de nossas universidades\u201d que \u201c<a href=\"http:\/\/bit.ly\/2rsUoSc\" target=\"_blank\" rel=\"noopener\">continuam sendo os brancos<\/a>\u201d. Ele referiu-se como a \u201cprodu\u00e7\u00e3o e capacidade criativa\u201d dos negros \u00e9 habitualmente \u201cgentrificada\u201d.<\/span><\/p>\n<p><span style=\"font-weight: 400;\">A quest\u00e3o da desigualdade que decorre do racismo institucionalizado tamb\u00e9m foi abordada por Wesley Teixeira: \u201cnosso pa\u00eds tem muitas riquezas, e nunca desfrutamos dessas riquezas\u201d. Segundo a Oxfam, atualmente os <a href=\"http:\/\/bit.ly\/2HghuG1\" target=\"_blank\" rel=\"noopener\">seis homens mais ricos do Brasil<\/a> det\u00eam a riqueza equivalente a dos 50% mais pobres. O racismo \u201crouba\u201d o povo negro do Brasil, argumentou o ativista do RUA. Ele tamb\u00e9m destacou a falta de mudan\u00e7as recentes na sociedade brasileira, j\u00e1 que a \u201celite sempre fez transi\u00e7\u00f5es lentas e graduais\u201d. Ele contrastou isso com o \u201csenso de urg\u00eancia\u201d de Martin Luther King Jr. por mudan\u00e7a atrav\u00e9s de resist\u00eancia pac\u00edfica, e apontou para a necessidade de replicar isso na sociedade brasileira. Wesley enfatizou que, assim como Marielle e Martin, &#8220;n\u00e3o podemos escolher outro caminho&#8221;, j\u00e1 que suas a\u00e7\u00f5es &#8220;d\u00e3o significado para nossa vida\u201d.<\/span><\/p>\n<p><span style=\"font-weight: 400;\">A ativista do RUA Daniella Monteiro ofereceu uma imagem poderosa de mulheres negras que est\u00e3o na \u201cbase da pir\u00e2mide social\u201d e \u201cn\u00e3o se reconhecem\u201d na sociedade. Ela atribuiu essa desigualdade social <a href=\"http:\/\/bbc.in\/2DwXnxi\" target=\"_blank\" rel=\"noopener\">\u00e0 falta de representa\u00e7\u00e3o de mulheres negras no governo<\/a>, lembrando ao p\u00fablico que a <a href=\"http:\/\/bbc.in\/2FJs1cO\" target=\"_blank\" rel=\"noopener\">\u00faltima vereadora negra<\/a> da cidade antes de Marielle, esteve no cargo h\u00e1 mais de uma d\u00e9cada. Marielle Franco, mestre em administra\u00e7\u00e3o p\u00fablica, vereadora e coordenadora da Comiss\u00e3o de Direitos Humanos e Cidadania da Assembleia Legislativa do Rio, foi um claro exemplo de supera\u00e7\u00e3o pessoal, que depois se dedicou a trabalhar para derrubar essas barreiras raciais estruturais. Daniella pediu \u00e0s pessoas que usem o <a href=\"http:\/\/bit.ly\/2GwmWF7\" target=\"_blank\" rel=\"noopener\">legado de Marielle Franco<\/a> e emulem seu <a href=\"http:\/\/bit.ly\/2Gp2OnO\" target=\"_blank\" rel=\"noopener\">persistente desafio \u00e0s expectativas sociais ao longo de sua carreira<\/a> para combater o racismo sist\u00eamico.<\/span><\/p>\n<p><a href=\"http:\/\/rioonwatch.org.br\/wp-content\/uploads\/2018\/04\/MG_2318-e1523274598674.jpg\"><img decoding=\"async\" class=\"aligncenter size-content wp-image-32330\" src=\"http:\/\/rioonwatch.org.br\/wp-content\/uploads\/2018\/04\/MG_2318-e1523274598674-620x264.jpg\" alt=\"\" width=\"620\" height=\"264\" srcset=\"https:\/\/rioonwatch.org.br\/wp-content\/uploads\/2018\/04\/MG_2318-e1523274598674-620x264.jpg 620w, https:\/\/rioonwatch.org.br\/wp-content\/uploads\/2018\/04\/MG_2318-e1523274598674-940x400.jpg 940w\" sizes=\"(max-width: 620px) 100vw, 620px\" \/><\/a><\/p>\n<p><span style=\"font-weight: 400;\">\u00c0 medida que a noite se aproximava do fim, a discuss\u00e3o mudou para poss\u00edveis futuras respostas \u00e0 desigualdade racial da gera\u00e7\u00e3o mais jovem. Refletindo sobre o tempo que Marielle passou combatendo quest\u00f5es espec\u00edficas como a <a href=\"http:\/\/bit.ly\/1TKaCRA\" target=\"_blank\" rel=\"noopener\">viol\u00eancia de g\u00eanero<\/a> e a <a href=\"http:\/\/bit.ly\/2FBDCaR\" target=\"_blank\" rel=\"noopener\">interven\u00e7\u00e3o militar federal<\/a>, membros do grupo presentes sugeriram a necessidade de \u201cmovimentos de massa\u201d e resist\u00eancia persistente ao Estado. Wesley apresentou o exemplo do papel de Rosa Parks na <a href=\"http:\/\/bit.ly\/2GSLvwc\" target=\"_blank\" rel=\"noopener\">organiza\u00e7\u00e3o e desencadeamento do boicote<\/a> aos \u00f4nibus de Montgomery nos anos 50, descrevendo o boicote como uma forma de \u201carte\u201d, a partir da qual podemos ganhar \u201caprendizagens pr\u00e1ticas\u201d. Ronilso recorreu a um exemplo institucional positivo nos Estados Unidos, onde h\u00e1 <a href=\"http:\/\/bit.ly\/2GRjN2Z\" target=\"_blank\" rel=\"noopener\">universidades historicamente negras<\/a> que produziram \u201cintelectuais e revolucion\u00e1rios\u201d. A replica\u00e7\u00e3o de tais id\u00e9ias e estrat\u00e9gias permitiria a constru\u00e7\u00e3o de \u201ccaminhos alternativos\u201d para jovens negros brasileiros, disse ele.<\/span><\/p>\n<p><span style=\"font-weight: 400;\">Assim como Malcolm X e Martin Luther King Jr. tinham estrat\u00e9gias diferentes no movimento dos direitos civis dos EUA, alguns membros da audi\u00eancia questionaram se o tipo de t\u00e1tica pac\u00edfica empregada por Martin Luther King Jr. \u00e9 suficiente para desmantelar o racismo. Em resposta \u00e0s opini\u00f5es divergentes entre os participantes do grupo, os participantes do painel enfatizaram a import\u00e2ncia do debate e da abertura \u00e0 varia\u00e7\u00e3o na estrat\u00e9gia. \u00c0 medida que a juventude negra do Brasil olha cada vez mais para o legado de figuras como Martin Luther King Jr., Malcolm X e agora Marielle Franco, o prov\u00e9rbio: \u201c<a href=\"http:\/\/bit.ly\/2Gp2OnO\" target=\"_blank\" rel=\"noopener\">Eles tentaram nos enterrar, mas n\u00e3o sabiam que \u00e9ramos sementes<\/a>\u201d, ressoa ainda mais poderosamente. Combinando lutas contra o racismo em todo o mundo, concluiu Ronilso, &#8220;estamos enfrentando um racismo e&#8230; lutando por um sonho&#8221;.<\/span><\/p>\n<p><a href=\"http:\/\/rioonwatch.org.br\/wp-content\/uploads\/2018\/04\/MG_2435-e1523274638980.jpg\"><img loading=\"lazy\" decoding=\"async\" class=\"aligncenter wp-image-32333 size-content\" title=\"Performance no evento.\" src=\"http:\/\/rioonwatch.org.br\/wp-content\/uploads\/2018\/04\/MG_2435-e1523274638980-620x264.jpg\" alt=\"\" width=\"620\" height=\"264\" srcset=\"https:\/\/rioonwatch.org.br\/wp-content\/uploads\/2018\/04\/MG_2435-e1523274638980-620x264.jpg 620w, https:\/\/rioonwatch.org.br\/wp-content\/uploads\/2018\/04\/MG_2435-e1523274638980-940x400.jpg 940w\" sizes=\"(max-width: 620px) 100vw, 620px\" \/><\/a><\/p>\n<!-- AddThis Advanced Settings generic via filter on the_content --><!-- AddThis Share Buttons generic via filter on the_content -->","protected":false},"excerpt":{"rendered":"<div class=\"mh-excerpt\"><p>Click Here for English \u201cA injusti\u00e7a em qualquer lugar \u00e9 uma amea\u00e7a \u00e0 justi\u00e7a em todos os lugares. Estamos presos em uma rede inescap\u00e1vel de mutualidade, atados em um \u00fanico la\u00e7o do destino. Algo que <a class=\"mh-excerpt-more\" href=\"https:\/\/rioonwatch.org.br\/?p=32317\" title=\"Movimento Anti-Racismo no Brasil se Inspira em Martin Luther King Jr. e Marielle Franco\">[&#8230;]<\/a><!-- AddThis Advanced Settings generic via filter on get_the_excerpt --><!-- AddThis Share Buttons generic via filter on get_the_excerpt --><\/p>\n<\/div>","protected":false},"author":129,"featured_media":32320,"comment_status":"closed","ping_status":"closed","sticky":false,"template":"","format":"standard","meta":{"_acf_changed":false,"_monsterinsights_skip_tracking":false,"_monsterinsights_sitenote_active":false,"_monsterinsights_sitenote_note":"","_monsterinsights_sitenote_category":0,"footnotes":""},"categories":[1627,1626,1612,342],"tags":[3253,2159,759,709,413,922,1306,2318,2033,2319,797,936,2055],"writer":[2300],"translator":[1971],"source":[],"ilustrador":[],"fotografo":[],"class_list":{"0":"post-32317","1":"post","2":"type-post","3":"status-publish","4":"format-standard","5":"has-post-thumbnail","7":"category-relato-de-evento","8":"category-por-observadores-internacionais","9":"category-sociedade-civil","10":"category-solucoes","11":"tag-antirracismo","12":"tag-black-lives-matter","13":"tag-comparacao-internacional","14":"tag-debate","15":"tag-desigualdade","16":"tag-evento","17":"tag-exclusao","18":"tag-malcolm-x","19":"tag-marielle-franco","20":"tag-martin-luther-king-jr","21":"tag-movimentos-sociais","22":"tag-raca","23":"tag-teatro-do-oprimido","24":"writer-hari-pannum","25":"translator-geovanna-giannini"},"acf":[],"yoast_head":"<!-- This site is optimized with the Yoast SEO plugin v25.6 - https:\/\/yoast.com\/wordpress\/plugins\/seo\/ -->\n<title>Movimento Anti-Racismo no Brasil se Inspira em Martin Luther King Jr. e Marielle Franco - RioOnWatch<\/title>\n<meta name=\"robots\" content=\"index, follow, max-snippet:-1, max-image-preview:large, max-video-preview:-1\" \/>\n<link rel=\"canonical\" href=\"https:\/\/rioonwatch.org.br\/?p=32317\" \/>\n<meta property=\"og:locale\" content=\"pt_BR\" \/>\n<meta property=\"og:type\" content=\"article\" \/>\n<meta property=\"og:title\" content=\"Movimento Anti-Racismo no Brasil se Inspira em Martin Luther King Jr. e Marielle Franco - RioOnWatch\" \/>\n<meta property=\"og:description\" content=\"Click Here for English \u201cA injusti\u00e7a em qualquer lugar \u00e9 uma amea\u00e7a \u00e0 justi\u00e7a em todos os lugares. Estamos presos em uma rede inescap\u00e1vel de mutualidade, atados em um \u00fanico la\u00e7o do destino. Algo que [...]\" \/>\n<meta property=\"og:url\" content=\"https:\/\/rioonwatch.org.br\/?p=32317\" \/>\n<meta property=\"og:site_name\" content=\"RioOnWatch\" \/>\n<meta property=\"article:published_time\" content=\"2018-04-12T10:00:23+00:00\" \/>\n<meta property=\"article:modified_time\" content=\"2024-05-24T15:40:13+00:00\" \/>\n<meta property=\"og:image\" content=\"https:\/\/rioonwatch.org.br\/wp-content\/uploads\/2018\/04\/MG_2180-e1523270499886.jpg\" \/>\n\t<meta property=\"og:image:width\" content=\"1500\" \/>\n\t<meta property=\"og:image:height\" content=\"828\" \/>\n\t<meta property=\"og:image:type\" content=\"image\/jpeg\" \/>\n<meta name=\"author\" content=\"Admin\" \/>\n<meta name=\"twitter:card\" content=\"summary_large_image\" \/>\n<meta name=\"twitter:label1\" content=\"Escrito por\" \/>\n\t<meta name=\"twitter:data1\" content=\"Admin\" \/>\n\t<meta name=\"twitter:label2\" content=\"Est. tempo de leitura\" \/>\n\t<meta name=\"twitter:data2\" content=\"5 minutos\" \/>\n<script type=\"application\/ld+json\" class=\"yoast-schema-graph\">{\"@context\":\"https:\/\/schema.org\",\"@graph\":[{\"@type\":\"Article\",\"@id\":\"https:\/\/rioonwatch.org.br\/?p=32317#article\",\"isPartOf\":{\"@id\":\"https:\/\/rioonwatch.org.br\/?p=32317\"},\"author\":{\"name\":\"Admin\",\"@id\":\"https:\/\/rioonwatch.org.br\/#\/schema\/person\/11d64c290506f9df50c71b850c473f68\"},\"headline\":\"Movimento Anti-Racismo no Brasil se Inspira em Martin Luther King Jr. e Marielle Franco\",\"datePublished\":\"2018-04-12T10:00:23+00:00\",\"dateModified\":\"2024-05-24T15:40:13+00:00\",\"mainEntityOfPage\":{\"@id\":\"https:\/\/rioonwatch.org.br\/?p=32317\"},\"wordCount\":1108,\"publisher\":{\"@id\":\"https:\/\/rioonwatch.org.br\/#organization\"},\"image\":{\"@id\":\"https:\/\/rioonwatch.org.br\/?p=32317#primaryimage\"},\"thumbnailUrl\":\"https:\/\/rioonwatch.org.br\/wp-content\/uploads\/2018\/04\/MG_2180-e1523270499886.jpg\",\"keywords\":[\"Antirracismo\",\"Black Lives Matter\",\"compara\u00e7\u00e3o internacional\",\"debate\",\"desigualdade\",\"evento\",\"exclus\u00e3o\",\"Malcolm X\",\"Marielle Franco\",\"Martin Luther King Jr.\",\"movimentos sociais\",\"ra\u00e7a\",\"Teatro do Oprimido\"],\"articleSection\":[\"Cobertura de Eventos\",\"Escrito por Aliados\",\"Sociedade Civil\",\"Solu\u00e7\u00f5es\"],\"inLanguage\":\"pt-BR\"},{\"@type\":\"WebPage\",\"@id\":\"https:\/\/rioonwatch.org.br\/?p=32317\",\"url\":\"https:\/\/rioonwatch.org.br\/?p=32317\",\"name\":\"Movimento Anti-Racismo no Brasil se Inspira em Martin Luther King Jr. e Marielle Franco - RioOnWatch\",\"isPartOf\":{\"@id\":\"https:\/\/rioonwatch.org.br\/#website\"},\"primaryImageOfPage\":{\"@id\":\"https:\/\/rioonwatch.org.br\/?p=32317#primaryimage\"},\"image\":{\"@id\":\"https:\/\/rioonwatch.org.br\/?p=32317#primaryimage\"},\"thumbnailUrl\":\"https:\/\/rioonwatch.org.br\/wp-content\/uploads\/2018\/04\/MG_2180-e1523270499886.jpg\",\"datePublished\":\"2018-04-12T10:00:23+00:00\",\"dateModified\":\"2024-05-24T15:40:13+00:00\",\"breadcrumb\":{\"@id\":\"https:\/\/rioonwatch.org.br\/?p=32317#breadcrumb\"},\"inLanguage\":\"pt-BR\",\"potentialAction\":[{\"@type\":\"ReadAction\",\"target\":[\"https:\/\/rioonwatch.org.br\/?p=32317\"]}]},{\"@type\":\"ImageObject\",\"inLanguage\":\"pt-BR\",\"@id\":\"https:\/\/rioonwatch.org.br\/?p=32317#primaryimage\",\"url\":\"https:\/\/rioonwatch.org.br\/wp-content\/uploads\/2018\/04\/MG_2180-e1523270499886.jpg\",\"contentUrl\":\"https:\/\/rioonwatch.org.br\/wp-content\/uploads\/2018\/04\/MG_2180-e1523270499886.jpg\",\"width\":1500,\"height\":828},{\"@type\":\"BreadcrumbList\",\"@id\":\"https:\/\/rioonwatch.org.br\/?p=32317#breadcrumb\",\"itemListElement\":[{\"@type\":\"ListItem\",\"position\":1,\"name\":\"In\u00edcio\",\"item\":\"https:\/\/rioonwatch.org.br\/\"},{\"@type\":\"ListItem\",\"position\":2,\"name\":\"Movimento Anti-Racismo no Brasil se Inspira em Martin Luther King Jr. e Marielle Franco\"}]},{\"@type\":\"WebSite\",\"@id\":\"https:\/\/rioonwatch.org.br\/#website\",\"url\":\"https:\/\/rioonwatch.org.br\/\",\"name\":\"RioOnWatch\",\"description\":\"relatos das favelas cariocas\",\"publisher\":{\"@id\":\"https:\/\/rioonwatch.org.br\/#organization\"},\"potentialAction\":[{\"@type\":\"SearchAction\",\"target\":{\"@type\":\"EntryPoint\",\"urlTemplate\":\"https:\/\/rioonwatch.org.br\/?s={search_term_string}\"},\"query-input\":{\"@type\":\"PropertyValueSpecification\",\"valueRequired\":true,\"valueName\":\"search_term_string\"}}],\"inLanguage\":\"pt-BR\"},{\"@type\":\"Organization\",\"@id\":\"https:\/\/rioonwatch.org.br\/#organization\",\"name\":\"RioOnWatch\",\"url\":\"https:\/\/rioonwatch.org.br\/\",\"logo\":{\"@type\":\"ImageObject\",\"inLanguage\":\"pt-BR\",\"@id\":\"https:\/\/rioonwatch.org.br\/#\/schema\/logo\/image\/\",\"url\":\"https:\/\/rioonwatch.org.br\/wp-content\/uploads\/2021\/06\/RioOnWatchcabecalhoPT11anos-2.png\",\"contentUrl\":\"https:\/\/rioonwatch.org.br\/wp-content\/uploads\/2021\/06\/RioOnWatchcabecalhoPT11anos-2.png\",\"width\":779,\"height\":277,\"caption\":\"RioOnWatch\"},\"image\":{\"@id\":\"https:\/\/rioonwatch.org.br\/#\/schema\/logo\/image\/\"}},{\"@type\":\"Person\",\"@id\":\"https:\/\/rioonwatch.org.br\/#\/schema\/person\/11d64c290506f9df50c71b850c473f68\",\"name\":\"Admin\",\"image\":{\"@type\":\"ImageObject\",\"inLanguage\":\"pt-BR\",\"@id\":\"https:\/\/rioonwatch.org.br\/#\/schema\/person\/image\/\",\"url\":\"https:\/\/secure.gravatar.com\/avatar\/56211ac74568383903349a1485e3c325?s=96&d=blank&r=g\",\"contentUrl\":\"https:\/\/secure.gravatar.com\/avatar\/56211ac74568383903349a1485e3c325?s=96&d=blank&r=g\",\"caption\":\"Admin\"},\"url\":\"https:\/\/rioonwatch.org.br\/?author=129\"}]}<\/script>\n<!-- \/ Yoast SEO plugin. -->","yoast_head_json":{"title":"Movimento Anti-Racismo no Brasil se Inspira em Martin Luther King Jr. e Marielle Franco - RioOnWatch","robots":{"index":"index","follow":"follow","max-snippet":"max-snippet:-1","max-image-preview":"max-image-preview:large","max-video-preview":"max-video-preview:-1"},"canonical":"https:\/\/rioonwatch.org.br\/?p=32317","og_locale":"pt_BR","og_type":"article","og_title":"Movimento Anti-Racismo no Brasil se Inspira em Martin Luther King Jr. e Marielle Franco - RioOnWatch","og_description":"Click Here for English \u201cA injusti\u00e7a em qualquer lugar \u00e9 uma amea\u00e7a \u00e0 justi\u00e7a em todos os lugares. Estamos presos em uma rede inescap\u00e1vel de mutualidade, atados em um \u00fanico la\u00e7o do destino. Algo que [...]","og_url":"https:\/\/rioonwatch.org.br\/?p=32317","og_site_name":"RioOnWatch","article_published_time":"2018-04-12T10:00:23+00:00","article_modified_time":"2024-05-24T15:40:13+00:00","og_image":[{"width":1500,"height":828,"url":"https:\/\/rioonwatch.org.br\/wp-content\/uploads\/2018\/04\/MG_2180-e1523270499886.jpg","type":"image\/jpeg"}],"author":"Admin","twitter_card":"summary_large_image","twitter_misc":{"Escrito por":"Admin","Est. tempo de leitura":"5 minutos"},"schema":{"@context":"https:\/\/schema.org","@graph":[{"@type":"Article","@id":"https:\/\/rioonwatch.org.br\/?p=32317#article","isPartOf":{"@id":"https:\/\/rioonwatch.org.br\/?p=32317"},"author":{"name":"Admin","@id":"https:\/\/rioonwatch.org.br\/#\/schema\/person\/11d64c290506f9df50c71b850c473f68"},"headline":"Movimento Anti-Racismo no Brasil se Inspira em Martin Luther King Jr. e Marielle Franco","datePublished":"2018-04-12T10:00:23+00:00","dateModified":"2024-05-24T15:40:13+00:00","mainEntityOfPage":{"@id":"https:\/\/rioonwatch.org.br\/?p=32317"},"wordCount":1108,"publisher":{"@id":"https:\/\/rioonwatch.org.br\/#organization"},"image":{"@id":"https:\/\/rioonwatch.org.br\/?p=32317#primaryimage"},"thumbnailUrl":"https:\/\/rioonwatch.org.br\/wp-content\/uploads\/2018\/04\/MG_2180-e1523270499886.jpg","keywords":["Antirracismo","Black Lives Matter","compara\u00e7\u00e3o internacional","debate","desigualdade","evento","exclus\u00e3o","Malcolm X","Marielle Franco","Martin Luther King Jr.","movimentos sociais","ra\u00e7a","Teatro do Oprimido"],"articleSection":["Cobertura de Eventos","Escrito por Aliados","Sociedade Civil","Solu\u00e7\u00f5es"],"inLanguage":"pt-BR"},{"@type":"WebPage","@id":"https:\/\/rioonwatch.org.br\/?p=32317","url":"https:\/\/rioonwatch.org.br\/?p=32317","name":"Movimento Anti-Racismo no Brasil se Inspira em Martin Luther King Jr. e Marielle Franco - RioOnWatch","isPartOf":{"@id":"https:\/\/rioonwatch.org.br\/#website"},"primaryImageOfPage":{"@id":"https:\/\/rioonwatch.org.br\/?p=32317#primaryimage"},"image":{"@id":"https:\/\/rioonwatch.org.br\/?p=32317#primaryimage"},"thumbnailUrl":"https:\/\/rioonwatch.org.br\/wp-content\/uploads\/2018\/04\/MG_2180-e1523270499886.jpg","datePublished":"2018-04-12T10:00:23+00:00","dateModified":"2024-05-24T15:40:13+00:00","breadcrumb":{"@id":"https:\/\/rioonwatch.org.br\/?p=32317#breadcrumb"},"inLanguage":"pt-BR","potentialAction":[{"@type":"ReadAction","target":["https:\/\/rioonwatch.org.br\/?p=32317"]}]},{"@type":"ImageObject","inLanguage":"pt-BR","@id":"https:\/\/rioonwatch.org.br\/?p=32317#primaryimage","url":"https:\/\/rioonwatch.org.br\/wp-content\/uploads\/2018\/04\/MG_2180-e1523270499886.jpg","contentUrl":"https:\/\/rioonwatch.org.br\/wp-content\/uploads\/2018\/04\/MG_2180-e1523270499886.jpg","width":1500,"height":828},{"@type":"BreadcrumbList","@id":"https:\/\/rioonwatch.org.br\/?p=32317#breadcrumb","itemListElement":[{"@type":"ListItem","position":1,"name":"In\u00edcio","item":"https:\/\/rioonwatch.org.br\/"},{"@type":"ListItem","position":2,"name":"Movimento Anti-Racismo no Brasil se Inspira em Martin Luther King Jr. e Marielle Franco"}]},{"@type":"WebSite","@id":"https:\/\/rioonwatch.org.br\/#website","url":"https:\/\/rioonwatch.org.br\/","name":"RioOnWatch","description":"relatos das favelas cariocas","publisher":{"@id":"https:\/\/rioonwatch.org.br\/#organization"},"potentialAction":[{"@type":"SearchAction","target":{"@type":"EntryPoint","urlTemplate":"https:\/\/rioonwatch.org.br\/?s={search_term_string}"},"query-input":{"@type":"PropertyValueSpecification","valueRequired":true,"valueName":"search_term_string"}}],"inLanguage":"pt-BR"},{"@type":"Organization","@id":"https:\/\/rioonwatch.org.br\/#organization","name":"RioOnWatch","url":"https:\/\/rioonwatch.org.br\/","logo":{"@type":"ImageObject","inLanguage":"pt-BR","@id":"https:\/\/rioonwatch.org.br\/#\/schema\/logo\/image\/","url":"https:\/\/rioonwatch.org.br\/wp-content\/uploads\/2021\/06\/RioOnWatchcabecalhoPT11anos-2.png","contentUrl":"https:\/\/rioonwatch.org.br\/wp-content\/uploads\/2021\/06\/RioOnWatchcabecalhoPT11anos-2.png","width":779,"height":277,"caption":"RioOnWatch"},"image":{"@id":"https:\/\/rioonwatch.org.br\/#\/schema\/logo\/image\/"}},{"@type":"Person","@id":"https:\/\/rioonwatch.org.br\/#\/schema\/person\/11d64c290506f9df50c71b850c473f68","name":"Admin","image":{"@type":"ImageObject","inLanguage":"pt-BR","@id":"https:\/\/rioonwatch.org.br\/#\/schema\/person\/image\/","url":"https:\/\/secure.gravatar.com\/avatar\/56211ac74568383903349a1485e3c325?s=96&d=blank&r=g","contentUrl":"https:\/\/secure.gravatar.com\/avatar\/56211ac74568383903349a1485e3c325?s=96&d=blank&r=g","caption":"Admin"},"url":"https:\/\/rioonwatch.org.br\/?author=129"}]}},"_links":{"self":[{"href":"https:\/\/rioonwatch.org.br\/index.php?rest_route=\/wp\/v2\/posts\/32317"}],"collection":[{"href":"https:\/\/rioonwatch.org.br\/index.php?rest_route=\/wp\/v2\/posts"}],"about":[{"href":"https:\/\/rioonwatch.org.br\/index.php?rest_route=\/wp\/v2\/types\/post"}],"author":[{"embeddable":true,"href":"https:\/\/rioonwatch.org.br\/index.php?rest_route=\/wp\/v2\/users\/129"}],"replies":[{"embeddable":true,"href":"https:\/\/rioonwatch.org.br\/index.php?rest_route=%2Fwp%2Fv2%2Fcomments&post=32317"}],"version-history":[{"count":18,"href":"https:\/\/rioonwatch.org.br\/index.php?rest_route=\/wp\/v2\/posts\/32317\/revisions"}],"predecessor-version":[{"id":32340,"href":"https:\/\/rioonwatch.org.br\/index.php?rest_route=\/wp\/v2\/posts\/32317\/revisions\/32340"}],"wp:featuredmedia":[{"embeddable":true,"href":"https:\/\/rioonwatch.org.br\/index.php?rest_route=\/wp\/v2\/media\/32320"}],"wp:attachment":[{"href":"https:\/\/rioonwatch.org.br\/index.php?rest_route=%2Fwp%2Fv2%2Fmedia&parent=32317"}],"wp:term":[{"taxonomy":"category","embeddable":true,"href":"https:\/\/rioonwatch.org.br\/index.php?rest_route=%2Fwp%2Fv2%2Fcategories&post=32317"},{"taxonomy":"post_tag","embeddable":true,"href":"https:\/\/rioonwatch.org.br\/index.php?rest_route=%2Fwp%2Fv2%2Ftags&post=32317"},{"taxonomy":"writer","embeddable":true,"href":"https:\/\/rioonwatch.org.br\/index.php?rest_route=%2Fwp%2Fv2%2Fwriter&post=32317"},{"taxonomy":"translator","embeddable":true,"href":"https:\/\/rioonwatch.org.br\/index.php?rest_route=%2Fwp%2Fv2%2Ftranslator&post=32317"},{"taxonomy":"source","embeddable":true,"href":"https:\/\/rioonwatch.org.br\/index.php?rest_route=%2Fwp%2Fv2%2Fsource&post=32317"},{"taxonomy":"ilustrador","embeddable":true,"href":"https:\/\/rioonwatch.org.br\/index.php?rest_route=%2Fwp%2Fv2%2Filustrador&post=32317"},{"taxonomy":"fotografo","embeddable":true,"href":"https:\/\/rioonwatch.org.br\/index.php?rest_route=%2Fwp%2Fv2%2Ffotografo&post=32317"}],"curies":[{"name":"wp","href":"https:\/\/api.w.org\/{rel}","templated":true}]}}