{"id":32353,"date":"2018-04-18T09:35:19","date_gmt":"2018-04-18T12:35:19","guid":{"rendered":"http:\/\/rioonwatch.org.br\/?p=32353"},"modified":"2018-04-19T14:47:46","modified_gmt":"2018-04-19T17:47:46","slug":"outra-vitoria-para-rio-das-pedras-light-e-obrigada-a-remover-medidores-problematicos","status":"publish","type":"post","link":"https:\/\/rioonwatch.org.br\/?p=32353","title":{"rendered":"Outra Vit\u00f3ria para Rio das Pedras: Light \u00c9 Obrigada a Remover Medidores Problem\u00e1ticos"},"content":{"rendered":"<p style=\"text-align: right;\"><em><strong><a href=\"http:\/\/bit.ly\/2HkpvtC\" target=\"_blank\" rel=\"noopener noreferrer\">Click Here for English<img decoding=\"async\" width=\"20\" height=\"20\" class=\"alignright wp-image-15790\" src=\"http:\/\/rioonwatch.org.br\/wp-content\/uploads\/2012\/08\/EN-standard-e1439583104716.jpg\" alt=\"\" \/><\/a><\/strong><\/em><\/p>\n<p><span style=\"font-weight: 400;\">Em uma grande vit\u00f3ria para os moradores de\u00a0<\/span><a href=\"http:\/\/bit.ly\/1HgPoFM\" target=\"_blank\" rel=\"noopener\"><span style=\"font-weight: 400;\">Rio das Pedras<\/span><\/a><span style=\"font-weight: 400;\">, a <\/span><a href=\"http:\/\/bit.ly\/1lqbsRD\" target=\"_blank\" rel=\"noopener\"><span style=\"font-weight: 400;\">Light<\/span><\/a>\u00a0<span style=\"font-weight: 400;\">foi ordenada a remover seu mais recente modelo de medidor el\u00e9trico espalhado pela cidade. Com moradores reportando <\/span><a href=\"http:\/\/bit.ly\/2no36jQ\" target=\"_blank\" rel=\"noopener\"><span style=\"font-weight: 400;\">contas de energia extremamente altas<\/span><\/a><span style=\"font-weight: 400;\"> nos \u00faltimos meses, essa decis\u00e3o vem como uma grande vit\u00f3ria para a rec\u00e9m-formada Comiss\u00e3o de Moradores de Rio das Pedras, a qual, em apenas tr\u00eas meses, mobilizou-se de forma bem-sucedida para pressionar vereadores a agirem.<\/span><\/p>\n<p><span style=\"font-weight: 400;\">Na ter\u00e7a-feira, dia 3 de abril, <\/span><a href=\"http:\/\/bit.ly\/2EEfUZf\" target=\"_blank\" rel=\"noopener\"><span style=\"font-weight: 400;\">vereadores do munic\u00edpio aprovaram uma lei<\/span><\/a><span style=\"font-weight: 400;\"> que for\u00e7a o provedor n\u00e3o apenas a interromper quaisquer novas instala\u00e7\u00f5es de novos medidores, mas tamb\u00e9m substituir todos os novos medidores instalados, para medir o consumo de eletricidade, pela cidade. Para cada dia que a companhia n\u00e3o cumprir com as determina\u00e7\u00f5es, haver\u00e1 uma multa de R$30.000. O processo para aprova\u00e7\u00e3o desse projeto foi longo e complicado, <\/span><a href=\"http:\/\/bit.ly\/2H5NcWn\" target=\"_blank\" rel=\"noopener\"><span style=\"font-weight: 400;\">tendo come\u00e7ado no in\u00edcio de 2017<\/span><\/a><span style=\"font-weight: 400;\">, tendo se <\/span><a href=\"http:\/\/bit.ly\/2GPOKEF\" target=\"_blank\" rel=\"noopener\"><span style=\"font-weight: 400;\">deparado com um veto<\/span><\/a><span style=\"font-weight: 400;\"> por parte do <\/span><a href=\"http:\/\/bit.ly\/2cIlnDw\" target=\"_blank\" rel=\"noopener\"><span style=\"font-weight: 400;\">Prefeito Marcelo Crivella<\/span><\/a><span style=\"font-weight: 400;\"> no ano passado. S\u00f3 ap\u00f3s a Comiss\u00e3o de Rio das Pedras come\u00e7ar a se organizar, mobilizar e protestar com vigor, que os vereadores foram capazes de pressionar, por meio da legisla\u00e7\u00e3o, com votos o suficiente para sobrepor o posicionamento do prefeito.<\/span><\/p>\n<p><a href=\"http:\/\/rioonwatch.org.br\/wp-content\/uploads\/2018\/04\/28954594_10214986552273033_1888428610976598623_o.jpg\"><img fetchpriority=\"high\" decoding=\"async\" class=\"aligncenter wp-image-32359 size-content\" title=\"Moradores protestam com contas de luz no edif\u00edcio da ALERJ. Foto do grupo #RiodasPedrasJuntosSomosMaisForte no Facebook\" src=\"http:\/\/rioonwatch.org.br\/wp-content\/uploads\/2018\/04\/28954594_10214986552273033_1888428610976598623_o-620x264.jpg\" alt=\"\" width=\"620\" height=\"264\" srcset=\"https:\/\/rioonwatch.org.br\/wp-content\/uploads\/2018\/04\/28954594_10214986552273033_1888428610976598623_o-620x264.jpg 620w, https:\/\/rioonwatch.org.br\/wp-content\/uploads\/2018\/04\/28954594_10214986552273033_1888428610976598623_o-940x400.jpg 940w\" sizes=\"(max-width: 620px) 100vw, 620px\" \/><\/a><\/p>\n<p><span style=\"font-weight: 400;\">Rio das Pedras foi oficialmente incorporada na rede el\u00e9trica municipal entre 2014 e 2015. Desde ent\u00e3o, as contas de energia t\u00eam aumentado dramaticamente e as promessas feitas pela Light de manter uma taxa fixa para a comunidade foram rompidas. Tudo isso culminou na a\u00e7\u00e3o da Comiss\u00e3o que entrou em a\u00e7\u00e3o no in\u00edcio de 2018, quando as contas estavam chegando a mais de R$1.000 por m\u00eas para algumas moradias, for\u00e7ando alguns moradores a viver no escuro e at\u00e9 a se mudar da comunidade.<\/span><\/p>\n<p><span style=\"font-weight: 400;\">Membro da Comiss\u00e3o, Andrea Ferreira, explicou o processo de mobiliza\u00e7\u00e3o do grupo: &#8220;<\/span>N\u00f3s percebemos que tudo come\u00e7ou a partir do momento da troca do chip\u00a0<span style=\"font-weight: 400;\">[de medi\u00e7\u00e3o el\u00e9trica]<\/span>. Isso aconteceu recentemente em Rio das Pedras. A\u00ed a gente come\u00e7ou a entender porque isso aconteceu depois do chip, procuramos na Internet, come\u00e7amos estudar exatamente o que esse chip tem de diferente do outro. Durante essas pesquisas n\u00f3s vimos que n\u00e3o era s\u00f3 em Rio das Pedras.\u00a0<a href=\"http:\/\/bit.ly\/1jddfoq\" target=\"_blank\" rel=\"noopener\">V\u00e1rias comunidades<\/a> carentes t\u00eam sofrido pelo mesmo motivo. A partir da\u00ed, nessa pesquisa a gente descobriu que l\u00e1 em <a href=\"http:\/\/bit.ly\/1xgiXjq\" target=\"_blank\" rel=\"noopener\">Nova Igua\u00e7u<\/a>, j\u00e1 <a href=\"http:\/\/bit.ly\/2qqkPIU\" target=\"_blank\" rel=\"noopener\">existe uma lei que pro\u00edbe esse chip<\/a>. Esse chip foi um problema em v\u00e1rias lugares por onde eles passaram. N\u00f3s descobrimos tamb\u00e9m que existiu um projeto do vereador Willian Coelho para fazer a mesma coisa que fizeram l\u00e1 em Nova Igua\u00e7u, proibir esse chip na cidade do Rio de Janeiro&#8221;.<\/p>\n<p><a href=\"http:\/\/rioonwatch.org.br\/wp-content\/uploads\/2018\/04\/29472150_10215053408744403_8021090346539161804_n.jpg\"><img decoding=\"async\" class=\"aligncenter wp-image-32361 size-content\" title=\"Membros da comiss\u00e3o se encontram com executivos da Light. Foto do grupo #RiodasPedrasJuntosSomosMaisForte no Facebook\" src=\"http:\/\/rioonwatch.org.br\/wp-content\/uploads\/2018\/04\/29472150_10215053408744403_8021090346539161804_n-620x264.jpg\" alt=\"\" width=\"620\" height=\"264\" srcset=\"https:\/\/rioonwatch.org.br\/wp-content\/uploads\/2018\/04\/29472150_10215053408744403_8021090346539161804_n-620x264.jpg 620w, https:\/\/rioonwatch.org.br\/wp-content\/uploads\/2018\/04\/29472150_10215053408744403_8021090346539161804_n-940x400.jpg 940w\" sizes=\"(max-width: 620px) 100vw, 620px\" \/><\/a><\/p>\n<p><span style=\"font-weight: 400;\">Depois de pesquisar, a Comis\u00e3o se mobilizou. O grupo <\/span><a href=\"https:\/\/glo.bo\/2JyJGCj\" target=\"_blank\" rel=\"noopener\"><span style=\"font-weight: 400;\">organizou diversos protestos<\/span><\/a><span style=\"font-weight: 400;\"> at\u00e9 que seus membros estivessem organizados para se encontrarem com os pr\u00f3prios executivos da Light. Moradores tamb\u00e9m acompanharam o processo acerca da nova lei e se certificaram de que suas vozes fossem ouvidas pelos vereadores da C\u00e2mara Municipal. A lei, que estivera estagnada por mais de um ano, eventualmente foi aprovada depois de diversos dias de audi\u00eancias. A Comiss\u00e3o teve um claro impacto em pressionar vereadores para que agissem, fazendo dessa a <\/span><a href=\"http:\/\/bit.ly\/2A11LEt\" target=\"_blank\" rel=\"noopener\"><span style=\"font-weight: 400;\">segunda grande vit\u00f3ria pol\u00edtica<\/span><\/a><span style=\"font-weight: 400;\"> do grupo desde sua forma\u00e7\u00e3o. No fim de 2017, a Comiss\u00e3o tamb\u00e9m foi bem-sucedida em adiar o <\/span><a href=\"http:\/\/bit.ly\/2tWrpKW\" target=\"_blank\" rel=\"noopener\"><span style=\"font-weight: 400;\">plano do prefeito Crivella<\/span><\/a><span style=\"font-weight: 400;\">\u00a0de remover uma grande parte da vizinhan\u00e7a e substitu\u00ed-la com complexos de altos edif\u00edcios. Os moradores de Rio das Pedras est\u00e3o atualmente esperando uma nova proposta da C\u00e2mara para a urbaniza\u00e7\u00e3o da comunidade e t\u00eam estado em alerta, monitorando amea\u00e7as a todos os moradores, seja na forma de contas de luz exorbitantes ou na <\/span><a href=\"http:\/\/bit.ly\/2IcJZRT\" target=\"_blank\" rel=\"noopener\"><span style=\"font-weight: 400;\">redu\u00e7\u00e3o cr\u00f4nica de professores de escolas p\u00fablicas<\/span><\/a><span style=\"font-weight: 400;\">.<\/span><\/p>\n<p><span style=\"font-weight: 400;\">Como refletiu Andrea: &#8220;<\/span>Entra as quest\u00f5es de <a href=\"http:\/\/bit.ly\/1ZvxO5p\" target=\"_blank\" rel=\"noopener\"><span style=\"font-weight: 400;\">limpeza social<\/span><\/a>, <a href=\"http:\/\/bit.ly\/184FqS4\" target=\"_blank\" rel=\"noopener\">remo\u00e7\u00e3o branca<\/a>. T\u00eam muitas pessoas que sa\u00edram daqui porque n\u00e3o est\u00e3o conseguindo pagar a conta de luz, t\u00eam muitas pessoas que foram para lugares menores, t\u00eam pessoas que est\u00e3o no escuro. As pessoas est\u00e3o passando muitas dificuldades, est\u00e3o parcelando d\u00edvidas para n\u00e3o faltar energia. Vamos continuar nessa luta at\u00e9 que de fato haja mudan\u00e7as. Assim como mudamos a situa\u00e7\u00e3o com Crivella, estamos aqui para mudar essa situa\u00e7\u00e3o. N\u00e3o sou eu, mas toda a Comiss\u00e3o, e todos os moradores de Rio das Pedras. N\u00f3s vamos continuar na luta. N\u00f3s vamos continuar mobilizados&#8221;.<\/p>\n<!-- AddThis Advanced Settings generic via filter on the_content --><!-- AddThis Share Buttons generic via filter on the_content -->","protected":false},"excerpt":{"rendered":"<div class=\"mh-excerpt\"><p>Click Here for English Em uma grande vit\u00f3ria para os moradores de\u00a0Rio das Pedras, a Light\u00a0foi ordenada a remover seu mais recente modelo de medidor el\u00e9trico espalhado pela cidade. Com moradores reportando contas de energia <a class=\"mh-excerpt-more\" href=\"https:\/\/rioonwatch.org.br\/?p=32353\" title=\"Outra Vit\u00f3ria para Rio das Pedras: Light \u00c9 Obrigada a Remover Medidores Problem\u00e1ticos\">[&#8230;]<\/a><!-- AddThis Advanced Settings generic via filter on get_the_excerpt --><!-- AddThis Share Buttons generic via filter on get_the_excerpt --><\/p>\n<\/div>","protected":false},"author":129,"featured_media":32356,"comment_status":"closed","ping_status":"closed","sticky":false,"template":"","format":"standard","meta":{"_acf_changed":false,"_monsterinsights_skip_tracking":false,"_monsterinsights_sitenote_active":false,"_monsterinsights_sitenote_note":"","_monsterinsights_sitenote_category":0,"footnotes":""},"categories":[2089,1617,1614,1621,1626,344],"tags":[1754,424,395,755,635,1151,1037,763,432,1393,1211,184],"writer":[2133],"translator":[1895],"source":[],"ilustrador":[],"fotografo":[],"class_list":{"0":"post-32353","1":"post","2":"type-post","3":"status-publish","4":"format-standard","5":"has-post-thumbnail","7":"category-monitoramento","8":"category-olhonagentrificacao","9":"category-olhonasremocoes","10":"category-destaque","11":"category-por-observadores-internacionais","12":"category-politicas","13":"tag-camara-dos-vereadores","14":"tag-direito-a-moradia","15":"tag-gentrificacao-remocao-branca","16":"tag-lei","17":"tag-light","18":"tag-organizacao","19":"tag-moradia","20":"tag-protesto","21":"tag-resistencia","22":"tag-rio-das-pedras","23":"tag-servicos-publicos","24":"tag-zona-oeste","25":"writer-tyler-strobl","26":"translator-francine-oliveira"},"acf":[],"yoast_head":"<!-- This site is optimized with the Yoast SEO plugin v25.6 - https:\/\/yoast.com\/wordpress\/plugins\/seo\/ -->\n<title>Outra Vit\u00f3ria para Rio das Pedras: Light \u00c9 Obrigada a Remover Medidores Problem\u00e1ticos - RioOnWatch<\/title>\n<meta name=\"robots\" content=\"index, follow, max-snippet:-1, max-image-preview:large, max-video-preview:-1\" \/>\n<link rel=\"canonical\" href=\"https:\/\/rioonwatch.org.br\/?p=32353\" \/>\n<meta property=\"og:locale\" content=\"pt_BR\" \/>\n<meta property=\"og:type\" content=\"article\" \/>\n<meta property=\"og:title\" content=\"Outra Vit\u00f3ria para Rio das Pedras: Light \u00c9 Obrigada a Remover Medidores Problem\u00e1ticos - RioOnWatch\" \/>\n<meta property=\"og:description\" content=\"Click Here for English Em uma grande vit\u00f3ria para os moradores de\u00a0Rio das Pedras, a Light\u00a0foi ordenada a remover seu mais recente modelo de medidor el\u00e9trico espalhado pela cidade. Com moradores reportando contas de energia [...]\" \/>\n<meta property=\"og:url\" content=\"https:\/\/rioonwatch.org.br\/?p=32353\" \/>\n<meta property=\"og:site_name\" content=\"RioOnWatch\" \/>\n<meta property=\"article:published_time\" content=\"2018-04-18T12:35:19+00:00\" \/>\n<meta property=\"article:modified_time\" content=\"2018-04-19T17:47:46+00:00\" \/>\n<meta property=\"og:image\" content=\"https:\/\/rioonwatch.org.br\/wp-content\/uploads\/2018\/04\/29510923_1885058778231117_3673193058998392468_n-e1523458792436.jpg\" \/>\n\t<meta property=\"og:image:width\" content=\"957\" \/>\n\t<meta property=\"og:image:height\" content=\"446\" \/>\n\t<meta property=\"og:image:type\" content=\"image\/jpeg\" \/>\n<meta name=\"author\" content=\"Admin\" \/>\n<meta name=\"twitter:card\" content=\"summary_large_image\" \/>\n<meta name=\"twitter:label1\" content=\"Escrito por\" \/>\n\t<meta name=\"twitter:data1\" content=\"Admin\" \/>\n\t<meta name=\"twitter:label2\" content=\"Est. tempo de leitura\" \/>\n\t<meta name=\"twitter:data2\" content=\"4 minutos\" \/>\n<script type=\"application\/ld+json\" class=\"yoast-schema-graph\">{\"@context\":\"https:\/\/schema.org\",\"@graph\":[{\"@type\":\"Article\",\"@id\":\"https:\/\/rioonwatch.org.br\/?p=32353#article\",\"isPartOf\":{\"@id\":\"https:\/\/rioonwatch.org.br\/?p=32353\"},\"author\":{\"name\":\"Admin\",\"@id\":\"https:\/\/rioonwatch.org.br\/#\/schema\/person\/11d64c290506f9df50c71b850c473f68\"},\"headline\":\"Outra Vit\u00f3ria para Rio das Pedras: Light \u00c9 Obrigada a Remover Medidores Problem\u00e1ticos\",\"datePublished\":\"2018-04-18T12:35:19+00:00\",\"dateModified\":\"2018-04-19T17:47:46+00:00\",\"mainEntityOfPage\":{\"@id\":\"https:\/\/rioonwatch.org.br\/?p=32353\"},\"wordCount\":799,\"publisher\":{\"@id\":\"https:\/\/rioonwatch.org.br\/#organization\"},\"image\":{\"@id\":\"https:\/\/rioonwatch.org.br\/?p=32353#primaryimage\"},\"thumbnailUrl\":\"https:\/\/rioonwatch.org.br\/wp-content\/uploads\/2018\/04\/29510923_1885058778231117_3673193058998392468_n-e1523458792436.jpg\",\"keywords\":[\"C\u00e2mara dos Vereadores\",\"Direito \u00e0 Moradia\",\"gentrifica\u00e7\u00e3o\",\"lei\",\"Light\",\"mobiliza\u00e7\u00e3o\",\"moradia\",\"protesto\",\"resist\u00eancia\",\"Rio das Pedras\",\"servi\u00e7os p\u00fablicos\",\"Zona Oeste\"],\"articleSection\":[\"#Monitoramento\",\"#OlhoNaGentrifica\u00e7\u00e3o\",\"#OlhoNasRemo\u00e7\u00f5es\",\"*Destaque\",\"Escrito por Aliados\",\"Pol\u00edticas\"],\"inLanguage\":\"pt-BR\"},{\"@type\":\"WebPage\",\"@id\":\"https:\/\/rioonwatch.org.br\/?p=32353\",\"url\":\"https:\/\/rioonwatch.org.br\/?p=32353\",\"name\":\"Outra Vit\u00f3ria para Rio das Pedras: Light \u00c9 Obrigada a Remover Medidores Problem\u00e1ticos - RioOnWatch\",\"isPartOf\":{\"@id\":\"https:\/\/rioonwatch.org.br\/#website\"},\"primaryImageOfPage\":{\"@id\":\"https:\/\/rioonwatch.org.br\/?p=32353#primaryimage\"},\"image\":{\"@id\":\"https:\/\/rioonwatch.org.br\/?p=32353#primaryimage\"},\"thumbnailUrl\":\"https:\/\/rioonwatch.org.br\/wp-content\/uploads\/2018\/04\/29510923_1885058778231117_3673193058998392468_n-e1523458792436.jpg\",\"datePublished\":\"2018-04-18T12:35:19+00:00\",\"dateModified\":\"2018-04-19T17:47:46+00:00\",\"breadcrumb\":{\"@id\":\"https:\/\/rioonwatch.org.br\/?p=32353#breadcrumb\"},\"inLanguage\":\"pt-BR\",\"potentialAction\":[{\"@type\":\"ReadAction\",\"target\":[\"https:\/\/rioonwatch.org.br\/?p=32353\"]}]},{\"@type\":\"ImageObject\",\"inLanguage\":\"pt-BR\",\"@id\":\"https:\/\/rioonwatch.org.br\/?p=32353#primaryimage\",\"url\":\"https:\/\/rioonwatch.org.br\/wp-content\/uploads\/2018\/04\/29510923_1885058778231117_3673193058998392468_n-e1523458792436.jpg\",\"contentUrl\":\"https:\/\/rioonwatch.org.br\/wp-content\/uploads\/2018\/04\/29510923_1885058778231117_3673193058998392468_n-e1523458792436.jpg\",\"width\":957,\"height\":446},{\"@type\":\"BreadcrumbList\",\"@id\":\"https:\/\/rioonwatch.org.br\/?p=32353#breadcrumb\",\"itemListElement\":[{\"@type\":\"ListItem\",\"position\":1,\"name\":\"In\u00edcio\",\"item\":\"https:\/\/rioonwatch.org.br\/\"},{\"@type\":\"ListItem\",\"position\":2,\"name\":\"Outra Vit\u00f3ria para Rio das Pedras: Light \u00c9 Obrigada a Remover Medidores Problem\u00e1ticos\"}]},{\"@type\":\"WebSite\",\"@id\":\"https:\/\/rioonwatch.org.br\/#website\",\"url\":\"https:\/\/rioonwatch.org.br\/\",\"name\":\"RioOnWatch\",\"description\":\"relatos das favelas cariocas\",\"publisher\":{\"@id\":\"https:\/\/rioonwatch.org.br\/#organization\"},\"potentialAction\":[{\"@type\":\"SearchAction\",\"target\":{\"@type\":\"EntryPoint\",\"urlTemplate\":\"https:\/\/rioonwatch.org.br\/?s={search_term_string}\"},\"query-input\":{\"@type\":\"PropertyValueSpecification\",\"valueRequired\":true,\"valueName\":\"search_term_string\"}}],\"inLanguage\":\"pt-BR\"},{\"@type\":\"Organization\",\"@id\":\"https:\/\/rioonwatch.org.br\/#organization\",\"name\":\"RioOnWatch\",\"url\":\"https:\/\/rioonwatch.org.br\/\",\"logo\":{\"@type\":\"ImageObject\",\"inLanguage\":\"pt-BR\",\"@id\":\"https:\/\/rioonwatch.org.br\/#\/schema\/logo\/image\/\",\"url\":\"https:\/\/rioonwatch.org.br\/wp-content\/uploads\/2021\/06\/RioOnWatchcabecalhoPT11anos-2.png\",\"contentUrl\":\"https:\/\/rioonwatch.org.br\/wp-content\/uploads\/2021\/06\/RioOnWatchcabecalhoPT11anos-2.png\",\"width\":779,\"height\":277,\"caption\":\"RioOnWatch\"},\"image\":{\"@id\":\"https:\/\/rioonwatch.org.br\/#\/schema\/logo\/image\/\"}},{\"@type\":\"Person\",\"@id\":\"https:\/\/rioonwatch.org.br\/#\/schema\/person\/11d64c290506f9df50c71b850c473f68\",\"name\":\"Admin\",\"image\":{\"@type\":\"ImageObject\",\"inLanguage\":\"pt-BR\",\"@id\":\"https:\/\/rioonwatch.org.br\/#\/schema\/person\/image\/\",\"url\":\"https:\/\/secure.gravatar.com\/avatar\/56211ac74568383903349a1485e3c325?s=96&d=blank&r=g\",\"contentUrl\":\"https:\/\/secure.gravatar.com\/avatar\/56211ac74568383903349a1485e3c325?s=96&d=blank&r=g\",\"caption\":\"Admin\"},\"url\":\"https:\/\/rioonwatch.org.br\/?author=129\"}]}<\/script>\n<!-- \/ Yoast SEO plugin. -->","yoast_head_json":{"title":"Outra Vit\u00f3ria para Rio das Pedras: Light \u00c9 Obrigada a Remover Medidores Problem\u00e1ticos - RioOnWatch","robots":{"index":"index","follow":"follow","max-snippet":"max-snippet:-1","max-image-preview":"max-image-preview:large","max-video-preview":"max-video-preview:-1"},"canonical":"https:\/\/rioonwatch.org.br\/?p=32353","og_locale":"pt_BR","og_type":"article","og_title":"Outra Vit\u00f3ria para Rio das Pedras: Light \u00c9 Obrigada a Remover Medidores Problem\u00e1ticos - RioOnWatch","og_description":"Click Here for English Em uma grande vit\u00f3ria para os moradores de\u00a0Rio das Pedras, a Light\u00a0foi ordenada a remover seu mais recente modelo de medidor el\u00e9trico espalhado pela cidade. Com moradores reportando contas de energia [...]","og_url":"https:\/\/rioonwatch.org.br\/?p=32353","og_site_name":"RioOnWatch","article_published_time":"2018-04-18T12:35:19+00:00","article_modified_time":"2018-04-19T17:47:46+00:00","og_image":[{"width":957,"height":446,"url":"https:\/\/rioonwatch.org.br\/wp-content\/uploads\/2018\/04\/29510923_1885058778231117_3673193058998392468_n-e1523458792436.jpg","type":"image\/jpeg"}],"author":"Admin","twitter_card":"summary_large_image","twitter_misc":{"Escrito por":"Admin","Est. tempo de leitura":"4 minutos"},"schema":{"@context":"https:\/\/schema.org","@graph":[{"@type":"Article","@id":"https:\/\/rioonwatch.org.br\/?p=32353#article","isPartOf":{"@id":"https:\/\/rioonwatch.org.br\/?p=32353"},"author":{"name":"Admin","@id":"https:\/\/rioonwatch.org.br\/#\/schema\/person\/11d64c290506f9df50c71b850c473f68"},"headline":"Outra Vit\u00f3ria para Rio das Pedras: Light \u00c9 Obrigada a Remover Medidores Problem\u00e1ticos","datePublished":"2018-04-18T12:35:19+00:00","dateModified":"2018-04-19T17:47:46+00:00","mainEntityOfPage":{"@id":"https:\/\/rioonwatch.org.br\/?p=32353"},"wordCount":799,"publisher":{"@id":"https:\/\/rioonwatch.org.br\/#organization"},"image":{"@id":"https:\/\/rioonwatch.org.br\/?p=32353#primaryimage"},"thumbnailUrl":"https:\/\/rioonwatch.org.br\/wp-content\/uploads\/2018\/04\/29510923_1885058778231117_3673193058998392468_n-e1523458792436.jpg","keywords":["C\u00e2mara dos Vereadores","Direito \u00e0 Moradia","gentrifica\u00e7\u00e3o","lei","Light","mobiliza\u00e7\u00e3o","moradia","protesto","resist\u00eancia","Rio das Pedras","servi\u00e7os p\u00fablicos","Zona Oeste"],"articleSection":["#Monitoramento","#OlhoNaGentrifica\u00e7\u00e3o","#OlhoNasRemo\u00e7\u00f5es","*Destaque","Escrito por Aliados","Pol\u00edticas"],"inLanguage":"pt-BR"},{"@type":"WebPage","@id":"https:\/\/rioonwatch.org.br\/?p=32353","url":"https:\/\/rioonwatch.org.br\/?p=32353","name":"Outra Vit\u00f3ria para Rio das Pedras: Light \u00c9 Obrigada a Remover Medidores Problem\u00e1ticos - RioOnWatch","isPartOf":{"@id":"https:\/\/rioonwatch.org.br\/#website"},"primaryImageOfPage":{"@id":"https:\/\/rioonwatch.org.br\/?p=32353#primaryimage"},"image":{"@id":"https:\/\/rioonwatch.org.br\/?p=32353#primaryimage"},"thumbnailUrl":"https:\/\/rioonwatch.org.br\/wp-content\/uploads\/2018\/04\/29510923_1885058778231117_3673193058998392468_n-e1523458792436.jpg","datePublished":"2018-04-18T12:35:19+00:00","dateModified":"2018-04-19T17:47:46+00:00","breadcrumb":{"@id":"https:\/\/rioonwatch.org.br\/?p=32353#breadcrumb"},"inLanguage":"pt-BR","potentialAction":[{"@type":"ReadAction","target":["https:\/\/rioonwatch.org.br\/?p=32353"]}]},{"@type":"ImageObject","inLanguage":"pt-BR","@id":"https:\/\/rioonwatch.org.br\/?p=32353#primaryimage","url":"https:\/\/rioonwatch.org.br\/wp-content\/uploads\/2018\/04\/29510923_1885058778231117_3673193058998392468_n-e1523458792436.jpg","contentUrl":"https:\/\/rioonwatch.org.br\/wp-content\/uploads\/2018\/04\/29510923_1885058778231117_3673193058998392468_n-e1523458792436.jpg","width":957,"height":446},{"@type":"BreadcrumbList","@id":"https:\/\/rioonwatch.org.br\/?p=32353#breadcrumb","itemListElement":[{"@type":"ListItem","position":1,"name":"In\u00edcio","item":"https:\/\/rioonwatch.org.br\/"},{"@type":"ListItem","position":2,"name":"Outra Vit\u00f3ria para Rio das Pedras: Light \u00c9 Obrigada a Remover Medidores Problem\u00e1ticos"}]},{"@type":"WebSite","@id":"https:\/\/rioonwatch.org.br\/#website","url":"https:\/\/rioonwatch.org.br\/","name":"RioOnWatch","description":"relatos das favelas cariocas","publisher":{"@id":"https:\/\/rioonwatch.org.br\/#organization"},"potentialAction":[{"@type":"SearchAction","target":{"@type":"EntryPoint","urlTemplate":"https:\/\/rioonwatch.org.br\/?s={search_term_string}"},"query-input":{"@type":"PropertyValueSpecification","valueRequired":true,"valueName":"search_term_string"}}],"inLanguage":"pt-BR"},{"@type":"Organization","@id":"https:\/\/rioonwatch.org.br\/#organization","name":"RioOnWatch","url":"https:\/\/rioonwatch.org.br\/","logo":{"@type":"ImageObject","inLanguage":"pt-BR","@id":"https:\/\/rioonwatch.org.br\/#\/schema\/logo\/image\/","url":"https:\/\/rioonwatch.org.br\/wp-content\/uploads\/2021\/06\/RioOnWatchcabecalhoPT11anos-2.png","contentUrl":"https:\/\/rioonwatch.org.br\/wp-content\/uploads\/2021\/06\/RioOnWatchcabecalhoPT11anos-2.png","width":779,"height":277,"caption":"RioOnWatch"},"image":{"@id":"https:\/\/rioonwatch.org.br\/#\/schema\/logo\/image\/"}},{"@type":"Person","@id":"https:\/\/rioonwatch.org.br\/#\/schema\/person\/11d64c290506f9df50c71b850c473f68","name":"Admin","image":{"@type":"ImageObject","inLanguage":"pt-BR","@id":"https:\/\/rioonwatch.org.br\/#\/schema\/person\/image\/","url":"https:\/\/secure.gravatar.com\/avatar\/56211ac74568383903349a1485e3c325?s=96&d=blank&r=g","contentUrl":"https:\/\/secure.gravatar.com\/avatar\/56211ac74568383903349a1485e3c325?s=96&d=blank&r=g","caption":"Admin"},"url":"https:\/\/rioonwatch.org.br\/?author=129"}]}},"_links":{"self":[{"href":"https:\/\/rioonwatch.org.br\/index.php?rest_route=\/wp\/v2\/posts\/32353"}],"collection":[{"href":"https:\/\/rioonwatch.org.br\/index.php?rest_route=\/wp\/v2\/posts"}],"about":[{"href":"https:\/\/rioonwatch.org.br\/index.php?rest_route=\/wp\/v2\/types\/post"}],"author":[{"embeddable":true,"href":"https:\/\/rioonwatch.org.br\/index.php?rest_route=\/wp\/v2\/users\/129"}],"replies":[{"embeddable":true,"href":"https:\/\/rioonwatch.org.br\/index.php?rest_route=%2Fwp%2Fv2%2Fcomments&post=32353"}],"version-history":[{"count":11,"href":"https:\/\/rioonwatch.org.br\/index.php?rest_route=\/wp\/v2\/posts\/32353\/revisions"}],"predecessor-version":[{"id":32388,"href":"https:\/\/rioonwatch.org.br\/index.php?rest_route=\/wp\/v2\/posts\/32353\/revisions\/32388"}],"wp:featuredmedia":[{"embeddable":true,"href":"https:\/\/rioonwatch.org.br\/index.php?rest_route=\/wp\/v2\/media\/32356"}],"wp:attachment":[{"href":"https:\/\/rioonwatch.org.br\/index.php?rest_route=%2Fwp%2Fv2%2Fmedia&parent=32353"}],"wp:term":[{"taxonomy":"category","embeddable":true,"href":"https:\/\/rioonwatch.org.br\/index.php?rest_route=%2Fwp%2Fv2%2Fcategories&post=32353"},{"taxonomy":"post_tag","embeddable":true,"href":"https:\/\/rioonwatch.org.br\/index.php?rest_route=%2Fwp%2Fv2%2Ftags&post=32353"},{"taxonomy":"writer","embeddable":true,"href":"https:\/\/rioonwatch.org.br\/index.php?rest_route=%2Fwp%2Fv2%2Fwriter&post=32353"},{"taxonomy":"translator","embeddable":true,"href":"https:\/\/rioonwatch.org.br\/index.php?rest_route=%2Fwp%2Fv2%2Ftranslator&post=32353"},{"taxonomy":"source","embeddable":true,"href":"https:\/\/rioonwatch.org.br\/index.php?rest_route=%2Fwp%2Fv2%2Fsource&post=32353"},{"taxonomy":"ilustrador","embeddable":true,"href":"https:\/\/rioonwatch.org.br\/index.php?rest_route=%2Fwp%2Fv2%2Filustrador&post=32353"},{"taxonomy":"fotografo","embeddable":true,"href":"https:\/\/rioonwatch.org.br\/index.php?rest_route=%2Fwp%2Fv2%2Ffotografo&post=32353"}],"curies":[{"name":"wp","href":"https:\/\/api.w.org\/{rel}","templated":true}]}}