{"id":32396,"date":"2018-04-23T10:25:19","date_gmt":"2018-04-23T13:25:19","guid":{"rendered":"http:\/\/rioonwatch.org.br\/?p=32396"},"modified":"2018-05-01T10:47:12","modified_gmt":"2018-05-01T13:47:12","slug":"quinze-meses-de-crivella-parte-1-cultura-e-seguranca-publica","status":"publish","type":"post","link":"https:\/\/rioonwatch.org.br\/?p=32396","title":{"rendered":"Quinze Meses de Prefeitura Crivella, Parte 1: Cultura e Seguran\u00e7a P\u00fablica"},"content":{"rendered":"<p style=\"text-align: right;\"><em><strong><a href=\"http:\/\/bit.ly\/2HISO6d\" target=\"_blank\" rel=\"noopener noreferrer\">Click Here for English<img decoding=\"async\" width=\"20\" height=\"20\" class=\"alignright wp-image-15790\" src=\"http:\/\/rioonwatch.org.br\/wp-content\/uploads\/2012\/08\/EN-standard-e1439583104716.jpg\" \/><\/a><\/strong><\/em><\/p>\n<p><em>Esta \u00e9 a primeira de uma\u00a0s\u00e9rie de duas\u00a0mat\u00e9rias de monitoramento e cr\u00edtica ao acompanhar a aus\u00eancia do Prefeito Marcelo Crivella at\u00e9 ent\u00e3o, e suas pol\u00edticas nas \u00e1reas de cultura, seguran\u00e7a p\u00fablica, interven\u00e7\u00f5es urbanas e sociais.\u00a0Veja a segunda mat\u00e9ria\u00a0<a href=\"http:\/\/bit.ly\/2FjnOHU\" target=\"_blank\" rel=\"noopener\">aqui<\/a>.<\/em><\/p>\n<p>O prefeito do Rio de Janeiro, <a href=\"http:\/\/bit.ly\/2cIlnDw\" target=\"_blank\" rel=\"noopener\">Marcelo Crivella<\/a>, tem uma gest\u00e3o marcada por aus\u00eancias. At\u00e9 meados de fevereiro desse ano, eram pelo menos <a href=\"https:\/\/glo.bo\/2EXEDYN\" target=\"_blank\" rel=\"noopener\">36 dias longe da cidade<\/a>. Ele n\u00e3o s\u00f3 se ausentou durante o Carnaval, no qual o prefeito desempenha um papel simb\u00f3lico, mas estava \u201c<a href=\"http:\/\/bit.ly\/2GEkRqW\" target=\"_blank\" rel=\"noopener\">acompanhando \u00e0 dist\u00e2ncia<\/a>\u201d quando chuvas torrenciais no Rio <a href=\"http:\/\/bit.ly\/2qjMScT\" target=\"_blank\" rel=\"noopener\">mataram quatro pessoas e deixaram mais de 2000 desabrigadas<\/a> e n\u00e3o estava na cidade no momento do an\u00fancio da <a href=\"http:\/\/bit.ly\/2t2ARfU\" target=\"_blank\" rel=\"noopener\">interven\u00e7\u00e3o federal militar<\/a>.<\/p>\n<p>Sua aus\u00eancia n\u00e3o \u00e9 s\u00f3 do territ\u00f3rio da cidade, mas consiste no seu sil\u00eancio e suas n\u00e3o entregas pol\u00edticas. O <a href=\"http:\/\/bit.ly\/2tPJMzV\" target=\"_blank\" rel=\"noopener\">Plano Estrat\u00e9gico<\/a> da cidade, que deveria ter sido revisado pela prefeitura ainda em 2017 ap\u00f3s o <a href=\"http:\/\/bit.ly\/2yvqpv8\" target=\"_blank\" rel=\"noopener\">engajamento e sugest\u00f5es de revis\u00e3o por parte da sociedade civil<\/a>, nunca foi entregue. Est\u00e1 engavetado na prefeitura. A ent\u00e3o Subsecret\u00e1ria de Planejamento e Gest\u00e3o Governamental\u00a0<a href=\"http:\/\/bit.ly\/2tZqcxz\" target=\"_blank\" rel=\"noopener\">Asp\u00e1sia Camargo<\/a>, que encabe\u00e7ou o Plano, foi deslocada para a Assessoria de Inova\u00e7\u00e3o da Secretaria da Casa Civil, e a Subsecretaria passou a se chamar Subsecretaria de Planejamento e Acompanhamento de Resultados. Resta saber quais resultados s\u00e3o esses.<\/p>\n<p>Se compararmos com o processo de consulta do Plano Estrat\u00e9gico (l\u00e1 chamado Plano de Metas) de S\u00e3o Paulo, uma cidade de dimens\u00f5es e desafios compar\u00e1veis aos do Rio de Janeiro, vislumbramos onde a prefeitura do Rio poderia ter almejado chegar. A prefeitura de S\u00e3o Paulo entregou a vers\u00e3o final ap\u00f3s consulta p\u00fablica do Plano ainda em julho de 2017 e criou um <a href=\"http:\/\/bit.ly\/2HSleLW\" target=\"_blank\" rel=\"noopener\">site de acompanhamento dos indicadores<\/a> das metas para o acompanhamento cidad\u00e3o das mesmas.<\/p>\n<p>Vejamos as a\u00e7\u00f5es e ina\u00e7\u00f5es que marcam os 15 primeiros meses de gest\u00e3o do Crivella:<\/p>\n<h3>&#8220;N\u00e3o vamos ter cultura&#8221; em favelas<\/h3>\n<p>No \u00e2mbito da <a href=\"http:\/\/bit.ly\/1NzHxSq\" target=\"_blank\" rel=\"noopener\">cultura<\/a>, o Plano Estrat\u00e9gico n\u00e3o prev\u00ea iniciativas de fomento a projetos culturais.\u00a0<a href=\"https:\/\/glo.bo\/2qKVppQ\" target=\"_blank\" rel=\"noopener\">Verbas existentes de fomento, inclusive, foram suspensas<\/a> ou redirecionadas para outras \u00e1reas e os editais lan\u00e7ados foram em menos quantidades e com menores valores que no passado. Somente prev\u00ea o\u00a0programa Vale Cultura, que <a href=\"https:\/\/glo.bo\/2HHemDz\">no seu programa de governo<\/a>\u00a0Crivella prometeu ampliar, de forma que pelo menos 1% do or\u00e7amento municipal fosse destinado \u00e0 promo\u00e7\u00e3o da cultura na cidade j\u00e1 no primeiro ano de governo, <a href=\"http:\/\/bit.ly\/2F1NyIE\" target=\"_blank\" rel=\"noopener\">mas sem cumprir<\/a>.<\/p>\n<p>Para Crivella, arte e cultura n\u00e3o precisam ser remuneradas e, portanto, n\u00e3o demandam investimentos. Isso porque, ao criar o projeto &#8220;Rio Big Walls&#8221; para a valoriza\u00e7\u00e3o de espa\u00e7os urbanos por meio do grafite, <a href=\"http:\/\/bit.ly\/2Hkw1l6\" target=\"_blank\" rel=\"noopener\">ele declarou<\/a>: &#8220;N\u00f3s vamos ser premiados e isso n\u00e3o custou absolutamente nada para a Prefeitura. Veja que coisa interessante, estamos discutindo tanto sobre patroc\u00ednio da Prefeitura e aqui est\u00e1 uma parceria linda, feita por uma jovem idealista, junto com o seu produtor, numa oferta gratuita \u00e0 Prefeitura&#8221;.<\/p>\n<p>Nesse sentido, a cidade testemunhou o <a href=\"https:\/\/glo.bo\/2vzo4mq\" target=\"_blank\" rel=\"noopener\">corte de verbas para o carnaval<\/a>, do <a href=\"http:\/\/bit.ly\/2J9uN8I\" target=\"_blank\" rel=\"noopener\">subs\u00eddio \u00e0 Casa do Jongo<\/a> (<a href=\"https:\/\/glo.bo\/2lQpfGE\" target=\"_blank\" rel=\"noopener\">que inclusive provocou seu fechamento tempor\u00e1rio<\/a>) e dos <a href=\"http:\/\/bit.ly\/2K9AV1N\" target=\"_blank\" rel=\"noopener\">repasses devidos<\/a> ao <a href=\"http:\/\/bit.ly\/1DhHrsS\" target=\"_blank\" rel=\"noopener\">Instituto Pretos Novos<\/a>\u00a0desde que Crivella assumiu. \u00c9 dif\u00edcil acreditar em coincid\u00eancia quando os tr\u00eas s\u00e3o fortemente associados \u00e0 cultura negra, especialmente diante de um cen\u00e1rio de crescente <a href=\"http:\/\/bit.ly\/2HfZiZP\" target=\"_blank\" rel=\"noopener\">intoler\u00e2ncia por parte de alguns setores da Igreja evang\u00e9lica<\/a> em rela\u00e7\u00e3o \u00e0 cultura negra e religi\u00f5es de matriz africana. A alegria pela nomea\u00e7\u00e3o de Nilcemar Nogueira, mulher negra, perif\u00e9rica, neta do sambista <a href=\"http:\/\/bit.ly\/2qPw9h5\" target=\"_blank\" rel=\"noopener\">Cartola<\/a>, para a Secretaria de Cultura <a href=\"http:\/\/bit.ly\/2Fyd9uk\" target=\"_blank\" rel=\"noopener\">durou pouco, quando percebeu-se<\/a> que sua agenda n\u00e3o se contrap\u00f5e \u00e0 do prefeito e privilegia apenas o <a href=\"http:\/\/bit.ly\/2bSb27c\" target=\"_blank\" rel=\"noopener\">Museu do Amanh\u00e3<\/a> como aparato cultural.<\/p>\n<p><a href=\"http:\/\/rioonwatch.org.br\/wp-content\/uploads\/2018\/04\/nilcemar.jpg\"><img fetchpriority=\"high\" decoding=\"async\" class=\"aligncenter wp-image-32469 size-content\" title=\"Crivella e secret\u00e1ria de cultura Nilcemar Nogueira. Foto: M\u00e1rcia Foletto\/Ag\u00eancia O Globo.\" src=\"http:\/\/rioonwatch.org.br\/wp-content\/uploads\/2018\/04\/nilcemar-620x264.jpg\" alt=\"\" width=\"620\" height=\"264\" \/><\/a><\/p>\n<p>Na mesma linha, o <a href=\"http:\/\/bit.ly\/2vUJU1H\" target=\"_blank\" rel=\"noopener\">Museu da Escravid\u00e3o e da Liberdade<\/a>, apesar de previsto no Plano Estrat\u00e9gico e criado oficialmente por decreto em maio de 2017, n\u00e3o saiu do papel e n\u00e3o h\u00e1 informa\u00e7\u00f5es se seu nome controverso <a href=\"http:\/\/bit.ly\/2Hk6hkF\" target=\"_blank\" rel=\"noopener\">foi colocado para consulta p\u00fablica<\/a> conforme prometido. Nas favelas, as <a href=\"http:\/\/bit.ly\/2CeRrx5\" target=\"_blank\" rel=\"noopener\">Bibliotecas Parque da Rocinha<\/a> e <a href=\"http:\/\/bit.ly\/2vytuOs\" target=\"_blank\" rel=\"noopener\">de Manguinhos<\/a> foram reabertas, muitos meses ap\u00f3s o previsto e ap\u00f3s o descumprimento de v\u00e1rios prazos colocados pela pr\u00f3pria prefeitura. J\u00e1 a Biblioteca Parque do Alem\u00e3o, <a href=\"https:\/\/glo.bo\/2HOa9eN\" target=\"_blank\" rel=\"noopener\">que est\u00e1 desde janeiro de 2017 ocupada por policiais militares<\/a>\u00a0(que ocupam o telef\u00e9rico onde ela se localiza), continua fechada. Em setembro do ano passado, <a href=\"https:\/\/glo.bo\/2qMUMLB\" target=\"_blank\" rel=\"noopener\">anunciou a cria\u00e7\u00e3o de uma Nave do Conhecimento na Rocinha<\/a>, mas at\u00e9 agora nada mais foi dito. <a href=\"http:\/\/bit.ly\/2vzc8kE\" target=\"_blank\" rel=\"noopener\">Prometeu ainda em sua campanha investir em lonas culturais<\/a>, o que tampouco foi cumprido at\u00e9 o momento.<\/p>\n<p>A revitaliza\u00e7\u00e3o de equipamentos culturais e bibliotecas est\u00e1 prevista de fato no Plano Estrat\u00e9gico, mas n\u00e3o a cria\u00e7\u00e3o de novos equipamentos culturais nessas \u00e1reas ainda marcadas pelo <a href=\"http:\/\/bit.ly\/1bHWcLD\" target=\"_blank\" rel=\"noopener\">d\u00e9ficit dos mesmos<\/a>, nem a publica\u00e7\u00e3o de editais que possibilitem a ocupa\u00e7\u00e3o dos equipamentos existentes com atividades culturais. Al\u00e9m do mais, o prefeito declarou que <a href=\"https:\/\/glo.bo\/2HitoMg\" target=\"_blank\" rel=\"noopener\">as atividades culturais devem acontecer no espa\u00e7o da escola<\/a>.<\/p>\n<p>Al\u00e9m disso, a produ\u00e7\u00e3o de eventos culturais na favela \u00e9 cada vez mais dif\u00edcil, especialmente diante da <a href=\"http:\/\/bit.ly\/2sLa3vW\" target=\"_blank\" rel=\"noopener\">cria\u00e7\u00e3o de um gabinete ligado \u00e0 prefeitura que burocratiza<\/a> e aumenta o n\u00famero de licen\u00e7as necess\u00e1rias para se fazer um evento na rua, podendo inclusive vet\u00e1-lo durante a sua realiza\u00e7\u00e3o. Assim, v\u00ea-se um esfor\u00e7o do poder p\u00fablico em tornar verdadeira a profecia da ent\u00e3o Subsecret\u00e1ria de Planejamento de Crivella de que <a href=\"http:\/\/bit.ly\/2v2enLx\" target=\"_blank\" rel=\"noopener\">\u201cn\u00e3o vamos ter cultura\u201d em favelas<\/a>&#8211;esfor\u00e7o esse resistido na vida cotidiana de pessoas como Daiana Oliveira, do <a href=\"http:\/\/bit.ly\/2djBzdX\" target=\"_blank\" rel=\"noopener\">Ballet Manguinhos<\/a>, que <a href=\"https:\/\/glo.bo\/2Gr1QYR\" target=\"_blank\" rel=\"noopener\">assumiu por conta pr\u00f3pria o funcionamento da Biblioteca enquanto ela esteve oficialmente fechada<\/a>.<\/p>\n<p><a href=\"http:\/\/rioonwatch.org.br\/wp-content\/uploads\/2018\/04\/carlos-magno.jpeg\"><img decoding=\"async\" class=\"aligncenter wp-image-32467 size-content\" title=\"Cerim\u00f4nia de Reabertura da Biblioteca Parque de Manguinhos, rebatizada Biblioteca Marielle Franco. Foto: Carlos Magno\/Reprodu\u00e7\u00e3o ANF.\" src=\"http:\/\/rioonwatch.org.br\/wp-content\/uploads\/2018\/04\/carlos-magno-620x264.jpeg\" alt=\"\" width=\"620\" height=\"264\" \/><\/a><\/p>\n<h3>&#8220;Jamais ficaremos ausentes [da seguran\u00e7a p\u00fablica]&#8221;<\/h3>\n<p>Em seu discurso de posse, Crivella afirmou que a <a href=\"https:\/\/glo.bo\/2HaLwMn\" target=\"_blank\" rel=\"noopener\">\u201cquest\u00e3o da Seguran\u00e7a P\u00fablica\u2013sabemos\u2013\u00e9 dever do Estado, n\u00e3o do Munic\u00edpio. Mas jamais ficaremos ausentes\u201d<\/a>. De fato, a gest\u00e3o municipal tem pouca inger\u00eancia sobre a <a href=\"http:\/\/bit.ly\/1fRNcBs\" target=\"_blank\" rel=\"noopener\">seguran\u00e7a p\u00fablica<\/a>, j\u00e1 que ela \u00e9 tradicionalmente compet\u00eancia do governo estadual e, atualmente, submetida ao governo federal, devido \u00e0 interven\u00e7\u00e3o federal militar, que colocou nas m\u00e3os do Interventor Braga Netto a Secretaria de Seguran\u00e7a do Estado. Ainda assim, o prefeito <a href=\"https:\/\/glo.bo\/2K53Hk2\" target=\"_blank\" rel=\"noopener\">sentiu-se \u00e0 vontade para se posicionar<\/a> sobre a dita interven\u00e7\u00e3o, indo na dire\u00e7\u00e3o contr\u00e1ria da <a href=\"https:\/\/glo.bo\/2HGieo0\" target=\"_blank\" rel=\"noopener\">C\u00e2mara dos Deputados, da OAB\/RJ e algumas organiza\u00e7\u00f5es da sociedade civil e da academia<\/a> que se propuseram a monitorar e limitar os efeitos dessa interven\u00e7\u00e3o: para ele, \u201c[\u00e9] imposs\u00edvel tamb\u00e9m voc\u00ea fazer uma incurs\u00e3o na comunidade carente sem que haja uma certa a\u00e7\u00e3o de viol\u00eancia\u201d, discurso que contribui para a legitima\u00e7\u00e3o e naturaliza\u00e7\u00e3o dessa viol\u00eancia.<\/p>\n<p>Al\u00e9m disso, sua atua\u00e7\u00e3o frente \u00e0 situa\u00e7\u00e3o da Rocinha no final de 2017 foi lenta\u2014demoraram 15 horas ap\u00f3s estouraram os conflitos para que ele se posicionasse sobre o ocorrido em <a href=\"http:\/\/bit.ly\/2vyV5iP\" target=\"_blank\" rel=\"noopener\">nota oficial<\/a>, que dizia:<\/p>\n<blockquote><p>\u00c9 com muita tristeza que o prefeito do Rio de Janeiro, Marcelo Crivella, acompanha a situa\u00e7\u00e3o de medo e inseguran\u00e7a provocada por traficantes de drogas, nessa sexta-feira, dia 22, na Rocinha, em S\u00e3o Conrado, na Zona Sul. Crivella se solidariza com os moradores que vivem na localidade e est\u00e3o passando por dias extremamente dif\u00edceis.\u00a0[&#8230;] Apesar de ser uma responsabilidade do Governo do Estado, a Prefeitura do Rio n\u00e3o vai se eximir de contribuir com o que for poss\u00edvel para combater a viol\u00eancia na cidade.\u00a0[&#8230;] O prefeito considera que, com a colabora\u00e7\u00e3o de todos, o Rio vencer\u00e1 essa batalha.<\/p><\/blockquote>\n<p>Na narrativa da Prefeitura, comum tamb\u00e9m na grande m\u00eddia, o medo \u00e9 causado por traficantes de drogas e o Rio vive um cen\u00e1rio de &#8220;batalha&#8221;, que justifica a necessidade do emprego de tropas federais.<\/p>\n<p><a href=\"http:\/\/rioonwatch.org.br\/wp-content\/uploads\/2018\/04\/crivella-rocinha.jpeg\"><img loading=\"lazy\" decoding=\"async\" class=\"aligncenter wp-image-32468 size-content\" title=\"Crivella em visita \u00e0 Rocinha em setembro de 2017. Foto: Eduardo Anizelli\/Folhapress.\" src=\"http:\/\/rioonwatch.org.br\/wp-content\/uploads\/2018\/04\/crivella-rocinha-620x264.jpeg\" alt=\"\" width=\"620\" height=\"264\" \/><\/a><\/p>\n<p>J\u00e1 nas inst\u00e2ncias sobre as quais o prefeito pode agir mais ativamente sobre a seguran\u00e7a p\u00fablica, essa atua\u00e7\u00e3o privilegiou as \u00e1reas j\u00e1 mais privilegiadas da cidade, visando reduzir a ocorr\u00eancia de crimes \u201cna orla da cidade\u201d, como colocado no Plano Estrat\u00e9gico. A Prefeitura\u00a0<a href=\"http:\/\/bit.ly\/2qKC7zU\" target=\"_blank\" rel=\"noopener\">criou o programa Rio+Seguro<\/a>, com aumento de efetivos da Guarda Municipal e uso de tecnologias como c\u00e2meras em Copacabana e no Leme,\u00a0<a href=\"http:\/\/bit.ly\/2EYucE0\" target=\"_blank\" rel=\"noopener\">renovou o Programa Presente no Centro<\/a> at\u00e9 o meio de 2018, em parceria com a Fecom\u00e9rcio, que garantiu tamb\u00e9m <a href=\"http:\/\/bit.ly\/2EYucE0\" target=\"_blank\" rel=\"noopener\">a continuidade do programa<\/a> no M\u00e9ier, na Lagoa e no Aterro do Flamengo at\u00e9 pelo menos o final de 2018. Al\u00e9m disso, <a href=\"http:\/\/bit.ly\/2qDeES3\" target=\"_blank\" rel=\"noopener\">deu motos<\/a>\u00a0\u00e0 Guarda Municipal, <a href=\"http:\/\/bit.ly\/2F1aszS\" target=\"_blank\" rel=\"noopener\">conferiu-lhe a fun\u00e7\u00e3o de patrulhamento urbano<\/a> (para al\u00e9m de prote\u00e7\u00e3o ao patrim\u00f4nio, podem fazer policiamento preventivo) e\u00a0<a href=\"http:\/\/bit.ly\/2HKhDzb\" target=\"_blank\" rel=\"noopener\">colocou-a \u00e0 disposi\u00e7\u00e3o das for\u00e7as federais de seguran\u00e7a<\/a>\u00a0para, segundo ele \u201catacar o varejo do crime\u201d. Envolveu-se ainda em uma pol\u00eamica ap\u00f3s a prefeitura distribuir um <a href=\"https:\/\/glo.bo\/2J6YiHX\" target=\"_blank\" rel=\"noopener\">question\u00e1rio para saber a op\u00e7\u00e3o religiosa<\/a> dos Guardas, e que s\u00f3 possu\u00eda as op\u00e7\u00f5es &#8220;Cat\u00f3lico&#8221;, &#8220;Evang\u00e9lico&#8221;, &#8220;Esp\u00edrita&#8221; e &#8220;Outros&#8221;.<\/p>\n<p>Outras pol\u00eamicas inclu\u00edram a proposta que <a href=\"http:\/\/bit.ly\/2K0pIR4\" target=\"_blank\" rel=\"noopener\">as escolas municipais fossem revestidas de uma argamassa blindada<\/a> (que j\u00e1 teria sido encomendada em abril do ano passado, mas nunca apareceu), ap\u00f3s a morte da menina Maria Eduarda, e a declara\u00e7\u00e3o do prefeito de que, <a href=\"http:\/\/bit.ly\/2vr51L8\" target=\"_blank\" rel=\"noopener\">apesar de seguran\u00e7a n\u00e3o ser sua prioridade<\/a>, estava buscando tecnologias modernas para o combate \u00e0 viol\u00eancia durante sua viagem pela Europa, que fez com que ele se ausentasse quando houve as grandes chuvas de fevereiro&#8211;<a href=\"https:\/\/glo.bo\/2uRcHG7\" target=\"_blank\" rel=\"noopener\">o que foi desmentido pela ag\u00eancia alem\u00e3 que visitou<\/a>, que disse que a visita foi de car\u00e1ter pessoal.<\/p>\n<p><em>Esta \u00e9 a primeira de uma\u00a0s\u00e9rie de duas\u00a0mat\u00e9rias de monitoramento e cr\u00edtica ao acompanhar a aus\u00eancia do Prefeito Marcelo Crivella at\u00e9 ent\u00e3o, e suas pol\u00edticas nas \u00e1reas de cultura, seguran\u00e7a p\u00fablica, interven\u00e7\u00f5es urbanas e sociais.\u00a0Veja a segunda mat\u00e9ria\u00a0<a href=\"http:\/\/bit.ly\/2FjnOHU\" target=\"_blank\" rel=\"noopener\">aqui<\/a>.<\/em><\/p>\n<!-- AddThis Advanced Settings generic via filter on the_content --><!-- AddThis Share Buttons generic via filter on the_content -->","protected":false},"excerpt":{"rendered":"<div class=\"mh-excerpt\"><p>Click Here for English Esta \u00e9 a primeira de uma\u00a0s\u00e9rie de duas\u00a0mat\u00e9rias de monitoramento e cr\u00edtica ao acompanhar a aus\u00eancia do Prefeito Marcelo Crivella at\u00e9 ent\u00e3o, e suas pol\u00edticas nas \u00e1reas de cultura, seguran\u00e7a p\u00fablica, <a class=\"mh-excerpt-more\" href=\"https:\/\/rioonwatch.org.br\/?p=32396\" title=\"Quinze Meses de Prefeitura Crivella, Parte 1: Cultura e Seguran\u00e7a P\u00fablica\">[&#8230;]<\/a><!-- AddThis Advanced Settings generic via filter on get_the_excerpt --><!-- AddThis Share Buttons generic via filter on get_the_excerpt --><\/p>\n<\/div>","protected":false},"author":152,"featured_media":32468,"comment_status":"closed","ping_status":"closed","sticky":false,"template":"","format":"standard","meta":{"_acf_changed":false,"_monsterinsights_skip_tracking":false,"_monsterinsights_sitenote_active":false,"_monsterinsights_sitenote_note":"","_monsterinsights_sitenote_category":0,"footnotes":""},"categories":[2089,1618,1621,1615,344,1620],"tags":[2220,2185,11,217,81,513,421,1173,109,1912,636,1982,2211,1751,2148,899,1194,839,16,2120,2115,672,2289],"writer":[1994],"translator":[],"source":[],"ilustrador":[],"fotografo":[],"class_list":{"0":"post-32396","1":"post","2":"type-post","3":"status-publish","4":"format-standard","5":"has-post-thumbnail","7":"category-monitoramento","8":"category-olhonaparticipacao","9":"category-destaque","10":"category-cultura-da-favela","11":"category-politicas","12":"category-olhonaupp","13":"tag-aspasia-camargo","14":"tag-biblioteca-parque","15":"tag-chuvas","16":"tag-complexo-do-alemao","17":"tag-cultura","18":"tag-cultura-afro-brasileira","19":"tag-cultura-da-favela","20":"tag-guarda-municipal","21":"tag-intolerancia-religiosa","22":"tag-jongo","23":"tag-manguinhos","24":"tag-marcelo-crivella","25":"tag-museu-da-escravidao-e-da-liberdade","26":"tag-museu-do-amanha","27":"tag-plano-estrategico","28":"tag-preservacao-de-cultura","29":"tag-pretos-novos","30":"tag-prioridades-publicas-equivocadas","31":"tag-rocinha","32":"tag-secretaria-de-cultura","33":"tag-secretaria-de-seguranca","34":"tag-seguranca-publica","35":"tag-serie","36":"writer-luisa-fenizola"},"acf":[],"yoast_head":"<!-- This site is optimized with the Yoast SEO plugin v25.6 - https:\/\/yoast.com\/wordpress\/plugins\/seo\/ -->\n<title>Quinze Meses de Prefeitura Crivella, Parte 1: Cultura e Seguran\u00e7a P\u00fablica - RioOnWatch<\/title>\n<meta name=\"robots\" content=\"index, follow, max-snippet:-1, max-image-preview:large, max-video-preview:-1\" \/>\n<link rel=\"canonical\" href=\"https:\/\/rioonwatch.org.br\/?p=32396\" \/>\n<meta property=\"og:locale\" content=\"pt_BR\" \/>\n<meta property=\"og:type\" content=\"article\" \/>\n<meta property=\"og:title\" content=\"Quinze Meses de Prefeitura Crivella, Parte 1: Cultura e Seguran\u00e7a P\u00fablica - RioOnWatch\" \/>\n<meta property=\"og:description\" content=\"Click Here for English Esta \u00e9 a primeira de uma\u00a0s\u00e9rie de duas\u00a0mat\u00e9rias de monitoramento e cr\u00edtica ao acompanhar a aus\u00eancia do Prefeito Marcelo Crivella at\u00e9 ent\u00e3o, e suas pol\u00edticas nas \u00e1reas de cultura, seguran\u00e7a p\u00fablica, [...]\" \/>\n<meta property=\"og:url\" content=\"https:\/\/rioonwatch.org.br\/?p=32396\" \/>\n<meta property=\"og:site_name\" content=\"RioOnWatch\" \/>\n<meta property=\"article:published_time\" content=\"2018-04-23T13:25:19+00:00\" \/>\n<meta property=\"article:modified_time\" content=\"2018-05-01T13:47:12+00:00\" \/>\n<meta property=\"og:image\" content=\"https:\/\/rioonwatch.org.br\/wp-content\/uploads\/2018\/04\/crivella-rocinha.jpeg\" \/>\n\t<meta property=\"og:image:width\" content=\"620\" \/>\n\t<meta property=\"og:image:height\" content=\"413\" \/>\n\t<meta property=\"og:image:type\" content=\"image\/jpeg\" \/>\n<meta name=\"author\" content=\"Luisa Fenizola\" \/>\n<meta name=\"twitter:card\" content=\"summary_large_image\" \/>\n<meta name=\"twitter:label1\" content=\"Escrito por\" \/>\n\t<meta name=\"twitter:data1\" content=\"Luisa Fenizola\" \/>\n\t<meta name=\"twitter:label2\" content=\"Est. tempo de leitura\" \/>\n\t<meta name=\"twitter:data2\" content=\"8 minutos\" \/>\n<script type=\"application\/ld+json\" class=\"yoast-schema-graph\">{\"@context\":\"https:\/\/schema.org\",\"@graph\":[{\"@type\":\"Article\",\"@id\":\"https:\/\/rioonwatch.org.br\/?p=32396#article\",\"isPartOf\":{\"@id\":\"https:\/\/rioonwatch.org.br\/?p=32396\"},\"author\":{\"name\":\"Luisa Fenizola\",\"@id\":\"https:\/\/rioonwatch.org.br\/#\/schema\/person\/f443c6b55bb6e80842280318076491c5\"},\"headline\":\"Quinze Meses de Prefeitura Crivella, Parte 1: Cultura e Seguran\u00e7a P\u00fablica\",\"datePublished\":\"2018-04-23T13:25:19+00:00\",\"dateModified\":\"2018-05-01T13:47:12+00:00\",\"mainEntityOfPage\":{\"@id\":\"https:\/\/rioonwatch.org.br\/?p=32396\"},\"wordCount\":1706,\"publisher\":{\"@id\":\"https:\/\/rioonwatch.org.br\/#organization\"},\"image\":{\"@id\":\"https:\/\/rioonwatch.org.br\/?p=32396#primaryimage\"},\"thumbnailUrl\":\"https:\/\/rioonwatch.org.br\/wp-content\/uploads\/2018\/04\/crivella-rocinha.jpeg\",\"keywords\":[\"Asp\u00e1sia Camargo\",\"Biblioteca Parque\",\"chuvas\",\"Complexo do Alem\u00e3o\",\"cultura\",\"Cultura Afro-brasileira\",\"cultura da favela\",\"Guarda Municipal\",\"intoler\u00e2ncia religiosa\",\"jongo\",\"Manguinhos\",\"Marcelo Crivella\",\"Museu da Escravid\u00e3o e da Liberdade\",\"Museu do Amanh\u00e3\",\"Plano Estrat\u00e9gico\",\"preserva\u00e7\u00e3o de cultura\",\"Pretos Novos\",\"prioridades p\u00fablicas equivocadas\",\"Rocinha\",\"Secretaria de Cultura\",\"Secretaria de Seguran\u00e7a\",\"seguran\u00e7a p\u00fablica\",\"S\u00e9rie\"],\"articleSection\":[\"#Monitoramento\",\"#OlhoNaParticipa\u00e7\u00e3o\",\"*Destaque\",\"Cultura da Favela\",\"Pol\u00edticas\",\"Seguran\u00e7a P\u00fablica\"],\"inLanguage\":\"pt-BR\"},{\"@type\":\"WebPage\",\"@id\":\"https:\/\/rioonwatch.org.br\/?p=32396\",\"url\":\"https:\/\/rioonwatch.org.br\/?p=32396\",\"name\":\"Quinze Meses de Prefeitura Crivella, Parte 1: Cultura e Seguran\u00e7a P\u00fablica - RioOnWatch\",\"isPartOf\":{\"@id\":\"https:\/\/rioonwatch.org.br\/#website\"},\"primaryImageOfPage\":{\"@id\":\"https:\/\/rioonwatch.org.br\/?p=32396#primaryimage\"},\"image\":{\"@id\":\"https:\/\/rioonwatch.org.br\/?p=32396#primaryimage\"},\"thumbnailUrl\":\"https:\/\/rioonwatch.org.br\/wp-content\/uploads\/2018\/04\/crivella-rocinha.jpeg\",\"datePublished\":\"2018-04-23T13:25:19+00:00\",\"dateModified\":\"2018-05-01T13:47:12+00:00\",\"breadcrumb\":{\"@id\":\"https:\/\/rioonwatch.org.br\/?p=32396#breadcrumb\"},\"inLanguage\":\"pt-BR\",\"potentialAction\":[{\"@type\":\"ReadAction\",\"target\":[\"https:\/\/rioonwatch.org.br\/?p=32396\"]}]},{\"@type\":\"ImageObject\",\"inLanguage\":\"pt-BR\",\"@id\":\"https:\/\/rioonwatch.org.br\/?p=32396#primaryimage\",\"url\":\"https:\/\/rioonwatch.org.br\/wp-content\/uploads\/2018\/04\/crivella-rocinha.jpeg\",\"contentUrl\":\"https:\/\/rioonwatch.org.br\/wp-content\/uploads\/2018\/04\/crivella-rocinha.jpeg\",\"width\":620,\"height\":413},{\"@type\":\"BreadcrumbList\",\"@id\":\"https:\/\/rioonwatch.org.br\/?p=32396#breadcrumb\",\"itemListElement\":[{\"@type\":\"ListItem\",\"position\":1,\"name\":\"In\u00edcio\",\"item\":\"https:\/\/rioonwatch.org.br\/\"},{\"@type\":\"ListItem\",\"position\":2,\"name\":\"Quinze Meses de Prefeitura Crivella, Parte 1: Cultura e Seguran\u00e7a P\u00fablica\"}]},{\"@type\":\"WebSite\",\"@id\":\"https:\/\/rioonwatch.org.br\/#website\",\"url\":\"https:\/\/rioonwatch.org.br\/\",\"name\":\"RioOnWatch\",\"description\":\"relatos das favelas cariocas\",\"publisher\":{\"@id\":\"https:\/\/rioonwatch.org.br\/#organization\"},\"potentialAction\":[{\"@type\":\"SearchAction\",\"target\":{\"@type\":\"EntryPoint\",\"urlTemplate\":\"https:\/\/rioonwatch.org.br\/?s={search_term_string}\"},\"query-input\":{\"@type\":\"PropertyValueSpecification\",\"valueRequired\":true,\"valueName\":\"search_term_string\"}}],\"inLanguage\":\"pt-BR\"},{\"@type\":\"Organization\",\"@id\":\"https:\/\/rioonwatch.org.br\/#organization\",\"name\":\"RioOnWatch\",\"url\":\"https:\/\/rioonwatch.org.br\/\",\"logo\":{\"@type\":\"ImageObject\",\"inLanguage\":\"pt-BR\",\"@id\":\"https:\/\/rioonwatch.org.br\/#\/schema\/logo\/image\/\",\"url\":\"https:\/\/rioonwatch.org.br\/wp-content\/uploads\/2021\/06\/RioOnWatchcabecalhoPT11anos-2.png\",\"contentUrl\":\"https:\/\/rioonwatch.org.br\/wp-content\/uploads\/2021\/06\/RioOnWatchcabecalhoPT11anos-2.png\",\"width\":779,\"height\":277,\"caption\":\"RioOnWatch\"},\"image\":{\"@id\":\"https:\/\/rioonwatch.org.br\/#\/schema\/logo\/image\/\"}},{\"@type\":\"Person\",\"@id\":\"https:\/\/rioonwatch.org.br\/#\/schema\/person\/f443c6b55bb6e80842280318076491c5\",\"name\":\"Luisa Fenizola\",\"image\":{\"@type\":\"ImageObject\",\"inLanguage\":\"pt-BR\",\"@id\":\"https:\/\/rioonwatch.org.br\/#\/schema\/person\/image\/\",\"url\":\"https:\/\/secure.gravatar.com\/avatar\/a3d551110162b9f876cbbdaaecf75663?s=96&d=blank&r=g\",\"contentUrl\":\"https:\/\/secure.gravatar.com\/avatar\/a3d551110162b9f876cbbdaaecf75663?s=96&d=blank&r=g\",\"caption\":\"Luisa Fenizola\"},\"url\":\"https:\/\/rioonwatch.org.br\/?author=152\"}]}<\/script>\n<!-- \/ Yoast SEO plugin. -->","yoast_head_json":{"title":"Quinze Meses de Prefeitura Crivella, Parte 1: Cultura e Seguran\u00e7a P\u00fablica - RioOnWatch","robots":{"index":"index","follow":"follow","max-snippet":"max-snippet:-1","max-image-preview":"max-image-preview:large","max-video-preview":"max-video-preview:-1"},"canonical":"https:\/\/rioonwatch.org.br\/?p=32396","og_locale":"pt_BR","og_type":"article","og_title":"Quinze Meses de Prefeitura Crivella, Parte 1: Cultura e Seguran\u00e7a P\u00fablica - RioOnWatch","og_description":"Click Here for English Esta \u00e9 a primeira de uma\u00a0s\u00e9rie de duas\u00a0mat\u00e9rias de monitoramento e cr\u00edtica ao acompanhar a aus\u00eancia do Prefeito Marcelo Crivella at\u00e9 ent\u00e3o, e suas pol\u00edticas nas \u00e1reas de cultura, seguran\u00e7a p\u00fablica, [...]","og_url":"https:\/\/rioonwatch.org.br\/?p=32396","og_site_name":"RioOnWatch","article_published_time":"2018-04-23T13:25:19+00:00","article_modified_time":"2018-05-01T13:47:12+00:00","og_image":[{"width":620,"height":413,"url":"https:\/\/rioonwatch.org.br\/wp-content\/uploads\/2018\/04\/crivella-rocinha.jpeg","type":"image\/jpeg"}],"author":"Luisa Fenizola","twitter_card":"summary_large_image","twitter_misc":{"Escrito por":"Luisa Fenizola","Est. tempo de leitura":"8 minutos"},"schema":{"@context":"https:\/\/schema.org","@graph":[{"@type":"Article","@id":"https:\/\/rioonwatch.org.br\/?p=32396#article","isPartOf":{"@id":"https:\/\/rioonwatch.org.br\/?p=32396"},"author":{"name":"Luisa Fenizola","@id":"https:\/\/rioonwatch.org.br\/#\/schema\/person\/f443c6b55bb6e80842280318076491c5"},"headline":"Quinze Meses de Prefeitura Crivella, Parte 1: Cultura e Seguran\u00e7a P\u00fablica","datePublished":"2018-04-23T13:25:19+00:00","dateModified":"2018-05-01T13:47:12+00:00","mainEntityOfPage":{"@id":"https:\/\/rioonwatch.org.br\/?p=32396"},"wordCount":1706,"publisher":{"@id":"https:\/\/rioonwatch.org.br\/#organization"},"image":{"@id":"https:\/\/rioonwatch.org.br\/?p=32396#primaryimage"},"thumbnailUrl":"https:\/\/rioonwatch.org.br\/wp-content\/uploads\/2018\/04\/crivella-rocinha.jpeg","keywords":["Asp\u00e1sia Camargo","Biblioteca Parque","chuvas","Complexo do Alem\u00e3o","cultura","Cultura Afro-brasileira","cultura da favela","Guarda Municipal","intoler\u00e2ncia religiosa","jongo","Manguinhos","Marcelo Crivella","Museu da Escravid\u00e3o e da Liberdade","Museu do Amanh\u00e3","Plano Estrat\u00e9gico","preserva\u00e7\u00e3o de cultura","Pretos Novos","prioridades p\u00fablicas equivocadas","Rocinha","Secretaria de Cultura","Secretaria de Seguran\u00e7a","seguran\u00e7a p\u00fablica","S\u00e9rie"],"articleSection":["#Monitoramento","#OlhoNaParticipa\u00e7\u00e3o","*Destaque","Cultura da Favela","Pol\u00edticas","Seguran\u00e7a P\u00fablica"],"inLanguage":"pt-BR"},{"@type":"WebPage","@id":"https:\/\/rioonwatch.org.br\/?p=32396","url":"https:\/\/rioonwatch.org.br\/?p=32396","name":"Quinze Meses de Prefeitura Crivella, Parte 1: Cultura e Seguran\u00e7a P\u00fablica - RioOnWatch","isPartOf":{"@id":"https:\/\/rioonwatch.org.br\/#website"},"primaryImageOfPage":{"@id":"https:\/\/rioonwatch.org.br\/?p=32396#primaryimage"},"image":{"@id":"https:\/\/rioonwatch.org.br\/?p=32396#primaryimage"},"thumbnailUrl":"https:\/\/rioonwatch.org.br\/wp-content\/uploads\/2018\/04\/crivella-rocinha.jpeg","datePublished":"2018-04-23T13:25:19+00:00","dateModified":"2018-05-01T13:47:12+00:00","breadcrumb":{"@id":"https:\/\/rioonwatch.org.br\/?p=32396#breadcrumb"},"inLanguage":"pt-BR","potentialAction":[{"@type":"ReadAction","target":["https:\/\/rioonwatch.org.br\/?p=32396"]}]},{"@type":"ImageObject","inLanguage":"pt-BR","@id":"https:\/\/rioonwatch.org.br\/?p=32396#primaryimage","url":"https:\/\/rioonwatch.org.br\/wp-content\/uploads\/2018\/04\/crivella-rocinha.jpeg","contentUrl":"https:\/\/rioonwatch.org.br\/wp-content\/uploads\/2018\/04\/crivella-rocinha.jpeg","width":620,"height":413},{"@type":"BreadcrumbList","@id":"https:\/\/rioonwatch.org.br\/?p=32396#breadcrumb","itemListElement":[{"@type":"ListItem","position":1,"name":"In\u00edcio","item":"https:\/\/rioonwatch.org.br\/"},{"@type":"ListItem","position":2,"name":"Quinze Meses de Prefeitura Crivella, Parte 1: Cultura e Seguran\u00e7a P\u00fablica"}]},{"@type":"WebSite","@id":"https:\/\/rioonwatch.org.br\/#website","url":"https:\/\/rioonwatch.org.br\/","name":"RioOnWatch","description":"relatos das favelas cariocas","publisher":{"@id":"https:\/\/rioonwatch.org.br\/#organization"},"potentialAction":[{"@type":"SearchAction","target":{"@type":"EntryPoint","urlTemplate":"https:\/\/rioonwatch.org.br\/?s={search_term_string}"},"query-input":{"@type":"PropertyValueSpecification","valueRequired":true,"valueName":"search_term_string"}}],"inLanguage":"pt-BR"},{"@type":"Organization","@id":"https:\/\/rioonwatch.org.br\/#organization","name":"RioOnWatch","url":"https:\/\/rioonwatch.org.br\/","logo":{"@type":"ImageObject","inLanguage":"pt-BR","@id":"https:\/\/rioonwatch.org.br\/#\/schema\/logo\/image\/","url":"https:\/\/rioonwatch.org.br\/wp-content\/uploads\/2021\/06\/RioOnWatchcabecalhoPT11anos-2.png","contentUrl":"https:\/\/rioonwatch.org.br\/wp-content\/uploads\/2021\/06\/RioOnWatchcabecalhoPT11anos-2.png","width":779,"height":277,"caption":"RioOnWatch"},"image":{"@id":"https:\/\/rioonwatch.org.br\/#\/schema\/logo\/image\/"}},{"@type":"Person","@id":"https:\/\/rioonwatch.org.br\/#\/schema\/person\/f443c6b55bb6e80842280318076491c5","name":"Luisa Fenizola","image":{"@type":"ImageObject","inLanguage":"pt-BR","@id":"https:\/\/rioonwatch.org.br\/#\/schema\/person\/image\/","url":"https:\/\/secure.gravatar.com\/avatar\/a3d551110162b9f876cbbdaaecf75663?s=96&d=blank&r=g","contentUrl":"https:\/\/secure.gravatar.com\/avatar\/a3d551110162b9f876cbbdaaecf75663?s=96&d=blank&r=g","caption":"Luisa Fenizola"},"url":"https:\/\/rioonwatch.org.br\/?author=152"}]}},"_links":{"self":[{"href":"https:\/\/rioonwatch.org.br\/index.php?rest_route=\/wp\/v2\/posts\/32396"}],"collection":[{"href":"https:\/\/rioonwatch.org.br\/index.php?rest_route=\/wp\/v2\/posts"}],"about":[{"href":"https:\/\/rioonwatch.org.br\/index.php?rest_route=\/wp\/v2\/types\/post"}],"author":[{"embeddable":true,"href":"https:\/\/rioonwatch.org.br\/index.php?rest_route=\/wp\/v2\/users\/152"}],"replies":[{"embeddable":true,"href":"https:\/\/rioonwatch.org.br\/index.php?rest_route=%2Fwp%2Fv2%2Fcomments&post=32396"}],"version-history":[{"count":21,"href":"https:\/\/rioonwatch.org.br\/index.php?rest_route=\/wp\/v2\/posts\/32396\/revisions"}],"predecessor-version":[{"id":32712,"href":"https:\/\/rioonwatch.org.br\/index.php?rest_route=\/wp\/v2\/posts\/32396\/revisions\/32712"}],"wp:featuredmedia":[{"embeddable":true,"href":"https:\/\/rioonwatch.org.br\/index.php?rest_route=\/wp\/v2\/media\/32468"}],"wp:attachment":[{"href":"https:\/\/rioonwatch.org.br\/index.php?rest_route=%2Fwp%2Fv2%2Fmedia&parent=32396"}],"wp:term":[{"taxonomy":"category","embeddable":true,"href":"https:\/\/rioonwatch.org.br\/index.php?rest_route=%2Fwp%2Fv2%2Fcategories&post=32396"},{"taxonomy":"post_tag","embeddable":true,"href":"https:\/\/rioonwatch.org.br\/index.php?rest_route=%2Fwp%2Fv2%2Ftags&post=32396"},{"taxonomy":"writer","embeddable":true,"href":"https:\/\/rioonwatch.org.br\/index.php?rest_route=%2Fwp%2Fv2%2Fwriter&post=32396"},{"taxonomy":"translator","embeddable":true,"href":"https:\/\/rioonwatch.org.br\/index.php?rest_route=%2Fwp%2Fv2%2Ftranslator&post=32396"},{"taxonomy":"source","embeddable":true,"href":"https:\/\/rioonwatch.org.br\/index.php?rest_route=%2Fwp%2Fv2%2Fsource&post=32396"},{"taxonomy":"ilustrador","embeddable":true,"href":"https:\/\/rioonwatch.org.br\/index.php?rest_route=%2Fwp%2Fv2%2Filustrador&post=32396"},{"taxonomy":"fotografo","embeddable":true,"href":"https:\/\/rioonwatch.org.br\/index.php?rest_route=%2Fwp%2Fv2%2Ffotografo&post=32396"}],"curies":[{"name":"wp","href":"https:\/\/api.w.org\/{rel}","templated":true}]}}