{"id":32533,"date":"2018-04-25T10:54:55","date_gmt":"2018-04-25T13:54:55","guid":{"rendered":"http:\/\/rioonwatch.org.br\/?p=32533"},"modified":"2019-02-15T09:08:12","modified_gmt":"2019-02-15T12:08:12","slug":"rocinha-celebra-com-devocao-dia-de-sao-jorge","status":"publish","type":"post","link":"https:\/\/rioonwatch.org.br\/?p=32533","title":{"rendered":"Rocinha Celebra Com Devo\u00e7\u00e3o Dia de S\u00e3o Jorge"},"content":{"rendered":"<p style=\"text-align: right;\"><em><strong><a href=\"http:\/\/bit.ly\/2HOJocD\" target=\"_blank\" rel=\"noopener noreferrer\">Click Here for English<img decoding=\"async\" width=\"20\" height=\"20\" class=\"alignright wp-image-15790\" src=\"http:\/\/rioonwatch.org.br\/wp-content\/uploads\/2012\/08\/EN-standard-e1439583104716.jpg\" \/><\/a><\/strong><\/em><\/p>\n<p><span style=\"font-weight: 400;\">Mais de 250 quilos de peixe, caixas de fogos a perder de vista e rosas brancas e vermelhas. O motivo para a grandiosidade da festa? A celebra\u00e7\u00e3o do dia 23 de abril na <a href=\"http:\/\/bit.ly\/16w2zz1\" target=\"_blank\" rel=\"noopener\">Rocinha<\/a>, data em que se homenageia <a href=\"http:\/\/bit.ly\/2FePKfR\" target=\"_blank\" rel=\"noopener\">S\u00e3o Jorge<\/a>, o Santo Guerreiro para a Igreja Cat\u00f3lica e <a href=\"http:\/\/bit.ly\/2vHTBTl\" target=\"_blank\" rel=\"noopener\">Ogum<\/a>, para a Umbanda, sendo ele uma esp\u00e9cie de padroeiro de todos na cidade do Rio de Janeiro. Neste ano, a comemora\u00e7\u00e3o aconteceu pela sexta vez na comunidade. <\/span><\/p>\n<p><span style=\"font-weight: 400;\">Os festejos come\u00e7aram por volta das 5h com uma alvorada de fogos, anunciando uma s\u00e9rie de atividades que tomaria o dia. A regi\u00e3o da Cidade Nova em espec\u00edfico, o Palco do Badalo, tornou-se o local onde os devotos se concentraram desde \u00e0s 9:30h para acompanhar a chegada da prociss\u00e3o que come\u00e7ou na Rua 1 trazendo a imagem do santo. Para o almo\u00e7o, uma cozinha improvisada foi montada com dez pessoas, que trabalharam a todo vapor para que tudo estivesse pronto na hora.<\/span><\/p>\n<p><a href=\"http:\/\/rioonwatch.org.br\/wp-content\/uploads\/2018\/04\/Moradores-esperam-almo\u00e7ook.jpg\"><img fetchpriority=\"high\" decoding=\"async\" class=\"aligncenter wp-image-32541 size-content\" title=\"Moradores esperam o almo\u00e7o.\" src=\"http:\/\/rioonwatch.org.br\/wp-content\/uploads\/2018\/04\/Moradores-esperam-almo\u00e7ook-620x264.jpg\" alt=\"\" width=\"620\" height=\"264\" srcset=\"https:\/\/rioonwatch.org.br\/wp-content\/uploads\/2018\/04\/Moradores-esperam-almo\u00e7ook-620x264.jpg 620w, https:\/\/rioonwatch.org.br\/wp-content\/uploads\/2018\/04\/Moradores-esperam-almo\u00e7ook-940x400.jpg 940w\" sizes=\"(max-width: 620px) 100vw, 620px\" \/><\/a><\/p>\n<p><span style=\"font-weight: 400;\">Alex da Peixaria, um dos organizadores do evento, est\u00e1 na favela h\u00e1 22 anos e cr\u00ea no soldado que vence o drag\u00e3o desde que se entende por gente. \u2018\u2019\u00c9 um agradecimento pra esse pessoal. Eu cheguei na Rocinha sem nada, e consegui uma coisinha aqui gra\u00e7as a Deus. Sinto obriga\u00e7\u00e3o de retribuir\u2019\u2019, conta Alex, que enfatiza n\u00e3o ter nenhuma promessa ligada \u00e0 realiza\u00e7\u00e3o da festa. \u2018\u2019\u00c9 um gosto mesmo.\u2019\u2019<\/span><\/p>\n<p><span style=\"font-weight: 400;\">E foi assistindo o gosto do pai que Thiago, filho de Alex, tornou-se devoto. \u2018\u2019A semana foi em fun\u00e7\u00e3o da festa\u2019\u2019, contou ele, em um dos poucos momentos onde ficou parado e observando o que precisava. \u2018\u2019A gente fica realizado, n\u00e9? A gente sente prazer em fazer isso aqui e a comunidade est\u00e1 precisando disso.&#8221;<\/span><\/p>\n<p><a href=\"http:\/\/rioonwatch.org.br\/wp-content\/uploads\/2018\/04\/Missa-2ok.jpg\"><img decoding=\"async\" class=\"aligncenter wp-image-32548 size-content\" title=\"Missa na Rua Quatro\" src=\"http:\/\/rioonwatch.org.br\/wp-content\/uploads\/2018\/04\/Missa-2ok-620x264.jpg\" alt=\"\" width=\"620\" height=\"264\" srcset=\"https:\/\/rioonwatch.org.br\/wp-content\/uploads\/2018\/04\/Missa-2ok-620x264.jpg 620w, https:\/\/rioonwatch.org.br\/wp-content\/uploads\/2018\/04\/Missa-2ok-940x400.jpg 940w\" sizes=\"(max-width: 620px) 100vw, 620px\" \/><\/a><\/p>\n<p><span style=\"font-weight: 400;\">Para Frei Sandro, p\u00e1roco da <a href=\"http:\/\/bit.ly\/2HVH3Ks\" target=\"_blank\" rel=\"noopener\">Igreja Nossa Senhora da Boa Viagem<\/a>, que fica na Estrada da G\u00e1vea&#8211;principal via de acesso da comunidade&#8211;a realiza\u00e7\u00e3o da missa \u00e9 importante pois resgata a\u00e7\u00f5es que j\u00e1 s\u00e3o feitas na regi\u00e3o. \u2018\u2019Ultimamente a gente tem sentido dificuldade <a href=\"https:\/\/glo.bo\/2Gg3DMp\" target=\"_blank\" rel=\"noopener\">por causa dos confrontos<\/a>. A gente rezava o ter\u00e7o todas \u00e0s segundas, no m\u00eas de maio tinha missa\u2019\u2019. A festa demonstra tamb\u00e9m a oportunidade do encontro dos moradores entre si e o sincretismo que o santo carrega. \u2018A igreja tem esse papel de juntar as pessoas, de fazer elas se sentirem membras de uma comunidade n\u00e3o apenas religiosa mais humana. \u00c9 oportunidade de celebrar a vida, a pr\u00f3pria exist\u00eancia. Sair de casa, encontrar as pessoas, independente da f\u00e9. N\u00e3o \u00e9 um problema, S\u00e3o Jorge \u00e9 do povo\u2019\u2019.<\/span><\/p>\n<p><span style=\"font-weight: 400;\"><a href=\"http:\/\/rioonwatch.org.br\/wp-content\/uploads\/2018\/04\/Dona-Teresa-Pereira-Batista-3.jpg\"><img loading=\"lazy\" decoding=\"async\" class=\"alignright wp-image-32538\" title=\"Dona Teresa Pereira Batista\" src=\"http:\/\/rioonwatch.org.br\/wp-content\/uploads\/2018\/04\/Dona-Teresa-Pereira-Batista-3.jpg\" alt=\"\" width=\"300\" height=\"349\" srcset=\"https:\/\/rioonwatch.org.br\/wp-content\/uploads\/2018\/04\/Dona-Teresa-Pereira-Batista-3.jpg 1500w, https:\/\/rioonwatch.org.br\/wp-content\/uploads\/2018\/04\/Dona-Teresa-Pereira-Batista-3-227x264.jpg 227w, https:\/\/rioonwatch.org.br\/wp-content\/uploads\/2018\/04\/Dona-Teresa-Pereira-Batista-3-532x620.jpg 532w, https:\/\/rioonwatch.org.br\/wp-content\/uploads\/2018\/04\/Dona-Teresa-Pereira-Batista-3-768x894.jpg 768w, https:\/\/rioonwatch.org.br\/wp-content\/uploads\/2018\/04\/Dona-Teresa-Pereira-Batista-3-879x1024.jpg 879w\" sizes=\"(max-width: 300px) 100vw, 300px\" \/><\/a>E quem saiu de casa e pela primeira vez participou da comemora\u00e7\u00e3o foi Dona Teresa Pereira Batista, moradora de 92 anos e devota. \u2018\u2019Ele me defendeu da morte. O mo\u00e7o ia me matar num lugar, l\u00e1 em <a href=\"http:\/\/bit.ly\/1xpT8yS\" target=\"_blank\" rel=\"noopener\">Niter\u00f3i<\/a>. Ele apontou o rev\u00f3lver e eu sa\u00ed correndo\u2019\u2019, disse a senhora. \u2018\u2019Se n\u00e3o fosse S\u00e3o Jorge, \u00f3!\u2019\u2019<\/span><\/p>\n<p><span style=\"font-weight: 400;\">Ainda no dia 23, <a href=\"http:\/\/bit.ly\/2qVk9LW\" target=\"_blank\" rel=\"noopener\">houve uma opera\u00e7\u00e3o de policiais<\/a> do Batalh\u00e3o de Choque da Pol\u00edcia Militar, que entrou em confronto com traficantes e membros do crime organizado. Segundo a PM, o confronto acabou por volta de 16:30h e n\u00e3o houve registros de feridos. Tamb\u00e9m n\u00e3o houve registros de impedimento e parada das comemora\u00e7\u00f5es relativas \u00e0 S\u00e3o Jorge. A Pol\u00edcia n\u00e3o interferiu nas manifesta\u00e7\u00f5es organizadas por moradores. <\/span><\/p>\n<p><span style=\"font-weight: 400;\">A assessoria de imprensa da entidade afirmou que o Batalh\u00e3o de Choque participava de um esquema de patrulhamento continuado na regi\u00e3o quando foi recebido a tiros por membros do crime organizado. Na ocasi\u00e3o, ningu\u00e9m foi preso. A a\u00e7\u00e3o ocorreu no dia seguinte \u00e0 deten\u00e7\u00e3o de oito policiais militares da Unidade de Pol\u00edcia Pacificadora da Rocinha sob suspeita de envolvimento com o transporte de drogas <a href=\"http:\/\/bit.ly\/2HKdcXM\" target=\"_blank\" rel=\"noopener\">em uma ambul\u00e2ncia falsa<\/a>.<\/span><\/p>\n<p><em>Edu Carvalho \u00e9 um jovem apaixonado por Jornalismo desde os 5 anos. Coleciona em sua bagagem, de 19 anos, participa\u00e7\u00f5es em eventos como Onda Cidad\u00e3 no Cariri; a Bienal do Livro no Rio; <a href=\"http:\/\/bit.ly\/2HOMyNk\" target=\"_blank\" rel=\"noopener\">Flip<\/a> e <a href=\"http:\/\/bit.ly\/1W2uxwn\" target=\"_blank\" rel=\"noopener\">Flupp<\/a>, mostrando um pouco sobre seu trabalho ao retratar assuntos do dia-a-dia em sua escrita do local onde reside: a Favela da Rocinha. Edu \u00e9 rep\u00f3rter do site <a href=\"http:\/\/bit.ly\/12VQV9T\" target=\"_blank\" rel=\"noopener\">FaveladaRocinha.com<\/a> e ativista social.<\/em><\/p>\n<!-- AddThis Advanced Settings generic via filter on the_content --><!-- AddThis Share Buttons generic via filter on the_content -->","protected":false},"excerpt":{"rendered":"<div class=\"mh-excerpt\"><p>Click Here for English Mais de 250 quilos de peixe, caixas de fogos a perder de vista e rosas brancas e vermelhas. O motivo para a grandiosidade da festa? A celebra\u00e7\u00e3o do dia 23 de <a class=\"mh-excerpt-more\" href=\"https:\/\/rioonwatch.org.br\/?p=32533\" title=\"Rocinha Celebra Com Devo\u00e7\u00e3o Dia de S\u00e3o Jorge\">[&#8230;]<\/a><!-- AddThis Advanced Settings generic via filter on get_the_excerpt --><!-- AddThis Share Buttons generic via filter on get_the_excerpt --><\/p>\n<\/div>","protected":false},"author":129,"featured_media":32542,"comment_status":"closed","ping_status":"closed","sticky":false,"template":"","format":"standard","meta":{"_acf_changed":false,"_monsterinsights_skip_tracking":false,"_monsterinsights_sitenote_active":false,"_monsterinsights_sitenote_note":"","_monsterinsights_sitenote_category":0,"footnotes":""},"categories":[1621,1627,1615,1625,1616],"tags":[1541,421,811,922,419,774,125,16,2325,2206,2167,383],"writer":[2324],"translator":[],"source":[],"ilustrador":[],"fotografo":[],"class_list":{"0":"post-32533","1":"post","2":"type-post","3":"status-publish","4":"format-standard","5":"has-post-thumbnail","7":"category-destaque","8":"category-relato-de-evento","9":"category-cultura-da-favela","10":"category-por-correspondentes-comunitarios","11":"category-qualidades-da-favela","12":"tag-candomble","13":"tag-cultura-da-favela","14":"tag-espaco-publico","15":"tag-evento","16":"tag-igreja","17":"tag-policia-militar","18":"tag-religiao","19":"tag-rocinha","20":"tag-sao-jorge","21":"tag-umbanda","22":"tag-uniao","23":"tag-zona-sul","24":"writer-edu-carvalho"},"acf":[],"yoast_head":"<!-- This site is optimized with the Yoast SEO plugin v25.6 - https:\/\/yoast.com\/wordpress\/plugins\/seo\/ -->\n<title>Rocinha Celebra Com Devo\u00e7\u00e3o Dia de S\u00e3o Jorge - RioOnWatch<\/title>\n<meta name=\"robots\" content=\"index, follow, max-snippet:-1, max-image-preview:large, max-video-preview:-1\" \/>\n<link rel=\"canonical\" href=\"https:\/\/rioonwatch.org.br\/?p=32533\" \/>\n<meta property=\"og:locale\" content=\"pt_BR\" \/>\n<meta property=\"og:type\" content=\"article\" \/>\n<meta property=\"og:title\" content=\"Rocinha Celebra Com Devo\u00e7\u00e3o Dia de S\u00e3o Jorge - RioOnWatch\" \/>\n<meta property=\"og:description\" content=\"Click Here for English Mais de 250 quilos de peixe, caixas de fogos a perder de vista e rosas brancas e vermelhas. O motivo para a grandiosidade da festa? A celebra\u00e7\u00e3o do dia 23 de [...]\" \/>\n<meta property=\"og:url\" content=\"https:\/\/rioonwatch.org.br\/?p=32533\" \/>\n<meta property=\"og:site_name\" content=\"RioOnWatch\" \/>\n<meta property=\"article:published_time\" content=\"2018-04-25T13:54:55+00:00\" \/>\n<meta property=\"article:modified_time\" content=\"2019-02-15T12:08:12+00:00\" \/>\n<meta property=\"og:image\" content=\"https:\/\/rioonwatch.org.br\/wp-content\/uploads\/2018\/04\/Prociss\u00e3o.jpg\" \/>\n\t<meta property=\"og:image:width\" content=\"1500\" \/>\n\t<meta property=\"og:image:height\" content=\"1125\" \/>\n\t<meta property=\"og:image:type\" content=\"image\/jpeg\" \/>\n<meta name=\"author\" content=\"Admin\" \/>\n<meta name=\"twitter:card\" content=\"summary_large_image\" \/>\n<meta name=\"twitter:label1\" content=\"Escrito por\" \/>\n\t<meta name=\"twitter:data1\" content=\"Admin\" \/>\n\t<meta name=\"twitter:label2\" content=\"Est. tempo de leitura\" \/>\n\t<meta name=\"twitter:data2\" content=\"4 minutos\" \/>\n<script type=\"application\/ld+json\" class=\"yoast-schema-graph\">{\"@context\":\"https:\/\/schema.org\",\"@graph\":[{\"@type\":\"Article\",\"@id\":\"https:\/\/rioonwatch.org.br\/?p=32533#article\",\"isPartOf\":{\"@id\":\"https:\/\/rioonwatch.org.br\/?p=32533\"},\"author\":{\"name\":\"Admin\",\"@id\":\"https:\/\/rioonwatch.org.br\/#\/schema\/person\/11d64c290506f9df50c71b850c473f68\"},\"headline\":\"Rocinha Celebra Com Devo\u00e7\u00e3o Dia de S\u00e3o Jorge\",\"datePublished\":\"2018-04-25T13:54:55+00:00\",\"dateModified\":\"2019-02-15T12:08:12+00:00\",\"mainEntityOfPage\":{\"@id\":\"https:\/\/rioonwatch.org.br\/?p=32533\"},\"wordCount\":722,\"publisher\":{\"@id\":\"https:\/\/rioonwatch.org.br\/#organization\"},\"image\":{\"@id\":\"https:\/\/rioonwatch.org.br\/?p=32533#primaryimage\"},\"thumbnailUrl\":\"https:\/\/rioonwatch.org.br\/wp-content\/uploads\/2018\/04\/Prociss\u00e3o.jpg\",\"keywords\":[\"Candombl\u00e9\",\"cultura da favela\",\"espa\u00e7o p\u00fablico\",\"evento\",\"igreja\",\"Pol\u00edcia Militar\",\"religi\u00e3o\",\"Rocinha\",\"S\u00e3o Jorge\",\"Umbanda\",\"uni\u00e3o\",\"Zona Sul\"],\"articleSection\":[\"*Destaque\",\"Cobertura de Eventos\",\"Cultura da Favela\",\"Escrito por Comunicadores Populares\",\"Qualidades da Favela\"],\"inLanguage\":\"pt-BR\"},{\"@type\":\"WebPage\",\"@id\":\"https:\/\/rioonwatch.org.br\/?p=32533\",\"url\":\"https:\/\/rioonwatch.org.br\/?p=32533\",\"name\":\"Rocinha Celebra Com Devo\u00e7\u00e3o Dia de S\u00e3o Jorge - RioOnWatch\",\"isPartOf\":{\"@id\":\"https:\/\/rioonwatch.org.br\/#website\"},\"primaryImageOfPage\":{\"@id\":\"https:\/\/rioonwatch.org.br\/?p=32533#primaryimage\"},\"image\":{\"@id\":\"https:\/\/rioonwatch.org.br\/?p=32533#primaryimage\"},\"thumbnailUrl\":\"https:\/\/rioonwatch.org.br\/wp-content\/uploads\/2018\/04\/Prociss\u00e3o.jpg\",\"datePublished\":\"2018-04-25T13:54:55+00:00\",\"dateModified\":\"2019-02-15T12:08:12+00:00\",\"breadcrumb\":{\"@id\":\"https:\/\/rioonwatch.org.br\/?p=32533#breadcrumb\"},\"inLanguage\":\"pt-BR\",\"potentialAction\":[{\"@type\":\"ReadAction\",\"target\":[\"https:\/\/rioonwatch.org.br\/?p=32533\"]}]},{\"@type\":\"ImageObject\",\"inLanguage\":\"pt-BR\",\"@id\":\"https:\/\/rioonwatch.org.br\/?p=32533#primaryimage\",\"url\":\"https:\/\/rioonwatch.org.br\/wp-content\/uploads\/2018\/04\/Prociss\u00e3o.jpg\",\"contentUrl\":\"https:\/\/rioonwatch.org.br\/wp-content\/uploads\/2018\/04\/Prociss\u00e3o.jpg\",\"width\":1500,\"height\":1125},{\"@type\":\"BreadcrumbList\",\"@id\":\"https:\/\/rioonwatch.org.br\/?p=32533#breadcrumb\",\"itemListElement\":[{\"@type\":\"ListItem\",\"position\":1,\"name\":\"In\u00edcio\",\"item\":\"https:\/\/rioonwatch.org.br\/\"},{\"@type\":\"ListItem\",\"position\":2,\"name\":\"Rocinha Celebra Com Devo\u00e7\u00e3o Dia de S\u00e3o Jorge\"}]},{\"@type\":\"WebSite\",\"@id\":\"https:\/\/rioonwatch.org.br\/#website\",\"url\":\"https:\/\/rioonwatch.org.br\/\",\"name\":\"RioOnWatch\",\"description\":\"relatos das favelas cariocas\",\"publisher\":{\"@id\":\"https:\/\/rioonwatch.org.br\/#organization\"},\"potentialAction\":[{\"@type\":\"SearchAction\",\"target\":{\"@type\":\"EntryPoint\",\"urlTemplate\":\"https:\/\/rioonwatch.org.br\/?s={search_term_string}\"},\"query-input\":{\"@type\":\"PropertyValueSpecification\",\"valueRequired\":true,\"valueName\":\"search_term_string\"}}],\"inLanguage\":\"pt-BR\"},{\"@type\":\"Organization\",\"@id\":\"https:\/\/rioonwatch.org.br\/#organization\",\"name\":\"RioOnWatch\",\"url\":\"https:\/\/rioonwatch.org.br\/\",\"logo\":{\"@type\":\"ImageObject\",\"inLanguage\":\"pt-BR\",\"@id\":\"https:\/\/rioonwatch.org.br\/#\/schema\/logo\/image\/\",\"url\":\"https:\/\/rioonwatch.org.br\/wp-content\/uploads\/2021\/06\/RioOnWatchcabecalhoPT11anos-2.png\",\"contentUrl\":\"https:\/\/rioonwatch.org.br\/wp-content\/uploads\/2021\/06\/RioOnWatchcabecalhoPT11anos-2.png\",\"width\":779,\"height\":277,\"caption\":\"RioOnWatch\"},\"image\":{\"@id\":\"https:\/\/rioonwatch.org.br\/#\/schema\/logo\/image\/\"}},{\"@type\":\"Person\",\"@id\":\"https:\/\/rioonwatch.org.br\/#\/schema\/person\/11d64c290506f9df50c71b850c473f68\",\"name\":\"Admin\",\"image\":{\"@type\":\"ImageObject\",\"inLanguage\":\"pt-BR\",\"@id\":\"https:\/\/rioonwatch.org.br\/#\/schema\/person\/image\/\",\"url\":\"https:\/\/secure.gravatar.com\/avatar\/56211ac74568383903349a1485e3c325?s=96&d=blank&r=g\",\"contentUrl\":\"https:\/\/secure.gravatar.com\/avatar\/56211ac74568383903349a1485e3c325?s=96&d=blank&r=g\",\"caption\":\"Admin\"},\"url\":\"https:\/\/rioonwatch.org.br\/?author=129\"}]}<\/script>\n<!-- \/ Yoast SEO plugin. -->","yoast_head_json":{"title":"Rocinha Celebra Com Devo\u00e7\u00e3o Dia de S\u00e3o Jorge - RioOnWatch","robots":{"index":"index","follow":"follow","max-snippet":"max-snippet:-1","max-image-preview":"max-image-preview:large","max-video-preview":"max-video-preview:-1"},"canonical":"https:\/\/rioonwatch.org.br\/?p=32533","og_locale":"pt_BR","og_type":"article","og_title":"Rocinha Celebra Com Devo\u00e7\u00e3o Dia de S\u00e3o Jorge - RioOnWatch","og_description":"Click Here for English Mais de 250 quilos de peixe, caixas de fogos a perder de vista e rosas brancas e vermelhas. O motivo para a grandiosidade da festa? A celebra\u00e7\u00e3o do dia 23 de [...]","og_url":"https:\/\/rioonwatch.org.br\/?p=32533","og_site_name":"RioOnWatch","article_published_time":"2018-04-25T13:54:55+00:00","article_modified_time":"2019-02-15T12:08:12+00:00","og_image":[{"width":1500,"height":1125,"url":"https:\/\/rioonwatch.org.br\/wp-content\/uploads\/2018\/04\/Prociss\u00e3o.jpg","type":"image\/jpeg"}],"author":"Admin","twitter_card":"summary_large_image","twitter_misc":{"Escrito por":"Admin","Est. tempo de leitura":"4 minutos"},"schema":{"@context":"https:\/\/schema.org","@graph":[{"@type":"Article","@id":"https:\/\/rioonwatch.org.br\/?p=32533#article","isPartOf":{"@id":"https:\/\/rioonwatch.org.br\/?p=32533"},"author":{"name":"Admin","@id":"https:\/\/rioonwatch.org.br\/#\/schema\/person\/11d64c290506f9df50c71b850c473f68"},"headline":"Rocinha Celebra Com Devo\u00e7\u00e3o Dia de S\u00e3o Jorge","datePublished":"2018-04-25T13:54:55+00:00","dateModified":"2019-02-15T12:08:12+00:00","mainEntityOfPage":{"@id":"https:\/\/rioonwatch.org.br\/?p=32533"},"wordCount":722,"publisher":{"@id":"https:\/\/rioonwatch.org.br\/#organization"},"image":{"@id":"https:\/\/rioonwatch.org.br\/?p=32533#primaryimage"},"thumbnailUrl":"https:\/\/rioonwatch.org.br\/wp-content\/uploads\/2018\/04\/Prociss\u00e3o.jpg","keywords":["Candombl\u00e9","cultura da favela","espa\u00e7o p\u00fablico","evento","igreja","Pol\u00edcia Militar","religi\u00e3o","Rocinha","S\u00e3o Jorge","Umbanda","uni\u00e3o","Zona Sul"],"articleSection":["*Destaque","Cobertura de Eventos","Cultura da Favela","Escrito por Comunicadores Populares","Qualidades da Favela"],"inLanguage":"pt-BR"},{"@type":"WebPage","@id":"https:\/\/rioonwatch.org.br\/?p=32533","url":"https:\/\/rioonwatch.org.br\/?p=32533","name":"Rocinha Celebra Com Devo\u00e7\u00e3o Dia de S\u00e3o Jorge - RioOnWatch","isPartOf":{"@id":"https:\/\/rioonwatch.org.br\/#website"},"primaryImageOfPage":{"@id":"https:\/\/rioonwatch.org.br\/?p=32533#primaryimage"},"image":{"@id":"https:\/\/rioonwatch.org.br\/?p=32533#primaryimage"},"thumbnailUrl":"https:\/\/rioonwatch.org.br\/wp-content\/uploads\/2018\/04\/Prociss\u00e3o.jpg","datePublished":"2018-04-25T13:54:55+00:00","dateModified":"2019-02-15T12:08:12+00:00","breadcrumb":{"@id":"https:\/\/rioonwatch.org.br\/?p=32533#breadcrumb"},"inLanguage":"pt-BR","potentialAction":[{"@type":"ReadAction","target":["https:\/\/rioonwatch.org.br\/?p=32533"]}]},{"@type":"ImageObject","inLanguage":"pt-BR","@id":"https:\/\/rioonwatch.org.br\/?p=32533#primaryimage","url":"https:\/\/rioonwatch.org.br\/wp-content\/uploads\/2018\/04\/Prociss\u00e3o.jpg","contentUrl":"https:\/\/rioonwatch.org.br\/wp-content\/uploads\/2018\/04\/Prociss\u00e3o.jpg","width":1500,"height":1125},{"@type":"BreadcrumbList","@id":"https:\/\/rioonwatch.org.br\/?p=32533#breadcrumb","itemListElement":[{"@type":"ListItem","position":1,"name":"In\u00edcio","item":"https:\/\/rioonwatch.org.br\/"},{"@type":"ListItem","position":2,"name":"Rocinha Celebra Com Devo\u00e7\u00e3o Dia de S\u00e3o Jorge"}]},{"@type":"WebSite","@id":"https:\/\/rioonwatch.org.br\/#website","url":"https:\/\/rioonwatch.org.br\/","name":"RioOnWatch","description":"relatos das favelas cariocas","publisher":{"@id":"https:\/\/rioonwatch.org.br\/#organization"},"potentialAction":[{"@type":"SearchAction","target":{"@type":"EntryPoint","urlTemplate":"https:\/\/rioonwatch.org.br\/?s={search_term_string}"},"query-input":{"@type":"PropertyValueSpecification","valueRequired":true,"valueName":"search_term_string"}}],"inLanguage":"pt-BR"},{"@type":"Organization","@id":"https:\/\/rioonwatch.org.br\/#organization","name":"RioOnWatch","url":"https:\/\/rioonwatch.org.br\/","logo":{"@type":"ImageObject","inLanguage":"pt-BR","@id":"https:\/\/rioonwatch.org.br\/#\/schema\/logo\/image\/","url":"https:\/\/rioonwatch.org.br\/wp-content\/uploads\/2021\/06\/RioOnWatchcabecalhoPT11anos-2.png","contentUrl":"https:\/\/rioonwatch.org.br\/wp-content\/uploads\/2021\/06\/RioOnWatchcabecalhoPT11anos-2.png","width":779,"height":277,"caption":"RioOnWatch"},"image":{"@id":"https:\/\/rioonwatch.org.br\/#\/schema\/logo\/image\/"}},{"@type":"Person","@id":"https:\/\/rioonwatch.org.br\/#\/schema\/person\/11d64c290506f9df50c71b850c473f68","name":"Admin","image":{"@type":"ImageObject","inLanguage":"pt-BR","@id":"https:\/\/rioonwatch.org.br\/#\/schema\/person\/image\/","url":"https:\/\/secure.gravatar.com\/avatar\/56211ac74568383903349a1485e3c325?s=96&d=blank&r=g","contentUrl":"https:\/\/secure.gravatar.com\/avatar\/56211ac74568383903349a1485e3c325?s=96&d=blank&r=g","caption":"Admin"},"url":"https:\/\/rioonwatch.org.br\/?author=129"}]}},"_links":{"self":[{"href":"https:\/\/rioonwatch.org.br\/index.php?rest_route=\/wp\/v2\/posts\/32533"}],"collection":[{"href":"https:\/\/rioonwatch.org.br\/index.php?rest_route=\/wp\/v2\/posts"}],"about":[{"href":"https:\/\/rioonwatch.org.br\/index.php?rest_route=\/wp\/v2\/types\/post"}],"author":[{"embeddable":true,"href":"https:\/\/rioonwatch.org.br\/index.php?rest_route=\/wp\/v2\/users\/129"}],"replies":[{"embeddable":true,"href":"https:\/\/rioonwatch.org.br\/index.php?rest_route=%2Fwp%2Fv2%2Fcomments&post=32533"}],"version-history":[{"count":24,"href":"https:\/\/rioonwatch.org.br\/index.php?rest_route=\/wp\/v2\/posts\/32533\/revisions"}],"predecessor-version":[{"id":32641,"href":"https:\/\/rioonwatch.org.br\/index.php?rest_route=\/wp\/v2\/posts\/32533\/revisions\/32641"}],"wp:featuredmedia":[{"embeddable":true,"href":"https:\/\/rioonwatch.org.br\/index.php?rest_route=\/wp\/v2\/media\/32542"}],"wp:attachment":[{"href":"https:\/\/rioonwatch.org.br\/index.php?rest_route=%2Fwp%2Fv2%2Fmedia&parent=32533"}],"wp:term":[{"taxonomy":"category","embeddable":true,"href":"https:\/\/rioonwatch.org.br\/index.php?rest_route=%2Fwp%2Fv2%2Fcategories&post=32533"},{"taxonomy":"post_tag","embeddable":true,"href":"https:\/\/rioonwatch.org.br\/index.php?rest_route=%2Fwp%2Fv2%2Ftags&post=32533"},{"taxonomy":"writer","embeddable":true,"href":"https:\/\/rioonwatch.org.br\/index.php?rest_route=%2Fwp%2Fv2%2Fwriter&post=32533"},{"taxonomy":"translator","embeddable":true,"href":"https:\/\/rioonwatch.org.br\/index.php?rest_route=%2Fwp%2Fv2%2Ftranslator&post=32533"},{"taxonomy":"source","embeddable":true,"href":"https:\/\/rioonwatch.org.br\/index.php?rest_route=%2Fwp%2Fv2%2Fsource&post=32533"},{"taxonomy":"ilustrador","embeddable":true,"href":"https:\/\/rioonwatch.org.br\/index.php?rest_route=%2Fwp%2Fv2%2Filustrador&post=32533"},{"taxonomy":"fotografo","embeddable":true,"href":"https:\/\/rioonwatch.org.br\/index.php?rest_route=%2Fwp%2Fv2%2Ffotografo&post=32533"}],"curies":[{"name":"wp","href":"https:\/\/api.w.org\/{rel}","templated":true}]}}