{"id":32643,"date":"2018-05-01T05:00:26","date_gmt":"2018-05-01T08:00:26","guid":{"rendered":"http:\/\/rioonwatch.org.br\/?p=32643"},"modified":"2018-05-06T12:19:27","modified_gmt":"2018-05-06T15:19:27","slug":"mutirao-na-vila-laboriaux-constroi-sistema-agroflorestal-futuramente-a-gente-quer-ocupar-a-upp","status":"publish","type":"post","link":"https:\/\/rioonwatch.org.br\/?p=32643","title":{"rendered":"Mutir\u00e3o no Laboriaux Constr\u00f3i Sistema Agroflorestal: Agora &#8216;a Gente Quer Ocupar a UPP&#8217;"},"content":{"rendered":"<p style=\"text-align: right;\"><em><strong><a href=\"http:\/\/bit.ly\/2HxP7A0\" target=\"_blank\" rel=\"noopener noreferrer\">Click Here for English<img decoding=\"async\" width=\"20\" height=\"20\" class=\"alignright wp-image-15790\" src=\"http:\/\/rioonwatch.org.br\/wp-content\/uploads\/2012\/08\/EN-standard-e1439583104716.jpg\" \/><\/a><\/strong><\/em><\/p>\n<p>Bruno Degenring, 23, morador da\u00a0<a href=\"http:\/\/bit.ly\/1bGQPcu\" target=\"_blank\" rel=\"noopener\">Vila Laboriaux<\/a> e presidente do\u00a0<a href=\"http:\/\/bit.ly\/2KfmdGD\" target=\"_blank\" rel=\"noopener\">Favela Verde<\/a>, est\u00e1 na frente de uma horta comunit\u00e1ria organizada, com uma vista deslumbrante do ic\u00f4nico P\u00e3o de A\u00e7\u00facar do Rio atr\u00e1s dele. Bruno est\u00e1 transmitindo informa\u00e7\u00f5es para um pequeno grupo de volunt\u00e1rios brasileiros e estrangeiros que vieram se unir aos moradores da Vila Laboriaux no dia 21 de abril, para participar de um <a href=\"http:\/\/bit.ly\/2HLrvLL\" target=\"_blank\" rel=\"noopener\">mutir\u00e3o na horta comunit\u00e1ria<\/a>, como parte do movimento mundial \u201c<em><a href=\"http:\/\/bit.ly\/2Jqsm1z\" target=\"_blank\" rel=\"noopener\">Day of Good Deeds<\/a>\u201d (<\/em>Dia das Boas A\u00e7\u00f5es). O evento \u00e9 co-organizado pelas organiza\u00e7\u00f5es locais Favela Verde e <a href=\"http:\/\/bit.ly\/28MQaxq\" target=\"_blank\" rel=\"noopener\">Caminhos do Lagarto<\/a>. O objetivo do <a href=\"http:\/\/bit.ly\/1thwVvp\" target=\"_blank\" rel=\"noopener\">mutir\u00e3o<\/a> \u00e9 revitalizar o sistema <a href=\"http:\/\/bit.ly\/2xu2H6N\" target=\"_blank\" rel=\"noopener\">agroflorestal<\/a> da Vila Laboriaux, localizado no alto da <a href=\"http:\/\/bit.ly\/16w2zz1\" target=\"_blank\" rel=\"noopener\">Rocinha<\/a>, a maior favela do Rio, na borda da Floresta da Tijuca.<\/p>\n<p><a href=\"http:\/\/rioonwatch.org.br\/wp-content\/uploads\/2018\/04\/horta-comunitaria.jpg\"><img fetchpriority=\"high\" decoding=\"async\" class=\"aligncenter size-medium wp-image-32650\" src=\"http:\/\/rioonwatch.org.br\/wp-content\/uploads\/2018\/04\/horta-comunitaria-620x465.jpg\" alt=\"\" width=\"620\" height=\"465\" srcset=\"https:\/\/rioonwatch.org.br\/wp-content\/uploads\/2018\/04\/horta-comunitaria-620x465.jpg 620w, https:\/\/rioonwatch.org.br\/wp-content\/uploads\/2018\/04\/horta-comunitaria-352x264.jpg 352w, https:\/\/rioonwatch.org.br\/wp-content\/uploads\/2018\/04\/horta-comunitaria-768x576.jpg 768w, https:\/\/rioonwatch.org.br\/wp-content\/uploads\/2018\/04\/horta-comunitaria-1024x768.jpg 1024w, https:\/\/rioonwatch.org.br\/wp-content\/uploads\/2018\/04\/horta-comunitaria-174x131.jpg 174w, https:\/\/rioonwatch.org.br\/wp-content\/uploads\/2018\/04\/horta-comunitaria-300x225.jpg 300w, https:\/\/rioonwatch.org.br\/wp-content\/uploads\/2018\/04\/horta-comunitaria-70x53.jpg 70w, https:\/\/rioonwatch.org.br\/wp-content\/uploads\/2018\/04\/horta-comunitaria.jpg 1280w\" sizes=\"(max-width: 620px) 100vw, 620px\" \/><\/a><\/p>\n<p>Bruno compartilha um pouco da hist\u00f3ria da Vila Laboriaux com o grupo, incluindo os <a href=\"http:\/\/bit.ly\/2wQeHPh\" target=\"_blank\" rel=\"noopener\">devastadores deslizamentos de terra em 2010<\/a> e os <a href=\"http:\/\/bit.ly\/1J6EfXo\" target=\"_blank\" rel=\"noopener\">mutir\u00f5es comunit\u00e1rios em curso<\/a>, pelos quais o pequeno bairro \u00e9 conhecido, com foco na <a href=\"http:\/\/bit.ly\/1v5zfI2\" target=\"_blank\" rel=\"noopener\">sustentabilidade<\/a> e integra\u00e7\u00e3o com a paisagem natural circundante. O Favela Verde come\u00e7ou a operar em 2012 na Vila Laboriaux, envolvendo a comunidade para implementar v\u00e1rios projetos, tais como: um\u00a0<a href=\"http:\/\/bit.ly\/2HAIXmL\" target=\"_blank\" rel=\"noopener\">cineclube<\/a> para crian\u00e7as com foco ambiental, um banheiro seco, <a href=\"http:\/\/bit.ly\/1QRzTGf\" target=\"_blank\" rel=\"noopener\">hortas comunit\u00e1rias<\/a> e um projeto de energia solar (que caiu em desuso). O Favela Verde era originalmente administrado externamente, atraindo um grande n\u00famero de volunt\u00e1rios estrangeiros, mas com participa\u00e7\u00e3o local limitada. Bruno explica que \u00e0 medida que o projeto ganhou impulso em 2014 e 2015, mais moradores se juntaram \u00e0 organiza\u00e7\u00e3o, levando a comunidade a assumir a <a href=\"http:\/\/bit.ly\/2cvzzg6\" target=\"_blank\" rel=\"noopener\">lideran\u00e7a<\/a>, pois os moradores sentiam que a autonomia era um passo necess\u00e1rio para a organiza\u00e7\u00e3o continuar operando na comunidade.<\/p>\n<p><a href=\"http:\/\/rioonwatch.org.br\/wp-content\/uploads\/2018\/04\/horta-comunitaria-antes.jpg\"><img decoding=\"async\" class=\"aligncenter wp-image-32653 size-content\" title=\"Volunt\u00e1rios come\u00e7am a limpar a \u00e1rea.\" src=\"http:\/\/rioonwatch.org.br\/wp-content\/uploads\/2018\/04\/horta-comunitaria-antes-620x264.jpg\" alt=\"\" width=\"620\" height=\"264\" srcset=\"https:\/\/rioonwatch.org.br\/wp-content\/uploads\/2018\/04\/horta-comunitaria-antes-620x264.jpg 620w, https:\/\/rioonwatch.org.br\/wp-content\/uploads\/2018\/04\/horta-comunitaria-antes-940x400.jpg 940w\" sizes=\"(max-width: 620px) 100vw, 620px\" \/><\/a><\/p>\n<p>Bruno est\u00e1 acompanhado por Rafaela Rodrigues, de 25 anos, que toca o Caminhos do Lagarto que \u00e9 o &#8220;bra\u00e7o direito&#8221; do Favela Verde. Nascida e criada na Rocinha, Rafaela explica como ficou empolgada quando descobriu o Favela Verde, pois refletia perfeitamente sua paix\u00e3o pela natureza e sustentabilidade: \u201c\u00c9 importante para n\u00f3s cuidarmos da nossa comunidade. Ter produtos org\u00e2nicos, da sua pr\u00f3pria terra, vender aqui e com isso beneficiar a comunidade&#8230; Como um ciclo&#8230; Vender adubo, utilizar para plantar, distribuir para a comunidade&#8221;. Rafaela descreve as <a href=\"http:\/\/bit.ly\/29oDbAp\" target=\"_blank\" rel=\"noopener\">caminhadas guiadas pelo Caminhos do Lagarto<\/a>, que incluem medita\u00e7\u00e3o e aprendizado sobre plantas medicinais.<\/p>\n<p><a href=\"http:\/\/rioonwatch.org.br\/wp-content\/uploads\/2018\/04\/crianca-na-horta-comunit\u00e1ria.jpg\"><img loading=\"lazy\" decoding=\"async\" class=\"aligncenter wp-image-32656 size-content\" title=\"Moradora local e volunt\u00e1rio plantando na horta comunit\u00e1ria. Foto por Favela Verde\" src=\"http:\/\/rioonwatch.org.br\/wp-content\/uploads\/2018\/04\/crianca-na-horta-comunit\u00e1ria-620x264.jpg\" alt=\"\" width=\"620\" height=\"264\" srcset=\"https:\/\/rioonwatch.org.br\/wp-content\/uploads\/2018\/04\/crianca-na-horta-comunit\u00e1ria-620x264.jpg 620w, https:\/\/rioonwatch.org.br\/wp-content\/uploads\/2018\/04\/crianca-na-horta-comunit\u00e1ria-940x400.jpg 940w\" sizes=\"(max-width: 620px) 100vw, 620px\" \/><\/a><\/p>\n<p>Atualmente, a Vila Laboriaux possui dois espa\u00e7os para hortas comunit\u00e1rias&#8211;o primeiro \u00e9 totalmente funcional e est\u00e1 localizado na terra onde as casas ficavam antes dos deslizamentos de 2010, e o segundo, o sistema agroflorestal, \u00e9 o foco do mutir\u00e3o do dia. O espa\u00e7o agr\u00edcola de aproximadamente 60 por 4 metros est\u00e1 localizado pr\u00f3ximo \u00e0 fonte de \u00e1gua da comunidade Vila Laboriaux e em frente \u00e0 base da <a href=\"http:\/\/bit.ly\/1qvWRb2\" target=\"_blank\" rel=\"noopener\">UPP<\/a>. Ap\u00f3s as instru\u00e7\u00f5es de Bruno e Rafaela, houve tempo para o caf\u00e9 da manh\u00e3 com frutas e bolos antes do in\u00edcio do trabalho. Os volunt\u00e1rios locais assumiram a lideran\u00e7a, explicando o que precisa ser feito e distribuindo ferramentas, luvas e repelente de insetos.<\/p>\n<p><a href=\"http:\/\/rioonwatch.org.br\/wp-content\/uploads\/2018\/04\/Placas-da-horta-comunitaria.jpg\"><img loading=\"lazy\" decoding=\"async\" class=\"aligncenter wp-image-32660 size-large\" title=\"Volunt\u00e1rios pintam placas para a horta.\" src=\"http:\/\/rioonwatch.org.br\/wp-content\/uploads\/2018\/04\/Placas-da-horta-comunitaria-768x1024.jpg\" alt=\"\" width=\"620\" height=\"827\" srcset=\"https:\/\/rioonwatch.org.br\/wp-content\/uploads\/2018\/04\/Placas-da-horta-comunitaria-768x1024.jpg 768w, https:\/\/rioonwatch.org.br\/wp-content\/uploads\/2018\/04\/Placas-da-horta-comunitaria-198x264.jpg 198w, https:\/\/rioonwatch.org.br\/wp-content\/uploads\/2018\/04\/Placas-da-horta-comunitaria-465x620.jpg 465w, https:\/\/rioonwatch.org.br\/wp-content\/uploads\/2018\/04\/Placas-da-horta-comunitaria.jpg 1332w\" sizes=\"(max-width: 620px) 100vw, 620px\" \/><\/a><\/p>\n<p>Cerca de 25 volunt\u00e1rios, acompanhados por dezenas de crian\u00e7as curiosas, trabalharam juntos por cerca de tr\u00eas horas para limpar a densa vegeta\u00e7\u00e3o rasteira, que expunha centenas de pedras que precisaram ser removidas, juntamente com tocos de bananeiras mortas e sacos e sacos pl\u00e1sticos de lixo. Quando o est\u00e1gio de limpeza estava conclu\u00eddo, o grupo come\u00e7ou a trabalhar nas novas instala\u00e7\u00f5es. Uma nova esta\u00e7\u00e3o de compostagem de duas partes foi constru\u00edda usando t\u00e1buas; o composto ser\u00e1 usado no local e o excedente ser\u00e1 vendido para lucro. Uma trilha para caminhada foi aberta e as pedras que foram previamente removidas foram usadas para demarcar o caminho da \u00e1rea agr\u00edcola, que inclui goiabeiras, limoeiros, p\u00e9s de pitaya, p\u00e9s de acerola, bananeiras, palmeiras, planta\u00e7\u00e3o de batata-doce e muito mais. Novas \u00e1rvores frut\u00edferas, vegetais e mudas, algumas das quais foram doadas, foram plantadas. Placas foram pintadas e instaladas para marcar os nomes das \u00e1rvores e plantas e para melhor permitir o cuidado e a colheita. Depois de sete horas de trabalho duro sob um sol quente e muitas picadas de insetos, o dia foi considerado um enorme sucesso. O espa\u00e7o foi transformado em um espa\u00e7o agr\u00edcola funcional que fornecer\u00e1 produtos org\u00e2nicos produzidos localmente \u00e0 comunidade.<\/p>\n<p><a href=\"http:\/\/www.rioonwatch.org\/wp-content\/uploads\/2018\/04\/communitygardenHOE.jpg\"><img loading=\"lazy\" decoding=\"async\" class=\"aligncenter wp-image-42928 size-content\" src=\"http:\/\/www.rioonwatch.org\/wp-content\/uploads\/2018\/04\/communitygardenHOE-620x264.jpg\" alt=\"\" width=\"620\" height=\"264\" \/><\/a><\/p>\n<p>Um dos maiores desafios futuros do Favela Verde \u00e9 conseguir mais moradores locais para apoiar os projetos agr\u00edcolas. Um morador, volunt\u00e1rio no dia, observa que as pessoas apreciam claramente o espa\u00e7o, indo ao jardim para colher os produtos, mas nem sempre ficam para ajudar a manter o espa\u00e7o. Bruno acredita que a maior barreira para as pessoas locais \u00e9 o tempo: &#8220;As pessoas t\u00eam outras prioridades&#8230; m\u00e3es e pais t\u00eam que trabalhar, cuidar das crian\u00e7as, eles n\u00e3o t\u00eam muito tempo para se envolverem em projetos sociais&#8221;.<\/p>\n<p><a href=\"http:\/\/rioonwatch.org.br\/wp-content\/uploads\/2018\/04\/horta-comunitaria-compostagem.jpg\"><img loading=\"lazy\" decoding=\"async\" class=\"aligncenter size-content wp-image-32664\" src=\"http:\/\/rioonwatch.org.br\/wp-content\/uploads\/2018\/04\/horta-comunitaria-compostagem-620x264.jpg\" alt=\"\" width=\"620\" height=\"264\" srcset=\"https:\/\/rioonwatch.org.br\/wp-content\/uploads\/2018\/04\/horta-comunitaria-compostagem-620x264.jpg 620w, https:\/\/rioonwatch.org.br\/wp-content\/uploads\/2018\/04\/horta-comunitaria-compostagem-940x400.jpg 940w\" sizes=\"(max-width: 620px) 100vw, 620px\" \/><\/a><\/p>\n<p>Tanto Bruno quanto Rafaela t\u00eam grandes planos em andamento para sua comunidade, incluindo o registro oficial da pista de caminhada, a abertura de um caf\u00e9 e bazar de org\u00e2nicos de origem local, e a convers\u00e3o da base da UPP, possivelmente prestes a ser abandonada, em centro de educa\u00e7\u00e3o e ecoturismo. Com o an\u00fancio em fevereiro de que <a href=\"https:\/\/glo.bo\/2HpHvDD\" target=\"_blank\" rel=\"noopener\">algumas UPPs ser\u00e3o retiradas das favelas<\/a>, seguidas por uma <a href=\"http:\/\/bit.ly\/2K1udLj\" target=\"_blank\" rel=\"noopener\">confirma\u00e7\u00e3o mais recente de l\u00edderes da interven\u00e7\u00e3o militar<\/a> de que algumas ser\u00e3o fechadas ou reestruturadas, muitos grupos comunit\u00e1rios est\u00e3o ansiosos para assumir esses espa\u00e7os para interven\u00e7\u00f5es sociais, como o <a href=\"http:\/\/bit.ly\/2pKI40c\" target=\"_blank\" rel=\"noopener\">Favela Cineclube na Provid\u00eancia que tamb\u00e9m espera<\/a> converter a base da UPP da Provid\u00eancia em um espa\u00e7o comunit\u00e1rio. Rafaela afirma que \u201cFuturamente, a gente quer ocupar a UPP&#8230; Quando eles sa\u00edrem, a gente quer fazer um centro de pedagogia e um ponto tur\u00edstico para que as pessoas conhe\u00e7am a \u00e1rea e as trilhas&#8221;.<\/p>\n<p><a href=\"http:\/\/rioonwatch.org.br\/wp-content\/uploads\/2018\/04\/novo-caminho-na-horta-comunitaria.jpg\"><img loading=\"lazy\" decoding=\"async\" class=\"aligncenter wp-image-32667 size-content\" title=\"O novo caminho no sistema agroflorestal\" src=\"http:\/\/rioonwatch.org.br\/wp-content\/uploads\/2018\/04\/novo-caminho-na-horta-comunitaria-620x264.jpg\" alt=\"\" width=\"620\" height=\"264\" srcset=\"https:\/\/rioonwatch.org.br\/wp-content\/uploads\/2018\/04\/novo-caminho-na-horta-comunitaria-620x264.jpg 620w, https:\/\/rioonwatch.org.br\/wp-content\/uploads\/2018\/04\/novo-caminho-na-horta-comunitaria-940x400.jpg 940w\" sizes=\"(max-width: 620px) 100vw, 620px\" \/><\/a><\/p>\n<!-- AddThis Advanced Settings generic via filter on the_content --><!-- AddThis Share Buttons generic via filter on the_content -->","protected":false},"excerpt":{"rendered":"<div class=\"mh-excerpt\"><p>Click Here for English Bruno Degenring, 23, morador da\u00a0Vila Laboriaux e presidente do\u00a0Favela Verde, est\u00e1 na frente de uma horta comunit\u00e1ria organizada, com uma vista deslumbrante do ic\u00f4nico P\u00e3o de A\u00e7\u00facar do Rio atr\u00e1s dele. <a class=\"mh-excerpt-more\" href=\"https:\/\/rioonwatch.org.br\/?p=32643\" title=\"Mutir\u00e3o no Laboriaux Constr\u00f3i Sistema Agroflorestal: Agora &#8216;a Gente Quer Ocupar a UPP&#8217;\">[&#8230;]<\/a><!-- AddThis Advanced Settings generic via filter on get_the_excerpt --><!-- AddThis Share Buttons generic via filter on get_the_excerpt --><\/p>\n<\/div>","protected":false},"author":129,"featured_media":32647,"comment_status":"closed","ping_status":"closed","sticky":false,"template":"","format":"standard","meta":{"_acf_changed":false,"_monsterinsights_skip_tracking":false,"_monsterinsights_sitenote_active":false,"_monsterinsights_sitenote_note":"","_monsterinsights_sitenote_category":0,"footnotes":""},"categories":[1621,1627,1626,1388,1616,1612,342,1639,1628],"tags":[302,300,2315,1147,1666,735,1097,634,1795,257,276,41,358,304,427,16,92,383],"writer":[2295],"translator":[273],"source":[],"ilustrador":[],"fotografo":[],"class_list":{"0":"post-32643","1":"post","2":"type-post","3":"status-publish","4":"format-standard","5":"has-post-thumbnail","7":"category-destaque","8":"category-relato-de-evento","9":"category-por-observadores-internacionais","10":"category-formas-de-apoiar","11":"category-qualidades-da-favela","12":"category-sociedade-civil","13":"category-solucoes","14":"category-sustentabilidade","15":"category-turismo-na-favela","16":"tag-agricultura-urbana","17":"tag-agrofloresta","18":"tag-cineclube","19":"tag-espacos-verdes","20":"tag-favela-verde","21":"tag-floresta-da-tijuca","22":"tag-horta-comunitaria","23":"tag-laboriaux","24":"tag-lideranca-comunitaria","25":"tag-providencia","26":"tag-mutirao","27":"tag-organicos","28":"tag-organizacao-comunitaria","29":"tag-participacao","30":"tag-risco-de-deslizamento","31":"tag-rocinha","32":"tag-upp","33":"tag-zona-sul","34":"writer-cheyne-bull","35":"translator-roseli-franco"},"acf":[],"yoast_head":"<!-- This site is optimized with the Yoast SEO plugin v25.6 - https:\/\/yoast.com\/wordpress\/plugins\/seo\/ -->\n<title>Mutir\u00e3o no Laboriaux Constr\u00f3i Sistema Agroflorestal: Agora &#039;a Gente Quer Ocupar a UPP&#039; - RioOnWatch<\/title>\n<meta name=\"robots\" content=\"index, follow, max-snippet:-1, max-image-preview:large, max-video-preview:-1\" \/>\n<link rel=\"canonical\" href=\"https:\/\/rioonwatch.org.br\/?p=32643\" \/>\n<meta property=\"og:locale\" content=\"pt_BR\" \/>\n<meta property=\"og:type\" content=\"article\" \/>\n<meta property=\"og:title\" content=\"Mutir\u00e3o no Laboriaux Constr\u00f3i Sistema Agroflorestal: Agora &#039;a Gente Quer Ocupar a UPP&#039; - RioOnWatch\" \/>\n<meta property=\"og:description\" content=\"Click Here for English Bruno Degenring, 23, morador da\u00a0Vila Laboriaux e presidente do\u00a0Favela Verde, est\u00e1 na frente de uma horta comunit\u00e1ria organizada, com uma vista deslumbrante do ic\u00f4nico P\u00e3o de A\u00e7\u00facar do Rio atr\u00e1s dele. [...]\" \/>\n<meta property=\"og:url\" content=\"https:\/\/rioonwatch.org.br\/?p=32643\" \/>\n<meta property=\"og:site_name\" content=\"RioOnWatch\" \/>\n<meta property=\"article:published_time\" content=\"2018-05-01T08:00:26+00:00\" \/>\n<meta property=\"article:modified_time\" content=\"2018-05-06T15:19:27+00:00\" \/>\n<meta property=\"og:image\" content=\"https:\/\/rioonwatch.org.br\/wp-content\/uploads\/2018\/04\/Horta-comunit\u00e1ria.jpg\" \/>\n\t<meta property=\"og:image:width\" content=\"1032\" \/>\n\t<meta property=\"og:image:height\" content=\"774\" \/>\n\t<meta property=\"og:image:type\" content=\"image\/jpeg\" \/>\n<meta name=\"author\" content=\"Admin\" \/>\n<meta name=\"twitter:card\" content=\"summary_large_image\" \/>\n<meta name=\"twitter:label1\" content=\"Escrito por\" \/>\n\t<meta name=\"twitter:data1\" content=\"Admin\" \/>\n\t<meta name=\"twitter:label2\" content=\"Est. tempo de leitura\" \/>\n\t<meta name=\"twitter:data2\" content=\"5 minutos\" \/>\n<script type=\"application\/ld+json\" class=\"yoast-schema-graph\">{\"@context\":\"https:\/\/schema.org\",\"@graph\":[{\"@type\":\"Article\",\"@id\":\"https:\/\/rioonwatch.org.br\/?p=32643#article\",\"isPartOf\":{\"@id\":\"https:\/\/rioonwatch.org.br\/?p=32643\"},\"author\":{\"name\":\"Admin\",\"@id\":\"https:\/\/rioonwatch.org.br\/#\/schema\/person\/11d64c290506f9df50c71b850c473f68\"},\"headline\":\"Mutir\u00e3o no Laboriaux Constr\u00f3i Sistema Agroflorestal: Agora &#8216;a Gente Quer Ocupar a UPP&#8217;\",\"datePublished\":\"2018-05-01T08:00:26+00:00\",\"dateModified\":\"2018-05-06T15:19:27+00:00\",\"mainEntityOfPage\":{\"@id\":\"https:\/\/rioonwatch.org.br\/?p=32643\"},\"wordCount\":1007,\"publisher\":{\"@id\":\"https:\/\/rioonwatch.org.br\/#organization\"},\"image\":{\"@id\":\"https:\/\/rioonwatch.org.br\/?p=32643#primaryimage\"},\"thumbnailUrl\":\"https:\/\/rioonwatch.org.br\/wp-content\/uploads\/2018\/04\/Horta-comunit\u00e1ria.jpg\",\"keywords\":[\"agricultura urbana\",\"agrofloresta\",\"cineclube\",\"espa\u00e7os verdes\",\"Favela Verde\",\"Floresta da Tijuca\",\"horta comunit\u00e1ria\",\"Laboriaux\",\"lideran\u00e7a comunit\u00e1ria\",\"Morro da Provid\u00eancia\",\"mutir\u00e3o\",\"org\u00e2nico\",\"organiza\u00e7\u00e3o comunit\u00e1ria\",\"participa\u00e7\u00e3o\",\"risco de deslizamento\",\"Rocinha\",\"UPP\",\"Zona Sul\"],\"articleSection\":[\"*Destaque\",\"Cobertura de Eventos\",\"Escrito por Aliados\",\"Formas de Apoiar\",\"Qualidades da Favela\",\"Sociedade Civil\",\"Solu\u00e7\u00f5es\",\"Sustentabilidade\",\"Turismo na Favela\"],\"inLanguage\":\"pt-BR\"},{\"@type\":\"WebPage\",\"@id\":\"https:\/\/rioonwatch.org.br\/?p=32643\",\"url\":\"https:\/\/rioonwatch.org.br\/?p=32643\",\"name\":\"Mutir\u00e3o no Laboriaux Constr\u00f3i Sistema Agroflorestal: Agora 'a Gente Quer Ocupar a UPP' - RioOnWatch\",\"isPartOf\":{\"@id\":\"https:\/\/rioonwatch.org.br\/#website\"},\"primaryImageOfPage\":{\"@id\":\"https:\/\/rioonwatch.org.br\/?p=32643#primaryimage\"},\"image\":{\"@id\":\"https:\/\/rioonwatch.org.br\/?p=32643#primaryimage\"},\"thumbnailUrl\":\"https:\/\/rioonwatch.org.br\/wp-content\/uploads\/2018\/04\/Horta-comunit\u00e1ria.jpg\",\"datePublished\":\"2018-05-01T08:00:26+00:00\",\"dateModified\":\"2018-05-06T15:19:27+00:00\",\"breadcrumb\":{\"@id\":\"https:\/\/rioonwatch.org.br\/?p=32643#breadcrumb\"},\"inLanguage\":\"pt-BR\",\"potentialAction\":[{\"@type\":\"ReadAction\",\"target\":[\"https:\/\/rioonwatch.org.br\/?p=32643\"]}]},{\"@type\":\"ImageObject\",\"inLanguage\":\"pt-BR\",\"@id\":\"https:\/\/rioonwatch.org.br\/?p=32643#primaryimage\",\"url\":\"https:\/\/rioonwatch.org.br\/wp-content\/uploads\/2018\/04\/Horta-comunit\u00e1ria.jpg\",\"contentUrl\":\"https:\/\/rioonwatch.org.br\/wp-content\/uploads\/2018\/04\/Horta-comunit\u00e1ria.jpg\",\"width\":1032,\"height\":774},{\"@type\":\"BreadcrumbList\",\"@id\":\"https:\/\/rioonwatch.org.br\/?p=32643#breadcrumb\",\"itemListElement\":[{\"@type\":\"ListItem\",\"position\":1,\"name\":\"In\u00edcio\",\"item\":\"https:\/\/rioonwatch.org.br\/\"},{\"@type\":\"ListItem\",\"position\":2,\"name\":\"Mutir\u00e3o no Laboriaux Constr\u00f3i Sistema Agroflorestal: Agora &#8216;a Gente Quer Ocupar a UPP&#8217;\"}]},{\"@type\":\"WebSite\",\"@id\":\"https:\/\/rioonwatch.org.br\/#website\",\"url\":\"https:\/\/rioonwatch.org.br\/\",\"name\":\"RioOnWatch\",\"description\":\"relatos das favelas cariocas\",\"publisher\":{\"@id\":\"https:\/\/rioonwatch.org.br\/#organization\"},\"potentialAction\":[{\"@type\":\"SearchAction\",\"target\":{\"@type\":\"EntryPoint\",\"urlTemplate\":\"https:\/\/rioonwatch.org.br\/?s={search_term_string}\"},\"query-input\":{\"@type\":\"PropertyValueSpecification\",\"valueRequired\":true,\"valueName\":\"search_term_string\"}}],\"inLanguage\":\"pt-BR\"},{\"@type\":\"Organization\",\"@id\":\"https:\/\/rioonwatch.org.br\/#organization\",\"name\":\"RioOnWatch\",\"url\":\"https:\/\/rioonwatch.org.br\/\",\"logo\":{\"@type\":\"ImageObject\",\"inLanguage\":\"pt-BR\",\"@id\":\"https:\/\/rioonwatch.org.br\/#\/schema\/logo\/image\/\",\"url\":\"https:\/\/rioonwatch.org.br\/wp-content\/uploads\/2021\/06\/RioOnWatchcabecalhoPT11anos-2.png\",\"contentUrl\":\"https:\/\/rioonwatch.org.br\/wp-content\/uploads\/2021\/06\/RioOnWatchcabecalhoPT11anos-2.png\",\"width\":779,\"height\":277,\"caption\":\"RioOnWatch\"},\"image\":{\"@id\":\"https:\/\/rioonwatch.org.br\/#\/schema\/logo\/image\/\"}},{\"@type\":\"Person\",\"@id\":\"https:\/\/rioonwatch.org.br\/#\/schema\/person\/11d64c290506f9df50c71b850c473f68\",\"name\":\"Admin\",\"image\":{\"@type\":\"ImageObject\",\"inLanguage\":\"pt-BR\",\"@id\":\"https:\/\/rioonwatch.org.br\/#\/schema\/person\/image\/\",\"url\":\"https:\/\/secure.gravatar.com\/avatar\/56211ac74568383903349a1485e3c325?s=96&d=blank&r=g\",\"contentUrl\":\"https:\/\/secure.gravatar.com\/avatar\/56211ac74568383903349a1485e3c325?s=96&d=blank&r=g\",\"caption\":\"Admin\"},\"url\":\"https:\/\/rioonwatch.org.br\/?author=129\"}]}<\/script>\n<!-- \/ Yoast SEO plugin. -->","yoast_head_json":{"title":"Mutir\u00e3o no Laboriaux Constr\u00f3i Sistema Agroflorestal: Agora 'a Gente Quer Ocupar a UPP' - RioOnWatch","robots":{"index":"index","follow":"follow","max-snippet":"max-snippet:-1","max-image-preview":"max-image-preview:large","max-video-preview":"max-video-preview:-1"},"canonical":"https:\/\/rioonwatch.org.br\/?p=32643","og_locale":"pt_BR","og_type":"article","og_title":"Mutir\u00e3o no Laboriaux Constr\u00f3i Sistema Agroflorestal: Agora 'a Gente Quer Ocupar a UPP' - RioOnWatch","og_description":"Click Here for English Bruno Degenring, 23, morador da\u00a0Vila Laboriaux e presidente do\u00a0Favela Verde, est\u00e1 na frente de uma horta comunit\u00e1ria organizada, com uma vista deslumbrante do ic\u00f4nico P\u00e3o de A\u00e7\u00facar do Rio atr\u00e1s dele. [...]","og_url":"https:\/\/rioonwatch.org.br\/?p=32643","og_site_name":"RioOnWatch","article_published_time":"2018-05-01T08:00:26+00:00","article_modified_time":"2018-05-06T15:19:27+00:00","og_image":[{"width":1032,"height":774,"url":"https:\/\/rioonwatch.org.br\/wp-content\/uploads\/2018\/04\/Horta-comunit\u00e1ria.jpg","type":"image\/jpeg"}],"author":"Admin","twitter_card":"summary_large_image","twitter_misc":{"Escrito por":"Admin","Est. tempo de leitura":"5 minutos"},"schema":{"@context":"https:\/\/schema.org","@graph":[{"@type":"Article","@id":"https:\/\/rioonwatch.org.br\/?p=32643#article","isPartOf":{"@id":"https:\/\/rioonwatch.org.br\/?p=32643"},"author":{"name":"Admin","@id":"https:\/\/rioonwatch.org.br\/#\/schema\/person\/11d64c290506f9df50c71b850c473f68"},"headline":"Mutir\u00e3o no Laboriaux Constr\u00f3i Sistema Agroflorestal: Agora &#8216;a Gente Quer Ocupar a UPP&#8217;","datePublished":"2018-05-01T08:00:26+00:00","dateModified":"2018-05-06T15:19:27+00:00","mainEntityOfPage":{"@id":"https:\/\/rioonwatch.org.br\/?p=32643"},"wordCount":1007,"publisher":{"@id":"https:\/\/rioonwatch.org.br\/#organization"},"image":{"@id":"https:\/\/rioonwatch.org.br\/?p=32643#primaryimage"},"thumbnailUrl":"https:\/\/rioonwatch.org.br\/wp-content\/uploads\/2018\/04\/Horta-comunit\u00e1ria.jpg","keywords":["agricultura urbana","agrofloresta","cineclube","espa\u00e7os verdes","Favela Verde","Floresta da Tijuca","horta comunit\u00e1ria","Laboriaux","lideran\u00e7a comunit\u00e1ria","Morro da Provid\u00eancia","mutir\u00e3o","org\u00e2nico","organiza\u00e7\u00e3o comunit\u00e1ria","participa\u00e7\u00e3o","risco de deslizamento","Rocinha","UPP","Zona Sul"],"articleSection":["*Destaque","Cobertura de Eventos","Escrito por Aliados","Formas de Apoiar","Qualidades da Favela","Sociedade Civil","Solu\u00e7\u00f5es","Sustentabilidade","Turismo na Favela"],"inLanguage":"pt-BR"},{"@type":"WebPage","@id":"https:\/\/rioonwatch.org.br\/?p=32643","url":"https:\/\/rioonwatch.org.br\/?p=32643","name":"Mutir\u00e3o no Laboriaux Constr\u00f3i Sistema Agroflorestal: Agora 'a Gente Quer Ocupar a UPP' - RioOnWatch","isPartOf":{"@id":"https:\/\/rioonwatch.org.br\/#website"},"primaryImageOfPage":{"@id":"https:\/\/rioonwatch.org.br\/?p=32643#primaryimage"},"image":{"@id":"https:\/\/rioonwatch.org.br\/?p=32643#primaryimage"},"thumbnailUrl":"https:\/\/rioonwatch.org.br\/wp-content\/uploads\/2018\/04\/Horta-comunit\u00e1ria.jpg","datePublished":"2018-05-01T08:00:26+00:00","dateModified":"2018-05-06T15:19:27+00:00","breadcrumb":{"@id":"https:\/\/rioonwatch.org.br\/?p=32643#breadcrumb"},"inLanguage":"pt-BR","potentialAction":[{"@type":"ReadAction","target":["https:\/\/rioonwatch.org.br\/?p=32643"]}]},{"@type":"ImageObject","inLanguage":"pt-BR","@id":"https:\/\/rioonwatch.org.br\/?p=32643#primaryimage","url":"https:\/\/rioonwatch.org.br\/wp-content\/uploads\/2018\/04\/Horta-comunit\u00e1ria.jpg","contentUrl":"https:\/\/rioonwatch.org.br\/wp-content\/uploads\/2018\/04\/Horta-comunit\u00e1ria.jpg","width":1032,"height":774},{"@type":"BreadcrumbList","@id":"https:\/\/rioonwatch.org.br\/?p=32643#breadcrumb","itemListElement":[{"@type":"ListItem","position":1,"name":"In\u00edcio","item":"https:\/\/rioonwatch.org.br\/"},{"@type":"ListItem","position":2,"name":"Mutir\u00e3o no Laboriaux Constr\u00f3i Sistema Agroflorestal: Agora &#8216;a Gente Quer Ocupar a UPP&#8217;"}]},{"@type":"WebSite","@id":"https:\/\/rioonwatch.org.br\/#website","url":"https:\/\/rioonwatch.org.br\/","name":"RioOnWatch","description":"relatos das favelas cariocas","publisher":{"@id":"https:\/\/rioonwatch.org.br\/#organization"},"potentialAction":[{"@type":"SearchAction","target":{"@type":"EntryPoint","urlTemplate":"https:\/\/rioonwatch.org.br\/?s={search_term_string}"},"query-input":{"@type":"PropertyValueSpecification","valueRequired":true,"valueName":"search_term_string"}}],"inLanguage":"pt-BR"},{"@type":"Organization","@id":"https:\/\/rioonwatch.org.br\/#organization","name":"RioOnWatch","url":"https:\/\/rioonwatch.org.br\/","logo":{"@type":"ImageObject","inLanguage":"pt-BR","@id":"https:\/\/rioonwatch.org.br\/#\/schema\/logo\/image\/","url":"https:\/\/rioonwatch.org.br\/wp-content\/uploads\/2021\/06\/RioOnWatchcabecalhoPT11anos-2.png","contentUrl":"https:\/\/rioonwatch.org.br\/wp-content\/uploads\/2021\/06\/RioOnWatchcabecalhoPT11anos-2.png","width":779,"height":277,"caption":"RioOnWatch"},"image":{"@id":"https:\/\/rioonwatch.org.br\/#\/schema\/logo\/image\/"}},{"@type":"Person","@id":"https:\/\/rioonwatch.org.br\/#\/schema\/person\/11d64c290506f9df50c71b850c473f68","name":"Admin","image":{"@type":"ImageObject","inLanguage":"pt-BR","@id":"https:\/\/rioonwatch.org.br\/#\/schema\/person\/image\/","url":"https:\/\/secure.gravatar.com\/avatar\/56211ac74568383903349a1485e3c325?s=96&d=blank&r=g","contentUrl":"https:\/\/secure.gravatar.com\/avatar\/56211ac74568383903349a1485e3c325?s=96&d=blank&r=g","caption":"Admin"},"url":"https:\/\/rioonwatch.org.br\/?author=129"}]}},"_links":{"self":[{"href":"https:\/\/rioonwatch.org.br\/index.php?rest_route=\/wp\/v2\/posts\/32643"}],"collection":[{"href":"https:\/\/rioonwatch.org.br\/index.php?rest_route=\/wp\/v2\/posts"}],"about":[{"href":"https:\/\/rioonwatch.org.br\/index.php?rest_route=\/wp\/v2\/types\/post"}],"author":[{"embeddable":true,"href":"https:\/\/rioonwatch.org.br\/index.php?rest_route=\/wp\/v2\/users\/129"}],"replies":[{"embeddable":true,"href":"https:\/\/rioonwatch.org.br\/index.php?rest_route=%2Fwp%2Fv2%2Fcomments&post=32643"}],"version-history":[{"count":21,"href":"https:\/\/rioonwatch.org.br\/index.php?rest_route=\/wp\/v2\/posts\/32643\/revisions"}],"predecessor-version":[{"id":32822,"href":"https:\/\/rioonwatch.org.br\/index.php?rest_route=\/wp\/v2\/posts\/32643\/revisions\/32822"}],"wp:featuredmedia":[{"embeddable":true,"href":"https:\/\/rioonwatch.org.br\/index.php?rest_route=\/wp\/v2\/media\/32647"}],"wp:attachment":[{"href":"https:\/\/rioonwatch.org.br\/index.php?rest_route=%2Fwp%2Fv2%2Fmedia&parent=32643"}],"wp:term":[{"taxonomy":"category","embeddable":true,"href":"https:\/\/rioonwatch.org.br\/index.php?rest_route=%2Fwp%2Fv2%2Fcategories&post=32643"},{"taxonomy":"post_tag","embeddable":true,"href":"https:\/\/rioonwatch.org.br\/index.php?rest_route=%2Fwp%2Fv2%2Ftags&post=32643"},{"taxonomy":"writer","embeddable":true,"href":"https:\/\/rioonwatch.org.br\/index.php?rest_route=%2Fwp%2Fv2%2Fwriter&post=32643"},{"taxonomy":"translator","embeddable":true,"href":"https:\/\/rioonwatch.org.br\/index.php?rest_route=%2Fwp%2Fv2%2Ftranslator&post=32643"},{"taxonomy":"source","embeddable":true,"href":"https:\/\/rioonwatch.org.br\/index.php?rest_route=%2Fwp%2Fv2%2Fsource&post=32643"},{"taxonomy":"ilustrador","embeddable":true,"href":"https:\/\/rioonwatch.org.br\/index.php?rest_route=%2Fwp%2Fv2%2Filustrador&post=32643"},{"taxonomy":"fotografo","embeddable":true,"href":"https:\/\/rioonwatch.org.br\/index.php?rest_route=%2Fwp%2Fv2%2Ffotografo&post=32643"}],"curies":[{"name":"wp","href":"https:\/\/api.w.org\/{rel}","templated":true}]}}