{"id":32672,"date":"2018-06-05T10:16:30","date_gmt":"2018-06-05T13:16:30","guid":{"rendered":"http:\/\/rioonwatch.org.br\/?p=32672"},"modified":"2023-08-24T19:51:17","modified_gmt":"2023-08-24T22:51:17","slug":"sobre-parques-e-sob-viadutos-ocupacao-de-espacos-publicos-em-realengo","status":"publish","type":"post","link":"https:\/\/rioonwatch.org.br\/?p=32672","title":{"rendered":"Sobre Parques e Sob Viadutos: Ocupa\u00e7\u00e3o de Espa\u00e7os P\u00fablicos em Realengo"},"content":{"rendered":"<p style=\"text-align: right;\"><em><strong><a href=\"https:\/\/bit.ly\/2M7aoCz\" target=\"_blank\" rel=\"noopener noreferrer\">Click Here for English<img decoding=\"async\" width=\"20\" height=\"20\" class=\"alignright wp-image-15790\" src=\"http:\/\/rioonwatch.org.br\/wp-content\/uploads\/2012\/08\/EN-standard-e1439583104716.jpg\" \/><\/a><\/strong><\/em><\/p>\n<p>Um viaduto com intensa atividade cultural, engajando a juventude do bairro, e um parque urbano como espa\u00e7o para lazer e pr\u00e1ticas de esporte. O que finalmente \u00e9 realidade em <a href=\"http:\/\/bit.ly\/1IAO1SP\" target=\"_blank\" rel=\"noopener noreferrer\">Madureira<\/a>, na <a href=\"http:\/\/bit.ly\/WximDf\" target=\"_blank\" rel=\"noopener noreferrer\">Zona Norte<\/a> do Rio, \u00e9 aspira\u00e7\u00e3o de moradores de outros tantos bairros, que n\u00e3o deveriam precisar atravessar a cidade <a href=\"http:\/\/bit.ly\/1bHWcLD\" target=\"_blank\" rel=\"noopener noreferrer\">para acessar equipamentos de lazer e cultura<\/a>, fortemente concentrados na <a href=\"http:\/\/bit.ly\/1mNsDyk\" target=\"_blank\" rel=\"noopener noreferrer\">Zona Sul<\/a> e <a href=\"http:\/\/bit.ly\/1qX7nZG\" target=\"_blank\" rel=\"noopener noreferrer\">Centro<\/a>, em seu tempo livre, para al\u00e9m dos deslocamentos que j\u00e1 fazem no dia a dia para trabalhar.<\/p>\n<p>Cansados de esperar instala\u00e7\u00f5es formais onde possam socializar e criar, esses moradores v\u00eam se organizando para <a href=\"http:\/\/bit.ly\/1mAUeBN\" target=\"_blank\" rel=\"noopener noreferrer\">ocupar pra\u00e7as, cal\u00e7adas e passagens embaixo de viadutos<\/a> com atividades que variam de festas a oficinas, de exibi\u00e7\u00f5es de filmes a concursos (de rima, de passinho, de skate, de grafite), ressignificando espa\u00e7os de passagem e transformando-os em espa\u00e7os de conviv\u00eancia, <a href=\"http:\/\/bit.ly\/2zxm5Ab\" target=\"_blank\" rel=\"noopener noreferrer\">aumentando inclusive a sensa\u00e7\u00e3o de seguran\u00e7a<\/a> no local. Exemplos s\u00e3o o projeto <a href=\"http:\/\/bit.ly\/2jN2y4j\" target=\"_blank\" rel=\"noopener noreferrer\">Pra\u00e7a Semente Viva<\/a>, que prev\u00ea espa\u00e7os de lazer e intera\u00e7\u00e3o constru\u00eddos no morro da <a href=\"http:\/\/bit.ly\/110zVNZ\" target=\"_blank\" rel=\"noopener noreferrer\">Babil\u00f4nia<\/a> via mutir\u00e3o comunit\u00e1rio, o <a href=\"http:\/\/bit.ly\/2D0eUPF\" target=\"_blank\" rel=\"noopener noreferrer\">Festival Leopoldina Org\u00e2nica<\/a>, que ocupa diversas pra\u00e7as da Zona Norte (incluindo no <a href=\"http:\/\/bit.ly\/U0MiGm\" target=\"_blank\" rel=\"noopener noreferrer\">Alem\u00e3o<\/a>, <a href=\"http:\/\/bit.ly\/ZC9b6z\" target=\"_blank\" rel=\"noopener noreferrer\">Manguinhos<\/a>, <a href=\"http:\/\/bit.ly\/1mNtUEw\" target=\"_blank\" rel=\"noopener noreferrer\">Vila Cruzeiro<\/a>, <a href=\"http:\/\/bit.ly\/2gKBbcZ\" target=\"_blank\" rel=\"noopener noreferrer\">Vig\u00e1rio Geral<\/a>) simultaneamente como espa\u00e7os de experimenta\u00e7\u00e3o e conv\u00edvio em torno da cultura e da <a href=\"http:\/\/bit.ly\/1OB93xx\" target=\"_blank\" rel=\"noopener noreferrer\">agroecologia<\/a>, e o <a href=\"http:\/\/bit.ly\/2pKI40c\" target=\"_blank\" rel=\"noopener noreferrer\">Favela Cineclube<\/a> que exibe curtas e longas em uma pra\u00e7a debaixo de uma passarela no <a href=\"http:\/\/bit.ly\/UBMUVJ\" target=\"_blank\" rel=\"noopener noreferrer\">Morro da Provid\u00eancia<\/a>.<\/p>\n<p>No caso dos parques urbanos, a mobiliza\u00e7\u00e3o popular n\u00e3o \u00e9 suficiente para cri\u00e1-los, com toda a infraestrutura que necessitam, mas ela tem uma importante fun\u00e7\u00e3o em <a href=\"http:\/\/bit.ly\/2LvsKh1\" target=\"_blank\" rel=\"noopener noreferrer\">pautar a demanda das comunidades<\/a> pelos parques e em cobrar a sua realiza\u00e7\u00e3o quando prometidos.<\/p>\n<p><a href=\"http:\/\/rioonwatch.org.br\/wp-content\/uploads\/2018\/03\/Film-club-event-under-the-overpass.jpg\"><img fetchpriority=\"high\" decoding=\"async\" class=\"aligncenter wp-image-32052 size-content\" title=\"Favela Cineclube na Provid\u00eancia.\" src=\"http:\/\/rioonwatch.org.br\/wp-content\/uploads\/2018\/03\/Film-club-event-under-the-overpass-620x264.jpg\" alt=\"\" width=\"620\" height=\"264\" srcset=\"https:\/\/rioonwatch.org.br\/wp-content\/uploads\/2018\/03\/Film-club-event-under-the-overpass-620x264.jpg 620w, https:\/\/rioonwatch.org.br\/wp-content\/uploads\/2018\/03\/Film-club-event-under-the-overpass-940x400.jpg 940w\" sizes=\"(max-width: 620px) 100vw, 620px\" \/><\/a><\/p>\n<h3>Sob o Viaduto<\/h3>\n<p>Realengo,\u00a0bairro da <a href=\"http:\/\/bit.ly\/11tBmFR\" target=\"_blank\" rel=\"noopener noreferrer\">Zona Oeste<\/a> do Rio de Janeiro, eternizado na m\u00fasica &#8220;Aquele Abra\u00e7o&#8221;&#8211;&#8220;Al\u00f4, Al\u00f4, Realengo&#8221;, diz Gilberto Gil, em alus\u00e3o ao local onde ficou preso durante a ditadura&#8211;\u00e9 palco de dois movimentos simult\u00e2neos. De um lado, embaixo do viaduto que d\u00e1 acesso \u00e0 esta\u00e7\u00e3o de trem, foi criado o <a href=\"http:\/\/bit.ly\/2JY66fJ\" target=\"_blank\" rel=\"noopener noreferrer\">Espa\u00e7o Cultural Viaduto de Realengo<\/a>. O espa\u00e7o \u00e9 decorado com grafites de moradores, muitos pelas m\u00e3os de Oberdan Mendon\u00e7a, idealizador primeiro da ocupa\u00e7\u00e3o. Funciona em uma rua oficialmente sem nome que os que ocupam o lugar <a href=\"http:\/\/bit.ly\/2KHYyyQ\" target=\"_blank\" rel=\"noopener noreferrer\">querem que leve o nome de Walter Fraga<\/a>, luthier e violinista que morou na regi\u00e3o. Oberdan e companheiros protagonizaram a iniciativa\u00a0\u201cCircuito de viadutos da cidade\u201d, mapeando os viadutos da cidade e propondo atividades culturais h\u00e1 cerca de tr\u00eas anos. &#8220;Em vez de esperar convites para ir a outros territ\u00f3rios fazer qualquer atividade, decidimos avivar esse espa\u00e7o p\u00fablico para ampliar a rede de cultura do bairro e a troca com outros territ\u00f3rios&#8221;, <a href=\"https:\/\/glo.bo\/2J2jUJd\" target=\"_blank\" rel=\"noopener noreferrer\">disse na \u00e9poca<\/a> Oberdan.<\/p>\n<p>\u00c0s ter\u00e7as rolam <a href=\"http:\/\/bit.ly\/2xcNxTt\" target=\"_blank\" rel=\"noopener noreferrer\">rodas culturais<\/a> com batalha de rimas. \u00c0s sextas-feiras, <a href=\"http:\/\/bit.ly\/2KGw60i\" target=\"_blank\" rel=\"noopener noreferrer\">bailes charme<\/a>. Uma vez por m\u00eas rola uma\u00a0<a href=\"http:\/\/bit.ly\/2s82v8v\" target=\"_blank\" rel=\"noopener noreferrer\">Escola de Barbeiros<\/a>, com cortes gr\u00e1tis. O espa\u00e7o tamb\u00e9m foi um dos palcos do <a href=\"http:\/\/bit.ly\/2Lt64xW\" target=\"_blank\" rel=\"noopener noreferrer\">Festival Zona de Cinema<\/a>, que circula por v\u00e1rios territ\u00f3rios da Zona Oeste.\u00a0Fernanda T\u00e1vora, moradora do bairro e uma das produtoras do festival, diz que as atividades s\u00e3o uma alternativa cultural, e tamb\u00e9m pol\u00edtica, &#8220;em um bairro que n\u00e3o tem nada&#8221;. &#8220;Em Realengo n\u00e3o tem muitos equipamentos culturais, n\u00e3o tem teatro. S\u00f3 tem cinema perto que passa filme <em>blockbuster<\/em>. N\u00e3o tem museu. N\u00e3o tem biblioteca, n\u00e3o tem livraria. N\u00e3o que a gente esteja fazendo uma revolu\u00e7\u00e3o, mas a gente t\u00e1 fazendo pol\u00edtica sim. A gente t\u00e1 chamando aten\u00e7\u00e3o para o fato de que tem gente na Zona Oeste que produz e consome cultura&#8221;.<\/p>\n<p>Ela relembra uma situa\u00e7\u00e3o que ilustra bem isso: &#8220;Um senhor e uma senhora apareceram ali um dia, assistiram o filme, participaram do debate, e depois contaram que estavam indo para a Zona Sul para ir no teatro ou no cinema, mas perderam o trem [que ficava acima do viaduto do evento]. Como era final de semana o trem ia demorar a passar de novo e eles iam perder o hor\u00e1rio. [Quando passaram pelo cineclube pararam l\u00e1. Depois da exibi\u00e7\u00e3o do filme] o senhor falou que ele mesmo j\u00e1 tinha produzido um v\u00eddeo, com um sambinha, falando sobre Bangu. A gente abriu [o v\u00eddeo dele] na hora no YouTube e passou l\u00e1. Foi bem legal esse momento&#8221;.<\/p>\n<p><a href=\"http:\/\/rioonwatch.org.br\/wp-content\/uploads\/2018\/05\/escola-barbeiros4.jpg\"><img decoding=\"async\" class=\"aligncenter wp-image-33346\" src=\"http:\/\/rioonwatch.org.br\/wp-content\/uploads\/2018\/05\/escola-barbeiros4.jpg\" alt=\"\" width=\"620\" height=\"620\" srcset=\"https:\/\/rioonwatch.org.br\/wp-content\/uploads\/2018\/05\/escola-barbeiros4.jpg 960w, https:\/\/rioonwatch.org.br\/wp-content\/uploads\/2018\/05\/escola-barbeiros4-264x264.jpg 264w, https:\/\/rioonwatch.org.br\/wp-content\/uploads\/2018\/05\/escola-barbeiros4-620x620.jpg 620w, https:\/\/rioonwatch.org.br\/wp-content\/uploads\/2018\/05\/escola-barbeiros4-768x768.jpg 768w\" sizes=\"(max-width: 620px) 100vw, 620px\" \/><\/a><\/p>\n<p>Para Fernanda, al\u00e9m das dimens\u00f5es culturais e pol\u00edticas, a <a href=\"http:\/\/bit.ly\/2xjSyV9\" target=\"_blank\" rel=\"noopener noreferrer\">ocupa\u00e7\u00e3o do espa\u00e7o \u00e9 uma quest\u00e3o de seguran\u00e7a<\/a> e de identidade: &#8220;O espa\u00e7o ali sempre foi muito abandonado.\u00a0Qualquer evento que tem no viaduto passa seguran\u00e7a pro morador da regi\u00e3o. Aquela parte \u00e9 conhecida por ter muito assalto, \u00e9 um lugar [que era] muito deserto, perigoso. A galera que ocupa tem essa coisa de deixar limpo, de botar grafite pra decorar, pra n\u00e3o deixar o espa\u00e7o escuro e sem cor. A gente tamb\u00e9m fez uma tentativa de ter uma horta comunit\u00e1ria. Do lado direito de quem entra tem um canteirinho. O pessoal ia l\u00e1 cuidar das plantas. \u00c9 uma forma tamb\u00e9m de estimular o sentimento de comunidade, de pertencimento ao territ\u00f3rio, entender que aquele espa\u00e7o ali \u00e9 de todo mundo. Aquele peda\u00e7o ali \u00e9 seu, \u00e9 parte do lugar que voc\u00ea mora, n\u00e3o \u00e9 s\u00f3 um lugar que voc\u00ea passa como qualquer outro, um espa\u00e7o de vai e vem&#8221;.<\/p>\n<p>Depois de fazerem o trabalho que a prefeitura deveria garantir de ofertar espa\u00e7os culturais, os organizadores desse tipo de evento costumam buscar o apoio da prefeitura para a continuidade das suas atividades por meio de editais e repasses de fomento \u00e0 cultura. Esses, no entanto, encontram-se <a href=\"http:\/\/bit.ly\/2HVqCOf\" target=\"_blank\" rel=\"noopener noreferrer\">escassos na presente gest\u00e3o<\/a>, que vem apresentando uma <a href=\"http:\/\/bit.ly\/2v2enLx\" target=\"_blank\" rel=\"noopener noreferrer\">rela\u00e7\u00e3o conturbada com a \u00e1rea da cultura<\/a>, especialmente <a href=\"http:\/\/bit.ly\/2sLa3vW\" target=\"_blank\" rel=\"noopener noreferrer\">a popular e de rua<\/a>. &#8220;A gente depende de edital. A gente tinha ganhado um da RioFilmes pra fazer um festival. N\u00e3o tem nenhuma pol\u00edtica p\u00fablica, nada, que d\u00ea apoio financeiro para organizar o festival. Tem uma galera que faz isso na ra\u00e7a, come\u00e7a por conta pr\u00f3pria e depois vai conseguindo apoio da galera&#8211;loja de tatuagem, de comida, mas nada do governo&#8221;, diz Fernanda.<\/p>\n<p><a href=\"http:\/\/rioonwatch.org.br\/wp-content\/uploads\/2018\/05\/20170730_1909190.jpg\"><img loading=\"lazy\" decoding=\"async\" class=\"aligncenter wp-image-33338 size-content\" title=\"Festival Zona de Cinema no Espa\u00e7o Cultural Viaduto de Realengo. Foto: Luisa Fenizola.\" src=\"http:\/\/rioonwatch.org.br\/wp-content\/uploads\/2018\/05\/20170730_1909190-620x264.jpg\" alt=\"\" width=\"620\" height=\"264\" srcset=\"https:\/\/rioonwatch.org.br\/wp-content\/uploads\/2018\/05\/20170730_1909190-620x264.jpg 620w, https:\/\/rioonwatch.org.br\/wp-content\/uploads\/2018\/05\/20170730_1909190-940x400.jpg 940w\" sizes=\"(max-width: 620px) 100vw, 620px\" \/><\/a><\/p>\n<h3>Sobre o Parque<\/h3>\n<p>De outro lado, a pouco mais de um quil\u00f4metro dali, um terreno abandonado onde funcionava uma f\u00e1brica de cartuchos do ex\u00e9rcito, desativada em 1978, \u00e9 reivindicado h\u00e1 anos pelos moradores para a implementa\u00e7\u00e3o do <a href=\"http:\/\/bit.ly\/2saagdS\" target=\"_blank\" rel=\"noopener noreferrer\">Parque Realengo Verde<\/a>, dando uma destina\u00e7\u00e3o p\u00fablica a uma \u00e1rea que \u00e9, afinal, p\u00fablica. Em uma ponta do terreno j\u00e1 funciona o Instituto Federal de Educa\u00e7\u00e3o, Ci\u00eancia e Tecnologia (IFRJ), refer\u00eancia na educa\u00e7\u00e3o p\u00fablica da cidade, mas o resto do espa\u00e7o permanece abandonado desde a d\u00e9cada de 70. A <a href=\"http:\/\/bit.ly\/2s9IrBy\" target=\"_blank\" rel=\"noopener noreferrer\">POUPEX<\/a> (Associa\u00e7\u00e3o de Poupan\u00e7a e Empr\u00e9stimo), gerida pela Funda\u00e7\u00e3o Habitacional do Ex\u00e9rcito, que tem atualmente posse do terreno, quer construir unidades habitacionais destinadas a militares. Pode-se questionar a demanda por mais habita\u00e7\u00e3o para militares num bairro que \u00e9 vizinho de Deodoro e da Vila Militar e onde, na d\u00e9cada de 80, foi constru\u00eddo um condom\u00ednio para militares que <a href=\"http:\/\/bit.ly\/2KSC2Tk\" target=\"_blank\" rel=\"noopener noreferrer\">n\u00e3o foi totalmente ocupado e as unidades foram comercializadas<\/a> tamb\u00e9m para civis.<\/p>\n<p><a href=\"http:\/\/rioonwatch.org.br\/wp-content\/uploads\/2018\/06\/Parque.jpg\"><img loading=\"lazy\" decoding=\"async\" class=\"aligncenter wp-image-33647\" title=\"Vista a\u00e9rea da \u00e1rea onde funcionava a f\u00e1brica de cartuchos.\" src=\"http:\/\/rioonwatch.org.br\/wp-content\/uploads\/2018\/06\/Parque.jpg\" alt=\"Vista a\u00e9rea da \u00e1rea onde funcionava a f\u00e1brica de cartuchos.\" width=\"620\" height=\"315\" srcset=\"https:\/\/rioonwatch.org.br\/wp-content\/uploads\/2018\/06\/Parque.jpg 1317w, https:\/\/rioonwatch.org.br\/wp-content\/uploads\/2018\/06\/Parque-519x264.jpg 519w, https:\/\/rioonwatch.org.br\/wp-content\/uploads\/2018\/06\/Parque-620x315.jpg 620w, https:\/\/rioonwatch.org.br\/wp-content\/uploads\/2018\/06\/Parque-768x391.jpg 768w, https:\/\/rioonwatch.org.br\/wp-content\/uploads\/2018\/06\/Parque-1024x521.jpg 1024w\" sizes=\"(max-width: 620px) 100vw, 620px\" \/><\/a><\/p>\n<p>O projeto da POUPEX inclui uma \u00e1rea verde aberta aos moradores, como contrapartida social ao bairro. Os moradores, no entanto, recebem a proposta com descr\u00e9dito. Al\u00e9m da \u00e1rea ser muito inferior que a do parque que eles reivindicam, temem que, por se tratar de uma \u00e1rea militar, o acesso seja burocr\u00e1tico ou mesmo restrito. A preserva\u00e7\u00e3o ambiental da regi\u00e3o tamb\u00e9m \u00e9 uma preocupa\u00e7\u00e3o dos membros do movimento, que poderia vir a ser prejudicada pela constru\u00e7\u00e3o dos pr\u00e9dios.<\/p>\n<p>Os moradores defendem que o parque melhoraria a ventila\u00e7\u00e3o do bairro, que compartilha com o vizinho Bangu <a href=\"http:\/\/bit.ly\/2IOG3HS\" target=\"_blank\" rel=\"noopener noreferrer\">temperaturas alt\u00edssimas no ver\u00e3o<\/a>, e supriria uma necessidade de \u00e1reas verdes, surpreendentemente escassas no bairro que se situa entre o\u00a0<a title=\"Maci\u00e7o da Pedra Branca\" href=\"https:\/\/pt.wikipedia.org\/wiki\/Maci%C3%A7o_da_Pedra_Branca\">Maci\u00e7o da Pedra Branca<\/a>\u00a0e a\u00a0<a title=\"\" href=\"https:\/\/pt.wikipedia.org\/wiki\/Serra_do_Mendanha\">Serra do Mendanha<\/a>. Leandro Fraga, morador h\u00e1 47 anos do bairro e parte do Movimento Popular Parque Realengo Verde, que articula moradores e mais de 22 institui\u00e7\u00f5es, diz: &#8220;N\u00e3o h\u00e1 uma \u00e1rea de lazer para onde podemos trazer pessoas que visitam o bairro, idosos e crian\u00e7as. As serras em volta s\u00e3o ingrimes, n\u00e3o d\u00e1. Eu como pai n\u00e3o tenho como levar meus filhos l\u00e1. N\u00e3o tem <a href=\"http:\/\/bit.ly\/1UfSVGa\" target=\"_blank\" rel=\"noopener noreferrer\">Jardim Bot\u00e2nico<\/a>, Parque Lage, Aterro do <a href=\"http:\/\/bit.ly\/2pJprrU\" target=\"_blank\" rel=\"noopener noreferrer\">Flamengo<\/a> aqui. Um parque ecol\u00f3gico traria paz, tranquilidade, harmonia. O bairro passaria a ter outro ritmo. Poderia at\u00e9 diminuir o impacto das enchentes, permitindo a drenagem das ruas em volta&#8221;.<\/p>\n<p>Al\u00e9m disso, para os defensores do parque, n\u00e3o se trata somente de uma quest\u00e3o de bem-estar e lazer. A ocupa\u00e7\u00e3o do espa\u00e7o p\u00fablico abandonado tamb\u00e9m \u00e9 uma quest\u00e3o de seguran\u00e7a, visto que as instala\u00e7\u00f5es abandonadas da antiga f\u00e1brica acabam sendo usadas como esconderijo para assaltantes. E lazer n\u00e3o se restringe a somente a exist\u00eancia de um espa\u00e7o f\u00edsico. O projeto que os moradores entregaram para a prefeitura, elaborado pelo professor Luiz Ot\u00e1vio Pess\u00f4a da Universidade Est\u00e1cio de S\u00e1,\u00a0inclui\u00a0quadras esportivas, campo de futebol, ciclovia, pista de skate,\u00a0academia da terceira idade, parquinho, quiosques, \u00e1reas para piquenique e espelho d&#8217;\u00e1gua, de forma a atender as demandas dos moradores. Al\u00e9m disso, a abertura do parque facilitar\u00e1 o acesso de pedestres \u00e0 esta\u00e7\u00e3o de Realengo (e, consequentemente, ao espa\u00e7o cultural do viaduto).<\/p>\n<p><a href=\"http:\/\/rioonwatch.org.br\/wp-content\/uploads\/2018\/05\/pq-realengo-5.png\"><img loading=\"lazy\" decoding=\"async\" class=\"aligncenter wp-image-33363 size-full\" title=\"Projeto do Parque elaborado pelo professor Luiz Ot\u00e1vio.\" src=\"http:\/\/rioonwatch.org.br\/wp-content\/uploads\/2018\/05\/pq-realengo-5.png\" alt=\"\" width=\"544\" height=\"652\" srcset=\"https:\/\/rioonwatch.org.br\/wp-content\/uploads\/2018\/05\/pq-realengo-5.png 544w, https:\/\/rioonwatch.org.br\/wp-content\/uploads\/2018\/05\/pq-realengo-5-220x264.png 220w, https:\/\/rioonwatch.org.br\/wp-content\/uploads\/2018\/05\/pq-realengo-5-517x620.png 517w\" sizes=\"(max-width: 544px) 100vw, 544px\" \/><\/a><\/p>\n<p>A import\u00e2ncia do parque \u00e9 potencializada pela constata\u00e7\u00e3o de que as op\u00e7\u00f5es de lazer na cidade do Rio se d\u00e3o de maneira muito desigual. A pr\u00f3pria prefeitura de Crivella reconhece isso em seu <a href=\"http:\/\/bit.ly\/2tPJMzV\" target=\"_blank\" rel=\"noopener noreferrer\">Plano Estrat\u00e9gico<\/a>, dizendo que existe &#8220;disparidade na concentra\u00e7\u00e3o de parques urbanos na cidade, que est\u00e3o localizados em sua maioria nas \u00c1reas de Planejamento 1 e 2&#8221;, que correspondem ao Centro e \u00e0 Zona Sul, e que &#8220;[n]a regi\u00e3o da \u00c1rea de Planejamento 5 &#8211; AP5 (Zona Oeste), por outro lado, existe uma grande car\u00eancia de parques e espa\u00e7os\u00a0de lazer, ao mesmo tempo em que grandes \u00e1reas, muitas vezes amea\u00e7adas por press\u00e3o imobili\u00e1ria irregular, s\u00e3o ambientalmente fr\u00e1geis e demandam um olhar\u00a0mais cuidadoso em rela\u00e7\u00e3o a sua utiliza\u00e7\u00e3o&#8221;.<\/p>\n<p>No entanto, apesar do diagn\u00f3stico, acompanhado pela previs\u00e3o da cria\u00e7\u00e3o do Parque Realengo anunciado no Plano Estrat\u00e9gico e em decreto da prefeitura de 1\u00b0 de janeiro de 2017, n\u00e3o h\u00e1 nenhum sinal dele. Tampouco h\u00e1 sinal dos outros parques urbanos\u00a0\u00e0 semelhan\u00e7a do Parque de Madureira prometidos&#8211;entre eles, o\u00a0<a href=\"http:\/\/bit.ly\/2GLK2mH\" target=\"_blank\" rel=\"noopener noreferrer\">Parque Campo Grande<\/a>, anunciado em outubro de 2017, o\u00a0<a href=\"https:\/\/glo.bo\/2HNE4np\" target=\"_blank\" rel=\"noopener noreferrer\">Parque da Cidade de Deus<\/a>, anunciado quatro dias depois uma\u00a0<a href=\"https:\/\/glo.bo\/2IL4A0m\" target=\"_blank\" rel=\"noopener noreferrer\">opera\u00e7\u00e3o policial no local com intenso tiroteio<\/a>\u00a0e o\u00a0<a href=\"https:\/\/glo.bo\/2INJdfe\" target=\"_blank\" rel=\"noopener noreferrer\">Parque da Mar\u00e9<\/a>, anunciado depois da morte de Marielle Franco, ambos em mar\u00e7o desse ano.<\/p>\n<p><a href=\"http:\/\/rioonwatch.org.br\/wp-content\/uploads\/2018\/05\/parque-realengo2-e1527271500547.jpg\"><img loading=\"lazy\" decoding=\"async\" class=\"aligncenter wp-image-33343\" title=\"Moradores mobilizados pelo Parque Realengo Verde. Foto: Divulga\u00e7\u00e3o Parque Realengo Verde.\" src=\"http:\/\/rioonwatch.org.br\/wp-content\/uploads\/2018\/05\/parque-realengo2-e1527271500547.jpg\" alt=\"\" width=\"620\" height=\"279\" srcset=\"https:\/\/rioonwatch.org.br\/wp-content\/uploads\/2018\/05\/parque-realengo2-e1527271500547.jpg 960w, https:\/\/rioonwatch.org.br\/wp-content\/uploads\/2018\/05\/parque-realengo2-e1527271500547-587x264.jpg 587w, https:\/\/rioonwatch.org.br\/wp-content\/uploads\/2018\/05\/parque-realengo2-e1527271500547-620x279.jpg 620w, https:\/\/rioonwatch.org.br\/wp-content\/uploads\/2018\/05\/parque-realengo2-e1527271500547-768x346.jpg 768w\" sizes=\"(max-width: 620px) 100vw, 620px\" \/><\/a><\/p>\n<p>Em <a href=\"http:\/\/bit.ly\/2F3Nqs2\" target=\"_blank\" rel=\"noopener noreferrer\">reuni\u00e3o consultiva no bairro com a presen\u00e7a do prefeito ainda em mar\u00e7o de 2017<\/a>, moradores votaram pela cria\u00e7\u00e3o do parque em detrimento do condom\u00ednio e Crivella enfatizou a import\u00e2ncia n\u00e3o s\u00f3 do parque, mas do projeto participativo: &#8220;Com a escolha do Parque de Realengo feita pela maioria, n\u00f3s estaremos contribuindo para toda a regi\u00e3o. Porque vai ser uma \u00e1rea de lazer espetacular, uma \u00e1rea democr\u00e1tica, uma \u00e1rea que v\u00e3o os jovens, os idosos, os pobres, os ricos. Algo extraordin\u00e1rio que vamos deixar tamb\u00e9m para os nossos netos, bisnetos e p\u00f3steros como uma realiza\u00e7\u00e3o da nossa gera\u00e7\u00e3o&#8221;. Para Leandro, no entanto, a fala de Crivella \u00e9 vazia: &#8220;O prefeito n\u00e3o est\u00e1 resolvendo&#8211;ou ele agrada a grande maioria, que \u00e9 a popula\u00e7\u00e3o, ou os diretores dos bancos, o capital imobili\u00e1rio, os coron\u00e9is&#8221;. O prefeito disse que iria dialogar com o Ex\u00e9rcito acerca da transfer\u00eancia do terreno para a prefeitura e que voltaria para dar continuidade ao projeto, mas nunca retornou ao bairro.<\/p>\n<p>Prova disso \u00e9 que no final do ano passado foi apresentado na C\u00e2mara de Vereadores o <a href=\"http:\/\/bit.ly\/2KUIRUh\" target=\"_blank\" rel=\"noopener noreferrer\">Projeto de Lei Complementar 32\/2017<\/a>, assinado por Crivella, que est\u00e1 longe do que demandaram os moradores. O PLC determina que a POUPEX doe 54% da \u00e1rea do terreno para que a Prefeitura construa o parque em troca da constru\u00e7\u00e3o do condom\u00ednio nos 46% restantes. Como contrapartida \u00e0 cess\u00e3o da POUPEX, o projeto permite que o gabarito seja alterado de 8 (como determina o Plano Diretor) para 11 andares, &#8220;de forma a liberar maior \u00e1rea poss\u00edvel para implanta\u00e7\u00e3o de um parque, projeto de grande import\u00e2ncia social&#8221;.<\/p>\n<p>A <a href=\"http:\/\/bit.ly\/2Lvwe3h\" target=\"_blank\" rel=\"noopener noreferrer\">p\u00e1gina no Facebook da XXXIII Regional Administrativa de Realengo<\/a> fez uma <a href=\"http:\/\/bit.ly\/2s6rpoO\" target=\"_blank\" rel=\"noopener noreferrer\">enquete online<\/a> e 80% escolheu a op\u00e7\u00e3o que previa a constru\u00e7\u00e3o do parque na integralidade do terreno. O resultado justifica o lema que foi ent\u00e3o assumido pelo movimento: &#8220;100% S\u00f3 Parque Realengo Verde&#8221;. O projeto de lei est\u00e1 sofrendo emendas e ainda n\u00e3o foi votado. <a href=\"http:\/\/bit.ly\/2LrmUgB\" target=\"_blank\" rel=\"noopener noreferrer\">No dia 8 de junho haver\u00e1 uma nova audi\u00eancia p\u00fablica<\/a> para debater o tema no campus da Universidade Castelo Branco.<\/p>\n<!-- AddThis Advanced Settings generic via filter on the_content --><!-- AddThis Share Buttons generic via filter on the_content -->","protected":false},"excerpt":{"rendered":"<div class=\"mh-excerpt\"><p>Click Here for English Um viaduto com intensa atividade cultural, engajando a juventude do bairro, e um parque urbano como espa\u00e7o para lazer e pr\u00e1ticas de esporte. O que finalmente \u00e9 realidade em Madureira, na <a class=\"mh-excerpt-more\" href=\"https:\/\/rioonwatch.org.br\/?p=32672\" title=\"Sobre Parques e Sob Viadutos: Ocupa\u00e7\u00e3o de Espa\u00e7os P\u00fablicos em Realengo\">[&#8230;]<\/a><!-- AddThis Advanced Settings generic via filter on get_the_excerpt --><!-- AddThis Share Buttons generic via filter on get_the_excerpt --><\/p>\n<\/div>","protected":false},"author":152,"featured_media":33347,"comment_status":"closed","ping_status":"closed","sticky":false,"template":"","format":"standard","meta":{"_acf_changed":false,"_monsterinsights_skip_tracking":false,"_monsterinsights_sitenote_active":false,"_monsterinsights_sitenote_note":"","_monsterinsights_sitenote_category":0,"footnotes":""},"categories":[2089,2323,1621,344,342,1639],"tags":[334,217,1152,81,422,811,1147,1097,1148,719,1717,636,1982,2033,708,257,1543,304,812,2148,839,1412,713,2120,963,1001,184],"writer":[1994],"translator":[],"source":[],"ilustrador":[],"fotografo":[],"class_list":{"0":"post-32672","1":"post","2":"type-post","3":"status-publish","4":"format-standard","5":"has-post-thumbnail","7":"category-monitoramento","8":"category-urbanismopopular","9":"category-destaque","10":"category-politicas","11":"category-solucoes","12":"category-sustentabilidade","13":"tag-arte","14":"tag-complexo-do-alemao","15":"tag-consultas-publicas","16":"tag-cultura","17":"tag-cultura-de-rua","18":"tag-espaco-publico","19":"tag-espacos-verdes","20":"tag-horta-comunitaria","21":"tag-ilhas-de-calor","22":"tag-lazer","23":"tag-madureira","24":"tag-manguinhos","25":"tag-marcelo-crivella","26":"tag-marielle-franco","27":"tag-morro-da-babilonia","28":"tag-providencia","29":"tag-parque","30":"tag-participacao","31":"tag-planejamento-urbano","32":"tag-plano-estrategico","33":"tag-prioridades-publicas-equivocadas","34":"tag-producao-cultural","35":"tag-realengo","36":"tag-secretaria-de-cultura","37":"tag-vigario-geral","38":"tag-vila-cruzeiro","39":"tag-zona-oeste","40":"writer-luisa-fenizola"},"acf":[],"yoast_head":"<!-- This site is optimized with the Yoast SEO plugin v25.6 - https:\/\/yoast.com\/wordpress\/plugins\/seo\/ -->\n<title>Sobre Parques e Sob Viadutos: Ocupa\u00e7\u00e3o de Espa\u00e7os P\u00fablicos em Realengo - RioOnWatch<\/title>\n<meta name=\"robots\" content=\"index, follow, max-snippet:-1, max-image-preview:large, max-video-preview:-1\" \/>\n<link rel=\"canonical\" href=\"https:\/\/rioonwatch.org.br\/?p=32672\" \/>\n<meta property=\"og:locale\" content=\"pt_BR\" \/>\n<meta property=\"og:type\" content=\"article\" \/>\n<meta property=\"og:title\" content=\"Sobre Parques e Sob Viadutos: Ocupa\u00e7\u00e3o de Espa\u00e7os P\u00fablicos em Realengo - RioOnWatch\" \/>\n<meta property=\"og:description\" content=\"Click Here for English Um viaduto com intensa atividade cultural, engajando a juventude do bairro, e um parque urbano como espa\u00e7o para lazer e pr\u00e1ticas de esporte. O que finalmente \u00e9 realidade em Madureira, na [...]\" \/>\n<meta property=\"og:url\" content=\"https:\/\/rioonwatch.org.br\/?p=32672\" \/>\n<meta property=\"og:site_name\" content=\"RioOnWatch\" \/>\n<meta property=\"article:published_time\" content=\"2018-06-05T13:16:30+00:00\" \/>\n<meta property=\"article:modified_time\" content=\"2023-08-24T22:51:17+00:00\" \/>\n<meta property=\"og:image\" content=\"https:\/\/rioonwatch.org.br\/wp-content\/uploads\/2018\/05\/roda-cultural1.jpg\" \/>\n\t<meta property=\"og:image:width\" content=\"869\" \/>\n\t<meta property=\"og:image:height\" content=\"960\" \/>\n\t<meta property=\"og:image:type\" content=\"image\/jpeg\" \/>\n<meta name=\"author\" content=\"Luisa Fenizola\" \/>\n<meta name=\"twitter:card\" content=\"summary_large_image\" \/>\n<meta name=\"twitter:label1\" content=\"Escrito por\" \/>\n\t<meta name=\"twitter:data1\" content=\"Luisa Fenizola\" \/>\n\t<meta name=\"twitter:label2\" content=\"Est. tempo de leitura\" \/>\n\t<meta name=\"twitter:data2\" content=\"13 minutos\" \/>\n<script type=\"application\/ld+json\" class=\"yoast-schema-graph\">{\"@context\":\"https:\/\/schema.org\",\"@graph\":[{\"@type\":\"Article\",\"@id\":\"https:\/\/rioonwatch.org.br\/?p=32672#article\",\"isPartOf\":{\"@id\":\"https:\/\/rioonwatch.org.br\/?p=32672\"},\"author\":{\"name\":\"Luisa Fenizola\",\"@id\":\"https:\/\/rioonwatch.org.br\/#\/schema\/person\/f443c6b55bb6e80842280318076491c5\"},\"headline\":\"Sobre Parques e Sob Viadutos: Ocupa\u00e7\u00e3o de Espa\u00e7os P\u00fablicos em Realengo\",\"datePublished\":\"2018-06-05T13:16:30+00:00\",\"dateModified\":\"2023-08-24T22:51:17+00:00\",\"mainEntityOfPage\":{\"@id\":\"https:\/\/rioonwatch.org.br\/?p=32672\"},\"wordCount\":2235,\"publisher\":{\"@id\":\"https:\/\/rioonwatch.org.br\/#organization\"},\"image\":{\"@id\":\"https:\/\/rioonwatch.org.br\/?p=32672#primaryimage\"},\"thumbnailUrl\":\"https:\/\/rioonwatch.org.br\/wp-content\/uploads\/2018\/05\/roda-cultural1.jpg\",\"keywords\":[\"arte\",\"Complexo do Alem\u00e3o\",\"Consultas p\u00fablicas\",\"cultura\",\"cultura de rua\",\"espa\u00e7o p\u00fablico\",\"espa\u00e7os verdes\",\"horta comunit\u00e1ria\",\"Ilhas de Calor\",\"lazer\",\"Madureira\",\"Manguinhos\",\"Marcelo Crivella\",\"Marielle Franco\",\"Morro da Babil\u00f4nia\",\"Morro da Provid\u00eancia\",\"parque\",\"participa\u00e7\u00e3o\",\"planejamento urbano\",\"Plano Estrat\u00e9gico\",\"prioridades p\u00fablicas equivocadas\",\"produ\u00e7\u00e3o cultural\",\"Realengo\",\"Secretaria de Cultura\",\"Vig\u00e1rio Geral\",\"Vila Cruzeiro\",\"Zona Oeste\"],\"articleSection\":[\"#Monitoramento\",\"#UrbanismoPopular\",\"*Destaque\",\"Pol\u00edticas\",\"Solu\u00e7\u00f5es\",\"Sustentabilidade\"],\"inLanguage\":\"pt-BR\"},{\"@type\":\"WebPage\",\"@id\":\"https:\/\/rioonwatch.org.br\/?p=32672\",\"url\":\"https:\/\/rioonwatch.org.br\/?p=32672\",\"name\":\"Sobre Parques e Sob Viadutos: Ocupa\u00e7\u00e3o de Espa\u00e7os P\u00fablicos em Realengo - RioOnWatch\",\"isPartOf\":{\"@id\":\"https:\/\/rioonwatch.org.br\/#website\"},\"primaryImageOfPage\":{\"@id\":\"https:\/\/rioonwatch.org.br\/?p=32672#primaryimage\"},\"image\":{\"@id\":\"https:\/\/rioonwatch.org.br\/?p=32672#primaryimage\"},\"thumbnailUrl\":\"https:\/\/rioonwatch.org.br\/wp-content\/uploads\/2018\/05\/roda-cultural1.jpg\",\"datePublished\":\"2018-06-05T13:16:30+00:00\",\"dateModified\":\"2023-08-24T22:51:17+00:00\",\"breadcrumb\":{\"@id\":\"https:\/\/rioonwatch.org.br\/?p=32672#breadcrumb\"},\"inLanguage\":\"pt-BR\",\"potentialAction\":[{\"@type\":\"ReadAction\",\"target\":[\"https:\/\/rioonwatch.org.br\/?p=32672\"]}]},{\"@type\":\"ImageObject\",\"inLanguage\":\"pt-BR\",\"@id\":\"https:\/\/rioonwatch.org.br\/?p=32672#primaryimage\",\"url\":\"https:\/\/rioonwatch.org.br\/wp-content\/uploads\/2018\/05\/roda-cultural1.jpg\",\"contentUrl\":\"https:\/\/rioonwatch.org.br\/wp-content\/uploads\/2018\/05\/roda-cultural1.jpg\",\"width\":869,\"height\":960},{\"@type\":\"BreadcrumbList\",\"@id\":\"https:\/\/rioonwatch.org.br\/?p=32672#breadcrumb\",\"itemListElement\":[{\"@type\":\"ListItem\",\"position\":1,\"name\":\"In\u00edcio\",\"item\":\"https:\/\/rioonwatch.org.br\/\"},{\"@type\":\"ListItem\",\"position\":2,\"name\":\"Sobre Parques e Sob Viadutos: Ocupa\u00e7\u00e3o de Espa\u00e7os P\u00fablicos em Realengo\"}]},{\"@type\":\"WebSite\",\"@id\":\"https:\/\/rioonwatch.org.br\/#website\",\"url\":\"https:\/\/rioonwatch.org.br\/\",\"name\":\"RioOnWatch\",\"description\":\"relatos das favelas cariocas\",\"publisher\":{\"@id\":\"https:\/\/rioonwatch.org.br\/#organization\"},\"potentialAction\":[{\"@type\":\"SearchAction\",\"target\":{\"@type\":\"EntryPoint\",\"urlTemplate\":\"https:\/\/rioonwatch.org.br\/?s={search_term_string}\"},\"query-input\":{\"@type\":\"PropertyValueSpecification\",\"valueRequired\":true,\"valueName\":\"search_term_string\"}}],\"inLanguage\":\"pt-BR\"},{\"@type\":\"Organization\",\"@id\":\"https:\/\/rioonwatch.org.br\/#organization\",\"name\":\"RioOnWatch\",\"url\":\"https:\/\/rioonwatch.org.br\/\",\"logo\":{\"@type\":\"ImageObject\",\"inLanguage\":\"pt-BR\",\"@id\":\"https:\/\/rioonwatch.org.br\/#\/schema\/logo\/image\/\",\"url\":\"https:\/\/rioonwatch.org.br\/wp-content\/uploads\/2021\/06\/RioOnWatchcabecalhoPT11anos-2.png\",\"contentUrl\":\"https:\/\/rioonwatch.org.br\/wp-content\/uploads\/2021\/06\/RioOnWatchcabecalhoPT11anos-2.png\",\"width\":779,\"height\":277,\"caption\":\"RioOnWatch\"},\"image\":{\"@id\":\"https:\/\/rioonwatch.org.br\/#\/schema\/logo\/image\/\"}},{\"@type\":\"Person\",\"@id\":\"https:\/\/rioonwatch.org.br\/#\/schema\/person\/f443c6b55bb6e80842280318076491c5\",\"name\":\"Luisa Fenizola\",\"image\":{\"@type\":\"ImageObject\",\"inLanguage\":\"pt-BR\",\"@id\":\"https:\/\/rioonwatch.org.br\/#\/schema\/person\/image\/\",\"url\":\"https:\/\/secure.gravatar.com\/avatar\/a3d551110162b9f876cbbdaaecf75663?s=96&d=blank&r=g\",\"contentUrl\":\"https:\/\/secure.gravatar.com\/avatar\/a3d551110162b9f876cbbdaaecf75663?s=96&d=blank&r=g\",\"caption\":\"Luisa Fenizola\"},\"url\":\"https:\/\/rioonwatch.org.br\/?author=152\"}]}<\/script>\n<!-- \/ Yoast SEO plugin. -->","yoast_head_json":{"title":"Sobre Parques e Sob Viadutos: Ocupa\u00e7\u00e3o de Espa\u00e7os P\u00fablicos em Realengo - RioOnWatch","robots":{"index":"index","follow":"follow","max-snippet":"max-snippet:-1","max-image-preview":"max-image-preview:large","max-video-preview":"max-video-preview:-1"},"canonical":"https:\/\/rioonwatch.org.br\/?p=32672","og_locale":"pt_BR","og_type":"article","og_title":"Sobre Parques e Sob Viadutos: Ocupa\u00e7\u00e3o de Espa\u00e7os P\u00fablicos em Realengo - RioOnWatch","og_description":"Click Here for English Um viaduto com intensa atividade cultural, engajando a juventude do bairro, e um parque urbano como espa\u00e7o para lazer e pr\u00e1ticas de esporte. O que finalmente \u00e9 realidade em Madureira, na [...]","og_url":"https:\/\/rioonwatch.org.br\/?p=32672","og_site_name":"RioOnWatch","article_published_time":"2018-06-05T13:16:30+00:00","article_modified_time":"2023-08-24T22:51:17+00:00","og_image":[{"width":869,"height":960,"url":"https:\/\/rioonwatch.org.br\/wp-content\/uploads\/2018\/05\/roda-cultural1.jpg","type":"image\/jpeg"}],"author":"Luisa Fenizola","twitter_card":"summary_large_image","twitter_misc":{"Escrito por":"Luisa Fenizola","Est. tempo de leitura":"13 minutos"},"schema":{"@context":"https:\/\/schema.org","@graph":[{"@type":"Article","@id":"https:\/\/rioonwatch.org.br\/?p=32672#article","isPartOf":{"@id":"https:\/\/rioonwatch.org.br\/?p=32672"},"author":{"name":"Luisa Fenizola","@id":"https:\/\/rioonwatch.org.br\/#\/schema\/person\/f443c6b55bb6e80842280318076491c5"},"headline":"Sobre Parques e Sob Viadutos: Ocupa\u00e7\u00e3o de Espa\u00e7os P\u00fablicos em Realengo","datePublished":"2018-06-05T13:16:30+00:00","dateModified":"2023-08-24T22:51:17+00:00","mainEntityOfPage":{"@id":"https:\/\/rioonwatch.org.br\/?p=32672"},"wordCount":2235,"publisher":{"@id":"https:\/\/rioonwatch.org.br\/#organization"},"image":{"@id":"https:\/\/rioonwatch.org.br\/?p=32672#primaryimage"},"thumbnailUrl":"https:\/\/rioonwatch.org.br\/wp-content\/uploads\/2018\/05\/roda-cultural1.jpg","keywords":["arte","Complexo do Alem\u00e3o","Consultas p\u00fablicas","cultura","cultura de rua","espa\u00e7o p\u00fablico","espa\u00e7os verdes","horta comunit\u00e1ria","Ilhas de Calor","lazer","Madureira","Manguinhos","Marcelo Crivella","Marielle Franco","Morro da Babil\u00f4nia","Morro da Provid\u00eancia","parque","participa\u00e7\u00e3o","planejamento urbano","Plano Estrat\u00e9gico","prioridades p\u00fablicas equivocadas","produ\u00e7\u00e3o cultural","Realengo","Secretaria de Cultura","Vig\u00e1rio Geral","Vila Cruzeiro","Zona Oeste"],"articleSection":["#Monitoramento","#UrbanismoPopular","*Destaque","Pol\u00edticas","Solu\u00e7\u00f5es","Sustentabilidade"],"inLanguage":"pt-BR"},{"@type":"WebPage","@id":"https:\/\/rioonwatch.org.br\/?p=32672","url":"https:\/\/rioonwatch.org.br\/?p=32672","name":"Sobre Parques e Sob Viadutos: Ocupa\u00e7\u00e3o de Espa\u00e7os P\u00fablicos em Realengo - RioOnWatch","isPartOf":{"@id":"https:\/\/rioonwatch.org.br\/#website"},"primaryImageOfPage":{"@id":"https:\/\/rioonwatch.org.br\/?p=32672#primaryimage"},"image":{"@id":"https:\/\/rioonwatch.org.br\/?p=32672#primaryimage"},"thumbnailUrl":"https:\/\/rioonwatch.org.br\/wp-content\/uploads\/2018\/05\/roda-cultural1.jpg","datePublished":"2018-06-05T13:16:30+00:00","dateModified":"2023-08-24T22:51:17+00:00","breadcrumb":{"@id":"https:\/\/rioonwatch.org.br\/?p=32672#breadcrumb"},"inLanguage":"pt-BR","potentialAction":[{"@type":"ReadAction","target":["https:\/\/rioonwatch.org.br\/?p=32672"]}]},{"@type":"ImageObject","inLanguage":"pt-BR","@id":"https:\/\/rioonwatch.org.br\/?p=32672#primaryimage","url":"https:\/\/rioonwatch.org.br\/wp-content\/uploads\/2018\/05\/roda-cultural1.jpg","contentUrl":"https:\/\/rioonwatch.org.br\/wp-content\/uploads\/2018\/05\/roda-cultural1.jpg","width":869,"height":960},{"@type":"BreadcrumbList","@id":"https:\/\/rioonwatch.org.br\/?p=32672#breadcrumb","itemListElement":[{"@type":"ListItem","position":1,"name":"In\u00edcio","item":"https:\/\/rioonwatch.org.br\/"},{"@type":"ListItem","position":2,"name":"Sobre Parques e Sob Viadutos: Ocupa\u00e7\u00e3o de Espa\u00e7os P\u00fablicos em Realengo"}]},{"@type":"WebSite","@id":"https:\/\/rioonwatch.org.br\/#website","url":"https:\/\/rioonwatch.org.br\/","name":"RioOnWatch","description":"relatos das favelas cariocas","publisher":{"@id":"https:\/\/rioonwatch.org.br\/#organization"},"potentialAction":[{"@type":"SearchAction","target":{"@type":"EntryPoint","urlTemplate":"https:\/\/rioonwatch.org.br\/?s={search_term_string}"},"query-input":{"@type":"PropertyValueSpecification","valueRequired":true,"valueName":"search_term_string"}}],"inLanguage":"pt-BR"},{"@type":"Organization","@id":"https:\/\/rioonwatch.org.br\/#organization","name":"RioOnWatch","url":"https:\/\/rioonwatch.org.br\/","logo":{"@type":"ImageObject","inLanguage":"pt-BR","@id":"https:\/\/rioonwatch.org.br\/#\/schema\/logo\/image\/","url":"https:\/\/rioonwatch.org.br\/wp-content\/uploads\/2021\/06\/RioOnWatchcabecalhoPT11anos-2.png","contentUrl":"https:\/\/rioonwatch.org.br\/wp-content\/uploads\/2021\/06\/RioOnWatchcabecalhoPT11anos-2.png","width":779,"height":277,"caption":"RioOnWatch"},"image":{"@id":"https:\/\/rioonwatch.org.br\/#\/schema\/logo\/image\/"}},{"@type":"Person","@id":"https:\/\/rioonwatch.org.br\/#\/schema\/person\/f443c6b55bb6e80842280318076491c5","name":"Luisa Fenizola","image":{"@type":"ImageObject","inLanguage":"pt-BR","@id":"https:\/\/rioonwatch.org.br\/#\/schema\/person\/image\/","url":"https:\/\/secure.gravatar.com\/avatar\/a3d551110162b9f876cbbdaaecf75663?s=96&d=blank&r=g","contentUrl":"https:\/\/secure.gravatar.com\/avatar\/a3d551110162b9f876cbbdaaecf75663?s=96&d=blank&r=g","caption":"Luisa Fenizola"},"url":"https:\/\/rioonwatch.org.br\/?author=152"}]}},"_links":{"self":[{"href":"https:\/\/rioonwatch.org.br\/index.php?rest_route=\/wp\/v2\/posts\/32672"}],"collection":[{"href":"https:\/\/rioonwatch.org.br\/index.php?rest_route=\/wp\/v2\/posts"}],"about":[{"href":"https:\/\/rioonwatch.org.br\/index.php?rest_route=\/wp\/v2\/types\/post"}],"author":[{"embeddable":true,"href":"https:\/\/rioonwatch.org.br\/index.php?rest_route=\/wp\/v2\/users\/152"}],"replies":[{"embeddable":true,"href":"https:\/\/rioonwatch.org.br\/index.php?rest_route=%2Fwp%2Fv2%2Fcomments&post=32672"}],"version-history":[{"count":33,"href":"https:\/\/rioonwatch.org.br\/index.php?rest_route=\/wp\/v2\/posts\/32672\/revisions"}],"predecessor-version":[{"id":45867,"href":"https:\/\/rioonwatch.org.br\/index.php?rest_route=\/wp\/v2\/posts\/32672\/revisions\/45867"}],"wp:featuredmedia":[{"embeddable":true,"href":"https:\/\/rioonwatch.org.br\/index.php?rest_route=\/wp\/v2\/media\/33347"}],"wp:attachment":[{"href":"https:\/\/rioonwatch.org.br\/index.php?rest_route=%2Fwp%2Fv2%2Fmedia&parent=32672"}],"wp:term":[{"taxonomy":"category","embeddable":true,"href":"https:\/\/rioonwatch.org.br\/index.php?rest_route=%2Fwp%2Fv2%2Fcategories&post=32672"},{"taxonomy":"post_tag","embeddable":true,"href":"https:\/\/rioonwatch.org.br\/index.php?rest_route=%2Fwp%2Fv2%2Ftags&post=32672"},{"taxonomy":"writer","embeddable":true,"href":"https:\/\/rioonwatch.org.br\/index.php?rest_route=%2Fwp%2Fv2%2Fwriter&post=32672"},{"taxonomy":"translator","embeddable":true,"href":"https:\/\/rioonwatch.org.br\/index.php?rest_route=%2Fwp%2Fv2%2Ftranslator&post=32672"},{"taxonomy":"source","embeddable":true,"href":"https:\/\/rioonwatch.org.br\/index.php?rest_route=%2Fwp%2Fv2%2Fsource&post=32672"},{"taxonomy":"ilustrador","embeddable":true,"href":"https:\/\/rioonwatch.org.br\/index.php?rest_route=%2Fwp%2Fv2%2Filustrador&post=32672"},{"taxonomy":"fotografo","embeddable":true,"href":"https:\/\/rioonwatch.org.br\/index.php?rest_route=%2Fwp%2Fv2%2Ffotografo&post=32672"}],"curies":[{"name":"wp","href":"https:\/\/api.w.org\/{rel}","templated":true}]}}