{"id":32742,"date":"2018-05-05T22:39:36","date_gmt":"2018-05-06T01:39:36","guid":{"rendered":"http:\/\/rioonwatch.org.br\/?p=32742"},"modified":"2018-05-22T09:32:57","modified_gmt":"2018-05-22T12:32:57","slug":"remocao-da-ocupacao-ibge-na-mangueira-voces-tem-cinco-minutos-para-sair-imagens","status":"publish","type":"post","link":"https:\/\/rioonwatch.org.br\/?p=32742","title":{"rendered":"Remo\u00e7\u00e3o da Ocupa\u00e7\u00e3o IBGE na Mangueira: &#8216;Voc\u00eas t\u00eam cinco minutos para sair&#8217; [IMAGENS]"},"content":{"rendered":"<p style=\"text-align: right;\"><em><strong><a href=\"http:\/\/bit.ly\/2I7pNBa\" target=\"_blank\" rel=\"noopener noreferrer\">Click Here for English<img decoding=\"async\" width=\"20\" height=\"20\" class=\"alignright wp-image-15790\" src=\"http:\/\/rioonwatch.org.br\/wp-content\/uploads\/2012\/08\/EN-standard-e1439583104716.jpg\" \/><\/a><\/strong><\/em><\/p>\n<p>No dia 27 de abril, a Prefeitura do Rio fez uma <a href=\"https:\/\/glo.bo\/2Ie2ysq\" target=\"_blank\" rel=\"noopener\">a\u00e7\u00e3o de reintegra\u00e7\u00e3o de posse<\/a>\u00a0do antigo pr\u00e9dio do IBGE na Rua Visconde de Niter\u00f3i, na <a href=\"http:\/\/bit.ly\/KJyNyH\" target=\"_blank\" rel=\"noopener\">Mangueira<\/a>.\u00a0O pr\u00e9dio&#8211;abandonado pelo IBGE em 2002&#8211;estava ocupado por fam\u00edlias sem teto. <a href=\"https:\/\/glo.bo\/2ri73rC\" target=\"_blank\" rel=\"noopener\">De acordo com <em>O Globo<\/em><\/a>,\u00a0moradores da <a href=\"http:\/\/bit.ly\/2s01Qpp\" target=\"_blank\" rel=\"noopener\">Ocupa\u00e7\u00e3o IBGE<\/a> afirmaram que havia cerca de 600 fam\u00edlias morando no local, por\u00e9m a prefeitura estima menos de 300. O Prefeito <a href=\"http:\/\/bit.ly\/2cIlnDw\" target=\"_blank\" rel=\"noopener\">Marcelo Crivella<\/a> anunciou a demoli\u00e7\u00e3o do pr\u00e9dio para 13 de maio visando iniciar as obras de constru\u00e7\u00e3o de um conjunto habitacional do programa <a href=\"http:\/\/bit.ly\/Y4U9oJ\" target=\"_blank\" rel=\"noopener\">Minha Casa Minha Vida<\/a>, destinado prioritariamente aos ex-ocupantes do local. O prazo previsto para a obra \u00e9 de dezoito meses. No entanto, <a href=\"http:\/\/bit.ly\/2rnFLjs\" target=\"_blank\" rel=\"noopener\">210 fam\u00edlias j\u00e1 cadastradas<\/a> no programa est\u00e3o recebendo\u00a0<a href=\"http:\/\/bit.ly\/UBbISE\" target=\"_blank\" rel=\"noopener\">aluguel social<\/a>\u00a0no valor de R$400 mensais. Estima-se que umas 30 pessoas ainda n\u00e3o receberam indeniza\u00e7\u00e3o da prefeitura, mas foram removidas mesmo assim. Alguns ex-ocupantes ficaram acampados durante v\u00e1rios dias na frente da ocupa\u00e7\u00e3o com todos seus pertences, por n\u00e3o terem para onde ir.<\/p>\n<figure id=\"attachment_32743\" aria-describedby=\"caption-attachment-32743\" style=\"width: 3840px\" class=\"wp-caption aligncenter\"><a href=\"http:\/\/rioonwatch.org.br\/wp-content\/uploads\/2018\/05\/Foto_IBGE_02.jpg\"><img fetchpriority=\"high\" decoding=\"async\" class=\"wp-image-32743 size-full\" title=\"Liana Paula Ribeira ficou mais de 48 horas acampada frente \u00e0 antiga ocupa\u00e7\u00e3o. Foto por \u00c9milie B. Gu\u00e9rette\" src=\"http:\/\/rioonwatch.org.br\/wp-content\/uploads\/2018\/05\/Foto_IBGE_02.jpg\" alt=\"\" width=\"3840\" height=\"2560\" srcset=\"https:\/\/rioonwatch.org.br\/wp-content\/uploads\/2018\/05\/Foto_IBGE_02.jpg 3840w, https:\/\/rioonwatch.org.br\/wp-content\/uploads\/2018\/05\/Foto_IBGE_02-396x264.jpg 396w, https:\/\/rioonwatch.org.br\/wp-content\/uploads\/2018\/05\/Foto_IBGE_02-620x413.jpg 620w, https:\/\/rioonwatch.org.br\/wp-content\/uploads\/2018\/05\/Foto_IBGE_02-768x512.jpg 768w, https:\/\/rioonwatch.org.br\/wp-content\/uploads\/2018\/05\/Foto_IBGE_02-1024x683.jpg 1024w\" sizes=\"(max-width: 3840px) 100vw, 3840px\" \/><\/a><figcaption id=\"caption-attachment-32743\" class=\"wp-caption-text\">Liana Paula Ribeira ficou mais de 48 horas acampada frente \u00e0 antiga ocupa\u00e7\u00e3o. Foto por \u00c9milie B. Gu\u00e9rette<\/figcaption><\/figure>\n<p>Liana Paula Ribeira ainda n\u00e3o conseguiu se cadastrar no programa. Ela ficou mais de 48 horas acampada frente \u00e0 antiga ocupa\u00e7\u00e3o.\u00a0&#8220;A minha casa l\u00e1 dentro era tudo o que eu tinha conseguido na vida. Agora voltei para a rua, como antes. Perdi muita coisa na remo\u00e7\u00e3o. Os guardas quebraram meu espelho e a minha televis\u00e3o&#8221;.<\/p>\n<p><span class=\"Apple-style-span\" style=\"font-size: 35px; letter-spacing: -1px; line-height: 35px;\">Ocupa\u00e7\u00e3o espont\u00e2nea<\/span><\/p>\n<p>A IBGE era uma ocupa\u00e7\u00e3o &#8220;espont\u00e2nea&#8221;, termo que se refere \u00e0s ocupa\u00e7\u00f5es n\u00e3o organizadas ou apoiadas por qualquer movimento social. A entrada no pr\u00e9dio foi realizada h\u00e1 mais de quinze anos por um grupo de <a href=\"http:\/\/bit.ly\/2xbfgzu\" target=\"_blank\" rel=\"noopener\">sem-tetos<\/a> da Mangueira. As condi\u00e7\u00f5es de vida dos moradores na ocupa\u00e7\u00e3o\u00a0<a href=\"http:\/\/bit.ly\/1LeIQF7\" target=\"_blank\" rel=\"noopener\">sempre foram prec\u00e1rias<\/a>: n\u00e3o tinha \u00e1gua corrente nem saneamento b\u00e1sico, e a luz provinha de gatos feitos a partir dos postes de rua, com os fios el\u00e9tricos expostos. Houve um inc\u00eandio em 2015, felizmente sem v\u00edtima fatal. As fam\u00edlias viviam no meio de anos de lixo acumulado e da viol\u00eancia relacionada ao tr\u00e1fico e \u00e0s frequentes interven\u00e7\u00f5es policiais. A maioria dos ocupantes eram trabalhadores informais (ambulantes e catadores de lixo).<\/p>\n<figure id=\"attachment_32747\" aria-describedby=\"caption-attachment-32747\" style=\"width: 3840px\" class=\"wp-caption aligncenter\"><a href=\"http:\/\/rioonwatch.org.br\/wp-content\/uploads\/2018\/05\/Foto_IBGE_03.jpg\"><img decoding=\"async\" class=\"wp-image-32747 size-full\" title=\"A ocupa\u00e7\u00e3o em 2016, antes da remo\u00e7\u00e3o. Foto por \u00c9milie B. Gu\u00e9rette\" src=\"http:\/\/rioonwatch.org.br\/wp-content\/uploads\/2018\/05\/Foto_IBGE_03.jpg\" alt=\"\" width=\"3840\" height=\"2560\" srcset=\"https:\/\/rioonwatch.org.br\/wp-content\/uploads\/2018\/05\/Foto_IBGE_03.jpg 3840w, https:\/\/rioonwatch.org.br\/wp-content\/uploads\/2018\/05\/Foto_IBGE_03-396x264.jpg 396w, https:\/\/rioonwatch.org.br\/wp-content\/uploads\/2018\/05\/Foto_IBGE_03-620x413.jpg 620w, https:\/\/rioonwatch.org.br\/wp-content\/uploads\/2018\/05\/Foto_IBGE_03-768x512.jpg 768w, https:\/\/rioonwatch.org.br\/wp-content\/uploads\/2018\/05\/Foto_IBGE_03-1024x683.jpg 1024w\" sizes=\"(max-width: 3840px) 100vw, 3840px\" \/><\/a><figcaption id=\"caption-attachment-32747\" class=\"wp-caption-text\">A ocupa\u00e7\u00e3o em 2016, antes da remo\u00e7\u00e3o. Foto por \u00c9milie B. Gu\u00e9rette<\/figcaption><\/figure>\n<p><span class=\"Apple-style-span\" style=\"font-size: 35px; letter-spacing: -1px; line-height: 35px;\">Rea\u00e7\u00f5es divididas<\/span><\/p>\n<p>A ex-ocupante Jesu\u00edna Silva afirma sentir-se aliviada, j\u00e1 que ela estava esperando uma interven\u00e7\u00e3o da prefeitura na ocupa\u00e7\u00e3o h\u00e1 muitos anos, apesar de lamentar a dificuldade de encontrar um aluguel por R$400 mensais e de ter que dividir o novo apartamento com o filho para poder dar conta. Como a maioria dos desalojados, Jesu\u00edna se assustou com o prazo curt\u00edssimo e a brutalidade que caracterizaram a reintegra\u00e7\u00e3o de posse. O prefeito anunciou o projeto no dia 14 de abril, e j\u00e1 na madrugada do dia 27 os guardas municipais e a Pol\u00edcia Militar, apoiados pelo Batalh\u00e3o de Choque e o Batalh\u00e3o de A\u00e7\u00f5es com C\u00e3es, <a href=\"https:\/\/glo.bo\/2ri73rC\" target=\"_blank\" rel=\"noopener\">chegaram na ocupa\u00e7\u00e3o para desalojar as pessoas<\/a>. Os ocupantes achavam que teriam at\u00e9 amanh\u00e3, 7 de maio para se mudarem, e s\u00f3 foram avisados na v\u00e9spera da <a href=\"http:\/\/bit.ly\/X51Qvb\" target=\"_blank\" rel=\"noopener\">remo\u00e7\u00e3o<\/a>. Algumas pessoas receberam o cheque de aluguel social no dia mesmo da remo\u00e7\u00e3o, sendo obrigados a sair imediatamente sem ter para onde ir.<\/p>\n<figure id=\"attachment_32746\" aria-describedby=\"caption-attachment-32746\" style=\"width: 3840px\" class=\"wp-caption aligncenter\"><a href=\"http:\/\/rioonwatch.org.br\/wp-content\/uploads\/2018\/05\/Foto_IBGE_04.jpg\"><img loading=\"lazy\" decoding=\"async\" class=\"wp-image-32746 size-full\" title=\"O bar da M\u00e1rcia foi derrubado pela prefeitura, junto com outros barracos, na entrada da ocupa\u00e7\u00e3o. Foto por \u00c9milie B. Gu\u00e9rette\" src=\"http:\/\/rioonwatch.org.br\/wp-content\/uploads\/2018\/05\/Foto_IBGE_04.jpg\" alt=\"\" width=\"3840\" height=\"2560\" srcset=\"https:\/\/rioonwatch.org.br\/wp-content\/uploads\/2018\/05\/Foto_IBGE_04.jpg 3840w, https:\/\/rioonwatch.org.br\/wp-content\/uploads\/2018\/05\/Foto_IBGE_04-396x264.jpg 396w, https:\/\/rioonwatch.org.br\/wp-content\/uploads\/2018\/05\/Foto_IBGE_04-620x413.jpg 620w, https:\/\/rioonwatch.org.br\/wp-content\/uploads\/2018\/05\/Foto_IBGE_04-768x512.jpg 768w, https:\/\/rioonwatch.org.br\/wp-content\/uploads\/2018\/05\/Foto_IBGE_04-1024x683.jpg 1024w\" sizes=\"(max-width: 3840px) 100vw, 3840px\" \/><\/a><figcaption id=\"caption-attachment-32746\" class=\"wp-caption-text\">O bar da M\u00e1rcia foi derrubado pela prefeitura, junto com outros barracos, na entrada da ocupa\u00e7\u00e3o. Foto por \u00c9milie B. Gu\u00e9rette<\/figcaption><\/figure>\n<p><span class=\"Apple-style-span\" style=\"font-size: 35px; letter-spacing: -1px; line-height: 35px;\">&#8220;Voc\u00eas t\u00eam cinco minutos para sair.&#8221;<\/span><\/p>\n<p>A moradora Luciene Soares dos Santos relatou que assim que os policiais chegaram, foram anunciando que ela tinha cinco minutos para esvaziar a casa dela (quarto, sala e cozinha mobiliados) e sair de onde ela morava h\u00e1 cerca de tr\u00eas anos. O clima da remo\u00e7\u00e3o foi tenso e muitos tiveram que deixar alguns pertences para tr\u00e1s, sem tempo ou condi\u00e7\u00f5es para levar tudo. No entanto, n\u00e3o houve relato de resist\u00eancia ou confronto direto. Como muitos, Luciene n\u00e3o conseguiu encontrar um aluguel na Mangueira, devido \u00e0s centenas de pessoas que tiveram que procurar casa ao mesmo tempo, sem aviso pr\u00e9vio. Ela encontrou um quitinete no Engenho de Dentro, onde mora seu irm\u00e3o. Ela est\u00e1 fazendo a mudan\u00e7a aos poucos, levando um m\u00f3vel de cada vez porque n\u00e3o tem condi\u00e7\u00f5es de pagar um frete. Al\u00e9m do aluguel social, a prefeitura n\u00e3o ofereceu ajuda de custo para a mudan\u00e7a dos ocupantes.<\/p>\n<figure id=\"attachment_32745\" aria-describedby=\"caption-attachment-32745\" style=\"width: 3840px\" class=\"wp-caption aligncenter\"><a href=\"http:\/\/rioonwatch.org.br\/wp-content\/uploads\/2018\/05\/Foto_IBGE_05.jpg\"><img loading=\"lazy\" decoding=\"async\" class=\"wp-image-32745 size-full\" title=\"&quot;M\u00e3e, a boca do drag\u00e3o est\u00e1 comendo a IBGE!&quot;, disse Thain\u00e1, 13 anos, ao ver os tratores iniciando a demoli\u00e7\u00e3o dos pr\u00e9dios assim que os moradores sa\u00edram. Foto por \u00c9milie B. Gu\u00e9rette\" src=\"http:\/\/rioonwatch.org.br\/wp-content\/uploads\/2018\/05\/Foto_IBGE_05.jpg\" alt=\"\" width=\"3840\" height=\"2560\" srcset=\"https:\/\/rioonwatch.org.br\/wp-content\/uploads\/2018\/05\/Foto_IBGE_05.jpg 3840w, https:\/\/rioonwatch.org.br\/wp-content\/uploads\/2018\/05\/Foto_IBGE_05-396x264.jpg 396w, https:\/\/rioonwatch.org.br\/wp-content\/uploads\/2018\/05\/Foto_IBGE_05-620x413.jpg 620w, https:\/\/rioonwatch.org.br\/wp-content\/uploads\/2018\/05\/Foto_IBGE_05-768x512.jpg 768w, https:\/\/rioonwatch.org.br\/wp-content\/uploads\/2018\/05\/Foto_IBGE_05-1024x683.jpg 1024w\" sizes=\"(max-width: 3840px) 100vw, 3840px\" \/><\/a><figcaption id=\"caption-attachment-32745\" class=\"wp-caption-text\">&#8220;M\u00e3e, a boca do drag\u00e3o est\u00e1 comendo a IBGE!&#8221;, disse Thain\u00e1, 13 anos, ao ver os tratores iniciando a demoli\u00e7\u00e3o dos pr\u00e9dios assim que os moradores sa\u00edram. Foto por \u00c9milie B. Gu\u00e9rette<\/figcaption><\/figure>\n<p><span class=\"Apple-style-span\" style=\"font-size: 35px; letter-spacing: -1px; line-height: 35px;\">Um futuro melhor?<\/span><\/p>\n<p>Subindo a ladeira \u00edngreme que leva at\u00e9 o seu novo apartamento no alto do Morro da Mangueira, Luciene Alves conta como ela e o marido fizeram a mudan\u00e7a a p\u00e9, empurrando um carrinho de m\u00e3o com todos os seus m\u00f3veis. \u201cE ainda fui trabalhar na lavanderia depois, t\u00e1? N\u00e3o podia perder o meu dia de trabalho!\u201d Luciene se diz feliz de ter encontrado uma casa no morro para sua fam\u00edlia, apesar das obras urgentes a serem feitas para tornar o lugar vi\u00e1vel. Chegando na nova casa, Luciene seca a po\u00e7a d\u2019\u00e1gua que se formou no ch\u00e3o da sala devido a um cano quebrado na parede. Com um sorriso que mistura o senso de humor e a resili\u00eancia t\u00e3o caracter\u00edstica dos ocupantes da IBGE, ela afirma: \u201cEssa casa nova&#8230; boa boa mesmo n\u00e3o t\u00e1, viu? Mas d\u00e1 pra levar!&#8221;<\/p>\n<h3>Veja slideshow do cotidiano\u00a0da Ocupa\u00e7\u00e3o IBGE antes da remo\u00e7\u00e3o abaixo ou\u00a0<a href=\"http:\/\/bit.ly\/2HNtGLv\" target=\"_blank\" rel=\"noopener\">no Flickr<\/a>:<\/h3>\n<p><a title=\"O cotidiano da Ocupa\u00e7\u00e3o IBGE antes do despejo\" href=\"https:\/\/www.flickr.com\/photos\/catcomm\/albums\/72157693269378662\" data-flickr-embed=\"true\"><img loading=\"lazy\" decoding=\"async\" src=\"https:\/\/farm1.staticflickr.com\/904\/41868553871_743a8fc534_z.jpg\" alt=\"O cotidiano da Ocupa\u00e7\u00e3o IBGE antes do despejo\" width=\"640\" height=\"427\" \/><\/a><script async src=\"\/\/embedr.flickr.com\/assets\/client-code.js\" charset=\"utf-8\"><\/script><\/p>\n<p><em><a href=\"http:\/\/www.emiliebg.com\/\"><span style=\"font-weight: 400;\">\u00c9milie B. Gu\u00e9rette<\/span><\/a><span style=\"font-weight: 400;\">, \u00e9 cineasta e antrop\u00f3loga canadense baseada no Rio de Janeiro. Ela dirigiu o longa metragem document\u00e1rio <\/span><a href=\"https:\/\/www.facebook.com\/Autrerio\/\"><span style=\"font-weight: 400;\">O Outro Rio<\/span><\/a><span style=\"font-weight: 400;\">, inteiramente filmado na Ocupa\u00e7\u00e3o IBGE na Mangueira durante as Olimp\u00edadas de 2016. Junto com os colegas John Burdick e Rolf Malugo de Souza, faz parte da equipe da pesquisa etnogr\u00e1fica Luta Pela Moradia No Centro Da Cidade, que acompanha diversos projetos de moradia popular no Centro do Rio de Janeiro.<\/span><\/em><\/p>\n<!-- AddThis Advanced Settings generic via filter on the_content --><!-- AddThis Share Buttons generic via filter on the_content -->","protected":false},"excerpt":{"rendered":"<div class=\"mh-excerpt\"><p>Click Here for English No dia 27 de abril, a Prefeitura do Rio fez uma a\u00e7\u00e3o de reintegra\u00e7\u00e3o de posse\u00a0do antigo pr\u00e9dio do IBGE na Rua Visconde de Niter\u00f3i, na Mangueira.\u00a0O pr\u00e9dio&#8211;abandonado pelo IBGE em <a class=\"mh-excerpt-more\" href=\"https:\/\/rioonwatch.org.br\/?p=32742\" title=\"Remo\u00e7\u00e3o da Ocupa\u00e7\u00e3o IBGE na Mangueira: &#8216;Voc\u00eas t\u00eam cinco minutos para sair&#8217; [IMAGENS]\">[&#8230;]<\/a><!-- AddThis Advanced Settings generic via filter on get_the_excerpt --><!-- AddThis Share Buttons generic via filter on get_the_excerpt --><\/p>\n<\/div>","protected":false},"author":147,"featured_media":32744,"comment_status":"closed","ping_status":"closed","sticky":false,"template":"","format":"standard","meta":{"_acf_changed":false,"_monsterinsights_skip_tracking":false,"_monsterinsights_sitenote_active":false,"_monsterinsights_sitenote_note":"","_monsterinsights_sitenote_category":0,"footnotes":""},"categories":[2089,1614,1621,346,1626,1633],"tags":[17,1220,424,2343,2344,1251,752,607,1982,246,1037,243,407,2358,14,1706,1966,406,218],"writer":[2331],"translator":[],"source":[],"ilustrador":[],"fotografo":[],"class_list":{"0":"post-32742","1":"post","2":"type-post","3":"status-publish","4":"format-standard","5":"has-post-thumbnail","7":"category-monitoramento","8":"category-olhonasremocoes","9":"category-destaque","10":"category-denuncias","11":"category-por-observadores-internacionais","12":"category-foto-reportagens","13":"tag-aluguel-social","14":"tag-deficit-habitacional","15":"tag-direito-a-moradia","16":"tag-economia-informal","17":"tag-ibge","18":"tag-indenizacao","19":"tag-indenizacao-injusta","20":"tag-mangueira","21":"tag-marcelo-crivella","22":"tag-minha-casa-minha-vida","23":"tag-moradia","24":"tag-moradores-de-rua","25":"tag-ocupacao","26":"tag-ocupacao-ibge","27":"tag-remocao","28":"tag-remocoes-relampago","29":"tag-resiliencia","30":"tag-sem-teto","31":"tag-zona-norte","32":"writer-emilie-b-guerette"},"acf":[],"yoast_head":"<!-- This site is optimized with the Yoast SEO plugin v25.6 - https:\/\/yoast.com\/wordpress\/plugins\/seo\/ -->\n<title>Remo\u00e7\u00e3o da Ocupa\u00e7\u00e3o IBGE na Mangueira: &#039;Voc\u00eas t\u00eam cinco minutos para sair&#039; [IMAGENS] - RioOnWatch<\/title>\n<meta name=\"robots\" content=\"index, follow, max-snippet:-1, max-image-preview:large, max-video-preview:-1\" \/>\n<link rel=\"canonical\" href=\"https:\/\/rioonwatch.org.br\/?p=32742\" \/>\n<meta property=\"og:locale\" content=\"pt_BR\" \/>\n<meta property=\"og:type\" content=\"article\" \/>\n<meta property=\"og:title\" content=\"Remo\u00e7\u00e3o da Ocupa\u00e7\u00e3o IBGE na Mangueira: &#039;Voc\u00eas t\u00eam cinco minutos para sair&#039; [IMAGENS] - RioOnWatch\" \/>\n<meta property=\"og:description\" content=\"Click Here for English No dia 27 de abril, a Prefeitura do Rio fez uma a\u00e7\u00e3o de reintegra\u00e7\u00e3o de posse\u00a0do antigo pr\u00e9dio do IBGE na Rua Visconde de Niter\u00f3i, na Mangueira.\u00a0O pr\u00e9dio&#8211;abandonado pelo IBGE em [...]\" \/>\n<meta property=\"og:url\" content=\"https:\/\/rioonwatch.org.br\/?p=32742\" \/>\n<meta property=\"og:site_name\" content=\"RioOnWatch\" \/>\n<meta property=\"article:published_time\" content=\"2018-05-06T01:39:36+00:00\" \/>\n<meta property=\"article:modified_time\" content=\"2018-05-22T12:32:57+00:00\" \/>\n<meta property=\"og:image\" content=\"https:\/\/rioonwatch.org.br\/wp-content\/uploads\/2018\/05\/Foto_IBGE_01-e1525365213384-scaled.jpg\" \/>\n\t<meta property=\"og:image:width\" content=\"2560\" \/>\n\t<meta property=\"og:image:height\" content=\"1193\" \/>\n\t<meta property=\"og:image:type\" content=\"image\/jpeg\" \/>\n<meta name=\"author\" content=\"Cerianne Robertson\" \/>\n<meta name=\"twitter:card\" content=\"summary_large_image\" \/>\n<meta name=\"twitter:label1\" content=\"Escrito por\" \/>\n\t<meta name=\"twitter:data1\" content=\"Cerianne Robertson\" \/>\n\t<meta name=\"twitter:label2\" content=\"Est. tempo de leitura\" \/>\n\t<meta name=\"twitter:data2\" content=\"5 minutos\" \/>\n<script type=\"application\/ld+json\" class=\"yoast-schema-graph\">{\"@context\":\"https:\/\/schema.org\",\"@graph\":[{\"@type\":\"Article\",\"@id\":\"https:\/\/rioonwatch.org.br\/?p=32742#article\",\"isPartOf\":{\"@id\":\"https:\/\/rioonwatch.org.br\/?p=32742\"},\"author\":{\"name\":\"Cerianne Robertson\",\"@id\":\"https:\/\/rioonwatch.org.br\/#\/schema\/person\/b639ec2683435de5a982b61e05770a3d\"},\"headline\":\"Remo\u00e7\u00e3o da Ocupa\u00e7\u00e3o IBGE na Mangueira: &#8216;Voc\u00eas t\u00eam cinco minutos para sair&#8217; [IMAGENS]\",\"datePublished\":\"2018-05-06T01:39:36+00:00\",\"dateModified\":\"2018-05-22T12:32:57+00:00\",\"mainEntityOfPage\":{\"@id\":\"https:\/\/rioonwatch.org.br\/?p=32742\"},\"wordCount\":1101,\"publisher\":{\"@id\":\"https:\/\/rioonwatch.org.br\/#organization\"},\"image\":{\"@id\":\"https:\/\/rioonwatch.org.br\/?p=32742#primaryimage\"},\"thumbnailUrl\":\"https:\/\/rioonwatch.org.br\/wp-content\/uploads\/2018\/05\/Foto_IBGE_01-e1525365213384-scaled.jpg\",\"keywords\":[\"Aluguel social\",\"d\u00e9ficit habitacional\",\"Direito \u00e0 Moradia\",\"economia informal\",\"IBGE\",\"indeniza\u00e7\u00e3o\",\"indeniza\u00e7\u00e3o injusta\",\"Mangueira\",\"Marcelo Crivella\",\"Minha Casa Minha Vida\",\"moradia\",\"Moradores em Situa\u00e7\u00e3o de Rua\",\"Ocupa\u00e7\u00e3o\",\"Ocupa\u00e7\u00e3o IBGE\",\"Remo\u00e7\u00e3o\",\"remo\u00e7\u00f5es rel\u00e2mpago\",\"resili\u00eancia\",\"sem-teto\",\"Zona Norte\"],\"articleSection\":[\"#Monitoramento\",\"#OlhoNasRemo\u00e7\u00f5es\",\"*Destaque\",\"Den\u00fancias\",\"Escrito por Aliados\",\"Fotorreportagens\"],\"inLanguage\":\"pt-BR\"},{\"@type\":\"WebPage\",\"@id\":\"https:\/\/rioonwatch.org.br\/?p=32742\",\"url\":\"https:\/\/rioonwatch.org.br\/?p=32742\",\"name\":\"Remo\u00e7\u00e3o da Ocupa\u00e7\u00e3o IBGE na Mangueira: 'Voc\u00eas t\u00eam cinco minutos para sair' [IMAGENS] - RioOnWatch\",\"isPartOf\":{\"@id\":\"https:\/\/rioonwatch.org.br\/#website\"},\"primaryImageOfPage\":{\"@id\":\"https:\/\/rioonwatch.org.br\/?p=32742#primaryimage\"},\"image\":{\"@id\":\"https:\/\/rioonwatch.org.br\/?p=32742#primaryimage\"},\"thumbnailUrl\":\"https:\/\/rioonwatch.org.br\/wp-content\/uploads\/2018\/05\/Foto_IBGE_01-e1525365213384-scaled.jpg\",\"datePublished\":\"2018-05-06T01:39:36+00:00\",\"dateModified\":\"2018-05-22T12:32:57+00:00\",\"breadcrumb\":{\"@id\":\"https:\/\/rioonwatch.org.br\/?p=32742#breadcrumb\"},\"inLanguage\":\"pt-BR\",\"potentialAction\":[{\"@type\":\"ReadAction\",\"target\":[\"https:\/\/rioonwatch.org.br\/?p=32742\"]}]},{\"@type\":\"ImageObject\",\"inLanguage\":\"pt-BR\",\"@id\":\"https:\/\/rioonwatch.org.br\/?p=32742#primaryimage\",\"url\":\"https:\/\/rioonwatch.org.br\/wp-content\/uploads\/2018\/05\/Foto_IBGE_01-e1525365213384-scaled.jpg\",\"contentUrl\":\"https:\/\/rioonwatch.org.br\/wp-content\/uploads\/2018\/05\/Foto_IBGE_01-e1525365213384-scaled.jpg\",\"width\":2560,\"height\":1193},{\"@type\":\"BreadcrumbList\",\"@id\":\"https:\/\/rioonwatch.org.br\/?p=32742#breadcrumb\",\"itemListElement\":[{\"@type\":\"ListItem\",\"position\":1,\"name\":\"In\u00edcio\",\"item\":\"https:\/\/rioonwatch.org.br\/\"},{\"@type\":\"ListItem\",\"position\":2,\"name\":\"Remo\u00e7\u00e3o da Ocupa\u00e7\u00e3o IBGE na Mangueira: &#8216;Voc\u00eas t\u00eam cinco minutos para sair&#8217; [IMAGENS]\"}]},{\"@type\":\"WebSite\",\"@id\":\"https:\/\/rioonwatch.org.br\/#website\",\"url\":\"https:\/\/rioonwatch.org.br\/\",\"name\":\"RioOnWatch\",\"description\":\"relatos das favelas cariocas\",\"publisher\":{\"@id\":\"https:\/\/rioonwatch.org.br\/#organization\"},\"potentialAction\":[{\"@type\":\"SearchAction\",\"target\":{\"@type\":\"EntryPoint\",\"urlTemplate\":\"https:\/\/rioonwatch.org.br\/?s={search_term_string}\"},\"query-input\":{\"@type\":\"PropertyValueSpecification\",\"valueRequired\":true,\"valueName\":\"search_term_string\"}}],\"inLanguage\":\"pt-BR\"},{\"@type\":\"Organization\",\"@id\":\"https:\/\/rioonwatch.org.br\/#organization\",\"name\":\"RioOnWatch\",\"url\":\"https:\/\/rioonwatch.org.br\/\",\"logo\":{\"@type\":\"ImageObject\",\"inLanguage\":\"pt-BR\",\"@id\":\"https:\/\/rioonwatch.org.br\/#\/schema\/logo\/image\/\",\"url\":\"https:\/\/rioonwatch.org.br\/wp-content\/uploads\/2021\/06\/RioOnWatchcabecalhoPT11anos-2.png\",\"contentUrl\":\"https:\/\/rioonwatch.org.br\/wp-content\/uploads\/2021\/06\/RioOnWatchcabecalhoPT11anos-2.png\",\"width\":779,\"height\":277,\"caption\":\"RioOnWatch\"},\"image\":{\"@id\":\"https:\/\/rioonwatch.org.br\/#\/schema\/logo\/image\/\"}},{\"@type\":\"Person\",\"@id\":\"https:\/\/rioonwatch.org.br\/#\/schema\/person\/b639ec2683435de5a982b61e05770a3d\",\"name\":\"Cerianne Robertson\",\"image\":{\"@type\":\"ImageObject\",\"inLanguage\":\"pt-BR\",\"@id\":\"https:\/\/rioonwatch.org.br\/#\/schema\/person\/image\/\",\"url\":\"https:\/\/secure.gravatar.com\/avatar\/b2495baf6047713d9cf5eb43059071e1?s=96&d=blank&r=g\",\"contentUrl\":\"https:\/\/secure.gravatar.com\/avatar\/b2495baf6047713d9cf5eb43059071e1?s=96&d=blank&r=g\",\"caption\":\"Cerianne Robertson\"},\"url\":\"https:\/\/rioonwatch.org.br\/?author=147\"}]}<\/script>\n<!-- \/ Yoast SEO plugin. -->","yoast_head_json":{"title":"Remo\u00e7\u00e3o da Ocupa\u00e7\u00e3o IBGE na Mangueira: 'Voc\u00eas t\u00eam cinco minutos para sair' [IMAGENS] - RioOnWatch","robots":{"index":"index","follow":"follow","max-snippet":"max-snippet:-1","max-image-preview":"max-image-preview:large","max-video-preview":"max-video-preview:-1"},"canonical":"https:\/\/rioonwatch.org.br\/?p=32742","og_locale":"pt_BR","og_type":"article","og_title":"Remo\u00e7\u00e3o da Ocupa\u00e7\u00e3o IBGE na Mangueira: 'Voc\u00eas t\u00eam cinco minutos para sair' [IMAGENS] - RioOnWatch","og_description":"Click Here for English No dia 27 de abril, a Prefeitura do Rio fez uma a\u00e7\u00e3o de reintegra\u00e7\u00e3o de posse\u00a0do antigo pr\u00e9dio do IBGE na Rua Visconde de Niter\u00f3i, na Mangueira.\u00a0O pr\u00e9dio&#8211;abandonado pelo IBGE em [...]","og_url":"https:\/\/rioonwatch.org.br\/?p=32742","og_site_name":"RioOnWatch","article_published_time":"2018-05-06T01:39:36+00:00","article_modified_time":"2018-05-22T12:32:57+00:00","og_image":[{"width":2560,"height":1193,"url":"https:\/\/rioonwatch.org.br\/wp-content\/uploads\/2018\/05\/Foto_IBGE_01-e1525365213384-scaled.jpg","type":"image\/jpeg"}],"author":"Cerianne Robertson","twitter_card":"summary_large_image","twitter_misc":{"Escrito por":"Cerianne Robertson","Est. tempo de leitura":"5 minutos"},"schema":{"@context":"https:\/\/schema.org","@graph":[{"@type":"Article","@id":"https:\/\/rioonwatch.org.br\/?p=32742#article","isPartOf":{"@id":"https:\/\/rioonwatch.org.br\/?p=32742"},"author":{"name":"Cerianne Robertson","@id":"https:\/\/rioonwatch.org.br\/#\/schema\/person\/b639ec2683435de5a982b61e05770a3d"},"headline":"Remo\u00e7\u00e3o da Ocupa\u00e7\u00e3o IBGE na Mangueira: &#8216;Voc\u00eas t\u00eam cinco minutos para sair&#8217; [IMAGENS]","datePublished":"2018-05-06T01:39:36+00:00","dateModified":"2018-05-22T12:32:57+00:00","mainEntityOfPage":{"@id":"https:\/\/rioonwatch.org.br\/?p=32742"},"wordCount":1101,"publisher":{"@id":"https:\/\/rioonwatch.org.br\/#organization"},"image":{"@id":"https:\/\/rioonwatch.org.br\/?p=32742#primaryimage"},"thumbnailUrl":"https:\/\/rioonwatch.org.br\/wp-content\/uploads\/2018\/05\/Foto_IBGE_01-e1525365213384-scaled.jpg","keywords":["Aluguel social","d\u00e9ficit habitacional","Direito \u00e0 Moradia","economia informal","IBGE","indeniza\u00e7\u00e3o","indeniza\u00e7\u00e3o injusta","Mangueira","Marcelo Crivella","Minha Casa Minha Vida","moradia","Moradores em Situa\u00e7\u00e3o de Rua","Ocupa\u00e7\u00e3o","Ocupa\u00e7\u00e3o IBGE","Remo\u00e7\u00e3o","remo\u00e7\u00f5es rel\u00e2mpago","resili\u00eancia","sem-teto","Zona Norte"],"articleSection":["#Monitoramento","#OlhoNasRemo\u00e7\u00f5es","*Destaque","Den\u00fancias","Escrito por Aliados","Fotorreportagens"],"inLanguage":"pt-BR"},{"@type":"WebPage","@id":"https:\/\/rioonwatch.org.br\/?p=32742","url":"https:\/\/rioonwatch.org.br\/?p=32742","name":"Remo\u00e7\u00e3o da Ocupa\u00e7\u00e3o IBGE na Mangueira: 'Voc\u00eas t\u00eam cinco minutos para sair' [IMAGENS] - RioOnWatch","isPartOf":{"@id":"https:\/\/rioonwatch.org.br\/#website"},"primaryImageOfPage":{"@id":"https:\/\/rioonwatch.org.br\/?p=32742#primaryimage"},"image":{"@id":"https:\/\/rioonwatch.org.br\/?p=32742#primaryimage"},"thumbnailUrl":"https:\/\/rioonwatch.org.br\/wp-content\/uploads\/2018\/05\/Foto_IBGE_01-e1525365213384-scaled.jpg","datePublished":"2018-05-06T01:39:36+00:00","dateModified":"2018-05-22T12:32:57+00:00","breadcrumb":{"@id":"https:\/\/rioonwatch.org.br\/?p=32742#breadcrumb"},"inLanguage":"pt-BR","potentialAction":[{"@type":"ReadAction","target":["https:\/\/rioonwatch.org.br\/?p=32742"]}]},{"@type":"ImageObject","inLanguage":"pt-BR","@id":"https:\/\/rioonwatch.org.br\/?p=32742#primaryimage","url":"https:\/\/rioonwatch.org.br\/wp-content\/uploads\/2018\/05\/Foto_IBGE_01-e1525365213384-scaled.jpg","contentUrl":"https:\/\/rioonwatch.org.br\/wp-content\/uploads\/2018\/05\/Foto_IBGE_01-e1525365213384-scaled.jpg","width":2560,"height":1193},{"@type":"BreadcrumbList","@id":"https:\/\/rioonwatch.org.br\/?p=32742#breadcrumb","itemListElement":[{"@type":"ListItem","position":1,"name":"In\u00edcio","item":"https:\/\/rioonwatch.org.br\/"},{"@type":"ListItem","position":2,"name":"Remo\u00e7\u00e3o da Ocupa\u00e7\u00e3o IBGE na Mangueira: &#8216;Voc\u00eas t\u00eam cinco minutos para sair&#8217; [IMAGENS]"}]},{"@type":"WebSite","@id":"https:\/\/rioonwatch.org.br\/#website","url":"https:\/\/rioonwatch.org.br\/","name":"RioOnWatch","description":"relatos das favelas cariocas","publisher":{"@id":"https:\/\/rioonwatch.org.br\/#organization"},"potentialAction":[{"@type":"SearchAction","target":{"@type":"EntryPoint","urlTemplate":"https:\/\/rioonwatch.org.br\/?s={search_term_string}"},"query-input":{"@type":"PropertyValueSpecification","valueRequired":true,"valueName":"search_term_string"}}],"inLanguage":"pt-BR"},{"@type":"Organization","@id":"https:\/\/rioonwatch.org.br\/#organization","name":"RioOnWatch","url":"https:\/\/rioonwatch.org.br\/","logo":{"@type":"ImageObject","inLanguage":"pt-BR","@id":"https:\/\/rioonwatch.org.br\/#\/schema\/logo\/image\/","url":"https:\/\/rioonwatch.org.br\/wp-content\/uploads\/2021\/06\/RioOnWatchcabecalhoPT11anos-2.png","contentUrl":"https:\/\/rioonwatch.org.br\/wp-content\/uploads\/2021\/06\/RioOnWatchcabecalhoPT11anos-2.png","width":779,"height":277,"caption":"RioOnWatch"},"image":{"@id":"https:\/\/rioonwatch.org.br\/#\/schema\/logo\/image\/"}},{"@type":"Person","@id":"https:\/\/rioonwatch.org.br\/#\/schema\/person\/b639ec2683435de5a982b61e05770a3d","name":"Cerianne Robertson","image":{"@type":"ImageObject","inLanguage":"pt-BR","@id":"https:\/\/rioonwatch.org.br\/#\/schema\/person\/image\/","url":"https:\/\/secure.gravatar.com\/avatar\/b2495baf6047713d9cf5eb43059071e1?s=96&d=blank&r=g","contentUrl":"https:\/\/secure.gravatar.com\/avatar\/b2495baf6047713d9cf5eb43059071e1?s=96&d=blank&r=g","caption":"Cerianne Robertson"},"url":"https:\/\/rioonwatch.org.br\/?author=147"}]}},"_links":{"self":[{"href":"https:\/\/rioonwatch.org.br\/index.php?rest_route=\/wp\/v2\/posts\/32742"}],"collection":[{"href":"https:\/\/rioonwatch.org.br\/index.php?rest_route=\/wp\/v2\/posts"}],"about":[{"href":"https:\/\/rioonwatch.org.br\/index.php?rest_route=\/wp\/v2\/types\/post"}],"author":[{"embeddable":true,"href":"https:\/\/rioonwatch.org.br\/index.php?rest_route=\/wp\/v2\/users\/147"}],"replies":[{"embeddable":true,"href":"https:\/\/rioonwatch.org.br\/index.php?rest_route=%2Fwp%2Fv2%2Fcomments&post=32742"}],"version-history":[{"count":26,"href":"https:\/\/rioonwatch.org.br\/index.php?rest_route=\/wp\/v2\/posts\/32742\/revisions"}],"predecessor-version":[{"id":33223,"href":"https:\/\/rioonwatch.org.br\/index.php?rest_route=\/wp\/v2\/posts\/32742\/revisions\/33223"}],"wp:featuredmedia":[{"embeddable":true,"href":"https:\/\/rioonwatch.org.br\/index.php?rest_route=\/wp\/v2\/media\/32744"}],"wp:attachment":[{"href":"https:\/\/rioonwatch.org.br\/index.php?rest_route=%2Fwp%2Fv2%2Fmedia&parent=32742"}],"wp:term":[{"taxonomy":"category","embeddable":true,"href":"https:\/\/rioonwatch.org.br\/index.php?rest_route=%2Fwp%2Fv2%2Fcategories&post=32742"},{"taxonomy":"post_tag","embeddable":true,"href":"https:\/\/rioonwatch.org.br\/index.php?rest_route=%2Fwp%2Fv2%2Ftags&post=32742"},{"taxonomy":"writer","embeddable":true,"href":"https:\/\/rioonwatch.org.br\/index.php?rest_route=%2Fwp%2Fv2%2Fwriter&post=32742"},{"taxonomy":"translator","embeddable":true,"href":"https:\/\/rioonwatch.org.br\/index.php?rest_route=%2Fwp%2Fv2%2Ftranslator&post=32742"},{"taxonomy":"source","embeddable":true,"href":"https:\/\/rioonwatch.org.br\/index.php?rest_route=%2Fwp%2Fv2%2Fsource&post=32742"},{"taxonomy":"ilustrador","embeddable":true,"href":"https:\/\/rioonwatch.org.br\/index.php?rest_route=%2Fwp%2Fv2%2Filustrador&post=32742"},{"taxonomy":"fotografo","embeddable":true,"href":"https:\/\/rioonwatch.org.br\/index.php?rest_route=%2Fwp%2Fv2%2Ffotografo&post=32742"}],"curies":[{"name":"wp","href":"https:\/\/api.w.org\/{rel}","templated":true}]}}