{"id":32834,"date":"2018-05-20T12:12:19","date_gmt":"2018-05-20T15:12:19","guid":{"rendered":"http:\/\/rioonwatch.org.br\/?p=32834"},"modified":"2020-10-11T11:29:07","modified_gmt":"2020-10-11T14:29:07","slug":"a-casa-do-menor-de-nova-iguacu-e-o-home-theater-de-sergio-cabral","status":"publish","type":"post","link":"https:\/\/rioonwatch.org.br\/?p=32834","title":{"rendered":"A Casa do Menor de Nova Igua\u00e7u e o Home Theater de S\u00e9rgio Cabral"},"content":{"rendered":"<p style=\"text-align: right;\"><em><strong><a href=\"http:\/\/bit.ly\/2Ju7ICg\" target=\"_blank\" rel=\"noopener noreferrer\">Click Here for English<img decoding=\"async\" width=\"20\" height=\"20\" class=\"alignright wp-image-15790\" src=\"http:\/\/rioonwatch.org.br\/wp-content\/uploads\/2012\/08\/EN-standard-e1439583104716.jpg\" \/><\/a><\/strong><\/em><\/p>\n<p><a href=\"http:\/\/bit.ly\/2rpEJnM\" target=\"_blank\" rel=\"noopener noreferrer\">Tingu\u00e1<\/a> \u00e9 uma regi\u00e3o bastante buc\u00f3lica de <a href=\"http:\/\/bit.ly\/1xgiXjq\" target=\"_blank\" rel=\"noopener noreferrer\">Nova Igua\u00e7u<\/a>, cercada por morros com densa vegeta\u00e7\u00e3o e \u00e1reas de prote\u00e7\u00e3o ambiental. O que quebra a vis\u00e3o de tanto verde s\u00e3o as comunidades em seu entorno e um trecho do <a href=\"http:\/\/bit.ly\/2KAKqGV\" target=\"_blank\" rel=\"noopener noreferrer\">Arco Metropolitano<\/a>, cuja impon\u00eancia da constru\u00e7\u00e3o destoa completamente das outras habita\u00e7\u00f5es bem mais simples. A rodovia \u00e9 uma lembran\u00e7a material do que nos leva a Tingu\u00e1: o ex-Governador do Rio de Janeiro, <a href=\"http:\/\/bit.ly\/1kyUVb3\" target=\"_blank\" rel=\"noopener noreferrer\">S\u00e9rgio Cabral<\/a>, foi acusado de embolsar, junto com uma organiza\u00e7\u00e3o criminosa composta por nove pessoas, <a href=\"https:\/\/glo.bo\/2IryYQe\" target=\"_blank\" rel=\"noopener noreferrer\">quase R$47 milh\u00f5es de propina da Carioca Engenharia<\/a>, empreiteira beneficiada com v\u00e1rias encomendas do governo do Estado, em troca de fraudes em licita\u00e7\u00f5es e superfaturamento de obras p\u00fablicas, incluindo as do j\u00e1 citado Arco Metropolitano.<\/p>\n<p>Essa den\u00fancia levou o ex-governador \u00e0 Cadeia P\u00fablica Jos\u00e9 Frederico Marques, em Benfica, <a href=\"http:\/\/bit.ly\/WximDf\" target=\"_blank\" rel=\"noopener noreferrer\">Zona Norte<\/a> do Rio. \u00c0 medida que o tempo de sua perman\u00eancia apresentava uma indefini\u00e7\u00e3o de prazo, Cabral e sua quadrilha foram transformando-a numa esp\u00e9cie de rep\u00fablica n\u00e3o oficial. Comidas e bebidas finas, livre circula\u00e7\u00e3o pelas instala\u00e7\u00f5es, funcion\u00e1rios da institui\u00e7\u00e3o que se faziam de seguran\u00e7as, motel improvisado. Um verdadeiro poder paralelo regado a <a href=\"https:\/\/glo.bo\/2Iu0b1J\" target=\"_blank\" rel=\"noopener noreferrer\">pompa dentro do sistema carcer\u00e1rio<\/a>. Quando os luxos vieram a p\u00fablico, o castelo de cartas do ex-governador foi desabando aos poucos.<\/p>\n<p>Uma das regalias perdidas ent\u00e3o foi um equipamento, estilo <em>home theater<\/em>, composto de uma televis\u00e3o de 65 polegadas, duas caixas de som em formato de torre de um metro e meio de altura com equaliza\u00e7\u00e3o <em>dolby surround sound<\/em>, avaliado em R$7.500, al\u00e9m de um aparelho de DVD com 160 filmes. Em 1 de novembro de 2017, a Secretaria de Estado de Administra\u00e7\u00e3o Penitenci\u00e1ria (SEAP) <a href=\"http:\/\/bit.ly\/2I2Rnj9\" target=\"_blank\" rel=\"noopener noreferrer\">determinou a doa\u00e7\u00e3o da parafern\u00e1lia<\/a> e a contemplada foi a <a href=\"http:\/\/bit.ly\/2Io8FdV\" target=\"_blank\" rel=\"noopener noreferrer\">Casa do Menor S\u00e3o Miguel Arcanjo<\/a>, institui\u00e7\u00e3o que atua em Nova Igua\u00e7u com jovens retirados de contexto de vulnerabilidade e que faz parte da coordena\u00e7\u00e3o ampliada do <a href=\"http:\/\/bit.ly\/1FkriDe\" target=\"_blank\" rel=\"noopener noreferrer\">F\u00f3rum Grita Baixada<\/a>. O \u201ccineminha do Cabral\u201d, como ficou conhecido, e que serviu de entretenimento e capricho para boa parte dos condenados da <a href=\"http:\/\/bit.ly\/2auCi9h\" target=\"_blank\" rel=\"noopener noreferrer\">Opera\u00e7\u00e3o Lava Jato<\/a> no Rio, iria agora ajudar no desenvolvimento social e cognitivo de quase 30 crian\u00e7as e adolescentes, entre 13 e 17 anos.<\/p>\n<p><a href=\"http:\/\/rioonwatch.org.br\/wp-content\/uploads\/2018\/05\/CASA-DO-MENOR-3-e1525717688463.jpg\"><img fetchpriority=\"high\" decoding=\"async\" class=\"aligncenter wp-image-32837 size-content\" title=\"\u00c1rea externa da Casa. Foto: Fabio Leon.\" src=\"http:\/\/rioonwatch.org.br\/wp-content\/uploads\/2018\/05\/CASA-DO-MENOR-3-e1525717688463-620x264.jpg\" alt=\"\" width=\"620\" height=\"264\" srcset=\"https:\/\/rioonwatch.org.br\/wp-content\/uploads\/2018\/05\/CASA-DO-MENOR-3-e1525717688463-620x264.jpg 620w, https:\/\/rioonwatch.org.br\/wp-content\/uploads\/2018\/05\/CASA-DO-MENOR-3-e1525717688463-940x400.jpg 940w\" sizes=\"(max-width: 620px) 100vw, 620px\" \/><\/a><\/p>\n<p>Retornando a Tingu\u00e1, a Casa do Menor nos fornece suas primeiras impress\u00f5es. Lembra um s\u00edtio em seu interior, n\u00e3o fossem pelos alojamentos. S\u00e3o muitas as possibilidades de ingresso na institui\u00e7\u00e3o para al\u00e9m de infra\u00e7\u00f5es, como explica Carlos Andr\u00e9 Santos, um dos coordenadores da institui\u00e7\u00e3o. \u201cAqui temos portadores de defici\u00eancia, autistas, jovens com problemas neurol\u00f3gicos ou psicol\u00f3gicos. Alguns usam fralda, outros fugiram por causa de viol\u00eancia dom\u00e9stica ou por uso de drogas. Muitos pensam que aqui s\u00f3 abrigamos menores em conflito com a lei. O que n\u00e3o \u00e9 verdade, apesar de 99% serem oriundos de comunidades pobres\u201d, afirma Carlos.<\/p>\n<p>O <em>home theater<\/em> possibilitou aos meninos, segundo Carlos, uma nova vis\u00e3o de mundo. Nunca haviam frequentado um <a href=\"http:\/\/bit.ly\/2Is6vuE\" target=\"_blank\" rel=\"noopener noreferrer\">cinema<\/a> e a mudan\u00e7a de tal realidade permitiu enriquecer algumas din\u00e2micas pedag\u00f3gicas. \u201cEscolhemos sempre um filme que tenha proximidade com a hist\u00f3ria deles e depois fazemos uma roda de conversa sobre o que eles acharam. Pergunto qual foi o \u00faltimo filme em que tais din\u00e2micas foram aplicadas e ele responde &#8220;Creed&#8221;, sobre Apollo Creed, o rival do personagem Rocky Balboa da franquia \u201cRocky\u201d. \u201cO Apollo veio de uma fam\u00edlia problem\u00e1tica e venceu a viol\u00eancia atrav\u00e9s do <a href=\"http:\/\/bit.ly\/1wcf1Pv\" target=\"_blank\" rel=\"noopener noreferrer\">esporte<\/a>. Se muitos dos que est\u00e3o aqui tivessem \u00e1reas de lazer ou de esportes em suas comunidades, talvez n\u00e3o estivessem aqui\u201d, avalia Carlos.<\/p>\n<p><a href=\"http:\/\/rioonwatch.org.br\/wp-content\/uploads\/2018\/05\/CASA-DO-MENOR.jpg\"><img decoding=\"async\" class=\"aligncenter wp-image-32835 size-content\" title=\"Atividade educativa na Casa. Foto: Fabio Leon.\" src=\"http:\/\/rioonwatch.org.br\/wp-content\/uploads\/2018\/05\/CASA-DO-MENOR-620x264.jpg\" alt=\"\" width=\"620\" height=\"264\" srcset=\"https:\/\/rioonwatch.org.br\/wp-content\/uploads\/2018\/05\/CASA-DO-MENOR-620x264.jpg 620w, https:\/\/rioonwatch.org.br\/wp-content\/uploads\/2018\/05\/CASA-DO-MENOR-940x400.jpg 940w\" sizes=\"(max-width: 620px) 100vw, 620px\" \/><\/a><\/p>\n<p>Um deles poderia ser Lucas (nome fict\u00edcio). Lucas tem 16 anos e veio do <a href=\"http:\/\/bit.ly\/ZC9b6z\" target=\"_blank\" rel=\"noopener noreferrer\">Complexo de Manguinhos<\/a>, no Rio. Vivia de pequenos furtos nas imedia\u00e7\u00f5es da comunidade, \u201capenas para curtir e pegar uma grana\u201d, segundo ele. Embora soe exagerado atribuir a mera aquisi\u00e7\u00e3o de um aparelho de TV como aporte terap\u00eautico e comportamental para uma poss\u00edvel ressocializa\u00e7\u00e3o, o jovem garante que as rodas de conversas sobre os filmes, ap\u00f3s a vinda do <em>home theater<\/em>, deixaram-no mais desembara\u00e7ado. \u201cEu era calado, todo quieto. Agora eu estou aprendendo a conviver melhor com as pessoas\u201d, diz ainda um pouco encabulado.<\/p>\n<p>Coincid\u00eancia ou n\u00e3o, em minutos a timidez d\u00e1 lugar a uma conversa mais espont\u00e2nea. Diz que frequentou a Igreja Batista durante um m\u00eas \u201cpra ver se tomava jeito\u201d, a pedido de uma tia que o tirou de Manguinhos e o levou para viver na localidade Jardim do Ip\u00ea, em <a href=\"http:\/\/bit.ly\/1f29MNz\">Belford Roxo<\/a>. Por\u00e9m continuou a praticar furtos. Foi quando a dura realidade lhe freou a dire\u00e7\u00e3o para um caminho que poderia n\u00e3o ter mais volta. \u201cFoi quando descobri que a <a href=\"http:\/\/bit.ly\/1fQqGHL\" target=\"_blank\" rel=\"noopener noreferrer\">mil\u00edcia<\/a> tava atr\u00e1s de mim. Vieram uns homens perguntando por mim pra minha tia, mas ela sempre mentia, dizendo que eu n\u00e3o estava. Ela j\u00e1 sabia o que estava acontecendo. Na terceira vez que eu roubei, veio um corsa preto, parou na casa da minha tia e um deles falou assim mesmo &#8216;se eu ver, passo o cerol&#8217;. A\u00ed ela me botou aqui\u201d, explica Lucas.<\/p>\n<p>Gabriel (tamb\u00e9m nome fict\u00edcio) tem a mesma idade de Lucas, mas hist\u00f3rico um pouco diferente, incluindo uso de drogas e tamb\u00e9m pequenos furtos. Morava em uma <a href=\"http:\/\/bit.ly\/ZTHGw8\" target=\"_blank\" rel=\"noopener noreferrer\">cracol\u00e2ndia em Bonsucesso<\/a>, perto da entrada da comunidade <a href=\"http:\/\/bit.ly\/1sscKdX\" target=\"_blank\" rel=\"noopener noreferrer\">Nova Holanda<\/a>, no <a href=\"http:\/\/bit.ly\/2jQgHwX\" target=\"_blank\" rel=\"noopener noreferrer\">Complexo da Mar\u00e9<\/a>, \u00e0s margens da <a href=\"http:\/\/bit.ly\/2u8AUDZ\" target=\"_blank\" rel=\"noopener noreferrer\">Avenida Brasil<\/a>. Antes de vir para a Casa do Menor, passou pelo <a href=\"http:\/\/bit.ly\/2pR9GD1\" target=\"_blank\" rel=\"noopener noreferrer\">Conselho Tutelar<\/a> da regi\u00e3o, que achou por bem lev\u00e1-lo para um abrigo nas imedia\u00e7\u00f5es. Acabou sendo enviado para uma cust\u00f3dia provis\u00f3ria no Hospital Geral de Bonsucesso e dali para Del Castilho. \u201cS\u00f3 que eu n\u00e3o estava me recuperando em nenhum desses lugares porque ali rolava muito crack tamb\u00e9m. Se eu ficasse mais tempo l\u00e1 eu ia morrer\u201d, conta Gabriel.<\/p>\n<p><a href=\"http:\/\/rioonwatch.org.br\/wp-content\/uploads\/2018\/05\/CASA-DO-MENOR-4.jpg\"><img loading=\"lazy\" decoding=\"async\" class=\"aligncenter wp-image-32836 size-content\" title=\"\u00c1rea externa da Casa. Foto: Fabio Leon.\" src=\"http:\/\/rioonwatch.org.br\/wp-content\/uploads\/2018\/05\/CASA-DO-MENOR-4-620x264.jpg\" alt=\"\" width=\"620\" height=\"264\" srcset=\"https:\/\/rioonwatch.org.br\/wp-content\/uploads\/2018\/05\/CASA-DO-MENOR-4-620x264.jpg 620w, https:\/\/rioonwatch.org.br\/wp-content\/uploads\/2018\/05\/CASA-DO-MENOR-4-940x400.jpg 940w\" sizes=\"(max-width: 620px) 100vw, 620px\" \/><\/a><\/p>\n<p>Embora seja uma institui\u00e7\u00e3o de acolhimento e reinser\u00e7\u00e3o para crian\u00e7as e adolescentes e muitos ali n\u00e3o apresentem sinais de periculosidade em seus cotidianos, a Casa do Menor n\u00e3o \u00e9 uma unanimidade. Cercada por desconfian\u00e7as dentre os moradores de suas cercanias, epis\u00f3dios isolados foram mais do que suficientes para que certos vizinhos formassem uma comiss\u00e3o de vigil\u00e2ncia armada no local. Qualquer sinal de suposta desordem<em>, <\/em>a coordenadora geral da Casa, Renata Barros \u00e9 chamada para fornecer esclarecimentos sobre o que, para eles, possa ser sinal de suspeita.<\/p>\n<p>\u201cPelo menos uma ou duas vezes no m\u00eas eles me convidam para as &#8220;reuni\u00f5es de condom\u00ednio&#8221;<em>.<\/em> \u00c9 tudo uma quest\u00e3o de averigua\u00e7\u00e3o, pois quando algum adolescente come\u00e7a a cometer roubos e furtos por aqui, eles j\u00e1 me perguntam se \u00e9 &#8216;um dos meus meninos&#8217;\u201d, explica Renata. Pergunto se ela tem medo de falar com os membros da comiss\u00e3o. Ela abre um sorriso de canto de boca e responde calmamente: \u201cEu consegui estabelecer um pacto de confian\u00e7a. No momento em que isso for quebrado, eu n\u00e3o sei o que fa\u00e7o\u201d, diz.<\/p>\n<p>Ela lembra de uma situa\u00e7\u00e3o ocorrida h\u00e1 alguns anos, que seria c\u00f4mica se n\u00e3o fosse tensa. \u201cTeve uma queda de energia aqui na parte da noite e estava muito calor. Seria uma maldade deix\u00e1-los trancados nos alojamentos e pedi para que eles ficassem l\u00e1 fora. O problema \u00e9 que com o t\u00e9dio e a energia desses meninos, eles come\u00e7aram a fazer uma algazarra. N\u00e3o deu nem meia hora, <a href=\"http:\/\/bit.ly\/2buISj2\" target=\"_blank\" rel=\"noopener noreferrer\">havia v\u00e1rios carros da pol\u00edcia<\/a> ali fora, <a href=\"http:\/\/bit.ly\/1RSGRdy\" target=\"_blank\" rel=\"noopener noreferrer\">Batalh\u00e3o de Choque<\/a>\u00a0 e chegaram at\u00e9 a tacar uma bomba de efeito moral por cima do muro da institui\u00e7\u00e3o. Com o barulho, os moradores pensaram que era um motim\u201d, explica. Um roteiro quase t\u00e3o fant\u00e1stico quanto os motivos que levaram um <em>home theater<\/em> de R$7.500 a fazer parte do patrim\u00f4nio da Casa do Menor.<\/p>\n<p><em>Mat\u00e9ria escrita por Fabio Leon\u00a0e produzida por parceria entre RioOnWatch e o\u00a0<a href=\"http:\/\/bit.ly\/2uOOkXZ\" target=\"_blank\" rel=\"noopener noreferrer\">F\u00f3rum Grita Baixada<\/a>. Fabio Leon \u00e9 jornalista e ativista dos direitos humanos e assessor de comunica\u00e7\u00e3o no F\u00f3rum Grita Baixada. O F\u00f3rum Grita Baixada \u00e9 um f\u00f3rum de pessoas e institui\u00e7\u00f5es articuladas em torno da Baixada Fluminense, tendo como foco o desenvolvimento de estrat\u00e9gias, o fomento de articula\u00e7\u00f5es e a incid\u00eancia pol\u00edtica no campo da seguran\u00e7a p\u00fablica, entendida como elemento para a cidadania e efetiva\u00e7\u00e3o do direito \u00e0 cidade.\u00a0Siga o F\u00f3rum Grita Baixada\u00a0pelo\u00a0<a href=\"http:\/\/bit.ly\/2vwxO06\" target=\"_blank\" rel=\"noopener noreferrer\">Facebook aqui<\/a>.<\/em><\/p>\n<!-- AddThis Advanced Settings generic via filter on the_content --><!-- AddThis Share Buttons generic via filter on the_content -->","protected":false},"excerpt":{"rendered":"<div class=\"mh-excerpt\"><p>Click Here for English Tingu\u00e1 \u00e9 uma regi\u00e3o bastante buc\u00f3lica de Nova Igua\u00e7u, cercada por morros com densa vegeta\u00e7\u00e3o e \u00e1reas de prote\u00e7\u00e3o ambiental. O que quebra a vis\u00e3o de tanto verde s\u00e3o as comunidades <a class=\"mh-excerpt-more\" href=\"https:\/\/rioonwatch.org.br\/?p=32834\" title=\"A Casa do Menor de Nova Igua\u00e7u e o Home Theater de S\u00e9rgio Cabral\">[&#8230;]<\/a><!-- AddThis Advanced Settings generic via filter on get_the_excerpt --><!-- AddThis Share Buttons generic via filter on get_the_excerpt --><\/p>\n<\/div>","protected":false},"author":152,"featured_media":32838,"comment_status":"closed","ping_status":"closed","sticky":false,"template":"","format":"standard","meta":{"_acf_changed":false,"_monsterinsights_skip_tracking":false,"_monsterinsights_sitenote_active":false,"_monsterinsights_sitenote_note":"","_monsterinsights_sitenote_category":0,"footnotes":""},"categories":[1621,1629,1625,1613,1620,342],"tags":[1854,1579,50,332,1321,1239,876,316,1306,2179,1307,113,636,482,961,774,786,380,1999,1763],"writer":[2177],"translator":[],"source":[],"ilustrador":[],"fotografo":[],"class_list":{"0":"post-32834","1":"post","2":"type-post","3":"status-publish","4":"format-standard","5":"has-post-thumbnail","7":"category-destaque","8":"category-entrevistas-e-perfis","9":"category-por-correspondentes-comunitarios","10":"category-midia-comunitaria","11":"category-olhonaupp","12":"category-solucoes","13":"tag-avenida-brasil","14":"tag-belford-roxo","15":"tag-cinema","16":"tag-complexo-da-mare","17":"tag-cracolandia","18":"tag-criminalizacao-da-pobreza","19":"tag-direitos-da-crianca","20":"tag-educacao","21":"tag-exclusao","22":"tag-forum-grita-baixada","23":"tag-inclusao","24":"tag-juventude","25":"tag-manguinhos","26":"tag-milicia","27":"tag-nova-iguacu","28":"tag-policia-militar","29":"tag-governador-sergio-cabral","30":"tag-solidariedade","31":"tag-tingua","32":"tag-tropa-de-choque","33":"writer-fabio-leon"},"acf":[],"yoast_head":"<!-- This site is optimized with the Yoast SEO plugin v25.6 - https:\/\/yoast.com\/wordpress\/plugins\/seo\/ -->\n<title>A Casa do Menor de Nova Igua\u00e7u e o Home Theater de S\u00e9rgio Cabral - RioOnWatch<\/title>\n<meta name=\"robots\" content=\"index, follow, max-snippet:-1, max-image-preview:large, max-video-preview:-1\" \/>\n<link rel=\"canonical\" href=\"https:\/\/rioonwatch.org.br\/?p=32834\" \/>\n<meta property=\"og:locale\" content=\"pt_BR\" \/>\n<meta property=\"og:type\" content=\"article\" \/>\n<meta property=\"og:title\" content=\"A Casa do Menor de Nova Igua\u00e7u e o Home Theater de S\u00e9rgio Cabral - RioOnWatch\" \/>\n<meta property=\"og:description\" content=\"Click Here for English Tingu\u00e1 \u00e9 uma regi\u00e3o bastante buc\u00f3lica de Nova Igua\u00e7u, cercada por morros com densa vegeta\u00e7\u00e3o e \u00e1reas de prote\u00e7\u00e3o ambiental. O que quebra a vis\u00e3o de tanto verde s\u00e3o as comunidades [...]\" \/>\n<meta property=\"og:url\" content=\"https:\/\/rioonwatch.org.br\/?p=32834\" \/>\n<meta property=\"og:site_name\" content=\"RioOnWatch\" \/>\n<meta property=\"article:published_time\" content=\"2018-05-20T15:12:19+00:00\" \/>\n<meta property=\"article:modified_time\" content=\"2020-10-11T14:29:07+00:00\" \/>\n<meta property=\"og:image\" content=\"https:\/\/rioonwatch.org.br\/wp-content\/uploads\/2018\/05\/Casa-do-MENOR-2.jpg\" \/>\n\t<meta property=\"og:image:width\" content=\"2560\" \/>\n\t<meta property=\"og:image:height\" content=\"1920\" \/>\n\t<meta property=\"og:image:type\" content=\"image\/jpeg\" \/>\n<meta name=\"author\" content=\"Luisa Fenizola\" \/>\n<meta name=\"twitter:card\" content=\"summary_large_image\" \/>\n<meta name=\"twitter:label1\" content=\"Escrito por\" \/>\n\t<meta name=\"twitter:data1\" content=\"Luisa Fenizola\" \/>\n\t<meta name=\"twitter:label2\" content=\"Est. tempo de leitura\" \/>\n\t<meta name=\"twitter:data2\" content=\"7 minutos\" \/>\n<script type=\"application\/ld+json\" class=\"yoast-schema-graph\">{\"@context\":\"https:\/\/schema.org\",\"@graph\":[{\"@type\":\"Article\",\"@id\":\"https:\/\/rioonwatch.org.br\/?p=32834#article\",\"isPartOf\":{\"@id\":\"https:\/\/rioonwatch.org.br\/?p=32834\"},\"author\":{\"name\":\"Luisa Fenizola\",\"@id\":\"https:\/\/rioonwatch.org.br\/#\/schema\/person\/f443c6b55bb6e80842280318076491c5\"},\"headline\":\"A Casa do Menor de Nova Igua\u00e7u e o Home Theater de S\u00e9rgio Cabral\",\"datePublished\":\"2018-05-20T15:12:19+00:00\",\"dateModified\":\"2020-10-11T14:29:07+00:00\",\"mainEntityOfPage\":{\"@id\":\"https:\/\/rioonwatch.org.br\/?p=32834\"},\"wordCount\":1467,\"publisher\":{\"@id\":\"https:\/\/rioonwatch.org.br\/#organization\"},\"image\":{\"@id\":\"https:\/\/rioonwatch.org.br\/?p=32834#primaryimage\"},\"thumbnailUrl\":\"https:\/\/rioonwatch.org.br\/wp-content\/uploads\/2018\/05\/Casa-do-MENOR-2.jpg\",\"keywords\":[\"Avenida Brasil\",\"Belford Roxo\",\"cinema\",\"Complexo da Mar\u00e9\",\"cracol\u00e2ndia\",\"criminaliza\u00e7\u00e3o da pobreza\",\"direitos da crian\u00e7a\",\"educa\u00e7\u00e3o\",\"exclus\u00e3o\",\"F\u00f3rum Grita Baixada\",\"inclus\u00e3o\",\"juventude\",\"Manguinhos\",\"Mil\u00edcia\",\"Nova Igua\u00e7u\",\"Pol\u00edcia Militar\",\"S\u00e9rgio Cabral\",\"solidariedade\",\"Tingu\u00e1\",\"Tropa de Choque\"],\"articleSection\":[\"*Destaque\",\"Entrevistas e Perfis\",\"Escrito por Comunicadores Populares\",\"M\u00eddia Comunit\u00e1ria\",\"Seguran\u00e7a P\u00fablica\",\"Solu\u00e7\u00f5es\"],\"inLanguage\":\"pt-BR\"},{\"@type\":\"WebPage\",\"@id\":\"https:\/\/rioonwatch.org.br\/?p=32834\",\"url\":\"https:\/\/rioonwatch.org.br\/?p=32834\",\"name\":\"A Casa do Menor de Nova Igua\u00e7u e o Home Theater de S\u00e9rgio Cabral - RioOnWatch\",\"isPartOf\":{\"@id\":\"https:\/\/rioonwatch.org.br\/#website\"},\"primaryImageOfPage\":{\"@id\":\"https:\/\/rioonwatch.org.br\/?p=32834#primaryimage\"},\"image\":{\"@id\":\"https:\/\/rioonwatch.org.br\/?p=32834#primaryimage\"},\"thumbnailUrl\":\"https:\/\/rioonwatch.org.br\/wp-content\/uploads\/2018\/05\/Casa-do-MENOR-2.jpg\",\"datePublished\":\"2018-05-20T15:12:19+00:00\",\"dateModified\":\"2020-10-11T14:29:07+00:00\",\"breadcrumb\":{\"@id\":\"https:\/\/rioonwatch.org.br\/?p=32834#breadcrumb\"},\"inLanguage\":\"pt-BR\",\"potentialAction\":[{\"@type\":\"ReadAction\",\"target\":[\"https:\/\/rioonwatch.org.br\/?p=32834\"]}]},{\"@type\":\"ImageObject\",\"inLanguage\":\"pt-BR\",\"@id\":\"https:\/\/rioonwatch.org.br\/?p=32834#primaryimage\",\"url\":\"https:\/\/rioonwatch.org.br\/wp-content\/uploads\/2018\/05\/Casa-do-MENOR-2.jpg\",\"contentUrl\":\"https:\/\/rioonwatch.org.br\/wp-content\/uploads\/2018\/05\/Casa-do-MENOR-2.jpg\",\"width\":2560,\"height\":1920},{\"@type\":\"BreadcrumbList\",\"@id\":\"https:\/\/rioonwatch.org.br\/?p=32834#breadcrumb\",\"itemListElement\":[{\"@type\":\"ListItem\",\"position\":1,\"name\":\"In\u00edcio\",\"item\":\"https:\/\/rioonwatch.org.br\/\"},{\"@type\":\"ListItem\",\"position\":2,\"name\":\"A Casa do Menor de Nova Igua\u00e7u e o Home Theater de S\u00e9rgio Cabral\"}]},{\"@type\":\"WebSite\",\"@id\":\"https:\/\/rioonwatch.org.br\/#website\",\"url\":\"https:\/\/rioonwatch.org.br\/\",\"name\":\"RioOnWatch\",\"description\":\"relatos das favelas cariocas\",\"publisher\":{\"@id\":\"https:\/\/rioonwatch.org.br\/#organization\"},\"potentialAction\":[{\"@type\":\"SearchAction\",\"target\":{\"@type\":\"EntryPoint\",\"urlTemplate\":\"https:\/\/rioonwatch.org.br\/?s={search_term_string}\"},\"query-input\":{\"@type\":\"PropertyValueSpecification\",\"valueRequired\":true,\"valueName\":\"search_term_string\"}}],\"inLanguage\":\"pt-BR\"},{\"@type\":\"Organization\",\"@id\":\"https:\/\/rioonwatch.org.br\/#organization\",\"name\":\"RioOnWatch\",\"url\":\"https:\/\/rioonwatch.org.br\/\",\"logo\":{\"@type\":\"ImageObject\",\"inLanguage\":\"pt-BR\",\"@id\":\"https:\/\/rioonwatch.org.br\/#\/schema\/logo\/image\/\",\"url\":\"https:\/\/rioonwatch.org.br\/wp-content\/uploads\/2021\/06\/RioOnWatchcabecalhoPT11anos-2.png\",\"contentUrl\":\"https:\/\/rioonwatch.org.br\/wp-content\/uploads\/2021\/06\/RioOnWatchcabecalhoPT11anos-2.png\",\"width\":779,\"height\":277,\"caption\":\"RioOnWatch\"},\"image\":{\"@id\":\"https:\/\/rioonwatch.org.br\/#\/schema\/logo\/image\/\"}},{\"@type\":\"Person\",\"@id\":\"https:\/\/rioonwatch.org.br\/#\/schema\/person\/f443c6b55bb6e80842280318076491c5\",\"name\":\"Luisa Fenizola\",\"image\":{\"@type\":\"ImageObject\",\"inLanguage\":\"pt-BR\",\"@id\":\"https:\/\/rioonwatch.org.br\/#\/schema\/person\/image\/\",\"url\":\"https:\/\/secure.gravatar.com\/avatar\/a3d551110162b9f876cbbdaaecf75663?s=96&d=blank&r=g\",\"contentUrl\":\"https:\/\/secure.gravatar.com\/avatar\/a3d551110162b9f876cbbdaaecf75663?s=96&d=blank&r=g\",\"caption\":\"Luisa Fenizola\"},\"url\":\"https:\/\/rioonwatch.org.br\/?author=152\"}]}<\/script>\n<!-- \/ Yoast SEO plugin. -->","yoast_head_json":{"title":"A Casa do Menor de Nova Igua\u00e7u e o Home Theater de S\u00e9rgio Cabral - RioOnWatch","robots":{"index":"index","follow":"follow","max-snippet":"max-snippet:-1","max-image-preview":"max-image-preview:large","max-video-preview":"max-video-preview:-1"},"canonical":"https:\/\/rioonwatch.org.br\/?p=32834","og_locale":"pt_BR","og_type":"article","og_title":"A Casa do Menor de Nova Igua\u00e7u e o Home Theater de S\u00e9rgio Cabral - RioOnWatch","og_description":"Click Here for English Tingu\u00e1 \u00e9 uma regi\u00e3o bastante buc\u00f3lica de Nova Igua\u00e7u, cercada por morros com densa vegeta\u00e7\u00e3o e \u00e1reas de prote\u00e7\u00e3o ambiental. O que quebra a vis\u00e3o de tanto verde s\u00e3o as comunidades [...]","og_url":"https:\/\/rioonwatch.org.br\/?p=32834","og_site_name":"RioOnWatch","article_published_time":"2018-05-20T15:12:19+00:00","article_modified_time":"2020-10-11T14:29:07+00:00","og_image":[{"width":2560,"height":1920,"url":"https:\/\/rioonwatch.org.br\/wp-content\/uploads\/2018\/05\/Casa-do-MENOR-2.jpg","type":"image\/jpeg"}],"author":"Luisa Fenizola","twitter_card":"summary_large_image","twitter_misc":{"Escrito por":"Luisa Fenizola","Est. tempo de leitura":"7 minutos"},"schema":{"@context":"https:\/\/schema.org","@graph":[{"@type":"Article","@id":"https:\/\/rioonwatch.org.br\/?p=32834#article","isPartOf":{"@id":"https:\/\/rioonwatch.org.br\/?p=32834"},"author":{"name":"Luisa Fenizola","@id":"https:\/\/rioonwatch.org.br\/#\/schema\/person\/f443c6b55bb6e80842280318076491c5"},"headline":"A Casa do Menor de Nova Igua\u00e7u e o Home Theater de S\u00e9rgio Cabral","datePublished":"2018-05-20T15:12:19+00:00","dateModified":"2020-10-11T14:29:07+00:00","mainEntityOfPage":{"@id":"https:\/\/rioonwatch.org.br\/?p=32834"},"wordCount":1467,"publisher":{"@id":"https:\/\/rioonwatch.org.br\/#organization"},"image":{"@id":"https:\/\/rioonwatch.org.br\/?p=32834#primaryimage"},"thumbnailUrl":"https:\/\/rioonwatch.org.br\/wp-content\/uploads\/2018\/05\/Casa-do-MENOR-2.jpg","keywords":["Avenida Brasil","Belford Roxo","cinema","Complexo da Mar\u00e9","cracol\u00e2ndia","criminaliza\u00e7\u00e3o da pobreza","direitos da crian\u00e7a","educa\u00e7\u00e3o","exclus\u00e3o","F\u00f3rum Grita Baixada","inclus\u00e3o","juventude","Manguinhos","Mil\u00edcia","Nova Igua\u00e7u","Pol\u00edcia Militar","S\u00e9rgio Cabral","solidariedade","Tingu\u00e1","Tropa de Choque"],"articleSection":["*Destaque","Entrevistas e Perfis","Escrito por Comunicadores Populares","M\u00eddia Comunit\u00e1ria","Seguran\u00e7a P\u00fablica","Solu\u00e7\u00f5es"],"inLanguage":"pt-BR"},{"@type":"WebPage","@id":"https:\/\/rioonwatch.org.br\/?p=32834","url":"https:\/\/rioonwatch.org.br\/?p=32834","name":"A Casa do Menor de Nova Igua\u00e7u e o Home Theater de S\u00e9rgio Cabral - RioOnWatch","isPartOf":{"@id":"https:\/\/rioonwatch.org.br\/#website"},"primaryImageOfPage":{"@id":"https:\/\/rioonwatch.org.br\/?p=32834#primaryimage"},"image":{"@id":"https:\/\/rioonwatch.org.br\/?p=32834#primaryimage"},"thumbnailUrl":"https:\/\/rioonwatch.org.br\/wp-content\/uploads\/2018\/05\/Casa-do-MENOR-2.jpg","datePublished":"2018-05-20T15:12:19+00:00","dateModified":"2020-10-11T14:29:07+00:00","breadcrumb":{"@id":"https:\/\/rioonwatch.org.br\/?p=32834#breadcrumb"},"inLanguage":"pt-BR","potentialAction":[{"@type":"ReadAction","target":["https:\/\/rioonwatch.org.br\/?p=32834"]}]},{"@type":"ImageObject","inLanguage":"pt-BR","@id":"https:\/\/rioonwatch.org.br\/?p=32834#primaryimage","url":"https:\/\/rioonwatch.org.br\/wp-content\/uploads\/2018\/05\/Casa-do-MENOR-2.jpg","contentUrl":"https:\/\/rioonwatch.org.br\/wp-content\/uploads\/2018\/05\/Casa-do-MENOR-2.jpg","width":2560,"height":1920},{"@type":"BreadcrumbList","@id":"https:\/\/rioonwatch.org.br\/?p=32834#breadcrumb","itemListElement":[{"@type":"ListItem","position":1,"name":"In\u00edcio","item":"https:\/\/rioonwatch.org.br\/"},{"@type":"ListItem","position":2,"name":"A Casa do Menor de Nova Igua\u00e7u e o Home Theater de S\u00e9rgio Cabral"}]},{"@type":"WebSite","@id":"https:\/\/rioonwatch.org.br\/#website","url":"https:\/\/rioonwatch.org.br\/","name":"RioOnWatch","description":"relatos das favelas cariocas","publisher":{"@id":"https:\/\/rioonwatch.org.br\/#organization"},"potentialAction":[{"@type":"SearchAction","target":{"@type":"EntryPoint","urlTemplate":"https:\/\/rioonwatch.org.br\/?s={search_term_string}"},"query-input":{"@type":"PropertyValueSpecification","valueRequired":true,"valueName":"search_term_string"}}],"inLanguage":"pt-BR"},{"@type":"Organization","@id":"https:\/\/rioonwatch.org.br\/#organization","name":"RioOnWatch","url":"https:\/\/rioonwatch.org.br\/","logo":{"@type":"ImageObject","inLanguage":"pt-BR","@id":"https:\/\/rioonwatch.org.br\/#\/schema\/logo\/image\/","url":"https:\/\/rioonwatch.org.br\/wp-content\/uploads\/2021\/06\/RioOnWatchcabecalhoPT11anos-2.png","contentUrl":"https:\/\/rioonwatch.org.br\/wp-content\/uploads\/2021\/06\/RioOnWatchcabecalhoPT11anos-2.png","width":779,"height":277,"caption":"RioOnWatch"},"image":{"@id":"https:\/\/rioonwatch.org.br\/#\/schema\/logo\/image\/"}},{"@type":"Person","@id":"https:\/\/rioonwatch.org.br\/#\/schema\/person\/f443c6b55bb6e80842280318076491c5","name":"Luisa Fenizola","image":{"@type":"ImageObject","inLanguage":"pt-BR","@id":"https:\/\/rioonwatch.org.br\/#\/schema\/person\/image\/","url":"https:\/\/secure.gravatar.com\/avatar\/a3d551110162b9f876cbbdaaecf75663?s=96&d=blank&r=g","contentUrl":"https:\/\/secure.gravatar.com\/avatar\/a3d551110162b9f876cbbdaaecf75663?s=96&d=blank&r=g","caption":"Luisa Fenizola"},"url":"https:\/\/rioonwatch.org.br\/?author=152"}]}},"_links":{"self":[{"href":"https:\/\/rioonwatch.org.br\/index.php?rest_route=\/wp\/v2\/posts\/32834"}],"collection":[{"href":"https:\/\/rioonwatch.org.br\/index.php?rest_route=\/wp\/v2\/posts"}],"about":[{"href":"https:\/\/rioonwatch.org.br\/index.php?rest_route=\/wp\/v2\/types\/post"}],"author":[{"embeddable":true,"href":"https:\/\/rioonwatch.org.br\/index.php?rest_route=\/wp\/v2\/users\/152"}],"replies":[{"embeddable":true,"href":"https:\/\/rioonwatch.org.br\/index.php?rest_route=%2Fwp%2Fv2%2Fcomments&post=32834"}],"version-history":[{"count":12,"href":"https:\/\/rioonwatch.org.br\/index.php?rest_route=\/wp\/v2\/posts\/32834\/revisions"}],"predecessor-version":[{"id":50843,"href":"https:\/\/rioonwatch.org.br\/index.php?rest_route=\/wp\/v2\/posts\/32834\/revisions\/50843"}],"wp:featuredmedia":[{"embeddable":true,"href":"https:\/\/rioonwatch.org.br\/index.php?rest_route=\/wp\/v2\/media\/32838"}],"wp:attachment":[{"href":"https:\/\/rioonwatch.org.br\/index.php?rest_route=%2Fwp%2Fv2%2Fmedia&parent=32834"}],"wp:term":[{"taxonomy":"category","embeddable":true,"href":"https:\/\/rioonwatch.org.br\/index.php?rest_route=%2Fwp%2Fv2%2Fcategories&post=32834"},{"taxonomy":"post_tag","embeddable":true,"href":"https:\/\/rioonwatch.org.br\/index.php?rest_route=%2Fwp%2Fv2%2Ftags&post=32834"},{"taxonomy":"writer","embeddable":true,"href":"https:\/\/rioonwatch.org.br\/index.php?rest_route=%2Fwp%2Fv2%2Fwriter&post=32834"},{"taxonomy":"translator","embeddable":true,"href":"https:\/\/rioonwatch.org.br\/index.php?rest_route=%2Fwp%2Fv2%2Ftranslator&post=32834"},{"taxonomy":"source","embeddable":true,"href":"https:\/\/rioonwatch.org.br\/index.php?rest_route=%2Fwp%2Fv2%2Fsource&post=32834"},{"taxonomy":"ilustrador","embeddable":true,"href":"https:\/\/rioonwatch.org.br\/index.php?rest_route=%2Fwp%2Fv2%2Filustrador&post=32834"},{"taxonomy":"fotografo","embeddable":true,"href":"https:\/\/rioonwatch.org.br\/index.php?rest_route=%2Fwp%2Fv2%2Ffotografo&post=32834"}],"curies":[{"name":"wp","href":"https:\/\/api.w.org\/{rel}","templated":true}]}}