{"id":32841,"date":"2018-05-14T10:57:05","date_gmt":"2018-05-14T13:57:05","guid":{"rendered":"http:\/\/rioonwatch.org.br\/?p=32841"},"modified":"2024-05-24T12:40:12","modified_gmt":"2024-05-24T15:40:12","slug":"paloma-gomes-eu-sou-porque-marielle-sempre-sera-legadomarielle-entrevista","status":"publish","type":"post","link":"https:\/\/rioonwatch.org.br\/?p=32841","title":{"rendered":"Paloma Gomes: &#8216;Eu Sou Porque Marielle Sempre Ser\u00e1&#8217; #LegadoMarielle [ENTREVISTA]"},"content":{"rendered":"<p style=\"text-align: right;\"><em><strong><a href=\"http:\/\/bit.ly\/2IXdJTF\" target=\"_blank\" rel=\"noopener noreferrer\">Click Here for English<img decoding=\"async\" width=\"20\" height=\"20\" class=\"alignright wp-image-15790\" src=\"http:\/\/rioonwatch.org.br\/wp-content\/uploads\/2012\/08\/EN-standard-e1439583104716.jpg\" \/><\/a><\/strong><\/em><\/p>\n<p>Nos <a href=\"http:\/\/bit.ly\/2jX9pce\" target=\"_blank\" rel=\"noopener\">60 dias<\/a> desde o assassinato de <a href=\"http:\/\/bit.ly\/2ibXBBl\" target=\"_blank\" rel=\"noopener\">Marielle Franco<\/a>, centenas de mat\u00e9rias, a\u00e7\u00f5es, encontros e homenagens foram feitos \u00e0 vereadora que surpreendeu o Brasil e <a href=\"http:\/\/bit.ly\/2FWSjoc\" target=\"_blank\" rel=\"noopener\">o mundo<\/a> com seu cora\u00e7\u00e3o e sua luta, luta essa que sempre ser\u00e1 um importante objeto de debate em um pa\u00eds t\u00e3o desigual como o Brasil.\u00a0Eu, Edilano Cavalcante, coordenador da ag\u00eancia de comunica\u00e7\u00e3o comunit\u00e1ria\u00a0<a href=\"http:\/\/bit.ly\/2hAT0f6\" target=\"_blank\" rel=\"noopener\"><em>Fala Manguinhos!<\/em><\/a>, conversei com uma moradora de <a href=\"http:\/\/bit.ly\/ZC9b6z\" target=\"_blank\" rel=\"noopener\">Manguinhos<\/a> que, desde o dia em que conheceu Marielle Franco, antes mesmo que ela se tornasse uma vereadora ativa na cidade do Rio de Janeiro, j\u00e1 sentia a sua for\u00e7a e a admirava e apoiava. Seu nome \u00e9 Paloma Gomes.<\/p>\n<p>Paloma tem 30 anos e desde os 18 anos atua no territ\u00f3rio onde cresceu como educadora infantil. Sua aproxima\u00e7\u00e3o \u00e0 Marielle tem muito a ver com a necessidade que sentia de expandir seu campo de atua\u00e7\u00e3o no territ\u00f3rio ao se juntar a colegas de profiss\u00e3o tamb\u00e9m engajados na luta pela <a href=\"http:\/\/bit.ly\/1acNApR\" target=\"_blank\" rel=\"noopener\">educa\u00e7\u00e3o<\/a> p\u00fablica de qualidade. Emocionada ao relembrar todos esses momentos com Marielle, Paloma divide conosco sua trajet\u00f3ria de luta ao lado de sua maior inspira\u00e7\u00e3o.<\/p>\n<h3>Edilano Cavalcante: Como voc\u00ea conheceu a Marielle?<\/h3>\n<p><strong>Paloma Gomes<\/strong>: Quando eu comecei a me envolver nas lutas pela dignidade educacional, participando de greves e movimentos de rua com outros profissionais, eu conheci o <a href=\"http:\/\/bit.ly\/2cPkd9v\" target=\"_blank\" rel=\"noopener\">PSOL<\/a>\u00a0(Partido Socialismo e Liberdade, do qual Marielle fazia parte) e, como eles estavam juntos a essas lutas, ent\u00e3o resolvi me aproximar do Partido no intuito de entender como essa engrenagem funciona e como eu poderia ajudar o territ\u00f3rio atrav\u00e9s desse espa\u00e7o, utilizando a for\u00e7a de mais pessoas com o mesmo prop\u00f3sito.<\/p>\n<p>Ent\u00e3o o primeiro encontro popular que planejei para Manguinhos, numa necessidade de conhecer quem eram os protagonistas sociais locais, surgiu a partir de uma experi\u00eancia que vi na <a href=\"http:\/\/bit.ly\/2jQgHwX\" target=\"_blank\" rel=\"noopener\">Mar\u00e9<\/a>, de di\u00e1logo na rua, com roda de conversas entre os adultos, atividades para as crian\u00e7as, e outras coisas que me encantaram. Logo depois descobri que quem produzia esses encontros que eu vi na internet era a Mari, ent\u00e3o mandei uma mensagem pra ela perguntando se ela poderia me ajudar a fazer um aqui no territ\u00f3rio.<\/p>\n<p>A resposta dela foi: \u201cn\u00e3o, voc\u00ea far\u00e1 o encontro do seu jeito, com as pessoas que voc\u00ea quiser e eu vou chegar junto para fortalecer o que voc\u00ea fizer. Voc\u00ea tem todas as ferramentas para isso\u201d. E eu fui l\u00e1 e fiz. Ela deu suporte, apoiou e ficou muito feliz quando mandei as fotos pra ela dizendo como eu tinha ficado encantada com as pot\u00eancias do bairro onde sempre morei e que nunca tinha percebido. [Essa troca inicial] foi o suficiente pra saber que aquela mulher seria minha inspira\u00e7\u00e3o de luta.<\/p>\n<p>Eu tenho dois momentos de minha vida: a Paloma que s\u00f3 conhecia a favela onde as pessoas n\u00e3o tinham direitos, morriam e viravam apenas estat\u00edsticas, e a nova Paloma, que conheceu os <a href=\"http:\/\/bit.ly\/1XjdXct\" target=\"_blank\" rel=\"noopener\">movimentos sociais<\/a> de Manguinhos.<\/p>\n<p><a href=\"http:\/\/rioonwatch.org.br\/wp-content\/uploads\/2018\/05\/paloma2.jpg\"><img fetchpriority=\"high\" decoding=\"async\" class=\"aligncenter wp-image-32874 size-content\" title=\"Palome e Marielle em evento pela vida das mulheres. Foto: Arquivo Pessoal\" src=\"http:\/\/rioonwatch.org.br\/wp-content\/uploads\/2018\/05\/paloma2-620x264.jpg\" alt=\"\" width=\"620\" height=\"264\" srcset=\"https:\/\/rioonwatch.org.br\/wp-content\/uploads\/2018\/05\/paloma2-620x264.jpg 620w, https:\/\/rioonwatch.org.br\/wp-content\/uploads\/2018\/05\/paloma2-940x400.jpg 940w\" sizes=\"(max-width: 620px) 100vw, 620px\" \/><\/a><\/p>\n<h3>EC: Como iniciou essa rela\u00e7\u00e3o de amizade entre voc\u00eas?<\/h3>\n<p><strong>Paloma:<\/strong>\u00a0Ap\u00f3s o evento, eu contei pra ela o impacto que aquilo havia tido em minha vida e como eu gostaria de dar continuidade a esse di\u00e1logo com as pessoas do meu bairro. Em seguida, ela me convidou para apoiar a sua campanha e desde ent\u00e3o ela se tornou minha for\u00e7a, minha refer\u00eancia como ser pol\u00edtico, social e de luta.<\/p>\n<p>A Mari tinha a incr\u00edvel capacidade de amar intensamente e ser firme com quem ela dava esse amor. Comigo n\u00e3o foi diferente. Mesmo ela tendo muitos compromissos, ela sempre foi muito presente. Nem sei como ela conseguia fazer isso! Todas as vezes que eu ligava pra ela, ela sempre tinha disponibilidade de me atender ou vir ao meu encontro caso fosse necess\u00e1rio, mesmo com as mil coisas em que estivesse envolvida. E sempre tinha uma for\u00e7a que saia de sua voz, em forma de conselhos, um abra\u00e7o pra mostrar que eu podia contar com ela ou mesmo um olhar de conforto. Ela nunca me deixava vazia.<\/p>\n<p>Quando foi eleita, ela me chamou para participar do mandato, mas eu disse pra ela que preferia ficar na educa\u00e7\u00e3o naquele momento. Mas pedi que ela me desse voz, que eu pudesse estar com ela de outras maneiras, construindo id\u00e9ias e planos. Ela logo compreendeu e nunca me deixou de fora de nada que estivesse envolvida. Eu sempre estive ciente, opinava, debatia e dava os passos juntos com ela.\u00a0Ent\u00e3o ela foi se tornando uma pessoa muito importante para mim, dentro e fora da vida pol\u00edtica.\u00a0[Pausa por conta das l\u00e1grimas] Eu nunca vou me esquecer dela, pois ela mudou minha forma de pensar, lutar. Mudou minha vida.<\/p>\n<h3>EC: Como voc\u00ea v\u00ea tudo isso que aconteceu com ela? Algu\u00e9m do partido, familiares ou amigos tinha no\u00e7\u00e3o que ela estava em perigo?<\/h3>\n<p><strong>Paloma:<\/strong> A gente sabe que a gente incomoda, mas n\u00e3o sab\u00edamos que incomod\u00e1vamos tanto a ponto de algu\u00e9m sentir esse \u00f3dio e silenciar, atrav\u00e9s de execu\u00e7\u00e3o, uma pessoa t\u00e3o importante, t\u00e3o boa, que desde o primeiro dia deu voz \u00e0 favela e ao povo oprimido dentro e fora da <a href=\"http:\/\/bit.ly\/2dV81nj\" target=\"_blank\" rel=\"noopener\">C\u00e2mara de Vereadores<\/a>. Isso \u00e9 que incomoda muito, essa verdade materializada na voz e no corpo de Mari. Ent\u00e3o nossa vida n\u00e3o tem sentido hoje se n\u00e3o for pela luta por igualdade, pela desconstru\u00e7\u00e3o desse imp\u00e9rio de poder machista, racista, homof\u00f3bico e covarde. Tudo que a <a href=\"http:\/\/bit.ly\/2Gp2OnO\" target=\"_blank\" rel=\"noopener\">Mari plantou dar\u00e1 muitos frutos<\/a> e com muito mais for\u00e7a.<\/p>\n<h3><strong>EC: Voc\u00ea vem acompanhando as investiga\u00e7\u00f5es? Voc\u00ea acha que \u00e9 poss\u00edvel encontrar os reais culpados?<\/strong><\/h3>\n<p><strong>Paloma:<\/strong>\u00a0Ent\u00e3o, d\u00e1 um certo \u00f3dio, pois sabemos que quem mandou matar \u00e9 muito bem protegido. Talvez seja poss\u00edvel encontrar quem fez os disparos, mas quem mandou eu n\u00e3o sei, n\u00e3o.\u00a0Dentro do PSOL n\u00e3o se tem muitas informa\u00e7\u00f5es, at\u00e9 para n\u00e3o expor as vidas das pessoas, mas o <a href=\"http:\/\/bit.ly\/2cGt79l\" target=\"_blank\" rel=\"noopener\">Marcelo<\/a> [Freixo] est\u00e1 acompanhando tudo muito de perto. Qualquer coisa que \u00e9 encontrada ele tem estado atento, assim como todos os advogados do PSOL. Eu espero muito que n\u00e3o fique impune.<\/p>\n<h3><strong>EC: Como voc\u00ea tem avaliado essa grande como\u00e7\u00e3o e mobiliza\u00e7\u00e3o nacional e internacional em torno da vida e da morte de Marielle?\u00a0<\/strong><\/h3>\n<p><strong>Paloma:<\/strong>\u00a0Eu acho que devemos come\u00e7ar dizendo que essa como\u00e7\u00e3o n\u00e3o quer dizer que a morte da Mari \u00e9 mais importante que a de outras pessoas que s\u00e3o assassinadas nas favelas ou ruas do Brasil, assim como a do Anderson [Gomes, motorista de Marielle]. Mas a Mari era a voz que ecoava dentro da C\u00e2mara, que cobrava justi\u00e7a por todos os mortos nas favelas. Era ela quem n\u00e3o deixava ningu\u00e9m l\u00e1 esquecer que n\u00f3s <a href=\"http:\/\/bit.ly\/2GwmWF7\" target=\"_blank\" rel=\"noopener\">somos seres humanos e que temos o direito \u00e0 vida<\/a>. Foi por isso que teve esse impacto t\u00e3o grande, pois a perda de representatividade foi enorme.<\/p>\n<p>A outra parte da repercuss\u00e3o se deu por causa das pessoas que n\u00e3o conheciam a Mari e se surpreenderam com tamanha for\u00e7a e tudo que ela representava.\u00a0A Marielle era a s\u00edntese de todas as lutas que a favela enfrenta diariamente para sobreviver em meio a tantos ataques.<\/p>\n<h3><a href=\"http:\/\/rioonwatch.org.br\/wp-content\/uploads\/2018\/05\/paloma3-e1525730577429.jpg\"><img decoding=\"async\" class=\"aligncenter wp-image-32875 size-content\" title=\"Paloma e Marielle. Foto: Arquivo Pessoal\" src=\"http:\/\/rioonwatch.org.br\/wp-content\/uploads\/2018\/05\/paloma3-e1525730577429-620x264.jpg\" alt=\"\" width=\"620\" height=\"264\" \/><\/a><\/h3>\n<h3><strong>EC: Como os n\u00facleos de favelas v\u00eam planejando dar continuidade as lutas de Marielle Franco<\/strong>?<\/h3>\n<p><strong>Paloma:\u00a0<\/strong>Estamos todos ainda muito abalados com a dor da perda, mas temos como miss\u00e3o n\u00e3o deixar que nada pelo que a Mari lutou venha a ser esquecido. E isso n\u00e3o \u00e9 s\u00f3 por ela. \u00c9 por n\u00f3s, porque ela fazia tudo isso por n\u00f3s, ent\u00e3o \u00e9 uma responsabilidade nossa. Estamos tendo um grande n\u00famero de moradores de favela querendo construir e dar continuidade a tudo que ela representava e n\u00f3s n\u00e3o vamos deixar ningu\u00e9m pra tr\u00e1s. Iremos ao encontro de cada pessoa que tem como prop\u00f3sito lutar por seus direitos.<\/p>\n<p>Estamos em <a href=\"http:\/\/bit.ly\/2bWzzve\" target=\"_blank\" rel=\"noopener\">ano eleitoral<\/a>. Nosso prop\u00f3sito era <a href=\"http:\/\/bit.ly\/2IoWrl2\" target=\"_blank\" rel=\"noopener\">colocar mais Marielles nessa luta<\/a>, mas com essa porrada n\u00e3o estamos mais com essa prioridade. Agora o que temos como objetivo \u00e9 estar ao lado e unir todos que querem estar nesse espa\u00e7o amplo de luta.<\/p>\n<p><em>Mat\u00e9ria escrita por Edilano Cavalcante e produzida por parceria entre RioOnWatch e\u00a0<a href=\"http:\/\/bit.ly\/2sFMSDN\" target=\"_blank\" rel=\"noopener\">Fala Manguinhos!<\/a>. Edilano \u00e9 coordenador da ag\u00eancia de comunica\u00e7\u00e3o comunit\u00e1ria Fala Manguinhos!. Como pr\u00e1tica de comunica\u00e7\u00e3o comunit\u00e1ria produzida por e para Manguinhos, o Fala Manguinhos! tem em sua origem a defesa dos direitos humanos e ambientais, promo\u00e7\u00e3o de cidadania e sa\u00fade com a participa\u00e7\u00e3o direta dos moradores e moradoras nas decis\u00f5es que envolvem a Ag\u00eancia de Comunica\u00e7\u00e3o Comunit\u00e1ria de Manguinhos, a partir dos encontros do grupo de comunica\u00e7\u00e3o do Conselho Comunit\u00e1rio.\u00a0Siga o Fala Manguinhos pelo\u00a0<a href=\"http:\/\/bit.ly\/2tJCn2e\" target=\"_blank\" rel=\"noopener\">Facebook aqui<\/a>.\u00a0<\/em><\/p>\n<!-- AddThis Advanced Settings generic via filter on the_content --><!-- AddThis Share Buttons generic via filter on the_content -->","protected":false},"excerpt":{"rendered":"<div class=\"mh-excerpt\"><p>Click Here for English Nos 60 dias desde o assassinato de Marielle Franco, centenas de mat\u00e9rias, a\u00e7\u00f5es, encontros e homenagens foram feitos \u00e0 vereadora que surpreendeu o Brasil e o mundo com seu cora\u00e7\u00e3o e <a class=\"mh-excerpt-more\" href=\"https:\/\/rioonwatch.org.br\/?p=32841\" title=\"Paloma Gomes: &#8216;Eu Sou Porque Marielle Sempre Ser\u00e1&#8217; #LegadoMarielle [ENTREVISTA]\">[&#8230;]<\/a><!-- AddThis Advanced Settings generic via filter on get_the_excerpt --><!-- AddThis Share Buttons generic via filter on get_the_excerpt --><\/p>\n<\/div>","protected":false},"author":152,"featured_media":32842,"comment_status":"closed","ping_status":"closed","sticky":false,"template":"","format":"standard","meta":{"_acf_changed":false,"_monsterinsights_skip_tracking":false,"_monsterinsights_sitenote_active":false,"_monsterinsights_sitenote_note":"","_monsterinsights_sitenote_category":0,"footnotes":""},"categories":[1621,1629,1625,1613],"tags":[3253,1259,1754,332,316,457,1258,2174,2312,636,483,2033,1151,797,1989],"writer":[2199],"translator":[],"source":[],"ilustrador":[],"fotografo":[],"class_list":{"0":"post-32841","1":"post","2":"type-post","3":"status-publish","4":"format-standard","5":"has-post-thumbnail","7":"category-destaque","8":"category-entrevistas-e-perfis","9":"category-por-correspondentes-comunitarios","10":"category-midia-comunitaria","11":"tag-antirracismo","12":"tag-assassinato","13":"tag-camara-dos-vereadores","14":"tag-complexo-da-mare","15":"tag-educacao","16":"tag-eleicoes","17":"tag-entrevista","18":"tag-fala-manguinhos","19":"tag-legado-de-marielle","20":"tag-manguinhos","21":"tag-marcelo-freixo","22":"tag-marielle-franco","23":"tag-organizacao","24":"tag-movimentos-sociais","25":"tag-psol","26":"writer-edilano-cavalcante"},"acf":[],"yoast_head":"<!-- This site is optimized with the Yoast SEO plugin v25.6 - https:\/\/yoast.com\/wordpress\/plugins\/seo\/ -->\n<title>Paloma Gomes: &#039;Eu Sou Porque Marielle Sempre Ser\u00e1&#039; #LegadoMarielle [ENTREVISTA] - RioOnWatch<\/title>\n<meta name=\"robots\" content=\"index, follow, max-snippet:-1, max-image-preview:large, max-video-preview:-1\" \/>\n<link rel=\"canonical\" href=\"https:\/\/rioonwatch.org.br\/?p=32841\" \/>\n<meta property=\"og:locale\" content=\"pt_BR\" \/>\n<meta property=\"og:type\" content=\"article\" \/>\n<meta property=\"og:title\" content=\"Paloma Gomes: &#039;Eu Sou Porque Marielle Sempre Ser\u00e1&#039; #LegadoMarielle [ENTREVISTA] - RioOnWatch\" \/>\n<meta property=\"og:description\" content=\"Click Here for English Nos 60 dias desde o assassinato de Marielle Franco, centenas de mat\u00e9rias, a\u00e7\u00f5es, encontros e homenagens foram feitos \u00e0 vereadora que surpreendeu o Brasil e o mundo com seu cora\u00e7\u00e3o e [...]\" \/>\n<meta property=\"og:url\" content=\"https:\/\/rioonwatch.org.br\/?p=32841\" \/>\n<meta property=\"og:site_name\" content=\"RioOnWatch\" \/>\n<meta property=\"article:published_time\" content=\"2018-05-14T13:57:05+00:00\" \/>\n<meta property=\"article:modified_time\" content=\"2024-05-24T15:40:12+00:00\" \/>\n<meta property=\"og:image\" content=\"https:\/\/rioonwatch.org.br\/wp-content\/uploads\/2018\/05\/paloma-e1525730805868.jpg\" \/>\n\t<meta property=\"og:image:width\" content=\"994\" \/>\n\t<meta property=\"og:image:height\" content=\"483\" \/>\n\t<meta property=\"og:image:type\" content=\"image\/jpeg\" \/>\n<meta name=\"author\" content=\"Luisa Fenizola\" \/>\n<meta name=\"twitter:card\" content=\"summary_large_image\" \/>\n<meta name=\"twitter:label1\" content=\"Escrito por\" \/>\n\t<meta name=\"twitter:data1\" content=\"Luisa Fenizola\" \/>\n\t<meta name=\"twitter:label2\" content=\"Est. tempo de leitura\" \/>\n\t<meta name=\"twitter:data2\" content=\"8 minutos\" \/>\n<script type=\"application\/ld+json\" class=\"yoast-schema-graph\">{\"@context\":\"https:\/\/schema.org\",\"@graph\":[{\"@type\":\"Article\",\"@id\":\"https:\/\/rioonwatch.org.br\/?p=32841#article\",\"isPartOf\":{\"@id\":\"https:\/\/rioonwatch.org.br\/?p=32841\"},\"author\":{\"name\":\"Luisa Fenizola\",\"@id\":\"https:\/\/rioonwatch.org.br\/#\/schema\/person\/f443c6b55bb6e80842280318076491c5\"},\"headline\":\"Paloma Gomes: &#8216;Eu Sou Porque Marielle Sempre Ser\u00e1&#8217; #LegadoMarielle [ENTREVISTA]\",\"datePublished\":\"2018-05-14T13:57:05+00:00\",\"dateModified\":\"2024-05-24T15:40:12+00:00\",\"mainEntityOfPage\":{\"@id\":\"https:\/\/rioonwatch.org.br\/?p=32841\"},\"wordCount\":1521,\"publisher\":{\"@id\":\"https:\/\/rioonwatch.org.br\/#organization\"},\"image\":{\"@id\":\"https:\/\/rioonwatch.org.br\/?p=32841#primaryimage\"},\"thumbnailUrl\":\"https:\/\/rioonwatch.org.br\/wp-content\/uploads\/2018\/05\/paloma-e1525730805868.jpg\",\"keywords\":[\"Antirracismo\",\"assassinato\",\"C\u00e2mara dos Vereadores\",\"Complexo da Mar\u00e9\",\"educa\u00e7\u00e3o\",\"Elei\u00e7\u00f5es\",\"entrevista\",\"Fala Manguinhos\",\"Legado de Marielle\",\"Manguinhos\",\"Marcelo Freixo\",\"Marielle Franco\",\"mobiliza\u00e7\u00e3o\",\"movimentos sociais\",\"PSOL\"],\"articleSection\":[\"*Destaque\",\"Entrevistas e Perfis\",\"Escrito por Comunicadores Populares\",\"M\u00eddia Comunit\u00e1ria\"],\"inLanguage\":\"pt-BR\"},{\"@type\":\"WebPage\",\"@id\":\"https:\/\/rioonwatch.org.br\/?p=32841\",\"url\":\"https:\/\/rioonwatch.org.br\/?p=32841\",\"name\":\"Paloma Gomes: 'Eu Sou Porque Marielle Sempre Ser\u00e1' #LegadoMarielle [ENTREVISTA] - RioOnWatch\",\"isPartOf\":{\"@id\":\"https:\/\/rioonwatch.org.br\/#website\"},\"primaryImageOfPage\":{\"@id\":\"https:\/\/rioonwatch.org.br\/?p=32841#primaryimage\"},\"image\":{\"@id\":\"https:\/\/rioonwatch.org.br\/?p=32841#primaryimage\"},\"thumbnailUrl\":\"https:\/\/rioonwatch.org.br\/wp-content\/uploads\/2018\/05\/paloma-e1525730805868.jpg\",\"datePublished\":\"2018-05-14T13:57:05+00:00\",\"dateModified\":\"2024-05-24T15:40:12+00:00\",\"breadcrumb\":{\"@id\":\"https:\/\/rioonwatch.org.br\/?p=32841#breadcrumb\"},\"inLanguage\":\"pt-BR\",\"potentialAction\":[{\"@type\":\"ReadAction\",\"target\":[\"https:\/\/rioonwatch.org.br\/?p=32841\"]}]},{\"@type\":\"ImageObject\",\"inLanguage\":\"pt-BR\",\"@id\":\"https:\/\/rioonwatch.org.br\/?p=32841#primaryimage\",\"url\":\"https:\/\/rioonwatch.org.br\/wp-content\/uploads\/2018\/05\/paloma-e1525730805868.jpg\",\"contentUrl\":\"https:\/\/rioonwatch.org.br\/wp-content\/uploads\/2018\/05\/paloma-e1525730805868.jpg\",\"width\":994,\"height\":483},{\"@type\":\"BreadcrumbList\",\"@id\":\"https:\/\/rioonwatch.org.br\/?p=32841#breadcrumb\",\"itemListElement\":[{\"@type\":\"ListItem\",\"position\":1,\"name\":\"In\u00edcio\",\"item\":\"https:\/\/rioonwatch.org.br\/\"},{\"@type\":\"ListItem\",\"position\":2,\"name\":\"Paloma Gomes: &#8216;Eu Sou Porque Marielle Sempre Ser\u00e1&#8217; #LegadoMarielle [ENTREVISTA]\"}]},{\"@type\":\"WebSite\",\"@id\":\"https:\/\/rioonwatch.org.br\/#website\",\"url\":\"https:\/\/rioonwatch.org.br\/\",\"name\":\"RioOnWatch\",\"description\":\"relatos das favelas cariocas\",\"publisher\":{\"@id\":\"https:\/\/rioonwatch.org.br\/#organization\"},\"potentialAction\":[{\"@type\":\"SearchAction\",\"target\":{\"@type\":\"EntryPoint\",\"urlTemplate\":\"https:\/\/rioonwatch.org.br\/?s={search_term_string}\"},\"query-input\":{\"@type\":\"PropertyValueSpecification\",\"valueRequired\":true,\"valueName\":\"search_term_string\"}}],\"inLanguage\":\"pt-BR\"},{\"@type\":\"Organization\",\"@id\":\"https:\/\/rioonwatch.org.br\/#organization\",\"name\":\"RioOnWatch\",\"url\":\"https:\/\/rioonwatch.org.br\/\",\"logo\":{\"@type\":\"ImageObject\",\"inLanguage\":\"pt-BR\",\"@id\":\"https:\/\/rioonwatch.org.br\/#\/schema\/logo\/image\/\",\"url\":\"https:\/\/rioonwatch.org.br\/wp-content\/uploads\/2021\/06\/RioOnWatchcabecalhoPT11anos-2.png\",\"contentUrl\":\"https:\/\/rioonwatch.org.br\/wp-content\/uploads\/2021\/06\/RioOnWatchcabecalhoPT11anos-2.png\",\"width\":779,\"height\":277,\"caption\":\"RioOnWatch\"},\"image\":{\"@id\":\"https:\/\/rioonwatch.org.br\/#\/schema\/logo\/image\/\"}},{\"@type\":\"Person\",\"@id\":\"https:\/\/rioonwatch.org.br\/#\/schema\/person\/f443c6b55bb6e80842280318076491c5\",\"name\":\"Luisa Fenizola\",\"image\":{\"@type\":\"ImageObject\",\"inLanguage\":\"pt-BR\",\"@id\":\"https:\/\/rioonwatch.org.br\/#\/schema\/person\/image\/\",\"url\":\"https:\/\/secure.gravatar.com\/avatar\/a3d551110162b9f876cbbdaaecf75663?s=96&d=blank&r=g\",\"contentUrl\":\"https:\/\/secure.gravatar.com\/avatar\/a3d551110162b9f876cbbdaaecf75663?s=96&d=blank&r=g\",\"caption\":\"Luisa Fenizola\"},\"url\":\"https:\/\/rioonwatch.org.br\/?author=152\"}]}<\/script>\n<!-- \/ Yoast SEO plugin. -->","yoast_head_json":{"title":"Paloma Gomes: 'Eu Sou Porque Marielle Sempre Ser\u00e1' #LegadoMarielle [ENTREVISTA] - RioOnWatch","robots":{"index":"index","follow":"follow","max-snippet":"max-snippet:-1","max-image-preview":"max-image-preview:large","max-video-preview":"max-video-preview:-1"},"canonical":"https:\/\/rioonwatch.org.br\/?p=32841","og_locale":"pt_BR","og_type":"article","og_title":"Paloma Gomes: 'Eu Sou Porque Marielle Sempre Ser\u00e1' #LegadoMarielle [ENTREVISTA] - RioOnWatch","og_description":"Click Here for English Nos 60 dias desde o assassinato de Marielle Franco, centenas de mat\u00e9rias, a\u00e7\u00f5es, encontros e homenagens foram feitos \u00e0 vereadora que surpreendeu o Brasil e o mundo com seu cora\u00e7\u00e3o e [...]","og_url":"https:\/\/rioonwatch.org.br\/?p=32841","og_site_name":"RioOnWatch","article_published_time":"2018-05-14T13:57:05+00:00","article_modified_time":"2024-05-24T15:40:12+00:00","og_image":[{"width":994,"height":483,"url":"https:\/\/rioonwatch.org.br\/wp-content\/uploads\/2018\/05\/paloma-e1525730805868.jpg","type":"image\/jpeg"}],"author":"Luisa Fenizola","twitter_card":"summary_large_image","twitter_misc":{"Escrito por":"Luisa Fenizola","Est. tempo de leitura":"8 minutos"},"schema":{"@context":"https:\/\/schema.org","@graph":[{"@type":"Article","@id":"https:\/\/rioonwatch.org.br\/?p=32841#article","isPartOf":{"@id":"https:\/\/rioonwatch.org.br\/?p=32841"},"author":{"name":"Luisa Fenizola","@id":"https:\/\/rioonwatch.org.br\/#\/schema\/person\/f443c6b55bb6e80842280318076491c5"},"headline":"Paloma Gomes: &#8216;Eu Sou Porque Marielle Sempre Ser\u00e1&#8217; #LegadoMarielle [ENTREVISTA]","datePublished":"2018-05-14T13:57:05+00:00","dateModified":"2024-05-24T15:40:12+00:00","mainEntityOfPage":{"@id":"https:\/\/rioonwatch.org.br\/?p=32841"},"wordCount":1521,"publisher":{"@id":"https:\/\/rioonwatch.org.br\/#organization"},"image":{"@id":"https:\/\/rioonwatch.org.br\/?p=32841#primaryimage"},"thumbnailUrl":"https:\/\/rioonwatch.org.br\/wp-content\/uploads\/2018\/05\/paloma-e1525730805868.jpg","keywords":["Antirracismo","assassinato","C\u00e2mara dos Vereadores","Complexo da Mar\u00e9","educa\u00e7\u00e3o","Elei\u00e7\u00f5es","entrevista","Fala Manguinhos","Legado de Marielle","Manguinhos","Marcelo Freixo","Marielle Franco","mobiliza\u00e7\u00e3o","movimentos sociais","PSOL"],"articleSection":["*Destaque","Entrevistas e Perfis","Escrito por Comunicadores Populares","M\u00eddia Comunit\u00e1ria"],"inLanguage":"pt-BR"},{"@type":"WebPage","@id":"https:\/\/rioonwatch.org.br\/?p=32841","url":"https:\/\/rioonwatch.org.br\/?p=32841","name":"Paloma Gomes: 'Eu Sou Porque Marielle Sempre Ser\u00e1' #LegadoMarielle [ENTREVISTA] - RioOnWatch","isPartOf":{"@id":"https:\/\/rioonwatch.org.br\/#website"},"primaryImageOfPage":{"@id":"https:\/\/rioonwatch.org.br\/?p=32841#primaryimage"},"image":{"@id":"https:\/\/rioonwatch.org.br\/?p=32841#primaryimage"},"thumbnailUrl":"https:\/\/rioonwatch.org.br\/wp-content\/uploads\/2018\/05\/paloma-e1525730805868.jpg","datePublished":"2018-05-14T13:57:05+00:00","dateModified":"2024-05-24T15:40:12+00:00","breadcrumb":{"@id":"https:\/\/rioonwatch.org.br\/?p=32841#breadcrumb"},"inLanguage":"pt-BR","potentialAction":[{"@type":"ReadAction","target":["https:\/\/rioonwatch.org.br\/?p=32841"]}]},{"@type":"ImageObject","inLanguage":"pt-BR","@id":"https:\/\/rioonwatch.org.br\/?p=32841#primaryimage","url":"https:\/\/rioonwatch.org.br\/wp-content\/uploads\/2018\/05\/paloma-e1525730805868.jpg","contentUrl":"https:\/\/rioonwatch.org.br\/wp-content\/uploads\/2018\/05\/paloma-e1525730805868.jpg","width":994,"height":483},{"@type":"BreadcrumbList","@id":"https:\/\/rioonwatch.org.br\/?p=32841#breadcrumb","itemListElement":[{"@type":"ListItem","position":1,"name":"In\u00edcio","item":"https:\/\/rioonwatch.org.br\/"},{"@type":"ListItem","position":2,"name":"Paloma Gomes: &#8216;Eu Sou Porque Marielle Sempre Ser\u00e1&#8217; #LegadoMarielle [ENTREVISTA]"}]},{"@type":"WebSite","@id":"https:\/\/rioonwatch.org.br\/#website","url":"https:\/\/rioonwatch.org.br\/","name":"RioOnWatch","description":"relatos das favelas cariocas","publisher":{"@id":"https:\/\/rioonwatch.org.br\/#organization"},"potentialAction":[{"@type":"SearchAction","target":{"@type":"EntryPoint","urlTemplate":"https:\/\/rioonwatch.org.br\/?s={search_term_string}"},"query-input":{"@type":"PropertyValueSpecification","valueRequired":true,"valueName":"search_term_string"}}],"inLanguage":"pt-BR"},{"@type":"Organization","@id":"https:\/\/rioonwatch.org.br\/#organization","name":"RioOnWatch","url":"https:\/\/rioonwatch.org.br\/","logo":{"@type":"ImageObject","inLanguage":"pt-BR","@id":"https:\/\/rioonwatch.org.br\/#\/schema\/logo\/image\/","url":"https:\/\/rioonwatch.org.br\/wp-content\/uploads\/2021\/06\/RioOnWatchcabecalhoPT11anos-2.png","contentUrl":"https:\/\/rioonwatch.org.br\/wp-content\/uploads\/2021\/06\/RioOnWatchcabecalhoPT11anos-2.png","width":779,"height":277,"caption":"RioOnWatch"},"image":{"@id":"https:\/\/rioonwatch.org.br\/#\/schema\/logo\/image\/"}},{"@type":"Person","@id":"https:\/\/rioonwatch.org.br\/#\/schema\/person\/f443c6b55bb6e80842280318076491c5","name":"Luisa Fenizola","image":{"@type":"ImageObject","inLanguage":"pt-BR","@id":"https:\/\/rioonwatch.org.br\/#\/schema\/person\/image\/","url":"https:\/\/secure.gravatar.com\/avatar\/a3d551110162b9f876cbbdaaecf75663?s=96&d=blank&r=g","contentUrl":"https:\/\/secure.gravatar.com\/avatar\/a3d551110162b9f876cbbdaaecf75663?s=96&d=blank&r=g","caption":"Luisa Fenizola"},"url":"https:\/\/rioonwatch.org.br\/?author=152"}]}},"_links":{"self":[{"href":"https:\/\/rioonwatch.org.br\/index.php?rest_route=\/wp\/v2\/posts\/32841"}],"collection":[{"href":"https:\/\/rioonwatch.org.br\/index.php?rest_route=\/wp\/v2\/posts"}],"about":[{"href":"https:\/\/rioonwatch.org.br\/index.php?rest_route=\/wp\/v2\/types\/post"}],"author":[{"embeddable":true,"href":"https:\/\/rioonwatch.org.br\/index.php?rest_route=\/wp\/v2\/users\/152"}],"replies":[{"embeddable":true,"href":"https:\/\/rioonwatch.org.br\/index.php?rest_route=%2Fwp%2Fv2%2Fcomments&post=32841"}],"version-history":[{"count":13,"href":"https:\/\/rioonwatch.org.br\/index.php?rest_route=\/wp\/v2\/posts\/32841\/revisions"}],"predecessor-version":[{"id":33504,"href":"https:\/\/rioonwatch.org.br\/index.php?rest_route=\/wp\/v2\/posts\/32841\/revisions\/33504"}],"wp:featuredmedia":[{"embeddable":true,"href":"https:\/\/rioonwatch.org.br\/index.php?rest_route=\/wp\/v2\/media\/32842"}],"wp:attachment":[{"href":"https:\/\/rioonwatch.org.br\/index.php?rest_route=%2Fwp%2Fv2%2Fmedia&parent=32841"}],"wp:term":[{"taxonomy":"category","embeddable":true,"href":"https:\/\/rioonwatch.org.br\/index.php?rest_route=%2Fwp%2Fv2%2Fcategories&post=32841"},{"taxonomy":"post_tag","embeddable":true,"href":"https:\/\/rioonwatch.org.br\/index.php?rest_route=%2Fwp%2Fv2%2Ftags&post=32841"},{"taxonomy":"writer","embeddable":true,"href":"https:\/\/rioonwatch.org.br\/index.php?rest_route=%2Fwp%2Fv2%2Fwriter&post=32841"},{"taxonomy":"translator","embeddable":true,"href":"https:\/\/rioonwatch.org.br\/index.php?rest_route=%2Fwp%2Fv2%2Ftranslator&post=32841"},{"taxonomy":"source","embeddable":true,"href":"https:\/\/rioonwatch.org.br\/index.php?rest_route=%2Fwp%2Fv2%2Fsource&post=32841"},{"taxonomy":"ilustrador","embeddable":true,"href":"https:\/\/rioonwatch.org.br\/index.php?rest_route=%2Fwp%2Fv2%2Filustrador&post=32841"},{"taxonomy":"fotografo","embeddable":true,"href":"https:\/\/rioonwatch.org.br\/index.php?rest_route=%2Fwp%2Fv2%2Ffotografo&post=32841"}],"curies":[{"name":"wp","href":"https:\/\/api.w.org\/{rel}","templated":true}]}}