{"id":32843,"date":"2018-05-08T09:36:27","date_gmt":"2018-05-08T12:36:27","guid":{"rendered":"http:\/\/rioonwatch.org.br\/?p=32843"},"modified":"2018-05-09T14:48:46","modified_gmt":"2018-05-09T17:48:46","slug":"favelas-abracam-a-ufrj-e-insistem-no-dialogo-academia-favela-imagens","status":"publish","type":"post","link":"https:\/\/rioonwatch.org.br\/?p=32843","title":{"rendered":"Favelas Abra\u00e7am a UFRJ e Insistem no Di\u00e1logo Academia + Favela [IMAGENS]"},"content":{"rendered":"<p style=\"text-align: right;\"><em><strong><a href=\"http:\/\/bit.ly\/2jzwKk3\" target=\"_blank\" rel=\"noopener noreferrer\">Click Here for English<img decoding=\"async\" width=\"20\" height=\"20\" class=\"alignright wp-image-15790\" src=\"http:\/\/rioonwatch.org.br\/wp-content\/uploads\/2012\/08\/EN-standard-e1439583104716.jpg\" \/><\/a><\/strong><\/em><\/p>\n<p>De 24 a 28 de abril, a <a href=\"http:\/\/bit.ly\/2AImSvj\" target=\"_blank\" rel=\"noopener\">UFRJ<\/a> acolheu o <a href=\"http:\/\/bit.ly\/2JSkTIL\" target=\"_blank\" rel=\"noopener\">Abra\u00e7o das Favelas<\/a>, uma semana de eventos <a href=\"http:\/\/bit.ly\/1NzHxSq\" target=\"_blank\" rel=\"noopener\">culturais<\/a> e <a href=\"http:\/\/bit.ly\/1N7w66v\" target=\"_blank\" rel=\"noopener\">art\u00edsticos<\/a> animados por pain\u00e9is de debates, exibi\u00e7\u00f5es de filmes, yoga, teatro, dan\u00e7a e karaok\u00ea, entre outras performances art\u00edsticas.<\/p>\n<p>Este projeto foi coordenado pelo coletivo <a href=\"http:\/\/bit.ly\/2JOzRzs\" target=\"_blank\" rel=\"noopener\">Abra\u00e7o das Favelas<\/a>, que re\u00fane moradores de diferentes favelas do Rio de Janeiro que querem (re)pensar o di\u00e1logo entre favelas e universidades. Ao reunir grupos de artistas de favelas, os organizadores tornaram vis\u00edvel o leque de atividades culturais e art\u00edsticas que florescem nesses bairros e articularam novos elos entre essas comunidades e o <a href=\"http:\/\/bit.ly\/2oT94aC\" target=\"_blank\" rel=\"noopener\">mundo acad\u00eamico<\/a>. A for\u00e7a deste projeto tamb\u00e9m vem do fato de que grupos de artistas e moradores de diferentes favelas (incluindo o <a href=\"http:\/\/bit.ly\/10BvARw\" target=\"_blank\" rel=\"noopener\">Complexo da Mar\u00e9<\/a>, <a href=\"http:\/\/bit.ly\/ZC9b6z\" target=\"_blank\" rel=\"noopener\">Manguinhos<\/a>, <a href=\"http:\/\/bit.ly\/U0MiGm\" target=\"_blank\" rel=\"noopener\">Complexo do Alem\u00e3o<\/a> e <a href=\"http:\/\/bit.ly\/UBMUVJ\" target=\"_blank\" rel=\"noopener\">Provid\u00eancia<\/a>) se uniram para transmitir suas mensagens pol\u00edticas e o desejo de discutir e de ser ouvido.<\/p>\n<p>O fot\u00f3grafo Antoine Horenbeek capturou cenas de atividades de quinta e sexta-feira para o <em>RioOnWatch<\/em>:<\/p>\n<p><span class=\"Apple-style-span\" style=\"font-size: 35px; letter-spacing: -1px; line-height: 35px;\">Vozes de Quem?<\/span><\/p>\n<p>Os comunicadores comunit\u00e1rios Naldinho do <a href=\"http:\/\/bit.ly\/2hmyYmP\" target=\"_blank\" rel=\"noopener\">Mar\u00e9 Vive<\/a> (Mar\u00e9), Ren\u00e9 Silva do<em>\u00a0<a href=\"http:\/\/bit.ly\/18u3bEe\" target=\"_blank\" rel=\"noopener\">Voz das Comunidades <\/a><\/em>(fundada no Alem\u00e3o, hoje em diversas favelas), e Carlos do <a href=\"http:\/\/bit.ly\/1mk1XUj\" target=\"_blank\" rel=\"noopener\"><em>O Cidad\u00e3o<\/em><\/a> (Mar\u00e9) falam sobre a import\u00e2ncia das <a href=\"http:\/\/bit.ly\/2FSRNGI\" target=\"_blank\" rel=\"noopener\">m\u00eddias alternativas e comunit\u00e1rias<\/a>\u00a0e criticam a maneira como a <a href=\"http:\/\/bit.ly\/2IjL3Hb\" target=\"_blank\" rel=\"noopener\">grande m\u00eddia tradicional aborda as favelas<\/a>.<\/p>\n<p><a href=\"http:\/\/rioonwatch.org.br\/wp-content\/uploads\/2018\/05\/Abra\u00e7o-das-favelas_201804_4_photo-by-Antoine-Horenbeekok.jpg\"><img fetchpriority=\"high\" decoding=\"async\" class=\"aligncenter wp-image-32855\" src=\"http:\/\/rioonwatch.org.br\/wp-content\/uploads\/2018\/05\/Abra\u00e7o-das-favelas_201804_4_photo-by-Antoine-Horenbeekok.jpg\" alt=\"\" width=\"620\" height=\"413\" srcset=\"https:\/\/rioonwatch.org.br\/wp-content\/uploads\/2018\/05\/Abra\u00e7o-das-favelas_201804_4_photo-by-Antoine-Horenbeekok.jpg 2000w, https:\/\/rioonwatch.org.br\/wp-content\/uploads\/2018\/05\/Abra\u00e7o-das-favelas_201804_4_photo-by-Antoine-Horenbeekok-396x264.jpg 396w, https:\/\/rioonwatch.org.br\/wp-content\/uploads\/2018\/05\/Abra\u00e7o-das-favelas_201804_4_photo-by-Antoine-Horenbeekok-620x413.jpg 620w, https:\/\/rioonwatch.org.br\/wp-content\/uploads\/2018\/05\/Abra\u00e7o-das-favelas_201804_4_photo-by-Antoine-Horenbeekok-768x512.jpg 768w, https:\/\/rioonwatch.org.br\/wp-content\/uploads\/2018\/05\/Abra\u00e7o-das-favelas_201804_4_photo-by-Antoine-Horenbeekok-1024x682.jpg 1024w\" sizes=\"(max-width: 620px) 100vw, 620px\" \/><\/a><\/p>\n<p><span class=\"Apple-style-span\" style=\"font-size: 35px; letter-spacing: -1px; line-height: 35px;\">Pacifica\u00e7\u00e3o?<\/span><\/p>\n<p>Alunos e professores do\u00a0<a href=\"http:\/\/bit.ly\/1gM49fP\" target=\"_blank\" rel=\"noopener\">Col\u00e9gio Pedro II<\/a>\u00a0exibem um filme que produziram em 2017,\u00a0<a href=\"http:\/\/bit.ly\/2JQj2Ei\" target=\"_blank\" rel=\"noopener\"><em>Pacifica\u00e7\u00e3o? As UPPs e a viol\u00eancia no RJ<\/em><\/a>, e depois conduzem um debate sobre o filme. Os participantes discutem os impactos das <a href=\"http:\/\/bit.ly\/R5ueio\" target=\"_blank\" rel=\"noopener\">UPPs<\/a> nas favelas com o professor do CPII Jo\u00e3o Braga, o morador e guia da Provid\u00eancia Cosme Felippsen (que participou do filme) e o ex-aluno do CPII Mike Ribeiro.<\/p>\n<p><a href=\"http:\/\/rioonwatch.org.br\/wp-content\/uploads\/2018\/05\/Abra\u00e7o-das-favelas_201804_28_photo-by-Antoine-Horenbeekok.jpg\"><img decoding=\"async\" class=\"aligncenter wp-image-32856\" src=\"http:\/\/rioonwatch.org.br\/wp-content\/uploads\/2018\/05\/Abra\u00e7o-das-favelas_201804_28_photo-by-Antoine-Horenbeekok.jpg\" alt=\"\" width=\"620\" height=\"413\" srcset=\"https:\/\/rioonwatch.org.br\/wp-content\/uploads\/2018\/05\/Abra\u00e7o-das-favelas_201804_28_photo-by-Antoine-Horenbeekok.jpg 2000w, https:\/\/rioonwatch.org.br\/wp-content\/uploads\/2018\/05\/Abra\u00e7o-das-favelas_201804_28_photo-by-Antoine-Horenbeekok-396x264.jpg 396w, https:\/\/rioonwatch.org.br\/wp-content\/uploads\/2018\/05\/Abra\u00e7o-das-favelas_201804_28_photo-by-Antoine-Horenbeekok-620x413.jpg 620w, https:\/\/rioonwatch.org.br\/wp-content\/uploads\/2018\/05\/Abra\u00e7o-das-favelas_201804_28_photo-by-Antoine-Horenbeekok-768x512.jpg 768w, https:\/\/rioonwatch.org.br\/wp-content\/uploads\/2018\/05\/Abra\u00e7o-das-favelas_201804_28_photo-by-Antoine-Horenbeekok-1024x682.jpg 1024w\" sizes=\"(max-width: 620px) 100vw, 620px\" \/><\/a><\/p>\n<p><a href=\"http:\/\/rioonwatch.org.br\/wp-content\/uploads\/2018\/05\/Abra\u00e7o-das-favelas_201804_29_photo-by-Antoine-Horenbeekok.jpg\"><img loading=\"lazy\" decoding=\"async\" class=\"aligncenter wp-image-32857\" src=\"http:\/\/rioonwatch.org.br\/wp-content\/uploads\/2018\/05\/Abra\u00e7o-das-favelas_201804_29_photo-by-Antoine-Horenbeekok.jpg\" alt=\"\" width=\"620\" height=\"413\" srcset=\"https:\/\/rioonwatch.org.br\/wp-content\/uploads\/2018\/05\/Abra\u00e7o-das-favelas_201804_29_photo-by-Antoine-Horenbeekok.jpg 2000w, https:\/\/rioonwatch.org.br\/wp-content\/uploads\/2018\/05\/Abra\u00e7o-das-favelas_201804_29_photo-by-Antoine-Horenbeekok-396x264.jpg 396w, https:\/\/rioonwatch.org.br\/wp-content\/uploads\/2018\/05\/Abra\u00e7o-das-favelas_201804_29_photo-by-Antoine-Horenbeekok-620x413.jpg 620w, https:\/\/rioonwatch.org.br\/wp-content\/uploads\/2018\/05\/Abra\u00e7o-das-favelas_201804_29_photo-by-Antoine-Horenbeekok-768x512.jpg 768w, https:\/\/rioonwatch.org.br\/wp-content\/uploads\/2018\/05\/Abra\u00e7o-das-favelas_201804_29_photo-by-Antoine-Horenbeekok-1024x682.jpg 1024w\" sizes=\"(max-width: 620px) 100vw, 620px\" \/><\/a><\/p>\n<p><span class=\"Apple-style-span\" style=\"font-size: 35px; letter-spacing: -1px; line-height: 35px;\">Em Honra \u00e0 Marielle<\/span><\/p>\n<p>Matheus Fraz\u00e3o, estudante de artes c\u00eanicas da <a href=\"http:\/\/bit.ly\/2JLVtMX\" target=\"_blank\" rel=\"noopener\">UNIRIO<\/a> e morador do\u00a0<a href=\"http:\/\/bit.ly\/ZGmfPw\" target=\"_blank\" rel=\"noopener\">Timbau<\/a> (na Mar\u00e9), realiza uma <a href=\"http:\/\/bit.ly\/2aFXVEg\" target=\"_blank\" rel=\"noopener\">dan\u00e7a<\/a> intitulada &#8216;Corpo Presente&#8217;. Esta poderosa <a href=\"http:\/\/bit.ly\/2HWQpJj\" target=\"_blank\" rel=\"noopener\">performance<\/a> encarna a vida e o <a href=\"http:\/\/bit.ly\/2Gp2OnO\" target=\"_blank\" rel=\"noopener\">assassinato de Marielle Franco<\/a>.<\/p>\n<p><a href=\"http:\/\/rioonwatch.org.br\/wp-content\/uploads\/2018\/05\/Abra\u00e7o-das-favelas_201804_18_photo-by-Antoine-Horenbeekok.jpg\"><img loading=\"lazy\" decoding=\"async\" class=\"aligncenter wp-image-32859\" src=\"http:\/\/rioonwatch.org.br\/wp-content\/uploads\/2018\/05\/Abra\u00e7o-das-favelas_201804_18_photo-by-Antoine-Horenbeekok.jpg\" alt=\"\" width=\"620\" height=\"413\" srcset=\"https:\/\/rioonwatch.org.br\/wp-content\/uploads\/2018\/05\/Abra\u00e7o-das-favelas_201804_18_photo-by-Antoine-Horenbeekok.jpg 2000w, https:\/\/rioonwatch.org.br\/wp-content\/uploads\/2018\/05\/Abra\u00e7o-das-favelas_201804_18_photo-by-Antoine-Horenbeekok-396x264.jpg 396w, https:\/\/rioonwatch.org.br\/wp-content\/uploads\/2018\/05\/Abra\u00e7o-das-favelas_201804_18_photo-by-Antoine-Horenbeekok-620x413.jpg 620w, https:\/\/rioonwatch.org.br\/wp-content\/uploads\/2018\/05\/Abra\u00e7o-das-favelas_201804_18_photo-by-Antoine-Horenbeekok-768x512.jpg 768w, https:\/\/rioonwatch.org.br\/wp-content\/uploads\/2018\/05\/Abra\u00e7o-das-favelas_201804_18_photo-by-Antoine-Horenbeekok-1024x682.jpg 1024w\" sizes=\"(max-width: 620px) 100vw, 620px\" \/><\/a><\/p>\n<p><a href=\"http:\/\/rioonwatch.org.br\/wp-content\/uploads\/2018\/05\/Abra\u00e7o-das-favelas_201804_19_photo-by-Antoine-Horenbeekok.jpg\"><img loading=\"lazy\" decoding=\"async\" class=\"aligncenter wp-image-32860\" src=\"http:\/\/rioonwatch.org.br\/wp-content\/uploads\/2018\/05\/Abra\u00e7o-das-favelas_201804_19_photo-by-Antoine-Horenbeekok.jpg\" alt=\"\" width=\"620\" height=\"413\" srcset=\"https:\/\/rioonwatch.org.br\/wp-content\/uploads\/2018\/05\/Abra\u00e7o-das-favelas_201804_19_photo-by-Antoine-Horenbeekok.jpg 2000w, https:\/\/rioonwatch.org.br\/wp-content\/uploads\/2018\/05\/Abra\u00e7o-das-favelas_201804_19_photo-by-Antoine-Horenbeekok-396x264.jpg 396w, https:\/\/rioonwatch.org.br\/wp-content\/uploads\/2018\/05\/Abra\u00e7o-das-favelas_201804_19_photo-by-Antoine-Horenbeekok-620x413.jpg 620w, https:\/\/rioonwatch.org.br\/wp-content\/uploads\/2018\/05\/Abra\u00e7o-das-favelas_201804_19_photo-by-Antoine-Horenbeekok-768x512.jpg 768w, https:\/\/rioonwatch.org.br\/wp-content\/uploads\/2018\/05\/Abra\u00e7o-das-favelas_201804_19_photo-by-Antoine-Horenbeekok-1024x682.jpg 1024w\" sizes=\"(max-width: 620px) 100vw, 620px\" \/><\/a><\/p>\n<p><span class=\"Apple-style-span\" style=\"font-size: 35px; letter-spacing: -1px; line-height: 35px;\">Dan\u00e7ando em espa\u00e7os da elite<\/span><\/p>\n<p>O <a href=\"http:\/\/bit.ly\/2fVE2Mq\" target=\"_blank\" rel=\"noopener\">Ballet Manguinhos<\/a>, uma trupe de jovens bailarinos do Complexo de Manguinhos, liderado por <a href=\"http:\/\/bit.ly\/2JDFMZ2\" target=\"_blank\" rel=\"noopener\">Daiana Ferreira dos Santos de Oliveira<\/a>, orgulhosamente representa a comunidade e sua cena cultural e art\u00edstica.<\/p>\n<p><a href=\"http:\/\/rioonwatch.org.br\/wp-content\/uploads\/2018\/05\/Abra\u00e7o-das-favelas_201804_33_photo-by-Antoine-Horenbeekok.jpg\"><img loading=\"lazy\" decoding=\"async\" class=\"aligncenter wp-image-32863\" src=\"http:\/\/rioonwatch.org.br\/wp-content\/uploads\/2018\/05\/Abra\u00e7o-das-favelas_201804_33_photo-by-Antoine-Horenbeekok.jpg\" alt=\"\" width=\"620\" height=\"413\" srcset=\"https:\/\/rioonwatch.org.br\/wp-content\/uploads\/2018\/05\/Abra\u00e7o-das-favelas_201804_33_photo-by-Antoine-Horenbeekok.jpg 2000w, https:\/\/rioonwatch.org.br\/wp-content\/uploads\/2018\/05\/Abra\u00e7o-das-favelas_201804_33_photo-by-Antoine-Horenbeekok-396x264.jpg 396w, https:\/\/rioonwatch.org.br\/wp-content\/uploads\/2018\/05\/Abra\u00e7o-das-favelas_201804_33_photo-by-Antoine-Horenbeekok-620x413.jpg 620w, https:\/\/rioonwatch.org.br\/wp-content\/uploads\/2018\/05\/Abra\u00e7o-das-favelas_201804_33_photo-by-Antoine-Horenbeekok-768x512.jpg 768w, https:\/\/rioonwatch.org.br\/wp-content\/uploads\/2018\/05\/Abra\u00e7o-das-favelas_201804_33_photo-by-Antoine-Horenbeekok-1024x682.jpg 1024w\" sizes=\"(max-width: 620px) 100vw, 620px\" \/><\/a><\/p>\n<p><a href=\"http:\/\/rioonwatch.org.br\/wp-content\/uploads\/2018\/05\/Abra\u00e7o-das-favelas_201804_38_photo-by-Antoine-Horenbeekok.jpg\"><img loading=\"lazy\" decoding=\"async\" class=\"aligncenter wp-image-32865\" src=\"http:\/\/rioonwatch.org.br\/wp-content\/uploads\/2018\/05\/Abra\u00e7o-das-favelas_201804_38_photo-by-Antoine-Horenbeekok.jpg\" alt=\"\" width=\"620\" height=\"413\" srcset=\"https:\/\/rioonwatch.org.br\/wp-content\/uploads\/2018\/05\/Abra\u00e7o-das-favelas_201804_38_photo-by-Antoine-Horenbeekok.jpg 2000w, https:\/\/rioonwatch.org.br\/wp-content\/uploads\/2018\/05\/Abra\u00e7o-das-favelas_201804_38_photo-by-Antoine-Horenbeekok-396x264.jpg 396w, https:\/\/rioonwatch.org.br\/wp-content\/uploads\/2018\/05\/Abra\u00e7o-das-favelas_201804_38_photo-by-Antoine-Horenbeekok-620x413.jpg 620w, https:\/\/rioonwatch.org.br\/wp-content\/uploads\/2018\/05\/Abra\u00e7o-das-favelas_201804_38_photo-by-Antoine-Horenbeekok-768x512.jpg 768w, https:\/\/rioonwatch.org.br\/wp-content\/uploads\/2018\/05\/Abra\u00e7o-das-favelas_201804_38_photo-by-Antoine-Horenbeekok-1024x682.jpg 1024w\" sizes=\"(max-width: 620px) 100vw, 620px\" \/><\/a><\/p>\n<p><span class=\"Apple-style-span\" style=\"font-size: 35px; letter-spacing: -1px; line-height: 35px;\">Cantando de cora\u00e7\u00e3o<\/span><\/p>\n<p>Karaok\u00ea das Bixas Pretas, uma interven\u00e7\u00e3o art\u00edstica e pol\u00edtica criada por Carlos Marra, Felipe Dutra e Iury de Carvalho Lobo&#8211;que \u00e9 particularmente atuante na Mar\u00e9&#8211;conduzem uma performance humor\u00edstica composta de karaok\u00ea participativo usando apenas m\u00fasicas de artistas negros e\/ou <a href=\"http:\/\/bit.ly\/1Muf8kK\" target=\"_blank\" rel=\"noopener\">LGBT<\/a>.<\/p>\n<p><a href=\"http:\/\/rioonwatch.org.br\/wp-content\/uploads\/2018\/05\/Abra\u00e7o-das-favelas_201804_40_photo-by-Antoine-Horenbeekok.jpg\"><img loading=\"lazy\" decoding=\"async\" class=\"aligncenter wp-image-32869\" src=\"http:\/\/rioonwatch.org.br\/wp-content\/uploads\/2018\/05\/Abra\u00e7o-das-favelas_201804_40_photo-by-Antoine-Horenbeekok.jpg\" alt=\"\" width=\"620\" height=\"413\" srcset=\"https:\/\/rioonwatch.org.br\/wp-content\/uploads\/2018\/05\/Abra\u00e7o-das-favelas_201804_40_photo-by-Antoine-Horenbeekok.jpg 2000w, https:\/\/rioonwatch.org.br\/wp-content\/uploads\/2018\/05\/Abra\u00e7o-das-favelas_201804_40_photo-by-Antoine-Horenbeekok-396x264.jpg 396w, https:\/\/rioonwatch.org.br\/wp-content\/uploads\/2018\/05\/Abra\u00e7o-das-favelas_201804_40_photo-by-Antoine-Horenbeekok-620x413.jpg 620w, https:\/\/rioonwatch.org.br\/wp-content\/uploads\/2018\/05\/Abra\u00e7o-das-favelas_201804_40_photo-by-Antoine-Horenbeekok-768x512.jpg 768w, https:\/\/rioonwatch.org.br\/wp-content\/uploads\/2018\/05\/Abra\u00e7o-das-favelas_201804_40_photo-by-Antoine-Horenbeekok-1024x682.jpg 1024w\" sizes=\"(max-width: 620px) 100vw, 620px\" \/><\/a><\/p>\n<p><a href=\"http:\/\/rioonwatch.org.br\/wp-content\/uploads\/2018\/05\/Abra\u00e7o-das-favelas_201804_41_photo-by-Antoine-Horenbeekok.jpg\"><img loading=\"lazy\" decoding=\"async\" class=\"aligncenter wp-image-32868\" src=\"http:\/\/rioonwatch.org.br\/wp-content\/uploads\/2018\/05\/Abra\u00e7o-das-favelas_201804_41_photo-by-Antoine-Horenbeekok.jpg\" alt=\"\" width=\"620\" height=\"413\" srcset=\"https:\/\/rioonwatch.org.br\/wp-content\/uploads\/2018\/05\/Abra\u00e7o-das-favelas_201804_41_photo-by-Antoine-Horenbeekok.jpg 2000w, https:\/\/rioonwatch.org.br\/wp-content\/uploads\/2018\/05\/Abra\u00e7o-das-favelas_201804_41_photo-by-Antoine-Horenbeekok-396x264.jpg 396w, https:\/\/rioonwatch.org.br\/wp-content\/uploads\/2018\/05\/Abra\u00e7o-das-favelas_201804_41_photo-by-Antoine-Horenbeekok-620x413.jpg 620w, https:\/\/rioonwatch.org.br\/wp-content\/uploads\/2018\/05\/Abra\u00e7o-das-favelas_201804_41_photo-by-Antoine-Horenbeekok-768x512.jpg 768w, https:\/\/rioonwatch.org.br\/wp-content\/uploads\/2018\/05\/Abra\u00e7o-das-favelas_201804_41_photo-by-Antoine-Horenbeekok-1024x682.jpg 1024w\" sizes=\"(max-width: 620px) 100vw, 620px\" \/><\/a><\/p>\n<h3>N\u00e3o perca <a href=\"http:\/\/bit.ly\/2JOzRzs\" target=\"_blank\" rel=\"noopener\">nossa mat\u00e9ria anterior sobre o Abra\u00e7o das Favelas<\/a>.<\/h3>\n<h3>Veja o slideshow do Abra\u00e7o das Favelas abaixo ou\u00a0<a href=\"http:\/\/bit.ly\/2jsuECd\" target=\"_blank\" rel=\"noopener\">no Flickr<\/a>:<\/h3>\n<p><a title=\"Abra\u00e7o das Favelas\" href=\"https:\/\/www.flickr.com\/photos\/catcomm\/albums\/72157695745568674\" data-flickr-embed=\"true\"><img loading=\"lazy\" decoding=\"async\" src=\"https:\/\/farm1.staticflickr.com\/830\/40064821180_d27af5bb22_z.jpg\" alt=\"Abra\u00e7o das Favelas\" width=\"620\" height=\"414\" \/><\/a><script async src=\"\/\/embedr.flickr.com\/assets\/client-code.js\" charset=\"utf-8\"><\/script><\/p>\n<!-- AddThis Advanced Settings generic via filter on the_content --><!-- AddThis Share Buttons generic via filter on the_content -->","protected":false},"excerpt":{"rendered":"<div class=\"mh-excerpt\"><p>Click Here for English De 24 a 28 de abril, a UFRJ acolheu o Abra\u00e7o das Favelas, uma semana de eventos culturais e art\u00edsticos animados por pain\u00e9is de debates, exibi\u00e7\u00f5es de filmes, yoga, teatro, dan\u00e7a <a class=\"mh-excerpt-more\" href=\"https:\/\/rioonwatch.org.br\/?p=32843\" title=\"Favelas Abra\u00e7am a UFRJ e Insistem no Di\u00e1logo Academia + Favela [IMAGENS]\">[&#8230;]<\/a><!-- AddThis Advanced Settings generic via filter on get_the_excerpt --><!-- AddThis Share Buttons generic via filter on get_the_excerpt --><\/p>\n<\/div>","protected":false},"author":129,"featured_media":32845,"comment_status":"closed","ping_status":"closed","sticky":false,"template":"","format":"standard","meta":{"_acf_changed":false,"_monsterinsights_skip_tracking":false,"_monsterinsights_sitenote_active":false,"_monsterinsights_sitenote_note":"","_monsterinsights_sitenote_category":0,"footnotes":""},"categories":[1621,1627,1615,1626,1633],"tags":[334,2031,332,217,1530,1917,81,421,336,922,83,636,2033,2057,257,1704,2193,239,92,2003],"writer":[2346],"translator":[273],"source":[],"ilustrador":[],"fotografo":[],"class_list":{"0":"post-32843","1":"post","2":"type-post","3":"status-publish","4":"format-standard","5":"has-post-thumbnail","7":"category-destaque","8":"category-relato-de-evento","9":"category-cultura-da-favela","10":"category-por-observadores-internacionais","11":"category-foto-reportagens","12":"tag-arte","13":"tag-ballet","14":"tag-complexo-da-mare","15":"tag-complexo-do-alemao","16":"tag-midia-comunitaria","17":"tag-comunidade-x-academia","18":"tag-cultura","19":"tag-cultura-da-favela","20":"tag-danca","21":"tag-evento","22":"tag-fotografia","23":"tag-manguinhos","24":"tag-marielle-franco","25":"tag-midia-alternativa","26":"tag-providencia","27":"tag-o-cidadao","28":"tag-ufrj","29":"tag-universidade","30":"tag-upp","31":"tag-voz-das-comunidades","32":"writer-antoine-horenbeek","33":"translator-roseli-franco"},"acf":[],"yoast_head":"<!-- This site is optimized with the Yoast SEO plugin v25.6 - https:\/\/yoast.com\/wordpress\/plugins\/seo\/ -->\n<title>Favelas Abra\u00e7am a UFRJ e Insistem no Di\u00e1logo Academia + Favela [IMAGENS] - RioOnWatch<\/title>\n<meta name=\"robots\" content=\"index, follow, max-snippet:-1, max-image-preview:large, max-video-preview:-1\" \/>\n<link rel=\"canonical\" href=\"https:\/\/rioonwatch.org.br\/?p=32843\" \/>\n<meta property=\"og:locale\" content=\"pt_BR\" \/>\n<meta property=\"og:type\" content=\"article\" \/>\n<meta property=\"og:title\" content=\"Favelas Abra\u00e7am a UFRJ e Insistem no Di\u00e1logo Academia + Favela [IMAGENS] - RioOnWatch\" \/>\n<meta property=\"og:description\" content=\"Click Here for English De 24 a 28 de abril, a UFRJ acolheu o Abra\u00e7o das Favelas, uma semana de eventos culturais e art\u00edsticos animados por pain\u00e9is de debates, exibi\u00e7\u00f5es de filmes, yoga, teatro, dan\u00e7a [...]\" \/>\n<meta property=\"og:url\" content=\"https:\/\/rioonwatch.org.br\/?p=32843\" \/>\n<meta property=\"og:site_name\" content=\"RioOnWatch\" \/>\n<meta property=\"article:published_time\" content=\"2018-05-08T12:36:27+00:00\" \/>\n<meta property=\"article:modified_time\" content=\"2018-05-09T17:48:46+00:00\" \/>\n<meta property=\"og:image\" content=\"https:\/\/rioonwatch.org.br\/wp-content\/uploads\/2018\/05\/Abrac\u0327o-das-Favelas-Corpo-Presente-dance.-Photo-by-Antoine-Horenbeek-e1525436183298.jpg\" \/>\n\t<meta property=\"og:image:width\" content=\"2042\" \/>\n\t<meta property=\"og:image:height\" content=\"1013\" \/>\n\t<meta property=\"og:image:type\" content=\"image\/jpeg\" \/>\n<meta name=\"author\" content=\"Admin\" \/>\n<meta name=\"twitter:card\" content=\"summary_large_image\" \/>\n<meta name=\"twitter:label1\" content=\"Escrito por\" \/>\n\t<meta name=\"twitter:data1\" content=\"Admin\" \/>\n\t<meta name=\"twitter:label2\" content=\"Est. tempo de leitura\" \/>\n\t<meta name=\"twitter:data2\" content=\"2 minutos\" \/>\n<script type=\"application\/ld+json\" class=\"yoast-schema-graph\">{\"@context\":\"https:\/\/schema.org\",\"@graph\":[{\"@type\":\"Article\",\"@id\":\"https:\/\/rioonwatch.org.br\/?p=32843#article\",\"isPartOf\":{\"@id\":\"https:\/\/rioonwatch.org.br\/?p=32843\"},\"author\":{\"name\":\"Admin\",\"@id\":\"https:\/\/rioonwatch.org.br\/#\/schema\/person\/11d64c290506f9df50c71b850c473f68\"},\"headline\":\"Favelas Abra\u00e7am a UFRJ e Insistem no Di\u00e1logo Academia + Favela [IMAGENS]\",\"datePublished\":\"2018-05-08T12:36:27+00:00\",\"dateModified\":\"2018-05-09T17:48:46+00:00\",\"mainEntityOfPage\":{\"@id\":\"https:\/\/rioonwatch.org.br\/?p=32843\"},\"wordCount\":472,\"publisher\":{\"@id\":\"https:\/\/rioonwatch.org.br\/#organization\"},\"image\":{\"@id\":\"https:\/\/rioonwatch.org.br\/?p=32843#primaryimage\"},\"thumbnailUrl\":\"https:\/\/rioonwatch.org.br\/wp-content\/uploads\/2018\/05\/Abrac\u0327o-das-Favelas-Corpo-Presente-dance.-Photo-by-Antoine-Horenbeek-e1525436183298.jpg\",\"keywords\":[\"arte\",\"ballet\",\"Complexo da Mar\u00e9\",\"Complexo do Alem\u00e3o\",\"Comunica\u00e7\u00e3o Comunit\u00e1ria\",\"comunidade x academia\",\"cultura\",\"cultura da favela\",\"dan\u00e7a\",\"evento\",\"fotografia\",\"Manguinhos\",\"Marielle Franco\",\"m\u00eddia alternativa\",\"Morro da Provid\u00eancia\",\"O Cidad\u00e3o\",\"UFRJ\",\"universidade\",\"UPP\",\"Voz das Comunidades\"],\"articleSection\":[\"*Destaque\",\"Cobertura de Eventos\",\"Cultura da Favela\",\"Escrito por Aliados\",\"Fotorreportagens\"],\"inLanguage\":\"pt-BR\"},{\"@type\":\"WebPage\",\"@id\":\"https:\/\/rioonwatch.org.br\/?p=32843\",\"url\":\"https:\/\/rioonwatch.org.br\/?p=32843\",\"name\":\"Favelas Abra\u00e7am a UFRJ e Insistem no Di\u00e1logo Academia + Favela [IMAGENS] - RioOnWatch\",\"isPartOf\":{\"@id\":\"https:\/\/rioonwatch.org.br\/#website\"},\"primaryImageOfPage\":{\"@id\":\"https:\/\/rioonwatch.org.br\/?p=32843#primaryimage\"},\"image\":{\"@id\":\"https:\/\/rioonwatch.org.br\/?p=32843#primaryimage\"},\"thumbnailUrl\":\"https:\/\/rioonwatch.org.br\/wp-content\/uploads\/2018\/05\/Abrac\u0327o-das-Favelas-Corpo-Presente-dance.-Photo-by-Antoine-Horenbeek-e1525436183298.jpg\",\"datePublished\":\"2018-05-08T12:36:27+00:00\",\"dateModified\":\"2018-05-09T17:48:46+00:00\",\"breadcrumb\":{\"@id\":\"https:\/\/rioonwatch.org.br\/?p=32843#breadcrumb\"},\"inLanguage\":\"pt-BR\",\"potentialAction\":[{\"@type\":\"ReadAction\",\"target\":[\"https:\/\/rioonwatch.org.br\/?p=32843\"]}]},{\"@type\":\"ImageObject\",\"inLanguage\":\"pt-BR\",\"@id\":\"https:\/\/rioonwatch.org.br\/?p=32843#primaryimage\",\"url\":\"https:\/\/rioonwatch.org.br\/wp-content\/uploads\/2018\/05\/Abrac\u0327o-das-Favelas-Corpo-Presente-dance.-Photo-by-Antoine-Horenbeek-e1525436183298.jpg\",\"contentUrl\":\"https:\/\/rioonwatch.org.br\/wp-content\/uploads\/2018\/05\/Abrac\u0327o-das-Favelas-Corpo-Presente-dance.-Photo-by-Antoine-Horenbeek-e1525436183298.jpg\",\"width\":2042,\"height\":1013},{\"@type\":\"BreadcrumbList\",\"@id\":\"https:\/\/rioonwatch.org.br\/?p=32843#breadcrumb\",\"itemListElement\":[{\"@type\":\"ListItem\",\"position\":1,\"name\":\"In\u00edcio\",\"item\":\"https:\/\/rioonwatch.org.br\/\"},{\"@type\":\"ListItem\",\"position\":2,\"name\":\"Favelas Abra\u00e7am a UFRJ e Insistem no Di\u00e1logo Academia + Favela [IMAGENS]\"}]},{\"@type\":\"WebSite\",\"@id\":\"https:\/\/rioonwatch.org.br\/#website\",\"url\":\"https:\/\/rioonwatch.org.br\/\",\"name\":\"RioOnWatch\",\"description\":\"relatos das favelas cariocas\",\"publisher\":{\"@id\":\"https:\/\/rioonwatch.org.br\/#organization\"},\"potentialAction\":[{\"@type\":\"SearchAction\",\"target\":{\"@type\":\"EntryPoint\",\"urlTemplate\":\"https:\/\/rioonwatch.org.br\/?s={search_term_string}\"},\"query-input\":{\"@type\":\"PropertyValueSpecification\",\"valueRequired\":true,\"valueName\":\"search_term_string\"}}],\"inLanguage\":\"pt-BR\"},{\"@type\":\"Organization\",\"@id\":\"https:\/\/rioonwatch.org.br\/#organization\",\"name\":\"RioOnWatch\",\"url\":\"https:\/\/rioonwatch.org.br\/\",\"logo\":{\"@type\":\"ImageObject\",\"inLanguage\":\"pt-BR\",\"@id\":\"https:\/\/rioonwatch.org.br\/#\/schema\/logo\/image\/\",\"url\":\"https:\/\/rioonwatch.org.br\/wp-content\/uploads\/2021\/06\/RioOnWatchcabecalhoPT11anos-2.png\",\"contentUrl\":\"https:\/\/rioonwatch.org.br\/wp-content\/uploads\/2021\/06\/RioOnWatchcabecalhoPT11anos-2.png\",\"width\":779,\"height\":277,\"caption\":\"RioOnWatch\"},\"image\":{\"@id\":\"https:\/\/rioonwatch.org.br\/#\/schema\/logo\/image\/\"}},{\"@type\":\"Person\",\"@id\":\"https:\/\/rioonwatch.org.br\/#\/schema\/person\/11d64c290506f9df50c71b850c473f68\",\"name\":\"Admin\",\"image\":{\"@type\":\"ImageObject\",\"inLanguage\":\"pt-BR\",\"@id\":\"https:\/\/rioonwatch.org.br\/#\/schema\/person\/image\/\",\"url\":\"https:\/\/secure.gravatar.com\/avatar\/56211ac74568383903349a1485e3c325?s=96&d=blank&r=g\",\"contentUrl\":\"https:\/\/secure.gravatar.com\/avatar\/56211ac74568383903349a1485e3c325?s=96&d=blank&r=g\",\"caption\":\"Admin\"},\"url\":\"https:\/\/rioonwatch.org.br\/?author=129\"}]}<\/script>\n<!-- \/ Yoast SEO plugin. -->","yoast_head_json":{"title":"Favelas Abra\u00e7am a UFRJ e Insistem no Di\u00e1logo Academia + Favela [IMAGENS] - RioOnWatch","robots":{"index":"index","follow":"follow","max-snippet":"max-snippet:-1","max-image-preview":"max-image-preview:large","max-video-preview":"max-video-preview:-1"},"canonical":"https:\/\/rioonwatch.org.br\/?p=32843","og_locale":"pt_BR","og_type":"article","og_title":"Favelas Abra\u00e7am a UFRJ e Insistem no Di\u00e1logo Academia + Favela [IMAGENS] - RioOnWatch","og_description":"Click Here for English De 24 a 28 de abril, a UFRJ acolheu o Abra\u00e7o das Favelas, uma semana de eventos culturais e art\u00edsticos animados por pain\u00e9is de debates, exibi\u00e7\u00f5es de filmes, yoga, teatro, dan\u00e7a [...]","og_url":"https:\/\/rioonwatch.org.br\/?p=32843","og_site_name":"RioOnWatch","article_published_time":"2018-05-08T12:36:27+00:00","article_modified_time":"2018-05-09T17:48:46+00:00","og_image":[{"width":2042,"height":1013,"url":"https:\/\/rioonwatch.org.br\/wp-content\/uploads\/2018\/05\/Abrac\u0327o-das-Favelas-Corpo-Presente-dance.-Photo-by-Antoine-Horenbeek-e1525436183298.jpg","type":"image\/jpeg"}],"author":"Admin","twitter_card":"summary_large_image","twitter_misc":{"Escrito por":"Admin","Est. tempo de leitura":"2 minutos"},"schema":{"@context":"https:\/\/schema.org","@graph":[{"@type":"Article","@id":"https:\/\/rioonwatch.org.br\/?p=32843#article","isPartOf":{"@id":"https:\/\/rioonwatch.org.br\/?p=32843"},"author":{"name":"Admin","@id":"https:\/\/rioonwatch.org.br\/#\/schema\/person\/11d64c290506f9df50c71b850c473f68"},"headline":"Favelas Abra\u00e7am a UFRJ e Insistem no Di\u00e1logo Academia + Favela [IMAGENS]","datePublished":"2018-05-08T12:36:27+00:00","dateModified":"2018-05-09T17:48:46+00:00","mainEntityOfPage":{"@id":"https:\/\/rioonwatch.org.br\/?p=32843"},"wordCount":472,"publisher":{"@id":"https:\/\/rioonwatch.org.br\/#organization"},"image":{"@id":"https:\/\/rioonwatch.org.br\/?p=32843#primaryimage"},"thumbnailUrl":"https:\/\/rioonwatch.org.br\/wp-content\/uploads\/2018\/05\/Abrac\u0327o-das-Favelas-Corpo-Presente-dance.-Photo-by-Antoine-Horenbeek-e1525436183298.jpg","keywords":["arte","ballet","Complexo da Mar\u00e9","Complexo do Alem\u00e3o","Comunica\u00e7\u00e3o Comunit\u00e1ria","comunidade x academia","cultura","cultura da favela","dan\u00e7a","evento","fotografia","Manguinhos","Marielle Franco","m\u00eddia alternativa","Morro da Provid\u00eancia","O Cidad\u00e3o","UFRJ","universidade","UPP","Voz das Comunidades"],"articleSection":["*Destaque","Cobertura de Eventos","Cultura da Favela","Escrito por Aliados","Fotorreportagens"],"inLanguage":"pt-BR"},{"@type":"WebPage","@id":"https:\/\/rioonwatch.org.br\/?p=32843","url":"https:\/\/rioonwatch.org.br\/?p=32843","name":"Favelas Abra\u00e7am a UFRJ e Insistem no Di\u00e1logo Academia + Favela [IMAGENS] - RioOnWatch","isPartOf":{"@id":"https:\/\/rioonwatch.org.br\/#website"},"primaryImageOfPage":{"@id":"https:\/\/rioonwatch.org.br\/?p=32843#primaryimage"},"image":{"@id":"https:\/\/rioonwatch.org.br\/?p=32843#primaryimage"},"thumbnailUrl":"https:\/\/rioonwatch.org.br\/wp-content\/uploads\/2018\/05\/Abrac\u0327o-das-Favelas-Corpo-Presente-dance.-Photo-by-Antoine-Horenbeek-e1525436183298.jpg","datePublished":"2018-05-08T12:36:27+00:00","dateModified":"2018-05-09T17:48:46+00:00","breadcrumb":{"@id":"https:\/\/rioonwatch.org.br\/?p=32843#breadcrumb"},"inLanguage":"pt-BR","potentialAction":[{"@type":"ReadAction","target":["https:\/\/rioonwatch.org.br\/?p=32843"]}]},{"@type":"ImageObject","inLanguage":"pt-BR","@id":"https:\/\/rioonwatch.org.br\/?p=32843#primaryimage","url":"https:\/\/rioonwatch.org.br\/wp-content\/uploads\/2018\/05\/Abrac\u0327o-das-Favelas-Corpo-Presente-dance.-Photo-by-Antoine-Horenbeek-e1525436183298.jpg","contentUrl":"https:\/\/rioonwatch.org.br\/wp-content\/uploads\/2018\/05\/Abrac\u0327o-das-Favelas-Corpo-Presente-dance.-Photo-by-Antoine-Horenbeek-e1525436183298.jpg","width":2042,"height":1013},{"@type":"BreadcrumbList","@id":"https:\/\/rioonwatch.org.br\/?p=32843#breadcrumb","itemListElement":[{"@type":"ListItem","position":1,"name":"In\u00edcio","item":"https:\/\/rioonwatch.org.br\/"},{"@type":"ListItem","position":2,"name":"Favelas Abra\u00e7am a UFRJ e Insistem no Di\u00e1logo Academia + Favela [IMAGENS]"}]},{"@type":"WebSite","@id":"https:\/\/rioonwatch.org.br\/#website","url":"https:\/\/rioonwatch.org.br\/","name":"RioOnWatch","description":"relatos das favelas cariocas","publisher":{"@id":"https:\/\/rioonwatch.org.br\/#organization"},"potentialAction":[{"@type":"SearchAction","target":{"@type":"EntryPoint","urlTemplate":"https:\/\/rioonwatch.org.br\/?s={search_term_string}"},"query-input":{"@type":"PropertyValueSpecification","valueRequired":true,"valueName":"search_term_string"}}],"inLanguage":"pt-BR"},{"@type":"Organization","@id":"https:\/\/rioonwatch.org.br\/#organization","name":"RioOnWatch","url":"https:\/\/rioonwatch.org.br\/","logo":{"@type":"ImageObject","inLanguage":"pt-BR","@id":"https:\/\/rioonwatch.org.br\/#\/schema\/logo\/image\/","url":"https:\/\/rioonwatch.org.br\/wp-content\/uploads\/2021\/06\/RioOnWatchcabecalhoPT11anos-2.png","contentUrl":"https:\/\/rioonwatch.org.br\/wp-content\/uploads\/2021\/06\/RioOnWatchcabecalhoPT11anos-2.png","width":779,"height":277,"caption":"RioOnWatch"},"image":{"@id":"https:\/\/rioonwatch.org.br\/#\/schema\/logo\/image\/"}},{"@type":"Person","@id":"https:\/\/rioonwatch.org.br\/#\/schema\/person\/11d64c290506f9df50c71b850c473f68","name":"Admin","image":{"@type":"ImageObject","inLanguage":"pt-BR","@id":"https:\/\/rioonwatch.org.br\/#\/schema\/person\/image\/","url":"https:\/\/secure.gravatar.com\/avatar\/56211ac74568383903349a1485e3c325?s=96&d=blank&r=g","contentUrl":"https:\/\/secure.gravatar.com\/avatar\/56211ac74568383903349a1485e3c325?s=96&d=blank&r=g","caption":"Admin"},"url":"https:\/\/rioonwatch.org.br\/?author=129"}]}},"_links":{"self":[{"href":"https:\/\/rioonwatch.org.br\/index.php?rest_route=\/wp\/v2\/posts\/32843"}],"collection":[{"href":"https:\/\/rioonwatch.org.br\/index.php?rest_route=\/wp\/v2\/posts"}],"about":[{"href":"https:\/\/rioonwatch.org.br\/index.php?rest_route=\/wp\/v2\/types\/post"}],"author":[{"embeddable":true,"href":"https:\/\/rioonwatch.org.br\/index.php?rest_route=\/wp\/v2\/users\/129"}],"replies":[{"embeddable":true,"href":"https:\/\/rioonwatch.org.br\/index.php?rest_route=%2Fwp%2Fv2%2Fcomments&post=32843"}],"version-history":[{"count":20,"href":"https:\/\/rioonwatch.org.br\/index.php?rest_route=\/wp\/v2\/posts\/32843\/revisions"}],"predecessor-version":[{"id":32885,"href":"https:\/\/rioonwatch.org.br\/index.php?rest_route=\/wp\/v2\/posts\/32843\/revisions\/32885"}],"wp:featuredmedia":[{"embeddable":true,"href":"https:\/\/rioonwatch.org.br\/index.php?rest_route=\/wp\/v2\/media\/32845"}],"wp:attachment":[{"href":"https:\/\/rioonwatch.org.br\/index.php?rest_route=%2Fwp%2Fv2%2Fmedia&parent=32843"}],"wp:term":[{"taxonomy":"category","embeddable":true,"href":"https:\/\/rioonwatch.org.br\/index.php?rest_route=%2Fwp%2Fv2%2Fcategories&post=32843"},{"taxonomy":"post_tag","embeddable":true,"href":"https:\/\/rioonwatch.org.br\/index.php?rest_route=%2Fwp%2Fv2%2Ftags&post=32843"},{"taxonomy":"writer","embeddable":true,"href":"https:\/\/rioonwatch.org.br\/index.php?rest_route=%2Fwp%2Fv2%2Fwriter&post=32843"},{"taxonomy":"translator","embeddable":true,"href":"https:\/\/rioonwatch.org.br\/index.php?rest_route=%2Fwp%2Fv2%2Ftranslator&post=32843"},{"taxonomy":"source","embeddable":true,"href":"https:\/\/rioonwatch.org.br\/index.php?rest_route=%2Fwp%2Fv2%2Fsource&post=32843"},{"taxonomy":"ilustrador","embeddable":true,"href":"https:\/\/rioonwatch.org.br\/index.php?rest_route=%2Fwp%2Fv2%2Filustrador&post=32843"},{"taxonomy":"fotografo","embeddable":true,"href":"https:\/\/rioonwatch.org.br\/index.php?rest_route=%2Fwp%2Fv2%2Ffotografo&post=32843"}],"curies":[{"name":"wp","href":"https:\/\/api.w.org\/{rel}","templated":true}]}}