{"id":32887,"date":"2018-05-09T14:48:27","date_gmt":"2018-05-09T17:48:27","guid":{"rendered":"http:\/\/rioonwatch.org.br\/?p=32887"},"modified":"2018-07-13T21:44:33","modified_gmt":"2018-07-14T00:44:33","slug":"avaliacao-pelo-observatorio-da-intervencao-destaca-mais-mortes-falta-de-rumo-propoe-mudancas","status":"publish","type":"post","link":"https:\/\/rioonwatch.org.br\/?p=32887","title":{"rendered":"Avalia\u00e7\u00e3o Pelo Observat\u00f3rio da Interven\u00e7\u00e3o Destaca Mais Mortes, Falta de Rumo; Prop\u00f5e Mudan\u00e7as"},"content":{"rendered":"<p style=\"text-align: right;\"><em><strong><a href=\"http:\/\/bit.ly\/2HNo43W\" target=\"_blank\" rel=\"noopener noreferrer\">Click Here for English<img decoding=\"async\" width=\"20\" height=\"20\" class=\"alignright wp-image-15790\" src=\"http:\/\/rioonwatch.org.br\/wp-content\/uploads\/2012\/08\/EN-standard-e1439583104716.jpg\" \/><\/a><\/strong><\/em><\/p>\n<p><span style=\"font-weight: 400;\">Ap\u00f3s dois meses de\u00a0<\/span><span style=\"font-weight: 400;\"><a href=\"http:\/\/bit.ly\/2Frat1L\" target=\"_blank\" rel=\"noopener\">interven\u00e7\u00e3o militar federal<\/a> de (no m\u00ednimo) dez meses<\/span><span style=\"font-weight: 400;\">\u00a0no Rio de Janeiro, o <a href=\"http:\/\/bit.ly\/2rydmrb\" target=\"_blank\" rel=\"noopener\">Observat\u00f3rio da Interven\u00e7\u00e3o<\/a>\u00a0realizou um evento, no dia 26 de abril, para\u00a0<\/span><a href=\"http:\/\/bit.ly\/2JFosBZ\" target=\"_blank\" rel=\"noopener\"><span style=\"font-weight: 400;\">apresentar seu primeiro relat\u00f3rio<\/span><\/a><span style=\"font-weight: 400;\">\u00a0e\u00a0<\/span><a href=\"http:\/\/bit.ly\/2JAuDY3\" target=\"_blank\" rel=\"noopener\"><span style=\"font-weight: 400;\">lan\u00e7ar seu novo site<\/span><\/a><span style=\"font-weight: 400;\">. O Observat\u00f3rio \u00e9 uma das\u00a0<\/span><a href=\"http:\/\/bit.ly\/2HZZ0ao\" target=\"_blank\" rel=\"noopener\"><span style=\"font-weight: 400;\">v\u00e1rias novas iniciativas civis<\/span><\/a><span style=\"font-weight: 400;\">\u00a0formadas para monitorar, criticar ou atuar em defessa de mudan\u00e7as no contexto da interven\u00e7\u00e3o. O relat\u00f3rio do grupo, coordenado por Silvia Ramos, do\u00a0<\/span><a href=\"http:\/\/bit.ly\/2IpyoCz\" target=\"_blank\" rel=\"noopener\"><span style=\"font-weight: 400;\">Centro de Estudos de Seguran\u00e7a e Cidadania<\/span><\/a><span style=\"font-weight: 400;\">\u00a0(CESeC), consolidou novos dados sobre a interven\u00e7\u00e3o e, consequentemente, apresentou uma plataforma para debates construtivos com o governo federal.<\/span><\/p>\n<p><span style=\"font-weight: 400;\">Silvia abriu o evento com um gr\u00e1fico que apresenta as taxas de homic\u00eddio no Rio de Janeiro e nacionalmente nos \u00faltimos 35 anos. Ela enfatizou que, embora as taxas no Rio tenham ca\u00eddo em compara\u00e7\u00e3o \u00e0 d\u00e9cada de 1990, a interven\u00e7\u00e3o decretada em 16 de fevereiro representa o mesmo antigo modelo de\u00a0<\/span><a href=\"http:\/\/bit.ly\/1fRNcBs\" target=\"_blank\" rel=\"noopener\"><span style=\"font-weight: 400;\">seguran\u00e7a p\u00fablica<\/span><\/a><span style=\"font-weight: 400;\">&#8212;<\/span><span style=\"font-weight: 400;\">baseado em um confronto violento&#8211;que n\u00e3o conseguiu produzir impactos positivos duradouros na redu\u00e7\u00e3o da viol\u00eancia na cidade, conforme demonstrado pelo recente aumento nas taxas de homic\u00eddio desde 2014. Silvia argumentou que essas estat\u00edsticas refletem a futilidade e a inefic\u00e1cia do modelo\u00a0e como ele criou \u201cnovos problemas\u201d\u00a0<\/span><a href=\"http:\/\/bit.ly\/2hLcifa\" target=\"_blank\" rel=\"noopener\"><span style=\"font-weight: 400;\">em vez de solu\u00e7\u00f5es necess\u00e1rias<\/span><\/a><span style=\"font-weight: 400;\">.<\/span><\/p>\n<p><a href=\"http:\/\/rioonwatch.org.br\/wp-content\/uploads\/2018\/05\/Observato\u0301rio-da-Intervenc\u0327a\u0303o-gra\u0301fico-e1525271344541.jpg\"><img fetchpriority=\"high\" decoding=\"async\" class=\"aligncenter wp-image-32892 size-content\" title=\"Apresenta\u00e7\u00e3o dos resultados e gr\u00e1ficos do relat\u00f3rio\" src=\"http:\/\/rioonwatch.org.br\/wp-content\/uploads\/2018\/05\/Observato\u0301rio-da-Intervenc\u0327a\u0303o-gra\u0301fico-e1525271344541-620x264.jpg\" alt=\"\" width=\"620\" height=\"264\" srcset=\"https:\/\/rioonwatch.org.br\/wp-content\/uploads\/2018\/05\/Observato\u0301rio-da-Intervenc\u0327a\u0303o-gra\u0301fico-e1525271344541-620x264.jpg 620w, https:\/\/rioonwatch.org.br\/wp-content\/uploads\/2018\/05\/Observato\u0301rio-da-Intervenc\u0327a\u0303o-gra\u0301fico-e1525271344541-940x400.jpg 940w\" sizes=\"(max-width: 620px) 100vw, 620px\" \/><\/a><\/p>\n<p><span style=\"font-weight: 400;\">Juntamente com o aplicativo de monitoramento de tiroteios\u00a0<\/span><a href=\"http:\/\/bit.ly\/29e8L1U\" target=\"_blank\" rel=\"noopener\"><span style=\"font-weight: 400;\">Fogo Cruzado<\/span><\/a><span style=\"font-weight: 400;\">, o\u00a0<\/span><a href=\"http:\/\/bit.ly\/2FrVAuA\" target=\"_blank\" rel=\"noopener\"><span style=\"font-weight: 400;\">F\u00f3rum Brasileiro de Seguran\u00e7a P\u00fablica<\/span><\/a><span style=\"font-weight: 400;\">\u00a0(FBSP) e o\u00a0<\/span><a href=\"http:\/\/bit.ly\/2FXXOCe\" target=\"_blank\" rel=\"noopener\"><span style=\"font-weight: 400;\">Instituto de Seguran\u00e7a P\u00fablica<\/span><\/a><span style=\"font-weight: 400;\">\u00a0(ISP), o Observat\u00f3rio da Interven\u00e7\u00e3o produziu um\u00a0<\/span><a href=\"http:\/\/bit.ly\/2w3ofXt\" target=\"_blank\" rel=\"noopener\"><span style=\"font-weight: 400;\">Mapa da Interven\u00e7\u00e3o<\/span><\/a><span style=\"font-weight: 400;\">\u00a0mostrando as 70 opera\u00e7\u00f5es policiais ou militares que a equipe monitorou nos \u00faltimos dois meses. O mapa apresenta a distribui\u00e7\u00e3o das opera\u00e7\u00f5es entre munic\u00edpios, com o maior n\u00famero de opera\u00e7\u00f5es ocorrendo na\u00a0<\/span><a href=\"http:\/\/bit.ly\/1g63Krv\" target=\"_blank\" rel=\"noopener\"><span style=\"font-weight: 400;\">Vila Kennedy<\/span><\/a><span style=\"font-weight: 400;\">\u00a0(7) e\u00a0<\/span><a href=\"http:\/\/bit.ly\/1FoejjP\" target=\"_blank\" rel=\"noopener\"><span style=\"font-weight: 400;\">Bangu<\/span><\/a><span style=\"font-weight: 400;\">\u00a0(6), na\u00a0<\/span><a href=\"http:\/\/bit.ly\/11tBmFR\" target=\"_blank\" rel=\"noopener\"><span style=\"font-weight: 400;\">Zona Oeste<\/span><\/a><span style=\"font-weight: 400;\">,\u00a0e na\u00a0<\/span><a href=\"http:\/\/bit.ly\/16w2zz1\" target=\"_blank\" rel=\"noopener\"><span style=\"font-weight: 400;\">Rocinha<\/span><\/a><span style=\"font-weight: 400;\">\u00a0(6), na\u00a0<\/span><a href=\"http:\/\/bit.ly\/1mNsDyk\" target=\"_blank\" rel=\"noopener\"><span style=\"font-weight: 400;\">Zona Sul<\/span><\/a><span style=\"font-weight: 400;\">. Nos meses de fevereiro e mar\u00e7o houve um total de 940 homic\u00eddios, sendo 209 (22%) pessoas mortas pela pol\u00edcia e 19 (2%) policiais mortos, de acordo com os dados do ISP. O relat\u00f3rio tamb\u00e9m destacou que menos tiroteios foram registrados pelo Fogo Cruzado nos dois meses pr\u00e9-interven\u00e7\u00e3o (1.299) em compara\u00e7\u00e3o aos primeiros dois meses p\u00f3s-interven\u00e7\u00e3o (1.502). Esse aumento refor\u00e7a o t\u00edtulo do\u00a0<\/span><a href=\"http:\/\/bit.ly\/2JFosBZ\" target=\"_blank\" rel=\"noopener\"><span style=\"font-weight: 400;\">relat\u00f3rio do Observat\u00f3rio<\/span><\/a><span style=\"font-weight: 400;\">: \u201c\u00c0 Deriva&#8211;Sem Programa, Sem Resultado, Sem Rumo\u201d, Silvia ressaltou como os respons\u00e1veis \u201cainda n\u00e3o divulgaram quanto ser\u00e1 pago\u201d, as \u201cmetas\u201d e nem os \u201cprogramas\u201d.<\/span><\/p>\n<p><a href=\"http:\/\/rioonwatch.org.br\/wp-content\/uploads\/2018\/05\/Intervention-Map-in-Intervention-Observatory-Report.png\"><img decoding=\"async\" class=\"aligncenter wp-image-32895 size-medium\" title=\"Mapa da interven\u00e7\u00e3o mostra os locais de 70 opera\u00e7\u00f5es policiais ou militares monitoradas. Imagem do Observat\u00f3rio da Interven\u00e7\u00e3o\" src=\"http:\/\/rioonwatch.org.br\/wp-content\/uploads\/2018\/05\/Intervention-Map-in-Intervention-Observatory-Report-620x336.png\" alt=\"\" width=\"620\" height=\"336\" srcset=\"https:\/\/rioonwatch.org.br\/wp-content\/uploads\/2018\/05\/Intervention-Map-in-Intervention-Observatory-Report-620x336.png 620w, https:\/\/rioonwatch.org.br\/wp-content\/uploads\/2018\/05\/Intervention-Map-in-Intervention-Observatory-Report-487x264.png 487w, https:\/\/rioonwatch.org.br\/wp-content\/uploads\/2018\/05\/Intervention-Map-in-Intervention-Observatory-Report-768x416.png 768w, https:\/\/rioonwatch.org.br\/wp-content\/uploads\/2018\/05\/Intervention-Map-in-Intervention-Observatory-Report.png 963w\" sizes=\"(max-width: 620px) 100vw, 620px\" \/><\/a><\/p>\n<p><span style=\"font-weight: 400;\">Silvia enfatizou que, dentre os homic\u00eddios ocorridos nos tiroteios mencionados anteriormente, estavam o de\u00a0<\/span><a href=\"https:\/\/glo.bo\/2rcY9LR\" target=\"_blank\" rel=\"noopener\"><span style=\"font-weight: 400;\">oito homens na Rocinha<\/span><\/a><span style=\"font-weight: 400;\">, em repres\u00e1lia pelo assassinato de um policial no local tr\u00eas dias antes. Tais hist\u00f3rias contribuem para a deteriora\u00e7\u00e3o da sensa\u00e7\u00e3o de seguran\u00e7a p\u00fablica; de acordo com os dados do FBSP, 92% dos moradores do Rio t\u00eam medo de ser atingidos por uma bala perdida e a mesma porcentagem teme estar no meio de um tiroteio entre policiais e fac\u00e7\u00f5es. Silvia explicou que as autoridades podem usar o medo da popula\u00e7\u00e3o para\u00a0<\/span><a href=\"http:\/\/bit.ly\/2FBDCaR\" target=\"_blank\" rel=\"noopener\"><span style=\"font-weight: 400;\">justificar uma pol\u00edtica ineficaz<\/span><\/a><span style=\"font-weight: 400;\">\u00a0que gera mais viol\u00eancia e controv\u00e9rsia. Ela\u00a0reivindicou investimentos mais direcionados a\u00a0<\/span><a href=\"http:\/\/bit.ly\/2eKOklO\" target=\"_blank\" rel=\"noopener\"><span style=\"font-weight: 400;\">locais com piores indicadores de seguran\u00e7a<\/span><\/a><span style=\"font-weight: 400;\">, como a\u00a0<\/span><a href=\"http:\/\/bit.ly\/NjmYR6\" target=\"_blank\" rel=\"noopener\"><span style=\"font-weight: 400;\">Baixada Fluminense<\/span><\/a><span style=\"font-weight: 400;\">\u00a0e\u00a0<\/span><a href=\"http:\/\/bit.ly\/1Iuqpxq\" target=\"_blank\" rel=\"noopener\"><span style=\"font-weight: 400;\">S\u00e3o Gon\u00e7alo<\/span><\/a><span style=\"font-weight: 400;\">. A equipe do Observat\u00f3rio acredita que alguns resultados imediatos podem ser alcan\u00e7ados pelo aumento nos investimentos em intelig\u00eancia e no bom uso da tecnologia. Essa proposta est\u00e1 registrada no relat\u00f3rio por meio da lista de cinco mudan\u00e7as que o Observat\u00f3rio acredita que seriam requisitos m\u00ednimos para melhorar a seguran\u00e7a do Rio:<\/span><\/p>\n<ol>\n<li style=\"font-weight: 400;\"><span style=\"font-weight: 400;\">Reforma policial.<\/span><\/li>\n<li style=\"font-weight: 400;\"><span style=\"font-weight: 400;\">Substituir as pol\u00edticas de confronto por pol\u00edticas consistentes de intelig\u00eancia e investiga\u00e7\u00e3o para desarticular o crime.<\/span><\/li>\n<li style=\"font-weight: 400;\"><span style=\"font-weight: 400;\">Alterar radicalmente <\/span><span style=\"font-weight: 400;\">a <a href=\"http:\/\/bit.ly\/2j1IcaE\" target=\"_blank\" rel=\"noopener\">pol\u00edtica de drogas<\/a><\/span><span style=\"font-weight: 400;\">.<\/span><\/li>\n<li style=\"font-weight: 400;\"><span style=\"font-weight: 400;\">Modernizar o sistema de justi\u00e7a criminal.<\/span><\/li>\n<li style=\"font-weight: 400;\"><span style=\"font-weight: 400;\">Integrar os governos municipais ao planejamento de a\u00e7\u00f5es de seguran\u00e7a p\u00fablica.<\/span><\/li>\n<\/ol>\n<p><span style=\"font-weight: 400;\">O evento do Observat\u00f3rio tamb\u00e9m contou com palestrantes de institui\u00e7\u00f5es como a\u00a0<\/span><a href=\"http:\/\/bit.ly\/2EO9BDg\" target=\"_blank\" rel=\"noopener\"><span style=\"font-weight: 400;\">Federa\u00e7\u00e3o das Favelas do Rio de Janeiro<\/span><\/a><span style=\"font-weight: 400;\">\u00a0(FAFERJ), o aplicativo de monitoramento da viol\u00eancia\u00a0<\/span><a href=\"http:\/\/bit.ly\/2K65pB6\" target=\"_blank\" rel=\"noopener\"><span style=\"font-weight: 400;\">Defezap<\/span><\/a><span style=\"font-weight: 400;\"> e o\u00a0<\/span><a href=\"http:\/\/bit.ly\/1itPfQc\" target=\"_blank\" rel=\"noopener\"><span style=\"font-weight: 400;\">Observat\u00f3rio de Favelas<\/span><\/a><span style=\"font-weight: 400;\">, entre outros.\u00a0A representante da Anistia Internacional Brasil, Renata Neder, refletiu que as pessoas precisam somente olhar para exemplos anteriores de aumento da presen\u00e7a militar em outros estados para ver claramente que \u201co uso das for\u00e7as armadas n\u00e3o reduziu a viol\u00eancia ou crime\u201d.\u00a0Raquel Willadin, do Observat\u00f3rio de Favelas, destacou como adotar uma \u201cperspectiva cr\u00edtica, mas tamb\u00e9m propositiva\u201d se fez necess\u00e1ria para ajudar a mudar pol\u00edticas futuras e respeitar os direitos das pessoas\u00a0<\/span><a href=\"http:\/\/bit.ly\/2F5XxkV\" target=\"_blank\" rel=\"noopener\"><span style=\"font-weight: 400;\">mais afetadas pela viol\u00eancia<\/span><\/a><span style=\"font-weight: 400;\">\u00a0perpetuada pela interven\u00e7\u00e3o militar.<\/span><\/p>\n<p><span style=\"font-weight: 400;\">Cec\u00edlia Oliveira, co-criadora do aplicativo Fogo Cruzado, enfatizou a import\u00e2ncia da coleta e da apresenta\u00e7\u00e3o de dados que foram \u201csistematicamente relegados pelo poder p\u00fablico\u201d. O acesso aos fatos por meio do\u00a0<\/span><a href=\"http:\/\/bit.ly\/2JAuDY3\" target=\"_blank\" rel=\"noopener\"><span style=\"font-weight: 400;\">novo site e do relat\u00f3rio do Observat\u00f3rio<\/span><\/a><span style=\"font-weight: 400;\">, ela adicionou, permitir\u00e1 que o p\u00fablico geral tenha \u201cuma imagem maior do que tem sido feito&#8221; na cidade. Por meio da jun\u00e7\u00e3o de dados sobre tiroteios em toda a cidade, tecnologias como a do Fogo Cruzado e os dados consolidados pelo Observat\u00f3rio impedem a perigosa normaliza\u00e7\u00e3o da viol\u00eancia na cidade.<\/span><\/p>\n<p><a href=\"http:\/\/rioonwatch.org.br\/wp-content\/uploads\/2018\/05\/Observato\u0301rio-da-Intervenc\u0327a\u0303o-mi\u0301dia-e1525111699608-768x1024-e1525271448532.jpg\"><img loading=\"lazy\" decoding=\"async\" class=\"aligncenter size-content wp-image-32898\" src=\"http:\/\/rioonwatch.org.br\/wp-content\/uploads\/2018\/05\/Observato\u0301rio-da-Intervenc\u0327a\u0303o-mi\u0301dia-e1525111699608-768x1024-e1525271448532-620x264.jpg\" alt=\"\" width=\"620\" height=\"264\" \/><\/a><\/p>\n<p><span style=\"font-weight: 400;\">A apresenta\u00e7\u00e3o do relat\u00f3rio foi encerrada com um lembrete importante do ex-comandante da Pol\u00edcia Militar, Coronel \u00cdbis Pereira,\u00a0de que, embora a interven\u00e7\u00e3o tenha apenas dois meses, as For\u00e7as Armadas est\u00e3o presentes e ativas no estado do Rio de Janeiro\u00a0<\/span><a href=\"http:\/\/bit.ly\/2FX25pe\" target=\"_blank\" rel=\"noopener\"><span style=\"font-weight: 400;\">desde agosto do ano passado<\/span><\/a><span style=\"font-weight: 400;\">. Continuar dessa forma seria \u201catravessar uma linha perigosa para a democracia\u201d, ele argumentou, reivindicando mudan\u00e7as significativas no modelo de seguran\u00e7a p\u00fablica do Rio. Silvia garantiu ao p\u00fablico que o Observat\u00f3rio da Interven\u00e7\u00e3o continuar\u00e1 monitorando e apresentando todos os dados coletados, enquanto pressiona as autoridades por transpar\u00eancia nos gastos e planejamento para futuras dire\u00e7\u00f5es da interven\u00e7\u00e3o.<\/span><\/p>\n<!-- AddThis Advanced Settings generic via filter on the_content --><!-- AddThis Share Buttons generic via filter on the_content -->","protected":false},"excerpt":{"rendered":"<div class=\"mh-excerpt\"><p>Click Here for English Ap\u00f3s dois meses de\u00a0interven\u00e7\u00e3o militar federal de (no m\u00ednimo) dez meses\u00a0no Rio de Janeiro, o Observat\u00f3rio da Interven\u00e7\u00e3o\u00a0realizou um evento, no dia 26 de abril, para\u00a0apresentar seu primeiro relat\u00f3rio\u00a0e\u00a0lan\u00e7ar seu novo <a class=\"mh-excerpt-more\" href=\"https:\/\/rioonwatch.org.br\/?p=32887\" title=\"Avalia\u00e7\u00e3o Pelo Observat\u00f3rio da Interven\u00e7\u00e3o Destaca Mais Mortes, Falta de Rumo; Prop\u00f5e Mudan\u00e7as\">[&#8230;]<\/a><!-- AddThis Advanced Settings generic via filter on get_the_excerpt --><!-- AddThis Share Buttons generic via filter on get_the_excerpt --><\/p>\n<\/div>","protected":false},"author":129,"featured_media":32889,"comment_status":"closed","ping_status":"closed","sticky":false,"template":"","format":"standard","meta":{"_acf_changed":false,"_monsterinsights_skip_tracking":false,"_monsterinsights_sitenote_active":false,"_monsterinsights_sitenote_note":"","_monsterinsights_sitenote_category":0,"footnotes":""},"categories":[1621,1627,1632,1626,344,1612,342],"tags":[1796,1386,2214,539,2348,2165,1712,2419,2347,663,774,1511,838,1134,919,672,1109,920,52],"writer":[2300],"translator":[1948],"source":[],"ilustrador":[],"fotografo":[],"class_list":{"0":"post-32887","1":"post","2":"type-post","3":"status-publish","4":"format-standard","5":"has-post-thumbnail","7":"category-destaque","8":"category-relato-de-evento","9":"category-pesquisa-e-analise","10":"category-por-observadores-internacionais","11":"category-politicas","12":"category-sociedade-civil","13":"category-solucoes","14":"tag-anistia-internacional","15":"tag-critica-a-politica","16":"tag-dados","17":"tag-faferj","18":"tag-intervencao-militar","19":"tag-isp","20":"tag-mapa","21":"tag-mapeamento","22":"tag-observatorio-da-intervencao","23":"tag-observatorio-de-favelas","24":"tag-policia-militar","25":"tag-politica-de-seguranca","26":"tag-politica-publica","27":"tag-recomendacoes-politicas","28":"tag-reforma-da-policia","29":"tag-seguranca-publica","30":"tag-sociedade-civil","31":"tag-violencia-de-estado","32":"tag-violencia-policial","33":"writer-hari-pannum","34":"translator-larissa-troitino"},"acf":[],"yoast_head":"<!-- This site is optimized with the Yoast SEO plugin v25.6 - https:\/\/yoast.com\/wordpress\/plugins\/seo\/ -->\n<title>Avalia\u00e7\u00e3o Pelo Observat\u00f3rio da Interven\u00e7\u00e3o Destaca Mais Mortes, Falta de Rumo; Prop\u00f5e Mudan\u00e7as - RioOnWatch<\/title>\n<meta name=\"robots\" content=\"index, follow, max-snippet:-1, max-image-preview:large, max-video-preview:-1\" \/>\n<link rel=\"canonical\" href=\"https:\/\/rioonwatch.org.br\/?p=32887\" \/>\n<meta property=\"og:locale\" content=\"pt_BR\" \/>\n<meta property=\"og:type\" content=\"article\" \/>\n<meta property=\"og:title\" content=\"Avalia\u00e7\u00e3o Pelo Observat\u00f3rio da Interven\u00e7\u00e3o Destaca Mais Mortes, Falta de Rumo; Prop\u00f5e Mudan\u00e7as - RioOnWatch\" \/>\n<meta property=\"og:description\" content=\"Click Here for English Ap\u00f3s dois meses de\u00a0interven\u00e7\u00e3o militar federal de (no m\u00ednimo) dez meses\u00a0no Rio de Janeiro, o Observat\u00f3rio da Interven\u00e7\u00e3o\u00a0realizou um evento, no dia 26 de abril, para\u00a0apresentar seu primeiro relat\u00f3rio\u00a0e\u00a0lan\u00e7ar seu novo [...]\" \/>\n<meta property=\"og:url\" content=\"https:\/\/rioonwatch.org.br\/?p=32887\" \/>\n<meta property=\"og:site_name\" content=\"RioOnWatch\" \/>\n<meta property=\"article:published_time\" content=\"2018-05-09T17:48:27+00:00\" \/>\n<meta property=\"article:modified_time\" content=\"2018-07-14T00:44:33+00:00\" \/>\n<meta property=\"og:image\" content=\"https:\/\/rioonwatch.org.br\/wp-content\/uploads\/2018\/05\/Observato\u0301rio-da-Intervenc\u0327a\u0303o-Grupo-e1525271504881.jpg\" \/>\n\t<meta property=\"og:image:width\" content=\"1990\" \/>\n\t<meta property=\"og:image:height\" content=\"985\" \/>\n\t<meta property=\"og:image:type\" content=\"image\/jpeg\" \/>\n<meta name=\"author\" content=\"Admin\" \/>\n<meta name=\"twitter:card\" content=\"summary_large_image\" \/>\n<meta name=\"twitter:label1\" content=\"Escrito por\" \/>\n\t<meta name=\"twitter:data1\" content=\"Admin\" \/>\n\t<meta name=\"twitter:label2\" content=\"Est. tempo de leitura\" \/>\n\t<meta name=\"twitter:data2\" content=\"5 minutos\" \/>\n<script type=\"application\/ld+json\" class=\"yoast-schema-graph\">{\"@context\":\"https:\/\/schema.org\",\"@graph\":[{\"@type\":\"Article\",\"@id\":\"https:\/\/rioonwatch.org.br\/?p=32887#article\",\"isPartOf\":{\"@id\":\"https:\/\/rioonwatch.org.br\/?p=32887\"},\"author\":{\"name\":\"Admin\",\"@id\":\"https:\/\/rioonwatch.org.br\/#\/schema\/person\/11d64c290506f9df50c71b850c473f68\"},\"headline\":\"Avalia\u00e7\u00e3o Pelo Observat\u00f3rio da Interven\u00e7\u00e3o Destaca Mais Mortes, Falta de Rumo; Prop\u00f5e Mudan\u00e7as\",\"datePublished\":\"2018-05-09T17:48:27+00:00\",\"dateModified\":\"2018-07-14T00:44:33+00:00\",\"mainEntityOfPage\":{\"@id\":\"https:\/\/rioonwatch.org.br\/?p=32887\"},\"wordCount\":1023,\"publisher\":{\"@id\":\"https:\/\/rioonwatch.org.br\/#organization\"},\"image\":{\"@id\":\"https:\/\/rioonwatch.org.br\/?p=32887#primaryimage\"},\"thumbnailUrl\":\"https:\/\/rioonwatch.org.br\/wp-content\/uploads\/2018\/05\/Observato\u0301rio-da-Intervenc\u0327a\u0303o-Grupo-e1525271504881.jpg\",\"keywords\":[\"Anistia Internacional\",\"cr\u00edtica \u00e0 pol\u00edtica\",\"dados\",\"FAFERJ\",\"interven\u00e7\u00e3o militar\",\"ISP\",\"mapa\",\"mapeamento\",\"Observat\u00f3rio da Interven\u00e7\u00e3o\",\"Observat\u00f3rio de Favelas\",\"Pol\u00edcia Militar\",\"pol\u00edtica de seguran\u00e7a\",\"pol\u00edtica p\u00fablica\",\"recomenda\u00e7\u00f5es pol\u00edticas\",\"reforma da pol\u00edcia\",\"seguran\u00e7a p\u00fablica\",\"sociedade civil\",\"viol\u00eancia de Estado\",\"viol\u00eancia policial\"],\"articleSection\":[\"*Destaque\",\"Cobertura de Eventos\",\"Dados e Pesquisa\",\"Escrito por Aliados\",\"Pol\u00edticas\",\"Sociedade Civil\",\"Solu\u00e7\u00f5es\"],\"inLanguage\":\"pt-BR\"},{\"@type\":\"WebPage\",\"@id\":\"https:\/\/rioonwatch.org.br\/?p=32887\",\"url\":\"https:\/\/rioonwatch.org.br\/?p=32887\",\"name\":\"Avalia\u00e7\u00e3o Pelo Observat\u00f3rio da Interven\u00e7\u00e3o Destaca Mais Mortes, Falta de Rumo; Prop\u00f5e Mudan\u00e7as - RioOnWatch\",\"isPartOf\":{\"@id\":\"https:\/\/rioonwatch.org.br\/#website\"},\"primaryImageOfPage\":{\"@id\":\"https:\/\/rioonwatch.org.br\/?p=32887#primaryimage\"},\"image\":{\"@id\":\"https:\/\/rioonwatch.org.br\/?p=32887#primaryimage\"},\"thumbnailUrl\":\"https:\/\/rioonwatch.org.br\/wp-content\/uploads\/2018\/05\/Observato\u0301rio-da-Intervenc\u0327a\u0303o-Grupo-e1525271504881.jpg\",\"datePublished\":\"2018-05-09T17:48:27+00:00\",\"dateModified\":\"2018-07-14T00:44:33+00:00\",\"breadcrumb\":{\"@id\":\"https:\/\/rioonwatch.org.br\/?p=32887#breadcrumb\"},\"inLanguage\":\"pt-BR\",\"potentialAction\":[{\"@type\":\"ReadAction\",\"target\":[\"https:\/\/rioonwatch.org.br\/?p=32887\"]}]},{\"@type\":\"ImageObject\",\"inLanguage\":\"pt-BR\",\"@id\":\"https:\/\/rioonwatch.org.br\/?p=32887#primaryimage\",\"url\":\"https:\/\/rioonwatch.org.br\/wp-content\/uploads\/2018\/05\/Observato\u0301rio-da-Intervenc\u0327a\u0303o-Grupo-e1525271504881.jpg\",\"contentUrl\":\"https:\/\/rioonwatch.org.br\/wp-content\/uploads\/2018\/05\/Observato\u0301rio-da-Intervenc\u0327a\u0303o-Grupo-e1525271504881.jpg\",\"width\":1990,\"height\":985},{\"@type\":\"BreadcrumbList\",\"@id\":\"https:\/\/rioonwatch.org.br\/?p=32887#breadcrumb\",\"itemListElement\":[{\"@type\":\"ListItem\",\"position\":1,\"name\":\"In\u00edcio\",\"item\":\"https:\/\/rioonwatch.org.br\/\"},{\"@type\":\"ListItem\",\"position\":2,\"name\":\"Avalia\u00e7\u00e3o Pelo Observat\u00f3rio da Interven\u00e7\u00e3o Destaca Mais Mortes, Falta de Rumo; Prop\u00f5e Mudan\u00e7as\"}]},{\"@type\":\"WebSite\",\"@id\":\"https:\/\/rioonwatch.org.br\/#website\",\"url\":\"https:\/\/rioonwatch.org.br\/\",\"name\":\"RioOnWatch\",\"description\":\"relatos das favelas cariocas\",\"publisher\":{\"@id\":\"https:\/\/rioonwatch.org.br\/#organization\"},\"potentialAction\":[{\"@type\":\"SearchAction\",\"target\":{\"@type\":\"EntryPoint\",\"urlTemplate\":\"https:\/\/rioonwatch.org.br\/?s={search_term_string}\"},\"query-input\":{\"@type\":\"PropertyValueSpecification\",\"valueRequired\":true,\"valueName\":\"search_term_string\"}}],\"inLanguage\":\"pt-BR\"},{\"@type\":\"Organization\",\"@id\":\"https:\/\/rioonwatch.org.br\/#organization\",\"name\":\"RioOnWatch\",\"url\":\"https:\/\/rioonwatch.org.br\/\",\"logo\":{\"@type\":\"ImageObject\",\"inLanguage\":\"pt-BR\",\"@id\":\"https:\/\/rioonwatch.org.br\/#\/schema\/logo\/image\/\",\"url\":\"https:\/\/rioonwatch.org.br\/wp-content\/uploads\/2021\/06\/RioOnWatchcabecalhoPT11anos-2.png\",\"contentUrl\":\"https:\/\/rioonwatch.org.br\/wp-content\/uploads\/2021\/06\/RioOnWatchcabecalhoPT11anos-2.png\",\"width\":779,\"height\":277,\"caption\":\"RioOnWatch\"},\"image\":{\"@id\":\"https:\/\/rioonwatch.org.br\/#\/schema\/logo\/image\/\"}},{\"@type\":\"Person\",\"@id\":\"https:\/\/rioonwatch.org.br\/#\/schema\/person\/11d64c290506f9df50c71b850c473f68\",\"name\":\"Admin\",\"image\":{\"@type\":\"ImageObject\",\"inLanguage\":\"pt-BR\",\"@id\":\"https:\/\/rioonwatch.org.br\/#\/schema\/person\/image\/\",\"url\":\"https:\/\/secure.gravatar.com\/avatar\/56211ac74568383903349a1485e3c325?s=96&d=blank&r=g\",\"contentUrl\":\"https:\/\/secure.gravatar.com\/avatar\/56211ac74568383903349a1485e3c325?s=96&d=blank&r=g\",\"caption\":\"Admin\"},\"url\":\"https:\/\/rioonwatch.org.br\/?author=129\"}]}<\/script>\n<!-- \/ Yoast SEO plugin. -->","yoast_head_json":{"title":"Avalia\u00e7\u00e3o Pelo Observat\u00f3rio da Interven\u00e7\u00e3o Destaca Mais Mortes, Falta de Rumo; Prop\u00f5e Mudan\u00e7as - RioOnWatch","robots":{"index":"index","follow":"follow","max-snippet":"max-snippet:-1","max-image-preview":"max-image-preview:large","max-video-preview":"max-video-preview:-1"},"canonical":"https:\/\/rioonwatch.org.br\/?p=32887","og_locale":"pt_BR","og_type":"article","og_title":"Avalia\u00e7\u00e3o Pelo Observat\u00f3rio da Interven\u00e7\u00e3o Destaca Mais Mortes, Falta de Rumo; Prop\u00f5e Mudan\u00e7as - RioOnWatch","og_description":"Click Here for English Ap\u00f3s dois meses de\u00a0interven\u00e7\u00e3o militar federal de (no m\u00ednimo) dez meses\u00a0no Rio de Janeiro, o Observat\u00f3rio da Interven\u00e7\u00e3o\u00a0realizou um evento, no dia 26 de abril, para\u00a0apresentar seu primeiro relat\u00f3rio\u00a0e\u00a0lan\u00e7ar seu novo [...]","og_url":"https:\/\/rioonwatch.org.br\/?p=32887","og_site_name":"RioOnWatch","article_published_time":"2018-05-09T17:48:27+00:00","article_modified_time":"2018-07-14T00:44:33+00:00","og_image":[{"width":1990,"height":985,"url":"https:\/\/rioonwatch.org.br\/wp-content\/uploads\/2018\/05\/Observato\u0301rio-da-Intervenc\u0327a\u0303o-Grupo-e1525271504881.jpg","type":"image\/jpeg"}],"author":"Admin","twitter_card":"summary_large_image","twitter_misc":{"Escrito por":"Admin","Est. tempo de leitura":"5 minutos"},"schema":{"@context":"https:\/\/schema.org","@graph":[{"@type":"Article","@id":"https:\/\/rioonwatch.org.br\/?p=32887#article","isPartOf":{"@id":"https:\/\/rioonwatch.org.br\/?p=32887"},"author":{"name":"Admin","@id":"https:\/\/rioonwatch.org.br\/#\/schema\/person\/11d64c290506f9df50c71b850c473f68"},"headline":"Avalia\u00e7\u00e3o Pelo Observat\u00f3rio da Interven\u00e7\u00e3o Destaca Mais Mortes, Falta de Rumo; Prop\u00f5e Mudan\u00e7as","datePublished":"2018-05-09T17:48:27+00:00","dateModified":"2018-07-14T00:44:33+00:00","mainEntityOfPage":{"@id":"https:\/\/rioonwatch.org.br\/?p=32887"},"wordCount":1023,"publisher":{"@id":"https:\/\/rioonwatch.org.br\/#organization"},"image":{"@id":"https:\/\/rioonwatch.org.br\/?p=32887#primaryimage"},"thumbnailUrl":"https:\/\/rioonwatch.org.br\/wp-content\/uploads\/2018\/05\/Observato\u0301rio-da-Intervenc\u0327a\u0303o-Grupo-e1525271504881.jpg","keywords":["Anistia Internacional","cr\u00edtica \u00e0 pol\u00edtica","dados","FAFERJ","interven\u00e7\u00e3o militar","ISP","mapa","mapeamento","Observat\u00f3rio da Interven\u00e7\u00e3o","Observat\u00f3rio de Favelas","Pol\u00edcia Militar","pol\u00edtica de seguran\u00e7a","pol\u00edtica p\u00fablica","recomenda\u00e7\u00f5es pol\u00edticas","reforma da pol\u00edcia","seguran\u00e7a p\u00fablica","sociedade civil","viol\u00eancia de Estado","viol\u00eancia policial"],"articleSection":["*Destaque","Cobertura de Eventos","Dados e Pesquisa","Escrito por Aliados","Pol\u00edticas","Sociedade Civil","Solu\u00e7\u00f5es"],"inLanguage":"pt-BR"},{"@type":"WebPage","@id":"https:\/\/rioonwatch.org.br\/?p=32887","url":"https:\/\/rioonwatch.org.br\/?p=32887","name":"Avalia\u00e7\u00e3o Pelo Observat\u00f3rio da Interven\u00e7\u00e3o Destaca Mais Mortes, Falta de Rumo; Prop\u00f5e Mudan\u00e7as - RioOnWatch","isPartOf":{"@id":"https:\/\/rioonwatch.org.br\/#website"},"primaryImageOfPage":{"@id":"https:\/\/rioonwatch.org.br\/?p=32887#primaryimage"},"image":{"@id":"https:\/\/rioonwatch.org.br\/?p=32887#primaryimage"},"thumbnailUrl":"https:\/\/rioonwatch.org.br\/wp-content\/uploads\/2018\/05\/Observato\u0301rio-da-Intervenc\u0327a\u0303o-Grupo-e1525271504881.jpg","datePublished":"2018-05-09T17:48:27+00:00","dateModified":"2018-07-14T00:44:33+00:00","breadcrumb":{"@id":"https:\/\/rioonwatch.org.br\/?p=32887#breadcrumb"},"inLanguage":"pt-BR","potentialAction":[{"@type":"ReadAction","target":["https:\/\/rioonwatch.org.br\/?p=32887"]}]},{"@type":"ImageObject","inLanguage":"pt-BR","@id":"https:\/\/rioonwatch.org.br\/?p=32887#primaryimage","url":"https:\/\/rioonwatch.org.br\/wp-content\/uploads\/2018\/05\/Observato\u0301rio-da-Intervenc\u0327a\u0303o-Grupo-e1525271504881.jpg","contentUrl":"https:\/\/rioonwatch.org.br\/wp-content\/uploads\/2018\/05\/Observato\u0301rio-da-Intervenc\u0327a\u0303o-Grupo-e1525271504881.jpg","width":1990,"height":985},{"@type":"BreadcrumbList","@id":"https:\/\/rioonwatch.org.br\/?p=32887#breadcrumb","itemListElement":[{"@type":"ListItem","position":1,"name":"In\u00edcio","item":"https:\/\/rioonwatch.org.br\/"},{"@type":"ListItem","position":2,"name":"Avalia\u00e7\u00e3o Pelo Observat\u00f3rio da Interven\u00e7\u00e3o Destaca Mais Mortes, Falta de Rumo; Prop\u00f5e Mudan\u00e7as"}]},{"@type":"WebSite","@id":"https:\/\/rioonwatch.org.br\/#website","url":"https:\/\/rioonwatch.org.br\/","name":"RioOnWatch","description":"relatos das favelas cariocas","publisher":{"@id":"https:\/\/rioonwatch.org.br\/#organization"},"potentialAction":[{"@type":"SearchAction","target":{"@type":"EntryPoint","urlTemplate":"https:\/\/rioonwatch.org.br\/?s={search_term_string}"},"query-input":{"@type":"PropertyValueSpecification","valueRequired":true,"valueName":"search_term_string"}}],"inLanguage":"pt-BR"},{"@type":"Organization","@id":"https:\/\/rioonwatch.org.br\/#organization","name":"RioOnWatch","url":"https:\/\/rioonwatch.org.br\/","logo":{"@type":"ImageObject","inLanguage":"pt-BR","@id":"https:\/\/rioonwatch.org.br\/#\/schema\/logo\/image\/","url":"https:\/\/rioonwatch.org.br\/wp-content\/uploads\/2021\/06\/RioOnWatchcabecalhoPT11anos-2.png","contentUrl":"https:\/\/rioonwatch.org.br\/wp-content\/uploads\/2021\/06\/RioOnWatchcabecalhoPT11anos-2.png","width":779,"height":277,"caption":"RioOnWatch"},"image":{"@id":"https:\/\/rioonwatch.org.br\/#\/schema\/logo\/image\/"}},{"@type":"Person","@id":"https:\/\/rioonwatch.org.br\/#\/schema\/person\/11d64c290506f9df50c71b850c473f68","name":"Admin","image":{"@type":"ImageObject","inLanguage":"pt-BR","@id":"https:\/\/rioonwatch.org.br\/#\/schema\/person\/image\/","url":"https:\/\/secure.gravatar.com\/avatar\/56211ac74568383903349a1485e3c325?s=96&d=blank&r=g","contentUrl":"https:\/\/secure.gravatar.com\/avatar\/56211ac74568383903349a1485e3c325?s=96&d=blank&r=g","caption":"Admin"},"url":"https:\/\/rioonwatch.org.br\/?author=129"}]}},"_links":{"self":[{"href":"https:\/\/rioonwatch.org.br\/index.php?rest_route=\/wp\/v2\/posts\/32887"}],"collection":[{"href":"https:\/\/rioonwatch.org.br\/index.php?rest_route=\/wp\/v2\/posts"}],"about":[{"href":"https:\/\/rioonwatch.org.br\/index.php?rest_route=\/wp\/v2\/types\/post"}],"author":[{"embeddable":true,"href":"https:\/\/rioonwatch.org.br\/index.php?rest_route=\/wp\/v2\/users\/129"}],"replies":[{"embeddable":true,"href":"https:\/\/rioonwatch.org.br\/index.php?rest_route=%2Fwp%2Fv2%2Fcomments&post=32887"}],"version-history":[{"count":16,"href":"https:\/\/rioonwatch.org.br\/index.php?rest_route=\/wp\/v2\/posts\/32887\/revisions"}],"predecessor-version":[{"id":32908,"href":"https:\/\/rioonwatch.org.br\/index.php?rest_route=\/wp\/v2\/posts\/32887\/revisions\/32908"}],"wp:featuredmedia":[{"embeddable":true,"href":"https:\/\/rioonwatch.org.br\/index.php?rest_route=\/wp\/v2\/media\/32889"}],"wp:attachment":[{"href":"https:\/\/rioonwatch.org.br\/index.php?rest_route=%2Fwp%2Fv2%2Fmedia&parent=32887"}],"wp:term":[{"taxonomy":"category","embeddable":true,"href":"https:\/\/rioonwatch.org.br\/index.php?rest_route=%2Fwp%2Fv2%2Fcategories&post=32887"},{"taxonomy":"post_tag","embeddable":true,"href":"https:\/\/rioonwatch.org.br\/index.php?rest_route=%2Fwp%2Fv2%2Ftags&post=32887"},{"taxonomy":"writer","embeddable":true,"href":"https:\/\/rioonwatch.org.br\/index.php?rest_route=%2Fwp%2Fv2%2Fwriter&post=32887"},{"taxonomy":"translator","embeddable":true,"href":"https:\/\/rioonwatch.org.br\/index.php?rest_route=%2Fwp%2Fv2%2Ftranslator&post=32887"},{"taxonomy":"source","embeddable":true,"href":"https:\/\/rioonwatch.org.br\/index.php?rest_route=%2Fwp%2Fv2%2Fsource&post=32887"},{"taxonomy":"ilustrador","embeddable":true,"href":"https:\/\/rioonwatch.org.br\/index.php?rest_route=%2Fwp%2Fv2%2Filustrador&post=32887"},{"taxonomy":"fotografo","embeddable":true,"href":"https:\/\/rioonwatch.org.br\/index.php?rest_route=%2Fwp%2Fv2%2Ffotografo&post=32887"}],"curies":[{"name":"wp","href":"https:\/\/api.w.org\/{rel}","templated":true}]}}