{"id":32968,"date":"2018-05-12T15:32:03","date_gmt":"2018-05-12T18:32:03","guid":{"rendered":"http:\/\/rioonwatch.org.br\/?p=32968"},"modified":"2022-10-11T09:26:24","modified_gmt":"2022-10-11T12:26:24","slug":"justica-e-politica-da-desigualdade-dominam-o-forum-brasil-reino-unido-2018","status":"publish","type":"post","link":"https:\/\/rioonwatch.org.br\/?p=32968","title":{"rendered":"Justi\u00e7a e Pol\u00edtica da Desigualdade Dominam o F\u00f3rum Brasil-Reino Unido &#8217;18"},"content":{"rendered":"<p style=\"text-align: right;\"><em><strong><a href=\"http:\/\/bit.ly\/2IAYBOY\" target=\"_blank\" rel=\"noopener noreferrer\">Click Here for English<img decoding=\"async\" width=\"20\" height=\"20\" class=\"alignright wp-image-15790\" src=\"http:\/\/rioonwatch.org.br\/wp-content\/uploads\/2012\/08\/EN-standard-e1439583104716.jpg\" \/><\/a><\/strong><\/em><\/p>\n<p><span style=\"font-weight: 400;\">No dia 5 de maio, a London School of Economics (LSE ou Faculdade de Economia de Londres) sediou o\u00a0Brazil Forum UK 2018 (F\u00f3rum Brasil &#8211; Reino Unido 2018), intitulado\u00a0<\/span><span style=\"font-weight: 400;\">\u201c<a href=\"http:\/\/bit.ly\/2wmjJTY\" target=\"_blank\" rel=\"noopener\">Break[ing] Down the Constitution<\/a>\u201d (Desmontando a Constitui\u00e7\u00e3o). O evento \u00e9 organizado por estudantes brasileiros no Reino Unido e a edi\u00e7\u00e3o deste ano promoveu a reflex\u00e3o sobre a <a href=\"http:\/\/bit.ly\/2e7F1Lg\" target=\"_blank\" rel=\"noopener\">Constitui\u00e7\u00e3o<\/a> de 1988 por principais l\u00edderes e pensadores do Brasil. O objetivo era explorar os avan\u00e7os econ\u00f4micos e pol\u00edticos e os retrocessos dos \u00faltimos 30 anos, considerando as implica\u00e7\u00f5es sociais da Constitui\u00e7\u00e3o al\u00e9m de suas legalidades.<\/span><\/p>\n<p>Tendo como pano de fundo as <a href=\"http:\/\/bit.ly\/2FNwOpn\" target=\"_blank\" rel=\"noopener\">pr\u00f3ximas elei\u00e7\u00f5es<\/a> e a <a href=\"http:\/\/bit.ly\/2rYFc3h\" target=\"_blank\" rel=\"noopener\">crescente polariza\u00e7\u00e3o social e pol\u00edtica<\/a> no Brasil, o debate do dia foi passional e pol\u00eamico, e a rea\u00e7\u00e3o do p\u00fablico igualmente animada e dividida.<\/p>\n<p><span style=\"font-weight: 400;\"><a href=\"http:\/\/bit.ly\/2IcIVxD\" target=\"_blank\" rel=\"noopener\">Luis Roberto Barroso<\/a>, ministro do\u00a0Supremo Tribunal Federal\u00a0e presidente de honra do F\u00f3rum Brasil -Reino Unido 2018, abriu os trabalhos do dia destacando as &#8220;conquistas&#8221; das \u00faltimas tr\u00eas d\u00e9cadas e os problemas que o Brasil enfrenta atualmente. Seu elogio \u00e0 estabilidade monet\u00e1ria, \u00e0 inclus\u00e3o social e \u00e0 falta de &#8220;rupturas jur\u00eddico-institucionais&#8221; combinados com cr\u00edticas ao &#8220;patrimonialismo, formalismo e cultura da desigualdade&#8221; foram recebidos com aplausos e zombarias intrometidas.<\/span><\/p>\n<p><span style=\"font-weight: 400;\">Al\u00e9m disso o ministro sugeriu que &#8220;o Estado brasileiro n\u00e3o tem <a href=\"http:\/\/bit.ly\/2KX9EAi\" target=\"_blank\" rel=\"noopener\">dinheiro suficiente para bancar uma universidade p\u00fablica<\/a> com a qualidade que o Brasil precisa&#8221;\u00a0<\/span><span style=\"font-weight: 400;\">e que as universidades deveriam buscar fontes de financiamento alternativas. Estes coment\u00e1rios foram recebidos com descontentamento retumbante da multid\u00e3o, embora o orador tenha sido categ\u00f3rico ao afirmar que ele n\u00e3o \u00e9 a favor de privatizar universidades p\u00fablicas. O juiz continuou criticando &#8220;uma sociedade viciada no Estado&#8221; com uma &#8220;cultura de desigualdade e desonestidade institucionalizada&#8221; que resultou em &#8220;uma corrup\u00e7\u00e3o sist\u00eamica e end\u00eamica&#8221;. Ele observou que &#8220;a\u00a0corrup\u00e7\u00e3o no Brasil n\u00e3o foi um conjunto de falhas individuais&#8221;, nem um &#8220;fen\u00f4meno de um partido ou governo&#8221;, mas um ato &#8220;end\u00eamico que envolve estatais, agentes p\u00fablicos, privados, membros do Executivo, e do Legislativo&#8221;.<\/span><\/p>\n<p><a href=\"http:\/\/rioonwatch.org.br\/wp-content\/uploads\/2018\/05\/Luis-Barroso-Brazil-Forum-UK.-Photo-by-Cynthia-Vanzella.jpg\"><img fetchpriority=\"high\" decoding=\"async\" class=\"aligncenter wp-image-32977 size-content\" title=\"Lu\u00eds Roberto Barroso no Brazil Forum UK 2018. Foto por Cynthia Vanzella \/ Brazil Forum UK\" src=\"http:\/\/rioonwatch.org.br\/wp-content\/uploads\/2018\/05\/Luis-Barroso-Brazil-Forum-UK.-Photo-by-Cynthia-Vanzella-620x264.jpg\" alt=\"\" width=\"620\" height=\"264\" srcset=\"https:\/\/rioonwatch.org.br\/wp-content\/uploads\/2018\/05\/Luis-Barroso-Brazil-Forum-UK.-Photo-by-Cynthia-Vanzella-620x264.jpg 620w, https:\/\/rioonwatch.org.br\/wp-content\/uploads\/2018\/05\/Luis-Barroso-Brazil-Forum-UK.-Photo-by-Cynthia-Vanzella-940x400.jpg 940w\" sizes=\"(max-width: 620px) 100vw, 620px\" \/><\/a><\/p>\n<p><span style=\"font-weight: 400;\">Barroso deu o tom para o dia de debates e enfocou a desigualdade social e econ\u00f4mica. No painel de discuss\u00e3o sobre pol\u00edtica econ\u00f4mica que se seguiu,\u00a0<a href=\"http:\/\/bit.ly\/2I8leXb\" target=\"_blank\" rel=\"noopener\">Laura Carvalho<\/a> e <a href=\"http:\/\/bit.ly\/2KRCUII\" target=\"_blank\" rel=\"noopener\">Samuel Pessoa<\/a>, ambos professores de economia, iniciaram um debate caracterizado por um desacordo polido, mas firme. Samuel culpou a fraca pol\u00edtica fiscal do governo do Partido dos Trabalhadores do ex-Presidente <a href=\"http:\/\/bit.ly\/2c3dVQA\" target=\"_blank\" rel=\"noopener\">Luiz In\u00e1cio Lula da Silva<\/a> por gerar &#8220;um padr\u00e3o de gastos p\u00fablicos que \u00e9 incompat\u00edvel com os nossos ganhos&#8221;, enquanto Laura elogiou a administra\u00e7\u00e3o e os seus &#8220;tr\u00eas pilares de crescimento&#8221;: &#8220;acesso ao cr\u00e9dito&#8221;, &#8220;expans\u00e3o significativa dos programas de investimento social&#8221; e uma&#8221;pol\u00edtica que entendeu que a <a href=\"http:\/\/bit.ly\/2IcNyrv\" target=\"_blank\" rel=\"noopener\">distribui\u00e7\u00e3o de renda<\/a> pode funcionar como um motor de crescimento&#8221;.<\/span><span style=\"font-weight: 400;\"><br \/>\n<\/span><\/p>\n<p><span style=\"font-weight: 400;\">Isso abriu o caminho para a discuss\u00e3o do painel sobre desigualdade e redistribui\u00e7\u00e3o com a ex-Ministra do Desenvolvimento Social e Combate \u00e0 Fome sob Lula, <a href=\"http:\/\/bit.ly\/2G6tg1h\" target=\"_blank\" rel=\"noopener\">Tereza Campello<\/a>;\u00a0o diretor-geral da\u00a0Organiza\u00e7\u00e3o das Na\u00e7\u00f5es Unidas para Agricultura e Alimenta\u00e7\u00e3o\u00a0(FAO), <a href=\"http:\/\/bit.ly\/2wyGWCG\" target=\"_blank\" rel=\"noopener\">Jos\u00e9 Graziano da Silva<\/a>, e Marc Morgan, doutorando em economia, que <a href=\"http:\/\/bit.ly\/2ry7duZ\" target=\"_blank\" rel=\"noopener\">examinou a concentra\u00e7\u00e3o de renda no Brasil<\/a>. Tereza argumentou que &#8220;\u00e9 mais f\u00e1cil reduzir a pobreza do que a desigualdade&#8221; e avidamente defendeu gr\u00e1ficos que demonstravam o aumento do acesso de fam\u00edlias pobres e negras \u00e0 <a href=\"http:\/\/bit.ly\/1acNApR\" target=\"_blank\" rel=\"noopener\">educa\u00e7\u00e3o<\/a>, <a href=\"http:\/\/bit.ly\/1GyyKkX\" target=\"_blank\" rel=\"noopener\">\u00e1gua<\/a>, <a href=\"http:\/\/bit.ly\/1TpORFB\" target=\"_blank\" rel=\"noopener\">sistemas de esgoto<\/a> e geladeiras. Apesar de amig\u00e1vel com a ex-Ministra, Jos\u00e9 Graziano apontou para &#8220;a heran\u00e7a hist\u00f3rica da desigualdade&#8221; que sobreviveu ao mandato do PT no poder, e acrescentou que &#8220;a forma de se mudar isso \u00e9 atrav\u00e9s das pol\u00edticas p\u00fablicas&#8221;.<\/span><\/p>\n<p><span style=\"font-weight: 400;\">Marc Morgan exp\u00f4s suas descobertas de pesquisa e concluiu que &#8220;a desigualdade no Brasil \u00e9 uma escolha pol\u00edtica&#8221;, pois &#8220;h\u00e1 uma forte correla\u00e7\u00e3o entre como voc\u00ea regula a transmiss\u00e3o de riqueza e o desempenho dos indicadores de desigualdade de renda&#8221;. Ele atribui essa lacuna socioecon\u00f4mica predominantemente a &#8220;baixa taxa sobre heran\u00e7a&#8221;, afirmando: &#8220;Se voc\u00ea ganhar uma fortuna de seus pais e essa fortuna \u00e9 pouco taxada, como no Brasil, voc\u00ea j\u00e1 come\u00e7a com mais vantagens na sociedade. Como falar de <a href=\"http:\/\/bit.ly\/2KhoCzP\" target=\"_blank\" rel=\"noopener\">meritocracia<\/a>? O que h\u00e1 \u00e9 a persist\u00eancia da desigualdade atrav\u00e9s das gera\u00e7\u00f5es&#8230; Quando as sociedades se tornam mais desiguais, o processo econ\u00f4mico para sustentar mais crescimento fica mais dif\u00edcil, uma vez que h\u00e1 poucas pessoas no topo\u2026 ent\u00e3o, se voc\u00ea concentra renda nas m\u00e3os de poucas pessoas, qual \u00e9 o sentido da democracia?&#8221;<\/span><\/p>\n<p><span style=\"font-weight: 400;\">Antes de <a href=\"http:\/\/bit.ly\/2l4L6fp\" target=\"_blank\" rel=\"noopener\">Jurema Werneck<\/a>, Diretora Executiva da Anistia Internacional Brasil, assumir o palco, uma breve vig\u00edlia para <a href=\"http:\/\/bit.ly\/2ibXBBl\" target=\"_blank\" rel=\"noopener\">Marielle Franco<\/a> foi realizada, e alguns de seus famosos discursos soaram pelo audit\u00f3rio. Com sua energia t\u00e3o viva como sempre, sua fala foi saudada com uma ova\u00e7\u00e3o de p\u00e9 e cantos de &#8220;Marielle presente! Agora e sempre!&#8221;<\/span><span style=\"font-weight: 400;\"><br \/>\n<\/span><\/p>\n<p><a href=\"http:\/\/rioonwatch.org.br\/wp-content\/uploads\/2018\/05\/Jurema-Werneck-Brazil-Forum-UK.-Photo-by-Cynthia-Vanzella.jpg\"><img decoding=\"async\" class=\"aligncenter wp-image-32980 size-content\" title=\"Jurema Werneck no Brazil Forum UK 2018. Foto por Cynthia Vanzella \/ Brazil Forum UK\" src=\"http:\/\/rioonwatch.org.br\/wp-content\/uploads\/2018\/05\/Jurema-Werneck-Brazil-Forum-UK.-Photo-by-Cynthia-Vanzella-620x264.jpg\" alt=\"\" width=\"620\" height=\"264\" srcset=\"https:\/\/rioonwatch.org.br\/wp-content\/uploads\/2018\/05\/Jurema-Werneck-Brazil-Forum-UK.-Photo-by-Cynthia-Vanzella-620x264.jpg 620w, https:\/\/rioonwatch.org.br\/wp-content\/uploads\/2018\/05\/Jurema-Werneck-Brazil-Forum-UK.-Photo-by-Cynthia-Vanzella-940x400.jpg 940w\" sizes=\"(max-width: 620px) 100vw, 620px\" \/><\/a><\/p>\n<p><span style=\"font-weight: 400;\">Esse foi um lembrete v\u00edvido do tema do discurso de Werneck: a <a href=\"http:\/\/bit.ly\/1wLR1Ef\" target=\"_blank\" rel=\"noopener\">viol\u00eancia<\/a>\u00a0que se espalha pelo Brasil. Ela disse que &#8220;a viol\u00eancia \u00e9 um fen\u00f4meno complexo e representa parte do DNA da na\u00e7\u00e3o&#8221;, citando como o Brasil tem a \u201cterceira maior popula\u00e7\u00e3o carcer\u00e1ria do mundo&#8221; e que &#8220;11% est\u00e3o l\u00e1 por homic\u00eddios&#8221;. Ela colocou o Estado como respons\u00e1vel e criticou <a href=\"http:\/\/bit.ly\/2FBDCaR\" target=\"_blank\" rel=\"noopener\">a interven\u00e7\u00e3o militar recente no Rio<\/a>, &#8220;os <a href=\"http:\/\/bit.ly\/2KJO7L7\" target=\"_blank\" rel=\"noopener\">n\u00fameros mostram<\/a> que essa medida n\u00e3o resolve o problema da viol\u00eancia\u201d. Ela n\u00e3o hesitou em afirmar que as v\u00edtimas s\u00e3o predominantemente homens jovens de favelas&#8211;campos de batalha da\u00a0<a href=\"http:\/\/bit.ly\/2KJO7L7\" target=\"_blank\" rel=\"noopener\">intensifica\u00e7\u00e3o da viol\u00eancia durante a interven\u00e7\u00e3o<\/a>.<\/span><span style=\"font-weight: 400;\"><br \/>\n<\/span><\/p>\n<p><a href=\"http:\/\/bit.ly\/2jRvaK8\" target=\"_blank\" rel=\"noopener\">Edesio Fernandes<\/a>, professor de Direito Urbano e Ambiental, apresentou evid\u00eancias de que tanto a viol\u00eancia quanto a segrega\u00e7\u00e3o socioespacial decorrem da &#8220;estrutura fundi\u00e1ria nos centros urbanos&#8221;. A arquiteta e assessora parlamentar, <a href=\"http:\/\/bit.ly\/2I5miPU\" target=\"_blank\" rel=\"noopener\">Joice Berth<\/a>, baseou-se nesse argumento, descrevendo as <a href=\"http:\/\/bit.ly\/2p3wZrc\" target=\"_blank\" rel=\"noopener\">favelas como &#8220;lugares de resist\u00eancia&#8221;<\/a> e dizendo que &#8220;\u00e9 preciso desestabilizar o conceito de desigualdade. Isso implica refletir temas centrais como o <a href=\"http:\/\/bit.ly\/1KiFeTl\" target=\"_blank\" rel=\"noopener\">racismo<\/a>. \u00c9 atrav\u00e9s deste debate que se entende o surgimento das periferias e favelas no pa\u00eds&#8221;.<\/p>\n<p><span style=\"font-weight: 400;\">O painel final sobre o papel das empresas na redu\u00e7\u00e3o da desigualdade foi parcialmente ofuscado pela antecipa\u00e7\u00e3o da chegada da ex-Presidente <a href=\"http:\/\/bit.ly\/1sTDJFe\" target=\"_blank\" rel=\"noopener\">Dilma Rousseff<\/a> para o discurso de encerramento do dia. Mas enquanto manifestantes e apoiadores se reuniram do lado de fora do audit\u00f3rio, l\u00e1 dentro um grupo unificado de painelistas de diversas ind\u00fastrias brasileiras discutiam o que\u00a0<a href=\"http:\/\/bit.ly\/2G1jPA0\" target=\"_blank\" rel=\"noopener\">Marcel Fukuyama<\/a> descreveu como &#8220;uma grande mudan\u00e7a de cultura sobre o papel da empresa na sociedade&#8221;. Enquanto a advogada\u00a0<a href=\"http:\/\/bit.ly\/2Kb6Iid\" target=\"_blank\" rel=\"noopener\">Flavia Oliveira<\/a> perguntava &#8220;quanto o acionista est\u00e1 disposto a abrir m\u00e3o do lucro para expandir as suas atividades relacionadas \u00e0 impacto?&#8221;, o discurso mais progressista veio de <a href=\"http:\/\/bit.ly\/2IbwQNq\" target=\"_blank\" rel=\"noopener\">Daniela Barone<\/a>, que ofereceu um lembrete significativo para &#8220;incluir as pessoas que sofrem com o problema na solu\u00e7\u00e3o do pr\u00f3prio problema&#8221;.<\/span><\/p>\n<p><span style=\"font-weight: 400;\">Em seguida, Dilma apareceu no palco. Alguns a receberam com aplausos arrebatadores e cantos de &#8220;Dilma! Guerreira!&#8221; e &#8220;a presidente leg\u00edtima do Brasil&#8221;, enquanto outros ficaram sentados, im\u00f3veis, em sil\u00eancio. Nos pr\u00f3ximos noventa minutos, ela de forma convicta <a href=\"http:\/\/bit.ly\/230MkT1\" target=\"_blank\" rel=\"noopener\">refuta seu impeachment<\/a> e a <a href=\"http:\/\/bit.ly\/2Jq4CLM\" target=\"_blank\" rel=\"noopener\">condena\u00e7\u00e3o de Lula<\/a>, defende a pol\u00edtica de desenvolvimento social, desencadeia acusa\u00e7\u00f5es de um golpe organizado e at\u00e9 mesmo d\u00e1 um toque de humor ir\u00f4nico sobre a probabilidade de corrup\u00e7\u00e3o dentro do Partido dos Trabalhadores. Ela concluiu dizendo que &#8220;Lula \u00e9 preso pol\u00edtico&#8221; e, portanto, o PT n\u00e3o considerar\u00e1 nenhum &#8220;plano B&#8221; e &#8220;n\u00e3o vai retirar o Lula, nem oferecer\u00e1 outro candidato&#8221; para as pr\u00f3ximas elei\u00e7\u00f5es.<\/span><\/p>\n<p><span style=\"font-weight: 400;\">O F\u00f3rum Brasil &#8211; Reino Unido 2018 ofereceu, como esperado, um dia de pol\u00eamica, emo\u00e7\u00e3o e divis\u00e3o. No entanto, foi a ex-presidente, a palestrante mais emotiva do dia, que ofereceu a ideia mais unificadora: de que os tr\u00eas componentes do <a href=\"http:\/\/bit.ly\/2Gp2OnO\" target=\"_blank\" rel=\"noopener\">assassinato de Marielle Franco<\/a> foram: pol\u00edtica (&#8220;por ser vereadora&#8221;), <a href=\"http:\/\/bit.ly\/1uqz3CW\" target=\"_blank\" rel=\"noopener\">ra\u00e7a<\/a> (&#8220;por ser negra\u201d) e <a href=\"http:\/\/bit.ly\/1J37ZQ2\" target=\"_blank\" rel=\"noopener\">g\u00eanero<\/a> (&#8220;por ser mulher&#8221;). Foi uma declara\u00e7\u00e3o pungente que trouxe um consenso reflexivo e resumiu n\u00e3o apenas o dia, mas a situa\u00e7\u00e3o que o Brasil est\u00e1 enfrentando atualmente: que o desenvolvimento social e inclus\u00e3o no Brasil, apesar de alguns avan\u00e7os recentes, ainda tem um caminho bem longo a percorrer, e at\u00e9 que consiga lidar com esses elementos, a viol\u00eancia e a <a href=\"http:\/\/bit.ly\/1Swdf8U\" target=\"_blank\" rel=\"noopener\">exclus\u00e3o<\/a> continuar\u00e3o a manchar um pa\u00eds repleto de positividade, beleza, energia e potencial.<\/span><\/p>\n<p><em><span style=\"font-weight: 400;\">Patrick Gibbs \u00e9 presidente da <a href=\"http:\/\/bit.ly\/2jNzomj\" target=\"_blank\" rel=\"noopener\" data-saferedirecturl=\"https:\/\/www.google.com\/url?hl=en&amp;q=http:\/\/bit.ly\/2jNzomj&amp;source=gmail&amp;ust=1526067682458000&amp;usg=AFQjCNF6XvYzX1qYnO1znLvfIoxW-kYgyQ\">The Favela Foundation<\/a>, uma organiza\u00e7\u00e3o que busca contribuir para o desenvolvimento e crescimento de projetos sociais e educacionais sustent\u00e1veis nas favelas brasileiras.<\/span><\/em><\/p>\n<!-- AddThis Advanced Settings generic via filter on the_content --><!-- AddThis Share Buttons generic via filter on the_content -->","protected":false},"excerpt":{"rendered":"<div class=\"mh-excerpt\"><p>Click Here for English No dia 5 de maio, a London School of Economics (LSE ou Faculdade de Economia de Londres) sediou o\u00a0Brazil Forum UK 2018 (F\u00f3rum Brasil &#8211; Reino Unido 2018), intitulado\u00a0\u201cBreak[ing] Down the <a class=\"mh-excerpt-more\" href=\"https:\/\/rioonwatch.org.br\/?p=32968\" title=\"Justi\u00e7a e Pol\u00edtica da Desigualdade Dominam o F\u00f3rum Brasil-Reino Unido &#8217;18\">[&#8230;]<\/a><!-- AddThis Advanced Settings generic via filter on get_the_excerpt --><!-- AddThis Share Buttons generic via filter on get_the_excerpt --><\/p>\n<\/div>","protected":false},"author":129,"featured_media":32971,"comment_status":"closed","ping_status":"closed","sticky":false,"template":"","format":"standard","meta":{"_acf_changed":false,"_monsterinsights_skip_tracking":false,"_monsterinsights_sitenote_active":false,"_monsterinsights_sitenote_note":"","_monsterinsights_sitenote_category":0,"footnotes":""},"categories":[1621,1627,1626,344,1612],"tags":[1796,1226,310,709,479,413,1163,687,457,922,1306,1837,2348,2312,594,1841,2033,588,838,1840,814,2352,239,30],"writer":[2351],"translator":[1971],"source":[],"ilustrador":[],"fotografo":[],"class_list":{"0":"post-32968","1":"post","2":"type-post","3":"status-publish","4":"format-standard","5":"has-post-thumbnail","7":"category-destaque","8":"category-relato-de-evento","9":"category-por-observadores-internacionais","10":"category-politicas","11":"category-sociedade-civil","12":"tag-anistia-internacional","13":"tag-constituicao","14":"tag-corrupcao","15":"tag-debate","16":"tag-democracia","17":"tag-desigualdade","18":"tag-presidente-dilma-rousseff","19":"tag-economia","20":"tag-eleicoes","21":"tag-evento","22":"tag-exclusao","23":"tag-impeachment","24":"tag-intervencao-militar","25":"tag-legado-de-marielle","26":"tag-londres","27":"tag-lula","28":"tag-marielle-franco","29":"tag-pesquisa","30":"tag-politica-publica","31":"tag-pt","32":"tag-segregacao","33":"tag-uk","34":"tag-universidade","35":"tag-violencia","36":"writer-patrick-gibbs","37":"translator-geovanna-giannini"},"acf":[],"yoast_head":"<!-- This site is optimized with the Yoast SEO plugin v25.6 - https:\/\/yoast.com\/wordpress\/plugins\/seo\/ -->\n<title>Justi\u00e7a e Pol\u00edtica da Desigualdade Dominam o F\u00f3rum Brasil-Reino Unido &#039;18 - RioOnWatch<\/title>\n<meta name=\"robots\" content=\"index, follow, max-snippet:-1, max-image-preview:large, max-video-preview:-1\" \/>\n<link rel=\"canonical\" href=\"https:\/\/rioonwatch.org.br\/?p=32968\" \/>\n<meta property=\"og:locale\" content=\"pt_BR\" \/>\n<meta property=\"og:type\" content=\"article\" \/>\n<meta property=\"og:title\" content=\"Justi\u00e7a e Pol\u00edtica da Desigualdade Dominam o F\u00f3rum Brasil-Reino Unido &#039;18 - RioOnWatch\" \/>\n<meta property=\"og:description\" content=\"Click Here for English No dia 5 de maio, a London School of Economics (LSE ou Faculdade de Economia de Londres) sediou o\u00a0Brazil Forum UK 2018 (F\u00f3rum Brasil &#8211; Reino Unido 2018), intitulado\u00a0\u201cBreak[ing] Down the [...]\" \/>\n<meta property=\"og:url\" content=\"https:\/\/rioonwatch.org.br\/?p=32968\" \/>\n<meta property=\"og:site_name\" content=\"RioOnWatch\" \/>\n<meta property=\"article:published_time\" content=\"2018-05-12T18:32:03+00:00\" \/>\n<meta property=\"article:modified_time\" content=\"2022-10-11T12:26:24+00:00\" \/>\n<meta property=\"og:image\" content=\"https:\/\/rioonwatch.org.br\/wp-content\/uploads\/2018\/05\/Dilma-Rousseff-Brazil-Forum-UK.-Photo-by-Cynthia-Vanzella-e1525952312837.jpg\" \/>\n\t<meta property=\"og:image:width\" content=\"1799\" \/>\n\t<meta property=\"og:image:height\" content=\"838\" \/>\n\t<meta property=\"og:image:type\" content=\"image\/jpeg\" \/>\n<meta name=\"author\" content=\"Admin\" \/>\n<meta name=\"twitter:card\" content=\"summary_large_image\" \/>\n<meta name=\"twitter:label1\" content=\"Escrito por\" \/>\n\t<meta name=\"twitter:data1\" content=\"Admin\" \/>\n\t<meta name=\"twitter:label2\" content=\"Est. tempo de leitura\" \/>\n\t<meta name=\"twitter:data2\" content=\"7 minutos\" \/>\n<script type=\"application\/ld+json\" class=\"yoast-schema-graph\">{\"@context\":\"https:\/\/schema.org\",\"@graph\":[{\"@type\":\"Article\",\"@id\":\"https:\/\/rioonwatch.org.br\/?p=32968#article\",\"isPartOf\":{\"@id\":\"https:\/\/rioonwatch.org.br\/?p=32968\"},\"author\":{\"name\":\"Admin\",\"@id\":\"https:\/\/rioonwatch.org.br\/#\/schema\/person\/11d64c290506f9df50c71b850c473f68\"},\"headline\":\"Justi\u00e7a e Pol\u00edtica da Desigualdade Dominam o F\u00f3rum Brasil-Reino Unido &#8217;18\",\"datePublished\":\"2018-05-12T18:32:03+00:00\",\"dateModified\":\"2022-10-11T12:26:24+00:00\",\"mainEntityOfPage\":{\"@id\":\"https:\/\/rioonwatch.org.br\/?p=32968\"},\"wordCount\":1470,\"publisher\":{\"@id\":\"https:\/\/rioonwatch.org.br\/#organization\"},\"image\":{\"@id\":\"https:\/\/rioonwatch.org.br\/?p=32968#primaryimage\"},\"thumbnailUrl\":\"https:\/\/rioonwatch.org.br\/wp-content\/uploads\/2018\/05\/Dilma-Rousseff-Brazil-Forum-UK.-Photo-by-Cynthia-Vanzella-e1525952312837.jpg\",\"keywords\":[\"Anistia Internacional\",\"constitui\u00e7\u00e3o\",\"corrup\u00e7\u00e3o\",\"debate\",\"Democracia\",\"desigualdade\",\"Dilma Rousseff\",\"economia\",\"Elei\u00e7\u00f5es\",\"evento\",\"exclus\u00e3o\",\"impeachment\",\"interven\u00e7\u00e3o militar\",\"Legado de Marielle\",\"Londres\",\"Lula\",\"Marielle Franco\",\"pesquisa\",\"pol\u00edtica p\u00fablica\",\"PT\",\"segrega\u00e7\u00e3o\",\"UK\",\"universidade\",\"viol\u00eancia\"],\"articleSection\":[\"*Destaque\",\"Cobertura de Eventos\",\"Escrito por Aliados\",\"Pol\u00edticas\",\"Sociedade Civil\"],\"inLanguage\":\"pt-BR\"},{\"@type\":\"WebPage\",\"@id\":\"https:\/\/rioonwatch.org.br\/?p=32968\",\"url\":\"https:\/\/rioonwatch.org.br\/?p=32968\",\"name\":\"Justi\u00e7a e Pol\u00edtica da Desigualdade Dominam o F\u00f3rum Brasil-Reino Unido '18 - RioOnWatch\",\"isPartOf\":{\"@id\":\"https:\/\/rioonwatch.org.br\/#website\"},\"primaryImageOfPage\":{\"@id\":\"https:\/\/rioonwatch.org.br\/?p=32968#primaryimage\"},\"image\":{\"@id\":\"https:\/\/rioonwatch.org.br\/?p=32968#primaryimage\"},\"thumbnailUrl\":\"https:\/\/rioonwatch.org.br\/wp-content\/uploads\/2018\/05\/Dilma-Rousseff-Brazil-Forum-UK.-Photo-by-Cynthia-Vanzella-e1525952312837.jpg\",\"datePublished\":\"2018-05-12T18:32:03+00:00\",\"dateModified\":\"2022-10-11T12:26:24+00:00\",\"breadcrumb\":{\"@id\":\"https:\/\/rioonwatch.org.br\/?p=32968#breadcrumb\"},\"inLanguage\":\"pt-BR\",\"potentialAction\":[{\"@type\":\"ReadAction\",\"target\":[\"https:\/\/rioonwatch.org.br\/?p=32968\"]}]},{\"@type\":\"ImageObject\",\"inLanguage\":\"pt-BR\",\"@id\":\"https:\/\/rioonwatch.org.br\/?p=32968#primaryimage\",\"url\":\"https:\/\/rioonwatch.org.br\/wp-content\/uploads\/2018\/05\/Dilma-Rousseff-Brazil-Forum-UK.-Photo-by-Cynthia-Vanzella-e1525952312837.jpg\",\"contentUrl\":\"https:\/\/rioonwatch.org.br\/wp-content\/uploads\/2018\/05\/Dilma-Rousseff-Brazil-Forum-UK.-Photo-by-Cynthia-Vanzella-e1525952312837.jpg\",\"width\":1799,\"height\":838},{\"@type\":\"BreadcrumbList\",\"@id\":\"https:\/\/rioonwatch.org.br\/?p=32968#breadcrumb\",\"itemListElement\":[{\"@type\":\"ListItem\",\"position\":1,\"name\":\"In\u00edcio\",\"item\":\"https:\/\/rioonwatch.org.br\/\"},{\"@type\":\"ListItem\",\"position\":2,\"name\":\"Justi\u00e7a e Pol\u00edtica da Desigualdade Dominam o F\u00f3rum Brasil-Reino Unido &#8217;18\"}]},{\"@type\":\"WebSite\",\"@id\":\"https:\/\/rioonwatch.org.br\/#website\",\"url\":\"https:\/\/rioonwatch.org.br\/\",\"name\":\"RioOnWatch\",\"description\":\"relatos das favelas cariocas\",\"publisher\":{\"@id\":\"https:\/\/rioonwatch.org.br\/#organization\"},\"potentialAction\":[{\"@type\":\"SearchAction\",\"target\":{\"@type\":\"EntryPoint\",\"urlTemplate\":\"https:\/\/rioonwatch.org.br\/?s={search_term_string}\"},\"query-input\":{\"@type\":\"PropertyValueSpecification\",\"valueRequired\":true,\"valueName\":\"search_term_string\"}}],\"inLanguage\":\"pt-BR\"},{\"@type\":\"Organization\",\"@id\":\"https:\/\/rioonwatch.org.br\/#organization\",\"name\":\"RioOnWatch\",\"url\":\"https:\/\/rioonwatch.org.br\/\",\"logo\":{\"@type\":\"ImageObject\",\"inLanguage\":\"pt-BR\",\"@id\":\"https:\/\/rioonwatch.org.br\/#\/schema\/logo\/image\/\",\"url\":\"https:\/\/rioonwatch.org.br\/wp-content\/uploads\/2021\/06\/RioOnWatchcabecalhoPT11anos-2.png\",\"contentUrl\":\"https:\/\/rioonwatch.org.br\/wp-content\/uploads\/2021\/06\/RioOnWatchcabecalhoPT11anos-2.png\",\"width\":779,\"height\":277,\"caption\":\"RioOnWatch\"},\"image\":{\"@id\":\"https:\/\/rioonwatch.org.br\/#\/schema\/logo\/image\/\"}},{\"@type\":\"Person\",\"@id\":\"https:\/\/rioonwatch.org.br\/#\/schema\/person\/11d64c290506f9df50c71b850c473f68\",\"name\":\"Admin\",\"image\":{\"@type\":\"ImageObject\",\"inLanguage\":\"pt-BR\",\"@id\":\"https:\/\/rioonwatch.org.br\/#\/schema\/person\/image\/\",\"url\":\"https:\/\/secure.gravatar.com\/avatar\/56211ac74568383903349a1485e3c325?s=96&d=blank&r=g\",\"contentUrl\":\"https:\/\/secure.gravatar.com\/avatar\/56211ac74568383903349a1485e3c325?s=96&d=blank&r=g\",\"caption\":\"Admin\"},\"url\":\"https:\/\/rioonwatch.org.br\/?author=129\"}]}<\/script>\n<!-- \/ Yoast SEO plugin. -->","yoast_head_json":{"title":"Justi\u00e7a e Pol\u00edtica da Desigualdade Dominam o F\u00f3rum Brasil-Reino Unido '18 - RioOnWatch","robots":{"index":"index","follow":"follow","max-snippet":"max-snippet:-1","max-image-preview":"max-image-preview:large","max-video-preview":"max-video-preview:-1"},"canonical":"https:\/\/rioonwatch.org.br\/?p=32968","og_locale":"pt_BR","og_type":"article","og_title":"Justi\u00e7a e Pol\u00edtica da Desigualdade Dominam o F\u00f3rum Brasil-Reino Unido '18 - RioOnWatch","og_description":"Click Here for English No dia 5 de maio, a London School of Economics (LSE ou Faculdade de Economia de Londres) sediou o\u00a0Brazil Forum UK 2018 (F\u00f3rum Brasil &#8211; Reino Unido 2018), intitulado\u00a0\u201cBreak[ing] Down the [...]","og_url":"https:\/\/rioonwatch.org.br\/?p=32968","og_site_name":"RioOnWatch","article_published_time":"2018-05-12T18:32:03+00:00","article_modified_time":"2022-10-11T12:26:24+00:00","og_image":[{"width":1799,"height":838,"url":"https:\/\/rioonwatch.org.br\/wp-content\/uploads\/2018\/05\/Dilma-Rousseff-Brazil-Forum-UK.-Photo-by-Cynthia-Vanzella-e1525952312837.jpg","type":"image\/jpeg"}],"author":"Admin","twitter_card":"summary_large_image","twitter_misc":{"Escrito por":"Admin","Est. tempo de leitura":"7 minutos"},"schema":{"@context":"https:\/\/schema.org","@graph":[{"@type":"Article","@id":"https:\/\/rioonwatch.org.br\/?p=32968#article","isPartOf":{"@id":"https:\/\/rioonwatch.org.br\/?p=32968"},"author":{"name":"Admin","@id":"https:\/\/rioonwatch.org.br\/#\/schema\/person\/11d64c290506f9df50c71b850c473f68"},"headline":"Justi\u00e7a e Pol\u00edtica da Desigualdade Dominam o F\u00f3rum Brasil-Reino Unido &#8217;18","datePublished":"2018-05-12T18:32:03+00:00","dateModified":"2022-10-11T12:26:24+00:00","mainEntityOfPage":{"@id":"https:\/\/rioonwatch.org.br\/?p=32968"},"wordCount":1470,"publisher":{"@id":"https:\/\/rioonwatch.org.br\/#organization"},"image":{"@id":"https:\/\/rioonwatch.org.br\/?p=32968#primaryimage"},"thumbnailUrl":"https:\/\/rioonwatch.org.br\/wp-content\/uploads\/2018\/05\/Dilma-Rousseff-Brazil-Forum-UK.-Photo-by-Cynthia-Vanzella-e1525952312837.jpg","keywords":["Anistia Internacional","constitui\u00e7\u00e3o","corrup\u00e7\u00e3o","debate","Democracia","desigualdade","Dilma Rousseff","economia","Elei\u00e7\u00f5es","evento","exclus\u00e3o","impeachment","interven\u00e7\u00e3o militar","Legado de Marielle","Londres","Lula","Marielle Franco","pesquisa","pol\u00edtica p\u00fablica","PT","segrega\u00e7\u00e3o","UK","universidade","viol\u00eancia"],"articleSection":["*Destaque","Cobertura de Eventos","Escrito por Aliados","Pol\u00edticas","Sociedade Civil"],"inLanguage":"pt-BR"},{"@type":"WebPage","@id":"https:\/\/rioonwatch.org.br\/?p=32968","url":"https:\/\/rioonwatch.org.br\/?p=32968","name":"Justi\u00e7a e Pol\u00edtica da Desigualdade Dominam o F\u00f3rum Brasil-Reino Unido '18 - RioOnWatch","isPartOf":{"@id":"https:\/\/rioonwatch.org.br\/#website"},"primaryImageOfPage":{"@id":"https:\/\/rioonwatch.org.br\/?p=32968#primaryimage"},"image":{"@id":"https:\/\/rioonwatch.org.br\/?p=32968#primaryimage"},"thumbnailUrl":"https:\/\/rioonwatch.org.br\/wp-content\/uploads\/2018\/05\/Dilma-Rousseff-Brazil-Forum-UK.-Photo-by-Cynthia-Vanzella-e1525952312837.jpg","datePublished":"2018-05-12T18:32:03+00:00","dateModified":"2022-10-11T12:26:24+00:00","breadcrumb":{"@id":"https:\/\/rioonwatch.org.br\/?p=32968#breadcrumb"},"inLanguage":"pt-BR","potentialAction":[{"@type":"ReadAction","target":["https:\/\/rioonwatch.org.br\/?p=32968"]}]},{"@type":"ImageObject","inLanguage":"pt-BR","@id":"https:\/\/rioonwatch.org.br\/?p=32968#primaryimage","url":"https:\/\/rioonwatch.org.br\/wp-content\/uploads\/2018\/05\/Dilma-Rousseff-Brazil-Forum-UK.-Photo-by-Cynthia-Vanzella-e1525952312837.jpg","contentUrl":"https:\/\/rioonwatch.org.br\/wp-content\/uploads\/2018\/05\/Dilma-Rousseff-Brazil-Forum-UK.-Photo-by-Cynthia-Vanzella-e1525952312837.jpg","width":1799,"height":838},{"@type":"BreadcrumbList","@id":"https:\/\/rioonwatch.org.br\/?p=32968#breadcrumb","itemListElement":[{"@type":"ListItem","position":1,"name":"In\u00edcio","item":"https:\/\/rioonwatch.org.br\/"},{"@type":"ListItem","position":2,"name":"Justi\u00e7a e Pol\u00edtica da Desigualdade Dominam o F\u00f3rum Brasil-Reino Unido &#8217;18"}]},{"@type":"WebSite","@id":"https:\/\/rioonwatch.org.br\/#website","url":"https:\/\/rioonwatch.org.br\/","name":"RioOnWatch","description":"relatos das favelas cariocas","publisher":{"@id":"https:\/\/rioonwatch.org.br\/#organization"},"potentialAction":[{"@type":"SearchAction","target":{"@type":"EntryPoint","urlTemplate":"https:\/\/rioonwatch.org.br\/?s={search_term_string}"},"query-input":{"@type":"PropertyValueSpecification","valueRequired":true,"valueName":"search_term_string"}}],"inLanguage":"pt-BR"},{"@type":"Organization","@id":"https:\/\/rioonwatch.org.br\/#organization","name":"RioOnWatch","url":"https:\/\/rioonwatch.org.br\/","logo":{"@type":"ImageObject","inLanguage":"pt-BR","@id":"https:\/\/rioonwatch.org.br\/#\/schema\/logo\/image\/","url":"https:\/\/rioonwatch.org.br\/wp-content\/uploads\/2021\/06\/RioOnWatchcabecalhoPT11anos-2.png","contentUrl":"https:\/\/rioonwatch.org.br\/wp-content\/uploads\/2021\/06\/RioOnWatchcabecalhoPT11anos-2.png","width":779,"height":277,"caption":"RioOnWatch"},"image":{"@id":"https:\/\/rioonwatch.org.br\/#\/schema\/logo\/image\/"}},{"@type":"Person","@id":"https:\/\/rioonwatch.org.br\/#\/schema\/person\/11d64c290506f9df50c71b850c473f68","name":"Admin","image":{"@type":"ImageObject","inLanguage":"pt-BR","@id":"https:\/\/rioonwatch.org.br\/#\/schema\/person\/image\/","url":"https:\/\/secure.gravatar.com\/avatar\/56211ac74568383903349a1485e3c325?s=96&d=blank&r=g","contentUrl":"https:\/\/secure.gravatar.com\/avatar\/56211ac74568383903349a1485e3c325?s=96&d=blank&r=g","caption":"Admin"},"url":"https:\/\/rioonwatch.org.br\/?author=129"}]}},"_links":{"self":[{"href":"https:\/\/rioonwatch.org.br\/index.php?rest_route=\/wp\/v2\/posts\/32968"}],"collection":[{"href":"https:\/\/rioonwatch.org.br\/index.php?rest_route=\/wp\/v2\/posts"}],"about":[{"href":"https:\/\/rioonwatch.org.br\/index.php?rest_route=\/wp\/v2\/types\/post"}],"author":[{"embeddable":true,"href":"https:\/\/rioonwatch.org.br\/index.php?rest_route=\/wp\/v2\/users\/129"}],"replies":[{"embeddable":true,"href":"https:\/\/rioonwatch.org.br\/index.php?rest_route=%2Fwp%2Fv2%2Fcomments&post=32968"}],"version-history":[{"count":18,"href":"https:\/\/rioonwatch.org.br\/index.php?rest_route=\/wp\/v2\/posts\/32968\/revisions"}],"predecessor-version":[{"id":32989,"href":"https:\/\/rioonwatch.org.br\/index.php?rest_route=\/wp\/v2\/posts\/32968\/revisions\/32989"}],"wp:featuredmedia":[{"embeddable":true,"href":"https:\/\/rioonwatch.org.br\/index.php?rest_route=\/wp\/v2\/media\/32971"}],"wp:attachment":[{"href":"https:\/\/rioonwatch.org.br\/index.php?rest_route=%2Fwp%2Fv2%2Fmedia&parent=32968"}],"wp:term":[{"taxonomy":"category","embeddable":true,"href":"https:\/\/rioonwatch.org.br\/index.php?rest_route=%2Fwp%2Fv2%2Fcategories&post=32968"},{"taxonomy":"post_tag","embeddable":true,"href":"https:\/\/rioonwatch.org.br\/index.php?rest_route=%2Fwp%2Fv2%2Ftags&post=32968"},{"taxonomy":"writer","embeddable":true,"href":"https:\/\/rioonwatch.org.br\/index.php?rest_route=%2Fwp%2Fv2%2Fwriter&post=32968"},{"taxonomy":"translator","embeddable":true,"href":"https:\/\/rioonwatch.org.br\/index.php?rest_route=%2Fwp%2Fv2%2Ftranslator&post=32968"},{"taxonomy":"source","embeddable":true,"href":"https:\/\/rioonwatch.org.br\/index.php?rest_route=%2Fwp%2Fv2%2Fsource&post=32968"},{"taxonomy":"ilustrador","embeddable":true,"href":"https:\/\/rioonwatch.org.br\/index.php?rest_route=%2Fwp%2Fv2%2Filustrador&post=32968"},{"taxonomy":"fotografo","embeddable":true,"href":"https:\/\/rioonwatch.org.br\/index.php?rest_route=%2Fwp%2Fv2%2Ffotografo&post=32968"}],"curies":[{"name":"wp","href":"https:\/\/api.w.org\/{rel}","templated":true}]}}