{"id":33059,"date":"2018-05-17T09:17:53","date_gmt":"2018-05-17T12:17:53","guid":{"rendered":"http:\/\/rioonwatch.org.br\/?p=33059"},"modified":"2024-06-20T16:18:08","modified_gmt":"2024-06-20T19:18:08","slug":"museus-de-contranarrativas-e-resistencia-parte-3-museu-da-mare-semanademuseus","status":"publish","type":"post","link":"https:\/\/rioonwatch.org.br\/?p=33059","title":{"rendered":"Museus de Contranarrativas e Resist\u00eancia, Parte 3: Museu da Mar\u00e9 #SemanaDeMuseus"},"content":{"rendered":"<p style=\"text-align: right;\"><em><strong><a href=\"http:\/\/bit.ly\/2IldIMY\" target=\"_blank\" rel=\"noopener noreferrer\">Click Here for English<img decoding=\"async\" width=\"20\" height=\"20\" class=\"alignright wp-image-15790\" src=\"http:\/\/rioonwatch.org.br\/wp-content\/uploads\/2012\/08\/EN-standard-e1439583104716.jpg\" \/><\/a><\/strong><\/em><\/p>\n<p><em>Esta \u00e9 a terceira mat\u00e9ria, de uma\u00a0<a href=\"http:\/\/bit.ly\/MuseusComunitarios\" target=\"_blank\" rel=\"noopener\">s\u00e9rie de cinco partes<\/a>, sobre museus comunit\u00e1rios e resist\u00eancia nas favelas do Rio em homenagem \u00e0 16\u00aa\u00a0<a href=\"http:\/\/bit.ly\/2IEHFHb\" target=\"_blank\" rel=\"noopener\">Semana de Museus<\/a>\u00a0(16 a 20 de maio de 2018).<\/em><\/p>\n<blockquote><p>&#8220;<em>Claro que t\u00eam pessoas que s\u00e3o coitados, que s\u00e3o violentos, mas essas pessoas n\u00e3o representam este lugar.&#8221;\u00a0&#8211; Diretora do Museu da Mar\u00e9\u00a0Cl\u00e1udia\u00a0Rose Ribeiro\u00a0<\/em><\/p><\/blockquote>\n<p><span style=\"font-weight: 400;\">O <a href=\"http:\/\/bit.ly\/10BvARw\" target=\"_blank\" rel=\"noopener\">Complexo da Mar\u00e9<\/a>, na <a href=\"http:\/\/bit.ly\/WximDf\" target=\"_blank\" rel=\"noopener\">Zona Norte<\/a> do Rio, \u00e9 composto por 16 favelas. Com mais de 130.000 habitantes, segundo o Censo de 2010 (embora estimativas recentes calculem aproximadamente 140.000 habitantes), a Mar\u00e9 \u00e9 o maior complexo de favelas do Rio. Antes dos primeiros colonos chegarem ao que hoje \u00e9 conhecido como <a href=\"http:\/\/bit.ly\/ZGmfPw\" target=\"_blank\" rel=\"noopener\">Morro do Timbau<\/a>, essa parte da <a href=\"http:\/\/bit.ly\/1i8xoT1\" target=\"_blank\" rel=\"noopener\">Ba\u00eda da Guanabara<\/a> era formada por um arquip\u00e9lago de nove ilhas onde pequenas comunidades pesqueiras ind\u00edgenas residiram por mais de 8.000 anos.<\/span><\/p>\n<p><span style=\"font-weight: 400;\">Desde o final do s\u00e9culo XIX, no entanto, a Mar\u00e9 tem sido a base sobre a qual \u201cv\u00e1rios governos realizaram seus experimentos\u201d, <a href=\"http:\/\/bit.ly\/2ryqixa\" target=\"_blank\" rel=\"noopener\">segundo o muse\u00f3logo<\/a> Mario Chagas. Uma grande interven\u00e7\u00e3o veio como parte das <a href=\"http:\/\/bit.ly\/VV4Ddn\" target=\"_blank\" rel=\"noopener\">reformas urbanas durante o governo do Prefeito Pereira Passos<\/a> (1902-1906), no qual o Rio seria transformado em uma &#8220;Paris tropical&#8221;. Muitas pessoas foram removidas das \u00e1reas mais pobres da <a href=\"http:\/\/bit.ly\/1mNsDyk\" target=\"_blank\" rel=\"noopener\">Zona Sul<\/a> e do\u00a0<a href=\"http:\/\/bit.ly\/1qX7nZG\" target=\"_blank\" rel=\"noopener\">Centro da cidade<\/a> e se estabeleceram na regi\u00e3o da Mar\u00e9. Uma onda de desenvolvimento industrial no Rio nos anos 1940 e 1950 fez com que as \u00e1reas ao redor da Mar\u00e9 se tornassem alvos imobili\u00e1rios, restando aos pobres ocupar o p\u00e2ntano \u00e0 beira da Ba\u00eda de Guanabara. Esses projetos industriais atra\u00edram migrantes das regi\u00f5es <a href=\"http:\/\/bit.ly\/2h6zGTe\" target=\"_blank\" rel=\"noopener\">Nordeste<\/a> e <a href=\"http:\/\/bit.ly\/2IQKzZt\" target=\"_blank\" rel=\"noopener\">Centro-Oeste<\/a>, que tamb\u00e9m se estabeleceram na Mar\u00e9. Um desses projetos foi a constru\u00e7\u00e3o da principal rodovia do Rio: a <a href=\"http:\/\/bit.ly\/2u8AUDZ\" target=\"_blank\" rel=\"noopener\">Avenida Brasil<\/a>. Durante esse per\u00edodo, o Morro do Timbau n\u00e3o era apenas a \u00fanica \u00e1rea continental da Mar\u00e9, mas tamb\u00e9m era cercado por \u00e1gua e p\u00e2ntanos. Com o aumento da migra\u00e7\u00e3o, as <a href=\"http:\/\/bit.ly\/2jQgHwX\" target=\"_blank\" rel=\"noopener\">fam\u00edlias constru\u00edram suas casas sobre palafitas na \u00e1gua<\/a>.<\/span><\/p>\n<p><a href=\"http:\/\/rioonwatch.org.br\/wp-content\/uploads\/2018\/05\/History-of-Community-Museums-Image-3.png\"><img fetchpriority=\"high\" decoding=\"async\" class=\"alignright wp-image-33074\" title=\"Mapa da Mar\u00e9 e controle territorial por grupos armados. Mapa do Estad\u00e3o\" src=\"http:\/\/rioonwatch.org.br\/wp-content\/uploads\/2018\/05\/History-of-Community-Museums-Image-3.png\" alt=\"\" width=\"211\" height=\"286\" srcset=\"https:\/\/rioonwatch.org.br\/wp-content\/uploads\/2018\/05\/History-of-Community-Museums-Image-3.png 636w, https:\/\/rioonwatch.org.br\/wp-content\/uploads\/2018\/05\/History-of-Community-Museums-Image-3-195x264.png 195w, https:\/\/rioonwatch.org.br\/wp-content\/uploads\/2018\/05\/History-of-Community-Museums-Image-3-457x620.png 457w\" sizes=\"(max-width: 211px) 100vw, 211px\" \/><\/a><span style=\"font-weight: 400;\">Essas casas de palafitas estavam inevitavelmente atreladas ao estigma das favelas e se tornaram um \u201cs\u00edmbolo da pobreza nacional\u201d, <a href=\"http:\/\/bit.ly\/2ryqixa\" target=\"_blank\" rel=\"noopener\">escreve Mario<\/a>. A ditadura militar comandada por Jo\u00e3o Baptista Figueiredo concebeu o <a href=\"http:\/\/bit.ly\/2upxtLo\" target=\"_blank\" rel=\"noopener\">Projeto Rio<\/a>, um grande projeto de recupera\u00e7\u00e3o de terras que removeu os moradores das palafitas, aterrou e construiu casas pr\u00e9-fabricadas nestes terrenos. As comunidades <a href=\"http:\/\/bit.ly\/29y251c\" target=\"_blank\" rel=\"noopener\">Vila do Jo\u00e3o<\/a>, <a href=\"http:\/\/bit.ly\/2d1ZfGy\" target=\"_blank\" rel=\"noopener\">Vila do Pinheiro<\/a>, <a href=\"http:\/\/bit.ly\/2L8SGPt\" target=\"_blank\" rel=\"noopener\">Conjunto Pinheiro<\/a> e <a href=\"http:\/\/bit.ly\/2hlVsSQ\" target=\"_blank\" rel=\"noopener\">Conjunto Esperan\u00e7a<\/a> foram formadas desta forma. Mais \u00e0 diante na Zona Sul do Rio nos anos 1950 e 1960 <a href=\"http:\/\/bit.ly\/VV4Ddn\" target=\"_blank\" rel=\"noopener\">sob a gest\u00e3o do Governador Carlos Lacerda<\/a> favelas inteiras foram removidas e muitos moradores se mudaram tamb\u00e9m para a Mar\u00e9. <a href=\"http:\/\/bit.ly\/1sscKdX\" target=\"_blank\" rel=\"noopener\">Nova Holanda<\/a>, por exemplo, \u00e9 uma favela que come\u00e7ou como um projeto habitacional provis\u00f3rio constru\u00eddo para abrigar moradores removidos de favelas como\u00a0<a href=\"http:\/\/bit.ly\/2IqPPiX\" target=\"_blank\" rel=\"noopener\">Praia do Pinto<\/a>,\u00a0<a href=\"http:\/\/bit.ly\/2gs8vUc\" target=\"_blank\" rel=\"noopener\">Favela do Esqueleto<\/a>,\u00a0<a href=\"http:\/\/bit.ly\/1fyVkei\" target=\"_blank\" rel=\"noopener\">Morro da Formiga<\/a> e Morro do Querosene.<\/span><\/p>\n<p><span style=\"font-weight: 400;\">O nome &#8220;Mar\u00e9&#8221; reflete a hist\u00f3ria \u00fanica de uma comunidade que se desenvolveu literalmente fora da \u00e1gua por meio de a\u00e7\u00f5es formais e informais. Em 1994, a Mar\u00e9 foi oficialmente reconhecida como um bairro. Hoje, a Mar\u00e9 passa por processos de <a href=\"http:\/\/bit.ly\/2FrbOFW\" target=\"_blank\" rel=\"noopener\">ocupa\u00e7\u00e3o militar e invas\u00f5es policiais<\/a> e a introdu\u00e7\u00e3o do narcotr\u00e1fico na d\u00e9cada de 1990 dividiu o complexo de favelas em \u00e1reas controladas por fac\u00e7\u00f5es rivais, dificultando a circula\u00e7\u00e3o na comunidade. Apesar disso, o complexo de favelas \u00e9 unido por sua <a href=\"http:\/\/bit.ly\/2wRM196\" target=\"_blank\" rel=\"noopener\">rica e variada cultura<\/a>, diversidade hist\u00f3rica e voz de <a href=\"http:\/\/bit.ly\/1piRAgk\" target=\"_blank\" rel=\"noopener\">resist\u00eancia<\/a>, tudo o que seu museu comunit\u00e1rio conscientemente exibe.<\/span><\/p>\n<h3><strong>Contranarrativa\u00a0no Museu da Mar\u00e9<\/strong><\/h3>\n<p><span style=\"font-weight: 400;\">O <a href=\"http:\/\/bit.ly\/2uf4Ujg\" target=\"_blank\" rel=\"noopener\">Museu da Mar\u00e9<\/a> foi criado em 2006. O museu \u00e9 afiliado \u00e0 <a href=\"http:\/\/bit.ly\/2KZvyTi\" target=\"_blank\" rel=\"noopener\">ONG CEASM<\/a> (Centro de Estudos e A\u00e7\u00f5es Solid\u00e1rias da Mar\u00e9), que desenvolve um pr\u00e9-vestibular comunit\u00e1rio altamente bem sucedido. Um dos principais objetivos do museu, portanto, \u00e9 <a href=\"http:\/\/bit.ly\/1T7pRnW\" target=\"_blank\" rel=\"noopener\">preservar as mem\u00f3rias e a hist\u00f3ria da Mar\u00e9<\/a>, a fim de proporcionar aos jovens um senso de <a href=\"http:\/\/bit.ly\/2uBMLJs\" target=\"_blank\" rel=\"noopener\">orgulho e valor para com o local onde vivem<\/a> quando v\u00e3o para a universidade. A diretora do Museu da Mar\u00e9, Cl\u00e1udia Rose Ribeiro da Silva, explicou:<\/span><\/p>\n<blockquote><p>&#8220;<span style=\"font-weight: 400;\">Queremos que nossas crian\u00e7as entendam que a mem\u00f3ria pode ser utilizada como ferramenta para elas se identificarem com suas casas e com sua comunidade. Quando elas forem para a faculdade queremos que elas sintam orgulho de onde vieram. Elas n\u00e3o precisam sentir que n\u00e3o pertencem naquele lugar, ou se sentirem gratas por estar ali. Elas t\u00eam o direito de estar ali.&#8221;<\/span><\/p><\/blockquote>\n<p><span style=\"font-weight: 400;\">O Museu da Mar\u00e9 coleta dois tipos de informa\u00e7\u00f5es: informa\u00e7\u00f5es sobre como era a Mar\u00e9 e as mudan\u00e7as que ocorreram na comunidade at\u00e9 os dias de hoje, e hist\u00f3rias pessoais dos moradores. Os l\u00edderes do museu coletam recortes de jornal das apari\u00e7\u00f5es da Mar\u00e9 nos principais jornais <a href=\"http:\/\/bit.ly\/2fBwYn9\" target=\"_blank\" rel=\"noopener\"><em>O Globo<\/em><\/a> e <em>Extra<\/em> (o mais antigo remonta a 1936), bem como fotos, objetos, v\u00eddeos, hist\u00f3rias orais de moradores e documentos relevantes do Arquivo Nacional. Material acad\u00eamico e um arquivo do <a href=\"http:\/\/bit.ly\/2c6eb1y\" target=\"_blank\" rel=\"noopener\">jornal comunit\u00e1rio <em>O Cidad\u00e3o<\/em><\/a> tamb\u00e9m s\u00e3o armazenados.<\/span><\/p>\n<p><span style=\"font-weight: 400;\">O museu, no entanto, n\u00e3o registra ou coleta informa\u00e7\u00f5es sobre <a href=\"http:\/\/bit.ly\/1wLR1Ef\" target=\"_blank\" rel=\"noopener\">viol\u00eancia<\/a> e <a href=\"http:\/\/bit.ly\/NRIxaP\" target=\"_blank\" rel=\"noopener\">tr\u00e1fico de drogas<\/a> al\u00e9m dos recortes da m\u00eddia nacional. A arquivista do museu, Marli, explicou que, al\u00e9m do perigo de manter tais registros, \u201celas s\u00e3o mem\u00f3rias que n\u00e3o vamos esquecer facilmente\u201d. Isso n\u00e3o quer dizer que a quest\u00e3o da viol\u00eancia seja evitada, mas \u00e9 tratada na exposi\u00e7\u00e3o, em vez do arquivo.<\/span><\/p>\n<p><span style=\"font-weight: 400;\">A face mais p\u00fablica da contranarrativa do Museu Mar\u00e9 \u00e9 apresentada em sua exposi\u00e7\u00e3o permanente, onde as principais <a href=\"http:\/\/bit.ly\/1ZVXkRS\" target=\"_blank\" rel=\"noopener\">representa\u00e7\u00f5es negativas da comunidade, pela m\u00eddia<\/a>, s\u00e3o abordadas em se\u00e7\u00f5es como &#8216;Tempo da casa&#8217; e &#8216;Tempo do medo&#8217;.<\/span><\/p>\n<p><span style=\"font-weight: 400;\">O ponto central da exposi\u00e7\u00e3o do museu \u00e9 uma r\u00e9plica de uma das palafitas removidas como parte do Projeto Rio. Restaurar essa imagem simb\u00f3lica da comunidade \u00e9 em si mesmo um ato de desafio. A cor azul brilhante da casa representa e celebra a estrutura, e objetos doados por moradores de suas pr\u00f3prias casas s\u00e3o dispostos no interior, enchendo a casa de lembran\u00e7as pessoais. A descri\u00e7\u00e3o da se\u00e7\u00e3o &#8216;Tempo da casa&#8217; come\u00e7a com &#8220;tempo da casa, do aconchego e da seguran\u00e7a&#8221;, transformando a casa de &#8220;s\u00edmbolo da pobreza nacional&#8221; em um espa\u00e7o de prote\u00e7\u00e3o. Dessa forma, a casa que uma vez foi apresentada como uma imagem de mis\u00e9ria \u00e9 exibida com <a href=\"http:\/\/bit.ly\/18XWyPf\" target=\"_blank\" rel=\"noopener\">orgulho<\/a> como parte fundamental da hist\u00f3ria da comunidade.<\/span><\/p>\n<p><a href=\"http:\/\/rioonwatch.org.br\/wp-content\/uploads\/2018\/05\/History-of-Community-Mueums-Image-4.png\"><img decoding=\"async\" class=\"aligncenter wp-image-33076 size-medium\" title=\"A casa reconstru\u00edda sobre palafitas no Museu da Mar\u00e9. Foto do Museu da Mar\u00e9.\" src=\"http:\/\/rioonwatch.org.br\/wp-content\/uploads\/2018\/05\/History-of-Community-Mueums-Image-4-620x378.png\" alt=\"\" width=\"620\" height=\"378\" srcset=\"https:\/\/rioonwatch.org.br\/wp-content\/uploads\/2018\/05\/History-of-Community-Mueums-Image-4-620x378.png 620w, https:\/\/rioonwatch.org.br\/wp-content\/uploads\/2018\/05\/History-of-Community-Mueums-Image-4-433x264.png 433w, https:\/\/rioonwatch.org.br\/wp-content\/uploads\/2018\/05\/History-of-Community-Mueums-Image-4-768x468.png 768w, https:\/\/rioonwatch.org.br\/wp-content\/uploads\/2018\/05\/History-of-Community-Mueums-Image-4.png 975w\" sizes=\"(max-width: 620px) 100vw, 620px\" \/><\/a><\/p>\n<p><span style=\"font-weight: 400;\">A exposi\u00e7\u00e3o n\u00e3o v\u00ea a hist\u00f3ria da Mar\u00e9 com \u00f3culos cor-de-rosa. A descri\u00e7\u00e3o da se\u00e7\u00e3o &#8216;Tempo da casa&#8217; termina com &#8220;Tempo da casa, do aconchego&#8230; mas e a seguran\u00e7a?&#8221;. <a href=\"http:\/\/bit.ly\/1t9ZDz2\" target=\"_blank\" rel=\"noopener\">Ocupa\u00e7\u00f5es militares<\/a>, <a href=\"http:\/\/bit.ly\/1QgfxUH\" target=\"_blank\" rel=\"noopener\">invas\u00f5es policiais<\/a> e guerras de drogas criaram um clima de instabilidade na comunidade. A se\u00e7\u00e3o &#8216;Tempo do medo&#8217; n\u00e3o apenas aborda isso, mas tamb\u00e9m as <a href=\"http:\/\/bit.ly\/2h4ceK2\" target=\"_blank\" rel=\"noopener\">representa\u00e7\u00f5es hiperb\u00f3licas da m\u00eddia sobre a Mar\u00e9 como zona de guerra<\/a> e seus <a href=\"http:\/\/bit.ly\/2buISj2\" target=\"_blank\" rel=\"noopener\">habitantes como\u00a0perpetradores de viol\u00eancia<\/a>. Uma busca r\u00e1pida pelo \u201cComplexo da Mar\u00e9\u201d no site do maior \u00f3rg\u00e3o de m\u00eddia do Brasil, a Globo, por exemplo, produzir\u00e1 hist\u00f3rias exclusivamente de viol\u00eancia e invas\u00f5es relacionadas \u00e0s drogas na primeira p\u00e1gina.<\/span><\/p>\n<p><span style=\"font-weight: 400;\">O museu reformula a presen\u00e7a de viol\u00eancia na comunidade.\u00a0Cl\u00e1udia explicou que \u201cmuitas pessoas queriam que este tempo fosse &#8216;Tempo da viol\u00eancia&#8217;. Mas existe viol\u00eancia fora da comunidade tamb\u00e9m. Aqui o maior problema \u00e9 medo&#8221;. Assim, o museu desafia as <a href=\"http:\/\/bit.ly\/2gSFIIx\" target=\"_blank\" rel=\"noopener\">representa\u00e7\u00f5es dominantes sobre os moradores de favelas<\/a> e os mitos da marginalidade, demonstrando que os moradores de favelas, como moradores do asfalto, tamb\u00e9m s\u00e3o v\u00edtimas da viol\u00eancia. Claudia refletiu:<\/span><\/p>\n<blockquote><p>&#8220;<span style=\"font-weight: 400;\">Acho que pessoas de fora v\u00eaem este lugar como um lugar de priva\u00e7\u00e3o ou de viol\u00eancia, ou como lugar do pobre coitado favelado ou do agressor. Claro que t\u00eam pessoas que s\u00e3o coitados, que s\u00e3o violentos, mas essas pessoas n\u00e3o representam este lugar.&#8221;<\/span><\/p><\/blockquote>\n<p><span style=\"font-weight: 400;\">A exibi\u00e7\u00e3o \u00e9 incrivelmente poderosa. Possui uma caixa de vidro contendo balas e suas c\u00e1psulas, que foram coletadas nas ruas da comunidade, atr\u00e1s das quais h\u00e1 uma parede composta de mais de cem moldes de gesso de buracos de bala ao redor da favela. O cen\u00f3grafo do museu Marcelo Vieira trabalhou com alunos do ensino m\u00e9dio para coletar essas balas e fazer os moldes. Ao requerer que esses estudantes prestassem muita aten\u00e7\u00e3o \u00e0 estrutura, \u00e0 textura das paredes, \u00e0 forma e profundidade do buraco da bala&#8211;desenvolvendo uma t\u00e9cnica art\u00edstica que pudesse ser aplicada a outros objetos&#8211;o projeto visou provocar uma mudan\u00e7a na maneira como os participantes percebem o ambiente ao fazer do familiar n\u00e3o familiar. Ao trazer \u00e0 realidade da favela para o museu, o museu tamb\u00e9m consegue colocar o visitante na pele de um morador, ajudando-o a entender o clima de medo do ponto de vista da comunidade, para mostrar o morador da favela como algu\u00e9m que tamb\u00e9m &#8220;tem medo&#8221;, e n\u00e3o como o criador do medo.<\/span><\/p>\n<p><a href=\"http:\/\/rioonwatch.org.br\/wp-content\/uploads\/2018\/05\/History-of-Favela-Museums-Image-7-e1526315787784.png\"><img loading=\"lazy\" decoding=\"async\" class=\"aligncenter wp-image-33077 size-medium\" title=\"C\u00e1psulas de bala e moldes de buracos de bala no Museu da Mar\u00e9. Foto por Gitanjali Patel\" src=\"http:\/\/rioonwatch.org.br\/wp-content\/uploads\/2018\/05\/History-of-Favela-Museums-Image-7-e1526315787784-620x495.png\" alt=\"\" width=\"620\" height=\"495\" srcset=\"https:\/\/rioonwatch.org.br\/wp-content\/uploads\/2018\/05\/History-of-Favela-Museums-Image-7-e1526315787784-620x495.png 620w, https:\/\/rioonwatch.org.br\/wp-content\/uploads\/2018\/05\/History-of-Favela-Museums-Image-7-e1526315787784-331x264.png 331w, https:\/\/rioonwatch.org.br\/wp-content\/uploads\/2018\/05\/History-of-Favela-Museums-Image-7-e1526315787784.png 699w\" sizes=\"(max-width: 620px) 100vw, 620px\" \/><\/a><\/p>\n<p><span style=\"font-weight: 400;\">O museu \u00e9 usado como uma ferramenta para diretamente inverter a din\u00e2mica do poder, abordando a <a href=\"http:\/\/bit.ly\/2Kp7eZW\" target=\"_blank\" rel=\"noopener\">aus\u00eancia da comunidade nos registros nacionais<\/a>, reformulando as percep\u00e7\u00f5es do p\u00fablico e moldando ativamente o processo de produ\u00e7\u00e3o hist\u00f3rica para produzir a pr\u00f3pria narrativa da comunidade. Enquanto o Museu da Mar\u00e9 coloca uma forte \u00eanfase na <a href=\"http:\/\/bit.ly\/2KwvM3d\" target=\"_blank\" rel=\"noopener\">documenta\u00e7\u00e3o<\/a>, o pr\u00f3ximo estudo de caso mostrar\u00e1 como o arquivo do <a href=\"http:\/\/bit.ly\/11b2TzL\" target=\"_blank\" rel=\"noopener\">Horto<\/a> \u00e9 usado como ferramenta de contesta\u00e7\u00e3o.<\/span><\/p>\n<p><em>Esta \u00e9 a terceira mat\u00e9ria, de uma\u00a0<a href=\"http:\/\/bit.ly\/MuseusComunitarios\" target=\"_blank\" rel=\"noopener\">s\u00e9rie de cinco partes<\/a>, sobre museus comunit\u00e1rios e resist\u00eancia nas favelas do Rio em homenagem \u00e0 16\u00aa\u00a0<a href=\"http:\/\/bit.ly\/2IEHFHb\" target=\"_blank\" rel=\"noopener\">Semana de Museus<\/a>\u00a0(16 a 20 de maio de 2018).<\/em><\/p>\n<p><em>Gitanjali Patel \u00e9 pesquisadora e tradutora. Ela \u00e9 mestre em Antropologia Social pela SOAS, Universidade de Londres. Sua pesquisa analisa a mem\u00f3ria e a produ\u00e7\u00e3o da hist\u00f3ria nas favelas do Rio de Janeiro.<\/em><\/p>\n<hr \/>\n<h3><em>S\u00e9rie Completa:\u00a0<a href=\"http:\/\/bit.ly\/MuseusComunitarios\" target=\"_blank\" rel=\"noopener\">Museus de Contranarrativas e Resist\u00eancia<\/a><\/em><\/h3>\n<p>Parte 1: <a href=\"http:\/\/bit.ly\/2Kp7eZW\" target=\"_blank\" rel=\"noopener\">Museus Brasileiros no Contexto<\/a><br \/>\nParte 2:<a href=\"http:\/\/bit.ly\/2jZIDQh\" target=\"_blank\" rel=\"noopener\"> Um Novo Tipo de Museu<\/a><br \/>\nParte 3: <a href=\"http:\/\/bit.ly\/2rQ2UMG\" target=\"_blank\" rel=\"noopener\">Museu da Mar\u00e9<\/a><br \/>\nParte 4: <a href=\"http:\/\/bit.ly\/2rOn3mj\" target=\"_blank\" rel=\"noopener\">Horto Florestal<\/a><br \/>\nParte 5: <a href=\"http:\/\/bit.ly\/2LbmJpA\" target=\"_blank\" rel=\"noopener\">Museu das Remo\u00e7\u00f5es<\/a><\/p>\n<!-- AddThis Advanced Settings generic via filter on the_content --><!-- AddThis Share Buttons generic via filter on the_content -->","protected":false},"excerpt":{"rendered":"<div class=\"mh-excerpt\"><p>Click Here for English Esta \u00e9 a terceira mat\u00e9ria, de uma\u00a0s\u00e9rie de cinco partes, sobre museus comunit\u00e1rios e resist\u00eancia nas favelas do Rio em homenagem \u00e0 16\u00aa\u00a0Semana de Museus\u00a0(16 a 20 de maio de 2018). <a class=\"mh-excerpt-more\" href=\"https:\/\/rioonwatch.org.br\/?p=33059\" title=\"Museus de Contranarrativas e Resist\u00eancia, Parte 3: Museu da Mar\u00e9 #SemanaDeMuseus\">[&#8230;]<\/a><!-- AddThis Advanced Settings generic via filter on get_the_excerpt --><!-- AddThis Share Buttons generic via filter on get_the_excerpt --><\/p>\n<\/div>","protected":false},"author":129,"featured_media":33072,"comment_status":"closed","ping_status":"closed","sticky":false,"template":"","format":"standard","meta":{"_acf_changed":false,"_monsterinsights_skip_tracking":false,"_monsterinsights_sitenote_active":false,"_monsterinsights_sitenote_note":"","_monsterinsights_sitenote_category":0,"footnotes":""},"categories":[1621,1615,1632,1631,1626,1612],"tags":[386,804,332,1481,2355,421,842,732,128,469,2132,2353,232,2356,1076,1111,2368,1106,1760,350,758,1764,432,2289,2354,1081,1311,30,218],"writer":[1406],"translator":[1971],"source":[],"ilustrador":[],"fotografo":[],"class_list":{"0":"post-33059","1":"post","2":"type-post","3":"status-publish","4":"format-standard","5":"has-post-thumbnail","7":"category-destaque","8":"category-cultura-da-favela","9":"category-pesquisa-e-analise","10":"category-entendendo-o-rio","11":"category-por-observadores-internacionais","12":"category-sociedade-civil","13":"tag-estigma","14":"tag-baia-da-guanabara","15":"tag-complexo-da-mare","16":"tag-conjunto-esperanca","17":"tag-conjunto-pinheiro","18":"tag-cultura-da-favela","19":"tag-favela-do-esqueleto","20":"tag-globo","21":"tag-historia","22":"tag-memoria","23":"tag-semana-de-museus","24":"tag-mito-da-marginalidade","25":"tag-morro-da-formiga","26":"tag-morro-do-querosene","27":"tag-morro-do-timbau","28":"tag-museu","29":"tag-museu-comunitario","30":"tag-museu-da-mare","31":"tag-narrativa-midiatica","32":"tag-nova-holanda","33":"tag-orgulho-comunitario","34":"tag-praia-do-pinto","35":"tag-resistencia","36":"tag-serie","37":"tag-serie-museus-comunitarios","38":"tag-vila-do-joao","39":"tag-vila-do-pinheiro","40":"tag-violencia","41":"tag-zona-norte","42":"writer-gitanjali-patel","43":"translator-geovanna-giannini"},"acf":[],"yoast_head":"<!-- This site is optimized with the Yoast SEO plugin v25.6 - https:\/\/yoast.com\/wordpress\/plugins\/seo\/ -->\n<title>Museus de Contranarrativas e Resist\u00eancia, Parte 3: Museu da Mar\u00e9 #SemanaDeMuseus - RioOnWatch<\/title>\n<meta name=\"robots\" content=\"index, follow, max-snippet:-1, max-image-preview:large, max-video-preview:-1\" \/>\n<link rel=\"canonical\" href=\"https:\/\/rioonwatch.org.br\/?p=33059\" \/>\n<meta property=\"og:locale\" content=\"pt_BR\" \/>\n<meta property=\"og:type\" content=\"article\" \/>\n<meta property=\"og:title\" content=\"Museus de Contranarrativas e Resist\u00eancia, Parte 3: Museu da Mar\u00e9 #SemanaDeMuseus - RioOnWatch\" \/>\n<meta property=\"og:description\" content=\"Click Here for English Esta \u00e9 a terceira mat\u00e9ria, de uma\u00a0s\u00e9rie de cinco partes, sobre museus comunit\u00e1rios e resist\u00eancia nas favelas do Rio em homenagem \u00e0 16\u00aa\u00a0Semana de Museus\u00a0(16 a 20 de maio de 2018). [...]\" \/>\n<meta property=\"og:url\" content=\"https:\/\/rioonwatch.org.br\/?p=33059\" \/>\n<meta property=\"og:site_name\" content=\"RioOnWatch\" \/>\n<meta property=\"article:published_time\" content=\"2018-05-17T12:17:53+00:00\" \/>\n<meta property=\"article:modified_time\" content=\"2024-06-20T19:18:08+00:00\" \/>\n<meta property=\"og:image\" content=\"https:\/\/rioonwatch.org.br\/wp-content\/uploads\/2018\/05\/History-of-Community-Museums-Image-5.png\" \/>\n\t<meta property=\"og:image:width\" content=\"975\" \/>\n\t<meta property=\"og:image:height\" content=\"563\" \/>\n\t<meta property=\"og:image:type\" content=\"image\/png\" \/>\n<meta name=\"author\" content=\"Admin\" \/>\n<meta name=\"twitter:card\" content=\"summary_large_image\" \/>\n<meta name=\"twitter:label1\" content=\"Escrito por\" \/>\n\t<meta name=\"twitter:data1\" content=\"Admin\" \/>\n\t<meta name=\"twitter:label2\" content=\"Est. tempo de leitura\" \/>\n\t<meta name=\"twitter:data2\" content=\"9 minutos\" \/>\n<script type=\"application\/ld+json\" class=\"yoast-schema-graph\">{\"@context\":\"https:\/\/schema.org\",\"@graph\":[{\"@type\":\"Article\",\"@id\":\"https:\/\/rioonwatch.org.br\/?p=33059#article\",\"isPartOf\":{\"@id\":\"https:\/\/rioonwatch.org.br\/?p=33059\"},\"author\":{\"name\":\"Admin\",\"@id\":\"https:\/\/rioonwatch.org.br\/#\/schema\/person\/11d64c290506f9df50c71b850c473f68\"},\"headline\":\"Museus de Contranarrativas e Resist\u00eancia, Parte 3: Museu da Mar\u00e9 #SemanaDeMuseus\",\"datePublished\":\"2018-05-17T12:17:53+00:00\",\"dateModified\":\"2024-06-20T19:18:08+00:00\",\"mainEntityOfPage\":{\"@id\":\"https:\/\/rioonwatch.org.br\/?p=33059\"},\"wordCount\":1717,\"publisher\":{\"@id\":\"https:\/\/rioonwatch.org.br\/#organization\"},\"image\":{\"@id\":\"https:\/\/rioonwatch.org.br\/?p=33059#primaryimage\"},\"thumbnailUrl\":\"https:\/\/rioonwatch.org.br\/wp-content\/uploads\/2018\/05\/History-of-Community-Museums-Image-5.png\",\"keywords\":[\"#StopFavelaStigma\",\"Ba\u00eda da Guanabara\",\"Complexo da Mar\u00e9\",\"Conjunto Esperan\u00e7a\",\"Conjunto Pinheiro\",\"cultura da favela\",\"Favela do Esqueleto\",\"Globo\",\"hist\u00f3ria\",\"Mem\u00f3rias Faveladas\",\"M\u00eas dos Museus\",\"mito da marginalidade\",\"Morro da Formiga\",\"Morro do Querosene\",\"Morro do Timbau\",\"museu\",\"Museu comunit\u00e1rio\",\"Museu da Mar\u00e9\",\"narrativa midi\u00e1tica\",\"Nova Holanda\",\"orgulho comunit\u00e1rio\",\"Praia do Pinto\",\"resist\u00eancia\",\"S\u00e9rie\",\"S\u00e9rie: Museus Comunit\u00e1rios\",\"Vila do Jo\u00e3o\",\"Vila do Pinheiro\",\"viol\u00eancia\",\"Zona Norte\"],\"articleSection\":[\"*Destaque\",\"Cultura da Favela\",\"Dados e Pesquisa\",\"Entendendo o Rio\",\"Escrito por Aliados\",\"Sociedade Civil\"],\"inLanguage\":\"pt-BR\"},{\"@type\":\"WebPage\",\"@id\":\"https:\/\/rioonwatch.org.br\/?p=33059\",\"url\":\"https:\/\/rioonwatch.org.br\/?p=33059\",\"name\":\"Museus de Contranarrativas e Resist\u00eancia, Parte 3: Museu da Mar\u00e9 #SemanaDeMuseus - RioOnWatch\",\"isPartOf\":{\"@id\":\"https:\/\/rioonwatch.org.br\/#website\"},\"primaryImageOfPage\":{\"@id\":\"https:\/\/rioonwatch.org.br\/?p=33059#primaryimage\"},\"image\":{\"@id\":\"https:\/\/rioonwatch.org.br\/?p=33059#primaryimage\"},\"thumbnailUrl\":\"https:\/\/rioonwatch.org.br\/wp-content\/uploads\/2018\/05\/History-of-Community-Museums-Image-5.png\",\"datePublished\":\"2018-05-17T12:17:53+00:00\",\"dateModified\":\"2024-06-20T19:18:08+00:00\",\"breadcrumb\":{\"@id\":\"https:\/\/rioonwatch.org.br\/?p=33059#breadcrumb\"},\"inLanguage\":\"pt-BR\",\"potentialAction\":[{\"@type\":\"ReadAction\",\"target\":[\"https:\/\/rioonwatch.org.br\/?p=33059\"]}]},{\"@type\":\"ImageObject\",\"inLanguage\":\"pt-BR\",\"@id\":\"https:\/\/rioonwatch.org.br\/?p=33059#primaryimage\",\"url\":\"https:\/\/rioonwatch.org.br\/wp-content\/uploads\/2018\/05\/History-of-Community-Museums-Image-5.png\",\"contentUrl\":\"https:\/\/rioonwatch.org.br\/wp-content\/uploads\/2018\/05\/History-of-Community-Museums-Image-5.png\",\"width\":975,\"height\":563},{\"@type\":\"BreadcrumbList\",\"@id\":\"https:\/\/rioonwatch.org.br\/?p=33059#breadcrumb\",\"itemListElement\":[{\"@type\":\"ListItem\",\"position\":1,\"name\":\"In\u00edcio\",\"item\":\"https:\/\/rioonwatch.org.br\/\"},{\"@type\":\"ListItem\",\"position\":2,\"name\":\"Museus de Contranarrativas e Resist\u00eancia, Parte 3: Museu da Mar\u00e9 #SemanaDeMuseus\"}]},{\"@type\":\"WebSite\",\"@id\":\"https:\/\/rioonwatch.org.br\/#website\",\"url\":\"https:\/\/rioonwatch.org.br\/\",\"name\":\"RioOnWatch\",\"description\":\"relatos das favelas cariocas\",\"publisher\":{\"@id\":\"https:\/\/rioonwatch.org.br\/#organization\"},\"potentialAction\":[{\"@type\":\"SearchAction\",\"target\":{\"@type\":\"EntryPoint\",\"urlTemplate\":\"https:\/\/rioonwatch.org.br\/?s={search_term_string}\"},\"query-input\":{\"@type\":\"PropertyValueSpecification\",\"valueRequired\":true,\"valueName\":\"search_term_string\"}}],\"inLanguage\":\"pt-BR\"},{\"@type\":\"Organization\",\"@id\":\"https:\/\/rioonwatch.org.br\/#organization\",\"name\":\"RioOnWatch\",\"url\":\"https:\/\/rioonwatch.org.br\/\",\"logo\":{\"@type\":\"ImageObject\",\"inLanguage\":\"pt-BR\",\"@id\":\"https:\/\/rioonwatch.org.br\/#\/schema\/logo\/image\/\",\"url\":\"https:\/\/rioonwatch.org.br\/wp-content\/uploads\/2021\/06\/RioOnWatchcabecalhoPT11anos-2.png\",\"contentUrl\":\"https:\/\/rioonwatch.org.br\/wp-content\/uploads\/2021\/06\/RioOnWatchcabecalhoPT11anos-2.png\",\"width\":779,\"height\":277,\"caption\":\"RioOnWatch\"},\"image\":{\"@id\":\"https:\/\/rioonwatch.org.br\/#\/schema\/logo\/image\/\"}},{\"@type\":\"Person\",\"@id\":\"https:\/\/rioonwatch.org.br\/#\/schema\/person\/11d64c290506f9df50c71b850c473f68\",\"name\":\"Admin\",\"image\":{\"@type\":\"ImageObject\",\"inLanguage\":\"pt-BR\",\"@id\":\"https:\/\/rioonwatch.org.br\/#\/schema\/person\/image\/\",\"url\":\"https:\/\/secure.gravatar.com\/avatar\/56211ac74568383903349a1485e3c325?s=96&d=blank&r=g\",\"contentUrl\":\"https:\/\/secure.gravatar.com\/avatar\/56211ac74568383903349a1485e3c325?s=96&d=blank&r=g\",\"caption\":\"Admin\"},\"url\":\"https:\/\/rioonwatch.org.br\/?author=129\"}]}<\/script>\n<!-- \/ Yoast SEO plugin. -->","yoast_head_json":{"title":"Museus de Contranarrativas e Resist\u00eancia, Parte 3: Museu da Mar\u00e9 #SemanaDeMuseus - RioOnWatch","robots":{"index":"index","follow":"follow","max-snippet":"max-snippet:-1","max-image-preview":"max-image-preview:large","max-video-preview":"max-video-preview:-1"},"canonical":"https:\/\/rioonwatch.org.br\/?p=33059","og_locale":"pt_BR","og_type":"article","og_title":"Museus de Contranarrativas e Resist\u00eancia, Parte 3: Museu da Mar\u00e9 #SemanaDeMuseus - RioOnWatch","og_description":"Click Here for English Esta \u00e9 a terceira mat\u00e9ria, de uma\u00a0s\u00e9rie de cinco partes, sobre museus comunit\u00e1rios e resist\u00eancia nas favelas do Rio em homenagem \u00e0 16\u00aa\u00a0Semana de Museus\u00a0(16 a 20 de maio de 2018). [...]","og_url":"https:\/\/rioonwatch.org.br\/?p=33059","og_site_name":"RioOnWatch","article_published_time":"2018-05-17T12:17:53+00:00","article_modified_time":"2024-06-20T19:18:08+00:00","og_image":[{"width":975,"height":563,"url":"https:\/\/rioonwatch.org.br\/wp-content\/uploads\/2018\/05\/History-of-Community-Museums-Image-5.png","type":"image\/png"}],"author":"Admin","twitter_card":"summary_large_image","twitter_misc":{"Escrito por":"Admin","Est. tempo de leitura":"9 minutos"},"schema":{"@context":"https:\/\/schema.org","@graph":[{"@type":"Article","@id":"https:\/\/rioonwatch.org.br\/?p=33059#article","isPartOf":{"@id":"https:\/\/rioonwatch.org.br\/?p=33059"},"author":{"name":"Admin","@id":"https:\/\/rioonwatch.org.br\/#\/schema\/person\/11d64c290506f9df50c71b850c473f68"},"headline":"Museus de Contranarrativas e Resist\u00eancia, Parte 3: Museu da Mar\u00e9 #SemanaDeMuseus","datePublished":"2018-05-17T12:17:53+00:00","dateModified":"2024-06-20T19:18:08+00:00","mainEntityOfPage":{"@id":"https:\/\/rioonwatch.org.br\/?p=33059"},"wordCount":1717,"publisher":{"@id":"https:\/\/rioonwatch.org.br\/#organization"},"image":{"@id":"https:\/\/rioonwatch.org.br\/?p=33059#primaryimage"},"thumbnailUrl":"https:\/\/rioonwatch.org.br\/wp-content\/uploads\/2018\/05\/History-of-Community-Museums-Image-5.png","keywords":["#StopFavelaStigma","Ba\u00eda da Guanabara","Complexo da Mar\u00e9","Conjunto Esperan\u00e7a","Conjunto Pinheiro","cultura da favela","Favela do Esqueleto","Globo","hist\u00f3ria","Mem\u00f3rias Faveladas","M\u00eas dos Museus","mito da marginalidade","Morro da Formiga","Morro do Querosene","Morro do Timbau","museu","Museu comunit\u00e1rio","Museu da Mar\u00e9","narrativa midi\u00e1tica","Nova Holanda","orgulho comunit\u00e1rio","Praia do Pinto","resist\u00eancia","S\u00e9rie","S\u00e9rie: Museus Comunit\u00e1rios","Vila do Jo\u00e3o","Vila do Pinheiro","viol\u00eancia","Zona Norte"],"articleSection":["*Destaque","Cultura da Favela","Dados e Pesquisa","Entendendo o Rio","Escrito por Aliados","Sociedade Civil"],"inLanguage":"pt-BR"},{"@type":"WebPage","@id":"https:\/\/rioonwatch.org.br\/?p=33059","url":"https:\/\/rioonwatch.org.br\/?p=33059","name":"Museus de Contranarrativas e Resist\u00eancia, Parte 3: Museu da Mar\u00e9 #SemanaDeMuseus - RioOnWatch","isPartOf":{"@id":"https:\/\/rioonwatch.org.br\/#website"},"primaryImageOfPage":{"@id":"https:\/\/rioonwatch.org.br\/?p=33059#primaryimage"},"image":{"@id":"https:\/\/rioonwatch.org.br\/?p=33059#primaryimage"},"thumbnailUrl":"https:\/\/rioonwatch.org.br\/wp-content\/uploads\/2018\/05\/History-of-Community-Museums-Image-5.png","datePublished":"2018-05-17T12:17:53+00:00","dateModified":"2024-06-20T19:18:08+00:00","breadcrumb":{"@id":"https:\/\/rioonwatch.org.br\/?p=33059#breadcrumb"},"inLanguage":"pt-BR","potentialAction":[{"@type":"ReadAction","target":["https:\/\/rioonwatch.org.br\/?p=33059"]}]},{"@type":"ImageObject","inLanguage":"pt-BR","@id":"https:\/\/rioonwatch.org.br\/?p=33059#primaryimage","url":"https:\/\/rioonwatch.org.br\/wp-content\/uploads\/2018\/05\/History-of-Community-Museums-Image-5.png","contentUrl":"https:\/\/rioonwatch.org.br\/wp-content\/uploads\/2018\/05\/History-of-Community-Museums-Image-5.png","width":975,"height":563},{"@type":"BreadcrumbList","@id":"https:\/\/rioonwatch.org.br\/?p=33059#breadcrumb","itemListElement":[{"@type":"ListItem","position":1,"name":"In\u00edcio","item":"https:\/\/rioonwatch.org.br\/"},{"@type":"ListItem","position":2,"name":"Museus de Contranarrativas e Resist\u00eancia, Parte 3: Museu da Mar\u00e9 #SemanaDeMuseus"}]},{"@type":"WebSite","@id":"https:\/\/rioonwatch.org.br\/#website","url":"https:\/\/rioonwatch.org.br\/","name":"RioOnWatch","description":"relatos das favelas cariocas","publisher":{"@id":"https:\/\/rioonwatch.org.br\/#organization"},"potentialAction":[{"@type":"SearchAction","target":{"@type":"EntryPoint","urlTemplate":"https:\/\/rioonwatch.org.br\/?s={search_term_string}"},"query-input":{"@type":"PropertyValueSpecification","valueRequired":true,"valueName":"search_term_string"}}],"inLanguage":"pt-BR"},{"@type":"Organization","@id":"https:\/\/rioonwatch.org.br\/#organization","name":"RioOnWatch","url":"https:\/\/rioonwatch.org.br\/","logo":{"@type":"ImageObject","inLanguage":"pt-BR","@id":"https:\/\/rioonwatch.org.br\/#\/schema\/logo\/image\/","url":"https:\/\/rioonwatch.org.br\/wp-content\/uploads\/2021\/06\/RioOnWatchcabecalhoPT11anos-2.png","contentUrl":"https:\/\/rioonwatch.org.br\/wp-content\/uploads\/2021\/06\/RioOnWatchcabecalhoPT11anos-2.png","width":779,"height":277,"caption":"RioOnWatch"},"image":{"@id":"https:\/\/rioonwatch.org.br\/#\/schema\/logo\/image\/"}},{"@type":"Person","@id":"https:\/\/rioonwatch.org.br\/#\/schema\/person\/11d64c290506f9df50c71b850c473f68","name":"Admin","image":{"@type":"ImageObject","inLanguage":"pt-BR","@id":"https:\/\/rioonwatch.org.br\/#\/schema\/person\/image\/","url":"https:\/\/secure.gravatar.com\/avatar\/56211ac74568383903349a1485e3c325?s=96&d=blank&r=g","contentUrl":"https:\/\/secure.gravatar.com\/avatar\/56211ac74568383903349a1485e3c325?s=96&d=blank&r=g","caption":"Admin"},"url":"https:\/\/rioonwatch.org.br\/?author=129"}]}},"_links":{"self":[{"href":"https:\/\/rioonwatch.org.br\/index.php?rest_route=\/wp\/v2\/posts\/33059"}],"collection":[{"href":"https:\/\/rioonwatch.org.br\/index.php?rest_route=\/wp\/v2\/posts"}],"about":[{"href":"https:\/\/rioonwatch.org.br\/index.php?rest_route=\/wp\/v2\/types\/post"}],"author":[{"embeddable":true,"href":"https:\/\/rioonwatch.org.br\/index.php?rest_route=\/wp\/v2\/users\/129"}],"replies":[{"embeddable":true,"href":"https:\/\/rioonwatch.org.br\/index.php?rest_route=%2Fwp%2Fv2%2Fcomments&post=33059"}],"version-history":[{"count":24,"href":"https:\/\/rioonwatch.org.br\/index.php?rest_route=\/wp\/v2\/posts\/33059\/revisions"}],"predecessor-version":[{"id":33187,"href":"https:\/\/rioonwatch.org.br\/index.php?rest_route=\/wp\/v2\/posts\/33059\/revisions\/33187"}],"wp:featuredmedia":[{"embeddable":true,"href":"https:\/\/rioonwatch.org.br\/index.php?rest_route=\/wp\/v2\/media\/33072"}],"wp:attachment":[{"href":"https:\/\/rioonwatch.org.br\/index.php?rest_route=%2Fwp%2Fv2%2Fmedia&parent=33059"}],"wp:term":[{"taxonomy":"category","embeddable":true,"href":"https:\/\/rioonwatch.org.br\/index.php?rest_route=%2Fwp%2Fv2%2Fcategories&post=33059"},{"taxonomy":"post_tag","embeddable":true,"href":"https:\/\/rioonwatch.org.br\/index.php?rest_route=%2Fwp%2Fv2%2Ftags&post=33059"},{"taxonomy":"writer","embeddable":true,"href":"https:\/\/rioonwatch.org.br\/index.php?rest_route=%2Fwp%2Fv2%2Fwriter&post=33059"},{"taxonomy":"translator","embeddable":true,"href":"https:\/\/rioonwatch.org.br\/index.php?rest_route=%2Fwp%2Fv2%2Ftranslator&post=33059"},{"taxonomy":"source","embeddable":true,"href":"https:\/\/rioonwatch.org.br\/index.php?rest_route=%2Fwp%2Fv2%2Fsource&post=33059"},{"taxonomy":"ilustrador","embeddable":true,"href":"https:\/\/rioonwatch.org.br\/index.php?rest_route=%2Fwp%2Fv2%2Filustrador&post=33059"},{"taxonomy":"fotografo","embeddable":true,"href":"https:\/\/rioonwatch.org.br\/index.php?rest_route=%2Fwp%2Fv2%2Ffotografo&post=33059"}],"curies":[{"name":"wp","href":"https:\/\/api.w.org\/{rel}","templated":true}]}}