{"id":3312,"date":"2012-07-27T11:26:12","date_gmt":"2012-07-27T14:26:12","guid":{"rendered":"http:\/\/rioonwatch.org.br\/?p=3312"},"modified":"2021-03-24T18:28:44","modified_gmt":"2021-03-24T21:28:44","slug":"instituto-wark-graffiti-na-rocinha","status":"publish","type":"post","link":"https:\/\/rioonwatch.org.br\/?p=3312","title":{"rendered":"Instituto Wark: Graffiti na Rocinha"},"content":{"rendered":"<p style=\"text-align: right;\"><em><strong><a href=\"http:\/\/bit.ly\/1EnX40W\" target=\"_blank\" rel=\"noopener\">Click Here for English<img decoding=\"async\" width=\"20\" height=\"20\" class=\"alignright wp-image-15790\" src=\"http:\/\/rioonwatch.org.br\/wp-content\/uploads\/2012\/08\/EN-standard-e1439583104716.jpg\" alt=\"\" \/><\/a><\/strong><\/em><\/p>\n<p>Marcos Rodrigo, tamb\u00e9m conhecido como &#8220;Wark da Rocinha&#8221;, h\u00e1 dez anos, foi o primeiro artista de graffiti da favela. Nativo da <a href=\"http:\/\/bit.ly\/POtVqt\">Rocinha<\/a> foi pioneiro no movimento de <a href=\"http:\/\/bit.ly\/MJeUau\">graffiti<\/a> na maior favela do Brasil, o que atraiu aten\u00e7\u00e3o e apertos de m\u00e3o de proeminentes l\u00edderes brasileiros, incluindo Lula da Silva, ex-presidente do Brasil. Wark tamb\u00e9m promove exposi\u00e7\u00f5es frequentes na cidade e recebe centenas de reais por suas obras.<\/p>\n<p>H\u00e1 dois anos, o grafiteiro decidiu passar seus conhecimentos aos membros mais jovens de sua comunidade, de modo que ele fundou o Instituto Wark, uma escola os para jovens na Rocinha para aprenderem e praticarem a arte. Com seus alunos, Wark cria pe\u00e7as de graffiti p\u00fablicos que mostram as conquistas da comunidade.<\/p>\n<p>Seus alunos est\u00e3o a caminho de se tornarem grafiteiros proeminentes tamb\u00e9m. Marcos Brunno Werneck, um dos alunos de Wark, mesmo antes do Wark Instituto ser criado, vem liderando suas pr\u00f3prias aulas de graffiti e at\u00e9 mesmo replicando o projeto para outras partes do Rio de Janeiro. Thayn\u00e1 Rodrigues, uma adi\u00e7\u00e3o recente ao instituto, \u00e9 uma pioneira do graffiti das mulheres na Rocinha. Com de 15 anos de idade, ela pretende acabar com o estere\u00f3tipo de que graffiti \u00e9 principalmente para os homens.<\/p>\n<p><iframe src=\"http:\/\/www.youtube.com\/embed\/6wt3yGNq6Tc\" width=\"560\" height=\"315\" frameborder=\"0\"><\/iframe><\/p>\n<p>Os alunos do Instituto Wark n\u00e3o s\u00e3o os \u00fanicos que se beneficiam. Wark afirma que o instituto estimula a auto-confian\u00e7a dos alunos, que ao desenvolverem seus pr\u00f3prios estilos come\u00e7am a levar as suas iniciativas para comunidade. &#8220;\u00c9 super interessante&#8221;, diz ele.<\/p>\n<p>O ambiente animado que \u00e9 gerado durante e ap\u00f3s as obras criadas por Wark e sua equipe \u00e9 not\u00e1vel. Os membros da comunidade, crian\u00e7as e adultos, fazem uma pausa no rel\u00f3gio e v\u00e3o para o Instituto Wark executar um grafitti, expressando o seu apre\u00e7o pelo trabalho do Instituto de v\u00e1rias maneiras. E agora queo <a href=\"http:\/\/huff.to\/IbcyYO\">graffiti \u00e9 legal no Rio<\/a> e com o consentimento do propriet\u00e1rio do im\u00f3vel, at\u00e9 mesmo os policiais param para apreciar um pouco o espet\u00e1culo.<\/p>\n<p>Por ser apenas uma \u00fanica pessoa, Wark \u00e9 mais prol\u00edfico do que seria de esperar. Sua assinatura \u00e9 um grafitti de cara de palha\u00e7o branca e vermelha com expressivos olhos azuis, que podem ser encontrados em praticamente todas as ruas Rocina e em toda a Zona Sul do Rio de Janeiro. \u00c9 praticamente o Mickey Mouse da \u00e1rea.<\/p>\n<p>Ao falar sobre Wark com outros grafiteiros no Rio, uma fato vem \u00e0 tona muitas vezes sobre o artista. Wark realmente n\u00e3o deixa a \u00e1rea da Rocinha. Ele pode ser um dos maiores artistas do Rio de graffiti, mas ele n\u00e3o se concentra em entrar na cena art\u00edstica internacional como outros artistas grafiteiros bem conhecidos fazem. Wark \u00e9 menos interessado em museus de arte e em conquistar o mundo e mais interessado em manter o graffiti ao n\u00edvel das bases onde as mudan\u00e7as come\u00e7am e o graffiti \u00e9 mais eficaz.<\/p>\n<p>Quando me encontrei com Wark e seus alunos pela segunda vez, eles estavam prestes a executar uma campanha de promo\u00e7\u00e3o do graffiti &#8220;Rio+20 na Rocinha&#8221;. \u201cLet\u2019s Go\u201d, dizia o artista em Ingl\u00eas para os alunos, mostrando o que eles est\u00e3o aprendendo nas aulas de ingl\u00eas que eles est\u00e3o tendo recentemente. Geralmente, por\u00e9m, Wark \u00e9 um homem humilde, cujo suas mais pungente declara\u00e7\u00f5es s\u00e3o lan\u00e7adas por uma lata de spray.<\/p>\n<p><object width=\"400\" height=\"300\" classid=\"clsid:d27cdb6e-ae6d-11cf-96b8-444553540000\" codebase=\"http:\/\/download.macromedia.com\/pub\/shockwave\/cabs\/flash\/swflash.cab#version=6,0,40,0\"><param name=\"flashvars\" value=\"offsite=true&amp;lang=en-us&amp;page_show_url=%2Fphotos%2Fcatcomm%2Fsets%2F72157630316328918%2Fshow%2F&amp;page_show_back_url=%2Fphotos%2Fcatcomm%2Fsets%2F72157630316328918%2F&amp;set_id=72157630316328918&amp;jump_to=\" \/><param name=\"allowFullScreen\" value=\"true\" \/><param name=\"src\" value=\"http:\/\/www.flickr.com\/apps\/slideshow\/show.swf?v=109615\" \/><param name=\"allowfullscreen\" value=\"true\" \/><embed width=\"400\" height=\"300\" type=\"application\/x-shockwave-flash\" src=\"http:\/\/www.flickr.com\/apps\/slideshow\/show.swf?v=109615\" flashvars=\"offsite=true&amp;lang=en-us&amp;page_show_url=%2Fphotos%2Fcatcomm%2Fsets%2F72157630316328918%2Fshow%2F&amp;page_show_back_url=%2Fphotos%2Fcatcomm%2Fsets%2F72157630316328918%2F&amp;set_id=72157630316328918&amp;jump_to=\" allowfullscreen=\"allowfullscreen\" allowfullscreen=\"allowfullscreen\" \/><\/object><\/p>\n<!-- AddThis Advanced Settings generic via filter on the_content --><!-- AddThis Share Buttons generic via filter on the_content -->","protected":false},"excerpt":{"rendered":"<div class=\"mh-excerpt\"><p>Click Here for English Marcos Rodrigo, tamb\u00e9m conhecido como &#8220;Wark da Rocinha&#8221;, h\u00e1 dez anos, foi o primeiro artista de graffiti da favela. Nativo da Rocinha foi pioneiro no movimento de graffiti na maior favela <a class=\"mh-excerpt-more\" href=\"https:\/\/rioonwatch.org.br\/?p=3312\" title=\"Instituto Wark: Graffiti na Rocinha\">[&#8230;]<\/a><!-- AddThis Advanced Settings generic via filter on get_the_excerpt --><!-- AddThis Share Buttons generic via filter on get_the_excerpt --><\/p>\n<\/div>","protected":false},"author":129,"featured_media":3330,"comment_status":"closed","ping_status":"closed","sticky":false,"template":"","format":"standard","meta":{"_acf_changed":false,"_monsterinsights_skip_tracking":false,"_monsterinsights_sitenote_active":false,"_monsterinsights_sitenote_note":"","_monsterinsights_sitenote_category":0,"footnotes":""},"categories":[342],"tags":[334,421,422,1314,16,383],"writer":[420],"translator":[273],"source":[],"ilustrador":[],"fotografo":[],"class_list":{"0":"post-3312","1":"post","2":"type-post","3":"status-publish","4":"format-standard","5":"has-post-thumbnail","7":"category-solucoes","8":"tag-arte","9":"tag-cultura-da-favela","10":"tag-cultura-de-rua","11":"tag-grafite","12":"tag-rocinha","13":"tag-zona-sul","14":"writer-diego-camposeco","15":"translator-roseli-franco"},"acf":[],"yoast_head":"<!-- This site is optimized with the Yoast SEO plugin v25.6 - https:\/\/yoast.com\/wordpress\/plugins\/seo\/ -->\n<title>Instituto Wark: Graffiti na Rocinha - RioOnWatch<\/title>\n<meta name=\"robots\" content=\"index, follow, max-snippet:-1, max-image-preview:large, max-video-preview:-1\" \/>\n<link rel=\"canonical\" href=\"https:\/\/rioonwatch.org.br\/?p=3312\" \/>\n<meta property=\"og:locale\" content=\"pt_BR\" \/>\n<meta property=\"og:type\" content=\"article\" \/>\n<meta property=\"og:title\" content=\"Instituto Wark: Graffiti na Rocinha - RioOnWatch\" \/>\n<meta property=\"og:description\" content=\"Click Here for English Marcos Rodrigo, tamb\u00e9m conhecido como &#8220;Wark da Rocinha&#8221;, h\u00e1 dez anos, foi o primeiro artista de graffiti da favela. Nativo da Rocinha foi pioneiro no movimento de graffiti na maior favela [...]\" \/>\n<meta property=\"og:url\" content=\"https:\/\/rioonwatch.org.br\/?p=3312\" \/>\n<meta property=\"og:site_name\" content=\"RioOnWatch\" \/>\n<meta property=\"article:published_time\" content=\"2012-07-27T14:26:12+00:00\" \/>\n<meta property=\"article:modified_time\" content=\"2021-03-24T21:28:44+00:00\" \/>\n<meta property=\"og:image\" content=\"https:\/\/rioonwatch.org.br\/wp-content\/uploads\/2012\/07\/warkrio20.jpg\" \/>\n\t<meta property=\"og:image:width\" content=\"300\" \/>\n\t<meta property=\"og:image:height\" content=\"211\" \/>\n\t<meta property=\"og:image:type\" content=\"image\/jpeg\" \/>\n<meta name=\"author\" content=\"Admin\" \/>\n<meta name=\"twitter:card\" content=\"summary_large_image\" \/>\n<meta name=\"twitter:label1\" content=\"Escrito por\" \/>\n\t<meta name=\"twitter:data1\" content=\"Admin\" \/>\n\t<meta name=\"twitter:label2\" content=\"Est. tempo de leitura\" \/>\n\t<meta name=\"twitter:data2\" content=\"3 minutos\" \/>\n<script type=\"application\/ld+json\" class=\"yoast-schema-graph\">{\"@context\":\"https:\/\/schema.org\",\"@graph\":[{\"@type\":\"Article\",\"@id\":\"https:\/\/rioonwatch.org.br\/?p=3312#article\",\"isPartOf\":{\"@id\":\"https:\/\/rioonwatch.org.br\/?p=3312\"},\"author\":{\"name\":\"Admin\",\"@id\":\"https:\/\/rioonwatch.org.br\/#\/schema\/person\/11d64c290506f9df50c71b850c473f68\"},\"headline\":\"Instituto Wark: Graffiti na Rocinha\",\"datePublished\":\"2012-07-27T14:26:12+00:00\",\"dateModified\":\"2021-03-24T21:28:44+00:00\",\"mainEntityOfPage\":{\"@id\":\"https:\/\/rioonwatch.org.br\/?p=3312\"},\"wordCount\":578,\"publisher\":{\"@id\":\"https:\/\/rioonwatch.org.br\/#organization\"},\"image\":{\"@id\":\"https:\/\/rioonwatch.org.br\/?p=3312#primaryimage\"},\"thumbnailUrl\":\"https:\/\/rioonwatch.org.br\/wp-content\/uploads\/2012\/07\/warkrio20.jpg\",\"keywords\":[\"arte\",\"cultura da favela\",\"cultura de rua\",\"grafite\",\"Rocinha\",\"Zona Sul\"],\"articleSection\":[\"Solu\u00e7\u00f5es\"],\"inLanguage\":\"pt-BR\"},{\"@type\":\"WebPage\",\"@id\":\"https:\/\/rioonwatch.org.br\/?p=3312\",\"url\":\"https:\/\/rioonwatch.org.br\/?p=3312\",\"name\":\"Instituto Wark: Graffiti na Rocinha - RioOnWatch\",\"isPartOf\":{\"@id\":\"https:\/\/rioonwatch.org.br\/#website\"},\"primaryImageOfPage\":{\"@id\":\"https:\/\/rioonwatch.org.br\/?p=3312#primaryimage\"},\"image\":{\"@id\":\"https:\/\/rioonwatch.org.br\/?p=3312#primaryimage\"},\"thumbnailUrl\":\"https:\/\/rioonwatch.org.br\/wp-content\/uploads\/2012\/07\/warkrio20.jpg\",\"datePublished\":\"2012-07-27T14:26:12+00:00\",\"dateModified\":\"2021-03-24T21:28:44+00:00\",\"breadcrumb\":{\"@id\":\"https:\/\/rioonwatch.org.br\/?p=3312#breadcrumb\"},\"inLanguage\":\"pt-BR\",\"potentialAction\":[{\"@type\":\"ReadAction\",\"target\":[\"https:\/\/rioonwatch.org.br\/?p=3312\"]}]},{\"@type\":\"ImageObject\",\"inLanguage\":\"pt-BR\",\"@id\":\"https:\/\/rioonwatch.org.br\/?p=3312#primaryimage\",\"url\":\"https:\/\/rioonwatch.org.br\/wp-content\/uploads\/2012\/07\/warkrio20.jpg\",\"contentUrl\":\"https:\/\/rioonwatch.org.br\/wp-content\/uploads\/2012\/07\/warkrio20.jpg\",\"width\":300,\"height\":211},{\"@type\":\"BreadcrumbList\",\"@id\":\"https:\/\/rioonwatch.org.br\/?p=3312#breadcrumb\",\"itemListElement\":[{\"@type\":\"ListItem\",\"position\":1,\"name\":\"In\u00edcio\",\"item\":\"https:\/\/rioonwatch.org.br\/\"},{\"@type\":\"ListItem\",\"position\":2,\"name\":\"Instituto Wark: Graffiti na Rocinha\"}]},{\"@type\":\"WebSite\",\"@id\":\"https:\/\/rioonwatch.org.br\/#website\",\"url\":\"https:\/\/rioonwatch.org.br\/\",\"name\":\"RioOnWatch\",\"description\":\"relatos das favelas cariocas\",\"publisher\":{\"@id\":\"https:\/\/rioonwatch.org.br\/#organization\"},\"potentialAction\":[{\"@type\":\"SearchAction\",\"target\":{\"@type\":\"EntryPoint\",\"urlTemplate\":\"https:\/\/rioonwatch.org.br\/?s={search_term_string}\"},\"query-input\":{\"@type\":\"PropertyValueSpecification\",\"valueRequired\":true,\"valueName\":\"search_term_string\"}}],\"inLanguage\":\"pt-BR\"},{\"@type\":\"Organization\",\"@id\":\"https:\/\/rioonwatch.org.br\/#organization\",\"name\":\"RioOnWatch\",\"url\":\"https:\/\/rioonwatch.org.br\/\",\"logo\":{\"@type\":\"ImageObject\",\"inLanguage\":\"pt-BR\",\"@id\":\"https:\/\/rioonwatch.org.br\/#\/schema\/logo\/image\/\",\"url\":\"https:\/\/rioonwatch.org.br\/wp-content\/uploads\/2021\/06\/RioOnWatchcabecalhoPT11anos-2.png\",\"contentUrl\":\"https:\/\/rioonwatch.org.br\/wp-content\/uploads\/2021\/06\/RioOnWatchcabecalhoPT11anos-2.png\",\"width\":779,\"height\":277,\"caption\":\"RioOnWatch\"},\"image\":{\"@id\":\"https:\/\/rioonwatch.org.br\/#\/schema\/logo\/image\/\"}},{\"@type\":\"Person\",\"@id\":\"https:\/\/rioonwatch.org.br\/#\/schema\/person\/11d64c290506f9df50c71b850c473f68\",\"name\":\"Admin\",\"image\":{\"@type\":\"ImageObject\",\"inLanguage\":\"pt-BR\",\"@id\":\"https:\/\/rioonwatch.org.br\/#\/schema\/person\/image\/\",\"url\":\"https:\/\/secure.gravatar.com\/avatar\/56211ac74568383903349a1485e3c325?s=96&d=blank&r=g\",\"contentUrl\":\"https:\/\/secure.gravatar.com\/avatar\/56211ac74568383903349a1485e3c325?s=96&d=blank&r=g\",\"caption\":\"Admin\"},\"url\":\"https:\/\/rioonwatch.org.br\/?author=129\"}]}<\/script>\n<!-- \/ Yoast SEO plugin. -->","yoast_head_json":{"title":"Instituto Wark: Graffiti na Rocinha - RioOnWatch","robots":{"index":"index","follow":"follow","max-snippet":"max-snippet:-1","max-image-preview":"max-image-preview:large","max-video-preview":"max-video-preview:-1"},"canonical":"https:\/\/rioonwatch.org.br\/?p=3312","og_locale":"pt_BR","og_type":"article","og_title":"Instituto Wark: Graffiti na Rocinha - RioOnWatch","og_description":"Click Here for English Marcos Rodrigo, tamb\u00e9m conhecido como &#8220;Wark da Rocinha&#8221;, h\u00e1 dez anos, foi o primeiro artista de graffiti da favela. Nativo da Rocinha foi pioneiro no movimento de graffiti na maior favela [...]","og_url":"https:\/\/rioonwatch.org.br\/?p=3312","og_site_name":"RioOnWatch","article_published_time":"2012-07-27T14:26:12+00:00","article_modified_time":"2021-03-24T21:28:44+00:00","og_image":[{"width":300,"height":211,"url":"https:\/\/rioonwatch.org.br\/wp-content\/uploads\/2012\/07\/warkrio20.jpg","type":"image\/jpeg"}],"author":"Admin","twitter_card":"summary_large_image","twitter_misc":{"Escrito por":"Admin","Est. tempo de leitura":"3 minutos"},"schema":{"@context":"https:\/\/schema.org","@graph":[{"@type":"Article","@id":"https:\/\/rioonwatch.org.br\/?p=3312#article","isPartOf":{"@id":"https:\/\/rioonwatch.org.br\/?p=3312"},"author":{"name":"Admin","@id":"https:\/\/rioonwatch.org.br\/#\/schema\/person\/11d64c290506f9df50c71b850c473f68"},"headline":"Instituto Wark: Graffiti na Rocinha","datePublished":"2012-07-27T14:26:12+00:00","dateModified":"2021-03-24T21:28:44+00:00","mainEntityOfPage":{"@id":"https:\/\/rioonwatch.org.br\/?p=3312"},"wordCount":578,"publisher":{"@id":"https:\/\/rioonwatch.org.br\/#organization"},"image":{"@id":"https:\/\/rioonwatch.org.br\/?p=3312#primaryimage"},"thumbnailUrl":"https:\/\/rioonwatch.org.br\/wp-content\/uploads\/2012\/07\/warkrio20.jpg","keywords":["arte","cultura da favela","cultura de rua","grafite","Rocinha","Zona Sul"],"articleSection":["Solu\u00e7\u00f5es"],"inLanguage":"pt-BR"},{"@type":"WebPage","@id":"https:\/\/rioonwatch.org.br\/?p=3312","url":"https:\/\/rioonwatch.org.br\/?p=3312","name":"Instituto Wark: Graffiti na Rocinha - RioOnWatch","isPartOf":{"@id":"https:\/\/rioonwatch.org.br\/#website"},"primaryImageOfPage":{"@id":"https:\/\/rioonwatch.org.br\/?p=3312#primaryimage"},"image":{"@id":"https:\/\/rioonwatch.org.br\/?p=3312#primaryimage"},"thumbnailUrl":"https:\/\/rioonwatch.org.br\/wp-content\/uploads\/2012\/07\/warkrio20.jpg","datePublished":"2012-07-27T14:26:12+00:00","dateModified":"2021-03-24T21:28:44+00:00","breadcrumb":{"@id":"https:\/\/rioonwatch.org.br\/?p=3312#breadcrumb"},"inLanguage":"pt-BR","potentialAction":[{"@type":"ReadAction","target":["https:\/\/rioonwatch.org.br\/?p=3312"]}]},{"@type":"ImageObject","inLanguage":"pt-BR","@id":"https:\/\/rioonwatch.org.br\/?p=3312#primaryimage","url":"https:\/\/rioonwatch.org.br\/wp-content\/uploads\/2012\/07\/warkrio20.jpg","contentUrl":"https:\/\/rioonwatch.org.br\/wp-content\/uploads\/2012\/07\/warkrio20.jpg","width":300,"height":211},{"@type":"BreadcrumbList","@id":"https:\/\/rioonwatch.org.br\/?p=3312#breadcrumb","itemListElement":[{"@type":"ListItem","position":1,"name":"In\u00edcio","item":"https:\/\/rioonwatch.org.br\/"},{"@type":"ListItem","position":2,"name":"Instituto Wark: Graffiti na Rocinha"}]},{"@type":"WebSite","@id":"https:\/\/rioonwatch.org.br\/#website","url":"https:\/\/rioonwatch.org.br\/","name":"RioOnWatch","description":"relatos das favelas cariocas","publisher":{"@id":"https:\/\/rioonwatch.org.br\/#organization"},"potentialAction":[{"@type":"SearchAction","target":{"@type":"EntryPoint","urlTemplate":"https:\/\/rioonwatch.org.br\/?s={search_term_string}"},"query-input":{"@type":"PropertyValueSpecification","valueRequired":true,"valueName":"search_term_string"}}],"inLanguage":"pt-BR"},{"@type":"Organization","@id":"https:\/\/rioonwatch.org.br\/#organization","name":"RioOnWatch","url":"https:\/\/rioonwatch.org.br\/","logo":{"@type":"ImageObject","inLanguage":"pt-BR","@id":"https:\/\/rioonwatch.org.br\/#\/schema\/logo\/image\/","url":"https:\/\/rioonwatch.org.br\/wp-content\/uploads\/2021\/06\/RioOnWatchcabecalhoPT11anos-2.png","contentUrl":"https:\/\/rioonwatch.org.br\/wp-content\/uploads\/2021\/06\/RioOnWatchcabecalhoPT11anos-2.png","width":779,"height":277,"caption":"RioOnWatch"},"image":{"@id":"https:\/\/rioonwatch.org.br\/#\/schema\/logo\/image\/"}},{"@type":"Person","@id":"https:\/\/rioonwatch.org.br\/#\/schema\/person\/11d64c290506f9df50c71b850c473f68","name":"Admin","image":{"@type":"ImageObject","inLanguage":"pt-BR","@id":"https:\/\/rioonwatch.org.br\/#\/schema\/person\/image\/","url":"https:\/\/secure.gravatar.com\/avatar\/56211ac74568383903349a1485e3c325?s=96&d=blank&r=g","contentUrl":"https:\/\/secure.gravatar.com\/avatar\/56211ac74568383903349a1485e3c325?s=96&d=blank&r=g","caption":"Admin"},"url":"https:\/\/rioonwatch.org.br\/?author=129"}]}},"_links":{"self":[{"href":"https:\/\/rioonwatch.org.br\/index.php?rest_route=\/wp\/v2\/posts\/3312"}],"collection":[{"href":"https:\/\/rioonwatch.org.br\/index.php?rest_route=\/wp\/v2\/posts"}],"about":[{"href":"https:\/\/rioonwatch.org.br\/index.php?rest_route=\/wp\/v2\/types\/post"}],"author":[{"embeddable":true,"href":"https:\/\/rioonwatch.org.br\/index.php?rest_route=\/wp\/v2\/users\/129"}],"replies":[{"embeddable":true,"href":"https:\/\/rioonwatch.org.br\/index.php?rest_route=%2Fwp%2Fv2%2Fcomments&post=3312"}],"version-history":[{"count":12,"href":"https:\/\/rioonwatch.org.br\/index.php?rest_route=\/wp\/v2\/posts\/3312\/revisions"}],"predecessor-version":[{"id":54249,"href":"https:\/\/rioonwatch.org.br\/index.php?rest_route=\/wp\/v2\/posts\/3312\/revisions\/54249"}],"wp:featuredmedia":[{"embeddable":true,"href":"https:\/\/rioonwatch.org.br\/index.php?rest_route=\/wp\/v2\/media\/3330"}],"wp:attachment":[{"href":"https:\/\/rioonwatch.org.br\/index.php?rest_route=%2Fwp%2Fv2%2Fmedia&parent=3312"}],"wp:term":[{"taxonomy":"category","embeddable":true,"href":"https:\/\/rioonwatch.org.br\/index.php?rest_route=%2Fwp%2Fv2%2Fcategories&post=3312"},{"taxonomy":"post_tag","embeddable":true,"href":"https:\/\/rioonwatch.org.br\/index.php?rest_route=%2Fwp%2Fv2%2Ftags&post=3312"},{"taxonomy":"writer","embeddable":true,"href":"https:\/\/rioonwatch.org.br\/index.php?rest_route=%2Fwp%2Fv2%2Fwriter&post=3312"},{"taxonomy":"translator","embeddable":true,"href":"https:\/\/rioonwatch.org.br\/index.php?rest_route=%2Fwp%2Fv2%2Ftranslator&post=3312"},{"taxonomy":"source","embeddable":true,"href":"https:\/\/rioonwatch.org.br\/index.php?rest_route=%2Fwp%2Fv2%2Fsource&post=3312"},{"taxonomy":"ilustrador","embeddable":true,"href":"https:\/\/rioonwatch.org.br\/index.php?rest_route=%2Fwp%2Fv2%2Filustrador&post=3312"},{"taxonomy":"fotografo","embeddable":true,"href":"https:\/\/rioonwatch.org.br\/index.php?rest_route=%2Fwp%2Fv2%2Ffotografo&post=3312"}],"curies":[{"name":"wp","href":"https:\/\/api.w.org\/{rel}","templated":true}]}}