{"id":33120,"date":"2018-05-18T17:15:15","date_gmt":"2018-05-18T20:15:15","guid":{"rendered":"http:\/\/rioonwatch.org.br\/?p=33120"},"modified":"2018-05-19T12:45:23","modified_gmt":"2018-05-19T15:45:23","slug":"museus-de-contranarrativas-e-resistencia-parte-4-horto-florestal-semanademuseus","status":"publish","type":"post","link":"https:\/\/rioonwatch.org.br\/?p=33120","title":{"rendered":"Museus de Contranarrativas e Resist\u00eancia, Parte 4: Horto Florestal #SemanaDeMuseus"},"content":{"rendered":"<p style=\"text-align: right;\"><em><strong><a href=\"http:\/\/bit.ly\/2rOn3mj\" target=\"_blank\" rel=\"noopener noreferrer\">Click Here for English<img decoding=\"async\" width=\"20\" height=\"20\" class=\"alignright wp-image-15790\" src=\"http:\/\/rioonwatch.org.br\/wp-content\/uploads\/2012\/08\/EN-standard-e1439583104716.jpg\" \/><\/a><\/strong><\/em><\/p>\n<p><em>Esta \u00e9 a quarta mat\u00e9ria, de uma\u00a0<a href=\"http:\/\/bit.ly\/MuseusComunitarios\" target=\"_blank\" rel=\"noopener\">s\u00e9rie de cinco partes<\/a>, sobre museus comunit\u00e1rios e resist\u00eancia nas favelas do Rio em homenagem \u00e0 16\u00aa\u00a0<a href=\"http:\/\/bit.ly\/2IEHFHb\" target=\"_blank\" rel=\"noopener\">Semana de Museus<\/a>\u00a0(16 a 20 de maio de 2018).<\/em><\/p>\n<blockquote><p>&#8220;A miss\u00e3o \u00e9<span style=\"font-weight: 400;\">\u00a0justamente desvelar e iluminar cada vest\u00edgio da hist\u00f3ria da comunidade e reconstruir suas mem\u00f3rias de acordo com a voz e a inger\u00eancia de seus moradores, na afirma\u00e7\u00e3o identit\u00e1ria de seus cidad\u00e3os.&#8221; &#8211; Museu do Horto<\/span><\/p><\/blockquote>\n<p>Segundo a historiadora Laura Olivieri, o <a href=\"http:\/\/bit.ly\/11b2TzL\" target=\"_blank\" rel=\"noopener\">Horto Florestal<\/a> teve <a href=\"http:\/\/bit.ly\/2bYn6qA\" target=\"_blank\" rel=\"noopener\">tr\u00eas fases de ocupa\u00e7\u00e3o<\/a>. Os primeiros habitantes da \u00e1rea foram <a href=\"http:\/\/bit.ly\/1Hg4Zj3\" target=\"_blank\" rel=\"noopener\">africanos escravizados<\/a> trazidos para trabalhar nas planta\u00e7\u00f5es de cana-de-a\u00e7\u00facar em 1578; no s\u00e9culo XVIII, trabalhadores foram trazidos para a \u00e1rea para trabalharem em uma fazenda de caf\u00e9 e, finalmente, no in\u00edcio do s\u00e9culo XIX foi criado o <a href=\"http:\/\/bit.ly\/2IR0sPr\" target=\"_blank\" rel=\"noopener\">Jardim Bot\u00e2nico<\/a>, e devido a isso mais escravos e trabalhadores foram trazidos para constru\u00edrem e manter os jardins. Foram oferecidos lotes de terra para os trabalhadores e suas fam\u00edlias, e permiss\u00e3o para constru\u00edrem casas sobre eles, a fim de estarem perto de seu trabalho. Hoje, o Horto \u00e9 formado em <a href=\"http:\/\/bit.ly\/2AvXYyX\" target=\"_blank\" rel=\"noopener\">grande parte por descendentes desses grupos de pessoas<\/a>. No entanto, desde a d\u00e9cada de 1960, a comunidade de cerca de 2.000 moradores vem <a href=\"http:\/\/bit.ly\/2FYrRO5\" target=\"_blank\" rel=\"noopener\">lutando contra amea\u00e7as de remo\u00e7\u00e3o<\/a>.<\/p>\n<p>Os membros da comunidade vivem na terra chamada Horto Florestal, que est\u00e1 vinculada \u00e0 Sociedade das Florestas do Brasil e ao Minist\u00e9rio do Planejamento desde 1875. Um mapa de 1929 da \u00e1rea mostra o per\u00edmetro do Horto Florestal de 83,3 hectares e demarca claramente um limite entre esta \u00e1rea e os 54 hectares de propriedade do Jardim Bot\u00e2nico.\u00a0Esse limite \u00e9 uma disputa federal de longa data entre a comunidade e a administra\u00e7\u00e3o do Jardim Bot\u00e2nico.\u00a0Por outro lado, a administra\u00e7\u00e3o do Jardim Bot\u00e2nico se utiliza do discurso da conserva\u00e7\u00e3o ambiental para explicar que quer &#8216;recuperar&#8217; a terra do Horto Florestal para ampliar os ramos de pesquisa e conserva\u00e7\u00e3o do <a href=\"http:\/\/bit.ly\/2IhbUjV\" target=\"_blank\" rel=\"noopener\">Instituto de Pesquisa do Jardim Bot\u00e2nico do Rio de Janeiro<\/a>\u00a0(IPJB). A posi\u00e7\u00e3o oficial, articulada pelo Presidente do Jardim Bot\u00e2nico, <a href=\"http:\/\/bit.ly\/2erMdne\" target=\"_blank\" rel=\"noopener\">S\u00e9rgio Besserman,<\/a> \u00e9 que a presen\u00e7a da comunidade &#8220;<a href=\"http:\/\/bit.ly\/2nL33AM\" target=\"_blank\" rel=\"noopener\">n\u00e3o\u00a0<span style=\"font-weight: 400;\">\u00e9 compat\u00edvel com o funcionamento de uma institui\u00e7\u00e3o de pesquisa<\/span><\/a><span style=\"font-weight: 400;\">&#8220;<\/span>. Ele afirma que &#8220;n<span style=\"font-weight: 400;\">\u00e3o tivemos expans\u00e3o exceto aquilo que j\u00e1 era normalmente considerado do Jardim Bot\u00e2nico. Inclusive a pr\u00f3pria \u00e1rea da comunidade que sempre foi considerada, at\u00e9 pela pr\u00f3pria comunidade, uma ocupa\u00e7\u00e3o de um terreno do Jardim Bot\u00e2nico&#8221;.<\/span><\/p>\n<p>O desenvolvimento da propriedade no entorno dos bairros vizinhos\u00a0<a href=\"http:\/\/bit.ly\/1ZGtChU\" target=\"_blank\" rel=\"noopener\">G\u00e1vea<\/a> e\u00a0<a href=\"http:\/\/bit.ly\/1UfSVGa\" target=\"_blank\" rel=\"noopener\">Jardim Bot\u00e2nico<\/a> <a href=\"http:\/\/bit.ly\/2nJVoyg\" target=\"_blank\" rel=\"noopener\">tornou esse argumento pouco convincente<\/a>. Al\u00e9m disso, <em>O Globo<\/em> relatou que o valor das terras do Horto \u00e9 de <a href=\"https:\/\/glo.bo\/2h3U8Ih\" target=\"_blank\" rel=\"noopener\">R$10,6 trilh\u00f5es<\/a>, alimentando a suspeita de que o motivo real por tr\u00e1s da remo\u00e7\u00e3o seja a especula\u00e7\u00e3o imobili\u00e1ria.<\/p>\n<p><a href=\"http:\/\/rioonwatch.org.br\/wp-content\/uploads\/2018\/05\/History-of-Favela-Museums-Image-8.png\"><img fetchpriority=\"high\" decoding=\"async\" class=\"aligncenter wp-image-33126 size-medium\" title=\"Mapa do Minist\u00e9rio da Agricultura de 1929 que demarca o Horto Florestal. Imagem do mapa por Museu do Horto\" src=\"http:\/\/rioonwatch.org.br\/wp-content\/uploads\/2018\/05\/History-of-Favela-Museums-Image-8-620x336.png\" alt=\"\" width=\"620\" height=\"336\" srcset=\"https:\/\/rioonwatch.org.br\/wp-content\/uploads\/2018\/05\/History-of-Favela-Museums-Image-8-620x336.png 620w, https:\/\/rioonwatch.org.br\/wp-content\/uploads\/2018\/05\/History-of-Favela-Museums-Image-8-488x264.png 488w, https:\/\/rioonwatch.org.br\/wp-content\/uploads\/2018\/05\/History-of-Favela-Museums-Image-8-768x416.png 768w, https:\/\/rioonwatch.org.br\/wp-content\/uploads\/2018\/05\/History-of-Favela-Museums-Image-8.png 975w\" sizes=\"(max-width: 620px) 100vw, 620px\" \/><\/a><\/p>\n<p>Em contraste com o que\u00a0Besserman afirma, os moradores do Horto <a href=\"http:\/\/bit.ly\/2fkSqf2\" target=\"_blank\" rel=\"noopener\">insistem na sua condi\u00e7\u00e3o de comunidade estabelecida h\u00e1 mais de 200 anos<\/a>. O Museu do Horto apresenta uma contranarrativa \u00e0 hist\u00f3ria da \u00e1rea do jardim, pois documenta provas da ocupa\u00e7\u00e3o humana da terra\u00a0desde dos anos finais do s\u00e9culo XVI.\u00a0Ao faz\u00ea-lo produz evid\u00eancias que afirmam o direito da comunidade \u00e0 terra, que d\u00e3o suporte ao seu movimento de resist\u00eancia contra a remo\u00e7\u00e3o.<\/p>\n<p>Em agosto de 2016, o Horto recebeu uma <a href=\"http:\/\/bit.ly\/2bAaCSA\" target=\"_blank\" rel=\"noopener\">notifica\u00e7\u00e3o de despejo de 90 dias<\/a>. Essa decis\u00e3o veio a despeito de um acordo&#8211;feito durante a anterior administra\u00e7\u00e3o do governo federal sob Dilma Rousseff&#8211;de um plano de regulamenta\u00e7\u00e3o fundi\u00e1ria, que permitiria que os moradores ficassem no Horto Florestal.\u00a0A justificativa para a remo\u00e7\u00e3o da comunidade do Horto era dupla:\u00a0eles s\u00e3o &#8216;invasores&#8217; da terra e representam uma &#8216;amea\u00e7a&#8217; \u00e0 preserva\u00e7\u00e3o e sustentabilidade do Jardim Bot\u00e2nico.\u00a0Essa narrativa tem-se tecido em legisla\u00e7\u00e3o e vem sendo promovida pelo conglomerado midi\u00e1tico vizinho do Horto, Globo. Desde 2006, no entanto, o governo federal tamb\u00e9m come\u00e7ou a usar o r\u00f3tulo de &#8216;invasores&#8217;, mas sempre sem, <a href=\"http:\/\/bit.ly\/2g8h6KP\" target=\"_blank\" rel=\"noopener\">como observa a jornalista Anne Vigna<\/a>, especificar a data da invas\u00e3o.<\/p>\n<p>A Rede Globo, que estabeleceu sua sede no bairro Jardim Bot\u00e2nico em 1965, promove essa narrativa, permitindo que ela permeie a consci\u00eancia p\u00fablica e se estabele\u00e7a como &#8216;fato hist\u00f3rico&#8217;. Manchetes de not\u00edcias s\u00e3o deliberadamente expressas como apoio \u00e0 ret\u00f3rica do Jardim Bot\u00e2nico: &#8220;<a href=\"https:\/\/glo.bo\/2IIP08u\" target=\"_blank\" rel=\"noopener\">Ocupa\u00e7\u00e3o ilegal do Jardim Bot\u00e2nico do Rio \u00e9 imbr\u00f3glio que se arrasta h\u00e1 d\u00e9cadas<\/a>&#8221; (1986) e &#8220;<span style=\"font-weight: 400;\">Derrota para os invasores<\/span>&#8221; (2012). As mat\u00e9rias cont\u00eam declara\u00e7\u00f5es semelhantes, como a afirma\u00e7\u00e3o de que &#8220;<a href=\"https:\/\/glo.bo\/2prX9nG\" target=\"_blank\" rel=\"noopener\">mais um movimento surge na tentativa de garantir a perman\u00eancia de invasores<\/a>&#8221; (2017). Moradores e ativistas apontam para o <a href=\"http:\/\/bit.ly\/2eSusNc\" target=\"_blank\" rel=\"noopener\">papel de Besserman como comentarista ambiental na <em>GloboNews<\/em><\/a>, refletindo o interesse do conglomerado de m\u00eddia no argumento defendido pelo Jardim Bot\u00e2nico.<\/p>\n<h3>Um museu para contestar acusa\u00e7\u00f5es<\/h3>\n<p>O Museu do Horto, <a href=\"http:\/\/bit.ly\/2jZIDQh\" target=\"_blank\" rel=\"noopener\">como outros museus comunit\u00e1rios<\/a>, define-se como um <a href=\"http:\/\/bit.ly\/2yGzLZd\" target=\"_blank\" rel=\"noopener\">ecomuseu<\/a>. Os visitantes s\u00e3o convidados a experimentar pessoalmente a hist\u00f3ria do bairro atrav\u00e9s de <a href=\"http:\/\/bit.ly\/2rhRWQ2\" target=\"_blank\" rel=\"noopener\">tours lideradas por moradores<\/a>\u00a0associados com o museu. O acervo do museu est\u00e1 <a href=\"http:\/\/bit.ly\/16nL7Yz\" target=\"_blank\" rel=\"noopener\">dispon\u00edvel online<\/a> e cont\u00e9m uma ampla sele\u00e7\u00e3o de fontes como mapas, fotos, v\u00eddeos, <a href=\"http:\/\/bit.ly\/2o133I5\" target=\"_blank\" rel=\"noopener\">hist\u00f3rias orais<\/a>, recortes de jornais e m\u00fasicas. As informa\u00e7\u00f5es s\u00e3o organizadas por temas&#8211;como m\u00fasica, pol\u00edtica, <a href=\"http:\/\/bit.ly\/2grMqHZ\" target=\"_blank\" rel=\"noopener\">religi\u00e3o<\/a> e <a href=\"http:\/\/bit.ly\/1piRAgk\" target=\"_blank\" rel=\"noopener\">resist\u00eancia<\/a>&#8211;e pelo tipo de documentos, que s\u00e3o chamados de &#8220;Suportes da Mem\u00f3ria&#8221;. O termo &#8220;suporte&#8221; destaca a maneira pela qual o museu \u00e9 mantido pela comunidade. Como evidenciado por esta mat\u00e9ria, a \u00eanfase est\u00e1 na compreens\u00e3o da hist\u00f3ria da comunidade a partir de sua pr\u00f3pria perspectiva. Emerson de Souza, presidente da Associa\u00e7\u00e3o de Moradores e diretor do Museu do Horto, destacou:<\/p>\n<blockquote><p>&#8220;<span style=\"font-weight: 400;\">O museu n\u00e3o s\u00f3 blinda a hist\u00f3ria desta comunidade, mas prova a import\u00e2ncia e legitimidade para as pessoas que participam dessas hist\u00f3rias tamb\u00e9m&#8221;.<\/span><\/p><\/blockquote>\n<p>A principal preocupa\u00e7\u00e3o do acervo \u00e9 registrar a longa hist\u00f3ria da comunidade. Al\u00e9m de fontes como mapas, fotos, v\u00eddeos, hist\u00f3rias orais e recortes de jornais, o acervo inclui um dossi\u00ea escrito pela <a href=\"http:\/\/bit.ly\/2rCsmnQ\" target=\"_blank\" rel=\"noopener\">historiadora Laura Olivieri Carneiro de Souza<\/a>. O dossi\u00ea \u00e9 expl\u00edcito em seu objetivo de &#8220;<span style=\"font-weight: 400;\">defesa de seu pertencimento hist\u00f3rico \u00e0 regi\u00e3o e do reconhecimento inalien\u00e1vel de seu direito \u00e0 moradia<\/span>&#8220;, e fornece extensas evid\u00eancias de suporte, incluindo fotos, mapas, documentos governamentais em favor da presen\u00e7a do Horto, artigos de jornais, hist\u00f3rias orais, textos acad\u00eamicos e estudos da \u00e1rea, e carteiras de identifica\u00e7\u00e3o, que s\u00e3o provas diretas contra alega\u00e7\u00f5es de que os moradores s\u00e3o invasores da terra.<\/p>\n<p><a href=\"http:\/\/rioonwatch.org.br\/wp-content\/uploads\/2018\/05\/History-of-Favela-Museums-Image-9.png\"><img decoding=\"async\" class=\"aligncenter wp-image-33128 size-medium\" title=\"Contrato de Basilio Carris com o governo federal para trabalhar como jardineiro no Jardim Bot\u00e2nico. Fonte: Museu do Horto\" src=\"http:\/\/rioonwatch.org.br\/wp-content\/uploads\/2018\/05\/History-of-Favela-Museums-Image-9-620x419.png\" alt=\"\" width=\"620\" height=\"419\" srcset=\"https:\/\/rioonwatch.org.br\/wp-content\/uploads\/2018\/05\/History-of-Favela-Museums-Image-9-620x419.png 620w, https:\/\/rioonwatch.org.br\/wp-content\/uploads\/2018\/05\/History-of-Favela-Museums-Image-9-391x264.png 391w, https:\/\/rioonwatch.org.br\/wp-content\/uploads\/2018\/05\/History-of-Favela-Museums-Image-9-768x518.png 768w, https:\/\/rioonwatch.org.br\/wp-content\/uploads\/2018\/05\/History-of-Favela-Museums-Image-9.png 831w\" sizes=\"(max-width: 620px) 100vw, 620px\" \/><\/a><\/p>\n<p>Como Emerson resumiu: &#8220;<span style=\"font-weight: 400;\">A comunidade do Horto foi criada para proteger o meio ambiente, n\u00e3o destru\u00ed-lo<\/span>&#8220;. O acervo tamb\u00e9m <a href=\"http:\/\/bit.ly\/2AvXYyX\" target=\"_blank\" rel=\"noopener\">contesta a narrativa oficial de que os moradores representam uma amea\u00e7a ao meio ambiente<\/a>. Al\u00e9m da documenta\u00e7\u00e3o que prova que os empregos de muitos moradores envolvem trabalhos para manter os jardins, o acervo cont\u00e9m registros da participa\u00e7\u00e3o da comunidade em iniciativas ambientais globais, como &#8216;<em><a href=\"http:\/\/bit.ly\/2Iib8Y8\" target=\"_blank\" rel=\"noopener\">Clean Up the World<\/a><\/em>&#8216; (Limpar o Mundo).\u00a0O museu tamb\u00e9m aborda diretamente a campanha de difama\u00e7\u00e3o da Globo em uma se\u00e7\u00e3o intitulada &#8220;<span style=\"font-weight: 400;\">Campanha do jornal <em>O Globo<\/em> de difama\u00e7\u00e3o dos moradores do Horto<\/span>&#8220;.<\/p>\n<p>A resist\u00eancia ao argumento de conserva\u00e7\u00e3o do Estado apresenta-se na linguagem dos moradores. Eles expressam como suas fam\u00edlias foram <a href=\"http:\/\/bit.ly\/12lVeS2\" target=\"_blank\" rel=\"noopener\">&#8220;cultivadas&#8221; no Horto e vivem em &#8220;total integra\u00e7\u00e3o com a natureza<\/a>&#8220;. A amea\u00e7a de remo\u00e7\u00e3o seria como &#8220;arrancar do solo&#8221;, onde est\u00e3o suas &#8220;<a href=\"http:\/\/bit.ly\/2bYn6qA\" target=\"_blank\" rel=\"noopener\">ra\u00edzes<\/a>&#8220;.<\/p>\n<p>O Museu do Horto oferece quatro diferentes tours, cada um deles com forte \u00eanfase nas ra\u00edzes hist\u00f3ricas da comunidade. A primeira op\u00e7\u00e3o, &#8220;Circuito do engenho&#8221;, por exemplo, leva o visitante \u00e0s ru\u00ednas de um dos primeiros engenhos de a\u00e7\u00facar no Rio de Janeiro, que remonta a 1575. A op\u00e7\u00e3o tr\u00eas \u00e9 &#8220;Circuito das \u00e1rvores ancestrais&#8221;,\u00a0que \u00e9 uma caminhada pela floresta at\u00e9 onde os ancestrais <a href=\"http:\/\/bit.ly\/2cxUmji\" target=\"_blank\" rel=\"noopener\">ind\u00edgenas<\/a>, africanos e afro-brasileiros dos moradores do Horto realizavam seus rituais. Os tours s\u00e3o guiados por uma lideran\u00e7a do museu que narra a hist\u00f3ria da comunidade, mostra elementos interessantes da flora e fauna e compartilha hist\u00f3rias sobre como era o Horto e como ele \u00e9 hoje. &#8220;<span style=\"font-weight: 400;\">Fazemos essas trilhas no final de semana quando as pessoas est\u00e3o em casa para que possamos passear por elas e conversar<\/span>&#8220;, explicou Emerson.<\/p>\n<p>Desta forma, o Museu do Horto n\u00e3o s\u00f3 <a href=\"http:\/\/bit.ly\/1Dh1ozB\" target=\"_blank\" rel=\"noopener\">apresenta uma contranarrativa<\/a> ao afirmar as ra\u00edzes hist\u00f3ricas do Horto em seu acervo, mas permite que os visitantes se engajem ativamente na hist\u00f3ria dos moradores. Atrav\u00e9s de seus tours, o museu oferece uma experi\u00eancia multissensorial que lhes permite envolver-se com a hist\u00f3ria atrav\u00e9s de seus corpos de uma maneira que n\u00e3o poderia ser feita em um museu nacional ou com um livro de hist\u00f3ria. Como tal, n\u00e3o \u00e9 apenas o acervo do museu que &#8220;transmite autoridade e estabelece regras para credibilidade&#8221;, <a href=\"http:\/\/bit.ly\/2IIn6tC\" target=\"_blank\" rel=\"noopener\">como coloca o antrop\u00f3logo historiador Michel Trouillot<\/a>, j\u00e1 que tamb\u00e9m o visitante incorpora uma realidade subjetiva e, ao faz\u00ea-lo, refor\u00e7a a mem\u00f3ria coletiva local.<\/p>\n<p>O \u00faltimo estudo de caso desta s\u00e9rie, a ser publicado amanh\u00e3, \u00e9 sobre o <a href=\"http:\/\/bit.ly\/2rPGSHs\" target=\"_blank\" rel=\"noopener\">Museu das Remo\u00e7\u00f5es<\/a>, na <a href=\"http:\/\/bit.ly\/Nfddvg\" target=\"_blank\" rel=\"noopener\">Vila Aut\u00f3dromo<\/a>, que \u00e9 um exemplo do que um museu pode fazer pelos atuais e futuros movimentos de resist\u00eancia contra \u00e0 remo\u00e7\u00e3o.<\/p>\n<p><em>Esta \u00e9 a quarta mat\u00e9ria, de uma\u00a0<a href=\"http:\/\/bit.ly\/MuseusComunitarios\" target=\"_blank\" rel=\"noopener\">s\u00e9rie de cinco partes<\/a>, sobre museus comunit\u00e1rios e resist\u00eancia nas favelas do Rio em homenagem \u00e0 16\u00aa\u00a0<a href=\"http:\/\/bit.ly\/2IEHFHb\" target=\"_blank\" rel=\"noopener\">Semana de Museus<\/a>\u00a0(16 a 20 de maio de 2018)<\/em><\/p>\n<p><em>Gitanjali Patel \u00e9 pesquisadora e tradutora. Ela \u00e9 mestre em Antropologia Social pela SOAS, Universidade de Londres. Sua pesquisa analisa a mem\u00f3ria e a produ\u00e7\u00e3o da hist\u00f3ria nas favelas do Rio de Janeiro.<\/em><\/p>\n<hr \/>\n<h3><em>S\u00e9rie Completa:\u00a0<a href=\"http:\/\/bit.ly\/MuseusComunitarios\" target=\"_blank\" rel=\"noopener\">Museus de Contranarrativas e Resist\u00eancia<\/a><\/em><\/h3>\n<p>Parte 1: <a href=\"http:\/\/bit.ly\/2Kp7eZW\" target=\"_blank\" rel=\"noopener\">Museus Brasileiros no Contexto<\/a><br \/>\nParte 2:<a href=\"http:\/\/bit.ly\/2jZIDQh\" target=\"_blank\" rel=\"noopener\"> Um Novo Tipo de Museu<\/a><br \/>\nParte 3: <a href=\"http:\/\/bit.ly\/2rQ2UMG\" target=\"_blank\" rel=\"noopener\">Museu da Mar\u00e9<\/a><br \/>\nParte 4: <a href=\"http:\/\/bit.ly\/2rOn3mj\" target=\"_blank\" rel=\"noopener\">Horto Florestal<\/a><br \/>\nParte 5: <a href=\"http:\/\/bit.ly\/2LbmJpA\" target=\"_blank\" rel=\"noopener\">Museu das Remo\u00e7\u00f5es<\/a><\/p>\n<!-- AddThis Advanced Settings generic via filter on the_content --><!-- AddThis Share Buttons generic via filter on the_content -->","protected":false},"excerpt":{"rendered":"<div class=\"mh-excerpt\"><p>Click Here for English Esta \u00e9 a quarta mat\u00e9ria, de uma\u00a0s\u00e9rie de cinco partes, sobre museus comunit\u00e1rios e resist\u00eancia nas favelas do Rio em homenagem \u00e0 16\u00aa\u00a0Semana de Museus\u00a0(16 a 20 de maio de 2018). <a class=\"mh-excerpt-more\" href=\"https:\/\/rioonwatch.org.br\/?p=33120\" title=\"Museus de Contranarrativas e Resist\u00eancia, Parte 4: Horto Florestal #SemanaDeMuseus\">[&#8230;]<\/a><!-- AddThis Advanced Settings generic via filter on get_the_excerpt --><!-- AddThis Share Buttons generic via filter on get_the_excerpt --><\/p>\n<\/div>","protected":false},"author":129,"featured_media":33122,"comment_status":"closed","ping_status":"closed","sticky":false,"template":"","format":"standard","meta":{"_acf_changed":false,"_monsterinsights_skip_tracking":false,"_monsterinsights_sitenote_active":false,"_monsterinsights_sitenote_note":"","_monsterinsights_sitenote_category":0,"footnotes":""},"categories":[1614,1621,1615,1632,1631,1626,1612,342,1639,1628],"tags":[1676,396,382,395,732,128,841,733,734,106,469,2132,1191,1760,758,432,2020,2289,2354,476],"writer":[1406],"translator":[273],"source":[],"ilustrador":[],"fotografo":[],"class_list":{"0":"post-33120","1":"post","2":"type-post","3":"status-publish","4":"format-standard","5":"has-post-thumbnail","7":"category-olhonasremocoes","8":"category-destaque","9":"category-cultura-da-favela","10":"category-pesquisa-e-analise","11":"category-entendendo-o-rio","12":"category-por-observadores-internacionais","13":"category-sociedade-civil","14":"category-solucoes","15":"category-sustentabilidade","16":"category-turismo-na-favela","17":"tag-analise-cobertura-de-favelas","18":"tag-especulacao-imobiliaria","19":"tag-gavea","20":"tag-gentrificacao-remocao-branca","21":"tag-globo","22":"tag-historia","23":"tag-historia-oral","24":"tag-horto","25":"tag-jardim-botanico","26":"tag-meio-ambiente","27":"tag-memoria","28":"tag-semana-de-museus","29":"tag-museu-do-horto","30":"tag-narrativa-midiatica","31":"tag-orgulho-comunitario","32":"tag-resistencia","33":"tag-sergio-besserman-vianna","34":"tag-serie","35":"tag-serie-museus-comunitarios","36":"tag-solucao-comunitaria","37":"writer-gitanjali-patel","38":"translator-roseli-franco"},"acf":[],"yoast_head":"<!-- This site is optimized with the Yoast SEO plugin v25.6 - https:\/\/yoast.com\/wordpress\/plugins\/seo\/ -->\n<title>Museus de Contranarrativas e Resist\u00eancia, Parte 4: Horto Florestal #SemanaDeMuseus - RioOnWatch<\/title>\n<meta name=\"robots\" content=\"index, follow, max-snippet:-1, max-image-preview:large, max-video-preview:-1\" \/>\n<link rel=\"canonical\" href=\"https:\/\/rioonwatch.org.br\/?p=33120\" \/>\n<meta property=\"og:locale\" content=\"pt_BR\" \/>\n<meta property=\"og:type\" content=\"article\" \/>\n<meta property=\"og:title\" content=\"Museus de Contranarrativas e Resist\u00eancia, Parte 4: Horto Florestal #SemanaDeMuseus - RioOnWatch\" \/>\n<meta property=\"og:description\" content=\"Click Here for English Esta \u00e9 a quarta mat\u00e9ria, de uma\u00a0s\u00e9rie de cinco partes, sobre museus comunit\u00e1rios e resist\u00eancia nas favelas do Rio em homenagem \u00e0 16\u00aa\u00a0Semana de Museus\u00a0(16 a 20 de maio de 2018). [...]\" \/>\n<meta property=\"og:url\" content=\"https:\/\/rioonwatch.org.br\/?p=33120\" \/>\n<meta property=\"og:site_name\" content=\"RioOnWatch\" \/>\n<meta property=\"article:published_time\" content=\"2018-05-18T20:15:15+00:00\" \/>\n<meta property=\"article:modified_time\" content=\"2018-05-19T15:45:23+00:00\" \/>\n<meta property=\"og:image\" content=\"https:\/\/rioonwatch.org.br\/wp-content\/uploads\/2018\/05\/History-of-Favela-Museums-Image-10.png\" \/>\n\t<meta property=\"og:image:width\" content=\"825\" \/>\n\t<meta property=\"og:image:height\" content=\"566\" \/>\n\t<meta property=\"og:image:type\" content=\"image\/png\" \/>\n<meta name=\"author\" content=\"Admin\" \/>\n<meta name=\"twitter:card\" content=\"summary_large_image\" \/>\n<meta name=\"twitter:label1\" content=\"Escrito por\" \/>\n\t<meta name=\"twitter:data1\" content=\"Admin\" \/>\n\t<meta name=\"twitter:label2\" content=\"Est. tempo de leitura\" \/>\n\t<meta name=\"twitter:data2\" content=\"9 minutos\" \/>\n<script type=\"application\/ld+json\" class=\"yoast-schema-graph\">{\"@context\":\"https:\/\/schema.org\",\"@graph\":[{\"@type\":\"Article\",\"@id\":\"https:\/\/rioonwatch.org.br\/?p=33120#article\",\"isPartOf\":{\"@id\":\"https:\/\/rioonwatch.org.br\/?p=33120\"},\"author\":{\"name\":\"Admin\",\"@id\":\"https:\/\/rioonwatch.org.br\/#\/schema\/person\/11d64c290506f9df50c71b850c473f68\"},\"headline\":\"Museus de Contranarrativas e Resist\u00eancia, Parte 4: Horto Florestal #SemanaDeMuseus\",\"datePublished\":\"2018-05-18T20:15:15+00:00\",\"dateModified\":\"2018-05-19T15:45:23+00:00\",\"mainEntityOfPage\":{\"@id\":\"https:\/\/rioonwatch.org.br\/?p=33120\"},\"wordCount\":1712,\"publisher\":{\"@id\":\"https:\/\/rioonwatch.org.br\/#organization\"},\"image\":{\"@id\":\"https:\/\/rioonwatch.org.br\/?p=33120#primaryimage\"},\"thumbnailUrl\":\"https:\/\/rioonwatch.org.br\/wp-content\/uploads\/2018\/05\/History-of-Favela-Museums-Image-10.png\",\"keywords\":[\"an\u00e1lise cobertura de favelas\",\"especula\u00e7\u00e3o imobili\u00e1ria\",\"G\u00e1vea\",\"gentrifica\u00e7\u00e3o\",\"Globo\",\"hist\u00f3ria\",\"hist\u00f3ria oral\",\"Horto\",\"Jardim Bot\u00e2nico\",\"meio ambiente\",\"Mem\u00f3rias Faveladas\",\"M\u00eas dos Museus\",\"Museu do Horto\",\"narrativa midi\u00e1tica\",\"orgulho comunit\u00e1rio\",\"resist\u00eancia\",\"S\u00e9rgio Besserman Vianna\",\"S\u00e9rie\",\"S\u00e9rie: Museus Comunit\u00e1rios\",\"solu\u00e7\u00e3o comunit\u00e1ria\"],\"articleSection\":[\"#OlhoNasRemo\u00e7\u00f5es\",\"*Destaque\",\"Cultura da Favela\",\"Dados e Pesquisa\",\"Entendendo o Rio\",\"Escrito por Aliados\",\"Sociedade Civil\",\"Solu\u00e7\u00f5es\",\"Sustentabilidade\",\"Turismo na Favela\"],\"inLanguage\":\"pt-BR\"},{\"@type\":\"WebPage\",\"@id\":\"https:\/\/rioonwatch.org.br\/?p=33120\",\"url\":\"https:\/\/rioonwatch.org.br\/?p=33120\",\"name\":\"Museus de Contranarrativas e Resist\u00eancia, Parte 4: Horto Florestal #SemanaDeMuseus - RioOnWatch\",\"isPartOf\":{\"@id\":\"https:\/\/rioonwatch.org.br\/#website\"},\"primaryImageOfPage\":{\"@id\":\"https:\/\/rioonwatch.org.br\/?p=33120#primaryimage\"},\"image\":{\"@id\":\"https:\/\/rioonwatch.org.br\/?p=33120#primaryimage\"},\"thumbnailUrl\":\"https:\/\/rioonwatch.org.br\/wp-content\/uploads\/2018\/05\/History-of-Favela-Museums-Image-10.png\",\"datePublished\":\"2018-05-18T20:15:15+00:00\",\"dateModified\":\"2018-05-19T15:45:23+00:00\",\"breadcrumb\":{\"@id\":\"https:\/\/rioonwatch.org.br\/?p=33120#breadcrumb\"},\"inLanguage\":\"pt-BR\",\"potentialAction\":[{\"@type\":\"ReadAction\",\"target\":[\"https:\/\/rioonwatch.org.br\/?p=33120\"]}]},{\"@type\":\"ImageObject\",\"inLanguage\":\"pt-BR\",\"@id\":\"https:\/\/rioonwatch.org.br\/?p=33120#primaryimage\",\"url\":\"https:\/\/rioonwatch.org.br\/wp-content\/uploads\/2018\/05\/History-of-Favela-Museums-Image-10.png\",\"contentUrl\":\"https:\/\/rioonwatch.org.br\/wp-content\/uploads\/2018\/05\/History-of-Favela-Museums-Image-10.png\",\"width\":825,\"height\":566},{\"@type\":\"BreadcrumbList\",\"@id\":\"https:\/\/rioonwatch.org.br\/?p=33120#breadcrumb\",\"itemListElement\":[{\"@type\":\"ListItem\",\"position\":1,\"name\":\"In\u00edcio\",\"item\":\"https:\/\/rioonwatch.org.br\/\"},{\"@type\":\"ListItem\",\"position\":2,\"name\":\"Museus de Contranarrativas e Resist\u00eancia, Parte 4: Horto Florestal #SemanaDeMuseus\"}]},{\"@type\":\"WebSite\",\"@id\":\"https:\/\/rioonwatch.org.br\/#website\",\"url\":\"https:\/\/rioonwatch.org.br\/\",\"name\":\"RioOnWatch\",\"description\":\"relatos das favelas cariocas\",\"publisher\":{\"@id\":\"https:\/\/rioonwatch.org.br\/#organization\"},\"potentialAction\":[{\"@type\":\"SearchAction\",\"target\":{\"@type\":\"EntryPoint\",\"urlTemplate\":\"https:\/\/rioonwatch.org.br\/?s={search_term_string}\"},\"query-input\":{\"@type\":\"PropertyValueSpecification\",\"valueRequired\":true,\"valueName\":\"search_term_string\"}}],\"inLanguage\":\"pt-BR\"},{\"@type\":\"Organization\",\"@id\":\"https:\/\/rioonwatch.org.br\/#organization\",\"name\":\"RioOnWatch\",\"url\":\"https:\/\/rioonwatch.org.br\/\",\"logo\":{\"@type\":\"ImageObject\",\"inLanguage\":\"pt-BR\",\"@id\":\"https:\/\/rioonwatch.org.br\/#\/schema\/logo\/image\/\",\"url\":\"https:\/\/rioonwatch.org.br\/wp-content\/uploads\/2021\/06\/RioOnWatchcabecalhoPT11anos-2.png\",\"contentUrl\":\"https:\/\/rioonwatch.org.br\/wp-content\/uploads\/2021\/06\/RioOnWatchcabecalhoPT11anos-2.png\",\"width\":779,\"height\":277,\"caption\":\"RioOnWatch\"},\"image\":{\"@id\":\"https:\/\/rioonwatch.org.br\/#\/schema\/logo\/image\/\"}},{\"@type\":\"Person\",\"@id\":\"https:\/\/rioonwatch.org.br\/#\/schema\/person\/11d64c290506f9df50c71b850c473f68\",\"name\":\"Admin\",\"image\":{\"@type\":\"ImageObject\",\"inLanguage\":\"pt-BR\",\"@id\":\"https:\/\/rioonwatch.org.br\/#\/schema\/person\/image\/\",\"url\":\"https:\/\/secure.gravatar.com\/avatar\/56211ac74568383903349a1485e3c325?s=96&d=blank&r=g\",\"contentUrl\":\"https:\/\/secure.gravatar.com\/avatar\/56211ac74568383903349a1485e3c325?s=96&d=blank&r=g\",\"caption\":\"Admin\"},\"url\":\"https:\/\/rioonwatch.org.br\/?author=129\"}]}<\/script>\n<!-- \/ Yoast SEO plugin. -->","yoast_head_json":{"title":"Museus de Contranarrativas e Resist\u00eancia, Parte 4: Horto Florestal #SemanaDeMuseus - RioOnWatch","robots":{"index":"index","follow":"follow","max-snippet":"max-snippet:-1","max-image-preview":"max-image-preview:large","max-video-preview":"max-video-preview:-1"},"canonical":"https:\/\/rioonwatch.org.br\/?p=33120","og_locale":"pt_BR","og_type":"article","og_title":"Museus de Contranarrativas e Resist\u00eancia, Parte 4: Horto Florestal #SemanaDeMuseus - RioOnWatch","og_description":"Click Here for English Esta \u00e9 a quarta mat\u00e9ria, de uma\u00a0s\u00e9rie de cinco partes, sobre museus comunit\u00e1rios e resist\u00eancia nas favelas do Rio em homenagem \u00e0 16\u00aa\u00a0Semana de Museus\u00a0(16 a 20 de maio de 2018). [...]","og_url":"https:\/\/rioonwatch.org.br\/?p=33120","og_site_name":"RioOnWatch","article_published_time":"2018-05-18T20:15:15+00:00","article_modified_time":"2018-05-19T15:45:23+00:00","og_image":[{"width":825,"height":566,"url":"https:\/\/rioonwatch.org.br\/wp-content\/uploads\/2018\/05\/History-of-Favela-Museums-Image-10.png","type":"image\/png"}],"author":"Admin","twitter_card":"summary_large_image","twitter_misc":{"Escrito por":"Admin","Est. tempo de leitura":"9 minutos"},"schema":{"@context":"https:\/\/schema.org","@graph":[{"@type":"Article","@id":"https:\/\/rioonwatch.org.br\/?p=33120#article","isPartOf":{"@id":"https:\/\/rioonwatch.org.br\/?p=33120"},"author":{"name":"Admin","@id":"https:\/\/rioonwatch.org.br\/#\/schema\/person\/11d64c290506f9df50c71b850c473f68"},"headline":"Museus de Contranarrativas e Resist\u00eancia, Parte 4: Horto Florestal #SemanaDeMuseus","datePublished":"2018-05-18T20:15:15+00:00","dateModified":"2018-05-19T15:45:23+00:00","mainEntityOfPage":{"@id":"https:\/\/rioonwatch.org.br\/?p=33120"},"wordCount":1712,"publisher":{"@id":"https:\/\/rioonwatch.org.br\/#organization"},"image":{"@id":"https:\/\/rioonwatch.org.br\/?p=33120#primaryimage"},"thumbnailUrl":"https:\/\/rioonwatch.org.br\/wp-content\/uploads\/2018\/05\/History-of-Favela-Museums-Image-10.png","keywords":["an\u00e1lise cobertura de favelas","especula\u00e7\u00e3o imobili\u00e1ria","G\u00e1vea","gentrifica\u00e7\u00e3o","Globo","hist\u00f3ria","hist\u00f3ria oral","Horto","Jardim Bot\u00e2nico","meio ambiente","Mem\u00f3rias Faveladas","M\u00eas dos Museus","Museu do Horto","narrativa midi\u00e1tica","orgulho comunit\u00e1rio","resist\u00eancia","S\u00e9rgio Besserman Vianna","S\u00e9rie","S\u00e9rie: Museus Comunit\u00e1rios","solu\u00e7\u00e3o comunit\u00e1ria"],"articleSection":["#OlhoNasRemo\u00e7\u00f5es","*Destaque","Cultura da Favela","Dados e Pesquisa","Entendendo o Rio","Escrito por Aliados","Sociedade Civil","Solu\u00e7\u00f5es","Sustentabilidade","Turismo na Favela"],"inLanguage":"pt-BR"},{"@type":"WebPage","@id":"https:\/\/rioonwatch.org.br\/?p=33120","url":"https:\/\/rioonwatch.org.br\/?p=33120","name":"Museus de Contranarrativas e Resist\u00eancia, Parte 4: Horto Florestal #SemanaDeMuseus - RioOnWatch","isPartOf":{"@id":"https:\/\/rioonwatch.org.br\/#website"},"primaryImageOfPage":{"@id":"https:\/\/rioonwatch.org.br\/?p=33120#primaryimage"},"image":{"@id":"https:\/\/rioonwatch.org.br\/?p=33120#primaryimage"},"thumbnailUrl":"https:\/\/rioonwatch.org.br\/wp-content\/uploads\/2018\/05\/History-of-Favela-Museums-Image-10.png","datePublished":"2018-05-18T20:15:15+00:00","dateModified":"2018-05-19T15:45:23+00:00","breadcrumb":{"@id":"https:\/\/rioonwatch.org.br\/?p=33120#breadcrumb"},"inLanguage":"pt-BR","potentialAction":[{"@type":"ReadAction","target":["https:\/\/rioonwatch.org.br\/?p=33120"]}]},{"@type":"ImageObject","inLanguage":"pt-BR","@id":"https:\/\/rioonwatch.org.br\/?p=33120#primaryimage","url":"https:\/\/rioonwatch.org.br\/wp-content\/uploads\/2018\/05\/History-of-Favela-Museums-Image-10.png","contentUrl":"https:\/\/rioonwatch.org.br\/wp-content\/uploads\/2018\/05\/History-of-Favela-Museums-Image-10.png","width":825,"height":566},{"@type":"BreadcrumbList","@id":"https:\/\/rioonwatch.org.br\/?p=33120#breadcrumb","itemListElement":[{"@type":"ListItem","position":1,"name":"In\u00edcio","item":"https:\/\/rioonwatch.org.br\/"},{"@type":"ListItem","position":2,"name":"Museus de Contranarrativas e Resist\u00eancia, Parte 4: Horto Florestal #SemanaDeMuseus"}]},{"@type":"WebSite","@id":"https:\/\/rioonwatch.org.br\/#website","url":"https:\/\/rioonwatch.org.br\/","name":"RioOnWatch","description":"relatos das favelas cariocas","publisher":{"@id":"https:\/\/rioonwatch.org.br\/#organization"},"potentialAction":[{"@type":"SearchAction","target":{"@type":"EntryPoint","urlTemplate":"https:\/\/rioonwatch.org.br\/?s={search_term_string}"},"query-input":{"@type":"PropertyValueSpecification","valueRequired":true,"valueName":"search_term_string"}}],"inLanguage":"pt-BR"},{"@type":"Organization","@id":"https:\/\/rioonwatch.org.br\/#organization","name":"RioOnWatch","url":"https:\/\/rioonwatch.org.br\/","logo":{"@type":"ImageObject","inLanguage":"pt-BR","@id":"https:\/\/rioonwatch.org.br\/#\/schema\/logo\/image\/","url":"https:\/\/rioonwatch.org.br\/wp-content\/uploads\/2021\/06\/RioOnWatchcabecalhoPT11anos-2.png","contentUrl":"https:\/\/rioonwatch.org.br\/wp-content\/uploads\/2021\/06\/RioOnWatchcabecalhoPT11anos-2.png","width":779,"height":277,"caption":"RioOnWatch"},"image":{"@id":"https:\/\/rioonwatch.org.br\/#\/schema\/logo\/image\/"}},{"@type":"Person","@id":"https:\/\/rioonwatch.org.br\/#\/schema\/person\/11d64c290506f9df50c71b850c473f68","name":"Admin","image":{"@type":"ImageObject","inLanguage":"pt-BR","@id":"https:\/\/rioonwatch.org.br\/#\/schema\/person\/image\/","url":"https:\/\/secure.gravatar.com\/avatar\/56211ac74568383903349a1485e3c325?s=96&d=blank&r=g","contentUrl":"https:\/\/secure.gravatar.com\/avatar\/56211ac74568383903349a1485e3c325?s=96&d=blank&r=g","caption":"Admin"},"url":"https:\/\/rioonwatch.org.br\/?author=129"}]}},"_links":{"self":[{"href":"https:\/\/rioonwatch.org.br\/index.php?rest_route=\/wp\/v2\/posts\/33120"}],"collection":[{"href":"https:\/\/rioonwatch.org.br\/index.php?rest_route=\/wp\/v2\/posts"}],"about":[{"href":"https:\/\/rioonwatch.org.br\/index.php?rest_route=\/wp\/v2\/types\/post"}],"author":[{"embeddable":true,"href":"https:\/\/rioonwatch.org.br\/index.php?rest_route=\/wp\/v2\/users\/129"}],"replies":[{"embeddable":true,"href":"https:\/\/rioonwatch.org.br\/index.php?rest_route=%2Fwp%2Fv2%2Fcomments&post=33120"}],"version-history":[{"count":24,"href":"https:\/\/rioonwatch.org.br\/index.php?rest_route=\/wp\/v2\/posts\/33120\/revisions"}],"predecessor-version":[{"id":33183,"href":"https:\/\/rioonwatch.org.br\/index.php?rest_route=\/wp\/v2\/posts\/33120\/revisions\/33183"}],"wp:featuredmedia":[{"embeddable":true,"href":"https:\/\/rioonwatch.org.br\/index.php?rest_route=\/wp\/v2\/media\/33122"}],"wp:attachment":[{"href":"https:\/\/rioonwatch.org.br\/index.php?rest_route=%2Fwp%2Fv2%2Fmedia&parent=33120"}],"wp:term":[{"taxonomy":"category","embeddable":true,"href":"https:\/\/rioonwatch.org.br\/index.php?rest_route=%2Fwp%2Fv2%2Fcategories&post=33120"},{"taxonomy":"post_tag","embeddable":true,"href":"https:\/\/rioonwatch.org.br\/index.php?rest_route=%2Fwp%2Fv2%2Ftags&post=33120"},{"taxonomy":"writer","embeddable":true,"href":"https:\/\/rioonwatch.org.br\/index.php?rest_route=%2Fwp%2Fv2%2Fwriter&post=33120"},{"taxonomy":"translator","embeddable":true,"href":"https:\/\/rioonwatch.org.br\/index.php?rest_route=%2Fwp%2Fv2%2Ftranslator&post=33120"},{"taxonomy":"source","embeddable":true,"href":"https:\/\/rioonwatch.org.br\/index.php?rest_route=%2Fwp%2Fv2%2Fsource&post=33120"},{"taxonomy":"ilustrador","embeddable":true,"href":"https:\/\/rioonwatch.org.br\/index.php?rest_route=%2Fwp%2Fv2%2Filustrador&post=33120"},{"taxonomy":"fotografo","embeddable":true,"href":"https:\/\/rioonwatch.org.br\/index.php?rest_route=%2Fwp%2Fv2%2Ffotografo&post=33120"}],"curies":[{"name":"wp","href":"https:\/\/api.w.org\/{rel}","templated":true}]}}