{"id":33190,"date":"2018-05-22T09:30:33","date_gmt":"2018-05-22T12:30:33","guid":{"rendered":"http:\/\/rioonwatch.org.br\/?p=33190"},"modified":"2024-05-24T12:40:12","modified_gmt":"2024-05-24T15:40:12","slug":"implosao-do-antigo-predio-do-ibge-hoje-caiu-uma-senzala-disse-crivella-opiniao","status":"publish","type":"post","link":"https:\/\/rioonwatch.org.br\/?p=33190","title":{"rendered":"Implos\u00e3o do Antigo Pr\u00e9dio do IBGE, Parte 1: &#8216;Hoje Caiu Uma Senzala&#8217;, Disse Crivella [V\u00cdDEO]"},"content":{"rendered":"<p style=\"text-align: right;\"><em><strong><a href=\"http:\/\/bit.ly\/2Jf0w8S\" target=\"_blank\" rel=\"noopener noreferrer\">Click Here for English<img decoding=\"async\" width=\"20\" height=\"20\" class=\"alignright wp-image-15790\" src=\"http:\/\/rioonwatch.org.br\/wp-content\/uploads\/2012\/08\/EN-standard-e1439583104716.jpg\" \/><\/a><\/strong><\/em><\/p>\n<p><em>Esta \u00e9 a primeira mat\u00e9ria de uma\u00a0s\u00e9rie de duas sobre a implos\u00e3o do antigo pr\u00e9dio do IBGE.\u00a0Veja a segunda mat\u00e9ria\u00a0<a href=\"http:\/\/bit.ly\/2x13qwa\" target=\"_blank\" rel=\"noopener\">aqui<\/a>.<\/em><\/p>\n<h3><b>Crivella chama os ex-ocupantes de &#8216;escravos&#8217;<\/b><\/h3>\n<p><span style=\"font-weight: 400;\">O antigo <a href=\"http:\/\/bit.ly\/2GF0iWq\" target=\"_blank\" rel=\"noopener\">pr\u00e9dio do IBGE<\/a> na <a href=\"http:\/\/bit.ly\/KJyNyH\" target=\"_blank\" rel=\"noopener\">Mangueira<\/a>, ocupado por <a href=\"http:\/\/bit.ly\/2IH5GKE\" target=\"_blank\" rel=\"noopener\">aproximadamente duzentas fam\u00edlias sem-teto desde o final da d\u00e9cada de 1990<\/a>, foi implodido no domingo 13 de maio, no <a href=\"http:\/\/bit.ly\/2GF1iKa\" target=\"_blank\" rel=\"noopener\">13<\/a><a href=\"http:\/\/bit.ly\/2GF1iKa\" target=\"_blank\" rel=\"noopener\">0\u00ba<\/a><a href=\"http:\/\/bit.ly\/2GF1iKa\" target=\"_blank\" rel=\"noopener\"> anivers\u00e1rio da aboli\u00e7\u00e3o da escravatura no Brasil<\/a><\/span><span style=\"font-weight: 400;\">. O Prefeito <a href=\"http:\/\/bit.ly\/2cIlnDw\" target=\"_blank\" rel=\"noopener\">Marcelo Crivella<\/a> prometeu a constru\u00e7\u00e3o de um conjunto habitacional de 320 unidades do programa <a href=\"http:\/\/bit.ly\/Y4U9oJ\" target=\"_blank\" rel=\"noopener\">Minha Casa Minha Vida<\/a>\u00a0no mesmo local, para reassentar as fam\u00edlias. N\u00e3o foi coincid\u00eancia Crivella ter escolhido esta data t\u00e3o simb\u00f3lica. Ap\u00f3s ter ele mesmo apertado o bot\u00e3o para ativar a dinamite que transformou o pr\u00e9dio em ru\u00ednas, fez um <\/span><a href=\"https:\/\/glo.bo\/2wYp6cc\" target=\"_blank\" rel=\"noopener\"><span style=\"font-weight: 400;\">discurso<\/span><\/a><span style=\"font-weight: 400;\"> no qual comparou a implos\u00e3o com a aboli\u00e7\u00e3o da escravatura :\u00a0<\/span><span style=\"font-weight: 400;\">&#8220;O dia 13 de maio n\u00e3o \u00e9 apenas o Dia das M\u00e3es, \u00e9 tamb\u00e9m o dia da liberta\u00e7\u00e3o dos escravos. E hoje caiu uma senzala, talvez uma das \u00faltimas a cair no Rio. Mas caiu. Caiu a senzala da Mangueira. Ali, h\u00e1 25 anos moravam muitos escravos. N\u00e3o h\u00e1 outra denomina\u00e7\u00e3o. Aquela popula\u00e7\u00e3o vivia em escombros, sem \u00e1gua e sem luz, como numa senzala&#8221;.<\/span><\/p>\n<p><a href=\"http:\/\/rioonwatch.org.br\/wp-content\/uploads\/2018\/05\/Implosao-IBGE_01-1.jpg\"><img fetchpriority=\"high\" decoding=\"async\" class=\"aligncenter size-content wp-image-33193\" src=\"http:\/\/rioonwatch.org.br\/wp-content\/uploads\/2018\/05\/Implosao-IBGE_01-1-620x264.jpg\" alt=\"\" width=\"620\" height=\"264\" srcset=\"https:\/\/rioonwatch.org.br\/wp-content\/uploads\/2018\/05\/Implosao-IBGE_01-1-620x264.jpg 620w, https:\/\/rioonwatch.org.br\/wp-content\/uploads\/2018\/05\/Implosao-IBGE_01-1-940x400.jpg 940w\" sizes=\"(max-width: 620px) 100vw, 620px\" \/><\/a><\/p>\n<p>&nbsp;<\/p>\n<p><span style=\"font-weight: 400;\">Com esta declara\u00e7\u00e3o, Crivella chegou ao \u00e1pice de uma estrat\u00e9gia midi\u00e1tica de gosto muito question\u00e1vel, que desde o an\u00fancio p\u00fablico da demoli\u00e7\u00e3o da antiga ocupa\u00e7\u00e3o, usa imagens fortes e de car\u00e1ter populista&#8211;por\u00e9m eticamente problem\u00e1ticas e com pouco compromisso com rigor s\u00f3cio-hist\u00f3rico&#8211;para marcar seu suposto engajamento com moradia popular e justi\u00e7a social. Mas o que h\u00e1 realmente por tr\u00e1s dos s\u00edmbolos e analogias d\u00fabias de Crivella?<\/span><\/p>\n<h3><b><a href=\"http:\/\/rioonwatch.org.br\/wp-content\/uploads\/2018\/05\/Implosao-IBGE_02-1.jpg\"><img decoding=\"async\" class=\"aligncenter wp-image-33200 size-content\" title=\"O prefeito Marcelo Crivella no alto do morro, minutos antes de ele apertar o detonador para implodir o pr\u00e9dio. Fotos por \u00c9milie B. Gu\u00e9rette\" src=\"http:\/\/rioonwatch.org.br\/wp-content\/uploads\/2018\/05\/Implosao-IBGE_02-1-620x264.jpg\" alt=\"\" width=\"620\" height=\"264\" srcset=\"https:\/\/rioonwatch.org.br\/wp-content\/uploads\/2018\/05\/Implosao-IBGE_02-1-620x264.jpg 620w, https:\/\/rioonwatch.org.br\/wp-content\/uploads\/2018\/05\/Implosao-IBGE_02-1-940x400.jpg 940w\" sizes=\"(max-width: 620px) 100vw, 620px\" \/><\/a><\/b><\/h3>\n<h3><b>O espet\u00e1culo da implos\u00e3o do IBGE<\/b><\/h3>\n<p><span style=\"font-weight: 400;\">\u00c0s 7 da manh\u00e3 do dia da comemora\u00e7\u00e3o da aboli\u00e7\u00e3o, centenas de moradores da Mangueira estavam reunidos nos mirantes e lajes do morro, olhando ansiosamente para o antigo pr\u00e9dio do IBGE, que desde seu abandono em 1997 <a href=\"http:\/\/bit.ly\/2IFTZUp\" target=\"_blank\" rel=\"noopener\">tinha se tornado moradia para centenas de fam\u00edlias sem-teto<\/a>. Do alto de uma laje com vista privilegiada, o prefeito apertou o detonador para ascender os 150 kg de explosivos que tinham sido colocados no edif\u00edcio. Em poucos segundos, sob os gritos, choros e aplausos da multid\u00e3o, o pr\u00e9dio de doze andares desmoronou at\u00e9 o ch\u00e3o numa cena extraordinariamente cinematogr\u00e1fica, criando uma densa nuvem de poeira que levantou at\u00e9 cobrir o morro inteiro de uma camada marrom.<\/span><\/p>\n<p><iframe style=\"border: none; overflow: hidden;\" src=\"https:\/\/www.facebook.com\/plugins\/video.php?href=https%3A%2F%2Fwww.facebook.com%2FAutrerio%2Fvideos%2F983396238488061%2F&amp;show_text=0&amp;width=560\" width=\"620\" height=\"349\" frameborder=\"0\" scrolling=\"no\" allowfullscreen=\"allowfullscreen\"><span data-mce-type=\"bookmark\" style=\"display: inline-block; width: 0px; overflow: hidden; line-height: 0;\" class=\"mce_SELRES_start\">\ufeff<\/span><\/iframe><\/p>\n<p><span style=\"font-weight: 400;\">Certamente, o aspecto visual muito impressionante do antigo pr\u00e9dio do IBGE (desde quando estava em p\u00e9 at\u00e9 o cl\u00edmax do desmoronamento) foi um fator decisivo para a escolha desta ocupa\u00e7\u00e3o, e n\u00e3o outra, <a href=\"http:\/\/bit.ly\/2woGqHi\" target=\"_blank\" rel=\"noopener\">para servir de vitrine ao suposto engajamento<\/a> do prefeito com moradia popular. Desde o dia 14 de abril, quando Crivella foi na IBGE anunciar a demoli\u00e7\u00e3o, teve uma produ\u00e7\u00e3o midi\u00e1tica bastante prol\u00edfica da parte da equipe da prefeitura. No seu discurso naquele dia, o prefeito referiu-se ao pr\u00e9dio como um &#8220;<\/span><a href=\"http:\/\/bit.ly\/2rnFLjs\" target=\"_blank\" rel=\"noopener\"><span style=\"font-weight: 400;\">maldito monumento ao desprezo<\/span><\/a><span style=\"font-weight: 400;\">, \u00e0 nossa desigualdade, a tudo que \u00e9 coisa ruim na nossa cidade&#8221;. De fato, o visual impactante do pr\u00e9dio, tanto pela sua arquitetura e altura imponentes quanto pelo alto n\u00edvel de insalubridade que o caracterizava&#8211;<\/span><a href=\"http:\/\/bit.ly\/2rZ31p5\" target=\"_blank\" rel=\"noopener\"><span style=\"font-weight: 400;\">856 toneladas de lixo foram retirados pela Comlurb antes da demoli\u00e7\u00e3o<\/span><\/a><span style=\"font-weight: 400;\">, no meio das quais conviviam fam\u00edlias, animais e tr\u00e1fico de drogas&#8211;contribuiu para torn\u00e1-lo uma ferramenta midi\u00e1tica muito potente. Os <a href=\"http:\/\/bit.ly\/2rXQBxU\" target=\"_blank\" rel=\"noopener\">v\u00eddeos da prefeitura<\/a> mostram imagens espetaculares de drone, destacando o aspecto monumental do pr\u00e9dio a ser demolido. Insistiu-se muito no aspecto dram\u00e1tico, n\u00e3o s\u00f3 do visual do local, mas da precariedade da vida dos moradores, como se pode constatar <\/span><a href=\"http:\/\/bit.ly\/2rnFLjs\" target=\"_blank\" rel=\"noopener\"><span style=\"font-weight: 400;\">neste v\u00eddeo<\/span><\/a><span style=\"font-weight: 400;\"> mostrando uma ex-ocupante que parece renascer ao receber o cheque de <a href=\"http:\/\/bit.ly\/UBbISE\" target=\"_blank\" rel=\"noopener\">aluguel social<\/a> de R$400 mensais da prefeitura&#8211;com notas de piano apoiando o efeito dram\u00e1tico num estilo quase novela.<\/span><\/p>\n<h3><b>\u201cCaiu a senzala da Mangueira\u201d<\/b><\/h3>\n<p><span style=\"font-weight: 400;\">Na continuidade desta <a href=\"http:\/\/bit.ly\/1ZVXkRS\" target=\"_blank\" rel=\"noopener\">l\u00f3gica midi\u00e1tica<\/a>, a analogia que o prefeito fez, no dia 13 de maio, entre o fim da <a href=\"http:\/\/bit.ly\/1Hg4Zj3\" target=\"_blank\" rel=\"noopener\">escravid\u00e3o<\/a> e a implos\u00e3o da antiga ocupa\u00e7\u00e3o, n\u00e3o foi nada surpreendente. Ao ouvi-lo, Crivella quase se transformou num Princesa Isabel dos tempos modernos, que atrav\u00e9s de um cheque de aluguel social e de um projeto Minha Casa Minha Vida pretendeu libertar os ex-ocupantes, ou para usar o linguajar dele, lhes permitir &#8220;<\/span><a href=\"http:\/\/bit.ly\/2rnFLjs\" target=\"_blank\" rel=\"noopener\"><span style=\"font-weight: 400;\">recome\u00e7ar a sua vida com dignidade<\/span><\/a><span style=\"font-weight: 400;\">&#8220;<\/span><span style=\"font-weight: 400;\">. O discurso dele naquele dia foi extremamente problem\u00e1tico em v\u00e1rios aspectos. Ao comparar a ocupa\u00e7\u00e3o a uma senzala e chamar os ocupantes de &#8216;escravos&#8217;, Crivella demonstrou uma tremenda falta de sensibilidade e respeito, tanto para os ex-ocupantes que ele mesmo <\/span><a href=\"http:\/\/bit.ly\/2I7pNBa\" target=\"_blank\" rel=\"noopener\"><span style=\"font-weight: 400;\">retirou brutalmente do pr\u00e9dio<\/span><\/a><span style=\"font-weight: 400;\"> na <a href=\"https:\/\/glo.bo\/2Ie2ysq\" target=\"_blank\" rel=\"noopener\">reintegra\u00e7\u00e3o de posse do 27 de abril<\/a>, quanto para a hist\u00f3ria da popula\u00e7\u00e3o negra brasileira. Da parte do prefeito do Rio de Janeiro, chamar os pr\u00f3prios <a href=\"http:\/\/bit.ly\/1Ce678W\" target=\"_blank\" rel=\"noopener\">cidad\u00e3os<\/a> de &#8216;escravos&#8217;, al\u00e9m de ser uma imagem poderosa visando marcar o imagin\u00e1rio p\u00fablico, tem implica\u00e7\u00f5es \u00e9ticas que ele n\u00e3o parece medir. Mas justamente por ele ser um representante eleito e ter escolhido invocar esta sombria parte da hist\u00f3ria brasileira, seria importante assumir a plena responsabilidade do que isso significa.<\/span><\/p>\n<p><a href=\"http:\/\/rioonwatch.org.br\/wp-content\/uploads\/2018\/05\/Implosao-IBGE_05-1.jpg\"><img loading=\"lazy\" decoding=\"async\" class=\"aligncenter wp-image-33207 size-content\" title=\"A poeira se dissipando, revelando o vazio que deixou a aus\u00eancia do pr\u00e9dio na paisagem. Fotos por \u00c9milie B. Gu\u00e9rette\" src=\"http:\/\/rioonwatch.org.br\/wp-content\/uploads\/2018\/05\/Implosao-IBGE_05-1-620x264.jpg\" alt=\"\" width=\"620\" height=\"264\" srcset=\"https:\/\/rioonwatch.org.br\/wp-content\/uploads\/2018\/05\/Implosao-IBGE_05-1-620x264.jpg 620w, https:\/\/rioonwatch.org.br\/wp-content\/uploads\/2018\/05\/Implosao-IBGE_05-1-940x400.jpg 940w\" sizes=\"(max-width: 620px) 100vw, 620px\" \/><\/a><\/p>\n<p><span style=\"font-weight: 400;\">\u00c9 essencial reconhecer o legado pernicioso do sistema de escravid\u00e3o que persiste hoje atrav\u00e9s do <a href=\"http:\/\/bit.ly\/1KiFeTl\" target=\"_blank\" rel=\"noopener\">racismo sist\u00eamico<\/a> e da <a href=\"http:\/\/bit.ly\/1owRf9p\" target=\"_blank\" rel=\"noopener\">desigualdade<\/a> social no Brasil. Por\u00e9m, n\u00e3o parece ser com esta perspectiva cr\u00edtica que o prefeito escolheu se referir ao passado. Pelo contr\u00e1rio, o uso que ele fez das palavras &#8216;escravos&#8217; e &#8216;senzala&#8217; pouco passa de uma imagem morbidamente folcl\u00f3rica, sugerindo uma defini\u00e7\u00e3o passiva, desumana e miserabilista dos negros escravizados (e consequentemente dos antigos ocupantes da <a href=\"http:\/\/bit.ly\/2s01Qpp\" target=\"_blank\" rel=\"noopener\">Ocupa\u00e7\u00e3o IBGE<\/a>, ao qual os comparou). <\/span><\/p>\n<p><span style=\"font-weight: 400;\">A compara\u00e7\u00e3o com a senzala se baseia na constata\u00e7\u00e3o de que na IBGE, &#8220;aquela popula\u00e7\u00e3o vivia em escombros, sem \u00e1gua e sem luz&#8221;. Mais uma vez, o prefeito usa uma mera imagem, falando do aspecto visual das coisas, sem se aprofundar no significado social delas. A senzala nunca existiu sem uma casa grande. E os <a href=\"http:\/\/bit.ly\/1S9AAtc\" target=\"_blank\" rel=\"noopener\">africanos nunca poderiam ter sido escravizados sem donos, comerciantes e exploradores<\/a> da m\u00e3o de obra gratuita. Ningu\u00e9m nunca foi por ess\u00eancia &#8220;escravo&#8221;. Existiram negros e ind\u00edgenas escravizados dentro de um sistema escravocrata que envolvia todas as camadas da popula\u00e7\u00e3o. Ent\u00e3o se \u00e9 t\u00e3o f\u00e1cil para o Crivella hoje apontar para um grupo de deserdados e cham\u00e1-los de escravos, ser\u00e1 que ele conseguiria com tanta leveza apontar o dedo para os herdeiros da elite escravocrata (fam\u00edlias nobres e grandes propriet\u00e1rios que atrav\u00e9s da <a href=\"http:\/\/bit.ly\/11tBtBo\" target=\"_blank\" rel=\"noopener\">especula\u00e7\u00e3o imobili\u00e1ria<\/a> hoje produzem a crise habitacional no Rio de Janeiro) e cham\u00e1-los de &#8216;senhores de engenho&#8217;? Ou ser\u00e1 que se aventurar-se mais fundo na analogia entre o passado e o presente seria desconfort\u00e1vel demais?<\/span><\/p>\n<p><a href=\"http:\/\/rioonwatch.org.br\/wp-content\/uploads\/2018\/05\/Implosao-IBGE_11.jpg\"><img loading=\"lazy\" decoding=\"async\" class=\"aligncenter wp-image-33202 size-content\" title=\"Ordem e progresso. Uma antiga ocupante se aproxima do per\u00edmetro de seguran\u00e7a. Fotos por \u00c9milie B. Gu\u00e9rette\" src=\"http:\/\/rioonwatch.org.br\/wp-content\/uploads\/2018\/05\/Implosao-IBGE_11-620x264.jpg\" alt=\"\" width=\"620\" height=\"264\" srcset=\"https:\/\/rioonwatch.org.br\/wp-content\/uploads\/2018\/05\/Implosao-IBGE_11-620x264.jpg 620w, https:\/\/rioonwatch.org.br\/wp-content\/uploads\/2018\/05\/Implosao-IBGE_11-940x400.jpg 940w\" sizes=\"(max-width: 620px) 100vw, 620px\" \/><\/a><\/p>\n<p><em>Esta \u00e9 a primeira mat\u00e9ria de uma\u00a0s\u00e9rie de duas sobre a implos\u00e3o do antigo pr\u00e9dio do IBGE.\u00a0Veja a segunda mat\u00e9ria\u00a0<a href=\"http:\/\/bit.ly\/2x13qwa\" target=\"_blank\" rel=\"noopener\">aqui<\/a>.<\/em><\/p>\n<p><em><a href=\"http:\/\/www.emiliebg.com\/\"><span style=\"font-weight: 400;\">\u00c9milie B. Gu\u00e9rette<\/span><\/a><span style=\"font-weight: 400;\">, \u00e9 cineasta e antrop\u00f3loga canadense baseada no Rio de Janeiro. Ela dirigiu o longa metragem document\u00e1rio <\/span><a href=\"https:\/\/www.facebook.com\/Autrerio\/\"><span style=\"font-weight: 400;\">O Outro Rio<\/span><\/a><span style=\"font-weight: 400;\">, inteiramente filmado na Ocupa\u00e7\u00e3o IBGE na Mangueira durante as Olimp\u00edadas de 2016. Junto com os colegas John Burdick e Rolf Malungo de Souza, faz parte da equipe da pesquisa etnogr\u00e1fica Luta Pela Moradia No Centro Da Cidade, que acompanha diversos projetos de moradia popular no Centro do Rio de Janeiro.<\/span><\/em><\/p>\n<!-- AddThis Advanced Settings generic via filter on the_content --><!-- AddThis Share Buttons generic via filter on the_content -->","protected":false},"excerpt":{"rendered":"<div class=\"mh-excerpt\"><p>Click Here for English Esta \u00e9 a primeira mat\u00e9ria de uma\u00a0s\u00e9rie de duas sobre a implos\u00e3o do antigo pr\u00e9dio do IBGE.\u00a0Veja a segunda mat\u00e9ria\u00a0aqui. Crivella chama os ex-ocupantes de &#8216;escravos&#8217; O antigo pr\u00e9dio do IBGE <a class=\"mh-excerpt-more\" href=\"https:\/\/rioonwatch.org.br\/?p=33190\" title=\"Implos\u00e3o do Antigo Pr\u00e9dio do IBGE, Parte 1: &#8216;Hoje Caiu Uma Senzala&#8217;, Disse Crivella [V\u00cdDEO]\">[&#8230;]<\/a><!-- AddThis Advanced Settings generic via filter on get_the_excerpt --><!-- AddThis Share Buttons generic via filter on get_the_excerpt --><\/p>\n<\/div>","protected":false},"author":129,"featured_media":33227,"comment_status":"closed","ping_status":"closed","sticky":false,"template":"","format":"standard","meta":{"_acf_changed":false,"_monsterinsights_skip_tracking":false,"_monsterinsights_sitenote_active":false,"_monsterinsights_sitenote_note":"","_monsterinsights_sitenote_category":0,"footnotes":""},"categories":[2089,1614,1621,346,1626,344,1638],"tags":[17,3253,424,480,514,396,994,128,2344,607,1982,246,1760,407,2358,307,839,14,406,218],"writer":[2331],"translator":[],"source":[],"ilustrador":[],"fotografo":[],"class_list":{"0":"post-33190","1":"post","2":"type-post","3":"status-publish","4":"format-standard","5":"has-post-thumbnail","7":"category-monitoramento","8":"category-olhonasremocoes","9":"category-destaque","10":"category-denuncias","11":"category-por-observadores-internacionais","12":"category-politicas","13":"category-video","14":"tag-aluguel-social","15":"tag-antirracismo","16":"tag-direito-a-moradia","17":"tag-eleitoreiro","18":"tag-escravidao","19":"tag-especulacao-imobiliaria","20":"tag-habitacao-publica","21":"tag-historia","22":"tag-ibge","23":"tag-mangueira","24":"tag-marcelo-crivella","25":"tag-minha-casa-minha-vida","26":"tag-narrativa-midiatica","27":"tag-ocupacao","28":"tag-ocupacao-ibge","29":"tag-opiniao","30":"tag-prioridades-publicas-equivocadas","31":"tag-remocao","32":"tag-sem-teto","33":"tag-zona-norte","34":"writer-emilie-b-guerette"},"acf":[],"yoast_head":"<!-- This site is optimized with the Yoast SEO plugin v25.6 - https:\/\/yoast.com\/wordpress\/plugins\/seo\/ -->\n<title>Implos\u00e3o do Antigo Pr\u00e9dio do IBGE, Parte 1: &#039;Hoje Caiu Uma Senzala&#039;, Disse Crivella [V\u00cdDEO] - RioOnWatch<\/title>\n<meta name=\"robots\" content=\"index, follow, max-snippet:-1, max-image-preview:large, max-video-preview:-1\" \/>\n<link rel=\"canonical\" href=\"https:\/\/rioonwatch.org.br\/?p=33190\" \/>\n<meta property=\"og:locale\" content=\"pt_BR\" \/>\n<meta property=\"og:type\" content=\"article\" \/>\n<meta property=\"og:title\" content=\"Implos\u00e3o do Antigo Pr\u00e9dio do IBGE, Parte 1: &#039;Hoje Caiu Uma Senzala&#039;, Disse Crivella [V\u00cdDEO] - RioOnWatch\" \/>\n<meta property=\"og:description\" content=\"Click Here for English Esta \u00e9 a primeira mat\u00e9ria de uma\u00a0s\u00e9rie de duas sobre a implos\u00e3o do antigo pr\u00e9dio do IBGE.\u00a0Veja a segunda mat\u00e9ria\u00a0aqui. Crivella chama os ex-ocupantes de &#8216;escravos&#8217; O antigo pr\u00e9dio do IBGE [...]\" \/>\n<meta property=\"og:url\" content=\"https:\/\/rioonwatch.org.br\/?p=33190\" \/>\n<meta property=\"og:site_name\" content=\"RioOnWatch\" \/>\n<meta property=\"article:published_time\" content=\"2018-05-22T12:30:33+00:00\" \/>\n<meta property=\"article:modified_time\" content=\"2024-05-24T15:40:12+00:00\" \/>\n<meta property=\"og:image\" content=\"https:\/\/rioonwatch.org.br\/wp-content\/uploads\/2018\/05\/Implosao-no-IBGE.jpg\" \/>\n\t<meta property=\"og:image:width\" content=\"2018\" \/>\n\t<meta property=\"og:image:height\" content=\"649\" \/>\n\t<meta property=\"og:image:type\" content=\"image\/jpeg\" \/>\n<meta name=\"author\" content=\"Admin\" \/>\n<meta name=\"twitter:card\" content=\"summary_large_image\" \/>\n<meta name=\"twitter:label1\" content=\"Escrito por\" \/>\n\t<meta name=\"twitter:data1\" content=\"Admin\" \/>\n\t<meta name=\"twitter:label2\" content=\"Est. tempo de leitura\" \/>\n\t<meta name=\"twitter:data2\" content=\"6 minutos\" \/>\n<script type=\"application\/ld+json\" class=\"yoast-schema-graph\">{\"@context\":\"https:\/\/schema.org\",\"@graph\":[{\"@type\":\"Article\",\"@id\":\"https:\/\/rioonwatch.org.br\/?p=33190#article\",\"isPartOf\":{\"@id\":\"https:\/\/rioonwatch.org.br\/?p=33190\"},\"author\":{\"name\":\"Admin\",\"@id\":\"https:\/\/rioonwatch.org.br\/#\/schema\/person\/11d64c290506f9df50c71b850c473f68\"},\"headline\":\"Implos\u00e3o do Antigo Pr\u00e9dio do IBGE, Parte 1: &#8216;Hoje Caiu Uma Senzala&#8217;, Disse Crivella [V\u00cdDEO]\",\"datePublished\":\"2018-05-22T12:30:33+00:00\",\"dateModified\":\"2024-05-24T15:40:12+00:00\",\"mainEntityOfPage\":{\"@id\":\"https:\/\/rioonwatch.org.br\/?p=33190\"},\"wordCount\":1293,\"publisher\":{\"@id\":\"https:\/\/rioonwatch.org.br\/#organization\"},\"image\":{\"@id\":\"https:\/\/rioonwatch.org.br\/?p=33190#primaryimage\"},\"thumbnailUrl\":\"https:\/\/rioonwatch.org.br\/wp-content\/uploads\/2018\/05\/Implosao-no-IBGE.jpg\",\"keywords\":[\"Aluguel social\",\"Antirracismo\",\"Direito \u00e0 Moradia\",\"eleitoralismo\",\"escravid\u00e3o\",\"especula\u00e7\u00e3o imobili\u00e1ria\",\"habita\u00e7\u00e3o p\u00fablica\",\"hist\u00f3ria\",\"IBGE\",\"Mangueira\",\"Marcelo Crivella\",\"Minha Casa Minha Vida\",\"narrativa midi\u00e1tica\",\"Ocupa\u00e7\u00e3o\",\"Ocupa\u00e7\u00e3o IBGE\",\"opini\u00e3o\",\"prioridades p\u00fablicas equivocadas\",\"Remo\u00e7\u00e3o\",\"sem-teto\",\"Zona Norte\"],\"articleSection\":[\"#Monitoramento\",\"#OlhoNasRemo\u00e7\u00f5es\",\"*Destaque\",\"Den\u00fancias\",\"Escrito por Aliados\",\"Pol\u00edticas\",\"V\u00eddeo\"],\"inLanguage\":\"pt-BR\"},{\"@type\":\"WebPage\",\"@id\":\"https:\/\/rioonwatch.org.br\/?p=33190\",\"url\":\"https:\/\/rioonwatch.org.br\/?p=33190\",\"name\":\"Implos\u00e3o do Antigo Pr\u00e9dio do IBGE, Parte 1: 'Hoje Caiu Uma Senzala', Disse Crivella [V\u00cdDEO] - RioOnWatch\",\"isPartOf\":{\"@id\":\"https:\/\/rioonwatch.org.br\/#website\"},\"primaryImageOfPage\":{\"@id\":\"https:\/\/rioonwatch.org.br\/?p=33190#primaryimage\"},\"image\":{\"@id\":\"https:\/\/rioonwatch.org.br\/?p=33190#primaryimage\"},\"thumbnailUrl\":\"https:\/\/rioonwatch.org.br\/wp-content\/uploads\/2018\/05\/Implosao-no-IBGE.jpg\",\"datePublished\":\"2018-05-22T12:30:33+00:00\",\"dateModified\":\"2024-05-24T15:40:12+00:00\",\"breadcrumb\":{\"@id\":\"https:\/\/rioonwatch.org.br\/?p=33190#breadcrumb\"},\"inLanguage\":\"pt-BR\",\"potentialAction\":[{\"@type\":\"ReadAction\",\"target\":[\"https:\/\/rioonwatch.org.br\/?p=33190\"]}]},{\"@type\":\"ImageObject\",\"inLanguage\":\"pt-BR\",\"@id\":\"https:\/\/rioonwatch.org.br\/?p=33190#primaryimage\",\"url\":\"https:\/\/rioonwatch.org.br\/wp-content\/uploads\/2018\/05\/Implosao-no-IBGE.jpg\",\"contentUrl\":\"https:\/\/rioonwatch.org.br\/wp-content\/uploads\/2018\/05\/Implosao-no-IBGE.jpg\",\"width\":2018,\"height\":649},{\"@type\":\"BreadcrumbList\",\"@id\":\"https:\/\/rioonwatch.org.br\/?p=33190#breadcrumb\",\"itemListElement\":[{\"@type\":\"ListItem\",\"position\":1,\"name\":\"In\u00edcio\",\"item\":\"https:\/\/rioonwatch.org.br\/\"},{\"@type\":\"ListItem\",\"position\":2,\"name\":\"Implos\u00e3o do Antigo Pr\u00e9dio do IBGE, Parte 1: &#8216;Hoje Caiu Uma Senzala&#8217;, Disse Crivella [V\u00cdDEO]\"}]},{\"@type\":\"WebSite\",\"@id\":\"https:\/\/rioonwatch.org.br\/#website\",\"url\":\"https:\/\/rioonwatch.org.br\/\",\"name\":\"RioOnWatch\",\"description\":\"relatos das favelas cariocas\",\"publisher\":{\"@id\":\"https:\/\/rioonwatch.org.br\/#organization\"},\"potentialAction\":[{\"@type\":\"SearchAction\",\"target\":{\"@type\":\"EntryPoint\",\"urlTemplate\":\"https:\/\/rioonwatch.org.br\/?s={search_term_string}\"},\"query-input\":{\"@type\":\"PropertyValueSpecification\",\"valueRequired\":true,\"valueName\":\"search_term_string\"}}],\"inLanguage\":\"pt-BR\"},{\"@type\":\"Organization\",\"@id\":\"https:\/\/rioonwatch.org.br\/#organization\",\"name\":\"RioOnWatch\",\"url\":\"https:\/\/rioonwatch.org.br\/\",\"logo\":{\"@type\":\"ImageObject\",\"inLanguage\":\"pt-BR\",\"@id\":\"https:\/\/rioonwatch.org.br\/#\/schema\/logo\/image\/\",\"url\":\"https:\/\/rioonwatch.org.br\/wp-content\/uploads\/2021\/06\/RioOnWatchcabecalhoPT11anos-2.png\",\"contentUrl\":\"https:\/\/rioonwatch.org.br\/wp-content\/uploads\/2021\/06\/RioOnWatchcabecalhoPT11anos-2.png\",\"width\":779,\"height\":277,\"caption\":\"RioOnWatch\"},\"image\":{\"@id\":\"https:\/\/rioonwatch.org.br\/#\/schema\/logo\/image\/\"}},{\"@type\":\"Person\",\"@id\":\"https:\/\/rioonwatch.org.br\/#\/schema\/person\/11d64c290506f9df50c71b850c473f68\",\"name\":\"Admin\",\"image\":{\"@type\":\"ImageObject\",\"inLanguage\":\"pt-BR\",\"@id\":\"https:\/\/rioonwatch.org.br\/#\/schema\/person\/image\/\",\"url\":\"https:\/\/secure.gravatar.com\/avatar\/56211ac74568383903349a1485e3c325?s=96&d=blank&r=g\",\"contentUrl\":\"https:\/\/secure.gravatar.com\/avatar\/56211ac74568383903349a1485e3c325?s=96&d=blank&r=g\",\"caption\":\"Admin\"},\"url\":\"https:\/\/rioonwatch.org.br\/?author=129\"}]}<\/script>\n<!-- \/ Yoast SEO plugin. -->","yoast_head_json":{"title":"Implos\u00e3o do Antigo Pr\u00e9dio do IBGE, Parte 1: 'Hoje Caiu Uma Senzala', Disse Crivella [V\u00cdDEO] - RioOnWatch","robots":{"index":"index","follow":"follow","max-snippet":"max-snippet:-1","max-image-preview":"max-image-preview:large","max-video-preview":"max-video-preview:-1"},"canonical":"https:\/\/rioonwatch.org.br\/?p=33190","og_locale":"pt_BR","og_type":"article","og_title":"Implos\u00e3o do Antigo Pr\u00e9dio do IBGE, Parte 1: 'Hoje Caiu Uma Senzala', Disse Crivella [V\u00cdDEO] - RioOnWatch","og_description":"Click Here for English Esta \u00e9 a primeira mat\u00e9ria de uma\u00a0s\u00e9rie de duas sobre a implos\u00e3o do antigo pr\u00e9dio do IBGE.\u00a0Veja a segunda mat\u00e9ria\u00a0aqui. Crivella chama os ex-ocupantes de &#8216;escravos&#8217; O antigo pr\u00e9dio do IBGE [...]","og_url":"https:\/\/rioonwatch.org.br\/?p=33190","og_site_name":"RioOnWatch","article_published_time":"2018-05-22T12:30:33+00:00","article_modified_time":"2024-05-24T15:40:12+00:00","og_image":[{"width":2018,"height":649,"url":"https:\/\/rioonwatch.org.br\/wp-content\/uploads\/2018\/05\/Implosao-no-IBGE.jpg","type":"image\/jpeg"}],"author":"Admin","twitter_card":"summary_large_image","twitter_misc":{"Escrito por":"Admin","Est. tempo de leitura":"6 minutos"},"schema":{"@context":"https:\/\/schema.org","@graph":[{"@type":"Article","@id":"https:\/\/rioonwatch.org.br\/?p=33190#article","isPartOf":{"@id":"https:\/\/rioonwatch.org.br\/?p=33190"},"author":{"name":"Admin","@id":"https:\/\/rioonwatch.org.br\/#\/schema\/person\/11d64c290506f9df50c71b850c473f68"},"headline":"Implos\u00e3o do Antigo Pr\u00e9dio do IBGE, Parte 1: &#8216;Hoje Caiu Uma Senzala&#8217;, Disse Crivella [V\u00cdDEO]","datePublished":"2018-05-22T12:30:33+00:00","dateModified":"2024-05-24T15:40:12+00:00","mainEntityOfPage":{"@id":"https:\/\/rioonwatch.org.br\/?p=33190"},"wordCount":1293,"publisher":{"@id":"https:\/\/rioonwatch.org.br\/#organization"},"image":{"@id":"https:\/\/rioonwatch.org.br\/?p=33190#primaryimage"},"thumbnailUrl":"https:\/\/rioonwatch.org.br\/wp-content\/uploads\/2018\/05\/Implosao-no-IBGE.jpg","keywords":["Aluguel social","Antirracismo","Direito \u00e0 Moradia","eleitoralismo","escravid\u00e3o","especula\u00e7\u00e3o imobili\u00e1ria","habita\u00e7\u00e3o p\u00fablica","hist\u00f3ria","IBGE","Mangueira","Marcelo Crivella","Minha Casa Minha Vida","narrativa midi\u00e1tica","Ocupa\u00e7\u00e3o","Ocupa\u00e7\u00e3o IBGE","opini\u00e3o","prioridades p\u00fablicas equivocadas","Remo\u00e7\u00e3o","sem-teto","Zona Norte"],"articleSection":["#Monitoramento","#OlhoNasRemo\u00e7\u00f5es","*Destaque","Den\u00fancias","Escrito por Aliados","Pol\u00edticas","V\u00eddeo"],"inLanguage":"pt-BR"},{"@type":"WebPage","@id":"https:\/\/rioonwatch.org.br\/?p=33190","url":"https:\/\/rioonwatch.org.br\/?p=33190","name":"Implos\u00e3o do Antigo Pr\u00e9dio do IBGE, Parte 1: 'Hoje Caiu Uma Senzala', Disse Crivella [V\u00cdDEO] - RioOnWatch","isPartOf":{"@id":"https:\/\/rioonwatch.org.br\/#website"},"primaryImageOfPage":{"@id":"https:\/\/rioonwatch.org.br\/?p=33190#primaryimage"},"image":{"@id":"https:\/\/rioonwatch.org.br\/?p=33190#primaryimage"},"thumbnailUrl":"https:\/\/rioonwatch.org.br\/wp-content\/uploads\/2018\/05\/Implosao-no-IBGE.jpg","datePublished":"2018-05-22T12:30:33+00:00","dateModified":"2024-05-24T15:40:12+00:00","breadcrumb":{"@id":"https:\/\/rioonwatch.org.br\/?p=33190#breadcrumb"},"inLanguage":"pt-BR","potentialAction":[{"@type":"ReadAction","target":["https:\/\/rioonwatch.org.br\/?p=33190"]}]},{"@type":"ImageObject","inLanguage":"pt-BR","@id":"https:\/\/rioonwatch.org.br\/?p=33190#primaryimage","url":"https:\/\/rioonwatch.org.br\/wp-content\/uploads\/2018\/05\/Implosao-no-IBGE.jpg","contentUrl":"https:\/\/rioonwatch.org.br\/wp-content\/uploads\/2018\/05\/Implosao-no-IBGE.jpg","width":2018,"height":649},{"@type":"BreadcrumbList","@id":"https:\/\/rioonwatch.org.br\/?p=33190#breadcrumb","itemListElement":[{"@type":"ListItem","position":1,"name":"In\u00edcio","item":"https:\/\/rioonwatch.org.br\/"},{"@type":"ListItem","position":2,"name":"Implos\u00e3o do Antigo Pr\u00e9dio do IBGE, Parte 1: &#8216;Hoje Caiu Uma Senzala&#8217;, Disse Crivella [V\u00cdDEO]"}]},{"@type":"WebSite","@id":"https:\/\/rioonwatch.org.br\/#website","url":"https:\/\/rioonwatch.org.br\/","name":"RioOnWatch","description":"relatos das favelas cariocas","publisher":{"@id":"https:\/\/rioonwatch.org.br\/#organization"},"potentialAction":[{"@type":"SearchAction","target":{"@type":"EntryPoint","urlTemplate":"https:\/\/rioonwatch.org.br\/?s={search_term_string}"},"query-input":{"@type":"PropertyValueSpecification","valueRequired":true,"valueName":"search_term_string"}}],"inLanguage":"pt-BR"},{"@type":"Organization","@id":"https:\/\/rioonwatch.org.br\/#organization","name":"RioOnWatch","url":"https:\/\/rioonwatch.org.br\/","logo":{"@type":"ImageObject","inLanguage":"pt-BR","@id":"https:\/\/rioonwatch.org.br\/#\/schema\/logo\/image\/","url":"https:\/\/rioonwatch.org.br\/wp-content\/uploads\/2021\/06\/RioOnWatchcabecalhoPT11anos-2.png","contentUrl":"https:\/\/rioonwatch.org.br\/wp-content\/uploads\/2021\/06\/RioOnWatchcabecalhoPT11anos-2.png","width":779,"height":277,"caption":"RioOnWatch"},"image":{"@id":"https:\/\/rioonwatch.org.br\/#\/schema\/logo\/image\/"}},{"@type":"Person","@id":"https:\/\/rioonwatch.org.br\/#\/schema\/person\/11d64c290506f9df50c71b850c473f68","name":"Admin","image":{"@type":"ImageObject","inLanguage":"pt-BR","@id":"https:\/\/rioonwatch.org.br\/#\/schema\/person\/image\/","url":"https:\/\/secure.gravatar.com\/avatar\/56211ac74568383903349a1485e3c325?s=96&d=blank&r=g","contentUrl":"https:\/\/secure.gravatar.com\/avatar\/56211ac74568383903349a1485e3c325?s=96&d=blank&r=g","caption":"Admin"},"url":"https:\/\/rioonwatch.org.br\/?author=129"}]}},"_links":{"self":[{"href":"https:\/\/rioonwatch.org.br\/index.php?rest_route=\/wp\/v2\/posts\/33190"}],"collection":[{"href":"https:\/\/rioonwatch.org.br\/index.php?rest_route=\/wp\/v2\/posts"}],"about":[{"href":"https:\/\/rioonwatch.org.br\/index.php?rest_route=\/wp\/v2\/types\/post"}],"author":[{"embeddable":true,"href":"https:\/\/rioonwatch.org.br\/index.php?rest_route=\/wp\/v2\/users\/129"}],"replies":[{"embeddable":true,"href":"https:\/\/rioonwatch.org.br\/index.php?rest_route=%2Fwp%2Fv2%2Fcomments&post=33190"}],"version-history":[{"count":36,"href":"https:\/\/rioonwatch.org.br\/index.php?rest_route=\/wp\/v2\/posts\/33190\/revisions"}],"predecessor-version":[{"id":33595,"href":"https:\/\/rioonwatch.org.br\/index.php?rest_route=\/wp\/v2\/posts\/33190\/revisions\/33595"}],"wp:featuredmedia":[{"embeddable":true,"href":"https:\/\/rioonwatch.org.br\/index.php?rest_route=\/wp\/v2\/media\/33227"}],"wp:attachment":[{"href":"https:\/\/rioonwatch.org.br\/index.php?rest_route=%2Fwp%2Fv2%2Fmedia&parent=33190"}],"wp:term":[{"taxonomy":"category","embeddable":true,"href":"https:\/\/rioonwatch.org.br\/index.php?rest_route=%2Fwp%2Fv2%2Fcategories&post=33190"},{"taxonomy":"post_tag","embeddable":true,"href":"https:\/\/rioonwatch.org.br\/index.php?rest_route=%2Fwp%2Fv2%2Ftags&post=33190"},{"taxonomy":"writer","embeddable":true,"href":"https:\/\/rioonwatch.org.br\/index.php?rest_route=%2Fwp%2Fv2%2Fwriter&post=33190"},{"taxonomy":"translator","embeddable":true,"href":"https:\/\/rioonwatch.org.br\/index.php?rest_route=%2Fwp%2Fv2%2Ftranslator&post=33190"},{"taxonomy":"source","embeddable":true,"href":"https:\/\/rioonwatch.org.br\/index.php?rest_route=%2Fwp%2Fv2%2Fsource&post=33190"},{"taxonomy":"ilustrador","embeddable":true,"href":"https:\/\/rioonwatch.org.br\/index.php?rest_route=%2Fwp%2Fv2%2Filustrador&post=33190"},{"taxonomy":"fotografo","embeddable":true,"href":"https:\/\/rioonwatch.org.br\/index.php?rest_route=%2Fwp%2Fv2%2Ffotografo&post=33190"}],"curies":[{"name":"wp","href":"https:\/\/api.w.org\/{rel}","templated":true}]}}