{"id":33273,"date":"2018-05-24T10:21:09","date_gmt":"2018-05-24T13:21:09","guid":{"rendered":"http:\/\/rioonwatch.org.br\/?p=33273"},"modified":"2018-06-22T15:18:56","modified_gmt":"2018-06-22T18:18:56","slug":"seminario-reconhece-a-habilidade-da-favela-em-midia-e-ativismo","status":"publish","type":"post","link":"https:\/\/rioonwatch.org.br\/?p=33273","title":{"rendered":"Semin\u00e1rio Reconhece a Habilidade da Favela em M\u00eddia e Ativismo"},"content":{"rendered":"<p style=\"text-align: right;\"><em><strong><a href=\"http:\/\/bit.ly\/2IxOE5n\" target=\"_blank\" rel=\"noopener noreferrer\">Click Here for English<img decoding=\"async\" width=\"20\" height=\"20\" class=\"alignright wp-image-15790\" src=\"http:\/\/rioonwatch.org.br\/wp-content\/uploads\/2012\/08\/EN-standard-e1439583104716.jpg\" \/><\/a><\/strong><\/em><\/p>\n<p>De 14 a 16 de maio, a <a href=\"http:\/\/bit.ly\/2tPZTig\" target=\"_blank\" rel=\"noopener\">UFF<\/a> organizou o 7\u00ba Semin\u00e1rio Internacional de Pesquisa em M\u00eddia e Cotidiano, com o tema\u00a0<a href=\"http:\/\/bit.ly\/2L7w55K\" target=\"_blank\" rel=\"noopener\">Mediatiza\u00e7\u00e3o e Sociedade Conectada: Espa\u00e7os e Mem\u00f3rias do Cotidiano<\/a>. O primeiro dia do evento foi realizado no <a href=\"http:\/\/bit.ly\/1qhz1JJ\" target=\"_blank\" rel=\"noopener\">Museu da Mar\u00e9<\/a>, no <a href=\"http:\/\/bit.ly\/10BvARw\" target=\"_blank\" rel=\"noopener\">Complexo da Mar\u00e9<\/a>, e focou no uso de m\u00eddia por ativistas comunit\u00e1rios para promover a <a href=\"http:\/\/bit.ly\/1WLfndF\" target=\"_blank\" rel=\"noopener\">democracia<\/a> e a inclus\u00e3o social. Foram reunidos diferentes ativistas praticantes locais, pesquisadores que trabalham no Brasil e no exterior e participantes da<em>\u00a0<a href=\"http:\/\/bit.ly\/2Ky7Dtf\" target=\"_blank\" rel=\"noopener\">e-Voices Network<\/a>\u00a0(Rede e-Vozes)<\/em>, que conecta ativistas que usam a m\u00eddia para promover <a href=\"http:\/\/bit.ly\/1iqdzi3\" target=\"_blank\" rel=\"noopener\">direitos<\/a> no Qu\u00eania, na S\u00edria e no Brasil.<\/p>\n<p>O evento foi uma oportunidade para fortalecer iniciativas comunit\u00e1rias e desenvolver um di\u00e1logo de longo prazo entre pesquisadores e ativistas comunit\u00e1rios, uma <a href=\"http:\/\/bit.ly\/2nykUtN\" target=\"_blank\" rel=\"noopener\">tend\u00eancia que vem crescendo em pesquisas acad\u00eamicas<\/a>\u00a0em dire\u00e7\u00e3o a agendas de pesquisa mais colaborativas, inclusivas e \u00e9ticas,\u00a0 que centralizem as vozes e as habilidades dos atores locais.<\/p>\n<p>O dia come\u00e7ou com uma visita guiada ao Museu da Mar\u00e9&#8211;que recentemente comemorou seu <a href=\"http:\/\/bit.ly\/2k54ndI\" target=\"_blank\" rel=\"noopener\">d\u00e9cimo segundo anivers\u00e1rio<\/a>&#8211;e continuou com uma mesa redonda entre ativistas, pesquisadores e estudantes.<\/p>\n<p><a href=\"http:\/\/rioonwatch.org.br\/wp-content\/uploads\/2018\/05\/32544032_962537550587195_3510446937625067520_o.jpg\"><img fetchpriority=\"high\" decoding=\"async\" class=\"aligncenter wp-image-33278 size-large\" title=\"Foto por PPGMC UFF\" src=\"http:\/\/rioonwatch.org.br\/wp-content\/uploads\/2018\/05\/32544032_962537550587195_3510446937625067520_o-819x1024.jpg\" alt=\"\" width=\"620\" height=\"775\" srcset=\"https:\/\/rioonwatch.org.br\/wp-content\/uploads\/2018\/05\/32544032_962537550587195_3510446937625067520_o-819x1024.jpg 819w, https:\/\/rioonwatch.org.br\/wp-content\/uploads\/2018\/05\/32544032_962537550587195_3510446937625067520_o-211x264.jpg 211w, https:\/\/rioonwatch.org.br\/wp-content\/uploads\/2018\/05\/32544032_962537550587195_3510446937625067520_o-496x620.jpg 496w, https:\/\/rioonwatch.org.br\/wp-content\/uploads\/2018\/05\/32544032_962537550587195_3510446937625067520_o-768x960.jpg 768w, https:\/\/rioonwatch.org.br\/wp-content\/uploads\/2018\/05\/32544032_962537550587195_3510446937625067520_o.jpg 1406w\" sizes=\"(max-width: 620px) 100vw, 620px\" \/><\/a><\/p>\n<h3>Conectando ativistas no Brasil, no Qu\u00eania e na S\u00edria<\/h3>\n<p>O evento ofereceu uma oportunidade para os ativistas do Rio compartilharem suas habilidades e conhecimentos com pesquisadores e ativistas praticantes de outros contextos. Um dos objetivos da confer\u00eancia, em particular da<em> e-Voices Network<\/em>, foi produzir um guia sobre m\u00eddia e ativismo que re\u00fane as experi\u00eancias nos tr\u00eas pa\u00edses, bem como um guia para os praticantes sobre pesquisa \u00e9tica e o trabalho das m\u00eddias comunit\u00e1rias. Outra produ\u00e7\u00e3o planejada \u00e9 um &#8220;mapa de hist\u00f3rias&#8221; que localizar\u00e1 e narrar\u00e1 a hist\u00f3ria de cada plataforma ativista participante.<\/p>\n<p>As seguintes iniciativas baseadas no Rio estiveram presentes: a plataforma de m\u00eddia comunit\u00e1ria <a href=\"http:\/\/bit.ly\/2bgCHfb\" target=\"_blank\" rel=\"noopener\">Mar\u00e9 Vive<\/a>, o N\u00facleo Audiovisual\u00a0<a href=\"http:\/\/bit.ly\/2hjbld3\" target=\"_blank\" rel=\"noopener\">NA Favela<\/a> (Mar\u00e9), o aplicativo de monitoramento de viol\u00eancia armada <a href=\"http:\/\/bit.ly\/2K65pB6\" target=\"_blank\" rel=\"noopener\">Defezap<\/a>, o Museu da Mar\u00e9, a Rede de <a href=\"http:\/\/bit.ly\/2vMzqTb\" target=\"_blank\" rel=\"noopener\">Museologia Social<\/a>, o\u00a0<a href=\"http:\/\/bit.ly\/2EZ4i7u\" target=\"_blank\" rel=\"noopener\">Favela Cineclube<\/a> (<a href=\"http:\/\/bit.ly\/UBMUVJ\" target=\"_blank\" rel=\"noopener\">Provid\u00eancia<\/a>), o coletivo de m\u00eddia-ativista <a href=\"http:\/\/bit.ly\/1CLd514\" target=\"_blank\" rel=\"noopener\">Coletivo Papo Reto<\/a> (do <a href=\"http:\/\/bit.ly\/U0MiGm\" target=\"_blank\" rel=\"noopener\">Alem\u00e3o<\/a>) e o jornal comunit\u00e1rio <a href=\"http:\/\/bit.ly\/2c6eb1y\" target=\"_blank\" rel=\"noopener\"><em>O Cidad\u00e3o<\/em><\/a> (Mar\u00e9). As iniciativas internacionais inclu\u00edram a <a href=\"http:\/\/bit.ly\/2wPoTrM\" target=\"_blank\" rel=\"noopener\">Pawa254<\/a>, com sede no Qu\u00eania e a <a href=\"http:\/\/bit.ly\/2GtqvqS\" target=\"_blank\" rel=\"noopener\">Sparklab, da Telecenter.org Foundation<\/a>, com sede nos Estados Unidos e que atua na S\u00edria, entre muitos outros pa\u00edses.<\/p>\n<p><a href=\"http:\/\/rioonwatch.org.br\/wp-content\/uploads\/2018\/05\/32596995_962518390589111_3504690057950789632_n.jpg\"><img decoding=\"async\" class=\"aligncenter wp-image-33284 size-content\" title=\"Foto por PPGMC UFF\" src=\"http:\/\/rioonwatch.org.br\/wp-content\/uploads\/2018\/05\/32596995_962518390589111_3504690057950789632_n-620x264.jpg\" alt=\"\" width=\"620\" height=\"264\" srcset=\"https:\/\/rioonwatch.org.br\/wp-content\/uploads\/2018\/05\/32596995_962518390589111_3504690057950789632_n-620x264.jpg 620w, https:\/\/rioonwatch.org.br\/wp-content\/uploads\/2018\/05\/32596995_962518390589111_3504690057950789632_n-940x400.jpg 940w\" sizes=\"(max-width: 620px) 100vw, 620px\" \/><\/a><\/p>\n<h3>Favelas: espa\u00e7os da democracia<\/h3>\n<p>A diretora do Museu da Mar\u00e9, Cl\u00e1udia Rose Ribeiro da Silva, abriu o debate, destacando <a href=\"http:\/\/bit.ly\/2crZojj\" target=\"_blank\" rel=\"noopener\">como a grande m\u00eddia trabalha<\/a> em benef\u00edcio de grupos dominantes ao <a href=\"http:\/\/bit.ly\/2buISj2\" target=\"_blank\" rel=\"noopener\">retratar as favelas como espa\u00e7os de viol\u00eancia, criminalidade e policiamento<\/a>. Ela lembrou a todos os presentes que esse discurso sobre a viol\u00eancia \u00e9 usado como justificativa para desrespeitar os direitos humanos na favela. No entanto, acrescentou, as agendas e discursos hegem\u00f4nicos n\u00e3o ser\u00e3o vitoriosos se as comunidades discutirem e proporem alternativas. Esse \u00e9 o poder da m\u00eddia e do ativismo nas comunidades cariocas. &#8220;N\u00f3s somos prova de que o poder n\u00e3o vence, que eles n\u00e3o podem submeter as pessoas indeterminadamente&#8221;, ela destacou.<\/p>\n<p>Em seguida, cada grupo ativista falou da hist\u00f3ria e miss\u00e3o de sua trajet\u00f3ria e iniciativa. Alguns integrantes de plataformas, como Mar\u00e9 Vive, Coletivo Papo Reto e Defezap, falaram sobre como a m\u00eddia pode ser usada para <a href=\"http:\/\/bit.ly\/2FSQbNG\" target=\"_blank\" rel=\"noopener\">denunciar abusos de poder pela pol\u00edcia<\/a> e outras viola\u00e7\u00f5es de direitos humanos. Neste ponto, eles tamb\u00e9m enfatizaram o desejo de se afastar do foco na seguran\u00e7a e no crime, desejando <a href=\"http:\/\/bit.ly\/2hLcifa\" target=\"_blank\" rel=\"noopener\">trazer realidades positivas das favelas para o primeiro plano<\/a>. Outros, como o Cineclube Revolucion\u00e1rio, que organiza exibi\u00e7\u00f5es de filmes e debates pol\u00edticos na Provid\u00eancia, destacam que a favela n\u00e3o \u00e9 apenas \u201co alvo da an\u00e1lise\u201d, mas tamb\u00e9m um espa\u00e7o no qual an\u00e1lises e debates s\u00e3o produzidos.<\/p>\n<p>Finalmente, representantes do <a href=\"http:\/\/bit.ly\/2rQ2UMG\" target=\"_blank\" rel=\"noopener\">Museu da Mar\u00e9, do Jornal <em>O Cidad\u00e3o<\/em> e da ONG CEASM<\/a>, destacaram que a m\u00eddia comunit\u00e1ria \u00e9 importante para criar uma <a href=\"http:\/\/bit.ly\/2Gf72tV\" target=\"_blank\" rel=\"noopener\">mem\u00f3ria coletiva<\/a> da qual os moradores de favelas possam se orgulhar. Atrav\u00e9s da m\u00eddia comunit\u00e1ria, os moradores se veem representados em jornais, filmes, plataformas online e outros espa\u00e7os. <a href=\"http:\/\/bit.ly\/2jZIDQh\" target=\"_blank\" rel=\"noopener\">Iniciativas que valorizam a hist\u00f3ria, o conhecimento, os projetos e as pessoas locais<\/a> ajudam a criar uma \u201celite intelectual e art\u00edstica na comunidade\u201d, como colocou o diretor do <a href=\"http:\/\/bit.ly\/2IG6TWD\" target=\"_blank\" rel=\"noopener\">CEASM<\/a> e do Museu da Mar\u00e9, Louren\u00e7o Cezar da Silva. Todos esses esfor\u00e7os se unem para promover o desenvolvimento de comunidades geralmente negligenciadas pelo Estado, tornando as favelas e seus moradores os defensores e agentes da democracia.<\/p>\n<p>Ao longo do debate, participantes sublinharam a <a href=\"http:\/\/bit.ly\/2kMXvQK\" target=\"_blank\" rel=\"noopener\">import\u00e2ncia do acesso ao ensino superior<\/a> atrav\u00e9s de a\u00e7\u00f5es afirmativas e esquemas de bolsas de estudo. A Dra. Renata Souza, nativa da Mar\u00e9, pesquisadora de p\u00f3s-doutorado na UFF e ex-chefe da equipe do gabinete da vereadora, assassinada,\u00a0<a href=\"http:\/\/bit.ly\/2ibXBBl\" target=\"_blank\" rel=\"noopener\">Marielle Franco<\/a>, salientou que, para ela, a universidade \u00e9 uma \u201ctrincheira\u201d da qual ela e outros moradores de favela podem lutar contando suas pr\u00f3prias narrativas. Olhando para o futuro, ela disse: \u201cNossas experi\u00eancias v\u00e3o virar pol\u00edticas p\u00fablicas, n\u00e3o dados frios da seguran\u00e7a p\u00fablica. A palavra priorit\u00e1ria \u00e9 dos favelados!&#8221;<\/p>\n<p><a href=\"http:\/\/rioonwatch.org.br\/wp-content\/uploads\/2018\/05\/32544040_962601987247418_8697741629794025472_o.jpg\"><img loading=\"lazy\" decoding=\"async\" class=\"aligncenter wp-image-33287 size-content\" title=\"Foto por PPGMC UFF\" src=\"http:\/\/rioonwatch.org.br\/wp-content\/uploads\/2018\/05\/32544040_962601987247418_8697741629794025472_o-620x264.jpg\" alt=\"\" width=\"620\" height=\"264\" srcset=\"https:\/\/rioonwatch.org.br\/wp-content\/uploads\/2018\/05\/32544040_962601987247418_8697741629794025472_o-620x264.jpg 620w, https:\/\/rioonwatch.org.br\/wp-content\/uploads\/2018\/05\/32544040_962601987247418_8697741629794025472_o-940x400.jpg 940w\" sizes=\"(max-width: 620px) 100vw, 620px\" \/><\/a><\/p>\n<h3>Li\u00e7\u00f5es aprendidas<\/h3>\n<p>O interc\u00e2mbio continuou em oficinas e grupos de trabalho durante os dias seguintes, mas este primeiro dia j\u00e1 articulou coisas em comum entre os grupos participantes e li\u00e7\u00f5es a serem aprendidas.<\/p>\n<p>A grande vantagem da <a href=\"http:\/\/bit.ly\/1jEgxaJ\" target=\"_blank\" rel=\"noopener\">m\u00eddia comunit\u00e1ria<\/a> \u00e9 a flexibilidade de suas metodologias, que n\u00e3o s\u00e3o apenas desenvolvidas organicamente de dentro da comunidade, mas tamb\u00e9m est\u00e3o constantemente respondendo a ela. Os debatedores relataram como seus projetos respondem \u00e0s mudan\u00e7as e altera\u00e7\u00f5es das necessidades locais, especialmente ao lidar com quest\u00f5es de seguran\u00e7a e abusos de direitos humanos.<\/p>\n<p>Ao lidar com den\u00fancias de viol\u00eancia e abuso, suas abordagens d\u00e3o prioridade \u00e0 humaniza\u00e7\u00e3o de cada caso, respondendo aos moradores com a devida aten\u00e7\u00e3o e adaptando seus m\u00e9todos caso a caso. Isso \u00e9 importante para criar um senso de comunidade e apoio em momentos de sofrimento e dor. A pesquisa acad\u00eamica certamente pode aprender muito com essa abordagem.<\/p>\n<p>Ativistas comunit\u00e1rios, rep\u00f3rteres e artistas tamb\u00e9m t\u00eam conhecimento \u00fanico da comunidade local. Suas bases nas comunidades proporciona-lhes acesso privilegiado a informa\u00e7\u00f5es, bem como a espa\u00e7os e locais que pessoas de fora muitas vezes n\u00e3o podem acessar. Por exemplo, ao filmar opera\u00e7\u00f5es policiais, os membros do Coletivo Papo Reto, \u00e0s vezes, s\u00e3o autorizados a entrarem nas casas das pessoas para filmar a partir de suas varandas. O conhecimento mais profundo da hist\u00f3ria da comunidade e a hist\u00f3ria de cada morador permite que eles produzam materiais que valorizam a comunidade, fortalecem ainda mais os moradores e <a href=\"http:\/\/bit.ly\/2d30Pnn\" target=\"_blank\" rel=\"noopener\">desafiam estigmas e estere\u00f3tipos<\/a>.<\/p>\n<p>A m\u00eddia comunit\u00e1ria e ativista \u00e9, portanto, uma ferramenta democr\u00e1tica que os moradores usam para aumentar a conscientiza\u00e7\u00e3o sobre quest\u00f5es importantes para os moradores de favelas, denunciar abusos e incomodar discursos dominantes, n\u00e3o apenas dirigidos para o p\u00fablico de fora, mas tamb\u00e9m de dentro das favelas. Dessa forma, a m\u00eddia comunit\u00e1ria mobiliza os moradores, empoderando-os e promove conscientiza\u00e7\u00e3o e engajamento pol\u00edtico. Nessas iniciativas, como afirmou Renata, \u201ca teoria e a pr\u00e1tica se complementam\u201d e a experi\u00eancia ocupa o centro do palco. Essas li\u00e7\u00f5es s\u00e3o relevantes para todos os pesquisadores, rep\u00f3rteres, ativistas e outros profissionais cujo trabalho envolve favelas e seus moradores.<\/p>\n<!-- AddThis Advanced Settings generic via filter on the_content --><!-- AddThis Share Buttons generic via filter on the_content -->","protected":false},"excerpt":{"rendered":"<div class=\"mh-excerpt\"><p>Click Here for English De 14 a 16 de maio, a UFF organizou o 7\u00ba Semin\u00e1rio Internacional de Pesquisa em M\u00eddia e Cotidiano, com o tema\u00a0Mediatiza\u00e7\u00e3o e Sociedade Conectada: Espa\u00e7os e Mem\u00f3rias do Cotidiano. O <a class=\"mh-excerpt-more\" href=\"https:\/\/rioonwatch.org.br\/?p=33273\" title=\"Semin\u00e1rio Reconhece a Habilidade da Favela em M\u00eddia e Ativismo\">[&#8230;]<\/a><!-- AddThis Advanced Settings generic via filter on get_the_excerpt --><!-- AddThis Share Buttons generic via filter on get_the_excerpt --><\/p>\n<\/div>","protected":false},"author":129,"featured_media":33275,"comment_status":"closed","ping_status":"closed","sticky":false,"template":"","format":"standard","meta":{"_acf_changed":false,"_monsterinsights_skip_tracking":false,"_monsterinsights_sitenote_active":false,"_monsterinsights_sitenote_note":"","_monsterinsights_sitenote_category":0,"footnotes":""},"categories":[1621,1627,1615,1626,1613,1612,342],"tags":[1676,309,2357,2315,332,217,1530,1917,479,88,1418,2391,2132,2057,257,1106,1760,1704,1347,476],"writer":[1275,2133],"translator":[273],"source":[],"ilustrador":[],"fotografo":[],"class_list":{"0":"post-33273","1":"post","2":"type-post","3":"status-publish","4":"format-standard","5":"has-post-thumbnail","7":"category-destaque","8":"category-relato-de-evento","9":"category-cultura-da-favela","10":"category-por-observadores-internacionais","11":"category-midia-comunitaria","12":"category-sociedade-civil","13":"category-solucoes","14":"tag-analise-cobertura-de-favelas","15":"tag-ativismo","16":"tag-ceasm","17":"tag-cineclube","18":"tag-complexo-da-mare","19":"tag-complexo-do-alemao","20":"tag-midia-comunitaria","21":"tag-comunidade-x-academia","22":"tag-democracia","23":"tag-direitos-humanos","24":"tag-coletivo-papo-reto","25":"tag-mare-vive","26":"tag-semana-de-museus","27":"tag-midia-alternativa","28":"tag-providencia","29":"tag-museu-da-mare","30":"tag-narrativa-midiatica","31":"tag-o-cidadao","32":"tag-solucao","33":"tag-solucao-comunitaria","34":"writer-desiree-poets","35":"writer-tyler-strobl","36":"translator-roseli-franco"},"acf":[],"yoast_head":"<!-- This site is optimized with the Yoast SEO plugin v25.6 - https:\/\/yoast.com\/wordpress\/plugins\/seo\/ -->\n<title>Semin\u00e1rio Reconhece a Habilidade da Favela em M\u00eddia e Ativismo - RioOnWatch<\/title>\n<meta name=\"robots\" content=\"index, follow, max-snippet:-1, max-image-preview:large, max-video-preview:-1\" \/>\n<link rel=\"canonical\" href=\"https:\/\/rioonwatch.org.br\/?p=33273\" \/>\n<meta property=\"og:locale\" content=\"pt_BR\" \/>\n<meta property=\"og:type\" content=\"article\" \/>\n<meta property=\"og:title\" content=\"Semin\u00e1rio Reconhece a Habilidade da Favela em M\u00eddia e Ativismo - RioOnWatch\" \/>\n<meta property=\"og:description\" content=\"Click Here for English De 14 a 16 de maio, a UFF organizou o 7\u00ba Semin\u00e1rio Internacional de Pesquisa em M\u00eddia e Cotidiano, com o tema\u00a0Mediatiza\u00e7\u00e3o e Sociedade Conectada: Espa\u00e7os e Mem\u00f3rias do Cotidiano. O [...]\" \/>\n<meta property=\"og:url\" content=\"https:\/\/rioonwatch.org.br\/?p=33273\" \/>\n<meta property=\"og:site_name\" content=\"RioOnWatch\" \/>\n<meta property=\"article:published_time\" content=\"2018-05-24T13:21:09+00:00\" \/>\n<meta property=\"article:modified_time\" content=\"2018-06-22T18:18:56+00:00\" \/>\n<meta property=\"og:image\" content=\"https:\/\/rioonwatch.org.br\/wp-content\/uploads\/2018\/05\/32425914_962518213922462_4879240078418771968_n.jpg\" \/>\n\t<meta property=\"og:image:width\" content=\"960\" \/>\n\t<meta property=\"og:image:height\" content=\"768\" \/>\n\t<meta property=\"og:image:type\" content=\"image\/jpeg\" \/>\n<meta name=\"author\" content=\"Admin\" \/>\n<meta name=\"twitter:card\" content=\"summary_large_image\" \/>\n<meta name=\"twitter:label1\" content=\"Escrito por\" \/>\n\t<meta name=\"twitter:data1\" content=\"Admin\" \/>\n\t<meta name=\"twitter:label2\" content=\"Est. tempo de leitura\" \/>\n\t<meta name=\"twitter:data2\" content=\"6 minutos\" \/>\n<script type=\"application\/ld+json\" class=\"yoast-schema-graph\">{\"@context\":\"https:\/\/schema.org\",\"@graph\":[{\"@type\":\"Article\",\"@id\":\"https:\/\/rioonwatch.org.br\/?p=33273#article\",\"isPartOf\":{\"@id\":\"https:\/\/rioonwatch.org.br\/?p=33273\"},\"author\":{\"name\":\"Admin\",\"@id\":\"https:\/\/rioonwatch.org.br\/#\/schema\/person\/11d64c290506f9df50c71b850c473f68\"},\"headline\":\"Semin\u00e1rio Reconhece a Habilidade da Favela em M\u00eddia e Ativismo\",\"datePublished\":\"2018-05-24T13:21:09+00:00\",\"dateModified\":\"2018-06-22T18:18:56+00:00\",\"mainEntityOfPage\":{\"@id\":\"https:\/\/rioonwatch.org.br\/?p=33273\"},\"wordCount\":1293,\"publisher\":{\"@id\":\"https:\/\/rioonwatch.org.br\/#organization\"},\"image\":{\"@id\":\"https:\/\/rioonwatch.org.br\/?p=33273#primaryimage\"},\"thumbnailUrl\":\"https:\/\/rioonwatch.org.br\/wp-content\/uploads\/2018\/05\/32425914_962518213922462_4879240078418771968_n.jpg\",\"keywords\":[\"an\u00e1lise cobertura de favelas\",\"ativismo\",\"CEASM\",\"cineclube\",\"Complexo da Mar\u00e9\",\"Complexo do Alem\u00e3o\",\"Comunica\u00e7\u00e3o Comunit\u00e1ria\",\"comunidade x academia\",\"Democracia\",\"Direitos Humanos\",\"Instituto Papo Reto\",\"Mar\u00e9 Vive\",\"M\u00eas dos Museus\",\"m\u00eddia alternativa\",\"Morro da Provid\u00eancia\",\"Museu da Mar\u00e9\",\"narrativa midi\u00e1tica\",\"O Cidad\u00e3o\",\"solu\u00e7\u00e3o\",\"solu\u00e7\u00e3o comunit\u00e1ria\"],\"articleSection\":[\"*Destaque\",\"Cobertura de Eventos\",\"Cultura da Favela\",\"Escrito por Aliados\",\"M\u00eddia Comunit\u00e1ria\",\"Sociedade Civil\",\"Solu\u00e7\u00f5es\"],\"inLanguage\":\"pt-BR\"},{\"@type\":\"WebPage\",\"@id\":\"https:\/\/rioonwatch.org.br\/?p=33273\",\"url\":\"https:\/\/rioonwatch.org.br\/?p=33273\",\"name\":\"Semin\u00e1rio Reconhece a Habilidade da Favela em M\u00eddia e Ativismo - RioOnWatch\",\"isPartOf\":{\"@id\":\"https:\/\/rioonwatch.org.br\/#website\"},\"primaryImageOfPage\":{\"@id\":\"https:\/\/rioonwatch.org.br\/?p=33273#primaryimage\"},\"image\":{\"@id\":\"https:\/\/rioonwatch.org.br\/?p=33273#primaryimage\"},\"thumbnailUrl\":\"https:\/\/rioonwatch.org.br\/wp-content\/uploads\/2018\/05\/32425914_962518213922462_4879240078418771968_n.jpg\",\"datePublished\":\"2018-05-24T13:21:09+00:00\",\"dateModified\":\"2018-06-22T18:18:56+00:00\",\"breadcrumb\":{\"@id\":\"https:\/\/rioonwatch.org.br\/?p=33273#breadcrumb\"},\"inLanguage\":\"pt-BR\",\"potentialAction\":[{\"@type\":\"ReadAction\",\"target\":[\"https:\/\/rioonwatch.org.br\/?p=33273\"]}]},{\"@type\":\"ImageObject\",\"inLanguage\":\"pt-BR\",\"@id\":\"https:\/\/rioonwatch.org.br\/?p=33273#primaryimage\",\"url\":\"https:\/\/rioonwatch.org.br\/wp-content\/uploads\/2018\/05\/32425914_962518213922462_4879240078418771968_n.jpg\",\"contentUrl\":\"https:\/\/rioonwatch.org.br\/wp-content\/uploads\/2018\/05\/32425914_962518213922462_4879240078418771968_n.jpg\",\"width\":960,\"height\":768},{\"@type\":\"BreadcrumbList\",\"@id\":\"https:\/\/rioonwatch.org.br\/?p=33273#breadcrumb\",\"itemListElement\":[{\"@type\":\"ListItem\",\"position\":1,\"name\":\"In\u00edcio\",\"item\":\"https:\/\/rioonwatch.org.br\/\"},{\"@type\":\"ListItem\",\"position\":2,\"name\":\"Semin\u00e1rio Reconhece a Habilidade da Favela em M\u00eddia e Ativismo\"}]},{\"@type\":\"WebSite\",\"@id\":\"https:\/\/rioonwatch.org.br\/#website\",\"url\":\"https:\/\/rioonwatch.org.br\/\",\"name\":\"RioOnWatch\",\"description\":\"relatos das favelas cariocas\",\"publisher\":{\"@id\":\"https:\/\/rioonwatch.org.br\/#organization\"},\"potentialAction\":[{\"@type\":\"SearchAction\",\"target\":{\"@type\":\"EntryPoint\",\"urlTemplate\":\"https:\/\/rioonwatch.org.br\/?s={search_term_string}\"},\"query-input\":{\"@type\":\"PropertyValueSpecification\",\"valueRequired\":true,\"valueName\":\"search_term_string\"}}],\"inLanguage\":\"pt-BR\"},{\"@type\":\"Organization\",\"@id\":\"https:\/\/rioonwatch.org.br\/#organization\",\"name\":\"RioOnWatch\",\"url\":\"https:\/\/rioonwatch.org.br\/\",\"logo\":{\"@type\":\"ImageObject\",\"inLanguage\":\"pt-BR\",\"@id\":\"https:\/\/rioonwatch.org.br\/#\/schema\/logo\/image\/\",\"url\":\"https:\/\/rioonwatch.org.br\/wp-content\/uploads\/2021\/06\/RioOnWatchcabecalhoPT11anos-2.png\",\"contentUrl\":\"https:\/\/rioonwatch.org.br\/wp-content\/uploads\/2021\/06\/RioOnWatchcabecalhoPT11anos-2.png\",\"width\":779,\"height\":277,\"caption\":\"RioOnWatch\"},\"image\":{\"@id\":\"https:\/\/rioonwatch.org.br\/#\/schema\/logo\/image\/\"}},{\"@type\":\"Person\",\"@id\":\"https:\/\/rioonwatch.org.br\/#\/schema\/person\/11d64c290506f9df50c71b850c473f68\",\"name\":\"Admin\",\"image\":{\"@type\":\"ImageObject\",\"inLanguage\":\"pt-BR\",\"@id\":\"https:\/\/rioonwatch.org.br\/#\/schema\/person\/image\/\",\"url\":\"https:\/\/secure.gravatar.com\/avatar\/56211ac74568383903349a1485e3c325?s=96&d=blank&r=g\",\"contentUrl\":\"https:\/\/secure.gravatar.com\/avatar\/56211ac74568383903349a1485e3c325?s=96&d=blank&r=g\",\"caption\":\"Admin\"},\"url\":\"https:\/\/rioonwatch.org.br\/?author=129\"}]}<\/script>\n<!-- \/ Yoast SEO plugin. -->","yoast_head_json":{"title":"Semin\u00e1rio Reconhece a Habilidade da Favela em M\u00eddia e Ativismo - RioOnWatch","robots":{"index":"index","follow":"follow","max-snippet":"max-snippet:-1","max-image-preview":"max-image-preview:large","max-video-preview":"max-video-preview:-1"},"canonical":"https:\/\/rioonwatch.org.br\/?p=33273","og_locale":"pt_BR","og_type":"article","og_title":"Semin\u00e1rio Reconhece a Habilidade da Favela em M\u00eddia e Ativismo - RioOnWatch","og_description":"Click Here for English De 14 a 16 de maio, a UFF organizou o 7\u00ba Semin\u00e1rio Internacional de Pesquisa em M\u00eddia e Cotidiano, com o tema\u00a0Mediatiza\u00e7\u00e3o e Sociedade Conectada: Espa\u00e7os e Mem\u00f3rias do Cotidiano. O [...]","og_url":"https:\/\/rioonwatch.org.br\/?p=33273","og_site_name":"RioOnWatch","article_published_time":"2018-05-24T13:21:09+00:00","article_modified_time":"2018-06-22T18:18:56+00:00","og_image":[{"width":960,"height":768,"url":"https:\/\/rioonwatch.org.br\/wp-content\/uploads\/2018\/05\/32425914_962518213922462_4879240078418771968_n.jpg","type":"image\/jpeg"}],"author":"Admin","twitter_card":"summary_large_image","twitter_misc":{"Escrito por":"Admin","Est. tempo de leitura":"6 minutos"},"schema":{"@context":"https:\/\/schema.org","@graph":[{"@type":"Article","@id":"https:\/\/rioonwatch.org.br\/?p=33273#article","isPartOf":{"@id":"https:\/\/rioonwatch.org.br\/?p=33273"},"author":{"name":"Admin","@id":"https:\/\/rioonwatch.org.br\/#\/schema\/person\/11d64c290506f9df50c71b850c473f68"},"headline":"Semin\u00e1rio Reconhece a Habilidade da Favela em M\u00eddia e Ativismo","datePublished":"2018-05-24T13:21:09+00:00","dateModified":"2018-06-22T18:18:56+00:00","mainEntityOfPage":{"@id":"https:\/\/rioonwatch.org.br\/?p=33273"},"wordCount":1293,"publisher":{"@id":"https:\/\/rioonwatch.org.br\/#organization"},"image":{"@id":"https:\/\/rioonwatch.org.br\/?p=33273#primaryimage"},"thumbnailUrl":"https:\/\/rioonwatch.org.br\/wp-content\/uploads\/2018\/05\/32425914_962518213922462_4879240078418771968_n.jpg","keywords":["an\u00e1lise cobertura de favelas","ativismo","CEASM","cineclube","Complexo da Mar\u00e9","Complexo do Alem\u00e3o","Comunica\u00e7\u00e3o Comunit\u00e1ria","comunidade x academia","Democracia","Direitos Humanos","Instituto Papo Reto","Mar\u00e9 Vive","M\u00eas dos Museus","m\u00eddia alternativa","Morro da Provid\u00eancia","Museu da Mar\u00e9","narrativa midi\u00e1tica","O Cidad\u00e3o","solu\u00e7\u00e3o","solu\u00e7\u00e3o comunit\u00e1ria"],"articleSection":["*Destaque","Cobertura de Eventos","Cultura da Favela","Escrito por Aliados","M\u00eddia Comunit\u00e1ria","Sociedade Civil","Solu\u00e7\u00f5es"],"inLanguage":"pt-BR"},{"@type":"WebPage","@id":"https:\/\/rioonwatch.org.br\/?p=33273","url":"https:\/\/rioonwatch.org.br\/?p=33273","name":"Semin\u00e1rio Reconhece a Habilidade da Favela em M\u00eddia e Ativismo - RioOnWatch","isPartOf":{"@id":"https:\/\/rioonwatch.org.br\/#website"},"primaryImageOfPage":{"@id":"https:\/\/rioonwatch.org.br\/?p=33273#primaryimage"},"image":{"@id":"https:\/\/rioonwatch.org.br\/?p=33273#primaryimage"},"thumbnailUrl":"https:\/\/rioonwatch.org.br\/wp-content\/uploads\/2018\/05\/32425914_962518213922462_4879240078418771968_n.jpg","datePublished":"2018-05-24T13:21:09+00:00","dateModified":"2018-06-22T18:18:56+00:00","breadcrumb":{"@id":"https:\/\/rioonwatch.org.br\/?p=33273#breadcrumb"},"inLanguage":"pt-BR","potentialAction":[{"@type":"ReadAction","target":["https:\/\/rioonwatch.org.br\/?p=33273"]}]},{"@type":"ImageObject","inLanguage":"pt-BR","@id":"https:\/\/rioonwatch.org.br\/?p=33273#primaryimage","url":"https:\/\/rioonwatch.org.br\/wp-content\/uploads\/2018\/05\/32425914_962518213922462_4879240078418771968_n.jpg","contentUrl":"https:\/\/rioonwatch.org.br\/wp-content\/uploads\/2018\/05\/32425914_962518213922462_4879240078418771968_n.jpg","width":960,"height":768},{"@type":"BreadcrumbList","@id":"https:\/\/rioonwatch.org.br\/?p=33273#breadcrumb","itemListElement":[{"@type":"ListItem","position":1,"name":"In\u00edcio","item":"https:\/\/rioonwatch.org.br\/"},{"@type":"ListItem","position":2,"name":"Semin\u00e1rio Reconhece a Habilidade da Favela em M\u00eddia e Ativismo"}]},{"@type":"WebSite","@id":"https:\/\/rioonwatch.org.br\/#website","url":"https:\/\/rioonwatch.org.br\/","name":"RioOnWatch","description":"relatos das favelas cariocas","publisher":{"@id":"https:\/\/rioonwatch.org.br\/#organization"},"potentialAction":[{"@type":"SearchAction","target":{"@type":"EntryPoint","urlTemplate":"https:\/\/rioonwatch.org.br\/?s={search_term_string}"},"query-input":{"@type":"PropertyValueSpecification","valueRequired":true,"valueName":"search_term_string"}}],"inLanguage":"pt-BR"},{"@type":"Organization","@id":"https:\/\/rioonwatch.org.br\/#organization","name":"RioOnWatch","url":"https:\/\/rioonwatch.org.br\/","logo":{"@type":"ImageObject","inLanguage":"pt-BR","@id":"https:\/\/rioonwatch.org.br\/#\/schema\/logo\/image\/","url":"https:\/\/rioonwatch.org.br\/wp-content\/uploads\/2021\/06\/RioOnWatchcabecalhoPT11anos-2.png","contentUrl":"https:\/\/rioonwatch.org.br\/wp-content\/uploads\/2021\/06\/RioOnWatchcabecalhoPT11anos-2.png","width":779,"height":277,"caption":"RioOnWatch"},"image":{"@id":"https:\/\/rioonwatch.org.br\/#\/schema\/logo\/image\/"}},{"@type":"Person","@id":"https:\/\/rioonwatch.org.br\/#\/schema\/person\/11d64c290506f9df50c71b850c473f68","name":"Admin","image":{"@type":"ImageObject","inLanguage":"pt-BR","@id":"https:\/\/rioonwatch.org.br\/#\/schema\/person\/image\/","url":"https:\/\/secure.gravatar.com\/avatar\/56211ac74568383903349a1485e3c325?s=96&d=blank&r=g","contentUrl":"https:\/\/secure.gravatar.com\/avatar\/56211ac74568383903349a1485e3c325?s=96&d=blank&r=g","caption":"Admin"},"url":"https:\/\/rioonwatch.org.br\/?author=129"}]}},"_links":{"self":[{"href":"https:\/\/rioonwatch.org.br\/index.php?rest_route=\/wp\/v2\/posts\/33273"}],"collection":[{"href":"https:\/\/rioonwatch.org.br\/index.php?rest_route=\/wp\/v2\/posts"}],"about":[{"href":"https:\/\/rioonwatch.org.br\/index.php?rest_route=\/wp\/v2\/types\/post"}],"author":[{"embeddable":true,"href":"https:\/\/rioonwatch.org.br\/index.php?rest_route=\/wp\/v2\/users\/129"}],"replies":[{"embeddable":true,"href":"https:\/\/rioonwatch.org.br\/index.php?rest_route=%2Fwp%2Fv2%2Fcomments&post=33273"}],"version-history":[{"count":24,"href":"https:\/\/rioonwatch.org.br\/index.php?rest_route=\/wp\/v2\/posts\/33273\/revisions"}],"predecessor-version":[{"id":33308,"href":"https:\/\/rioonwatch.org.br\/index.php?rest_route=\/wp\/v2\/posts\/33273\/revisions\/33308"}],"wp:featuredmedia":[{"embeddable":true,"href":"https:\/\/rioonwatch.org.br\/index.php?rest_route=\/wp\/v2\/media\/33275"}],"wp:attachment":[{"href":"https:\/\/rioonwatch.org.br\/index.php?rest_route=%2Fwp%2Fv2%2Fmedia&parent=33273"}],"wp:term":[{"taxonomy":"category","embeddable":true,"href":"https:\/\/rioonwatch.org.br\/index.php?rest_route=%2Fwp%2Fv2%2Fcategories&post=33273"},{"taxonomy":"post_tag","embeddable":true,"href":"https:\/\/rioonwatch.org.br\/index.php?rest_route=%2Fwp%2Fv2%2Ftags&post=33273"},{"taxonomy":"writer","embeddable":true,"href":"https:\/\/rioonwatch.org.br\/index.php?rest_route=%2Fwp%2Fv2%2Fwriter&post=33273"},{"taxonomy":"translator","embeddable":true,"href":"https:\/\/rioonwatch.org.br\/index.php?rest_route=%2Fwp%2Fv2%2Ftranslator&post=33273"},{"taxonomy":"source","embeddable":true,"href":"https:\/\/rioonwatch.org.br\/index.php?rest_route=%2Fwp%2Fv2%2Fsource&post=33273"},{"taxonomy":"ilustrador","embeddable":true,"href":"https:\/\/rioonwatch.org.br\/index.php?rest_route=%2Fwp%2Fv2%2Filustrador&post=33273"},{"taxonomy":"fotografo","embeddable":true,"href":"https:\/\/rioonwatch.org.br\/index.php?rest_route=%2Fwp%2Fv2%2Ffotografo&post=33273"}],"curies":[{"name":"wp","href":"https:\/\/api.w.org\/{rel}","templated":true}]}}