{"id":33335,"date":"2018-05-25T20:49:33","date_gmt":"2018-05-25T23:49:33","guid":{"rendered":"http:\/\/rioonwatch.org.br\/?p=33335"},"modified":"2024-05-24T12:40:12","modified_gmt":"2024-05-24T15:40:12","slug":"130-anos-apos-a-abolicao-quilombo-sacopa-resiste-atraves-de-tradicional-feijoada-e-samba","status":"publish","type":"post","link":"https:\/\/rioonwatch.org.br\/?p=33335","title":{"rendered":"130 Anos Ap\u00f3s a Aboli\u00e7\u00e3o, Quilombo Sacop\u00e3 Resiste Atrav\u00e9s de Tradicional Feijoada e Samba"},"content":{"rendered":"<p style=\"text-align: right;\"><em><strong><a href=\"http:\/\/bit.ly\/2LnzopI\" target=\"_blank\" rel=\"noopener noreferrer\">Click Here for English<img decoding=\"async\" width=\"20\" height=\"20\" class=\"alignright wp-image-15790\" src=\"http:\/\/rioonwatch.org.br\/wp-content\/uploads\/2012\/08\/EN-standard-e1439583104716.jpg\" \/><\/a><\/strong><\/em><\/p>\n<p><span style=\"font-weight: 400;\">No dia 12 de maio, o <\/span><a href=\"http:\/\/bit.ly\/1tBIocY\" target=\"_blank\" rel=\"noopener\"><span style=\"font-weight: 400;\">Quilombo Sacop\u00e3<\/span><\/a><span style=\"font-weight: 400;\"> organizou um evento com uma tradicional feijoada e <\/span><span style=\"font-weight: 400;\"><a href=\"http:\/\/bit.ly\/1wD7WsD\" target=\"_blank\" rel=\"noopener\">samba<\/a>, no<\/span><span style=\"font-weight: 400;\"> contexto do 13 de maio, marcando <\/span><a href=\"http:\/\/bit.ly\/2s8O04e\" target=\"_blank\" rel=\"noopener\"><span style=\"font-weight: 400;\">130 anos da aboli\u00e7\u00e3o da escravatura<\/span><\/a><span style=\"font-weight: 400;\"> no Brasil. A comunidade \u00e9 composta por cerca de 40 membros da fam\u00edlia Pinto, descendentes dos seus fundadores Eva e Manoel, que chegaram na <\/span><a href=\"http:\/\/bit.ly\/1MgZiq1\" target=\"_blank\" rel=\"noopener\"><span style=\"font-weight: 400;\">Lagoa<\/span><\/a><span style=\"font-weight: 400;\"> no in\u00edcio do s\u00e9culo XX. Naquela \u00e9poca, a Lagoa era uma periferia semi-urbana da cidade do Rio. Eva e Manoel migraram para a cidade do munic\u00edpio de <\/span><a href=\"http:\/\/bit.ly\/2KVaL2C\" target=\"_blank\" rel=\"noopener\"><span style=\"font-weight: 400;\">Nova Friburgo<\/span><\/a><span style=\"font-weight: 400;\">, onde os seus pais e av\u00f3s haviam sido <\/span><a href=\"http:\/\/bit.ly\/1Hg4Zj3\" target=\"_blank\" rel=\"noopener\"><span style=\"font-weight: 400;\">escravos<\/span><\/a><span style=\"font-weight: 400;\">. Estas migra\u00e7\u00f5es como consequ\u00eancia da aboli\u00e7\u00e3o eram comuns, pois muitos escravos rec\u00e9m-libertados e os seus descendentes n\u00e3o queriam ficar onde eles e os seus antepassados haviam sido escravizados.<\/span><\/p>\n<p><a href=\"http:\/\/rioonwatch.org.br\/wp-content\/uploads\/2018\/05\/Sacopa\u0303-Image-1.jpg\"><img fetchpriority=\"high\" decoding=\"async\" class=\"aligncenter wp-image-33357 size-content\" title=\"Cantor e compositor Noca da Portela e amigos. Foto por Evgeny Makarov\" src=\"http:\/\/rioonwatch.org.br\/wp-content\/uploads\/2018\/05\/Sacopa\u0303-Image-1-620x264.jpg\" alt=\"\" width=\"620\" height=\"264\" srcset=\"https:\/\/rioonwatch.org.br\/wp-content\/uploads\/2018\/05\/Sacopa\u0303-Image-1-620x264.jpg 620w, https:\/\/rioonwatch.org.br\/wp-content\/uploads\/2018\/05\/Sacopa\u0303-Image-1-940x400.jpg 940w\" sizes=\"(max-width: 620px) 100vw, 620px\" \/><\/a><\/p>\n<p><span style=\"font-weight: 400;\">Desde ent\u00e3o, a fam\u00edlia tem lutado para permanecer no seu territ\u00f3rio, resistindo \u00e0s <\/span><a href=\"http:\/\/bit.ly\/X51Qvb\" target=\"_blank\" rel=\"noopener\"><span style=\"font-weight: 400;\">remo\u00e7\u00f5es<\/span><\/a><span style=\"font-weight: 400;\">. Nos anos 1970, quando a Lagoa foi urbanizada e <\/span><a href=\"http:\/\/bit.ly\/184FqS4\" target=\"_blank\" rel=\"noopener\"><span style=\"font-weight: 400;\">gentrificada<\/span><\/a><span style=\"font-weight: 400;\">. Na \u00e9poca a ditadura militar <\/span><a href=\"http:\/\/bit.ly\/2INIcDA\" target=\"_blank\" rel=\"noopener\"><span style=\"font-weight: 400;\">removeu \u00e0 for\u00e7a as favelas do bairro<\/span><\/a><span style=\"font-weight: 400;\"> e os moradores mais pobres, visando tamb\u00e9m a fam\u00edlia Pinto. No in\u00edcio, os Pintos lutaram para permanecer na sua terra atrav\u00e9s de um processo de usucapi\u00e3o. Desde 2004, eles est\u00e3o no processo de demarca\u00e7\u00e3o do seu territ\u00f3rio como quilombo. Hoje em dia, a Lagoa \u00e9 um bairro branco, de classe alta&#8211;<\/span><a href=\"https:\/\/bbc.in\/2IAPU7K\" target=\"_blank\" rel=\"noopener\"><span style=\"font-weight: 400;\">91% dos seus moradores s\u00e3o brancos<\/span><\/a><span style=\"font-weight: 400;\">&#8212;<\/span><span style=\"font-weight: 400;\">com <\/span><a href=\"http:\/\/bit.ly\/2rVIDoY\" target=\"_blank\" rel=\"noopener\"><span style=\"font-weight: 400;\">uma das rendas per capita mais altas da cidade<\/span><\/a><span style=\"font-weight: 400;\">, bem como <\/span><a href=\"http:\/\/bit.ly\/2rXXe2m\" target=\"_blank\" rel=\"noopener\"><span style=\"font-weight: 400;\">um dos pre\u00e7os mais altos por metro quadrado<\/span><\/a><span style=\"font-weight: 400;\">. A comunidade est\u00e1 localizada na rua hoje conhecida como Rua Sacop\u00e3, de onde se origina o seu nome.<\/span><\/p>\n<p><span style=\"font-weight: 400;\">De acordo com o <\/span><a href=\"http:\/\/bit.ly\/2x6DYpl\"><span style=\"font-weight: 400;\">Artigo 68 das Disposi\u00e7\u00f5es Transit\u00f3rias da Constitui\u00e7\u00e3o de 1988<\/span><\/a><span style=\"font-weight: 400;\">, as comunidades dos quilombos t\u00eam direito \u00e0s terras onde vivem. No entanto, h\u00e1 confus\u00e3o sobre o que \u00e9 um quilombo. <\/span><a href=\"http:\/\/bit.ly\/2kscIbE\" target=\"_blank\" rel=\"noopener\"><span style=\"font-weight: 400;\">Quilombos hist\u00f3ricos<\/span><\/a><span style=\"font-weight: 400;\"> eram as comunidades dos escravos fugitivos e podem ser encontradas em \u00e1reas urbanas e rurais. <\/span><a href=\"http:\/\/bit.ly\/2IPF762\" target=\"_blank\" rel=\"noopener\"><span style=\"font-weight: 400;\">Quilombos contempor\u00e2neos<\/span><\/a><span style=\"font-weight: 400;\"> por outro lado, s\u00e3o comunidades urbanas ou rurais de descendentes de escravos que desenvolveram tradi\u00e7\u00f5es culturais e\/ou religiosas ligadas \u00e0 sua ascend\u00eancia negra e s\u00e3o insepar\u00e1veis dos seus territ\u00f3rios. Frequentemente, uma comunidade come\u00e7a a identificar-se como quilombo porque est\u00e1 tendo conflitos de terras, por isso os quilombos hoje tamb\u00e9m s\u00e3o <\/span><a href=\"http:\/\/bit.ly\/2J7if53\" target=\"_blank\" rel=\"noopener\"><span style=\"font-weight: 400;\">um movimento pelo direito \u00e0 terra<\/span><\/a><span style=\"font-weight: 400;\">. Seus territ\u00f3rios s\u00e3o indispens\u00e1veis para a sua sobreviv\u00eancia cultural e f\u00edsica. Portanto, muitos surgiram como quilombos somente ap\u00f3s a Constitui\u00e7\u00e3o de 1988. Na cidade do Rio, <\/span><a href=\"http:\/\/bit.ly\/2klorrA\" target=\"_blank\" rel=\"noopener\"><span style=\"font-weight: 400;\">Pedra do Sal<\/span><\/a><span style=\"font-weight: 400;\">, <\/span><a href=\"http:\/\/bit.ly\/1SIHdD8\" target=\"_blank\" rel=\"noopener\"><span style=\"font-weight: 400;\">Camorim<\/span><\/a><span style=\"font-weight: 400;\">, e Sacop\u00e3 s\u00e3o as tr\u00eas comunidades atualmente identificadas com quilombos.<\/span><\/p>\n<p><a href=\"http:\/\/rioonwatch.org.br\/wp-content\/uploads\/2018\/05\/Sacopa\u0303-Image-2.jpg\"><img decoding=\"async\" class=\"aligncenter wp-image-33368 size-content\" title=\"O grupo de samba Sacop\u00e3. Foto de Evgeny Makarov.\" src=\"http:\/\/rioonwatch.org.br\/wp-content\/uploads\/2018\/05\/Sacopa\u0303-Image-2-620x264.jpg\" alt=\"\" width=\"620\" height=\"264\" srcset=\"https:\/\/rioonwatch.org.br\/wp-content\/uploads\/2018\/05\/Sacopa\u0303-Image-2-620x264.jpg 620w, https:\/\/rioonwatch.org.br\/wp-content\/uploads\/2018\/05\/Sacopa\u0303-Image-2-940x400.jpg 940w\" sizes=\"(max-width: 620px) 100vw, 620px\" \/><\/a><\/p>\n<h3>Celebrando o Quilombo Sacop\u00e3<\/h3>\n<p><span style=\"font-weight: 400;\">No s\u00e1bado, a comunidade reconheceu o anivers\u00e1rio da aboli\u00e7\u00e3o da escravatura com sentimentos contradit\u00f3rios. Como Luiz Sacop\u00e3, presidente da associa\u00e7\u00e3o do Sacop\u00e3, explicou, \u201cos movimentos negros n\u00e3o comemoram esta data, porque a aboli\u00e7\u00e3o trouxe <\/span><a href=\"http:\/\/bit.ly\/2KWwYxf\" target=\"_blank\" rel=\"noopener\"><span style=\"font-weight: 400;\">certa liberdade, mas n\u00e3o dignidade<\/span><\/a><span style=\"font-weight: 400;\">, e, at\u00e9 hoje, n\u00e3o conseguimos esta dignidade\u201d. A aboli\u00e7\u00e3o acabou com a <\/span><a href=\"http:\/\/bit.ly\/2kphWoo\" target=\"_blank\" rel=\"noopener\"><span style=\"font-weight: 400;\">economia baseada nos escravos<\/span><\/a><span style=\"font-weight: 400;\"> no Brasil, mas leis promulgadas anteriormente, como a <\/span><a href=\"http:\/\/bit.ly\/2KVhZ6I\" target=\"_blank\" rel=\"noopener\"><span style=\"font-weight: 400;\">Lei de Terras de 1850<\/span><\/a><span style=\"font-weight: 400;\">, <\/span><span style=\"font-weight: 400;\">impediram o <a href=\"http:\/\/bit.ly\/2kaXTd5\" target=\"_blank\" rel=\"noopener\">acesso dos escravos rec\u00e9m-libertados \u00e0s terras<\/a><\/span><span style=\"font-weight: 400;\">, e o Brasil independente continuou a negar cidadania substancial \u00e0s suas popula\u00e7\u00f5es negras e <\/span><a href=\"http:\/\/bit.ly\/2aARN17\"><span style=\"font-weight: 400;\">ind\u00edgenas<\/span><\/a><span style=\"font-weight: 400;\">.<\/span><\/p>\n<p><span style=\"font-weight: 400;\">Para Luiz, o evento em si marcou uma oportunidade de desafiar esta falta de dignidade e respeito. A fam\u00edlia est\u00e1 proibida de organizar eventos no seu territ\u00f3rio, apesar do <\/span><a href=\"http:\/\/bit.ly\/2wWizPs\" target=\"_blank\" rel=\"noopener\"><span style=\"font-weight: 400;\">Artigo 215 da Constitui\u00e7\u00e3o<\/span><\/a><span style=\"font-weight: 400;\"> garantir aos quilombolas o direito de praticar a sua <\/span><a href=\"http:\/\/bit.ly\/1ruUDso\" target=\"_blank\" rel=\"noopener\"><span style=\"font-weight: 400;\">cultura<\/span><\/a><span style=\"font-weight: 400;\">. Nos 1980, Sacop\u00e3 era famoso por seus <\/span><span style=\"font-weight: 400;\">eventos de samba e\u00a0<\/span><a href=\"http:\/\/bit.ly\/1luCNFo\" target=\"_blank\" rel=\"noopener\"><span style=\"font-weight: 400;\">pagode<\/span><\/a>\u00a0<span style=\"font-weight: 400;\">conhecidos como <a href=\"http:\/\/bit.ly\/2x3DYWK\" target=\"_blank\" rel=\"noopener\">S\u00f3 na Lenha<\/a><\/span><span style=\"font-weight: 400;\">,<\/span><span style=\"font-weight: 400;\"> onde os moradores serviam a tradicional feijoada, cozida no fog\u00e3o a lenha. Entretanto, reclama\u00e7\u00f5es quanto a barulho pelos vizinhos levou a pol\u00edcia a proibir a comunidade de continuar esta importante tradi\u00e7\u00e3o. S\u00f3 na Lenha n\u00e3o era somente uma importante fonte de renda para a comunidade, mas tamb\u00e9m uma express\u00e3o importante da sua ascend\u00eancia negra. Os membros da fam\u00edlia como Luiz e a falecida Tia Nen\u00e9m tamb\u00e9m eram cantores e compositores de samba.<\/span><\/p>\n<p><a href=\"http:\/\/rioonwatch.org.br\/wp-content\/uploads\/2018\/05\/Sacopa\u0303-Image-6.jpg\"><img loading=\"lazy\" decoding=\"async\" class=\"alignright wp-image-33370\" title=\"O l\u00edder comunit\u00e1rio Luiz Sacop\u00e3 canta com Noca da Portela e o grupo carnavalesco Rola Pregui\u00e7osa. Foto por Desir\u00e9e Poets\" src=\"http:\/\/rioonwatch.org.br\/wp-content\/uploads\/2018\/05\/Sacopa\u0303-Image-6.jpg\" alt=\"\" width=\"225\" height=\"300\" srcset=\"https:\/\/rioonwatch.org.br\/wp-content\/uploads\/2018\/05\/Sacopa\u0303-Image-6.jpg 720w, https:\/\/rioonwatch.org.br\/wp-content\/uploads\/2018\/05\/Sacopa\u0303-Image-6-198x264.jpg 198w, https:\/\/rioonwatch.org.br\/wp-content\/uploads\/2018\/05\/Sacopa\u0303-Image-6-465x620.jpg 465w\" sizes=\"(max-width: 225px) 100vw, 225px\" \/><\/a><span style=\"font-weight: 400;\">As reclama\u00e7\u00f5es dos vizinhos levaram ao ac\u00famulo de multas e v\u00e1rias interven\u00e7\u00f5es policiais no territ\u00f3rio. Durante um tempo, a pol\u00edcia at\u00e9 trancou a cozinha comunit\u00e1ria e dois policiais moraram na comunidade para vigiar a fam\u00edlia 24\/7. Apesar do reconhecimento de Sacop\u00e3 como quilombo e como <\/span><a href=\"http:\/\/bit.ly\/2wUGYVm\" target=\"_blank\" rel=\"noopener\"><span style=\"font-weight: 400;\">Uma \u00c1rea de Especial Interesse Cultural<\/span><\/a><span style=\"font-weight: 400;\">, o direito constitucional dos moradores de expressar a sua cultura n\u00e3o tem sido respeitado at\u00e9 agora. \u201cEstamos comemorando esta ocasi\u00e3o\u201d, Luiz explicou, \u201cporque estamos legalmente proibidos de realizar qualquer tipo de manifesta\u00e7\u00e3o cultural na nossa terra\u201d. Portanto, nos dias 13 de maio e 20 de novembro (<\/span><a href=\"http:\/\/bit.ly\/2IL0mG4\" target=\"_blank\" rel=\"noopener\"><span style=\"font-weight: 400;\">Dia da Consci\u00eancia Negra<\/span><\/a><span style=\"font-weight: 400;\">, ou dia do Zumbi), os Pintos organizam uma feijoada e samba para testar a rea\u00e7\u00e3o do sistema judicial do Rio. Como Luiz apontou, \u201cpara n\u00f3s [13 de maio] \u00e9 um dia triste, mas \u00e9 um dia em que podemos manifestar a nossa cultura\u201d.<\/span><\/p>\n<p><span style=\"font-weight: 400;\">Portanto, o evento de s\u00e1bado teve o prop\u00f3sito pol\u00edtico de trazer visibilidade para esta injusti\u00e7a cont\u00ednua, e reenergizar a luta dos moradores pela terra na Lagoa. Como Cl\u00e1udio, um membro do Sacop\u00e3 notou, estas manifesta\u00e7\u00f5es culturais s\u00e3o importantes para transmitir um sentido de pertencer e <\/span><a href=\"http:\/\/bit.ly\/18XWyPf\" target=\"_blank\" rel=\"noopener\"><span style=\"font-weight: 400;\">orgulho<\/span><\/a><span style=\"font-weight: 400;\"> para as gera\u00e7\u00f5es mais jovens mostrando-lhes que a comunidade tem \u201cuma especificidade e hist\u00f3ria de <\/span><a href=\"http:\/\/bit.ly\/1piRAgk\" target=\"_blank\" rel=\"noopener\"><span style=\"font-weight: 400;\">resist\u00eancia<\/span><\/a><span style=\"font-weight: 400;\"> naquele territ\u00f3rio\u201d. Esta gera\u00e7\u00e3o mais jovem, como os filhos do Cl\u00e1udio, foi for\u00e7ada a crescer distante destas tradi\u00e7\u00f5es culturais.<\/span><\/p>\n<p><span style=\"font-weight: 400;\">Apesar destes desafios constantes, as moradoras do Sacop\u00e3, Tina e M\u00e1rcia, serviram a sua famosa feijoada, enquanto o conjunto de samba do Sacop\u00e3 e o cantor e compositor Noca da Portela garantiram uma atmosfera animada. Outros m\u00fasicos, apoiadores, e pol\u00edticos compareceram ao evento.<\/span><\/p>\n<p><a href=\"http:\/\/rioonwatch.org.br\/wp-content\/uploads\/2018\/05\/Sacopa6-Image-7.jpg\"><img loading=\"lazy\" decoding=\"async\" class=\"aligncenter wp-image-33375 size-content\" title=\"Os membros da fam\u00edlia prepararam e serviram a famosa feijoada. Na \u00e1rea de servi\u00e7o, um grande quadro da falecida e amada tia Nen\u00e9m. Foto por Desir\u00e9e Poets\" src=\"http:\/\/rioonwatch.org.br\/wp-content\/uploads\/2018\/05\/Sacopa6-Image-7-620x264.jpg\" alt=\"\" width=\"620\" height=\"264\" srcset=\"https:\/\/rioonwatch.org.br\/wp-content\/uploads\/2018\/05\/Sacopa6-Image-7-620x264.jpg 620w, https:\/\/rioonwatch.org.br\/wp-content\/uploads\/2018\/05\/Sacopa6-Image-7-940x400.jpg 940w\" sizes=\"(max-width: 620px) 100vw, 620px\" \/><\/a><\/p>\n<h3><b>A luta pela terra continua<\/b><\/h3>\n<p><span style=\"font-weight: 400;\">Assim como os direitos \u00e0s terras dos ind\u00edgenas, os direitos \u00e0s terras dos quilombos est\u00e3o sob a forma de um t\u00edtulo coletivo de terras e s\u00e3o implementados atrav\u00e9s de um processo administrativo <\/span><a href=\"http:\/\/bit.ly\/2rXTUnY\" target=\"_blank\" rel=\"noopener\"><span style=\"font-weight: 400;\">com cerca de sete etapas<\/span><\/a><span style=\"font-weight: 400;\">. Atualmente Sacop\u00e3 est\u00e1 chegando \u00e0 etapa seis, na qual os invasores vivendo nas terras da comunidade s\u00e3o removidos e compensados. O \u00faltimo marco no seu processo de demarca\u00e7\u00e3o foi em 2014, quando <\/span><a href=\"http:\/\/bit.ly\/1mU8w22\" target=\"_blank\" rel=\"noopener\"><span style=\"font-weight: 400;\">Sacop\u00e3 recebeu a documenta\u00e7\u00e3o da \u201cportaria de reconhecimento&#8221;<\/span><\/a><span style=\"font-weight: 400;\">, que reconheceu a comunidade como quilombo e delimitou a sua terra coletiva. &#8220;Desde ent\u00e3o&#8221;, Luiz afirmou que, \u201cas coisas ficaram um pouco mais calmas, nos sentimos um pouco mais seguros\u201d.<\/span><\/p>\n<p><span style=\"font-weight: 400;\">Desde 2003, a regulariza\u00e7\u00e3o dos t\u00edtulos de terra dos quilombos passou a ser responsabilidade do instituto federal INCRA. Nos \u00faltimos cinco anos, no entanto, o <\/span><a href=\"http:\/\/bit.ly\/2rWJ42d\" target=\"_blank\" rel=\"noopener\"><span style=\"font-weight: 400;\">or\u00e7amento para a demarca\u00e7\u00e3o dos quilombos foi reduzido drasticamente<\/span><\/a><span style=\"font-weight: 400;\">, atrasando e complicando ainda mais <\/span><a href=\"http:\/\/bit.ly\/2Ixv3hI\" target=\"_blank\" rel=\"noopener\"><span style=\"font-weight: 400;\">um processo que j\u00e1 era prolongado<\/span><\/a><span style=\"font-weight: 400;\">. Uma consequ\u00eancia deste corte no or\u00e7amento \u00e9 que isto dificulta a remo\u00e7\u00e3o e compensa\u00e7\u00e3o dos invasores nas terras dos quilombos, por isso v\u00e1rias comunidades, inclusive Sacop\u00e3, foram for\u00e7adas a reduzir os per\u00edmetros dos seus territ\u00f3rios tradicionais para excluir os lotes invadidos por intrusos.<\/span><\/p>\n<p><span style=\"font-weight: 400;\">Al\u00e9m dos atrasos nos processos de demarca\u00e7\u00e3o, os quilombolas em todo o Brasil tamb\u00e9m t\u00eam <\/span><a href=\"http:\/\/bit.ly\/2IV4UN6\" target=\"_blank\" rel=\"noopener\"><span style=\"font-weight: 400;\">enfrentado crescentes incidentes e amea\u00e7as de viol\u00eancia<\/span><\/a><span style=\"font-weight: 400;\">, que afetam v\u00e1rios tipos de ativistas pol\u00edticos em todo o pa\u00eds. Em 2017, o <\/span><a href=\"http:\/\/bit.ly\/2KTK5iv\" target=\"_blank\" rel=\"noopener\"><span style=\"font-weight: 400;\">n\u00famero de l\u00edderes dos quilombos assassinados no Brasil cresceu para 14<\/span><\/a><span style=\"font-weight: 400;\">, em compara\u00e7\u00e3o aos oito assassinatos documentados em 2016 e apenas um em 2015.<\/span><\/p>\n<p><span style=\"font-weight: 400;\">No entanto, Sacop\u00e3 \u00e9 uma prova do poder da resist\u00eancia. A fam\u00edlia, afinal, permaneceu no seu territ\u00f3rio e continua a prosperar, resistindo <\/span><a href=\"http:\/\/bit.ly\/11tBtBo\" target=\"_blank\" rel=\"noopener\"><span style=\"font-weight: 400;\">\u00e0 especula\u00e7\u00e3o imobili\u00e1ria<\/span><\/a><span style=\"font-weight: 400;\">, privil\u00e9gio, e <\/span><a href=\"http:\/\/bit.ly\/1KiFeTl\" target=\"_blank\" rel=\"noopener\"><span style=\"font-weight: 400;\">racismo<\/span><\/a><span style=\"font-weight: 400;\"> em um dos bairros mais ricos do Rio.<\/span><\/p>\n<!-- AddThis Advanced Settings generic via filter on the_content --><!-- AddThis Share Buttons generic via filter on the_content -->","protected":false},"excerpt":{"rendered":"<div class=\"mh-excerpt\"><p>Click Here for English No dia 12 de maio, o Quilombo Sacop\u00e3 organizou um evento com uma tradicional feijoada e samba, no contexto do 13 de maio, marcando 130 anos da aboli\u00e7\u00e3o da escravatura no <a class=\"mh-excerpt-more\" href=\"https:\/\/rioonwatch.org.br\/?p=33335\" title=\"130 Anos Ap\u00f3s a Aboli\u00e7\u00e3o, Quilombo Sacop\u00e3 Resiste Atrav\u00e9s de Tradicional Feijoada e Samba\">[&#8230;]<\/a><!-- AddThis Advanced Settings generic via filter on get_the_excerpt --><!-- AddThis Share Buttons generic via filter on get_the_excerpt --><\/p>\n<\/div>","protected":false},"author":129,"featured_media":33337,"comment_status":"closed","ping_status":"closed","sticky":false,"template":"","format":"standard","meta":{"_acf_changed":false,"_monsterinsights_skip_tracking":false,"_monsterinsights_sitenote_active":false,"_monsterinsights_sitenote_note":"","_monsterinsights_sitenote_category":0,"footnotes":""},"categories":[1614,1621,1627,346,1626,344],"tags":[3253,948,81,513,413,550,514,396,922,1223,395,128,1551,647,567,905,14,432,650,900,383,1330],"writer":[1275],"translator":[1875],"source":[],"ilustrador":[],"fotografo":[],"class_list":{"0":"post-33335","1":"post","2":"type-post","3":"status-publish","4":"format-standard","5":"has-post-thumbnail","7":"category-olhonasremocoes","8":"category-destaque","9":"category-relato-de-evento","10":"category-denuncias","11":"category-por-observadores-internacionais","12":"category-politicas","13":"tag-antirracismo","14":"tag-coletivo","15":"tag-cultura","16":"tag-cultura-afro-brasileira","17":"tag-desigualdade","18":"tag-direito-a-terra","19":"tag-escravidao","20":"tag-especulacao-imobiliaria","21":"tag-evento","22":"tag-feijoada","23":"tag-gentrificacao-remocao-branca","24":"tag-historia","25":"tag-lagoa","26":"tag-pagode","27":"tag-quilombo","28":"tag-quilombo-do-sacopa","29":"tag-remocao","30":"tag-resistencia","31":"tag-samba","32":"tag-titulacao-de-terras","33":"tag-zona-sul","34":"tag-zumbi-dos-palmares","35":"writer-desiree-poets","36":"translator-marina-hennies"},"acf":[],"yoast_head":"<!-- This site is optimized with the Yoast SEO plugin v25.6 - https:\/\/yoast.com\/wordpress\/plugins\/seo\/ -->\n<title>130 Anos Ap\u00f3s a Aboli\u00e7\u00e3o, Quilombo Sacop\u00e3 Resiste Atrav\u00e9s de Tradicional Feijoada e Samba - RioOnWatch<\/title>\n<meta name=\"robots\" content=\"index, follow, max-snippet:-1, max-image-preview:large, max-video-preview:-1\" \/>\n<link rel=\"canonical\" href=\"https:\/\/rioonwatch.org.br\/?p=33335\" \/>\n<meta property=\"og:locale\" content=\"pt_BR\" \/>\n<meta property=\"og:type\" content=\"article\" \/>\n<meta property=\"og:title\" content=\"130 Anos Ap\u00f3s a Aboli\u00e7\u00e3o, Quilombo Sacop\u00e3 Resiste Atrav\u00e9s de Tradicional Feijoada e Samba - RioOnWatch\" \/>\n<meta property=\"og:description\" content=\"Click Here for English No dia 12 de maio, o Quilombo Sacop\u00e3 organizou um evento com uma tradicional feijoada e samba, no contexto do 13 de maio, marcando 130 anos da aboli\u00e7\u00e3o da escravatura no [...]\" \/>\n<meta property=\"og:url\" content=\"https:\/\/rioonwatch.org.br\/?p=33335\" \/>\n<meta property=\"og:site_name\" content=\"RioOnWatch\" \/>\n<meta property=\"article:published_time\" content=\"2018-05-25T23:49:33+00:00\" \/>\n<meta property=\"article:modified_time\" content=\"2024-05-24T15:40:12+00:00\" \/>\n<meta property=\"og:image\" content=\"https:\/\/rioonwatch.org.br\/wp-content\/uploads\/2018\/05\/Sacopa\u0303-Image-3-scaled.jpg\" \/>\n\t<meta property=\"og:image:width\" content=\"2560\" \/>\n\t<meta property=\"og:image:height\" content=\"1707\" \/>\n\t<meta property=\"og:image:type\" content=\"image\/jpeg\" \/>\n<meta name=\"author\" content=\"Admin\" \/>\n<meta name=\"twitter:card\" content=\"summary_large_image\" \/>\n<meta name=\"twitter:label1\" content=\"Escrito por\" \/>\n\t<meta name=\"twitter:data1\" content=\"Admin\" \/>\n\t<meta name=\"twitter:label2\" content=\"Est. tempo de leitura\" \/>\n\t<meta name=\"twitter:data2\" content=\"7 minutos\" \/>\n<script type=\"application\/ld+json\" class=\"yoast-schema-graph\">{\"@context\":\"https:\/\/schema.org\",\"@graph\":[{\"@type\":\"Article\",\"@id\":\"https:\/\/rioonwatch.org.br\/?p=33335#article\",\"isPartOf\":{\"@id\":\"https:\/\/rioonwatch.org.br\/?p=33335\"},\"author\":{\"name\":\"Admin\",\"@id\":\"https:\/\/rioonwatch.org.br\/#\/schema\/person\/11d64c290506f9df50c71b850c473f68\"},\"headline\":\"130 Anos Ap\u00f3s a Aboli\u00e7\u00e3o, Quilombo Sacop\u00e3 Resiste Atrav\u00e9s de Tradicional Feijoada e Samba\",\"datePublished\":\"2018-05-25T23:49:33+00:00\",\"dateModified\":\"2024-05-24T15:40:12+00:00\",\"mainEntityOfPage\":{\"@id\":\"https:\/\/rioonwatch.org.br\/?p=33335\"},\"wordCount\":1328,\"publisher\":{\"@id\":\"https:\/\/rioonwatch.org.br\/#organization\"},\"image\":{\"@id\":\"https:\/\/rioonwatch.org.br\/?p=33335#primaryimage\"},\"thumbnailUrl\":\"https:\/\/rioonwatch.org.br\/wp-content\/uploads\/2018\/05\/Sacopa\u0303-Image-3-scaled.jpg\",\"keywords\":[\"Antirracismo\",\"coletivo\",\"cultura\",\"Cultura Afro-brasileira\",\"desigualdade\",\"direito \u00e0 terra\",\"escravid\u00e3o\",\"especula\u00e7\u00e3o imobili\u00e1ria\",\"evento\",\"feijoada\",\"gentrifica\u00e7\u00e3o\",\"hist\u00f3ria\",\"Lagoa\",\"pagode\",\"Quilombo\",\"Quilombo Sacop\u00e3\",\"Remo\u00e7\u00e3o\",\"resist\u00eancia\",\"samba\",\"titula\u00e7\u00e3o de terras\",\"Zona Sul\",\"Zumbi dos Palmares\"],\"articleSection\":[\"#OlhoNasRemo\u00e7\u00f5es\",\"*Destaque\",\"Cobertura de Eventos\",\"Den\u00fancias\",\"Escrito por Aliados\",\"Pol\u00edticas\"],\"inLanguage\":\"pt-BR\"},{\"@type\":\"WebPage\",\"@id\":\"https:\/\/rioonwatch.org.br\/?p=33335\",\"url\":\"https:\/\/rioonwatch.org.br\/?p=33335\",\"name\":\"130 Anos Ap\u00f3s a Aboli\u00e7\u00e3o, Quilombo Sacop\u00e3 Resiste Atrav\u00e9s de Tradicional Feijoada e Samba - RioOnWatch\",\"isPartOf\":{\"@id\":\"https:\/\/rioonwatch.org.br\/#website\"},\"primaryImageOfPage\":{\"@id\":\"https:\/\/rioonwatch.org.br\/?p=33335#primaryimage\"},\"image\":{\"@id\":\"https:\/\/rioonwatch.org.br\/?p=33335#primaryimage\"},\"thumbnailUrl\":\"https:\/\/rioonwatch.org.br\/wp-content\/uploads\/2018\/05\/Sacopa\u0303-Image-3-scaled.jpg\",\"datePublished\":\"2018-05-25T23:49:33+00:00\",\"dateModified\":\"2024-05-24T15:40:12+00:00\",\"breadcrumb\":{\"@id\":\"https:\/\/rioonwatch.org.br\/?p=33335#breadcrumb\"},\"inLanguage\":\"pt-BR\",\"potentialAction\":[{\"@type\":\"ReadAction\",\"target\":[\"https:\/\/rioonwatch.org.br\/?p=33335\"]}]},{\"@type\":\"ImageObject\",\"inLanguage\":\"pt-BR\",\"@id\":\"https:\/\/rioonwatch.org.br\/?p=33335#primaryimage\",\"url\":\"https:\/\/rioonwatch.org.br\/wp-content\/uploads\/2018\/05\/Sacopa\u0303-Image-3-scaled.jpg\",\"contentUrl\":\"https:\/\/rioonwatch.org.br\/wp-content\/uploads\/2018\/05\/Sacopa\u0303-Image-3-scaled.jpg\",\"width\":2560,\"height\":1707},{\"@type\":\"BreadcrumbList\",\"@id\":\"https:\/\/rioonwatch.org.br\/?p=33335#breadcrumb\",\"itemListElement\":[{\"@type\":\"ListItem\",\"position\":1,\"name\":\"In\u00edcio\",\"item\":\"https:\/\/rioonwatch.org.br\/\"},{\"@type\":\"ListItem\",\"position\":2,\"name\":\"130 Anos Ap\u00f3s a Aboli\u00e7\u00e3o, Quilombo Sacop\u00e3 Resiste Atrav\u00e9s de Tradicional Feijoada e Samba\"}]},{\"@type\":\"WebSite\",\"@id\":\"https:\/\/rioonwatch.org.br\/#website\",\"url\":\"https:\/\/rioonwatch.org.br\/\",\"name\":\"RioOnWatch\",\"description\":\"relatos das favelas cariocas\",\"publisher\":{\"@id\":\"https:\/\/rioonwatch.org.br\/#organization\"},\"potentialAction\":[{\"@type\":\"SearchAction\",\"target\":{\"@type\":\"EntryPoint\",\"urlTemplate\":\"https:\/\/rioonwatch.org.br\/?s={search_term_string}\"},\"query-input\":{\"@type\":\"PropertyValueSpecification\",\"valueRequired\":true,\"valueName\":\"search_term_string\"}}],\"inLanguage\":\"pt-BR\"},{\"@type\":\"Organization\",\"@id\":\"https:\/\/rioonwatch.org.br\/#organization\",\"name\":\"RioOnWatch\",\"url\":\"https:\/\/rioonwatch.org.br\/\",\"logo\":{\"@type\":\"ImageObject\",\"inLanguage\":\"pt-BR\",\"@id\":\"https:\/\/rioonwatch.org.br\/#\/schema\/logo\/image\/\",\"url\":\"https:\/\/rioonwatch.org.br\/wp-content\/uploads\/2021\/06\/RioOnWatchcabecalhoPT11anos-2.png\",\"contentUrl\":\"https:\/\/rioonwatch.org.br\/wp-content\/uploads\/2021\/06\/RioOnWatchcabecalhoPT11anos-2.png\",\"width\":779,\"height\":277,\"caption\":\"RioOnWatch\"},\"image\":{\"@id\":\"https:\/\/rioonwatch.org.br\/#\/schema\/logo\/image\/\"}},{\"@type\":\"Person\",\"@id\":\"https:\/\/rioonwatch.org.br\/#\/schema\/person\/11d64c290506f9df50c71b850c473f68\",\"name\":\"Admin\",\"image\":{\"@type\":\"ImageObject\",\"inLanguage\":\"pt-BR\",\"@id\":\"https:\/\/rioonwatch.org.br\/#\/schema\/person\/image\/\",\"url\":\"https:\/\/secure.gravatar.com\/avatar\/56211ac74568383903349a1485e3c325?s=96&d=blank&r=g\",\"contentUrl\":\"https:\/\/secure.gravatar.com\/avatar\/56211ac74568383903349a1485e3c325?s=96&d=blank&r=g\",\"caption\":\"Admin\"},\"url\":\"https:\/\/rioonwatch.org.br\/?author=129\"}]}<\/script>\n<!-- \/ Yoast SEO plugin. -->","yoast_head_json":{"title":"130 Anos Ap\u00f3s a Aboli\u00e7\u00e3o, Quilombo Sacop\u00e3 Resiste Atrav\u00e9s de Tradicional Feijoada e Samba - RioOnWatch","robots":{"index":"index","follow":"follow","max-snippet":"max-snippet:-1","max-image-preview":"max-image-preview:large","max-video-preview":"max-video-preview:-1"},"canonical":"https:\/\/rioonwatch.org.br\/?p=33335","og_locale":"pt_BR","og_type":"article","og_title":"130 Anos Ap\u00f3s a Aboli\u00e7\u00e3o, Quilombo Sacop\u00e3 Resiste Atrav\u00e9s de Tradicional Feijoada e Samba - RioOnWatch","og_description":"Click Here for English No dia 12 de maio, o Quilombo Sacop\u00e3 organizou um evento com uma tradicional feijoada e samba, no contexto do 13 de maio, marcando 130 anos da aboli\u00e7\u00e3o da escravatura no [...]","og_url":"https:\/\/rioonwatch.org.br\/?p=33335","og_site_name":"RioOnWatch","article_published_time":"2018-05-25T23:49:33+00:00","article_modified_time":"2024-05-24T15:40:12+00:00","og_image":[{"width":2560,"height":1707,"url":"https:\/\/rioonwatch.org.br\/wp-content\/uploads\/2018\/05\/Sacopa\u0303-Image-3-scaled.jpg","type":"image\/jpeg"}],"author":"Admin","twitter_card":"summary_large_image","twitter_misc":{"Escrito por":"Admin","Est. tempo de leitura":"7 minutos"},"schema":{"@context":"https:\/\/schema.org","@graph":[{"@type":"Article","@id":"https:\/\/rioonwatch.org.br\/?p=33335#article","isPartOf":{"@id":"https:\/\/rioonwatch.org.br\/?p=33335"},"author":{"name":"Admin","@id":"https:\/\/rioonwatch.org.br\/#\/schema\/person\/11d64c290506f9df50c71b850c473f68"},"headline":"130 Anos Ap\u00f3s a Aboli\u00e7\u00e3o, Quilombo Sacop\u00e3 Resiste Atrav\u00e9s de Tradicional Feijoada e Samba","datePublished":"2018-05-25T23:49:33+00:00","dateModified":"2024-05-24T15:40:12+00:00","mainEntityOfPage":{"@id":"https:\/\/rioonwatch.org.br\/?p=33335"},"wordCount":1328,"publisher":{"@id":"https:\/\/rioonwatch.org.br\/#organization"},"image":{"@id":"https:\/\/rioonwatch.org.br\/?p=33335#primaryimage"},"thumbnailUrl":"https:\/\/rioonwatch.org.br\/wp-content\/uploads\/2018\/05\/Sacopa\u0303-Image-3-scaled.jpg","keywords":["Antirracismo","coletivo","cultura","Cultura Afro-brasileira","desigualdade","direito \u00e0 terra","escravid\u00e3o","especula\u00e7\u00e3o imobili\u00e1ria","evento","feijoada","gentrifica\u00e7\u00e3o","hist\u00f3ria","Lagoa","pagode","Quilombo","Quilombo Sacop\u00e3","Remo\u00e7\u00e3o","resist\u00eancia","samba","titula\u00e7\u00e3o de terras","Zona Sul","Zumbi dos Palmares"],"articleSection":["#OlhoNasRemo\u00e7\u00f5es","*Destaque","Cobertura de Eventos","Den\u00fancias","Escrito por Aliados","Pol\u00edticas"],"inLanguage":"pt-BR"},{"@type":"WebPage","@id":"https:\/\/rioonwatch.org.br\/?p=33335","url":"https:\/\/rioonwatch.org.br\/?p=33335","name":"130 Anos Ap\u00f3s a Aboli\u00e7\u00e3o, Quilombo Sacop\u00e3 Resiste Atrav\u00e9s de Tradicional Feijoada e Samba - RioOnWatch","isPartOf":{"@id":"https:\/\/rioonwatch.org.br\/#website"},"primaryImageOfPage":{"@id":"https:\/\/rioonwatch.org.br\/?p=33335#primaryimage"},"image":{"@id":"https:\/\/rioonwatch.org.br\/?p=33335#primaryimage"},"thumbnailUrl":"https:\/\/rioonwatch.org.br\/wp-content\/uploads\/2018\/05\/Sacopa\u0303-Image-3-scaled.jpg","datePublished":"2018-05-25T23:49:33+00:00","dateModified":"2024-05-24T15:40:12+00:00","breadcrumb":{"@id":"https:\/\/rioonwatch.org.br\/?p=33335#breadcrumb"},"inLanguage":"pt-BR","potentialAction":[{"@type":"ReadAction","target":["https:\/\/rioonwatch.org.br\/?p=33335"]}]},{"@type":"ImageObject","inLanguage":"pt-BR","@id":"https:\/\/rioonwatch.org.br\/?p=33335#primaryimage","url":"https:\/\/rioonwatch.org.br\/wp-content\/uploads\/2018\/05\/Sacopa\u0303-Image-3-scaled.jpg","contentUrl":"https:\/\/rioonwatch.org.br\/wp-content\/uploads\/2018\/05\/Sacopa\u0303-Image-3-scaled.jpg","width":2560,"height":1707},{"@type":"BreadcrumbList","@id":"https:\/\/rioonwatch.org.br\/?p=33335#breadcrumb","itemListElement":[{"@type":"ListItem","position":1,"name":"In\u00edcio","item":"https:\/\/rioonwatch.org.br\/"},{"@type":"ListItem","position":2,"name":"130 Anos Ap\u00f3s a Aboli\u00e7\u00e3o, Quilombo Sacop\u00e3 Resiste Atrav\u00e9s de Tradicional Feijoada e Samba"}]},{"@type":"WebSite","@id":"https:\/\/rioonwatch.org.br\/#website","url":"https:\/\/rioonwatch.org.br\/","name":"RioOnWatch","description":"relatos das favelas cariocas","publisher":{"@id":"https:\/\/rioonwatch.org.br\/#organization"},"potentialAction":[{"@type":"SearchAction","target":{"@type":"EntryPoint","urlTemplate":"https:\/\/rioonwatch.org.br\/?s={search_term_string}"},"query-input":{"@type":"PropertyValueSpecification","valueRequired":true,"valueName":"search_term_string"}}],"inLanguage":"pt-BR"},{"@type":"Organization","@id":"https:\/\/rioonwatch.org.br\/#organization","name":"RioOnWatch","url":"https:\/\/rioonwatch.org.br\/","logo":{"@type":"ImageObject","inLanguage":"pt-BR","@id":"https:\/\/rioonwatch.org.br\/#\/schema\/logo\/image\/","url":"https:\/\/rioonwatch.org.br\/wp-content\/uploads\/2021\/06\/RioOnWatchcabecalhoPT11anos-2.png","contentUrl":"https:\/\/rioonwatch.org.br\/wp-content\/uploads\/2021\/06\/RioOnWatchcabecalhoPT11anos-2.png","width":779,"height":277,"caption":"RioOnWatch"},"image":{"@id":"https:\/\/rioonwatch.org.br\/#\/schema\/logo\/image\/"}},{"@type":"Person","@id":"https:\/\/rioonwatch.org.br\/#\/schema\/person\/11d64c290506f9df50c71b850c473f68","name":"Admin","image":{"@type":"ImageObject","inLanguage":"pt-BR","@id":"https:\/\/rioonwatch.org.br\/#\/schema\/person\/image\/","url":"https:\/\/secure.gravatar.com\/avatar\/56211ac74568383903349a1485e3c325?s=96&d=blank&r=g","contentUrl":"https:\/\/secure.gravatar.com\/avatar\/56211ac74568383903349a1485e3c325?s=96&d=blank&r=g","caption":"Admin"},"url":"https:\/\/rioonwatch.org.br\/?author=129"}]}},"_links":{"self":[{"href":"https:\/\/rioonwatch.org.br\/index.php?rest_route=\/wp\/v2\/posts\/33335"}],"collection":[{"href":"https:\/\/rioonwatch.org.br\/index.php?rest_route=\/wp\/v2\/posts"}],"about":[{"href":"https:\/\/rioonwatch.org.br\/index.php?rest_route=\/wp\/v2\/types\/post"}],"author":[{"embeddable":true,"href":"https:\/\/rioonwatch.org.br\/index.php?rest_route=\/wp\/v2\/users\/129"}],"replies":[{"embeddable":true,"href":"https:\/\/rioonwatch.org.br\/index.php?rest_route=%2Fwp%2Fv2%2Fcomments&post=33335"}],"version-history":[{"count":17,"href":"https:\/\/rioonwatch.org.br\/index.php?rest_route=\/wp\/v2\/posts\/33335\/revisions"}],"predecessor-version":[{"id":33411,"href":"https:\/\/rioonwatch.org.br\/index.php?rest_route=\/wp\/v2\/posts\/33335\/revisions\/33411"}],"wp:featuredmedia":[{"embeddable":true,"href":"https:\/\/rioonwatch.org.br\/index.php?rest_route=\/wp\/v2\/media\/33337"}],"wp:attachment":[{"href":"https:\/\/rioonwatch.org.br\/index.php?rest_route=%2Fwp%2Fv2%2Fmedia&parent=33335"}],"wp:term":[{"taxonomy":"category","embeddable":true,"href":"https:\/\/rioonwatch.org.br\/index.php?rest_route=%2Fwp%2Fv2%2Fcategories&post=33335"},{"taxonomy":"post_tag","embeddable":true,"href":"https:\/\/rioonwatch.org.br\/index.php?rest_route=%2Fwp%2Fv2%2Ftags&post=33335"},{"taxonomy":"writer","embeddable":true,"href":"https:\/\/rioonwatch.org.br\/index.php?rest_route=%2Fwp%2Fv2%2Fwriter&post=33335"},{"taxonomy":"translator","embeddable":true,"href":"https:\/\/rioonwatch.org.br\/index.php?rest_route=%2Fwp%2Fv2%2Ftranslator&post=33335"},{"taxonomy":"source","embeddable":true,"href":"https:\/\/rioonwatch.org.br\/index.php?rest_route=%2Fwp%2Fv2%2Fsource&post=33335"},{"taxonomy":"ilustrador","embeddable":true,"href":"https:\/\/rioonwatch.org.br\/index.php?rest_route=%2Fwp%2Fv2%2Filustrador&post=33335"},{"taxonomy":"fotografo","embeddable":true,"href":"https:\/\/rioonwatch.org.br\/index.php?rest_route=%2Fwp%2Fv2%2Ffotografo&post=33335"}],"curies":[{"name":"wp","href":"https:\/\/api.w.org\/{rel}","templated":true}]}}