{"id":33420,"date":"2018-05-31T10:20:37","date_gmt":"2018-05-31T13:20:37","guid":{"rendered":"http:\/\/rioonwatch.org.br\/?p=33420"},"modified":"2018-06-01T11:21:34","modified_gmt":"2018-06-01T14:21:34","slug":"serie-de-eventos-favelas-em-foto-chega-ao-santa-marta-imagens","status":"publish","type":"post","link":"https:\/\/rioonwatch.org.br\/?p=33420","title":{"rendered":"S\u00e9rie de Eventos \u2018Favelas em Foto\u2019 Chega ao Santa Marta [IMAGENS]"},"content":{"rendered":"<p style=\"text-align: right;\"><em><strong><a href=\"http:\/\/bit.ly\/2xo8uv0\" target=\"_blank\" rel=\"noopener noreferrer\">Click Here for English<img decoding=\"async\" width=\"20\" height=\"20\" class=\"alignright wp-image-15790\" src=\"http:\/\/rioonwatch.org.br\/wp-content\/uploads\/2012\/08\/EN-standard-e1439583104716.jpg\" \/><\/a><\/strong><\/em><\/p>\n<p><span style=\"font-weight: 400;\">O <a href=\"http:\/\/bit.ly\/2ke2hbx\" target=\"_blank\" rel=\"noopener\">quarto encontro do Favelas em Foto<\/a> aconteceu no dia 19 de maio, no <a href=\"http:\/\/bit.ly\/YZD9al\" target=\"_blank\" rel=\"noopener\">Santa Marta,<\/a>\u00a0organizado pelo <a href=\"http:\/\/bit.ly\/1Aq7NJ2\" target=\"_blank\" rel=\"noopener\">coletivo de fotografia Favela em Foco<\/a> em parceria com a <a href=\"http:\/\/bit.ly\/2JlJqJF\" target=\"_blank\" rel=\"noopener\">Funda\u00e7\u00e3o Rosa Luxemburgo<\/a>. O evento reuniu moradores do Santa Marta e fot\u00f3grafos para discutirem o processo de fotografia criativa e o papel da <a href=\"http:\/\/bit.ly\/1UuKXYj\" target=\"_blank\" rel=\"noopener\">fotografia<\/a> na <a href=\"http:\/\/bit.ly\/1OcSEDn\" target=\"_blank\" rel=\"noopener\">mem\u00f3ria<\/a> e <a href=\"http:\/\/bit.ly\/1PXkANu\" target=\"_blank\" rel=\"noopener\">hist\u00f3ria<\/a> da favela. O evento, que tinha como objetivo \u201couvir a opini\u00e3o dos moradores do Santa Marta sobre as fotos produzidas no local\u201d, foi um debate aberto entre profissionais e leigos interessados em imagens.<\/span><\/p>\n<p><span style=\"font-weight: 400;\">Essa edi\u00e7\u00e3o do Favelas em Foto aconteceu no <a href=\"http:\/\/bit.ly\/2kdDt3o\" target=\"_blank\" rel=\"noopener\">Ponto de Cultura Aos P\u00e9s do Santa Marta<\/a>, um centro cultural e art\u00edstico coordenado por Robespierre Avila. O fot\u00f3grafo Antoine Horenbeek capturou algumas cenas para o <em>RioOnWatch<\/em>.<\/span><em><span style=\"font-weight: 400;\"><br \/>\n<\/span><\/em><br \/>\n<span class=\"Apple-style-span\" style=\"font-size: 35px; letter-spacing: -1px; line-height: 35px;\">O grupo<\/span><\/p>\n<p><span style=\"font-weight: 400;\">Todos os participantes ao redor das mesas se apresentaram e contaram sua rela\u00e7\u00e3o com a fotografia.<\/span><span style=\"font-weight: 400;\"><br \/>\n<\/span><\/p>\n<p><a href=\"http:\/\/rioonwatch.org.br\/wp-content\/uploads\/2018\/05\/Favela-em-Foto_Santa-Marta_10_photo-by-Antoine-Horenbeek-1.jpg\"><img fetchpriority=\"high\" decoding=\"async\" class=\"aligncenter wp-image-33427 size-medium\" title=\"Foto por Antoine Horenbeek\" src=\"http:\/\/rioonwatch.org.br\/wp-content\/uploads\/2018\/05\/Favela-em-Foto_Santa-Marta_10_photo-by-Antoine-Horenbeek-1-620x413.jpg\" alt=\"\" width=\"620\" height=\"413\" srcset=\"https:\/\/rioonwatch.org.br\/wp-content\/uploads\/2018\/05\/Favela-em-Foto_Santa-Marta_10_photo-by-Antoine-Horenbeek-1-620x413.jpg 620w, https:\/\/rioonwatch.org.br\/wp-content\/uploads\/2018\/05\/Favela-em-Foto_Santa-Marta_10_photo-by-Antoine-Horenbeek-1-396x264.jpg 396w, https:\/\/rioonwatch.org.br\/wp-content\/uploads\/2018\/05\/Favela-em-Foto_Santa-Marta_10_photo-by-Antoine-Horenbeek-1-768x512.jpg 768w, https:\/\/rioonwatch.org.br\/wp-content\/uploads\/2018\/05\/Favela-em-Foto_Santa-Marta_10_photo-by-Antoine-Horenbeek-1-1024x682.jpg 1024w, https:\/\/rioonwatch.org.br\/wp-content\/uploads\/2018\/05\/Favela-em-Foto_Santa-Marta_10_photo-by-Antoine-Horenbeek-1.jpg 2000w\" sizes=\"(max-width: 620px) 100vw, 620px\" \/><\/a><\/p>\n<p><a href=\"http:\/\/rioonwatch.org.br\/wp-content\/uploads\/2018\/05\/Favela-em-Foto_Santa-Marta_11_photo-by-Antoine-Horenbeek-1.jpg\"><img decoding=\"async\" class=\"aligncenter wp-image-33428 size-medium\" title=\"Foto por Antoine Horenbeek\" src=\"http:\/\/rioonwatch.org.br\/wp-content\/uploads\/2018\/05\/Favela-em-Foto_Santa-Marta_11_photo-by-Antoine-Horenbeek-1-620x413.jpg\" alt=\"\" width=\"620\" height=\"413\" srcset=\"https:\/\/rioonwatch.org.br\/wp-content\/uploads\/2018\/05\/Favela-em-Foto_Santa-Marta_11_photo-by-Antoine-Horenbeek-1-620x413.jpg 620w, https:\/\/rioonwatch.org.br\/wp-content\/uploads\/2018\/05\/Favela-em-Foto_Santa-Marta_11_photo-by-Antoine-Horenbeek-1-396x264.jpg 396w, https:\/\/rioonwatch.org.br\/wp-content\/uploads\/2018\/05\/Favela-em-Foto_Santa-Marta_11_photo-by-Antoine-Horenbeek-1-768x512.jpg 768w, https:\/\/rioonwatch.org.br\/wp-content\/uploads\/2018\/05\/Favela-em-Foto_Santa-Marta_11_photo-by-Antoine-Horenbeek-1-1024x682.jpg 1024w, https:\/\/rioonwatch.org.br\/wp-content\/uploads\/2018\/05\/Favela-em-Foto_Santa-Marta_11_photo-by-Antoine-Horenbeek-1.jpg 2000w\" sizes=\"(max-width: 620px) 100vw, 620px\" \/><\/a><\/p>\n<p><span style=\"font-weight: 400;\">Erika Tambke, fot\u00f3grafa e coorganizadora do Favelas em Foto (junto com o fot\u00f3grafo Luiz Baltar), explicou o objetivo do evento. Erika tamb\u00e9m ofereceu uma <a href=\"http:\/\/bit.ly\/2ke2hbx\" target=\"_blank\" rel=\"noopener\">oficina de fotografia para moradores do Santa Marta<\/a>\u00a0de 21 a 25 de maio.<\/span><\/p>\n<p><a href=\"http:\/\/rioonwatch.org.br\/wp-content\/uploads\/2018\/05\/Favela-em-Foto_Santa-Marta_3_photo-by-Antoine-Horenbeek-1.jpg\"><img loading=\"lazy\" decoding=\"async\" class=\"aligncenter wp-image-33430 size-medium\" title=\"Erika Tambke. Foto por Antoine Horenbeek\" src=\"http:\/\/rioonwatch.org.br\/wp-content\/uploads\/2018\/05\/Favela-em-Foto_Santa-Marta_3_photo-by-Antoine-Horenbeek-1-620x413.jpg\" alt=\"\" width=\"620\" height=\"413\" srcset=\"https:\/\/rioonwatch.org.br\/wp-content\/uploads\/2018\/05\/Favela-em-Foto_Santa-Marta_3_photo-by-Antoine-Horenbeek-1-620x413.jpg 620w, https:\/\/rioonwatch.org.br\/wp-content\/uploads\/2018\/05\/Favela-em-Foto_Santa-Marta_3_photo-by-Antoine-Horenbeek-1-396x264.jpg 396w, https:\/\/rioonwatch.org.br\/wp-content\/uploads\/2018\/05\/Favela-em-Foto_Santa-Marta_3_photo-by-Antoine-Horenbeek-1-768x512.jpg 768w, https:\/\/rioonwatch.org.br\/wp-content\/uploads\/2018\/05\/Favela-em-Foto_Santa-Marta_3_photo-by-Antoine-Horenbeek-1-1024x682.jpg 1024w, https:\/\/rioonwatch.org.br\/wp-content\/uploads\/2018\/05\/Favela-em-Foto_Santa-Marta_3_photo-by-Antoine-Horenbeek-1.jpg 2000w\" sizes=\"(max-width: 620px) 100vw, 620px\" \/><\/a><\/p>\n<p><span class=\"Apple-style-span\" style=\"font-size: 35px; letter-spacing: -1px; line-height: 35px;\">As fotos<\/span><\/p>\n<p><span style=\"font-weight: 400;\">V\u00e1rias fotos que representam momentos especiais na hist\u00f3ria da favela&#8211;tiradas por fot\u00f3grafos do Santa Marta ou de outros lugares&#8211;foram distribu\u00eddas em uma mesa. O intuito era escolher fotos para iniciar a discuss\u00e3o e suscitar a mem\u00f3ria dos participantes. <\/span><\/p>\n<p><a href=\"http:\/\/rioonwatch.org.br\/wp-content\/uploads\/2018\/05\/Favela-em-Foto_Santa-Marta_1_photo-by-Antoine-Horenbeek-1-1.jpg\"><img loading=\"lazy\" decoding=\"async\" class=\"aligncenter wp-image-33432 size-medium\" title=\"Foto por Antoine Horenbeek\" src=\"http:\/\/rioonwatch.org.br\/wp-content\/uploads\/2018\/05\/Favela-em-Foto_Santa-Marta_1_photo-by-Antoine-Horenbeek-1-1-620x413.jpg\" alt=\"\" width=\"620\" height=\"413\" srcset=\"https:\/\/rioonwatch.org.br\/wp-content\/uploads\/2018\/05\/Favela-em-Foto_Santa-Marta_1_photo-by-Antoine-Horenbeek-1-1-620x413.jpg 620w, https:\/\/rioonwatch.org.br\/wp-content\/uploads\/2018\/05\/Favela-em-Foto_Santa-Marta_1_photo-by-Antoine-Horenbeek-1-1-396x264.jpg 396w, https:\/\/rioonwatch.org.br\/wp-content\/uploads\/2018\/05\/Favela-em-Foto_Santa-Marta_1_photo-by-Antoine-Horenbeek-1-1-768x512.jpg 768w, https:\/\/rioonwatch.org.br\/wp-content\/uploads\/2018\/05\/Favela-em-Foto_Santa-Marta_1_photo-by-Antoine-Horenbeek-1-1-1024x682.jpg 1024w, https:\/\/rioonwatch.org.br\/wp-content\/uploads\/2018\/05\/Favela-em-Foto_Santa-Marta_1_photo-by-Antoine-Horenbeek-1-1.jpg 2000w\" sizes=\"(max-width: 620px) 100vw, 620px\" \/><\/a><\/p>\n<p><a href=\"http:\/\/rioonwatch.org.br\/wp-content\/uploads\/2018\/05\/Favela-em-Foto_Santa-Marta_2_photo-by-Antoine-Horenbeek-1.jpg\"><img loading=\"lazy\" decoding=\"async\" class=\"aligncenter wp-image-33433 size-medium\" title=\"Foto por Antoine Horenbeek\" src=\"http:\/\/rioonwatch.org.br\/wp-content\/uploads\/2018\/05\/Favela-em-Foto_Santa-Marta_2_photo-by-Antoine-Horenbeek-1-620x413.jpg\" alt=\"\" width=\"620\" height=\"413\" srcset=\"https:\/\/rioonwatch.org.br\/wp-content\/uploads\/2018\/05\/Favela-em-Foto_Santa-Marta_2_photo-by-Antoine-Horenbeek-1-620x413.jpg 620w, https:\/\/rioonwatch.org.br\/wp-content\/uploads\/2018\/05\/Favela-em-Foto_Santa-Marta_2_photo-by-Antoine-Horenbeek-1-396x264.jpg 396w, https:\/\/rioonwatch.org.br\/wp-content\/uploads\/2018\/05\/Favela-em-Foto_Santa-Marta_2_photo-by-Antoine-Horenbeek-1-768x512.jpg 768w, https:\/\/rioonwatch.org.br\/wp-content\/uploads\/2018\/05\/Favela-em-Foto_Santa-Marta_2_photo-by-Antoine-Horenbeek-1-1024x682.jpg 1024w, https:\/\/rioonwatch.org.br\/wp-content\/uploads\/2018\/05\/Favela-em-Foto_Santa-Marta_2_photo-by-Antoine-Horenbeek-1.jpg 2000w\" sizes=\"(max-width: 620px) 100vw, 620px\" \/><\/a><\/p>\n<p><span class=\"_5yl5\"><span style=\"font-weight: 400;\">Uma fotografia tirada pela fot\u00f3grafa Ana Campbell:<\/span><\/span><\/p>\n<p><a href=\"http:\/\/rioonwatch.org.br\/wp-content\/uploads\/2018\/05\/Favela-em-Foto_Santa-Marta_9_photo-by-Antoine-Horenbeek-1.jpg\"><img loading=\"lazy\" decoding=\"async\" class=\"aligncenter wp-image-33434 size-medium\" title=\"Foto por Antoine Horenbeek\" src=\"http:\/\/rioonwatch.org.br\/wp-content\/uploads\/2018\/05\/Favela-em-Foto_Santa-Marta_9_photo-by-Antoine-Horenbeek-1-620x413.jpg\" alt=\"\" width=\"620\" height=\"413\" srcset=\"https:\/\/rioonwatch.org.br\/wp-content\/uploads\/2018\/05\/Favela-em-Foto_Santa-Marta_9_photo-by-Antoine-Horenbeek-1-620x413.jpg 620w, https:\/\/rioonwatch.org.br\/wp-content\/uploads\/2018\/05\/Favela-em-Foto_Santa-Marta_9_photo-by-Antoine-Horenbeek-1-396x264.jpg 396w, https:\/\/rioonwatch.org.br\/wp-content\/uploads\/2018\/05\/Favela-em-Foto_Santa-Marta_9_photo-by-Antoine-Horenbeek-1-768x512.jpg 768w, https:\/\/rioonwatch.org.br\/wp-content\/uploads\/2018\/05\/Favela-em-Foto_Santa-Marta_9_photo-by-Antoine-Horenbeek-1-1024x682.jpg 1024w, https:\/\/rioonwatch.org.br\/wp-content\/uploads\/2018\/05\/Favela-em-Foto_Santa-Marta_9_photo-by-Antoine-Horenbeek-1.jpg 2000w\" sizes=\"(max-width: 620px) 100vw, 620px\" \/><\/a><\/p>\n<p><span class=\"Apple-style-span\" style=\"font-size: 35px; letter-spacing: -1px; line-height: 35px;\">O debate<\/span><\/p>\n<p><span style=\"font-weight: 400;\">Os participantes&#8211;sejam eles fot\u00f3grafos, professores, guias tur\u00edsticos, psic\u00f3logos ou outros e sejam eles moradores do Santa Marta ou n\u00e3o&#8211;se envolveram no jogo. As fotos selecionadas abriram debates emotivos sobre as dificuldades de ser fot\u00f3grafo, sobre momentos felizes e intensos na hist\u00f3ria do Santa Marta, sobre fotojornalismo, sobre <a href=\"http:\/\/bit.ly\/1hFhVJX\" target=\"_blank\" rel=\"noopener\">turismo nas favelas<\/a>, entre outros t\u00f3picos. Em alguns momentos a conversa despertou fortes emo\u00e7\u00f5es nos presentes. <\/span><\/p>\n<p><a href=\"http:\/\/rioonwatch.org.br\/wp-content\/uploads\/2018\/05\/Favela-em-Foto_Santa-Marta_8_photo-by-Antoine-Horenbeek-1.jpg\"><img loading=\"lazy\" decoding=\"async\" class=\"aligncenter wp-image-33435 size-medium\" title=\"Foto por Antoine Horenbeek\" src=\"http:\/\/rioonwatch.org.br\/wp-content\/uploads\/2018\/05\/Favela-em-Foto_Santa-Marta_8_photo-by-Antoine-Horenbeek-1-620x413.jpg\" alt=\"\" width=\"620\" height=\"413\" srcset=\"https:\/\/rioonwatch.org.br\/wp-content\/uploads\/2018\/05\/Favela-em-Foto_Santa-Marta_8_photo-by-Antoine-Horenbeek-1-620x413.jpg 620w, https:\/\/rioonwatch.org.br\/wp-content\/uploads\/2018\/05\/Favela-em-Foto_Santa-Marta_8_photo-by-Antoine-Horenbeek-1-396x264.jpg 396w, https:\/\/rioonwatch.org.br\/wp-content\/uploads\/2018\/05\/Favela-em-Foto_Santa-Marta_8_photo-by-Antoine-Horenbeek-1-768x512.jpg 768w, https:\/\/rioonwatch.org.br\/wp-content\/uploads\/2018\/05\/Favela-em-Foto_Santa-Marta_8_photo-by-Antoine-Horenbeek-1-1024x682.jpg 1024w, https:\/\/rioonwatch.org.br\/wp-content\/uploads\/2018\/05\/Favela-em-Foto_Santa-Marta_8_photo-by-Antoine-Horenbeek-1.jpg 2000w\" sizes=\"(max-width: 620px) 100vw, 620px\" \/><\/a><\/p>\n<p><span style=\"font-weight: 400;\">Ap\u00f3s os eventos na <a href=\"http:\/\/bit.ly\/2tiolcl\" target=\"_blank\" rel=\"noopener\">Provid\u00eancia<\/a>, <a href=\"http:\/\/bit.ly\/2JleeKD\" target=\"_blank\" rel=\"noopener\">Vila Kennedy<\/a> e <a href=\"http:\/\/bit.ly\/2srXdF5\" target=\"_blank\" rel=\"noopener\">Manguinhos<\/a>, o \u00faltimo evento do Favelas em Foto acontecer\u00e1 em junho e ir\u00e1 reunir todos os temas discutidos e relembrados em cada comunidade para estimular uma reflex\u00e3o geral sobre o papel da fotografia nas favelas do Rio.<\/span><\/p>\n<h3>Siga Favelas em Foto no\u00a0<a href=\"http:\/\/bit.ly\/2tivl95\" target=\"_blank\" rel=\"noopener\">Facebook<\/a>.<\/h3>\n<!-- AddThis Advanced Settings generic via filter on the_content --><!-- AddThis Share Buttons generic via filter on the_content -->","protected":false},"excerpt":{"rendered":"<div class=\"mh-excerpt\"><p>Click Here for English O quarto encontro do Favelas em Foto aconteceu no dia 19 de maio, no Santa Marta,\u00a0organizado pelo coletivo de fotografia Favela em Foco em parceria com a Funda\u00e7\u00e3o Rosa Luxemburgo. O <a class=\"mh-excerpt-more\" href=\"https:\/\/rioonwatch.org.br\/?p=33420\" title=\"S\u00e9rie de Eventos \u2018Favelas em Foto\u2019 Chega ao Santa Marta [IMAGENS]\">[&#8230;]<\/a><!-- AddThis Advanced Settings generic via filter on get_the_excerpt --><!-- AddThis Share Buttons generic via filter on get_the_excerpt --><\/p>\n<\/div>","protected":false},"author":129,"featured_media":33439,"comment_status":"closed","ping_status":"closed","sticky":false,"template":"","format":"standard","meta":{"_acf_changed":false,"_monsterinsights_skip_tracking":false,"_monsterinsights_sitenote_active":false,"_monsterinsights_sitenote_note":"","_monsterinsights_sitenote_category":0,"footnotes":""},"categories":[1621,1627,1615,1626,1633,1613,342],"tags":[334,948,81,1743,83,128,469,1304,180,1308,383],"writer":[2346],"translator":[1785],"source":[],"ilustrador":[],"fotografo":[],"class_list":{"0":"post-33420","1":"post","2":"type-post","3":"status-publish","4":"format-standard","5":"has-post-thumbnail","7":"category-destaque","8":"category-relato-de-evento","9":"category-cultura-da-favela","10":"category-por-observadores-internacionais","11":"category-foto-reportagens","12":"category-midia-comunitaria","13":"category-solucoes","14":"tag-arte","15":"tag-coletivo","16":"tag-cultura","17":"tag-favela-em-foco","18":"tag-fotografia","19":"tag-historia","20":"tag-memoria","21":"tag-organizacao-criativa","22":"tag-santa-marta","23":"tag-taticas-de-organizacao","24":"tag-zona-sul","25":"writer-antoine-horenbeek","26":"translator-maria-fernanda-godinho"},"acf":[],"yoast_head":"<!-- This site is optimized with the Yoast SEO plugin v25.6 - https:\/\/yoast.com\/wordpress\/plugins\/seo\/ -->\n<title>S\u00e9rie de Eventos \u2018Favelas em Foto\u2019 Chega ao Santa Marta [IMAGENS] - RioOnWatch<\/title>\n<meta name=\"robots\" content=\"index, follow, max-snippet:-1, max-image-preview:large, max-video-preview:-1\" \/>\n<link rel=\"canonical\" href=\"https:\/\/rioonwatch.org.br\/?p=33420\" \/>\n<meta property=\"og:locale\" content=\"pt_BR\" \/>\n<meta property=\"og:type\" content=\"article\" \/>\n<meta property=\"og:title\" content=\"S\u00e9rie de Eventos \u2018Favelas em Foto\u2019 Chega ao Santa Marta [IMAGENS] - RioOnWatch\" \/>\n<meta property=\"og:description\" content=\"Click Here for English O quarto encontro do Favelas em Foto aconteceu no dia 19 de maio, no Santa Marta,\u00a0organizado pelo coletivo de fotografia Favela em Foco em parceria com a Funda\u00e7\u00e3o Rosa Luxemburgo. O [...]\" \/>\n<meta property=\"og:url\" content=\"https:\/\/rioonwatch.org.br\/?p=33420\" \/>\n<meta property=\"og:site_name\" content=\"RioOnWatch\" \/>\n<meta property=\"article:published_time\" content=\"2018-05-31T13:20:37+00:00\" \/>\n<meta property=\"article:modified_time\" content=\"2018-06-01T14:21:34+00:00\" \/>\n<meta property=\"og:image\" content=\"https:\/\/rioonwatch.org.br\/wp-content\/uploads\/2018\/05\/Favela-em-Foto_Santa-Marta_4_photo-by-Antoine-Horenbeek-1.jpg\" \/>\n\t<meta property=\"og:image:width\" content=\"2000\" \/>\n\t<meta property=\"og:image:height\" content=\"1333\" \/>\n\t<meta property=\"og:image:type\" content=\"image\/jpeg\" \/>\n<meta name=\"author\" content=\"Admin\" \/>\n<meta name=\"twitter:card\" content=\"summary_large_image\" \/>\n<meta name=\"twitter:label1\" content=\"Escrito por\" \/>\n\t<meta name=\"twitter:data1\" content=\"Admin\" \/>\n\t<meta name=\"twitter:label2\" content=\"Est. tempo de leitura\" \/>\n\t<meta name=\"twitter:data2\" content=\"2 minutos\" \/>\n<script type=\"application\/ld+json\" class=\"yoast-schema-graph\">{\"@context\":\"https:\/\/schema.org\",\"@graph\":[{\"@type\":\"Article\",\"@id\":\"https:\/\/rioonwatch.org.br\/?p=33420#article\",\"isPartOf\":{\"@id\":\"https:\/\/rioonwatch.org.br\/?p=33420\"},\"author\":{\"name\":\"Admin\",\"@id\":\"https:\/\/rioonwatch.org.br\/#\/schema\/person\/11d64c290506f9df50c71b850c473f68\"},\"headline\":\"S\u00e9rie de Eventos \u2018Favelas em Foto\u2019 Chega ao Santa Marta [IMAGENS]\",\"datePublished\":\"2018-05-31T13:20:37+00:00\",\"dateModified\":\"2018-06-01T14:21:34+00:00\",\"mainEntityOfPage\":{\"@id\":\"https:\/\/rioonwatch.org.br\/?p=33420\"},\"wordCount\":387,\"publisher\":{\"@id\":\"https:\/\/rioonwatch.org.br\/#organization\"},\"image\":{\"@id\":\"https:\/\/rioonwatch.org.br\/?p=33420#primaryimage\"},\"thumbnailUrl\":\"https:\/\/rioonwatch.org.br\/wp-content\/uploads\/2018\/05\/Favela-em-Foto_Santa-Marta_4_photo-by-Antoine-Horenbeek-1.jpg\",\"keywords\":[\"arte\",\"coletivo\",\"cultura\",\"Favela em Foco\",\"fotografia\",\"hist\u00f3ria\",\"Mem\u00f3rias Faveladas\",\"mobiliza\u00e7\u00e3o criativa\",\"Santa Marta\",\"t\u00e1ticas de organiza\u00e7\u00e3o\",\"Zona Sul\"],\"articleSection\":[\"*Destaque\",\"Cobertura de Eventos\",\"Cultura da Favela\",\"Escrito por Aliados\",\"Fotorreportagens\",\"M\u00eddia Comunit\u00e1ria\",\"Solu\u00e7\u00f5es\"],\"inLanguage\":\"pt-BR\"},{\"@type\":\"WebPage\",\"@id\":\"https:\/\/rioonwatch.org.br\/?p=33420\",\"url\":\"https:\/\/rioonwatch.org.br\/?p=33420\",\"name\":\"S\u00e9rie de Eventos \u2018Favelas em Foto\u2019 Chega ao Santa Marta [IMAGENS] - RioOnWatch\",\"isPartOf\":{\"@id\":\"https:\/\/rioonwatch.org.br\/#website\"},\"primaryImageOfPage\":{\"@id\":\"https:\/\/rioonwatch.org.br\/?p=33420#primaryimage\"},\"image\":{\"@id\":\"https:\/\/rioonwatch.org.br\/?p=33420#primaryimage\"},\"thumbnailUrl\":\"https:\/\/rioonwatch.org.br\/wp-content\/uploads\/2018\/05\/Favela-em-Foto_Santa-Marta_4_photo-by-Antoine-Horenbeek-1.jpg\",\"datePublished\":\"2018-05-31T13:20:37+00:00\",\"dateModified\":\"2018-06-01T14:21:34+00:00\",\"breadcrumb\":{\"@id\":\"https:\/\/rioonwatch.org.br\/?p=33420#breadcrumb\"},\"inLanguage\":\"pt-BR\",\"potentialAction\":[{\"@type\":\"ReadAction\",\"target\":[\"https:\/\/rioonwatch.org.br\/?p=33420\"]}]},{\"@type\":\"ImageObject\",\"inLanguage\":\"pt-BR\",\"@id\":\"https:\/\/rioonwatch.org.br\/?p=33420#primaryimage\",\"url\":\"https:\/\/rioonwatch.org.br\/wp-content\/uploads\/2018\/05\/Favela-em-Foto_Santa-Marta_4_photo-by-Antoine-Horenbeek-1.jpg\",\"contentUrl\":\"https:\/\/rioonwatch.org.br\/wp-content\/uploads\/2018\/05\/Favela-em-Foto_Santa-Marta_4_photo-by-Antoine-Horenbeek-1.jpg\",\"width\":2000,\"height\":1333},{\"@type\":\"BreadcrumbList\",\"@id\":\"https:\/\/rioonwatch.org.br\/?p=33420#breadcrumb\",\"itemListElement\":[{\"@type\":\"ListItem\",\"position\":1,\"name\":\"In\u00edcio\",\"item\":\"https:\/\/rioonwatch.org.br\/\"},{\"@type\":\"ListItem\",\"position\":2,\"name\":\"S\u00e9rie de Eventos \u2018Favelas em Foto\u2019 Chega ao Santa Marta [IMAGENS]\"}]},{\"@type\":\"WebSite\",\"@id\":\"https:\/\/rioonwatch.org.br\/#website\",\"url\":\"https:\/\/rioonwatch.org.br\/\",\"name\":\"RioOnWatch\",\"description\":\"relatos das favelas cariocas\",\"publisher\":{\"@id\":\"https:\/\/rioonwatch.org.br\/#organization\"},\"potentialAction\":[{\"@type\":\"SearchAction\",\"target\":{\"@type\":\"EntryPoint\",\"urlTemplate\":\"https:\/\/rioonwatch.org.br\/?s={search_term_string}\"},\"query-input\":{\"@type\":\"PropertyValueSpecification\",\"valueRequired\":true,\"valueName\":\"search_term_string\"}}],\"inLanguage\":\"pt-BR\"},{\"@type\":\"Organization\",\"@id\":\"https:\/\/rioonwatch.org.br\/#organization\",\"name\":\"RioOnWatch\",\"url\":\"https:\/\/rioonwatch.org.br\/\",\"logo\":{\"@type\":\"ImageObject\",\"inLanguage\":\"pt-BR\",\"@id\":\"https:\/\/rioonwatch.org.br\/#\/schema\/logo\/image\/\",\"url\":\"https:\/\/rioonwatch.org.br\/wp-content\/uploads\/2021\/06\/RioOnWatchcabecalhoPT11anos-2.png\",\"contentUrl\":\"https:\/\/rioonwatch.org.br\/wp-content\/uploads\/2021\/06\/RioOnWatchcabecalhoPT11anos-2.png\",\"width\":779,\"height\":277,\"caption\":\"RioOnWatch\"},\"image\":{\"@id\":\"https:\/\/rioonwatch.org.br\/#\/schema\/logo\/image\/\"}},{\"@type\":\"Person\",\"@id\":\"https:\/\/rioonwatch.org.br\/#\/schema\/person\/11d64c290506f9df50c71b850c473f68\",\"name\":\"Admin\",\"image\":{\"@type\":\"ImageObject\",\"inLanguage\":\"pt-BR\",\"@id\":\"https:\/\/rioonwatch.org.br\/#\/schema\/person\/image\/\",\"url\":\"https:\/\/secure.gravatar.com\/avatar\/56211ac74568383903349a1485e3c325?s=96&d=blank&r=g\",\"contentUrl\":\"https:\/\/secure.gravatar.com\/avatar\/56211ac74568383903349a1485e3c325?s=96&d=blank&r=g\",\"caption\":\"Admin\"},\"url\":\"https:\/\/rioonwatch.org.br\/?author=129\"}]}<\/script>\n<!-- \/ Yoast SEO plugin. -->","yoast_head_json":{"title":"S\u00e9rie de Eventos \u2018Favelas em Foto\u2019 Chega ao Santa Marta [IMAGENS] - RioOnWatch","robots":{"index":"index","follow":"follow","max-snippet":"max-snippet:-1","max-image-preview":"max-image-preview:large","max-video-preview":"max-video-preview:-1"},"canonical":"https:\/\/rioonwatch.org.br\/?p=33420","og_locale":"pt_BR","og_type":"article","og_title":"S\u00e9rie de Eventos \u2018Favelas em Foto\u2019 Chega ao Santa Marta [IMAGENS] - RioOnWatch","og_description":"Click Here for English O quarto encontro do Favelas em Foto aconteceu no dia 19 de maio, no Santa Marta,\u00a0organizado pelo coletivo de fotografia Favela em Foco em parceria com a Funda\u00e7\u00e3o Rosa Luxemburgo. O [...]","og_url":"https:\/\/rioonwatch.org.br\/?p=33420","og_site_name":"RioOnWatch","article_published_time":"2018-05-31T13:20:37+00:00","article_modified_time":"2018-06-01T14:21:34+00:00","og_image":[{"width":2000,"height":1333,"url":"https:\/\/rioonwatch.org.br\/wp-content\/uploads\/2018\/05\/Favela-em-Foto_Santa-Marta_4_photo-by-Antoine-Horenbeek-1.jpg","type":"image\/jpeg"}],"author":"Admin","twitter_card":"summary_large_image","twitter_misc":{"Escrito por":"Admin","Est. tempo de leitura":"2 minutos"},"schema":{"@context":"https:\/\/schema.org","@graph":[{"@type":"Article","@id":"https:\/\/rioonwatch.org.br\/?p=33420#article","isPartOf":{"@id":"https:\/\/rioonwatch.org.br\/?p=33420"},"author":{"name":"Admin","@id":"https:\/\/rioonwatch.org.br\/#\/schema\/person\/11d64c290506f9df50c71b850c473f68"},"headline":"S\u00e9rie de Eventos \u2018Favelas em Foto\u2019 Chega ao Santa Marta [IMAGENS]","datePublished":"2018-05-31T13:20:37+00:00","dateModified":"2018-06-01T14:21:34+00:00","mainEntityOfPage":{"@id":"https:\/\/rioonwatch.org.br\/?p=33420"},"wordCount":387,"publisher":{"@id":"https:\/\/rioonwatch.org.br\/#organization"},"image":{"@id":"https:\/\/rioonwatch.org.br\/?p=33420#primaryimage"},"thumbnailUrl":"https:\/\/rioonwatch.org.br\/wp-content\/uploads\/2018\/05\/Favela-em-Foto_Santa-Marta_4_photo-by-Antoine-Horenbeek-1.jpg","keywords":["arte","coletivo","cultura","Favela em Foco","fotografia","hist\u00f3ria","Mem\u00f3rias Faveladas","mobiliza\u00e7\u00e3o criativa","Santa Marta","t\u00e1ticas de organiza\u00e7\u00e3o","Zona Sul"],"articleSection":["*Destaque","Cobertura de Eventos","Cultura da Favela","Escrito por Aliados","Fotorreportagens","M\u00eddia Comunit\u00e1ria","Solu\u00e7\u00f5es"],"inLanguage":"pt-BR"},{"@type":"WebPage","@id":"https:\/\/rioonwatch.org.br\/?p=33420","url":"https:\/\/rioonwatch.org.br\/?p=33420","name":"S\u00e9rie de Eventos \u2018Favelas em Foto\u2019 Chega ao Santa Marta [IMAGENS] - RioOnWatch","isPartOf":{"@id":"https:\/\/rioonwatch.org.br\/#website"},"primaryImageOfPage":{"@id":"https:\/\/rioonwatch.org.br\/?p=33420#primaryimage"},"image":{"@id":"https:\/\/rioonwatch.org.br\/?p=33420#primaryimage"},"thumbnailUrl":"https:\/\/rioonwatch.org.br\/wp-content\/uploads\/2018\/05\/Favela-em-Foto_Santa-Marta_4_photo-by-Antoine-Horenbeek-1.jpg","datePublished":"2018-05-31T13:20:37+00:00","dateModified":"2018-06-01T14:21:34+00:00","breadcrumb":{"@id":"https:\/\/rioonwatch.org.br\/?p=33420#breadcrumb"},"inLanguage":"pt-BR","potentialAction":[{"@type":"ReadAction","target":["https:\/\/rioonwatch.org.br\/?p=33420"]}]},{"@type":"ImageObject","inLanguage":"pt-BR","@id":"https:\/\/rioonwatch.org.br\/?p=33420#primaryimage","url":"https:\/\/rioonwatch.org.br\/wp-content\/uploads\/2018\/05\/Favela-em-Foto_Santa-Marta_4_photo-by-Antoine-Horenbeek-1.jpg","contentUrl":"https:\/\/rioonwatch.org.br\/wp-content\/uploads\/2018\/05\/Favela-em-Foto_Santa-Marta_4_photo-by-Antoine-Horenbeek-1.jpg","width":2000,"height":1333},{"@type":"BreadcrumbList","@id":"https:\/\/rioonwatch.org.br\/?p=33420#breadcrumb","itemListElement":[{"@type":"ListItem","position":1,"name":"In\u00edcio","item":"https:\/\/rioonwatch.org.br\/"},{"@type":"ListItem","position":2,"name":"S\u00e9rie de Eventos \u2018Favelas em Foto\u2019 Chega ao Santa Marta [IMAGENS]"}]},{"@type":"WebSite","@id":"https:\/\/rioonwatch.org.br\/#website","url":"https:\/\/rioonwatch.org.br\/","name":"RioOnWatch","description":"relatos das favelas cariocas","publisher":{"@id":"https:\/\/rioonwatch.org.br\/#organization"},"potentialAction":[{"@type":"SearchAction","target":{"@type":"EntryPoint","urlTemplate":"https:\/\/rioonwatch.org.br\/?s={search_term_string}"},"query-input":{"@type":"PropertyValueSpecification","valueRequired":true,"valueName":"search_term_string"}}],"inLanguage":"pt-BR"},{"@type":"Organization","@id":"https:\/\/rioonwatch.org.br\/#organization","name":"RioOnWatch","url":"https:\/\/rioonwatch.org.br\/","logo":{"@type":"ImageObject","inLanguage":"pt-BR","@id":"https:\/\/rioonwatch.org.br\/#\/schema\/logo\/image\/","url":"https:\/\/rioonwatch.org.br\/wp-content\/uploads\/2021\/06\/RioOnWatchcabecalhoPT11anos-2.png","contentUrl":"https:\/\/rioonwatch.org.br\/wp-content\/uploads\/2021\/06\/RioOnWatchcabecalhoPT11anos-2.png","width":779,"height":277,"caption":"RioOnWatch"},"image":{"@id":"https:\/\/rioonwatch.org.br\/#\/schema\/logo\/image\/"}},{"@type":"Person","@id":"https:\/\/rioonwatch.org.br\/#\/schema\/person\/11d64c290506f9df50c71b850c473f68","name":"Admin","image":{"@type":"ImageObject","inLanguage":"pt-BR","@id":"https:\/\/rioonwatch.org.br\/#\/schema\/person\/image\/","url":"https:\/\/secure.gravatar.com\/avatar\/56211ac74568383903349a1485e3c325?s=96&d=blank&r=g","contentUrl":"https:\/\/secure.gravatar.com\/avatar\/56211ac74568383903349a1485e3c325?s=96&d=blank&r=g","caption":"Admin"},"url":"https:\/\/rioonwatch.org.br\/?author=129"}]}},"_links":{"self":[{"href":"https:\/\/rioonwatch.org.br\/index.php?rest_route=\/wp\/v2\/posts\/33420"}],"collection":[{"href":"https:\/\/rioonwatch.org.br\/index.php?rest_route=\/wp\/v2\/posts"}],"about":[{"href":"https:\/\/rioonwatch.org.br\/index.php?rest_route=\/wp\/v2\/types\/post"}],"author":[{"embeddable":true,"href":"https:\/\/rioonwatch.org.br\/index.php?rest_route=\/wp\/v2\/users\/129"}],"replies":[{"embeddable":true,"href":"https:\/\/rioonwatch.org.br\/index.php?rest_route=%2Fwp%2Fv2%2Fcomments&post=33420"}],"version-history":[{"count":13,"href":"https:\/\/rioonwatch.org.br\/index.php?rest_route=\/wp\/v2\/posts\/33420\/revisions"}],"predecessor-version":[{"id":33577,"href":"https:\/\/rioonwatch.org.br\/index.php?rest_route=\/wp\/v2\/posts\/33420\/revisions\/33577"}],"wp:featuredmedia":[{"embeddable":true,"href":"https:\/\/rioonwatch.org.br\/index.php?rest_route=\/wp\/v2\/media\/33439"}],"wp:attachment":[{"href":"https:\/\/rioonwatch.org.br\/index.php?rest_route=%2Fwp%2Fv2%2Fmedia&parent=33420"}],"wp:term":[{"taxonomy":"category","embeddable":true,"href":"https:\/\/rioonwatch.org.br\/index.php?rest_route=%2Fwp%2Fv2%2Fcategories&post=33420"},{"taxonomy":"post_tag","embeddable":true,"href":"https:\/\/rioonwatch.org.br\/index.php?rest_route=%2Fwp%2Fv2%2Ftags&post=33420"},{"taxonomy":"writer","embeddable":true,"href":"https:\/\/rioonwatch.org.br\/index.php?rest_route=%2Fwp%2Fv2%2Fwriter&post=33420"},{"taxonomy":"translator","embeddable":true,"href":"https:\/\/rioonwatch.org.br\/index.php?rest_route=%2Fwp%2Fv2%2Ftranslator&post=33420"},{"taxonomy":"source","embeddable":true,"href":"https:\/\/rioonwatch.org.br\/index.php?rest_route=%2Fwp%2Fv2%2Fsource&post=33420"},{"taxonomy":"ilustrador","embeddable":true,"href":"https:\/\/rioonwatch.org.br\/index.php?rest_route=%2Fwp%2Fv2%2Filustrador&post=33420"},{"taxonomy":"fotografo","embeddable":true,"href":"https:\/\/rioonwatch.org.br\/index.php?rest_route=%2Fwp%2Fv2%2Ffotografo&post=33420"}],"curies":[{"name":"wp","href":"https:\/\/api.w.org\/{rel}","templated":true}]}}