{"id":33422,"date":"2018-06-06T09:53:08","date_gmt":"2018-06-06T12:53:08","guid":{"rendered":"http:\/\/rioonwatch.org.br\/?p=33422"},"modified":"2018-08-28T13:59:06","modified_gmt":"2018-08-28T16:59:06","slug":"o-processo-participativo-do-modelar-a-metropole-o-plano-de-desenvolvimento-metropolitano-do-rio","status":"publish","type":"post","link":"https:\/\/rioonwatch.org.br\/?p=33422","title":{"rendered":"O Plano Participativo &#8216;Modelar a Metr\u00f3pole&#8217; de Desenvolvimento Metropolitano do Rio"},"content":{"rendered":"<p style=\"text-align: right;\"><em><strong><a href=\"http:\/\/bit.ly\/2lC2ANU\" target=\"_blank\" rel=\"noopener noreferrer\">Click Here for English<img decoding=\"async\" width=\"20\" height=\"20\" class=\"alignright wp-image-15790\" src=\"http:\/\/rioonwatch.org.br\/wp-content\/uploads\/2012\/08\/EN-standard-e1439583104716.jpg\" \/><\/a><\/strong><\/em><\/p>\n<h3>Integra\u00e7\u00e3o metropolitana<\/h3>\n<p>Se o papel das cidades enquanto inst\u00e2ncias de planejamento e tomada de decis\u00e3o foi reconhecido pela <a href=\"http:\/\/bit.ly\/2JvN7g4\" target=\"_blank\" rel=\"noopener\">Constitui\u00e7\u00e3o de 1988<\/a>, que lhes garantiu maior autonomia, h\u00e1 um movimento mais recente de reconhecer que\u00a0h\u00e1 quest\u00f5es que superam os limites dos munic\u00edpios e demandam um esfor\u00e7o conjunto das prefeituras de diferentes cidades. Apesar disso j\u00e1 estar previsto no estabelecimento de regi\u00f5es metropolitanas, desde 1973, com o intuito de &#8220;integrar a organiza\u00e7\u00e3o, o planejamento e a execu\u00e7\u00e3o de fun\u00e7\u00f5es p\u00fablicas&#8221; dos munic\u00edpios envolvidos, a fraca presen\u00e7a de estruturas pol\u00edticas e administrativas ao n\u00edvel metropolitano dificulta essa miss\u00e3o. N\u00e3o votamos, por exemplo, em representantes metropolitanos, n\u00e3o h\u00e1 secretarias metropolitanas nem pol\u00edticas p\u00fablicas metropolitanas. H\u00e1 somente a possibilidade de coopera\u00e7\u00e3o entre as diferentes prefeituras.<\/p>\n<p>Com o objetivo de aprofundar a gest\u00e3o metropolitana, foi aprovado em 2015 o <a href=\"http:\/\/bit.ly\/2s9PGuj\" target=\"_blank\" rel=\"noopener\">Estatuto da Metr\u00f3pole<\/a>, que estabelece as diretrizes gerais para essa integra\u00e7\u00e3o do planejamento e da execu\u00e7\u00e3o das fun\u00e7\u00f5es p\u00fablicas dos diferentes munic\u00edpios, al\u00e9m de instrumentos de governan\u00e7a interfederativa, como o Plano de Desenvolvimento Urbano Integrado (PDUI). Para institucionalizar a gest\u00e3o integrada e coordenar a elabora\u00e7\u00e3o do PDUI, foi criada em 2014 no Rio de Janeiro a <a href=\"http:\/\/bit.ly\/2HmRGEf\" target=\"_blank\" rel=\"noopener\">C\u00e2mara Metropolitana de Integra\u00e7\u00e3o Governamental<\/a>, formada pelo governador, os prefeitos e\u00a0o Grupo Executivo de Gest\u00e3o Metropolitana para coordenar as a\u00e7\u00f5es da C\u00e2mara em termos de elabora\u00e7\u00e3o de diagn\u00f3sticos e de proposi\u00e7\u00f5es de planejamento e desenvolvimento urbano.<\/p>\n<p>A gest\u00e3o integrada \u00e9 especialmente necess\u00e1ria para os 21 munic\u00edpios que comp\u00f5e a regi\u00e3o metropolitana do Rio. Isso porque, entre outros, n\u00e3o \u00e9 poss\u00edvel pensar a despolui\u00e7\u00e3o da <a href=\"http:\/\/bit.ly\/1i8xoT1\" target=\"_blank\" rel=\"noopener\">Ba\u00eda de Guanabara<\/a>, que banha sete munic\u00edpios diferentes, em iniciativas isoladas; porque as chuvas e o tra\u00e7ado dos rios n\u00e3o respeitam limites territoriais no caso de enchentes; porque todo dia <a href=\"http:\/\/bit.ly\/2EbU82I\" target=\"_blank\" rel=\"noopener\">2 milh\u00f5es de pessoas saem de seus munic\u00edpios em dire\u00e7\u00e3o \u00e0 capital<\/a> para acessar <a href=\"http:\/\/bit.ly\/2IQAAEu\" target=\"_blank\" rel=\"noopener\">trabalho<\/a>, estudo e servi\u00e7os, percorrendo dist\u00e2ncias num raio de 70km em rela\u00e7\u00e3o ao Centro do Rio.<\/p>\n<p><a href=\"http:\/\/rioonwatch.org.br\/wp-content\/uploads\/2018\/06\/WhatsApp-Image-2018-06-03-at-20.13.37-1.jpeg\"><img fetchpriority=\"high\" decoding=\"async\" class=\"aligncenter wp-image-33587 size-content\" title=\"Momento de exposi\u00e7\u00e3o do PDUI na I Confer\u00eancia Metropolitana.\" src=\"http:\/\/rioonwatch.org.br\/wp-content\/uploads\/2018\/06\/WhatsApp-Image-2018-06-03-at-20.13.37-1-620x264.jpeg\" alt=\"\" width=\"620\" height=\"264\" srcset=\"https:\/\/rioonwatch.org.br\/wp-content\/uploads\/2018\/06\/WhatsApp-Image-2018-06-03-at-20.13.37-1-620x264.jpeg 620w, https:\/\/rioonwatch.org.br\/wp-content\/uploads\/2018\/06\/WhatsApp-Image-2018-06-03-at-20.13.37-1-940x400.jpeg 940w\" sizes=\"(max-width: 620px) 100vw, 620px\" \/><\/a><\/p>\n<h3>O Plano Modelar a Metr\u00f3pole<\/h3>\n<p>Assim, em 2015 o governo do Estado, por meio da C\u00e2mara Metropolitana e com financiamento do Banco Mundial, contratou um cons\u00f3rcio formado pelas empresas Quanta Consultoria e Jaime Lerner Arquitetos Associados para a elabora\u00e7\u00e3o do\u00a0Modelar a Metr\u00f3pole, ou <a href=\"http:\/\/bit.ly\/2wGLxz8\" target=\"_blank\" rel=\"noopener\">Plano Estrat\u00e9gico de Desenvolvimento Urbano Integrado da Regi\u00e3o Metropolitana<\/a> do Rio de Janeiro. O nome do Plano, com o verbo &#8220;Modelar&#8221; no infinitivo, traduz a orienta\u00e7\u00e3o para o futuro que ele prop\u00f5e no formato de poss\u00edveis cen\u00e1rios e instrumentos para orientar a tomada de decis\u00e3o visando o desenvolvimento integrado da metr\u00f3pole.<\/p>\n<p>O processo de elabora\u00e7\u00e3o do Plano contou com a atua\u00e7\u00e3o de especialistas em seis eixos estruturantes (expans\u00e3o econ\u00f4mica; patrim\u00f4nio natural e cultural; mobilidade; habita\u00e7\u00e3o e equipamentos sociais; saneamento e meio ambiente; e reconfigura\u00e7\u00e3o espacial), al\u00e9m de incorporar insumos coletados a partir do di\u00e1logo com outros representantes do poder p\u00fablico e membros da sociedade civil, do setor privado, de universidades e de inst\u00e2ncias de classe. Ao longo dos tr\u00eas anos de elabora\u00e7\u00e3o do Plano, foram mais de 80 encontros (dentre oficinas regionais e de segmento), 94 apresenta\u00e7\u00f5es das pr\u00e9vias do Plano para \u00f3rg\u00e3os setoriais e sociedade civil, 22 grupos de discuss\u00e3o tem\u00e1ticos em torno dos seis eixos, cerca de 1800 especialistas ouvidos, 10 Pr\u00e9-Confer\u00eancias e uma Confer\u00eancia Metropolitana e mais de 5000 presen\u00e7as nos eventos realizados. Dentre os objetivos estavam abrir canais de participa\u00e7\u00e3o mais direta, promover processos mais horizontais e aumentar a compreens\u00e3o popular acerca dos temas tratados, de forma a reduzir desigualdades, assegurar a representatividade de todos os munic\u00edpios no plano e contribuir para uma identidade metropolitana.<\/p>\n<p><a href=\"http:\/\/rioonwatch.org.br\/wp-content\/uploads\/2018\/06\/rio-pdui-2.jpg\"><img decoding=\"async\" class=\"aligncenter wp-image-33585 size-content\" title=\"Pr\u00e9-Confer\u00eancia Hipercentro e Zona Norte do Rio de Janeiro.\" src=\"http:\/\/rioonwatch.org.br\/wp-content\/uploads\/2018\/06\/rio-pdui-2-620x264.jpg\" alt=\"\" width=\"620\" height=\"264\" srcset=\"https:\/\/rioonwatch.org.br\/wp-content\/uploads\/2018\/06\/rio-pdui-2-620x264.jpg 620w, https:\/\/rioonwatch.org.br\/wp-content\/uploads\/2018\/06\/rio-pdui-2-940x400.jpg 940w\" sizes=\"(max-width: 620px) 100vw, 620px\" \/><\/a><\/p>\n<p>Essa participa\u00e7\u00e3o est\u00e1 prevista no pr\u00f3prio texto do <a href=\"http:\/\/bit.ly\/2kR3zt5\" target=\"_blank\" rel=\"noopener\">Estatuto da Metr\u00f3pole<\/a>, que prev\u00ea no\u00a0artigo 6\u00ba, inciso V\u00a0a &#8220;gest\u00e3o democr\u00e1tica da cidade&#8221;, conforme definido pelo seu antecessor, o <a href=\"http:\/\/bit.ly\/PnTBfL\" target=\"_blank\" rel=\"noopener\">Estatuto da Cidade<\/a>, que estabelece\u00a0instrumentos de participa\u00e7\u00e3o na gest\u00e3o democr\u00e1tica da cidade (art. 43), na gest\u00e3o or\u00e7ament\u00e1ria participativa no \u00e2mbito municipal (art. 44) e na participa\u00e7\u00e3o social em organismos gestores das regi\u00f5es metropolitanas e aglomera\u00e7\u00f5es urbanas (art. 45), como debates, audi\u00eancias, consultas p\u00fablicas e\u00a0confer\u00eancias sobre assuntos de interesse urbano. O\u00a0artigo 12\u00ba determina especificamente que o PDUI deve obedecer esses mecanismos, n\u00e3o s\u00f3 na sua elabora\u00e7\u00e3o, mas na sua aplica\u00e7\u00e3o, por meio do acompanhamento e controle de suas a\u00e7\u00f5es, de\u00a0audi\u00eancias p\u00fablicas e debates com a participa\u00e7\u00e3o de representantes da sociedade civil e da popula\u00e7\u00e3o de todos os munic\u00edpios da metr\u00f3pole e da comunica\u00e7\u00e3o dos documentos e informa\u00e7\u00f5es produzidos.<\/p>\n<p>A participa\u00e7\u00e3o vem ocorrendo tanto na elabora\u00e7\u00e3o de diagn\u00f3sticos, quanto na prioriza\u00e7\u00e3o de propostas para san\u00e1-los. Um exemplo dessa participa\u00e7\u00e3o foi a adapta\u00e7\u00e3o da proposta contida no Plano de uso dos mananciais das sub-bacias dos rios Guapi-Macacu e Guapia\u00e7u, que inicialmente previa a constru\u00e7\u00e3o de uma barragem, projeto antigo do governo do Estado ao qual os moradores se op\u00f5em pois\u00a0<a href=\"http:\/\/bit.ly\/2ITGPao\" target=\"_blank\" rel=\"noopener\">alagaria as propriedades de mais de 300 produtores rurais<\/a>\u00a0e\u00a0<a href=\"http:\/\/bit.ly\/2slUgor\" target=\"_blank\" rel=\"noopener\">poderia ter consequ\u00eancias sobre a din\u00e2mica clim\u00e1tica<\/a>\u00a0da regi\u00e3o. A partir da mobiliza\u00e7\u00e3o da sociedade civil e de um encontro espec\u00edfico organizado com os movimentos sociais de Cachoeiras de Macacu, a barragem foi retirada do Plano.<\/p>\n<p><a href=\"http:\/\/rioonwatch.org.br\/wp-content\/uploads\/2018\/06\/guapi.jpg\"><img loading=\"lazy\" decoding=\"async\" class=\"aligncenter wp-image-33586 size-content\" title=\"Delegados eleitos na Pr\u00e9-Confer\u00eancia da Guapimirim, Mag\u00e9 e Cachoeira de Macacu.\" src=\"http:\/\/rioonwatch.org.br\/wp-content\/uploads\/2018\/06\/guapi-620x264.jpg\" alt=\"\" width=\"620\" height=\"264\" srcset=\"https:\/\/rioonwatch.org.br\/wp-content\/uploads\/2018\/06\/guapi-620x264.jpg 620w, https:\/\/rioonwatch.org.br\/wp-content\/uploads\/2018\/06\/guapi-940x400.jpg 940w\" sizes=\"(max-width: 620px) 100vw, 620px\" \/><\/a><\/p>\n<h3>I Confer\u00eancia Metropolitana<\/h3>\n<p>Al\u00e9m de influenciar a elabora\u00e7\u00e3o do Plano, a sociedade civil poder\u00e1 acompanhar a sua execu\u00e7\u00e3o. Ao longo das dez pr\u00e9-confer\u00eancias metropolitanas, organizadas por todo o territ\u00f3rio da metr\u00f3pole, foram priorizadas 36 das 131 a\u00e7\u00f5es previstas no plano e foram eleitos 150 delegados e 30 suplentes para participarem da I Confer\u00eancia Metropolitana, no \u00faltimo s\u00e1bado, dia 26, no Teatro Popular em Niter\u00f3i. Desses delegados, 119 foram representantes da sociedade civil. <a href=\"http:\/\/bit.ly\/2JcKHPP\" target=\"_blank\" rel=\"noopener\">Na Confer\u00eancia, cada segmento votou<\/a> nos seus representantes para integrar o F\u00f3rum de Acompanhamento do Plano, que espelha o Conselho Consultivo da Ag\u00eancia Metropolitana, inst\u00e2ncia de execu\u00e7\u00e3o das pol\u00edticas e da governan\u00e7a metropolitana, prevista no Projeto de Lei Complementar 10\/2015, mas\u00a0<a href=\"http:\/\/bit.ly\/2L2OAYg\" target=\"_blank\" rel=\"noopener\">ainda n\u00e3o votado na Alerj<\/a>\u00a0(devido a conflitos de interesse, como a percep\u00e7\u00e3o de que limitar\u00e1 a autonomia dos munic\u00edpios).<\/p>\n<p>O F\u00f3rum visa monitorar e fazer o controle social do governo, para que implemente as pol\u00edticas p\u00fablicas de acordo com o plano. Da sociedade civil foram eleitos na Confer\u00eancia tr\u00eas representantes de ONGs (da\u00a0<a href=\"http:\/\/bit.ly\/2dIaCD9\" target=\"_blank\" rel=\"noopener\">Casa Fluminense<\/a>, do\u00a0<a href=\"http:\/\/bit.ly\/2Jdwwx6\" target=\"_blank\" rel=\"noopener\">ISER<\/a>\u00a0e da\u00a0<a href=\"http:\/\/bit.ly\/2mRRcks\" target=\"_blank\" rel=\"noopener\">FASE<\/a>), tr\u00eas representantes de \u00f3rg\u00e3o de classe (da <a href=\"http:\/\/bit.ly\/2otUKYJ\" target=\"_blank\" rel=\"noopener\">OAB<\/a>, SINTSAMA, e STI\/PDAENIT), tr\u00eas representantes da academia (do\u00a0Programa de P\u00f3s gradua\u00e7\u00e3o em Sociologia e Direito da\u00a0<a href=\"http:\/\/bit.ly\/2tPZTig\" target=\"_blank\" rel=\"noopener\">UFF<\/a>, do\u00a0Programa de P\u00f3s-Gradua\u00e7\u00e3o Em Urbanismo da\u00a0<a href=\"http:\/\/bit.ly\/2AImSvj\" target=\"_blank\" rel=\"noopener\">UFRJ<\/a> e do\u00a0Grupo de Pesquisa Natureza e Cidade da <a href=\"http:\/\/bit.ly\/2M3Qfhl\" target=\"_blank\" rel=\"noopener\">UFRRJ<\/a>)\u00a0e nove representantes de movimentos sociais (incluindo do projeto <a href=\"http:\/\/bit.ly\/2gLgo9U\" target=\"_blank\" rel=\"noopener\">ReciclA\u00e7\u00e3o<\/a> do <a href=\"http:\/\/bit.ly\/1eAan7M\" target=\"_blank\" rel=\"noopener\">Morro dos Prazeres<\/a>, do <a href=\"http:\/\/bit.ly\/2vEBcqi\" target=\"_blank\" rel=\"noopener\">Movimento Pr\u00f3-Saneamento<\/a>\u00a0na Baixada, da Federa\u00e7\u00e3o de Associa\u00e7\u00f5es de Moradores de Maric\u00e1, Guapimirim e Japeri, da <a href=\"http:\/\/bit.ly\/2IVzHX4\" target=\"_blank\" rel=\"noopener\">Confedera\u00e7\u00e3o Nacional das Associa\u00e7\u00f5es de Moradores<\/a>, e do\u00a0<a href=\"http:\/\/bit.ly\/2kx5sv7\" target=\"_blank\" rel=\"noopener\">F\u00f3rum de Transpar\u00eancia e Controle Social de Niter\u00f3i<\/a>, do <a href=\"http:\/\/bit.ly\/2xlBjIg\" target=\"_blank\" rel=\"noopener\">Pr\u00f3-S\u00e3o Gon\u00e7alo<\/a>, do <a href=\"http:\/\/bit.ly\/2JcyIoB\" target=\"_blank\" rel=\"noopener\">Gomeia Galp\u00e3o Criativo<\/a> da Baixada). Tamb\u00e9m ser\u00e3o indicados 9 representantes do poder executivo do estado e dos munic\u00edpios, 9 do poder legislativo e\u00a09 do setor empresarial.<\/p>\n<p><a href=\"http:\/\/rioonwatch.org.br\/wp-content\/uploads\/2018\/06\/WhatsApp-Image-2018-06-03-at-20.13.37.jpeg\"><img loading=\"lazy\" decoding=\"async\" class=\"aligncenter wp-image-33589 size-content\" title=\"Momento do an\u00fancio da vota\u00e7\u00e3o dos delegados na I Confer\u00eancia Metropolitana.\" src=\"http:\/\/rioonwatch.org.br\/wp-content\/uploads\/2018\/06\/WhatsApp-Image-2018-06-03-at-20.13.37-620x264.jpeg\" alt=\"\" width=\"620\" height=\"264\" srcset=\"https:\/\/rioonwatch.org.br\/wp-content\/uploads\/2018\/06\/WhatsApp-Image-2018-06-03-at-20.13.37-620x264.jpeg 620w, https:\/\/rioonwatch.org.br\/wp-content\/uploads\/2018\/06\/WhatsApp-Image-2018-06-03-at-20.13.37-940x400.jpeg 940w\" sizes=\"(max-width: 620px) 100vw, 620px\" \/><\/a><\/p>\n<p>Cris dos Prazeres, uma das fundadoras do <a href=\"http:\/\/bit.ly\/2gLgo9U\" target=\"_blank\" rel=\"noopener\">ReciclA\u00e7\u00e3o<\/a> e uma das integrantes eleitas do F\u00f3rum, colocou: &#8220;Fiquei muito surpresa com a Confer\u00eancia. Al\u00e9m da situa\u00e7\u00e3o pol\u00edtica grave do pa\u00eds e do nosso estado, estamos num momento de descren\u00e7a, des\u00e2nimo. [Da\u00ed] ver toda aquela gente reunida, com diferentes segmentos da sociedade! Achei incr\u00edvel o quanto essa a\u00e7\u00e3o agregou diferentes saberes, olhares. No dia da Confer\u00eancia ainda teve a paralisa\u00e7\u00e3o dos \u00f4nibus por conta da greve dos caminhoneiros, [ent\u00e3o] ter quase 80% das pessoas inscritas presentes foi maravilhoso. A organiza\u00e7\u00e3o foi nota mil! Sei o quanto \u00e9 dif\u00edcil trazer o p\u00fablico e mant\u00ea-lo focado&#8221;. E completou: &#8220;Acho espa\u00e7os como esse extremamente construtivos para a constru\u00e7\u00e3o de pol\u00edticas p\u00fablicas. S\u00e3o espa\u00e7os de questionamento, sinergia, produ\u00e7\u00e3o de saber. As pessoas precisam despertar uma consci\u00eancia coletiva. No momento em que eu produzo conhecimento que melhora a vida do coletivo, melhora a minha tamb\u00e9m. E eles fazem com que sejamos catalisador de informa\u00e7\u00e3o, pra que essa informa\u00e7\u00e3o chegue aos nossos territ\u00f3rios, \u00e0queles que n\u00e3o acessam esses espa\u00e7o&#8221;.<\/p>\n<p>Foram ainda priorizadas na Confer\u00eancia 12 das 36 propostas de a\u00e7\u00e3o anteriores, que incluem a regulariza\u00e7\u00e3o urban\u00edstica e <a href=\"http:\/\/bit.ly\/1g5NTqt\" target=\"_blank\" rel=\"noopener noreferrer\">fundi\u00e1ria<\/a>\u00a0associada a investimentos sociais em favelas e periferias, o desenvolvimento agroecol\u00f3gico sustent\u00e1vel do territ\u00f3rio periurbano da regi\u00e3o, o estabelecimento de redes de tempo seco para suprir necessidades de esgotamento sanit\u00e1rio, a conserva\u00e7\u00e3o e o controle da polui\u00e7\u00e3o das bacias dos mananciais, a implanta\u00e7\u00e3o da coleta seletiva e a destina\u00e7\u00e3o dos res\u00edduos s\u00f3lidos para cooperativas de <a href=\"http:\/\/bit.ly\/1MwnQNz\" target=\"_blank\" rel=\"noopener\">reciclagem<\/a>, o fortalecimento de outras centralidades urbanas na metr\u00f3pole, a implementa\u00e7\u00e3o da Linha 3 do metr\u00f4 entre S\u00e3o Gon\u00e7alo, Niter\u00f3i e Itabora\u00ed, a utiliza\u00e7\u00e3o da estrutura ferrovi\u00e1ria e do transporte aquavi\u00e1rio na Ba\u00eda de Guanabara para transporte em massa de passageiros e o fortalecimento da Ag\u00eancia Metropolitana e do planejamento integrado.<\/p>\n<p>Cris rebate a cr\u00edtica que alguns fizeram de que por se tratar de um plano metropolitano, n\u00e3o h\u00e1 muitas a\u00e7\u00f5es voltadas especificamente para favelas: &#8220;O\u00a0cidad\u00e3o da favela \u00e9 o cidad\u00e3o da cidade, do estado. Eu olho como um todo, n\u00e3o consigo fazer essa divis\u00e3o. Se a gente mant\u00e9m a cidade partida, olhando sempre para duas cidades dentro de uma, a gente atropela o pr\u00f3prio discurso de participa\u00e7\u00e3o. A gente quer ver a pol\u00edtica p\u00fablica acontecendo na casa desse sujeito e tamb\u00e9m no resto da cidade por onde ele passa&#8221;. Com respeito ao investimento especificamente nas favelas, ela destaca: &#8220;O que a gente tem de servi\u00e7o aqui n\u00e3o alcan\u00e7a a popula\u00e7\u00e3o mais pobre, em primeiro lugar porque os dados, as informa\u00e7\u00f5es que est\u00e3o sendo produzidas, o censo, deixam mais da metade da popula\u00e7\u00e3o de favela invis\u00edvel&#8221;.<\/p>\n<p>A vers\u00e3o final do Plano ser\u00e1 entregue, ap\u00f3s a incorpora\u00e7\u00e3o da prioriza\u00e7\u00e3o feita pela sociedade civil, em junho desse ano.<\/p>\n<!-- AddThis Advanced Settings generic via filter on the_content --><!-- AddThis Share Buttons generic via filter on the_content -->","protected":false},"excerpt":{"rendered":"<div class=\"mh-excerpt\"><p>Click Here for English Integra\u00e7\u00e3o metropolitana Se o papel das cidades enquanto inst\u00e2ncias de planejamento e tomada de decis\u00e3o foi reconhecido pela Constitui\u00e7\u00e3o de 1988, que lhes garantiu maior autonomia, h\u00e1 um movimento mais recente <a class=\"mh-excerpt-more\" href=\"https:\/\/rioonwatch.org.br\/?p=33422\" title=\"O Plano Participativo &#8216;Modelar a Metr\u00f3pole&#8217; de Desenvolvimento Metropolitano do Rio\">[&#8230;]<\/a><!-- AddThis Advanced Settings generic via filter on get_the_excerpt --><!-- AddThis Share Buttons generic via filter on get_the_excerpt --><\/p>\n<\/div>","protected":false},"author":152,"featured_media":33584,"comment_status":"closed","ping_status":"closed","sticky":false,"template":"","format":"standard","meta":{"_acf_changed":false,"_monsterinsights_skip_tracking":false,"_monsterinsights_sitenote_active":false,"_monsterinsights_sitenote_note":"","_monsterinsights_sitenote_category":0,"footnotes":""},"categories":[2089,1618,1857,1621,1631,344,1612,342,1726],"tags":[804,2205,1597,1226,2194,1753,1554,491,44,2151,304,2204,2400,812,361,82,492,231,764,2153,2193,1065],"writer":[1994],"translator":[],"source":[],"ilustrador":[],"fotografo":[],"class_list":{"0":"post-33422","1":"post","2":"type-post","3":"status-publish","4":"format-standard","5":"has-post-thumbnail","7":"category-monitoramento","8":"category-olhonaparticipacao","9":"category-olhonaurbanizacao","10":"category-destaque","11":"category-entendendo-o-rio","12":"category-politicas","13":"category-sociedade-civil","14":"category-solucoes","15":"category-transporte","16":"tag-baia-da-guanabara","17":"tag-camara-metropolitana","18":"tag-casa-fluminense","19":"tag-constituicao","20":"tag-estatuto-da-cidade","21":"tag-fase","22":"tag-gestao-de-residuos","23":"tag-iser","24":"tag-prazeres","25":"tag-oab","26":"tag-participacao","27":"tag-pdui","28":"tag-planejamento-participativo","29":"tag-planejamento-urbano","30":"tag-reciclagem","31":"tag-regularizacao-fundiaria","32":"tag-saneamento","33":"tag-sao-goncalo","34":"tag-transporte","35":"tag-uff","36":"tag-ufrj","37":"tag-urbanismo","38":"writer-luisa-fenizola"},"acf":[],"yoast_head":"<!-- This site is optimized with the Yoast SEO plugin v25.6 - https:\/\/yoast.com\/wordpress\/plugins\/seo\/ -->\n<title>O Plano Participativo &#039;Modelar a Metr\u00f3pole&#039; de Desenvolvimento Metropolitano do Rio - RioOnWatch<\/title>\n<meta name=\"robots\" content=\"index, follow, max-snippet:-1, max-image-preview:large, max-video-preview:-1\" \/>\n<link rel=\"canonical\" href=\"https:\/\/rioonwatch.org.br\/?p=33422\" \/>\n<meta property=\"og:locale\" content=\"pt_BR\" \/>\n<meta property=\"og:type\" content=\"article\" \/>\n<meta property=\"og:title\" content=\"O Plano Participativo &#039;Modelar a Metr\u00f3pole&#039; de Desenvolvimento Metropolitano do Rio - RioOnWatch\" \/>\n<meta property=\"og:description\" content=\"Click Here for English Integra\u00e7\u00e3o metropolitana Se o papel das cidades enquanto inst\u00e2ncias de planejamento e tomada de decis\u00e3o foi reconhecido pela Constitui\u00e7\u00e3o de 1988, que lhes garantiu maior autonomia, h\u00e1 um movimento mais recente [...]\" \/>\n<meta property=\"og:url\" content=\"https:\/\/rioonwatch.org.br\/?p=33422\" \/>\n<meta property=\"og:site_name\" content=\"RioOnWatch\" \/>\n<meta property=\"article:published_time\" content=\"2018-06-06T12:53:08+00:00\" \/>\n<meta property=\"article:modified_time\" content=\"2018-08-28T16:59:06+00:00\" \/>\n<meta property=\"og:image\" content=\"https:\/\/rioonwatch.org.br\/wp-content\/uploads\/2018\/06\/Conferencia-scaled.jpg\" \/>\n\t<meta property=\"og:image:width\" content=\"2560\" \/>\n\t<meta property=\"og:image:height\" content=\"1300\" \/>\n\t<meta property=\"og:image:type\" content=\"image\/jpeg\" \/>\n<meta name=\"author\" content=\"Luisa Fenizola\" \/>\n<meta name=\"twitter:card\" content=\"summary_large_image\" \/>\n<meta name=\"twitter:label1\" content=\"Escrito por\" \/>\n\t<meta name=\"twitter:data1\" content=\"Luisa Fenizola\" \/>\n\t<meta name=\"twitter:label2\" content=\"Est. tempo de leitura\" \/>\n\t<meta name=\"twitter:data2\" content=\"9 minutos\" \/>\n<script type=\"application\/ld+json\" class=\"yoast-schema-graph\">{\"@context\":\"https:\/\/schema.org\",\"@graph\":[{\"@type\":\"Article\",\"@id\":\"https:\/\/rioonwatch.org.br\/?p=33422#article\",\"isPartOf\":{\"@id\":\"https:\/\/rioonwatch.org.br\/?p=33422\"},\"author\":{\"name\":\"Luisa Fenizola\",\"@id\":\"https:\/\/rioonwatch.org.br\/#\/schema\/person\/f443c6b55bb6e80842280318076491c5\"},\"headline\":\"O Plano Participativo &#8216;Modelar a Metr\u00f3pole&#8217; de Desenvolvimento Metropolitano do Rio\",\"datePublished\":\"2018-06-06T12:53:08+00:00\",\"dateModified\":\"2018-08-28T16:59:06+00:00\",\"mainEntityOfPage\":{\"@id\":\"https:\/\/rioonwatch.org.br\/?p=33422\"},\"wordCount\":1826,\"publisher\":{\"@id\":\"https:\/\/rioonwatch.org.br\/#organization\"},\"image\":{\"@id\":\"https:\/\/rioonwatch.org.br\/?p=33422#primaryimage\"},\"thumbnailUrl\":\"https:\/\/rioonwatch.org.br\/wp-content\/uploads\/2018\/06\/Conferencia-scaled.jpg\",\"keywords\":[\"Ba\u00eda da Guanabara\",\"C\u00e2mara Metropolitana\",\"Casa Fluminense\",\"constitui\u00e7\u00e3o\",\"Estatuto da Cidade\",\"FASE\",\"gest\u00e3o de res\u00edduos\",\"ISER\",\"Morro dos Prazeres\",\"OAB\",\"participa\u00e7\u00e3o\",\"PDUI\",\"planejamento participativo\",\"planejamento urbano\",\"reciclagem\",\"regulariza\u00e7\u00e3o fundi\u00e1ria\",\"saneamento\",\"S\u00e3o Gon\u00e7alo\",\"transporte\",\"UFF\",\"UFRJ\",\"urbanismo\"],\"articleSection\":[\"#Monitoramento\",\"#OlhoNaParticipa\u00e7\u00e3o\",\"#OlhoNaUrbaniza\u00e7\u00e3o\",\"*Destaque\",\"Entendendo o Rio\",\"Pol\u00edticas\",\"Sociedade Civil\",\"Solu\u00e7\u00f5es\",\"Transporte\"],\"inLanguage\":\"pt-BR\"},{\"@type\":\"WebPage\",\"@id\":\"https:\/\/rioonwatch.org.br\/?p=33422\",\"url\":\"https:\/\/rioonwatch.org.br\/?p=33422\",\"name\":\"O Plano Participativo 'Modelar a Metr\u00f3pole' de Desenvolvimento Metropolitano do Rio - RioOnWatch\",\"isPartOf\":{\"@id\":\"https:\/\/rioonwatch.org.br\/#website\"},\"primaryImageOfPage\":{\"@id\":\"https:\/\/rioonwatch.org.br\/?p=33422#primaryimage\"},\"image\":{\"@id\":\"https:\/\/rioonwatch.org.br\/?p=33422#primaryimage\"},\"thumbnailUrl\":\"https:\/\/rioonwatch.org.br\/wp-content\/uploads\/2018\/06\/Conferencia-scaled.jpg\",\"datePublished\":\"2018-06-06T12:53:08+00:00\",\"dateModified\":\"2018-08-28T16:59:06+00:00\",\"breadcrumb\":{\"@id\":\"https:\/\/rioonwatch.org.br\/?p=33422#breadcrumb\"},\"inLanguage\":\"pt-BR\",\"potentialAction\":[{\"@type\":\"ReadAction\",\"target\":[\"https:\/\/rioonwatch.org.br\/?p=33422\"]}]},{\"@type\":\"ImageObject\",\"inLanguage\":\"pt-BR\",\"@id\":\"https:\/\/rioonwatch.org.br\/?p=33422#primaryimage\",\"url\":\"https:\/\/rioonwatch.org.br\/wp-content\/uploads\/2018\/06\/Conferencia-scaled.jpg\",\"contentUrl\":\"https:\/\/rioonwatch.org.br\/wp-content\/uploads\/2018\/06\/Conferencia-scaled.jpg\",\"width\":2560,\"height\":1300},{\"@type\":\"BreadcrumbList\",\"@id\":\"https:\/\/rioonwatch.org.br\/?p=33422#breadcrumb\",\"itemListElement\":[{\"@type\":\"ListItem\",\"position\":1,\"name\":\"In\u00edcio\",\"item\":\"https:\/\/rioonwatch.org.br\/\"},{\"@type\":\"ListItem\",\"position\":2,\"name\":\"O Plano Participativo &#8216;Modelar a Metr\u00f3pole&#8217; de Desenvolvimento Metropolitano do Rio\"}]},{\"@type\":\"WebSite\",\"@id\":\"https:\/\/rioonwatch.org.br\/#website\",\"url\":\"https:\/\/rioonwatch.org.br\/\",\"name\":\"RioOnWatch\",\"description\":\"relatos das favelas cariocas\",\"publisher\":{\"@id\":\"https:\/\/rioonwatch.org.br\/#organization\"},\"potentialAction\":[{\"@type\":\"SearchAction\",\"target\":{\"@type\":\"EntryPoint\",\"urlTemplate\":\"https:\/\/rioonwatch.org.br\/?s={search_term_string}\"},\"query-input\":{\"@type\":\"PropertyValueSpecification\",\"valueRequired\":true,\"valueName\":\"search_term_string\"}}],\"inLanguage\":\"pt-BR\"},{\"@type\":\"Organization\",\"@id\":\"https:\/\/rioonwatch.org.br\/#organization\",\"name\":\"RioOnWatch\",\"url\":\"https:\/\/rioonwatch.org.br\/\",\"logo\":{\"@type\":\"ImageObject\",\"inLanguage\":\"pt-BR\",\"@id\":\"https:\/\/rioonwatch.org.br\/#\/schema\/logo\/image\/\",\"url\":\"https:\/\/rioonwatch.org.br\/wp-content\/uploads\/2021\/06\/RioOnWatchcabecalhoPT11anos-2.png\",\"contentUrl\":\"https:\/\/rioonwatch.org.br\/wp-content\/uploads\/2021\/06\/RioOnWatchcabecalhoPT11anos-2.png\",\"width\":779,\"height\":277,\"caption\":\"RioOnWatch\"},\"image\":{\"@id\":\"https:\/\/rioonwatch.org.br\/#\/schema\/logo\/image\/\"}},{\"@type\":\"Person\",\"@id\":\"https:\/\/rioonwatch.org.br\/#\/schema\/person\/f443c6b55bb6e80842280318076491c5\",\"name\":\"Luisa Fenizola\",\"image\":{\"@type\":\"ImageObject\",\"inLanguage\":\"pt-BR\",\"@id\":\"https:\/\/rioonwatch.org.br\/#\/schema\/person\/image\/\",\"url\":\"https:\/\/secure.gravatar.com\/avatar\/a3d551110162b9f876cbbdaaecf75663?s=96&d=blank&r=g\",\"contentUrl\":\"https:\/\/secure.gravatar.com\/avatar\/a3d551110162b9f876cbbdaaecf75663?s=96&d=blank&r=g\",\"caption\":\"Luisa Fenizola\"},\"url\":\"https:\/\/rioonwatch.org.br\/?author=152\"}]}<\/script>\n<!-- \/ Yoast SEO plugin. -->","yoast_head_json":{"title":"O Plano Participativo 'Modelar a Metr\u00f3pole' de Desenvolvimento Metropolitano do Rio - RioOnWatch","robots":{"index":"index","follow":"follow","max-snippet":"max-snippet:-1","max-image-preview":"max-image-preview:large","max-video-preview":"max-video-preview:-1"},"canonical":"https:\/\/rioonwatch.org.br\/?p=33422","og_locale":"pt_BR","og_type":"article","og_title":"O Plano Participativo 'Modelar a Metr\u00f3pole' de Desenvolvimento Metropolitano do Rio - RioOnWatch","og_description":"Click Here for English Integra\u00e7\u00e3o metropolitana Se o papel das cidades enquanto inst\u00e2ncias de planejamento e tomada de decis\u00e3o foi reconhecido pela Constitui\u00e7\u00e3o de 1988, que lhes garantiu maior autonomia, h\u00e1 um movimento mais recente [...]","og_url":"https:\/\/rioonwatch.org.br\/?p=33422","og_site_name":"RioOnWatch","article_published_time":"2018-06-06T12:53:08+00:00","article_modified_time":"2018-08-28T16:59:06+00:00","og_image":[{"width":2560,"height":1300,"url":"https:\/\/rioonwatch.org.br\/wp-content\/uploads\/2018\/06\/Conferencia-scaled.jpg","type":"image\/jpeg"}],"author":"Luisa Fenizola","twitter_card":"summary_large_image","twitter_misc":{"Escrito por":"Luisa Fenizola","Est. tempo de leitura":"9 minutos"},"schema":{"@context":"https:\/\/schema.org","@graph":[{"@type":"Article","@id":"https:\/\/rioonwatch.org.br\/?p=33422#article","isPartOf":{"@id":"https:\/\/rioonwatch.org.br\/?p=33422"},"author":{"name":"Luisa Fenizola","@id":"https:\/\/rioonwatch.org.br\/#\/schema\/person\/f443c6b55bb6e80842280318076491c5"},"headline":"O Plano Participativo &#8216;Modelar a Metr\u00f3pole&#8217; de Desenvolvimento Metropolitano do Rio","datePublished":"2018-06-06T12:53:08+00:00","dateModified":"2018-08-28T16:59:06+00:00","mainEntityOfPage":{"@id":"https:\/\/rioonwatch.org.br\/?p=33422"},"wordCount":1826,"publisher":{"@id":"https:\/\/rioonwatch.org.br\/#organization"},"image":{"@id":"https:\/\/rioonwatch.org.br\/?p=33422#primaryimage"},"thumbnailUrl":"https:\/\/rioonwatch.org.br\/wp-content\/uploads\/2018\/06\/Conferencia-scaled.jpg","keywords":["Ba\u00eda da Guanabara","C\u00e2mara Metropolitana","Casa Fluminense","constitui\u00e7\u00e3o","Estatuto da Cidade","FASE","gest\u00e3o de res\u00edduos","ISER","Morro dos Prazeres","OAB","participa\u00e7\u00e3o","PDUI","planejamento participativo","planejamento urbano","reciclagem","regulariza\u00e7\u00e3o fundi\u00e1ria","saneamento","S\u00e3o Gon\u00e7alo","transporte","UFF","UFRJ","urbanismo"],"articleSection":["#Monitoramento","#OlhoNaParticipa\u00e7\u00e3o","#OlhoNaUrbaniza\u00e7\u00e3o","*Destaque","Entendendo o Rio","Pol\u00edticas","Sociedade Civil","Solu\u00e7\u00f5es","Transporte"],"inLanguage":"pt-BR"},{"@type":"WebPage","@id":"https:\/\/rioonwatch.org.br\/?p=33422","url":"https:\/\/rioonwatch.org.br\/?p=33422","name":"O Plano Participativo 'Modelar a Metr\u00f3pole' de Desenvolvimento Metropolitano do Rio - RioOnWatch","isPartOf":{"@id":"https:\/\/rioonwatch.org.br\/#website"},"primaryImageOfPage":{"@id":"https:\/\/rioonwatch.org.br\/?p=33422#primaryimage"},"image":{"@id":"https:\/\/rioonwatch.org.br\/?p=33422#primaryimage"},"thumbnailUrl":"https:\/\/rioonwatch.org.br\/wp-content\/uploads\/2018\/06\/Conferencia-scaled.jpg","datePublished":"2018-06-06T12:53:08+00:00","dateModified":"2018-08-28T16:59:06+00:00","breadcrumb":{"@id":"https:\/\/rioonwatch.org.br\/?p=33422#breadcrumb"},"inLanguage":"pt-BR","potentialAction":[{"@type":"ReadAction","target":["https:\/\/rioonwatch.org.br\/?p=33422"]}]},{"@type":"ImageObject","inLanguage":"pt-BR","@id":"https:\/\/rioonwatch.org.br\/?p=33422#primaryimage","url":"https:\/\/rioonwatch.org.br\/wp-content\/uploads\/2018\/06\/Conferencia-scaled.jpg","contentUrl":"https:\/\/rioonwatch.org.br\/wp-content\/uploads\/2018\/06\/Conferencia-scaled.jpg","width":2560,"height":1300},{"@type":"BreadcrumbList","@id":"https:\/\/rioonwatch.org.br\/?p=33422#breadcrumb","itemListElement":[{"@type":"ListItem","position":1,"name":"In\u00edcio","item":"https:\/\/rioonwatch.org.br\/"},{"@type":"ListItem","position":2,"name":"O Plano Participativo &#8216;Modelar a Metr\u00f3pole&#8217; de Desenvolvimento Metropolitano do Rio"}]},{"@type":"WebSite","@id":"https:\/\/rioonwatch.org.br\/#website","url":"https:\/\/rioonwatch.org.br\/","name":"RioOnWatch","description":"relatos das favelas cariocas","publisher":{"@id":"https:\/\/rioonwatch.org.br\/#organization"},"potentialAction":[{"@type":"SearchAction","target":{"@type":"EntryPoint","urlTemplate":"https:\/\/rioonwatch.org.br\/?s={search_term_string}"},"query-input":{"@type":"PropertyValueSpecification","valueRequired":true,"valueName":"search_term_string"}}],"inLanguage":"pt-BR"},{"@type":"Organization","@id":"https:\/\/rioonwatch.org.br\/#organization","name":"RioOnWatch","url":"https:\/\/rioonwatch.org.br\/","logo":{"@type":"ImageObject","inLanguage":"pt-BR","@id":"https:\/\/rioonwatch.org.br\/#\/schema\/logo\/image\/","url":"https:\/\/rioonwatch.org.br\/wp-content\/uploads\/2021\/06\/RioOnWatchcabecalhoPT11anos-2.png","contentUrl":"https:\/\/rioonwatch.org.br\/wp-content\/uploads\/2021\/06\/RioOnWatchcabecalhoPT11anos-2.png","width":779,"height":277,"caption":"RioOnWatch"},"image":{"@id":"https:\/\/rioonwatch.org.br\/#\/schema\/logo\/image\/"}},{"@type":"Person","@id":"https:\/\/rioonwatch.org.br\/#\/schema\/person\/f443c6b55bb6e80842280318076491c5","name":"Luisa Fenizola","image":{"@type":"ImageObject","inLanguage":"pt-BR","@id":"https:\/\/rioonwatch.org.br\/#\/schema\/person\/image\/","url":"https:\/\/secure.gravatar.com\/avatar\/a3d551110162b9f876cbbdaaecf75663?s=96&d=blank&r=g","contentUrl":"https:\/\/secure.gravatar.com\/avatar\/a3d551110162b9f876cbbdaaecf75663?s=96&d=blank&r=g","caption":"Luisa Fenizola"},"url":"https:\/\/rioonwatch.org.br\/?author=152"}]}},"_links":{"self":[{"href":"https:\/\/rioonwatch.org.br\/index.php?rest_route=\/wp\/v2\/posts\/33422"}],"collection":[{"href":"https:\/\/rioonwatch.org.br\/index.php?rest_route=\/wp\/v2\/posts"}],"about":[{"href":"https:\/\/rioonwatch.org.br\/index.php?rest_route=\/wp\/v2\/types\/post"}],"author":[{"embeddable":true,"href":"https:\/\/rioonwatch.org.br\/index.php?rest_route=\/wp\/v2\/users\/152"}],"replies":[{"embeddable":true,"href":"https:\/\/rioonwatch.org.br\/index.php?rest_route=%2Fwp%2Fv2%2Fcomments&post=33422"}],"version-history":[{"count":23,"href":"https:\/\/rioonwatch.org.br\/index.php?rest_route=\/wp\/v2\/posts\/33422\/revisions"}],"predecessor-version":[{"id":34363,"href":"https:\/\/rioonwatch.org.br\/index.php?rest_route=\/wp\/v2\/posts\/33422\/revisions\/34363"}],"wp:featuredmedia":[{"embeddable":true,"href":"https:\/\/rioonwatch.org.br\/index.php?rest_route=\/wp\/v2\/media\/33584"}],"wp:attachment":[{"href":"https:\/\/rioonwatch.org.br\/index.php?rest_route=%2Fwp%2Fv2%2Fmedia&parent=33422"}],"wp:term":[{"taxonomy":"category","embeddable":true,"href":"https:\/\/rioonwatch.org.br\/index.php?rest_route=%2Fwp%2Fv2%2Fcategories&post=33422"},{"taxonomy":"post_tag","embeddable":true,"href":"https:\/\/rioonwatch.org.br\/index.php?rest_route=%2Fwp%2Fv2%2Ftags&post=33422"},{"taxonomy":"writer","embeddable":true,"href":"https:\/\/rioonwatch.org.br\/index.php?rest_route=%2Fwp%2Fv2%2Fwriter&post=33422"},{"taxonomy":"translator","embeddable":true,"href":"https:\/\/rioonwatch.org.br\/index.php?rest_route=%2Fwp%2Fv2%2Ftranslator&post=33422"},{"taxonomy":"source","embeddable":true,"href":"https:\/\/rioonwatch.org.br\/index.php?rest_route=%2Fwp%2Fv2%2Fsource&post=33422"},{"taxonomy":"ilustrador","embeddable":true,"href":"https:\/\/rioonwatch.org.br\/index.php?rest_route=%2Fwp%2Fv2%2Filustrador&post=33422"},{"taxonomy":"fotografo","embeddable":true,"href":"https:\/\/rioonwatch.org.br\/index.php?rest_route=%2Fwp%2Fv2%2Ffotografo&post=33422"}],"curies":[{"name":"wp","href":"https:\/\/api.w.org\/{rel}","templated":true}]}}