{"id":33442,"date":"2018-05-29T12:40:46","date_gmt":"2018-05-29T15:40:46","guid":{"rendered":"http:\/\/rioonwatch.org.br\/?p=33442"},"modified":"2026-04-14T10:00:49","modified_gmt":"2026-04-14T13:00:49","slug":"protesto-do-conselho-popular-contra-remocoes-entrega-manifesto-coletivo-sobre-moradia","status":"publish","type":"post","link":"https:\/\/rioonwatch.org.br\/?p=33442","title":{"rendered":"Protesto do Conselho Popular Contra Remo\u00e7\u00f5es Entrega Manifesto Coletivo sobre Moradia"},"content":{"rendered":"<p style=\"text-align: right;\"><em><strong><a href=\"http:\/\/bit.ly\/2GOoy8K\" target=\"_blank\" rel=\"noopener noreferrer\">Click Here for English<img decoding=\"async\" width=\"20\" height=\"20\" class=\"alignright wp-image-15790\" src=\"http:\/\/rioonwatch.org.br\/wp-content\/uploads\/2012\/08\/EN-standard-e1439583104716.jpg\" \/><\/a><\/strong><\/em><\/p>\n<p><span style=\"font-weight: 400;\">No dia 18 de maio, membros do <a href=\"http:\/\/bit.ly\/2IUseHT\" target=\"_blank\" rel=\"noopener\">Conselho Popular<\/a> se manifestaram pela segunda vez este ano em frente ao Pal\u00e1cio da Cidade em <a href=\"http:\/\/bit.ly\/1QJnyVP\" target=\"_blank\" rel=\"noopener\">Botafogo<\/a>. Em torno de 40 manifestantes&#8211;moradores e aliados de comunidades amea\u00e7adas de remo\u00e7\u00e3o, como <a href=\"http:\/\/bit.ly\/1HgPoFM\" target=\"_blank\" rel=\"noopener\">Rio das Pedras<\/a>, <a href=\"http:\/\/bit.ly\/2zcVE34\" target=\"_blank\" rel=\"noopener\">Barrinha<\/a>, <a href=\"http:\/\/bit.ly\/133Itux\" target=\"_blank\" rel=\"noopener\">Indiana<\/a> e <a href=\"http:\/\/bit.ly\/11b2TzL\" target=\"_blank\" rel=\"noopener\">Horto<\/a>&#8211;se encontraram na Pra\u00e7a Corumb\u00e1 para protestar a cont\u00ednua falta de medidas em rela\u00e7\u00e3o aos <a href=\"http:\/\/bit.ly\/1g73xCv\" target=\"_blank\" rel=\"noopener\">direitos \u00e0 moradia<\/a> por parte do <a href=\"http:\/\/bit.ly\/2cIlnDw\" target=\"_blank\" rel=\"noopener\">Prefeito Crivella<\/a> e da rec\u00e9m-nomeada Secret\u00e1ria de Urbanismo, Infraestrutura e Habita\u00e7\u00e3o Verena Andreatta. Como disse Jaqueline Andrade Costa, da Barrinha, \u201cnada aconteceu\u201d nos dois meses desde a <a href=\"http:\/\/bit.ly\/2oTCwQw\" target=\"_blank\" rel=\"noopener\">\u00faltima manifesta\u00e7\u00e3o em Botafogo<\/a>. Tal in\u00e9rcia revela as \u201cfalsas promessas\u201d que foram feitas ao Conselho Popular, tal como a de que a prefeitura criaria uma equipe para trabalhar com cada comunidade amea\u00e7ada de remo\u00e7\u00e3o.<\/span><\/p>\n<p><span style=\"font-weight: 400;\">Diante da atual passividade por parte das autoridades da prefeitura, manifestantes como Antonio Xiolan, da Rocinha, mostraram sua determina\u00e7\u00e3o em resistir e lutar por mudan\u00e7a. No in\u00edcio da manifesta\u00e7\u00e3o Antonio descreveu as pol\u00edticas de reestrutura\u00e7\u00e3o urbana como \u201cnada mais do que <a href=\"http:\/\/bit.ly\/2nJVoyg\" target=\"_blank\" rel=\"noopener\">afastar os pobres da cidade<\/a>\u201d, algo que \u201cn\u00f3s n\u00e3o vamos permitir\u201d. Tal resist\u00eancia foi refor\u00e7ada pela ex-presidente da <a href=\"http:\/\/bit.ly\/1TKfCB9\" target=\"_blank\" rel=\"noopener\">Associa\u00e7\u00e3o de Moradores e Amigos do Horto<\/a>, Em\u00edlia Maria de Souza, que pediu a continuidade dentro \u201cdo nosso ativismo por nossos direitos\u201d. Em\u00edlia tamb\u00e9m frisou a import\u00e2ncia da persist\u00eancia em \u201caumentar a conscientiza\u00e7\u00e3o das pessoas\u201d frente <a href=\"http:\/\/bit.ly\/2bWzzve\" target=\"_blank\" rel=\"noopener\">\u00e0s pr\u00f3ximas elei\u00e7\u00f5es desse ano<\/a>\u00a0para que os votos possam ser direcionados <a href=\"http:\/\/bit.ly\/2gQ5jz4\" target=\"_blank\" rel=\"noopener\">\u00e0queles que respeitam os direitos constitucionais dos cidad\u00e3os \u00e0 moradia<\/a>.<\/span><\/p>\n<p><span style=\"font-weight: 400;\"><a href=\"http:\/\/rioonwatch.org.br\/wp-content\/uploads\/2018\/05\/Rio-sem-remoc\u0327o\u0303es-e1526928785554.jpg\"><img fetchpriority=\"high\" decoding=\"async\" class=\"wp-image-33449 alignright\" title=\"&quot;Rio Sem Remo\u00e7\u00f5es Contra a Ditadura aos pobres&quot;\" src=\"http:\/\/rioonwatch.org.br\/wp-content\/uploads\/2018\/05\/Rio-sem-remoc\u0327o\u0303es-e1526928785554.jpg\" alt=\"\" width=\"225\" height=\"300\" srcset=\"https:\/\/rioonwatch.org.br\/wp-content\/uploads\/2018\/05\/Rio-sem-remoc\u0327o\u0303es-e1526928785554.jpg 2000w, https:\/\/rioonwatch.org.br\/wp-content\/uploads\/2018\/05\/Rio-sem-remoc\u0327o\u0303es-e1526928785554-198x264.jpg 198w, https:\/\/rioonwatch.org.br\/wp-content\/uploads\/2018\/05\/Rio-sem-remoc\u0327o\u0303es-e1526928785554-465x620.jpg 465w, https:\/\/rioonwatch.org.br\/wp-content\/uploads\/2018\/05\/Rio-sem-remoc\u0327o\u0303es-e1526928785554-768x1024.jpg 768w\" sizes=\"(max-width: 225px) 100vw, 225px\" \/><\/a>Lurdinha Lopes, l\u00edder do <a href=\"http:\/\/bit.ly\/198ZCU1\" target=\"_blank\" rel=\"noopener\">Movimento Nacional de Luta pela Moradia<\/a> (MNLM), incentivou os manifestantes a n\u00e3o direcionarem suas raivas especificamente ao Prefeito Crivella: \u201cCrivella n\u00e3o \u00e9 o monstro, Crivella \u00e9 o mensageiro do monstro\u201d. Lurdinha enfatizou que cada administra\u00e7\u00e3o tem sido semelhante <a href=\"http:\/\/bit.ly\/1Knx3UB\" target=\"_blank\" rel=\"noopener\">\u00e0 anterior<\/a>, uma vez que \u201ca \u00fanica coisa que muda \u00e9 o nome [do prefeito]\u201d. Ela afirmou que pol\u00edticas opressivas partem do n\u00edvel nacional, e que a ampla \u201cdegrada\u00e7\u00e3o&#8221; da pol\u00edtica deve ser confrontada por esfor\u00e7os coletivos das pessoas em forma de grupos representativos como o Conselho Popular.<\/span><\/p>\n<p><span style=\"font-weight: 400;\">Apesar disso, focando a n\u00edvel local e na in\u00e9rcia de Crivella e Verena, o Conselho Popular apresentou seu rec\u00e9m-criado <\/span><span style=\"font-weight: 400;\">Manifesto Coletivo dos Moradores do Rio<\/span><span style=\"font-weight: 400;\">. O manifesto, lido por Eliane Sousa de Oliveira, membro do Conselho Popular e da <a href=\"http:\/\/bit.ly\/2k3wxsa\" target=\"_blank\" rel=\"noopener\">Pastoral de Favelas<\/a>, destaca as atuais <a href=\"http:\/\/bit.ly\/2zPcWTe\" target=\"_blank\" rel=\"noopener\">amea\u00e7as de remo\u00e7\u00f5es enfrentadas por cada comunidade<\/a> representada pelo Conselho Popular e fornece dados qualitativos como suporte. Al\u00e9m disso, o manifesto estabelece dez demandas focadas na transpar\u00eancia de futuros projetos urbanos, na <\/span><span style=\"font-weight: 400;\">aloca\u00e7\u00e3o or\u00e7ament\u00e1ria do Fundo <\/span><span style=\"font-weight: 400;\">Municipal de Habita\u00e7\u00e3o de Interesse Social<\/span><span style=\"font-weight: 400;\"> e na <a href=\"http:\/\/bit.ly\/EscadaParticipacao\" target=\"_blank\" rel=\"noopener\">participa\u00e7\u00e3o comunit\u00e1ria<\/a> nas discuss\u00f5es sobre propriedade de terras e investimentos urbanos.<\/span><\/p>\n<p><a href=\"http:\/\/rioonwatch.org.br\/wp-content\/uploads\/2018\/05\/Eliane-Sousa-de-Oliveira-e1527102396711.jpg\"><img decoding=\"async\" class=\"aligncenter wp-image-33452 size-content\" title=\"Eliane Sousa de Oliveira fala no protesto.\" src=\"http:\/\/rioonwatch.org.br\/wp-content\/uploads\/2018\/05\/Eliane-Sousa-de-Oliveira-e1527102396711-620x264.jpg\" alt=\"\" width=\"620\" height=\"264\" srcset=\"https:\/\/rioonwatch.org.br\/wp-content\/uploads\/2018\/05\/Eliane-Sousa-de-Oliveira-e1527102396711-620x264.jpg 620w, https:\/\/rioonwatch.org.br\/wp-content\/uploads\/2018\/05\/Eliane-Sousa-de-Oliveira-e1527102396711-940x400.jpg 940w\" sizes=\"(max-width: 620px) 100vw, 620px\" \/><\/a><\/p>\n<p><span style=\"font-weight: 400;\">Oradores do protesto tamb\u00e9m abordaram o <a href=\"http:\/\/bit.ly\/2IXWi8L\" target=\"_blank\" rel=\"noopener\">Decreto n\u00ba 44.557<\/a>, que foi anunciado por Crivella no dia 16 de maio e que requisita a cria\u00e7\u00e3o de um grupo de trabalho para &#8220;tratar de assuntos relacionados a reassentamento de fam\u00edlias moradoras de unidades p\u00fablicas ou particulares em ocupa\u00e7\u00e3o irregular\u201d. O grupo de trabalho ser\u00e1 composto por diversos \u00f3rg\u00e3os municipais, incluindo a Secretaria Municipal de Urbanismo, Infraestrutura e Habita\u00e7\u00e3o e a Secretaria Municipal de Assist\u00eancia Social e Direitos Humanos. Membros do Conselho Popular criticaram o decreto por causa da <\/span><span style=\"font-weight: 400;\">sobre-representa\u00e7\u00e3o<\/span><span style=\"font-weight: 400;\"> de \u00f3rg\u00e3os municipais. O vereador Renato Cinco declarou que \u201ca composi\u00e7\u00e3o do decreto deve mudar\u201d, uma vez que o decreto n\u00e3o menciona nenhum envolvimento da sociedade civil, de movimentos sociais ou da <a href=\"http:\/\/bit.ly\/1kcl02n\" target=\"_blank\" rel=\"noopener\">Defensoria P\u00fablica<\/a> no grupo de trabalho. Tal omiss\u00e3o limita a coordena\u00e7\u00e3o com grupos representativos da comunidade, como o Conselho Popular, e desta forma \u00e9 prov\u00e1vel que os verdadeiros interesses das fam\u00edlias que vivem em comunidades amea\u00e7adas sejam ignorados. A \u00faltima exig\u00eancia do manifesto coletivo refor\u00e7a esse ponto, exigindo \u201c<\/span><span style=\"font-weight: 400;\">a participa\u00e7\u00e3o proporcional de movimentos sociais e de organiza\u00e7\u00f5es da sociedade civil<\/span><span style=\"font-weight: 400;\">\u201d.<\/span><\/p>\n<p><a href=\"http:\/\/rioonwatch.org.br\/wp-content\/uploads\/2018\/05\/ato-contra-remoc\u0327o\u0303es-grupo-2-e1527102484268.jpg\"><img loading=\"lazy\" decoding=\"async\" class=\"aligncenter wp-image-33454 size-content\" title=\"Da esquerda para a direita: Jaqueline Andrade Costa, da Barrinha, Emilia de Souza, do Horto, Di Cunha, da R\u00e1dio Sonda e Lurdinha Lopes, do MNLM.\" src=\"http:\/\/rioonwatch.org.br\/wp-content\/uploads\/2018\/05\/ato-contra-remoc\u0327o\u0303es-grupo-2-e1527102484268-620x264.jpg\" alt=\"\" width=\"620\" height=\"264\" srcset=\"https:\/\/rioonwatch.org.br\/wp-content\/uploads\/2018\/05\/ato-contra-remoc\u0327o\u0303es-grupo-2-e1527102484268-620x264.jpg 620w, https:\/\/rioonwatch.org.br\/wp-content\/uploads\/2018\/05\/ato-contra-remoc\u0327o\u0303es-grupo-2-e1527102484268-940x400.jpg 940w\" sizes=\"(max-width: 620px) 100vw, 620px\" \/><\/a><\/p>\n<p><span style=\"font-weight: 400;\">Uma vez mais, a manifesta\u00e7\u00e3o do Conselho Popular foi bem-sucedida em promover o di\u00e1logo. Cinco membros do Conselho, incluindo Eliane e Lurdinha, foram autorizados a entrar no edif\u00edcio para apresentar o manifesto ao gabinete do prefeito. Embora nem Crivella, nem Verena estivessem presentes no dia, foi prometido aos representantes do Conselho Popular uma reuni\u00e3o com o prefeito, que supostamente ser\u00e1 marcada na semana seguinte a este encontro. Contudo, a promessa foi recebida com um otimismo cauteloso pelo Conselho Popular, e Eliane afirmou que \u201cse a promessa n\u00e3o for cumprida, iremos retornar\u201d. Em\u00edlia, do Horto, disse que se o Conselho n\u00e3o receber nenhuma comunica\u00e7\u00e3o em quinze dias, o grupo ir\u00e1 se reencontrar para decidir a\u00e7\u00f5es futuras. Lurdinha enfatizou a import\u00e2ncia da <a href=\"http:\/\/bit.ly\/2hvSQpK\" target=\"_blank\" rel=\"noopener\">uni\u00e3o<\/a>, acrescentando que se for para o encontro acontecer, \u201ctodos n\u00f3s devemos estar [l\u00e1]\u201d para pressionar o Prefeito Crivella a estabelecer um di\u00e1logo efetivo e criar solu\u00e7\u00f5es.<\/span><\/p>\n<!-- AddThis Advanced Settings generic via filter on the_content --><!-- AddThis Share Buttons generic via filter on the_content -->","protected":false},"excerpt":{"rendered":"<div class=\"mh-excerpt\"><p>Click Here for English No dia 18 de maio, membros do Conselho Popular se manifestaram pela segunda vez este ano em frente ao Pal\u00e1cio da Cidade em Botafogo. Em torno de 40 manifestantes&#8211;moradores e aliados <a class=\"mh-excerpt-more\" href=\"https:\/\/rioonwatch.org.br\/?p=33442\" title=\"Protesto do Conselho Popular Contra Remo\u00e7\u00f5es Entrega Manifesto Coletivo sobre Moradia\">[&#8230;]<\/a><!-- AddThis Advanced Settings generic via filter on get_the_excerpt --><!-- AddThis Share Buttons generic via filter on get_the_excerpt --><\/p>\n<\/div>","protected":false},"author":129,"featured_media":33444,"comment_status":"closed","ping_status":"closed","sticky":false,"template":"","format":"standard","meta":{"_acf_changed":false,"_monsterinsights_skip_tracking":false,"_monsterinsights_sitenote_active":false,"_monsterinsights_sitenote_note":"","_monsterinsights_sitenote_category":0,"footnotes":""},"categories":[2089,1614,1621,1627,1626,1612],"tags":[309,2237,1696,2218,424,457,396,733,2548,746,1982,780,1037,304,86,763,14,432,1393,16,1109,2167],"writer":[2300],"translator":[1785],"source":[],"ilustrador":[],"fotografo":[],"class_list":{"0":"post-33442","1":"post","2":"type-post","3":"status-publish","4":"format-standard","5":"has-post-thumbnail","7":"category-monitoramento","8":"category-olhonasremocoes","9":"category-destaque","10":"category-relato-de-evento","11":"category-por-observadores-internacionais","12":"category-sociedade-civil","13":"tag-ativismo","14":"tag-barrinha","15":"tag-botafogo","16":"tag-conselho-popular","17":"tag-direito-a-moradia","18":"tag-eleicoes","19":"tag-especulacao-imobiliaria","20":"tag-horto","21":"tag-igreja-catolica","22":"tag-indiana","23":"tag-marcelo-crivella","24":"tag-mnlm","25":"tag-moradia","26":"tag-participacao","27":"tag-pastoral-de-favelas","28":"tag-protesto","29":"tag-remocao","30":"tag-resistencia","31":"tag-rio-das-pedras","32":"tag-rocinha","33":"tag-sociedade-civil","34":"tag-uniao","35":"writer-hari-pannum","36":"translator-maria-fernanda-godinho"},"acf":[],"yoast_head":"<!-- This site is optimized with the Yoast SEO plugin v25.6 - https:\/\/yoast.com\/wordpress\/plugins\/seo\/ -->\n<title>Protesto do Conselho Popular Contra Remo\u00e7\u00f5es Entrega Manifesto Coletivo sobre Moradia - RioOnWatch<\/title>\n<meta name=\"robots\" content=\"index, follow, max-snippet:-1, max-image-preview:large, max-video-preview:-1\" \/>\n<link rel=\"canonical\" href=\"https:\/\/rioonwatch.org.br\/?p=33442\" \/>\n<meta property=\"og:locale\" content=\"pt_BR\" \/>\n<meta property=\"og:type\" content=\"article\" \/>\n<meta property=\"og:title\" content=\"Protesto do Conselho Popular Contra Remo\u00e7\u00f5es Entrega Manifesto Coletivo sobre Moradia - RioOnWatch\" \/>\n<meta property=\"og:description\" content=\"Click Here for English No dia 18 de maio, membros do Conselho Popular se manifestaram pela segunda vez este ano em frente ao Pal\u00e1cio da Cidade em Botafogo. Em torno de 40 manifestantes&#8211;moradores e aliados [...]\" \/>\n<meta property=\"og:url\" content=\"https:\/\/rioonwatch.org.br\/?p=33442\" \/>\n<meta property=\"og:site_name\" content=\"RioOnWatch\" \/>\n<meta property=\"article:published_time\" content=\"2018-05-29T15:40:46+00:00\" \/>\n<meta property=\"article:modified_time\" content=\"2026-04-14T13:00:49+00:00\" \/>\n<meta property=\"og:image\" content=\"https:\/\/rioonwatch.org.br\/wp-content\/uploads\/2018\/05\/Ato-contra-remoc\u0327o\u0303es-grupo-e1526928405827.jpg\" \/>\n\t<meta property=\"og:image:width\" content=\"2000\" \/>\n\t<meta property=\"og:image:height\" content=\"1500\" \/>\n\t<meta property=\"og:image:type\" content=\"image\/jpeg\" \/>\n<meta name=\"author\" content=\"Admin\" \/>\n<meta name=\"twitter:card\" content=\"summary_large_image\" \/>\n<meta name=\"twitter:label1\" content=\"Escrito por\" \/>\n\t<meta name=\"twitter:data1\" content=\"Admin\" \/>\n\t<meta name=\"twitter:label2\" content=\"Est. tempo de leitura\" \/>\n\t<meta name=\"twitter:data2\" content=\"4 minutos\" \/>\n<script type=\"application\/ld+json\" class=\"yoast-schema-graph\">{\"@context\":\"https:\/\/schema.org\",\"@graph\":[{\"@type\":\"Article\",\"@id\":\"https:\/\/rioonwatch.org.br\/?p=33442#article\",\"isPartOf\":{\"@id\":\"https:\/\/rioonwatch.org.br\/?p=33442\"},\"author\":{\"name\":\"Admin\",\"@id\":\"https:\/\/rioonwatch.org.br\/#\/schema\/person\/11d64c290506f9df50c71b850c473f68\"},\"headline\":\"Protesto do Conselho Popular Contra Remo\u00e7\u00f5es Entrega Manifesto Coletivo sobre Moradia\",\"datePublished\":\"2018-05-29T15:40:46+00:00\",\"dateModified\":\"2026-04-14T13:00:49+00:00\",\"mainEntityOfPage\":{\"@id\":\"https:\/\/rioonwatch.org.br\/?p=33442\"},\"wordCount\":855,\"publisher\":{\"@id\":\"https:\/\/rioonwatch.org.br\/#organization\"},\"image\":{\"@id\":\"https:\/\/rioonwatch.org.br\/?p=33442#primaryimage\"},\"thumbnailUrl\":\"https:\/\/rioonwatch.org.br\/wp-content\/uploads\/2018\/05\/Ato-contra-remoc\u0327o\u0303es-grupo-e1526928405827.jpg\",\"keywords\":[\"ativismo\",\"Barrinha\",\"Botafogo\",\"Conselho Popular\",\"Direito \u00e0 Moradia\",\"Elei\u00e7\u00f5es\",\"especula\u00e7\u00e3o imobili\u00e1ria\",\"Horto\",\"Igreja Cat\u00f3lica\",\"Indiana\",\"Marcelo Crivella\",\"MNLM\",\"moradia\",\"participa\u00e7\u00e3o\",\"Pastoral das Favelas\",\"protesto\",\"Remo\u00e7\u00e3o\",\"resist\u00eancia\",\"Rio das Pedras\",\"Rocinha\",\"sociedade civil\",\"uni\u00e3o\"],\"articleSection\":[\"#Monitoramento\",\"#OlhoNasRemo\u00e7\u00f5es\",\"*Destaque\",\"Cobertura de Eventos\",\"Escrito por Aliados\",\"Sociedade Civil\"],\"inLanguage\":\"pt-BR\"},{\"@type\":\"WebPage\",\"@id\":\"https:\/\/rioonwatch.org.br\/?p=33442\",\"url\":\"https:\/\/rioonwatch.org.br\/?p=33442\",\"name\":\"Protesto do Conselho Popular Contra Remo\u00e7\u00f5es Entrega Manifesto Coletivo sobre Moradia - RioOnWatch\",\"isPartOf\":{\"@id\":\"https:\/\/rioonwatch.org.br\/#website\"},\"primaryImageOfPage\":{\"@id\":\"https:\/\/rioonwatch.org.br\/?p=33442#primaryimage\"},\"image\":{\"@id\":\"https:\/\/rioonwatch.org.br\/?p=33442#primaryimage\"},\"thumbnailUrl\":\"https:\/\/rioonwatch.org.br\/wp-content\/uploads\/2018\/05\/Ato-contra-remoc\u0327o\u0303es-grupo-e1526928405827.jpg\",\"datePublished\":\"2018-05-29T15:40:46+00:00\",\"dateModified\":\"2026-04-14T13:00:49+00:00\",\"breadcrumb\":{\"@id\":\"https:\/\/rioonwatch.org.br\/?p=33442#breadcrumb\"},\"inLanguage\":\"pt-BR\",\"potentialAction\":[{\"@type\":\"ReadAction\",\"target\":[\"https:\/\/rioonwatch.org.br\/?p=33442\"]}]},{\"@type\":\"ImageObject\",\"inLanguage\":\"pt-BR\",\"@id\":\"https:\/\/rioonwatch.org.br\/?p=33442#primaryimage\",\"url\":\"https:\/\/rioonwatch.org.br\/wp-content\/uploads\/2018\/05\/Ato-contra-remoc\u0327o\u0303es-grupo-e1526928405827.jpg\",\"contentUrl\":\"https:\/\/rioonwatch.org.br\/wp-content\/uploads\/2018\/05\/Ato-contra-remoc\u0327o\u0303es-grupo-e1526928405827.jpg\",\"width\":2000,\"height\":1500},{\"@type\":\"BreadcrumbList\",\"@id\":\"https:\/\/rioonwatch.org.br\/?p=33442#breadcrumb\",\"itemListElement\":[{\"@type\":\"ListItem\",\"position\":1,\"name\":\"In\u00edcio\",\"item\":\"https:\/\/rioonwatch.org.br\/\"},{\"@type\":\"ListItem\",\"position\":2,\"name\":\"Protesto do Conselho Popular Contra Remo\u00e7\u00f5es Entrega Manifesto Coletivo sobre Moradia\"}]},{\"@type\":\"WebSite\",\"@id\":\"https:\/\/rioonwatch.org.br\/#website\",\"url\":\"https:\/\/rioonwatch.org.br\/\",\"name\":\"RioOnWatch\",\"description\":\"relatos das favelas cariocas\",\"publisher\":{\"@id\":\"https:\/\/rioonwatch.org.br\/#organization\"},\"potentialAction\":[{\"@type\":\"SearchAction\",\"target\":{\"@type\":\"EntryPoint\",\"urlTemplate\":\"https:\/\/rioonwatch.org.br\/?s={search_term_string}\"},\"query-input\":{\"@type\":\"PropertyValueSpecification\",\"valueRequired\":true,\"valueName\":\"search_term_string\"}}],\"inLanguage\":\"pt-BR\"},{\"@type\":\"Organization\",\"@id\":\"https:\/\/rioonwatch.org.br\/#organization\",\"name\":\"RioOnWatch\",\"url\":\"https:\/\/rioonwatch.org.br\/\",\"logo\":{\"@type\":\"ImageObject\",\"inLanguage\":\"pt-BR\",\"@id\":\"https:\/\/rioonwatch.org.br\/#\/schema\/logo\/image\/\",\"url\":\"https:\/\/rioonwatch.org.br\/wp-content\/uploads\/2021\/06\/RioOnWatchcabecalhoPT11anos-2.png\",\"contentUrl\":\"https:\/\/rioonwatch.org.br\/wp-content\/uploads\/2021\/06\/RioOnWatchcabecalhoPT11anos-2.png\",\"width\":779,\"height\":277,\"caption\":\"RioOnWatch\"},\"image\":{\"@id\":\"https:\/\/rioonwatch.org.br\/#\/schema\/logo\/image\/\"}},{\"@type\":\"Person\",\"@id\":\"https:\/\/rioonwatch.org.br\/#\/schema\/person\/11d64c290506f9df50c71b850c473f68\",\"name\":\"Admin\",\"image\":{\"@type\":\"ImageObject\",\"inLanguage\":\"pt-BR\",\"@id\":\"https:\/\/rioonwatch.org.br\/#\/schema\/person\/image\/\",\"url\":\"https:\/\/secure.gravatar.com\/avatar\/56211ac74568383903349a1485e3c325?s=96&d=blank&r=g\",\"contentUrl\":\"https:\/\/secure.gravatar.com\/avatar\/56211ac74568383903349a1485e3c325?s=96&d=blank&r=g\",\"caption\":\"Admin\"},\"url\":\"https:\/\/rioonwatch.org.br\/?author=129\"}]}<\/script>\n<!-- \/ Yoast SEO plugin. -->","yoast_head_json":{"title":"Protesto do Conselho Popular Contra Remo\u00e7\u00f5es Entrega Manifesto Coletivo sobre Moradia - RioOnWatch","robots":{"index":"index","follow":"follow","max-snippet":"max-snippet:-1","max-image-preview":"max-image-preview:large","max-video-preview":"max-video-preview:-1"},"canonical":"https:\/\/rioonwatch.org.br\/?p=33442","og_locale":"pt_BR","og_type":"article","og_title":"Protesto do Conselho Popular Contra Remo\u00e7\u00f5es Entrega Manifesto Coletivo sobre Moradia - RioOnWatch","og_description":"Click Here for English No dia 18 de maio, membros do Conselho Popular se manifestaram pela segunda vez este ano em frente ao Pal\u00e1cio da Cidade em Botafogo. Em torno de 40 manifestantes&#8211;moradores e aliados [...]","og_url":"https:\/\/rioonwatch.org.br\/?p=33442","og_site_name":"RioOnWatch","article_published_time":"2018-05-29T15:40:46+00:00","article_modified_time":"2026-04-14T13:00:49+00:00","og_image":[{"width":2000,"height":1500,"url":"https:\/\/rioonwatch.org.br\/wp-content\/uploads\/2018\/05\/Ato-contra-remoc\u0327o\u0303es-grupo-e1526928405827.jpg","type":"image\/jpeg"}],"author":"Admin","twitter_card":"summary_large_image","twitter_misc":{"Escrito por":"Admin","Est. tempo de leitura":"4 minutos"},"schema":{"@context":"https:\/\/schema.org","@graph":[{"@type":"Article","@id":"https:\/\/rioonwatch.org.br\/?p=33442#article","isPartOf":{"@id":"https:\/\/rioonwatch.org.br\/?p=33442"},"author":{"name":"Admin","@id":"https:\/\/rioonwatch.org.br\/#\/schema\/person\/11d64c290506f9df50c71b850c473f68"},"headline":"Protesto do Conselho Popular Contra Remo\u00e7\u00f5es Entrega Manifesto Coletivo sobre Moradia","datePublished":"2018-05-29T15:40:46+00:00","dateModified":"2026-04-14T13:00:49+00:00","mainEntityOfPage":{"@id":"https:\/\/rioonwatch.org.br\/?p=33442"},"wordCount":855,"publisher":{"@id":"https:\/\/rioonwatch.org.br\/#organization"},"image":{"@id":"https:\/\/rioonwatch.org.br\/?p=33442#primaryimage"},"thumbnailUrl":"https:\/\/rioonwatch.org.br\/wp-content\/uploads\/2018\/05\/Ato-contra-remoc\u0327o\u0303es-grupo-e1526928405827.jpg","keywords":["ativismo","Barrinha","Botafogo","Conselho Popular","Direito \u00e0 Moradia","Elei\u00e7\u00f5es","especula\u00e7\u00e3o imobili\u00e1ria","Horto","Igreja Cat\u00f3lica","Indiana","Marcelo Crivella","MNLM","moradia","participa\u00e7\u00e3o","Pastoral das Favelas","protesto","Remo\u00e7\u00e3o","resist\u00eancia","Rio das Pedras","Rocinha","sociedade civil","uni\u00e3o"],"articleSection":["#Monitoramento","#OlhoNasRemo\u00e7\u00f5es","*Destaque","Cobertura de Eventos","Escrito por Aliados","Sociedade Civil"],"inLanguage":"pt-BR"},{"@type":"WebPage","@id":"https:\/\/rioonwatch.org.br\/?p=33442","url":"https:\/\/rioonwatch.org.br\/?p=33442","name":"Protesto do Conselho Popular Contra Remo\u00e7\u00f5es Entrega Manifesto Coletivo sobre Moradia - RioOnWatch","isPartOf":{"@id":"https:\/\/rioonwatch.org.br\/#website"},"primaryImageOfPage":{"@id":"https:\/\/rioonwatch.org.br\/?p=33442#primaryimage"},"image":{"@id":"https:\/\/rioonwatch.org.br\/?p=33442#primaryimage"},"thumbnailUrl":"https:\/\/rioonwatch.org.br\/wp-content\/uploads\/2018\/05\/Ato-contra-remoc\u0327o\u0303es-grupo-e1526928405827.jpg","datePublished":"2018-05-29T15:40:46+00:00","dateModified":"2026-04-14T13:00:49+00:00","breadcrumb":{"@id":"https:\/\/rioonwatch.org.br\/?p=33442#breadcrumb"},"inLanguage":"pt-BR","potentialAction":[{"@type":"ReadAction","target":["https:\/\/rioonwatch.org.br\/?p=33442"]}]},{"@type":"ImageObject","inLanguage":"pt-BR","@id":"https:\/\/rioonwatch.org.br\/?p=33442#primaryimage","url":"https:\/\/rioonwatch.org.br\/wp-content\/uploads\/2018\/05\/Ato-contra-remoc\u0327o\u0303es-grupo-e1526928405827.jpg","contentUrl":"https:\/\/rioonwatch.org.br\/wp-content\/uploads\/2018\/05\/Ato-contra-remoc\u0327o\u0303es-grupo-e1526928405827.jpg","width":2000,"height":1500},{"@type":"BreadcrumbList","@id":"https:\/\/rioonwatch.org.br\/?p=33442#breadcrumb","itemListElement":[{"@type":"ListItem","position":1,"name":"In\u00edcio","item":"https:\/\/rioonwatch.org.br\/"},{"@type":"ListItem","position":2,"name":"Protesto do Conselho Popular Contra Remo\u00e7\u00f5es Entrega Manifesto Coletivo sobre Moradia"}]},{"@type":"WebSite","@id":"https:\/\/rioonwatch.org.br\/#website","url":"https:\/\/rioonwatch.org.br\/","name":"RioOnWatch","description":"relatos das favelas cariocas","publisher":{"@id":"https:\/\/rioonwatch.org.br\/#organization"},"potentialAction":[{"@type":"SearchAction","target":{"@type":"EntryPoint","urlTemplate":"https:\/\/rioonwatch.org.br\/?s={search_term_string}"},"query-input":{"@type":"PropertyValueSpecification","valueRequired":true,"valueName":"search_term_string"}}],"inLanguage":"pt-BR"},{"@type":"Organization","@id":"https:\/\/rioonwatch.org.br\/#organization","name":"RioOnWatch","url":"https:\/\/rioonwatch.org.br\/","logo":{"@type":"ImageObject","inLanguage":"pt-BR","@id":"https:\/\/rioonwatch.org.br\/#\/schema\/logo\/image\/","url":"https:\/\/rioonwatch.org.br\/wp-content\/uploads\/2021\/06\/RioOnWatchcabecalhoPT11anos-2.png","contentUrl":"https:\/\/rioonwatch.org.br\/wp-content\/uploads\/2021\/06\/RioOnWatchcabecalhoPT11anos-2.png","width":779,"height":277,"caption":"RioOnWatch"},"image":{"@id":"https:\/\/rioonwatch.org.br\/#\/schema\/logo\/image\/"}},{"@type":"Person","@id":"https:\/\/rioonwatch.org.br\/#\/schema\/person\/11d64c290506f9df50c71b850c473f68","name":"Admin","image":{"@type":"ImageObject","inLanguage":"pt-BR","@id":"https:\/\/rioonwatch.org.br\/#\/schema\/person\/image\/","url":"https:\/\/secure.gravatar.com\/avatar\/56211ac74568383903349a1485e3c325?s=96&d=blank&r=g","contentUrl":"https:\/\/secure.gravatar.com\/avatar\/56211ac74568383903349a1485e3c325?s=96&d=blank&r=g","caption":"Admin"},"url":"https:\/\/rioonwatch.org.br\/?author=129"}]}},"_links":{"self":[{"href":"https:\/\/rioonwatch.org.br\/index.php?rest_route=\/wp\/v2\/posts\/33442"}],"collection":[{"href":"https:\/\/rioonwatch.org.br\/index.php?rest_route=\/wp\/v2\/posts"}],"about":[{"href":"https:\/\/rioonwatch.org.br\/index.php?rest_route=\/wp\/v2\/types\/post"}],"author":[{"embeddable":true,"href":"https:\/\/rioonwatch.org.br\/index.php?rest_route=\/wp\/v2\/users\/129"}],"replies":[{"embeddable":true,"href":"https:\/\/rioonwatch.org.br\/index.php?rest_route=%2Fwp%2Fv2%2Fcomments&post=33442"}],"version-history":[{"count":12,"href":"https:\/\/rioonwatch.org.br\/index.php?rest_route=\/wp\/v2\/posts\/33442\/revisions"}],"predecessor-version":[{"id":33484,"href":"https:\/\/rioonwatch.org.br\/index.php?rest_route=\/wp\/v2\/posts\/33442\/revisions\/33484"}],"wp:featuredmedia":[{"embeddable":true,"href":"https:\/\/rioonwatch.org.br\/index.php?rest_route=\/wp\/v2\/media\/33444"}],"wp:attachment":[{"href":"https:\/\/rioonwatch.org.br\/index.php?rest_route=%2Fwp%2Fv2%2Fmedia&parent=33442"}],"wp:term":[{"taxonomy":"category","embeddable":true,"href":"https:\/\/rioonwatch.org.br\/index.php?rest_route=%2Fwp%2Fv2%2Fcategories&post=33442"},{"taxonomy":"post_tag","embeddable":true,"href":"https:\/\/rioonwatch.org.br\/index.php?rest_route=%2Fwp%2Fv2%2Ftags&post=33442"},{"taxonomy":"writer","embeddable":true,"href":"https:\/\/rioonwatch.org.br\/index.php?rest_route=%2Fwp%2Fv2%2Fwriter&post=33442"},{"taxonomy":"translator","embeddable":true,"href":"https:\/\/rioonwatch.org.br\/index.php?rest_route=%2Fwp%2Fv2%2Ftranslator&post=33442"},{"taxonomy":"source","embeddable":true,"href":"https:\/\/rioonwatch.org.br\/index.php?rest_route=%2Fwp%2Fv2%2Fsource&post=33442"},{"taxonomy":"ilustrador","embeddable":true,"href":"https:\/\/rioonwatch.org.br\/index.php?rest_route=%2Fwp%2Fv2%2Filustrador&post=33442"},{"taxonomy":"fotografo","embeddable":true,"href":"https:\/\/rioonwatch.org.br\/index.php?rest_route=%2Fwp%2Fv2%2Ffotografo&post=33442"}],"curies":[{"name":"wp","href":"https:\/\/api.w.org\/{rel}","templated":true}]}}