{"id":33543,"date":"2018-06-01T10:09:42","date_gmt":"2018-06-01T13:09:42","guid":{"rendered":"http:\/\/rioonwatch.org.br\/?p=33543"},"modified":"2024-06-20T16:18:07","modified_gmt":"2024-06-20T19:18:07","slug":"instituto-lanca-revista-para-romper-o-pensamento-hegemonico-e-focar-na-potencia-das-periferias","status":"publish","type":"post","link":"https:\/\/rioonwatch.org.br\/?p=33543","title":{"rendered":"Instituto Lan\u00e7a Revista para Romper o Pensamento Hegem\u00f4nico e Focar na &#8216;Pot\u00eancia das Periferias&#8217;"},"content":{"rendered":"<p style=\"text-align: right;\"><em><strong><a href=\"http:\/\/bit.ly\/2IRv1p1\" target=\"_blank\" rel=\"noopener noreferrer\">Click Here for English<img decoding=\"async\" width=\"20\" height=\"20\" class=\"alignright wp-image-15790\" src=\"http:\/\/rioonwatch.org.br\/wp-content\/uploads\/2012\/08\/EN-standard-e1439583104716.jpg\" \/><\/a><\/strong><\/em><\/p>\n<p>No dia 19 de maio, o <a href=\"http:\/\/bit.ly\/2FQ6348\" target=\"_blank\" rel=\"noopener\">Instituto Maria e Jo\u00e3o Aleixo<\/a> (IMJA) lan\u00e7ou a <a href=\"http:\/\/bit.ly\/2sy7FtV\" target=\"_blank\" rel=\"noopener\"><em>Revista PERIFERIAS<\/em><\/a>, uma publica\u00e7\u00e3o semestral sobre o poder dos territ\u00f3rios perif\u00e9ricos do mundo. Dispon\u00edvel online gratuitamente e em quatro idiomas (portugu\u00eas, franc\u00eas, espanhol e ingl\u00eas), <em>PERIFERIAS<\/em> apresenta o trabalho de ativistas, pesquisadores e artistas das periferias do mundo <a href=\"http:\/\/bit.ly\/2L5kaEP\" target=\"_blank\" rel=\"noopener\">com o objetivo<\/a> de reunir experi\u00eancias coletivas e construir \u201cuma representa\u00e7\u00e3o convergente e global sobre a Pot\u00eancia das Periferias&#8221;.<\/p>\n<p><a href=\"http:\/\/rioonwatch.org.br\/wp-content\/uploads\/2018\/05\/Peripheries-Journal-Launch-2.jpg\"><img fetchpriority=\"high\" decoding=\"async\" class=\"aligncenter wp-image-33551 size-content\" title=\" Painel no evento de lan\u00e7amento da Revista Periferias. Foto de IMJA\" src=\"http:\/\/rioonwatch.org.br\/wp-content\/uploads\/2018\/05\/Peripheries-Journal-Launch-2-620x264.jpg\" alt=\"\" width=\"620\" height=\"264\" \/><\/a><\/p>\n<div>O IMJA, um centro de estudo localizado no <a href=\"http:\/\/bit.ly\/10BvARw\" target=\"_blank\" rel=\"noopener\">Complexo da Mar\u00e9<\/a>, dedicado \u00e0s periferias do mundo, apresentou a publica\u00e7\u00e3o na noite do s\u00e1bado passado no <a href=\"http:\/\/bit.ly\/2GP9SWN\" target=\"_blank\" rel=\"noopener\">Centro de Artes da Mar\u00e9<\/a>, em um evento com apresenta\u00e7\u00f5es do grupo de samba feminino <a href=\"http:\/\/bit.ly\/2KRCtwZ\" target=\"_blank\" rel=\"noopener\">Samba Que Elas Querem<\/a> e do coletivo\u00a0<a href=\"http:\/\/bit.ly\/2IKs0aa\" target=\"_blank\" rel=\"noopener\">Poetas Favelados<\/a>.<\/div>\n<p><a href=\"http:\/\/rioonwatch.org.br\/wp-content\/uploads\/2018\/05\/Samba-que-Elas-Querem.jpg\"><img decoding=\"async\" class=\"aligncenter wp-image-33554 size-content\" title=\"Samba Que Elas Querem. Foto por IMJA\" src=\"http:\/\/rioonwatch.org.br\/wp-content\/uploads\/2018\/05\/Samba-que-Elas-Querem-620x264.jpg\" alt=\"\" width=\"620\" height=\"264\" \/><\/a><\/p>\n<p>Para o <a href=\"https:\/\/glo.bo\/2fPOFEd\" target=\"_blank\" rel=\"noopener\">fundador do IMJA, Jailson de Sousa e Silva<\/a>, a revista serve para \u201cdisseminar novos conceitos, metodologias, tecnologias e express\u00f5es est\u00e9ticas variadas para mostrar efetivamente que a <a href=\"http:\/\/bit.ly\/2d30Pnn\" target=\"_blank\" rel=\"noopener\">periferia precisa ser vista de maneira diferente<\/a>, e n\u00e3o do ponto de vista da precariedade e defici\u00eancia\u201d.<\/p>\n<p>A edi\u00e7\u00e3o inaugural da<em> PERIFERIAS<\/em> apresenta artigos acad\u00eamicos, fotografias, poesias, depoimentos, resenhas de livros e entrevistas atrav\u00e9s do Brasil, assim como da B\u00e9lgica, \u00cdndia, Esc\u00f3cia e Cabo Verde. Esses trabalhos baseiam-se no que o IMJA denominou \u201cO Paradigma da Pot\u00eancia\u201d, <a href=\"http:\/\/bit.ly\/2LKZvam\" target=\"_blank\" rel=\"noopener\">conceito que<\/a> \u201cse op\u00f5e ao paradigma da aus\u00eancia\u201d, procurando focalizar a capacidade das periferias de \u201cgerar respostas pr\u00e1ticas e leg\u00edtimas, as quais se configuram como formas contra hegem\u00f4nicas de vida em sociedade&#8221;.<\/p>\n<p><a href=\"http:\/\/rioonwatch.org.br\/wp-content\/uploads\/2018\/05\/Poetas-Favelados-e1527216312126.jpg\"><img loading=\"lazy\" decoding=\"async\" class=\"aligncenter wp-image-33556 size-content\" title=\"Poetas Favelados. Foto por IMJA\" src=\"http:\/\/rioonwatch.org.br\/wp-content\/uploads\/2018\/05\/Poetas-Favelados-e1527216312126-620x264.jpg\" alt=\"\" width=\"620\" height=\"264\" \/><\/a><\/p>\n<div>\n<p>De acordo com o artigo de destaque da primeira edi\u00e7\u00e3o da revista, <a href=\"http:\/\/bit.ly\/2LKZvam\" target=\"_blank\" rel=\"noopener\">O Paradigma da Pot\u00eancia e a Pedagogia da Conviv\u00eancia<\/a>, a estigmatiza\u00e7\u00e3o das periferias do mundo reproduz um padr\u00e3o c\u00edclico negativo. Tratar as favelas brasileiras e as periferias globais em todo o mundo como isoladas, deficientes e destitu\u00eddas resulta em profecias auto-realiz\u00e1veis \u200b\u200be em um processo de degrada\u00e7\u00e3o simb\u00f3lica.<\/p>\n<div>Esses padr\u00f5es influenciam e justificam <a href=\"http:\/\/bit.ly\/1SgXd1Q\" target=\"_blank\" rel=\"noopener\">pol\u00edticas p\u00fablicas<\/a>, cujos impactos, ent\u00e3o, moldam ainda mais a opini\u00e3o p\u00fablica<em>. PERIFERIAS<\/em> contesta a <a href=\"http:\/\/bit.ly\/2KRC2CR\" target=\"_blank\" rel=\"noopener\">descri\u00e7\u00e3o do censo de 2010<\/a> das favelas brasileiras como \u201csubnormal\u201d, tanto por seu foco em padr\u00f5es normativos quanto \u201cpor\u00a0ignorar caracter\u00edsticas, em fun\u00e7\u00e3o de determinadas pol\u00edticas norteadas por valores de classe, da for\u00e7a positiva dos territ\u00f3rios, n\u00e3o obstante <a href=\"http:\/\/bit.ly\/2xzQjlM\" target=\"_blank\" rel=\"noopener\">sua evidente exist\u00eancia<\/a>&#8220;.<\/div>\n<\/div>\n<p>Para Jailson, <em>PERIFERIAS<\/em> prev\u00ea novas formas de contemplar \u201ca pot\u00eancia que esses territ\u00f3rios representam n\u00e3o s\u00f3 no Brasil, n\u00e3o s\u00f3 na Am\u00e9rica Latina, mas em todo o mundo, e afirma [a pot\u00eancia] cada vez mais nos termos de interesses dos seus moradores\u201d.<\/p>\n<p><strong>Confira a primeira edi\u00e7\u00e3o da <em>PERIFERIAS<\/em> <a href=\"http:\/\/bit.ly\/2sy7FtV\" target=\"_blank\" rel=\"noopener\">aqui<\/a>. <em>PERIFERIAS<\/em>, no momento, est\u00e1 <a href=\"http:\/\/bit.ly\/2JcOSyD\" target=\"_blank\" rel=\"noopener\">aceitando submiss\u00f5es sobre o tema &#8216;Democracia e Periferia&#8217;<\/a> para sua segunda edi\u00e7\u00e3o. Volunt\u00e1rios de tradu\u00e7\u00e3o em portugu\u00eas, ingl\u00eas, espanhol ou franc\u00eas podem entrar em contato atrav\u00e9s deste e-mail\u00a0<a href=\"mailto:revista@imja.org.br\" target=\"_blank\" rel=\"noopener\">revista@imja.org.br<\/a>.<\/strong><\/p>\n<!-- AddThis Advanced Settings generic via filter on the_content --><!-- AddThis Share Buttons generic via filter on the_content -->","protected":false},"excerpt":{"rendered":"<div class=\"mh-excerpt\"><p>Click Here for English No dia 19 de maio, o Instituto Maria e Jo\u00e3o Aleixo (IMJA) lan\u00e7ou a Revista PERIFERIAS, uma publica\u00e7\u00e3o semestral sobre o poder dos territ\u00f3rios perif\u00e9ricos do mundo. Dispon\u00edvel online gratuitamente e <a class=\"mh-excerpt-more\" href=\"https:\/\/rioonwatch.org.br\/?p=33543\" title=\"Instituto Lan\u00e7a Revista para Romper o Pensamento Hegem\u00f4nico e Focar na &#8216;Pot\u00eancia das Periferias&#8217;\">[&#8230;]<\/a><!-- AddThis Advanced Settings generic via filter on get_the_excerpt --><!-- AddThis Share Buttons generic via filter on get_the_excerpt --><\/p>\n<\/div>","protected":false},"author":129,"featured_media":33548,"comment_status":"closed","ping_status":"closed","sticky":false,"template":"","format":"standard","meta":{"_acf_changed":false,"_monsterinsights_skip_tracking":false,"_monsterinsights_sitenote_active":false,"_monsterinsights_sitenote_note":"","_monsterinsights_sitenote_category":0,"footnotes":""},"categories":[1621,1627,1615,1632,1626,1388,1616,342],"tags":[386,2071,759,332,1917,81,316,922,2058,588,102,218],"writer":[2249],"translator":[1491],"source":[],"ilustrador":[],"fotografo":[],"class_list":{"0":"post-33543","1":"post","2":"type-post","3":"status-publish","4":"format-standard","5":"has-post-thumbnail","7":"category-destaque","8":"category-relato-de-evento","9":"category-cultura-da-favela","10":"category-pesquisa-e-analise","11":"category-por-observadores-internacionais","12":"category-formas-de-apoiar","13":"category-qualidades-da-favela","14":"category-solucoes","15":"tag-estigma","16":"tag-censo","17":"tag-comparacao-internacional","18":"tag-complexo-da-mare","19":"tag-comunidade-x-academia","20":"tag-cultura","21":"tag-educacao","22":"tag-evento","23":"tag-lancamento","24":"tag-pesquisa","25":"tag-poesia","26":"tag-zona-norte","27":"writer-edmund-ruge","28":"translator-patricia-gomes"},"acf":[],"yoast_head":"<!-- This site is optimized with the Yoast SEO plugin v25.6 - https:\/\/yoast.com\/wordpress\/plugins\/seo\/ -->\n<title>Instituto Lan\u00e7a Revista para Romper o Pensamento Hegem\u00f4nico e Focar na &#039;Pot\u00eancia das Periferias&#039; - RioOnWatch<\/title>\n<meta name=\"robots\" content=\"index, follow, max-snippet:-1, max-image-preview:large, max-video-preview:-1\" \/>\n<link rel=\"canonical\" href=\"https:\/\/rioonwatch.org.br\/?p=33543\" \/>\n<meta property=\"og:locale\" content=\"pt_BR\" \/>\n<meta property=\"og:type\" content=\"article\" \/>\n<meta property=\"og:title\" content=\"Instituto Lan\u00e7a Revista para Romper o Pensamento Hegem\u00f4nico e Focar na &#039;Pot\u00eancia das Periferias&#039; - RioOnWatch\" \/>\n<meta property=\"og:description\" content=\"Click Here for English No dia 19 de maio, o Instituto Maria e Jo\u00e3o Aleixo (IMJA) lan\u00e7ou a Revista PERIFERIAS, uma publica\u00e7\u00e3o semestral sobre o poder dos territ\u00f3rios perif\u00e9ricos do mundo. Dispon\u00edvel online gratuitamente e [...]\" \/>\n<meta property=\"og:url\" content=\"https:\/\/rioonwatch.org.br\/?p=33543\" \/>\n<meta property=\"og:site_name\" content=\"RioOnWatch\" \/>\n<meta property=\"article:published_time\" content=\"2018-06-01T13:09:42+00:00\" \/>\n<meta property=\"article:modified_time\" content=\"2024-06-20T19:18:07+00:00\" \/>\n<meta property=\"og:image\" content=\"https:\/\/rioonwatch.org.br\/wp-content\/uploads\/2018\/05\/Periferias-por-Bira-Carvalho.jpg\" \/>\n\t<meta property=\"og:image:width\" content=\"2540\" \/>\n\t<meta property=\"og:image:height\" content=\"1416\" \/>\n\t<meta property=\"og:image:type\" content=\"image\/jpeg\" \/>\n<meta name=\"author\" content=\"Admin\" \/>\n<meta name=\"twitter:card\" content=\"summary_large_image\" \/>\n<meta name=\"twitter:label1\" content=\"Escrito por\" \/>\n\t<meta name=\"twitter:data1\" content=\"Admin\" \/>\n\t<meta name=\"twitter:label2\" content=\"Est. tempo de leitura\" \/>\n\t<meta name=\"twitter:data2\" content=\"3 minutos\" \/>\n<script type=\"application\/ld+json\" class=\"yoast-schema-graph\">{\"@context\":\"https:\/\/schema.org\",\"@graph\":[{\"@type\":\"Article\",\"@id\":\"https:\/\/rioonwatch.org.br\/?p=33543#article\",\"isPartOf\":{\"@id\":\"https:\/\/rioonwatch.org.br\/?p=33543\"},\"author\":{\"name\":\"Admin\",\"@id\":\"https:\/\/rioonwatch.org.br\/#\/schema\/person\/11d64c290506f9df50c71b850c473f68\"},\"headline\":\"Instituto Lan\u00e7a Revista para Romper o Pensamento Hegem\u00f4nico e Focar na &#8216;Pot\u00eancia das Periferias&#8217;\",\"datePublished\":\"2018-06-01T13:09:42+00:00\",\"dateModified\":\"2024-06-20T19:18:07+00:00\",\"mainEntityOfPage\":{\"@id\":\"https:\/\/rioonwatch.org.br\/?p=33543\"},\"wordCount\":531,\"publisher\":{\"@id\":\"https:\/\/rioonwatch.org.br\/#organization\"},\"image\":{\"@id\":\"https:\/\/rioonwatch.org.br\/?p=33543#primaryimage\"},\"thumbnailUrl\":\"https:\/\/rioonwatch.org.br\/wp-content\/uploads\/2018\/05\/Periferias-por-Bira-Carvalho.jpg\",\"keywords\":[\"#StopFavelaStigma\",\"censo\",\"compara\u00e7\u00e3o internacional\",\"Complexo da Mar\u00e9\",\"comunidade x academia\",\"cultura\",\"educa\u00e7\u00e3o\",\"evento\",\"lan\u00e7amento\",\"pesquisa\",\"poesia\",\"Zona Norte\"],\"articleSection\":[\"*Destaque\",\"Cobertura de Eventos\",\"Cultura da Favela\",\"Dados e Pesquisa\",\"Escrito por Aliados\",\"Formas de Apoiar\",\"Qualidades da Favela\",\"Solu\u00e7\u00f5es\"],\"inLanguage\":\"pt-BR\"},{\"@type\":\"WebPage\",\"@id\":\"https:\/\/rioonwatch.org.br\/?p=33543\",\"url\":\"https:\/\/rioonwatch.org.br\/?p=33543\",\"name\":\"Instituto Lan\u00e7a Revista para Romper o Pensamento Hegem\u00f4nico e Focar na 'Pot\u00eancia das Periferias' - RioOnWatch\",\"isPartOf\":{\"@id\":\"https:\/\/rioonwatch.org.br\/#website\"},\"primaryImageOfPage\":{\"@id\":\"https:\/\/rioonwatch.org.br\/?p=33543#primaryimage\"},\"image\":{\"@id\":\"https:\/\/rioonwatch.org.br\/?p=33543#primaryimage\"},\"thumbnailUrl\":\"https:\/\/rioonwatch.org.br\/wp-content\/uploads\/2018\/05\/Periferias-por-Bira-Carvalho.jpg\",\"datePublished\":\"2018-06-01T13:09:42+00:00\",\"dateModified\":\"2024-06-20T19:18:07+00:00\",\"breadcrumb\":{\"@id\":\"https:\/\/rioonwatch.org.br\/?p=33543#breadcrumb\"},\"inLanguage\":\"pt-BR\",\"potentialAction\":[{\"@type\":\"ReadAction\",\"target\":[\"https:\/\/rioonwatch.org.br\/?p=33543\"]}]},{\"@type\":\"ImageObject\",\"inLanguage\":\"pt-BR\",\"@id\":\"https:\/\/rioonwatch.org.br\/?p=33543#primaryimage\",\"url\":\"https:\/\/rioonwatch.org.br\/wp-content\/uploads\/2018\/05\/Periferias-por-Bira-Carvalho.jpg\",\"contentUrl\":\"https:\/\/rioonwatch.org.br\/wp-content\/uploads\/2018\/05\/Periferias-por-Bira-Carvalho.jpg\",\"width\":2540,\"height\":1416,\"caption\":\"\"},{\"@type\":\"BreadcrumbList\",\"@id\":\"https:\/\/rioonwatch.org.br\/?p=33543#breadcrumb\",\"itemListElement\":[{\"@type\":\"ListItem\",\"position\":1,\"name\":\"In\u00edcio\",\"item\":\"https:\/\/rioonwatch.org.br\/\"},{\"@type\":\"ListItem\",\"position\":2,\"name\":\"Instituto Lan\u00e7a Revista para Romper o Pensamento Hegem\u00f4nico e Focar na &#8216;Pot\u00eancia das Periferias&#8217;\"}]},{\"@type\":\"WebSite\",\"@id\":\"https:\/\/rioonwatch.org.br\/#website\",\"url\":\"https:\/\/rioonwatch.org.br\/\",\"name\":\"RioOnWatch\",\"description\":\"relatos das favelas cariocas\",\"publisher\":{\"@id\":\"https:\/\/rioonwatch.org.br\/#organization\"},\"potentialAction\":[{\"@type\":\"SearchAction\",\"target\":{\"@type\":\"EntryPoint\",\"urlTemplate\":\"https:\/\/rioonwatch.org.br\/?s={search_term_string}\"},\"query-input\":{\"@type\":\"PropertyValueSpecification\",\"valueRequired\":true,\"valueName\":\"search_term_string\"}}],\"inLanguage\":\"pt-BR\"},{\"@type\":\"Organization\",\"@id\":\"https:\/\/rioonwatch.org.br\/#organization\",\"name\":\"RioOnWatch\",\"url\":\"https:\/\/rioonwatch.org.br\/\",\"logo\":{\"@type\":\"ImageObject\",\"inLanguage\":\"pt-BR\",\"@id\":\"https:\/\/rioonwatch.org.br\/#\/schema\/logo\/image\/\",\"url\":\"https:\/\/rioonwatch.org.br\/wp-content\/uploads\/2021\/06\/RioOnWatchcabecalhoPT11anos-2.png\",\"contentUrl\":\"https:\/\/rioonwatch.org.br\/wp-content\/uploads\/2021\/06\/RioOnWatchcabecalhoPT11anos-2.png\",\"width\":779,\"height\":277,\"caption\":\"RioOnWatch\"},\"image\":{\"@id\":\"https:\/\/rioonwatch.org.br\/#\/schema\/logo\/image\/\"}},{\"@type\":\"Person\",\"@id\":\"https:\/\/rioonwatch.org.br\/#\/schema\/person\/11d64c290506f9df50c71b850c473f68\",\"name\":\"Admin\",\"image\":{\"@type\":\"ImageObject\",\"inLanguage\":\"pt-BR\",\"@id\":\"https:\/\/rioonwatch.org.br\/#\/schema\/person\/image\/\",\"url\":\"https:\/\/secure.gravatar.com\/avatar\/56211ac74568383903349a1485e3c325?s=96&d=blank&r=g\",\"contentUrl\":\"https:\/\/secure.gravatar.com\/avatar\/56211ac74568383903349a1485e3c325?s=96&d=blank&r=g\",\"caption\":\"Admin\"},\"url\":\"https:\/\/rioonwatch.org.br\/?author=129\"}]}<\/script>\n<!-- \/ Yoast SEO plugin. -->","yoast_head_json":{"title":"Instituto Lan\u00e7a Revista para Romper o Pensamento Hegem\u00f4nico e Focar na 'Pot\u00eancia das Periferias' - RioOnWatch","robots":{"index":"index","follow":"follow","max-snippet":"max-snippet:-1","max-image-preview":"max-image-preview:large","max-video-preview":"max-video-preview:-1"},"canonical":"https:\/\/rioonwatch.org.br\/?p=33543","og_locale":"pt_BR","og_type":"article","og_title":"Instituto Lan\u00e7a Revista para Romper o Pensamento Hegem\u00f4nico e Focar na 'Pot\u00eancia das Periferias' - RioOnWatch","og_description":"Click Here for English No dia 19 de maio, o Instituto Maria e Jo\u00e3o Aleixo (IMJA) lan\u00e7ou a Revista PERIFERIAS, uma publica\u00e7\u00e3o semestral sobre o poder dos territ\u00f3rios perif\u00e9ricos do mundo. Dispon\u00edvel online gratuitamente e [...]","og_url":"https:\/\/rioonwatch.org.br\/?p=33543","og_site_name":"RioOnWatch","article_published_time":"2018-06-01T13:09:42+00:00","article_modified_time":"2024-06-20T19:18:07+00:00","og_image":[{"width":2540,"height":1416,"url":"https:\/\/rioonwatch.org.br\/wp-content\/uploads\/2018\/05\/Periferias-por-Bira-Carvalho.jpg","type":"image\/jpeg"}],"author":"Admin","twitter_card":"summary_large_image","twitter_misc":{"Escrito por":"Admin","Est. tempo de leitura":"3 minutos"},"schema":{"@context":"https:\/\/schema.org","@graph":[{"@type":"Article","@id":"https:\/\/rioonwatch.org.br\/?p=33543#article","isPartOf":{"@id":"https:\/\/rioonwatch.org.br\/?p=33543"},"author":{"name":"Admin","@id":"https:\/\/rioonwatch.org.br\/#\/schema\/person\/11d64c290506f9df50c71b850c473f68"},"headline":"Instituto Lan\u00e7a Revista para Romper o Pensamento Hegem\u00f4nico e Focar na &#8216;Pot\u00eancia das Periferias&#8217;","datePublished":"2018-06-01T13:09:42+00:00","dateModified":"2024-06-20T19:18:07+00:00","mainEntityOfPage":{"@id":"https:\/\/rioonwatch.org.br\/?p=33543"},"wordCount":531,"publisher":{"@id":"https:\/\/rioonwatch.org.br\/#organization"},"image":{"@id":"https:\/\/rioonwatch.org.br\/?p=33543#primaryimage"},"thumbnailUrl":"https:\/\/rioonwatch.org.br\/wp-content\/uploads\/2018\/05\/Periferias-por-Bira-Carvalho.jpg","keywords":["#StopFavelaStigma","censo","compara\u00e7\u00e3o internacional","Complexo da Mar\u00e9","comunidade x academia","cultura","educa\u00e7\u00e3o","evento","lan\u00e7amento","pesquisa","poesia","Zona Norte"],"articleSection":["*Destaque","Cobertura de Eventos","Cultura da Favela","Dados e Pesquisa","Escrito por Aliados","Formas de Apoiar","Qualidades da Favela","Solu\u00e7\u00f5es"],"inLanguage":"pt-BR"},{"@type":"WebPage","@id":"https:\/\/rioonwatch.org.br\/?p=33543","url":"https:\/\/rioonwatch.org.br\/?p=33543","name":"Instituto Lan\u00e7a Revista para Romper o Pensamento Hegem\u00f4nico e Focar na 'Pot\u00eancia das Periferias' - RioOnWatch","isPartOf":{"@id":"https:\/\/rioonwatch.org.br\/#website"},"primaryImageOfPage":{"@id":"https:\/\/rioonwatch.org.br\/?p=33543#primaryimage"},"image":{"@id":"https:\/\/rioonwatch.org.br\/?p=33543#primaryimage"},"thumbnailUrl":"https:\/\/rioonwatch.org.br\/wp-content\/uploads\/2018\/05\/Periferias-por-Bira-Carvalho.jpg","datePublished":"2018-06-01T13:09:42+00:00","dateModified":"2024-06-20T19:18:07+00:00","breadcrumb":{"@id":"https:\/\/rioonwatch.org.br\/?p=33543#breadcrumb"},"inLanguage":"pt-BR","potentialAction":[{"@type":"ReadAction","target":["https:\/\/rioonwatch.org.br\/?p=33543"]}]},{"@type":"ImageObject","inLanguage":"pt-BR","@id":"https:\/\/rioonwatch.org.br\/?p=33543#primaryimage","url":"https:\/\/rioonwatch.org.br\/wp-content\/uploads\/2018\/05\/Periferias-por-Bira-Carvalho.jpg","contentUrl":"https:\/\/rioonwatch.org.br\/wp-content\/uploads\/2018\/05\/Periferias-por-Bira-Carvalho.jpg","width":2540,"height":1416,"caption":""},{"@type":"BreadcrumbList","@id":"https:\/\/rioonwatch.org.br\/?p=33543#breadcrumb","itemListElement":[{"@type":"ListItem","position":1,"name":"In\u00edcio","item":"https:\/\/rioonwatch.org.br\/"},{"@type":"ListItem","position":2,"name":"Instituto Lan\u00e7a Revista para Romper o Pensamento Hegem\u00f4nico e Focar na &#8216;Pot\u00eancia das Periferias&#8217;"}]},{"@type":"WebSite","@id":"https:\/\/rioonwatch.org.br\/#website","url":"https:\/\/rioonwatch.org.br\/","name":"RioOnWatch","description":"relatos das favelas cariocas","publisher":{"@id":"https:\/\/rioonwatch.org.br\/#organization"},"potentialAction":[{"@type":"SearchAction","target":{"@type":"EntryPoint","urlTemplate":"https:\/\/rioonwatch.org.br\/?s={search_term_string}"},"query-input":{"@type":"PropertyValueSpecification","valueRequired":true,"valueName":"search_term_string"}}],"inLanguage":"pt-BR"},{"@type":"Organization","@id":"https:\/\/rioonwatch.org.br\/#organization","name":"RioOnWatch","url":"https:\/\/rioonwatch.org.br\/","logo":{"@type":"ImageObject","inLanguage":"pt-BR","@id":"https:\/\/rioonwatch.org.br\/#\/schema\/logo\/image\/","url":"https:\/\/rioonwatch.org.br\/wp-content\/uploads\/2021\/06\/RioOnWatchcabecalhoPT11anos-2.png","contentUrl":"https:\/\/rioonwatch.org.br\/wp-content\/uploads\/2021\/06\/RioOnWatchcabecalhoPT11anos-2.png","width":779,"height":277,"caption":"RioOnWatch"},"image":{"@id":"https:\/\/rioonwatch.org.br\/#\/schema\/logo\/image\/"}},{"@type":"Person","@id":"https:\/\/rioonwatch.org.br\/#\/schema\/person\/11d64c290506f9df50c71b850c473f68","name":"Admin","image":{"@type":"ImageObject","inLanguage":"pt-BR","@id":"https:\/\/rioonwatch.org.br\/#\/schema\/person\/image\/","url":"https:\/\/secure.gravatar.com\/avatar\/56211ac74568383903349a1485e3c325?s=96&d=blank&r=g","contentUrl":"https:\/\/secure.gravatar.com\/avatar\/56211ac74568383903349a1485e3c325?s=96&d=blank&r=g","caption":"Admin"},"url":"https:\/\/rioonwatch.org.br\/?author=129"}]}},"_links":{"self":[{"href":"https:\/\/rioonwatch.org.br\/index.php?rest_route=\/wp\/v2\/posts\/33543"}],"collection":[{"href":"https:\/\/rioonwatch.org.br\/index.php?rest_route=\/wp\/v2\/posts"}],"about":[{"href":"https:\/\/rioonwatch.org.br\/index.php?rest_route=\/wp\/v2\/types\/post"}],"author":[{"embeddable":true,"href":"https:\/\/rioonwatch.org.br\/index.php?rest_route=\/wp\/v2\/users\/129"}],"replies":[{"embeddable":true,"href":"https:\/\/rioonwatch.org.br\/index.php?rest_route=%2Fwp%2Fv2%2Fcomments&post=33543"}],"version-history":[{"count":14,"href":"https:\/\/rioonwatch.org.br\/index.php?rest_route=\/wp\/v2\/posts\/33543\/revisions"}],"predecessor-version":[{"id":33579,"href":"https:\/\/rioonwatch.org.br\/index.php?rest_route=\/wp\/v2\/posts\/33543\/revisions\/33579"}],"wp:featuredmedia":[{"embeddable":true,"href":"https:\/\/rioonwatch.org.br\/index.php?rest_route=\/wp\/v2\/media\/33548"}],"wp:attachment":[{"href":"https:\/\/rioonwatch.org.br\/index.php?rest_route=%2Fwp%2Fv2%2Fmedia&parent=33543"}],"wp:term":[{"taxonomy":"category","embeddable":true,"href":"https:\/\/rioonwatch.org.br\/index.php?rest_route=%2Fwp%2Fv2%2Fcategories&post=33543"},{"taxonomy":"post_tag","embeddable":true,"href":"https:\/\/rioonwatch.org.br\/index.php?rest_route=%2Fwp%2Fv2%2Ftags&post=33543"},{"taxonomy":"writer","embeddable":true,"href":"https:\/\/rioonwatch.org.br\/index.php?rest_route=%2Fwp%2Fv2%2Fwriter&post=33543"},{"taxonomy":"translator","embeddable":true,"href":"https:\/\/rioonwatch.org.br\/index.php?rest_route=%2Fwp%2Fv2%2Ftranslator&post=33543"},{"taxonomy":"source","embeddable":true,"href":"https:\/\/rioonwatch.org.br\/index.php?rest_route=%2Fwp%2Fv2%2Fsource&post=33543"},{"taxonomy":"ilustrador","embeddable":true,"href":"https:\/\/rioonwatch.org.br\/index.php?rest_route=%2Fwp%2Fv2%2Filustrador&post=33543"},{"taxonomy":"fotografo","embeddable":true,"href":"https:\/\/rioonwatch.org.br\/index.php?rest_route=%2Fwp%2Fv2%2Ffotografo&post=33543"}],"curies":[{"name":"wp","href":"https:\/\/api.w.org\/{rel}","templated":true}]}}