{"id":33602,"date":"2018-06-07T10:00:56","date_gmt":"2018-06-07T13:00:56","guid":{"rendered":"http:\/\/rioonwatch.org.br\/?p=33602"},"modified":"2025-03-12T18:34:17","modified_gmt":"2025-03-12T21:34:17","slug":"rocinha-historica-tour-perfil-redefavelasustentavel","status":"publish","type":"post","link":"https:\/\/rioonwatch.org.br\/?p=33602","title":{"rendered":"Rocinha Hist\u00f3rica Tour #RedeFavelaSustent\u00e1vel [PERFIL]"},"content":{"rendered":"<p style=\"text-align: right;\"><em><strong><a href=\"http:\/\/bit.ly\/2IR35AU\" target=\"_blank\" rel=\"noopener noreferrer\">Click Here for English<img decoding=\"async\" width=\"20\" height=\"20\" class=\"alignright wp-image-15790\" src=\"http:\/\/rioonwatch.org.br\/wp-content\/uploads\/2012\/08\/EN-standard-e1439583104716.jpg\" \/><\/a><\/strong><\/em><\/p>\n<blockquote><p><strong><span style=\"text-decoration: underline;\">Iniciativa<\/span><\/strong>: Rocinha Hist\u00f3rica<br \/>\n<strong><span style=\"text-decoration: underline;\">Contato<\/span><\/strong>:\u00a0<a href=\"http:\/\/bit.ly\/2wJgw1a\" target=\"_blank\" rel=\"noopener noreferrer\">Facebook<\/a>\u00a0| <a href=\"mailto:rocinhahistorica@favelasustentavel.org\">Email<\/a><br \/>\n<strong><span style=\"text-decoration: underline;\">Ano de Funda\u00e7\u00e3o<\/span><\/strong>: 2014<br \/>\n<span style=\"text-decoration: underline;\"><strong>Comunidade<\/strong><\/span>: Rocinha<br \/>\n<span style=\"text-decoration: underline;\"><strong>Miss\u00e3o<\/strong><\/span>: Rocinha Hist\u00f3rica Tour, na favela da Rocinha, oferece a experi\u00eancia de vivenciar positivamente o cotidiano da comunidade.<br \/>\n<span style=\"text-decoration: underline;\"><strong>Eventos P\u00fablicos<\/strong><\/span>:\u00a0Com mais de 100.000 moradores, cruzamos a p\u00e9 becos e vielas.\u00a0<span style=\"font-weight: 400;\">Rocinha Hist\u00f3rica divulga as pr\u00f3ximas datas de passeios em sua p\u00e1gina do Facebook; a participa\u00e7\u00e3o pode ser agendada pelo WhatsApp (+21 99099 7006) ou pelo Facebook. <a href=\"http:\/\/bit.ly\/2KTHJRL\" target=\"_blank\" rel=\"noopener noreferrer\">No dia<\/a> <\/span><span style=\"font-weight: 400;\">19 de maio de 2018<\/span><span style=\"font-weight: 400;\">, o Rocinha Hist\u00f3rica comemorou a <\/span><a href=\"http:\/\/bit.ly\/2IEHFHb\" target=\"_blank\" rel=\"noopener noreferrer\"><span style=\"font-weight: 400;\">Semana de Museus<\/span><\/a>\u00a0<span style=\"font-weight: 400;\">com um tour pela Rocinha e uma mesa-redonda que debateu o tema \u201cMem\u00f3ria\/Turismos de Base Comunit\u00e1ria\/Viola\u00e7\u00f5es de Direitos\u201d.<\/span><\/p><\/blockquote>\n<p><span style=\"font-weight: 400;\">\u201c\u00c9 enorme. E a hist\u00f3ria dela \u00e9 maior ainda.\u201d Essa \u00e9 a apresenta\u00e7\u00e3o,\u00a0<\/span><span style=\"font-weight: 400;\">por Fernando Ermiro<\/span><span style=\"font-weight: 400;\">, da <a href=\"http:\/\/bit.ly\/16w2zz1\" target=\"_blank\" rel=\"noopener noreferrer\">Rocinha<\/a>, a maior e uma das mais conhecidas favelas do Rio, na <\/span><a href=\"http:\/\/bit.ly\/1mNsDyk\" target=\"_blank\" rel=\"noopener noreferrer\"><span style=\"font-weight: 400;\">Zona Sul<\/span><\/a> <span style=\"font-weight: 400;\">da cidade. <\/span><\/p>\n<p><span style=\"font-weight: 400;\">Se tem algu\u00e9m que pode falar da\u00a0<\/span><a href=\"http:\/\/bit.ly\/1PXkANu\" target=\"_blank\" rel=\"noopener noreferrer\"><span style=\"font-weight: 400;\">hist\u00f3ria <\/span><\/a><span style=\"font-weight: 400;\">da comunidade, \u00e9 ele. Nascido e criado na Rocinha&#8211;ele se auto-denomina \u201caut\u00f3ctone\u201d da comunidade&#8211;Fernando \u00e9 formado em Hist\u00f3ria pela <\/span><a href=\"http:\/\/bit.ly\/2LkXCA9\" target=\"_blank\" rel=\"noopener noreferrer\"><span style=\"font-weight: 400;\">PUC-Rio<\/span><\/a><span style=\"font-weight: 400;\">. Apesar de ter frequentado uma universidade particular e seleta, Fernando encontrou falhas nas aulas de hist\u00f3ria. \u201cDentro do curso de hist\u00f3ria, o que me interessava? Hist\u00f3ria do Brasil, Hist\u00f3ria das Am\u00e9ricas. Mas nada fazia sentido. Eu n\u00e3o tinha nenhuma identifica\u00e7\u00e3o com aquela hist\u00f3ria. A Hist\u00f3ria do Brasil [como ensinada]\u00a0<a href=\"http:\/\/bit.ly\/2Kp7eZW\" target=\"_blank\" rel=\"noopener noreferrer\">n\u00e3o tem nada a ver com o povo brasileiro<\/a><\/span><span style=\"font-weight: 400;\">\u201d. A partir dessa cr\u00edtica aos estudos tradicionais da hist\u00f3ria, surgiu a vontade de Fernando em concentrar-se <\/span><span style=\"font-weight: 400;\">nas <a href=\"http:\/\/bit.ly\/1S3J7yL\" target=\"_blank\" rel=\"noopener noreferrer\">hist\u00f3rias da sua pr\u00f3pria comunidade<\/a><\/span><span style=\"font-weight: 400;\">, sua <\/span><a href=\"http:\/\/bit.ly\/2r8iRxL\" target=\"_blank\" rel=\"noopener noreferrer\"><span style=\"font-weight: 400;\">hist\u00f3ria social<\/span><\/a><span style=\"font-weight: 400;\">.<\/span><\/p>\n<p><a href=\"http:\/\/rioonwatch.org.br\/wp-content\/uploads\/2018\/06\/rocinhahistorica_aproximese.jpg\"><img fetchpriority=\"high\" decoding=\"async\" class=\"aligncenter wp-image-33614 size-content\" title=\"&quot;Aproxime-se e venha ver mais de perto.&quot; Foto do Rocinha Hist\u00f3rica na p\u00e1gina do Facebook.\" src=\"http:\/\/rioonwatch.org.br\/wp-content\/uploads\/2018\/06\/rocinhahistorica_aproximese-620x195.jpg\" alt=\"\" width=\"620\" height=\"195\" \/><\/a><\/p>\n<p><span style=\"font-weight: 400;\">Fernando coordena dois projetos interligados que promovem essa miss\u00e3o. O mais antigo dos dois, o <\/span><span style=\"font-weight: 400;\"><a href=\"http:\/\/bit.ly\/2rMLFLa\" target=\"_blank\" rel=\"noopener noreferrer\">Museus Sankofa<\/a>, <\/span><span style=\"font-weight: 400;\">foi <\/span><a href=\"http:\/\/bit.ly\/2dQ4d70\" target=\"_blank\" rel=\"noopener noreferrer\"><span style=\"font-weight: 400;\">constru\u00eddo por moradores da Rocinha h\u00e1 mais de uma d\u00e9cada<\/span><\/a> <span style=\"font-weight: 400;\">para criar uma<\/span><span style=\"font-weight: 400;\"> \u201c<a href=\"http:\/\/bit.ly\/2Hk8Kut\" target=\"_blank\" rel=\"noopener noreferrer\">mem\u00f3ria coletiva<\/a>\u201d <\/span><span style=\"font-weight: 400;\">e preservar \u201cas pessoas, as hist\u00f3rias, como viviam, porqu\u00ea vieram [para a Rocinha], a forma de sustento, como era a vida anterior. Tudo isso\u201d. O Museu Sankofa nasceu de uma s\u00e9rie de encontros para a <a href=\"http:\/\/bit.ly\/2bO7Rvg\" target=\"_blank\" rel=\"noopener noreferrer\">publica\u00e7\u00e3o de um livro<\/a>, a <a href=\"http:\/\/bit.ly\/2GdNVQW\" target=\"_blank\" rel=\"noopener noreferrer\">cria\u00e7\u00e3o de um site<\/a> e de parcerias com organiza\u00e7\u00f5es de abrang\u00eancia nacional, como o <\/span><span style=\"font-weight: 400;\"><a href=\"http:\/\/bit.ly\/1twvzwW\" target=\"_blank\" rel=\"noopener noreferrer\">Instituto Brasileiro de Museus<\/a>,\u00a0<\/span><span style=\"font-weight: 400;\">e local, como o <\/span><a href=\"http:\/\/bit.ly\/2rQ2UMG\" target=\"_blank\" rel=\"noopener noreferrer\"><span style=\"font-weight: 400;\">Museu da Mar\u00e9<\/span><\/a><span style=\"font-weight: 400;\"> e o <\/span><a href=\"http:\/\/bit.ly\/1MXq2w7\" target=\"_blank\" rel=\"noopener noreferrer\"><span style=\"font-weight: 400;\">Museu de Favela<\/span><\/a><span style=\"font-weight: 400;\">. Dessa experi\u00eancia com <a href=\"http:\/\/bit.ly\/2Lm952p\" target=\"_blank\" rel=\"noopener noreferrer\">museus comunit\u00e1rios<\/a> surgiu a ideia de desenvolver um \u201c<em>museu walking<\/em>\u201d (museu de caminhada). Quatro anos depois, Fernando e seu parceiro do Museu Sankofa, Ant\u00f4nio Carlos Firmino, criaram o Rocinha Hist\u00f3rica. No entanto, as pessoas normalmente concebem a hist\u00f3ria, Fernando diz, \u201c<\/span>virtualmente, ou escrevendo, ou academicamente&#8230; [Mas] a gente faz andando&#8221;.<\/p>\n<p><a href=\"http:\/\/rioonwatch.org.br\/wp-content\/uploads\/2018\/06\/rocinhahistorica_favelacidademedieval.jpg\"><img decoding=\"async\" class=\"alignright wp-image-33624\" title=\"Foto da p\u00e1gina da Rocinha Hist\u00f3rica no Facebook.\" src=\"http:\/\/rioonwatch.org.br\/wp-content\/uploads\/2018\/06\/rocinhahistorica_favelacidademedieval.jpg\" alt=\"\" width=\"212\" height=\"300\" srcset=\"https:\/\/rioonwatch.org.br\/wp-content\/uploads\/2018\/06\/rocinhahistorica_favelacidademedieval.jpg 1000w, https:\/\/rioonwatch.org.br\/wp-content\/uploads\/2018\/06\/rocinhahistorica_favelacidademedieval-187x264.jpg 187w, https:\/\/rioonwatch.org.br\/wp-content\/uploads\/2018\/06\/rocinhahistorica_favelacidademedieval-439x620.jpg 439w, https:\/\/rioonwatch.org.br\/wp-content\/uploads\/2018\/06\/rocinhahistorica_favelacidademedieval-768x1085.jpg 768w, https:\/\/rioonwatch.org.br\/wp-content\/uploads\/2018\/06\/rocinhahistorica_favelacidademedieval-725x1024.jpg 725w\" sizes=\"(max-width: 212px) 100vw, 212px\" \/><\/a><\/p>\n<p><span style=\"font-weight: 400;\">Os <a href=\"http:\/\/bit.ly\/1hFhVJX\" target=\"_blank\" rel=\"noopener noreferrer\">favela tours<\/a><\/span><span style=\"font-weight: 400;\">\u00a0conduzidos por moradores, como o Rocinha Hist\u00f3rica, trabalham para substituir o \u201cturismo de safari\u201d, como s\u00e3o chamados por Fernando e muitos cr\u00edticos\u00a0<\/span><a href=\"http:\/\/bit.ly\/1J6sDAs\" target=\"_blank\" rel=\"noopener noreferrer\"><span style=\"font-weight: 400;\">os Jeep tours<\/span><\/a><span style=\"font-weight: 400;\">\u00a0<\/span><span style=\"font-weight: 400;\">conduzidos por guias de fora da comunidade. Fernando diz ter criado o Rocinha Hist\u00f3rica, em parte, para \u201cfugir desse modelo predat\u00f3rio\u201d que tem se instalado desde que estrangeiros come\u00e7aram a visitar a Rocinha em 1992. Isso o deixou incomodado, pois era \u201ccomo se a gente fosse uma selva\u201d onde turistas pudessem ver e fotografar de dentro de um jeep ou van. \u201c<span lang=\"pt-BR\">Por isso a gente criou uma proposta para fazer uma experi\u00eancia. Viva a minha vida. N\u00e3o me julgue. Me julgue depois<\/span>\u201d, ele ri. Mas antes, \u201cpelo menos conhe\u00e7a como \u00e9 aqui\u201d. Como no ditado popular, ele diz, &#8220;para voc\u00ea conhecer o sapato, voc\u00ea precisa cal\u00e7\u00e1-lo&#8221;.<\/span><\/p>\n<p><span style=\"font-weight: 400;\">Para isto, Fernando encontra os grupos de visitantes no metr\u00f4 de\u00a0<\/span><a href=\"http:\/\/bit.ly\/2JexIkL\" target=\"_blank\" rel=\"noopener noreferrer\"><span style=\"font-weight: 400;\">S\u00e3o Conrado<\/span><\/a><span style=\"font-weight: 400;\">. L\u00e1 ele conta os aspectos gerais da hist\u00f3ria da Rocinha e explica, geograficamente, a rota que eles far\u00e3o pela comunidade. Durante aproximadamente duas horas e meia de tour, Fernando espera que o grupo sinta a \u201csensa\u00e7\u00e3o\u201d de como \u00e9 estar na Rocinha, primeiro pelo impacto da dimens\u00e3o e geografia do espa\u00e7o e &#8220;depois, quando voc\u00ea\u00a0<\/span><span lang=\"pt-BR\"><span id=\"m_5091112227208940026gmail-238\" class=\"m_5091112227208940026gmail-gr_ m_5091112227208940026gmail-gr_238 m_5091112227208940026gmail-gr-alert m_5091112227208940026gmail-gr_spell m_5091112227208940026gmail-gr_inline_cards m_5091112227208940026gmail-gr_run_anim m_5091112227208940026gmail-ContextualSpelling m_5091112227208940026gmail-ins-del m_5091112227208940026gmail-multiReplace\">entra:\u00a0<\/span><span id=\"m_5091112227208940026gmail-237\" class=\"m_5091112227208940026gmail-gr_ m_5091112227208940026gmail-gr_237 m_5091112227208940026gmail-gr-alert m_5091112227208940026gmail-gr_spell m_5091112227208940026gmail-gr_inline_cards m_5091112227208940026gmail-gr_run_anim m_5091112227208940026gmail-ContextualSpelling m_5091112227208940026gmail-ins-del m_5091112227208940026gmail-multiReplace\">pessoas<\/span>,\u00a0<span id=\"m_5091112227208940026gmail-239\" class=\"m_5091112227208940026gmail-gr_ m_5091112227208940026gmail-gr_239 m_5091112227208940026gmail-gr-alert m_5091112227208940026gmail-gr_spell m_5091112227208940026gmail-gr_inline_cards m_5091112227208940026gmail-gr_run_anim m_5091112227208940026gmail-ContextualSpelling m_5091112227208940026gmail-ins-del m_5091112227208940026gmail-multiReplace\">barulho<\/span>, <a href=\"http:\/\/bit.ly\/2cWdZlH\" target=\"_blank\" rel=\"noopener noreferrer\">motos<\/a>,\u00a0<span id=\"m_5091112227208940026gmail-240\" class=\"m_5091112227208940026gmail-gr_ m_5091112227208940026gmail-gr_240 m_5091112227208940026gmail-gr-alert m_5091112227208940026gmail-gr_spell m_5091112227208940026gmail-gr_inline_cards m_5091112227208940026gmail-gr_run_anim m_5091112227208940026gmail-ContextualSpelling m_5091112227208940026gmail-ins-del m_5091112227208940026gmail-multiReplace\">carros<\/span>\u2026 <\/span><span lang=\"pt-BR\">A din\u00e2mica do local&#8221;.<\/span><\/p>\n<p><span style=\"font-weight: 400;\">Depois de um tempo parado no come\u00e7o do ano, em decorr\u00eancia da <\/span><a href=\"https:\/\/glo.bo\/2ndii2h\" target=\"_blank\" rel=\"noopener noreferrer\"><span style=\"font-weight: 400;\">inseguran\u00e7a e das opera\u00e7\u00f5es policiais na Rocinha<\/span><\/a><span style=\"font-weight: 400;\">, a equipe retomou os tours no m\u00eas passado. Fernando leva os grupos at\u00e9 o topo da favela, e ent\u00e3o eles caminham pelos becos, o que ele diz ser a verdadeira \u201cexperi\u00eancia da Rocinha&#8230; A primeira entrada \u00e9 uma experi\u00eancia, mas 90% dos caminhos da Rocinha s\u00e3o becos\u201d. Ele quer que os visitantes experimentem essa \u201cimers\u00e3o,\u201d para entrar na \u201chist\u00f3ria social\u201d da Rocinha, e entender as quest\u00f5es sobre a hist\u00f3ria da Rocinha que ele e seus vizinhos t\u00eam obtido respostas atrav\u00e9s desse processo de articula\u00e7\u00e3o de <a href=\"http:\/\/bit.ly\/1OcSEDn\" target=\"_blank\" rel=\"noopener noreferrer\">mem\u00f3ria<\/a>\u00a0<\/span><span style=\"font-weight: 400;\">coletiva<\/span><span style=\"font-weight: 400;\">. O que significa voltar alguns s\u00e9culos, aos Tupis, os povos <\/span><a href=\"http:\/\/bit.ly\/2cxUmji\" target=\"_blank\" rel=\"noopener noreferrer\"><span style=\"font-weight: 400;\">ind\u00edgenas<\/span><\/a> <span style=\"font-weight: 400;\">que ocupavam esse territ\u00f3rio, e percorrer toda sua hist\u00f3ria at\u00e9 chegar aos atuais moradores da Rocinha?\u00a0<\/span>\u201c<span lang=\"pt-BR\">Esta hist\u00f3ria que \u00e9 mais recente entra, tamb\u00e9m, na hist\u00f3ria da Rocinha\u2026 E como a gente fala: a mem\u00f3ria, ela \u00e9 hoje. A mem\u00f3ria n\u00e3o \u00e9 s\u00f3 para atr\u00e1s. Ent\u00e3o o que est\u00e1 acontecendo hoje j\u00e1 \u00e9 mem\u00f3ria, que j\u00e1 vai entrar nesse roteiro&#8230; <a href=\"http:\/\/rioonwatch.org.br\/?p=33420\" target=\"_blank\" rel=\"noopener noreferrer\">Emprego<\/a>, <a href=\"http:\/\/bit.ly\/2fz8ak8\" target=\"_blank\" rel=\"noopener noreferrer\">trabalho<\/a>, acesso, <a href=\"http:\/\/bit.ly\/1acNApR\" target=\"_blank\" rel=\"noopener noreferrer\">educa\u00e7\u00e3o<\/a>&#8211;tudo isso \u00e9 mem\u00f3ria recente. A gente tem que falar disso.\u201d<\/span><\/p>\n<p><a href=\"http:\/\/rioonwatch.org.br\/wp-content\/uploads\/2018\/06\/Rocinha.-Photo-by-Rocinha-Histo\u0301rica-.jpg\"><img loading=\"lazy\" decoding=\"async\" class=\"aligncenter wp-image-33630 size-medium\" title=\"Rocinha. Foto da p\u00e1gina da Rocinha Hist\u00f3rica no Facebook.\" src=\"http:\/\/rioonwatch.org.br\/wp-content\/uploads\/2018\/06\/Rocinha.-Photo-by-Rocinha-Histo\u0301rica--620x415.jpg\" alt=\"\" width=\"620\" height=\"415\" srcset=\"https:\/\/rioonwatch.org.br\/wp-content\/uploads\/2018\/06\/Rocinha.-Photo-by-Rocinha-Histo\u0301rica--620x415.jpg 620w, https:\/\/rioonwatch.org.br\/wp-content\/uploads\/2018\/06\/Rocinha.-Photo-by-Rocinha-Histo\u0301rica--395x264.jpg 395w, https:\/\/rioonwatch.org.br\/wp-content\/uploads\/2018\/06\/Rocinha.-Photo-by-Rocinha-Histo\u0301rica--768x514.jpg 768w, https:\/\/rioonwatch.org.br\/wp-content\/uploads\/2018\/06\/Rocinha.-Photo-by-Rocinha-Histo\u0301rica-.jpg 800w\" sizes=\"(max-width: 620px) 100vw, 620px\" \/><\/a><\/p>\n<p><span style=\"font-weight: 400;\">Para isso, ele justifica que \u201ca quest\u00e3o do museu n\u00e3o \u00e9 s\u00f3 mem\u00f3ria. Tamb\u00e9m \u00e9 para frente. As quest\u00f5es sociais&#8230; Como \u00e9 que eu transformo isso?\u00a0<span lang=\"pt-BR\">Ent\u00e3o, primeiro,\u00a0<\/span><a href=\"http:\/\/bit.ly\/2DmmTtT\" target=\"_blank\" rel=\"noopener noreferrer\"><span lang=\"pt-BR\">captar essa mem\u00f3ria. Depois fazer uso dela<\/span><\/a><\/span><span style=\"font-weight: 400;\">\u201d. Atrav\u00e9s da Hist\u00f3ria, antiga e contempor\u00e2nea, Fernando enfatiza que \u201ca favela \u00e9 a cidade&#8230; Extremamente conectada&#8230; E sempre foi\u201d.<\/span><\/p>\n<p><span style=\"font-weight: 400;\">Comparando o Museu Sankofa e o Rocinha Hist\u00f3rica, Fernando faz uma distin\u00e7\u00e3o. \u201cO Museu \u00e9 sempre bem recebido\u201d, enquanto o Rocinha Hist\u00f3rica \u201cnasceu com a ideia de, justamente, ser um meio para o enfrentamento \u00e0 sociedade carioca\u201d. Para ele, os cariocas s\u00e3o \u201cmuito <\/span><a href=\"http:\/\/bit.ly\/2d30Pnn\" target=\"_blank\" rel=\"noopener noreferrer\">preconceituosos em rela\u00e7\u00e3o \u00e0s favelas<\/a>. O carioca n\u00e3o quer subir o morro&#8230; As pessoas v\u00eam de S\u00e3o Paulo, de Minas, dos Estados Unidos, da Fran\u00e7a, mas os cariocas n\u00e3o querem subir\u201d. Em resposta, Fernando diz, \u201ca gente abriu esse caminho alternativo: venha conhecer a favela. E vem ver o que \u00e9 a vida do outro lado&#8230; A gente brinca que a melhor forma de conhecer o outro lado \u00e9 atravessar a ponte. Ent\u00e3o vem ver como \u00e9 aqui\u201d. Para superar todos os preconceitos dos cariocas com a favela, Fernando acredita que \u201ca gente tem que conversar&#8230; Abrir esse di\u00e1logo\u201d. Ele admite que isso n\u00e3o \u00e9 f\u00e1cil. O carioca, ele diz, \u201cresiste\u201d. \u201cO mundo vem [para a favela] \u201d, ele ri, \u201cmas o Rio de Janeiro mant\u00e9m essa dist\u00e2ncia\u201d.<\/p>\n<p><span style=\"font-weight: 400;\">Isso n\u00e3o quer dizer que o preconceito contra a favela \u00e9 incontorn\u00e1vel: Fernando diz ter testemunhado um aumento do n\u00famero de visitantes mais jovens, na maioria universit\u00e1rios de classe m\u00e9dia. \u201cEnt\u00e3o daqui a cinco, dez, quinze anos, vai mudar&#8230;\u00a0<\/span><span lang=\"pt-BR\">Enfrentamento agora, mas depois vai\u00a0<\/span><span lang=\"pt-BR\">ter<\/span><span lang=\"pt-BR\">\u00a0abertura\u201d.<\/span><\/p>\n<p><a href=\"http:\/\/rioonwatch.org.br\/wp-content\/uploads\/2018\/06\/rocinhahistorica_PUCstudents-e1526496741700.jpg\"><img loading=\"lazy\" decoding=\"async\" class=\"aligncenter wp-image-33635 size-content\" title=\"Fernando Ermiro posa com um grupo de estudantes de arquitetura da PUC. Foto da p\u00e1gina da Rocinha Hist\u00f3rica no Facebook.\" src=\"http:\/\/rioonwatch.org.br\/wp-content\/uploads\/2018\/06\/rocinhahistorica_PUCstudents-e1526496741700-620x264.jpg\" alt=\"\" width=\"620\" height=\"264\" srcset=\"https:\/\/rioonwatch.org.br\/wp-content\/uploads\/2018\/06\/rocinhahistorica_PUCstudents-e1526496741700-620x264.jpg 620w, https:\/\/rioonwatch.org.br\/wp-content\/uploads\/2018\/06\/rocinhahistorica_PUCstudents-e1526496741700-940x400.jpg 940w\" sizes=\"(max-width: 620px) 100vw, 620px\" \/><\/a><\/p>\n<p><span style=\"font-weight: 400;\">O foco do Rocinha Hist\u00f3rica na hist\u00f3ria social n\u00e3o serve apenas para os visitantes. Fernando tem sido capaz de responder \u201cquest\u00f5es de inf\u00e2ncia [dele],\u201d aprendendo sobre tudo, desde como as ruas da sua comunidade receberam seus nomes at\u00e9 porqu\u00ea a sua <\/span><a href=\"http:\/\/bit.ly\/2dpOIAy\" target=\"_blank\" rel=\"noopener noreferrer\"><span style=\"font-weight: 400;\">pr\u00f3pria casa foi constru\u00edda<\/span><\/a><span style=\"font-weight: 400;\"> do jeito que \u00e9. Ele diz que sempre perguntava para a m\u00e3e&#8211;que construiu a casa&#8211;por que ela demorou tanto para constru\u00ed-la. Foi atrav\u00e9s do Rocinha Hist\u00f3rica que ele entendeu que ela recebia um \u201csal\u00e1rio m\u00ednimo, era empregada dom\u00e9stica, analfabeta, com sete filhos\u201d, era imposs\u00edvel construir toda a casa de uma s\u00f3 vez. N\u00e3o s\u00f3 os materiais de constru\u00e7\u00e3o eram caros, como os moradores tamb\u00e9m precisavam (e ainda precisam) pagar para subir o morro com os materiais at\u00e9 os canteiros de obra. \u201cAgora\u201d, ele diz em tom de brincadeira, \u201ceu sei tudo sobre constru\u00e7\u00e3o conversando com as pessoas\u201d. Apenas atrav\u00e9s de conversa, de viv\u00eancia, \u201cvoc\u00ea acaba virando um especialista&#8221;.<\/span><\/p>\n<p><a href=\"http:\/\/rioonwatch.org.br\/wp-content\/uploads\/2018\/06\/Rocinha-on-the-map.jpg\"><img loading=\"lazy\" decoding=\"async\" class=\"aligncenter wp-image-33638 size-content\" title=\"Rocinha no mapa\" src=\"http:\/\/rioonwatch.org.br\/wp-content\/uploads\/2018\/06\/Rocinha-on-the-map-620x264.jpg\" alt=\"\" width=\"620\" height=\"264\" srcset=\"https:\/\/rioonwatch.org.br\/wp-content\/uploads\/2018\/06\/Rocinha-on-the-map-620x264.jpg 620w, https:\/\/rioonwatch.org.br\/wp-content\/uploads\/2018\/06\/Rocinha-on-the-map-940x400.jpg 940w\" sizes=\"(max-width: 620px) 100vw, 620px\" \/><\/a><\/p>\n<p><span style=\"font-weight: 400;\">Fernando enxerga o seu trabalho no Museu Sankofa e Rocinha Hist\u00f3rica como inerentemente pol\u00edtico. Tornando acess\u00edvel a hist\u00f3ria social da Rocinha&#8211;por \u201ccaptar e distribuir essas mem\u00f3rias\u201d atrav\u00e9s de v\u00e1rios meios&#8211;ele pode trabalhar para legitimar o passado, o presente e o futuro da Rocinha. Em suas palavras, \u201c<span lang=\"pt-BR\">A Rocinha \u00e9 muito grande, muito influente, h\u00e1 muito tempo. S\u00f3 que por n\u00e3o ter conhecimento da pr\u00f3pria hist\u00f3ria, acaba n\u00e3o v<\/span><span lang=\"pt-BR\">e<\/span><span lang=\"pt-BR\">ndo o valor da pr\u00f3pria for\u00e7a<\/span>\u201d. Ele acredita que a recupera\u00e7\u00e3o dessa hist\u00f3ria \u00e9 uma forma dos moradores da Rocinha reconhecerem que eles est\u00e3o \u201cem cima de um diamante na Zona Sul\u201d. E, ele diz, \u201c<\/span><span lang=\"pt-BR\">Se voc\u00ea conhece sua hist\u00f3ria, voc\u00ea vai reconhecer seu valor.\u00a0<\/span><span lang=\"pt-BR\">Se voc\u00ea reconhece seu valor, <a href=\"http:\/\/glo.bo\/1KoeEXA\" target=\"_blank\" rel=\"noopener noreferrer\">voc\u00ea vai querer ficar<\/a>.\u201d<\/span><\/p>\n<h4>Veja o s<b>lideshow do fot\u00f3grafo Antoine Horenbeek de um tour do Rocinha Hist\u00f3rica, em 17 de maio de 2018 [tamb\u00e9m no <\/b><a href=\"http:\/\/bit.ly\/2k58h6d\" target=\"_blank\" rel=\"noopener noreferrer\"><b>Flickr<\/b><\/a><b>]:<\/b><\/h4>\n<p><a title=\"Rocinha Hist\u00f3rica Tour\" href=\"https:\/\/www.flickr.com\/photos\/catcomm\/albums\/72157669087498048\" data-flickr-embed=\"true\"><img loading=\"lazy\" decoding=\"async\" src=\"https:\/\/farm1.staticflickr.com\/964\/41277615055_3f6e597c26_z.jpg\" alt=\"Rocinha Hist\u00f3rica Tour\" width=\"620\" height=\"414\" \/><\/a><script async src=\"\/\/embedr.flickr.com\/assets\/client-code.js\" charset=\"utf-8\"><\/script><\/p>\n<p>*Rocinha Hist\u00f3rica \u00e9 um dos mais de 100 projetos comunit\u00e1rios mapeados pela\u00a0<a href=\"http:\/\/bit.ly\/1aI.gif\" rel=\"prettyPhoto\">Comunidades Catalisadoras<\/a>\u00a0(ComCat)\u2013a organiza\u00e7\u00e3o que publica o\u00a0<em>RioOnWatch\u2013<\/em>como parte do nosso programa paralelo \u2018<a href=\"http:\/\/bit.ly\/2zIHshe\" target=\"_blank\" rel=\"noopener noreferrer\">Rede Favela Sustent\u00e1vel<\/a>\u2018 lan\u00e7ado em 2017 para reconhecer, apoiar, fortalecer e expandir as\u00a0<a href=\"http:\/\/www.bit.ly\/FavelaModelo\" target=\"_blank\" rel=\"noopener noreferrer\">qualidades sustent\u00e1veis e movimentos comunit\u00e1rios inerentes \u00e0s<\/a>\u00a0favelas do Rio de Janeiro. Siga a\u00a0<a href=\"http:\/\/bit.ly\/FBRFS\" target=\"_blank\" rel=\"noopener noreferrer\">Rede Favela Sustent\u00e1vel no Facebook<\/a>.<\/p>\n<!-- AddThis Advanced Settings generic via filter on the_content --><!-- AddThis Share Buttons generic via filter on the_content -->","protected":false},"excerpt":{"rendered":"<div class=\"mh-excerpt\"><p>Click Here for English Iniciativa: Rocinha Hist\u00f3rica Contato:\u00a0Facebook\u00a0| Email Ano de Funda\u00e7\u00e3o: 2014 Comunidade: Rocinha Miss\u00e3o: Rocinha Hist\u00f3rica Tour, na favela da Rocinha, oferece a experi\u00eancia de vivenciar positivamente o cotidiano da comunidade. Eventos P\u00fablicos:\u00a0Com <a class=\"mh-excerpt-more\" href=\"https:\/\/rioonwatch.org.br\/?p=33602\" title=\"Rocinha Hist\u00f3rica Tour #RedeFavelaSustent\u00e1vel [PERFIL]\">[&#8230;]<\/a><!-- AddThis Advanced Settings generic via filter on get_the_excerpt --><!-- AddThis Share Buttons generic via filter on get_the_excerpt --><\/p>\n<\/div>","protected":false},"author":129,"featured_media":33607,"comment_status":"closed","ping_status":"closed","sticky":false,"template":"","format":"standard","meta":{"_acf_changed":false,"_monsterinsights_skip_tracking":false,"_monsterinsights_sitenote_active":false,"_monsterinsights_sitenote_note":"","_monsterinsights_sitenote_category":0,"footnotes":""},"categories":[1631,1629,1626,1388,1616,342,1628],"tags":[386,1447,2350,128,1574,469,2132,2188,1111,2368,1206,2074,1545,432,16,2369,1347,476,825,383],"writer":[2370],"translator":[1503],"source":[],"ilustrador":[],"fotografo":[],"class_list":{"0":"post-33602","1":"post","2":"type-post","3":"status-publish","4":"format-standard","5":"has-post-thumbnail","7":"category-entendendo-o-rio","8":"category-entrevistas-e-perfis","9":"category-por-observadores-internacionais","10":"category-formas-de-apoiar","11":"category-qualidades-da-favela","12":"category-solucoes","13":"category-turismo-na-favela","14":"tag-estigma","15":"tag-favela-tour","16":"tag-guia-turistico","17":"tag-historia","18":"tag-indigenas","19":"tag-memoria","20":"tag-semana-de-museus","21":"tag-museologia-social","22":"tag-museu","23":"tag-museu-comunitario","24":"tag-museu-da-rocinha-sankofa","25":"tag-rede-favela-sustentavel","26":"tag-puc","27":"tag-resistencia","28":"tag-rocinha","29":"tag-sao-conrado","30":"tag-solucao","31":"tag-solucao-comunitaria","32":"tag-turismo","33":"tag-zona-sul","34":"writer-jessica-depies","35":"translator-ana-lidia-guerrero"},"acf":[],"yoast_head":"<!-- This site is optimized with the Yoast SEO plugin v25.6 - https:\/\/yoast.com\/wordpress\/plugins\/seo\/ -->\n<title>Rocinha Hist\u00f3rica Tour #RedeFavelaSustent\u00e1vel [PERFIL] - RioOnWatch<\/title>\n<meta name=\"robots\" content=\"index, follow, max-snippet:-1, max-image-preview:large, max-video-preview:-1\" \/>\n<link rel=\"canonical\" href=\"https:\/\/rioonwatch.org.br\/?p=33602\" \/>\n<meta property=\"og:locale\" content=\"pt_BR\" \/>\n<meta property=\"og:type\" content=\"article\" \/>\n<meta property=\"og:title\" content=\"Rocinha Hist\u00f3rica Tour #RedeFavelaSustent\u00e1vel [PERFIL] - RioOnWatch\" \/>\n<meta property=\"og:description\" content=\"Click Here for English Iniciativa: Rocinha Hist\u00f3rica Contato:\u00a0Facebook\u00a0| Email Ano de Funda\u00e7\u00e3o: 2014 Comunidade: Rocinha Miss\u00e3o: Rocinha Hist\u00f3rica Tour, na favela da Rocinha, oferece a experi\u00eancia de vivenciar positivamente o cotidiano da comunidade. Eventos P\u00fablicos:\u00a0Com [...]\" \/>\n<meta property=\"og:url\" content=\"https:\/\/rioonwatch.org.br\/?p=33602\" \/>\n<meta property=\"og:site_name\" content=\"RioOnWatch\" \/>\n<meta property=\"article:published_time\" content=\"2018-06-07T13:00:56+00:00\" \/>\n<meta property=\"article:modified_time\" content=\"2025-03-12T21:34:17+00:00\" \/>\n<meta property=\"og:image\" content=\"https:\/\/rioonwatch.org.br\/wp-content\/uploads\/2018\/06\/Rocinha-Histo\u0301rica-Tour-e1526494940251.jpg\" \/>\n\t<meta property=\"og:image:width\" content=\"1308\" \/>\n\t<meta property=\"og:image:height\" content=\"678\" \/>\n\t<meta property=\"og:image:type\" content=\"image\/jpeg\" \/>\n<meta name=\"author\" content=\"Admin\" \/>\n<meta name=\"twitter:card\" content=\"summary_large_image\" \/>\n<meta name=\"twitter:label1\" content=\"Escrito por\" \/>\n\t<meta name=\"twitter:data1\" content=\"Admin\" \/>\n\t<meta name=\"twitter:label2\" content=\"Est. tempo de leitura\" \/>\n\t<meta name=\"twitter:data2\" content=\"9 minutos\" \/>\n<script type=\"application\/ld+json\" class=\"yoast-schema-graph\">{\"@context\":\"https:\/\/schema.org\",\"@graph\":[{\"@type\":\"Article\",\"@id\":\"https:\/\/rioonwatch.org.br\/?p=33602#article\",\"isPartOf\":{\"@id\":\"https:\/\/rioonwatch.org.br\/?p=33602\"},\"author\":{\"name\":\"Admin\",\"@id\":\"https:\/\/rioonwatch.org.br\/#\/schema\/person\/11d64c290506f9df50c71b850c473f68\"},\"headline\":\"Rocinha Hist\u00f3rica Tour #RedeFavelaSustent\u00e1vel [PERFIL]\",\"datePublished\":\"2018-06-07T13:00:56+00:00\",\"dateModified\":\"2025-03-12T21:34:17+00:00\",\"mainEntityOfPage\":{\"@id\":\"https:\/\/rioonwatch.org.br\/?p=33602\"},\"wordCount\":1583,\"publisher\":{\"@id\":\"https:\/\/rioonwatch.org.br\/#organization\"},\"image\":{\"@id\":\"https:\/\/rioonwatch.org.br\/?p=33602#primaryimage\"},\"thumbnailUrl\":\"https:\/\/rioonwatch.org.br\/wp-content\/uploads\/2018\/06\/Rocinha-Histo\u0301rica-Tour-e1526494940251.jpg\",\"keywords\":[\"#StopFavelaStigma\",\"Favela Tours Comunit\u00e1rios\",\"guia tur\u00edstico\",\"hist\u00f3ria\",\"ind\u00edgenas\",\"Mem\u00f3rias Faveladas\",\"M\u00eas dos Museus\",\"museologia social\",\"museu\",\"Museu comunit\u00e1rio\",\"Museu da Rocinha Sankofa\",\"Perfis Integrantes da Rede Favela Sustent\u00e1vel\",\"PUC\",\"resist\u00eancia\",\"Rocinha\",\"S\u00e3o Conrado\",\"solu\u00e7\u00e3o\",\"solu\u00e7\u00e3o comunit\u00e1ria\",\"turismo\",\"Zona Sul\"],\"articleSection\":[\"Entendendo o Rio\",\"Entrevistas e Perfis\",\"Escrito por Aliados\",\"Formas de Apoiar\",\"Qualidades da Favela\",\"Solu\u00e7\u00f5es\",\"Turismo na Favela\"],\"inLanguage\":\"pt-BR\"},{\"@type\":\"WebPage\",\"@id\":\"https:\/\/rioonwatch.org.br\/?p=33602\",\"url\":\"https:\/\/rioonwatch.org.br\/?p=33602\",\"name\":\"Rocinha Hist\u00f3rica Tour #RedeFavelaSustent\u00e1vel [PERFIL] - RioOnWatch\",\"isPartOf\":{\"@id\":\"https:\/\/rioonwatch.org.br\/#website\"},\"primaryImageOfPage\":{\"@id\":\"https:\/\/rioonwatch.org.br\/?p=33602#primaryimage\"},\"image\":{\"@id\":\"https:\/\/rioonwatch.org.br\/?p=33602#primaryimage\"},\"thumbnailUrl\":\"https:\/\/rioonwatch.org.br\/wp-content\/uploads\/2018\/06\/Rocinha-Histo\u0301rica-Tour-e1526494940251.jpg\",\"datePublished\":\"2018-06-07T13:00:56+00:00\",\"dateModified\":\"2025-03-12T21:34:17+00:00\",\"breadcrumb\":{\"@id\":\"https:\/\/rioonwatch.org.br\/?p=33602#breadcrumb\"},\"inLanguage\":\"pt-BR\",\"potentialAction\":[{\"@type\":\"ReadAction\",\"target\":[\"https:\/\/rioonwatch.org.br\/?p=33602\"]}]},{\"@type\":\"ImageObject\",\"inLanguage\":\"pt-BR\",\"@id\":\"https:\/\/rioonwatch.org.br\/?p=33602#primaryimage\",\"url\":\"https:\/\/rioonwatch.org.br\/wp-content\/uploads\/2018\/06\/Rocinha-Histo\u0301rica-Tour-e1526494940251.jpg\",\"contentUrl\":\"https:\/\/rioonwatch.org.br\/wp-content\/uploads\/2018\/06\/Rocinha-Histo\u0301rica-Tour-e1526494940251.jpg\",\"width\":1308,\"height\":678},{\"@type\":\"BreadcrumbList\",\"@id\":\"https:\/\/rioonwatch.org.br\/?p=33602#breadcrumb\",\"itemListElement\":[{\"@type\":\"ListItem\",\"position\":1,\"name\":\"In\u00edcio\",\"item\":\"https:\/\/rioonwatch.org.br\/\"},{\"@type\":\"ListItem\",\"position\":2,\"name\":\"Rocinha Hist\u00f3rica Tour #RedeFavelaSustent\u00e1vel [PERFIL]\"}]},{\"@type\":\"WebSite\",\"@id\":\"https:\/\/rioonwatch.org.br\/#website\",\"url\":\"https:\/\/rioonwatch.org.br\/\",\"name\":\"RioOnWatch\",\"description\":\"relatos das favelas cariocas\",\"publisher\":{\"@id\":\"https:\/\/rioonwatch.org.br\/#organization\"},\"potentialAction\":[{\"@type\":\"SearchAction\",\"target\":{\"@type\":\"EntryPoint\",\"urlTemplate\":\"https:\/\/rioonwatch.org.br\/?s={search_term_string}\"},\"query-input\":{\"@type\":\"PropertyValueSpecification\",\"valueRequired\":true,\"valueName\":\"search_term_string\"}}],\"inLanguage\":\"pt-BR\"},{\"@type\":\"Organization\",\"@id\":\"https:\/\/rioonwatch.org.br\/#organization\",\"name\":\"RioOnWatch\",\"url\":\"https:\/\/rioonwatch.org.br\/\",\"logo\":{\"@type\":\"ImageObject\",\"inLanguage\":\"pt-BR\",\"@id\":\"https:\/\/rioonwatch.org.br\/#\/schema\/logo\/image\/\",\"url\":\"https:\/\/rioonwatch.org.br\/wp-content\/uploads\/2021\/06\/RioOnWatchcabecalhoPT11anos-2.png\",\"contentUrl\":\"https:\/\/rioonwatch.org.br\/wp-content\/uploads\/2021\/06\/RioOnWatchcabecalhoPT11anos-2.png\",\"width\":779,\"height\":277,\"caption\":\"RioOnWatch\"},\"image\":{\"@id\":\"https:\/\/rioonwatch.org.br\/#\/schema\/logo\/image\/\"}},{\"@type\":\"Person\",\"@id\":\"https:\/\/rioonwatch.org.br\/#\/schema\/person\/11d64c290506f9df50c71b850c473f68\",\"name\":\"Admin\",\"image\":{\"@type\":\"ImageObject\",\"inLanguage\":\"pt-BR\",\"@id\":\"https:\/\/rioonwatch.org.br\/#\/schema\/person\/image\/\",\"url\":\"https:\/\/secure.gravatar.com\/avatar\/56211ac74568383903349a1485e3c325?s=96&d=blank&r=g\",\"contentUrl\":\"https:\/\/secure.gravatar.com\/avatar\/56211ac74568383903349a1485e3c325?s=96&d=blank&r=g\",\"caption\":\"Admin\"},\"url\":\"https:\/\/rioonwatch.org.br\/?author=129\"}]}<\/script>\n<!-- \/ Yoast SEO plugin. -->","yoast_head_json":{"title":"Rocinha Hist\u00f3rica Tour #RedeFavelaSustent\u00e1vel [PERFIL] - RioOnWatch","robots":{"index":"index","follow":"follow","max-snippet":"max-snippet:-1","max-image-preview":"max-image-preview:large","max-video-preview":"max-video-preview:-1"},"canonical":"https:\/\/rioonwatch.org.br\/?p=33602","og_locale":"pt_BR","og_type":"article","og_title":"Rocinha Hist\u00f3rica Tour #RedeFavelaSustent\u00e1vel [PERFIL] - RioOnWatch","og_description":"Click Here for English Iniciativa: Rocinha Hist\u00f3rica Contato:\u00a0Facebook\u00a0| Email Ano de Funda\u00e7\u00e3o: 2014 Comunidade: Rocinha Miss\u00e3o: Rocinha Hist\u00f3rica Tour, na favela da Rocinha, oferece a experi\u00eancia de vivenciar positivamente o cotidiano da comunidade. Eventos P\u00fablicos:\u00a0Com [...]","og_url":"https:\/\/rioonwatch.org.br\/?p=33602","og_site_name":"RioOnWatch","article_published_time":"2018-06-07T13:00:56+00:00","article_modified_time":"2025-03-12T21:34:17+00:00","og_image":[{"width":1308,"height":678,"url":"https:\/\/rioonwatch.org.br\/wp-content\/uploads\/2018\/06\/Rocinha-Histo\u0301rica-Tour-e1526494940251.jpg","type":"image\/jpeg"}],"author":"Admin","twitter_card":"summary_large_image","twitter_misc":{"Escrito por":"Admin","Est. tempo de leitura":"9 minutos"},"schema":{"@context":"https:\/\/schema.org","@graph":[{"@type":"Article","@id":"https:\/\/rioonwatch.org.br\/?p=33602#article","isPartOf":{"@id":"https:\/\/rioonwatch.org.br\/?p=33602"},"author":{"name":"Admin","@id":"https:\/\/rioonwatch.org.br\/#\/schema\/person\/11d64c290506f9df50c71b850c473f68"},"headline":"Rocinha Hist\u00f3rica Tour #RedeFavelaSustent\u00e1vel [PERFIL]","datePublished":"2018-06-07T13:00:56+00:00","dateModified":"2025-03-12T21:34:17+00:00","mainEntityOfPage":{"@id":"https:\/\/rioonwatch.org.br\/?p=33602"},"wordCount":1583,"publisher":{"@id":"https:\/\/rioonwatch.org.br\/#organization"},"image":{"@id":"https:\/\/rioonwatch.org.br\/?p=33602#primaryimage"},"thumbnailUrl":"https:\/\/rioonwatch.org.br\/wp-content\/uploads\/2018\/06\/Rocinha-Histo\u0301rica-Tour-e1526494940251.jpg","keywords":["#StopFavelaStigma","Favela Tours Comunit\u00e1rios","guia tur\u00edstico","hist\u00f3ria","ind\u00edgenas","Mem\u00f3rias Faveladas","M\u00eas dos Museus","museologia social","museu","Museu comunit\u00e1rio","Museu da Rocinha Sankofa","Perfis Integrantes da Rede Favela Sustent\u00e1vel","PUC","resist\u00eancia","Rocinha","S\u00e3o Conrado","solu\u00e7\u00e3o","solu\u00e7\u00e3o comunit\u00e1ria","turismo","Zona Sul"],"articleSection":["Entendendo o Rio","Entrevistas e Perfis","Escrito por Aliados","Formas de Apoiar","Qualidades da Favela","Solu\u00e7\u00f5es","Turismo na Favela"],"inLanguage":"pt-BR"},{"@type":"WebPage","@id":"https:\/\/rioonwatch.org.br\/?p=33602","url":"https:\/\/rioonwatch.org.br\/?p=33602","name":"Rocinha Hist\u00f3rica Tour #RedeFavelaSustent\u00e1vel [PERFIL] - RioOnWatch","isPartOf":{"@id":"https:\/\/rioonwatch.org.br\/#website"},"primaryImageOfPage":{"@id":"https:\/\/rioonwatch.org.br\/?p=33602#primaryimage"},"image":{"@id":"https:\/\/rioonwatch.org.br\/?p=33602#primaryimage"},"thumbnailUrl":"https:\/\/rioonwatch.org.br\/wp-content\/uploads\/2018\/06\/Rocinha-Histo\u0301rica-Tour-e1526494940251.jpg","datePublished":"2018-06-07T13:00:56+00:00","dateModified":"2025-03-12T21:34:17+00:00","breadcrumb":{"@id":"https:\/\/rioonwatch.org.br\/?p=33602#breadcrumb"},"inLanguage":"pt-BR","potentialAction":[{"@type":"ReadAction","target":["https:\/\/rioonwatch.org.br\/?p=33602"]}]},{"@type":"ImageObject","inLanguage":"pt-BR","@id":"https:\/\/rioonwatch.org.br\/?p=33602#primaryimage","url":"https:\/\/rioonwatch.org.br\/wp-content\/uploads\/2018\/06\/Rocinha-Histo\u0301rica-Tour-e1526494940251.jpg","contentUrl":"https:\/\/rioonwatch.org.br\/wp-content\/uploads\/2018\/06\/Rocinha-Histo\u0301rica-Tour-e1526494940251.jpg","width":1308,"height":678},{"@type":"BreadcrumbList","@id":"https:\/\/rioonwatch.org.br\/?p=33602#breadcrumb","itemListElement":[{"@type":"ListItem","position":1,"name":"In\u00edcio","item":"https:\/\/rioonwatch.org.br\/"},{"@type":"ListItem","position":2,"name":"Rocinha Hist\u00f3rica Tour #RedeFavelaSustent\u00e1vel [PERFIL]"}]},{"@type":"WebSite","@id":"https:\/\/rioonwatch.org.br\/#website","url":"https:\/\/rioonwatch.org.br\/","name":"RioOnWatch","description":"relatos das favelas cariocas","publisher":{"@id":"https:\/\/rioonwatch.org.br\/#organization"},"potentialAction":[{"@type":"SearchAction","target":{"@type":"EntryPoint","urlTemplate":"https:\/\/rioonwatch.org.br\/?s={search_term_string}"},"query-input":{"@type":"PropertyValueSpecification","valueRequired":true,"valueName":"search_term_string"}}],"inLanguage":"pt-BR"},{"@type":"Organization","@id":"https:\/\/rioonwatch.org.br\/#organization","name":"RioOnWatch","url":"https:\/\/rioonwatch.org.br\/","logo":{"@type":"ImageObject","inLanguage":"pt-BR","@id":"https:\/\/rioonwatch.org.br\/#\/schema\/logo\/image\/","url":"https:\/\/rioonwatch.org.br\/wp-content\/uploads\/2021\/06\/RioOnWatchcabecalhoPT11anos-2.png","contentUrl":"https:\/\/rioonwatch.org.br\/wp-content\/uploads\/2021\/06\/RioOnWatchcabecalhoPT11anos-2.png","width":779,"height":277,"caption":"RioOnWatch"},"image":{"@id":"https:\/\/rioonwatch.org.br\/#\/schema\/logo\/image\/"}},{"@type":"Person","@id":"https:\/\/rioonwatch.org.br\/#\/schema\/person\/11d64c290506f9df50c71b850c473f68","name":"Admin","image":{"@type":"ImageObject","inLanguage":"pt-BR","@id":"https:\/\/rioonwatch.org.br\/#\/schema\/person\/image\/","url":"https:\/\/secure.gravatar.com\/avatar\/56211ac74568383903349a1485e3c325?s=96&d=blank&r=g","contentUrl":"https:\/\/secure.gravatar.com\/avatar\/56211ac74568383903349a1485e3c325?s=96&d=blank&r=g","caption":"Admin"},"url":"https:\/\/rioonwatch.org.br\/?author=129"}]}},"_links":{"self":[{"href":"https:\/\/rioonwatch.org.br\/index.php?rest_route=\/wp\/v2\/posts\/33602"}],"collection":[{"href":"https:\/\/rioonwatch.org.br\/index.php?rest_route=\/wp\/v2\/posts"}],"about":[{"href":"https:\/\/rioonwatch.org.br\/index.php?rest_route=\/wp\/v2\/types\/post"}],"author":[{"embeddable":true,"href":"https:\/\/rioonwatch.org.br\/index.php?rest_route=\/wp\/v2\/users\/129"}],"replies":[{"embeddable":true,"href":"https:\/\/rioonwatch.org.br\/index.php?rest_route=%2Fwp%2Fv2%2Fcomments&post=33602"}],"version-history":[{"count":33,"href":"https:\/\/rioonwatch.org.br\/index.php?rest_route=\/wp\/v2\/posts\/33602\/revisions"}],"predecessor-version":[{"id":42426,"href":"https:\/\/rioonwatch.org.br\/index.php?rest_route=\/wp\/v2\/posts\/33602\/revisions\/42426"}],"wp:featuredmedia":[{"embeddable":true,"href":"https:\/\/rioonwatch.org.br\/index.php?rest_route=\/wp\/v2\/media\/33607"}],"wp:attachment":[{"href":"https:\/\/rioonwatch.org.br\/index.php?rest_route=%2Fwp%2Fv2%2Fmedia&parent=33602"}],"wp:term":[{"taxonomy":"category","embeddable":true,"href":"https:\/\/rioonwatch.org.br\/index.php?rest_route=%2Fwp%2Fv2%2Fcategories&post=33602"},{"taxonomy":"post_tag","embeddable":true,"href":"https:\/\/rioonwatch.org.br\/index.php?rest_route=%2Fwp%2Fv2%2Ftags&post=33602"},{"taxonomy":"writer","embeddable":true,"href":"https:\/\/rioonwatch.org.br\/index.php?rest_route=%2Fwp%2Fv2%2Fwriter&post=33602"},{"taxonomy":"translator","embeddable":true,"href":"https:\/\/rioonwatch.org.br\/index.php?rest_route=%2Fwp%2Fv2%2Ftranslator&post=33602"},{"taxonomy":"source","embeddable":true,"href":"https:\/\/rioonwatch.org.br\/index.php?rest_route=%2Fwp%2Fv2%2Fsource&post=33602"},{"taxonomy":"ilustrador","embeddable":true,"href":"https:\/\/rioonwatch.org.br\/index.php?rest_route=%2Fwp%2Fv2%2Filustrador&post=33602"},{"taxonomy":"fotografo","embeddable":true,"href":"https:\/\/rioonwatch.org.br\/index.php?rest_route=%2Fwp%2Fv2%2Ffotografo&post=33602"}],"curies":[{"name":"wp","href":"https:\/\/api.w.org\/{rel}","templated":true}]}}