{"id":33705,"date":"2018-06-11T11:04:02","date_gmt":"2018-06-11T14:04:02","guid":{"rendered":"http:\/\/rioonwatch.org.br\/?p=33705"},"modified":"2022-03-10T07:59:02","modified_gmt":"2022-03-10T10:59:02","slug":"nova-plataforma-digital-municipal-conecta-projetos-e-negocios-de-favelas-na-mare","status":"publish","type":"post","link":"https:\/\/rioonwatch.org.br\/?p=33705","title":{"rendered":"Nova Plataforma Digital Municipal Conecta Projetos e Neg\u00f3cios de Favelas na Mar\u00e9"},"content":{"rendered":"<p style=\"text-align: right;\"><em><strong><a href=\"http:\/\/bit.ly\/2snRobx\" target=\"_blank\" rel=\"noopener noreferrer\">Click Here for English<img decoding=\"async\" width=\"20\" height=\"20\" class=\"alignright wp-image-15790\" src=\"http:\/\/rioonwatch.org.br\/wp-content\/uploads\/2012\/08\/EN-standard-e1439583104716.jpg\" \/><\/a><\/strong><\/em><\/p>\n<p><span style=\"font-weight: 400;\">No dia 25 de maio, o <\/span><a href=\"http:\/\/bit.ly\/1qJG2L9\" target=\"_blank\" rel=\"noopener\"><span style=\"font-weight: 400;\">Instituto Pereira Passos<\/span><\/a><span style=\"font-weight: 400;\"> (IPP), apresentou a sua plataforma de compartilhamento de informa\u00e7\u00f5es, <\/span><a href=\"http:\/\/bit.ly\/2slaEpo\" target=\"_blank\" rel=\"noopener\"><span style=\"font-weight: 400;\">Rede Comunidade Integrada<\/span><\/a><span style=\"font-weight: 400;\"> (ou RCI) para o p\u00fablico das favelas do <\/span><a href=\"http:\/\/bit.ly\/10BvARw\" target=\"_blank\" rel=\"noopener\"><span style=\"font-weight: 400;\">Complexo da Mar\u00e9<\/span><\/a> <span style=\"font-weight: 400;\">na <a href=\"http:\/\/bit.ly\/WximDf\" target=\"_blank\" rel=\"noopener\">Zona Norte<\/a><\/span><span style=\"font-weight: 400;\">.<\/span><\/p>\n<p><span style=\"font-weight: 400;\">A RCI, ainda na sua fase inicial ap\u00f3s um <\/span><a href=\"http:\/\/bit.ly\/2skXtVd\" target=\"_blank\" rel=\"noopener\"><span style=\"font-weight: 400;\">lan\u00e7amento em dezembro do ano passado<\/span><\/a><span style=\"font-weight: 400;\">, serve como uma rede digital para os usu\u00e1rios criarem, compartilharem, e pesquisarem perfis p\u00fablicos. A plataforma \u00e9 projetada para os usu\u00e1rios <\/span><a href=\"http:\/\/bit.ly\/2kwOIEf\" target=\"_blank\" rel=\"noopener\"><span style=\"font-weight: 400;\">anunciarem e encontrarem<\/span><\/a><span style=\"font-weight: 400;\">\u00a0&#8220;curr\u00edculos, servi\u00e7os, projetos, empresas, ONGs, eventos, institui\u00e7\u00f5es governamentais e privadas e outras a\u00e7\u00f5es voltadas para o desenvolvimento econ\u00f4mico e social nas comunidades do Rio de Janeiro&#8221;. O portal, e a sua implanta\u00e7\u00e3o piloto na Mar\u00e9, foi <\/span><a href=\"http:\/\/bit.ly\/2tPJMzV\" target=\"_blank\" rel=\"noopener\"><span style=\"font-weight: 400;\">uma promessa inserida no Plano Estrat\u00e9gico do Prefeito Crivella<\/span><\/a><span style=\"font-weight: 400;\">.<\/span><\/p>\n<p><a href=\"http:\/\/rioonwatch.org.br\/wp-content\/uploads\/2018\/06\/Photo-IPP-Event.jpeg\"><br \/>\n<img fetchpriority=\"high\" decoding=\"async\" class=\"aligncenter wp-image-33720 size-content\" title=\"Apresenta\u00e7\u00e3o do IPP no Galp\u00e3o Mar\u00e9\" src=\"http:\/\/rioonwatch.org.br\/wp-content\/uploads\/2018\/06\/Photo-IPP-Event-620x264.jpeg\" alt=\"\" width=\"620\" height=\"264\" srcset=\"https:\/\/rioonwatch.org.br\/wp-content\/uploads\/2018\/06\/Photo-IPP-Event-620x264.jpeg 620w, https:\/\/rioonwatch.org.br\/wp-content\/uploads\/2018\/06\/Photo-IPP-Event-940x400.jpeg 940w\" sizes=\"(max-width: 620px) 100vw, 620px\" \/><\/a><\/p>\n<p><span style=\"font-weight: 400;\">O Instituto Pereira Passos espera que a RCI facilite o compartilhamento de informa\u00e7\u00f5es entre as comunidades, conectando candidatos \u00e0 oportunidades de emprego e dando maior visibilidade a eventos, servi\u00e7os e organiza\u00e7\u00f5es locais. Apesar de tudo que o Rio tem a oferecer, eventos e servi\u00e7os frequentemente s\u00e3o subutilizados. \u201cNa \u00faltima segunda-feira\u201d, disse Andrea Pulici do IPP, &#8220;tinha uma feira de empregabilidade na [ONG na Mar\u00e9]\u00a0<a href=\"http:\/\/bit.ly\/1LtPfRl\" target=\"_blank\" rel=\"noopener\">Luta Pela Paz<\/a> e as outras institui\u00e7\u00f5es n\u00e3o ficaram sabendo&#8221;. Com a RCI, o IPP espera mudar isso.<\/span><\/p>\n<p><span style=\"font-weight: 400;\">Al\u00e9m dos perfis p\u00fablicos, o portal inclui uma fun\u00e7\u00e3o de busca de emprego, uma biblioteca virtual estocada com sites e recursos, e um mapa interativo exibindo os locais dos servi\u00e7os e eventos comunit\u00e1rios. O formato \u00e9 o resultado de um processo de tr\u00eas fases de consulta de grupos focais com moradores da Mar\u00e9, conduzido com o apoio do Banco Mundial como parte do projeto da prefeitura\u00a0<\/span><a href=\"http:\/\/bit.ly\/2xk7CYf\" target=\"_blank\" rel=\"noopener\"><span style=\"font-weight: 400;\">Rio de Excel\u00eancia<\/span><\/a><span style=\"font-weight: 400;\">. Os dados do portal est\u00e3o dispon\u00edveis atualmente para o Complexo da Mar\u00e9 e o IPP pretende expandir a RCI para outras comunidades em breve.<\/span><\/p>\n<p><a href=\"http:\/\/rioonwatch.org.br\/wp-content\/uploads\/2018\/06\/Portal-RCI.jpg\"><img decoding=\"async\" class=\"aligncenter wp-image-33723 size-medium\" title=\"&quot;Voc\u00ea tem um neg\u00f3cio, um projeto ou presta servi\u00e7o?&quot; P\u00e1gina Inicial do RCI - IPP\" src=\"http:\/\/rioonwatch.org.br\/wp-content\/uploads\/2018\/06\/Portal-RCI-620x374.jpg\" alt=\"\" width=\"620\" height=\"374\" srcset=\"https:\/\/rioonwatch.org.br\/wp-content\/uploads\/2018\/06\/Portal-RCI-620x374.jpg 620w, https:\/\/rioonwatch.org.br\/wp-content\/uploads\/2018\/06\/Portal-RCI-437x264.jpg 437w, https:\/\/rioonwatch.org.br\/wp-content\/uploads\/2018\/06\/Portal-RCI-768x464.jpg 768w, https:\/\/rioonwatch.org.br\/wp-content\/uploads\/2018\/06\/Portal-RCI-1024x618.jpg 1024w\" sizes=\"(max-width: 620px) 100vw, 620px\" \/><\/a><\/p>\n<p><span style=\"font-weight: 400;\">Dentre aqueles que participaram no processo de consulta comunit\u00e1ria da RCI est\u00e1 Bengha Silva, morador nascido e criado na Mar\u00e9, que obteve <\/span><a href=\"https:\/\/glo.bo\/2IW09Qr\" target=\"_blank\" rel=\"noopener\"><span style=\"font-weight: 400;\">aten\u00e7\u00e3o nacional<\/span><\/a><span style=\"font-weight: 400;\"> em 2015 por seu projeto <a href=\"http:\/\/bit.ly\/2ISngzt\" target=\"_blank\" rel=\"noopener\">Cineminha no Beco<\/a>, uma sala de cinema itinerante gratuita que criou para as crian\u00e7as da Mar\u00e9. Para Bengha, a RCI foi uma iniciativa bem vinda. \u201c\u00c9 mais uma ferramenta para o pessoal saber tudo que est\u00e1 acontecendo aqui\u201d, ele disse.<\/span><\/p>\n<p><span style=\"font-weight: 400;\">Tamb\u00e9m presente ao evento da sexta-feira esteve Patr\u00edcia Moura do coletivo de arte <\/span><a href=\"http:\/\/bit.ly\/2JaqzRD\"><span style=\"font-weight: 400;\">Mar\u00e9 Faz Arte<\/span><\/a><span style=\"font-weight: 400;\">. Comentando sobre a grande variedade de artes\u00e3os ativos na Mar\u00e9, Patr\u00edcia disse que h\u00e1 muito havia pensado que os artistas locais mereciam ter maior visibilidade em toda a cidade. \u201cPensei, por que a gente n\u00e3o coloca isso para fora? Mas isso \u00e9 dif\u00edcil\u201d. Ela aprovou a RCI, dizendo, \u201cest\u00e1 mostrando o nosso trabalho para quem quer v\u00ea-lo, mas tamb\u00e9m para quem quer participar\u201d.<\/span><\/p>\n<p><a href=\"http:\/\/rioonwatch.org.br\/wp-content\/uploads\/2018\/06\/Map.jpg\"><img loading=\"lazy\" decoding=\"async\" class=\"aligncenter wp-image-33726 size-medium\" title=\"Mapa da Mar\u00e9 no RCI\" src=\"http:\/\/rioonwatch.org.br\/wp-content\/uploads\/2018\/06\/Map-620x371.jpg\" alt=\"\" width=\"620\" height=\"371\" srcset=\"https:\/\/rioonwatch.org.br\/wp-content\/uploads\/2018\/06\/Map-620x371.jpg 620w, https:\/\/rioonwatch.org.br\/wp-content\/uploads\/2018\/06\/Map-441x264.jpg 441w, https:\/\/rioonwatch.org.br\/wp-content\/uploads\/2018\/06\/Map-768x459.jpg 768w, https:\/\/rioonwatch.org.br\/wp-content\/uploads\/2018\/06\/Map-1024x613.jpg 1024w, https:\/\/rioonwatch.org.br\/wp-content\/uploads\/2018\/06\/Map.jpg 1742w\" sizes=\"(max-width: 620px) 100vw, 620px\" \/><\/a><\/p>\n<p><span style=\"font-weight: 400;\">O Maior potencial da RCI pode estar na sua capacidade de mostrar ao resto da cidade <\/span><a href=\"http:\/\/bit.ly\/2CSEPHz\" target=\"_blank\" rel=\"noopener\"><span style=\"font-weight: 400;\">os talentos e a vibra\u00e7\u00e3o<\/span><\/a><span style=\"font-weight: 400;\"> que existe nas favelas do Rio. Pi\u00ea Garcia do <\/span><a href=\"http:\/\/bit.ly\/2z7bSdP\" target=\"_blank\" rel=\"noopener\"><span style=\"font-weight: 400;\">Observat\u00f3rio das Favelas<\/span><\/a><span style=\"font-weight: 400;\"> enfatizou este ponto: \u201cSomos um territ\u00f3rio de muita pot\u00eancia&#8230; Mas\u00a0<\/span><a href=\"http:\/\/bit.ly\/2d30Pnn\" target=\"_blank\" rel=\"noopener\"><span style=\"font-weight: 400;\">historicamente visto como um lugar de viol\u00eancia e aus\u00eancia<\/span><\/a><span style=\"font-weight: 400;\">. Ter uma ferramenta para falar sobre a favela de uma outra forma \u00e9 muito importante\u201d.<\/span><\/p>\n<h4>Confira o RCI <a href=\"http:\/\/bit.ly\/2slaEpo\" target=\"_blank\" rel=\"noopener\">aqui<\/a> para ter uma ideia do que comunidades como a Mar\u00e9 t\u00eam a oferecer.<\/h4>\n<!-- AddThis Advanced Settings generic via filter on the_content --><!-- AddThis Share Buttons generic via filter on the_content -->","protected":false},"excerpt":{"rendered":"<div class=\"mh-excerpt\"><p>Click Here for English No dia 25 de maio, o Instituto Pereira Passos (IPP), apresentou a sua plataforma de compartilhamento de informa\u00e7\u00f5es, Rede Comunidade Integrada (ou RCI) para o p\u00fablico das favelas do Complexo da <a class=\"mh-excerpt-more\" href=\"https:\/\/rioonwatch.org.br\/?p=33705\" title=\"Nova Plataforma Digital Municipal Conecta Projetos e Neg\u00f3cios de Favelas na Mar\u00e9\">[&#8230;]<\/a><!-- AddThis Advanced Settings generic via filter on get_the_excerpt --><!-- AddThis Share Buttons generic via filter on get_the_excerpt --><\/p>\n<\/div>","protected":false},"author":129,"featured_media":33717,"comment_status":"closed","ping_status":"closed","sticky":false,"template":"","format":"standard","meta":{"_acf_changed":false,"_monsterinsights_skip_tracking":false,"_monsterinsights_sitenote_active":false,"_monsterinsights_sitenote_note":"","_monsterinsights_sitenote_category":0,"footnotes":""},"categories":[2089,1627,1626,342],"tags":[332,731,1523,1982,1493,358,304,2148,2245,1457,578,218],"writer":[2249],"translator":[1875],"source":[],"ilustrador":[],"fotografo":[],"class_list":{"0":"post-33705","1":"post","2":"type-post","3":"status-publish","4":"format-standard","5":"has-post-thumbnail","7":"category-monitoramento","8":"category-relato-de-evento","9":"category-por-observadores-internacionais","10":"category-solucoes","11":"tag-complexo-da-mare","12":"tag-empreendedorismo","13":"tag-instituto-pereira-passos-ipp","14":"tag-marcelo-crivella","15":"tag-negocio-comunitario","16":"tag-organizacao-comunitaria","17":"tag-participacao","18":"tag-plano-estrategico","19":"tag-redes","20":"tag-tecnologia","21":"tag-trabalho-e-renda","22":"tag-zona-norte","23":"writer-edmund-ruge","24":"translator-marina-hennies"},"acf":[],"yoast_head":"<!-- This site is optimized with the Yoast SEO plugin v25.6 - https:\/\/yoast.com\/wordpress\/plugins\/seo\/ -->\n<title>Nova Plataforma Digital Municipal Conecta Projetos e Neg\u00f3cios de Favelas na Mar\u00e9 - RioOnWatch<\/title>\n<meta name=\"robots\" content=\"index, follow, max-snippet:-1, max-image-preview:large, max-video-preview:-1\" \/>\n<link rel=\"canonical\" href=\"https:\/\/rioonwatch.org.br\/?p=33705\" \/>\n<meta property=\"og:locale\" content=\"pt_BR\" \/>\n<meta property=\"og:type\" content=\"article\" \/>\n<meta property=\"og:title\" content=\"Nova Plataforma Digital Municipal Conecta Projetos e Neg\u00f3cios de Favelas na Mar\u00e9 - RioOnWatch\" \/>\n<meta property=\"og:description\" content=\"Click Here for English No dia 25 de maio, o Instituto Pereira Passos (IPP), apresentou a sua plataforma de compartilhamento de informa\u00e7\u00f5es, Rede Comunidade Integrada (ou RCI) para o p\u00fablico das favelas do Complexo da [...]\" \/>\n<meta property=\"og:url\" content=\"https:\/\/rioonwatch.org.br\/?p=33705\" \/>\n<meta property=\"og:site_name\" content=\"RioOnWatch\" \/>\n<meta property=\"article:published_time\" content=\"2018-06-11T14:04:02+00:00\" \/>\n<meta property=\"article:modified_time\" content=\"2022-03-10T10:59:02+00:00\" \/>\n<meta property=\"og:image\" content=\"https:\/\/rioonwatch.org.br\/wp-content\/uploads\/2018\/06\/IPP-FB-shot.png\" \/>\n\t<meta property=\"og:image:width\" content=\"785\" \/>\n\t<meta property=\"og:image:height\" content=\"295\" \/>\n\t<meta property=\"og:image:type\" content=\"image\/png\" \/>\n<meta name=\"author\" content=\"Admin\" \/>\n<meta name=\"twitter:card\" content=\"summary_large_image\" \/>\n<meta name=\"twitter:label1\" content=\"Escrito por\" \/>\n\t<meta name=\"twitter:data1\" content=\"Admin\" \/>\n\t<meta name=\"twitter:label2\" content=\"Est. tempo de leitura\" \/>\n\t<meta name=\"twitter:data2\" content=\"3 minutos\" \/>\n<script type=\"application\/ld+json\" class=\"yoast-schema-graph\">{\"@context\":\"https:\/\/schema.org\",\"@graph\":[{\"@type\":\"Article\",\"@id\":\"https:\/\/rioonwatch.org.br\/?p=33705#article\",\"isPartOf\":{\"@id\":\"https:\/\/rioonwatch.org.br\/?p=33705\"},\"author\":{\"name\":\"Admin\",\"@id\":\"https:\/\/rioonwatch.org.br\/#\/schema\/person\/11d64c290506f9df50c71b850c473f68\"},\"headline\":\"Nova Plataforma Digital Municipal Conecta Projetos e Neg\u00f3cios de Favelas na Mar\u00e9\",\"datePublished\":\"2018-06-11T14:04:02+00:00\",\"dateModified\":\"2022-03-10T10:59:02+00:00\",\"mainEntityOfPage\":{\"@id\":\"https:\/\/rioonwatch.org.br\/?p=33705\"},\"wordCount\":583,\"publisher\":{\"@id\":\"https:\/\/rioonwatch.org.br\/#organization\"},\"image\":{\"@id\":\"https:\/\/rioonwatch.org.br\/?p=33705#primaryimage\"},\"thumbnailUrl\":\"https:\/\/rioonwatch.org.br\/wp-content\/uploads\/2018\/06\/IPP-FB-shot.png\",\"keywords\":[\"Complexo da Mar\u00e9\",\"empreendedorismo\",\"Instituto Pereira Passos (IPP)\",\"Marcelo Crivella\",\"neg\u00f3cio comunit\u00e1rio\",\"organiza\u00e7\u00e3o comunit\u00e1ria\",\"participa\u00e7\u00e3o\",\"Plano Estrat\u00e9gico\",\"redes\",\"tecnologia\",\"Trabalho e renda\",\"Zona Norte\"],\"articleSection\":[\"#Monitoramento\",\"Cobertura de Eventos\",\"Escrito por Aliados\",\"Solu\u00e7\u00f5es\"],\"inLanguage\":\"pt-BR\"},{\"@type\":\"WebPage\",\"@id\":\"https:\/\/rioonwatch.org.br\/?p=33705\",\"url\":\"https:\/\/rioonwatch.org.br\/?p=33705\",\"name\":\"Nova Plataforma Digital Municipal Conecta Projetos e Neg\u00f3cios de Favelas na Mar\u00e9 - RioOnWatch\",\"isPartOf\":{\"@id\":\"https:\/\/rioonwatch.org.br\/#website\"},\"primaryImageOfPage\":{\"@id\":\"https:\/\/rioonwatch.org.br\/?p=33705#primaryimage\"},\"image\":{\"@id\":\"https:\/\/rioonwatch.org.br\/?p=33705#primaryimage\"},\"thumbnailUrl\":\"https:\/\/rioonwatch.org.br\/wp-content\/uploads\/2018\/06\/IPP-FB-shot.png\",\"datePublished\":\"2018-06-11T14:04:02+00:00\",\"dateModified\":\"2022-03-10T10:59:02+00:00\",\"breadcrumb\":{\"@id\":\"https:\/\/rioonwatch.org.br\/?p=33705#breadcrumb\"},\"inLanguage\":\"pt-BR\",\"potentialAction\":[{\"@type\":\"ReadAction\",\"target\":[\"https:\/\/rioonwatch.org.br\/?p=33705\"]}]},{\"@type\":\"ImageObject\",\"inLanguage\":\"pt-BR\",\"@id\":\"https:\/\/rioonwatch.org.br\/?p=33705#primaryimage\",\"url\":\"https:\/\/rioonwatch.org.br\/wp-content\/uploads\/2018\/06\/IPP-FB-shot.png\",\"contentUrl\":\"https:\/\/rioonwatch.org.br\/wp-content\/uploads\/2018\/06\/IPP-FB-shot.png\",\"width\":785,\"height\":295},{\"@type\":\"BreadcrumbList\",\"@id\":\"https:\/\/rioonwatch.org.br\/?p=33705#breadcrumb\",\"itemListElement\":[{\"@type\":\"ListItem\",\"position\":1,\"name\":\"In\u00edcio\",\"item\":\"https:\/\/rioonwatch.org.br\/\"},{\"@type\":\"ListItem\",\"position\":2,\"name\":\"Nova Plataforma Digital Municipal Conecta Projetos e Neg\u00f3cios de Favelas na Mar\u00e9\"}]},{\"@type\":\"WebSite\",\"@id\":\"https:\/\/rioonwatch.org.br\/#website\",\"url\":\"https:\/\/rioonwatch.org.br\/\",\"name\":\"RioOnWatch\",\"description\":\"relatos das favelas cariocas\",\"publisher\":{\"@id\":\"https:\/\/rioonwatch.org.br\/#organization\"},\"potentialAction\":[{\"@type\":\"SearchAction\",\"target\":{\"@type\":\"EntryPoint\",\"urlTemplate\":\"https:\/\/rioonwatch.org.br\/?s={search_term_string}\"},\"query-input\":{\"@type\":\"PropertyValueSpecification\",\"valueRequired\":true,\"valueName\":\"search_term_string\"}}],\"inLanguage\":\"pt-BR\"},{\"@type\":\"Organization\",\"@id\":\"https:\/\/rioonwatch.org.br\/#organization\",\"name\":\"RioOnWatch\",\"url\":\"https:\/\/rioonwatch.org.br\/\",\"logo\":{\"@type\":\"ImageObject\",\"inLanguage\":\"pt-BR\",\"@id\":\"https:\/\/rioonwatch.org.br\/#\/schema\/logo\/image\/\",\"url\":\"https:\/\/rioonwatch.org.br\/wp-content\/uploads\/2021\/06\/RioOnWatchcabecalhoPT11anos-2.png\",\"contentUrl\":\"https:\/\/rioonwatch.org.br\/wp-content\/uploads\/2021\/06\/RioOnWatchcabecalhoPT11anos-2.png\",\"width\":779,\"height\":277,\"caption\":\"RioOnWatch\"},\"image\":{\"@id\":\"https:\/\/rioonwatch.org.br\/#\/schema\/logo\/image\/\"}},{\"@type\":\"Person\",\"@id\":\"https:\/\/rioonwatch.org.br\/#\/schema\/person\/11d64c290506f9df50c71b850c473f68\",\"name\":\"Admin\",\"image\":{\"@type\":\"ImageObject\",\"inLanguage\":\"pt-BR\",\"@id\":\"https:\/\/rioonwatch.org.br\/#\/schema\/person\/image\/\",\"url\":\"https:\/\/secure.gravatar.com\/avatar\/56211ac74568383903349a1485e3c325?s=96&d=blank&r=g\",\"contentUrl\":\"https:\/\/secure.gravatar.com\/avatar\/56211ac74568383903349a1485e3c325?s=96&d=blank&r=g\",\"caption\":\"Admin\"},\"url\":\"https:\/\/rioonwatch.org.br\/?author=129\"}]}<\/script>\n<!-- \/ Yoast SEO plugin. -->","yoast_head_json":{"title":"Nova Plataforma Digital Municipal Conecta Projetos e Neg\u00f3cios de Favelas na Mar\u00e9 - RioOnWatch","robots":{"index":"index","follow":"follow","max-snippet":"max-snippet:-1","max-image-preview":"max-image-preview:large","max-video-preview":"max-video-preview:-1"},"canonical":"https:\/\/rioonwatch.org.br\/?p=33705","og_locale":"pt_BR","og_type":"article","og_title":"Nova Plataforma Digital Municipal Conecta Projetos e Neg\u00f3cios de Favelas na Mar\u00e9 - RioOnWatch","og_description":"Click Here for English No dia 25 de maio, o Instituto Pereira Passos (IPP), apresentou a sua plataforma de compartilhamento de informa\u00e7\u00f5es, Rede Comunidade Integrada (ou RCI) para o p\u00fablico das favelas do Complexo da [...]","og_url":"https:\/\/rioonwatch.org.br\/?p=33705","og_site_name":"RioOnWatch","article_published_time":"2018-06-11T14:04:02+00:00","article_modified_time":"2022-03-10T10:59:02+00:00","og_image":[{"width":785,"height":295,"url":"https:\/\/rioonwatch.org.br\/wp-content\/uploads\/2018\/06\/IPP-FB-shot.png","type":"image\/png"}],"author":"Admin","twitter_card":"summary_large_image","twitter_misc":{"Escrito por":"Admin","Est. tempo de leitura":"3 minutos"},"schema":{"@context":"https:\/\/schema.org","@graph":[{"@type":"Article","@id":"https:\/\/rioonwatch.org.br\/?p=33705#article","isPartOf":{"@id":"https:\/\/rioonwatch.org.br\/?p=33705"},"author":{"name":"Admin","@id":"https:\/\/rioonwatch.org.br\/#\/schema\/person\/11d64c290506f9df50c71b850c473f68"},"headline":"Nova Plataforma Digital Municipal Conecta Projetos e Neg\u00f3cios de Favelas na Mar\u00e9","datePublished":"2018-06-11T14:04:02+00:00","dateModified":"2022-03-10T10:59:02+00:00","mainEntityOfPage":{"@id":"https:\/\/rioonwatch.org.br\/?p=33705"},"wordCount":583,"publisher":{"@id":"https:\/\/rioonwatch.org.br\/#organization"},"image":{"@id":"https:\/\/rioonwatch.org.br\/?p=33705#primaryimage"},"thumbnailUrl":"https:\/\/rioonwatch.org.br\/wp-content\/uploads\/2018\/06\/IPP-FB-shot.png","keywords":["Complexo da Mar\u00e9","empreendedorismo","Instituto Pereira Passos (IPP)","Marcelo Crivella","neg\u00f3cio comunit\u00e1rio","organiza\u00e7\u00e3o comunit\u00e1ria","participa\u00e7\u00e3o","Plano Estrat\u00e9gico","redes","tecnologia","Trabalho e renda","Zona Norte"],"articleSection":["#Monitoramento","Cobertura de Eventos","Escrito por Aliados","Solu\u00e7\u00f5es"],"inLanguage":"pt-BR"},{"@type":"WebPage","@id":"https:\/\/rioonwatch.org.br\/?p=33705","url":"https:\/\/rioonwatch.org.br\/?p=33705","name":"Nova Plataforma Digital Municipal Conecta Projetos e Neg\u00f3cios de Favelas na Mar\u00e9 - RioOnWatch","isPartOf":{"@id":"https:\/\/rioonwatch.org.br\/#website"},"primaryImageOfPage":{"@id":"https:\/\/rioonwatch.org.br\/?p=33705#primaryimage"},"image":{"@id":"https:\/\/rioonwatch.org.br\/?p=33705#primaryimage"},"thumbnailUrl":"https:\/\/rioonwatch.org.br\/wp-content\/uploads\/2018\/06\/IPP-FB-shot.png","datePublished":"2018-06-11T14:04:02+00:00","dateModified":"2022-03-10T10:59:02+00:00","breadcrumb":{"@id":"https:\/\/rioonwatch.org.br\/?p=33705#breadcrumb"},"inLanguage":"pt-BR","potentialAction":[{"@type":"ReadAction","target":["https:\/\/rioonwatch.org.br\/?p=33705"]}]},{"@type":"ImageObject","inLanguage":"pt-BR","@id":"https:\/\/rioonwatch.org.br\/?p=33705#primaryimage","url":"https:\/\/rioonwatch.org.br\/wp-content\/uploads\/2018\/06\/IPP-FB-shot.png","contentUrl":"https:\/\/rioonwatch.org.br\/wp-content\/uploads\/2018\/06\/IPP-FB-shot.png","width":785,"height":295},{"@type":"BreadcrumbList","@id":"https:\/\/rioonwatch.org.br\/?p=33705#breadcrumb","itemListElement":[{"@type":"ListItem","position":1,"name":"In\u00edcio","item":"https:\/\/rioonwatch.org.br\/"},{"@type":"ListItem","position":2,"name":"Nova Plataforma Digital Municipal Conecta Projetos e Neg\u00f3cios de Favelas na Mar\u00e9"}]},{"@type":"WebSite","@id":"https:\/\/rioonwatch.org.br\/#website","url":"https:\/\/rioonwatch.org.br\/","name":"RioOnWatch","description":"relatos das favelas cariocas","publisher":{"@id":"https:\/\/rioonwatch.org.br\/#organization"},"potentialAction":[{"@type":"SearchAction","target":{"@type":"EntryPoint","urlTemplate":"https:\/\/rioonwatch.org.br\/?s={search_term_string}"},"query-input":{"@type":"PropertyValueSpecification","valueRequired":true,"valueName":"search_term_string"}}],"inLanguage":"pt-BR"},{"@type":"Organization","@id":"https:\/\/rioonwatch.org.br\/#organization","name":"RioOnWatch","url":"https:\/\/rioonwatch.org.br\/","logo":{"@type":"ImageObject","inLanguage":"pt-BR","@id":"https:\/\/rioonwatch.org.br\/#\/schema\/logo\/image\/","url":"https:\/\/rioonwatch.org.br\/wp-content\/uploads\/2021\/06\/RioOnWatchcabecalhoPT11anos-2.png","contentUrl":"https:\/\/rioonwatch.org.br\/wp-content\/uploads\/2021\/06\/RioOnWatchcabecalhoPT11anos-2.png","width":779,"height":277,"caption":"RioOnWatch"},"image":{"@id":"https:\/\/rioonwatch.org.br\/#\/schema\/logo\/image\/"}},{"@type":"Person","@id":"https:\/\/rioonwatch.org.br\/#\/schema\/person\/11d64c290506f9df50c71b850c473f68","name":"Admin","image":{"@type":"ImageObject","inLanguage":"pt-BR","@id":"https:\/\/rioonwatch.org.br\/#\/schema\/person\/image\/","url":"https:\/\/secure.gravatar.com\/avatar\/56211ac74568383903349a1485e3c325?s=96&d=blank&r=g","contentUrl":"https:\/\/secure.gravatar.com\/avatar\/56211ac74568383903349a1485e3c325?s=96&d=blank&r=g","caption":"Admin"},"url":"https:\/\/rioonwatch.org.br\/?author=129"}]}},"_links":{"self":[{"href":"https:\/\/rioonwatch.org.br\/index.php?rest_route=\/wp\/v2\/posts\/33705"}],"collection":[{"href":"https:\/\/rioonwatch.org.br\/index.php?rest_route=\/wp\/v2\/posts"}],"about":[{"href":"https:\/\/rioonwatch.org.br\/index.php?rest_route=\/wp\/v2\/types\/post"}],"author":[{"embeddable":true,"href":"https:\/\/rioonwatch.org.br\/index.php?rest_route=\/wp\/v2\/users\/129"}],"replies":[{"embeddable":true,"href":"https:\/\/rioonwatch.org.br\/index.php?rest_route=%2Fwp%2Fv2%2Fcomments&post=33705"}],"version-history":[{"count":15,"href":"https:\/\/rioonwatch.org.br\/index.php?rest_route=\/wp\/v2\/posts\/33705\/revisions"}],"predecessor-version":[{"id":33836,"href":"https:\/\/rioonwatch.org.br\/index.php?rest_route=\/wp\/v2\/posts\/33705\/revisions\/33836"}],"wp:featuredmedia":[{"embeddable":true,"href":"https:\/\/rioonwatch.org.br\/index.php?rest_route=\/wp\/v2\/media\/33717"}],"wp:attachment":[{"href":"https:\/\/rioonwatch.org.br\/index.php?rest_route=%2Fwp%2Fv2%2Fmedia&parent=33705"}],"wp:term":[{"taxonomy":"category","embeddable":true,"href":"https:\/\/rioonwatch.org.br\/index.php?rest_route=%2Fwp%2Fv2%2Fcategories&post=33705"},{"taxonomy":"post_tag","embeddable":true,"href":"https:\/\/rioonwatch.org.br\/index.php?rest_route=%2Fwp%2Fv2%2Ftags&post=33705"},{"taxonomy":"writer","embeddable":true,"href":"https:\/\/rioonwatch.org.br\/index.php?rest_route=%2Fwp%2Fv2%2Fwriter&post=33705"},{"taxonomy":"translator","embeddable":true,"href":"https:\/\/rioonwatch.org.br\/index.php?rest_route=%2Fwp%2Fv2%2Ftranslator&post=33705"},{"taxonomy":"source","embeddable":true,"href":"https:\/\/rioonwatch.org.br\/index.php?rest_route=%2Fwp%2Fv2%2Fsource&post=33705"},{"taxonomy":"ilustrador","embeddable":true,"href":"https:\/\/rioonwatch.org.br\/index.php?rest_route=%2Fwp%2Fv2%2Filustrador&post=33705"},{"taxonomy":"fotografo","embeddable":true,"href":"https:\/\/rioonwatch.org.br\/index.php?rest_route=%2Fwp%2Fv2%2Ffotografo&post=33705"}],"curies":[{"name":"wp","href":"https:\/\/api.w.org\/{rel}","templated":true}]}}