{"id":33842,"date":"2018-06-18T09:57:30","date_gmt":"2018-06-18T12:57:30","guid":{"rendered":"http:\/\/rioonwatch.org.br\/?p=33842"},"modified":"2023-03-26T20:19:20","modified_gmt":"2023-03-26T23:19:20","slug":"cineclube-teatro-e-passinho-animam-o-cantagalo-durante-virada-sustentavel-video","status":"publish","type":"post","link":"https:\/\/rioonwatch.org.br\/?p=33842","title":{"rendered":"Cineclube, Teatro e Passinho Animam o Cantagalo Durante Virada Sustent\u00e1vel [V\u00cdDEO]"},"content":{"rendered":"<p style=\"text-align: right;\"><em><strong><a href=\"http:\/\/bit.ly\/2txdOXL\" target=\"_blank\" rel=\"noopener noreferrer\">Click Here for English<img decoding=\"async\" width=\"20\" height=\"20\" class=\"alignright wp-image-15790\" src=\"http:\/\/rioonwatch.org.br\/wp-content\/uploads\/2012\/08\/EN-standard-e1439583104716.jpg\" \/><\/a><\/strong><\/em><\/p>\n<p>Entre os dias 7 e 10 de junho aconteceu no Rio a <a href=\"http:\/\/bit.ly\/2t2fabA\" target=\"_blank\" rel=\"noopener\">Virada Sustent\u00e1vel<\/a>, festival de sustentabilidade que acontece em v\u00e1rias cidades brasileiras a partir de um movimento de articula\u00e7\u00e3o entre pessoas, grupos e institui\u00e7\u00f5es, p\u00fablicas e privadas norteadas pelo princ\u00edpio comum da sustentabilidade. As atividades foram espalhadas pela cidade e inclu\u00edram atividades em v\u00e1rias favelas, como na Mar\u00e9, com uma exposi\u00e7\u00e3o de fot\u00f3grafos da Mar\u00e9 e do Alem\u00e3o e <a href=\"http:\/\/bit.ly\/2HOBT17\" target=\"_blank\" rel=\"noopener\">oficinas voltadas para mulheres<\/a>, com temas desde autocuidado at\u00e9 compostagem, e no <a href=\"http:\/\/bit.ly\/12onlyE\" target=\"_blank\" rel=\"noopener\">Cantagalo<\/a>. As atividades previstas para ocorrer no morro da Babil\u00f4nia em parceria com o projeto <a href=\"http:\/\/bit.ly\/29g91Au\" target=\"_blank\" rel=\"noopener\">Revolusolar<\/a> n\u00e3o aconteceram, devido a confrontos entre policiais e traficantes na regi\u00e3o, que culminou na execu\u00e7\u00e3o de 7 traficantes, <a href=\"https:\/\/glo.bo\/2MiU3Mb\" target=\"_blank\" rel=\"noopener\">cujos corpos foram jogados no mar e apareceram dois dias depois<\/a> em uma praia na Urca.<\/p>\n<p><a href=\"http:\/\/rioonwatch.org.br\/wp-content\/uploads\/2018\/06\/cineclube.jpg\"><img fetchpriority=\"high\" decoding=\"async\" class=\"aligncenter wp-image-34002 size-content\" src=\"http:\/\/rioonwatch.org.br\/wp-content\/uploads\/2018\/06\/cineclube-620x264.jpg\" alt=\"\" width=\"620\" height=\"264\" srcset=\"https:\/\/rioonwatch.org.br\/wp-content\/uploads\/2018\/06\/cineclube-620x264.jpg 620w, https:\/\/rioonwatch.org.br\/wp-content\/uploads\/2018\/06\/cineclube-940x400.jpg 940w\" sizes=\"(max-width: 620px) 100vw, 620px\" \/><\/a><\/p>\n<p>No <a href=\"http:\/\/bit.ly\/2JPxJrT\" target=\"_blank\" rel=\"noopener\">Favela Hub<\/a>, espa\u00e7o de inova\u00e7\u00e3o social no Complexo <a href=\"http:\/\/bit.ly\/11x89ZX\" target=\"_blank\" rel=\"noopener\">Pav\u00e3o-Pav\u00e3ozinho<\/a> e Cantagalo (PPG), aconteceu no s\u00e1bado, dia 9 de junho, o cineclube <a href=\"http:\/\/bit.ly\/2LR1vwL\" target=\"_blank\" rel=\"noopener\">Silvio Tendler<\/a>, assim chamado em homenagem ao diretor de document\u00e1rios que abordam temas pol\u00edticos como privatiza\u00e7\u00f5es e ditadura, e que est\u00e1 em cartaz no circuito oficial com o document\u00e1rio <a href=\"http:\/\/bit.ly\/2lc791i\" target=\"_blank\" rel=\"noopener\">Dedo na Ferida<\/a>, que retrata a vida dos cidad\u00e3os comuns em meio \u00e0 crise econ\u00f4mica que beneficia os poderosos. O cineclube, inaugurado em mar\u00e7o desse ano, visa exibir filmes independentes, produzidos em diversos lugares, como forma de expandir os horizontes culturais da comunidade.<\/p>\n<p>&#8220;A ideia \u00e9 trazer material audiovisual de qualidade para dentro da favela&#8221;, disse <a href=\"http:\/\/bit.ly\/2JN4pFF\" target=\"_blank\" rel=\"noopener\">Josy Oliveira<\/a>, moradora h\u00e1 13 anos da comunidade e uma das organizadoras do cineclube. S\u00e3o feitas duas sess\u00f5es mensais em locais itinerantes, sendo uma delas voltada para o p\u00fablico infanto-juvenil&#8211;p\u00fablico que, ali\u00e1s, dominou essa sess\u00e3o conjunta do cineclube.\u00a0&#8220;A gente n\u00e3o precisa nem de um espa\u00e7o f\u00edsico. Tendo um tel\u00e3o, o equipamento, e tendo p\u00fablico, a gente pode fazer em qualquer lugar da comunidade, em qualquer beco&#8221;, completou Josy.<\/p>\n<p><iframe src=\"https:\/\/www.youtube.com\/embed\/2sT8rhhbCUA\" width=\"620\" height=\"349\" frameborder=\"0\" allowfullscreen=\"allowfullscreen\"><\/iframe><\/p>\n<p>Foram exibidos os curtas <em>Favela Como Modelo Sustent\u00e1vel<\/em>, da <a href=\"http:\/\/bit.ly\/1aIQgif\" target=\"_blank\" rel=\"noopener\">Comunidades Catalisadoras<\/a> (ComCat, ONG respons\u00e1vel pelo projeto <em>RioOnWatch<\/em>) e <em>A For\u00e7a das Marias<\/em>, da <a href=\"http:\/\/bit.ly\/2JN4Qjh\" target=\"_blank\" rel=\"noopener\">Curta Ra\u00edzes Produ\u00e7\u00f5es<\/a>, produtora do pr\u00f3prio Cantagalo, al\u00e9m de trechos do longa <em>Em Frente<\/em>, da <a href=\"http:\/\/bit.ly\/2HNBPPm\" target=\"_blank\" rel=\"noopener\">Social Good Brasil<\/a>. O curta\u00a0Favela Como Modelo Sustent\u00e1vel, produzido em 2012 para a <a href=\"http:\/\/bit.ly\/2Mv1QpU\" target=\"_blank\" rel=\"noopener\">Rio+20<\/a>, evento de sustentabilidade da ONU que aconteceu no Rio de Janeiro 20 anos depois da famosa <a href=\"http:\/\/bit.ly\/2fh9Y1P\" target=\"_blank\" rel=\"noopener\">Eco-92<\/a>, explora as maneiras pelas quais os princ\u00edpios sustent\u00e1veis est\u00e3o no pr\u00f3prio tecido da vida nas favelas e tamb\u00e9m as dificuldades que as favelas enfrentam devido \u00e0 <a href=\"http:\/\/bit.ly\/1K8LVUg\" target=\"_blank\" rel=\"noopener\">neglig\u00eancia de \u00f3rg\u00e3os p\u00fablicos<\/a>. Aparecem no filme problemas ambientais devido a neglig\u00eancia do governo como por exemplo as quest\u00f5es de enchentes, lixo e esgoto na favela\u00a0<a href=\"http:\/\/bit.ly\/Pica-Pau\" target=\"_blank\" rel=\"noopener\">Pica-Pau<\/a>\u00a0e iniciativas para solu\u00e7\u00f5es como\u00a0a ONG socioambiental\u00a0<a href=\"http:\/\/bit.ly\/MHCswF\" target=\"_blank\" rel=\"noopener\">Verdejar<\/a>, do\u00a0<a href=\"http:\/\/bit.ly\/U0MiGm\" target=\"_blank\" rel=\"noopener\">Alem\u00e3o<\/a>, e o\u00a0<a href=\"http:\/\/on.fb.me\/1Iq9tsK\" target=\"_blank\" rel=\"noopener\">Favela Org\u00e2nica<\/a>, da\u00a0<a href=\"http:\/\/bit.ly\/110zVNZ\" target=\"_blank\" rel=\"noopener\">Babil\u00f4nia<\/a>, que utiliza partes de alimentos que s\u00e3o descartados para criar pratos elaborados, entre outras iniciativas.<\/p>\n<p><a href=\"http:\/\/rioonwatch.org.br\/wp-content\/uploads\/2018\/06\/rose.jpg\"><img decoding=\"async\" class=\"aligncenter wp-image-34000 size-content\" title=\"Debate ap\u00f3s a exibi\u00e7\u00e3o dos filmes.\" src=\"http:\/\/rioonwatch.org.br\/wp-content\/uploads\/2018\/06\/rose-620x264.jpg\" alt=\"\" width=\"620\" height=\"264\" srcset=\"https:\/\/rioonwatch.org.br\/wp-content\/uploads\/2018\/06\/rose-620x264.jpg 620w, https:\/\/rioonwatch.org.br\/wp-content\/uploads\/2018\/06\/rose-940x400.jpg 940w\" sizes=\"(max-width: 620px) 100vw, 620px\" \/><\/a><\/p>\n<p>A partir do filme, explicou Roseli Franco, diretora institucional da ComCat e produtora do filme, surgiu o projeto <a href=\"http:\/\/bit.ly\/RFSRelatorio\" target=\"_blank\" rel=\"noopener\">Rede Favela Sustent\u00e1vel<\/a>, que j\u00e1 realizou um <a href=\"http:\/\/www.bit.ly\/RFSMapa\" target=\"_blank\" rel=\"noopener\">mapeamento<\/a> de mais de 100 iniciativas de sustentabilidade e resili\u00eancia socioambiental em favelas da regi\u00e3o metropolitana. O projeto est\u00e1 atualmente contribuindo para <a href=\"http:\/\/bit.ly\/RFSPerfis\" target=\"_blank\" rel=\"noopener\">dar visibilidade a essas iniciativas<\/a>\u00a0por meio de cobertura midi\u00e1tica, e ir\u00e1 promover interc\u00e2mbios, capacita\u00e7\u00f5es, parcerias e a forma\u00e7\u00e3o de uma rede de troca de conhecimentos, de forma a fortalecer esse modelo de desenvolvimento.<\/p>\n<p><iframe src=\"https:\/\/www.youtube.com\/embed\/vqH1kzCXIMQ\" width=\"620\" height=\"349\" frameborder=\"0\" allowfullscreen=\"allowfullscreen\"><span data-mce-type=\"bookmark\" style=\"display: inline-block; width: 0px; overflow: hidden; line-height: 0;\" class=\"mce_SELRES_start\">\ufeff<\/span><\/iframe><\/p>\n<p>J\u00e1 <em>A For\u00e7a das Marias<\/em>, vencedor de 3 pr\u00eamios no <a href=\"http:\/\/bit.ly\/2JW7qmX\" target=\"_blank\" rel=\"noopener\">72HORAS Festival de Filmes<\/a> de 2017, conta a hist\u00f3ria de tr\u00eas fortes mulheres de nome Maria da <a href=\"http:\/\/bit.ly\/1NAn5pa\" target=\"_blank\" rel=\"noopener\">ocupa\u00e7\u00e3o Vito Giannoti<\/a>, no <a href=\"http:\/\/bit.ly\/2wy1la0\" target=\"_blank\" rel=\"noopener\">Morro do Pinto<\/a>, Centro do Rio de Janeiro, trazendo para o debate a quest\u00e3o da <a href=\"http:\/\/bit.ly\/1g73xCv\" target=\"_blank\" rel=\"noopener\">luta pela moradia<\/a>, da resist\u00eancia e dos esfor\u00e7os de busca por pertencimento e <a href=\"http:\/\/bit.ly\/2BtILiT\" target=\"_blank\" rel=\"noopener\">comunica\u00e7\u00e3o popular<\/a> l\u00e1 empreendidos. O filme <em>Em Frente<\/em>, por sua vez, mostra iniciativas de empreendedorismo social e tecnologia de forma a inspirar a audi\u00eancia, como \u00e9 o caso de uma <a href=\"http:\/\/bit.ly\/2sZRSF5\" target=\"_blank\" rel=\"noopener\">plataforma de trocas cuja moeda \u00e9 o tempo<\/a>, na qual voc\u00ea troca 1 hora de algo que voc\u00ea sabe fazer por 1 hora de algo que voc\u00ea quer aprender.<\/p>\n<p>\u00c0 exibi\u00e7\u00e3o seguiu-se um debate, no qual os realizadores comentaram sobre a import\u00e2ncia de reivindicar aquele espa\u00e7o para a exibi\u00e7\u00e3o desses filmes e sobre como as semelhan\u00e7as entre eles eram maiores que as diferen\u00e7as, pois todos tratavam de certa forma de como as pessoas buscam solu\u00e7\u00f5es para suprir a car\u00eancia de <a href=\"http:\/\/bit.ly\/2rtF87b\" target=\"_blank\" rel=\"noopener\">servi\u00e7os p\u00fablicos<\/a>, seja com foco na <a href=\"http:\/\/bit.ly\/2gaxv3y\" target=\"_blank\" rel=\"noopener\">habita\u00e7\u00e3o<\/a>, seja no saneamento e coleta de lixo, seja na <a href=\"http:\/\/bit.ly\/1acNApR\" target=\"_blank\" rel=\"noopener\">educa\u00e7\u00e3o<\/a> e no <a href=\"http:\/\/bit.ly\/1jbCBX3\" target=\"_blank\" rel=\"noopener\">emprego<\/a>.<\/p>\n<p><a href=\"http:\/\/rioonwatch.org.br\/wp-content\/uploads\/2018\/06\/sensacionais.jpg\"><img loading=\"lazy\" decoding=\"async\" class=\"aligncenter wp-image-33997 size-content\" title=\"Sensacionais do Passinho, grupo de dan\u00e7a do Cantagalo.\" src=\"http:\/\/rioonwatch.org.br\/wp-content\/uploads\/2018\/06\/sensacionais-620x264.jpg\" alt=\"\" width=\"620\" height=\"264\" srcset=\"https:\/\/rioonwatch.org.br\/wp-content\/uploads\/2018\/06\/sensacionais-620x264.jpg 620w, https:\/\/rioonwatch.org.br\/wp-content\/uploads\/2018\/06\/sensacionais-940x400.jpg 940w\" sizes=\"(max-width: 620px) 100vw, 620px\" \/><\/a><\/p>\n<p>Ap\u00f3s o cineclube, houve uma eletrizante apresenta\u00e7\u00e3o do grupo <a href=\"http:\/\/bit.ly\/2JDQimM\" target=\"_blank\" rel=\"noopener\">Sensacionais do Passinho<\/a>, um grupo de dan\u00e7arinos da comunidade, e a encena\u00e7\u00e3o de &#8220;N\u00f3s, Semente&#8221;, uma poderosa pe\u00e7a co-produzida pelas alunas e a professora do projeto Teatre-se, que atua no morro do Cantagalo com aulas semanais de teatro. A pe\u00e7a, intercalada com poemas e m\u00fasicas de mesma tem\u00e1tica, retratava situa\u00e7\u00f5es de constrangimento e ass\u00e9dio f\u00edsico e moral que meninas e mulheres sofrem diariamente e fez a plateia segurar a respira\u00e7\u00e3o em alguns momentos e derramar l\u00e1grimas em outros e ir para casa com a certeza que grandes talentos sair\u00e3o dos dois projetos.<\/p>\n<p><a href=\"http:\/\/rioonwatch.org.br\/wp-content\/uploads\/2018\/06\/teatrese2.jpg\"><img loading=\"lazy\" decoding=\"async\" class=\"aligncenter wp-image-33998 size-content\" title=\"Pe\u00e7a &quot;N\u00f3s, Semente&quot; do grupo Teatre-se retrata constrangimentos e opress\u00f5es sofridas por mulheres e meninas.\" src=\"http:\/\/rioonwatch.org.br\/wp-content\/uploads\/2018\/06\/teatrese2-620x264.jpg\" alt=\"\" width=\"620\" height=\"264\" srcset=\"https:\/\/rioonwatch.org.br\/wp-content\/uploads\/2018\/06\/teatrese2-620x264.jpg 620w, https:\/\/rioonwatch.org.br\/wp-content\/uploads\/2018\/06\/teatrese2-940x400.jpg 940w\" sizes=\"(max-width: 620px) 100vw, 620px\" \/><\/a><\/p>\n<!-- AddThis Advanced Settings generic via filter on the_content --><!-- AddThis Share Buttons generic via filter on the_content -->","protected":false},"excerpt":{"rendered":"<div class=\"mh-excerpt\"><p>Click Here for English Entre os dias 7 e 10 de junho aconteceu no Rio a Virada Sustent\u00e1vel, festival de sustentabilidade que acontece em v\u00e1rias cidades brasileiras a partir de um movimento de articula\u00e7\u00e3o entre <a class=\"mh-excerpt-more\" href=\"https:\/\/rioonwatch.org.br\/?p=33842\" title=\"Cineclube, Teatro e Passinho Animam o Cantagalo Durante Virada Sustent\u00e1vel [V\u00cdDEO]\">[&#8230;]<\/a><!-- AddThis Advanced Settings generic via filter on get_the_excerpt --><!-- AddThis Share Buttons generic via filter on get_the_excerpt --><\/p>\n<\/div>","protected":false},"author":152,"featured_media":34032,"comment_status":"closed","ping_status":"closed","sticky":false,"template":"","format":"standard","meta":{"_acf_changed":false,"_monsterinsights_skip_tracking":false,"_monsterinsights_sitenote_active":false,"_monsterinsights_sitenote_note":"","_monsterinsights_sitenote_category":0,"footnotes":""},"categories":[1621,1627,1615,1616,1612,342,1639,1638],"tags":[229,2315,332,217,336,1454,316,731,360,1037,708,417,1774,2074,492,1347,476,404,335,578,429,2386],"writer":[1994],"translator":[],"source":[],"ilustrador":[],"fotografo":[],"class_list":{"0":"post-33842","1":"post","2":"type-post","3":"status-publish","4":"format-standard","5":"has-post-thumbnail","7":"category-destaque","8":"category-relato-de-evento","9":"category-cultura-da-favela","10":"category-qualidades-da-favela","11":"category-sociedade-civil","12":"category-solucoes","13":"category-sustentabilidade","14":"category-video","15":"tag-cantagalo","16":"tag-cineclube","17":"tag-complexo-da-mare","18":"tag-complexo-do-alemao","19":"tag-danca","20":"tag-direito-a-comunicacao","21":"tag-educacao","22":"tag-empreendedorismo","23":"tag-lixo","24":"tag-moradia","25":"tag-morro-da-babilonia","26":"tag-negligencia-do-estado","27":"tag-ocupacao-vito-gianotti","28":"tag-rede-favela-sustentavel","29":"tag-saneamento","30":"tag-solucao","31":"tag-solucao-comunitaria","32":"tag-sustentabilidade","33":"tag-teatro","34":"tag-trabalho-e-renda","35":"tag-verdejar","36":"tag-virada-sustentavel","37":"writer-luisa-fenizola"},"acf":[],"yoast_head":"<!-- This site is optimized with the Yoast SEO plugin v25.6 - https:\/\/yoast.com\/wordpress\/plugins\/seo\/ -->\n<title>Cineclube, Teatro e Passinho Animam o Cantagalo Durante Virada Sustent\u00e1vel [V\u00cdDEO] - RioOnWatch<\/title>\n<meta name=\"robots\" content=\"index, follow, max-snippet:-1, max-image-preview:large, max-video-preview:-1\" \/>\n<link rel=\"canonical\" href=\"https:\/\/rioonwatch.org.br\/?p=33842\" \/>\n<meta property=\"og:locale\" content=\"pt_BR\" \/>\n<meta property=\"og:type\" content=\"article\" \/>\n<meta property=\"og:title\" content=\"Cineclube, Teatro e Passinho Animam o Cantagalo Durante Virada Sustent\u00e1vel [V\u00cdDEO] - RioOnWatch\" \/>\n<meta property=\"og:description\" content=\"Click Here for English Entre os dias 7 e 10 de junho aconteceu no Rio a Virada Sustent\u00e1vel, festival de sustentabilidade que acontece em v\u00e1rias cidades brasileiras a partir de um movimento de articula\u00e7\u00e3o entre [...]\" \/>\n<meta property=\"og:url\" content=\"https:\/\/rioonwatch.org.br\/?p=33842\" \/>\n<meta property=\"og:site_name\" content=\"RioOnWatch\" \/>\n<meta property=\"article:published_time\" content=\"2018-06-18T12:57:30+00:00\" \/>\n<meta property=\"article:modified_time\" content=\"2023-03-26T23:19:20+00:00\" \/>\n<meta property=\"og:image\" content=\"https:\/\/rioonwatch.org.br\/wp-content\/uploads\/2018\/06\/Crianc\u0327as-Cantagalo.jpg\" \/>\n\t<meta property=\"og:image:width\" content=\"863\" \/>\n\t<meta property=\"og:image:height\" content=\"336\" \/>\n\t<meta property=\"og:image:type\" content=\"image\/jpeg\" \/>\n<meta name=\"author\" content=\"Luisa Fenizola\" \/>\n<meta name=\"twitter:card\" content=\"summary_large_image\" \/>\n<meta name=\"twitter:label1\" content=\"Escrito por\" \/>\n\t<meta name=\"twitter:data1\" content=\"Luisa Fenizola\" \/>\n\t<meta name=\"twitter:label2\" content=\"Est. tempo de leitura\" \/>\n\t<meta name=\"twitter:data2\" content=\"5 minutos\" \/>\n<script type=\"application\/ld+json\" class=\"yoast-schema-graph\">{\"@context\":\"https:\/\/schema.org\",\"@graph\":[{\"@type\":\"Article\",\"@id\":\"https:\/\/rioonwatch.org.br\/?p=33842#article\",\"isPartOf\":{\"@id\":\"https:\/\/rioonwatch.org.br\/?p=33842\"},\"author\":{\"name\":\"Luisa Fenizola\",\"@id\":\"https:\/\/rioonwatch.org.br\/#\/schema\/person\/f443c6b55bb6e80842280318076491c5\"},\"headline\":\"Cineclube, Teatro e Passinho Animam o Cantagalo Durante Virada Sustent\u00e1vel [V\u00cdDEO]\",\"datePublished\":\"2018-06-18T12:57:30+00:00\",\"dateModified\":\"2023-03-26T23:19:20+00:00\",\"mainEntityOfPage\":{\"@id\":\"https:\/\/rioonwatch.org.br\/?p=33842\"},\"wordCount\":938,\"publisher\":{\"@id\":\"https:\/\/rioonwatch.org.br\/#organization\"},\"image\":{\"@id\":\"https:\/\/rioonwatch.org.br\/?p=33842#primaryimage\"},\"thumbnailUrl\":\"https:\/\/rioonwatch.org.br\/wp-content\/uploads\/2018\/06\/Crianc\u0327as-Cantagalo.jpg\",\"keywords\":[\"Cantagalo\",\"cineclube\",\"Complexo da Mar\u00e9\",\"Complexo do Alem\u00e3o\",\"dan\u00e7a\",\"direito \u00e0 comunica\u00e7\u00e3o\",\"educa\u00e7\u00e3o\",\"empreendedorismo\",\"lixo\",\"moradia\",\"Morro da Babil\u00f4nia\",\"Neglig\u00eancia do Estado\",\"Ocupa\u00e7\u00e3o Vito Giannotti\",\"Perfis Integrantes da Rede Favela Sustent\u00e1vel\",\"saneamento\",\"solu\u00e7\u00e3o\",\"solu\u00e7\u00e3o comunit\u00e1ria\",\"sustentabilidade\",\"teatro\",\"Trabalho e renda\",\"Verdejar\",\"Virada Sustent\u00e1vel\"],\"articleSection\":[\"*Destaque\",\"Cobertura de Eventos\",\"Cultura da Favela\",\"Qualidades da Favela\",\"Sociedade Civil\",\"Solu\u00e7\u00f5es\",\"Sustentabilidade\",\"V\u00eddeo\"],\"inLanguage\":\"pt-BR\"},{\"@type\":\"WebPage\",\"@id\":\"https:\/\/rioonwatch.org.br\/?p=33842\",\"url\":\"https:\/\/rioonwatch.org.br\/?p=33842\",\"name\":\"Cineclube, Teatro e Passinho Animam o Cantagalo Durante Virada Sustent\u00e1vel [V\u00cdDEO] - RioOnWatch\",\"isPartOf\":{\"@id\":\"https:\/\/rioonwatch.org.br\/#website\"},\"primaryImageOfPage\":{\"@id\":\"https:\/\/rioonwatch.org.br\/?p=33842#primaryimage\"},\"image\":{\"@id\":\"https:\/\/rioonwatch.org.br\/?p=33842#primaryimage\"},\"thumbnailUrl\":\"https:\/\/rioonwatch.org.br\/wp-content\/uploads\/2018\/06\/Crianc\u0327as-Cantagalo.jpg\",\"datePublished\":\"2018-06-18T12:57:30+00:00\",\"dateModified\":\"2023-03-26T23:19:20+00:00\",\"breadcrumb\":{\"@id\":\"https:\/\/rioonwatch.org.br\/?p=33842#breadcrumb\"},\"inLanguage\":\"pt-BR\",\"potentialAction\":[{\"@type\":\"ReadAction\",\"target\":[\"https:\/\/rioonwatch.org.br\/?p=33842\"]}]},{\"@type\":\"ImageObject\",\"inLanguage\":\"pt-BR\",\"@id\":\"https:\/\/rioonwatch.org.br\/?p=33842#primaryimage\",\"url\":\"https:\/\/rioonwatch.org.br\/wp-content\/uploads\/2018\/06\/Crianc\u0327as-Cantagalo.jpg\",\"contentUrl\":\"https:\/\/rioonwatch.org.br\/wp-content\/uploads\/2018\/06\/Crianc\u0327as-Cantagalo.jpg\",\"width\":863,\"height\":336},{\"@type\":\"BreadcrumbList\",\"@id\":\"https:\/\/rioonwatch.org.br\/?p=33842#breadcrumb\",\"itemListElement\":[{\"@type\":\"ListItem\",\"position\":1,\"name\":\"In\u00edcio\",\"item\":\"https:\/\/rioonwatch.org.br\/\"},{\"@type\":\"ListItem\",\"position\":2,\"name\":\"Cineclube, Teatro e Passinho Animam o Cantagalo Durante Virada Sustent\u00e1vel [V\u00cdDEO]\"}]},{\"@type\":\"WebSite\",\"@id\":\"https:\/\/rioonwatch.org.br\/#website\",\"url\":\"https:\/\/rioonwatch.org.br\/\",\"name\":\"RioOnWatch\",\"description\":\"relatos das favelas cariocas\",\"publisher\":{\"@id\":\"https:\/\/rioonwatch.org.br\/#organization\"},\"potentialAction\":[{\"@type\":\"SearchAction\",\"target\":{\"@type\":\"EntryPoint\",\"urlTemplate\":\"https:\/\/rioonwatch.org.br\/?s={search_term_string}\"},\"query-input\":{\"@type\":\"PropertyValueSpecification\",\"valueRequired\":true,\"valueName\":\"search_term_string\"}}],\"inLanguage\":\"pt-BR\"},{\"@type\":\"Organization\",\"@id\":\"https:\/\/rioonwatch.org.br\/#organization\",\"name\":\"RioOnWatch\",\"url\":\"https:\/\/rioonwatch.org.br\/\",\"logo\":{\"@type\":\"ImageObject\",\"inLanguage\":\"pt-BR\",\"@id\":\"https:\/\/rioonwatch.org.br\/#\/schema\/logo\/image\/\",\"url\":\"https:\/\/rioonwatch.org.br\/wp-content\/uploads\/2021\/06\/RioOnWatchcabecalhoPT11anos-2.png\",\"contentUrl\":\"https:\/\/rioonwatch.org.br\/wp-content\/uploads\/2021\/06\/RioOnWatchcabecalhoPT11anos-2.png\",\"width\":779,\"height\":277,\"caption\":\"RioOnWatch\"},\"image\":{\"@id\":\"https:\/\/rioonwatch.org.br\/#\/schema\/logo\/image\/\"}},{\"@type\":\"Person\",\"@id\":\"https:\/\/rioonwatch.org.br\/#\/schema\/person\/f443c6b55bb6e80842280318076491c5\",\"name\":\"Luisa Fenizola\",\"image\":{\"@type\":\"ImageObject\",\"inLanguage\":\"pt-BR\",\"@id\":\"https:\/\/rioonwatch.org.br\/#\/schema\/person\/image\/\",\"url\":\"https:\/\/secure.gravatar.com\/avatar\/a3d551110162b9f876cbbdaaecf75663?s=96&d=blank&r=g\",\"contentUrl\":\"https:\/\/secure.gravatar.com\/avatar\/a3d551110162b9f876cbbdaaecf75663?s=96&d=blank&r=g\",\"caption\":\"Luisa Fenizola\"},\"url\":\"https:\/\/rioonwatch.org.br\/?author=152\"}]}<\/script>\n<!-- \/ Yoast SEO plugin. -->","yoast_head_json":{"title":"Cineclube, Teatro e Passinho Animam o Cantagalo Durante Virada Sustent\u00e1vel [V\u00cdDEO] - RioOnWatch","robots":{"index":"index","follow":"follow","max-snippet":"max-snippet:-1","max-image-preview":"max-image-preview:large","max-video-preview":"max-video-preview:-1"},"canonical":"https:\/\/rioonwatch.org.br\/?p=33842","og_locale":"pt_BR","og_type":"article","og_title":"Cineclube, Teatro e Passinho Animam o Cantagalo Durante Virada Sustent\u00e1vel [V\u00cdDEO] - RioOnWatch","og_description":"Click Here for English Entre os dias 7 e 10 de junho aconteceu no Rio a Virada Sustent\u00e1vel, festival de sustentabilidade que acontece em v\u00e1rias cidades brasileiras a partir de um movimento de articula\u00e7\u00e3o entre [...]","og_url":"https:\/\/rioonwatch.org.br\/?p=33842","og_site_name":"RioOnWatch","article_published_time":"2018-06-18T12:57:30+00:00","article_modified_time":"2023-03-26T23:19:20+00:00","og_image":[{"width":863,"height":336,"url":"https:\/\/rioonwatch.org.br\/wp-content\/uploads\/2018\/06\/Crianc\u0327as-Cantagalo.jpg","type":"image\/jpeg"}],"author":"Luisa Fenizola","twitter_card":"summary_large_image","twitter_misc":{"Escrito por":"Luisa Fenizola","Est. tempo de leitura":"5 minutos"},"schema":{"@context":"https:\/\/schema.org","@graph":[{"@type":"Article","@id":"https:\/\/rioonwatch.org.br\/?p=33842#article","isPartOf":{"@id":"https:\/\/rioonwatch.org.br\/?p=33842"},"author":{"name":"Luisa Fenizola","@id":"https:\/\/rioonwatch.org.br\/#\/schema\/person\/f443c6b55bb6e80842280318076491c5"},"headline":"Cineclube, Teatro e Passinho Animam o Cantagalo Durante Virada Sustent\u00e1vel [V\u00cdDEO]","datePublished":"2018-06-18T12:57:30+00:00","dateModified":"2023-03-26T23:19:20+00:00","mainEntityOfPage":{"@id":"https:\/\/rioonwatch.org.br\/?p=33842"},"wordCount":938,"publisher":{"@id":"https:\/\/rioonwatch.org.br\/#organization"},"image":{"@id":"https:\/\/rioonwatch.org.br\/?p=33842#primaryimage"},"thumbnailUrl":"https:\/\/rioonwatch.org.br\/wp-content\/uploads\/2018\/06\/Crianc\u0327as-Cantagalo.jpg","keywords":["Cantagalo","cineclube","Complexo da Mar\u00e9","Complexo do Alem\u00e3o","dan\u00e7a","direito \u00e0 comunica\u00e7\u00e3o","educa\u00e7\u00e3o","empreendedorismo","lixo","moradia","Morro da Babil\u00f4nia","Neglig\u00eancia do Estado","Ocupa\u00e7\u00e3o Vito Giannotti","Perfis Integrantes da Rede Favela Sustent\u00e1vel","saneamento","solu\u00e7\u00e3o","solu\u00e7\u00e3o comunit\u00e1ria","sustentabilidade","teatro","Trabalho e renda","Verdejar","Virada Sustent\u00e1vel"],"articleSection":["*Destaque","Cobertura de Eventos","Cultura da Favela","Qualidades da Favela","Sociedade Civil","Solu\u00e7\u00f5es","Sustentabilidade","V\u00eddeo"],"inLanguage":"pt-BR"},{"@type":"WebPage","@id":"https:\/\/rioonwatch.org.br\/?p=33842","url":"https:\/\/rioonwatch.org.br\/?p=33842","name":"Cineclube, Teatro e Passinho Animam o Cantagalo Durante Virada Sustent\u00e1vel [V\u00cdDEO] - RioOnWatch","isPartOf":{"@id":"https:\/\/rioonwatch.org.br\/#website"},"primaryImageOfPage":{"@id":"https:\/\/rioonwatch.org.br\/?p=33842#primaryimage"},"image":{"@id":"https:\/\/rioonwatch.org.br\/?p=33842#primaryimage"},"thumbnailUrl":"https:\/\/rioonwatch.org.br\/wp-content\/uploads\/2018\/06\/Crianc\u0327as-Cantagalo.jpg","datePublished":"2018-06-18T12:57:30+00:00","dateModified":"2023-03-26T23:19:20+00:00","breadcrumb":{"@id":"https:\/\/rioonwatch.org.br\/?p=33842#breadcrumb"},"inLanguage":"pt-BR","potentialAction":[{"@type":"ReadAction","target":["https:\/\/rioonwatch.org.br\/?p=33842"]}]},{"@type":"ImageObject","inLanguage":"pt-BR","@id":"https:\/\/rioonwatch.org.br\/?p=33842#primaryimage","url":"https:\/\/rioonwatch.org.br\/wp-content\/uploads\/2018\/06\/Crianc\u0327as-Cantagalo.jpg","contentUrl":"https:\/\/rioonwatch.org.br\/wp-content\/uploads\/2018\/06\/Crianc\u0327as-Cantagalo.jpg","width":863,"height":336},{"@type":"BreadcrumbList","@id":"https:\/\/rioonwatch.org.br\/?p=33842#breadcrumb","itemListElement":[{"@type":"ListItem","position":1,"name":"In\u00edcio","item":"https:\/\/rioonwatch.org.br\/"},{"@type":"ListItem","position":2,"name":"Cineclube, Teatro e Passinho Animam o Cantagalo Durante Virada Sustent\u00e1vel [V\u00cdDEO]"}]},{"@type":"WebSite","@id":"https:\/\/rioonwatch.org.br\/#website","url":"https:\/\/rioonwatch.org.br\/","name":"RioOnWatch","description":"relatos das favelas cariocas","publisher":{"@id":"https:\/\/rioonwatch.org.br\/#organization"},"potentialAction":[{"@type":"SearchAction","target":{"@type":"EntryPoint","urlTemplate":"https:\/\/rioonwatch.org.br\/?s={search_term_string}"},"query-input":{"@type":"PropertyValueSpecification","valueRequired":true,"valueName":"search_term_string"}}],"inLanguage":"pt-BR"},{"@type":"Organization","@id":"https:\/\/rioonwatch.org.br\/#organization","name":"RioOnWatch","url":"https:\/\/rioonwatch.org.br\/","logo":{"@type":"ImageObject","inLanguage":"pt-BR","@id":"https:\/\/rioonwatch.org.br\/#\/schema\/logo\/image\/","url":"https:\/\/rioonwatch.org.br\/wp-content\/uploads\/2021\/06\/RioOnWatchcabecalhoPT11anos-2.png","contentUrl":"https:\/\/rioonwatch.org.br\/wp-content\/uploads\/2021\/06\/RioOnWatchcabecalhoPT11anos-2.png","width":779,"height":277,"caption":"RioOnWatch"},"image":{"@id":"https:\/\/rioonwatch.org.br\/#\/schema\/logo\/image\/"}},{"@type":"Person","@id":"https:\/\/rioonwatch.org.br\/#\/schema\/person\/f443c6b55bb6e80842280318076491c5","name":"Luisa Fenizola","image":{"@type":"ImageObject","inLanguage":"pt-BR","@id":"https:\/\/rioonwatch.org.br\/#\/schema\/person\/image\/","url":"https:\/\/secure.gravatar.com\/avatar\/a3d551110162b9f876cbbdaaecf75663?s=96&d=blank&r=g","contentUrl":"https:\/\/secure.gravatar.com\/avatar\/a3d551110162b9f876cbbdaaecf75663?s=96&d=blank&r=g","caption":"Luisa Fenizola"},"url":"https:\/\/rioonwatch.org.br\/?author=152"}]}},"_links":{"self":[{"href":"https:\/\/rioonwatch.org.br\/index.php?rest_route=\/wp\/v2\/posts\/33842"}],"collection":[{"href":"https:\/\/rioonwatch.org.br\/index.php?rest_route=\/wp\/v2\/posts"}],"about":[{"href":"https:\/\/rioonwatch.org.br\/index.php?rest_route=\/wp\/v2\/types\/post"}],"author":[{"embeddable":true,"href":"https:\/\/rioonwatch.org.br\/index.php?rest_route=\/wp\/v2\/users\/152"}],"replies":[{"embeddable":true,"href":"https:\/\/rioonwatch.org.br\/index.php?rest_route=%2Fwp%2Fv2%2Fcomments&post=33842"}],"version-history":[{"count":12,"href":"https:\/\/rioonwatch.org.br\/index.php?rest_route=\/wp\/v2\/posts\/33842\/revisions"}],"predecessor-version":[{"id":34234,"href":"https:\/\/rioonwatch.org.br\/index.php?rest_route=\/wp\/v2\/posts\/33842\/revisions\/34234"}],"wp:featuredmedia":[{"embeddable":true,"href":"https:\/\/rioonwatch.org.br\/index.php?rest_route=\/wp\/v2\/media\/34032"}],"wp:attachment":[{"href":"https:\/\/rioonwatch.org.br\/index.php?rest_route=%2Fwp%2Fv2%2Fmedia&parent=33842"}],"wp:term":[{"taxonomy":"category","embeddable":true,"href":"https:\/\/rioonwatch.org.br\/index.php?rest_route=%2Fwp%2Fv2%2Fcategories&post=33842"},{"taxonomy":"post_tag","embeddable":true,"href":"https:\/\/rioonwatch.org.br\/index.php?rest_route=%2Fwp%2Fv2%2Ftags&post=33842"},{"taxonomy":"writer","embeddable":true,"href":"https:\/\/rioonwatch.org.br\/index.php?rest_route=%2Fwp%2Fv2%2Fwriter&post=33842"},{"taxonomy":"translator","embeddable":true,"href":"https:\/\/rioonwatch.org.br\/index.php?rest_route=%2Fwp%2Fv2%2Ftranslator&post=33842"},{"taxonomy":"source","embeddable":true,"href":"https:\/\/rioonwatch.org.br\/index.php?rest_route=%2Fwp%2Fv2%2Fsource&post=33842"},{"taxonomy":"ilustrador","embeddable":true,"href":"https:\/\/rioonwatch.org.br\/index.php?rest_route=%2Fwp%2Fv2%2Filustrador&post=33842"},{"taxonomy":"fotografo","embeddable":true,"href":"https:\/\/rioonwatch.org.br\/index.php?rest_route=%2Fwp%2Fv2%2Ffotografo&post=33842"}],"curies":[{"name":"wp","href":"https:\/\/api.w.org\/{rel}","templated":true}]}}