{"id":33873,"date":"2018-06-13T16:15:06","date_gmt":"2018-06-13T19:15:06","guid":{"rendered":"http:\/\/rioonwatch.org.br\/?p=33873"},"modified":"2018-06-22T15:18:10","modified_gmt":"2018-06-22T18:18:10","slug":"taticas-ilegais-e-coberturas-enquanto-helicoptero-da-policia-civil-atira-nas-favelas-da-mare","status":"publish","type":"post","link":"https:\/\/rioonwatch.org.br\/?p=33873","title":{"rendered":"T\u00e1ticas Ilegais Encobertas pela Pol\u00edcia Civil ao Atirar de Helic\u00f3ptero no Complexo da Mar\u00e9"},"content":{"rendered":"<p style=\"text-align: right;\"><em><strong><a href=\"http:\/\/bit.ly\/2t0bGY8\" target=\"_blank\" rel=\"noopener noreferrer\">Click Here for English<img decoding=\"async\" width=\"20\" height=\"20\" class=\"alignright wp-image-15790\" src=\"http:\/\/rioonwatch.org.br\/wp-content\/uploads\/2012\/08\/EN-standard-e1439583104716.jpg\" \/><\/a><\/strong><\/em><\/p>\n<p>Na segunda-feira, 11 de junho, \u00e0s 6:30hs, moradores do <a href=\"http:\/\/bit.ly\/10BvARw\" target=\"_blank\" rel=\"noopener\">Complexo da Mar\u00e9<\/a> acordaram com estrondosas rajadas de alto calibre.\u00a0Um helic\u00f3ptero da pol\u00edcia dava rasantes sobre telhados nas favelas de <a href=\"http:\/\/bit.ly\/1sscKdX\" target=\"_blank\" rel=\"noopener\">Nova Holanda<\/a>, <a href=\"http:\/\/bit.ly\/1YHFX7V\" target=\"_blank\" rel=\"noopener\">Parque Uni\u00e3o<\/a> e <a href=\"http:\/\/bit.ly\/2gzOPOa\" target=\"_blank\" rel=\"noopener\">Rubens Vaz<\/a>, atirando sobre casas e becos. Caveir\u00f5es destru\u00edram ruas.<\/p>\n<p>Alguns se esconderam na relativa seguran\u00e7a de suas casas, enquanto outros, que j\u00e1 haviam sa\u00eddo para o trabalho ou para a escola, foram for\u00e7ados a encontrar abrigo no com\u00e9rcio local. Uma moradora relatou que se escondeu em um bar nas redondezas: \u201cAntes de chegar no meu carro come\u00e7ou a troca de tiro. Eu fiquei escondida dentro de um bar, e balearam meu carro todinho. Ou seja, por um segundo, eu teria estado dentro do carro. N\u00e3o aguento mais essa bobeira n\u00e3o&#8221;.<\/p>\n<p>Muitos entraram nas redes sociais, reportando tiroteios e apari\u00e7\u00f5es do helic\u00f3ptero \u00e0 m\u00eddia comunit\u00e1ria do <a href=\"http:\/\/bit.ly\/2hmyYmP\" target=\"_blank\" rel=\"noopener\">Mar\u00e9 Vive<\/a>, que por sua vez <a href=\"http:\/\/bit.ly\/2t2pgKC\" target=\"_blank\" rel=\"noopener\">alertou em sua rede<\/a>: \u201cBala voando em v\u00e1rias partes helic\u00f3ptero largando o a\u00e7o de cima pra baixo, caveir\u00e3o em terra fazendo o mesmo&#8221;.<\/p>\n<p><a href=\"http:\/\/rioonwatch.org.br\/wp-content\/uploads\/2018\/06\/Screen-Shot-2018-06-12-at-12.29.50-PM.png\"><img fetchpriority=\"high\" decoding=\"async\" class=\"aligncenter wp-image-33880\" src=\"http:\/\/rioonwatch.org.br\/wp-content\/uploads\/2018\/06\/Screen-Shot-2018-06-12-at-12.29.50-PM-620x390.png\" alt=\"\" width=\"620\" height=\"390\" srcset=\"https:\/\/rioonwatch.org.br\/wp-content\/uploads\/2018\/06\/Screen-Shot-2018-06-12-at-12.29.50-PM-620x390.png 620w, https:\/\/rioonwatch.org.br\/wp-content\/uploads\/2018\/06\/Screen-Shot-2018-06-12-at-12.29.50-PM-420x264.png 420w, https:\/\/rioonwatch.org.br\/wp-content\/uploads\/2018\/06\/Screen-Shot-2018-06-12-at-12.29.50-PM-768x483.png 768w, https:\/\/rioonwatch.org.br\/wp-content\/uploads\/2018\/06\/Screen-Shot-2018-06-12-at-12.29.50-PM.png 987w\" sizes=\"(max-width: 620px) 100vw, 620px\" \/><\/a><\/p>\n<p>Essa foi a primeira opera\u00e7\u00e3o policial nesta parte da Mar\u00e9 em cerca de sete meses, j\u00e1 que a mais recente ocorreu em fevereiro, na Baixa do Sapateiro, v\u00e1rios quil\u00f4metros ao sul.\u00a0Tal incurs\u00e3o resultou na morte de <a href=\"http:\/\/bit.ly\/2Ef7mc3\" target=\"_blank\" rel=\"noopener\">Jeremias Moraes da Silva, de 13 anos<\/a>.<\/p>\n<p>Exceto que, desta vez, n\u00e3o houve opera\u00e7\u00e3o policial. Ao menos, assim foi, de acordo com a Pol\u00edcia Militar do Rio. O 22\u00ba Batalh\u00e3o da Pol\u00edcia Militar da Mar\u00e9 atribuiu os tiroteios da manh\u00e3 a um <a href=\"https:\/\/glo.bo\/2sMYyGs\" target=\"_blank\" rel=\"noopener\">confronto entre fac\u00e7\u00f5es rivais<\/a>.<\/p>\n<p>Como o esmagador consenso dos cidad\u00e3os n\u00e3o foi suficiente, <a href=\"http:\/\/bit.ly\/2t3CYNn\" target=\"_blank\" rel=\"noopener\">evid\u00eancias em v\u00eddeo come\u00e7aram a circular rapidamente<\/a>. Misturado entre passageiros do lado oposto da Avenida Brasil, um motorista de \u00f4nibus registrou um helic\u00f3ptero da pol\u00edcia disparando tiros ao cruzar a rodovia. Outro morador fotografou o que os rep\u00f3rteres consideraram ser um helic\u00f3ptero do CORE (Pol\u00edcia Civil) circulando pelas favelas e trocando tiros.<\/p>\n<p>At\u00e9 a manh\u00e3 de ter\u00e7a-feira, autoridades ainda n\u00e3o haviam reconhecido que uma opera\u00e7\u00e3o policial tinha acontecido. Mar\u00e9 Vive\u00a0<a href=\"http:\/\/bit.ly\/2LMQOvo\" target=\"_blank\" rel=\"noopener\">compartilhou imagens de um v\u00eddeo do helic\u00f3ptero<\/a> sobrevoando a Mar\u00e9 e atirando para baixo, comentando sarcasticamente: \u201cRealmente n\u00e3o foi uma opera\u00e7\u00e3o. Esse helic\u00f3ptero a\u00ed dando tiro em uma das ruas mais movimentadas da Mar\u00e9, a Teixeira Ribeiro, \u00e9 ilus\u00e3o de \u00f3tica. T\u00e1 todo mundo delirando, geral emaconhado&#8221;.<\/p>\n<p>Mesmo com a procura de respostas por grupos locais da sociedade civil, a pol\u00edcia n\u00e3o ofereceu nenhum esclarecimento. A ONG\u00a0<a href=\"http:\/\/bit.ly\/2pvZdLB\" target=\"_blank\" rel=\"noopener\">Redes da Mar\u00e9<\/a> publicou uma foto de uma cal\u00e7ada esburacada, registrada por um morador, e escreveu: \u201cProcurada pela Redes da Mar\u00e9, a Assessoria de Comunica\u00e7\u00e3o da Pol\u00edcia Militar disse que n\u00e3o tinha informa\u00e7\u00f5es sobre a opera\u00e7\u00e3o na Mar\u00e9 e o 22\u00ba Batalh\u00e3o da Policia Militar, localizado no territ\u00f3rio, n\u00e3o assumiu a opera\u00e7\u00e3o, mas informou que estaria ocorrendo um confronto entre os grupos civis armados&#8221;.<\/p>\n<p><a href=\"http:\/\/rioonwatch.org.br\/wp-content\/uploads\/2018\/06\/Redes-da-Mar\u00e9-post-pic.png\"><img decoding=\"async\" class=\"aligncenter size-medium wp-image-33882\" src=\"http:\/\/rioonwatch.org.br\/wp-content\/uploads\/2018\/06\/Redes-da-Mar\u00e9-post-pic-620x397.png\" alt=\"\" width=\"620\" height=\"397\" srcset=\"https:\/\/rioonwatch.org.br\/wp-content\/uploads\/2018\/06\/Redes-da-Mar\u00e9-post-pic-620x397.png 620w, https:\/\/rioonwatch.org.br\/wp-content\/uploads\/2018\/06\/Redes-da-Mar\u00e9-post-pic-413x264.png 413w, https:\/\/rioonwatch.org.br\/wp-content\/uploads\/2018\/06\/Redes-da-Mar\u00e9-post-pic-768x491.png 768w, https:\/\/rioonwatch.org.br\/wp-content\/uploads\/2018\/06\/Redes-da-Mar\u00e9-post-pic.png 930w\" sizes=\"(max-width: 620px) 100vw, 620px\" \/><\/a><\/p>\n<p>At\u00e9 a tarde de ter\u00e7a-feira, a unidade da CORE cedeu \u00e0 press\u00e3o da m\u00eddia, <a href=\"http:\/\/bit.ly\/2HKBwVb\" target=\"_blank\" rel=\"noopener\">dizendo \u00e0 Globo News<\/a> que sua equipe havia entrado no Parque Uni\u00e3o para \u201cchecar informa\u00e7\u00f5es\u201d e que seus caveir\u00f5es e helic\u00f3ptero foram atacados a tiros.<\/p>\n<p>Pressionado por mais informa\u00e7\u00f5es pela Redes da Mar\u00e9, a Assessoria de Comunica\u00e7\u00e3o da Pol\u00edcia Civil n\u00e3o respondia a e-mails e telefonemas.<\/p>\n<p>O diretor da Redes, Alberto Aleixo, denunciou veementemente a opera\u00e7\u00e3o, apontando para as t\u00e1ticas de guerra usadas pela Pol\u00edcia Civil: \u201c\u00c9 totalmente proibido a helic\u00f3pteros fazer disparos de cima para baixo e \u00e9 totalmente irregular, \u00e9 ilegal. A nossa lei n\u00e3o permite. S\u00f3 em casos de guerra que \u00e9 poss\u00edvel, mas n\u00e3o \u00e9 o caso que a gente t\u00e1 vivendo hoje. A Pol\u00edcia Civil n\u00e3o \u00e9 as For\u00e7as Armadas&#8230;\u00a0A Pol\u00edcia Civil brasileira, que \u00e9 a pol\u00edcia administrativa e judici\u00e1ria, deve cumprir mandados judiciais&#8221;.<\/p>\n<p>&#8220;A gente est\u00e1 muito preocupado que isso se transforme em a\u00e7\u00e3o corriqueira&#8221;, disse Alberto. &#8220;T\u00eam marcas de disparos por toda Teixeira Ribeiro, na Rua Principal, na Parque Uni\u00e3o, e na Rubens Vaz&#8221;.<\/p>\n<!-- AddThis Advanced Settings generic via filter on the_content --><!-- AddThis Share Buttons generic via filter on the_content -->","protected":false},"excerpt":{"rendered":"<div class=\"mh-excerpt\"><p>Click Here for English Na segunda-feira, 11 de junho, \u00e0s 6:30hs, moradores do Complexo da Mar\u00e9 acordaram com estrondosas rajadas de alto calibre.\u00a0Um helic\u00f3ptero da pol\u00edcia dava rasantes sobre telhados nas favelas de Nova Holanda, <a class=\"mh-excerpt-more\" href=\"https:\/\/rioonwatch.org.br\/?p=33873\" title=\"T\u00e1ticas Ilegais Encobertas pela Pol\u00edcia Civil ao Atirar de Helic\u00f3ptero no Complexo da Mar\u00e9\">[&#8230;]<\/a><!-- AddThis Advanced Settings generic via filter on get_the_excerpt --><!-- AddThis Share Buttons generic via filter on get_the_excerpt --><\/p>\n<\/div>","protected":false},"author":129,"featured_media":33876,"comment_status":"closed","ping_status":"closed","sticky":false,"template":"","format":"standard","meta":{"_acf_changed":false,"_monsterinsights_skip_tracking":false,"_monsterinsights_sitenote_active":false,"_monsterinsights_sitenote_note":"","_monsterinsights_sitenote_category":0,"footnotes":""},"categories":[1621,346,1626],"tags":[943,1854,2379,332,88,2391,379,350,349,2378,1107,1789,1810,52,218],"writer":[2249],"translator":[2377],"source":[],"ilustrador":[],"fotografo":[],"class_list":{"0":"post-33873","1":"post","2":"type-post","3":"status-publish","4":"format-standard","5":"has-post-thumbnail","7":"category-destaque","8":"category-denuncias","9":"category-por-observadores-internacionais","10":"tag-oquedizemasredes","11":"tag-avenida-brasil","12":"tag-caveirao","13":"tag-complexo-da-mare","14":"tag-direitos-humanos","15":"tag-mare-vive","16":"tag-midia-social","17":"tag-nova-holanda","18":"tag-parque-uniao","19":"tag-policia-civil","20":"tag-redes-da-mare","21":"tag-rubens-vaz","22":"tag-video","23":"tag-violencia-policial","24":"tag-zona-norte","25":"writer-edmund-ruge","26":"translator-camila-moraes"},"acf":[],"yoast_head":"<!-- This site is optimized with the Yoast SEO plugin v25.6 - https:\/\/yoast.com\/wordpress\/plugins\/seo\/ -->\n<title>T\u00e1ticas Ilegais Encobertas pela Pol\u00edcia Civil ao Atirar de Helic\u00f3ptero no Complexo da Mar\u00e9 - RioOnWatch<\/title>\n<meta name=\"robots\" content=\"index, follow, max-snippet:-1, max-image-preview:large, max-video-preview:-1\" \/>\n<link rel=\"canonical\" href=\"https:\/\/rioonwatch.org.br\/?p=33873\" \/>\n<meta property=\"og:locale\" content=\"pt_BR\" \/>\n<meta property=\"og:type\" content=\"article\" \/>\n<meta property=\"og:title\" content=\"T\u00e1ticas Ilegais Encobertas pela Pol\u00edcia Civil ao Atirar de Helic\u00f3ptero no Complexo da Mar\u00e9 - RioOnWatch\" \/>\n<meta property=\"og:description\" content=\"Click Here for English Na segunda-feira, 11 de junho, \u00e0s 6:30hs, moradores do Complexo da Mar\u00e9 acordaram com estrondosas rajadas de alto calibre.\u00a0Um helic\u00f3ptero da pol\u00edcia dava rasantes sobre telhados nas favelas de Nova Holanda, [...]\" \/>\n<meta property=\"og:url\" content=\"https:\/\/rioonwatch.org.br\/?p=33873\" \/>\n<meta property=\"og:site_name\" content=\"RioOnWatch\" \/>\n<meta property=\"article:published_time\" content=\"2018-06-13T19:15:06+00:00\" \/>\n<meta property=\"article:modified_time\" content=\"2018-06-22T18:18:10+00:00\" \/>\n<meta property=\"og:image\" content=\"https:\/\/rioonwatch.org.br\/wp-content\/uploads\/2018\/06\/Mare-1117x629.png\" \/>\n\t<meta property=\"og:image:width\" content=\"1117\" \/>\n\t<meta property=\"og:image:height\" content=\"629\" \/>\n\t<meta property=\"og:image:type\" content=\"image\/png\" \/>\n<meta name=\"author\" content=\"Admin\" \/>\n<meta name=\"twitter:card\" content=\"summary_large_image\" \/>\n<meta name=\"twitter:label1\" content=\"Escrito por\" \/>\n\t<meta name=\"twitter:data1\" content=\"Admin\" \/>\n\t<meta name=\"twitter:label2\" content=\"Est. tempo de leitura\" \/>\n\t<meta name=\"twitter:data2\" content=\"4 minutos\" \/>\n<script type=\"application\/ld+json\" class=\"yoast-schema-graph\">{\"@context\":\"https:\/\/schema.org\",\"@graph\":[{\"@type\":\"Article\",\"@id\":\"https:\/\/rioonwatch.org.br\/?p=33873#article\",\"isPartOf\":{\"@id\":\"https:\/\/rioonwatch.org.br\/?p=33873\"},\"author\":{\"name\":\"Admin\",\"@id\":\"https:\/\/rioonwatch.org.br\/#\/schema\/person\/11d64c290506f9df50c71b850c473f68\"},\"headline\":\"T\u00e1ticas Ilegais Encobertas pela Pol\u00edcia Civil ao Atirar de Helic\u00f3ptero no Complexo da Mar\u00e9\",\"datePublished\":\"2018-06-13T19:15:06+00:00\",\"dateModified\":\"2018-06-22T18:18:10+00:00\",\"mainEntityOfPage\":{\"@id\":\"https:\/\/rioonwatch.org.br\/?p=33873\"},\"wordCount\":733,\"publisher\":{\"@id\":\"https:\/\/rioonwatch.org.br\/#organization\"},\"image\":{\"@id\":\"https:\/\/rioonwatch.org.br\/?p=33873#primaryimage\"},\"thumbnailUrl\":\"https:\/\/rioonwatch.org.br\/wp-content\/uploads\/2018\/06\/Mare.png\",\"keywords\":[\"#OQueDizemAsRedes\",\"Avenida Brasil\",\"caveir\u00e3o\",\"Complexo da Mar\u00e9\",\"Direitos Humanos\",\"Mar\u00e9 Vive\",\"m\u00eddia social\",\"Nova Holanda\",\"Parque Uni\u00e3o\",\"Pol\u00edcia Civil\",\"Redes da Mar\u00e9\",\"Rubens Vaz\",\"v\u00eddeo\",\"viol\u00eancia policial\",\"Zona Norte\"],\"articleSection\":[\"*Destaque\",\"Den\u00fancias\",\"Escrito por Aliados\"],\"inLanguage\":\"pt-BR\"},{\"@type\":\"WebPage\",\"@id\":\"https:\/\/rioonwatch.org.br\/?p=33873\",\"url\":\"https:\/\/rioonwatch.org.br\/?p=33873\",\"name\":\"T\u00e1ticas Ilegais Encobertas pela Pol\u00edcia Civil ao Atirar de Helic\u00f3ptero no Complexo da Mar\u00e9 - RioOnWatch\",\"isPartOf\":{\"@id\":\"https:\/\/rioonwatch.org.br\/#website\"},\"primaryImageOfPage\":{\"@id\":\"https:\/\/rioonwatch.org.br\/?p=33873#primaryimage\"},\"image\":{\"@id\":\"https:\/\/rioonwatch.org.br\/?p=33873#primaryimage\"},\"thumbnailUrl\":\"https:\/\/rioonwatch.org.br\/wp-content\/uploads\/2018\/06\/Mare.png\",\"datePublished\":\"2018-06-13T19:15:06+00:00\",\"dateModified\":\"2018-06-22T18:18:10+00:00\",\"breadcrumb\":{\"@id\":\"https:\/\/rioonwatch.org.br\/?p=33873#breadcrumb\"},\"inLanguage\":\"pt-BR\",\"potentialAction\":[{\"@type\":\"ReadAction\",\"target\":[\"https:\/\/rioonwatch.org.br\/?p=33873\"]}]},{\"@type\":\"ImageObject\",\"inLanguage\":\"pt-BR\",\"@id\":\"https:\/\/rioonwatch.org.br\/?p=33873#primaryimage\",\"url\":\"https:\/\/rioonwatch.org.br\/wp-content\/uploads\/2018\/06\/Mare.png\",\"contentUrl\":\"https:\/\/rioonwatch.org.br\/wp-content\/uploads\/2018\/06\/Mare.png\",\"width\":2434,\"height\":1371},{\"@type\":\"BreadcrumbList\",\"@id\":\"https:\/\/rioonwatch.org.br\/?p=33873#breadcrumb\",\"itemListElement\":[{\"@type\":\"ListItem\",\"position\":1,\"name\":\"In\u00edcio\",\"item\":\"https:\/\/rioonwatch.org.br\/\"},{\"@type\":\"ListItem\",\"position\":2,\"name\":\"T\u00e1ticas Ilegais Encobertas pela Pol\u00edcia Civil ao Atirar de Helic\u00f3ptero no Complexo da Mar\u00e9\"}]},{\"@type\":\"WebSite\",\"@id\":\"https:\/\/rioonwatch.org.br\/#website\",\"url\":\"https:\/\/rioonwatch.org.br\/\",\"name\":\"RioOnWatch\",\"description\":\"relatos das favelas cariocas\",\"publisher\":{\"@id\":\"https:\/\/rioonwatch.org.br\/#organization\"},\"potentialAction\":[{\"@type\":\"SearchAction\",\"target\":{\"@type\":\"EntryPoint\",\"urlTemplate\":\"https:\/\/rioonwatch.org.br\/?s={search_term_string}\"},\"query-input\":{\"@type\":\"PropertyValueSpecification\",\"valueRequired\":true,\"valueName\":\"search_term_string\"}}],\"inLanguage\":\"pt-BR\"},{\"@type\":\"Organization\",\"@id\":\"https:\/\/rioonwatch.org.br\/#organization\",\"name\":\"RioOnWatch\",\"url\":\"https:\/\/rioonwatch.org.br\/\",\"logo\":{\"@type\":\"ImageObject\",\"inLanguage\":\"pt-BR\",\"@id\":\"https:\/\/rioonwatch.org.br\/#\/schema\/logo\/image\/\",\"url\":\"https:\/\/rioonwatch.org.br\/wp-content\/uploads\/2021\/06\/RioOnWatchcabecalhoPT11anos-2.png\",\"contentUrl\":\"https:\/\/rioonwatch.org.br\/wp-content\/uploads\/2021\/06\/RioOnWatchcabecalhoPT11anos-2.png\",\"width\":779,\"height\":277,\"caption\":\"RioOnWatch\"},\"image\":{\"@id\":\"https:\/\/rioonwatch.org.br\/#\/schema\/logo\/image\/\"}},{\"@type\":\"Person\",\"@id\":\"https:\/\/rioonwatch.org.br\/#\/schema\/person\/11d64c290506f9df50c71b850c473f68\",\"name\":\"Admin\",\"image\":{\"@type\":\"ImageObject\",\"inLanguage\":\"pt-BR\",\"@id\":\"https:\/\/rioonwatch.org.br\/#\/schema\/person\/image\/\",\"url\":\"https:\/\/secure.gravatar.com\/avatar\/56211ac74568383903349a1485e3c325?s=96&d=blank&r=g\",\"contentUrl\":\"https:\/\/secure.gravatar.com\/avatar\/56211ac74568383903349a1485e3c325?s=96&d=blank&r=g\",\"caption\":\"Admin\"},\"url\":\"https:\/\/rioonwatch.org.br\/?author=129\"}]}<\/script>\n<!-- \/ Yoast SEO plugin. -->","yoast_head_json":{"title":"T\u00e1ticas Ilegais Encobertas pela Pol\u00edcia Civil ao Atirar de Helic\u00f3ptero no Complexo da Mar\u00e9 - RioOnWatch","robots":{"index":"index","follow":"follow","max-snippet":"max-snippet:-1","max-image-preview":"max-image-preview:large","max-video-preview":"max-video-preview:-1"},"canonical":"https:\/\/rioonwatch.org.br\/?p=33873","og_locale":"pt_BR","og_type":"article","og_title":"T\u00e1ticas Ilegais Encobertas pela Pol\u00edcia Civil ao Atirar de Helic\u00f3ptero no Complexo da Mar\u00e9 - RioOnWatch","og_description":"Click Here for English Na segunda-feira, 11 de junho, \u00e0s 6:30hs, moradores do Complexo da Mar\u00e9 acordaram com estrondosas rajadas de alto calibre.\u00a0Um helic\u00f3ptero da pol\u00edcia dava rasantes sobre telhados nas favelas de Nova Holanda, [...]","og_url":"https:\/\/rioonwatch.org.br\/?p=33873","og_site_name":"RioOnWatch","article_published_time":"2018-06-13T19:15:06+00:00","article_modified_time":"2018-06-22T18:18:10+00:00","og_image":[{"width":1117,"height":629,"url":"https:\/\/rioonwatch.org.br\/wp-content\/uploads\/2018\/06\/Mare-1117x629.png","type":"image\/png"}],"author":"Admin","twitter_card":"summary_large_image","twitter_misc":{"Escrito por":"Admin","Est. tempo de leitura":"4 minutos"},"schema":{"@context":"https:\/\/schema.org","@graph":[{"@type":"Article","@id":"https:\/\/rioonwatch.org.br\/?p=33873#article","isPartOf":{"@id":"https:\/\/rioonwatch.org.br\/?p=33873"},"author":{"name":"Admin","@id":"https:\/\/rioonwatch.org.br\/#\/schema\/person\/11d64c290506f9df50c71b850c473f68"},"headline":"T\u00e1ticas Ilegais Encobertas pela Pol\u00edcia Civil ao Atirar de Helic\u00f3ptero no Complexo da Mar\u00e9","datePublished":"2018-06-13T19:15:06+00:00","dateModified":"2018-06-22T18:18:10+00:00","mainEntityOfPage":{"@id":"https:\/\/rioonwatch.org.br\/?p=33873"},"wordCount":733,"publisher":{"@id":"https:\/\/rioonwatch.org.br\/#organization"},"image":{"@id":"https:\/\/rioonwatch.org.br\/?p=33873#primaryimage"},"thumbnailUrl":"https:\/\/rioonwatch.org.br\/wp-content\/uploads\/2018\/06\/Mare.png","keywords":["#OQueDizemAsRedes","Avenida Brasil","caveir\u00e3o","Complexo da Mar\u00e9","Direitos Humanos","Mar\u00e9 Vive","m\u00eddia social","Nova Holanda","Parque Uni\u00e3o","Pol\u00edcia Civil","Redes da Mar\u00e9","Rubens Vaz","v\u00eddeo","viol\u00eancia policial","Zona Norte"],"articleSection":["*Destaque","Den\u00fancias","Escrito por Aliados"],"inLanguage":"pt-BR"},{"@type":"WebPage","@id":"https:\/\/rioonwatch.org.br\/?p=33873","url":"https:\/\/rioonwatch.org.br\/?p=33873","name":"T\u00e1ticas Ilegais Encobertas pela Pol\u00edcia Civil ao Atirar de Helic\u00f3ptero no Complexo da Mar\u00e9 - RioOnWatch","isPartOf":{"@id":"https:\/\/rioonwatch.org.br\/#website"},"primaryImageOfPage":{"@id":"https:\/\/rioonwatch.org.br\/?p=33873#primaryimage"},"image":{"@id":"https:\/\/rioonwatch.org.br\/?p=33873#primaryimage"},"thumbnailUrl":"https:\/\/rioonwatch.org.br\/wp-content\/uploads\/2018\/06\/Mare.png","datePublished":"2018-06-13T19:15:06+00:00","dateModified":"2018-06-22T18:18:10+00:00","breadcrumb":{"@id":"https:\/\/rioonwatch.org.br\/?p=33873#breadcrumb"},"inLanguage":"pt-BR","potentialAction":[{"@type":"ReadAction","target":["https:\/\/rioonwatch.org.br\/?p=33873"]}]},{"@type":"ImageObject","inLanguage":"pt-BR","@id":"https:\/\/rioonwatch.org.br\/?p=33873#primaryimage","url":"https:\/\/rioonwatch.org.br\/wp-content\/uploads\/2018\/06\/Mare.png","contentUrl":"https:\/\/rioonwatch.org.br\/wp-content\/uploads\/2018\/06\/Mare.png","width":2434,"height":1371},{"@type":"BreadcrumbList","@id":"https:\/\/rioonwatch.org.br\/?p=33873#breadcrumb","itemListElement":[{"@type":"ListItem","position":1,"name":"In\u00edcio","item":"https:\/\/rioonwatch.org.br\/"},{"@type":"ListItem","position":2,"name":"T\u00e1ticas Ilegais Encobertas pela Pol\u00edcia Civil ao Atirar de Helic\u00f3ptero no Complexo da Mar\u00e9"}]},{"@type":"WebSite","@id":"https:\/\/rioonwatch.org.br\/#website","url":"https:\/\/rioonwatch.org.br\/","name":"RioOnWatch","description":"relatos das favelas cariocas","publisher":{"@id":"https:\/\/rioonwatch.org.br\/#organization"},"potentialAction":[{"@type":"SearchAction","target":{"@type":"EntryPoint","urlTemplate":"https:\/\/rioonwatch.org.br\/?s={search_term_string}"},"query-input":{"@type":"PropertyValueSpecification","valueRequired":true,"valueName":"search_term_string"}}],"inLanguage":"pt-BR"},{"@type":"Organization","@id":"https:\/\/rioonwatch.org.br\/#organization","name":"RioOnWatch","url":"https:\/\/rioonwatch.org.br\/","logo":{"@type":"ImageObject","inLanguage":"pt-BR","@id":"https:\/\/rioonwatch.org.br\/#\/schema\/logo\/image\/","url":"https:\/\/rioonwatch.org.br\/wp-content\/uploads\/2021\/06\/RioOnWatchcabecalhoPT11anos-2.png","contentUrl":"https:\/\/rioonwatch.org.br\/wp-content\/uploads\/2021\/06\/RioOnWatchcabecalhoPT11anos-2.png","width":779,"height":277,"caption":"RioOnWatch"},"image":{"@id":"https:\/\/rioonwatch.org.br\/#\/schema\/logo\/image\/"}},{"@type":"Person","@id":"https:\/\/rioonwatch.org.br\/#\/schema\/person\/11d64c290506f9df50c71b850c473f68","name":"Admin","image":{"@type":"ImageObject","inLanguage":"pt-BR","@id":"https:\/\/rioonwatch.org.br\/#\/schema\/person\/image\/","url":"https:\/\/secure.gravatar.com\/avatar\/56211ac74568383903349a1485e3c325?s=96&d=blank&r=g","contentUrl":"https:\/\/secure.gravatar.com\/avatar\/56211ac74568383903349a1485e3c325?s=96&d=blank&r=g","caption":"Admin"},"url":"https:\/\/rioonwatch.org.br\/?author=129"}]}},"_links":{"self":[{"href":"https:\/\/rioonwatch.org.br\/index.php?rest_route=\/wp\/v2\/posts\/33873"}],"collection":[{"href":"https:\/\/rioonwatch.org.br\/index.php?rest_route=\/wp\/v2\/posts"}],"about":[{"href":"https:\/\/rioonwatch.org.br\/index.php?rest_route=\/wp\/v2\/types\/post"}],"author":[{"embeddable":true,"href":"https:\/\/rioonwatch.org.br\/index.php?rest_route=\/wp\/v2\/users\/129"}],"replies":[{"embeddable":true,"href":"https:\/\/rioonwatch.org.br\/index.php?rest_route=%2Fwp%2Fv2%2Fcomments&post=33873"}],"version-history":[{"count":14,"href":"https:\/\/rioonwatch.org.br\/index.php?rest_route=\/wp\/v2\/posts\/33873\/revisions"}],"predecessor-version":[{"id":33891,"href":"https:\/\/rioonwatch.org.br\/index.php?rest_route=\/wp\/v2\/posts\/33873\/revisions\/33891"}],"wp:featuredmedia":[{"embeddable":true,"href":"https:\/\/rioonwatch.org.br\/index.php?rest_route=\/wp\/v2\/media\/33876"}],"wp:attachment":[{"href":"https:\/\/rioonwatch.org.br\/index.php?rest_route=%2Fwp%2Fv2%2Fmedia&parent=33873"}],"wp:term":[{"taxonomy":"category","embeddable":true,"href":"https:\/\/rioonwatch.org.br\/index.php?rest_route=%2Fwp%2Fv2%2Fcategories&post=33873"},{"taxonomy":"post_tag","embeddable":true,"href":"https:\/\/rioonwatch.org.br\/index.php?rest_route=%2Fwp%2Fv2%2Ftags&post=33873"},{"taxonomy":"writer","embeddable":true,"href":"https:\/\/rioonwatch.org.br\/index.php?rest_route=%2Fwp%2Fv2%2Fwriter&post=33873"},{"taxonomy":"translator","embeddable":true,"href":"https:\/\/rioonwatch.org.br\/index.php?rest_route=%2Fwp%2Fv2%2Ftranslator&post=33873"},{"taxonomy":"source","embeddable":true,"href":"https:\/\/rioonwatch.org.br\/index.php?rest_route=%2Fwp%2Fv2%2Fsource&post=33873"},{"taxonomy":"ilustrador","embeddable":true,"href":"https:\/\/rioonwatch.org.br\/index.php?rest_route=%2Fwp%2Fv2%2Filustrador&post=33873"},{"taxonomy":"fotografo","embeddable":true,"href":"https:\/\/rioonwatch.org.br\/index.php?rest_route=%2Fwp%2Fv2%2Ffotografo&post=33873"}],"curies":[{"name":"wp","href":"https:\/\/api.w.org\/{rel}","templated":true}]}}