{"id":34022,"date":"2018-06-21T09:52:47","date_gmt":"2018-06-21T12:52:47","guid":{"rendered":"http:\/\/rioonwatch.org.br\/?p=34022"},"modified":"2024-06-20T16:18:05","modified_gmt":"2024-06-20T19:18:05","slug":"campanha-para-a-declaracao-das-favelas-como-patrimonio-da-humanidade-pela-unesco-video","status":"publish","type":"post","link":"https:\/\/rioonwatch.org.br\/?p=34022","title":{"rendered":"Campanha Busca Declara\u00e7\u00e3o das Favelas como Patrim\u00f4nio da Humanidade pela UNESCO [V\u00cdDEO]"},"content":{"rendered":"<p style=\"text-align: right;\"><em><strong><a href=\"http:\/\/bit.ly\/2tx0mDf\" target=\"_blank\" rel=\"noopener noreferrer\">Click Here for English<img decoding=\"async\" width=\"20\" height=\"20\" class=\"alignright wp-image-15790\" src=\"http:\/\/rioonwatch.org.br\/wp-content\/uploads\/2012\/08\/EN-standard-e1439583104716.jpg\" \/><\/a><\/strong><\/em><\/p>\n<p>A organiza\u00e7\u00e3o <a href=\"http:\/\/bit.ly\/2eHw5tO\" target=\"_blank\" rel=\"noopener\">TETO<\/a> nasceu no Chile como TECHO, mas j\u00e1 atua em 19 pa\u00edses na Am\u00e9rica Latina, inclusive no Brasil, em mais de 100 comunidades em quatro regi\u00f5es metropolitanas. Para al\u00e9m da constru\u00e7\u00e3o de casas emergenciais, o TETO tamb\u00e9m busca apoiar o desenvolvimento comunit\u00e1rio e incidir nas pol\u00edticas que atingem as favelas. Nesse sentido, a ONG est\u00e1 com uma <a href=\"http:\/\/bit.ly\/2K8RtWW\" target=\"_blank\" rel=\"noopener\">campanha<\/a> para que as favelas sejam declaradas patrim\u00f4nio da humanidade pela <a href=\"http:\/\/bit.ly\/2K4wOa6\" target=\"_blank\" rel=\"noopener\">UNESCO<\/a>. O argumento central \u00e9 de que, apesar do estigma, as favelas s\u00e3o lugares \u00fanicos e preenchem os <a href=\"http:\/\/bit.ly\/2tdl3nj\" target=\"_blank\" rel=\"noopener\">crit\u00e9rios estabelecidos pela institui\u00e7\u00e3o<\/a>.<\/p>\n<p>Esses pr\u00e9 requisitos incluem, por exemplo, ser \u201cum tipo de edif\u00edcio ou conjunto arquitet\u00f4nico\u2026 que ilustre significativos est\u00e1gios da hist\u00f3ria humana\u201d, o que podemos argumentar que as favelas cumprem este requisito, por serem express\u00e3o de uma urbaniza\u00e7\u00e3o acelerada e manifesta\u00e7\u00e3o m\u00e1xima da desigualdade contempor\u00e2nea. Tamb\u00e9m incluem \u201crepresentar uma obra-prima do g\u00eanio criativo humano\u201d, neste caso as favelas preenchem pela criatividade na constru\u00e7\u00e3o das casas, e \u201cmostrar um interc\u00e2mbio importante de valores humanos\u2026 no desenvolvimento da arquitetura\u2026 do planejamento urbano, ou do desenho de paisagem\u201d, que cumprem pelo car\u00e1ter colaborativo das constru\u00e7\u00f5es via mutir\u00e3o e pelo espa\u00e7o de sociabilidade e integra\u00e7\u00e3o que representam. \u00c9 poss\u00edvel alegar ainda que as favelas cumprem inclusive crit\u00e9rios est\u00e9ticos, devido \u00e0 composi\u00e7\u00e3o visual que formam e as suas vistas privilegiadas. Para ser declarado patrim\u00f4nio, basta preencher um dos 10 pr\u00e9-requisitos.<\/p>\n<p>&#8220;Nos assentamentos populares e favelas h\u00e1 a evid\u00eancia mais clara da busca por sobreviv\u00eancia na Am\u00e9rica Latina, come\u00e7ando no trabalho colaborativo e organizado dos moradores e moradoras. Um testemunho que se expressa na resist\u00eancia a viola\u00e7\u00e3o permanente dos direitos humanos e no esfor\u00e7o constante das pessoas que vivem l\u00e1 para construir suas pr\u00f3prias respostas e solu\u00e7\u00f5es. Tudo isso constitui um patrim\u00f4nio que, como sociedade, temos que reconhecer e preservar&#8221;, coloca\u00a0Juan Pablo Duhalde, Diretor das \u00c1reas Sociais do TECHO Internacional.<\/p>\n<p>No Rio, n\u00e3o s\u00f3 o Cais do Valongo \u00e9 considerado patrim\u00f4nio mundial, mas &#8220;<a href=\"http:\/\/bit.ly\/2K8oVke\" target=\"_blank\" rel=\"noopener\">entre a montanha e o mar<\/a>,&#8221; o Rio foi a\u00a0<a href=\"https:\/\/glo.bo\/2JRmGhR\" target=\"_blank\" rel=\"noopener\">primeira paisagem cultural urbana declarada Patrim\u00f4nio Mundial<\/a>. Na candidatura da cidade apresentada \u00e0 UNESCO pelo <a href=\"http:\/\/bit.ly\/2MBXxt9\" target=\"_blank\" rel=\"noopener\">IPHAN<\/a>, foram exaltados elementos como o P\u00e3o de A\u00e7\u00facar, o Corcovado, a <a href=\"http:\/\/bit.ly\/1CGbQBS\" target=\"_blank\" rel=\"noopener\">Floresta da Tijuca<\/a>, o Aterro do Flamengo, o <a href=\"http:\/\/bit.ly\/1UfSVGa\" target=\"_blank\" rel=\"noopener\">Jardim Bot\u00e2nico<\/a>, a praia de Copacabana e a entrada da <a href=\"http:\/\/bit.ly\/1i8xoT1\" target=\"_blank\" rel=\"noopener\">Ba\u00eda da Guanabara<\/a>.\u00a0As favelas n\u00e3o s\u00e3o mencionadas, ainda que componham a paisagem da \u00e1rea delimitada, que come\u00e7a em\u00a0<a href=\"http:\/\/bit.ly\/1H6bGrX\" target=\"_blank\" rel=\"noopener\">Copacabana<\/a>\u00a0e atravessa a Ba\u00eda de Guanabara. Raquel Rolnik, relatora especial da ONU para o direito \u00e0 moradia adequada, <a href=\"http:\/\/bit.ly\/2BMbXlp\" target=\"_blank\" rel=\"noopener\">declarou na ocasi\u00e3o que as favelas\u00a0eram uma parte integral desse status de patrim\u00f4nio<\/a>:<\/p>\n<blockquote><p>Nada mais forte nesta paisagem que a presen\u00e7a das favelas, espa\u00e7o de autoprodu\u00e7\u00e3o da vida cotidiana de milhares de cariocas e migrantes, que, na conting\u00eancia de uma cidade que os excluiu e diante da absoluta precariedade dos meios, constru\u00edram um espa\u00e7o de resist\u00eancia e inser\u00e7\u00e3o, contradit\u00f3rio e complexo como \u00e9 sua rela\u00e7\u00e3o com a cidade. Agora este lugar est\u00e1 protegido&#8211;internacionalmente&#8211;e sua geografia de puxadinhos e pequenos lotes deve ser inscrita e consolidada em uma legisla\u00e7\u00e3o que reconhe\u00e7a direitos, protegendo o lugar da arbitrariedade de remo\u00e7\u00f5es e projetos factoides.<\/p><\/blockquote>\n<p><a href=\"http:\/\/rioonwatch.org.br\/wp-content\/uploads\/2018\/06\/valongo.jpg\"><img fetchpriority=\"high\" decoding=\"async\" class=\"aligncenter wp-image-34040 size-content\" title=\"Cais do Valongo, patrim\u00f4nio da humanidade.\" src=\"http:\/\/rioonwatch.org.br\/wp-content\/uploads\/2018\/06\/valongo-620x264.jpg\" alt=\"\" width=\"620\" height=\"264\" srcset=\"https:\/\/rioonwatch.org.br\/wp-content\/uploads\/2018\/06\/valongo-620x264.jpg 620w, https:\/\/rioonwatch.org.br\/wp-content\/uploads\/2018\/06\/valongo-940x400.jpg 940w\" sizes=\"(max-width: 620px) 100vw, 620px\" \/><\/a><\/p>\n<p>A partir da campanha e das assinaturas, os organizadores pretendem ganhar visibilidade suficiente para incidir sobre o debate que ocorrer\u00e1 na <a href=\"http:\/\/bit.ly\/2Kc0Dpe\" target=\"_blank\" rel=\"noopener\">reuni\u00e3o da UNESCO do dia 24 junho<\/a>, na qual novos nomes ser\u00e3o adicionados \u00e0 lista. O Brasil, inclusive, integra esse ano o comit\u00ea de 13 pa\u00edses respons\u00e1veis pela escolha. &#8220;O objetivo principal \u00e9 dar visibilidade aos assentamentos populares e favelas da Am\u00e9rica Latina, e fazer com que o p\u00fablico se involva com essa realidade. A candidatura \u00e9 s\u00f3 um mecanismo para consegu\u00ed-lo&#8221;, explica Camilo S\u00e1nchez, Chefe de Campanhas do TECHO Internacional. A organiza\u00e7\u00e3o acredita que o t\u00edtulo pode contribuir para o reconhecimento da realidade das favelas e para uma maior vontade pol\u00edtica de governos e disposi\u00e7\u00e3o de indiv\u00edduos para trabalhar com os moradores com o objetivo de trazer melhorias para o territ\u00f3rio.<\/p>\n<p>Al\u00e9m disso, o status de patrim\u00f4nio traz consigo a responsabilidade de preserva\u00e7\u00e3o. A organiza\u00e7\u00e3o prop\u00f5e que sejam conservados o esfor\u00e7o, a capacidade e o potencial dos moradores de favela, ao mesmo tempo que a realidade possa ser transformadas positivamente por e para eles.<\/p>\n<h3>Assine a peti\u00e7\u00e3o <a href=\"http:\/\/bit.ly\/2K8RtWW\" target=\"_blank\" rel=\"noopener\">aqui<\/a>.<\/h3>\n<h3>Assista o v\u00eddeo da campanha (em espanhol):<\/h3>\n<p><iframe src=\"https:\/\/www.youtube.com\/embed\/dZ5-rAE8ESA\" width=\"629\" height=\"349\" frameborder=\"0\" allowfullscreen=\"allowfullscreen\"><span data-mce-type=\"bookmark\" style=\"display: inline-block; width: 0px; overflow: hidden; line-height: 0;\" class=\"mce_SELRES_start\">\ufeff<\/span><\/iframe><\/p>\n<!-- AddThis Advanced Settings generic via filter on the_content --><!-- AddThis Share Buttons generic via filter on the_content -->","protected":false},"excerpt":{"rendered":"<div class=\"mh-excerpt\"><p>Click Here for English A organiza\u00e7\u00e3o TETO nasceu no Chile como TECHO, mas j\u00e1 atua em 19 pa\u00edses na Am\u00e9rica Latina, inclusive no Brasil, em mais de 100 comunidades em quatro regi\u00f5es metropolitanas. Para al\u00e9m <a class=\"mh-excerpt-more\" href=\"https:\/\/rioonwatch.org.br\/?p=34022\" title=\"Campanha Busca Declara\u00e7\u00e3o das Favelas como Patrim\u00f4nio da Humanidade pela UNESCO [V\u00cdDEO]\">[&#8230;]<\/a><!-- AddThis Advanced Settings generic via filter on get_the_excerpt --><!-- AddThis Share Buttons generic via filter on get_the_excerpt --><\/p>\n<\/div>","protected":false},"author":152,"featured_media":34041,"comment_status":"closed","ping_status":"closed","sticky":false,"template":"","format":"standard","meta":{"_acf_changed":false,"_monsterinsights_skip_tracking":false,"_monsterinsights_sitenote_active":false,"_monsterinsights_sitenote_note":"","_monsterinsights_sitenote_category":0,"footnotes":""},"categories":[2323,1621,1615,345,1388,1616,342,1638],"tags":[386,1102,1104,804,1693,931,421,2026,1307,2280,276,434,2072,2389,476,2025,2287],"writer":[1994],"translator":[],"source":[],"ilustrador":[],"fotografo":[],"class_list":{"0":"post-34022","1":"post","2":"type-post","3":"status-publish","4":"format-standard","5":"has-post-thumbnail","7":"category-urbanismopopular","8":"category-destaque","9":"category-cultura-da-favela","10":"category-favela-e","11":"category-formas-de-apoiar","12":"category-qualidades-da-favela","13":"category-solucoes","14":"category-video","15":"tag-estigma","16":"tag-arquitetura-da-favela","17":"tag-arquitetura-organica","18":"tag-baia-da-guanabara","19":"tag-cais-do-valongo","20":"tag-copacabana","21":"tag-cultura-da-favela","22":"tag-favela-e-solucao","23":"tag-inclusao","24":"tag-iphan","25":"tag-mutirao","26":"tag-patrimonio-da-humanidade","27":"tag-qualidades-da-informalidade","28":"tag-raquel-rolnik","29":"tag-solucao-comunitaria","30":"tag-teto","31":"tag-unesco","32":"writer-luisa-fenizola"},"acf":[],"yoast_head":"<!-- This site is optimized with the Yoast SEO plugin v25.6 - https:\/\/yoast.com\/wordpress\/plugins\/seo\/ -->\n<title>Campanha Busca Declara\u00e7\u00e3o das Favelas como Patrim\u00f4nio da Humanidade pela UNESCO [V\u00cdDEO] - RioOnWatch<\/title>\n<meta name=\"robots\" content=\"index, follow, max-snippet:-1, max-image-preview:large, max-video-preview:-1\" \/>\n<link rel=\"canonical\" href=\"https:\/\/rioonwatch.org.br\/?p=34022\" \/>\n<meta property=\"og:locale\" content=\"pt_BR\" \/>\n<meta property=\"og:type\" content=\"article\" \/>\n<meta property=\"og:title\" content=\"Campanha Busca Declara\u00e7\u00e3o das Favelas como Patrim\u00f4nio da Humanidade pela UNESCO [V\u00cdDEO] - RioOnWatch\" \/>\n<meta property=\"og:description\" content=\"Click Here for English A organiza\u00e7\u00e3o TETO nasceu no Chile como TECHO, mas j\u00e1 atua em 19 pa\u00edses na Am\u00e9rica Latina, inclusive no Brasil, em mais de 100 comunidades em quatro regi\u00f5es metropolitanas. Para al\u00e9m [...]\" \/>\n<meta property=\"og:url\" content=\"https:\/\/rioonwatch.org.br\/?p=34022\" \/>\n<meta property=\"og:site_name\" content=\"RioOnWatch\" \/>\n<meta property=\"article:published_time\" content=\"2018-06-21T12:52:47+00:00\" \/>\n<meta property=\"article:modified_time\" content=\"2024-06-20T19:18:05+00:00\" \/>\n<meta property=\"og:image\" content=\"https:\/\/rioonwatch.org.br\/wp-content\/uploads\/2018\/06\/Olaria-152-1068x712.jpg\" \/>\n\t<meta property=\"og:image:width\" content=\"1068\" \/>\n\t<meta property=\"og:image:height\" content=\"712\" \/>\n\t<meta property=\"og:image:type\" content=\"image\/jpeg\" \/>\n<meta name=\"author\" content=\"Luisa Fenizola\" \/>\n<meta name=\"twitter:card\" content=\"summary_large_image\" \/>\n<meta name=\"twitter:label1\" content=\"Escrito por\" \/>\n\t<meta name=\"twitter:data1\" content=\"Luisa Fenizola\" \/>\n\t<meta name=\"twitter:label2\" content=\"Est. tempo de leitura\" \/>\n\t<meta name=\"twitter:data2\" content=\"4 minutos\" \/>\n<script type=\"application\/ld+json\" class=\"yoast-schema-graph\">{\"@context\":\"https:\/\/schema.org\",\"@graph\":[{\"@type\":\"Article\",\"@id\":\"https:\/\/rioonwatch.org.br\/?p=34022#article\",\"isPartOf\":{\"@id\":\"https:\/\/rioonwatch.org.br\/?p=34022\"},\"author\":{\"name\":\"Luisa Fenizola\",\"@id\":\"https:\/\/rioonwatch.org.br\/#\/schema\/person\/f443c6b55bb6e80842280318076491c5\"},\"headline\":\"Campanha Busca Declara\u00e7\u00e3o das Favelas como Patrim\u00f4nio da Humanidade pela UNESCO [V\u00cdDEO]\",\"datePublished\":\"2018-06-21T12:52:47+00:00\",\"dateModified\":\"2024-06-20T19:18:05+00:00\",\"mainEntityOfPage\":{\"@id\":\"https:\/\/rioonwatch.org.br\/?p=34022\"},\"wordCount\":800,\"publisher\":{\"@id\":\"https:\/\/rioonwatch.org.br\/#organization\"},\"image\":{\"@id\":\"https:\/\/rioonwatch.org.br\/?p=34022#primaryimage\"},\"thumbnailUrl\":\"https:\/\/rioonwatch.org.br\/wp-content\/uploads\/2018\/06\/Olaria-152-1068x712.jpg\",\"keywords\":[\"#StopFavelaStigma\",\"arquitetura da favela\",\"arquitetura org\u00e2nica\",\"Ba\u00eda da Guanabara\",\"Cais do Valongo\",\"Copacabana\",\"cultura da favela\",\"Favela \u00e9 solu\u00e7\u00e3o\",\"inclus\u00e3o\",\"IPHAN\",\"mutir\u00e3o\",\"Patrim\u00f4nio da Humanidade\",\"qualidades da informalidade\",\"Raquel Rolnik\",\"solu\u00e7\u00e3o comunit\u00e1ria\",\"TETO\",\"UNESCO\"],\"articleSection\":[\"#UrbanismoPopular\",\"*Destaque\",\"Cultura da Favela\",\"Favela \u00e9\",\"Formas de Apoiar\",\"Qualidades da Favela\",\"Solu\u00e7\u00f5es\",\"V\u00eddeo\"],\"inLanguage\":\"pt-BR\"},{\"@type\":\"WebPage\",\"@id\":\"https:\/\/rioonwatch.org.br\/?p=34022\",\"url\":\"https:\/\/rioonwatch.org.br\/?p=34022\",\"name\":\"Campanha Busca Declara\u00e7\u00e3o das Favelas como Patrim\u00f4nio da Humanidade pela UNESCO [V\u00cdDEO] - RioOnWatch\",\"isPartOf\":{\"@id\":\"https:\/\/rioonwatch.org.br\/#website\"},\"primaryImageOfPage\":{\"@id\":\"https:\/\/rioonwatch.org.br\/?p=34022#primaryimage\"},\"image\":{\"@id\":\"https:\/\/rioonwatch.org.br\/?p=34022#primaryimage\"},\"thumbnailUrl\":\"https:\/\/rioonwatch.org.br\/wp-content\/uploads\/2018\/06\/Olaria-152-1068x712.jpg\",\"datePublished\":\"2018-06-21T12:52:47+00:00\",\"dateModified\":\"2024-06-20T19:18:05+00:00\",\"breadcrumb\":{\"@id\":\"https:\/\/rioonwatch.org.br\/?p=34022#breadcrumb\"},\"inLanguage\":\"pt-BR\",\"potentialAction\":[{\"@type\":\"ReadAction\",\"target\":[\"https:\/\/rioonwatch.org.br\/?p=34022\"]}]},{\"@type\":\"ImageObject\",\"inLanguage\":\"pt-BR\",\"@id\":\"https:\/\/rioonwatch.org.br\/?p=34022#primaryimage\",\"url\":\"https:\/\/rioonwatch.org.br\/wp-content\/uploads\/2018\/06\/Olaria-152-1068x712.jpg\",\"contentUrl\":\"https:\/\/rioonwatch.org.br\/wp-content\/uploads\/2018\/06\/Olaria-152-1068x712.jpg\",\"width\":1068,\"height\":712},{\"@type\":\"BreadcrumbList\",\"@id\":\"https:\/\/rioonwatch.org.br\/?p=34022#breadcrumb\",\"itemListElement\":[{\"@type\":\"ListItem\",\"position\":1,\"name\":\"In\u00edcio\",\"item\":\"https:\/\/rioonwatch.org.br\/\"},{\"@type\":\"ListItem\",\"position\":2,\"name\":\"Campanha Busca Declara\u00e7\u00e3o das Favelas como Patrim\u00f4nio da Humanidade pela UNESCO [V\u00cdDEO]\"}]},{\"@type\":\"WebSite\",\"@id\":\"https:\/\/rioonwatch.org.br\/#website\",\"url\":\"https:\/\/rioonwatch.org.br\/\",\"name\":\"RioOnWatch\",\"description\":\"relatos das favelas cariocas\",\"publisher\":{\"@id\":\"https:\/\/rioonwatch.org.br\/#organization\"},\"potentialAction\":[{\"@type\":\"SearchAction\",\"target\":{\"@type\":\"EntryPoint\",\"urlTemplate\":\"https:\/\/rioonwatch.org.br\/?s={search_term_string}\"},\"query-input\":{\"@type\":\"PropertyValueSpecification\",\"valueRequired\":true,\"valueName\":\"search_term_string\"}}],\"inLanguage\":\"pt-BR\"},{\"@type\":\"Organization\",\"@id\":\"https:\/\/rioonwatch.org.br\/#organization\",\"name\":\"RioOnWatch\",\"url\":\"https:\/\/rioonwatch.org.br\/\",\"logo\":{\"@type\":\"ImageObject\",\"inLanguage\":\"pt-BR\",\"@id\":\"https:\/\/rioonwatch.org.br\/#\/schema\/logo\/image\/\",\"url\":\"https:\/\/rioonwatch.org.br\/wp-content\/uploads\/2021\/06\/RioOnWatchcabecalhoPT11anos-2.png\",\"contentUrl\":\"https:\/\/rioonwatch.org.br\/wp-content\/uploads\/2021\/06\/RioOnWatchcabecalhoPT11anos-2.png\",\"width\":779,\"height\":277,\"caption\":\"RioOnWatch\"},\"image\":{\"@id\":\"https:\/\/rioonwatch.org.br\/#\/schema\/logo\/image\/\"}},{\"@type\":\"Person\",\"@id\":\"https:\/\/rioonwatch.org.br\/#\/schema\/person\/f443c6b55bb6e80842280318076491c5\",\"name\":\"Luisa Fenizola\",\"image\":{\"@type\":\"ImageObject\",\"inLanguage\":\"pt-BR\",\"@id\":\"https:\/\/rioonwatch.org.br\/#\/schema\/person\/image\/\",\"url\":\"https:\/\/secure.gravatar.com\/avatar\/a3d551110162b9f876cbbdaaecf75663?s=96&d=blank&r=g\",\"contentUrl\":\"https:\/\/secure.gravatar.com\/avatar\/a3d551110162b9f876cbbdaaecf75663?s=96&d=blank&r=g\",\"caption\":\"Luisa Fenizola\"},\"url\":\"https:\/\/rioonwatch.org.br\/?author=152\"}]}<\/script>\n<!-- \/ Yoast SEO plugin. -->","yoast_head_json":{"title":"Campanha Busca Declara\u00e7\u00e3o das Favelas como Patrim\u00f4nio da Humanidade pela UNESCO [V\u00cdDEO] - RioOnWatch","robots":{"index":"index","follow":"follow","max-snippet":"max-snippet:-1","max-image-preview":"max-image-preview:large","max-video-preview":"max-video-preview:-1"},"canonical":"https:\/\/rioonwatch.org.br\/?p=34022","og_locale":"pt_BR","og_type":"article","og_title":"Campanha Busca Declara\u00e7\u00e3o das Favelas como Patrim\u00f4nio da Humanidade pela UNESCO [V\u00cdDEO] - RioOnWatch","og_description":"Click Here for English A organiza\u00e7\u00e3o TETO nasceu no Chile como TECHO, mas j\u00e1 atua em 19 pa\u00edses na Am\u00e9rica Latina, inclusive no Brasil, em mais de 100 comunidades em quatro regi\u00f5es metropolitanas. Para al\u00e9m [...]","og_url":"https:\/\/rioonwatch.org.br\/?p=34022","og_site_name":"RioOnWatch","article_published_time":"2018-06-21T12:52:47+00:00","article_modified_time":"2024-06-20T19:18:05+00:00","og_image":[{"width":1068,"height":712,"url":"https:\/\/rioonwatch.org.br\/wp-content\/uploads\/2018\/06\/Olaria-152-1068x712.jpg","type":"image\/jpeg"}],"author":"Luisa Fenizola","twitter_card":"summary_large_image","twitter_misc":{"Escrito por":"Luisa Fenizola","Est. tempo de leitura":"4 minutos"},"schema":{"@context":"https:\/\/schema.org","@graph":[{"@type":"Article","@id":"https:\/\/rioonwatch.org.br\/?p=34022#article","isPartOf":{"@id":"https:\/\/rioonwatch.org.br\/?p=34022"},"author":{"name":"Luisa Fenizola","@id":"https:\/\/rioonwatch.org.br\/#\/schema\/person\/f443c6b55bb6e80842280318076491c5"},"headline":"Campanha Busca Declara\u00e7\u00e3o das Favelas como Patrim\u00f4nio da Humanidade pela UNESCO [V\u00cdDEO]","datePublished":"2018-06-21T12:52:47+00:00","dateModified":"2024-06-20T19:18:05+00:00","mainEntityOfPage":{"@id":"https:\/\/rioonwatch.org.br\/?p=34022"},"wordCount":800,"publisher":{"@id":"https:\/\/rioonwatch.org.br\/#organization"},"image":{"@id":"https:\/\/rioonwatch.org.br\/?p=34022#primaryimage"},"thumbnailUrl":"https:\/\/rioonwatch.org.br\/wp-content\/uploads\/2018\/06\/Olaria-152-1068x712.jpg","keywords":["#StopFavelaStigma","arquitetura da favela","arquitetura org\u00e2nica","Ba\u00eda da Guanabara","Cais do Valongo","Copacabana","cultura da favela","Favela \u00e9 solu\u00e7\u00e3o","inclus\u00e3o","IPHAN","mutir\u00e3o","Patrim\u00f4nio da Humanidade","qualidades da informalidade","Raquel Rolnik","solu\u00e7\u00e3o comunit\u00e1ria","TETO","UNESCO"],"articleSection":["#UrbanismoPopular","*Destaque","Cultura da Favela","Favela \u00e9","Formas de Apoiar","Qualidades da Favela","Solu\u00e7\u00f5es","V\u00eddeo"],"inLanguage":"pt-BR"},{"@type":"WebPage","@id":"https:\/\/rioonwatch.org.br\/?p=34022","url":"https:\/\/rioonwatch.org.br\/?p=34022","name":"Campanha Busca Declara\u00e7\u00e3o das Favelas como Patrim\u00f4nio da Humanidade pela UNESCO [V\u00cdDEO] - RioOnWatch","isPartOf":{"@id":"https:\/\/rioonwatch.org.br\/#website"},"primaryImageOfPage":{"@id":"https:\/\/rioonwatch.org.br\/?p=34022#primaryimage"},"image":{"@id":"https:\/\/rioonwatch.org.br\/?p=34022#primaryimage"},"thumbnailUrl":"https:\/\/rioonwatch.org.br\/wp-content\/uploads\/2018\/06\/Olaria-152-1068x712.jpg","datePublished":"2018-06-21T12:52:47+00:00","dateModified":"2024-06-20T19:18:05+00:00","breadcrumb":{"@id":"https:\/\/rioonwatch.org.br\/?p=34022#breadcrumb"},"inLanguage":"pt-BR","potentialAction":[{"@type":"ReadAction","target":["https:\/\/rioonwatch.org.br\/?p=34022"]}]},{"@type":"ImageObject","inLanguage":"pt-BR","@id":"https:\/\/rioonwatch.org.br\/?p=34022#primaryimage","url":"https:\/\/rioonwatch.org.br\/wp-content\/uploads\/2018\/06\/Olaria-152-1068x712.jpg","contentUrl":"https:\/\/rioonwatch.org.br\/wp-content\/uploads\/2018\/06\/Olaria-152-1068x712.jpg","width":1068,"height":712},{"@type":"BreadcrumbList","@id":"https:\/\/rioonwatch.org.br\/?p=34022#breadcrumb","itemListElement":[{"@type":"ListItem","position":1,"name":"In\u00edcio","item":"https:\/\/rioonwatch.org.br\/"},{"@type":"ListItem","position":2,"name":"Campanha Busca Declara\u00e7\u00e3o das Favelas como Patrim\u00f4nio da Humanidade pela UNESCO [V\u00cdDEO]"}]},{"@type":"WebSite","@id":"https:\/\/rioonwatch.org.br\/#website","url":"https:\/\/rioonwatch.org.br\/","name":"RioOnWatch","description":"relatos das favelas cariocas","publisher":{"@id":"https:\/\/rioonwatch.org.br\/#organization"},"potentialAction":[{"@type":"SearchAction","target":{"@type":"EntryPoint","urlTemplate":"https:\/\/rioonwatch.org.br\/?s={search_term_string}"},"query-input":{"@type":"PropertyValueSpecification","valueRequired":true,"valueName":"search_term_string"}}],"inLanguage":"pt-BR"},{"@type":"Organization","@id":"https:\/\/rioonwatch.org.br\/#organization","name":"RioOnWatch","url":"https:\/\/rioonwatch.org.br\/","logo":{"@type":"ImageObject","inLanguage":"pt-BR","@id":"https:\/\/rioonwatch.org.br\/#\/schema\/logo\/image\/","url":"https:\/\/rioonwatch.org.br\/wp-content\/uploads\/2021\/06\/RioOnWatchcabecalhoPT11anos-2.png","contentUrl":"https:\/\/rioonwatch.org.br\/wp-content\/uploads\/2021\/06\/RioOnWatchcabecalhoPT11anos-2.png","width":779,"height":277,"caption":"RioOnWatch"},"image":{"@id":"https:\/\/rioonwatch.org.br\/#\/schema\/logo\/image\/"}},{"@type":"Person","@id":"https:\/\/rioonwatch.org.br\/#\/schema\/person\/f443c6b55bb6e80842280318076491c5","name":"Luisa Fenizola","image":{"@type":"ImageObject","inLanguage":"pt-BR","@id":"https:\/\/rioonwatch.org.br\/#\/schema\/person\/image\/","url":"https:\/\/secure.gravatar.com\/avatar\/a3d551110162b9f876cbbdaaecf75663?s=96&d=blank&r=g","contentUrl":"https:\/\/secure.gravatar.com\/avatar\/a3d551110162b9f876cbbdaaecf75663?s=96&d=blank&r=g","caption":"Luisa Fenizola"},"url":"https:\/\/rioonwatch.org.br\/?author=152"}]}},"_links":{"self":[{"href":"https:\/\/rioonwatch.org.br\/index.php?rest_route=\/wp\/v2\/posts\/34022"}],"collection":[{"href":"https:\/\/rioonwatch.org.br\/index.php?rest_route=\/wp\/v2\/posts"}],"about":[{"href":"https:\/\/rioonwatch.org.br\/index.php?rest_route=\/wp\/v2\/types\/post"}],"author":[{"embeddable":true,"href":"https:\/\/rioonwatch.org.br\/index.php?rest_route=\/wp\/v2\/users\/152"}],"replies":[{"embeddable":true,"href":"https:\/\/rioonwatch.org.br\/index.php?rest_route=%2Fwp%2Fv2%2Fcomments&post=34022"}],"version-history":[{"count":24,"href":"https:\/\/rioonwatch.org.br\/index.php?rest_route=\/wp\/v2\/posts\/34022\/revisions"}],"predecessor-version":[{"id":34232,"href":"https:\/\/rioonwatch.org.br\/index.php?rest_route=\/wp\/v2\/posts\/34022\/revisions\/34232"}],"wp:featuredmedia":[{"embeddable":true,"href":"https:\/\/rioonwatch.org.br\/index.php?rest_route=\/wp\/v2\/media\/34041"}],"wp:attachment":[{"href":"https:\/\/rioonwatch.org.br\/index.php?rest_route=%2Fwp%2Fv2%2Fmedia&parent=34022"}],"wp:term":[{"taxonomy":"category","embeddable":true,"href":"https:\/\/rioonwatch.org.br\/index.php?rest_route=%2Fwp%2Fv2%2Fcategories&post=34022"},{"taxonomy":"post_tag","embeddable":true,"href":"https:\/\/rioonwatch.org.br\/index.php?rest_route=%2Fwp%2Fv2%2Ftags&post=34022"},{"taxonomy":"writer","embeddable":true,"href":"https:\/\/rioonwatch.org.br\/index.php?rest_route=%2Fwp%2Fv2%2Fwriter&post=34022"},{"taxonomy":"translator","embeddable":true,"href":"https:\/\/rioonwatch.org.br\/index.php?rest_route=%2Fwp%2Fv2%2Ftranslator&post=34022"},{"taxonomy":"source","embeddable":true,"href":"https:\/\/rioonwatch.org.br\/index.php?rest_route=%2Fwp%2Fv2%2Fsource&post=34022"},{"taxonomy":"ilustrador","embeddable":true,"href":"https:\/\/rioonwatch.org.br\/index.php?rest_route=%2Fwp%2Fv2%2Filustrador&post=34022"},{"taxonomy":"fotografo","embeddable":true,"href":"https:\/\/rioonwatch.org.br\/index.php?rest_route=%2Fwp%2Fv2%2Ffotografo&post=34022"}],"curies":[{"name":"wp","href":"https:\/\/api.w.org\/{rel}","templated":true}]}}