{"id":34025,"date":"2018-07-03T09:34:51","date_gmt":"2018-07-03T12:34:51","guid":{"rendered":"http:\/\/rioonwatch.org.br\/?p=34025"},"modified":"2018-07-19T11:15:01","modified_gmt":"2018-07-19T14:15:01","slug":"o-voto-mais-barato-do-mercado-parte-1-entrevista","status":"publish","type":"post","link":"https:\/\/rioonwatch.org.br\/?p=34025","title":{"rendered":"O Voto Mais Barato do Mercado: Conversa com Andr\u00e9 Luiz Lima de Manguinhos, Parte 1 [ENTREVISTA]"},"content":{"rendered":"<p style=\"text-align: right;\"><em><strong><a href=\"http:\/\/bit.ly\/2ukoSbI\" target=\"_blank\" rel=\"noopener noreferrer\">Click Here for English<img decoding=\"async\" width=\"20\" height=\"20\" class=\"alignright wp-image-15790\" src=\"http:\/\/rioonwatch.org.br\/wp-content\/uploads\/2012\/08\/EN-standard-e1439583104716.jpg\" \/><\/a><\/strong><\/em><\/p>\n<p><em>Esta \u00e9 a primeira mat\u00e9ria de uma s\u00e9rie de duas partes, de uma entrevista produzida pela m\u00eddia comunit\u00e1ria Fala Manguinhos! sobre as elei\u00e7\u00f5es. Leia a segunda parte <a href=\"http:\/\/bit.ly\/2KuLSyR\" target=\"_blank\" rel=\"noopener\">aqui<\/a>.<\/em><\/p>\n<p>A cada dois anos as favelas se tornam palcos de disputas e aten\u00e7\u00e3o para pol\u00edticos fluminenses de \u00e2mbito municipal ou estadual. Embora entre uma elei\u00e7\u00e3o e outra nossas favelas permane\u00e7am precisando de aten\u00e7\u00e3o nos velhos e conhecidos dilemas sociais (como sa\u00fade, educa\u00e7\u00e3o, moradia, <a href=\"http:\/\/bit.ly\/2qjMScT\" target=\"_blank\" rel=\"noopener\">saneamento b\u00e1sico, enchentes<\/a>, tiroteios, etc.), esses problemas s\u00f3 se tornam importantes na boca de pol\u00edticos quando eles precisam usar essas car\u00eancias para construir seus discursos de salvadores da p\u00e1tria, criadores dos melhores planos e promessas, dizendo que ir\u00e3o garantir tudo o que a favela sempre pediu e nunca foi atendida.<\/p>\n<p>Estamos em um ano eleitoral e o cheiro dos perfumes importados de candidatos j\u00e1 empestam os becos e ruas de nossas favelas. Precisamos conversar seriamente sobre o valor real do nosso voto, e porque n\u00e3o devemos <a href=\"http:\/\/bit.ly\/2woGqHi\" target=\"_blank\" rel=\"noopener\">trocar ele por uma cesta b\u00e1sica<\/a> ou uma consulta particular. Embora tenhamos necessidades urgentes, precisamos entender que problemas pontuais (doen\u00e7a, falta de um prato de comida, falta de emprego) s\u00f3 existem porque fazem parte de um problema muito maior, a nega\u00e7\u00e3o dos nossos direitos constitucionais. O que devemos fazer com nosso voto \u00e9 garantir que aqueles que passar\u00e3o a integrar as bancadas parlamentares lutem por esses direitos humanos, para n\u00e3o ficarmos ref\u00e9ns dessas promessas de migalhas a cada dois anos.\u00a0Votar \u00e9 apenas o primeiro passo no processo de participa\u00e7\u00e3o e transforma\u00e7\u00e3o democr\u00e1tica. Se no primeiro passo voc\u00ea cair em um buraco, n\u00e3o poder\u00e1 exigir que o resto da caminhada seja assegurado.<\/p>\n<p>Para entendermos com mais profundidade a hist\u00f3ria pol\u00edtico-eleitoral do Brasil, eu, Edilano Cavalcante, coordenador do<em> <a href=\"http:\/\/bit.ly\/2hAT0f6\" target=\"_blank\" rel=\"noopener\">Fala Manguinhos!<\/a><\/em>, conversei com o bacharel em hist\u00f3ria pela <a href=\"http:\/\/bit.ly\/2AImSvj\" target=\"_blank\" rel=\"noopener\">UFRJ<\/a> e doutor em hist\u00f3ria das ci\u00eancias e sa\u00fade pela <a href=\"http:\/\/bit.ly\/2srWrF8\" target=\"_blank\" rel=\"noopener\">Fiocruz<\/a>, al\u00e9m de morador de <a href=\"http:\/\/bit.ly\/ZC9b6z\" target=\"_blank\" rel=\"noopener\">Manguinhos<\/a> h\u00e1 mais de 14 anos, Andr\u00e9 Luiz Lima. Andr\u00e9 tem uma atua\u00e7\u00e3o permanente em v\u00e1rios movimentos populares, com destaque para seu ativismo junto ao <a href=\"http:\/\/bit.ly\/2v8rYlc\" target=\"_blank\" rel=\"noopener\">Conselho Comunit\u00e1rio de Manguinhos<\/a>, enquanto Coordenador do GT de Trabalho e Renda, e ao Conselho Gestor Intersetorial do <a href=\"http:\/\/bit.ly\/2yPEZ5Z\" target=\"_blank\" rel=\"noopener\">Teias Escola Manguinhos<\/a>. Andr\u00e9 tamb\u00e9m esteve presente em debates importantes no <a href=\"http:\/\/bit.ly\/2KqFKXA\" target=\"_blank\" rel=\"noopener\">F\u00f3rum Nacional<\/a> e no projeto <a href=\"http:\/\/bit.ly\/2lEReZr\" target=\"_blank\" rel=\"noopener\">Pacto do Rio<\/a>, sempre defendendo que os moradores de favelas fossem ouvidos na hora de se conceber e planejar alguma pol\u00edtica ou projeto destinado a tais territ\u00f3rios. Hoje atua na <a href=\"http:\/\/bit.ly\/2N57tLT\" target=\"_blank\" rel=\"noopener\">Coopera\u00e7\u00e3o Social da Fiocruz<\/a>, construindo novos modelos de governan\u00e7a democr\u00e1tica territorial.<\/p>\n<p>Nessa primeira parte da entrevista, exploramos temas mais amplos da pol\u00edtica democr\u00e1tica, para na segunda parte entrarmos na sua manifesta\u00e7\u00e3o territorial espec\u00edfica em favelas. Confira:<\/p>\n<h3>Edilano Cavalcante:\u00a0De onde vem a palavra pol\u00edtica? Na pr\u00e1tica, o significado funciona para todos no Brasil?<\/h3>\n<p>Andr\u00e9 Lima: Bem, primeiramente esse termo tem uma rela\u00e7\u00e3o hist\u00f3rica com os antigos gregos, especialmente no relacionamento entre os membros de uma cidade. Da\u00ed, temos a \u2018p\u00f3lis\u2019, e seus cidad\u00e3os \u2018pol\u00edticos\u2019. Escritos atribu\u00eddos a Arist\u00f3teles d\u00e3o conta de que este importante pensador grego entendia que todo homem seria um animal pol\u00edtico.\u00a0Importante dizer, como historiador, que esse conceito se molda no tempo e espa\u00e7o. Entretanto, se considerarmos a pol\u00edtica enquanto uma dimens\u00e3o de poder na qual os homens e mulheres interagem para resolu\u00e7\u00e3o de assuntos comuns, podemos afirmar que em qualquer contexto de agrupamento e relacionamento humano teremos a dimens\u00e3o pol\u00edtica envolvida, ainda que n\u00e3o se nomeie desta forma.<\/p>\n<p><a href=\"http:\/\/rioonwatch.org.br\/wp-content\/uploads\/2018\/06\/Andr\u00e9-Lima-em-visita-\u00e0-sede-da-ONU-em-Brasilia-1.jpg\"><img fetchpriority=\"high\" decoding=\"async\" class=\"aligncenter wp-image-34227 size-content\" title=\"Andr\u00e9 Lima em visita \u00e0 sede da ONU em Bras\u00edlia. Foto: Arquivo Pessoal.\" src=\"http:\/\/rioonwatch.org.br\/wp-content\/uploads\/2018\/06\/Andr\u00e9-Lima-em-visita-\u00e0-sede-da-ONU-em-Brasilia-1-e1530196691952-620x264.jpg\" alt=\"\" width=\"620\" height=\"264\" srcset=\"https:\/\/rioonwatch.org.br\/wp-content\/uploads\/2018\/06\/Andr\u00e9-Lima-em-visita-\u00e0-sede-da-ONU-em-Brasilia-1-e1530196691952-620x264.jpg 620w, https:\/\/rioonwatch.org.br\/wp-content\/uploads\/2018\/06\/Andr\u00e9-Lima-em-visita-\u00e0-sede-da-ONU-em-Brasilia-1-e1530196691952-940x400.jpg 940w\" sizes=\"(max-width: 620px) 100vw, 620px\" \/><\/a><\/p>\n<p>Destaco ainda que pol\u00edtica \u00e9 a esfera de disputa de poder. Assim, seja numa posi\u00e7\u00e3o de mando ou na de submiss\u00e3o, a pol\u00edtica est\u00e1 sempre envolvida. A pol\u00edtica permeia rela\u00e7\u00f5es n\u00e3o apenas em governos, mas em quest\u00f5es religiosas, assuntos de vizinhan\u00e7a e empresas, entre outras dimens\u00f5es da experi\u00eancia humana.\u00a0Portanto, mesmo que algumas pessoas digam que n\u00e3o s\u00e3o pol\u00edticas, essa afirmativa acaba por ser um posicionamento pol\u00edtico!\u00a0Na dimens\u00e3o de governo, a pol\u00edtica \u00e9 a respons\u00e1vel pelo sucesso ou fracasso do acesso a educa\u00e7\u00e3o e sa\u00fade, e condiciona o acesso das pessoas a emprego e renda, bem como estrutura as possibilidades do acesso \u00e0 casa pr\u00f3pria, por exemplo.<\/p>\n<h3>EC: A redemocratiza\u00e7\u00e3o do Brasil \u00e9 recente, no entanto o formato de escolha de representante por meio do voto \u00e9 mais antigo no pa\u00eds. Quais foram as mudan\u00e7as que ocorreram nesse sistema ao longo dos anos? Essas mudan\u00e7as garantem a efetiva participa\u00e7\u00e3o popular ou ainda \u00e9 preciso ainda algumas adapta\u00e7\u00f5es para incluir todos?<\/h3>\n<p>Andr\u00e9: Vivemos numa democracia liberal republicana, ou seja, a popula\u00e7\u00e3o pode eleger seus representantes para cargos eletivos tanto no Legislativo (vereadores, deputados e senadores) como no Executivo (prefeito, governador e presidente) por meio do voto. Todo cidad\u00e3o brasileiro tem o direito de se filiar a um partido e disputar um cargo eletivo.\u00a0De fato, nem sempre foi assim. Inicialmente, no processo eleitoral, n\u00e3o existiam partidos pol\u00edticos, e o voto era facultado apenas para homens brancos, dotados de posses. Pobres, analfabetos, negros e mulheres estavam fora das decis\u00f5es.\u00a0Aqui entra uma informa\u00e7\u00e3o importante: a inclus\u00e3o dos direitos pol\u00edticos, ou seja, de votar e ser votado, para a popula\u00e7\u00e3o brasileira como um todo n\u00e3o deve ser visto como uma d\u00e1diva, um presente dos governantes, mas sim como o resultado de luta pol\u00edtica.<\/p>\n<p>Agora, por outro lado, o voto em si mesmo n\u00e3o significa que estejamos numa democracia. Recentemente vivemos na hist\u00f3ria brasileira uma ditadura. Existia a possibilidade de elei\u00e7\u00f5es [para outros cargos que n\u00e3o o de presidente], mas vimos o cerceamento do debate aprofundado acerca dos problemas nacionais, a cassa\u00e7\u00e3o de partidos pol\u00edticos e a persegui\u00e7\u00e3o de opositores pelos governantes.\u00a0Para o pleno exerc\u00edcio democr\u00e1tico, o eleitor tem de possuir a liberdade de filiar-se a algum partido ou grupo pol\u00edtico e de expressar suas opini\u00f5es sem amea\u00e7a a sua vida. \u00c9 preciso ainda que existam mecanismos fiscalizadores, de modo que as elei\u00e7\u00f5es n\u00e3o sejam fraudadas, como eram sistematicamente na Rep\u00fablica Velha. Que existam leis que protejam os cidad\u00e3os e que a puni\u00e7\u00e3o por descumpri-las seja para todos.<\/p>\n<p>Acredito que existam pelo menos cinco grandes entraves ao desenvolvimento de nossa democracia: a baixa escolaridade de nosso povo, a desigualdade social, o financiamento de campanhas eleitorais por meio de <a href=\"http:\/\/bit.ly\/2MwBe7h\" target=\"_blank\" rel=\"noopener\">Caixa 2<\/a>, a concentra\u00e7\u00e3o das informa\u00e7\u00f5es pelos meios de comunica\u00e7\u00e3o e os superpoderes do Judici\u00e1rio.<\/p>\n<p>A baixa qualidade de educa\u00e7\u00e3o escolar ofertada ao nosso povo seria, no meu entender, a primeira dessas quest\u00f5es. Desde a <a href=\"http:\/\/bit.ly\/2e7F1Lg\" target=\"_blank\" rel=\"noopener\">Constitui\u00e7\u00e3o de 1988<\/a> a educa\u00e7\u00e3o deveria se organizar para formar cidad\u00e3os e isso n\u00e3o vem acontecendo. Ao contr\u00e1rio, a educa\u00e7\u00e3o vem sendo sucateada em todos os n\u00edveis de governo, salvo algumas interven\u00e7\u00f5es mais pontuais. E quem \u00e9 respons\u00e1vel por isso? Os pol\u00edticos que n\u00f3s elegemos. Assim, o desinteresse em n\u00e3o melhorar a educa\u00e7\u00e3o \u00e9 para que a engrenagem que mant\u00e9m certos setores da sociedade servidos pelos pol\u00edticos que est\u00e3o a\u00ed permane\u00e7a.<\/p>\n<p>A <a href=\"http:\/\/bit.ly\/2Jo2ozt\" target=\"_blank\" rel=\"noopener\">desigualdade social<\/a> caminha junto com o fen\u00f4meno da baixa escolariza\u00e7\u00e3o. Grupos populacionais vivendo na mis\u00e9ria n\u00e3o possuem muitas op\u00e7\u00f5es pol\u00edticas, pois sempre estar\u00e3o preocupados com sobreviver ao hoje. Algo do tipo \u201cvendendo o almo\u00e7o para comprar a janta\u201d. Assim, cestas b\u00e1sicas, doa\u00e7\u00e3o de dentaduras e \u00f3culos, ligaduras de trompas, entre outros favores, s\u00e3o usuais na balan\u00e7a pol\u00edtica cotidiana desse contingente. Do outro lado da moeda, assistimos a riqueza concentrada nas m\u00e3os de poucos, que buscam influenciar a engrenagem pol\u00edtica de modo que seu modo de vida n\u00e3o tenha fim.<\/p>\n<p><a href=\"http:\/\/rioonwatch.org.br\/wp-content\/uploads\/2018\/06\/Andr\u00e9-Lima-de-amarelo-conduzindo-uma-reuni\u00e3o-do-GT-de-Gera\u00e7\u00e3o-de-Trabalho-e-Renda-do-Conselho-Comunit\u00e1rio.jpg\"><img decoding=\"async\" class=\"aligncenter wp-image-34225 size-content\" title=\"Andr\u00e9 Lima (de amarelo) conduzindo uma reuni\u00e3o do GT.\" src=\"http:\/\/rioonwatch.org.br\/wp-content\/uploads\/2018\/06\/Andr\u00e9-Lima-de-amarelo-conduzindo-uma-reuni\u00e3o-do-GT-de-Gera\u00e7\u00e3o-de-Trabalho-e-Renda-do-Conselho-Comunit\u00e1rio-620x264.jpg\" alt=\"\" width=\"620\" height=\"264\" srcset=\"https:\/\/rioonwatch.org.br\/wp-content\/uploads\/2018\/06\/Andr\u00e9-Lima-de-amarelo-conduzindo-uma-reuni\u00e3o-do-GT-de-Gera\u00e7\u00e3o-de-Trabalho-e-Renda-do-Conselho-Comunit\u00e1rio-620x264.jpg 620w, https:\/\/rioonwatch.org.br\/wp-content\/uploads\/2018\/06\/Andr\u00e9-Lima-de-amarelo-conduzindo-uma-reuni\u00e3o-do-GT-de-Gera\u00e7\u00e3o-de-Trabalho-e-Renda-do-Conselho-Comunit\u00e1rio-940x400.jpg 940w\" sizes=\"(max-width: 620px) 100vw, 620px\" \/><\/a><\/p>\n<p>Uma outra quest\u00e3o importante que ainda precisa ser equacionada \u00e9 o financiamento de campanhas eleitorais. Ainda que grandes empresas j\u00e1 n\u00e3o mais possam realizar doa\u00e7\u00f5es, fica claro para a popula\u00e7\u00e3o que o Caixa 2 de campanha existir\u00e1 por um bom tempo. Isso \u00e9 vis\u00edvel quando o pol\u00edtico chega na favela e financia churrasco, torneio de futebol, camisa de time, consulta m\u00e9dica gr\u00e1tis, doa\u00e7\u00e3o de cestas b\u00e1sicas e outros. Isso tem um custo e n\u00e3o passa pelo sistema cont\u00e1bil formal, ou seja, adv\u00e9m de Caixa 2, que sempre se vincula \u00e0 corrup\u00e7\u00e3o!<\/p>\n<p>Tamb\u00e9m cabe referenciar que o voto, dentro do contexto democr\u00e1tico, \u00e9 subsidiado por informa\u00e7\u00f5es. Ou seja, o eleitor decide a partir do que ele acompanha pela TV, r\u00e1dios, internet e jornais impressos. E nesse caso, no Brasil, precisamos ampliar o leque de op\u00e7\u00f5es na comunica\u00e7\u00e3o radiof\u00f4nica e televisiva. As grandes emissoras, ref\u00e9ns das verbas de propagandas, de grandes bancos e grupos empresariais, n\u00e3o contrariaram seus financiadores. E a internet, ainda que seja um importante mecanismo, <a href=\"http:\/\/bit.ly\/2rYFc3h\" target=\"_blank\" rel=\"noopener\">tem a fragilidade das <em>fake news<\/em><\/a> que se propagam deturpando dados e eventos. Sobre esse aspecto, ainda tem as an\u00e1lises de metadados, cuja governan\u00e7a \u00e9 um problema de ordem mundial.<\/p>\n<p>No caso do Judici\u00e1rio, ele \u00e9 extremamente conservador, retr\u00f3grado, repleto de privil\u00e9gios e sem nenhum controle social de sua atua\u00e7\u00e3o. <a href=\"http:\/\/bit.ly\/2buISj2\" target=\"_blank\" rel=\"noopener\">Cadeia no Brasil \u00e9 para pobres<\/a>! E temos ainda uma seletividade penal e desembargadores que querem legislar. Melhor seria se se candidatassem a deputado ou senador.<\/p>\n<p>Precisamos defender a democracia, uma democracia que ainda nem chegou de fato a todos os brasileiros, mas que certamente ser\u00e1 sempre superior a qualquer ditadura.<\/p>\n<h3>EC: P<strong>orque \u00e9 t\u00e3o dif\u00edcil a participa\u00e7\u00e3o popular nas escolhas feitas para o rumo do pa\u00eds? Porque os favelados, camponeses, quilombolas e toda classe de proletariado que formam a base da pir\u00e2mide t\u00eam tanta dificuldade de entrar nesses espa\u00e7os de participa\u00e7\u00e3o e disputas?<\/strong><\/h3>\n<p>Andr\u00e9: Come\u00e7amos nossa conversa falando que a pol\u00edtica est\u00e1 nas diversas esferas de relacionamento humano, e que se aloca no que poder\u00edamos chamar de rela\u00e7\u00f5es de poder. Assim, as diferencia\u00e7\u00f5es sociais s\u00e3o utilizadas pelos grupos no poder para a manuten\u00e7\u00e3o das desigualdades sociais, que no Brasil atinge n\u00edveis absurdos. Desse modo, grupos sociais s\u00e3o estigmatizados nas rela\u00e7\u00f5es di\u00e1rias e impedidos de forma f\u00edsica ou simb\u00f3lica de acessar certos direitos na esfera pol\u00edtica. Os citados por voc\u00ea, quilombolas e favelados, s\u00e3o um bom exemplo. Por isso, o pr\u00f3prio direito \u00e0 participa\u00e7\u00e3o tem que ser conquistado cotidianamente.<\/p>\n<p>Ali\u00e1s, falamos aqui da <a href=\"http:\/\/bit.ly\/EscadaParticipacao\" target=\"_blank\" rel=\"noopener\">participa\u00e7\u00e3o<\/a> no que tange ao processo de escolha de nossos representantes nos poderes Executivo e Legislativo, mas temos ainda, desde 1988, outras <a href=\"http:\/\/bit.ly\/2KplIgg\" target=\"_blank\" rel=\"noopener\">formas institucionais de participa\u00e7\u00e3o<\/a>, tais como os conselhos de pol\u00edtica p\u00fablica e os referendos. Se considerarmos que a participa\u00e7\u00e3o \u00e9 um fen\u00f4meno social, por meio da qual os indiv\u00edduos se organizam para conceber, influenciar, fiscalizar ou encerrar algum projeto, programa, lei ou iniciativa governamental, o seu exerc\u00edcio <a href=\"http:\/\/bit.ly\/2MwVdCN\" target=\"_blank\" rel=\"noopener\">n\u00e3o pode ser restrito aos meios formais<\/a>. Passeatas, abaixo-assinados, atos p\u00fablicos s\u00e3o tamb\u00e9m formas de participar. \u00d3bvio que para certos grupos sociais os obst\u00e1culos colocados s\u00e3o por demais severos!<\/p>\n<p><a href=\"http:\/\/rioonwatch.org.br\/wp-content\/uploads\/2018\/06\/boaventura-foto-julianne-gouveia.jpeg\"><img loading=\"lazy\" decoding=\"async\" class=\"aligncenter wp-image-34371 size-content\" title=\"Boaventura de Sousa Santos fala no Museu da Mar\u00e9. Foto: Julianne Gouveia.\" src=\"http:\/\/rioonwatch.org.br\/wp-content\/uploads\/2018\/06\/boaventura-foto-julianne-gouveia-620x264.jpeg\" alt=\"\" width=\"620\" height=\"264\" srcset=\"https:\/\/rioonwatch.org.br\/wp-content\/uploads\/2018\/06\/boaventura-foto-julianne-gouveia-620x264.jpeg 620w, https:\/\/rioonwatch.org.br\/wp-content\/uploads\/2018\/06\/boaventura-foto-julianne-gouveia-940x400.jpeg 940w\" sizes=\"(max-width: 620px) 100vw, 620px\" \/><\/a><\/p>\n<p>Sendo assim, corroboro a ideia do soci\u00f3logo portugu\u00eas <a href=\"http:\/\/bit.ly\/2KdN9Ku\" target=\"_blank\" rel=\"noopener\">Boaventura de Sousa Santos<\/a> de que precisamos \u2018<a href=\"http:\/\/bit.ly\/2MsAnVd\" target=\"_blank\" rel=\"noopener\">reinventar a democracia<\/a>\u2019, mantendo as elei\u00e7\u00f5es regulares, mas fortalecendo outros <a href=\"http:\/\/bit.ly\/2kPk3ls\" target=\"_blank\" rel=\"noopener\">mecanismos de participa\u00e7\u00e3o<\/a>, como os conselhos e consultas p\u00fablicas. Acho que em breve a internet ser\u00e1 uma bela forma do cidad\u00e3o se manifestar e participar de forma mais ativa, ainda que hoje j\u00e1 tenhamos alguns exemplos importantes.<\/p>\n<p>Retomando ao cerne da sua indaga\u00e7\u00e3o, para a participa\u00e7\u00e3o existir \u00e9 preciso que exista a garantia m\u00ednima de sobreviv\u00eancia, de acesso a informa\u00e7\u00e3o e liberdade para se posicionar. No Brasil, de um modo geral os trabalhadores est\u00e3o correndo atr\u00e1s da sua sobreviv\u00eancia, o que, quando somado ao sentimento coletivo de descren\u00e7a da pol\u00edtica e \u00e0s v\u00e1rias formas de desinforma\u00e7\u00e3o, formam um cen\u00e1rio pouco prop\u00edcio a esse exerc\u00edcio. Quanto ao acesso \u00e0 informa\u00e7\u00e3o, esse tamb\u00e9m se relaciona com a forma\u00e7\u00e3o escolar: muitos n\u00e3o conseguem entender certos termos e conceitos que est\u00e3o envolvidos na esfera p\u00fablica. Isso limita a capacidade de a\u00e7\u00e3o. E por \u00faltimo, especialmente nas favelas e periferias, o controle territorial por grupos armados incide diretamente na capacidade de livre express\u00e3o.<\/p>\n<h3><em>Leia a segunda parte da entrevista\u00a0<a href=\"http:\/\/bit.ly\/2KuLSyR\" target=\"_blank\" rel=\"noopener\">aqui<\/a>.<\/em><\/h3>\n<p><em>Mat\u00e9ria escrita por Edilano Cavalcante e produzida por parceria entre RioOnWatch e\u00a0<a href=\"http:\/\/bit.ly\/2sFMSDN\" target=\"_blank\" rel=\"noopener\">Fala Manguinhos!<\/a>. Edilano \u00e9 coordenador da ag\u00eancia de comunica\u00e7\u00e3o comunit\u00e1ria Fala Manguinhos!. Como pr\u00e1tica de comunica\u00e7\u00e3o comunit\u00e1ria produzida por e para Manguinhos, o Fala Manguinhos! tem em sua origem a defesa dos direitos humanos e ambientais, promo\u00e7\u00e3o de cidadania e sa\u00fade com a participa\u00e7\u00e3o direta dos moradores e moradoras nas decis\u00f5es que envolvem a Ag\u00eancia de Comunica\u00e7\u00e3o Comunit\u00e1ria de Manguinhos, a partir dos encontros do grupo de comunica\u00e7\u00e3o do Conselho Comunit\u00e1rio.\u00a0Siga o Fala Manguinhos pelo\u00a0<a href=\"http:\/\/bit.ly\/2tJCn2e\" target=\"_blank\" rel=\"noopener\">Facebook aqui<\/a>.<\/em><\/p>\n<!-- AddThis Advanced Settings generic via filter on the_content --><!-- AddThis Share Buttons generic via filter on the_content -->","protected":false},"excerpt":{"rendered":"<div class=\"mh-excerpt\"><p>Click Here for English Esta \u00e9 a primeira mat\u00e9ria de uma s\u00e9rie de duas partes, de uma entrevista produzida pela m\u00eddia comunit\u00e1ria Fala Manguinhos! sobre as elei\u00e7\u00f5es. Leia a segunda parte aqui. A cada dois <a class=\"mh-excerpt-more\" href=\"https:\/\/rioonwatch.org.br\/?p=34025\" title=\"O Voto Mais Barato do Mercado: Conversa com Andr\u00e9 Luiz Lima de Manguinhos, Parte 1 [ENTREVISTA]\">[&#8230;]<\/a><!-- AddThis Advanced Settings generic via filter on get_the_excerpt --><!-- AddThis Share Buttons generic via filter on get_the_excerpt --><\/p>\n<\/div>","protected":false},"author":152,"featured_media":34226,"comment_status":"closed","ping_status":"closed","sticky":false,"template":"","format":"standard","meta":{"_acf_changed":false,"_monsterinsights_skip_tracking":false,"_monsterinsights_sitenote_active":false,"_monsterinsights_sitenote_note":"","_monsterinsights_sitenote_category":0,"footnotes":""},"categories":[1618,1621,1629,1625,344,342],"tags":[1226,1386,479,474,2070,1023,457,480,1258,2174,2146,636,304,1033,2029,2193],"writer":[2199],"translator":[],"source":[],"ilustrador":[],"fotografo":[],"class_list":{"0":"post-34025","1":"post","2":"type-post","3":"status-publish","4":"format-standard","5":"has-post-thumbnail","7":"category-olhonaparticipacao","8":"category-destaque","9":"category-entrevistas-e-perfis","10":"category-por-correspondentes-comunitarios","11":"category-politicas","12":"category-solucoes","13":"tag-constituicao","14":"tag-critica-a-politica","15":"tag-democracia","16":"tag-democracia-participativa","17":"tag-direito-a-educacao","18":"tag-ditadura-militar","19":"tag-eleicoes","20":"tag-eleitoreiro","21":"tag-entrevista","22":"tag-fala-manguinhos","23":"tag-fiocruz","24":"tag-manguinhos","25":"tag-participacao","26":"tag-politica","27":"tag-teoria-politica","28":"tag-ufrj","29":"writer-edilano-cavalcante"},"acf":[],"yoast_head":"<!-- This site is optimized with the Yoast SEO plugin v25.6 - https:\/\/yoast.com\/wordpress\/plugins\/seo\/ -->\n<title>O Voto Mais Barato do Mercado: Conversa com Andr\u00e9 Luiz Lima de Manguinhos, Parte 1 [ENTREVISTA] - RioOnWatch<\/title>\n<meta name=\"robots\" content=\"index, follow, max-snippet:-1, max-image-preview:large, max-video-preview:-1\" \/>\n<link rel=\"canonical\" href=\"https:\/\/rioonwatch.org.br\/?p=34025\" \/>\n<meta property=\"og:locale\" content=\"pt_BR\" \/>\n<meta property=\"og:type\" content=\"article\" \/>\n<meta property=\"og:title\" content=\"O Voto Mais Barato do Mercado: Conversa com Andr\u00e9 Luiz Lima de Manguinhos, Parte 1 [ENTREVISTA] - RioOnWatch\" \/>\n<meta property=\"og:description\" content=\"Click Here for English Esta \u00e9 a primeira mat\u00e9ria de uma s\u00e9rie de duas partes, de uma entrevista produzida pela m\u00eddia comunit\u00e1ria Fala Manguinhos! sobre as elei\u00e7\u00f5es. Leia a segunda parte aqui. A cada dois [...]\" \/>\n<meta property=\"og:url\" content=\"https:\/\/rioonwatch.org.br\/?p=34025\" \/>\n<meta property=\"og:site_name\" content=\"RioOnWatch\" \/>\n<meta property=\"article:published_time\" content=\"2018-07-03T12:34:51+00:00\" \/>\n<meta property=\"article:modified_time\" content=\"2018-07-19T14:15:01+00:00\" \/>\n<meta property=\"og:image\" content=\"https:\/\/rioonwatch.org.br\/wp-content\/uploads\/2018\/06\/Andr\u00e9-Lima-esquerda-junto-\u00e0-colegas-de-Fiocruz-em-ato-p\u00fablico-em-defesa-da-Democracia-e-do-SUS-1-scaled.jpg\" \/>\n\t<meta property=\"og:image:width\" content=\"2560\" \/>\n\t<meta property=\"og:image:height\" content=\"1920\" \/>\n\t<meta property=\"og:image:type\" content=\"image\/jpeg\" \/>\n<meta name=\"author\" content=\"Luisa Fenizola\" \/>\n<meta name=\"twitter:card\" content=\"summary_large_image\" \/>\n<meta name=\"twitter:label1\" content=\"Escrito por\" \/>\n\t<meta name=\"twitter:data1\" content=\"Luisa Fenizola\" \/>\n\t<meta name=\"twitter:label2\" content=\"Est. tempo de leitura\" \/>\n\t<meta name=\"twitter:data2\" content=\"11 minutos\" \/>\n<script type=\"application\/ld+json\" class=\"yoast-schema-graph\">{\"@context\":\"https:\/\/schema.org\",\"@graph\":[{\"@type\":\"Article\",\"@id\":\"https:\/\/rioonwatch.org.br\/?p=34025#article\",\"isPartOf\":{\"@id\":\"https:\/\/rioonwatch.org.br\/?p=34025\"},\"author\":{\"name\":\"Luisa Fenizola\",\"@id\":\"https:\/\/rioonwatch.org.br\/#\/schema\/person\/f443c6b55bb6e80842280318076491c5\"},\"headline\":\"O Voto Mais Barato do Mercado: Conversa com Andr\u00e9 Luiz Lima de Manguinhos, Parte 1 [ENTREVISTA]\",\"datePublished\":\"2018-07-03T12:34:51+00:00\",\"dateModified\":\"2018-07-19T14:15:01+00:00\",\"mainEntityOfPage\":{\"@id\":\"https:\/\/rioonwatch.org.br\/?p=34025\"},\"wordCount\":2252,\"publisher\":{\"@id\":\"https:\/\/rioonwatch.org.br\/#organization\"},\"image\":{\"@id\":\"https:\/\/rioonwatch.org.br\/?p=34025#primaryimage\"},\"thumbnailUrl\":\"https:\/\/rioonwatch.org.br\/wp-content\/uploads\/2018\/06\/Andr\u00e9-Lima-esquerda-junto-\u00e0-colegas-de-Fiocruz-em-ato-p\u00fablico-em-defesa-da-Democracia-e-do-SUS-1-scaled.jpg\",\"keywords\":[\"constitui\u00e7\u00e3o\",\"cr\u00edtica \u00e0 pol\u00edtica\",\"Democracia\",\"democracia participativa\",\"direito \u00e0 educa\u00e7\u00e3o\",\"Ditadura Militar\",\"Elei\u00e7\u00f5es\",\"eleitoralismo\",\"entrevista\",\"Fala Manguinhos\",\"Fiocruz\",\"Manguinhos\",\"participa\u00e7\u00e3o\",\"pol\u00edtica\",\"teoria pol\u00edtica\",\"UFRJ\"],\"articleSection\":[\"#OlhoNaParticipa\u00e7\u00e3o\",\"*Destaque\",\"Entrevistas e Perfis\",\"Escrito por Comunicadores Populares\",\"Pol\u00edticas\",\"Solu\u00e7\u00f5es\"],\"inLanguage\":\"pt-BR\"},{\"@type\":\"WebPage\",\"@id\":\"https:\/\/rioonwatch.org.br\/?p=34025\",\"url\":\"https:\/\/rioonwatch.org.br\/?p=34025\",\"name\":\"O Voto Mais Barato do Mercado: Conversa com Andr\u00e9 Luiz Lima de Manguinhos, Parte 1 [ENTREVISTA] - RioOnWatch\",\"isPartOf\":{\"@id\":\"https:\/\/rioonwatch.org.br\/#website\"},\"primaryImageOfPage\":{\"@id\":\"https:\/\/rioonwatch.org.br\/?p=34025#primaryimage\"},\"image\":{\"@id\":\"https:\/\/rioonwatch.org.br\/?p=34025#primaryimage\"},\"thumbnailUrl\":\"https:\/\/rioonwatch.org.br\/wp-content\/uploads\/2018\/06\/Andr\u00e9-Lima-esquerda-junto-\u00e0-colegas-de-Fiocruz-em-ato-p\u00fablico-em-defesa-da-Democracia-e-do-SUS-1-scaled.jpg\",\"datePublished\":\"2018-07-03T12:34:51+00:00\",\"dateModified\":\"2018-07-19T14:15:01+00:00\",\"breadcrumb\":{\"@id\":\"https:\/\/rioonwatch.org.br\/?p=34025#breadcrumb\"},\"inLanguage\":\"pt-BR\",\"potentialAction\":[{\"@type\":\"ReadAction\",\"target\":[\"https:\/\/rioonwatch.org.br\/?p=34025\"]}]},{\"@type\":\"ImageObject\",\"inLanguage\":\"pt-BR\",\"@id\":\"https:\/\/rioonwatch.org.br\/?p=34025#primaryimage\",\"url\":\"https:\/\/rioonwatch.org.br\/wp-content\/uploads\/2018\/06\/Andr\u00e9-Lima-esquerda-junto-\u00e0-colegas-de-Fiocruz-em-ato-p\u00fablico-em-defesa-da-Democracia-e-do-SUS-1-scaled.jpg\",\"contentUrl\":\"https:\/\/rioonwatch.org.br\/wp-content\/uploads\/2018\/06\/Andr\u00e9-Lima-esquerda-junto-\u00e0-colegas-de-Fiocruz-em-ato-p\u00fablico-em-defesa-da-Democracia-e-do-SUS-1-scaled.jpg\",\"width\":2560,\"height\":1920},{\"@type\":\"BreadcrumbList\",\"@id\":\"https:\/\/rioonwatch.org.br\/?p=34025#breadcrumb\",\"itemListElement\":[{\"@type\":\"ListItem\",\"position\":1,\"name\":\"In\u00edcio\",\"item\":\"https:\/\/rioonwatch.org.br\/\"},{\"@type\":\"ListItem\",\"position\":2,\"name\":\"O Voto Mais Barato do Mercado: Conversa com Andr\u00e9 Luiz Lima de Manguinhos, Parte 1 [ENTREVISTA]\"}]},{\"@type\":\"WebSite\",\"@id\":\"https:\/\/rioonwatch.org.br\/#website\",\"url\":\"https:\/\/rioonwatch.org.br\/\",\"name\":\"RioOnWatch\",\"description\":\"relatos das favelas cariocas\",\"publisher\":{\"@id\":\"https:\/\/rioonwatch.org.br\/#organization\"},\"potentialAction\":[{\"@type\":\"SearchAction\",\"target\":{\"@type\":\"EntryPoint\",\"urlTemplate\":\"https:\/\/rioonwatch.org.br\/?s={search_term_string}\"},\"query-input\":{\"@type\":\"PropertyValueSpecification\",\"valueRequired\":true,\"valueName\":\"search_term_string\"}}],\"inLanguage\":\"pt-BR\"},{\"@type\":\"Organization\",\"@id\":\"https:\/\/rioonwatch.org.br\/#organization\",\"name\":\"RioOnWatch\",\"url\":\"https:\/\/rioonwatch.org.br\/\",\"logo\":{\"@type\":\"ImageObject\",\"inLanguage\":\"pt-BR\",\"@id\":\"https:\/\/rioonwatch.org.br\/#\/schema\/logo\/image\/\",\"url\":\"https:\/\/rioonwatch.org.br\/wp-content\/uploads\/2021\/06\/RioOnWatchcabecalhoPT11anos-2.png\",\"contentUrl\":\"https:\/\/rioonwatch.org.br\/wp-content\/uploads\/2021\/06\/RioOnWatchcabecalhoPT11anos-2.png\",\"width\":779,\"height\":277,\"caption\":\"RioOnWatch\"},\"image\":{\"@id\":\"https:\/\/rioonwatch.org.br\/#\/schema\/logo\/image\/\"}},{\"@type\":\"Person\",\"@id\":\"https:\/\/rioonwatch.org.br\/#\/schema\/person\/f443c6b55bb6e80842280318076491c5\",\"name\":\"Luisa Fenizola\",\"image\":{\"@type\":\"ImageObject\",\"inLanguage\":\"pt-BR\",\"@id\":\"https:\/\/rioonwatch.org.br\/#\/schema\/person\/image\/\",\"url\":\"https:\/\/secure.gravatar.com\/avatar\/a3d551110162b9f876cbbdaaecf75663?s=96&d=blank&r=g\",\"contentUrl\":\"https:\/\/secure.gravatar.com\/avatar\/a3d551110162b9f876cbbdaaecf75663?s=96&d=blank&r=g\",\"caption\":\"Luisa Fenizola\"},\"url\":\"https:\/\/rioonwatch.org.br\/?author=152\"}]}<\/script>\n<!-- \/ Yoast SEO plugin. -->","yoast_head_json":{"title":"O Voto Mais Barato do Mercado: Conversa com Andr\u00e9 Luiz Lima de Manguinhos, Parte 1 [ENTREVISTA] - RioOnWatch","robots":{"index":"index","follow":"follow","max-snippet":"max-snippet:-1","max-image-preview":"max-image-preview:large","max-video-preview":"max-video-preview:-1"},"canonical":"https:\/\/rioonwatch.org.br\/?p=34025","og_locale":"pt_BR","og_type":"article","og_title":"O Voto Mais Barato do Mercado: Conversa com Andr\u00e9 Luiz Lima de Manguinhos, Parte 1 [ENTREVISTA] - RioOnWatch","og_description":"Click Here for English Esta \u00e9 a primeira mat\u00e9ria de uma s\u00e9rie de duas partes, de uma entrevista produzida pela m\u00eddia comunit\u00e1ria Fala Manguinhos! sobre as elei\u00e7\u00f5es. Leia a segunda parte aqui. A cada dois [...]","og_url":"https:\/\/rioonwatch.org.br\/?p=34025","og_site_name":"RioOnWatch","article_published_time":"2018-07-03T12:34:51+00:00","article_modified_time":"2018-07-19T14:15:01+00:00","og_image":[{"width":2560,"height":1920,"url":"https:\/\/rioonwatch.org.br\/wp-content\/uploads\/2018\/06\/Andr\u00e9-Lima-esquerda-junto-\u00e0-colegas-de-Fiocruz-em-ato-p\u00fablico-em-defesa-da-Democracia-e-do-SUS-1-scaled.jpg","type":"image\/jpeg"}],"author":"Luisa Fenizola","twitter_card":"summary_large_image","twitter_misc":{"Escrito por":"Luisa Fenizola","Est. tempo de leitura":"11 minutos"},"schema":{"@context":"https:\/\/schema.org","@graph":[{"@type":"Article","@id":"https:\/\/rioonwatch.org.br\/?p=34025#article","isPartOf":{"@id":"https:\/\/rioonwatch.org.br\/?p=34025"},"author":{"name":"Luisa Fenizola","@id":"https:\/\/rioonwatch.org.br\/#\/schema\/person\/f443c6b55bb6e80842280318076491c5"},"headline":"O Voto Mais Barato do Mercado: Conversa com Andr\u00e9 Luiz Lima de Manguinhos, Parte 1 [ENTREVISTA]","datePublished":"2018-07-03T12:34:51+00:00","dateModified":"2018-07-19T14:15:01+00:00","mainEntityOfPage":{"@id":"https:\/\/rioonwatch.org.br\/?p=34025"},"wordCount":2252,"publisher":{"@id":"https:\/\/rioonwatch.org.br\/#organization"},"image":{"@id":"https:\/\/rioonwatch.org.br\/?p=34025#primaryimage"},"thumbnailUrl":"https:\/\/rioonwatch.org.br\/wp-content\/uploads\/2018\/06\/Andr\u00e9-Lima-esquerda-junto-\u00e0-colegas-de-Fiocruz-em-ato-p\u00fablico-em-defesa-da-Democracia-e-do-SUS-1-scaled.jpg","keywords":["constitui\u00e7\u00e3o","cr\u00edtica \u00e0 pol\u00edtica","Democracia","democracia participativa","direito \u00e0 educa\u00e7\u00e3o","Ditadura Militar","Elei\u00e7\u00f5es","eleitoralismo","entrevista","Fala Manguinhos","Fiocruz","Manguinhos","participa\u00e7\u00e3o","pol\u00edtica","teoria pol\u00edtica","UFRJ"],"articleSection":["#OlhoNaParticipa\u00e7\u00e3o","*Destaque","Entrevistas e Perfis","Escrito por Comunicadores Populares","Pol\u00edticas","Solu\u00e7\u00f5es"],"inLanguage":"pt-BR"},{"@type":"WebPage","@id":"https:\/\/rioonwatch.org.br\/?p=34025","url":"https:\/\/rioonwatch.org.br\/?p=34025","name":"O Voto Mais Barato do Mercado: Conversa com Andr\u00e9 Luiz Lima de Manguinhos, Parte 1 [ENTREVISTA] - RioOnWatch","isPartOf":{"@id":"https:\/\/rioonwatch.org.br\/#website"},"primaryImageOfPage":{"@id":"https:\/\/rioonwatch.org.br\/?p=34025#primaryimage"},"image":{"@id":"https:\/\/rioonwatch.org.br\/?p=34025#primaryimage"},"thumbnailUrl":"https:\/\/rioonwatch.org.br\/wp-content\/uploads\/2018\/06\/Andr\u00e9-Lima-esquerda-junto-\u00e0-colegas-de-Fiocruz-em-ato-p\u00fablico-em-defesa-da-Democracia-e-do-SUS-1-scaled.jpg","datePublished":"2018-07-03T12:34:51+00:00","dateModified":"2018-07-19T14:15:01+00:00","breadcrumb":{"@id":"https:\/\/rioonwatch.org.br\/?p=34025#breadcrumb"},"inLanguage":"pt-BR","potentialAction":[{"@type":"ReadAction","target":["https:\/\/rioonwatch.org.br\/?p=34025"]}]},{"@type":"ImageObject","inLanguage":"pt-BR","@id":"https:\/\/rioonwatch.org.br\/?p=34025#primaryimage","url":"https:\/\/rioonwatch.org.br\/wp-content\/uploads\/2018\/06\/Andr\u00e9-Lima-esquerda-junto-\u00e0-colegas-de-Fiocruz-em-ato-p\u00fablico-em-defesa-da-Democracia-e-do-SUS-1-scaled.jpg","contentUrl":"https:\/\/rioonwatch.org.br\/wp-content\/uploads\/2018\/06\/Andr\u00e9-Lima-esquerda-junto-\u00e0-colegas-de-Fiocruz-em-ato-p\u00fablico-em-defesa-da-Democracia-e-do-SUS-1-scaled.jpg","width":2560,"height":1920},{"@type":"BreadcrumbList","@id":"https:\/\/rioonwatch.org.br\/?p=34025#breadcrumb","itemListElement":[{"@type":"ListItem","position":1,"name":"In\u00edcio","item":"https:\/\/rioonwatch.org.br\/"},{"@type":"ListItem","position":2,"name":"O Voto Mais Barato do Mercado: Conversa com Andr\u00e9 Luiz Lima de Manguinhos, Parte 1 [ENTREVISTA]"}]},{"@type":"WebSite","@id":"https:\/\/rioonwatch.org.br\/#website","url":"https:\/\/rioonwatch.org.br\/","name":"RioOnWatch","description":"relatos das favelas cariocas","publisher":{"@id":"https:\/\/rioonwatch.org.br\/#organization"},"potentialAction":[{"@type":"SearchAction","target":{"@type":"EntryPoint","urlTemplate":"https:\/\/rioonwatch.org.br\/?s={search_term_string}"},"query-input":{"@type":"PropertyValueSpecification","valueRequired":true,"valueName":"search_term_string"}}],"inLanguage":"pt-BR"},{"@type":"Organization","@id":"https:\/\/rioonwatch.org.br\/#organization","name":"RioOnWatch","url":"https:\/\/rioonwatch.org.br\/","logo":{"@type":"ImageObject","inLanguage":"pt-BR","@id":"https:\/\/rioonwatch.org.br\/#\/schema\/logo\/image\/","url":"https:\/\/rioonwatch.org.br\/wp-content\/uploads\/2021\/06\/RioOnWatchcabecalhoPT11anos-2.png","contentUrl":"https:\/\/rioonwatch.org.br\/wp-content\/uploads\/2021\/06\/RioOnWatchcabecalhoPT11anos-2.png","width":779,"height":277,"caption":"RioOnWatch"},"image":{"@id":"https:\/\/rioonwatch.org.br\/#\/schema\/logo\/image\/"}},{"@type":"Person","@id":"https:\/\/rioonwatch.org.br\/#\/schema\/person\/f443c6b55bb6e80842280318076491c5","name":"Luisa Fenizola","image":{"@type":"ImageObject","inLanguage":"pt-BR","@id":"https:\/\/rioonwatch.org.br\/#\/schema\/person\/image\/","url":"https:\/\/secure.gravatar.com\/avatar\/a3d551110162b9f876cbbdaaecf75663?s=96&d=blank&r=g","contentUrl":"https:\/\/secure.gravatar.com\/avatar\/a3d551110162b9f876cbbdaaecf75663?s=96&d=blank&r=g","caption":"Luisa Fenizola"},"url":"https:\/\/rioonwatch.org.br\/?author=152"}]}},"_links":{"self":[{"href":"https:\/\/rioonwatch.org.br\/index.php?rest_route=\/wp\/v2\/posts\/34025"}],"collection":[{"href":"https:\/\/rioonwatch.org.br\/index.php?rest_route=\/wp\/v2\/posts"}],"about":[{"href":"https:\/\/rioonwatch.org.br\/index.php?rest_route=\/wp\/v2\/types\/post"}],"author":[{"embeddable":true,"href":"https:\/\/rioonwatch.org.br\/index.php?rest_route=\/wp\/v2\/users\/152"}],"replies":[{"embeddable":true,"href":"https:\/\/rioonwatch.org.br\/index.php?rest_route=%2Fwp%2Fv2%2Fcomments&post=34025"}],"version-history":[{"count":18,"href":"https:\/\/rioonwatch.org.br\/index.php?rest_route=\/wp\/v2\/posts\/34025\/revisions"}],"predecessor-version":[{"id":34828,"href":"https:\/\/rioonwatch.org.br\/index.php?rest_route=\/wp\/v2\/posts\/34025\/revisions\/34828"}],"wp:featuredmedia":[{"embeddable":true,"href":"https:\/\/rioonwatch.org.br\/index.php?rest_route=\/wp\/v2\/media\/34226"}],"wp:attachment":[{"href":"https:\/\/rioonwatch.org.br\/index.php?rest_route=%2Fwp%2Fv2%2Fmedia&parent=34025"}],"wp:term":[{"taxonomy":"category","embeddable":true,"href":"https:\/\/rioonwatch.org.br\/index.php?rest_route=%2Fwp%2Fv2%2Fcategories&post=34025"},{"taxonomy":"post_tag","embeddable":true,"href":"https:\/\/rioonwatch.org.br\/index.php?rest_route=%2Fwp%2Fv2%2Ftags&post=34025"},{"taxonomy":"writer","embeddable":true,"href":"https:\/\/rioonwatch.org.br\/index.php?rest_route=%2Fwp%2Fv2%2Fwriter&post=34025"},{"taxonomy":"translator","embeddable":true,"href":"https:\/\/rioonwatch.org.br\/index.php?rest_route=%2Fwp%2Fv2%2Ftranslator&post=34025"},{"taxonomy":"source","embeddable":true,"href":"https:\/\/rioonwatch.org.br\/index.php?rest_route=%2Fwp%2Fv2%2Fsource&post=34025"},{"taxonomy":"ilustrador","embeddable":true,"href":"https:\/\/rioonwatch.org.br\/index.php?rest_route=%2Fwp%2Fv2%2Filustrador&post=34025"},{"taxonomy":"fotografo","embeddable":true,"href":"https:\/\/rioonwatch.org.br\/index.php?rest_route=%2Fwp%2Fv2%2Ffotografo&post=34025"}],"curies":[{"name":"wp","href":"https:\/\/api.w.org\/{rel}","templated":true}]}}