{"id":34047,"date":"2018-09-17T08:28:35","date_gmt":"2018-09-17T11:28:35","guid":{"rendered":"http:\/\/rioonwatch.org.br\/?p=34047"},"modified":"2024-06-20T12:34:55","modified_gmt":"2024-06-20T15:34:55","slug":"o-que-esperar-da-politica-brasileira-em-2018-parte-7-tecnologia-e-inovacoes-para-as-eleicoes","status":"publish","type":"post","link":"https:\/\/rioonwatch.org.br\/?p=34047","title":{"rendered":"O Que Esperar da Pol\u00edtica Brasileira em 2018? Parte 7: Tecnologias Novas Impulsionam Transpar\u00eancia [REFER\u00caNCIA]"},"content":{"rendered":"<p style=\"text-align: right;\"><em><strong><a href=\"http:\/\/bit.ly\/2zH8ANp\" target=\"_blank\" rel=\"noopener noreferrer\">Click Here for English<img decoding=\"async\" width=\"20\" height=\"20\" class=\"alignright wp-image-15790\" src=\"http:\/\/rioonwatch.org.br\/wp-content\/uploads\/2012\/08\/EN-standard-e1439583104716.jpg\" \/><\/a><\/strong><\/em><\/p>\n<p><i>Esta \u00e9 a s\u00e9tima mat\u00e9ria de uma\u00a0<\/i><a href=\"http:\/\/bit.ly\/EleicoesRio2018\" target=\"_blank\" rel=\"noopener noreferrer\"><i>s\u00e9rie<\/i><\/a><i>\u00a0sobre o cen\u00e1rio pol\u00edtico brasileiro para 2018.<\/i><\/p>\n<p>Diferente dos movimentos de <a href=\"http:\/\/bit.ly\/2nIUDao\" target=\"_blank\" rel=\"noopener noreferrer\">renova\u00e7\u00e3o pol\u00edtica e candidaturas alternativas<\/a>, que visam fazer a transforma\u00e7\u00e3o por dentro da estrutura pol\u00edtica tradicional, necessariamente ainda partid\u00e1ria, nessas elei\u00e7\u00f5es multiplicaram-se as iniciativas da sociedade civil e da academia para incidir sobre o debate de propostas governamentais e monitorar a sua execu\u00e7\u00e3o uma vez que as elei\u00e7\u00f5es aconte\u00e7am, impulsionadas pelas novas tecnologias e pelo <a href=\"http:\/\/bit.ly\/2rYFc3h\" target=\"_blank\" rel=\"noopener noreferrer\">crescente impacto das redes<\/a> (sociais, virtuais) sobre a opini\u00e3o p\u00fablica.<\/p>\n<h3>Para dar <em>Match<\/em> e Escolher um Candidato<\/h3>\n<p>Um exemplo no Rio de Janeiro \u00e9 o <a href=\"http:\/\/bit.ly\/2MwVdCN\" target=\"_blank\" rel=\"noopener noreferrer\">Rio por Inteiro<\/a>, movimento suprapartid\u00e1rio capitaneado pela <a href=\"http:\/\/bit.ly\/2NHhfqX\" target=\"_blank\" rel=\"noopener noreferrer\">Casa Fluminense<\/a> e a <a href=\"http:\/\/bit.ly\/2pGa7N6\" target=\"_blank\" rel=\"noopener noreferrer\">Funda\u00e7\u00e3o Cidadania Inteligente<\/a> para aumentar a participa\u00e7\u00e3o dos cidad\u00e3os no processo eleitoral, incentivar a transpar\u00eancia e promover o controle social das gest\u00f5es, com o\u00a0objetivo final de ampliar oportunidades e reduzir desigualdades. Al\u00e9m de reunir propostas de diferentes organiza\u00e7\u00f5es da sociedade civil em eixos tem\u00e1ticos como redu\u00e7\u00e3o da viol\u00eancia, gera\u00e7\u00e3o de emprego e renda, e acesso a servi\u00e7os b\u00e1sicos, incluindo saneamento, sa\u00fade e educa\u00e7\u00e3o (que comp\u00f5em a <a href=\"http:\/\/bit.ly\/2KbLa9v\" target=\"_blank\" rel=\"noopener noreferrer\">Agenda Rio 2030<\/a>), o movimento lan\u00e7ou uma <a href=\"http:\/\/bit.ly\/2K50PTS\" target=\"_blank\" rel=\"noopener noreferrer\">plataforma digital<\/a> na qual candidatos a governador, deputado federal e estadual, e senador pelo Rio de Janeiro podem se comprometer com as propostas cadastradas por organiza\u00e7\u00f5es e apoiadas por cidad\u00e3os. Simultaneamente, o usu\u00e1rio ir\u00e1 priorizar as propostas da plataforma, de forma que dar\u00e1 &#8220;<em>match<\/em>&#8221; com o candidato que demonstrou mais afinidade no comprometimento com as propostas priorizadas por ele. No momento de publica\u00e7\u00e3o dessa mat\u00e9ria j\u00e1 eram mais de 200 propostas cidad\u00e3s, mais de 90 organiza\u00e7\u00f5es fazendo propostas, 120 candidatos comprometidos com as propostas e quase 900 indiv\u00edduos cadastrados. Ap\u00f3s as elei\u00e7\u00f5es, a plataforma continuar\u00e1 dispon\u00edvel de forma que as pessoas possam verificar com quais propostas os candidatos eleitos comprometeram-se e monitorar sua execu\u00e7\u00e3o.<\/p>\n<p><a href=\"http:\/\/rioonwatch.org.br\/wp-content\/uploads\/2018\/09\/rioporinteiro.jpg\"><img fetchpriority=\"high\" decoding=\"async\" class=\"aligncenter wp-image-36371 size-content\" title=\"A\u00e7\u00e3o de rua do movimento Rio por Inteiro. Foto: Facebook Casa Fluminense.\" src=\"http:\/\/rioonwatch.org.br\/wp-content\/uploads\/2018\/09\/rioporinteiro-620x264.jpg\" alt=\"\" width=\"620\" height=\"264\" srcset=\"https:\/\/rioonwatch.org.br\/wp-content\/uploads\/2018\/09\/rioporinteiro-620x264.jpg 620w, https:\/\/rioonwatch.org.br\/wp-content\/uploads\/2018\/09\/rioporinteiro-940x400.jpg 940w\" sizes=\"(max-width: 620px) 100vw, 620px\" \/><\/a><\/p>\n<p>Outra plataforma de combina\u00e7\u00e3o \u00e9 a <a href=\"http:\/\/bit.ly\/2v8PBbx\" target=\"_blank\" rel=\"noopener noreferrer\">TemMeuVoto.com<\/a>, que opera a n\u00edvel nacional para os candidatos a deputado estadual, deputado federal e senador. Diferentemente da Rio por Inteiro, a combina\u00e7\u00e3o n\u00e3o ocorre ap\u00f3s o candidato se comprometer com propostas feitas pela sociedade civil, mas quando o usu\u00e1rio responde seis perguntas relacionadas aos ideais e programas de governo dos candidatos. As perguntas abrangem a integridade do candidato, a sua posi\u00e7\u00e3o quanto \u00e0 economia e o bem-estar social e quais s\u00e3o seus temas priorit\u00e1rios. No final, s\u00e3o apresentados os 10 candidatos mais alinhados com as respostas para que o usu\u00e1rio fa\u00e7a sua escolha, al\u00e9m de informa\u00e7\u00f5es como\u00a0partido, biografia e processos e condena\u00e7\u00f5es (se houver). \u00c9 importante ressaltar que apenas os candidatos que se cadastram espontaneamente na plataforma s\u00e3o considerados nas perguntas sobre propostas e alinhamentos ideol\u00f3gicos, de forma que o universo do resultado final \u00e9 restrito a esses cadastrados (cerca de 10% do total de candidatos). Quem est\u00e1 por tr\u00e1s da plataforma s\u00e3o alguns dos movimentos de renova\u00e7\u00e3o pol\u00edtica <a href=\"http:\/\/bit.ly\/2nIUDao\" target=\"_blank\" rel=\"noopener noreferrer\">j\u00e1 mencionados nesta s\u00e9rie<\/a> de mat\u00e9rias, al\u00e9m de iniciativas de educa\u00e7\u00e3o pol\u00edtica, como o <a href=\"http:\/\/bit.ly\/2AyBFNe\" target=\"_blank\" rel=\"noopener noreferrer\">Politize<\/a>.<\/p>\n<p>Similarmente, o <a href=\"http:\/\/bit.ly\/2N7dKKF\" target=\"_blank\" rel=\"noopener noreferrer\">VozAtiva.org<\/a> tamb\u00e9m faz um <em>matching<\/em> baseado em perguntas respondidas pelo usu\u00e1rio, exclusivamente com candidatos a deputado federal de qualquer estado do Brasil. A diferen\u00e7a \u00e9 que as perguntas pedem que o usu\u00e1rio se posicione a favor ou contra 10 afirma\u00e7\u00f5es por tema (meio ambiente, direitos humanos, nova economia, integridade e transpar\u00eancia, transversal). Tamb\u00e9m s\u00e3o contabilizados somente os candidatos que se cadastram na plataforma. A plataforma foi <a href=\"http:\/\/bit.ly\/2MpdiSR\" target=\"_blank\" rel=\"noopener noreferrer\">concebida por 30 organiza\u00e7\u00f5es<\/a> da sociedade civil que atuam com\u00a0direitos humanos, integridade e transpar\u00eancia, meio ambiente, clima, e neg\u00f3cios de impacto para uma nova economia, como o <a href=\"http:\/\/bit.ly\/2xdBq6f\" target=\"_blank\" rel=\"noopener noreferrer\">Inesc<\/a>, <a href=\"http:\/\/bit.ly\/2CZNNs2\" target=\"_blank\" rel=\"noopener noreferrer\">GIFE<\/a>, <a href=\"http:\/\/bit.ly\/2estc17\" target=\"_blank\" rel=\"noopener noreferrer\">Instituto Ethos<\/a>, <a href=\"http:\/\/bit.ly\/2Mvs8Hv\" target=\"_blank\" rel=\"noopener noreferrer\">Transpar\u00eancia Internacional<\/a>, <a href=\"http:\/\/bit.ly\/2p9fk0s\" target=\"_blank\" rel=\"noopener noreferrer\">Engajamundo<\/a> e o\u00a0<a href=\"http:\/\/bit.ly\/2OnnixT\" target=\"_blank\" rel=\"noopener noreferrer\">Instituto Clima e Sociedade<\/a> (ICS). Ap\u00f3s as elei\u00e7\u00f5es, a plataforma ficar\u00e1 dispon\u00edvel para o monitoramento da atua\u00e7\u00e3o dos eleitos frente aos posicionamentos l\u00e1 registrados.<\/p>\n<p><a href=\"http:\/\/rioonwatch.org.br\/wp-content\/uploads\/2018\/09\/calculadora-e1536964703828.png\"><img decoding=\"async\" class=\"aligncenter size-content wp-image-36375\" src=\"http:\/\/rioonwatch.org.br\/wp-content\/uploads\/2018\/09\/calculadora-e1536964703828-620x264.png\" alt=\"\" width=\"620\" height=\"264\" srcset=\"https:\/\/rioonwatch.org.br\/wp-content\/uploads\/2018\/09\/calculadora-e1536964703828-620x264.png 620w, https:\/\/rioonwatch.org.br\/wp-content\/uploads\/2018\/09\/calculadora-e1536964703828-618x264.png 618w, https:\/\/rioonwatch.org.br\/wp-content\/uploads\/2018\/09\/calculadora-e1536964703828-768x328.png 768w, https:\/\/rioonwatch.org.br\/wp-content\/uploads\/2018\/09\/calculadora-e1536964703828-1024x437.png 1024w, https:\/\/rioonwatch.org.br\/wp-content\/uploads\/2018\/09\/calculadora-e1536964703828-940x400.png 940w, https:\/\/rioonwatch.org.br\/wp-content\/uploads\/2018\/09\/calculadora-e1536964703828.png 1843w\" sizes=\"(max-width: 620px) 100vw, 620px\" \/><\/a><\/p>\n<p>Tamb\u00e9m as <a href=\"http:\/\/bit.ly\/2MtkVrB\" target=\"_blank\" rel=\"noopener noreferrer\">Calculadoras de Afinidade Eleitoral<\/a> (para presidenci\u00e1veis) e <a href=\"http:\/\/bit.ly\/2p2J3Id\" target=\"_blank\" rel=\"noopener noreferrer\">Partid\u00e1ria<\/a> (para definir as legendas que ajudem a votar em deputados e senadores) se organizam por um princ\u00edpio parecido de combina\u00e7\u00e3o com candidatos e partidos a partir da resposta do usu\u00e1rio a quest\u00f5es sobre temas como educa\u00e7\u00e3o, seguran\u00e7a, prote\u00e7\u00e3o social, economia, energia e democracia. J\u00e1 o <a href=\"http:\/\/bit.ly\/2xdmvsL\" target=\"_blank\" rel=\"noopener noreferrer\">Quem me Representa?<\/a> calcula a afinidade do usu\u00e1rio tamb\u00e9m em rela\u00e7\u00e3o aos presidenci\u00e1veis e partidos, al\u00e9m de aos deputados federais em exerc\u00edcio a partir das respostas a uma lista \u00fanica de perguntas. Finalmente, o\u00a0<a href=\"http:\/\/bit.ly\/2xaITTA\" target=\"_blank\" rel=\"noopener noreferrer\">PolitiQuem<\/a> \u00e9 uma plataforma colaborativa que permite visualizar e comparar o posicionamento dos candidatos acerca dos temas de pol\u00edtica de drogas, direitos LGBTI, reforma trabalhista, legalidade do aborto e porte de armas para orientar a escolha do candidato \u00e0 presid\u00eancia.<\/p>\n<h3>Por Mais Representatividade<\/h3>\n<p>O\u00a0<a href=\"http:\/\/bit.ly\/2K9opy5\" target=\"_blank\" rel=\"noopener noreferrer\">#MeRepresenta<\/a> re\u00fane candidatos de todos os partidos e a todos os cargos comprometidos com pautas de grupos politicamente marginalizados, como LGBTQ+, negros, mulheres e perif\u00e9ricos. A plataforma\u00a0permite que o usu\u00e1rio filtre todos os candidatos cadastrados por estado, por partido, por ra\u00e7a, por g\u00eanero e por pauta. Essa \u00faltima inclui a desmilitariza\u00e7\u00e3o da pol\u00edcia, a defesa de desapropria\u00e7\u00f5es para fins sociais, a\u00e7\u00f5es afirmativas raciais e cota para mulheres no legislativo e combate \u00e0 viol\u00eancia contra a mulher. O objetivo \u00e9 aproximar esses grupos da pol\u00edtica e eleger candidatos comprometidos com essas causas e com o fortalecimento de uma democracia transparente e participativa. A plataforma j\u00e1 funcionou em 2016 para ajudar na escolha de candidatos a vereador em todo o pa\u00eds, atingindo 1 milh\u00e3o de visualiza\u00e7\u00f5es e 150.000 usu\u00e1rios. Nessas elei\u00e7\u00f5es, o #MeRepresenta tamb\u00e9m buscar\u00e1 combater o discurso de \u00f3dio e discriminat\u00f3rio praticado por candidatos, assim como as pr\u00e1ticas dos partidos de se valerem de candidaturas n\u00e3o reais de mulheres, especialmente de mulheres negras, de baixa renda e escolaridade, para preenchimento de quota. Dentre as organiza\u00e7\u00f5es envolvidas est\u00e3o a <a href=\"http:\/\/bit.ly\/2NcF8qX\" target=\"_blank\" rel=\"noopener noreferrer\">Blogueiras Negras<\/a>, a\u00a0Funda\u00e7\u00e3o Cidadania Inteligente, a <a href=\"http:\/\/bit.ly\/2Mvszl7\" target=\"_blank\" rel=\"noopener noreferrer\">Rede Feminista de Juristas<\/a>\u00a0(DeFEMde)\u00a0e a <a href=\"http:\/\/bit.ly\/2xc88EU\" target=\"_blank\" rel=\"noopener noreferrer\">#VoteLGBT<\/a>.<\/p>\n<p>O <a href=\"http:\/\/bit.ly\/2Qv4QEQ\" target=\"_blank\" rel=\"noopener noreferrer\">Mapa das Minas<\/a>, por sua vez, re\u00fane candidaturas femininas no Rio de Janeiro, exibidas em um mapa por cargo, munic\u00edpio e regi\u00e3o da cidade, sendo poss\u00edvel filtr\u00e1-las ainda de acordo com uma s\u00e9rie de pautas feministas e partido pol\u00edtico.\u00a0Outro exemplo \u00e9 a plataforma <a href=\"http:\/\/bit.ly\/2uXXmkT\" target=\"_blank\" rel=\"noopener noreferrer\">Mulheres Negras Decidem<\/a>, da rede\u00a0<a href=\"http:\/\/bit.ly\/2v5iO6H\" target=\"_blank\" rel=\"noopener noreferrer\">Umunna<\/a>, uma rede de mulheres negras que <a href=\"http:\/\/bit.ly\/2LU5QzH\" target=\"_blank\" rel=\"noopener noreferrer\">querem discutir pol\u00edtica<\/a> institucional e engajar-se no debate eleitoral. Umunna significa irmandade em igbo, l\u00edngua falada na Nig\u00e9ria, territ\u00f3rio de origem de grandes propor\u00e7\u00f5es das pessoas historicamente escravizadas trazidas ao Brasil. Por meio de sua plataforma, elas est\u00e3o produzindo e divulgando dados sobre as candidaturas de mulheres negras, como propor\u00e7\u00e3o de financiamento que recebem (2,5%) e chances de serem eleitas (1,6%) e <a href=\"http:\/\/bit.ly\/2uThxjF\" target=\"_blank\" rel=\"noopener noreferrer\">desconstruindo mitos<\/a> relacionados \u00e0 mulheres negras e pol\u00edtica, como &#8220;mulher negra s\u00f3 ganha elei\u00e7\u00e3o com votos de regi\u00f5es de elite branca&#8221; e &#8220;mulheres negras n\u00e3o t\u00eam forma\u00e7\u00e3o para ocuparem cargos de poder&#8221;, de forma a incentivar a participa\u00e7\u00e3o desse segmento da popula\u00e7\u00e3o no debate pol\u00edtico e na pol\u00edtica institucional.<\/p>\n<p><a href=\"http:\/\/rioonwatch.org.br\/wp-content\/uploads\/2018\/07\/Plataforma-Mulheres-Negras-Decidem.jpg\"><img loading=\"lazy\" decoding=\"async\" class=\"aligncenter wp-image-35015 size-content\" title=\"Foto de divulga\u00e7\u00e3o da plataforma &quot;Mulheres Negras Decidem&quot;. Foto: Facebook Ummuna.\" src=\"http:\/\/rioonwatch.org.br\/wp-content\/uploads\/2018\/07\/Plataforma-Mulheres-Negras-Decidem-620x264.jpg\" alt=\"\" width=\"620\" height=\"264\" srcset=\"https:\/\/rioonwatch.org.br\/wp-content\/uploads\/2018\/07\/Plataforma-Mulheres-Negras-Decidem-620x264.jpg 620w, https:\/\/rioonwatch.org.br\/wp-content\/uploads\/2018\/07\/Plataforma-Mulheres-Negras-Decidem-1030x438.jpg 1030w, https:\/\/rioonwatch.org.br\/wp-content\/uploads\/2018\/07\/Plataforma-Mulheres-Negras-Decidem-940x400.jpg 940w\" sizes=\"(max-width: 620px) 100vw, 620px\" \/><\/a><\/p>\n<h3>Para Investigar seu Candidato<\/h3>\n<p>A plataforma <a href=\"http:\/\/bit.ly\/2Oc9nuj\" target=\"_blank\" rel=\"noopener noreferrer\">Publique-se<\/a>, por sua vez, uma iniciativa da <a href=\"http:\/\/bit.ly\/2MwiQLt\" target=\"_blank\" rel=\"noopener noreferrer\">Abraji<\/a> (Associa\u00e7\u00e3o Brasileira de Jornalismo Investigativo), permite buscar o nome de um candidato <a href=\"http:\/\/bit.ly\/2p43zIw\" target=\"_blank\" rel=\"noopener noreferrer\">em centenas de milhares de a\u00e7\u00f5es<\/a> do <a href=\"http:\/\/bit.ly\/2PkJr0K\" target=\"_blank\" rel=\"noopener noreferrer\">Supremo Tribunal Federal<\/a> (STF) e no <a href=\"http:\/\/bit.ly\/2OksSRt\" target=\"_blank\" rel=\"noopener noreferrer\">Superior Tribunal de Justi\u00e7a<\/a> (STJ), n\u00e3o somente aquelas em que ele \u00e9 r\u00e9u ou investigado, mas todas as cita\u00e7\u00f5es ao seu nome nos documentos em quest\u00e3o, de forma a informar eleitores em geral e jornalistas sobre a conduta dos candidatos.<\/p>\n<p>A plataforma <a href=\"http:\/\/bit.ly\/2Mw0Q3I\" target=\"_blank\" rel=\"noopener noreferrer\">Candidaturas Heredit\u00e1rias<\/a>, por sua vez, permite que o usu\u00e1rio visualize quais as fam\u00edlias que t\u00eam dois ou mais membros na pol\u00edtica, de forma a denunciar a falta de renova\u00e7\u00e3o e diversidade na pol\u00edtica. Segundo a plataforma, j\u00e1 passaram, s\u00f3 na C\u00e2mara dos Deputados, mais de 300 deputados que tinham membros da fam\u00edlia que ocuparam outros cargos eletivos. \u00c9 o caso de Marco Ant\u00f4nio Cabral, filho de\u00a0<a href=\"http:\/\/bit.ly\/1kyUVb3\" target=\"_blank\" rel=\"noopener noreferrer\">S\u00e9rgio Cabral<\/a>\u00a0(ex-governador do Rio) e primo de <a href=\"http:\/\/bit.ly\/2p9ImNn\" target=\"_blank\" rel=\"noopener noreferrer\">A\u00e9cio Neves<\/a>\u00a0(senador por Minas Gerais) e <a href=\"http:\/\/bit.ly\/2xgRTpl\" target=\"_blank\" rel=\"noopener noreferrer\">Francisco Dornelles<\/a> (vice-governador do Rio), sobrinho-neto de <a href=\"http:\/\/bit.ly\/2xdnedj\" target=\"_blank\" rel=\"noopener noreferrer\">Tancredo Neves<\/a> (ex-presidente), e que busca a reelei\u00e7\u00e3o como deputado federal no Rio.<\/p>\n<p><a href=\"http:\/\/rioonwatch.org.br\/wp-content\/uploads\/2018\/09\/hereditario-e1536964041139.png\"><img loading=\"lazy\" decoding=\"async\" class=\"aligncenter wp-image-36373 size-content\" title=\"Plataforma &quot;Candidaturas Heredit\u00e1rias&quot;.\" src=\"http:\/\/rioonwatch.org.br\/wp-content\/uploads\/2018\/09\/hereditario-e1536964041139-620x264.png\" alt=\"\" width=\"620\" height=\"264\" srcset=\"https:\/\/rioonwatch.org.br\/wp-content\/uploads\/2018\/09\/hereditario-e1536964041139-620x264.png 620w, https:\/\/rioonwatch.org.br\/wp-content\/uploads\/2018\/09\/hereditario-e1536964041139-618x264.png 618w, https:\/\/rioonwatch.org.br\/wp-content\/uploads\/2018\/09\/hereditario-e1536964041139-768x328.png 768w, https:\/\/rioonwatch.org.br\/wp-content\/uploads\/2018\/09\/hereditario-e1536964041139-1024x437.png 1024w, https:\/\/rioonwatch.org.br\/wp-content\/uploads\/2018\/09\/hereditario-e1536964041139-940x400.png 940w, https:\/\/rioonwatch.org.br\/wp-content\/uploads\/2018\/09\/hereditario-e1536964041139.png 1920w\" sizes=\"(max-width: 620px) 100vw, 620px\" \/><\/a><\/p>\n<p>J\u00e1 o aplicativo <a href=\"http:\/\/bit.ly\/2QwYB3B\" target=\"_blank\" rel=\"noopener noreferrer\">Detector de Ficha de Pol\u00edtico<\/a>, do <a href=\"http:\/\/bit.ly\/2xaMjWz\" target=\"_blank\" rel=\"noopener noreferrer\">Instituto Reclame Aqui<\/a> (que possui uma conhecida plataforma de reivindica\u00e7\u00f5es de consumidores), faz reconhecimento facial a partir de fotos (de panfletos, santinhos, comerciais de TV, com\u00edcios ao vivo, etc.) para\u00a0detectar os processos criminais, a\u00e7\u00f5es de improbidade administrativa e inqu\u00e9ritos que o pol\u00edtico em quest\u00e3o responde na justi\u00e7a. A Reclame Aqui tamb\u00e9m lan\u00e7ou o plugin\u00a0<a href=\"http:\/\/bit.ly\/2CXENUg\" target=\"_blank\" rel=\"noopener noreferrer\">Vigie Aqui<\/a>, que ao ser instalado destaca, em roxo, os nomes de pol\u00edticos que j\u00e1 ocuparam cargos eletivos com pend\u00eancias na justi\u00e7a em qualquer site que o usu\u00e1rio navegue. Passando o mouse por cima do nome, \u00e9 poss\u00edvel ver a ficha judicial do pol\u00edtico. Em sua abrang\u00eancia atual, os projetos cobrem o atual presidente e os ex-presidentes e senadores, deputados federais e governadores em exerc\u00edcio, de forma que n\u00e3o podem ser utilizados ainda para todos os candidatos das elei\u00e7\u00f5es 2018.<\/p>\n<h3>Para Checar Fatos e Combater Fake News<\/h3>\n<p>Temos finalmente\u00a0a checagem de fatos, j\u00e1 tratada na <a href=\"http:\/\/bit.ly\/2rYFc3h\" target=\"_blank\" rel=\"noopener noreferrer\">primeira mat\u00e9ria dessa s\u00e9rie<\/a>, que se vale da rapidez e disponibilidade de informa\u00e7\u00f5es online para checar informa\u00e7\u00f5es duvidosas e dados divulgados por candidatos de forma quase simult\u00e2nea. Al\u00e9m da\u00a0<a href=\"http:\/\/bit.ly\/2F75zpa\" target=\"_blank\" rel=\"noopener noreferrer\">Ag\u00eancia Lupa<\/a>, o site\u00a0<a href=\"http:\/\/bit.ly\/2E1PdPn\" target=\"_blank\" rel=\"noopener noreferrer\">Aos Fatos<\/a>, o\u00a0<a href=\"http:\/\/bit.ly\/2DwcuIk\" target=\"_blank\" rel=\"noopener noreferrer\">Detector de Mentiras<\/a>\u00a0do\u00a0<a href=\"http:\/\/bit.ly\/2qABIiE\" target=\"_blank\" rel=\"noopener noreferrer\">Meu Rio<\/a>, e o\u00a0<a href=\"http:\/\/bit.ly\/2BqCnqY\" target=\"_blank\" rel=\"noopener noreferrer\">Truco<\/a>\u00a0da\u00a0<a href=\"http:\/\/bit.ly\/2Dt7ST9\" target=\"_blank\" rel=\"noopener noreferrer\">Ag\u00eancia P\u00fablica<\/a>, j\u00e1 atuantes <a href=\"http:\/\/bit.ly\/2qScNX2\" target=\"_blank\" rel=\"noopener noreferrer\">desde as elei\u00e7\u00f5es de 2016<\/a> e j\u00e1 mencionados em <a href=\"http:\/\/bit.ly\/2rYFc3h\" target=\"_blank\" rel=\"noopener noreferrer\">mat\u00e9ria anterior<\/a>, temos\u00a0o <a href=\"http:\/\/bit.ly\/2NcFeil\" target=\"_blank\" rel=\"noopener noreferrer\">Projeto Comprova<\/a>, de uma <a href=\"http:\/\/bit.ly\/2Qr25Ve\" target=\"_blank\" rel=\"noopener noreferrer\">rede de parceiros<\/a> da grande m\u00eddia e do pr\u00f3prio Aos Fatos, al\u00e9m de canais de checagem espec\u00edficos de certos ve\u00edculos que n\u00e3o est\u00e3o restritos a fatos e discursos pol\u00edticos, mas qualquer not\u00edcia viral na internet, como o <a href=\"http:\/\/bit.ly\/2x6xUdQ\" target=\"_blank\" rel=\"noopener noreferrer\">Fato ou Fake<\/a> do <em><a href=\"https:\/\/glo.bo\/2NeaXj6\" target=\"_blank\" rel=\"noopener noreferrer\">G1<\/a><\/em>, o <a href=\"https:\/\/glo.bo\/2Offeis\" target=\"_blank\" rel=\"noopener noreferrer\">\u00c9 isso mesmo?<\/a> do\u00a0<em><a href=\"https:\/\/glo.bo\/2q0WbvA\" target=\"_blank\" rel=\"noopener noreferrer\">O Globo<\/a><\/em> e o <a href=\"http:\/\/bit.ly\/2N9Rosa\" target=\"_blank\" rel=\"noopener noreferrer\"><em>Uol<\/em> Confere<\/a>.<\/p>\n<p>Ainda nesse sentido, destacam-se duas iniciativas altamente inovadoras. A primeira \u00e9 o <a href=\"http:\/\/bit.ly\/2x6xhRs\" target=\"_blank\" rel=\"noopener noreferrer\">#TiraTeimaSobreDrogas,<\/a> um mecanismo de checagem do <a href=\"http:\/\/bit.ly\/2FYyZu1\" target=\"_blank\" rel=\"noopener noreferrer\">Centro de Estudos de Seguran\u00e7a e Cidadania<\/a> (CESeC) em parceria com o\u00a0<a href=\"http:\/\/bit.ly\/2pbZkuz\" target=\"_blank\" rel=\"noopener noreferrer\">Laborat\u00f3rio de Estudos Interdisciplinares sobre Psicoativos<\/a>\u00a0(Leipsi) para checar especificamente declara\u00e7\u00f5es de presidenci\u00e1veis no tema de pol\u00edtica de drogas. O segundo, o <a href=\"http:\/\/bit.ly\/2NAKTOx\" target=\"_blank\" rel=\"noopener noreferrer\">Checazap<\/a>, trata-se de uma checagem de fatos espec\u00edfica para conte\u00fados disseminados em grupos de WhatsApp proposta pelo\u00a0laborat\u00f3rio de jornalismo de dados <a href=\"http:\/\/bit.ly\/2lbFqNb\" target=\"_blank\" rel=\"noopener noreferrer\">Data_Labe<\/a> e a escola de jornalismo\u00a0<a href=\"http:\/\/bit.ly\/2MEJO4R\" target=\"_blank\" rel=\"noopener noreferrer\">\u00c9nois<\/a>. A checagem de fatos no aplicativo \u00e9 realizada por jovens de periferias do Rio e de S\u00e3o Paulo e \u00e9 essencialmente e frequentemente mais desafiadora que a checagem em outras plataformas devido ao car\u00e1ter n\u00e3o p\u00fablico dos conte\u00fados, que s\u00e3o repassados em grupos exclusivos, e pela velocidade de dissemina\u00e7\u00e3o, especialmente em grupos profissionais e familiares. O resultado da checagem \u00e9 distribu\u00eddo semanalmente no WhatsApp para os inscritos, al\u00e9m de <a href=\"https:\/\/glo.bo\/2OnbbRs\" target=\"_blank\" rel=\"noopener noreferrer\">na <em>CBN<\/em><\/a>\u00a0e\u00a0<a href=\"http:\/\/bit.ly\/2OiJcC9\" target=\"_blank\" rel=\"noopener noreferrer\">no <em>HuffPost Brasil<\/em><\/a>.<\/p>\n<p>H\u00e1 tamb\u00e9m a\u00a0<a href=\"http:\/\/bit.ly\/2OlZNoT\" target=\"_blank\" rel=\"noopener noreferrer\">Sala de Democracia Digital \u2013 #observa2018<\/a>, uma\u00a0iniciativa da\u00a0<a href=\"http:\/\/dapp.fgv.br\/\" target=\"_blank\" rel=\"noopener noreferrer\">Diretoria de An\u00e1lise de Pol\u00edticas P\u00fablicas<\/a> da\u00a0<a href=\"http:\/\/bit.ly\/2p7wATJ\" target=\"_blank\" rel=\"noopener noreferrer\">FGV<\/a>, que monitora a corrida eleitoral, incluindo o debate p\u00fablico e o impacto das not\u00edcias falsas nas redes sociais durante essas elei\u00e7\u00f5es, produzindo an\u00e1lises que v\u00e3o desde medir o fluxo de men\u00e7\u00f5es aos candidatos nas redes em tempo real at\u00e9 quantas dessas men\u00e7\u00f5es s\u00e3o <a href=\"http:\/\/bit.ly\/2xga5PV\" target=\"_blank\" rel=\"noopener noreferrer\">feitas por rob\u00f4s automatizados<\/a> e quais as informa\u00e7\u00f5es difundidas s\u00e3o falsas.<\/p>\n<p><a href=\"http:\/\/rioonwatch.org.br\/wp-content\/uploads\/2018\/09\/dapp-fgv.jpeg\"><img loading=\"lazy\" decoding=\"async\" class=\"aligncenter wp-image-36374 size-medium\" title=\"Mapa de intera\u00e7\u00f5es sem rob\u00f4s sobre os presidenci\u00e1veis. 6.530.435 retu\u00edtes | data de an\u00e1lise: 05.set a 11.set. Fonte: DAPP FGV.\" src=\"http:\/\/rioonwatch.org.br\/wp-content\/uploads\/2018\/09\/dapp-fgv-620x465.jpeg\" alt=\"\" width=\"620\" height=\"465\" srcset=\"https:\/\/rioonwatch.org.br\/wp-content\/uploads\/2018\/09\/dapp-fgv-620x465.jpeg 620w, https:\/\/rioonwatch.org.br\/wp-content\/uploads\/2018\/09\/dapp-fgv-352x264.jpeg 352w, https:\/\/rioonwatch.org.br\/wp-content\/uploads\/2018\/09\/dapp-fgv-768x576.jpeg 768w, https:\/\/rioonwatch.org.br\/wp-content\/uploads\/2018\/09\/dapp-fgv-174x131.jpeg 174w, https:\/\/rioonwatch.org.br\/wp-content\/uploads\/2018\/09\/dapp-fgv-300x225.jpeg 300w, https:\/\/rioonwatch.org.br\/wp-content\/uploads\/2018\/09\/dapp-fgv-70x53.jpeg 70w, https:\/\/rioonwatch.org.br\/wp-content\/uploads\/2018\/09\/dapp-fgv.jpeg 800w\" sizes=\"(max-width: 620px) 100vw, 620px\" \/><\/a><\/p>\n<p>O <a href=\"http:\/\/bit.ly\/2QwwHED\" target=\"_blank\" rel=\"noopener noreferrer\">Voc\u00ea Na Mira<\/a>, por sua vez, \u00e9 um plugin que permite que o usu\u00e1rio veja que campanhas est\u00e3o direcionando propagandas pol\u00edticas para ela ou ele no Facebook (o que passou a ser regulamentado e <a href=\"http:\/\/bit.ly\/2O6FTi5\" target=\"_blank\" rel=\"noopener noreferrer\">permitido nas novas regras eleitorais<\/a>, desde que feito pelo perfil do candidato ou do partido), como publica\u00e7\u00f5es impulsionadas, e quais s\u00e3o os interesses do usu\u00e1rio que motivam esse direcionamento, com o objetivo de conferir transpar\u00eancia a essas t\u00e1ticas de campanha e o impacto das redes sociais nas elei\u00e7\u00f5es.<\/p>\n<p>Finalmente, a iniciativa <a href=\"http:\/\/bit.ly\/2OnrXzN\" target=\"_blank\" rel=\"noopener noreferrer\">Elei\u00e7\u00e3o sem Truque<\/a>, da <a href=\"http:\/\/bit.ly\/2NgPeqL\" target=\"_blank\" rel=\"noopener noreferrer\">Rede de Justi\u00e7a Criminal<\/a>, visa compartilhar com os eleitores informa\u00e7\u00f5es qualificadas sobre pautas de seguran\u00e7a e justi\u00e7a e possui um mecanismo de envio autom\u00e1tico de perguntas sobre esses temas aos candidatos selecionados pelo usu\u00e1rio, de forma que os eleitores desenvolvam uma percep\u00e7\u00e3o cr\u00edtica acerca das promessas muitas vezes inating\u00edveis feitas pelos candidatos e escolham melhor o seu voto.<\/p>\n<p><i>Esta \u00e9 a s\u00e9tima mat\u00e9ria de uma\u00a0<\/i><a href=\"http:\/\/bit.ly\/EleicoesRio2018\" target=\"_blank\" rel=\"noopener noreferrer\"><i>s\u00e9rie<\/i><\/a><i>\u00a0sobre o cen\u00e1rio pol\u00edtico brasileiro para 2018.<\/i><\/p>\n<!-- AddThis Advanced Settings generic via filter on the_content --><!-- AddThis Share Buttons generic via filter on the_content -->","protected":false},"excerpt":{"rendered":"<div class=\"mh-excerpt\"><p>Click Here for English Esta \u00e9 a s\u00e9tima mat\u00e9ria de uma\u00a0s\u00e9rie\u00a0sobre o cen\u00e1rio pol\u00edtico brasileiro para 2018. Diferente dos movimentos de renova\u00e7\u00e3o pol\u00edtica e candidaturas alternativas, que visam fazer a transforma\u00e7\u00e3o por dentro da estrutura <a class=\"mh-excerpt-more\" href=\"https:\/\/rioonwatch.org.br\/?p=34047\" title=\"O Que Esperar da Pol\u00edtica Brasileira em 2018? Parte 7: Tecnologias Novas Impulsionam Transpar\u00eancia [REFER\u00caNCIA]\">[&#8230;]<\/a><!-- AddThis Advanced Settings generic via filter on get_the_excerpt --><!-- AddThis Share Buttons generic via filter on get_the_excerpt --><\/p>\n<\/div>","protected":false},"author":152,"featured_media":36378,"comment_status":"closed","ping_status":"closed","sticky":false,"template":"","format":"standard","meta":{"_acf_changed":false,"_monsterinsights_skip_tracking":false,"_monsterinsights_sitenote_active":false,"_monsterinsights_sitenote_note":"","_monsterinsights_sitenote_category":0,"footnotes":""},"categories":[1618,1621,1631,344,1612,342],"tags":[1901,3253,1818,1597,2425,310,479,1454,457,1535,42,732,527,1637,1299,379,304,1033,1511,838,786,2273,1109,1457,305],"writer":[1994],"translator":[],"source":[],"ilustrador":[],"fotografo":[],"class_list":{"0":"post-34047","1":"post","2":"type-post","3":"status-publish","4":"format-standard","5":"has-post-thumbnail","7":"category-olhonaparticipacao","8":"category-destaque","9":"category-entendendo-o-rio","10":"category-politicas","11":"category-sociedade-civil","12":"category-solucoes","13":"tag-agencia-publica","14":"tag-antirracismo","15":"tag-aplicativo","16":"tag-casa-fluminense","17":"tag-cesec","18":"tag-corrupcao","19":"tag-democracia","20":"tag-direito-a-comunicacao","21":"tag-eleicoes","22":"tag-facebook","23":"tag-genero","24":"tag-globo","25":"tag-inovacao","26":"tag-referencia","27":"tag-meu-rio","28":"tag-midia-social","29":"tag-participacao","30":"tag-politica","31":"tag-politica-de-seguranca","32":"tag-politica-publica","33":"tag-governador-sergio-cabral","34":"tag-serie-monitoramento-2018","35":"tag-sociedade-civil","36":"tag-tecnologia","37":"tag-transparencia","38":"writer-luisa-fenizola"},"acf":[],"yoast_head":"<!-- This site is optimized with the Yoast SEO plugin v25.6 - https:\/\/yoast.com\/wordpress\/plugins\/seo\/ -->\n<title>O Que Esperar da Pol\u00edtica Brasileira em 2018? Parte 7: Tecnologias Novas Impulsionam Transpar\u00eancia [REFER\u00caNCIA] - RioOnWatch<\/title>\n<meta name=\"robots\" content=\"index, follow, max-snippet:-1, max-image-preview:large, max-video-preview:-1\" \/>\n<link rel=\"canonical\" href=\"https:\/\/rioonwatch.org.br\/?p=34047\" \/>\n<meta property=\"og:locale\" content=\"pt_BR\" \/>\n<meta property=\"og:type\" content=\"article\" \/>\n<meta property=\"og:title\" content=\"O Que Esperar da Pol\u00edtica Brasileira em 2018? Parte 7: Tecnologias Novas Impulsionam Transpar\u00eancia [REFER\u00caNCIA] - RioOnWatch\" \/>\n<meta property=\"og:description\" content=\"Click Here for English Esta \u00e9 a s\u00e9tima mat\u00e9ria de uma\u00a0s\u00e9rie\u00a0sobre o cen\u00e1rio pol\u00edtico brasileiro para 2018. Diferente dos movimentos de renova\u00e7\u00e3o pol\u00edtica e candidaturas alternativas, que visam fazer a transforma\u00e7\u00e3o por dentro da estrutura [...]\" \/>\n<meta property=\"og:url\" content=\"https:\/\/rioonwatch.org.br\/?p=34047\" \/>\n<meta property=\"og:site_name\" content=\"RioOnWatch\" \/>\n<meta property=\"article:published_time\" content=\"2018-09-17T11:28:35+00:00\" \/>\n<meta property=\"article:modified_time\" content=\"2024-06-20T15:34:55+00:00\" \/>\n<meta property=\"og:image\" content=\"https:\/\/rioonwatch.org.br\/wp-content\/uploads\/2018\/09\/elei\u00e7\u00e3o-sem-truque-e1536965097413.png\" \/>\n\t<meta property=\"og:image:width\" content=\"1915\" \/>\n\t<meta property=\"og:image:height\" content=\"816\" \/>\n\t<meta property=\"og:image:type\" content=\"image\/png\" \/>\n<meta name=\"author\" content=\"Luisa Fenizola\" \/>\n<meta name=\"twitter:card\" content=\"summary_large_image\" \/>\n<meta name=\"twitter:label1\" content=\"Escrito por\" \/>\n\t<meta name=\"twitter:data1\" content=\"Luisa Fenizola\" \/>\n\t<meta name=\"twitter:label2\" content=\"Est. tempo de leitura\" \/>\n\t<meta name=\"twitter:data2\" content=\"13 minutos\" \/>\n<script type=\"application\/ld+json\" class=\"yoast-schema-graph\">{\"@context\":\"https:\/\/schema.org\",\"@graph\":[{\"@type\":\"Article\",\"@id\":\"https:\/\/rioonwatch.org.br\/?p=34047#article\",\"isPartOf\":{\"@id\":\"https:\/\/rioonwatch.org.br\/?p=34047\"},\"author\":{\"name\":\"Luisa Fenizola\",\"@id\":\"https:\/\/rioonwatch.org.br\/#\/schema\/person\/f443c6b55bb6e80842280318076491c5\"},\"headline\":\"O Que Esperar da Pol\u00edtica Brasileira em 2018? Parte 7: Tecnologias Novas Impulsionam Transpar\u00eancia [REFER\u00caNCIA]\",\"datePublished\":\"2018-09-17T11:28:35+00:00\",\"dateModified\":\"2024-06-20T15:34:55+00:00\",\"mainEntityOfPage\":{\"@id\":\"https:\/\/rioonwatch.org.br\/?p=34047\"},\"wordCount\":2207,\"publisher\":{\"@id\":\"https:\/\/rioonwatch.org.br\/#organization\"},\"image\":{\"@id\":\"https:\/\/rioonwatch.org.br\/?p=34047#primaryimage\"},\"thumbnailUrl\":\"https:\/\/rioonwatch.org.br\/wp-content\/uploads\/2018\/09\/elei\u00e7\u00e3o-sem-truque-e1536965097413.png\",\"keywords\":[\"Ag\u00eancia P\u00fablica\",\"Antirracismo\",\"aplicativo\",\"Casa Fluminense\",\"CESeC\",\"corrup\u00e7\u00e3o\",\"Democracia\",\"direito \u00e0 comunica\u00e7\u00e3o\",\"Elei\u00e7\u00f5es\",\"Facebook\",\"g\u00eanero\",\"Globo\",\"inova\u00e7\u00e3o\",\"Mat\u00e9rias de Refer\u00eancia\",\"Meu Rio\",\"m\u00eddia social\",\"participa\u00e7\u00e3o\",\"pol\u00edtica\",\"pol\u00edtica de seguran\u00e7a\",\"pol\u00edtica p\u00fablica\",\"S\u00e9rgio Cabral\",\"S\u00e9rie: Monitoramento 2018\",\"sociedade civil\",\"tecnologia\",\"transpar\u00eancia\"],\"articleSection\":[\"#OlhoNaParticipa\u00e7\u00e3o\",\"*Destaque\",\"Entendendo o Rio\",\"Pol\u00edticas\",\"Sociedade Civil\",\"Solu\u00e7\u00f5es\"],\"inLanguage\":\"pt-BR\"},{\"@type\":\"WebPage\",\"@id\":\"https:\/\/rioonwatch.org.br\/?p=34047\",\"url\":\"https:\/\/rioonwatch.org.br\/?p=34047\",\"name\":\"O Que Esperar da Pol\u00edtica Brasileira em 2018? Parte 7: Tecnologias Novas Impulsionam Transpar\u00eancia [REFER\u00caNCIA] - RioOnWatch\",\"isPartOf\":{\"@id\":\"https:\/\/rioonwatch.org.br\/#website\"},\"primaryImageOfPage\":{\"@id\":\"https:\/\/rioonwatch.org.br\/?p=34047#primaryimage\"},\"image\":{\"@id\":\"https:\/\/rioonwatch.org.br\/?p=34047#primaryimage\"},\"thumbnailUrl\":\"https:\/\/rioonwatch.org.br\/wp-content\/uploads\/2018\/09\/elei\u00e7\u00e3o-sem-truque-e1536965097413.png\",\"datePublished\":\"2018-09-17T11:28:35+00:00\",\"dateModified\":\"2024-06-20T15:34:55+00:00\",\"breadcrumb\":{\"@id\":\"https:\/\/rioonwatch.org.br\/?p=34047#breadcrumb\"},\"inLanguage\":\"pt-BR\",\"potentialAction\":[{\"@type\":\"ReadAction\",\"target\":[\"https:\/\/rioonwatch.org.br\/?p=34047\"]}]},{\"@type\":\"ImageObject\",\"inLanguage\":\"pt-BR\",\"@id\":\"https:\/\/rioonwatch.org.br\/?p=34047#primaryimage\",\"url\":\"https:\/\/rioonwatch.org.br\/wp-content\/uploads\/2018\/09\/elei\u00e7\u00e3o-sem-truque-e1536965097413.png\",\"contentUrl\":\"https:\/\/rioonwatch.org.br\/wp-content\/uploads\/2018\/09\/elei\u00e7\u00e3o-sem-truque-e1536965097413.png\",\"width\":1915,\"height\":816},{\"@type\":\"BreadcrumbList\",\"@id\":\"https:\/\/rioonwatch.org.br\/?p=34047#breadcrumb\",\"itemListElement\":[{\"@type\":\"ListItem\",\"position\":1,\"name\":\"In\u00edcio\",\"item\":\"https:\/\/rioonwatch.org.br\/\"},{\"@type\":\"ListItem\",\"position\":2,\"name\":\"O Que Esperar da Pol\u00edtica Brasileira em 2018? Parte 7: Tecnologias Novas Impulsionam Transpar\u00eancia [REFER\u00caNCIA]\"}]},{\"@type\":\"WebSite\",\"@id\":\"https:\/\/rioonwatch.org.br\/#website\",\"url\":\"https:\/\/rioonwatch.org.br\/\",\"name\":\"RioOnWatch\",\"description\":\"relatos das favelas cariocas\",\"publisher\":{\"@id\":\"https:\/\/rioonwatch.org.br\/#organization\"},\"potentialAction\":[{\"@type\":\"SearchAction\",\"target\":{\"@type\":\"EntryPoint\",\"urlTemplate\":\"https:\/\/rioonwatch.org.br\/?s={search_term_string}\"},\"query-input\":{\"@type\":\"PropertyValueSpecification\",\"valueRequired\":true,\"valueName\":\"search_term_string\"}}],\"inLanguage\":\"pt-BR\"},{\"@type\":\"Organization\",\"@id\":\"https:\/\/rioonwatch.org.br\/#organization\",\"name\":\"RioOnWatch\",\"url\":\"https:\/\/rioonwatch.org.br\/\",\"logo\":{\"@type\":\"ImageObject\",\"inLanguage\":\"pt-BR\",\"@id\":\"https:\/\/rioonwatch.org.br\/#\/schema\/logo\/image\/\",\"url\":\"https:\/\/rioonwatch.org.br\/wp-content\/uploads\/2021\/06\/RioOnWatchcabecalhoPT11anos-2.png\",\"contentUrl\":\"https:\/\/rioonwatch.org.br\/wp-content\/uploads\/2021\/06\/RioOnWatchcabecalhoPT11anos-2.png\",\"width\":779,\"height\":277,\"caption\":\"RioOnWatch\"},\"image\":{\"@id\":\"https:\/\/rioonwatch.org.br\/#\/schema\/logo\/image\/\"}},{\"@type\":\"Person\",\"@id\":\"https:\/\/rioonwatch.org.br\/#\/schema\/person\/f443c6b55bb6e80842280318076491c5\",\"name\":\"Luisa Fenizola\",\"image\":{\"@type\":\"ImageObject\",\"inLanguage\":\"pt-BR\",\"@id\":\"https:\/\/rioonwatch.org.br\/#\/schema\/person\/image\/\",\"url\":\"https:\/\/secure.gravatar.com\/avatar\/a3d551110162b9f876cbbdaaecf75663?s=96&d=blank&r=g\",\"contentUrl\":\"https:\/\/secure.gravatar.com\/avatar\/a3d551110162b9f876cbbdaaecf75663?s=96&d=blank&r=g\",\"caption\":\"Luisa Fenizola\"},\"url\":\"https:\/\/rioonwatch.org.br\/?author=152\"}]}<\/script>\n<!-- \/ Yoast SEO plugin. -->","yoast_head_json":{"title":"O Que Esperar da Pol\u00edtica Brasileira em 2018? Parte 7: Tecnologias Novas Impulsionam Transpar\u00eancia [REFER\u00caNCIA] - RioOnWatch","robots":{"index":"index","follow":"follow","max-snippet":"max-snippet:-1","max-image-preview":"max-image-preview:large","max-video-preview":"max-video-preview:-1"},"canonical":"https:\/\/rioonwatch.org.br\/?p=34047","og_locale":"pt_BR","og_type":"article","og_title":"O Que Esperar da Pol\u00edtica Brasileira em 2018? Parte 7: Tecnologias Novas Impulsionam Transpar\u00eancia [REFER\u00caNCIA] - RioOnWatch","og_description":"Click Here for English Esta \u00e9 a s\u00e9tima mat\u00e9ria de uma\u00a0s\u00e9rie\u00a0sobre o cen\u00e1rio pol\u00edtico brasileiro para 2018. Diferente dos movimentos de renova\u00e7\u00e3o pol\u00edtica e candidaturas alternativas, que visam fazer a transforma\u00e7\u00e3o por dentro da estrutura [...]","og_url":"https:\/\/rioonwatch.org.br\/?p=34047","og_site_name":"RioOnWatch","article_published_time":"2018-09-17T11:28:35+00:00","article_modified_time":"2024-06-20T15:34:55+00:00","og_image":[{"width":1915,"height":816,"url":"https:\/\/rioonwatch.org.br\/wp-content\/uploads\/2018\/09\/elei\u00e7\u00e3o-sem-truque-e1536965097413.png","type":"image\/png"}],"author":"Luisa Fenizola","twitter_card":"summary_large_image","twitter_misc":{"Escrito por":"Luisa Fenizola","Est. tempo de leitura":"13 minutos"},"schema":{"@context":"https:\/\/schema.org","@graph":[{"@type":"Article","@id":"https:\/\/rioonwatch.org.br\/?p=34047#article","isPartOf":{"@id":"https:\/\/rioonwatch.org.br\/?p=34047"},"author":{"name":"Luisa Fenizola","@id":"https:\/\/rioonwatch.org.br\/#\/schema\/person\/f443c6b55bb6e80842280318076491c5"},"headline":"O Que Esperar da Pol\u00edtica Brasileira em 2018? Parte 7: Tecnologias Novas Impulsionam Transpar\u00eancia [REFER\u00caNCIA]","datePublished":"2018-09-17T11:28:35+00:00","dateModified":"2024-06-20T15:34:55+00:00","mainEntityOfPage":{"@id":"https:\/\/rioonwatch.org.br\/?p=34047"},"wordCount":2207,"publisher":{"@id":"https:\/\/rioonwatch.org.br\/#organization"},"image":{"@id":"https:\/\/rioonwatch.org.br\/?p=34047#primaryimage"},"thumbnailUrl":"https:\/\/rioonwatch.org.br\/wp-content\/uploads\/2018\/09\/elei\u00e7\u00e3o-sem-truque-e1536965097413.png","keywords":["Ag\u00eancia P\u00fablica","Antirracismo","aplicativo","Casa Fluminense","CESeC","corrup\u00e7\u00e3o","Democracia","direito \u00e0 comunica\u00e7\u00e3o","Elei\u00e7\u00f5es","Facebook","g\u00eanero","Globo","inova\u00e7\u00e3o","Mat\u00e9rias de Refer\u00eancia","Meu Rio","m\u00eddia social","participa\u00e7\u00e3o","pol\u00edtica","pol\u00edtica de seguran\u00e7a","pol\u00edtica p\u00fablica","S\u00e9rgio Cabral","S\u00e9rie: Monitoramento 2018","sociedade civil","tecnologia","transpar\u00eancia"],"articleSection":["#OlhoNaParticipa\u00e7\u00e3o","*Destaque","Entendendo o Rio","Pol\u00edticas","Sociedade Civil","Solu\u00e7\u00f5es"],"inLanguage":"pt-BR"},{"@type":"WebPage","@id":"https:\/\/rioonwatch.org.br\/?p=34047","url":"https:\/\/rioonwatch.org.br\/?p=34047","name":"O Que Esperar da Pol\u00edtica Brasileira em 2018? Parte 7: Tecnologias Novas Impulsionam Transpar\u00eancia [REFER\u00caNCIA] - RioOnWatch","isPartOf":{"@id":"https:\/\/rioonwatch.org.br\/#website"},"primaryImageOfPage":{"@id":"https:\/\/rioonwatch.org.br\/?p=34047#primaryimage"},"image":{"@id":"https:\/\/rioonwatch.org.br\/?p=34047#primaryimage"},"thumbnailUrl":"https:\/\/rioonwatch.org.br\/wp-content\/uploads\/2018\/09\/elei\u00e7\u00e3o-sem-truque-e1536965097413.png","datePublished":"2018-09-17T11:28:35+00:00","dateModified":"2024-06-20T15:34:55+00:00","breadcrumb":{"@id":"https:\/\/rioonwatch.org.br\/?p=34047#breadcrumb"},"inLanguage":"pt-BR","potentialAction":[{"@type":"ReadAction","target":["https:\/\/rioonwatch.org.br\/?p=34047"]}]},{"@type":"ImageObject","inLanguage":"pt-BR","@id":"https:\/\/rioonwatch.org.br\/?p=34047#primaryimage","url":"https:\/\/rioonwatch.org.br\/wp-content\/uploads\/2018\/09\/elei\u00e7\u00e3o-sem-truque-e1536965097413.png","contentUrl":"https:\/\/rioonwatch.org.br\/wp-content\/uploads\/2018\/09\/elei\u00e7\u00e3o-sem-truque-e1536965097413.png","width":1915,"height":816},{"@type":"BreadcrumbList","@id":"https:\/\/rioonwatch.org.br\/?p=34047#breadcrumb","itemListElement":[{"@type":"ListItem","position":1,"name":"In\u00edcio","item":"https:\/\/rioonwatch.org.br\/"},{"@type":"ListItem","position":2,"name":"O Que Esperar da Pol\u00edtica Brasileira em 2018? Parte 7: Tecnologias Novas Impulsionam Transpar\u00eancia [REFER\u00caNCIA]"}]},{"@type":"WebSite","@id":"https:\/\/rioonwatch.org.br\/#website","url":"https:\/\/rioonwatch.org.br\/","name":"RioOnWatch","description":"relatos das favelas cariocas","publisher":{"@id":"https:\/\/rioonwatch.org.br\/#organization"},"potentialAction":[{"@type":"SearchAction","target":{"@type":"EntryPoint","urlTemplate":"https:\/\/rioonwatch.org.br\/?s={search_term_string}"},"query-input":{"@type":"PropertyValueSpecification","valueRequired":true,"valueName":"search_term_string"}}],"inLanguage":"pt-BR"},{"@type":"Organization","@id":"https:\/\/rioonwatch.org.br\/#organization","name":"RioOnWatch","url":"https:\/\/rioonwatch.org.br\/","logo":{"@type":"ImageObject","inLanguage":"pt-BR","@id":"https:\/\/rioonwatch.org.br\/#\/schema\/logo\/image\/","url":"https:\/\/rioonwatch.org.br\/wp-content\/uploads\/2021\/06\/RioOnWatchcabecalhoPT11anos-2.png","contentUrl":"https:\/\/rioonwatch.org.br\/wp-content\/uploads\/2021\/06\/RioOnWatchcabecalhoPT11anos-2.png","width":779,"height":277,"caption":"RioOnWatch"},"image":{"@id":"https:\/\/rioonwatch.org.br\/#\/schema\/logo\/image\/"}},{"@type":"Person","@id":"https:\/\/rioonwatch.org.br\/#\/schema\/person\/f443c6b55bb6e80842280318076491c5","name":"Luisa Fenizola","image":{"@type":"ImageObject","inLanguage":"pt-BR","@id":"https:\/\/rioonwatch.org.br\/#\/schema\/person\/image\/","url":"https:\/\/secure.gravatar.com\/avatar\/a3d551110162b9f876cbbdaaecf75663?s=96&d=blank&r=g","contentUrl":"https:\/\/secure.gravatar.com\/avatar\/a3d551110162b9f876cbbdaaecf75663?s=96&d=blank&r=g","caption":"Luisa Fenizola"},"url":"https:\/\/rioonwatch.org.br\/?author=152"}]}},"_links":{"self":[{"href":"https:\/\/rioonwatch.org.br\/index.php?rest_route=\/wp\/v2\/posts\/34047"}],"collection":[{"href":"https:\/\/rioonwatch.org.br\/index.php?rest_route=\/wp\/v2\/posts"}],"about":[{"href":"https:\/\/rioonwatch.org.br\/index.php?rest_route=\/wp\/v2\/types\/post"}],"author":[{"embeddable":true,"href":"https:\/\/rioonwatch.org.br\/index.php?rest_route=\/wp\/v2\/users\/152"}],"replies":[{"embeddable":true,"href":"https:\/\/rioonwatch.org.br\/index.php?rest_route=%2Fwp%2Fv2%2Fcomments&post=34047"}],"version-history":[{"count":34,"href":"https:\/\/rioonwatch.org.br\/index.php?rest_route=\/wp\/v2\/posts\/34047\/revisions"}],"predecessor-version":[{"id":74112,"href":"https:\/\/rioonwatch.org.br\/index.php?rest_route=\/wp\/v2\/posts\/34047\/revisions\/74112"}],"wp:featuredmedia":[{"embeddable":true,"href":"https:\/\/rioonwatch.org.br\/index.php?rest_route=\/wp\/v2\/media\/36378"}],"wp:attachment":[{"href":"https:\/\/rioonwatch.org.br\/index.php?rest_route=%2Fwp%2Fv2%2Fmedia&parent=34047"}],"wp:term":[{"taxonomy":"category","embeddable":true,"href":"https:\/\/rioonwatch.org.br\/index.php?rest_route=%2Fwp%2Fv2%2Fcategories&post=34047"},{"taxonomy":"post_tag","embeddable":true,"href":"https:\/\/rioonwatch.org.br\/index.php?rest_route=%2Fwp%2Fv2%2Ftags&post=34047"},{"taxonomy":"writer","embeddable":true,"href":"https:\/\/rioonwatch.org.br\/index.php?rest_route=%2Fwp%2Fv2%2Fwriter&post=34047"},{"taxonomy":"translator","embeddable":true,"href":"https:\/\/rioonwatch.org.br\/index.php?rest_route=%2Fwp%2Fv2%2Ftranslator&post=34047"},{"taxonomy":"source","embeddable":true,"href":"https:\/\/rioonwatch.org.br\/index.php?rest_route=%2Fwp%2Fv2%2Fsource&post=34047"},{"taxonomy":"ilustrador","embeddable":true,"href":"https:\/\/rioonwatch.org.br\/index.php?rest_route=%2Fwp%2Fv2%2Filustrador&post=34047"},{"taxonomy":"fotografo","embeddable":true,"href":"https:\/\/rioonwatch.org.br\/index.php?rest_route=%2Fwp%2Fv2%2Ffotografo&post=34047"}],"curies":[{"name":"wp","href":"https:\/\/api.w.org\/{rel}","templated":true}]}}