{"id":3406,"date":"2012-05-30T14:25:50","date_gmt":"2012-05-30T17:25:50","guid":{"rendered":"http:\/\/rioonwatch.org.br\/?p=3406"},"modified":"2025-09-16T11:11:46","modified_gmt":"2025-09-16T14:11:46","slug":"permacultura-agrofloresta-alimentos-organicos-e-muito-mais-que-voce-nao-associa-ao-alemao","status":"publish","type":"post","link":"https:\/\/rioonwatch.org.br\/?p=3406","title":{"rendered":"Permacultura, agrofloresta, alimentos org\u00e2nicos, e muito mais que voc\u00ea n\u00e3o associa ao Alem\u00e3o"},"content":{"rendered":"<p style=\"text-align: right;\"><em><strong><a href=\"http:\/\/bit.ly\/1yKDS19\" target=\"_blank\" rel=\"noopener\">Click Here for English<img decoding=\"async\" width=\"20\" height=\"20\" class=\"alignright wp-image-15790\" src=\"http:\/\/rioonwatch.org.br\/wp-content\/uploads\/2012\/08\/EN-standard-e1439583104716.jpg\" alt=\"\" \/><\/a><\/strong><\/em><\/p>\n<p>Complexo do Alem\u00e3o, um complexo de favelas na Zona Norte do Rio de Janeiro, \u00e9 talvez mais conhecido por sua hist\u00f3ria de viol\u00eancia relacionada ao tr\u00e1fico de drogas e a ocupa\u00e7\u00e3o da pol\u00edcia. No entanto, os membros do projeto da organiza\u00e7\u00e3o <a href=\"http:\/\/bit.ly\/nDPBim\">Verdejar<\/a> est\u00e3o trabalhando para chamar a aten\u00e7\u00e3o para a \u00e1rea por uma raz\u00e3o completamente diferente.<\/p>\n<p><img fetchpriority=\"high\" decoding=\"async\" class=\"alignright size-full wp-image-3756\" title=\"Verdejar do alto\" src=\"http:\/\/rioonwatch.org\/wp-content\/uploads\/2012\/05\/Verdejar_Do_Alto.jpg\" alt=\"\" width=\"300\" height=\"225\" \/><\/p>\n<p>O Verdejar foi fundado em 1997 por Luiz Carlos Matos Marins, conhecido como Luiz Poeta, que foi <a href=\"http:\/\/bit.ly\/QHchFt\">entrevistado pelo RioOnWatch<\/a> antes de seu falecimento no final de 2011. A id\u00e9ia de Poeta era criar trilhas e coleta de lixo na Serra da Miseric\u00f3rdia, que abriga o maior trecho da Mata Atl\u00e2ntica na Zona Norte do Rio de Janeiro, densamente urbana.<\/p>\n<p>O Verdejar foi fundado como uma institui\u00e7\u00e3o em 2004, tendo como objetivo principal a conserva\u00e7\u00e3o e recupera\u00e7\u00e3o ambiental da Serra. A Serra continua desprotegida pela legisla\u00e7\u00e3o governamental, apesar do fato de influenciar diretamente o fluxo de \u00e1gua para mais de 2 milh\u00f5es de habitantes da Zona Norte do Rio de Janeiro, e servir como abrigo para diversas esp\u00e9cies da Mata Atl\u00e2ntica, seus c\u00f3rregos e vegeta\u00e7\u00e3o ajudam a regular a temperatura local, contribuindo assim para aliviar o efeito da ilha de calor. Ele tamb\u00e9m tem um papel importante no controle da polui\u00e7\u00e3o atmosf\u00e9rica na regi\u00e3o mais polu\u00edda do Rio de Janeiro.<\/p>\n<p>O Verdejar tem implementado projetos para o reflorestamento da Serra, al\u00e9m de preservar o que est\u00e1 l\u00e1. Em 1998, membros do Verdejar criaram um jardim para limitar o crescimento da comunidade &#8220;S\u00e9rgio Silva.&#8221; A organiza\u00e7\u00e3o tamb\u00e9m explica como os projetos ambientais na Serra podem melhorar a qualidade de vida dos moradores locais. Por exemplo, produtos org\u00e2nicos crescem no Serra, por meio de uma horta comunit\u00e1ria e sistemas agroflorestais.<\/p>\n<p><img decoding=\"async\" class=\"alignright size-full wp-image-3851\" title=\"Bacia de evapotranspira\u00e7\u00e3o usando pneus\" src=\"http:\/\/rioonwatch.org\/wp-content\/uploads\/2012\/05\/Bacia-de-evapotranspira\u00e7\u00e3o-utilizando-Pneus.jpg\" alt=\"\" width=\"292\" height=\"219\" \/><\/p>\n<p>Mesmo com as preocupa\u00e7\u00f5es do Verdejar, as oportunidades que a conserva\u00e7\u00e3o e preserva\u00e7\u00e3o da Serra oferecem s\u00e3o abundantes. Edson, um co-fundador do Verdejar explica: &#8220;O desafio que enfrentamos \u00e9 tamb\u00e9m a nossa oportunidade de trabalhar. Onde as pessoas v\u00eaem problemas nas favelas vemos solu\u00e7\u00f5es, onde as pessoas v\u00eaem um lugar de exclus\u00e3o e mis\u00e9ria, vemos oportunidades.&#8221; Esta atitude se manifesta em resposta do Verdejar as suas lutas contra a ignor\u00e2ncia generalizada sobre a import\u00e2ncia de conservar e n\u00e3o destruir. A \u00eanfase est\u00e1 na educa\u00e7\u00e3o. Um dos resultados mais not\u00e1veis , tem sido a implementa\u00e7\u00e3o de caminhadas atrav\u00e9s da Serra, usadas para atrair visitantes e para mobilizar a opini\u00e3o p\u00fablica em favor da preserva\u00e7\u00e3o da floresta.<\/p>\n<p>O Verdejar coloca muita \u00eanfase na educa\u00e7\u00e3o dos jovens e por isso desenvolveu um projeto chamado Esta\u00e7\u00e3o Natureza. O projeto \u00e9 realizado no Centro de Educa\u00e7\u00e3o Ambiental, que ap\u00f3s uma longa luta, foi concedido ao Verdejar pelo Governo Federal no Programa de Acelera\u00e7\u00e3o do Crescimento, ou <a href=\"http:\/\/bit.ly\/NnSmIP\">PAC<\/a>. O centro pretende ser um espa\u00e7o na comunidade, onde programas de forma\u00e7\u00e3o de educa\u00e7\u00e3o ambiental podem ser organizados para gerar emprego e renda na comunidade atrav\u00e9s da gest\u00e3o ambiental. O curso deste m\u00eas, <a href=\"http:\/\/on.fb.me\/LS5Qix\">permacultura em 2 semanas<\/a> foi um enorme sucesso, trazendo as pessoas do Alem\u00e3o, de toda a cidade e de outros estados.<\/p>\n<p><img loading=\"lazy\" decoding=\"async\" class=\"alignright size-full wp-image-3852\" title=\"Fossa ecol\u00f3gica em constru\u00e7\u00e3o\" src=\"http:\/\/rioonwatch.org\/wp-content\/uploads\/2012\/05\/fossa-verdejar.jpg\" alt=\"\" width=\"288\" height=\"216\" \/><\/p>\n<p>O centro oferece cursos em v\u00e1rios assuntos, incluindo audiovisual, fotografia, artes visuais e aulas sobre meio ambiente, e existem atualmente 15 jovens moradores envolvidos, de v\u00e1rias comunidades do Alem\u00e3o. A partir deste treinamento de 5 meses os alunos lan\u00e7aram uma exposi\u00e7\u00e3o com 40 fotos, 2 filmes e objetos feitos de material reciclado.<\/p>\n<p>Bem como a forma\u00e7\u00e3o de estudantes jovens, o Verdejar est\u00e1 agora desenvolvendo planos para difundir o conhecimento dentro da sala de aula para a comunidade, e al\u00e9m. Ele v\u00ea o centro como um lugar para acolher a comunidade e integrar os movimentos sociais com o objetivo final: A Transforma\u00e7\u00e3o Social.<\/p>\n<p>Gra\u00e7as ao Verdejar, o Alem\u00e3o \u00e9 uma das oito comunidades destacadas no filme da <a href=\"http:\/\/bit.ly\/comcatrj\">Comunidades Catalisadoras<\/a>, &#8220;<a href=\"http:\/\/bit.ly\/FavelaModelo\">Favela Como Modelo Sustent\u00e1vel<\/a>&#8221; realizado para o lan\u00e7amento na Rio+20.<\/p>\n<!-- AddThis Advanced Settings generic via filter on the_content --><!-- AddThis Share Buttons generic via filter on the_content -->","protected":false},"excerpt":{"rendered":"<div class=\"mh-excerpt\"><p>Click Here for English Complexo do Alem\u00e3o, um complexo de favelas na Zona Norte do Rio de Janeiro, \u00e9 talvez mais conhecido por sua hist\u00f3ria de viol\u00eancia relacionada ao tr\u00e1fico de drogas e a ocupa\u00e7\u00e3o <a class=\"mh-excerpt-more\" href=\"https:\/\/rioonwatch.org.br\/?p=3406\" title=\"Permacultura, agrofloresta, alimentos org\u00e2nicos, e muito mais que voc\u00ea n\u00e3o associa ao Alem\u00e3o\">[&#8230;]<\/a><!-- AddThis Advanced Settings generic via filter on get_the_excerpt --><!-- AddThis Share Buttons generic via filter on get_the_excerpt --><\/p>\n<\/div>","protected":false},"author":129,"featured_media":15933,"comment_status":"open","ping_status":"closed","sticky":false,"template":"","format":"standard","meta":{"_acf_changed":false,"_monsterinsights_skip_tracking":false,"_monsterinsights_sitenote_active":false,"_monsterinsights_sitenote_note":"","_monsterinsights_sitenote_category":0,"footnotes":""},"categories":[1626,344,342,1639],"tags":[301,300,217,303,106,276,41,430,429],"writer":[428],"translator":[289],"source":[],"ilustrador":[],"fotografo":[],"class_list":{"0":"post-3406","1":"post","2":"type-post","3":"status-publish","4":"format-standard","5":"has-post-thumbnail","7":"category-por-observadores-internacionais","8":"category-politicas","9":"category-solucoes","10":"category-sustentabilidade","11":"tag-agroecologia","12":"tag-agrofloresta","13":"tag-complexo-do-alemao","14":"tag-ecologia","15":"tag-meio-ambiente","16":"tag-mutirao","17":"tag-organicos","18":"tag-permacultura","19":"tag-verdejar","20":"writer-anusha-mata","21":"translator-ana-rosa-santos"},"acf":[],"yoast_head":"<!-- This site is optimized with the Yoast SEO plugin v25.6 - https:\/\/yoast.com\/wordpress\/plugins\/seo\/ -->\n<title>Permacultura, agrofloresta, alimentos org\u00e2nicos, e muito mais que voc\u00ea n\u00e3o associa ao Alem\u00e3o - RioOnWatch<\/title>\n<meta name=\"robots\" content=\"index, follow, max-snippet:-1, max-image-preview:large, max-video-preview:-1\" \/>\n<link rel=\"canonical\" href=\"https:\/\/rioonwatch.org.br\/?p=3406\" \/>\n<meta property=\"og:locale\" content=\"pt_BR\" \/>\n<meta property=\"og:type\" content=\"article\" \/>\n<meta property=\"og:title\" content=\"Permacultura, agrofloresta, alimentos org\u00e2nicos, e muito mais que voc\u00ea n\u00e3o associa ao Alem\u00e3o - RioOnWatch\" \/>\n<meta property=\"og:description\" content=\"Click Here for English Complexo do Alem\u00e3o, um complexo de favelas na Zona Norte do Rio de Janeiro, \u00e9 talvez mais conhecido por sua hist\u00f3ria de viol\u00eancia relacionada ao tr\u00e1fico de drogas e a ocupa\u00e7\u00e3o [...]\" \/>\n<meta property=\"og:url\" content=\"https:\/\/rioonwatch.org.br\/?p=3406\" \/>\n<meta property=\"og:site_name\" content=\"RioOnWatch\" \/>\n<meta property=\"article:published_time\" content=\"2012-05-30T17:25:50+00:00\" \/>\n<meta property=\"article:modified_time\" content=\"2025-09-16T14:11:46+00:00\" \/>\n<meta property=\"og:image\" content=\"https:\/\/rioonwatch.org.br\/wp-content\/uploads\/2012\/05\/Serra-da-misericordia.jpg\" \/>\n\t<meta property=\"og:image:width\" content=\"300\" \/>\n\t<meta property=\"og:image:height\" content=\"211\" \/>\n\t<meta property=\"og:image:type\" content=\"image\/jpeg\" \/>\n<meta name=\"author\" content=\"Admin\" \/>\n<meta name=\"twitter:card\" content=\"summary_large_image\" \/>\n<meta name=\"twitter:label1\" content=\"Escrito por\" \/>\n\t<meta name=\"twitter:data1\" content=\"Admin\" \/>\n\t<meta name=\"twitter:label2\" content=\"Est. tempo de leitura\" \/>\n\t<meta name=\"twitter:data2\" content=\"5 minutos\" \/>\n<script type=\"application\/ld+json\" class=\"yoast-schema-graph\">{\"@context\":\"https:\/\/schema.org\",\"@graph\":[{\"@type\":\"Article\",\"@id\":\"https:\/\/rioonwatch.org.br\/?p=3406#article\",\"isPartOf\":{\"@id\":\"https:\/\/rioonwatch.org.br\/?p=3406\"},\"author\":{\"name\":\"Admin\",\"@id\":\"https:\/\/rioonwatch.org.br\/#\/schema\/person\/11d64c290506f9df50c71b850c473f68\"},\"headline\":\"Permacultura, agrofloresta, alimentos org\u00e2nicos, e muito mais que voc\u00ea n\u00e3o associa ao Alem\u00e3o\",\"datePublished\":\"2012-05-30T17:25:50+00:00\",\"dateModified\":\"2025-09-16T14:11:46+00:00\",\"mainEntityOfPage\":{\"@id\":\"https:\/\/rioonwatch.org.br\/?p=3406\"},\"wordCount\":710,\"commentCount\":0,\"publisher\":{\"@id\":\"https:\/\/rioonwatch.org.br\/#organization\"},\"image\":{\"@id\":\"https:\/\/rioonwatch.org.br\/?p=3406#primaryimage\"},\"thumbnailUrl\":\"https:\/\/rioonwatch.org.br\/wp-content\/uploads\/2012\/05\/Serra-da-misericordia.jpg\",\"keywords\":[\"agroecologia\",\"agrofloresta\",\"Complexo do Alem\u00e3o\",\"ecologia\",\"meio ambiente\",\"mutir\u00e3o\",\"org\u00e2nico\",\"permacultura\",\"Verdejar\"],\"articleSection\":[\"Escrito por Aliados\",\"Pol\u00edticas\",\"Solu\u00e7\u00f5es\",\"Sustentabilidade\"],\"inLanguage\":\"pt-BR\",\"potentialAction\":[{\"@type\":\"CommentAction\",\"name\":\"Comment\",\"target\":[\"https:\/\/rioonwatch.org.br\/?p=3406#respond\"]}]},{\"@type\":\"WebPage\",\"@id\":\"https:\/\/rioonwatch.org.br\/?p=3406\",\"url\":\"https:\/\/rioonwatch.org.br\/?p=3406\",\"name\":\"Permacultura, agrofloresta, alimentos org\u00e2nicos, e muito mais que voc\u00ea n\u00e3o associa ao Alem\u00e3o - RioOnWatch\",\"isPartOf\":{\"@id\":\"https:\/\/rioonwatch.org.br\/#website\"},\"primaryImageOfPage\":{\"@id\":\"https:\/\/rioonwatch.org.br\/?p=3406#primaryimage\"},\"image\":{\"@id\":\"https:\/\/rioonwatch.org.br\/?p=3406#primaryimage\"},\"thumbnailUrl\":\"https:\/\/rioonwatch.org.br\/wp-content\/uploads\/2012\/05\/Serra-da-misericordia.jpg\",\"datePublished\":\"2012-05-30T17:25:50+00:00\",\"dateModified\":\"2025-09-16T14:11:46+00:00\",\"breadcrumb\":{\"@id\":\"https:\/\/rioonwatch.org.br\/?p=3406#breadcrumb\"},\"inLanguage\":\"pt-BR\",\"potentialAction\":[{\"@type\":\"ReadAction\",\"target\":[\"https:\/\/rioonwatch.org.br\/?p=3406\"]}]},{\"@type\":\"ImageObject\",\"inLanguage\":\"pt-BR\",\"@id\":\"https:\/\/rioonwatch.org.br\/?p=3406#primaryimage\",\"url\":\"https:\/\/rioonwatch.org.br\/wp-content\/uploads\/2012\/05\/Serra-da-misericordia.jpg\",\"contentUrl\":\"https:\/\/rioonwatch.org.br\/wp-content\/uploads\/2012\/05\/Serra-da-misericordia.jpg\",\"width\":300,\"height\":211},{\"@type\":\"BreadcrumbList\",\"@id\":\"https:\/\/rioonwatch.org.br\/?p=3406#breadcrumb\",\"itemListElement\":[{\"@type\":\"ListItem\",\"position\":1,\"name\":\"In\u00edcio\",\"item\":\"https:\/\/rioonwatch.org.br\/\"},{\"@type\":\"ListItem\",\"position\":2,\"name\":\"Permacultura, agrofloresta, alimentos org\u00e2nicos, e muito mais que voc\u00ea n\u00e3o associa ao Alem\u00e3o\"}]},{\"@type\":\"WebSite\",\"@id\":\"https:\/\/rioonwatch.org.br\/#website\",\"url\":\"https:\/\/rioonwatch.org.br\/\",\"name\":\"RioOnWatch\",\"description\":\"relatos das favelas cariocas\",\"publisher\":{\"@id\":\"https:\/\/rioonwatch.org.br\/#organization\"},\"potentialAction\":[{\"@type\":\"SearchAction\",\"target\":{\"@type\":\"EntryPoint\",\"urlTemplate\":\"https:\/\/rioonwatch.org.br\/?s={search_term_string}\"},\"query-input\":{\"@type\":\"PropertyValueSpecification\",\"valueRequired\":true,\"valueName\":\"search_term_string\"}}],\"inLanguage\":\"pt-BR\"},{\"@type\":\"Organization\",\"@id\":\"https:\/\/rioonwatch.org.br\/#organization\",\"name\":\"RioOnWatch\",\"url\":\"https:\/\/rioonwatch.org.br\/\",\"logo\":{\"@type\":\"ImageObject\",\"inLanguage\":\"pt-BR\",\"@id\":\"https:\/\/rioonwatch.org.br\/#\/schema\/logo\/image\/\",\"url\":\"https:\/\/rioonwatch.org.br\/wp-content\/uploads\/2021\/06\/RioOnWatchcabecalhoPT11anos-2.png\",\"contentUrl\":\"https:\/\/rioonwatch.org.br\/wp-content\/uploads\/2021\/06\/RioOnWatchcabecalhoPT11anos-2.png\",\"width\":779,\"height\":277,\"caption\":\"RioOnWatch\"},\"image\":{\"@id\":\"https:\/\/rioonwatch.org.br\/#\/schema\/logo\/image\/\"}},{\"@type\":\"Person\",\"@id\":\"https:\/\/rioonwatch.org.br\/#\/schema\/person\/11d64c290506f9df50c71b850c473f68\",\"name\":\"Admin\",\"image\":{\"@type\":\"ImageObject\",\"inLanguage\":\"pt-BR\",\"@id\":\"https:\/\/rioonwatch.org.br\/#\/schema\/person\/image\/\",\"url\":\"https:\/\/secure.gravatar.com\/avatar\/56211ac74568383903349a1485e3c325?s=96&d=blank&r=g\",\"contentUrl\":\"https:\/\/secure.gravatar.com\/avatar\/56211ac74568383903349a1485e3c325?s=96&d=blank&r=g\",\"caption\":\"Admin\"},\"url\":\"https:\/\/rioonwatch.org.br\/?author=129\"}]}<\/script>\n<!-- \/ Yoast SEO plugin. -->","yoast_head_json":{"title":"Permacultura, agrofloresta, alimentos org\u00e2nicos, e muito mais que voc\u00ea n\u00e3o associa ao Alem\u00e3o - RioOnWatch","robots":{"index":"index","follow":"follow","max-snippet":"max-snippet:-1","max-image-preview":"max-image-preview:large","max-video-preview":"max-video-preview:-1"},"canonical":"https:\/\/rioonwatch.org.br\/?p=3406","og_locale":"pt_BR","og_type":"article","og_title":"Permacultura, agrofloresta, alimentos org\u00e2nicos, e muito mais que voc\u00ea n\u00e3o associa ao Alem\u00e3o - RioOnWatch","og_description":"Click Here for English Complexo do Alem\u00e3o, um complexo de favelas na Zona Norte do Rio de Janeiro, \u00e9 talvez mais conhecido por sua hist\u00f3ria de viol\u00eancia relacionada ao tr\u00e1fico de drogas e a ocupa\u00e7\u00e3o [...]","og_url":"https:\/\/rioonwatch.org.br\/?p=3406","og_site_name":"RioOnWatch","article_published_time":"2012-05-30T17:25:50+00:00","article_modified_time":"2025-09-16T14:11:46+00:00","og_image":[{"width":300,"height":211,"url":"https:\/\/rioonwatch.org.br\/wp-content\/uploads\/2012\/05\/Serra-da-misericordia.jpg","type":"image\/jpeg"}],"author":"Admin","twitter_card":"summary_large_image","twitter_misc":{"Escrito por":"Admin","Est. tempo de leitura":"5 minutos"},"schema":{"@context":"https:\/\/schema.org","@graph":[{"@type":"Article","@id":"https:\/\/rioonwatch.org.br\/?p=3406#article","isPartOf":{"@id":"https:\/\/rioonwatch.org.br\/?p=3406"},"author":{"name":"Admin","@id":"https:\/\/rioonwatch.org.br\/#\/schema\/person\/11d64c290506f9df50c71b850c473f68"},"headline":"Permacultura, agrofloresta, alimentos org\u00e2nicos, e muito mais que voc\u00ea n\u00e3o associa ao Alem\u00e3o","datePublished":"2012-05-30T17:25:50+00:00","dateModified":"2025-09-16T14:11:46+00:00","mainEntityOfPage":{"@id":"https:\/\/rioonwatch.org.br\/?p=3406"},"wordCount":710,"commentCount":0,"publisher":{"@id":"https:\/\/rioonwatch.org.br\/#organization"},"image":{"@id":"https:\/\/rioonwatch.org.br\/?p=3406#primaryimage"},"thumbnailUrl":"https:\/\/rioonwatch.org.br\/wp-content\/uploads\/2012\/05\/Serra-da-misericordia.jpg","keywords":["agroecologia","agrofloresta","Complexo do Alem\u00e3o","ecologia","meio ambiente","mutir\u00e3o","org\u00e2nico","permacultura","Verdejar"],"articleSection":["Escrito por Aliados","Pol\u00edticas","Solu\u00e7\u00f5es","Sustentabilidade"],"inLanguage":"pt-BR","potentialAction":[{"@type":"CommentAction","name":"Comment","target":["https:\/\/rioonwatch.org.br\/?p=3406#respond"]}]},{"@type":"WebPage","@id":"https:\/\/rioonwatch.org.br\/?p=3406","url":"https:\/\/rioonwatch.org.br\/?p=3406","name":"Permacultura, agrofloresta, alimentos org\u00e2nicos, e muito mais que voc\u00ea n\u00e3o associa ao Alem\u00e3o - RioOnWatch","isPartOf":{"@id":"https:\/\/rioonwatch.org.br\/#website"},"primaryImageOfPage":{"@id":"https:\/\/rioonwatch.org.br\/?p=3406#primaryimage"},"image":{"@id":"https:\/\/rioonwatch.org.br\/?p=3406#primaryimage"},"thumbnailUrl":"https:\/\/rioonwatch.org.br\/wp-content\/uploads\/2012\/05\/Serra-da-misericordia.jpg","datePublished":"2012-05-30T17:25:50+00:00","dateModified":"2025-09-16T14:11:46+00:00","breadcrumb":{"@id":"https:\/\/rioonwatch.org.br\/?p=3406#breadcrumb"},"inLanguage":"pt-BR","potentialAction":[{"@type":"ReadAction","target":["https:\/\/rioonwatch.org.br\/?p=3406"]}]},{"@type":"ImageObject","inLanguage":"pt-BR","@id":"https:\/\/rioonwatch.org.br\/?p=3406#primaryimage","url":"https:\/\/rioonwatch.org.br\/wp-content\/uploads\/2012\/05\/Serra-da-misericordia.jpg","contentUrl":"https:\/\/rioonwatch.org.br\/wp-content\/uploads\/2012\/05\/Serra-da-misericordia.jpg","width":300,"height":211},{"@type":"BreadcrumbList","@id":"https:\/\/rioonwatch.org.br\/?p=3406#breadcrumb","itemListElement":[{"@type":"ListItem","position":1,"name":"In\u00edcio","item":"https:\/\/rioonwatch.org.br\/"},{"@type":"ListItem","position":2,"name":"Permacultura, agrofloresta, alimentos org\u00e2nicos, e muito mais que voc\u00ea n\u00e3o associa ao Alem\u00e3o"}]},{"@type":"WebSite","@id":"https:\/\/rioonwatch.org.br\/#website","url":"https:\/\/rioonwatch.org.br\/","name":"RioOnWatch","description":"relatos das favelas cariocas","publisher":{"@id":"https:\/\/rioonwatch.org.br\/#organization"},"potentialAction":[{"@type":"SearchAction","target":{"@type":"EntryPoint","urlTemplate":"https:\/\/rioonwatch.org.br\/?s={search_term_string}"},"query-input":{"@type":"PropertyValueSpecification","valueRequired":true,"valueName":"search_term_string"}}],"inLanguage":"pt-BR"},{"@type":"Organization","@id":"https:\/\/rioonwatch.org.br\/#organization","name":"RioOnWatch","url":"https:\/\/rioonwatch.org.br\/","logo":{"@type":"ImageObject","inLanguage":"pt-BR","@id":"https:\/\/rioonwatch.org.br\/#\/schema\/logo\/image\/","url":"https:\/\/rioonwatch.org.br\/wp-content\/uploads\/2021\/06\/RioOnWatchcabecalhoPT11anos-2.png","contentUrl":"https:\/\/rioonwatch.org.br\/wp-content\/uploads\/2021\/06\/RioOnWatchcabecalhoPT11anos-2.png","width":779,"height":277,"caption":"RioOnWatch"},"image":{"@id":"https:\/\/rioonwatch.org.br\/#\/schema\/logo\/image\/"}},{"@type":"Person","@id":"https:\/\/rioonwatch.org.br\/#\/schema\/person\/11d64c290506f9df50c71b850c473f68","name":"Admin","image":{"@type":"ImageObject","inLanguage":"pt-BR","@id":"https:\/\/rioonwatch.org.br\/#\/schema\/person\/image\/","url":"https:\/\/secure.gravatar.com\/avatar\/56211ac74568383903349a1485e3c325?s=96&d=blank&r=g","contentUrl":"https:\/\/secure.gravatar.com\/avatar\/56211ac74568383903349a1485e3c325?s=96&d=blank&r=g","caption":"Admin"},"url":"https:\/\/rioonwatch.org.br\/?author=129"}]}},"_links":{"self":[{"href":"https:\/\/rioonwatch.org.br\/index.php?rest_route=\/wp\/v2\/posts\/3406"}],"collection":[{"href":"https:\/\/rioonwatch.org.br\/index.php?rest_route=\/wp\/v2\/posts"}],"about":[{"href":"https:\/\/rioonwatch.org.br\/index.php?rest_route=\/wp\/v2\/types\/post"}],"author":[{"embeddable":true,"href":"https:\/\/rioonwatch.org.br\/index.php?rest_route=\/wp\/v2\/users\/129"}],"replies":[{"embeddable":true,"href":"https:\/\/rioonwatch.org.br\/index.php?rest_route=%2Fwp%2Fv2%2Fcomments&post=3406"}],"version-history":[{"count":14,"href":"https:\/\/rioonwatch.org.br\/index.php?rest_route=\/wp\/v2\/posts\/3406\/revisions"}],"predecessor-version":[{"id":79291,"href":"https:\/\/rioonwatch.org.br\/index.php?rest_route=\/wp\/v2\/posts\/3406\/revisions\/79291"}],"wp:featuredmedia":[{"embeddable":true,"href":"https:\/\/rioonwatch.org.br\/index.php?rest_route=\/wp\/v2\/media\/15933"}],"wp:attachment":[{"href":"https:\/\/rioonwatch.org.br\/index.php?rest_route=%2Fwp%2Fv2%2Fmedia&parent=3406"}],"wp:term":[{"taxonomy":"category","embeddable":true,"href":"https:\/\/rioonwatch.org.br\/index.php?rest_route=%2Fwp%2Fv2%2Fcategories&post=3406"},{"taxonomy":"post_tag","embeddable":true,"href":"https:\/\/rioonwatch.org.br\/index.php?rest_route=%2Fwp%2Fv2%2Ftags&post=3406"},{"taxonomy":"writer","embeddable":true,"href":"https:\/\/rioonwatch.org.br\/index.php?rest_route=%2Fwp%2Fv2%2Fwriter&post=3406"},{"taxonomy":"translator","embeddable":true,"href":"https:\/\/rioonwatch.org.br\/index.php?rest_route=%2Fwp%2Fv2%2Ftranslator&post=3406"},{"taxonomy":"source","embeddable":true,"href":"https:\/\/rioonwatch.org.br\/index.php?rest_route=%2Fwp%2Fv2%2Fsource&post=3406"},{"taxonomy":"ilustrador","embeddable":true,"href":"https:\/\/rioonwatch.org.br\/index.php?rest_route=%2Fwp%2Fv2%2Filustrador&post=3406"},{"taxonomy":"fotografo","embeddable":true,"href":"https:\/\/rioonwatch.org.br\/index.php?rest_route=%2Fwp%2Fv2%2Ffotografo&post=3406"}],"curies":[{"name":"wp","href":"https:\/\/api.w.org\/{rel}","templated":true}]}}