{"id":34066,"date":"2018-06-20T15:17:09","date_gmt":"2018-06-20T18:17:09","guid":{"rendered":"http:\/\/rioonwatch.org.br\/?p=34066"},"modified":"2018-06-21T11:43:25","modified_gmt":"2018-06-21T14:43:25","slug":"evento-da-virada-sustentavel-combina-realidade-virtual-brecho-e-saude-da-mulher-na-mare-imagens","status":"publish","type":"post","link":"https:\/\/rioonwatch.org.br\/?p=34066","title":{"rendered":"&#8216;Virada Sustent\u00e1vel&#8217; na Mar\u00e9 Combina Realidade Virtual, Brech\u00f3 e Sa\u00fade da Mulher [IMAGENS]"},"content":{"rendered":"<p style=\"text-align: right;\"><em><strong><a href=\"http:\/\/bit.ly\/2JKJpQx\" target=\"_blank\" rel=\"noopener noreferrer\">Click Here for English<img decoding=\"async\" width=\"20\" height=\"20\" class=\"alignright wp-image-15790\" src=\"http:\/\/rioonwatch.org.br\/wp-content\/uploads\/2012\/08\/EN-standard-e1439583104716.jpg\" \/><\/a><\/strong><\/em><\/p>\n<p>No dia 9 de junho, a <a href=\"http:\/\/bit.ly\/2KZvyTi\" target=\"_blank\" rel=\"noopener\">ONG CEASM<\/a> (Centro de Estudos e A\u00e7\u00f5es Solid\u00e1rias da Mar\u00e9\u00a0) sediou a <a href=\"http:\/\/bit.ly\/2tdeVeM\" target=\"_blank\" rel=\"noopener\">Virada na Mar\u00e9<\/a>, evento que teve como objetivo conscientizar as pessoas sobre a import\u00e2ncia do desenvolvimento sustent\u00e1vel e mobiliz\u00e1-las para agir. O evento na <a href=\"http:\/\/bit.ly\/10BvARw\" target=\"_blank\" rel=\"noopener\">Mar\u00e9<\/a> foi organizado pelo\u00a0<a href=\"http:\/\/bit.ly\/2LW6n3Y\" target=\"_blank\" rel=\"noopener\">Espa\u00e7o Casulo<\/a>, um espa\u00e7o para a troca de id\u00e9ias e atividades voltadas para mulheres, que participou da <a href=\"http:\/\/bit.ly\/2Mtr0oU\" target=\"_blank\" rel=\"noopener\">Virada Sustent\u00e1vel Rio 2018<\/a>&#8211;uma s\u00e9rie de eventos de v\u00e1rios dias no Rio. A Virada Sustent\u00e1vel \u00e9 um &#8220;movimento de mobiliza\u00e7\u00e3o e educa\u00e7\u00e3o para a sustentabilidade, envolvendo co-cria\u00e7\u00e3o, articula\u00e7\u00e3o e participa\u00e7\u00e3o direta de organiza\u00e7\u00f5es da sociedade civil, \u00f3rg\u00e3os p\u00fablicos, escolas e universidades, empresas, coletivos e movimentos sociais&#8221;. As a\u00e7\u00f5es da Virada Sustent\u00e1vel se inspiram nos 17 Objetivos de Desenvolvimento Sustent\u00e1vel das Na\u00e7\u00f5es Unidas, que se qualifica como uma agenda de desenvolvimento com o objetivo de definir novos caminhos para melhorias na vida das pessoas e do planeta.<\/p>\n<p>Segundo Taiana Trajano,\u00a0coordenadora de A\u00e7\u00e3o e\u00a0Conhecimento da Virada Sustent\u00e1vel Rio 2018, o evento deste ano foi organizado coletivamente por diversos projetos sustent\u00e1veis \u200b\u200be sociais. Uma avalia\u00e7\u00e3o das atividades do ano passado revelou a necessidade de uma melhor distribui\u00e7\u00e3o espacial dos eventos, portanto ao passo em que o evento anterior estava concentrado na <a href=\"http:\/\/bit.ly\/1mNsDyk\" target=\"_blank\" rel=\"noopener\">Zona Sul<\/a> e no <a href=\"http:\/\/bit.ly\/1qX7nZG\" target=\"_blank\" rel=\"noopener\">Centro<\/a>, a edi\u00e7\u00e3o deste ano incluiu eventos em uma extens\u00e3o mais ampla da cidade, desde a Mar\u00e9, passando pela costa leste, at\u00e9 o\u00a0munic\u00edpio de <a href=\"http:\/\/bit.ly\/2aZ0FhN\" target=\"_blank\" rel=\"noopener\">Sepetiba<\/a> na costa oeste. Para Taiana, o objetivo da Virada Sustent\u00e1vel \u00e9 mobilizar as pessoas para pensarem o cotidiano de forma sustent\u00e1vel, mas tamb\u00e9m fortalecer as <a href=\"http:\/\/bit.ly\/2B9GJ6R\" target=\"_blank\" rel=\"noopener\">redes de grupos que trabalham com o desenvolvimento sustent\u00e1vel<\/a> em todos os bairros do Rio de Janeiro.<\/p>\n<p>O evento Virada na Mar\u00e9 foi composto por diferentes atividades culturais e educacionais, como debates sobre sa\u00fade feminina e coleta de lixo, proje\u00e7\u00f5es de filmes, sess\u00f5es de conta\u00e7\u00e3o de hist\u00f3rias e uma oficina sobre beleza natural. O p\u00fablico-alvo foram mulheres e crian\u00e7as do Complexo da Mar\u00e9 e o evento conseguiu fazer com que os membros da plat\u00e9ia refletissem sobre como vivem e consomem, mantendo uma atmosfera aberta e divertida. Edneide Pereira do Espa\u00e7o Casulo, que organizou a Virada na Mar\u00e9, refletiu:<\/p>\n<blockquote><p><span id=\"result_box\" class=\"\" lang=\"en\">&#8220;<span class=\"\"><i><span id=\"m_-7613253999439352397result_box\" lang=\"en\">Eu acredito na <a href=\"http:\/\/bit.ly\/1LmWUKm\" target=\"_blank\" rel=\"noopener\">transforma\u00e7\u00e3o atrav\u00e9s das mulheres<\/a>. Para o coletivo que fa\u00e7o parte, essa mobiliza\u00e7\u00e3o feminina \u00e9 essencial. Vivemos em um mundo onde o machismo cala mulheres e o <a href=\"http:\/\/bit.ly\/2lmXCoi\" target=\"_blank\" rel=\"noopener\">feminic\u00eddio impera<\/a>. Quando falamos de sustentabilidade n\u00e3o estamos s\u00f3 nos referindo a conscientiza\u00e7\u00e3o ambiental propriamente dita. Estamos nos referindo tamb\u00e9m as discuss\u00f5es sobre as rela\u00e7\u00f5es humanas, seja ela de g\u00eanero, ra\u00e7a ou quest\u00f5es sociais. \u00c9 por esse motivo que criamos o projeto e a parceria com a Virada. Est\u00e1 na hora de nos juntarmos e conversarmos sobre o que est\u00e1 acontecendo a nossa volta para um movimento de mudan\u00e7a&#8221;.<\/span><\/i><\/span><\/span><\/p><\/blockquote>\n<p>O fot\u00f3grafo Antoine Horenbeek capturou cenas das atividades, do dia 9 de junho, para o <em>RioOnWatch<\/em>:<\/p>\n<p><span class=\"Apple-style-span\" style=\"font-size: 35px; letter-spacing: -1px; line-height: 35px;\">O Lugar<\/span><\/p>\n<p>O evento aconteceu no pr\u00e9dio do CEASM no <a href=\"http:\/\/bit.ly\/ZGmfPw\" target=\"_blank\" rel=\"noopener\">Morro do Timbau<\/a>, Complexo da Mar\u00e9. O CEASM visa &#8220;<span id=\"m_-7613253999439352397result_box\" lang=\"en\">Potencializar o acesso de moradores de favelas e bairros populares aos bens sociais, culturais e econ\u00f4micos por meio de mecanismos de afirma\u00e7\u00e3o de direitos&#8221;.<\/span><\/p>\n<p><a href=\"http:\/\/rioonwatch.org.br\/wp-content\/uploads\/2018\/06\/Virada-na-Mar\u00e9_9_photo-by-Antoine-Horenbeek.jpg\"><img fetchpriority=\"high\" decoding=\"async\" class=\"aligncenter wp-image-34076\" title=\"Foto por Antoine Horenbeek\" src=\"http:\/\/rioonwatch.org.br\/wp-content\/uploads\/2018\/06\/Virada-na-Mar\u00e9_9_photo-by-Antoine-Horenbeek.jpg\" alt=\"\" width=\"620\" height=\"413\" srcset=\"https:\/\/rioonwatch.org.br\/wp-content\/uploads\/2018\/06\/Virada-na-Mar\u00e9_9_photo-by-Antoine-Horenbeek.jpg 2000w, https:\/\/rioonwatch.org.br\/wp-content\/uploads\/2018\/06\/Virada-na-Mar\u00e9_9_photo-by-Antoine-Horenbeek-396x264.jpg 396w, https:\/\/rioonwatch.org.br\/wp-content\/uploads\/2018\/06\/Virada-na-Mar\u00e9_9_photo-by-Antoine-Horenbeek-620x413.jpg 620w, https:\/\/rioonwatch.org.br\/wp-content\/uploads\/2018\/06\/Virada-na-Mar\u00e9_9_photo-by-Antoine-Horenbeek-768x512.jpg 768w, https:\/\/rioonwatch.org.br\/wp-content\/uploads\/2018\/06\/Virada-na-Mar\u00e9_9_photo-by-Antoine-Horenbeek-1024x682.jpg 1024w\" sizes=\"(max-width: 620px) 100vw, 620px\" \/><\/a><\/p>\n<p><a href=\"http:\/\/rioonwatch.org.br\/wp-content\/uploads\/2018\/06\/Virada-na-Mar\u00e9_1_photo-by-Antoine-Horenbeek.jpg\"><img decoding=\"async\" class=\"aligncenter wp-image-34078\" title=\"Foto por Antoine Horenbeek\" src=\"http:\/\/rioonwatch.org.br\/wp-content\/uploads\/2018\/06\/Virada-na-Mar\u00e9_1_photo-by-Antoine-Horenbeek.jpg\" alt=\"\" width=\"620\" height=\"930\" srcset=\"https:\/\/rioonwatch.org.br\/wp-content\/uploads\/2018\/06\/Virada-na-Mar\u00e9_1_photo-by-Antoine-Horenbeek.jpg 1333w, https:\/\/rioonwatch.org.br\/wp-content\/uploads\/2018\/06\/Virada-na-Mar\u00e9_1_photo-by-Antoine-Horenbeek-176x264.jpg 176w, https:\/\/rioonwatch.org.br\/wp-content\/uploads\/2018\/06\/Virada-na-Mar\u00e9_1_photo-by-Antoine-Horenbeek-413x620.jpg 413w, https:\/\/rioonwatch.org.br\/wp-content\/uploads\/2018\/06\/Virada-na-Mar\u00e9_1_photo-by-Antoine-Horenbeek-768x1152.jpg 768w, https:\/\/rioonwatch.org.br\/wp-content\/uploads\/2018\/06\/Virada-na-Mar\u00e9_1_photo-by-Antoine-Horenbeek-682x1024.jpg 682w\" sizes=\"(max-width: 620px) 100vw, 620px\" \/><\/a><\/p>\n<p><span class=\"Apple-style-span\" style=\"font-size: 35px; letter-spacing: -1px; line-height: 35px;\">A Equipe<\/span><\/p>\n<p>As mulheres que organizaram o evento, da esquerda para a direita: Pri Saldanha, Edneide, Nanah, Taiana, Cida e Joseane.<\/p>\n<p><a href=\"http:\/\/rioonwatch.org.br\/wp-content\/uploads\/2018\/06\/Virada-na-Mar\u00e9_6_photo-by-Antoine-Horenbeek.jpg\"><img loading=\"lazy\" decoding=\"async\" class=\"aligncenter wp-image-34079\" title=\"Foto por Antoine Horenbeek\" src=\"http:\/\/rioonwatch.org.br\/wp-content\/uploads\/2018\/06\/Virada-na-Mar\u00e9_6_photo-by-Antoine-Horenbeek.jpg\" alt=\"\" width=\"620\" height=\"413\" srcset=\"https:\/\/rioonwatch.org.br\/wp-content\/uploads\/2018\/06\/Virada-na-Mar\u00e9_6_photo-by-Antoine-Horenbeek.jpg 2000w, https:\/\/rioonwatch.org.br\/wp-content\/uploads\/2018\/06\/Virada-na-Mar\u00e9_6_photo-by-Antoine-Horenbeek-396x264.jpg 396w, https:\/\/rioonwatch.org.br\/wp-content\/uploads\/2018\/06\/Virada-na-Mar\u00e9_6_photo-by-Antoine-Horenbeek-620x413.jpg 620w, https:\/\/rioonwatch.org.br\/wp-content\/uploads\/2018\/06\/Virada-na-Mar\u00e9_6_photo-by-Antoine-Horenbeek-768x512.jpg 768w, https:\/\/rioonwatch.org.br\/wp-content\/uploads\/2018\/06\/Virada-na-Mar\u00e9_6_photo-by-Antoine-Horenbeek-1024x682.jpg 1024w\" sizes=\"(max-width: 620px) 100vw, 620px\" \/><\/a><\/p>\n<p><span class=\"Apple-style-span\" style=\"font-size: 35px; letter-spacing: -1px; line-height: 35px;\">O Filme<\/span><\/p>\n<p>Os organizadores exibiram o filme <a href=\"http:\/\/bit.ly\/2K2Ak1B\" target=\"_blank\" rel=\"noopener\"><em>A Plastic Ocean<\/em><\/a>\u00a0(Oceano de Pl\u00e1stico) de Craig Leeson, um document\u00e1rio que investiga a polui\u00e7\u00e3o por pl\u00e1sticos nos oceanos e prop\u00f5e solu\u00e7\u00f5es para mitigar os danos. O filme foi seguido por uma debate entre os participantes.<\/p>\n<p><a href=\"http:\/\/rioonwatch.org.br\/wp-content\/uploads\/2018\/06\/Virada-na-Mar\u00e9_2_photo-by-Antoine-Horenbeek.jpg\"><img loading=\"lazy\" decoding=\"async\" class=\"aligncenter wp-image-34080\" title=\"Foto por Antoine Horenbeek\" src=\"http:\/\/rioonwatch.org.br\/wp-content\/uploads\/2018\/06\/Virada-na-Mar\u00e9_2_photo-by-Antoine-Horenbeek.jpg\" alt=\"\" width=\"620\" height=\"413\" srcset=\"https:\/\/rioonwatch.org.br\/wp-content\/uploads\/2018\/06\/Virada-na-Mar\u00e9_2_photo-by-Antoine-Horenbeek.jpg 2000w, https:\/\/rioonwatch.org.br\/wp-content\/uploads\/2018\/06\/Virada-na-Mar\u00e9_2_photo-by-Antoine-Horenbeek-396x264.jpg 396w, https:\/\/rioonwatch.org.br\/wp-content\/uploads\/2018\/06\/Virada-na-Mar\u00e9_2_photo-by-Antoine-Horenbeek-620x413.jpg 620w, https:\/\/rioonwatch.org.br\/wp-content\/uploads\/2018\/06\/Virada-na-Mar\u00e9_2_photo-by-Antoine-Horenbeek-768x512.jpg 768w, https:\/\/rioonwatch.org.br\/wp-content\/uploads\/2018\/06\/Virada-na-Mar\u00e9_2_photo-by-Antoine-Horenbeek-1024x682.jpg 1024w\" sizes=\"(max-width: 620px) 100vw, 620px\" \/><\/a><\/p>\n<p><a href=\"http:\/\/rioonwatch.org.br\/wp-content\/uploads\/2018\/06\/Virada-na-Mar\u00e9_3_photo-by-Antoine-Horenbeek.jpg\"><img loading=\"lazy\" decoding=\"async\" class=\"aligncenter wp-image-34081\" title=\"Foto por Antoine Horenbeek\" src=\"http:\/\/rioonwatch.org.br\/wp-content\/uploads\/2018\/06\/Virada-na-Mar\u00e9_3_photo-by-Antoine-Horenbeek.jpg\" alt=\"\" width=\"620\" height=\"413\" srcset=\"https:\/\/rioonwatch.org.br\/wp-content\/uploads\/2018\/06\/Virada-na-Mar\u00e9_3_photo-by-Antoine-Horenbeek.jpg 2000w, https:\/\/rioonwatch.org.br\/wp-content\/uploads\/2018\/06\/Virada-na-Mar\u00e9_3_photo-by-Antoine-Horenbeek-396x264.jpg 396w, https:\/\/rioonwatch.org.br\/wp-content\/uploads\/2018\/06\/Virada-na-Mar\u00e9_3_photo-by-Antoine-Horenbeek-620x413.jpg 620w, https:\/\/rioonwatch.org.br\/wp-content\/uploads\/2018\/06\/Virada-na-Mar\u00e9_3_photo-by-Antoine-Horenbeek-768x512.jpg 768w, https:\/\/rioonwatch.org.br\/wp-content\/uploads\/2018\/06\/Virada-na-Mar\u00e9_3_photo-by-Antoine-Horenbeek-1024x682.jpg 1024w\" sizes=\"(max-width: 620px) 100vw, 620px\" \/><\/a><\/p>\n<p><span class=\"Apple-style-span\" style=\"font-size: 35px; letter-spacing: -1px; line-height: 35px;\">Realidade Virtual<\/span><span id=\"result_box\" class=\"\" lang=\"en\"> <\/span><\/p>\n<p>Os participantes tamb\u00e9m assistiram a dois curtas-metragens sobre desmatamento na Amaz\u00f4nia e prote\u00e7\u00e3o da <a href=\"http:\/\/bit.ly\/2HStqu5\" target=\"_blank\" rel=\"noopener\">vida selvagem e da natureza na \u00c1frica<\/a>, ambos em realidade virtual. As experi\u00eancias de realidade virtual foram poss\u00edveis gra\u00e7as \u00e0 <a href=\"http:\/\/bit.ly\/2JGlPnR\" target=\"_blank\" rel=\"noopener\">Conserva\u00e7\u00e3o Internacional Brasil<\/a>, que trabalha para proteger a natureza como forma de proteger tamb\u00e9m as futuras gera\u00e7\u00f5es de seres humanos. Essa divertida experi\u00eancia foi um grande sucesso com as crian\u00e7as presentes no evento.<\/p>\n<p><a href=\"http:\/\/rioonwatch.org.br\/wp-content\/uploads\/2018\/06\/Virada-na-Mar\u00e9_4_photo-by-Antoine-Horenbeek.jpg\"><img loading=\"lazy\" decoding=\"async\" class=\"aligncenter wp-image-34082\" title=\"Foto por Antoine Horenbeek\" src=\"http:\/\/rioonwatch.org.br\/wp-content\/uploads\/2018\/06\/Virada-na-Mar\u00e9_4_photo-by-Antoine-Horenbeek.jpg\" alt=\"\" width=\"620\" height=\"930\" srcset=\"https:\/\/rioonwatch.org.br\/wp-content\/uploads\/2018\/06\/Virada-na-Mar\u00e9_4_photo-by-Antoine-Horenbeek.jpg 1333w, https:\/\/rioonwatch.org.br\/wp-content\/uploads\/2018\/06\/Virada-na-Mar\u00e9_4_photo-by-Antoine-Horenbeek-176x264.jpg 176w, https:\/\/rioonwatch.org.br\/wp-content\/uploads\/2018\/06\/Virada-na-Mar\u00e9_4_photo-by-Antoine-Horenbeek-413x620.jpg 413w, https:\/\/rioonwatch.org.br\/wp-content\/uploads\/2018\/06\/Virada-na-Mar\u00e9_4_photo-by-Antoine-Horenbeek-768x1152.jpg 768w, https:\/\/rioonwatch.org.br\/wp-content\/uploads\/2018\/06\/Virada-na-Mar\u00e9_4_photo-by-Antoine-Horenbeek-682x1024.jpg 682w\" sizes=\"(max-width: 620px) 100vw, 620px\" \/><\/a><\/p>\n<p><a href=\"http:\/\/rioonwatch.org.br\/wp-content\/uploads\/2018\/06\/Virada-na-Mar\u00e9_7_photo-by-Antoine-Horenbeek.jpg\"><img loading=\"lazy\" decoding=\"async\" class=\"aligncenter wp-image-34083\" title=\"Foto por Antoine Horenbeek\" src=\"http:\/\/rioonwatch.org.br\/wp-content\/uploads\/2018\/06\/Virada-na-Mar\u00e9_7_photo-by-Antoine-Horenbeek.jpg\" alt=\"\" width=\"620\" height=\"413\" srcset=\"https:\/\/rioonwatch.org.br\/wp-content\/uploads\/2018\/06\/Virada-na-Mar\u00e9_7_photo-by-Antoine-Horenbeek.jpg 2000w, https:\/\/rioonwatch.org.br\/wp-content\/uploads\/2018\/06\/Virada-na-Mar\u00e9_7_photo-by-Antoine-Horenbeek-396x264.jpg 396w, https:\/\/rioonwatch.org.br\/wp-content\/uploads\/2018\/06\/Virada-na-Mar\u00e9_7_photo-by-Antoine-Horenbeek-620x413.jpg 620w, https:\/\/rioonwatch.org.br\/wp-content\/uploads\/2018\/06\/Virada-na-Mar\u00e9_7_photo-by-Antoine-Horenbeek-768x512.jpg 768w, https:\/\/rioonwatch.org.br\/wp-content\/uploads\/2018\/06\/Virada-na-Mar\u00e9_7_photo-by-Antoine-Horenbeek-1024x682.jpg 1024w\" sizes=\"(max-width: 620px) 100vw, 620px\" \/><\/a><\/p>\n<p><span class=\"Apple-style-span\" style=\"font-size: 35px; letter-spacing: -1px; line-height: 35px;\">Contador de hist\u00f3rias<\/span><\/p>\n<p>O escritor \u00c1lvaro Antono contou \u00e0s crian\u00e7as uma hist\u00f3ria sobre como cuidar de animais.<\/p>\n<p><a href=\"http:\/\/rioonwatch.org.br\/wp-content\/uploads\/2018\/06\/Virada-na-Mar\u00e9_8_photo-by-Antoine-Horenbeek.jpg\"><img loading=\"lazy\" decoding=\"async\" class=\"aligncenter wp-image-34084\" title=\"Foto por Antoine Horenbeek\" src=\"http:\/\/rioonwatch.org.br\/wp-content\/uploads\/2018\/06\/Virada-na-Mar\u00e9_8_photo-by-Antoine-Horenbeek.jpg\" alt=\"\" width=\"620\" height=\"413\" srcset=\"https:\/\/rioonwatch.org.br\/wp-content\/uploads\/2018\/06\/Virada-na-Mar\u00e9_8_photo-by-Antoine-Horenbeek.jpg 2000w, https:\/\/rioonwatch.org.br\/wp-content\/uploads\/2018\/06\/Virada-na-Mar\u00e9_8_photo-by-Antoine-Horenbeek-396x264.jpg 396w, https:\/\/rioonwatch.org.br\/wp-content\/uploads\/2018\/06\/Virada-na-Mar\u00e9_8_photo-by-Antoine-Horenbeek-620x413.jpg 620w, https:\/\/rioonwatch.org.br\/wp-content\/uploads\/2018\/06\/Virada-na-Mar\u00e9_8_photo-by-Antoine-Horenbeek-768x512.jpg 768w, https:\/\/rioonwatch.org.br\/wp-content\/uploads\/2018\/06\/Virada-na-Mar\u00e9_8_photo-by-Antoine-Horenbeek-1024x682.jpg 1024w\" sizes=\"(max-width: 620px) 100vw, 620px\" \/><\/a><\/p>\n<p><span class=\"Apple-style-span\" style=\"font-size: 35px; letter-spacing: -1px; line-height: 35px;\">Sa\u00fade da Mulher<\/span><\/p>\n<p>O evento tamb\u00e9m contou com uma roda de conversa com mulheres sobre sa\u00fade, higiene e bem-estar.<\/p>\n<p><a href=\"http:\/\/rioonwatch.org.br\/wp-content\/uploads\/2018\/06\/Virada-na-Mar\u00e9_10_photo-by-Antoine-Horenbeek.jpg\"><img loading=\"lazy\" decoding=\"async\" class=\"aligncenter wp-image-34085\" title=\"Foto por Antoine Horenbeek\" src=\"http:\/\/rioonwatch.org.br\/wp-content\/uploads\/2018\/06\/Virada-na-Mar\u00e9_10_photo-by-Antoine-Horenbeek.jpg\" alt=\"\" width=\"620\" height=\"413\" srcset=\"https:\/\/rioonwatch.org.br\/wp-content\/uploads\/2018\/06\/Virada-na-Mar\u00e9_10_photo-by-Antoine-Horenbeek.jpg 2000w, https:\/\/rioonwatch.org.br\/wp-content\/uploads\/2018\/06\/Virada-na-Mar\u00e9_10_photo-by-Antoine-Horenbeek-396x264.jpg 396w, https:\/\/rioonwatch.org.br\/wp-content\/uploads\/2018\/06\/Virada-na-Mar\u00e9_10_photo-by-Antoine-Horenbeek-620x413.jpg 620w, https:\/\/rioonwatch.org.br\/wp-content\/uploads\/2018\/06\/Virada-na-Mar\u00e9_10_photo-by-Antoine-Horenbeek-768x512.jpg 768w, https:\/\/rioonwatch.org.br\/wp-content\/uploads\/2018\/06\/Virada-na-Mar\u00e9_10_photo-by-Antoine-Horenbeek-1024x682.jpg 1024w\" sizes=\"(max-width: 620px) 100vw, 620px\" \/><\/a><\/p>\n<p><span class=\"Apple-style-span\" style=\"font-size: 35px; letter-spacing: -1px; line-height: 35px;\">Brech\u00f3<\/span><\/p>\n<p>B\u00e1rbara, estudante de antropologia que mora na Mar\u00e9, aproveitou o evento para vender roupas vintage, refletindo uma abordagem sustent\u00e1vel da moda. Seu pequeno neg\u00f3cio \u00e9 chamado Brota BB Brech\u00f3.<\/p>\n<p><a href=\"http:\/\/rioonwatch.org.br\/wp-content\/uploads\/2018\/06\/Virada-na-Mar\u00e9_11_photo-by-Antoine-Horenbeek.jpg\"><img loading=\"lazy\" decoding=\"async\" class=\"aligncenter wp-image-34086\" title=\"Foto por Antoine Horenbeek\" src=\"http:\/\/rioonwatch.org.br\/wp-content\/uploads\/2018\/06\/Virada-na-Mar\u00e9_11_photo-by-Antoine-Horenbeek.jpg\" alt=\"\" width=\"620\" height=\"413\" srcset=\"https:\/\/rioonwatch.org.br\/wp-content\/uploads\/2018\/06\/Virada-na-Mar\u00e9_11_photo-by-Antoine-Horenbeek.jpg 2000w, https:\/\/rioonwatch.org.br\/wp-content\/uploads\/2018\/06\/Virada-na-Mar\u00e9_11_photo-by-Antoine-Horenbeek-396x264.jpg 396w, https:\/\/rioonwatch.org.br\/wp-content\/uploads\/2018\/06\/Virada-na-Mar\u00e9_11_photo-by-Antoine-Horenbeek-620x413.jpg 620w, https:\/\/rioonwatch.org.br\/wp-content\/uploads\/2018\/06\/Virada-na-Mar\u00e9_11_photo-by-Antoine-Horenbeek-768x512.jpg 768w, https:\/\/rioonwatch.org.br\/wp-content\/uploads\/2018\/06\/Virada-na-Mar\u00e9_11_photo-by-Antoine-Horenbeek-1024x682.jpg 1024w\" sizes=\"(max-width: 620px) 100vw, 620px\" \/><\/a><\/p>\n<!-- AddThis Advanced Settings generic via filter on the_content --><!-- AddThis Share Buttons generic via filter on the_content -->","protected":false},"excerpt":{"rendered":"<div class=\"mh-excerpt\"><p>Click Here for English No dia 9 de junho, a ONG CEASM (Centro de Estudos e A\u00e7\u00f5es Solid\u00e1rias da Mar\u00e9\u00a0) sediou a Virada na Mar\u00e9, evento que teve como objetivo conscientizar as pessoas sobre a <a class=\"mh-excerpt-more\" href=\"https:\/\/rioonwatch.org.br\/?p=34066\" title=\"&#8216;Virada Sustent\u00e1vel&#8217; na Mar\u00e9 Combina Realidade Virtual, Brech\u00f3 e Sa\u00fade da Mulher [IMAGENS]\">[&#8230;]<\/a><!-- AddThis Advanced Settings generic via filter on get_the_excerpt --><!-- AddThis Share Buttons generic via filter on get_the_excerpt --><\/p>\n<\/div>","protected":false},"author":129,"featured_media":34069,"comment_status":"closed","ping_status":"closed","sticky":false,"template":"","format":"standard","meta":{"_acf_changed":false,"_monsterinsights_skip_tracking":false,"_monsterinsights_sitenote_active":false,"_monsterinsights_sitenote_note":"","_monsterinsights_sitenote_category":0,"footnotes":""},"categories":[1621,1627,1626,1633,1612,1639],"tags":[2357,332,709,316,363,731,922,1790,42,106,574,1076,1493,2388,358,294,404,2387,2386,218],"writer":[2346],"translator":[1491],"source":[],"ilustrador":[],"fotografo":[],"class_list":{"0":"post-34066","1":"post","2":"type-post","3":"status-publish","4":"format-standard","5":"has-post-thumbnail","7":"category-destaque","8":"category-relato-de-evento","9":"category-por-observadores-internacionais","10":"category-foto-reportagens","11":"category-sociedade-civil","12":"category-sustentabilidade","13":"tag-ceasm","14":"tag-complexo-da-mare","15":"tag-debate","16":"tag-educacao","17":"tag-educacao-ambiental","18":"tag-empreendedorismo","19":"tag-evento","20":"tag-feminismo","21":"tag-genero","22":"tag-meio-ambiente","23":"tag-microempreendedor","24":"tag-morro-do-timbau","25":"tag-negocio-comunitario","26":"tag-objetivos-de-desenvolvimento-sustentavel","27":"tag-organizacao-comunitaria","28":"tag-saude","29":"tag-sustentabilidade","30":"tag-violencia-contra-a-mulher","31":"tag-virada-sustentavel","32":"tag-zona-norte","33":"writer-antoine-horenbeek","34":"translator-patricia-gomes"},"acf":[],"yoast_head":"<!-- This site is optimized with the Yoast SEO plugin v25.6 - https:\/\/yoast.com\/wordpress\/plugins\/seo\/ -->\n<title>&#039;Virada Sustent\u00e1vel&#039; na Mar\u00e9 Combina Realidade Virtual, Brech\u00f3 e Sa\u00fade da Mulher [IMAGENS] - RioOnWatch<\/title>\n<meta name=\"robots\" content=\"index, follow, max-snippet:-1, max-image-preview:large, max-video-preview:-1\" \/>\n<link rel=\"canonical\" href=\"https:\/\/rioonwatch.org.br\/?p=34066\" \/>\n<meta property=\"og:locale\" content=\"pt_BR\" \/>\n<meta property=\"og:type\" content=\"article\" \/>\n<meta property=\"og:title\" content=\"&#039;Virada Sustent\u00e1vel&#039; na Mar\u00e9 Combina Realidade Virtual, Brech\u00f3 e Sa\u00fade da Mulher [IMAGENS] - RioOnWatch\" \/>\n<meta property=\"og:description\" content=\"Click Here for English No dia 9 de junho, a ONG CEASM (Centro de Estudos e A\u00e7\u00f5es Solid\u00e1rias da Mar\u00e9\u00a0) sediou a Virada na Mar\u00e9, evento que teve como objetivo conscientizar as pessoas sobre a [...]\" \/>\n<meta property=\"og:url\" content=\"https:\/\/rioonwatch.org.br\/?p=34066\" \/>\n<meta property=\"og:site_name\" content=\"RioOnWatch\" \/>\n<meta property=\"article:published_time\" content=\"2018-06-20T18:17:09+00:00\" \/>\n<meta property=\"article:modified_time\" content=\"2018-06-21T14:43:25+00:00\" \/>\n<meta property=\"og:image\" content=\"https:\/\/rioonwatch.org.br\/wp-content\/uploads\/2018\/06\/COVER2_photo-by-Antoine-Horenbeek-scaled.jpg\" \/>\n\t<meta property=\"og:image:width\" content=\"2560\" \/>\n\t<meta property=\"og:image:height\" content=\"1230\" \/>\n\t<meta property=\"og:image:type\" content=\"image\/jpeg\" \/>\n<meta name=\"author\" content=\"Admin\" \/>\n<meta name=\"twitter:card\" content=\"summary_large_image\" \/>\n<meta name=\"twitter:label1\" content=\"Escrito por\" \/>\n\t<meta name=\"twitter:data1\" content=\"Admin\" \/>\n\t<meta name=\"twitter:label2\" content=\"Est. tempo de leitura\" \/>\n\t<meta name=\"twitter:data2\" content=\"4 minutos\" \/>\n<script type=\"application\/ld+json\" class=\"yoast-schema-graph\">{\"@context\":\"https:\/\/schema.org\",\"@graph\":[{\"@type\":\"Article\",\"@id\":\"https:\/\/rioonwatch.org.br\/?p=34066#article\",\"isPartOf\":{\"@id\":\"https:\/\/rioonwatch.org.br\/?p=34066\"},\"author\":{\"name\":\"Admin\",\"@id\":\"https:\/\/rioonwatch.org.br\/#\/schema\/person\/11d64c290506f9df50c71b850c473f68\"},\"headline\":\"&#8216;Virada Sustent\u00e1vel&#8217; na Mar\u00e9 Combina Realidade Virtual, Brech\u00f3 e Sa\u00fade da Mulher [IMAGENS]\",\"datePublished\":\"2018-06-20T18:17:09+00:00\",\"dateModified\":\"2018-06-21T14:43:25+00:00\",\"mainEntityOfPage\":{\"@id\":\"https:\/\/rioonwatch.org.br\/?p=34066\"},\"wordCount\":810,\"publisher\":{\"@id\":\"https:\/\/rioonwatch.org.br\/#organization\"},\"image\":{\"@id\":\"https:\/\/rioonwatch.org.br\/?p=34066#primaryimage\"},\"thumbnailUrl\":\"https:\/\/rioonwatch.org.br\/wp-content\/uploads\/2018\/06\/COVER2_photo-by-Antoine-Horenbeek-scaled.jpg\",\"keywords\":[\"CEASM\",\"Complexo da Mar\u00e9\",\"debate\",\"educa\u00e7\u00e3o\",\"educa\u00e7\u00e3o ambiental\",\"empreendedorismo\",\"evento\",\"feminismo\",\"g\u00eanero\",\"meio ambiente\",\"microempreendedor\",\"Morro do Timbau\",\"neg\u00f3cio comunit\u00e1rio\",\"Objetivos de Desenvolvimento Sustent\u00e1vel\",\"organiza\u00e7\u00e3o comunit\u00e1ria\",\"sa\u00fade\",\"sustentabilidade\",\"viol\u00eancia contra a mulher\",\"Virada Sustent\u00e1vel\",\"Zona Norte\"],\"articleSection\":[\"*Destaque\",\"Cobertura de Eventos\",\"Escrito por Aliados\",\"Fotorreportagens\",\"Sociedade Civil\",\"Sustentabilidade\"],\"inLanguage\":\"pt-BR\"},{\"@type\":\"WebPage\",\"@id\":\"https:\/\/rioonwatch.org.br\/?p=34066\",\"url\":\"https:\/\/rioonwatch.org.br\/?p=34066\",\"name\":\"'Virada Sustent\u00e1vel' na Mar\u00e9 Combina Realidade Virtual, Brech\u00f3 e Sa\u00fade da Mulher [IMAGENS] - RioOnWatch\",\"isPartOf\":{\"@id\":\"https:\/\/rioonwatch.org.br\/#website\"},\"primaryImageOfPage\":{\"@id\":\"https:\/\/rioonwatch.org.br\/?p=34066#primaryimage\"},\"image\":{\"@id\":\"https:\/\/rioonwatch.org.br\/?p=34066#primaryimage\"},\"thumbnailUrl\":\"https:\/\/rioonwatch.org.br\/wp-content\/uploads\/2018\/06\/COVER2_photo-by-Antoine-Horenbeek-scaled.jpg\",\"datePublished\":\"2018-06-20T18:17:09+00:00\",\"dateModified\":\"2018-06-21T14:43:25+00:00\",\"breadcrumb\":{\"@id\":\"https:\/\/rioonwatch.org.br\/?p=34066#breadcrumb\"},\"inLanguage\":\"pt-BR\",\"potentialAction\":[{\"@type\":\"ReadAction\",\"target\":[\"https:\/\/rioonwatch.org.br\/?p=34066\"]}]},{\"@type\":\"ImageObject\",\"inLanguage\":\"pt-BR\",\"@id\":\"https:\/\/rioonwatch.org.br\/?p=34066#primaryimage\",\"url\":\"https:\/\/rioonwatch.org.br\/wp-content\/uploads\/2018\/06\/COVER2_photo-by-Antoine-Horenbeek-scaled.jpg\",\"contentUrl\":\"https:\/\/rioonwatch.org.br\/wp-content\/uploads\/2018\/06\/COVER2_photo-by-Antoine-Horenbeek-scaled.jpg\",\"width\":2560,\"height\":1230},{\"@type\":\"BreadcrumbList\",\"@id\":\"https:\/\/rioonwatch.org.br\/?p=34066#breadcrumb\",\"itemListElement\":[{\"@type\":\"ListItem\",\"position\":1,\"name\":\"In\u00edcio\",\"item\":\"https:\/\/rioonwatch.org.br\/\"},{\"@type\":\"ListItem\",\"position\":2,\"name\":\"&#8216;Virada Sustent\u00e1vel&#8217; na Mar\u00e9 Combina Realidade Virtual, Brech\u00f3 e Sa\u00fade da Mulher [IMAGENS]\"}]},{\"@type\":\"WebSite\",\"@id\":\"https:\/\/rioonwatch.org.br\/#website\",\"url\":\"https:\/\/rioonwatch.org.br\/\",\"name\":\"RioOnWatch\",\"description\":\"relatos das favelas cariocas\",\"publisher\":{\"@id\":\"https:\/\/rioonwatch.org.br\/#organization\"},\"potentialAction\":[{\"@type\":\"SearchAction\",\"target\":{\"@type\":\"EntryPoint\",\"urlTemplate\":\"https:\/\/rioonwatch.org.br\/?s={search_term_string}\"},\"query-input\":{\"@type\":\"PropertyValueSpecification\",\"valueRequired\":true,\"valueName\":\"search_term_string\"}}],\"inLanguage\":\"pt-BR\"},{\"@type\":\"Organization\",\"@id\":\"https:\/\/rioonwatch.org.br\/#organization\",\"name\":\"RioOnWatch\",\"url\":\"https:\/\/rioonwatch.org.br\/\",\"logo\":{\"@type\":\"ImageObject\",\"inLanguage\":\"pt-BR\",\"@id\":\"https:\/\/rioonwatch.org.br\/#\/schema\/logo\/image\/\",\"url\":\"https:\/\/rioonwatch.org.br\/wp-content\/uploads\/2021\/06\/RioOnWatchcabecalhoPT11anos-2.png\",\"contentUrl\":\"https:\/\/rioonwatch.org.br\/wp-content\/uploads\/2021\/06\/RioOnWatchcabecalhoPT11anos-2.png\",\"width\":779,\"height\":277,\"caption\":\"RioOnWatch\"},\"image\":{\"@id\":\"https:\/\/rioonwatch.org.br\/#\/schema\/logo\/image\/\"}},{\"@type\":\"Person\",\"@id\":\"https:\/\/rioonwatch.org.br\/#\/schema\/person\/11d64c290506f9df50c71b850c473f68\",\"name\":\"Admin\",\"image\":{\"@type\":\"ImageObject\",\"inLanguage\":\"pt-BR\",\"@id\":\"https:\/\/rioonwatch.org.br\/#\/schema\/person\/image\/\",\"url\":\"https:\/\/secure.gravatar.com\/avatar\/56211ac74568383903349a1485e3c325?s=96&d=blank&r=g\",\"contentUrl\":\"https:\/\/secure.gravatar.com\/avatar\/56211ac74568383903349a1485e3c325?s=96&d=blank&r=g\",\"caption\":\"Admin\"},\"url\":\"https:\/\/rioonwatch.org.br\/?author=129\"}]}<\/script>\n<!-- \/ Yoast SEO plugin. -->","yoast_head_json":{"title":"'Virada Sustent\u00e1vel' na Mar\u00e9 Combina Realidade Virtual, Brech\u00f3 e Sa\u00fade da Mulher [IMAGENS] - RioOnWatch","robots":{"index":"index","follow":"follow","max-snippet":"max-snippet:-1","max-image-preview":"max-image-preview:large","max-video-preview":"max-video-preview:-1"},"canonical":"https:\/\/rioonwatch.org.br\/?p=34066","og_locale":"pt_BR","og_type":"article","og_title":"'Virada Sustent\u00e1vel' na Mar\u00e9 Combina Realidade Virtual, Brech\u00f3 e Sa\u00fade da Mulher [IMAGENS] - RioOnWatch","og_description":"Click Here for English No dia 9 de junho, a ONG CEASM (Centro de Estudos e A\u00e7\u00f5es Solid\u00e1rias da Mar\u00e9\u00a0) sediou a Virada na Mar\u00e9, evento que teve como objetivo conscientizar as pessoas sobre a [...]","og_url":"https:\/\/rioonwatch.org.br\/?p=34066","og_site_name":"RioOnWatch","article_published_time":"2018-06-20T18:17:09+00:00","article_modified_time":"2018-06-21T14:43:25+00:00","og_image":[{"width":2560,"height":1230,"url":"https:\/\/rioonwatch.org.br\/wp-content\/uploads\/2018\/06\/COVER2_photo-by-Antoine-Horenbeek-scaled.jpg","type":"image\/jpeg"}],"author":"Admin","twitter_card":"summary_large_image","twitter_misc":{"Escrito por":"Admin","Est. tempo de leitura":"4 minutos"},"schema":{"@context":"https:\/\/schema.org","@graph":[{"@type":"Article","@id":"https:\/\/rioonwatch.org.br\/?p=34066#article","isPartOf":{"@id":"https:\/\/rioonwatch.org.br\/?p=34066"},"author":{"name":"Admin","@id":"https:\/\/rioonwatch.org.br\/#\/schema\/person\/11d64c290506f9df50c71b850c473f68"},"headline":"&#8216;Virada Sustent\u00e1vel&#8217; na Mar\u00e9 Combina Realidade Virtual, Brech\u00f3 e Sa\u00fade da Mulher [IMAGENS]","datePublished":"2018-06-20T18:17:09+00:00","dateModified":"2018-06-21T14:43:25+00:00","mainEntityOfPage":{"@id":"https:\/\/rioonwatch.org.br\/?p=34066"},"wordCount":810,"publisher":{"@id":"https:\/\/rioonwatch.org.br\/#organization"},"image":{"@id":"https:\/\/rioonwatch.org.br\/?p=34066#primaryimage"},"thumbnailUrl":"https:\/\/rioonwatch.org.br\/wp-content\/uploads\/2018\/06\/COVER2_photo-by-Antoine-Horenbeek-scaled.jpg","keywords":["CEASM","Complexo da Mar\u00e9","debate","educa\u00e7\u00e3o","educa\u00e7\u00e3o ambiental","empreendedorismo","evento","feminismo","g\u00eanero","meio ambiente","microempreendedor","Morro do Timbau","neg\u00f3cio comunit\u00e1rio","Objetivos de Desenvolvimento Sustent\u00e1vel","organiza\u00e7\u00e3o comunit\u00e1ria","sa\u00fade","sustentabilidade","viol\u00eancia contra a mulher","Virada Sustent\u00e1vel","Zona Norte"],"articleSection":["*Destaque","Cobertura de Eventos","Escrito por Aliados","Fotorreportagens","Sociedade Civil","Sustentabilidade"],"inLanguage":"pt-BR"},{"@type":"WebPage","@id":"https:\/\/rioonwatch.org.br\/?p=34066","url":"https:\/\/rioonwatch.org.br\/?p=34066","name":"'Virada Sustent\u00e1vel' na Mar\u00e9 Combina Realidade Virtual, Brech\u00f3 e Sa\u00fade da Mulher [IMAGENS] - RioOnWatch","isPartOf":{"@id":"https:\/\/rioonwatch.org.br\/#website"},"primaryImageOfPage":{"@id":"https:\/\/rioonwatch.org.br\/?p=34066#primaryimage"},"image":{"@id":"https:\/\/rioonwatch.org.br\/?p=34066#primaryimage"},"thumbnailUrl":"https:\/\/rioonwatch.org.br\/wp-content\/uploads\/2018\/06\/COVER2_photo-by-Antoine-Horenbeek-scaled.jpg","datePublished":"2018-06-20T18:17:09+00:00","dateModified":"2018-06-21T14:43:25+00:00","breadcrumb":{"@id":"https:\/\/rioonwatch.org.br\/?p=34066#breadcrumb"},"inLanguage":"pt-BR","potentialAction":[{"@type":"ReadAction","target":["https:\/\/rioonwatch.org.br\/?p=34066"]}]},{"@type":"ImageObject","inLanguage":"pt-BR","@id":"https:\/\/rioonwatch.org.br\/?p=34066#primaryimage","url":"https:\/\/rioonwatch.org.br\/wp-content\/uploads\/2018\/06\/COVER2_photo-by-Antoine-Horenbeek-scaled.jpg","contentUrl":"https:\/\/rioonwatch.org.br\/wp-content\/uploads\/2018\/06\/COVER2_photo-by-Antoine-Horenbeek-scaled.jpg","width":2560,"height":1230},{"@type":"BreadcrumbList","@id":"https:\/\/rioonwatch.org.br\/?p=34066#breadcrumb","itemListElement":[{"@type":"ListItem","position":1,"name":"In\u00edcio","item":"https:\/\/rioonwatch.org.br\/"},{"@type":"ListItem","position":2,"name":"&#8216;Virada Sustent\u00e1vel&#8217; na Mar\u00e9 Combina Realidade Virtual, Brech\u00f3 e Sa\u00fade da Mulher [IMAGENS]"}]},{"@type":"WebSite","@id":"https:\/\/rioonwatch.org.br\/#website","url":"https:\/\/rioonwatch.org.br\/","name":"RioOnWatch","description":"relatos das favelas cariocas","publisher":{"@id":"https:\/\/rioonwatch.org.br\/#organization"},"potentialAction":[{"@type":"SearchAction","target":{"@type":"EntryPoint","urlTemplate":"https:\/\/rioonwatch.org.br\/?s={search_term_string}"},"query-input":{"@type":"PropertyValueSpecification","valueRequired":true,"valueName":"search_term_string"}}],"inLanguage":"pt-BR"},{"@type":"Organization","@id":"https:\/\/rioonwatch.org.br\/#organization","name":"RioOnWatch","url":"https:\/\/rioonwatch.org.br\/","logo":{"@type":"ImageObject","inLanguage":"pt-BR","@id":"https:\/\/rioonwatch.org.br\/#\/schema\/logo\/image\/","url":"https:\/\/rioonwatch.org.br\/wp-content\/uploads\/2021\/06\/RioOnWatchcabecalhoPT11anos-2.png","contentUrl":"https:\/\/rioonwatch.org.br\/wp-content\/uploads\/2021\/06\/RioOnWatchcabecalhoPT11anos-2.png","width":779,"height":277,"caption":"RioOnWatch"},"image":{"@id":"https:\/\/rioonwatch.org.br\/#\/schema\/logo\/image\/"}},{"@type":"Person","@id":"https:\/\/rioonwatch.org.br\/#\/schema\/person\/11d64c290506f9df50c71b850c473f68","name":"Admin","image":{"@type":"ImageObject","inLanguage":"pt-BR","@id":"https:\/\/rioonwatch.org.br\/#\/schema\/person\/image\/","url":"https:\/\/secure.gravatar.com\/avatar\/56211ac74568383903349a1485e3c325?s=96&d=blank&r=g","contentUrl":"https:\/\/secure.gravatar.com\/avatar\/56211ac74568383903349a1485e3c325?s=96&d=blank&r=g","caption":"Admin"},"url":"https:\/\/rioonwatch.org.br\/?author=129"}]}},"_links":{"self":[{"href":"https:\/\/rioonwatch.org.br\/index.php?rest_route=\/wp\/v2\/posts\/34066"}],"collection":[{"href":"https:\/\/rioonwatch.org.br\/index.php?rest_route=\/wp\/v2\/posts"}],"about":[{"href":"https:\/\/rioonwatch.org.br\/index.php?rest_route=\/wp\/v2\/types\/post"}],"author":[{"embeddable":true,"href":"https:\/\/rioonwatch.org.br\/index.php?rest_route=\/wp\/v2\/users\/129"}],"replies":[{"embeddable":true,"href":"https:\/\/rioonwatch.org.br\/index.php?rest_route=%2Fwp%2Fv2%2Fcomments&post=34066"}],"version-history":[{"count":18,"href":"https:\/\/rioonwatch.org.br\/index.php?rest_route=\/wp\/v2\/posts\/34066\/revisions"}],"predecessor-version":[{"id":34151,"href":"https:\/\/rioonwatch.org.br\/index.php?rest_route=\/wp\/v2\/posts\/34066\/revisions\/34151"}],"wp:featuredmedia":[{"embeddable":true,"href":"https:\/\/rioonwatch.org.br\/index.php?rest_route=\/wp\/v2\/media\/34069"}],"wp:attachment":[{"href":"https:\/\/rioonwatch.org.br\/index.php?rest_route=%2Fwp%2Fv2%2Fmedia&parent=34066"}],"wp:term":[{"taxonomy":"category","embeddable":true,"href":"https:\/\/rioonwatch.org.br\/index.php?rest_route=%2Fwp%2Fv2%2Fcategories&post=34066"},{"taxonomy":"post_tag","embeddable":true,"href":"https:\/\/rioonwatch.org.br\/index.php?rest_route=%2Fwp%2Fv2%2Ftags&post=34066"},{"taxonomy":"writer","embeddable":true,"href":"https:\/\/rioonwatch.org.br\/index.php?rest_route=%2Fwp%2Fv2%2Fwriter&post=34066"},{"taxonomy":"translator","embeddable":true,"href":"https:\/\/rioonwatch.org.br\/index.php?rest_route=%2Fwp%2Fv2%2Ftranslator&post=34066"},{"taxonomy":"source","embeddable":true,"href":"https:\/\/rioonwatch.org.br\/index.php?rest_route=%2Fwp%2Fv2%2Fsource&post=34066"},{"taxonomy":"ilustrador","embeddable":true,"href":"https:\/\/rioonwatch.org.br\/index.php?rest_route=%2Fwp%2Fv2%2Filustrador&post=34066"},{"taxonomy":"fotografo","embeddable":true,"href":"https:\/\/rioonwatch.org.br\/index.php?rest_route=%2Fwp%2Fv2%2Ffotografo&post=34066"}],"curies":[{"name":"wp","href":"https:\/\/api.w.org\/{rel}","templated":true}]}}