{"id":34184,"date":"2018-07-17T11:46:39","date_gmt":"2018-07-17T14:46:39","guid":{"rendered":"http:\/\/rioonwatch.org.br\/?p=34184"},"modified":"2024-06-20T16:18:04","modified_gmt":"2024-06-20T19:18:04","slug":"e-quanto-as-pessoas-desenvolvimento-comunitario-sustentavel-no-rio-parte-1-definindo-resiliencia-resenha","status":"publish","type":"post","link":"https:\/\/rioonwatch.org.br\/?p=34184","title":{"rendered":"&#8216;E Quanto \u00e0s Pessoas?&#8217; Desenvolvimento Comunit\u00e1rio Sustent\u00e1vel no Rio, Parte 1\u2014Definindo Resili\u00eancia [RESENHA]"},"content":{"rendered":"<p style=\"text-align: right;\"><em><strong><a href=\"http:\/\/bit.ly\/2I6RXf2\" target=\"_blank\" rel=\"noopener noreferrer\">Click Here for English<img decoding=\"async\" width=\"20\" height=\"20\" class=\"alignright wp-image-15790\" src=\"http:\/\/rioonwatch.org.br\/wp-content\/uploads\/2012\/08\/EN-standard-e1439583104716.jpg\" \/><\/a><\/strong><\/em><\/p>\n<p><em><span style=\"font-weight: 400;\">Esta \u00e9 a primeira mat\u00e9ria, de uma <a href=\"http:\/\/bit.ly\/2LziLqv\" target=\"_blank\" rel=\"noopener\">s\u00e9rie<\/a> de duas partes, de uma resenha do <a href=\"http:\/\/bit.ly\/2FK2Kuy\" target=\"_blank\" rel=\"noopener\">livro<\/a> &#8216;Social Sustainability, Climate Resilience and Community-Based Urban Development: <a href=\"http:\/\/bit.ly\/2x0BhV7\" target=\"_blank\" rel=\"noopener\">What About the People<\/a>?&#8217; (Sustentabilidade Social, Resili\u00eancia Clim\u00e1tica e Desenvolvimento Comunit\u00e1rio Urbano: E Quanto \u00e0s Pessoas?), de Cathy Baldwin e Robin King, incorporando conceitos que contribuem para pensar sobre as favelas do Rio. Leia a segunda parte <a href=\"http:\/\/bit.ly\/2LziLqv\" target=\"_blank\" rel=\"noopener\">aqui<\/a>.<\/span><\/em><\/p>\n<p><span style=\"font-weight: 400;\">As favelas do Rio de Janeiro s\u00e3o cada vez mais reconhecidas como <a href=\"http:\/\/bit.ly\/RFSRelatorio\" target=\"_blank\" rel=\"noopener\">inovadoras em termos de seus projetos comunit\u00e1rios de base sustent\u00e1vel<\/a>. No Vale Encantado, os moradores <a href=\"http:\/\/bit.ly\/1Hawg6U\" target=\"_blank\" rel=\"noopener\">constru\u00edram biodigestores<\/a> e hortas comunit\u00e1rias e limitaram suas pr\u00f3prias constru\u00e7\u00f5es para proteger o ambiente natural ao seu redor. <a href=\"http:\/\/bit.ly\/25y5Vx4\" target=\"_blank\" rel=\"noopener\">Na Vila Aut\u00f3dromo, os moradores plantaram \u00e1rvores<\/a> para construir o ecossistema local, fornecer uma fonte natural de frutas e oferecer sombra aos pedestres. No Morro da Formiga, os moradores <a href=\"http:\/\/bit.ly\/1S1blJy\" target=\"_blank\" rel=\"noopener\">administram uma infraestrutura h\u00eddrica<\/a> cooperativamente gerenciada, juntamente com iniciativas de horticultura e apicultura. No entanto, nem todas as favelas t\u00eam moradores proativos em iniciativas para o desenvolvimento comunit\u00e1rio e ambiental. O livro <a href=\"http:\/\/bit.ly\/2quyz4E\" target=\"_blank\" rel=\"noopener\"><em>Sustentabilidade Social, Resili\u00eancia Clim\u00e1tica e Desenvolvimento Comunit\u00e1rio Urban: E Quanto As Pessoas?<\/em><\/a><\/span><span style=\"font-weight: 400;\">, de Cathy Baldwin (Universidade de Oxford) e Robin King (Instituto de Recursos Mundiais), atribuiriam a diferen\u00e7a ao grau variado de sustentabilidade social entre as comunidades.<\/span><\/p>\n<p><span style=\"font-weight: 400;\">Cathy e Robin\u00a0argumentam que uma comunidade \u00e9 socialmente sustent\u00e1vel* na medida em que o \u201cbairro ap\u00f3ia o bem-estar individual e coletivo\u201d. Quanto mais as pessoas dentro do bairro se v\u00eaem como um coletivo, maior a probabilidade de se unirem para promover &#8220;condi\u00e7\u00f5es sociais e culturais&#8221; que a comunidade considera dignas de serem \u201cpreservadas para as gera\u00e7\u00f5es futuras&#8221;. Esse apoio \u00e9 influenciado pelo design f\u00edsico do espa\u00e7o, pela sustentabilidade ambiental da comunidade ou, talvez mais importante, pela coes\u00e3o social das pessoas que comp\u00f5em a comunidade.<\/span><\/p>\n<p><span style=\"font-weight: 400;\">\u201cA coes\u00e3o social* acontece quando pessoas da mesma comunidade ou sociedade se d\u00e3o bem, confiam umas nas outras e vivem pacificamente com ou sem diferen\u00e7as sociais ou \u00e9tnicas. Isto \u00e9 apoiado pela inclus\u00e3o e igualdade econ\u00f4mica, pela democracia, por pessoas que t\u00eam suas necessidades b\u00e1sicas atendidas e pela <a href=\"http:\/\/bit.ly\/1DLIFlK\" target=\"_blank\" rel=\"noopener\">solidariedade<\/a> social entre as pessoas\u201d. Essas condi\u00e7\u00f5es criam capital social dentro de uma comunidade. O capital social* \u00e9 a forma como os cientistas sociais descrevem o grupo de benef\u00edcios que adv\u00eam de normas sociais consistentes e da confian\u00e7a constru\u00edda atrav\u00e9s da intera\u00e7\u00e3o regular dentro de uma comunidade. Capital social \u00e9 um dos principais fatores necess\u00e1rios para o estabelecimento de uma comunidade sustent\u00e1vel.<\/span><\/p>\n<h3><strong>Sustentabilidade social no Rio de Janeiro<\/strong><\/h3>\n<p><span style=\"font-weight: 400;\">O aspecto do ambiente constru\u00eddo para a sustentabilidade social descrito no livro \u00e9 particularmente relevante no que diz respeito \u00e0s favelas do Rio. Segundo os autores, o ambiente constru\u00eddo que incentiva a coes\u00e3o social promove uma \u201c<a href=\"http:\/\/bit.ly\/2FCLp7A\" target=\"_blank\" rel=\"noopener\">vida de rua ativa por meio de &#8216;ruas variadas e funcionais<\/a>&#8216;\u201d. Os autores demonstram como as caracter\u00edsticas espaciais de diferentes bairros <a href=\"http:\/\/bit.ly\/2jrwFi2\" target=\"_blank\" rel=\"noopener\">em Buenos Aires<\/a>, Argentina e Delhi, na \u00cdndia, influenciaram a qualidade das intera\u00e7\u00f5es e relacionamentos entre os moradores, bem como sua capacidade coletiva de produzir mudan\u00e7as. Curiosamente, mas n\u00e3o surpreendentemente, a maioria das caracter\u00edsticas espaciais apresentadas no livro s\u00e3o encontradas na maioria das favelas do Rio de Janeiro. Por exemplo, os autores apontam como a proximidade de casas e janelas, caracter\u00edstica fundamental na maioria das favelas, promove a intera\u00e7\u00e3o social, contribuindo para o capital social e a coes\u00e3o do bairro, seu senso de lugar e sentido de comunidade e, consequentemente, sua sustentabilidade social. Elas t\u00eam ruas comerciais ativas que promovem a intera\u00e7\u00e3o social regular. Muitas favelas tamb\u00e9m possuem locais centrais de reuni\u00e3o comunit\u00e1ria que foram <a href=\"http:\/\/bit.ly\/2jrwFi2\" target=\"_blank\" rel=\"noopener\">estabelecidos pela comunidade<\/a> muito antes da prefeitura se preocupar com urbaniza\u00e7\u00f5es estruturais na favela.<\/span><\/p>\n<p><a href=\"http:\/\/rioonwatch.org.br\/wp-content\/uploads\/2018\/07\/garden-formiga.jpg\"><img fetchpriority=\"high\" decoding=\"async\" class=\"aligncenter wp-image-34409 size-content\" title=\"Horta comunit\u00e1ria no Morro da Formiga\" src=\"http:\/\/rioonwatch.org.br\/wp-content\/uploads\/2018\/07\/garden-formiga-620x264.jpg\" alt=\"\" width=\"620\" height=\"264\" srcset=\"https:\/\/rioonwatch.org.br\/wp-content\/uploads\/2018\/07\/garden-formiga-620x264.jpg 620w, https:\/\/rioonwatch.org.br\/wp-content\/uploads\/2018\/07\/garden-formiga-940x400.jpg 940w\" sizes=\"(max-width: 620px) 100vw, 620px\" \/><\/a><\/p>\n<p><span style=\"font-weight: 400;\">A coes\u00e3o social tamb\u00e9m \u00e9 um aspecto interessante a considerar \u00e0 luz das favelas. Cada favela tem normas sociais \u00fanicas que moldam o modo como a comunidade engaja os moradores entre si. Isso \u00e9 evidente em comunidades que se organizam contra <a href=\"http:\/\/bit.ly\/X51Qvb\" target=\"_blank\" rel=\"noopener\">remo\u00e7\u00f5es<\/a>. Lutam contra perder n\u00e3o apenas suas casas, mas <a href=\"http:\/\/bit.ly\/1S7DrTW\" target=\"_blank\" rel=\"noopener\">todo o seu modo de vida<\/a>. A coes\u00e3o social, o acesso a informa\u00e7\u00f5es sobre seus direitos, amplas redes de apoio e outras <a href=\"http:\/\/bit.ly\/2GMEd9l\" target=\"_blank\" rel=\"noopener\">chaves para uma resist\u00eancia bem-sucedida<\/a> os empoderam a resistir&#8211;alguns com mais sucesso do que outros, talvez por refletirem diretamente os n\u00edveis pr\u00e9-existentes de coes\u00e3o social. Essas remo\u00e7\u00f5es, que dispersam a comunidade pelos bairros da cidade, <a href=\"http:\/\/bit.ly\/1S7DrTW\" target=\"_blank\" rel=\"noopener\">despojam o capital social daqueles que foram removidos de suas casas<\/a>, obrigando-os a come\u00e7arem do zero e a desenvolverem novos la\u00e7os de confian\u00e7a e normas sociais em comunidades desconhecidas.<\/span><\/p>\n<p><span style=\"font-weight: 400;\">As favelas brasileiras tamb\u00e9m criam capital social de forma \u00fanica. Embora o capital social esteja muito presente dentro de cada favela, a cria\u00e7\u00e3o de uma rede de comunidades por toda a cidade \u00e9 uma forma de criar Capital Social Horizontal*. Essa forma de capital social \u00e9 constru\u00edda entre comunidades semelhantes que compartilham valores e experi\u00eancias semelhantes. Esse tipo de <a href=\"http:\/\/bit.ly\/2hvSQpK\" target=\"_blank\" rel=\"noopener\">uni\u00e3o<\/a> cria a funda\u00e7\u00e3o para <a href=\"http:\/\/bit.ly\/2zPcWTe\" target=\"_blank\" rel=\"noopener\">movimentos sociais no \u00e2mbito da cidade<\/a>, com os moradores das favelas como pilar para um movimento de base por toda a cidade.<\/span><\/p>\n<h3><strong>Resili\u00eancia comunit\u00e1ria diante da adversidade<\/strong><\/h3>\n<p><span style=\"font-weight: 400;\">A <a href=\"http:\/\/bit.ly\/2ksCmOD\" target=\"_blank\" rel=\"noopener\">resili\u00eancia<\/a> \u00e9 um resultado crucial da sustentabilidade social quando confrontada com adversidades de grande escala, desde remo\u00e7\u00f5es at\u00e9 desastres naturais. Os autores definem resili\u00eancia comunit\u00e1ria como a \u201cexist\u00eancia, desenvolvimento e engajamento de recursos comunit\u00e1rios por membros da comunidade para prosperarem em um ambiente caracterizado por mudan\u00e7as, incertezas, imprevisibilidade e surpresa\u201d. Os recursos incluem <a href=\"http:\/\/bit.ly\/2u2JyUS\" target=\"_blank\" rel=\"noopener\">infraestrutura comunit\u00e1ria<\/a>: espa\u00e7os ou locais que <a href=\"http:\/\/bit.ly\/2vQ3Uoh\" target=\"_blank\" rel=\"noopener\">promovem a vida comunit\u00e1ria<\/a>. Estes espa\u00e7os incluem lojas, parques, <a href=\"https:\/\/glo.bo\/2Gr1QYR\" target=\"_blank\" rel=\"noopener\">bibliotecas<\/a>, caf\u00e9s e bares, e quaisquer outros lugares que ajudem a <a href=\"http:\/\/rioonwatch.org.br\/?p=34280\" target=\"_blank\" rel=\"noopener\">promover as redes sociais e lideran\u00e7a comunit\u00e1ria<\/a>. Moradores de comunidades que t\u00eam uma rede fundamental de relacionamentos s\u00e3o mais propensos a &#8220;&#8216;baterem nas portas dos vizinhos&#8217; para verificar se eles est\u00e3o bem&#8221; e <a href=\"http:\/\/bit.ly\/EspacosPublicos\" target=\"_blank\" rel=\"noopener\">usar espa\u00e7os ao ar livre &#8220;para atender \u00e0s suas necessidades de acomoda\u00e7\u00e3o e organiza\u00e7\u00e3o&#8221;<\/a>.<\/span><span style=\"font-weight: 400;\"><br \/>\n<\/span><\/p>\n<p><span style=\"font-weight: 400;\">Desenvolver a capacidade de resili\u00eancia de uma comunidade depende dos seguintes princ\u00edpios chaves:<\/span><\/p>\n<ul>\n<li><a href=\"http:\/\/bit.ly\/2JvD46G\" target=\"_blank\" rel=\"noopener\">Concentrar-se nos recursos da comunidade<\/a>, n\u00e3o nos d\u00e9ficits.<\/li>\n<li><span style=\"font-weight: 400;\">Enfatizar o conhecimento da comunidade sobre si mesma.<\/span><\/li>\n<li><span style=\"font-weight: 400;\">Criar oportunidades de aprendizagem social e capacita\u00e7\u00e3o.<\/span><\/li>\n<li><span style=\"font-weight: 400;\">Organizar <\/span><a href=\"http:\/\/bit.ly\/EscadaParticipacao\" target=\"_blank\" rel=\"noopener\"><span style=\"font-weight: 400;\">projetos comunit\u00e1rios participativos<\/span><\/a>.<\/li>\n<li>Garantir a <a href=\"http:\/\/bit.ly\/1Mr1dJH\" target=\"_blank\" rel=\"noopener\">inclus\u00e3o<\/a> de membros de todos os grupos sociais representados na comunidade.<\/li>\n<\/ul>\n<h3>*Gloss\u00e1rio<\/h3>\n<p><b>Resili\u00eancia comunit\u00e1ria<\/b><span style=\"font-weight: 400;\">: E<\/span><span style=\"font-weight: 400;\">xist\u00eancia, desenvolvimento e engajamento de recursos comunit\u00e1rios por membros da comunidade para prosperarem em um ambiente caracterizado por mudan\u00e7as, incertezas, imprevisibilidade e surpresa.<\/span><\/p>\n<p><b>Capital socia<\/b><span style=\"font-weight: 400;\"><strong>l<\/strong>: Um fator-chave na constru\u00e7\u00e3o de uma comunidade sustent\u00e1vel, o capital social \u00e9 o grupo de benef\u00edcios que v\u00eam de normas sociais consistentes e da confian\u00e7a constru\u00edda atrav\u00e9s da intera\u00e7\u00e3o regular dentro de uma comunidade.<\/span><\/p>\n<ul>\n<li style=\"font-weight: 400;\"><span style=\"font-weight: 400;\">Capital Social\u00a0que Ligue as Pessoas <em>(bonding social<\/em> capital)<em>:<\/em> capital social dentro de uma comunidade.<\/span><\/li>\n<li style=\"font-weight: 400;\"><span style=\"font-weight: 400;\">Capital Social Horizontal: capital social atrav\u00e9s de uma rede de comunidades.<\/span><\/li>\n<\/ul>\n<p><b>Coes\u00e3o social:<\/b><span style=\"font-weight: 400;\">\u00a0Quando pessoas da mesma comunidade ou sociedade se d\u00e3o bem, confiam umas nas outras, e vivem pacificamente com ou sem diferen\u00e7as sociais ou \u00e9tnicas. Este processo \u00e9 apoiado pela inclus\u00e3o e igualdade econ\u00f4mica, pela democracia, por pessoas que t\u00eam suas necessidades b\u00e1sicas atendidas e pela solidariedade social.<\/span><\/p>\n<p><b>Socialmente sustent\u00e1vel<\/b><span style=\"font-weight: 400;\">: quando o bairro apoia o bem-estar individual e coletivo de seus moradores.<\/span><\/p>\n<p><em><span style=\"font-weight: 400;\">Esta \u00e9 a primeira mat\u00e9ria, de uma <a href=\"http:\/\/bit.ly\/2LziLqv\" target=\"_blank\" rel=\"noopener\">s\u00e9rie<\/a> de duas partes, de uma resenha do <a href=\"http:\/\/bit.ly\/2FK2Kuy\" target=\"_blank\" rel=\"noopener\">livro<\/a> &#8216;Social Sustainability, Climate Resilience and Community-Based Urban Development: <a href=\"http:\/\/bit.ly\/2x0BhV7\" target=\"_blank\" rel=\"noopener\">What About the People<\/a>?&#8217; (Sustentabilidade Social, Resili\u00eancia Clim\u00e1tica e Desenvolvimento Comunit\u00e1rio Urbano: E Quanto \u00e0s Pessoas?), de Cathy Baldwin e Robin King, incorporando conceitos que contribuem para pensar sobre as favelas do Rio. Leia a segunda parte <a href=\"http:\/\/bit.ly\/2LziLqv\" target=\"_blank\" rel=\"noopener\">aqui<\/a>.<\/span><\/em><\/p>\n<!-- AddThis Advanced Settings generic via filter on the_content --><!-- AddThis Share Buttons generic via filter on the_content -->","protected":false},"excerpt":{"rendered":"<div class=\"mh-excerpt\"><p>Click Here for English Esta \u00e9 a primeira mat\u00e9ria, de uma s\u00e9rie de duas partes, de uma resenha do livro &#8216;Social Sustainability, Climate Resilience and Community-Based Urban Development: What About the People?&#8217; (Sustentabilidade Social, Resili\u00eancia <a class=\"mh-excerpt-more\" href=\"https:\/\/rioonwatch.org.br\/?p=34184\" title=\"&#8216;E Quanto \u00e0s Pessoas?&#8217; Desenvolvimento Comunit\u00e1rio Sustent\u00e1vel no Rio, Parte 1\u2014Definindo Resili\u00eancia [RESENHA]\">[&#8230;]<\/a><!-- AddThis Advanced Settings generic via filter on get_the_excerpt --><!-- AddThis Share Buttons generic via filter on get_the_excerpt --><\/p>\n<\/div>","protected":false},"author":129,"featured_media":34404,"comment_status":"closed","ping_status":"closed","sticky":false,"template":"","format":"standard","meta":{"_acf_changed":false,"_monsterinsights_skip_tracking":false,"_monsterinsights_sitenote_active":false,"_monsterinsights_sitenote_note":"","_monsterinsights_sitenote_category":0,"footnotes":""},"categories":[1632,1616,1624,1639],"tags":[386,422,2044,2420,1096,1103,1151,358,304,2400,2072,14,958,1370,1966,432,380,476,404,2167],"writer":[1082,2399],"translator":[1971],"source":[],"ilustrador":[],"fotografo":[],"class_list":{"0":"post-34184","1":"post","2":"type-post","3":"status-publish","4":"format-standard","5":"has-post-thumbnail","7":"category-pesquisa-e-analise","8":"category-qualidades-da-favela","9":"category-resenha","10":"category-sustentabilidade","11":"tag-estigma","12":"tag-cultura-de-rua","13":"tag-desenvolvimento","14":"tag-design-participativo","15":"tag-favela-como-modelo-sustentavel","16":"tag-informalidade","17":"tag-organizacao","18":"tag-organizacao-comunitaria","19":"tag-participacao","20":"tag-planejamento-participativo","21":"tag-qualidades-da-informalidade","22":"tag-remocao","23":"tag-resenha-de-livro","24":"tag-resenha","25":"tag-resiliencia","26":"tag-resistencia","27":"tag-solidariedade","28":"tag-solucao-comunitaria","29":"tag-sustentabilidade","30":"tag-uniao","31":"writer-kimberly-farnham","32":"writer-patricia-basile","33":"translator-geovanna-giannini"},"acf":[],"yoast_head":"<!-- This site is optimized with the Yoast SEO plugin v25.6 - https:\/\/yoast.com\/wordpress\/plugins\/seo\/ -->\n<title>&#039;E Quanto \u00e0s Pessoas?&#039; Desenvolvimento Comunit\u00e1rio Sustent\u00e1vel no Rio, Parte 1\u2014Definindo Resili\u00eancia [RESENHA] - RioOnWatch<\/title>\n<meta name=\"robots\" content=\"index, follow, max-snippet:-1, max-image-preview:large, max-video-preview:-1\" \/>\n<link rel=\"canonical\" href=\"https:\/\/rioonwatch.org.br\/?p=34184\" \/>\n<meta property=\"og:locale\" content=\"pt_BR\" \/>\n<meta property=\"og:type\" content=\"article\" \/>\n<meta property=\"og:title\" content=\"&#039;E Quanto \u00e0s Pessoas?&#039; Desenvolvimento Comunit\u00e1rio Sustent\u00e1vel no Rio, Parte 1\u2014Definindo Resili\u00eancia [RESENHA] - RioOnWatch\" \/>\n<meta property=\"og:description\" content=\"Click Here for English Esta \u00e9 a primeira mat\u00e9ria, de uma s\u00e9rie de duas partes, de uma resenha do livro &#8216;Social Sustainability, Climate Resilience and Community-Based Urban Development: What About the People?&#8217; (Sustentabilidade Social, Resili\u00eancia [...]\" \/>\n<meta property=\"og:url\" content=\"https:\/\/rioonwatch.org.br\/?p=34184\" \/>\n<meta property=\"og:site_name\" content=\"RioOnWatch\" \/>\n<meta property=\"article:published_time\" content=\"2018-07-17T14:46:39+00:00\" \/>\n<meta property=\"article:modified_time\" content=\"2024-06-20T19:18:04+00:00\" \/>\n<meta property=\"og:image\" content=\"https:\/\/rioonwatch.org.br\/wp-content\/uploads\/2018\/06\/WhatAboutThePeopleBookCover.jpg\" \/>\n\t<meta property=\"og:image:width\" content=\"855\" \/>\n\t<meta property=\"og:image:height\" content=\"607\" \/>\n\t<meta property=\"og:image:type\" content=\"image\/jpeg\" \/>\n<meta name=\"author\" content=\"Admin\" \/>\n<meta name=\"twitter:card\" content=\"summary_large_image\" \/>\n<meta name=\"twitter:label1\" content=\"Escrito por\" \/>\n\t<meta name=\"twitter:data1\" content=\"Admin\" \/>\n\t<meta name=\"twitter:label2\" content=\"Est. tempo de leitura\" \/>\n\t<meta name=\"twitter:data2\" content=\"7 minutos\" \/>\n<script type=\"application\/ld+json\" class=\"yoast-schema-graph\">{\"@context\":\"https:\/\/schema.org\",\"@graph\":[{\"@type\":\"Article\",\"@id\":\"https:\/\/rioonwatch.org.br\/?p=34184#article\",\"isPartOf\":{\"@id\":\"https:\/\/rioonwatch.org.br\/?p=34184\"},\"author\":{\"name\":\"Admin\",\"@id\":\"https:\/\/rioonwatch.org.br\/#\/schema\/person\/11d64c290506f9df50c71b850c473f68\"},\"headline\":\"&#8216;E Quanto \u00e0s Pessoas?&#8217; Desenvolvimento Comunit\u00e1rio Sustent\u00e1vel no Rio, Parte 1\u2014Definindo Resili\u00eancia [RESENHA]\",\"datePublished\":\"2018-07-17T14:46:39+00:00\",\"dateModified\":\"2024-06-20T19:18:04+00:00\",\"mainEntityOfPage\":{\"@id\":\"https:\/\/rioonwatch.org.br\/?p=34184\"},\"wordCount\":1361,\"publisher\":{\"@id\":\"https:\/\/rioonwatch.org.br\/#organization\"},\"image\":{\"@id\":\"https:\/\/rioonwatch.org.br\/?p=34184#primaryimage\"},\"thumbnailUrl\":\"https:\/\/rioonwatch.org.br\/wp-content\/uploads\/2018\/06\/WhatAboutThePeopleBookCover.jpg\",\"keywords\":[\"#StopFavelaStigma\",\"cultura de rua\",\"desenvolvimento\",\"design participativo\",\"Favela Como Modelo Sustent\u00e1vel\",\"informalidade\",\"mobiliza\u00e7\u00e3o\",\"organiza\u00e7\u00e3o comunit\u00e1ria\",\"participa\u00e7\u00e3o\",\"planejamento participativo\",\"qualidades da informalidade\",\"Remo\u00e7\u00e3o\",\"resenha de livro\",\"Resenhas\",\"resili\u00eancia\",\"resist\u00eancia\",\"solidariedade\",\"solu\u00e7\u00e3o comunit\u00e1ria\",\"sustentabilidade\",\"uni\u00e3o\"],\"articleSection\":[\"Dados e Pesquisa\",\"Qualidades da Favela\",\"Resenhas\",\"Sustentabilidade\"],\"inLanguage\":\"pt-BR\"},{\"@type\":\"WebPage\",\"@id\":\"https:\/\/rioonwatch.org.br\/?p=34184\",\"url\":\"https:\/\/rioonwatch.org.br\/?p=34184\",\"name\":\"'E Quanto \u00e0s Pessoas?' Desenvolvimento Comunit\u00e1rio Sustent\u00e1vel no Rio, Parte 1\u2014Definindo Resili\u00eancia [RESENHA] - RioOnWatch\",\"isPartOf\":{\"@id\":\"https:\/\/rioonwatch.org.br\/#website\"},\"primaryImageOfPage\":{\"@id\":\"https:\/\/rioonwatch.org.br\/?p=34184#primaryimage\"},\"image\":{\"@id\":\"https:\/\/rioonwatch.org.br\/?p=34184#primaryimage\"},\"thumbnailUrl\":\"https:\/\/rioonwatch.org.br\/wp-content\/uploads\/2018\/06\/WhatAboutThePeopleBookCover.jpg\",\"datePublished\":\"2018-07-17T14:46:39+00:00\",\"dateModified\":\"2024-06-20T19:18:04+00:00\",\"breadcrumb\":{\"@id\":\"https:\/\/rioonwatch.org.br\/?p=34184#breadcrumb\"},\"inLanguage\":\"pt-BR\",\"potentialAction\":[{\"@type\":\"ReadAction\",\"target\":[\"https:\/\/rioonwatch.org.br\/?p=34184\"]}]},{\"@type\":\"ImageObject\",\"inLanguage\":\"pt-BR\",\"@id\":\"https:\/\/rioonwatch.org.br\/?p=34184#primaryimage\",\"url\":\"https:\/\/rioonwatch.org.br\/wp-content\/uploads\/2018\/06\/WhatAboutThePeopleBookCover.jpg\",\"contentUrl\":\"https:\/\/rioonwatch.org.br\/wp-content\/uploads\/2018\/06\/WhatAboutThePeopleBookCover.jpg\",\"width\":855,\"height\":607},{\"@type\":\"BreadcrumbList\",\"@id\":\"https:\/\/rioonwatch.org.br\/?p=34184#breadcrumb\",\"itemListElement\":[{\"@type\":\"ListItem\",\"position\":1,\"name\":\"In\u00edcio\",\"item\":\"https:\/\/rioonwatch.org.br\/\"},{\"@type\":\"ListItem\",\"position\":2,\"name\":\"&#8216;E Quanto \u00e0s Pessoas?&#8217; Desenvolvimento Comunit\u00e1rio Sustent\u00e1vel no Rio, Parte 1\u2014Definindo Resili\u00eancia [RESENHA]\"}]},{\"@type\":\"WebSite\",\"@id\":\"https:\/\/rioonwatch.org.br\/#website\",\"url\":\"https:\/\/rioonwatch.org.br\/\",\"name\":\"RioOnWatch\",\"description\":\"relatos das favelas cariocas\",\"publisher\":{\"@id\":\"https:\/\/rioonwatch.org.br\/#organization\"},\"potentialAction\":[{\"@type\":\"SearchAction\",\"target\":{\"@type\":\"EntryPoint\",\"urlTemplate\":\"https:\/\/rioonwatch.org.br\/?s={search_term_string}\"},\"query-input\":{\"@type\":\"PropertyValueSpecification\",\"valueRequired\":true,\"valueName\":\"search_term_string\"}}],\"inLanguage\":\"pt-BR\"},{\"@type\":\"Organization\",\"@id\":\"https:\/\/rioonwatch.org.br\/#organization\",\"name\":\"RioOnWatch\",\"url\":\"https:\/\/rioonwatch.org.br\/\",\"logo\":{\"@type\":\"ImageObject\",\"inLanguage\":\"pt-BR\",\"@id\":\"https:\/\/rioonwatch.org.br\/#\/schema\/logo\/image\/\",\"url\":\"https:\/\/rioonwatch.org.br\/wp-content\/uploads\/2021\/06\/RioOnWatchcabecalhoPT11anos-2.png\",\"contentUrl\":\"https:\/\/rioonwatch.org.br\/wp-content\/uploads\/2021\/06\/RioOnWatchcabecalhoPT11anos-2.png\",\"width\":779,\"height\":277,\"caption\":\"RioOnWatch\"},\"image\":{\"@id\":\"https:\/\/rioonwatch.org.br\/#\/schema\/logo\/image\/\"}},{\"@type\":\"Person\",\"@id\":\"https:\/\/rioonwatch.org.br\/#\/schema\/person\/11d64c290506f9df50c71b850c473f68\",\"name\":\"Admin\",\"image\":{\"@type\":\"ImageObject\",\"inLanguage\":\"pt-BR\",\"@id\":\"https:\/\/rioonwatch.org.br\/#\/schema\/person\/image\/\",\"url\":\"https:\/\/secure.gravatar.com\/avatar\/56211ac74568383903349a1485e3c325?s=96&d=blank&r=g\",\"contentUrl\":\"https:\/\/secure.gravatar.com\/avatar\/56211ac74568383903349a1485e3c325?s=96&d=blank&r=g\",\"caption\":\"Admin\"},\"url\":\"https:\/\/rioonwatch.org.br\/?author=129\"}]}<\/script>\n<!-- \/ Yoast SEO plugin. -->","yoast_head_json":{"title":"'E Quanto \u00e0s Pessoas?' Desenvolvimento Comunit\u00e1rio Sustent\u00e1vel no Rio, Parte 1\u2014Definindo Resili\u00eancia [RESENHA] - RioOnWatch","robots":{"index":"index","follow":"follow","max-snippet":"max-snippet:-1","max-image-preview":"max-image-preview:large","max-video-preview":"max-video-preview:-1"},"canonical":"https:\/\/rioonwatch.org.br\/?p=34184","og_locale":"pt_BR","og_type":"article","og_title":"'E Quanto \u00e0s Pessoas?' Desenvolvimento Comunit\u00e1rio Sustent\u00e1vel no Rio, Parte 1\u2014Definindo Resili\u00eancia [RESENHA] - RioOnWatch","og_description":"Click Here for English Esta \u00e9 a primeira mat\u00e9ria, de uma s\u00e9rie de duas partes, de uma resenha do livro &#8216;Social Sustainability, Climate Resilience and Community-Based Urban Development: What About the People?&#8217; (Sustentabilidade Social, Resili\u00eancia [...]","og_url":"https:\/\/rioonwatch.org.br\/?p=34184","og_site_name":"RioOnWatch","article_published_time":"2018-07-17T14:46:39+00:00","article_modified_time":"2024-06-20T19:18:04+00:00","og_image":[{"width":855,"height":607,"url":"https:\/\/rioonwatch.org.br\/wp-content\/uploads\/2018\/06\/WhatAboutThePeopleBookCover.jpg","type":"image\/jpeg"}],"author":"Admin","twitter_card":"summary_large_image","twitter_misc":{"Escrito por":"Admin","Est. tempo de leitura":"7 minutos"},"schema":{"@context":"https:\/\/schema.org","@graph":[{"@type":"Article","@id":"https:\/\/rioonwatch.org.br\/?p=34184#article","isPartOf":{"@id":"https:\/\/rioonwatch.org.br\/?p=34184"},"author":{"name":"Admin","@id":"https:\/\/rioonwatch.org.br\/#\/schema\/person\/11d64c290506f9df50c71b850c473f68"},"headline":"&#8216;E Quanto \u00e0s Pessoas?&#8217; Desenvolvimento Comunit\u00e1rio Sustent\u00e1vel no Rio, Parte 1\u2014Definindo Resili\u00eancia [RESENHA]","datePublished":"2018-07-17T14:46:39+00:00","dateModified":"2024-06-20T19:18:04+00:00","mainEntityOfPage":{"@id":"https:\/\/rioonwatch.org.br\/?p=34184"},"wordCount":1361,"publisher":{"@id":"https:\/\/rioonwatch.org.br\/#organization"},"image":{"@id":"https:\/\/rioonwatch.org.br\/?p=34184#primaryimage"},"thumbnailUrl":"https:\/\/rioonwatch.org.br\/wp-content\/uploads\/2018\/06\/WhatAboutThePeopleBookCover.jpg","keywords":["#StopFavelaStigma","cultura de rua","desenvolvimento","design participativo","Favela Como Modelo Sustent\u00e1vel","informalidade","mobiliza\u00e7\u00e3o","organiza\u00e7\u00e3o comunit\u00e1ria","participa\u00e7\u00e3o","planejamento participativo","qualidades da informalidade","Remo\u00e7\u00e3o","resenha de livro","Resenhas","resili\u00eancia","resist\u00eancia","solidariedade","solu\u00e7\u00e3o comunit\u00e1ria","sustentabilidade","uni\u00e3o"],"articleSection":["Dados e Pesquisa","Qualidades da Favela","Resenhas","Sustentabilidade"],"inLanguage":"pt-BR"},{"@type":"WebPage","@id":"https:\/\/rioonwatch.org.br\/?p=34184","url":"https:\/\/rioonwatch.org.br\/?p=34184","name":"'E Quanto \u00e0s Pessoas?' Desenvolvimento Comunit\u00e1rio Sustent\u00e1vel no Rio, Parte 1\u2014Definindo Resili\u00eancia [RESENHA] - RioOnWatch","isPartOf":{"@id":"https:\/\/rioonwatch.org.br\/#website"},"primaryImageOfPage":{"@id":"https:\/\/rioonwatch.org.br\/?p=34184#primaryimage"},"image":{"@id":"https:\/\/rioonwatch.org.br\/?p=34184#primaryimage"},"thumbnailUrl":"https:\/\/rioonwatch.org.br\/wp-content\/uploads\/2018\/06\/WhatAboutThePeopleBookCover.jpg","datePublished":"2018-07-17T14:46:39+00:00","dateModified":"2024-06-20T19:18:04+00:00","breadcrumb":{"@id":"https:\/\/rioonwatch.org.br\/?p=34184#breadcrumb"},"inLanguage":"pt-BR","potentialAction":[{"@type":"ReadAction","target":["https:\/\/rioonwatch.org.br\/?p=34184"]}]},{"@type":"ImageObject","inLanguage":"pt-BR","@id":"https:\/\/rioonwatch.org.br\/?p=34184#primaryimage","url":"https:\/\/rioonwatch.org.br\/wp-content\/uploads\/2018\/06\/WhatAboutThePeopleBookCover.jpg","contentUrl":"https:\/\/rioonwatch.org.br\/wp-content\/uploads\/2018\/06\/WhatAboutThePeopleBookCover.jpg","width":855,"height":607},{"@type":"BreadcrumbList","@id":"https:\/\/rioonwatch.org.br\/?p=34184#breadcrumb","itemListElement":[{"@type":"ListItem","position":1,"name":"In\u00edcio","item":"https:\/\/rioonwatch.org.br\/"},{"@type":"ListItem","position":2,"name":"&#8216;E Quanto \u00e0s Pessoas?&#8217; Desenvolvimento Comunit\u00e1rio Sustent\u00e1vel no Rio, Parte 1\u2014Definindo Resili\u00eancia [RESENHA]"}]},{"@type":"WebSite","@id":"https:\/\/rioonwatch.org.br\/#website","url":"https:\/\/rioonwatch.org.br\/","name":"RioOnWatch","description":"relatos das favelas cariocas","publisher":{"@id":"https:\/\/rioonwatch.org.br\/#organization"},"potentialAction":[{"@type":"SearchAction","target":{"@type":"EntryPoint","urlTemplate":"https:\/\/rioonwatch.org.br\/?s={search_term_string}"},"query-input":{"@type":"PropertyValueSpecification","valueRequired":true,"valueName":"search_term_string"}}],"inLanguage":"pt-BR"},{"@type":"Organization","@id":"https:\/\/rioonwatch.org.br\/#organization","name":"RioOnWatch","url":"https:\/\/rioonwatch.org.br\/","logo":{"@type":"ImageObject","inLanguage":"pt-BR","@id":"https:\/\/rioonwatch.org.br\/#\/schema\/logo\/image\/","url":"https:\/\/rioonwatch.org.br\/wp-content\/uploads\/2021\/06\/RioOnWatchcabecalhoPT11anos-2.png","contentUrl":"https:\/\/rioonwatch.org.br\/wp-content\/uploads\/2021\/06\/RioOnWatchcabecalhoPT11anos-2.png","width":779,"height":277,"caption":"RioOnWatch"},"image":{"@id":"https:\/\/rioonwatch.org.br\/#\/schema\/logo\/image\/"}},{"@type":"Person","@id":"https:\/\/rioonwatch.org.br\/#\/schema\/person\/11d64c290506f9df50c71b850c473f68","name":"Admin","image":{"@type":"ImageObject","inLanguage":"pt-BR","@id":"https:\/\/rioonwatch.org.br\/#\/schema\/person\/image\/","url":"https:\/\/secure.gravatar.com\/avatar\/56211ac74568383903349a1485e3c325?s=96&d=blank&r=g","contentUrl":"https:\/\/secure.gravatar.com\/avatar\/56211ac74568383903349a1485e3c325?s=96&d=blank&r=g","caption":"Admin"},"url":"https:\/\/rioonwatch.org.br\/?author=129"}]}},"_links":{"self":[{"href":"https:\/\/rioonwatch.org.br\/index.php?rest_route=\/wp\/v2\/posts\/34184"}],"collection":[{"href":"https:\/\/rioonwatch.org.br\/index.php?rest_route=\/wp\/v2\/posts"}],"about":[{"href":"https:\/\/rioonwatch.org.br\/index.php?rest_route=\/wp\/v2\/types\/post"}],"author":[{"embeddable":true,"href":"https:\/\/rioonwatch.org.br\/index.php?rest_route=\/wp\/v2\/users\/129"}],"replies":[{"embeddable":true,"href":"https:\/\/rioonwatch.org.br\/index.php?rest_route=%2Fwp%2Fv2%2Fcomments&post=34184"}],"version-history":[{"count":20,"href":"https:\/\/rioonwatch.org.br\/index.php?rest_route=\/wp\/v2\/posts\/34184\/revisions"}],"predecessor-version":[{"id":34831,"href":"https:\/\/rioonwatch.org.br\/index.php?rest_route=\/wp\/v2\/posts\/34184\/revisions\/34831"}],"wp:featuredmedia":[{"embeddable":true,"href":"https:\/\/rioonwatch.org.br\/index.php?rest_route=\/wp\/v2\/media\/34404"}],"wp:attachment":[{"href":"https:\/\/rioonwatch.org.br\/index.php?rest_route=%2Fwp%2Fv2%2Fmedia&parent=34184"}],"wp:term":[{"taxonomy":"category","embeddable":true,"href":"https:\/\/rioonwatch.org.br\/index.php?rest_route=%2Fwp%2Fv2%2Fcategories&post=34184"},{"taxonomy":"post_tag","embeddable":true,"href":"https:\/\/rioonwatch.org.br\/index.php?rest_route=%2Fwp%2Fv2%2Ftags&post=34184"},{"taxonomy":"writer","embeddable":true,"href":"https:\/\/rioonwatch.org.br\/index.php?rest_route=%2Fwp%2Fv2%2Fwriter&post=34184"},{"taxonomy":"translator","embeddable":true,"href":"https:\/\/rioonwatch.org.br\/index.php?rest_route=%2Fwp%2Fv2%2Ftranslator&post=34184"},{"taxonomy":"source","embeddable":true,"href":"https:\/\/rioonwatch.org.br\/index.php?rest_route=%2Fwp%2Fv2%2Fsource&post=34184"},{"taxonomy":"ilustrador","embeddable":true,"href":"https:\/\/rioonwatch.org.br\/index.php?rest_route=%2Fwp%2Fv2%2Filustrador&post=34184"},{"taxonomy":"fotografo","embeddable":true,"href":"https:\/\/rioonwatch.org.br\/index.php?rest_route=%2Fwp%2Fv2%2Ffotografo&post=34184"}],"curies":[{"name":"wp","href":"https:\/\/api.w.org\/{rel}","templated":true}]}}