{"id":34239,"date":"2018-06-26T09:39:12","date_gmt":"2018-06-26T12:39:12","guid":{"rendered":"http:\/\/rioonwatch.org.br\/?p=34239"},"modified":"2023-04-19T22:48:47","modified_gmt":"2023-04-20T01:48:47","slug":"marielle-franco-e-sergio-besserman-dois-lados-do-debate-sobre-remocoes-de-favelas-e-ambientalismo","status":"publish","type":"post","link":"https:\/\/rioonwatch.org.br\/?p=34239","title":{"rendered":"Marielle e Besserman Apresentam Vis\u00f5es Opostas em Debate Sobre Remo\u00e7\u00e3o e Meio Ambiente"},"content":{"rendered":"<p style=\"text-align: right;\"><em><strong><a href=\"http:\/\/bit.ly\/2K1bgIb\" target=\"_blank\" rel=\"noopener noreferrer\">Click Here for English<img decoding=\"async\" width=\"20\" height=\"20\" class=\"alignright wp-image-15790\" src=\"http:\/\/rioonwatch.org.br\/wp-content\/uploads\/2012\/08\/EN-standard-e1439583104716.jpg\" \/><\/a><\/strong><\/em><\/p>\n<p><span style=\"font-weight: 400;\">\u201cFavela n\u00e3o \u00e9 problema. Favela \u00e9 cidade. Favela \u00e9 solu\u00e7\u00e3o\u201d. Essas foram as declara\u00e7\u00f5es de abertura da Vereadora Marielle Franco, em <a href=\"http:\/\/bit.ly\/2wXeV7Z\" target=\"_blank\" rel=\"noopener\">um epis\u00f3dio do programa <em>Cidade Partida<\/em> do Canal Brasil<\/a> que foi ao ar apenas dois dias ap\u00f3s seu <a href=\"http:\/\/bit.ly\/2Gp2OnO\" target=\"_blank\" rel=\"noopener\">brutal assassinato em 14 de mar\u00e7o<\/a>. A s\u00e9rie apresenta debates sobre t\u00f3picos pol\u00eamicos entre especialistas que representam posi\u00e7\u00f5es divergentes. Marielle estava no programa ao lado de S\u00e9rgio Besserman, economista, ambientalista e presidente do <a href=\"http:\/\/bit.ly\/2IhbUjV\" target=\"_blank\" rel=\"noopener\">Instituto de Pesquisas do Jardim Bot\u00e2nico do Rio de Janeiro<\/a> (IPJB), para abordar a quest\u00e3o &#8220;Remover favelas \u00e9 uma medida necess\u00e1ria?&#8221;<\/span><\/p>\n<p><span style=\"font-weight: 400;\">Marielle, que cresceu no <a href=\"http:\/\/bit.ly\/10BvARw\" target=\"_blank\" rel=\"noopener\">Complexo da Mar\u00e9<\/a> e <a href=\"https:\/\/bbc.in\/2lwikSq\" target=\"_blank\" rel=\"noopener\">dedicou sua carreira a defender os direitos dos moradores de favelas<\/a>&#8211;incluindo seus direitos \u00e0 moradia e de prote\u00e7\u00e3o \u00e0s amea\u00e7as de remo\u00e7\u00f5es&#8211;definiu sua posi\u00e7\u00e3o a partir do fato de que as remo\u00e7\u00f5es afetam exclusivamente os moradores de baixa renda das favelas, e isto representa uma tentativa tendenciosa de &#8220;reordenamento da cidade&#8221; por autoridades p\u00fablicas e pelos ricos.<\/span><span style=\"font-weight: 400;\">\u00a0&#8220;\u00c9 a manuten\u00e7\u00e3o do poder&#8221;, disse ela. Em contraste, Besserman, que est\u00e1<a href=\"http:\/\/bit.ly\/2xaTj6e\" target=\"_blank\" rel=\"noopener\"> ativamente tentando remover moradores da comunidade do Horto<\/a>, na fronteira do Jardim Bot\u00e2nico, defendeu a remo\u00e7\u00e3o. Em <a href=\"http:\/\/bit.ly\/184DRpn\" target=\"_blank\" rel=\"noopener\">favelas localizadas em \u201c\u00e1rea de risco\u201d<\/a> ou representando amea\u00e7as aos \u201cativos da cidade\u201d, principalmente em \u00e1reas definidas como naturais e preservadas, a pr\u00e1tica \u00e9 necess\u00e1ria, argumentou ele.<\/span><span style=\"font-weight: 400;\"><br \/>\n<\/span><\/p>\n<p><span style=\"font-weight: 400;\">O debate se resumiu em uma discuss\u00e3o sobre a sustentabilidade das favelas. Besserman implicitamente defendeu o discurso <a href=\"http:\/\/bit.ly\/2I5kQNm\" target=\"_blank\" rel=\"noopener\">centen\u00e1rio de que favelas s\u00e3o um tipo de &#8220;amea\u00e7a&#8221;<\/a> para a cidade, reformulando essa vis\u00e3o por meio de um tipo de ambientalismo de classe alta que \u00e9 cego para quest\u00f5es de injusti\u00e7a social. A prote\u00e7\u00e3o ambiental necessariamente ter\u00e1 v\u00edtimas de favelas, argumentou ele no <em>Cidade Partida<\/em>, enquanto <a href=\"http:\/\/bit.ly\/2nJVoyg\" target=\"_blank\" rel=\"noopener\">minimizou o dano ambiental perpetuado pelos ricos<\/a>. No entanto, o <em>RioOnWatch<\/em> coletou <a href=\"http:\/\/bit.ly\/2B9GJ6R\" target=\"_blank\" rel=\"noopener\">amplas evid\u00eancias<\/a> de favelas e quilombos <a href=\"http:\/\/bit.ly\/1ohZA0h\" target=\"_blank\" rel=\"noopener\">trabalhando para preservar o meio ambiente e promover a sustentabilidade<\/a>. Vamos dar uma olhada mais de perto em como Besserman estruturou seu argumento (e como Marielle respondeu) para entender como o <a href=\"http:\/\/bit.ly\/2hG7MhE\" target=\"_blank\" rel=\"noopener\">ambientalismo se arma contra os moradores de favelas<\/a>\u2014e <a href=\"http:\/\/bit.ly\/FavelaModelo\" target=\"_blank\" rel=\"noopener\">porque n\u00e3o deveria ser assim<\/a>.<\/span><\/p>\n<h3>&#8220;<strong>Reassentamento com dignidade&#8221;<\/strong><\/h3>\n<p><span style=\"font-weight: 400;\">As palavras t\u00eam poder para moldar o que \u00e9 considerado aceit\u00e1vel e o que n\u00e3o \u00e9. Besserman entende isso claramente. Ele abriu o epis\u00f3dio do <em>Cidade Partida<\/em> explicando que ele acha que &#8220;remo\u00e7\u00e3o\u201d, \u00e9 uma &#8220;palavra nojenta&#8221;. Marielle concordou, brincando que as pessoas &#8220;removem maquiagem, lixo&#8221;&#8211;n\u00e3o outros seres humanos. Besserman explicou que prefere o termo \u201creassentamento com dignidade\u201d, uma frase \u00e0 qual ele <a href=\"https:\/\/reut.rs\/2rVUzqy\" target=\"_blank\" rel=\"noopener\">recorreu em outras entrevistas<\/a>, e que lembra a <a href=\"http:\/\/bit.ly\/2y01zZa\" target=\"_blank\" rel=\"noopener\">nova prefer\u00eancia do Prefeito Crivella pela palavra \u201creassentamento\u201d \u00e0 \u201cremo\u00e7\u00e3o\u201d<\/a>. Besserman deu poucos detalhes sobre como exatamente isso se daria, mas presumivelmente envolveria compensa\u00e7\u00e3o e realoca\u00e7\u00e3o para uma resid\u00eancia similar em outra \u00e1rea da cidade. De acordo com Besserman, dos dois milh\u00f5es de ocupantes de ocupa\u00e7\u00f5es irregulares no Rio, apenas \u201c20 ou 30.000\u201d deveriam ser realocados porque representam uma amea\u00e7a aos \u201cativos\u201d naturais da cidade ou vivem em uma \u201c<a href=\"http:\/\/bit.ly\/171nQjb\" target=\"_blank\" rel=\"noopener\">\u00e1rea de risco<\/a>\u201d, uma designa\u00e7\u00e3o amorfa que tem sido usada para justificar remo\u00e7\u00f5es de favelas <a href=\"http:\/\/bit.ly\/2gYyj8m\" target=\"_blank\" rel=\"noopener\">em nome de \u201cproteger\u201d comunidades constru\u00eddas<\/a> em inclina\u00e7\u00f5es <a href=\"http:\/\/bit.ly\/JHwxqj\" target=\"_blank\" rel=\"noopener\">ou que enfrentam um risco de desastres naturais<\/a>.\u00a0<\/span><span style=\"font-weight: 400;\">&#8220;Para esse 0.1%, reassentamento com dignidade&#8221;, disse Besserman, &#8220;para os outros, seguran\u00e7a de posse&#8221;.<\/span><\/p>\n<p><a href=\"http:\/\/rioonwatch.org.br\/wp-content\/uploads\/2018\/06\/Remoc\u0327a\u0303o-ou-expulsa\u0303o-Cidade-Partida-debate.png\"><img fetchpriority=\"high\" decoding=\"async\" class=\"aligncenter wp-image-34252 size-content\" title=\"&quot;Remo\u00e7\u00e3o ou expuls\u00e3o?&quot; Uma quest\u00e3o colocada no v\u00eddeo Cidade Partida.\" src=\"http:\/\/rioonwatch.org.br\/wp-content\/uploads\/2018\/06\/Remoc\u0327a\u0303o-ou-expulsa\u0303o-Cidade-Partida-debate-620x264.png\" alt=\"\" width=\"620\" height=\"264\" srcset=\"https:\/\/rioonwatch.org.br\/wp-content\/uploads\/2018\/06\/Remoc\u0327a\u0303o-ou-expulsa\u0303o-Cidade-Partida-debate-620x264.png 620w, https:\/\/rioonwatch.org.br\/wp-content\/uploads\/2018\/06\/Remoc\u0327a\u0303o-ou-expulsa\u0303o-Cidade-Partida-debate-940x400.png 940w\" sizes=\"(max-width: 620px) 100vw, 620px\" \/><\/a><\/p>\n<p><span style=\"font-weight: 400;\">Como o eufemismo e a minimiza\u00e7\u00e3o dos custos das remo\u00e7\u00f5es de Besserman se encaixam na realidade? Suas palavras soam vazias considerando seus pr\u00f3prios esfor\u00e7os para expulsar os moradores do\u00a0<a href=\"http:\/\/bit.ly\/11b2TzL\" target=\"_blank\" rel=\"noopener\">Horto<\/a>, na <a href=\"http:\/\/bit.ly\/1mNsDyk\" target=\"_blank\" rel=\"noopener\">Zona Sul<\/a>, de suas casas nos arredores do <a href=\"http:\/\/bit.ly\/1UfSVGa\" target=\"_blank\" rel=\"noopener\">Jardim Bot\u00e2nico<\/a>&#8211;que <a href=\"http:\/\/bit.ly\/2xODctn\" target=\"_blank\" rel=\"noopener\">seus ancestrais trabalharam para construir<\/a>. Besserman em um v\u00eddeo gravado pela\u00a0<em>Ag\u00eancia P\u00fablica<\/em>, diz que a <a href=\"http:\/\/bit.ly\/2nL33AM\" target=\"_blank\" rel=\"noopener\">presen\u00e7a da comunidade do Horto \u00e9 \u201cincompat\u00edvel\u201d com o funcionamento da institui\u00e7\u00e3o que administra<\/a> e que a comunidade sempre foi uma \u201cocupa\u00e7\u00e3o\u201d na terra do Jardim Bot\u00e2nico. Assim <a href=\"http:\/\/bit.ly\/2mNPBIK\" target=\"_blank\" rel=\"noopener\">como o\u00a0<em>Globo<\/em> erroneamente caracterizou os moradores como &#8220;invasores&#8221;<\/a>, sua ret\u00f3rica ignora que as fam\u00edlias origin\u00e1rias do Horto foram convidadas pelo pr\u00f3prio Jardim Bot\u00e2nico a viverem na terra enquanto constru\u00edam e mantinham o parque ao lado. Aos moradores do Horto n\u00e3o foram oferecidas compensa\u00e7\u00f5es para a potencial perda de suas casas e meios de subsist\u00eancia.<\/span><span style=\"font-weight: 400;\">\u00a0Em vez disso, a <a href=\"http:\/\/bit.ly\/2fhlcRc\" target=\"_blank\" rel=\"noopener\">tropa de choque expulsou violentamente uma fam\u00edlia e demoliu sua casa<\/a>&#8211;muito longe de ser um \u201creassentamento com dignidade\u201d. No Rio, as ordens de despejo s\u00e3o mais frequentemente aplicadas por fuzis e tratores do que por assistentes sociais benevolentes. Besserman \u00e9 c\u00famplice dessas viola\u00e7\u00f5es de direitos no Horto. Dito por ele, \u201cReassentamento com dignidade\u201d \u00e9 um ideal vazio.<\/span><\/p>\n<p><span style=\"font-weight: 400;\">No<em> Cidade Partida<\/em>, Marielle questionou como os moradores de favelas podem ser tratados com \u201cdignidade\u201d se o seu reassentamento pode significar la\u00e7os comunit\u00e1rios e familiares esfacelados, tempos de deslocamento mais longos para seus locais de trabalho ou a perda absoluta de seus empregos. Esses riscos s\u00e3o significativos mesmo nos casos em que o governo oferece aos moradores reassentados moradias alternativas, j\u00e1 que, tanto na \u00e9poca das remo\u00e7\u00f5es sob a ditadura militar quanto na hist\u00f3ria mais recente, as moradias alternativas tendem a estar localizadas longe das casas originais dos moradores, muitas vezes em \u00e1reas perif\u00e9ricas na distante <a href=\"http:\/\/bit.ly\/11tBmFR\" target=\"_blank\" rel=\"noopener\">Zona Oeste<\/a> do Rio. Quando perguntado, Besserman reconheceu que \u201cnunca houve um reassentamento para melhorar a vida das pessoas\u201d, colocando em quest\u00e3o a possibilidade de um \u201creassentamento digno\u201d. Nesse segmento, ele fez refer\u00eancia \u00e0 comunidade da <a href=\"http:\/\/bit.ly\/Nfddvg\" target=\"_blank\" rel=\"noopener\">Vila Aut\u00f3dromo<\/a>, alegando que a maioria de seus moradores queriam ser reassentados, uma afirma\u00e7\u00e3o contestada por Marielle no<em> Cidade Partida<\/em> e contr\u00e1ria ao ativismo&#8211;<a href=\"http:\/\/bit.ly\/2a1wrwD\" target=\"_blank\" rel=\"noopener\">internacionalmente reconhecido&#8211;dos moradores da Vila Aut\u00f3dromo<\/a> em favor da prote\u00e7\u00e3o de suas casas. A insist\u00eancia de Besserman sobre a possibilidade de um \u201creassentamento com dignidade\u201d contradiz n\u00e3o apenas suas pr\u00f3prias a\u00e7\u00f5es, mas <a href=\"http:\/\/bit.ly\/HistoriaDaVila\" target=\"_blank\" rel=\"noopener\">toda uma hist\u00f3ria de desapropria\u00e7\u00e3o de favelas<\/a>.<\/span><\/p>\n<h3>Remo\u00e7\u00f5es verdes<\/h3>\n<p><span style=\"font-weight: 400;\">Quer a vers\u00e3o de remo\u00e7\u00e3o de Besserman seja ou n\u00e3o poss\u00edvel ou prov\u00e1vel, dada a hist\u00f3ria do Rio, seu argumento se baseia em suposi\u00e7\u00f5es problem\u00e1ticas sobre favela e prote\u00e7\u00e3o ambiental. Quando um dos anfitri\u00f5es do <em>Cidade Partida<\/em> perguntou a Besserman qual o papel do \u201cbem p\u00fablico\u201d no seu apoio \u00e0 pr\u00e1tica da remo\u00e7\u00e3o, sua resposta ignorou a <a href=\"http:\/\/bit.ly\/2AvXYyX\" target=\"_blank\" rel=\"noopener\">possibilidade de haver uma favela sustent\u00e1vel que coexiste<\/a> <a href=\"http:\/\/bit.ly\/2ypqaGf\" target=\"_blank\" rel=\"noopener\">e protege<\/a> seu meio ambiente. Quando as favelas se sobrep\u00f5em \u00e0s Unidades de Conserva\u00e7\u00e3o designadas, &#8220;a<\/span><span style=\"font-weight: 400;\">\u00a0destrui\u00e7\u00e3o da \u00e1rea ambiental vai gerar muito mais pobreza e perda de renda do que o reassentamento com dignidade&#8221;, afirmou Besserman.<\/span><\/p>\n<p><span style=\"font-weight: 400;\">Um exemplo que ele deu foi o \u201cesquema criminoso de ocupa\u00e7\u00e3o irregular\u201d ao redor do <a href=\"http:\/\/bit.ly\/17oBBb2\" target=\"_blank\" rel=\"noopener\">Parque Estadual da Pedra Branca<\/a>, uma das maiores florestas urbanas do mundo. <a href=\"http:\/\/bit.ly\/2ICOHcm\" target=\"_blank\" rel=\"noopener\">Em uma entrevista em 2006<\/a>, Besserman reclamou das \u201cpress\u00f5es muito violentas\u201d no parque e depois argumentou que era fundamental conter a press\u00e3o da &#8220;popula\u00e7\u00e3o informal da Pedra Branca\u201d, referindo-se \u00e0s <a href=\"http:\/\/bit.ly\/WaWVbO\" target=\"_blank\" rel=\"noopener\">favelas e quilombos na \u00e1rea<\/a>. O <em>RioOnWatch<\/em>\u00a0perfilou repetidamente uma dessas comunidades, o Quilombo do Camorim, constru\u00eddo por escravos libertos e fugitivos e mantido por seus descendentes. A <a href=\"http:\/\/bit.ly\/28Gb5cM\" target=\"_blank\" rel=\"noopener\">Associa\u00e7\u00e3o Cultural Camorim<\/a> (ACUCA) realiza regularmente eventos de reflorestamento e limpeza de parques e trabalha para preservar a heran\u00e7a africana e ind\u00edgena da terra. \u00c9 ir\u00f4nico, ent\u00e3o, que Besserman classifique as <a href=\"http:\/\/bit.ly\/WaWVbO\" target=\"_blank\" rel=\"noopener\">comunidades no parque<\/a> como uma intr\u00ednseca amea\u00e7a. As verdadeiras \u201cpress\u00f5es violentas\u201d v\u00eam de incorporadoras imobili\u00e1rias, como a Cyrela. Cyrela <a href=\"http:\/\/bit.ly\/29KAfxF\" target=\"_blank\" rel=\"noopener\">derrubou \u00e1rvores dentro da zona de prote\u00e7\u00e3o em torno da Pedra Branca para construir o Barra Media Village 3<\/a>, que hospedou jornalistas durante as Olimp\u00edadas de 2016, sendo estas terras sagradas para os moradores do Quilombo do Camorim, pois segundo eles ali era um cemit\u00e9rio de africanos escravizados. Isso segue uma tend\u00eancia de <a href=\"http:\/\/bit.ly\/29R58Su\" target=\"_blank\" rel=\"noopener\">invas\u00e3o no parque por condom\u00ednios de luxo<\/a>, tal como <a href=\"http:\/\/bit.ly\/2nJVoyg\" target=\"_blank\" rel=\"noopener\">no bairro Jardim Bot\u00e2nico, na Zona Sul<\/a>. Apesar disso, s\u00e3o as <a href=\"http:\/\/bit.ly\/WaWVbO\" target=\"_blank\" rel=\"noopener\">favelas que recebem notifica\u00e7\u00e3o de despejo<\/a>, enquanto incorporadoras recebem passe livre.<\/span><\/p>\n<p><a href=\"http:\/\/rioonwatch.org.br\/wp-content\/uploads\/2018\/06\/Screen-shot-from-debate-video-e1529086761449.png\"><img decoding=\"async\" class=\"aligncenter size-content wp-image-34257\" src=\"http:\/\/rioonwatch.org.br\/wp-content\/uploads\/2018\/06\/Screen-shot-from-debate-video-e1529086761449-620x264.png\" alt=\"\" width=\"620\" height=\"264\" srcset=\"https:\/\/rioonwatch.org.br\/wp-content\/uploads\/2018\/06\/Screen-shot-from-debate-video-e1529086761449-620x264.png 620w, https:\/\/rioonwatch.org.br\/wp-content\/uploads\/2018\/06\/Screen-shot-from-debate-video-e1529086761449-940x400.png 940w\" sizes=\"(max-width: 620px) 100vw, 620px\" \/><\/a><\/p>\n<p><span style=\"font-weight: 400;\">No<em> Cidade Partida<\/em>, Besserman deu a entender que apenas os pobres e vulner\u00e1veis deveriam enfrentar a remo\u00e7\u00e3o. &#8220;Para os ricos, voc\u00ea n\u00e3o tem reassentamento com dignidade&#8221;, disse ele. \u201cPara os ricos, voc\u00ea simplesmente tem que dizer, &#8216;voc\u00ea cometeu uma ilegalidade, sua multa \u00e9 tanto.&#8217;\u201d\u00a0Besserman refere-se exclusivamente \u00e0s favelas como amea\u00e7as ambientais, dando aos moradores de condom\u00ednios um passe relativo. Essa justificativa &#8220;verde&#8221; para remo\u00e7\u00f5es de favelas\u00a0<\/span>forja um tipo de ambientalismo extremamente classista contra as favelas.<\/p>\n<p><span style=\"font-weight: 400;\">Ao ouvir as justificativas de Besserman para remo\u00e7\u00e3o com base na prote\u00e7\u00e3o de terras naturais, Marielle lhe perguntou diretamente sobre o caso do Jo\u00e1 e da <a href=\"http:\/\/bit.ly\/19BBUhf\" target=\"_blank\" rel=\"noopener\">Barra da Tijuca<\/a>, \u00e1reas costeiras da Zona Oeste que sofreram desmatamento e polui\u00e7\u00e3o com o r\u00e1pido desenvolvimento de condom\u00ednios fechados de luxo nos anos 1980. Estas \u00e1reas agora abrigam bairros ricos organizados em torno de shoppings e rodovias&#8211;e n\u00e3o s\u00e3o um retrato de sustentabilidade. Muitos condom\u00ednios nestas \u00e1reas <a href=\"https:\/\/glo.bo\/2tElUNZ\" target=\"_blank\" rel=\"noopener\">despejaram esgoto bruto no oceano ou nas lagoas locais<\/a> antes que a prefeitura finalmente come\u00e7asse a reprimir a pr\u00e1tica (embora a prefeitura n\u00e3o mantenha consistentemente essa vigil\u00e2ncia). Em resposta, Besserman argumentou que \u00e1reas como a Barra da Tijuca \u201cdeveriam ter \u00e1reas mais preservadas\u201d, mas como as Unidades de Conserva\u00e7\u00e3o n\u00e3o existiam quando a maior parte desse desenvolvimento ocorreu, nada poderia ter sido feito. No entanto, o mesmo pode ser dito para a maioria das favelas do Rio e certamente todos os seus quilombos, que existem h\u00e1 d\u00e9cadas (especialmente o Horto e Camorim, que existem h\u00e1 s\u00e9culos). Sua relut\u00e2ncia em condenar os crimes ambientais dos ricos, ao defender a remo\u00e7\u00e3o dos pobres e vulner\u00e1veis, revela um preconceito contra os pobres.<\/span><\/p>\n<h3><b>Favela \u00e9 cidade<\/b><\/h3>\n<p><span style=\"font-weight: 400;\">O tipo de ambientalismo que Besserman exp\u00f4s no\u00a0<em>Cidade Partida<\/em> n\u00e3o cont\u00e9m nenhum elemento de justi\u00e7a ambiental, uma concep\u00e7\u00e3o e movimento para a distribui\u00e7\u00e3o justa de benef\u00edcios ou responsabilidades ambientais, bem como a aplica\u00e7\u00e3o equitativa das regulamenta\u00e7\u00f5es ambientais. D\u00e1 um passe relativamente livre para os danos ambientais perpetuados pelos ricos e poderosos, ao mesmo tempo em que inflige a remo\u00e7\u00e3o como puni\u00e7\u00e3o&#8211;que destro\u00e7a vidas&#8211;nas comunidades mais pobres. Suas designa\u00e7\u00f5es de \u201c\u00e1rea de risco\u201d e \u201cativos da cidade\u201d foram e continuam a ser aplicadas quase exclusivamente \u00e0s terras ocupadas por moradores de comunidades de baixa renda. S\u00e3o r\u00f3tulos vagos, facilmente sequestrados por interesses imobili\u00e1rios ou por autoridades p\u00fablicas, trazendo tratores para retirar casas e fam\u00edlias das favelas.<\/span><\/p>\n<p><span style=\"font-weight: 400;\">Um ambientalismo mais justo e produtivo poderia atender \u00e0s palavras da falecida Marielle Franco. Temos que &#8220;entender que a favela \u00e9 cidade&#8221;, disse Marielle no final do programa. O investimento nas favelas resulta em um desenvolvimento verdadeiramente sustent\u00e1vel, no qual as favelas n\u00e3o s\u00e3o tratadas como amea\u00e7as \u00e0 cidade. O fato \u00e9 que elas s\u00e3o <a href=\"http:\/\/bit.ly\/2jrwFi2\" target=\"_blank\" rel=\"noopener\">incrivelmente resilientes<\/a>, um conceito irm\u00e3o da sustentabilidade. Mesmo em face da estigmatiza\u00e7\u00e3o dominante, as favelas demonstram altos n\u00edveis de coes\u00e3o social, enquanto algumas est\u00e3o <a href=\"http:\/\/bit.ly\/2hG7MhE\" target=\"_blank\" rel=\"noopener\">na vanguarda do urbanismo sustent\u00e1vel<\/a> (por exemplo, nas \u00e1reas de <a href=\"http:\/\/bit.ly\/2qUJeqE\" target=\"_blank\" rel=\"noopener\">horta comunit\u00e1ria<\/a>, acesso a pedestres, <a href=\"http:\/\/bit.ly\/2hG7MhE\" target=\"_blank\" rel=\"noopener\">ecoturismo<\/a> e <a href=\"http:\/\/bit.ly\/1Hawg6U\" target=\"_blank\" rel=\"noopener\">gest\u00e3o de res\u00edduos<\/a>). Em vez de usar o ambientalismo para justificar a destrui\u00e7\u00e3o dessas comunidades, os ambientalistas devem usar <a href=\"http:\/\/www.bit.ly\/FavelaModelo\" target=\"_blank\" rel=\"noopener\">esses pontos fortes para orientar o desenvolvimento da cidade como um todo<\/a>.<\/span><\/p>\n<!-- AddThis Advanced Settings generic via filter on the_content --><!-- AddThis Share Buttons generic via filter on the_content -->","protected":false},"excerpt":{"rendered":"<div class=\"mh-excerpt\"><p>Click Here for English \u201cFavela n\u00e3o \u00e9 problema. Favela \u00e9 cidade. Favela \u00e9 solu\u00e7\u00e3o\u201d. Essas foram as declara\u00e7\u00f5es de abertura da Vereadora Marielle Franco, em um epis\u00f3dio do programa Cidade Partida do Canal Brasil que <a class=\"mh-excerpt-more\" href=\"https:\/\/rioonwatch.org.br\/?p=34239\" title=\"Marielle e Besserman Apresentam Vis\u00f5es Opostas em Debate Sobre Remo\u00e7\u00e3o e Meio Ambiente\">[&#8230;]<\/a><!-- AddThis Advanced Settings generic via filter on get_the_excerpt --><!-- AddThis Share Buttons generic via filter on get_the_excerpt --><\/p>\n<\/div>","protected":false},"author":129,"featured_media":34241,"comment_status":"closed","ping_status":"closed","sticky":false,"template":"","format":"standard","meta":{"_acf_changed":false,"_monsterinsights_skip_tracking":false,"_monsterinsights_sitenote_active":false,"_monsterinsights_sitenote_note":"","_monsterinsights_sitenote_category":0,"footnotes":""},"categories":[1617,1614,1621,1631,1626,1616,1639],"tags":[911,274,813,709,550,1096,732,733,734,2312,2033,106,566,581,1740,2139,14,2020,404,184,383],"writer":[2198],"translator":[2377],"source":[],"ilustrador":[],"fotografo":[],"class_list":{"0":"post-34239","1":"post","2":"type-post","3":"status-publish","4":"format-standard","5":"has-post-thumbnail","7":"category-olhonagentrificacao","8":"category-olhonasremocoes","9":"category-destaque","10":"category-entendendo-o-rio","11":"category-por-observadores-internacionais","12":"category-qualidades-da-favela","13":"category-sustentabilidade","14":"tag-area-de-risco","15":"tag-barra-da-tijuca","16":"tag-condominios-fechados","17":"tag-debate","18":"tag-direito-a-terra","19":"tag-favela-como-modelo-sustentavel","20":"tag-globo","21":"tag-horto","22":"tag-jardim-botanico","23":"tag-legado-de-marielle","24":"tag-marielle-franco","25":"tag-meio-ambiente","26":"tag-parque-estadual-da-pedra-branca","27":"tag-poluicao","28":"tag-quilombo-do-camorim","29":"tag-justica-ambiental","30":"tag-remocao","31":"tag-sergio-besserman-vianna","32":"tag-sustentabilidade","33":"tag-zona-oeste","34":"tag-zona-sul","35":"writer-lucas-smolcic-larson","36":"translator-camila-moraes"},"acf":[],"yoast_head":"<!-- This site is optimized with the Yoast SEO plugin v25.6 - https:\/\/yoast.com\/wordpress\/plugins\/seo\/ -->\n<title>Marielle e Besserman Apresentam Vis\u00f5es Opostas em Debate Sobre Remo\u00e7\u00e3o e Meio Ambiente - RioOnWatch<\/title>\n<meta name=\"robots\" content=\"index, follow, max-snippet:-1, max-image-preview:large, max-video-preview:-1\" \/>\n<link rel=\"canonical\" href=\"https:\/\/rioonwatch.org.br\/?p=34239\" \/>\n<meta property=\"og:locale\" content=\"pt_BR\" \/>\n<meta property=\"og:type\" content=\"article\" \/>\n<meta property=\"og:title\" content=\"Marielle e Besserman Apresentam Vis\u00f5es Opostas em Debate Sobre Remo\u00e7\u00e3o e Meio Ambiente - RioOnWatch\" \/>\n<meta property=\"og:description\" content=\"Click Here for English \u201cFavela n\u00e3o \u00e9 problema. Favela \u00e9 cidade. Favela \u00e9 solu\u00e7\u00e3o\u201d. Essas foram as declara\u00e7\u00f5es de abertura da Vereadora Marielle Franco, em um epis\u00f3dio do programa Cidade Partida do Canal Brasil que [...]\" \/>\n<meta property=\"og:url\" content=\"https:\/\/rioonwatch.org.br\/?p=34239\" \/>\n<meta property=\"og:site_name\" content=\"RioOnWatch\" \/>\n<meta property=\"article:published_time\" content=\"2018-06-26T12:39:12+00:00\" \/>\n<meta property=\"article:modified_time\" content=\"2023-04-20T01:48:47+00:00\" \/>\n<meta property=\"og:image\" content=\"https:\/\/rioonwatch.org.br\/wp-content\/uploads\/2018\/06\/MarielleCanalBrasil-1000x545-e1529086643866.jpg\" \/>\n\t<meta property=\"og:image:width\" content=\"1000\" \/>\n\t<meta property=\"og:image:height\" content=\"442\" \/>\n\t<meta property=\"og:image:type\" content=\"image\/jpeg\" \/>\n<meta name=\"author\" content=\"Admin\" \/>\n<meta name=\"twitter:card\" content=\"summary_large_image\" \/>\n<meta name=\"twitter:label1\" content=\"Escrito por\" \/>\n\t<meta name=\"twitter:data1\" content=\"Admin\" \/>\n\t<meta name=\"twitter:label2\" content=\"Est. tempo de leitura\" \/>\n\t<meta name=\"twitter:data2\" content=\"10 minutos\" \/>\n<script type=\"application\/ld+json\" class=\"yoast-schema-graph\">{\"@context\":\"https:\/\/schema.org\",\"@graph\":[{\"@type\":\"Article\",\"@id\":\"https:\/\/rioonwatch.org.br\/?p=34239#article\",\"isPartOf\":{\"@id\":\"https:\/\/rioonwatch.org.br\/?p=34239\"},\"author\":{\"name\":\"Admin\",\"@id\":\"https:\/\/rioonwatch.org.br\/#\/schema\/person\/11d64c290506f9df50c71b850c473f68\"},\"headline\":\"Marielle e Besserman Apresentam Vis\u00f5es Opostas em Debate Sobre Remo\u00e7\u00e3o e Meio Ambiente\",\"datePublished\":\"2018-06-26T12:39:12+00:00\",\"dateModified\":\"2023-04-20T01:48:47+00:00\",\"mainEntityOfPage\":{\"@id\":\"https:\/\/rioonwatch.org.br\/?p=34239\"},\"wordCount\":1953,\"publisher\":{\"@id\":\"https:\/\/rioonwatch.org.br\/#organization\"},\"image\":{\"@id\":\"https:\/\/rioonwatch.org.br\/?p=34239#primaryimage\"},\"thumbnailUrl\":\"https:\/\/rioonwatch.org.br\/wp-content\/uploads\/2018\/06\/MarielleCanalBrasil-1000x545-e1529086643866.jpg\",\"keywords\":[\"\\\"\u00e1rea de risco\\\"\",\"Barra da Tijuca\",\"condom\u00ednios fechados\",\"debate\",\"direito \u00e0 terra\",\"Favela Como Modelo Sustent\u00e1vel\",\"Globo\",\"Horto\",\"Jardim Bot\u00e2nico\",\"Legado de Marielle\",\"Marielle Franco\",\"meio ambiente\",\"Parque Estadual da Pedra Branca\",\"polui\u00e7\u00e3o\",\"Quilombo do Camorim\",\"Racismo ambiental\",\"Remo\u00e7\u00e3o\",\"S\u00e9rgio Besserman Vianna\",\"sustentabilidade\",\"Zona Oeste\",\"Zona Sul\"],\"articleSection\":[\"#OlhoNaGentrifica\u00e7\u00e3o\",\"#OlhoNasRemo\u00e7\u00f5es\",\"*Destaque\",\"Entendendo o Rio\",\"Escrito por Aliados\",\"Qualidades da Favela\",\"Sustentabilidade\"],\"inLanguage\":\"pt-BR\"},{\"@type\":\"WebPage\",\"@id\":\"https:\/\/rioonwatch.org.br\/?p=34239\",\"url\":\"https:\/\/rioonwatch.org.br\/?p=34239\",\"name\":\"Marielle e Besserman Apresentam Vis\u00f5es Opostas em Debate Sobre Remo\u00e7\u00e3o e Meio Ambiente - RioOnWatch\",\"isPartOf\":{\"@id\":\"https:\/\/rioonwatch.org.br\/#website\"},\"primaryImageOfPage\":{\"@id\":\"https:\/\/rioonwatch.org.br\/?p=34239#primaryimage\"},\"image\":{\"@id\":\"https:\/\/rioonwatch.org.br\/?p=34239#primaryimage\"},\"thumbnailUrl\":\"https:\/\/rioonwatch.org.br\/wp-content\/uploads\/2018\/06\/MarielleCanalBrasil-1000x545-e1529086643866.jpg\",\"datePublished\":\"2018-06-26T12:39:12+00:00\",\"dateModified\":\"2023-04-20T01:48:47+00:00\",\"breadcrumb\":{\"@id\":\"https:\/\/rioonwatch.org.br\/?p=34239#breadcrumb\"},\"inLanguage\":\"pt-BR\",\"potentialAction\":[{\"@type\":\"ReadAction\",\"target\":[\"https:\/\/rioonwatch.org.br\/?p=34239\"]}]},{\"@type\":\"ImageObject\",\"inLanguage\":\"pt-BR\",\"@id\":\"https:\/\/rioonwatch.org.br\/?p=34239#primaryimage\",\"url\":\"https:\/\/rioonwatch.org.br\/wp-content\/uploads\/2018\/06\/MarielleCanalBrasil-1000x545-e1529086643866.jpg\",\"contentUrl\":\"https:\/\/rioonwatch.org.br\/wp-content\/uploads\/2018\/06\/MarielleCanalBrasil-1000x545-e1529086643866.jpg\",\"width\":1000,\"height\":442},{\"@type\":\"BreadcrumbList\",\"@id\":\"https:\/\/rioonwatch.org.br\/?p=34239#breadcrumb\",\"itemListElement\":[{\"@type\":\"ListItem\",\"position\":1,\"name\":\"In\u00edcio\",\"item\":\"https:\/\/rioonwatch.org.br\/\"},{\"@type\":\"ListItem\",\"position\":2,\"name\":\"Marielle e Besserman Apresentam Vis\u00f5es Opostas em Debate Sobre Remo\u00e7\u00e3o e Meio Ambiente\"}]},{\"@type\":\"WebSite\",\"@id\":\"https:\/\/rioonwatch.org.br\/#website\",\"url\":\"https:\/\/rioonwatch.org.br\/\",\"name\":\"RioOnWatch\",\"description\":\"relatos das favelas cariocas\",\"publisher\":{\"@id\":\"https:\/\/rioonwatch.org.br\/#organization\"},\"potentialAction\":[{\"@type\":\"SearchAction\",\"target\":{\"@type\":\"EntryPoint\",\"urlTemplate\":\"https:\/\/rioonwatch.org.br\/?s={search_term_string}\"},\"query-input\":{\"@type\":\"PropertyValueSpecification\",\"valueRequired\":true,\"valueName\":\"search_term_string\"}}],\"inLanguage\":\"pt-BR\"},{\"@type\":\"Organization\",\"@id\":\"https:\/\/rioonwatch.org.br\/#organization\",\"name\":\"RioOnWatch\",\"url\":\"https:\/\/rioonwatch.org.br\/\",\"logo\":{\"@type\":\"ImageObject\",\"inLanguage\":\"pt-BR\",\"@id\":\"https:\/\/rioonwatch.org.br\/#\/schema\/logo\/image\/\",\"url\":\"https:\/\/rioonwatch.org.br\/wp-content\/uploads\/2021\/06\/RioOnWatchcabecalhoPT11anos-2.png\",\"contentUrl\":\"https:\/\/rioonwatch.org.br\/wp-content\/uploads\/2021\/06\/RioOnWatchcabecalhoPT11anos-2.png\",\"width\":779,\"height\":277,\"caption\":\"RioOnWatch\"},\"image\":{\"@id\":\"https:\/\/rioonwatch.org.br\/#\/schema\/logo\/image\/\"}},{\"@type\":\"Person\",\"@id\":\"https:\/\/rioonwatch.org.br\/#\/schema\/person\/11d64c290506f9df50c71b850c473f68\",\"name\":\"Admin\",\"image\":{\"@type\":\"ImageObject\",\"inLanguage\":\"pt-BR\",\"@id\":\"https:\/\/rioonwatch.org.br\/#\/schema\/person\/image\/\",\"url\":\"https:\/\/secure.gravatar.com\/avatar\/56211ac74568383903349a1485e3c325?s=96&d=blank&r=g\",\"contentUrl\":\"https:\/\/secure.gravatar.com\/avatar\/56211ac74568383903349a1485e3c325?s=96&d=blank&r=g\",\"caption\":\"Admin\"},\"url\":\"https:\/\/rioonwatch.org.br\/?author=129\"}]}<\/script>\n<!-- \/ Yoast SEO plugin. -->","yoast_head_json":{"title":"Marielle e Besserman Apresentam Vis\u00f5es Opostas em Debate Sobre Remo\u00e7\u00e3o e Meio Ambiente - RioOnWatch","robots":{"index":"index","follow":"follow","max-snippet":"max-snippet:-1","max-image-preview":"max-image-preview:large","max-video-preview":"max-video-preview:-1"},"canonical":"https:\/\/rioonwatch.org.br\/?p=34239","og_locale":"pt_BR","og_type":"article","og_title":"Marielle e Besserman Apresentam Vis\u00f5es Opostas em Debate Sobre Remo\u00e7\u00e3o e Meio Ambiente - RioOnWatch","og_description":"Click Here for English \u201cFavela n\u00e3o \u00e9 problema. Favela \u00e9 cidade. Favela \u00e9 solu\u00e7\u00e3o\u201d. Essas foram as declara\u00e7\u00f5es de abertura da Vereadora Marielle Franco, em um epis\u00f3dio do programa Cidade Partida do Canal Brasil que [...]","og_url":"https:\/\/rioonwatch.org.br\/?p=34239","og_site_name":"RioOnWatch","article_published_time":"2018-06-26T12:39:12+00:00","article_modified_time":"2023-04-20T01:48:47+00:00","og_image":[{"width":1000,"height":442,"url":"https:\/\/rioonwatch.org.br\/wp-content\/uploads\/2018\/06\/MarielleCanalBrasil-1000x545-e1529086643866.jpg","type":"image\/jpeg"}],"author":"Admin","twitter_card":"summary_large_image","twitter_misc":{"Escrito por":"Admin","Est. tempo de leitura":"10 minutos"},"schema":{"@context":"https:\/\/schema.org","@graph":[{"@type":"Article","@id":"https:\/\/rioonwatch.org.br\/?p=34239#article","isPartOf":{"@id":"https:\/\/rioonwatch.org.br\/?p=34239"},"author":{"name":"Admin","@id":"https:\/\/rioonwatch.org.br\/#\/schema\/person\/11d64c290506f9df50c71b850c473f68"},"headline":"Marielle e Besserman Apresentam Vis\u00f5es Opostas em Debate Sobre Remo\u00e7\u00e3o e Meio Ambiente","datePublished":"2018-06-26T12:39:12+00:00","dateModified":"2023-04-20T01:48:47+00:00","mainEntityOfPage":{"@id":"https:\/\/rioonwatch.org.br\/?p=34239"},"wordCount":1953,"publisher":{"@id":"https:\/\/rioonwatch.org.br\/#organization"},"image":{"@id":"https:\/\/rioonwatch.org.br\/?p=34239#primaryimage"},"thumbnailUrl":"https:\/\/rioonwatch.org.br\/wp-content\/uploads\/2018\/06\/MarielleCanalBrasil-1000x545-e1529086643866.jpg","keywords":["\"\u00e1rea de risco\"","Barra da Tijuca","condom\u00ednios fechados","debate","direito \u00e0 terra","Favela Como Modelo Sustent\u00e1vel","Globo","Horto","Jardim Bot\u00e2nico","Legado de Marielle","Marielle Franco","meio ambiente","Parque Estadual da Pedra Branca","polui\u00e7\u00e3o","Quilombo do Camorim","Racismo ambiental","Remo\u00e7\u00e3o","S\u00e9rgio Besserman Vianna","sustentabilidade","Zona Oeste","Zona Sul"],"articleSection":["#OlhoNaGentrifica\u00e7\u00e3o","#OlhoNasRemo\u00e7\u00f5es","*Destaque","Entendendo o Rio","Escrito por Aliados","Qualidades da Favela","Sustentabilidade"],"inLanguage":"pt-BR"},{"@type":"WebPage","@id":"https:\/\/rioonwatch.org.br\/?p=34239","url":"https:\/\/rioonwatch.org.br\/?p=34239","name":"Marielle e Besserman Apresentam Vis\u00f5es Opostas em Debate Sobre Remo\u00e7\u00e3o e Meio Ambiente - RioOnWatch","isPartOf":{"@id":"https:\/\/rioonwatch.org.br\/#website"},"primaryImageOfPage":{"@id":"https:\/\/rioonwatch.org.br\/?p=34239#primaryimage"},"image":{"@id":"https:\/\/rioonwatch.org.br\/?p=34239#primaryimage"},"thumbnailUrl":"https:\/\/rioonwatch.org.br\/wp-content\/uploads\/2018\/06\/MarielleCanalBrasil-1000x545-e1529086643866.jpg","datePublished":"2018-06-26T12:39:12+00:00","dateModified":"2023-04-20T01:48:47+00:00","breadcrumb":{"@id":"https:\/\/rioonwatch.org.br\/?p=34239#breadcrumb"},"inLanguage":"pt-BR","potentialAction":[{"@type":"ReadAction","target":["https:\/\/rioonwatch.org.br\/?p=34239"]}]},{"@type":"ImageObject","inLanguage":"pt-BR","@id":"https:\/\/rioonwatch.org.br\/?p=34239#primaryimage","url":"https:\/\/rioonwatch.org.br\/wp-content\/uploads\/2018\/06\/MarielleCanalBrasil-1000x545-e1529086643866.jpg","contentUrl":"https:\/\/rioonwatch.org.br\/wp-content\/uploads\/2018\/06\/MarielleCanalBrasil-1000x545-e1529086643866.jpg","width":1000,"height":442},{"@type":"BreadcrumbList","@id":"https:\/\/rioonwatch.org.br\/?p=34239#breadcrumb","itemListElement":[{"@type":"ListItem","position":1,"name":"In\u00edcio","item":"https:\/\/rioonwatch.org.br\/"},{"@type":"ListItem","position":2,"name":"Marielle e Besserman Apresentam Vis\u00f5es Opostas em Debate Sobre Remo\u00e7\u00e3o e Meio Ambiente"}]},{"@type":"WebSite","@id":"https:\/\/rioonwatch.org.br\/#website","url":"https:\/\/rioonwatch.org.br\/","name":"RioOnWatch","description":"relatos das favelas cariocas","publisher":{"@id":"https:\/\/rioonwatch.org.br\/#organization"},"potentialAction":[{"@type":"SearchAction","target":{"@type":"EntryPoint","urlTemplate":"https:\/\/rioonwatch.org.br\/?s={search_term_string}"},"query-input":{"@type":"PropertyValueSpecification","valueRequired":true,"valueName":"search_term_string"}}],"inLanguage":"pt-BR"},{"@type":"Organization","@id":"https:\/\/rioonwatch.org.br\/#organization","name":"RioOnWatch","url":"https:\/\/rioonwatch.org.br\/","logo":{"@type":"ImageObject","inLanguage":"pt-BR","@id":"https:\/\/rioonwatch.org.br\/#\/schema\/logo\/image\/","url":"https:\/\/rioonwatch.org.br\/wp-content\/uploads\/2021\/06\/RioOnWatchcabecalhoPT11anos-2.png","contentUrl":"https:\/\/rioonwatch.org.br\/wp-content\/uploads\/2021\/06\/RioOnWatchcabecalhoPT11anos-2.png","width":779,"height":277,"caption":"RioOnWatch"},"image":{"@id":"https:\/\/rioonwatch.org.br\/#\/schema\/logo\/image\/"}},{"@type":"Person","@id":"https:\/\/rioonwatch.org.br\/#\/schema\/person\/11d64c290506f9df50c71b850c473f68","name":"Admin","image":{"@type":"ImageObject","inLanguage":"pt-BR","@id":"https:\/\/rioonwatch.org.br\/#\/schema\/person\/image\/","url":"https:\/\/secure.gravatar.com\/avatar\/56211ac74568383903349a1485e3c325?s=96&d=blank&r=g","contentUrl":"https:\/\/secure.gravatar.com\/avatar\/56211ac74568383903349a1485e3c325?s=96&d=blank&r=g","caption":"Admin"},"url":"https:\/\/rioonwatch.org.br\/?author=129"}]}},"_links":{"self":[{"href":"https:\/\/rioonwatch.org.br\/index.php?rest_route=\/wp\/v2\/posts\/34239"}],"collection":[{"href":"https:\/\/rioonwatch.org.br\/index.php?rest_route=\/wp\/v2\/posts"}],"about":[{"href":"https:\/\/rioonwatch.org.br\/index.php?rest_route=\/wp\/v2\/types\/post"}],"author":[{"embeddable":true,"href":"https:\/\/rioonwatch.org.br\/index.php?rest_route=\/wp\/v2\/users\/129"}],"replies":[{"embeddable":true,"href":"https:\/\/rioonwatch.org.br\/index.php?rest_route=%2Fwp%2Fv2%2Fcomments&post=34239"}],"version-history":[{"count":28,"href":"https:\/\/rioonwatch.org.br\/index.php?rest_route=\/wp\/v2\/posts\/34239\/revisions"}],"predecessor-version":[{"id":34314,"href":"https:\/\/rioonwatch.org.br\/index.php?rest_route=\/wp\/v2\/posts\/34239\/revisions\/34314"}],"wp:featuredmedia":[{"embeddable":true,"href":"https:\/\/rioonwatch.org.br\/index.php?rest_route=\/wp\/v2\/media\/34241"}],"wp:attachment":[{"href":"https:\/\/rioonwatch.org.br\/index.php?rest_route=%2Fwp%2Fv2%2Fmedia&parent=34239"}],"wp:term":[{"taxonomy":"category","embeddable":true,"href":"https:\/\/rioonwatch.org.br\/index.php?rest_route=%2Fwp%2Fv2%2Fcategories&post=34239"},{"taxonomy":"post_tag","embeddable":true,"href":"https:\/\/rioonwatch.org.br\/index.php?rest_route=%2Fwp%2Fv2%2Ftags&post=34239"},{"taxonomy":"writer","embeddable":true,"href":"https:\/\/rioonwatch.org.br\/index.php?rest_route=%2Fwp%2Fv2%2Fwriter&post=34239"},{"taxonomy":"translator","embeddable":true,"href":"https:\/\/rioonwatch.org.br\/index.php?rest_route=%2Fwp%2Fv2%2Ftranslator&post=34239"},{"taxonomy":"source","embeddable":true,"href":"https:\/\/rioonwatch.org.br\/index.php?rest_route=%2Fwp%2Fv2%2Fsource&post=34239"},{"taxonomy":"ilustrador","embeddable":true,"href":"https:\/\/rioonwatch.org.br\/index.php?rest_route=%2Fwp%2Fv2%2Filustrador&post=34239"},{"taxonomy":"fotografo","embeddable":true,"href":"https:\/\/rioonwatch.org.br\/index.php?rest_route=%2Fwp%2Fv2%2Ffotografo&post=34239"}],"curies":[{"name":"wp","href":"https:\/\/api.w.org\/{rel}","templated":true}]}}