{"id":34278,"date":"2018-06-28T08:35:26","date_gmt":"2018-06-28T11:35:26","guid":{"rendered":"http:\/\/rioonwatch.org.br\/?p=34278"},"modified":"2024-05-24T12:37:54","modified_gmt":"2024-05-24T15:37:54","slug":"organizadores-do-julho-negro-unem-se-contra-o-racismo-e-militarizacao-na-america-latina-africa-e-oriente-medio","status":"publish","type":"post","link":"https:\/\/rioonwatch.org.br\/?p=34278","title":{"rendered":"Organizadores do &#8216;Julho Negro&#8217; Unem-se Contra Racismo e Militariza\u00e7\u00e3o ao Redor do Mundo"},"content":{"rendered":"<p style=\"text-align: right;\"><em><strong><a href=\"http:\/\/bit.ly\/2yFfHqT\" target=\"_blank\" rel=\"noopener noreferrer\">Click Here for English<img decoding=\"async\" width=\"20\" height=\"20\" class=\"alignright wp-image-15790\" src=\"http:\/\/rioonwatch.org.br\/wp-content\/uploads\/2012\/08\/EN-standard-e1439583104716.jpg\" \/><\/a><\/strong><\/em><\/p>\n<p><span style=\"font-weight: 400;\">S\u00e3o 3 horas da tarde de um s\u00e1bado encoberto e, conforme mais pessoas adentram o <\/span><a href=\"http:\/\/bit.ly\/2twvUsM\" target=\"_blank\" rel=\"noopener\"><span style=\"font-weight: 400;\">Instituto Ra\u00edzes em Movimento<\/span><\/a><span style=\"font-weight: 400;\"> no <\/span><a href=\"http:\/\/bit.ly\/U0MiGm\" target=\"_blank\" rel=\"noopener\"><span style=\"font-weight: 400;\">Complexo do Alem\u00e3o<\/span><\/a><span style=\"font-weight: 400;\">, o que no in\u00edcio parecia ser apenas uma sala espa\u00e7osa torna-se mais aconchegante a cada segundo. Sauda\u00e7\u00f5es s\u00e3o trocadas; perguntas sobre o bem-estar da filha ou do tio de algu\u00e9m se misturam com convites para eventos culturais e debates em toda a cidade. Uma energia excitante e fervilhante est\u00e1 no ar.<\/span><\/p>\n<p><span style=\"font-weight: 400;\">O grupo reuniu um grande cruzamento de grupos de direitos humanos baseados nas favelas do Rio&#8211;das\u00a0<\/span><a href=\"http:\/\/bit.ly\/2i1bAOv\" target=\"_blank\" rel=\"noopener\"><span style=\"font-weight: 400;\">M\u00e3es de Manguinhos<\/span><\/a><span style=\"font-weight: 400;\"> at\u00e9 a <\/span><a href=\"http:\/\/bit.ly\/2qOqv0z\" target=\"_blank\" rel=\"noopener\"><span style=\"font-weight: 400;\">Rede de Comunidades e Movimentos Contra a Viol\u00eancia<\/span><\/a><span style=\"font-weight: 400;\">, da <\/span><a href=\"http:\/\/bit.ly\/2yDjlBA\" target=\"_blank\" rel=\"noopener\"><span style=\"font-weight: 400;\">Campanha pela Liberdade de Rafael Braga<\/span><\/a><span style=\"font-weight: 400;\"> at\u00e9 o <\/span><a href=\"http:\/\/on.fb.me\/1QuH6gN\" target=\"_blank\" rel=\"noopener\"><span style=\"font-weight: 400;\">Coletivo Papo Reto<\/span><\/a><span style=\"font-weight: 400;\">&#8211;todos lutando para trazer visibilidade aos abusos do Estado e \u00e0 viol\u00eancia racial nas suas comunidades. Apesar de n\u00e3o ser um tema leve, o que os traz aqui hoje \u00e9 um t\u00f3pico mais esperan\u00e7oso: eles est\u00e3o se reunindo para organizar <\/span><span style=\"font-weight: 400;\">o <a href=\"http:\/\/bit.ly\/2KeNqvV\" target=\"_blank\" rel=\"noopener\">Terceiro Julho Negro<\/a><\/span><span style=\"font-weight: 400;\">\u00a0no<\/span><span style=\"font-weight: 400;\"> Rio de Janeiro.<\/span><\/p>\n<h3><b>Anos Recentes<\/b><\/h3>\n<p><span style=\"font-weight: 400;\">Nos \u00faltimos dois anos, <a href=\"http:\/\/bit.ly\/2vnBq17\" target=\"_blank\" rel=\"noopener\">Julho Negro<\/a> reuniu ativistas e movimentos de v\u00e1rios pa\u00edses com o objetivo de denunciar a viol\u00eancia do Estado contra as comunidades negras e trocar estrat\u00e9gias na luta contra o racismo e a militariza\u00e7\u00e3o.<\/span><\/p>\n<p><span style=\"font-weight: 400;\">Em 2016, uma delega\u00e7\u00e3o de ativistas do movimento <em>Black Lives Matter &#8211; BLM<\/em> (Vidas Negras Importam)\u00a0<\/span><a href=\"http:\/\/bit.ly\/2aLe8t0\" target=\"_blank\" rel=\"noopener\"><span style=\"font-weight: 400;\">esteve no Rio durante quatro dias<\/span><\/a><span style=\"font-weight: 400;\">, entendendo as lutas dos ativistas brasileiros e trocando ideias sobre organizar a luta para valorizar as vidas negras. Os eventos inclu\u00edram palestras sobre a brutalidade policial e a <\/span><a href=\"http:\/\/bit.ly\/2ABsATF\" target=\"_blank\" rel=\"noopener\"><span style=\"font-weight: 400;\">guerra contra as drogas<\/span><\/a><span style=\"font-weight: 400;\">&#8212;<\/span><span style=\"font-weight: 400;\">dois problemas que t\u00eam um grande impacto sobre as favelas e as comunidades negras nos EUA e no Brasil&#8211;e a sua rela\u00e7\u00e3o com o racismo e a viol\u00eancia do Estado. Os ativistas tamb\u00e9m ressaltaram a <\/span><a href=\"http:\/\/bit.ly\/29GfPqt\" target=\"_blank\" rel=\"noopener\"><span style=\"font-weight: 400;\">resist\u00eancia&#8211;<\/span><span style=\"font-weight: 400;\">e a necessidade de apoio&#8211;<\/span><span style=\"font-weight: 400;\">das mulheres negras<\/span><\/a><span style=\"font-weight: 400;\">, que s\u00e3o as que carregam o movimento, e o <\/span><a href=\"http:\/\/bit.ly\/2jTRAbr\" target=\"_blank\" rel=\"noopener\"><span style=\"font-weight: 400;\">trauma emocional causado pela viol\u00eancia do Estado<\/span><\/a><span style=\"font-weight: 400;\"> nas comunidades negras.<\/span><\/p>\n<p><span style=\"font-weight: 400;\">A semana fortaleceu os la\u00e7os entre os ativistas negros nos dois continentes, estabelecendo elos que continuam servindo a ambas as comunidades. Nas palavras de Daunasia Yancey, do BLM de Boston, &#8220;\u00e9\u00a0importante que apoiemos uns aos outros porque sabemos que esta viol\u00eancia est\u00e1 conectada. A viol\u00eancia contra os negros \u00e9 global e nossa resist\u00eancia \u00e9 global&#8221;.\u00a0<\/span><\/p>\n<p><a href=\"http:\/\/rioonwatch.org.br\/wp-content\/uploads\/2018\/06\/IMG_2414-e1529929474328.jpg\"><img fetchpriority=\"high\" decoding=\"async\" class=\"aligncenter wp-image-34345 size-content\" title=\"Black Lives Matter visita o Rio. Foto de Mariah Barber\" src=\"http:\/\/rioonwatch.org.br\/wp-content\/uploads\/2018\/06\/IMG_2414-e1529929474328-620x264.jpg\" alt=\"\" width=\"620\" height=\"264\" srcset=\"https:\/\/rioonwatch.org.br\/wp-content\/uploads\/2018\/06\/IMG_2414-e1529929474328-620x264.jpg 620w, https:\/\/rioonwatch.org.br\/wp-content\/uploads\/2018\/06\/IMG_2414-e1529929474328-940x400.jpg 940w\" sizes=\"(max-width: 620px) 100vw, 620px\" \/><\/a><\/p>\n<p><span style=\"font-weight: 400;\">No ano seguinte, os organizadores ampliaram o seu escopo de conversas e <\/span><a href=\"http:\/\/bit.ly\/2vILNwE\" target=\"_blank\" rel=\"noopener\"><span style=\"font-weight: 400;\">ligaram as lutas no Haiti e na Palestina com as no Brasil<\/span><\/a><span style=\"font-weight: 400;\">. Soraya Misleh, uma refugiada palestina de segunda gera\u00e7\u00e3o no Brasil, e autora do <\/span><em><a href=\"http:\/\/bit.ly\/2tANwqe\" target=\"_blank\" rel=\"noopener\"><span style=\"font-weight: 400;\">Al Nakba \u2013 um estudo sobre a cat\u00e1strofe palestina<\/span><\/a><\/em><span style=\"font-weight: 400;\">, <\/span><span style=\"font-weight: 400;\">falou sobre as semelhan\u00e7as do estado de apartheid em Israel e a militariza\u00e7\u00e3o do cotidiano dos palestinos com a realidade daqueles que moram nas favelas e lidam com a viol\u00eancia policial e a presen\u00e7a militar todos os dias.<\/span><\/p>\n<p><span style=\"font-weight: 400;\">Clarence Therry, um imigrante haitiano no Brasil e l\u00edder da <\/span><a href=\"http:\/\/bit.ly\/2uaPBYP\" target=\"_blank\" rel=\"noopener\"><span style=\"font-weight: 400;\">Uni\u00e3o Social dos Imigrantes Haitianos<\/span><\/a> <span style=\"font-weight: 400;\">(USIH), <\/span><a href=\"http:\/\/bit.ly\/2vILNwE\" target=\"_blank\" rel=\"noopener\"><span style=\"font-weight: 400;\">falou sobre<\/span><\/a><span style=\"font-weight: 400;\"> como podemos nos inspirar na revolu\u00e7\u00e3o do Haiti, uma revolta de escravos que derrubou o poder colonial, para reimaginar o Brasil.<\/span><\/p>\n<p><span style=\"font-weight: 400;\">Outro grande tema foi o encarceramento em massa e a <\/span><a href=\"http:\/\/bit.ly\/2buISj2\" target=\"_blank\" rel=\"noopener\"><span style=\"font-weight: 400;\">criminaliza\u00e7\u00e3o dos moradores das favelas<\/span><\/a><span style=\"font-weight: 400;\">, especialmente a juventude negra. Os participantes das trocas enquadraram estes fen\u00f4menos como continua\u00e7\u00f5es dos mesmos sistemas de dom\u00ednio, especialmente o racismo e o privil\u00e9gio branco, que constantemente colocam os jovens negros na mira de uma arma. Em 2016, <\/span><a href=\"http:\/\/bit.ly\/2vMuPxs\" target=\"_blank\" rel=\"noopener\"><span style=\"font-weight: 400;\">62% da popula\u00e7\u00e3o prisional era negra<\/span><\/a><span style=\"font-weight: 400;\"> (comparada com pouco mais de 50% da popula\u00e7\u00e3o do pa\u00eds); entre 2005 e 2015, o <\/span><a href=\"http:\/\/bit.ly\/2mqKqlE\" target=\"_blank\" rel=\"noopener\"><span style=\"font-weight: 400;\">n\u00famero de homic\u00eddios de pessoas negras aumentou 18,2%<\/span><\/a><span style=\"font-weight: 400;\">, enquanto os homic\u00eddios de n\u00e3o negros diminu\u00edram 12,2%. Uma das inten\u00e7\u00f5es dos eventos era construir as redes de solidariedade que ajudar\u00e3o as comunidades a combater pol\u00edticas que perpetuam estas realidades.<\/span><\/p>\n<p><a href=\"http:\/\/rioonwatch.org.br\/wp-content\/uploads\/2018\/06\/Julho-Negro-Encarceramento2.jpg\"><img decoding=\"async\" class=\"aligncenter wp-image-34347 size-content\" title=\"II Julho Negro discuss\u00e3o sobre encarceramento\" src=\"http:\/\/rioonwatch.org.br\/wp-content\/uploads\/2018\/06\/Julho-Negro-Encarceramento2-620x264.jpg\" alt=\"\" width=\"620\" height=\"264\" srcset=\"https:\/\/rioonwatch.org.br\/wp-content\/uploads\/2018\/06\/Julho-Negro-Encarceramento2-620x264.jpg 620w, https:\/\/rioonwatch.org.br\/wp-content\/uploads\/2018\/06\/Julho-Negro-Encarceramento2-940x400.jpg 940w\" sizes=\"(max-width: 620px) 100vw, 620px\" \/><\/a><\/p>\n<h3><b>Os Planos Deste Ano<\/b><\/h3>\n<p><span style=\"font-weight: 400;\">Este ano, os organizadores est\u00e3o se preparando para um Julho Negro que promete ser mais abrangente do que antes. Embora os planos e a programa\u00e7\u00e3o ainda n\u00e3o estejam finalizados, os eventos ir\u00e3o variar em estilo desde palestras e discuss\u00f5es em mesa redonda, at\u00e9 apresenta\u00e7\u00e3o e debates sobre filmes, audi\u00eancias p\u00fablicas e comemora\u00e7\u00f5es culturais. O tema, semelhante ao dos anos passados, ser\u00e1 racismo e militariza\u00e7\u00e3o, e a <\/span><a href=\"http:\/\/bit.ly\/2htikRa\" target=\"_blank\" rel=\"noopener\"><span style=\"font-weight: 400;\">viol\u00eancia do Estado que afeta desproporcionalmente os jovens negros nas favelas<\/span><\/a>.<\/p>\n<p><span style=\"font-weight: 400;\">Os eventos ser\u00e3o distribu\u00eddos por toda a cidade, com cada local relacionado, muitas vezes intimamente, ao assunto abordado. Religi\u00e3o e militariza\u00e7\u00e3o \u00e9 um dos temas, e ser\u00e1 discutido no Terreiro Omijuaro, um lugar de venera\u00e7\u00e3o e reuni\u00e3o do Candombl\u00e9; a militariza\u00e7\u00e3o na cidade e nas \u00e1reas rurais, ser\u00e1 uma conversa que ocorrer\u00e1 em uma ocupa\u00e7\u00e3o do <\/span><a href=\"http:\/\/bit.ly\/16HcVx4\" target=\"_blank\" rel=\"noopener\"><span style=\"font-weight: 400;\">MST<\/span><\/a><span style=\"font-weight: 400;\">\u00a0em <\/span><a href=\"http:\/\/bit.ly\/1xgiXjq\" target=\"_blank\" rel=\"noopener\"><span style=\"font-weight: 400;\">Nova Igua\u00e7u<\/span><\/a><span style=\"font-weight: 400;\">; e a criminaliza\u00e7\u00e3o dos defensores dos movimentos sociais e dos direitos humanos, no <\/span><a href=\"http:\/\/bit.ly\/2rQ2UMG\" target=\"_blank\" rel=\"noopener\"><span style=\"font-weight: 400;\">Museu da Mar\u00e9<\/span><\/a><span style=\"font-weight: 400;\"> no <\/span><a href=\"http:\/\/bit.ly\/10BvARw\" target=\"_blank\" rel=\"noopener\"><span style=\"font-weight: 400;\">Complexo da Mar\u00e9<\/span><\/a><span style=\"font-weight: 400;\">, lar da vereadora <\/span><span style=\"font-weight: 400;\">e <a href=\"http:\/\/bit.ly\/2Gp2OnO\" target=\"_blank\" rel=\"noopener\">defensora dos direitos humanos Marielle Franco<\/a><\/span><span style=\"font-weight: 400;\">\u00a0que<\/span><span style=\"font-weight: 400;\"> foi executada em mar\u00e7o. Um dos eventos centrais ser\u00e1 um painel de debates no Complexo do Alem\u00e3o sobre o <\/span><a href=\"http:\/\/bit.ly\/2vKUrht\" target=\"_blank\" rel=\"noopener\"><span style=\"font-weight: 400;\">sistema penal brasileiro<\/span><\/a><span style=\"font-weight: 400;\"> e o <a href=\"http:\/\/bit.ly\/2pz2EPy\" target=\"_blank\" rel=\"noopener\">sistema socioeducacional para menores<\/a>, e sobre o <\/span><a href=\"http:\/\/bit.ly\/1HShVBX\" target=\"_blank\" rel=\"noopener\"><span style=\"font-weight: 400;\">genoc\u00eddio travado<\/span><\/a><span style=\"font-weight: 400;\"> contra os moradores pobres e negros das favelas no Brasil.<\/span><\/p>\n<p><span style=\"font-weight: 400;\">A semana reunir\u00e1 movimentos de dez diferentes pa\u00edses de tr\u00eas continentes&#8211;de Honduras, Argentina, Col\u00f4mbia, \u00cdndia, e \u00c1frica do Sul, entre outros. Tamb\u00e9m ser\u00e1 organizado em conjunto com o <\/span><a href=\"http:\/\/bit.ly\/2Kl8T6v\" target=\"_blank\" rel=\"noopener\"><span style=\"font-weight: 400;\">Comit\u00ea Nacional Palestino BDS<\/span><\/a><span style=\"font-weight: 400;\">, e marcar\u00e1 presen\u00e7a na comemora\u00e7\u00e3o do 25<\/span><span style=\"font-weight: 400;\">\u00b0<\/span><span style=\"font-weight: 400;\"> anivers\u00e1rio do <\/span><a href=\"http:\/\/bit.ly\/2gQ8lrC\" target=\"_blank\" rel=\"noopener\"><span style=\"font-weight: 400;\">Massacre da Candel\u00e1ria<\/span><\/a><span style=\"font-weight: 400;\">, quando oito jovens sem-teto foram mortos e muitos outros foram feridos por um grupo de homens que inclu\u00edam policiais.<\/span><\/p>\n<p><a href=\"http:\/\/rioonwatch.org.br\/wp-content\/uploads\/2018\/06\/thumb_IMG_2401_1024-1.jpg\"><img loading=\"lazy\" decoding=\"async\" class=\"aligncenter size-content wp-image-34350\" src=\"http:\/\/rioonwatch.org.br\/wp-content\/uploads\/2018\/06\/thumb_IMG_2401_1024-1-620x264.jpg\" alt=\"\" width=\"620\" height=\"264\" srcset=\"https:\/\/rioonwatch.org.br\/wp-content\/uploads\/2018\/06\/thumb_IMG_2401_1024-1-620x264.jpg 620w, https:\/\/rioonwatch.org.br\/wp-content\/uploads\/2018\/06\/thumb_IMG_2401_1024-1-940x400.jpg 940w\" sizes=\"(max-width: 620px) 100vw, 620px\" \/><\/a><\/p>\n<p><span style=\"font-weight: 400;\">Frans\u00e9rgio Goulart, um dos organizadores do Julho Negro e membro do <\/span><a href=\"http:\/\/bit.ly\/2MlljIZ\" target=\"_blank\" rel=\"noopener\"><span style=\"font-weight: 400;\">F\u00f3rum Social de Manguinhos<\/span><\/a><span style=\"font-weight: 400;\">, compartilha a lente aterrorizante atrav\u00e9s da qual ele come\u00e7ou a perceber esta tend\u00eancia: \u201cHoje, a gente precisa pensar que o mundo vai construindo uma pol\u00edcia global cujo prop\u00f3sito \u00e9 controlar ou genocidar a popula\u00e7\u00e3o\u201d. A tend\u00eancia em dire\u00e7\u00e3o \u00e0 militariza\u00e7\u00e3o acompanhada por viol\u00eancia racial \u00e9 global, desde os Estados Unidos \u00e0 Col\u00f4mbia e desde a Palestina ao Brasil. Para os organizadores do Julho Negro, \u00e9 por isso que a luta contra ela tamb\u00e9m deve ser travada no palco global, e eventos como este, que re\u00fanem os movimentos que lutam contra muitas das mesmas for\u00e7as, n\u00e3o s\u00e3o apenas importantes, mas necess\u00e1rios.<\/span><\/p>\n<p><b>Julho Negro ocorrer\u00e1 entre 23 e 27 de julho deste ano, em locais por toda a cidade. Os organizadores est\u00e3o fazendo uma campanha de financiamento coletivo para cobrir os custos de viagem e acomoda\u00e7\u00e3o dos ativistas convidados de todo o mundo. Clique <\/b><a href=\"http:\/\/bit.ly\/2sxqSMP\" target=\"_blank\" rel=\"noopener\"><b>aqui<\/b><\/a> <b>para doar. Para mais detalhes e atualiza\u00e7\u00f5es sobre o evento, siga Julho Negro <\/b><a href=\"http:\/\/bit.ly\/2KeNqvV\" target=\"_blank\" rel=\"noopener\"><b>no Facebook<\/b><\/a><b>.<\/b><\/p>\n<!-- AddThis Advanced Settings generic via filter on the_content --><!-- AddThis Share Buttons generic via filter on the_content -->","protected":false},"excerpt":{"rendered":"<div class=\"mh-excerpt\"><p>Click Here for English S\u00e3o 3 horas da tarde de um s\u00e1bado encoberto e, conforme mais pessoas adentram o Instituto Ra\u00edzes em Movimento no Complexo do Alem\u00e3o, o que no in\u00edcio parecia ser apenas uma <a class=\"mh-excerpt-more\" href=\"https:\/\/rioonwatch.org.br\/?p=34278\" title=\"Organizadores do &#8216;Julho Negro&#8217; Unem-se Contra Racismo e Militariza\u00e7\u00e3o ao Redor do Mundo\">[&#8230;]<\/a><!-- AddThis Advanced Settings generic via filter on get_the_excerpt --><!-- AddThis Share Buttons generic via filter on get_the_excerpt --><\/p>\n<\/div>","protected":false},"author":129,"featured_media":34338,"comment_status":"closed","ping_status":"closed","sticky":false,"template":"","format":"standard","meta":{"_acf_changed":false,"_monsterinsights_skip_tracking":false,"_monsterinsights_sitenote_active":false,"_monsterinsights_sitenote_note":"","_monsterinsights_sitenote_category":0,"footnotes":""},"categories":[1621,346,1626,1388,1612,342],"tags":[1170,3253,2159,1541,759,217,1239,802,2253,1710,1418,1936,113,2161,1151,1775,1106,2168,1721,936,1517,283,432,380,30,920,52],"writer":[2397],"translator":[1875],"source":[],"ilustrador":[],"fotografo":[],"class_list":{"0":"post-34278","1":"post","2":"type-post","3":"status-publish","4":"format-standard","5":"has-post-thumbnail","7":"category-destaque","8":"category-denuncias","9":"category-por-observadores-internacionais","10":"category-formas-de-apoiar","11":"category-sociedade-civil","12":"category-solucoes","13":"tag-america-latina","14":"tag-antirracismo","15":"tag-black-lives-matter","16":"tag-candomble","17":"tag-comparacao-internacional","18":"tag-complexo-do-alemao","19":"tag-criminalizacao-da-pobreza","20":"tag-forum-de-manguinhos","21":"tag-guerra-as-drogas","22":"tag-haiti","23":"tag-coletivo-papo-reto","24":"tag-julho-negro","25":"tag-juventude","26":"tag-maes-de-manguinhos","27":"tag-organizacao","28":"tag-mst","29":"tag-museu-da-mare","30":"tag-palestina","31":"tag-prisoes","32":"tag-raca","33":"tag-raizes-em-movimento","34":"tag-rede-contra-violencia","35":"tag-resistencia","36":"tag-solidariedade","37":"tag-violencia","38":"tag-violencia-de-estado","39":"tag-violencia-policial","40":"writer-paula-pena","41":"translator-marina-hennies"},"acf":[],"yoast_head":"<!-- This site is optimized with the Yoast SEO plugin v25.6 - https:\/\/yoast.com\/wordpress\/plugins\/seo\/ -->\n<title>Organizadores do &#039;Julho Negro&#039; Unem-se Contra Racismo e Militariza\u00e7\u00e3o ao Redor do Mundo - RioOnWatch<\/title>\n<meta name=\"robots\" content=\"index, follow, max-snippet:-1, max-image-preview:large, max-video-preview:-1\" \/>\n<link rel=\"canonical\" href=\"https:\/\/rioonwatch.org.br\/?p=34278\" \/>\n<meta property=\"og:locale\" content=\"pt_BR\" \/>\n<meta property=\"og:type\" content=\"article\" \/>\n<meta property=\"og:title\" content=\"Organizadores do &#039;Julho Negro&#039; Unem-se Contra Racismo e Militariza\u00e7\u00e3o ao Redor do Mundo - RioOnWatch\" \/>\n<meta property=\"og:description\" content=\"Click Here for English S\u00e3o 3 horas da tarde de um s\u00e1bado encoberto e, conforme mais pessoas adentram o Instituto Ra\u00edzes em Movimento no Complexo do Alem\u00e3o, o que no in\u00edcio parecia ser apenas uma [...]\" \/>\n<meta property=\"og:url\" content=\"https:\/\/rioonwatch.org.br\/?p=34278\" \/>\n<meta property=\"og:site_name\" content=\"RioOnWatch\" \/>\n<meta property=\"article:published_time\" content=\"2018-06-28T11:35:26+00:00\" \/>\n<meta property=\"article:modified_time\" content=\"2024-05-24T15:37:54+00:00\" \/>\n<meta property=\"og:image\" content=\"https:\/\/rioonwatch.org.br\/wp-content\/uploads\/2018\/06\/iii-julho-negro-1.jpg\" \/>\n\t<meta property=\"og:image:width\" content=\"1004\" \/>\n\t<meta property=\"og:image:height\" content=\"526\" \/>\n\t<meta property=\"og:image:type\" content=\"image\/jpeg\" \/>\n<meta name=\"author\" content=\"Admin\" \/>\n<meta name=\"twitter:card\" content=\"summary_large_image\" \/>\n<meta name=\"twitter:label1\" content=\"Escrito por\" \/>\n\t<meta name=\"twitter:data1\" content=\"Admin\" \/>\n\t<meta name=\"twitter:label2\" content=\"Est. tempo de leitura\" \/>\n\t<meta name=\"twitter:data2\" content=\"6 minutos\" \/>\n<script type=\"application\/ld+json\" class=\"yoast-schema-graph\">{\"@context\":\"https:\/\/schema.org\",\"@graph\":[{\"@type\":\"Article\",\"@id\":\"https:\/\/rioonwatch.org.br\/?p=34278#article\",\"isPartOf\":{\"@id\":\"https:\/\/rioonwatch.org.br\/?p=34278\"},\"author\":{\"name\":\"Admin\",\"@id\":\"https:\/\/rioonwatch.org.br\/#\/schema\/person\/11d64c290506f9df50c71b850c473f68\"},\"headline\":\"Organizadores do &#8216;Julho Negro&#8217; Unem-se Contra Racismo e Militariza\u00e7\u00e3o ao Redor do Mundo\",\"datePublished\":\"2018-06-28T11:35:26+00:00\",\"dateModified\":\"2024-05-24T15:37:54+00:00\",\"mainEntityOfPage\":{\"@id\":\"https:\/\/rioonwatch.org.br\/?p=34278\"},\"wordCount\":1170,\"publisher\":{\"@id\":\"https:\/\/rioonwatch.org.br\/#organization\"},\"image\":{\"@id\":\"https:\/\/rioonwatch.org.br\/?p=34278#primaryimage\"},\"thumbnailUrl\":\"https:\/\/rioonwatch.org.br\/wp-content\/uploads\/2018\/06\/iii-julho-negro-1.jpg\",\"keywords\":[\"Am\u00e9rica Latina\",\"Antirracismo\",\"Black Lives Matter\",\"Candombl\u00e9\",\"compara\u00e7\u00e3o internacional\",\"Complexo do Alem\u00e3o\",\"criminaliza\u00e7\u00e3o da pobreza\",\"F\u00f3rum de Manguinhos\",\"guerra \u00e0s drogas\",\"Haiti\",\"Instituto Papo Reto\",\"Julho Negro\",\"juventude\",\"M\u00e3es de Manguinhos\",\"mobiliza\u00e7\u00e3o\",\"MST\",\"Museu da Mar\u00e9\",\"Palestina\",\"pris\u00f5es\",\"ra\u00e7a\",\"Ra\u00edzes em Movimento\",\"Rede Contra Viol\u00eancia\",\"resist\u00eancia\",\"solidariedade\",\"viol\u00eancia\",\"viol\u00eancia de Estado\",\"viol\u00eancia policial\"],\"articleSection\":[\"*Destaque\",\"Den\u00fancias\",\"Escrito por Aliados\",\"Formas de Apoiar\",\"Sociedade Civil\",\"Solu\u00e7\u00f5es\"],\"inLanguage\":\"pt-BR\"},{\"@type\":\"WebPage\",\"@id\":\"https:\/\/rioonwatch.org.br\/?p=34278\",\"url\":\"https:\/\/rioonwatch.org.br\/?p=34278\",\"name\":\"Organizadores do 'Julho Negro' Unem-se Contra Racismo e Militariza\u00e7\u00e3o ao Redor do Mundo - RioOnWatch\",\"isPartOf\":{\"@id\":\"https:\/\/rioonwatch.org.br\/#website\"},\"primaryImageOfPage\":{\"@id\":\"https:\/\/rioonwatch.org.br\/?p=34278#primaryimage\"},\"image\":{\"@id\":\"https:\/\/rioonwatch.org.br\/?p=34278#primaryimage\"},\"thumbnailUrl\":\"https:\/\/rioonwatch.org.br\/wp-content\/uploads\/2018\/06\/iii-julho-negro-1.jpg\",\"datePublished\":\"2018-06-28T11:35:26+00:00\",\"dateModified\":\"2024-05-24T15:37:54+00:00\",\"breadcrumb\":{\"@id\":\"https:\/\/rioonwatch.org.br\/?p=34278#breadcrumb\"},\"inLanguage\":\"pt-BR\",\"potentialAction\":[{\"@type\":\"ReadAction\",\"target\":[\"https:\/\/rioonwatch.org.br\/?p=34278\"]}]},{\"@type\":\"ImageObject\",\"inLanguage\":\"pt-BR\",\"@id\":\"https:\/\/rioonwatch.org.br\/?p=34278#primaryimage\",\"url\":\"https:\/\/rioonwatch.org.br\/wp-content\/uploads\/2018\/06\/iii-julho-negro-1.jpg\",\"contentUrl\":\"https:\/\/rioonwatch.org.br\/wp-content\/uploads\/2018\/06\/iii-julho-negro-1.jpg\",\"width\":1004,\"height\":526},{\"@type\":\"BreadcrumbList\",\"@id\":\"https:\/\/rioonwatch.org.br\/?p=34278#breadcrumb\",\"itemListElement\":[{\"@type\":\"ListItem\",\"position\":1,\"name\":\"In\u00edcio\",\"item\":\"https:\/\/rioonwatch.org.br\/\"},{\"@type\":\"ListItem\",\"position\":2,\"name\":\"Organizadores do &#8216;Julho Negro&#8217; Unem-se Contra Racismo e Militariza\u00e7\u00e3o ao Redor do Mundo\"}]},{\"@type\":\"WebSite\",\"@id\":\"https:\/\/rioonwatch.org.br\/#website\",\"url\":\"https:\/\/rioonwatch.org.br\/\",\"name\":\"RioOnWatch\",\"description\":\"relatos das favelas cariocas\",\"publisher\":{\"@id\":\"https:\/\/rioonwatch.org.br\/#organization\"},\"potentialAction\":[{\"@type\":\"SearchAction\",\"target\":{\"@type\":\"EntryPoint\",\"urlTemplate\":\"https:\/\/rioonwatch.org.br\/?s={search_term_string}\"},\"query-input\":{\"@type\":\"PropertyValueSpecification\",\"valueRequired\":true,\"valueName\":\"search_term_string\"}}],\"inLanguage\":\"pt-BR\"},{\"@type\":\"Organization\",\"@id\":\"https:\/\/rioonwatch.org.br\/#organization\",\"name\":\"RioOnWatch\",\"url\":\"https:\/\/rioonwatch.org.br\/\",\"logo\":{\"@type\":\"ImageObject\",\"inLanguage\":\"pt-BR\",\"@id\":\"https:\/\/rioonwatch.org.br\/#\/schema\/logo\/image\/\",\"url\":\"https:\/\/rioonwatch.org.br\/wp-content\/uploads\/2021\/06\/RioOnWatchcabecalhoPT11anos-2.png\",\"contentUrl\":\"https:\/\/rioonwatch.org.br\/wp-content\/uploads\/2021\/06\/RioOnWatchcabecalhoPT11anos-2.png\",\"width\":779,\"height\":277,\"caption\":\"RioOnWatch\"},\"image\":{\"@id\":\"https:\/\/rioonwatch.org.br\/#\/schema\/logo\/image\/\"}},{\"@type\":\"Person\",\"@id\":\"https:\/\/rioonwatch.org.br\/#\/schema\/person\/11d64c290506f9df50c71b850c473f68\",\"name\":\"Admin\",\"image\":{\"@type\":\"ImageObject\",\"inLanguage\":\"pt-BR\",\"@id\":\"https:\/\/rioonwatch.org.br\/#\/schema\/person\/image\/\",\"url\":\"https:\/\/secure.gravatar.com\/avatar\/56211ac74568383903349a1485e3c325?s=96&d=blank&r=g\",\"contentUrl\":\"https:\/\/secure.gravatar.com\/avatar\/56211ac74568383903349a1485e3c325?s=96&d=blank&r=g\",\"caption\":\"Admin\"},\"url\":\"https:\/\/rioonwatch.org.br\/?author=129\"}]}<\/script>\n<!-- \/ Yoast SEO plugin. -->","yoast_head_json":{"title":"Organizadores do 'Julho Negro' Unem-se Contra Racismo e Militariza\u00e7\u00e3o ao Redor do Mundo - RioOnWatch","robots":{"index":"index","follow":"follow","max-snippet":"max-snippet:-1","max-image-preview":"max-image-preview:large","max-video-preview":"max-video-preview:-1"},"canonical":"https:\/\/rioonwatch.org.br\/?p=34278","og_locale":"pt_BR","og_type":"article","og_title":"Organizadores do 'Julho Negro' Unem-se Contra Racismo e Militariza\u00e7\u00e3o ao Redor do Mundo - RioOnWatch","og_description":"Click Here for English S\u00e3o 3 horas da tarde de um s\u00e1bado encoberto e, conforme mais pessoas adentram o Instituto Ra\u00edzes em Movimento no Complexo do Alem\u00e3o, o que no in\u00edcio parecia ser apenas uma [...]","og_url":"https:\/\/rioonwatch.org.br\/?p=34278","og_site_name":"RioOnWatch","article_published_time":"2018-06-28T11:35:26+00:00","article_modified_time":"2024-05-24T15:37:54+00:00","og_image":[{"width":1004,"height":526,"url":"https:\/\/rioonwatch.org.br\/wp-content\/uploads\/2018\/06\/iii-julho-negro-1.jpg","type":"image\/jpeg"}],"author":"Admin","twitter_card":"summary_large_image","twitter_misc":{"Escrito por":"Admin","Est. tempo de leitura":"6 minutos"},"schema":{"@context":"https:\/\/schema.org","@graph":[{"@type":"Article","@id":"https:\/\/rioonwatch.org.br\/?p=34278#article","isPartOf":{"@id":"https:\/\/rioonwatch.org.br\/?p=34278"},"author":{"name":"Admin","@id":"https:\/\/rioonwatch.org.br\/#\/schema\/person\/11d64c290506f9df50c71b850c473f68"},"headline":"Organizadores do &#8216;Julho Negro&#8217; Unem-se Contra Racismo e Militariza\u00e7\u00e3o ao Redor do Mundo","datePublished":"2018-06-28T11:35:26+00:00","dateModified":"2024-05-24T15:37:54+00:00","mainEntityOfPage":{"@id":"https:\/\/rioonwatch.org.br\/?p=34278"},"wordCount":1170,"publisher":{"@id":"https:\/\/rioonwatch.org.br\/#organization"},"image":{"@id":"https:\/\/rioonwatch.org.br\/?p=34278#primaryimage"},"thumbnailUrl":"https:\/\/rioonwatch.org.br\/wp-content\/uploads\/2018\/06\/iii-julho-negro-1.jpg","keywords":["Am\u00e9rica Latina","Antirracismo","Black Lives Matter","Candombl\u00e9","compara\u00e7\u00e3o internacional","Complexo do Alem\u00e3o","criminaliza\u00e7\u00e3o da pobreza","F\u00f3rum de Manguinhos","guerra \u00e0s drogas","Haiti","Instituto Papo Reto","Julho Negro","juventude","M\u00e3es de Manguinhos","mobiliza\u00e7\u00e3o","MST","Museu da Mar\u00e9","Palestina","pris\u00f5es","ra\u00e7a","Ra\u00edzes em Movimento","Rede Contra Viol\u00eancia","resist\u00eancia","solidariedade","viol\u00eancia","viol\u00eancia de Estado","viol\u00eancia policial"],"articleSection":["*Destaque","Den\u00fancias","Escrito por Aliados","Formas de Apoiar","Sociedade Civil","Solu\u00e7\u00f5es"],"inLanguage":"pt-BR"},{"@type":"WebPage","@id":"https:\/\/rioonwatch.org.br\/?p=34278","url":"https:\/\/rioonwatch.org.br\/?p=34278","name":"Organizadores do 'Julho Negro' Unem-se Contra Racismo e Militariza\u00e7\u00e3o ao Redor do Mundo - RioOnWatch","isPartOf":{"@id":"https:\/\/rioonwatch.org.br\/#website"},"primaryImageOfPage":{"@id":"https:\/\/rioonwatch.org.br\/?p=34278#primaryimage"},"image":{"@id":"https:\/\/rioonwatch.org.br\/?p=34278#primaryimage"},"thumbnailUrl":"https:\/\/rioonwatch.org.br\/wp-content\/uploads\/2018\/06\/iii-julho-negro-1.jpg","datePublished":"2018-06-28T11:35:26+00:00","dateModified":"2024-05-24T15:37:54+00:00","breadcrumb":{"@id":"https:\/\/rioonwatch.org.br\/?p=34278#breadcrumb"},"inLanguage":"pt-BR","potentialAction":[{"@type":"ReadAction","target":["https:\/\/rioonwatch.org.br\/?p=34278"]}]},{"@type":"ImageObject","inLanguage":"pt-BR","@id":"https:\/\/rioonwatch.org.br\/?p=34278#primaryimage","url":"https:\/\/rioonwatch.org.br\/wp-content\/uploads\/2018\/06\/iii-julho-negro-1.jpg","contentUrl":"https:\/\/rioonwatch.org.br\/wp-content\/uploads\/2018\/06\/iii-julho-negro-1.jpg","width":1004,"height":526},{"@type":"BreadcrumbList","@id":"https:\/\/rioonwatch.org.br\/?p=34278#breadcrumb","itemListElement":[{"@type":"ListItem","position":1,"name":"In\u00edcio","item":"https:\/\/rioonwatch.org.br\/"},{"@type":"ListItem","position":2,"name":"Organizadores do &#8216;Julho Negro&#8217; Unem-se Contra Racismo e Militariza\u00e7\u00e3o ao Redor do Mundo"}]},{"@type":"WebSite","@id":"https:\/\/rioonwatch.org.br\/#website","url":"https:\/\/rioonwatch.org.br\/","name":"RioOnWatch","description":"relatos das favelas cariocas","publisher":{"@id":"https:\/\/rioonwatch.org.br\/#organization"},"potentialAction":[{"@type":"SearchAction","target":{"@type":"EntryPoint","urlTemplate":"https:\/\/rioonwatch.org.br\/?s={search_term_string}"},"query-input":{"@type":"PropertyValueSpecification","valueRequired":true,"valueName":"search_term_string"}}],"inLanguage":"pt-BR"},{"@type":"Organization","@id":"https:\/\/rioonwatch.org.br\/#organization","name":"RioOnWatch","url":"https:\/\/rioonwatch.org.br\/","logo":{"@type":"ImageObject","inLanguage":"pt-BR","@id":"https:\/\/rioonwatch.org.br\/#\/schema\/logo\/image\/","url":"https:\/\/rioonwatch.org.br\/wp-content\/uploads\/2021\/06\/RioOnWatchcabecalhoPT11anos-2.png","contentUrl":"https:\/\/rioonwatch.org.br\/wp-content\/uploads\/2021\/06\/RioOnWatchcabecalhoPT11anos-2.png","width":779,"height":277,"caption":"RioOnWatch"},"image":{"@id":"https:\/\/rioonwatch.org.br\/#\/schema\/logo\/image\/"}},{"@type":"Person","@id":"https:\/\/rioonwatch.org.br\/#\/schema\/person\/11d64c290506f9df50c71b850c473f68","name":"Admin","image":{"@type":"ImageObject","inLanguage":"pt-BR","@id":"https:\/\/rioonwatch.org.br\/#\/schema\/person\/image\/","url":"https:\/\/secure.gravatar.com\/avatar\/56211ac74568383903349a1485e3c325?s=96&d=blank&r=g","contentUrl":"https:\/\/secure.gravatar.com\/avatar\/56211ac74568383903349a1485e3c325?s=96&d=blank&r=g","caption":"Admin"},"url":"https:\/\/rioonwatch.org.br\/?author=129"}]}},"_links":{"self":[{"href":"https:\/\/rioonwatch.org.br\/index.php?rest_route=\/wp\/v2\/posts\/34278"}],"collection":[{"href":"https:\/\/rioonwatch.org.br\/index.php?rest_route=\/wp\/v2\/posts"}],"about":[{"href":"https:\/\/rioonwatch.org.br\/index.php?rest_route=\/wp\/v2\/types\/post"}],"author":[{"embeddable":true,"href":"https:\/\/rioonwatch.org.br\/index.php?rest_route=\/wp\/v2\/users\/129"}],"replies":[{"embeddable":true,"href":"https:\/\/rioonwatch.org.br\/index.php?rest_route=%2Fwp%2Fv2%2Fcomments&post=34278"}],"version-history":[{"count":23,"href":"https:\/\/rioonwatch.org.br\/index.php?rest_route=\/wp\/v2\/posts\/34278\/revisions"}],"predecessor-version":[{"id":34390,"href":"https:\/\/rioonwatch.org.br\/index.php?rest_route=\/wp\/v2\/posts\/34278\/revisions\/34390"}],"wp:featuredmedia":[{"embeddable":true,"href":"https:\/\/rioonwatch.org.br\/index.php?rest_route=\/wp\/v2\/media\/34338"}],"wp:attachment":[{"href":"https:\/\/rioonwatch.org.br\/index.php?rest_route=%2Fwp%2Fv2%2Fmedia&parent=34278"}],"wp:term":[{"taxonomy":"category","embeddable":true,"href":"https:\/\/rioonwatch.org.br\/index.php?rest_route=%2Fwp%2Fv2%2Fcategories&post=34278"},{"taxonomy":"post_tag","embeddable":true,"href":"https:\/\/rioonwatch.org.br\/index.php?rest_route=%2Fwp%2Fv2%2Ftags&post=34278"},{"taxonomy":"writer","embeddable":true,"href":"https:\/\/rioonwatch.org.br\/index.php?rest_route=%2Fwp%2Fv2%2Fwriter&post=34278"},{"taxonomy":"translator","embeddable":true,"href":"https:\/\/rioonwatch.org.br\/index.php?rest_route=%2Fwp%2Fv2%2Ftranslator&post=34278"},{"taxonomy":"source","embeddable":true,"href":"https:\/\/rioonwatch.org.br\/index.php?rest_route=%2Fwp%2Fv2%2Fsource&post=34278"},{"taxonomy":"ilustrador","embeddable":true,"href":"https:\/\/rioonwatch.org.br\/index.php?rest_route=%2Fwp%2Fv2%2Filustrador&post=34278"},{"taxonomy":"fotografo","embeddable":true,"href":"https:\/\/rioonwatch.org.br\/index.php?rest_route=%2Fwp%2Fv2%2Ffotografo&post=34278"}],"curies":[{"name":"wp","href":"https:\/\/api.w.org\/{rel}","templated":true}]}}