{"id":34361,"date":"2018-07-04T11:12:42","date_gmt":"2018-07-04T14:12:42","guid":{"rendered":"http:\/\/rioonwatch.org.br\/?p=34361"},"modified":"2018-07-21T11:21:43","modified_gmt":"2018-07-21T14:21:43","slug":"o-voto-mais-barato-do-mercado-conversa-com-andre-luiz-lima-de-manguinhos-parte-2-entrevista","status":"publish","type":"post","link":"https:\/\/rioonwatch.org.br\/?p=34361","title":{"rendered":"O Voto Mais Barato do Mercado: Conversa com Andr\u00e9 Luiz Lima de Manguinhos, Parte 2 [ENTREVISTA]"},"content":{"rendered":"<p style=\"text-align: right;\"><em><strong><a href=\"http:\/\/bit.ly\/2JhrJXy\" target=\"_blank\" rel=\"noopener noreferrer\">Click Here for English<img decoding=\"async\" width=\"20\" height=\"20\" class=\"alignright wp-image-15790\" src=\"http:\/\/rioonwatch.org.br\/wp-content\/uploads\/2012\/08\/EN-standard-e1439583104716.jpg\" \/><\/a><\/strong><\/em><\/p>\n<p><em>Esta \u00e9 a segunda mat\u00e9ria de uma s\u00e9rie de duas partes, de uma entrevista produzida pela m\u00eddia comunit\u00e1ria Fala Manguinhos! sobre as elei\u00e7\u00f5es.\u00a0Leia a primeira parte\u00a0<a href=\"http:\/\/bit.ly\/2KtRJVi\" target=\"_blank\" rel=\"noopener\">aqui<\/a>.<\/em><\/p>\n<p>Diante das elei\u00e7\u00f5es que se aproximam, eu, Edilano Cavalcante, coordenador do <em><a href=\"http:\/\/bit.ly\/2hAT0f6\" target=\"_blank\" rel=\"noopener\">Fala Manguinhos!<\/a><\/em>, conversei com Andr\u00e9 Lima,\u00a0morador de <a href=\"http:\/\/bit.ly\/ZC9b6z\" target=\"_blank\" rel=\"noopener\">Manguinhos<\/a>, ativista e doutor\u00a0em hist\u00f3ria das ci\u00eancias e sa\u00fade pela <a href=\"http:\/\/bit.ly\/2vIXZML\" target=\"_blank\" rel=\"noopener\">Fiocruz<\/a> e funcion\u00e1rio da mesma institui\u00e7\u00e3o, a fim de ouvir suas contribui\u00e7\u00f5es sobre o assunto. <a href=\"http:\/\/bit.ly\/2KtRJVi\" target=\"_blank\" rel=\"noopener\">A\u00a0primeira parte da entrevista<\/a> tratou de temas mais amplos da pol\u00edtica democr\u00e1tica, incluindo as mudan\u00e7as que ocorreram no voto e seus impactos sobre o n\u00edvel de participa\u00e7\u00e3o popular efetiva no momento das elei\u00e7\u00f5es. Nessa segunda parte, Andr\u00e9 fala sobre os impactos das gest\u00f5es pol\u00edticas sobre territ\u00f3rios de favela e sobre a participa\u00e7\u00e3o pol\u00edtica de moradores e sua rela\u00e7\u00e3o com os candidatos que entram nas comunidades somente em per\u00edodo eleitoral.<\/p>\n<h3>Edilano Cavalcante:<strong>\u00a0<\/strong><strong>Nesse ano eleitoral mais uma vez os candidatos precisam disputar voto a voto. Gostaria de ouvir sua an\u00e1lise sobre esse formato de campanha, especialmente a campanha feita nas favelas. Podemos reconhecer as a\u00e7\u00f5es dos candidatos como parte leg\u00edtima do processo democr\u00e1tico?<\/strong><\/h3>\n<p>Andr\u00e9 Lima: Olha, existe um sentimento generalizado entre os cidad\u00e3os de repulsa \u00e0 pol\u00edtica e a suas velhas organiza\u00e7\u00f5es, como associa\u00e7\u00f5es e partidos. Isso n\u00e3o come\u00e7ou ontem. J\u00e1 assist\u00edamos essa descren\u00e7a em crescimento pelo menos desde os anos 1990. Acho que isso \u00e9 fruto do que falei anteriormente, da forma\u00e7\u00e3o escolar deficit\u00e1ria, de elei\u00e7\u00f5es marcadas por campanhas milion\u00e1rias cujos financiadores mandam (e n\u00e3o o eleitorado), da manuten\u00e7\u00e3o das desigualdades sociais, do nosso judici\u00e1rio abusivo e do controle das informa\u00e7\u00f5es nas m\u00e3os de poucos grupos de m\u00eddia. Com isso se dissemina a ideia de que todos os pol\u00edticos s\u00e3o iguais e nenhum presta. Dessa forma, tanto faz em quem voc\u00ea votar. &#8220;E da\u00ed se eu votar em quem est\u00e1 me dando uma cesta b\u00e1sica ou reformando minha igreja? Pelo menos terei um ganho imediato&#8221;, imagina o analfabeto pol\u00edtico.<\/p>\n<p><a href=\"http:\/\/rioonwatch.org.br\/wp-content\/uploads\/2018\/06\/Andr\u00e9-Lima-em-visita-\u00e0-sede-da-ONU-em-Brasilia-1-e1530196691952.jpg\"><img fetchpriority=\"high\" decoding=\"async\" class=\"aligncenter wp-image-34227 size-content\" src=\"http:\/\/rioonwatch.org.br\/wp-content\/uploads\/2018\/06\/Andr\u00e9-Lima-em-visita-\u00e0-sede-da-ONU-em-Brasilia-1-e1530196691952-620x264.jpg\" alt=\"\" width=\"620\" height=\"264\" srcset=\"https:\/\/rioonwatch.org.br\/wp-content\/uploads\/2018\/06\/Andr\u00e9-Lima-em-visita-\u00e0-sede-da-ONU-em-Brasilia-1-e1530196691952-620x264.jpg 620w, https:\/\/rioonwatch.org.br\/wp-content\/uploads\/2018\/06\/Andr\u00e9-Lima-em-visita-\u00e0-sede-da-ONU-em-Brasilia-1-e1530196691952-940x400.jpg 940w\" sizes=\"(max-width: 620px) 100vw, 620px\" \/><\/a><\/p>\n<p>Na favela, por exemplo, de dois em dois anos temos milhares de pessoas que ganham dinheiro para trabalhar para certas candidaturas. Esses l\u00edderes se organizam como numa pr\u00e9-temporada de futebol na qual o t\u00e9cnico tem de montar seu time. S\u00e3o presidentes de associa\u00e7\u00e3o de moradores, pastores, a galera que organiza o futebol e a festa junina, entre outros que se oferecem para ajudar um determinado candidato. Da\u00ed montam equipes de panfleteiros e colocadores de galhardetes. Organizam reuni\u00f5es em cultos ou finais de campeonatos de futebol, nas quais seus candidatos prometem compromisso com a comunidade! Esse mesmo pol\u00edtico, quando se elege, vota em sua maioria no interesse dos seus patrocinadores e n\u00e3o do povo que ali o recebera.<\/p>\n<p>Al\u00e9m disso, a religi\u00e3o tem ganho um espa\u00e7o que seria dos partidos pol\u00edticos e movimentos sociais no que diz respeito a forma\u00e7\u00e3o e organiza\u00e7\u00e3o pol\u00edtica. Acho que seria algo como eu com dor de dente me dirigir ao oftalmologista.\u00a0A descren\u00e7a \u00e9 maior na favela, pois os direitos civis, pol\u00edticos e sociais s\u00e3o constantemente violados, como que em territ\u00f3rios de exce\u00e7\u00e3o, o que torna os moradores mais vulner\u00e1veis a esse discurso pol\u00edtico-religioso. Ent\u00e3o vejo com muito receio o avan\u00e7o dos <a href=\"http:\/\/bit.ly\/2ITCYFt\" target=\"_blank\" rel=\"noopener\">neopentecostais na pol\u00edtica<\/a>. Esses ganham ades\u00e3o aos seus candidatos, com pautas nem sempre favor\u00e1veis aos trabalhadores. Um exemplo disso foi a <a href=\"http:\/\/bit.ly\/2KHBD9A\" target=\"_blank\" rel=\"noopener\">reforma trabalhista<\/a> do Temer e o <a href=\"http:\/\/bit.ly\/2IRHB2X\" target=\"_blank\" rel=\"noopener\">congelamento dos gastos<\/a> com sa\u00fade e educa\u00e7\u00e3o por vinte anos. A bancada evang\u00e9lica votou em peso junto com esse presidente ileg\u00edtimo!<\/p>\n<h3><strong>EC: Temos tamb\u00e9m um quadro complicado na pol\u00edtica nacional atual. A incerteza, o medo e a indigna\u00e7\u00e3o t\u00eam sido os principais sintomas sentidos pela popula\u00e7\u00e3o, e isso ir\u00e1 interferir diretamente na escolha de novos governantes. Como a hist\u00f3ria pode ajudar a popula\u00e7\u00e3o nessa escolha dif\u00edcil?<\/strong><\/h3>\n<p>Andr\u00e9: Olha, os tempos s\u00e3o dif\u00edceis. O impeachment da <a href=\"http:\/\/bit.ly\/1sTDJFe\" target=\"_blank\" rel=\"noopener\">Dilma<\/a> foi na minha opini\u00e3o um golpe \u00e0 democracia, visto que\u00a0<a href=\"http:\/\/bit.ly\/2nZsDRj\" target=\"_blank\" rel=\"noopener\">Michel Temer<\/a> iniciou um programa de governo que n\u00e3o foi o vencedor nas elei\u00e7\u00f5es. O plano deste senhor n\u00e3o \u00e9 apenas de cortar investimentos em sa\u00fade, educa\u00e7\u00e3o, programas sociais, ci\u00eancia e tecnologia e meio ambiente, mas aprovar leis que retiram direitos dos trabalhadores e diminuem programas importantes que combatem a pobreza. Ali\u00e1s, o Brasil em alguns meses aproximou-se perigosamente dos n\u00edveis que o colocariam <a href=\"http:\/\/bit.ly\/2n8v1U9\" target=\"_blank\" rel=\"noopener\">de volta no mapa da fome<\/a> mundial, numa clara demonstra\u00e7\u00e3o de incapacidade pol\u00edtica do atual governo em atender minimamente os mais necessitados!<\/p>\n<p>Temos ainda uma parcela do judici\u00e1rio que condena alguns \u00e0 cadeia e mant\u00e9m outros soltos. Tanto em rela\u00e7\u00e3o \u00e0s den\u00fancias de corrup\u00e7\u00e3o estampadas pela m\u00eddia, quanto na puni\u00e7\u00e3o de crimes que condenam maci\u00e7amente apenas<a href=\"http:\/\/bit.ly\/2Kv8EGJ\" target=\"_blank\" rel=\"noopener\"> jovens negros e pobres<\/a>.\u00a0E no caso do Estado do Rio, para o qual elegeremos esse ano governador e deputados estaduais, temos uma quadrilha que esvaziou os cofres p\u00fablicos. Da\u00ed temos o grupo que estava no poder se filiando a outros partidos, como se n\u00e3o tivessem responsabilidade nesse processo! \u00c9 preciso que a popula\u00e7\u00e3o esteja vigilante.<\/p>\n<p>Nesse sentido, acho que todo cidad\u00e3o tem o direito de simpatizar pelo candidato A ou B. Mas acho importante pesquisar sobre seu passado, os partidos pela qual passou, quais as bandeiras que ele defendeu, entre outras quest\u00f5es. Acho que essa pesquisa deve incluir sites e m\u00eddias que considero importantes, tais como: <em>RioOnWatch<\/em>, <em><a href=\"http:\/\/bit.ly\/2yYydLk\" target=\"_blank\" rel=\"noopener\">The Intercept Brasil<\/a><\/em>, <em><a href=\"http:\/\/bit.ly\/2MvtX7G\" target=\"_blank\" rel=\"noopener\">M\u00eddia Ninja<\/a><\/em>, <em><a href=\"http:\/\/bit.ly\/18ucK6e\" target=\"_blank\" rel=\"noopener\">Ag\u00eancia P\u00fablica<\/a><\/em>, e outros. Para a galera de favela, temos a\u00ed <a href=\"http:\/\/bit.ly\/11VbppF\" target=\"_blank\" rel=\"noopener\">uma s\u00e9rie de m\u00eddias comunit\u00e1rias<\/a>, na qual vou me limitar a citar o <em><a href=\"http:\/\/bit.ly\/2sFMSDN\" target=\"_blank\" rel=\"noopener\">Fala Manguinhos!<\/a><\/em>.<\/p>\n<p><img decoding=\"async\" class=\"aligncenter wp-image-34226 size-content\" src=\"http:\/\/rioonwatch.org.br\/wp-content\/uploads\/2018\/06\/Andr\u00e9-Lima-esquerda-junto-\u00e0-colegas-de-Fiocruz-em-ato-p\u00fablico-em-defesa-da-Democracia-e-do-SUS-1-620x264.jpg\" alt=\"\" width=\"620\" height=\"264\" srcset=\"https:\/\/rioonwatch.org.br\/wp-content\/uploads\/2018\/06\/Andr\u00e9-Lima-esquerda-junto-\u00e0-colegas-de-Fiocruz-em-ato-p\u00fablico-em-defesa-da-Democracia-e-do-SUS-1-620x264.jpg 620w, https:\/\/rioonwatch.org.br\/wp-content\/uploads\/2018\/06\/Andr\u00e9-Lima-esquerda-junto-\u00e0-colegas-de-Fiocruz-em-ato-p\u00fablico-em-defesa-da-Democracia-e-do-SUS-1-1030x438.jpg 1030w, https:\/\/rioonwatch.org.br\/wp-content\/uploads\/2018\/06\/Andr\u00e9-Lima-esquerda-junto-\u00e0-colegas-de-Fiocruz-em-ato-p\u00fablico-em-defesa-da-Democracia-e-do-SUS-1-940x400.jpg 940w\" sizes=\"(max-width: 620px) 100vw, 620px\" \/><\/p>\n<h3><strong>EC: Quais foram as mudan\u00e7as mais dr\u00e1sticas que o territ\u00f3rio de Manguinhos e as favelas como um todo sofreram por conta dos roubos dos cofres p\u00fablicos do estado do Rio? Como isso afetou o desenvolvimento social local<\/strong>?<\/h3>\n<p>Andr\u00e9: As favelas existem porque nosso modelo de desenvolvimento \u00e9 excludente! Foi a sa\u00edda para a provis\u00e3o de habita\u00e7\u00e3o de milh\u00f5es de trabalhadores diante de um Estado que os deixou \u00e0 pr\u00f3pria sorte. Especula\u00e7\u00e3o imobili\u00e1ria, estigmas, preconceitos, a\u00e7\u00f5es paternalistas e eleitoreiras pelo Estado marcam a hist\u00f3ria das favelas. Quanto \u00e0 viol\u00eancia, os favelados s\u00e3o v\u00edtimas de grupos armados e do Estado ao mesmo tempo. Execu\u00e7\u00f5es, pris\u00f5es arbitr\u00e1rias, mortes por balas perdidas se juntam a outras viol\u00eancias f\u00edsicas e simb\u00f3licas nessas localidades. Eu mesmo, h\u00e1 menos de um m\u00eas, fui avisado pela minha enteada em desespero que policiais invadiram nossa casa e jogaram a porta do meu quarto abaixo! Naquele dia soubemos de outras arbitrariedades nas casas dos vizinhos. Se nos aprofundarmos ent\u00e3o nos dados dessas viol\u00eancias, veremos, al\u00e9m do territ\u00f3rio, que os <a href=\"http:\/\/bit.ly\/2z9rm1l\" target=\"_blank\" rel=\"noopener\">jovens negros s\u00e3o as maiores v\u00edtimas<\/a> da viol\u00eancia armada de nossa sociedade.<\/p>\n<p>Politicamente, sua popula\u00e7\u00e3o \u00e9 constantemente alvo de <a href=\"http:\/\/bit.ly\/2woGqHi\" target=\"_blank\" rel=\"noopener\">a\u00e7\u00f5es eleitoreiras<\/a>, paternalistas, numa rela\u00e7\u00e3o de troca de favores.\u00a0Nos \u00faltimos anos, por conta dos megaeventos, bilh\u00f5es foram direcionados para as favelas. Entretanto, esses projetos (especialmente o <a href=\"http:\/\/bit.ly\/1muQwLu\" target=\"_blank\" rel=\"noopener\">Morar Carioca<\/a> e <a href=\"http:\/\/bit.ly\/2Lkj5cF\" target=\"_blank\" rel=\"noopener\">PAC Favelas<\/a>) ficaram marcados pela baixa participa\u00e7\u00e3o dos moradores impactados, pela aus\u00eancia de transpar\u00eancia do poder p\u00fablico em rela\u00e7\u00e3o aos projetos e gastos, e pela corrup\u00e7\u00e3o, hoje a\u00ed estampada nos jornais. Al\u00e9m disso, nos projetos em que as favelas foram contempladas, as remo\u00e7\u00f5es, infelizmente, voltaram a ser um problema.<\/p>\n<p>Apesar de sabermos que muitos l\u00edderes comunit\u00e1rios foram comprados com mesadas, reformas de casas, empregos nas obras e outros, no processo dessas obras podemos citar alguns movimentos importantes que tiveram a\u00e7\u00f5es visando ampliar o debate quanto aos projetos, reduzir as remo\u00e7\u00f5es e gerar transpar\u00eancia para a execu\u00e7\u00e3o dos mesmos. Em Manguinhos, o <a href=\"http:\/\/bit.ly\/2KMiv7r\" target=\"_blank\" rel=\"noopener\">F\u00f3rum do Movimento Social<\/a> teve um protagonismo importante desde sua funda\u00e7\u00e3o, em 2007, at\u00e9 talvez o ano de 2010, e depois de 2011 o <a href=\"http:\/\/bit.ly\/2v8rYlc\" target=\"_blank\" rel=\"noopener\">Conselho Comunit\u00e1rio de Manguinhos<\/a> e o <a href=\"http:\/\/bit.ly\/2Kz3tpm\" target=\"_blank\" rel=\"noopener\">Conselho Gestor Intersetorial<\/a> tiveram importante papel. Podemos citar a luta dos moradores do <a href=\"http:\/\/bit.ly\/U0MiGm\" target=\"_blank\" rel=\"noopener\">Alem\u00e3o<\/a>, do <a href=\"http:\/\/bit.ly\/ZKW86Q\" target=\"_blank\" rel=\"noopener\">Borel<\/a>, da <a href=\"http:\/\/bit.ly\/UBMUVJ\" target=\"_blank\" rel=\"noopener\">Provid\u00eancia<\/a>, do \u00a0<a href=\"http:\/\/bit.ly\/11x89ZX\">Pav\u00e3o-Pav\u00e3ozinho<\/a>, da <a href=\"http:\/\/bit.ly\/16w2zz1\" target=\"_blank\" rel=\"noopener\">Rocinha<\/a>, dentre tantos outros, mas com certo destaque a luta emblem\u00e1tica dos moradores da <a href=\"http:\/\/bit.ly\/Nfddvg\" target=\"_blank\" rel=\"noopener\">Vila Aut\u00f3dromo<\/a>, na <a href=\"http:\/\/bit.ly\/11tBmFR\" target=\"_blank\" rel=\"noopener\">Zona Oeste<\/a> da cidade.<\/p>\n<p><a href=\"http:\/\/rioonwatch.org.br\/wp-content\/uploads\/2018\/01\/Autodromo-eviction-620x264.jpg\"><img loading=\"lazy\" decoding=\"async\" class=\"aligncenter wp-image-30738 size-medium\" title=\"Conflito na Vila Aut\u00f3dromo diante da amea\u00e7a de remo\u00e7\u00f5es.\" src=\"http:\/\/rioonwatch.org.br\/wp-content\/uploads\/2018\/01\/Autodromo-eviction-620x264-620x264.jpg\" alt=\"\" width=\"620\" height=\"264\" \/><\/a><\/p>\n<p>Diante at\u00e9 de uma amea\u00e7a \u00e0s elei\u00e7\u00f5es, eu encerro aqui clamando \u00e0s pessoas que analisem as candidaturas! Votem em sangue novo, mas observem tamb\u00e9m a legenda do partido. N\u00e3o d\u00e1 para votar no amigo militante da favela, que \u00e9 boa pra\u00e7a, mas vem por um partido que vota tradicionalmente contra os trabalhadores.\u00a0E n\u00e3o caiam em ladainhas do tipo que <a href=\"http:\/\/bit.ly\/2Ky3Yjo\" target=\"_blank\" rel=\"noopener\">se a maioria n\u00e3o votar teremos novas elei\u00e7\u00f5es<\/a>, ou que se tivermos uma interven\u00e7\u00e3o dos militares a coisa melhora.\u00a0Quando voc\u00ea n\u00e3o vota, voc\u00ea diminui o coeficiente eleitoral e favorece os candidatos aventureiros. E com rela\u00e7\u00e3o aos militares, eles s\u00e3o necess\u00e1rios, mas n\u00e3o enquanto chefia do Poder Executivo. Tivemos algumas experi\u00eancias traum\u00e1ticas, com supress\u00e3o do direito de express\u00e3o, com morte e tortura dos opositores organizadas pelo pr\u00f3prio Estado, com corrup\u00e7\u00e3o em casos de grandes obras superfaturadas (como a Transamaz\u00f4nica, a Usina Nuclear de Angra, a Ponte Rio Niter\u00f3i).<\/p>\n<p>O papel dos movimentos sociais \u00e9 denunciar o que est\u00e1 errado e junto com os partidos progressistas apontar novos rumos, sempre incluindo as pessoas nos debates e propostas. Cabe tamb\u00e9m aos movimentos criar estrat\u00e9gias de forma\u00e7\u00e3o pol\u00edtica para os trabalhadores, agregando valor a conceitos como democracia, direitos, cidadania, direitos humanos, alteridade e justi\u00e7a social.<\/p>\n<p>Por fim, encerro com a frase de <a href=\"http:\/\/bit.ly\/2KuqLfi\" target=\"_blank\" rel=\"noopener\">Winston Churchill<\/a>, que, apesar de ter sido proclamada por um conservador, tem muito a dizer sobre o nosso tempo: &#8220;a democracia \u00e9 a pior forma de governo imagin\u00e1vel, \u00e0 exce\u00e7\u00e3o de todas as outras formas que foram experimentadas&#8221;.<\/p>\n<p><em>Mat\u00e9ria escrita por Edilano Cavalcante e produzida por parceria entre RioOnWatch e\u00a0<a href=\"http:\/\/bit.ly\/2sFMSDN\" target=\"_blank\" rel=\"noopener\">Fala Manguinhos!<\/a>. Edilano \u00e9 coordenador da ag\u00eancia de comunica\u00e7\u00e3o comunit\u00e1ria Fala Manguinhos!. Como pr\u00e1tica de comunica\u00e7\u00e3o comunit\u00e1ria produzida por e para Manguinhos, o Fala Manguinhos! tem em sua origem a defesa dos direitos humanos e ambientais, promo\u00e7\u00e3o de cidadania e sa\u00fade com a participa\u00e7\u00e3o direta dos moradores e moradoras nas decis\u00f5es que envolvem a Ag\u00eancia de Comunica\u00e7\u00e3o Comunit\u00e1ria de Manguinhos, a partir dos encontros do grupo de comunica\u00e7\u00e3o do Conselho Comunit\u00e1rio.\u00a0Siga o Fala Manguinhos pelo\u00a0<a href=\"http:\/\/bit.ly\/2tJCn2e\" target=\"_blank\" rel=\"noopener\">Facebook aqui<\/a>.<\/em><\/p>\n<!-- AddThis Advanced Settings generic via filter on the_content --><!-- AddThis Share Buttons generic via filter on the_content -->","protected":false},"excerpt":{"rendered":"<div class=\"mh-excerpt\"><p>Click Here for English Esta \u00e9 a segunda mat\u00e9ria de uma s\u00e9rie de duas partes, de uma entrevista produzida pela m\u00eddia comunit\u00e1ria Fala Manguinhos! sobre as elei\u00e7\u00f5es.\u00a0Leia a primeira parte\u00a0aqui. Diante das elei\u00e7\u00f5es que se <a class=\"mh-excerpt-more\" href=\"https:\/\/rioonwatch.org.br\/?p=34361\" title=\"O Voto Mais Barato do Mercado: Conversa com Andr\u00e9 Luiz Lima de Manguinhos, Parte 2 [ENTREVISTA]\">[&#8230;]<\/a><!-- AddThis Advanced Settings generic via filter on get_the_excerpt --><!-- AddThis Share Buttons generic via filter on get_the_excerpt --><\/p>\n<\/div>","protected":false},"author":152,"featured_media":34368,"comment_status":"closed","ping_status":"closed","sticky":false,"template":"","format":"standard","meta":{"_acf_changed":false,"_monsterinsights_skip_tracking":false,"_monsterinsights_sitenote_active":false,"_monsterinsights_sitenote_note":"","_monsterinsights_sitenote_category":0,"footnotes":""},"categories":[1618,1631,1629,1625,344,1616,1612,342],"tags":[704,217,479,474,457,480,2174,2146,636,1833,257,304,359,439,14,16,1109,305,55],"writer":[2199],"translator":[],"source":[],"ilustrador":[],"fotografo":[],"class_list":{"0":"post-34361","1":"post","2":"type-post","3":"status-publish","4":"format-standard","5":"has-post-thumbnail","7":"category-olhonaparticipacao","8":"category-entendendo-o-rio","9":"category-entrevistas-e-perfis","10":"category-por-correspondentes-comunitarios","11":"category-politicas","12":"category-qualidades-da-favela","13":"category-sociedade-civil","14":"category-solucoes","15":"tag-borel","16":"tag-complexo-do-alemao","17":"tag-democracia","18":"tag-democracia-participativa","19":"tag-eleicoes","20":"tag-eleitoreiro","21":"tag-fala-manguinhos","22":"tag-fiocruz","23":"tag-manguinhos","24":"tag-michel-temer","25":"tag-providencia","26":"tag-participacao","27":"tag-participacao-zero","28":"tag-pavao-pavaozinho","29":"tag-remocao","30":"tag-rocinha","31":"tag-sociedade-civil","32":"tag-transparencia","33":"tag-vila-autodromo","34":"writer-edilano-cavalcante"},"acf":[],"yoast_head":"<!-- This site is optimized with the Yoast SEO plugin v25.6 - https:\/\/yoast.com\/wordpress\/plugins\/seo\/ -->\n<title>O Voto Mais Barato do Mercado: Conversa com Andr\u00e9 Luiz Lima de Manguinhos, Parte 2 [ENTREVISTA] - RioOnWatch<\/title>\n<meta name=\"robots\" content=\"index, follow, max-snippet:-1, max-image-preview:large, max-video-preview:-1\" \/>\n<link rel=\"canonical\" href=\"https:\/\/rioonwatch.org.br\/?p=34361\" \/>\n<meta property=\"og:locale\" content=\"pt_BR\" \/>\n<meta property=\"og:type\" content=\"article\" \/>\n<meta property=\"og:title\" content=\"O Voto Mais Barato do Mercado: Conversa com Andr\u00e9 Luiz Lima de Manguinhos, Parte 2 [ENTREVISTA] - RioOnWatch\" \/>\n<meta property=\"og:description\" content=\"Click Here for English Esta \u00e9 a segunda mat\u00e9ria de uma s\u00e9rie de duas partes, de uma entrevista produzida pela m\u00eddia comunit\u00e1ria Fala Manguinhos! sobre as elei\u00e7\u00f5es.\u00a0Leia a primeira parte\u00a0aqui. Diante das elei\u00e7\u00f5es que se [...]\" \/>\n<meta property=\"og:url\" content=\"https:\/\/rioonwatch.org.br\/?p=34361\" \/>\n<meta property=\"og:site_name\" content=\"RioOnWatch\" \/>\n<meta property=\"article:published_time\" content=\"2018-07-04T14:12:42+00:00\" \/>\n<meta property=\"article:modified_time\" content=\"2018-07-21T14:21:43+00:00\" \/>\n<meta property=\"og:image\" content=\"https:\/\/rioonwatch.org.br\/wp-content\/uploads\/2018\/06\/pez\u00e3o-santo-amaro.png\" \/>\n\t<meta property=\"og:image:width\" content=\"748\" \/>\n\t<meta property=\"og:image:height\" content=\"501\" \/>\n\t<meta property=\"og:image:type\" content=\"image\/png\" \/>\n<meta name=\"author\" content=\"Luisa Fenizola\" \/>\n<meta name=\"twitter:card\" content=\"summary_large_image\" \/>\n<meta name=\"twitter:label1\" content=\"Escrito por\" \/>\n\t<meta name=\"twitter:data1\" content=\"Luisa Fenizola\" \/>\n\t<meta name=\"twitter:label2\" content=\"Est. tempo de leitura\" \/>\n\t<meta name=\"twitter:data2\" content=\"9 minutos\" \/>\n<script type=\"application\/ld+json\" class=\"yoast-schema-graph\">{\"@context\":\"https:\/\/schema.org\",\"@graph\":[{\"@type\":\"Article\",\"@id\":\"https:\/\/rioonwatch.org.br\/?p=34361#article\",\"isPartOf\":{\"@id\":\"https:\/\/rioonwatch.org.br\/?p=34361\"},\"author\":{\"name\":\"Luisa Fenizola\",\"@id\":\"https:\/\/rioonwatch.org.br\/#\/schema\/person\/f443c6b55bb6e80842280318076491c5\"},\"headline\":\"O Voto Mais Barato do Mercado: Conversa com Andr\u00e9 Luiz Lima de Manguinhos, Parte 2 [ENTREVISTA]\",\"datePublished\":\"2018-07-04T14:12:42+00:00\",\"dateModified\":\"2018-07-21T14:21:43+00:00\",\"mainEntityOfPage\":{\"@id\":\"https:\/\/rioonwatch.org.br\/?p=34361\"},\"wordCount\":1843,\"publisher\":{\"@id\":\"https:\/\/rioonwatch.org.br\/#organization\"},\"image\":{\"@id\":\"https:\/\/rioonwatch.org.br\/?p=34361#primaryimage\"},\"thumbnailUrl\":\"https:\/\/rioonwatch.org.br\/wp-content\/uploads\/2018\/06\/pez\u00e3o-santo-amaro.png\",\"keywords\":[\"Borel\",\"Complexo do Alem\u00e3o\",\"Democracia\",\"democracia participativa\",\"Elei\u00e7\u00f5es\",\"eleitoralismo\",\"Fala Manguinhos\",\"Fiocruz\",\"Manguinhos\",\"Michel Temer\",\"Morro da Provid\u00eancia\",\"participa\u00e7\u00e3o\",\"participa\u00e7\u00e3o zero\",\"Pav\u00e3o-Pav\u00e3ozinho\",\"Remo\u00e7\u00e3o\",\"Rocinha\",\"sociedade civil\",\"transpar\u00eancia\",\"Vila Aut\u00f3dromo\"],\"articleSection\":[\"#OlhoNaParticipa\u00e7\u00e3o\",\"Entendendo o Rio\",\"Entrevistas e Perfis\",\"Escrito por Comunicadores Populares\",\"Pol\u00edticas\",\"Qualidades da Favela\",\"Sociedade Civil\",\"Solu\u00e7\u00f5es\"],\"inLanguage\":\"pt-BR\"},{\"@type\":\"WebPage\",\"@id\":\"https:\/\/rioonwatch.org.br\/?p=34361\",\"url\":\"https:\/\/rioonwatch.org.br\/?p=34361\",\"name\":\"O Voto Mais Barato do Mercado: Conversa com Andr\u00e9 Luiz Lima de Manguinhos, Parte 2 [ENTREVISTA] - RioOnWatch\",\"isPartOf\":{\"@id\":\"https:\/\/rioonwatch.org.br\/#website\"},\"primaryImageOfPage\":{\"@id\":\"https:\/\/rioonwatch.org.br\/?p=34361#primaryimage\"},\"image\":{\"@id\":\"https:\/\/rioonwatch.org.br\/?p=34361#primaryimage\"},\"thumbnailUrl\":\"https:\/\/rioonwatch.org.br\/wp-content\/uploads\/2018\/06\/pez\u00e3o-santo-amaro.png\",\"datePublished\":\"2018-07-04T14:12:42+00:00\",\"dateModified\":\"2018-07-21T14:21:43+00:00\",\"breadcrumb\":{\"@id\":\"https:\/\/rioonwatch.org.br\/?p=34361#breadcrumb\"},\"inLanguage\":\"pt-BR\",\"potentialAction\":[{\"@type\":\"ReadAction\",\"target\":[\"https:\/\/rioonwatch.org.br\/?p=34361\"]}]},{\"@type\":\"ImageObject\",\"inLanguage\":\"pt-BR\",\"@id\":\"https:\/\/rioonwatch.org.br\/?p=34361#primaryimage\",\"url\":\"https:\/\/rioonwatch.org.br\/wp-content\/uploads\/2018\/06\/pez\u00e3o-santo-amaro.png\",\"contentUrl\":\"https:\/\/rioonwatch.org.br\/wp-content\/uploads\/2018\/06\/pez\u00e3o-santo-amaro.png\",\"width\":748,\"height\":501,\"caption\":\"Pez\u00e3o visita comunidade de Santo Amaro quando candidato ao governo do Rio em 2014. Foto: Marcio Cassol.\"},{\"@type\":\"BreadcrumbList\",\"@id\":\"https:\/\/rioonwatch.org.br\/?p=34361#breadcrumb\",\"itemListElement\":[{\"@type\":\"ListItem\",\"position\":1,\"name\":\"In\u00edcio\",\"item\":\"https:\/\/rioonwatch.org.br\/\"},{\"@type\":\"ListItem\",\"position\":2,\"name\":\"O Voto Mais Barato do Mercado: Conversa com Andr\u00e9 Luiz Lima de Manguinhos, Parte 2 [ENTREVISTA]\"}]},{\"@type\":\"WebSite\",\"@id\":\"https:\/\/rioonwatch.org.br\/#website\",\"url\":\"https:\/\/rioonwatch.org.br\/\",\"name\":\"RioOnWatch\",\"description\":\"relatos das favelas cariocas\",\"publisher\":{\"@id\":\"https:\/\/rioonwatch.org.br\/#organization\"},\"potentialAction\":[{\"@type\":\"SearchAction\",\"target\":{\"@type\":\"EntryPoint\",\"urlTemplate\":\"https:\/\/rioonwatch.org.br\/?s={search_term_string}\"},\"query-input\":{\"@type\":\"PropertyValueSpecification\",\"valueRequired\":true,\"valueName\":\"search_term_string\"}}],\"inLanguage\":\"pt-BR\"},{\"@type\":\"Organization\",\"@id\":\"https:\/\/rioonwatch.org.br\/#organization\",\"name\":\"RioOnWatch\",\"url\":\"https:\/\/rioonwatch.org.br\/\",\"logo\":{\"@type\":\"ImageObject\",\"inLanguage\":\"pt-BR\",\"@id\":\"https:\/\/rioonwatch.org.br\/#\/schema\/logo\/image\/\",\"url\":\"https:\/\/rioonwatch.org.br\/wp-content\/uploads\/2021\/06\/RioOnWatchcabecalhoPT11anos-2.png\",\"contentUrl\":\"https:\/\/rioonwatch.org.br\/wp-content\/uploads\/2021\/06\/RioOnWatchcabecalhoPT11anos-2.png\",\"width\":779,\"height\":277,\"caption\":\"RioOnWatch\"},\"image\":{\"@id\":\"https:\/\/rioonwatch.org.br\/#\/schema\/logo\/image\/\"}},{\"@type\":\"Person\",\"@id\":\"https:\/\/rioonwatch.org.br\/#\/schema\/person\/f443c6b55bb6e80842280318076491c5\",\"name\":\"Luisa Fenizola\",\"image\":{\"@type\":\"ImageObject\",\"inLanguage\":\"pt-BR\",\"@id\":\"https:\/\/rioonwatch.org.br\/#\/schema\/person\/image\/\",\"url\":\"https:\/\/secure.gravatar.com\/avatar\/a3d551110162b9f876cbbdaaecf75663?s=96&d=blank&r=g\",\"contentUrl\":\"https:\/\/secure.gravatar.com\/avatar\/a3d551110162b9f876cbbdaaecf75663?s=96&d=blank&r=g\",\"caption\":\"Luisa Fenizola\"},\"url\":\"https:\/\/rioonwatch.org.br\/?author=152\"}]}<\/script>\n<!-- \/ Yoast SEO plugin. -->","yoast_head_json":{"title":"O Voto Mais Barato do Mercado: Conversa com Andr\u00e9 Luiz Lima de Manguinhos, Parte 2 [ENTREVISTA] - RioOnWatch","robots":{"index":"index","follow":"follow","max-snippet":"max-snippet:-1","max-image-preview":"max-image-preview:large","max-video-preview":"max-video-preview:-1"},"canonical":"https:\/\/rioonwatch.org.br\/?p=34361","og_locale":"pt_BR","og_type":"article","og_title":"O Voto Mais Barato do Mercado: Conversa com Andr\u00e9 Luiz Lima de Manguinhos, Parte 2 [ENTREVISTA] - RioOnWatch","og_description":"Click Here for English Esta \u00e9 a segunda mat\u00e9ria de uma s\u00e9rie de duas partes, de uma entrevista produzida pela m\u00eddia comunit\u00e1ria Fala Manguinhos! sobre as elei\u00e7\u00f5es.\u00a0Leia a primeira parte\u00a0aqui. Diante das elei\u00e7\u00f5es que se [...]","og_url":"https:\/\/rioonwatch.org.br\/?p=34361","og_site_name":"RioOnWatch","article_published_time":"2018-07-04T14:12:42+00:00","article_modified_time":"2018-07-21T14:21:43+00:00","og_image":[{"width":748,"height":501,"url":"https:\/\/rioonwatch.org.br\/wp-content\/uploads\/2018\/06\/pez\u00e3o-santo-amaro.png","type":"image\/png"}],"author":"Luisa Fenizola","twitter_card":"summary_large_image","twitter_misc":{"Escrito por":"Luisa Fenizola","Est. tempo de leitura":"9 minutos"},"schema":{"@context":"https:\/\/schema.org","@graph":[{"@type":"Article","@id":"https:\/\/rioonwatch.org.br\/?p=34361#article","isPartOf":{"@id":"https:\/\/rioonwatch.org.br\/?p=34361"},"author":{"name":"Luisa Fenizola","@id":"https:\/\/rioonwatch.org.br\/#\/schema\/person\/f443c6b55bb6e80842280318076491c5"},"headline":"O Voto Mais Barato do Mercado: Conversa com Andr\u00e9 Luiz Lima de Manguinhos, Parte 2 [ENTREVISTA]","datePublished":"2018-07-04T14:12:42+00:00","dateModified":"2018-07-21T14:21:43+00:00","mainEntityOfPage":{"@id":"https:\/\/rioonwatch.org.br\/?p=34361"},"wordCount":1843,"publisher":{"@id":"https:\/\/rioonwatch.org.br\/#organization"},"image":{"@id":"https:\/\/rioonwatch.org.br\/?p=34361#primaryimage"},"thumbnailUrl":"https:\/\/rioonwatch.org.br\/wp-content\/uploads\/2018\/06\/pez\u00e3o-santo-amaro.png","keywords":["Borel","Complexo do Alem\u00e3o","Democracia","democracia participativa","Elei\u00e7\u00f5es","eleitoralismo","Fala Manguinhos","Fiocruz","Manguinhos","Michel Temer","Morro da Provid\u00eancia","participa\u00e7\u00e3o","participa\u00e7\u00e3o zero","Pav\u00e3o-Pav\u00e3ozinho","Remo\u00e7\u00e3o","Rocinha","sociedade civil","transpar\u00eancia","Vila Aut\u00f3dromo"],"articleSection":["#OlhoNaParticipa\u00e7\u00e3o","Entendendo o Rio","Entrevistas e Perfis","Escrito por Comunicadores Populares","Pol\u00edticas","Qualidades da Favela","Sociedade Civil","Solu\u00e7\u00f5es"],"inLanguage":"pt-BR"},{"@type":"WebPage","@id":"https:\/\/rioonwatch.org.br\/?p=34361","url":"https:\/\/rioonwatch.org.br\/?p=34361","name":"O Voto Mais Barato do Mercado: Conversa com Andr\u00e9 Luiz Lima de Manguinhos, Parte 2 [ENTREVISTA] - RioOnWatch","isPartOf":{"@id":"https:\/\/rioonwatch.org.br\/#website"},"primaryImageOfPage":{"@id":"https:\/\/rioonwatch.org.br\/?p=34361#primaryimage"},"image":{"@id":"https:\/\/rioonwatch.org.br\/?p=34361#primaryimage"},"thumbnailUrl":"https:\/\/rioonwatch.org.br\/wp-content\/uploads\/2018\/06\/pez\u00e3o-santo-amaro.png","datePublished":"2018-07-04T14:12:42+00:00","dateModified":"2018-07-21T14:21:43+00:00","breadcrumb":{"@id":"https:\/\/rioonwatch.org.br\/?p=34361#breadcrumb"},"inLanguage":"pt-BR","potentialAction":[{"@type":"ReadAction","target":["https:\/\/rioonwatch.org.br\/?p=34361"]}]},{"@type":"ImageObject","inLanguage":"pt-BR","@id":"https:\/\/rioonwatch.org.br\/?p=34361#primaryimage","url":"https:\/\/rioonwatch.org.br\/wp-content\/uploads\/2018\/06\/pez\u00e3o-santo-amaro.png","contentUrl":"https:\/\/rioonwatch.org.br\/wp-content\/uploads\/2018\/06\/pez\u00e3o-santo-amaro.png","width":748,"height":501,"caption":"Pez\u00e3o visita comunidade de Santo Amaro quando candidato ao governo do Rio em 2014. Foto: Marcio Cassol."},{"@type":"BreadcrumbList","@id":"https:\/\/rioonwatch.org.br\/?p=34361#breadcrumb","itemListElement":[{"@type":"ListItem","position":1,"name":"In\u00edcio","item":"https:\/\/rioonwatch.org.br\/"},{"@type":"ListItem","position":2,"name":"O Voto Mais Barato do Mercado: Conversa com Andr\u00e9 Luiz Lima de Manguinhos, Parte 2 [ENTREVISTA]"}]},{"@type":"WebSite","@id":"https:\/\/rioonwatch.org.br\/#website","url":"https:\/\/rioonwatch.org.br\/","name":"RioOnWatch","description":"relatos das favelas cariocas","publisher":{"@id":"https:\/\/rioonwatch.org.br\/#organization"},"potentialAction":[{"@type":"SearchAction","target":{"@type":"EntryPoint","urlTemplate":"https:\/\/rioonwatch.org.br\/?s={search_term_string}"},"query-input":{"@type":"PropertyValueSpecification","valueRequired":true,"valueName":"search_term_string"}}],"inLanguage":"pt-BR"},{"@type":"Organization","@id":"https:\/\/rioonwatch.org.br\/#organization","name":"RioOnWatch","url":"https:\/\/rioonwatch.org.br\/","logo":{"@type":"ImageObject","inLanguage":"pt-BR","@id":"https:\/\/rioonwatch.org.br\/#\/schema\/logo\/image\/","url":"https:\/\/rioonwatch.org.br\/wp-content\/uploads\/2021\/06\/RioOnWatchcabecalhoPT11anos-2.png","contentUrl":"https:\/\/rioonwatch.org.br\/wp-content\/uploads\/2021\/06\/RioOnWatchcabecalhoPT11anos-2.png","width":779,"height":277,"caption":"RioOnWatch"},"image":{"@id":"https:\/\/rioonwatch.org.br\/#\/schema\/logo\/image\/"}},{"@type":"Person","@id":"https:\/\/rioonwatch.org.br\/#\/schema\/person\/f443c6b55bb6e80842280318076491c5","name":"Luisa Fenizola","image":{"@type":"ImageObject","inLanguage":"pt-BR","@id":"https:\/\/rioonwatch.org.br\/#\/schema\/person\/image\/","url":"https:\/\/secure.gravatar.com\/avatar\/a3d551110162b9f876cbbdaaecf75663?s=96&d=blank&r=g","contentUrl":"https:\/\/secure.gravatar.com\/avatar\/a3d551110162b9f876cbbdaaecf75663?s=96&d=blank&r=g","caption":"Luisa Fenizola"},"url":"https:\/\/rioonwatch.org.br\/?author=152"}]}},"_links":{"self":[{"href":"https:\/\/rioonwatch.org.br\/index.php?rest_route=\/wp\/v2\/posts\/34361"}],"collection":[{"href":"https:\/\/rioonwatch.org.br\/index.php?rest_route=\/wp\/v2\/posts"}],"about":[{"href":"https:\/\/rioonwatch.org.br\/index.php?rest_route=\/wp\/v2\/types\/post"}],"author":[{"embeddable":true,"href":"https:\/\/rioonwatch.org.br\/index.php?rest_route=\/wp\/v2\/users\/152"}],"replies":[{"embeddable":true,"href":"https:\/\/rioonwatch.org.br\/index.php?rest_route=%2Fwp%2Fv2%2Fcomments&post=34361"}],"version-history":[{"count":22,"href":"https:\/\/rioonwatch.org.br\/index.php?rest_route=\/wp\/v2\/posts\/34361\/revisions"}],"predecessor-version":[{"id":34860,"href":"https:\/\/rioonwatch.org.br\/index.php?rest_route=\/wp\/v2\/posts\/34361\/revisions\/34860"}],"wp:featuredmedia":[{"embeddable":true,"href":"https:\/\/rioonwatch.org.br\/index.php?rest_route=\/wp\/v2\/media\/34368"}],"wp:attachment":[{"href":"https:\/\/rioonwatch.org.br\/index.php?rest_route=%2Fwp%2Fv2%2Fmedia&parent=34361"}],"wp:term":[{"taxonomy":"category","embeddable":true,"href":"https:\/\/rioonwatch.org.br\/index.php?rest_route=%2Fwp%2Fv2%2Fcategories&post=34361"},{"taxonomy":"post_tag","embeddable":true,"href":"https:\/\/rioonwatch.org.br\/index.php?rest_route=%2Fwp%2Fv2%2Ftags&post=34361"},{"taxonomy":"writer","embeddable":true,"href":"https:\/\/rioonwatch.org.br\/index.php?rest_route=%2Fwp%2Fv2%2Fwriter&post=34361"},{"taxonomy":"translator","embeddable":true,"href":"https:\/\/rioonwatch.org.br\/index.php?rest_route=%2Fwp%2Fv2%2Ftranslator&post=34361"},{"taxonomy":"source","embeddable":true,"href":"https:\/\/rioonwatch.org.br\/index.php?rest_route=%2Fwp%2Fv2%2Fsource&post=34361"},{"taxonomy":"ilustrador","embeddable":true,"href":"https:\/\/rioonwatch.org.br\/index.php?rest_route=%2Fwp%2Fv2%2Filustrador&post=34361"},{"taxonomy":"fotografo","embeddable":true,"href":"https:\/\/rioonwatch.org.br\/index.php?rest_route=%2Fwp%2Fv2%2Ffotografo&post=34361"}],"curies":[{"name":"wp","href":"https:\/\/api.w.org\/{rel}","templated":true}]}}