{"id":34399,"date":"2018-07-11T09:53:43","date_gmt":"2018-07-11T12:53:43","guid":{"rendered":"http:\/\/rioonwatch.org.br\/?p=34399"},"modified":"2018-07-22T21:33:55","modified_gmt":"2018-07-23T00:33:55","slug":"o-que-esperar-da-politica-brasileira-em-2018-parte-4-dinamica-partidaria","status":"publish","type":"post","link":"https:\/\/rioonwatch.org.br\/?p=34399","title":{"rendered":"O Que Esperar da Pol\u00edtica Brasileira em 2018? Parte 4: Din\u00e2mica Partid\u00e1ria"},"content":{"rendered":"<p style=\"text-align: right;\"><em><strong><a href=\"http:\/\/bit.ly\/2uXMpPa\" target=\"_blank\" rel=\"noopener noreferrer\">Click Here for English<img decoding=\"async\" width=\"20\" height=\"20\" class=\"alignright wp-image-15790\" src=\"http:\/\/rioonwatch.org.br\/wp-content\/uploads\/2012\/08\/EN-standard-e1439583104716.jpg\" \/><\/a><\/strong><\/em><\/p>\n<p><i>Esta \u00e9 a quarta mat\u00e9ria de uma\u00a0<\/i><a href=\"http:\/\/bit.ly\/EleicoesRio2018\" target=\"_blank\" rel=\"noopener\"><i>s\u00e9rie<\/i><\/a><i>\u00a0sobre o cen\u00e1rio pol\u00edtico brasileiro para 2018.<\/i><\/p>\n<p><a href=\"http:\/\/bit.ly\/2cZ6UAh\" target=\"_blank\" rel=\"noopener\">A multiplicidade de partidos pol\u00edticos no Brasil e a sua fraca coes\u00e3o ideol\u00f3gica<\/a> fazem com que os eleitores desconhe\u00e7am os seus ideais enquanto partido, e votem quase que exclusivamente em sua identifica\u00e7\u00e3o pessoal com o candidato. Isso gera o que \u00e9 costume chamar de &#8220;<a href=\"http:\/\/bit.ly\/2oVWSWN\" target=\"_blank\" rel=\"noopener\">crise de representatividade<\/a>&#8221; entre eleitores e partidos. Essa identifica\u00e7\u00e3o pessoal, por sua vez, est\u00e1 muito mais ligada a pautas identit\u00e1rias do que de classe social, que anteriormente era considerada determinante tanto para a organiza\u00e7\u00e3o partid\u00e1ria (refletido em partidos como o <a href=\"http:\/\/bit.ly\/2MUmj7a\" target=\"_blank\" rel=\"noopener\">Partido da Causa Oper\u00e1ria<\/a> e os diversos partidos trabalhistas) quanto para a organiza\u00e7\u00e3o da sociedade civil (seja em sindicatos, seja em movimentos sociais). Hoje parece que h\u00e1 muito maior propens\u00e3o em votar em um candidato que levante uma bandeira com a qual o eleitor se identifica individualmente (seja ela a bandeira <a href=\"http:\/\/bit.ly\/2nbCgL9\" target=\"_blank\" rel=\"noopener\">LGBTQI+<\/a>, a bandeira dos <a href=\"http:\/\/bit.ly\/2DF31lb\" target=\"_blank\" rel=\"noopener\">evang\u00e9licos<\/a>, a bandeira do pequeno empreendedor) do que uma pauta com a qual ele se identifique enquanto classe social, o que parece alimentar <a href=\"http:\/\/bit.ly\/2fF2im5\" target=\"_blank\" rel=\"noopener\">polariza\u00e7\u00f5es<\/a>.<\/p>\n<p>Este cen\u00e1rio dos partidos muitas vezes confunde o eleitor.\u00a0Buscamos aqui desvendar alguns mist\u00e9rios dessa din\u00e2mica partid\u00e1ria.<\/p>\n<p><a href=\"http:\/\/rioonwatch.org.br\/wp-content\/uploads\/2018\/07\/polariza\u00e7\u00e3o-impeachment.jpg\"><img fetchpriority=\"high\" decoding=\"async\" class=\"aligncenter wp-image-34517 size-content\" title=\"Manifestantes pr\u00f3 (\u00e0 direita) e contra (\u00e0 esquerda) o impeachment ocupam a Esplanada dos Minist\u00e9rios durante o processo de vota\u00e7\u00e3o na C\u00e2mara dos Deputados. Foto: Juca Varella\/Ag\u00eancia Brasil.\" src=\"http:\/\/rioonwatch.org.br\/wp-content\/uploads\/2018\/07\/polariza\u00e7\u00e3o-impeachment-620x264.jpg\" alt=\"\" width=\"620\" height=\"264\" srcset=\"https:\/\/rioonwatch.org.br\/wp-content\/uploads\/2018\/07\/polariza\u00e7\u00e3o-impeachment-620x264.jpg 620w, https:\/\/rioonwatch.org.br\/wp-content\/uploads\/2018\/07\/polariza\u00e7\u00e3o-impeachment-940x400.jpg 940w\" sizes=\"(max-width: 620px) 100vw, 620px\" \/><\/a><\/p>\n<h3>Partidos Pol\u00edticos<\/h3>\n<p>O mist\u00e9rio come\u00e7a no uso de siglas para a identifica\u00e7\u00e3o do partido, que al\u00e9m de frequentemente parecidas, camuflam o conte\u00fado que representam e tornam-se um desafio para o cidad\u00e3o, especialmente diante do n\u00famero t\u00e3o grande de partidos.\u00a0Quantas vezes o PMDB n\u00e3o foi confundido com o PSDB, por exemplo? Isso dificilmente aconteceria em pa\u00edses onde os partidos s\u00e3o identificados pelo nome, como nos EUA (<a href=\"http:\/\/bit.ly\/2KNwhtx\" target=\"_blank\" rel=\"noopener\">Democrata<\/a> ou <a href=\"http:\/\/bit.ly\/2KR75lR\" target=\"_blank\" rel=\"noopener\">Republicano<\/a>) e Inglaterra (<a href=\"http:\/\/bit.ly\/2lYB0uz\" target=\"_blank\" rel=\"noopener\">Trabalhista<\/a>, <a href=\"http:\/\/bit.ly\/2lYBsJh\" target=\"_blank\" rel=\"noopener\">Conservador<\/a>, etc.).<\/p>\n<p>Al\u00e9m disso, capitalizando em cima da rejei\u00e7\u00e3o dos eleitores tanto \u00e0 &#8220;esquerda&#8221; quanto \u00e0 &#8220;direita&#8221; institucionais, a grande maioria dos partidos atualmente opta por se declarar como de centro, aliando termos como &#8220;social&#8221; e &#8220;liberal&#8221;, o que gera bastante confus\u00e3o. Pesquisas sugerem que no Brasil <a href=\"https:\/\/bbc.in\/2lZ0IPw\" target=\"_blank\" rel=\"noopener\">partidos mais a esquerda tendem a dar uma guinada \u00e0 direita quando chegam ao poder<\/a>, por terem que fazer concess\u00f5es e alian\u00e7as com grupos conservadores para governarem, como foi o caso, em maiores ou menores propor\u00e7\u00f5es, dos governos PSDB de Fernando Henrique e PT de Lula.<\/p>\n<p>Os partidos atuais passaram a existir oficialmente no fim da ditadura, quando iniciou-se o per\u00edodo de redemocratiza\u00e7\u00e3o. A <a href=\"http:\/\/bit.ly\/2JvN7g4\" target=\"_blank\" rel=\"noopener\">Constitui\u00e7\u00e3o de 1988<\/a> garante a sua livre cria\u00e7\u00e3o e extin\u00e7\u00e3o e o resultado \u00e9 um multipartidarismo de fato bastante m\u00faltiplo&#8211;atualmente s\u00e3o 35 partidos regulamentados. Enquanto a ideia de ter muitos partidos soa positiva no sentido de aumentar as chances de representa\u00e7\u00e3o, na pr\u00e1tica, para algu\u00e9m governar de fato ser\u00e1 obrigado a fazer pactos com outros partidos, o que levar\u00e1, obrigatoriamente, a desvios no que teria sido a sua atua\u00e7\u00e3o, sejam de valores ou de \u00e9tica.<\/p>\n<p>O que muitas vezes acontece \u00e9 o contr\u00e1rio da maior representa\u00e7\u00e3o: grupos marginalizados continuam sendo <em>mal<\/em> representados&#8211;afinal, o nosso\u00a0<a href=\"http:\/\/bit.ly\/2DICZ0i\" target=\"_blank\" rel=\"noopener\">Congresso \u00e9 formado por 80% de homens brancos<\/a>\u00a0em um pa\u00eds no qual metade da popula\u00e7\u00e3o \u00e9 de mulheres e de pretos e pardos.\u00a0<a href=\"https:\/\/bbc.in\/2lZ0IPw\" target=\"_blank\" rel=\"noopener\">E as posi\u00e7\u00f5es defendidas pelos partidos acabam sendo muito semelhantes<\/a>. <a href=\"http:\/\/bit.ly\/2u7JOSy\" target=\"_blank\" rel=\"noopener\">Uma pesquisa do Nexo<\/a> mapeou a representa\u00e7\u00e3o no <a href=\"http:\/\/bit.ly\/2m0rsio\" target=\"_blank\" rel=\"noopener\">Congresso<\/a> em diferentes pa\u00edses e o Brasil \u00e9 o que apresenta maior\u00a0fragmenta\u00e7\u00e3o\u00a0(e consequentemente a menor representa\u00e7\u00e3o dos dois partidos dominantes, n\u00famero que aparece abaixo dos diagramas, na caixa cinza).<\/p>\n<p><a href=\"http:\/\/rioonwatch.org.br\/wp-content\/uploads\/2018\/07\/pesquisa-nexo.png\"><img decoding=\"async\" class=\"aligncenter wp-image-34484 size-full\" src=\"http:\/\/rioonwatch.org.br\/wp-content\/uploads\/2018\/07\/pesquisa-nexo.png\" alt=\"\" width=\"695\" height=\"873\" srcset=\"https:\/\/rioonwatch.org.br\/wp-content\/uploads\/2018\/07\/pesquisa-nexo.png 695w, https:\/\/rioonwatch.org.br\/wp-content\/uploads\/2018\/07\/pesquisa-nexo-210x264.png 210w, https:\/\/rioonwatch.org.br\/wp-content\/uploads\/2018\/07\/pesquisa-nexo-494x620.png 494w\" sizes=\"(max-width: 695px) 100vw, 695px\" \/><\/a><\/p>\n<p>O partido oficialmente mais antigo do pa\u00eds, regulamentado na redemocratiza\u00e7\u00e3o, em 1981, \u00e9 o <a href=\"http:\/\/bit.ly\/2dw04Z5\" target=\"_blank\" rel=\"noopener\">PMDB<\/a>, que esse ano retornou \u00e0 sigla que usava na \u00e9poca em que era um partido n\u00e3o-regulamentado de oposi\u00e7\u00e3o ao governo na ditadura militar: MDB (Movimento Democr\u00e1tico Brasileiro). Trata-se de uma <a href=\"http:\/\/bit.ly\/2u6J0NF\" target=\"_blank\" rel=\"noopener\">tentativa de renova\u00e7\u00e3o diante de uma crise de sua imagem<\/a>, associada a esc\u00e2ndalos de corrup\u00e7\u00e3o e ao impopular presidente em exerc\u00edcio <a href=\"http:\/\/bit.ly\/2nZsDRj\" target=\"_blank\" rel=\"noopener\">Michel Temer<\/a>, em um inusitado retorno \u00e0 sigla sob a qual uniram-se for\u00e7as de resist\u00eancia ao regime militar, incluindo movimentos sociais e sindicais, que podem ter a inten\u00e7\u00e3o de deix\u00e1-lo mais palat\u00e1vel para a esquerda.<\/p>\n<p>J\u00e1 os partidos mais jovens datam de 2015: a <a href=\"http:\/\/bit.ly\/2uf3Zhx\" target=\"_blank\" rel=\"noopener\">Rede<\/a>, o <a href=\"http:\/\/bit.ly\/2zgT1hf\" target=\"_blank\" rel=\"noopener\">Partido da Mulher Brasileira<\/a> (PMB) e o <a href=\"http:\/\/bit.ly\/2NtKfPQ\" target=\"_blank\" rel=\"noopener\">Novo<\/a>. Todos tamb\u00e9m buscam representar alguma forma de oxigena\u00e7\u00e3o&#8211;a Rede chama-se Rede de Sustentabilidade, termo nunca antes usado em siglas partid\u00e1rias e que remete a uma pauta ambientalista, o PMB tamb\u00e9m \u00e9 o primeiro partido a fazer alus\u00e3o \u00e0s mulheres, e o Novo obviamente coloca-se como uma alternativa \u00e0 velha pol\u00edtica.\u00a0A renova\u00e7\u00e3o tamb\u00e9m passa por uma tentativa de atrair os jovens, que <a href=\"http:\/\/bit.ly\/2ISHhkx\" target=\"_blank\" rel=\"noopener\">correspondem somente a 2% dos quase 18 milh\u00f5es de filiados<\/a> a algum partido no Brasil. A narrativa de renova\u00e7\u00e3o, no entanto, cai por terra diante de fatos como de serem <a href=\"http:\/\/bit.ly\/2ISHhkx\" target=\"_blank\" rel=\"noopener\">o Novo e a Rede os partidos com menor representa\u00e7\u00e3o feminina<\/a> do pa\u00eds, enquanto o PMB, de fato, tem a maior, <a href=\"http:\/\/bit.ly\/2ISHhkx\" target=\"_blank\" rel=\"noopener\">chegando a 55%<\/a> no in\u00edcio desse ano.<\/p>\n<p><a href=\"http:\/\/rioonwatch.org.br\/wp-content\/uploads\/2018\/07\/REDE-conven\u00e7\u00e3o-e1530917948178.jpg\"><img loading=\"lazy\" decoding=\"async\" class=\"aligncenter wp-image-34514 size-content\" title=\"Conven\u00e7\u00e3o da Rede no Rio Grande do Sul. Foto: Divulga\u00e7\u00e3o Rede.\" src=\"http:\/\/rioonwatch.org.br\/wp-content\/uploads\/2018\/07\/REDE-conven\u00e7\u00e3o-e1530917948178-620x264.jpg\" alt=\"\" width=\"620\" height=\"264\" srcset=\"https:\/\/rioonwatch.org.br\/wp-content\/uploads\/2018\/07\/REDE-conven\u00e7\u00e3o-e1530917948178-620x264.jpg 620w, https:\/\/rioonwatch.org.br\/wp-content\/uploads\/2018\/07\/REDE-conven\u00e7\u00e3o-e1530917948178-618x264.jpg 618w, https:\/\/rioonwatch.org.br\/wp-content\/uploads\/2018\/07\/REDE-conven\u00e7\u00e3o-e1530917948178-768x328.jpg 768w, https:\/\/rioonwatch.org.br\/wp-content\/uploads\/2018\/07\/REDE-conven\u00e7\u00e3o-e1530917948178-940x400.jpg 940w, https:\/\/rioonwatch.org.br\/wp-content\/uploads\/2018\/07\/REDE-conven\u00e7\u00e3o-e1530917948178.jpg 955w\" sizes=\"(max-width: 620px) 100vw, 620px\" \/><\/a><\/p>\n<p>Al\u00e9m do Novo e da Rede, outros partidos tamb\u00e9m j\u00e1 haviam optado por distanciar-se do conceito de partido ao abandonar o &#8220;P&#8221; da sigla, buscando <a href=\"http:\/\/bit.ly\/2tSnUn4\" target=\"_blank\" rel=\"noopener\">contornar a rejei\u00e7\u00e3o \u00e0 pol\u00edtica partid\u00e1ria<\/a>. \u00c9 o caso do\u00a0<a href=\"http:\/\/bit.ly\/2zgR30l\" target=\"_blank\" rel=\"noopener\">Solidariedade<\/a> (SD) e do <a href=\"http:\/\/bit.ly\/2u73NAw\" target=\"_blank\" rel=\"noopener\">Patriotas<\/a> (PATRI), e dos recauchutados <a href=\"http:\/\/bit.ly\/2dyE50i\" target=\"_blank\" rel=\"noopener\">Democratas<\/a> (DEM, antigo Partido da Frente Liberal), e\u00a0<a href=\"http:\/\/bit.ly\/2lXck5v\" target=\"_blank\" rel=\"noopener\">Democracia Crist\u00e3<\/a> (DC, antigo Partido Social Democrata Crist\u00e3o). Tamb\u00e9m \u00e9 o caso\u00a0de partidos que substitu\u00edram a sigla por uma palavra de ordem, como <a href=\"http:\/\/bit.ly\/2tZcLAB\" target=\"_blank\" rel=\"noopener\">Avante<\/a> (antigo Partido Trabalhista do Brasil, PTdoB) e <a href=\"http:\/\/bit.ly\/2MU6kG3\" target=\"_blank\" rel=\"noopener\">Podemos<\/a> (antigo Partido Trabalhista Nacional, PTN), cujo nome n\u00e3o tem liga\u00e7\u00e3o nenhuma com o partido de esquerda espanhol <a href=\"http:\/\/bit.ly\/2m06ikN\" target=\"_blank\" rel=\"noopener\"><em>Podemos<\/em><\/a><em>&#8212;<\/em>que vem gerando hom\u00f4nimos na Am\u00e9rica Latina&#8211;pois vem de uma pesquisa de opini\u00e3o na qual &#8220;podemos&#8221; foi a palavra mais citada.\u00a0Apesar de alguns desses partidos, como Rede, MDB, Podemos e Solidariedade, definirem-se como movimentos, suas trajet\u00f3rias divergem da de partidos como o <em>Podemos<\/em>\u00a0da Espanha e o franc\u00eas <a href=\"http:\/\/bit.ly\/2NvxfZW\" target=\"_blank\" rel=\"noopener\"><em>Em Marcha!<\/em><\/a>, que surgem fora da pol\u00edtica institucional e s\u00f3 depois passam a integrar a estrutura partid\u00e1ria.<\/p>\n<p>A op\u00e7\u00e3o ajuda a desvincul\u00e1-los de outras siglas parecidas&#8211;como do <a href=\"http:\/\/bit.ly\/2u13XdM\" target=\"_blank\" rel=\"noopener\">Partido Trabalhista Brasileiro<\/a> (PTB), <a href=\"http:\/\/bit.ly\/2dBXAEw\" target=\"_blank\" rel=\"noopener\">Partido Democr\u00e1tico Trabalhista<\/a> (PDT),\u00a0<a title=\"Partido Trabalhista Crist\u00e3o\" href=\"https:\/\/pt.wikipedia.org\/wiki\/Partido_Trabalhista_Crist%C3%A3o\">Partido Trabalhista Crist\u00e3o<\/a>\u00a0(PTC),\u00a0<a href=\"http:\/\/bit.ly\/2J1ATHE\" target=\"_blank\" rel=\"noopener\">Partido Renovador Trabalhista Brasileiro<\/a> (PRTB), e, menos frequentemente, do <a href=\"http:\/\/bit.ly\/2cCqyHM\" target=\"_blank\" rel=\"noopener\">Partido dos Trabalhadores<\/a> (PT)&#8211;al\u00e9m de terem o potencial de afast\u00e1-los de uma crescente rejei\u00e7\u00e3o \u00e0 esquerda, simbolizada no termo &#8220;trabalhista&#8221;. A mudan\u00e7a de nome do\u00a0Avante <a href=\"http:\/\/bit.ly\/2KxJojb\" target=\"_blank\" rel=\"noopener\">foi justificada pelo ent\u00e3o presidente do partido<\/a>\u00a0como forma de &#8220;estreitar os la\u00e7os entre os cidad\u00e3os e as institui\u00e7\u00f5es pol\u00edticas&#8221; e livrar-se de um nome antigo que &#8220;n\u00e3o representava mais [seus] verdadeiros ideais&#8221;. Prova disso \u00e9 que na \u00faltima elei\u00e7\u00e3o presidencial, os dois partidos apoiaram o candidato A\u00e9cio Neves do <a href=\"http:\/\/bit.ly\/2dw1djA\" target=\"_blank\" rel=\"noopener\">PSDB<\/a>,\u00a0partido que \u00e9 social democrata no nome<span style=\"font-weight: 400;\">, mas que n\u00e3o se coliga com os outros partidos de esquerda<\/span>.\u00a0A renova\u00e7\u00e3o mira n\u00e3o s\u00f3 eleitores, mas tamb\u00e9m os pr\u00f3prios candidatos eleitos para o Congresso, que trazem consigo tempo de TV e fundos para o partido&#8211;o Podemos, por exemplo, <a href=\"http:\/\/bit.ly\/2NqAnGy\" target=\"_blank\" rel=\"noopener\">atraiu 12 novos deputados federais e 2 senadores<\/a> com a mudan\u00e7a de nome.<\/p>\n<p>Al\u00e9m dos partidos regulamentados, a um ano das elei\u00e7\u00f5es\u00a0<a href=\"http:\/\/bit.ly\/2MMksBo\" target=\"_blank\" rel=\"noopener\">havia 70 pedidos de cria\u00e7\u00e3o de partido<\/a> registrados no TSE.\u00a0Para al\u00e9m de um grande n\u00famero de legendas com pren\u00fancios conservadores, como \u00e9 o caso do Partido Social da Fam\u00edlia, do Partido Conservador e o de Reestrutura\u00e7\u00e3o da Ordem Nacional (<a href=\"http:\/\/bit.ly\/2KLHeff\" target=\"_blank\" rel=\"noopener\">uma reformula\u00e7\u00e3o do PRONA de En\u00e9as<\/a>), \u00e9 preocupante um poss\u00edvel retorno da <a href=\"http:\/\/bit.ly\/2Kym2df\" target=\"_blank\" rel=\"noopener\">Arena<\/a> (partido conservador criado durante a ditadura como o partido de situa\u00e7\u00e3o, no momento em que o pluripartidarismo foi proibido no pa\u00eds) e a tentativa de cria\u00e7\u00e3o de um Partido Militar, que celebra a ditadura (<a href=\"http:\/\/bit.ly\/2MT22ih\" target=\"_blank\" rel=\"noopener\">um dos articuladores diz<\/a> que eles querem a legenda 38, em alus\u00e3o ao calibre de uma arma, ou 64, em alus\u00e3o ao ano do golpe militar e que querem &#8220;voltar ao poder e invadir o Congresso [&#8230;] pela via democr\u00e1tica).\u00a0Al\u00e9m disso, tamb\u00e9m \u00e9 inquietante a evoca\u00e7\u00e3o de causas particulares, como \u00e9 o caso do Partido Corinthiano, e pauta pol\u00edtica setorizadas, como os partidos do Esporte, da Seguran\u00e7a P\u00fablica e o Partido Nacional da Sa\u00fade. Alguns partidos, por outro lado, parecem vir para tentar sanar a falta de representatividade pol\u00edtica de alguns grupos, como \u00e9 o caso do Partido Nacional Ind\u00edgena, o\u00a0<a href=\"http:\/\/bit.ly\/2n6aHCz\" target=\"_blank\" rel=\"noopener\">Frente Favela Brasil<\/a> e o Partido da Igualdade, que visar\u00e1 a inclus\u00e3o de pessoas com defici\u00eancia.<\/p>\n<p><a href=\"http:\/\/rioonwatch.org.br\/wp-content\/uploads\/2018\/07\/partido-militar.jpg\"><img loading=\"lazy\" decoding=\"async\" class=\"aligncenter wp-image-34515 size-content\" title=\"Capit\u00e3o Augusto, um dos fundadores do Partido Militar. Foto: Ag\u00eancia O Globo.\" src=\"http:\/\/rioonwatch.org.br\/wp-content\/uploads\/2018\/07\/partido-militar-620x264.jpg\" alt=\"\" width=\"620\" height=\"264\" srcset=\"https:\/\/rioonwatch.org.br\/wp-content\/uploads\/2018\/07\/partido-militar-620x264.jpg 620w, https:\/\/rioonwatch.org.br\/wp-content\/uploads\/2018\/07\/partido-militar-940x400.jpg 940w\" sizes=\"(max-width: 620px) 100vw, 620px\" \/><\/a><\/p>\n<p>A estrat\u00e9gia de criar partidos \u00e9 acionada em parte porque um partido automaticamente ganha uma parcela dos fundos Partid\u00e1rio e Eleitoral e pode ganhar tempo de TV e mais fundos muito facilmente, se um deputado j\u00e1 eleito trocar sua legenda atual pelo novo partido, podendo atuar somente como cabide de empregos ou para fortalecer coliga\u00e7\u00f5es de partidos maiores, sem grande novidade de representa\u00e7\u00e3o. Para que um novo partido seja criado \u00e9 preciso, entre outros pr\u00e9-requisitos, da assinatura de um n\u00famero de eleitores n\u00e3o filiados a nenhum partido correspondente a 0,5% dos votos v\u00e1lidos a deputado federal nas \u00faltimas elei\u00e7\u00f5es (o que atualmente seria quase 500 mil).<\/p>\n<p><i>Esta \u00e9 a quarta mat\u00e9ria de uma\u00a0<\/i><a href=\"http:\/\/bit.ly\/EleicoesRio2018\" target=\"_blank\" rel=\"noopener\"><i>s\u00e9rie<\/i><\/a><i>\u00a0sobre o cen\u00e1rio pol\u00edtico brasileiro para 2018.<\/i><\/p>\n<!-- AddThis Advanced Settings generic via filter on the_content --><!-- AddThis Share Buttons generic via filter on the_content -->","protected":false},"excerpt":{"rendered":"<div class=\"mh-excerpt\"><p>Click Here for English Esta \u00e9 a quarta mat\u00e9ria de uma\u00a0s\u00e9rie\u00a0sobre o cen\u00e1rio pol\u00edtico brasileiro para 2018. A multiplicidade de partidos pol\u00edticos no Brasil e a sua fraca coes\u00e3o ideol\u00f3gica fazem com que os eleitores <a class=\"mh-excerpt-more\" href=\"https:\/\/rioonwatch.org.br\/?p=34399\" title=\"O Que Esperar da Pol\u00edtica Brasileira em 2018? Parte 4: Din\u00e2mica Partid\u00e1ria\">[&#8230;]<\/a><!-- AddThis Advanced Settings generic via filter on get_the_excerpt --><!-- AddThis Share Buttons generic via filter on get_the_excerpt --><\/p>\n<\/div>","protected":false},"author":152,"featured_media":34519,"comment_status":"closed","ping_status":"closed","sticky":false,"template":"","format":"standard","meta":{"_acf_changed":false,"_monsterinsights_skip_tracking":false,"_monsterinsights_sitenote_active":false,"_monsterinsights_sitenote_note":"","_monsterinsights_sitenote_category":0,"footnotes":""},"categories":[1621,1632,1631,344],"tags":[2408,1564,1226,2407,2406,479,474,457,2277,1637,1833,1983,2405,2411,2403,1839,2409,1033,2413,1988,1840,2410,2412,1991,2404,2273],"writer":[1994],"translator":[],"source":[],"ilustrador":[],"fotografo":[],"class_list":{"0":"post-34399","1":"post","2":"type-post","3":"status-publish","4":"format-standard","5":"has-post-thumbnail","7":"category-destaque","8":"category-pesquisa-e-analise","9":"category-entendendo-o-rio","10":"category-politicas","11":"tag-avante","12":"tag-congresso","13":"tag-constituicao","14":"tag-dc","15":"tag-dem","16":"tag-democracia","17":"tag-democracia-participativa","18":"tag-eleicoes","19":"tag-favela-frente-brasil","20":"tag-referencia","21":"tag-michel-temer","22":"tag-novo","23":"tag-patri","24":"tag-pdt","25":"tag-pmb","26":"tag-pmdb","27":"tag-podemos","28":"tag-politica","29":"tag-prtb","30":"tag-psdb","31":"tag-pt","32":"tag-ptb","33":"tag-ptc","34":"tag-rede","35":"tag-sd","36":"tag-serie-monitoramento-2018","37":"writer-luisa-fenizola"},"acf":[],"yoast_head":"<!-- This site is optimized with the Yoast SEO plugin v25.6 - https:\/\/yoast.com\/wordpress\/plugins\/seo\/ -->\n<title>O Que Esperar da Pol\u00edtica Brasileira em 2018? Parte 4: Din\u00e2mica Partid\u00e1ria - RioOnWatch<\/title>\n<meta name=\"robots\" content=\"index, follow, max-snippet:-1, max-image-preview:large, max-video-preview:-1\" \/>\n<link rel=\"canonical\" href=\"https:\/\/rioonwatch.org.br\/?p=34399\" \/>\n<meta property=\"og:locale\" content=\"pt_BR\" \/>\n<meta property=\"og:type\" content=\"article\" \/>\n<meta property=\"og:title\" content=\"O Que Esperar da Pol\u00edtica Brasileira em 2018? Parte 4: Din\u00e2mica Partid\u00e1ria - RioOnWatch\" \/>\n<meta property=\"og:description\" content=\"Click Here for English Esta \u00e9 a quarta mat\u00e9ria de uma\u00a0s\u00e9rie\u00a0sobre o cen\u00e1rio pol\u00edtico brasileiro para 2018. A multiplicidade de partidos pol\u00edticos no Brasil e a sua fraca coes\u00e3o ideol\u00f3gica fazem com que os eleitores [...]\" \/>\n<meta property=\"og:url\" content=\"https:\/\/rioonwatch.org.br\/?p=34399\" \/>\n<meta property=\"og:site_name\" content=\"RioOnWatch\" \/>\n<meta property=\"article:published_time\" content=\"2018-07-11T12:53:43+00:00\" \/>\n<meta property=\"article:modified_time\" content=\"2018-07-23T00:33:55+00:00\" \/>\n<meta property=\"og:image\" content=\"https:\/\/rioonwatch.org.br\/wp-content\/uploads\/2018\/07\/senado.jpg\" \/>\n\t<meta property=\"og:image:width\" content=\"860\" \/>\n\t<meta property=\"og:image:height\" content=\"570\" \/>\n\t<meta property=\"og:image:type\" content=\"image\/jpeg\" \/>\n<meta name=\"author\" content=\"Luisa Fenizola\" \/>\n<meta name=\"twitter:card\" content=\"summary_large_image\" \/>\n<meta name=\"twitter:label1\" content=\"Escrito por\" \/>\n\t<meta name=\"twitter:data1\" content=\"Luisa Fenizola\" \/>\n\t<meta name=\"twitter:label2\" content=\"Est. tempo de leitura\" \/>\n\t<meta name=\"twitter:data2\" content=\"8 minutos\" \/>\n<script type=\"application\/ld+json\" class=\"yoast-schema-graph\">{\"@context\":\"https:\/\/schema.org\",\"@graph\":[{\"@type\":\"Article\",\"@id\":\"https:\/\/rioonwatch.org.br\/?p=34399#article\",\"isPartOf\":{\"@id\":\"https:\/\/rioonwatch.org.br\/?p=34399\"},\"author\":{\"name\":\"Luisa Fenizola\",\"@id\":\"https:\/\/rioonwatch.org.br\/#\/schema\/person\/f443c6b55bb6e80842280318076491c5\"},\"headline\":\"O Que Esperar da Pol\u00edtica Brasileira em 2018? Parte 4: Din\u00e2mica Partid\u00e1ria\",\"datePublished\":\"2018-07-11T12:53:43+00:00\",\"dateModified\":\"2018-07-23T00:33:55+00:00\",\"mainEntityOfPage\":{\"@id\":\"https:\/\/rioonwatch.org.br\/?p=34399\"},\"wordCount\":1596,\"publisher\":{\"@id\":\"https:\/\/rioonwatch.org.br\/#organization\"},\"image\":{\"@id\":\"https:\/\/rioonwatch.org.br\/?p=34399#primaryimage\"},\"thumbnailUrl\":\"https:\/\/rioonwatch.org.br\/wp-content\/uploads\/2018\/07\/senado.jpg\",\"keywords\":[\"Avante\",\"Congresso\",\"constitui\u00e7\u00e3o\",\"DC\",\"DEM\",\"Democracia\",\"democracia participativa\",\"Elei\u00e7\u00f5es\",\"Favela Frente Brasil\",\"Mat\u00e9rias de Refer\u00eancia\",\"Michel Temer\",\"NOVO\",\"PATRI\",\"PDT\",\"PMB\",\"PMDB\",\"Podemos\",\"pol\u00edtica\",\"PRTB\",\"PSDB\",\"PT\",\"PTB\",\"PTC\",\"REDE\",\"SD\",\"S\u00e9rie: Monitoramento 2018\"],\"articleSection\":[\"*Destaque\",\"Dados e Pesquisa\",\"Entendendo o Rio\",\"Pol\u00edticas\"],\"inLanguage\":\"pt-BR\"},{\"@type\":\"WebPage\",\"@id\":\"https:\/\/rioonwatch.org.br\/?p=34399\",\"url\":\"https:\/\/rioonwatch.org.br\/?p=34399\",\"name\":\"O Que Esperar da Pol\u00edtica Brasileira em 2018? Parte 4: Din\u00e2mica Partid\u00e1ria - RioOnWatch\",\"isPartOf\":{\"@id\":\"https:\/\/rioonwatch.org.br\/#website\"},\"primaryImageOfPage\":{\"@id\":\"https:\/\/rioonwatch.org.br\/?p=34399#primaryimage\"},\"image\":{\"@id\":\"https:\/\/rioonwatch.org.br\/?p=34399#primaryimage\"},\"thumbnailUrl\":\"https:\/\/rioonwatch.org.br\/wp-content\/uploads\/2018\/07\/senado.jpg\",\"datePublished\":\"2018-07-11T12:53:43+00:00\",\"dateModified\":\"2018-07-23T00:33:55+00:00\",\"breadcrumb\":{\"@id\":\"https:\/\/rioonwatch.org.br\/?p=34399#breadcrumb\"},\"inLanguage\":\"pt-BR\",\"potentialAction\":[{\"@type\":\"ReadAction\",\"target\":[\"https:\/\/rioonwatch.org.br\/?p=34399\"]}]},{\"@type\":\"ImageObject\",\"inLanguage\":\"pt-BR\",\"@id\":\"https:\/\/rioonwatch.org.br\/?p=34399#primaryimage\",\"url\":\"https:\/\/rioonwatch.org.br\/wp-content\/uploads\/2018\/07\/senado.jpg\",\"contentUrl\":\"https:\/\/rioonwatch.org.br\/wp-content\/uploads\/2018\/07\/senado.jpg\",\"width\":860,\"height\":570},{\"@type\":\"BreadcrumbList\",\"@id\":\"https:\/\/rioonwatch.org.br\/?p=34399#breadcrumb\",\"itemListElement\":[{\"@type\":\"ListItem\",\"position\":1,\"name\":\"In\u00edcio\",\"item\":\"https:\/\/rioonwatch.org.br\/\"},{\"@type\":\"ListItem\",\"position\":2,\"name\":\"O Que Esperar da Pol\u00edtica Brasileira em 2018? Parte 4: Din\u00e2mica Partid\u00e1ria\"}]},{\"@type\":\"WebSite\",\"@id\":\"https:\/\/rioonwatch.org.br\/#website\",\"url\":\"https:\/\/rioonwatch.org.br\/\",\"name\":\"RioOnWatch\",\"description\":\"relatos das favelas cariocas\",\"publisher\":{\"@id\":\"https:\/\/rioonwatch.org.br\/#organization\"},\"potentialAction\":[{\"@type\":\"SearchAction\",\"target\":{\"@type\":\"EntryPoint\",\"urlTemplate\":\"https:\/\/rioonwatch.org.br\/?s={search_term_string}\"},\"query-input\":{\"@type\":\"PropertyValueSpecification\",\"valueRequired\":true,\"valueName\":\"search_term_string\"}}],\"inLanguage\":\"pt-BR\"},{\"@type\":\"Organization\",\"@id\":\"https:\/\/rioonwatch.org.br\/#organization\",\"name\":\"RioOnWatch\",\"url\":\"https:\/\/rioonwatch.org.br\/\",\"logo\":{\"@type\":\"ImageObject\",\"inLanguage\":\"pt-BR\",\"@id\":\"https:\/\/rioonwatch.org.br\/#\/schema\/logo\/image\/\",\"url\":\"https:\/\/rioonwatch.org.br\/wp-content\/uploads\/2021\/06\/RioOnWatchcabecalhoPT11anos-2.png\",\"contentUrl\":\"https:\/\/rioonwatch.org.br\/wp-content\/uploads\/2021\/06\/RioOnWatchcabecalhoPT11anos-2.png\",\"width\":779,\"height\":277,\"caption\":\"RioOnWatch\"},\"image\":{\"@id\":\"https:\/\/rioonwatch.org.br\/#\/schema\/logo\/image\/\"}},{\"@type\":\"Person\",\"@id\":\"https:\/\/rioonwatch.org.br\/#\/schema\/person\/f443c6b55bb6e80842280318076491c5\",\"name\":\"Luisa Fenizola\",\"image\":{\"@type\":\"ImageObject\",\"inLanguage\":\"pt-BR\",\"@id\":\"https:\/\/rioonwatch.org.br\/#\/schema\/person\/image\/\",\"url\":\"https:\/\/secure.gravatar.com\/avatar\/a3d551110162b9f876cbbdaaecf75663?s=96&d=blank&r=g\",\"contentUrl\":\"https:\/\/secure.gravatar.com\/avatar\/a3d551110162b9f876cbbdaaecf75663?s=96&d=blank&r=g\",\"caption\":\"Luisa Fenizola\"},\"url\":\"https:\/\/rioonwatch.org.br\/?author=152\"}]}<\/script>\n<!-- \/ Yoast SEO plugin. -->","yoast_head_json":{"title":"O Que Esperar da Pol\u00edtica Brasileira em 2018? Parte 4: Din\u00e2mica Partid\u00e1ria - RioOnWatch","robots":{"index":"index","follow":"follow","max-snippet":"max-snippet:-1","max-image-preview":"max-image-preview:large","max-video-preview":"max-video-preview:-1"},"canonical":"https:\/\/rioonwatch.org.br\/?p=34399","og_locale":"pt_BR","og_type":"article","og_title":"O Que Esperar da Pol\u00edtica Brasileira em 2018? Parte 4: Din\u00e2mica Partid\u00e1ria - RioOnWatch","og_description":"Click Here for English Esta \u00e9 a quarta mat\u00e9ria de uma\u00a0s\u00e9rie\u00a0sobre o cen\u00e1rio pol\u00edtico brasileiro para 2018. A multiplicidade de partidos pol\u00edticos no Brasil e a sua fraca coes\u00e3o ideol\u00f3gica fazem com que os eleitores [...]","og_url":"https:\/\/rioonwatch.org.br\/?p=34399","og_site_name":"RioOnWatch","article_published_time":"2018-07-11T12:53:43+00:00","article_modified_time":"2018-07-23T00:33:55+00:00","og_image":[{"width":860,"height":570,"url":"https:\/\/rioonwatch.org.br\/wp-content\/uploads\/2018\/07\/senado.jpg","type":"image\/jpeg"}],"author":"Luisa Fenizola","twitter_card":"summary_large_image","twitter_misc":{"Escrito por":"Luisa Fenizola","Est. tempo de leitura":"8 minutos"},"schema":{"@context":"https:\/\/schema.org","@graph":[{"@type":"Article","@id":"https:\/\/rioonwatch.org.br\/?p=34399#article","isPartOf":{"@id":"https:\/\/rioonwatch.org.br\/?p=34399"},"author":{"name":"Luisa Fenizola","@id":"https:\/\/rioonwatch.org.br\/#\/schema\/person\/f443c6b55bb6e80842280318076491c5"},"headline":"O Que Esperar da Pol\u00edtica Brasileira em 2018? Parte 4: Din\u00e2mica Partid\u00e1ria","datePublished":"2018-07-11T12:53:43+00:00","dateModified":"2018-07-23T00:33:55+00:00","mainEntityOfPage":{"@id":"https:\/\/rioonwatch.org.br\/?p=34399"},"wordCount":1596,"publisher":{"@id":"https:\/\/rioonwatch.org.br\/#organization"},"image":{"@id":"https:\/\/rioonwatch.org.br\/?p=34399#primaryimage"},"thumbnailUrl":"https:\/\/rioonwatch.org.br\/wp-content\/uploads\/2018\/07\/senado.jpg","keywords":["Avante","Congresso","constitui\u00e7\u00e3o","DC","DEM","Democracia","democracia participativa","Elei\u00e7\u00f5es","Favela Frente Brasil","Mat\u00e9rias de Refer\u00eancia","Michel Temer","NOVO","PATRI","PDT","PMB","PMDB","Podemos","pol\u00edtica","PRTB","PSDB","PT","PTB","PTC","REDE","SD","S\u00e9rie: Monitoramento 2018"],"articleSection":["*Destaque","Dados e Pesquisa","Entendendo o Rio","Pol\u00edticas"],"inLanguage":"pt-BR"},{"@type":"WebPage","@id":"https:\/\/rioonwatch.org.br\/?p=34399","url":"https:\/\/rioonwatch.org.br\/?p=34399","name":"O Que Esperar da Pol\u00edtica Brasileira em 2018? Parte 4: Din\u00e2mica Partid\u00e1ria - RioOnWatch","isPartOf":{"@id":"https:\/\/rioonwatch.org.br\/#website"},"primaryImageOfPage":{"@id":"https:\/\/rioonwatch.org.br\/?p=34399#primaryimage"},"image":{"@id":"https:\/\/rioonwatch.org.br\/?p=34399#primaryimage"},"thumbnailUrl":"https:\/\/rioonwatch.org.br\/wp-content\/uploads\/2018\/07\/senado.jpg","datePublished":"2018-07-11T12:53:43+00:00","dateModified":"2018-07-23T00:33:55+00:00","breadcrumb":{"@id":"https:\/\/rioonwatch.org.br\/?p=34399#breadcrumb"},"inLanguage":"pt-BR","potentialAction":[{"@type":"ReadAction","target":["https:\/\/rioonwatch.org.br\/?p=34399"]}]},{"@type":"ImageObject","inLanguage":"pt-BR","@id":"https:\/\/rioonwatch.org.br\/?p=34399#primaryimage","url":"https:\/\/rioonwatch.org.br\/wp-content\/uploads\/2018\/07\/senado.jpg","contentUrl":"https:\/\/rioonwatch.org.br\/wp-content\/uploads\/2018\/07\/senado.jpg","width":860,"height":570},{"@type":"BreadcrumbList","@id":"https:\/\/rioonwatch.org.br\/?p=34399#breadcrumb","itemListElement":[{"@type":"ListItem","position":1,"name":"In\u00edcio","item":"https:\/\/rioonwatch.org.br\/"},{"@type":"ListItem","position":2,"name":"O Que Esperar da Pol\u00edtica Brasileira em 2018? Parte 4: Din\u00e2mica Partid\u00e1ria"}]},{"@type":"WebSite","@id":"https:\/\/rioonwatch.org.br\/#website","url":"https:\/\/rioonwatch.org.br\/","name":"RioOnWatch","description":"relatos das favelas cariocas","publisher":{"@id":"https:\/\/rioonwatch.org.br\/#organization"},"potentialAction":[{"@type":"SearchAction","target":{"@type":"EntryPoint","urlTemplate":"https:\/\/rioonwatch.org.br\/?s={search_term_string}"},"query-input":{"@type":"PropertyValueSpecification","valueRequired":true,"valueName":"search_term_string"}}],"inLanguage":"pt-BR"},{"@type":"Organization","@id":"https:\/\/rioonwatch.org.br\/#organization","name":"RioOnWatch","url":"https:\/\/rioonwatch.org.br\/","logo":{"@type":"ImageObject","inLanguage":"pt-BR","@id":"https:\/\/rioonwatch.org.br\/#\/schema\/logo\/image\/","url":"https:\/\/rioonwatch.org.br\/wp-content\/uploads\/2021\/06\/RioOnWatchcabecalhoPT11anos-2.png","contentUrl":"https:\/\/rioonwatch.org.br\/wp-content\/uploads\/2021\/06\/RioOnWatchcabecalhoPT11anos-2.png","width":779,"height":277,"caption":"RioOnWatch"},"image":{"@id":"https:\/\/rioonwatch.org.br\/#\/schema\/logo\/image\/"}},{"@type":"Person","@id":"https:\/\/rioonwatch.org.br\/#\/schema\/person\/f443c6b55bb6e80842280318076491c5","name":"Luisa Fenizola","image":{"@type":"ImageObject","inLanguage":"pt-BR","@id":"https:\/\/rioonwatch.org.br\/#\/schema\/person\/image\/","url":"https:\/\/secure.gravatar.com\/avatar\/a3d551110162b9f876cbbdaaecf75663?s=96&d=blank&r=g","contentUrl":"https:\/\/secure.gravatar.com\/avatar\/a3d551110162b9f876cbbdaaecf75663?s=96&d=blank&r=g","caption":"Luisa Fenizola"},"url":"https:\/\/rioonwatch.org.br\/?author=152"}]}},"_links":{"self":[{"href":"https:\/\/rioonwatch.org.br\/index.php?rest_route=\/wp\/v2\/posts\/34399"}],"collection":[{"href":"https:\/\/rioonwatch.org.br\/index.php?rest_route=\/wp\/v2\/posts"}],"about":[{"href":"https:\/\/rioonwatch.org.br\/index.php?rest_route=\/wp\/v2\/types\/post"}],"author":[{"embeddable":true,"href":"https:\/\/rioonwatch.org.br\/index.php?rest_route=\/wp\/v2\/users\/152"}],"replies":[{"embeddable":true,"href":"https:\/\/rioonwatch.org.br\/index.php?rest_route=%2Fwp%2Fv2%2Fcomments&post=34399"}],"version-history":[{"count":29,"href":"https:\/\/rioonwatch.org.br\/index.php?rest_route=\/wp\/v2\/posts\/34399\/revisions"}],"predecessor-version":[{"id":34862,"href":"https:\/\/rioonwatch.org.br\/index.php?rest_route=\/wp\/v2\/posts\/34399\/revisions\/34862"}],"wp:featuredmedia":[{"embeddable":true,"href":"https:\/\/rioonwatch.org.br\/index.php?rest_route=\/wp\/v2\/media\/34519"}],"wp:attachment":[{"href":"https:\/\/rioonwatch.org.br\/index.php?rest_route=%2Fwp%2Fv2%2Fmedia&parent=34399"}],"wp:term":[{"taxonomy":"category","embeddable":true,"href":"https:\/\/rioonwatch.org.br\/index.php?rest_route=%2Fwp%2Fv2%2Fcategories&post=34399"},{"taxonomy":"post_tag","embeddable":true,"href":"https:\/\/rioonwatch.org.br\/index.php?rest_route=%2Fwp%2Fv2%2Ftags&post=34399"},{"taxonomy":"writer","embeddable":true,"href":"https:\/\/rioonwatch.org.br\/index.php?rest_route=%2Fwp%2Fv2%2Fwriter&post=34399"},{"taxonomy":"translator","embeddable":true,"href":"https:\/\/rioonwatch.org.br\/index.php?rest_route=%2Fwp%2Fv2%2Ftranslator&post=34399"},{"taxonomy":"source","embeddable":true,"href":"https:\/\/rioonwatch.org.br\/index.php?rest_route=%2Fwp%2Fv2%2Fsource&post=34399"},{"taxonomy":"ilustrador","embeddable":true,"href":"https:\/\/rioonwatch.org.br\/index.php?rest_route=%2Fwp%2Fv2%2Filustrador&post=34399"},{"taxonomy":"fotografo","embeddable":true,"href":"https:\/\/rioonwatch.org.br\/index.php?rest_route=%2Fwp%2Fv2%2Ffotografo&post=34399"}],"curies":[{"name":"wp","href":"https:\/\/api.w.org\/{rel}","templated":true}]}}