{"id":34412,"date":"2018-07-05T10:38:32","date_gmt":"2018-07-05T13:38:32","guid":{"rendered":"http:\/\/rioonwatch.org.br\/?p=34412"},"modified":"2024-05-24T12:37:53","modified_gmt":"2024-05-24T15:37:53","slug":"uma-sobe-e-puxa-a-outra-bate-papo-pretas-por-marielle-ressalta-a-importancia-da-representatividade-de-mulheres-negras-na-politica","status":"publish","type":"post","link":"https:\/\/rioonwatch.org.br\/?p=34412","title":{"rendered":"Seis Pr\u00e9-Candidatas &#8216;Pretas por Marielle&#8217; Ressaltam Import\u00e2ncia de Negras na Pol\u00edtica"},"content":{"rendered":"<p style=\"text-align: right;\"><em><strong><a href=\"http:\/\/bit.ly\/2u9JPWX\" target=\"_blank\" rel=\"noopener noreferrer\">Click Here for English<img decoding=\"async\" width=\"20\" height=\"20\" class=\"alignright wp-image-15790\" src=\"http:\/\/rioonwatch.org.br\/wp-content\/uploads\/2012\/08\/EN-standard-e1439583104716.jpg\" \/><\/a><\/strong><\/em><\/p>\n<p><span style=\"font-weight: 400;\">No dia 28 de junho, foi organizado na <a href=\"http:\/\/bit.ly\/2NrcKOf\" target=\"_blank\" rel=\"noopener\">Casa das Pretas<\/a>, na Lapa, o bate-papo \u201c<a href=\"http:\/\/bit.ly\/2KBEPEQ\" target=\"_blank\" rel=\"noopener\">Pretas por Marielle<\/a>\u201d com seis pr\u00e9-candidatas negras \u00e0s elei\u00e7\u00f5es de outubro sobre a import\u00e2ncia da representatividade atrav\u00e9s do aumento do n\u00famero de mulheres pretas no poder. Como a <a href=\"http:\/\/bit.ly\/2KIBpze\" target=\"_blank\" rel=\"noopener\">Casa das Pretas foi o \u00faltimo lugar visitado por Marielle Franco<\/a> antes de seu assassinato, o evento contou com muitas lembran\u00e7as da vereadora e um tom bastante emocional, louvando seus feitos pelas negras e pela comunidade LGBT e tamb\u00e9m incentivando que outras mulheres assumam pap\u00e9is semelhantes ao de Marielle na pol\u00edtica brasileira. <\/span><\/p>\n<p><span style=\"font-weight: 400;\">Todo o bate-papo foi realizado de maneira incrivelmente democr\u00e1tica, com muito espa\u00e7o de fala para a plat\u00e9ia. A primeira no microfone foi a jornalista Camila Martins que enfatizou a necessidade da unidade entre as pretas, e relembrou a <a href=\"http:\/\/bit.ly\/2lVQP5b\" target=\"_blank\" rel=\"noopener\">revolta de Stonewall<\/a>, um levante da popula\u00e7\u00e3o LGBT dos Estados Unidos, contra a viol\u00eancia policial. Ela contou que na revolta, a primeira pedra foi atirada por uma trans negra, <a href=\"http:\/\/bit.ly\/2MOIXOp\" target=\"_blank\" rel=\"noopener\">Marsha P. Johnson<\/a> ao lado de sua mulher, ressaltando que isso mostra a for\u00e7a pol\u00edtica que mulheres negras t\u00eam quando est\u00e3o em posi\u00e7\u00e3o de lideran\u00e7a. Camila apontou tamb\u00e9m a luta de Marielle pela <a href=\"http:\/\/bit.ly\/2MOMnAv\" target=\"_blank\" rel=\"noopener\">PL da visibilidade l\u00e9sbica<\/a>\u00a0que foi derrubado por apenas dois votos na C\u00e2mara dos Vereadores, marcando um dia de muita dor para a comunidade LGBT, e tamb\u00e9m que Marielle foi uma das primeiras vereadoras que convidou l\u00e9sbicas para fazerem parte de seu gabinete, buscando uma maior representatividade. Ao final de seu discurso, a jornalista recitou um <a href=\"http:\/\/bit.ly\/2u4Npkk\" target=\"_blank\" rel=\"noopener\">poema da Concei\u00e7\u00e3o Evaristo para Marielle<\/a>.<\/span><\/p>\n<p><a href=\"http:\/\/rioonwatch.org.br\/wp-content\/uploads\/2018\/07\/Screen-Shot-2018-07-03-at-7.21.06-PM.png\"><img fetchpriority=\"high\" decoding=\"async\" class=\"aligncenter wp-image-34413 size-medium\" src=\"http:\/\/rioonwatch.org.br\/wp-content\/uploads\/2018\/07\/Screen-Shot-2018-07-03-at-7.21.06-PM-620x286.png\" alt=\"\" width=\"620\" height=\"286\" srcset=\"https:\/\/rioonwatch.org.br\/wp-content\/uploads\/2018\/07\/Screen-Shot-2018-07-03-at-7.21.06-PM-620x286.png 620w, https:\/\/rioonwatch.org.br\/wp-content\/uploads\/2018\/07\/Screen-Shot-2018-07-03-at-7.21.06-PM-572x264.png 572w, https:\/\/rioonwatch.org.br\/wp-content\/uploads\/2018\/07\/Screen-Shot-2018-07-03-at-7.21.06-PM-768x355.png 768w, https:\/\/rioonwatch.org.br\/wp-content\/uploads\/2018\/07\/Screen-Shot-2018-07-03-at-7.21.06-PM.png 1003w\" sizes=\"(max-width: 620px) 100vw, 620px\" \/><\/a><\/p>\n<p><span style=\"font-weight: 400;\">Ap\u00f3s alguns discursos, foi a vez das convidadas sentarem \u00e0 frente para expor suas ideias. Seis pr\u00e9-candidatas, todas do partido de Marielle, o PSOL, formaram o painel: <a href=\"https:\/\/glo.bo\/2KC2nJK\" target=\"_blank\" rel=\"noopener\">Tal\u00edria Petrone<\/a>, <a href=\"http:\/\/bit.ly\/2KSkeI4\" target=\"_blank\" rel=\"noopener\">Renata Souza<\/a>, <a href=\"https:\/\/glo.bo\/2z9f5KD\" target=\"_blank\" rel=\"noopener\">Ivanete Silva<\/a>, <a href=\"http:\/\/bit.ly\/2KL6d2d\" target=\"_blank\" rel=\"noopener\">Rose Cipriano<\/a>, <a href=\"http:\/\/bit.ly\/2KOodFK\" target=\"_blank\" rel=\"noopener\">M\u00f4nica Francisco<\/a> e <a href=\"http:\/\/bit.ly\/2MO352T\" target=\"_blank\" rel=\"noopener\">Dani Monteiro<\/a>. A primeira a falar foi Dani, estudante cotista de Ci\u00eancias Sociais da UERJ. Dani come\u00e7ou sua fala fazendo uma refer\u00eancia ao pr\u00f3prio local da atividade, relembrando Marielle: \u201cainda \u00e9 dif\u00edcil pisar aqui na Casa das Pretas. Mesmo ap\u00f3s o brutal assassinato da vereadora, \u00e9 importante que mulheres negras continuem aparecendo de forma aguerrida para lutar contra as pol\u00edticas genocidas do Estado. Devemos pensar que pol\u00edtica p\u00fablica temos hoje e o quanto ela segue um <a href=\"http:\/\/bit.ly\/2GwmWF7\" target=\"_blank\" rel=\"noopener\">genoc\u00eddio hist\u00f3rico<\/a>? A gente est\u00e1 em 2018 em um pa\u00eds que tem uma base escravocrata. Essas marcas est\u00e3o no nosso E<\/span>stado, nas normas e morais do nosso Estado, quando a gente entende que o preto n\u00e3o deveria existir\u201d. E ela argumentou que basta analisar o or\u00e7amento do Estado e ver que desse or\u00e7amento a cultura representa menos de 1% enquanto seguran\u00e7a p\u00fablica representa mais de 6%. Dani exalta que o Estado prioriza a\u00e7\u00e3o e n\u00e3o preven\u00e7\u00e3o, claramente vis\u00edvel em uma pol\u00edtica que investe bilh\u00f5es para armar a pol\u00edcia contra a popula\u00e7\u00e3o.<\/p>\n<p>\u201cNosso estado est\u00e1 h\u00e1 mais de tr\u00eas meses <a href=\"http:\/\/bit.ly\/2ovCywI\" target=\"_blank\" rel=\"noopener\">sob interven\u00e7\u00e3o militar<\/a>. Essa interven\u00e7\u00e3o foi realizada pela desordem p\u00fablica que o nosso estado estava sofrendo. E a\u00ed a gente faz uma reflex\u00e3o, que desordem p\u00fablica \u00e9 essa? A gente tem <a href=\"http:\/\/bit.ly\/2lXzM2p\" target=\"_blank\" rel=\"noopener\">dois ex governadores presos<\/a>, o <a href=\"http:\/\/bit.ly\/2lWj042\" target=\"_blank\" rel=\"noopener\">atual governador sendo indiciado<\/a> e desde o ano passado na imin\u00eancia de n\u00e3o terminar o mandato. A gente tem <a href=\"https:\/\/glo.bo\/2KOzhCL\" target=\"_blank\" rel=\"noopener\">quatro dos cinco conselheiros do Tribunal de Contas do Estado presos por corrup\u00e7\u00e3o<\/a>. A gente tem um deputado estadual que presidiu a\u00a0<a href=\"http:\/\/bit.ly\/2ac6D1z\" target=\"_blank\" rel=\"noopener\">ALERJ<\/a> por 16 anos, tamb\u00e9m respondendo em liberdade por corrup\u00e7\u00e3o. Ou seja, toda essa desordem dentro do Pal\u00e1cio da Guanabara e da ALERJ, mas interven\u00e7\u00e3o federal \u00e9 sobre a popula\u00e7\u00e3o, nas favelas e nas \u00e1reas historicamente militarizadas\u201d, disse Dani. Segundo ela, existe uma clara deturpa\u00e7\u00e3o de prioridades baseada num sistema fortemente racista.<\/p>\n<p><a href=\"http:\/\/rioonwatch.org.br\/wp-content\/uploads\/2018\/07\/Screen-Shot-2018-07-03-at-7.14.51-PM.png\"><img decoding=\"async\" class=\"wp-image-34417 alignright\" src=\"http:\/\/rioonwatch.org.br\/wp-content\/uploads\/2018\/07\/Screen-Shot-2018-07-03-at-7.14.51-PM.png\" alt=\"\" width=\"300\" height=\"300\" srcset=\"https:\/\/rioonwatch.org.br\/wp-content\/uploads\/2018\/07\/Screen-Shot-2018-07-03-at-7.14.51-PM.png 763w, https:\/\/rioonwatch.org.br\/wp-content\/uploads\/2018\/07\/Screen-Shot-2018-07-03-at-7.14.51-PM-264x264.png 264w, https:\/\/rioonwatch.org.br\/wp-content\/uploads\/2018\/07\/Screen-Shot-2018-07-03-at-7.14.51-PM-620x620.png 620w\" sizes=\"(max-width: 300px) 100vw, 300px\" \/><\/a>De acordo com Dani, h\u00e1 tanto crime na pol\u00edtica, mas a <a href=\"http:\/\/bit.ly\/2KKYP3E\" target=\"_blank\" rel=\"noopener\">popula\u00e7\u00e3o carcer\u00e1ria \u00e9 composta por 64% de negros<\/a>. Ao mesmo tempo, os <a href=\"http:\/\/bit.ly\/2MQ2YnH\" target=\"_blank\" rel=\"noopener\">jovens negros constituem apenas 20% dos universit\u00e1rios<\/a>. \u201cE quando a gente entra na universidade a gente vai ouvir o que eu j\u00e1 ouvi, que quem n\u00e3o tem condi\u00e7\u00f5es de estudar n\u00e3o [deve] estuda[r]. <a href=\"http:\/\/bit.ly\/2kMXvQK\" target=\"_blank\" rel=\"noopener\">Faculdade \u00e9 pra quem pode<\/a>. Quando eu tentei mudar minhas mat\u00e9rias porque eu trabalhava, eu ouvi isso do professor\u201d. Ela refor\u00e7ou que o genoc\u00eddio vai al\u00e9m dos <a href=\"http:\/\/bit.ly\/2MOabEI\" target=\"_blank\" rel=\"noopener\">36.000 negros mortos por ano<\/a>, \u00e9 tamb\u00e9m a marginaliza\u00e7\u00e3o da cultura negra, marginaliza\u00e7\u00e3o da identidade, do n\u00e3o acesso a cidade. \u201cApenas 5% dos habitantes do Alem\u00e3o t\u00eam acesso a praia com alguma regularidade\u201d. Dani refor\u00e7ou que \u00e9 importante que as marginalizadas passem a integrar a pol\u00edtica para representar as pautas do seu pr\u00f3prio povo e provar para as pessoas que ainda est\u00e3o nas comunidades que <a href=\"http:\/\/bit.ly\/2KtRJVi\" target=\"_blank\" rel=\"noopener\">eles s\u00e3o tamb\u00e9m seres pol\u00edticos<\/a> que <a href=\"http:\/\/bit.ly\/2KuLSyR\" target=\"_blank\" rel=\"noopener\">podem e devem se engajar<\/a> para impulsionar a mudan\u00e7a e mover as estruturas. \u201cContinuamos na luta de ser e existir na forma que somos\u201d, disse ela.<\/p>\n<p><span style=\"font-weight: 400;\">Ap\u00f3s as palavras de Dani, que muito emocionaram o p\u00fablico presente, a pr\u00f3xima ao microfone foi Ivanete Silva, educadora da\u00a0<a href=\"http:\/\/bit.ly\/1IgJzSA\" target=\"_blank\" rel=\"noopener\">Baixada Fluminense<\/a>. Ivanete discursou sobre a luta das mulheres negras como uma quest\u00e3o de identidade. Ela disse que \u00e9 importante pensar de onde vieram: \u201cLembrar das nossas m\u00e3es, das empregadas, cozinheiras, passadeiras, empregadas dom\u00e9sticas. Foram essas mulheres em nossas vidas que nos trouxeram at\u00e9 aqui\u201d. De acordo com Ivanete, \u00e9 importante focar em repensar e melhorar o lugar de onde cada um vem, sem pensar em \u201cfugir\u201d para a <a href=\"http:\/\/bit.ly\/1mNsDyk\" target=\"_blank\" rel=\"noopener\">Zona Sul<\/a>, onde h\u00e1 uma melhor condi\u00e7\u00e3o de vida. A luta deve ser para o bem coletivo da comunidade com a qual se identifica, \u201c\u00e9 dizer [que] esse \u00e9 o local onde eu moro, no qual eu construo junto com as pessoas. Esse lugar precisa ser potencializado pelas vidas que aqui est\u00e3o. E<\/span>ssa \u00e9 uma responsabilidade nossa\u201d, ressaltou Ivanete, que tamb\u00e9m disse que \u00e9 importante ressaltar a culpa do poderio local e internacional que n\u00e3o permite que muitos lugares recebam o investimento necess\u00e1rio do poder p\u00fablico. \u201cHoje, o local de poder que a gente disputa \u00e9 o local da caneta que vai garantir pol\u00edticas p\u00fablicas de sa\u00fade e educa\u00e7\u00e3o para a negritude. Disputar o lugar de poder \u00e9 devolver o poder para esse povo.\u201d<\/p>\n<p><span style=\"font-weight: 400;\">A terceira palestrante foi M\u00f4nica Francisco, cientista social, pastora evang\u00e9lica que integrou a equipe da vereadora Marielle Franco. M\u00f4nica falou sobre o enfrentamento da negritude contra o medo e a marginaliza\u00e7\u00e3o. Segundo ela, durante anos de hist\u00f3ria, o povo negro lutou, resistiu, mas foi exclu\u00eddo da hist\u00f3ria do pa\u00eds. Hoje, com a viol\u00eancia que atinge principalmente as favelas, a luta continua e toma uma propor\u00e7\u00e3<\/span><span style=\"font-weight: 400;\">o de vida ou morte. \u201cN\u00e3o \u00e9 a toa que a gente tem uma mulher que sai \u00e0s sete horas da manh\u00e3 e \u00e9 executada por policiais. Eu estou falando de <a href=\"https:\/\/glo.bo\/2KP8XZl\" target=\"_blank\" rel=\"noopener\">Claudia<\/a>.&#8221; Neste momento, M\u00f4nica se referenciou a Claudia Silva Ferreira, que foi baleada por estar no meio de uma troca de tiros, e em seguida foi jogada em uma viatura, por\u00e9m seu corpo caiu da viatura e ela foi arrastada pelas ruas pendurada pela roupa na viatura, por 250 metros. M\u00f4nica prossegui indagando que tem que ser feito o &#8220;enfrentamento aos coron\u00e9is, aos donos de terra, aos donos da pol\u00edtica desse pa\u00eds\u201d, e que as mulheres negras t\u00eam a condi\u00e7\u00e3o de promover esse enfrentamento. A forma\u00e7\u00e3o acad\u00eamica de muitas possibilitou que elas tomassem conhecimento da necessidade de enfrentar as injusti\u00e7as impostas. \u201cSe posicionar \u00e9 um ato de sobreviv\u00eancia&#8221;, disse ela.<\/span><\/p>\n<p><span style=\"font-weight: 400;\">A pr\u00f3xima palestrante foi a jornalista Renata Souza da Mar\u00e9 que atuou como chefe de gabinete de Marielle Franco e defendeu a tese \u201c<a href=\"http:\/\/bit.ly\/2NrHvTd\" target=\"_blank\" rel=\"noopener\">O comum e a rua: resist\u00eancia da juventude frente a militariza\u00e7\u00e3o<\/a>\u201d. Segundo Renata, o pr\u00f3prio papel de chefe de gabinete \u00e9 geralmente ocupado por homens, e a presen\u00e7a de uma mulher em posi\u00e7\u00e3o t\u00e3o importante \u00e9 um afrontamento aos modelos machistas vigentes na sociedade. \u201cHomens brigam pelo papel de chefe de gabinete para submeterem muitas vezes as mulheres. Por isso, a gente faz exatamente o contr\u00e1rio. A gente faz uma gest\u00e3o muito horizontal a fim que todas se sintam participativas desse processo&#8221;, disse ela.<\/span><\/p>\n<p><span style=\"font-weight: 400;\">Renata tamb\u00e9m respondeu uma pergunta da plateia sobre suas principais propostas nas elei\u00e7\u00f5es deste ano. Uma de suas proposta \u00e9 uma altera\u00e7\u00e3o a pol\u00edtica de cotas que ela n\u00e3o considere i<\/span>nclusiva o suficiente: \u201cA pol\u00edtica de cotas inclui, mas n\u00e3o d\u00e1 sustentabilidade para esse aluno se manter dentro da universidade\u201d. Sendo assim, Renata mencionou a necessidade de uma mudan\u00e7a na pol\u00edtica de cotas como uma medida necess\u00e1ria para aumentar a inclus\u00e3o social.<\/p>\n<p><img loading=\"lazy\" decoding=\"async\" class=\"alignright wp-image-34415\" src=\"http:\/\/rioonwatch.org.br\/wp-content\/uploads\/2018\/07\/Screen-Shot-2018-07-03-at-7.14.08-PM-620x462.png\" alt=\"\" width=\"300\" height=\"224\" srcset=\"https:\/\/rioonwatch.org.br\/wp-content\/uploads\/2018\/07\/Screen-Shot-2018-07-03-at-7.14.08-PM-620x462.png 620w, https:\/\/rioonwatch.org.br\/wp-content\/uploads\/2018\/07\/Screen-Shot-2018-07-03-at-7.14.08-PM-354x264.png 354w, https:\/\/rioonwatch.org.br\/wp-content\/uploads\/2018\/07\/Screen-Shot-2018-07-03-at-7.14.08-PM-768x573.png 768w, https:\/\/rioonwatch.org.br\/wp-content\/uploads\/2018\/07\/Screen-Shot-2018-07-03-at-7.14.08-PM-1024x764.png 1024w, https:\/\/rioonwatch.org.br\/wp-content\/uploads\/2018\/07\/Screen-Shot-2018-07-03-at-7.14.08-PM-174x131.png 174w, https:\/\/rioonwatch.org.br\/wp-content\/uploads\/2018\/07\/Screen-Shot-2018-07-03-at-7.14.08-PM-300x225.png 300w, https:\/\/rioonwatch.org.br\/wp-content\/uploads\/2018\/07\/Screen-Shot-2018-07-03-at-7.14.08-PM-70x53.png 70w, https:\/\/rioonwatch.org.br\/wp-content\/uploads\/2018\/07\/Screen-Shot-2018-07-03-at-7.14.08-PM.png 1066w\" sizes=\"(max-width: 300px) 100vw, 300px\" \/><\/p>\n<p><span style=\"font-weight: 400;\">A jornalista tamb\u00e9m comentou sobre a\u00e7\u00f5es j\u00e1 concretas para os jovens negros que est\u00e3o morrendo na favela e mencionou a <a href=\"http:\/\/bit.ly\/2Mie5Fx\" target=\"_blank\" rel=\"noopener\">hist\u00f3ria<\/a>\u00a0<\/span>de Marcos Vinicius, <a href=\"http:\/\/bit.ly\/2KvsKwM\" target=\"_blank\" rel=\"noopener\">recentemente assassinado com uniforme<\/a> escolar no\u00a0<a href=\"http:\/\/bit.ly\/10BvARw\" target=\"_blank\" rel=\"noopener\">Complexo da Mar\u00e9<\/a>, para enfatizar que o direito do jovem negro de ir a escola est\u00e1 sendo desrespeitado pelas opera\u00e7\u00f5es policiais. \u201cA vida na favela \u00e9 ref\u00e9m de uma seguran\u00e7a p\u00fablica que n\u00e3o garante direito \u00e0 vida.\u201d Renata relatou que para reduzir o problema, uma a\u00e7\u00e3o concreta \u00e9 a <a href=\"http:\/\/bit.ly\/2N5gKn5\" target=\"_blank\" rel=\"noopener\">&#8220;a\u00e7\u00e3o civil p\u00fablica\u201d da Mar\u00e9<\/a>, j\u00e1 aprovada no judici\u00e1rio, que determina que as opera\u00e7\u00f5es n\u00e3o aconte\u00e7am no hor\u00e1rio escolar e que, para ocorrer, precisam passar por uma s\u00e9rie de medidas como possuir carro de bombeiros e ambul\u00e2ncia \u00e0 disposi\u00e7\u00e3o. Tais medidas impedem que ocorram opera\u00e7\u00f5es sem objetivo fixo, visto que hoje em dia muitas opera\u00e7\u00f5es t\u00eam como \u00fanico objetivo <a href=\"http:\/\/bit.ly\/2Mie5Fx\" target=\"_blank\" rel=\"noopener\">vingan\u00e7a pela morte de policiais<\/a>.<\/p>\n<p><span style=\"font-weight: 400;\">A pr\u00f3xima palestrante foi Rose Cipriani, moradora da <a href=\"http:\/\/bit.ly\/NjmYR6\" target=\"_blank\" rel=\"noopener\">Baixada Fluminense<\/a>, professora da rede municipal e ativista da educa\u00e7\u00e3o. Rose afirmou que a pol\u00edtica \u00e9 um lugar onde h\u00e1 pouca representatividade de mulheres negras, mas esse quadro precisa mudar. \u201cPrecisamos refor\u00e7ar a defesa dos direitos que estamos perdendo. N\u00f3s estamos vivendo uma conjuntura de retirada de direitos a n\u00edvel nacional\u201d. Ela exemplificou que enquanto Marielle possu\u00eda um projeto de aumentar o n\u00famero de vagas em espa\u00e7os infantis noturnos, o Estado parou de oferecer nos \u00faltimos dez anos cerca de 76.000 matr\u00edculas. Com essa redu\u00e7\u00e3o, as crian\u00e7as ficam soltas nas ruas enquanto os pais trabalham, e elas ficam indefesas em momentos de viol\u00eancia<\/span>\u00a0nas favelas. \u201cOnde est\u00e3o esses jovens? Morrendo na mira do fuzil\u201d, disse Rose. Ela destacou que quem est\u00e1 na regi\u00e3o metropolitana n\u00e3o tem acesso aos bens de educa\u00e7\u00e3o e de cultura. \u201c\u00c0s vezes a gente pergunta para o jovem da periferia o que tem perto da casa dele e na maioria das vezes \u00e9 uma boca de fumo.\u201d<\/p>\n<p><span style=\"font-weight: 400;\">Para terminar, a professora de hist\u00f3ria e vereadora de\u00a0<a href=\"http:\/\/bit.ly\/1xpT8yS\" target=\"_blank\" rel=\"noopener\">Niter\u00f3i<\/a>, Tal\u00edria Petrone, foi ao microfone. Ela come\u00e7ou sua fala fazendo uma homenagem a Marielle e a fam\u00edlia de todas as v\u00edtimas de viol\u00eancia nas favelas e do racismo impregnado na sociedade brasileira. \u201cPretas por Marielle. Pretas por Eduarda. Pretas por Cl\u00e1udia. Pretas por Bruna, m\u00e3e do Marquinhos. Pretas pela fam\u00edlia do Amarildo. Pretas por tantos e tantas arrancados de n\u00f3s\u201d. Tal\u00edria afirmou que a desigualdade social \u00e9 estruturalmente racista e o enfrentamento ao racismo precisa ganhar foco e import\u00e2ncia. A estrutura racista gera a ideia de que alguns corpos n\u00e3o podem ocupar o espa\u00e7o de poder, <a href=\"http:\/\/bit.ly\/2sRaibb\" target=\"_blank\" rel=\"noopener\">nem mesmo circular pela cidade<\/a>, mas a verdade \u00e9 que o corpo negro \u00e9 invariavelmente um corpo pol\u00edtico pois atua com a \u201cm\u00e3o na massa\u201d junto com a comunidade para promover mudan\u00e7as positivas. \u201cQuando cai barranco, quem \u00e9 que se junta pra \u00e1gua n\u00e3o entrar na casa da vizinha? E a mulher? \u00c9 a mulher preta. Isso \u00e9 o fazer pol\u00edtico\u201d, disse Tal\u00edria.<\/span><\/p>\n<p><img loading=\"lazy\" decoding=\"async\" class=\"aligncenter wp-image-34416 size-content\" title=\"Apresenta\u00e7\u00e3o musical no evento.\" src=\"http:\/\/rioonwatch.org.br\/wp-content\/uploads\/2018\/07\/Screen-Shot-2018-07-03-at-7.14.32-PM-620x264.png\" alt=\"\" width=\"620\" height=\"264\" srcset=\"https:\/\/rioonwatch.org.br\/wp-content\/uploads\/2018\/07\/Screen-Shot-2018-07-03-at-7.14.32-PM-620x264.png 620w, https:\/\/rioonwatch.org.br\/wp-content\/uploads\/2018\/07\/Screen-Shot-2018-07-03-at-7.14.32-PM-940x400.png 940w\" sizes=\"(max-width: 620px) 100vw, 620px\" \/><\/p>\n<p><span style=\"font-weight: 400;\">O lema &#8220;uma sobe e puxa a outra&#8221; marcou todas as falas do evento. A atividade se encerrou com apresenta\u00e7\u00f5es musicais com letras de resist\u00eancia, resumindo a luta e empoderamento presente no evento.\u00a0<\/span><\/p>\n<!-- AddThis Advanced Settings generic via filter on the_content --><!-- AddThis Share Buttons generic via filter on the_content -->","protected":false},"excerpt":{"rendered":"<div class=\"mh-excerpt\"><p>Click Here for English No dia 28 de junho, foi organizado na Casa das Pretas, na Lapa, o bate-papo \u201cPretas por Marielle\u201d com seis pr\u00e9-candidatas negras \u00e0s elei\u00e7\u00f5es de outubro sobre a import\u00e2ncia da representatividade <a class=\"mh-excerpt-more\" href=\"https:\/\/rioonwatch.org.br\/?p=34412\" title=\"Seis Pr\u00e9-Candidatas &#8216;Pretas por Marielle&#8217; Ressaltam Import\u00e2ncia de Negras na Pol\u00edtica\">[&#8230;]<\/a><!-- AddThis Advanced Settings generic via filter on get_the_excerpt --><!-- AddThis Share Buttons generic via filter on get_the_excerpt --><\/p>\n<\/div>","protected":false},"author":159,"featured_media":34418,"comment_status":"closed","ping_status":"closed","sticky":false,"template":"","format":"standard","meta":{"_acf_changed":false,"_monsterinsights_skip_tracking":false,"_monsterinsights_sitenote_active":false,"_monsterinsights_sitenote_note":"","_monsterinsights_sitenote_category":0,"footnotes":""},"categories":[1618,1621,1627,1615,1612],"tags":[1852,3253,959,332,1917,1642,457,688,42,1307,2348,2312,1398,483,2033,1970,10,304,1033,1511,1989,432,920,52],"writer":[2362],"translator":[],"source":[],"ilustrador":[],"fotografo":[],"class_list":{"0":"post-34412","1":"post","2":"type-post","3":"status-publish","4":"format-standard","5":"has-post-thumbnail","7":"category-olhonaparticipacao","8":"category-destaque","9":"category-relato-de-evento","10":"category-cultura-da-favela","11":"category-sociedade-civil","12":"tag-alerj","13":"tag-antirracismo","14":"tag-baixada-fluminense","15":"tag-complexo-da-mare","16":"tag-comunidade-x-academia","17":"tag-cotas","18":"tag-eleicoes","19":"tag-empoderamento","20":"tag-genero","21":"tag-inclusao","22":"tag-intervencao-militar","23":"tag-legado-de-marielle","24":"tag-lgbt","25":"tag-marcelo-freixo","26":"tag-marielle-franco","27":"tag-negritude","28":"tag-niteroi","29":"tag-participacao","30":"tag-politica","31":"tag-politica-de-seguranca","32":"tag-psol","33":"tag-resistencia","34":"tag-violencia-de-estado","35":"tag-violencia-policial","36":"writer-sabrina-magalhaes"},"acf":[],"yoast_head":"<!-- This site is optimized with the Yoast SEO plugin v25.6 - https:\/\/yoast.com\/wordpress\/plugins\/seo\/ -->\n<title>Seis Pr\u00e9-Candidatas &#039;Pretas por Marielle&#039; Ressaltam Import\u00e2ncia de Negras na Pol\u00edtica - RioOnWatch<\/title>\n<meta name=\"robots\" content=\"index, follow, max-snippet:-1, max-image-preview:large, max-video-preview:-1\" \/>\n<link rel=\"canonical\" href=\"https:\/\/rioonwatch.org.br\/?p=34412\" \/>\n<meta property=\"og:locale\" content=\"pt_BR\" \/>\n<meta property=\"og:type\" content=\"article\" \/>\n<meta property=\"og:title\" content=\"Seis Pr\u00e9-Candidatas &#039;Pretas por Marielle&#039; Ressaltam Import\u00e2ncia de Negras na Pol\u00edtica - RioOnWatch\" \/>\n<meta property=\"og:description\" content=\"Click Here for English No dia 28 de junho, foi organizado na Casa das Pretas, na Lapa, o bate-papo \u201cPretas por Marielle\u201d com seis pr\u00e9-candidatas negras \u00e0s elei\u00e7\u00f5es de outubro sobre a import\u00e2ncia da representatividade [...]\" \/>\n<meta property=\"og:url\" content=\"https:\/\/rioonwatch.org.br\/?p=34412\" \/>\n<meta property=\"og:site_name\" content=\"RioOnWatch\" \/>\n<meta property=\"article:published_time\" content=\"2018-07-05T13:38:32+00:00\" \/>\n<meta property=\"article:modified_time\" content=\"2024-05-24T15:37:53+00:00\" \/>\n<meta property=\"og:image\" content=\"https:\/\/rioonwatch.org.br\/wp-content\/uploads\/2018\/07\/Screen-Shot-2018-07-03-at-7.16.05-PM.png\" \/>\n\t<meta property=\"og:image:width\" content=\"1065\" \/>\n\t<meta property=\"og:image:height\" content=\"584\" \/>\n\t<meta property=\"og:image:type\" content=\"image\/png\" \/>\n<meta name=\"author\" content=\"Sabrina Magalh\u00e3es\" \/>\n<meta name=\"twitter:card\" content=\"summary_large_image\" \/>\n<meta name=\"twitter:label1\" content=\"Escrito por\" \/>\n\t<meta name=\"twitter:data1\" content=\"Sabrina Magalh\u00e3es\" \/>\n\t<meta name=\"twitter:label2\" content=\"Est. tempo de leitura\" \/>\n\t<meta name=\"twitter:data2\" content=\"10 minutos\" \/>\n<script type=\"application\/ld+json\" class=\"yoast-schema-graph\">{\"@context\":\"https:\/\/schema.org\",\"@graph\":[{\"@type\":\"Article\",\"@id\":\"https:\/\/rioonwatch.org.br\/?p=34412#article\",\"isPartOf\":{\"@id\":\"https:\/\/rioonwatch.org.br\/?p=34412\"},\"author\":{\"name\":\"Sabrina Magalh\u00e3es\",\"@id\":\"https:\/\/rioonwatch.org.br\/#\/schema\/person\/ef73f9330a7ee8cb99c98701b84f5a25\"},\"headline\":\"Seis Pr\u00e9-Candidatas &#8216;Pretas por Marielle&#8217; Ressaltam Import\u00e2ncia de Negras na Pol\u00edtica\",\"datePublished\":\"2018-07-05T13:38:32+00:00\",\"dateModified\":\"2024-05-24T15:37:53+00:00\",\"mainEntityOfPage\":{\"@id\":\"https:\/\/rioonwatch.org.br\/?p=34412\"},\"wordCount\":2082,\"publisher\":{\"@id\":\"https:\/\/rioonwatch.org.br\/#organization\"},\"image\":{\"@id\":\"https:\/\/rioonwatch.org.br\/?p=34412#primaryimage\"},\"thumbnailUrl\":\"https:\/\/rioonwatch.org.br\/wp-content\/uploads\/2018\/07\/Screen-Shot-2018-07-03-at-7.16.05-PM.png\",\"keywords\":[\"Alerj\",\"Antirracismo\",\"Baixada Fluminense\",\"Complexo da Mar\u00e9\",\"comunidade x academia\",\"cotas\",\"Elei\u00e7\u00f5es\",\"empoderamento\",\"g\u00eanero\",\"inclus\u00e3o\",\"interven\u00e7\u00e3o militar\",\"Legado de Marielle\",\"LGBTQIAPN+\",\"Marcelo Freixo\",\"Marielle Franco\",\"negritude\",\"Niter\u00f3i\",\"participa\u00e7\u00e3o\",\"pol\u00edtica\",\"pol\u00edtica de seguran\u00e7a\",\"PSOL\",\"resist\u00eancia\",\"viol\u00eancia de Estado\",\"viol\u00eancia policial\"],\"articleSection\":[\"#OlhoNaParticipa\u00e7\u00e3o\",\"*Destaque\",\"Cobertura de Eventos\",\"Cultura da Favela\",\"Sociedade Civil\"],\"inLanguage\":\"pt-BR\"},{\"@type\":\"WebPage\",\"@id\":\"https:\/\/rioonwatch.org.br\/?p=34412\",\"url\":\"https:\/\/rioonwatch.org.br\/?p=34412\",\"name\":\"Seis Pr\u00e9-Candidatas 'Pretas por Marielle' Ressaltam Import\u00e2ncia de Negras na Pol\u00edtica - RioOnWatch\",\"isPartOf\":{\"@id\":\"https:\/\/rioonwatch.org.br\/#website\"},\"primaryImageOfPage\":{\"@id\":\"https:\/\/rioonwatch.org.br\/?p=34412#primaryimage\"},\"image\":{\"@id\":\"https:\/\/rioonwatch.org.br\/?p=34412#primaryimage\"},\"thumbnailUrl\":\"https:\/\/rioonwatch.org.br\/wp-content\/uploads\/2018\/07\/Screen-Shot-2018-07-03-at-7.16.05-PM.png\",\"datePublished\":\"2018-07-05T13:38:32+00:00\",\"dateModified\":\"2024-05-24T15:37:53+00:00\",\"breadcrumb\":{\"@id\":\"https:\/\/rioonwatch.org.br\/?p=34412#breadcrumb\"},\"inLanguage\":\"pt-BR\",\"potentialAction\":[{\"@type\":\"ReadAction\",\"target\":[\"https:\/\/rioonwatch.org.br\/?p=34412\"]}]},{\"@type\":\"ImageObject\",\"inLanguage\":\"pt-BR\",\"@id\":\"https:\/\/rioonwatch.org.br\/?p=34412#primaryimage\",\"url\":\"https:\/\/rioonwatch.org.br\/wp-content\/uploads\/2018\/07\/Screen-Shot-2018-07-03-at-7.16.05-PM.png\",\"contentUrl\":\"https:\/\/rioonwatch.org.br\/wp-content\/uploads\/2018\/07\/Screen-Shot-2018-07-03-at-7.16.05-PM.png\",\"width\":1065,\"height\":584},{\"@type\":\"BreadcrumbList\",\"@id\":\"https:\/\/rioonwatch.org.br\/?p=34412#breadcrumb\",\"itemListElement\":[{\"@type\":\"ListItem\",\"position\":1,\"name\":\"In\u00edcio\",\"item\":\"https:\/\/rioonwatch.org.br\/\"},{\"@type\":\"ListItem\",\"position\":2,\"name\":\"Seis Pr\u00e9-Candidatas &#8216;Pretas por Marielle&#8217; Ressaltam Import\u00e2ncia de Negras na Pol\u00edtica\"}]},{\"@type\":\"WebSite\",\"@id\":\"https:\/\/rioonwatch.org.br\/#website\",\"url\":\"https:\/\/rioonwatch.org.br\/\",\"name\":\"RioOnWatch\",\"description\":\"relatos das favelas cariocas\",\"publisher\":{\"@id\":\"https:\/\/rioonwatch.org.br\/#organization\"},\"potentialAction\":[{\"@type\":\"SearchAction\",\"target\":{\"@type\":\"EntryPoint\",\"urlTemplate\":\"https:\/\/rioonwatch.org.br\/?s={search_term_string}\"},\"query-input\":{\"@type\":\"PropertyValueSpecification\",\"valueRequired\":true,\"valueName\":\"search_term_string\"}}],\"inLanguage\":\"pt-BR\"},{\"@type\":\"Organization\",\"@id\":\"https:\/\/rioonwatch.org.br\/#organization\",\"name\":\"RioOnWatch\",\"url\":\"https:\/\/rioonwatch.org.br\/\",\"logo\":{\"@type\":\"ImageObject\",\"inLanguage\":\"pt-BR\",\"@id\":\"https:\/\/rioonwatch.org.br\/#\/schema\/logo\/image\/\",\"url\":\"https:\/\/rioonwatch.org.br\/wp-content\/uploads\/2021\/06\/RioOnWatchcabecalhoPT11anos-2.png\",\"contentUrl\":\"https:\/\/rioonwatch.org.br\/wp-content\/uploads\/2021\/06\/RioOnWatchcabecalhoPT11anos-2.png\",\"width\":779,\"height\":277,\"caption\":\"RioOnWatch\"},\"image\":{\"@id\":\"https:\/\/rioonwatch.org.br\/#\/schema\/logo\/image\/\"}},{\"@type\":\"Person\",\"@id\":\"https:\/\/rioonwatch.org.br\/#\/schema\/person\/ef73f9330a7ee8cb99c98701b84f5a25\",\"name\":\"Sabrina Magalh\u00e3es\",\"image\":{\"@type\":\"ImageObject\",\"inLanguage\":\"pt-BR\",\"@id\":\"https:\/\/rioonwatch.org.br\/#\/schema\/person\/image\/\",\"url\":\"https:\/\/secure.gravatar.com\/avatar\/01b9666de9882ca90995811d6c30e71b?s=96&d=blank&r=g\",\"contentUrl\":\"https:\/\/secure.gravatar.com\/avatar\/01b9666de9882ca90995811d6c30e71b?s=96&d=blank&r=g\",\"caption\":\"Sabrina Magalh\u00e3es\"},\"url\":\"https:\/\/rioonwatch.org.br\/?author=159\"}]}<\/script>\n<!-- \/ Yoast SEO plugin. -->","yoast_head_json":{"title":"Seis Pr\u00e9-Candidatas 'Pretas por Marielle' Ressaltam Import\u00e2ncia de Negras na Pol\u00edtica - RioOnWatch","robots":{"index":"index","follow":"follow","max-snippet":"max-snippet:-1","max-image-preview":"max-image-preview:large","max-video-preview":"max-video-preview:-1"},"canonical":"https:\/\/rioonwatch.org.br\/?p=34412","og_locale":"pt_BR","og_type":"article","og_title":"Seis Pr\u00e9-Candidatas 'Pretas por Marielle' Ressaltam Import\u00e2ncia de Negras na Pol\u00edtica - RioOnWatch","og_description":"Click Here for English No dia 28 de junho, foi organizado na Casa das Pretas, na Lapa, o bate-papo \u201cPretas por Marielle\u201d com seis pr\u00e9-candidatas negras \u00e0s elei\u00e7\u00f5es de outubro sobre a import\u00e2ncia da representatividade [...]","og_url":"https:\/\/rioonwatch.org.br\/?p=34412","og_site_name":"RioOnWatch","article_published_time":"2018-07-05T13:38:32+00:00","article_modified_time":"2024-05-24T15:37:53+00:00","og_image":[{"width":1065,"height":584,"url":"https:\/\/rioonwatch.org.br\/wp-content\/uploads\/2018\/07\/Screen-Shot-2018-07-03-at-7.16.05-PM.png","type":"image\/png"}],"author":"Sabrina Magalh\u00e3es","twitter_card":"summary_large_image","twitter_misc":{"Escrito por":"Sabrina Magalh\u00e3es","Est. tempo de leitura":"10 minutos"},"schema":{"@context":"https:\/\/schema.org","@graph":[{"@type":"Article","@id":"https:\/\/rioonwatch.org.br\/?p=34412#article","isPartOf":{"@id":"https:\/\/rioonwatch.org.br\/?p=34412"},"author":{"name":"Sabrina Magalh\u00e3es","@id":"https:\/\/rioonwatch.org.br\/#\/schema\/person\/ef73f9330a7ee8cb99c98701b84f5a25"},"headline":"Seis Pr\u00e9-Candidatas &#8216;Pretas por Marielle&#8217; Ressaltam Import\u00e2ncia de Negras na Pol\u00edtica","datePublished":"2018-07-05T13:38:32+00:00","dateModified":"2024-05-24T15:37:53+00:00","mainEntityOfPage":{"@id":"https:\/\/rioonwatch.org.br\/?p=34412"},"wordCount":2082,"publisher":{"@id":"https:\/\/rioonwatch.org.br\/#organization"},"image":{"@id":"https:\/\/rioonwatch.org.br\/?p=34412#primaryimage"},"thumbnailUrl":"https:\/\/rioonwatch.org.br\/wp-content\/uploads\/2018\/07\/Screen-Shot-2018-07-03-at-7.16.05-PM.png","keywords":["Alerj","Antirracismo","Baixada Fluminense","Complexo da Mar\u00e9","comunidade x academia","cotas","Elei\u00e7\u00f5es","empoderamento","g\u00eanero","inclus\u00e3o","interven\u00e7\u00e3o militar","Legado de Marielle","LGBTQIAPN+","Marcelo Freixo","Marielle Franco","negritude","Niter\u00f3i","participa\u00e7\u00e3o","pol\u00edtica","pol\u00edtica de seguran\u00e7a","PSOL","resist\u00eancia","viol\u00eancia de Estado","viol\u00eancia policial"],"articleSection":["#OlhoNaParticipa\u00e7\u00e3o","*Destaque","Cobertura de Eventos","Cultura da Favela","Sociedade Civil"],"inLanguage":"pt-BR"},{"@type":"WebPage","@id":"https:\/\/rioonwatch.org.br\/?p=34412","url":"https:\/\/rioonwatch.org.br\/?p=34412","name":"Seis Pr\u00e9-Candidatas 'Pretas por Marielle' Ressaltam Import\u00e2ncia de Negras na Pol\u00edtica - RioOnWatch","isPartOf":{"@id":"https:\/\/rioonwatch.org.br\/#website"},"primaryImageOfPage":{"@id":"https:\/\/rioonwatch.org.br\/?p=34412#primaryimage"},"image":{"@id":"https:\/\/rioonwatch.org.br\/?p=34412#primaryimage"},"thumbnailUrl":"https:\/\/rioonwatch.org.br\/wp-content\/uploads\/2018\/07\/Screen-Shot-2018-07-03-at-7.16.05-PM.png","datePublished":"2018-07-05T13:38:32+00:00","dateModified":"2024-05-24T15:37:53+00:00","breadcrumb":{"@id":"https:\/\/rioonwatch.org.br\/?p=34412#breadcrumb"},"inLanguage":"pt-BR","potentialAction":[{"@type":"ReadAction","target":["https:\/\/rioonwatch.org.br\/?p=34412"]}]},{"@type":"ImageObject","inLanguage":"pt-BR","@id":"https:\/\/rioonwatch.org.br\/?p=34412#primaryimage","url":"https:\/\/rioonwatch.org.br\/wp-content\/uploads\/2018\/07\/Screen-Shot-2018-07-03-at-7.16.05-PM.png","contentUrl":"https:\/\/rioonwatch.org.br\/wp-content\/uploads\/2018\/07\/Screen-Shot-2018-07-03-at-7.16.05-PM.png","width":1065,"height":584},{"@type":"BreadcrumbList","@id":"https:\/\/rioonwatch.org.br\/?p=34412#breadcrumb","itemListElement":[{"@type":"ListItem","position":1,"name":"In\u00edcio","item":"https:\/\/rioonwatch.org.br\/"},{"@type":"ListItem","position":2,"name":"Seis Pr\u00e9-Candidatas &#8216;Pretas por Marielle&#8217; Ressaltam Import\u00e2ncia de Negras na Pol\u00edtica"}]},{"@type":"WebSite","@id":"https:\/\/rioonwatch.org.br\/#website","url":"https:\/\/rioonwatch.org.br\/","name":"RioOnWatch","description":"relatos das favelas cariocas","publisher":{"@id":"https:\/\/rioonwatch.org.br\/#organization"},"potentialAction":[{"@type":"SearchAction","target":{"@type":"EntryPoint","urlTemplate":"https:\/\/rioonwatch.org.br\/?s={search_term_string}"},"query-input":{"@type":"PropertyValueSpecification","valueRequired":true,"valueName":"search_term_string"}}],"inLanguage":"pt-BR"},{"@type":"Organization","@id":"https:\/\/rioonwatch.org.br\/#organization","name":"RioOnWatch","url":"https:\/\/rioonwatch.org.br\/","logo":{"@type":"ImageObject","inLanguage":"pt-BR","@id":"https:\/\/rioonwatch.org.br\/#\/schema\/logo\/image\/","url":"https:\/\/rioonwatch.org.br\/wp-content\/uploads\/2021\/06\/RioOnWatchcabecalhoPT11anos-2.png","contentUrl":"https:\/\/rioonwatch.org.br\/wp-content\/uploads\/2021\/06\/RioOnWatchcabecalhoPT11anos-2.png","width":779,"height":277,"caption":"RioOnWatch"},"image":{"@id":"https:\/\/rioonwatch.org.br\/#\/schema\/logo\/image\/"}},{"@type":"Person","@id":"https:\/\/rioonwatch.org.br\/#\/schema\/person\/ef73f9330a7ee8cb99c98701b84f5a25","name":"Sabrina Magalh\u00e3es","image":{"@type":"ImageObject","inLanguage":"pt-BR","@id":"https:\/\/rioonwatch.org.br\/#\/schema\/person\/image\/","url":"https:\/\/secure.gravatar.com\/avatar\/01b9666de9882ca90995811d6c30e71b?s=96&d=blank&r=g","contentUrl":"https:\/\/secure.gravatar.com\/avatar\/01b9666de9882ca90995811d6c30e71b?s=96&d=blank&r=g","caption":"Sabrina Magalh\u00e3es"},"url":"https:\/\/rioonwatch.org.br\/?author=159"}]}},"_links":{"self":[{"href":"https:\/\/rioonwatch.org.br\/index.php?rest_route=\/wp\/v2\/posts\/34412"}],"collection":[{"href":"https:\/\/rioonwatch.org.br\/index.php?rest_route=\/wp\/v2\/posts"}],"about":[{"href":"https:\/\/rioonwatch.org.br\/index.php?rest_route=\/wp\/v2\/types\/post"}],"author":[{"embeddable":true,"href":"https:\/\/rioonwatch.org.br\/index.php?rest_route=\/wp\/v2\/users\/159"}],"replies":[{"embeddable":true,"href":"https:\/\/rioonwatch.org.br\/index.php?rest_route=%2Fwp%2Fv2%2Fcomments&post=34412"}],"version-history":[{"count":30,"href":"https:\/\/rioonwatch.org.br\/index.php?rest_route=\/wp\/v2\/posts\/34412\/revisions"}],"predecessor-version":[{"id":63159,"href":"https:\/\/rioonwatch.org.br\/index.php?rest_route=\/wp\/v2\/posts\/34412\/revisions\/63159"}],"wp:featuredmedia":[{"embeddable":true,"href":"https:\/\/rioonwatch.org.br\/index.php?rest_route=\/wp\/v2\/media\/34418"}],"wp:attachment":[{"href":"https:\/\/rioonwatch.org.br\/index.php?rest_route=%2Fwp%2Fv2%2Fmedia&parent=34412"}],"wp:term":[{"taxonomy":"category","embeddable":true,"href":"https:\/\/rioonwatch.org.br\/index.php?rest_route=%2Fwp%2Fv2%2Fcategories&post=34412"},{"taxonomy":"post_tag","embeddable":true,"href":"https:\/\/rioonwatch.org.br\/index.php?rest_route=%2Fwp%2Fv2%2Ftags&post=34412"},{"taxonomy":"writer","embeddable":true,"href":"https:\/\/rioonwatch.org.br\/index.php?rest_route=%2Fwp%2Fv2%2Fwriter&post=34412"},{"taxonomy":"translator","embeddable":true,"href":"https:\/\/rioonwatch.org.br\/index.php?rest_route=%2Fwp%2Fv2%2Ftranslator&post=34412"},{"taxonomy":"source","embeddable":true,"href":"https:\/\/rioonwatch.org.br\/index.php?rest_route=%2Fwp%2Fv2%2Fsource&post=34412"},{"taxonomy":"ilustrador","embeddable":true,"href":"https:\/\/rioonwatch.org.br\/index.php?rest_route=%2Fwp%2Fv2%2Filustrador&post=34412"},{"taxonomy":"fotografo","embeddable":true,"href":"https:\/\/rioonwatch.org.br\/index.php?rest_route=%2Fwp%2Fv2%2Ffotografo&post=34412"}],"curies":[{"name":"wp","href":"https:\/\/api.w.org\/{rel}","templated":true}]}}