{"id":34445,"date":"2018-07-06T08:27:00","date_gmt":"2018-07-06T11:27:00","guid":{"rendered":"http:\/\/rioonwatch.org.br\/?p=34445"},"modified":"2024-06-20T16:24:04","modified_gmt":"2024-06-20T19:24:04","slug":"festa-junina-anual-da-vila-autodromo-celebra-a-esperanca-e-perseveranca","status":"publish","type":"post","link":"https:\/\/rioonwatch.org.br\/?p=34445","title":{"rendered":"Festa Junina Anual da Vila Aut\u00f3dromo Celebra a Esperan\u00e7a e Perseveran\u00e7a"},"content":{"rendered":"<p style=\"text-align: right;\"><em><strong><a href=\"http:\/\/bit.ly\/2lP3NkY\" target=\"_blank\" rel=\"noopener noreferrer\">Click Here for English<img decoding=\"async\" width=\"20\" height=\"20\" class=\"alignright wp-image-15790\" src=\"http:\/\/rioonwatch.org.br\/wp-content\/uploads\/2012\/08\/EN-standard-e1439583104716.jpg\" \/><\/a><\/strong><\/em><\/p>\n<p><span style=\"font-weight: 400;\">Na noite de s\u00e1bado, dia 30 de junho, moradores da <a href=\"http:\/\/bit.ly\/Nfddvg\" target=\"_blank\" rel=\"noopener\">Vila Aut\u00f3dromo<\/a>\u00a0realizaram\u00a0<a href=\"http:\/\/bit.ly\/299Ql7l\" target=\"_blank\" rel=\"noopener\">seu arrai\u00e1 anual<\/a>.<\/span><span style=\"font-weight: 400;\">\u00a0A comunidade recebeu por volta de 40 pessoas de bairros pr\u00f3ximos e distantes. Durante a tarde, a rua principal da Vila Aut\u00f3dromo se encheu de risadas com crian\u00e7as brincando e adultos compartilhando uma boa conversa e boas lembran\u00e7as, acompanhadas por pratos tradicionais e um churrasco.<\/span><\/p>\n<p><span style=\"font-weight: 400;\">Entre servir sopas quentes, arrumar o sistema de som, e conversar com quem chegava, o co-organizador do evento <a href=\"http:\/\/bit.ly\/2y4Isw7\" target=\"_blank\" rel=\"noopener\">Luiz Claudio Silva<\/a> parou para trocar uma palavra com o <\/span><i><span style=\"font-weight: 400;\">RioOnWatch. <\/span><\/i><span style=\"font-weight: 400;\">Luiz<\/span><span style=\"font-weight: 400;\">\u00a0morou na Vila Aut\u00f3dromo por 25 anos e continua a viver l\u00e1, em uma das <a href=\"http:\/\/bit.ly\/2HqPRKk\" target=\"_blank\" rel=\"noopener\">20 casas<\/a> que formam a comunidade hoje. Ele explicou que a comunidade come\u00e7ou a realizar o\u00a0<\/span><span style=\"font-weight: 400;\">arrai\u00e1 <\/span><span style=\"font-weight: 400;\">e <a href=\"http:\/\/bit.ly\/1NB3l2b\" target=\"_blank\" rel=\"noopener\">muitos outros eventos culturais<\/a> nos anos anteriores \u00e0s Olimp\u00edadas de 2016 quando a Vila Aut\u00f3dromo\u00a0estava sendo alvo de remo\u00e7\u00e3o pela prefeitura.<\/span><\/p>\n<p><span style=\"font-weight: 400;\">Para Luiz, o <\/span><span style=\"font-weight: 400;\">arrai\u00e1 <\/span><span style=\"font-weight: 400;\">\u00e9 um testemunho ao <a href=\"http:\/\/bit.ly\/2k0r1GI\" target=\"_blank\" rel=\"noopener\">esp\u00edrito comunit\u00e1rio duradouro<\/a> da Vila Aut\u00f3dromo. Ele pontuou,\u00a0<\/span><span style=\"font-weight: 400;\">&#8220;n\u00f3s conseguimos fazer v\u00e1rios eventos culturais nos per\u00edodos dif\u00edceis. Ent\u00e3o, Por que n\u00e3o continuar? Se teve festa nos momentos ruins, ent\u00e3o vamos ter tamb\u00e9m nos momentos bons&#8221;.<\/span><\/p>\n<p><a href=\"http:\/\/rioonwatch.org.br\/wp-content\/uploads\/2018\/07\/20180630_212706.jpg\"><img fetchpriority=\"high\" decoding=\"async\" class=\"aligncenter wp-image-34455 size-content\" title=\"Fantasias no arrai\u00e1 da Vila Aut\u00f3dromo\" src=\"http:\/\/rioonwatch.org.br\/wp-content\/uploads\/2018\/07\/20180630_212706-620x264.jpg\" alt=\"\" width=\"620\" height=\"264\" srcset=\"https:\/\/rioonwatch.org.br\/wp-content\/uploads\/2018\/07\/20180630_212706-620x264.jpg 620w, https:\/\/rioonwatch.org.br\/wp-content\/uploads\/2018\/07\/20180630_212706-940x400.jpg 940w\" sizes=\"(max-width: 620px) 100vw, 620px\" \/><\/a><\/p>\n<p><span style=\"font-weight: 400;\">Para o frequentador Pedro Victor Freire dos Santos, a festa \u00e9 uma comemora\u00e7\u00e3o da resist\u00eancia da Vila Aut\u00f3dromo.\u00a0Ele notou que os valores dos im\u00f3veis na \u00e1rea estavam <a href=\"http:\/\/bit.ly\/1TbcpQ3\" target=\"_blank\" rel=\"noopener\">subindo rapidamente na \u00e9poca dos preparativos Ol\u00edmpicos<\/a>.\u00a0Como conseq\u00fc\u00eancia, empreendedores imobili\u00e1rios estavam de olho em comunidades, como na Vila Aut\u00f3dromo, visando o <a href=\"https:\/\/bbc.in\/2KEJm8w\" target=\"_blank\" rel=\"noopener\">uso da terra para a constru\u00e7\u00e3o de complexos de apartamentos de luxo<\/a>. Pedro<\/span><span style=\"font-weight: 400;\">\u00a0explicou, \u201ca perman\u00eancia das pessoas serve para nos lembrar das vit\u00f3rias da luta&#8221;.<\/span><\/p>\n<p><span style=\"font-weight: 400;\">Pedro tamb\u00e9m acredita que as festas culturais feitas pela Vila Aut\u00f3dromo contribuem para esfor\u00e7os mais abrangentes como reivindicar o <a href=\"http:\/\/bit.ly\/GRb6lx\" target=\"_blank\" rel=\"noopener\">direito \u00e0 cidade<\/a> das pessoas. Ele refletiu, \u201c<\/span><span style=\"font-weight: 400;\">Estamos mostrando que a luta tamb\u00e9m constr\u00f3i festas, eventos culturais onde a gente consegue sentar junto, conhecer pessoas novas e nos divertir. Todos os espa\u00e7os servem para gente pensar na nossa vida, e construir uma sociedade diferente&#8221;.<\/span><\/p>\n<p><a href=\"http:\/\/rioonwatch.org.br\/wp-content\/uploads\/2018\/07\/Dancing-at-Vila-Auto\u0301dromo.-Photo-by-Museu-das-Remoc\u0327o\u0303es-e1530558617859.jpg\"><img decoding=\"async\" class=\"aligncenter wp-image-34458 size-content\" title=\"Foto por Museu das Remo\u00e7\u00f5es\" src=\"http:\/\/rioonwatch.org.br\/wp-content\/uploads\/2018\/07\/Dancing-at-Vila-Auto\u0301dromo.-Photo-by-Museu-das-Remoc\u0327o\u0303es-e1530558617859-620x264.jpg\" alt=\"\" width=\"620\" height=\"264\" srcset=\"https:\/\/rioonwatch.org.br\/wp-content\/uploads\/2018\/07\/Dancing-at-Vila-Auto\u0301dromo.-Photo-by-Museu-das-Remoc\u0327o\u0303es-e1530558617859-620x264.jpg 620w, https:\/\/rioonwatch.org.br\/wp-content\/uploads\/2018\/07\/Dancing-at-Vila-Auto\u0301dromo.-Photo-by-Museu-das-Remoc\u0327o\u0303es-e1530558617859-940x400.jpg 940w\" sizes=\"(max-width: 620px) 100vw, 620px\" \/><\/a><\/p>\n<p><span style=\"font-weight: 400;\">Tarde da noite, pessoas de todas as idades, alguns vestidos com chap\u00e9us de palha, camisas xadrez, vestidos, e saias de babado, se alinharam para participar da <\/span><span style=\"font-weight: 400;\">quadrilha<\/span><span style=\"font-weight: 400;\">. Dando as m\u00e3os e dan\u00e7ando lado a lado, os membros da comunidade e os visitantes dan\u00e7aram noite adentro, enchendo-se de alegria e camaradagem. <\/span><\/p>\n<p><a href=\"http:\/\/rioonwatch.org.br\/wp-content\/uploads\/2018\/07\/36519212_2117258948533256_802338807591469056_o.jpg\"><img loading=\"lazy\" decoding=\"async\" class=\"aligncenter wp-image-34460 size-content\" title=\"Foto por Museu das Remo\u00e7\u00f5es\" src=\"http:\/\/rioonwatch.org.br\/wp-content\/uploads\/2018\/07\/36519212_2117258948533256_802338807591469056_o-620x264.jpg\" alt=\"\" width=\"620\" height=\"264\" srcset=\"https:\/\/rioonwatch.org.br\/wp-content\/uploads\/2018\/07\/36519212_2117258948533256_802338807591469056_o-620x264.jpg 620w, https:\/\/rioonwatch.org.br\/wp-content\/uploads\/2018\/07\/36519212_2117258948533256_802338807591469056_o-940x400.jpg 940w\" sizes=\"(max-width: 620px) 100vw, 620px\" \/><\/a><\/p>\n<!-- AddThis Advanced Settings generic via filter on the_content --><!-- AddThis Share Buttons generic via filter on the_content -->","protected":false},"excerpt":{"rendered":"<div class=\"mh-excerpt\"><p>Click Here for English Na noite de s\u00e1bado, dia 30 de junho, moradores da Vila Aut\u00f3dromo\u00a0realizaram\u00a0seu arrai\u00e1 anual.\u00a0A comunidade recebeu por volta de 40 pessoas de bairros pr\u00f3ximos e distantes. Durante a tarde, a rua <a class=\"mh-excerpt-more\" href=\"https:\/\/rioonwatch.org.br\/?p=34445\" title=\"Festa Junina Anual da Vila Aut\u00f3dromo Celebra a Esperan\u00e7a e Perseveran\u00e7a\">[&#8230;]<\/a><!-- AddThis Advanced Settings generic via filter on get_the_excerpt --><!-- AddThis Share Buttons generic via filter on get_the_excerpt --><\/p>\n<\/div>","protected":false},"author":129,"featured_media":34447,"comment_status":"closed","ping_status":"closed","sticky":false,"template":"","format":"standard","meta":{"_acf_changed":false,"_monsterinsights_skip_tracking":false,"_monsterinsights_sitenote_active":false,"_monsterinsights_sitenote_note":"","_monsterinsights_sitenote_category":0,"footnotes":""},"categories":[2051,1635,1627,1615,1626],"tags":[274,81,421,831,396,1893,395,447,1240,1151,78,14,432,55,184],"writer":[2320],"translator":[2376],"source":[],"ilustrador":[],"fotografo":[],"class_list":{"0":"post-34445","1":"post","2":"type-post","3":"status-publish","4":"format-standard","5":"has-post-thumbnail","7":"category-olhonolegado","8":"category-1635","9":"category-relato-de-evento","10":"category-cultura-da-favela","11":"category-por-observadores-internacionais","12":"tag-barra-da-tijuca","13":"tag-cultura","14":"tag-cultura-da-favela","15":"tag-direito-a-cidade","16":"tag-especulacao-imobiliaria","17":"tag-festa-junina","18":"tag-gentrificacao-remocao-branca","19":"tag-jacarepagua","20":"tag-megaeventos","21":"tag-organizacao","22":"tag-olimpiadas","23":"tag-remocao","24":"tag-resistencia","25":"tag-vila-autodromo","26":"tag-zona-oeste","27":"writer-sophy-chan","28":"translator-isabella-fragelli"},"acf":[],"yoast_head":"<!-- This site is optimized with the Yoast SEO plugin v25.6 - https:\/\/yoast.com\/wordpress\/plugins\/seo\/ -->\n<title>Festa Junina Anual da Vila Aut\u00f3dromo Celebra a Esperan\u00e7a e Perseveran\u00e7a - RioOnWatch<\/title>\n<meta name=\"robots\" content=\"index, follow, max-snippet:-1, max-image-preview:large, max-video-preview:-1\" \/>\n<link rel=\"canonical\" href=\"https:\/\/rioonwatch.org.br\/?p=34445\" \/>\n<meta property=\"og:locale\" content=\"pt_BR\" \/>\n<meta property=\"og:type\" content=\"article\" \/>\n<meta property=\"og:title\" content=\"Festa Junina Anual da Vila Aut\u00f3dromo Celebra a Esperan\u00e7a e Perseveran\u00e7a - RioOnWatch\" \/>\n<meta property=\"og:description\" content=\"Click Here for English Na noite de s\u00e1bado, dia 30 de junho, moradores da Vila Aut\u00f3dromo\u00a0realizaram\u00a0seu arrai\u00e1 anual.\u00a0A comunidade recebeu por volta de 40 pessoas de bairros pr\u00f3ximos e distantes. Durante a tarde, a rua [...]\" \/>\n<meta property=\"og:url\" content=\"https:\/\/rioonwatch.org.br\/?p=34445\" \/>\n<meta property=\"og:site_name\" content=\"RioOnWatch\" \/>\n<meta property=\"article:published_time\" content=\"2018-07-06T11:27:00+00:00\" \/>\n<meta property=\"article:modified_time\" content=\"2024-06-20T19:24:04+00:00\" \/>\n<meta property=\"og:image\" content=\"https:\/\/rioonwatch.org.br\/wp-content\/uploads\/2018\/07\/Vila-Auto\u0301dromo-arraia\u0301.-Photo-by-Sophy-Chan-e1530558427346.jpg\" \/>\n\t<meta property=\"og:image:width\" content=\"1982\" \/>\n\t<meta property=\"og:image:height\" content=\"816\" \/>\n\t<meta property=\"og:image:type\" content=\"image\/jpeg\" \/>\n<meta name=\"author\" content=\"Admin\" \/>\n<meta name=\"twitter:card\" content=\"summary_large_image\" \/>\n<meta name=\"twitter:label1\" content=\"Escrito por\" \/>\n\t<meta name=\"twitter:data1\" content=\"Admin\" \/>\n\t<meta name=\"twitter:label2\" content=\"Est. tempo de leitura\" \/>\n\t<meta name=\"twitter:data2\" content=\"2 minutos\" \/>\n<script type=\"application\/ld+json\" class=\"yoast-schema-graph\">{\"@context\":\"https:\/\/schema.org\",\"@graph\":[{\"@type\":\"Article\",\"@id\":\"https:\/\/rioonwatch.org.br\/?p=34445#article\",\"isPartOf\":{\"@id\":\"https:\/\/rioonwatch.org.br\/?p=34445\"},\"author\":{\"name\":\"Admin\",\"@id\":\"https:\/\/rioonwatch.org.br\/#\/schema\/person\/11d64c290506f9df50c71b850c473f68\"},\"headline\":\"Festa Junina Anual da Vila Aut\u00f3dromo Celebra a Esperan\u00e7a e Perseveran\u00e7a\",\"datePublished\":\"2018-07-06T11:27:00+00:00\",\"dateModified\":\"2024-06-20T19:24:04+00:00\",\"mainEntityOfPage\":{\"@id\":\"https:\/\/rioonwatch.org.br\/?p=34445\"},\"wordCount\":431,\"publisher\":{\"@id\":\"https:\/\/rioonwatch.org.br\/#organization\"},\"image\":{\"@id\":\"https:\/\/rioonwatch.org.br\/?p=34445#primaryimage\"},\"thumbnailUrl\":\"https:\/\/rioonwatch.org.br\/wp-content\/uploads\/2018\/07\/Vila-Auto\u0301dromo-arraia\u0301.-Photo-by-Sophy-Chan-e1530558427346.jpg\",\"keywords\":[\"Barra da Tijuca\",\"cultura\",\"cultura da favela\",\"Direito \u00e0 Cidade\",\"especula\u00e7\u00e3o imobili\u00e1ria\",\"festa junina\",\"gentrifica\u00e7\u00e3o\",\"Jacarepagu\u00e1\",\"Megaeventos\",\"mobiliza\u00e7\u00e3o\",\"Olimp\u00edadas\",\"Remo\u00e7\u00e3o\",\"resist\u00eancia\",\"Vila Aut\u00f3dromo\",\"Zona Oeste\"],\"articleSection\":[\"#OlhoNoLegado\",\"#Rio2016\",\"Cobertura de Eventos\",\"Cultura da Favela\",\"Escrito por Aliados\"],\"inLanguage\":\"pt-BR\"},{\"@type\":\"WebPage\",\"@id\":\"https:\/\/rioonwatch.org.br\/?p=34445\",\"url\":\"https:\/\/rioonwatch.org.br\/?p=34445\",\"name\":\"Festa Junina Anual da Vila Aut\u00f3dromo Celebra a Esperan\u00e7a e Perseveran\u00e7a - RioOnWatch\",\"isPartOf\":{\"@id\":\"https:\/\/rioonwatch.org.br\/#website\"},\"primaryImageOfPage\":{\"@id\":\"https:\/\/rioonwatch.org.br\/?p=34445#primaryimage\"},\"image\":{\"@id\":\"https:\/\/rioonwatch.org.br\/?p=34445#primaryimage\"},\"thumbnailUrl\":\"https:\/\/rioonwatch.org.br\/wp-content\/uploads\/2018\/07\/Vila-Auto\u0301dromo-arraia\u0301.-Photo-by-Sophy-Chan-e1530558427346.jpg\",\"datePublished\":\"2018-07-06T11:27:00+00:00\",\"dateModified\":\"2024-06-20T19:24:04+00:00\",\"breadcrumb\":{\"@id\":\"https:\/\/rioonwatch.org.br\/?p=34445#breadcrumb\"},\"inLanguage\":\"pt-BR\",\"potentialAction\":[{\"@type\":\"ReadAction\",\"target\":[\"https:\/\/rioonwatch.org.br\/?p=34445\"]}]},{\"@type\":\"ImageObject\",\"inLanguage\":\"pt-BR\",\"@id\":\"https:\/\/rioonwatch.org.br\/?p=34445#primaryimage\",\"url\":\"https:\/\/rioonwatch.org.br\/wp-content\/uploads\/2018\/07\/Vila-Auto\u0301dromo-arraia\u0301.-Photo-by-Sophy-Chan-e1530558427346.jpg\",\"contentUrl\":\"https:\/\/rioonwatch.org.br\/wp-content\/uploads\/2018\/07\/Vila-Auto\u0301dromo-arraia\u0301.-Photo-by-Sophy-Chan-e1530558427346.jpg\",\"width\":1982,\"height\":816},{\"@type\":\"BreadcrumbList\",\"@id\":\"https:\/\/rioonwatch.org.br\/?p=34445#breadcrumb\",\"itemListElement\":[{\"@type\":\"ListItem\",\"position\":1,\"name\":\"In\u00edcio\",\"item\":\"https:\/\/rioonwatch.org.br\/\"},{\"@type\":\"ListItem\",\"position\":2,\"name\":\"Festa Junina Anual da Vila Aut\u00f3dromo Celebra a Esperan\u00e7a e Perseveran\u00e7a\"}]},{\"@type\":\"WebSite\",\"@id\":\"https:\/\/rioonwatch.org.br\/#website\",\"url\":\"https:\/\/rioonwatch.org.br\/\",\"name\":\"RioOnWatch\",\"description\":\"relatos das favelas cariocas\",\"publisher\":{\"@id\":\"https:\/\/rioonwatch.org.br\/#organization\"},\"potentialAction\":[{\"@type\":\"SearchAction\",\"target\":{\"@type\":\"EntryPoint\",\"urlTemplate\":\"https:\/\/rioonwatch.org.br\/?s={search_term_string}\"},\"query-input\":{\"@type\":\"PropertyValueSpecification\",\"valueRequired\":true,\"valueName\":\"search_term_string\"}}],\"inLanguage\":\"pt-BR\"},{\"@type\":\"Organization\",\"@id\":\"https:\/\/rioonwatch.org.br\/#organization\",\"name\":\"RioOnWatch\",\"url\":\"https:\/\/rioonwatch.org.br\/\",\"logo\":{\"@type\":\"ImageObject\",\"inLanguage\":\"pt-BR\",\"@id\":\"https:\/\/rioonwatch.org.br\/#\/schema\/logo\/image\/\",\"url\":\"https:\/\/rioonwatch.org.br\/wp-content\/uploads\/2021\/06\/RioOnWatchcabecalhoPT11anos-2.png\",\"contentUrl\":\"https:\/\/rioonwatch.org.br\/wp-content\/uploads\/2021\/06\/RioOnWatchcabecalhoPT11anos-2.png\",\"width\":779,\"height\":277,\"caption\":\"RioOnWatch\"},\"image\":{\"@id\":\"https:\/\/rioonwatch.org.br\/#\/schema\/logo\/image\/\"}},{\"@type\":\"Person\",\"@id\":\"https:\/\/rioonwatch.org.br\/#\/schema\/person\/11d64c290506f9df50c71b850c473f68\",\"name\":\"Admin\",\"image\":{\"@type\":\"ImageObject\",\"inLanguage\":\"pt-BR\",\"@id\":\"https:\/\/rioonwatch.org.br\/#\/schema\/person\/image\/\",\"url\":\"https:\/\/secure.gravatar.com\/avatar\/56211ac74568383903349a1485e3c325?s=96&d=blank&r=g\",\"contentUrl\":\"https:\/\/secure.gravatar.com\/avatar\/56211ac74568383903349a1485e3c325?s=96&d=blank&r=g\",\"caption\":\"Admin\"},\"url\":\"https:\/\/rioonwatch.org.br\/?author=129\"}]}<\/script>\n<!-- \/ Yoast SEO plugin. -->","yoast_head_json":{"title":"Festa Junina Anual da Vila Aut\u00f3dromo Celebra a Esperan\u00e7a e Perseveran\u00e7a - RioOnWatch","robots":{"index":"index","follow":"follow","max-snippet":"max-snippet:-1","max-image-preview":"max-image-preview:large","max-video-preview":"max-video-preview:-1"},"canonical":"https:\/\/rioonwatch.org.br\/?p=34445","og_locale":"pt_BR","og_type":"article","og_title":"Festa Junina Anual da Vila Aut\u00f3dromo Celebra a Esperan\u00e7a e Perseveran\u00e7a - RioOnWatch","og_description":"Click Here for English Na noite de s\u00e1bado, dia 30 de junho, moradores da Vila Aut\u00f3dromo\u00a0realizaram\u00a0seu arrai\u00e1 anual.\u00a0A comunidade recebeu por volta de 40 pessoas de bairros pr\u00f3ximos e distantes. Durante a tarde, a rua [...]","og_url":"https:\/\/rioonwatch.org.br\/?p=34445","og_site_name":"RioOnWatch","article_published_time":"2018-07-06T11:27:00+00:00","article_modified_time":"2024-06-20T19:24:04+00:00","og_image":[{"width":1982,"height":816,"url":"https:\/\/rioonwatch.org.br\/wp-content\/uploads\/2018\/07\/Vila-Auto\u0301dromo-arraia\u0301.-Photo-by-Sophy-Chan-e1530558427346.jpg","type":"image\/jpeg"}],"author":"Admin","twitter_card":"summary_large_image","twitter_misc":{"Escrito por":"Admin","Est. tempo de leitura":"2 minutos"},"schema":{"@context":"https:\/\/schema.org","@graph":[{"@type":"Article","@id":"https:\/\/rioonwatch.org.br\/?p=34445#article","isPartOf":{"@id":"https:\/\/rioonwatch.org.br\/?p=34445"},"author":{"name":"Admin","@id":"https:\/\/rioonwatch.org.br\/#\/schema\/person\/11d64c290506f9df50c71b850c473f68"},"headline":"Festa Junina Anual da Vila Aut\u00f3dromo Celebra a Esperan\u00e7a e Perseveran\u00e7a","datePublished":"2018-07-06T11:27:00+00:00","dateModified":"2024-06-20T19:24:04+00:00","mainEntityOfPage":{"@id":"https:\/\/rioonwatch.org.br\/?p=34445"},"wordCount":431,"publisher":{"@id":"https:\/\/rioonwatch.org.br\/#organization"},"image":{"@id":"https:\/\/rioonwatch.org.br\/?p=34445#primaryimage"},"thumbnailUrl":"https:\/\/rioonwatch.org.br\/wp-content\/uploads\/2018\/07\/Vila-Auto\u0301dromo-arraia\u0301.-Photo-by-Sophy-Chan-e1530558427346.jpg","keywords":["Barra da Tijuca","cultura","cultura da favela","Direito \u00e0 Cidade","especula\u00e7\u00e3o imobili\u00e1ria","festa junina","gentrifica\u00e7\u00e3o","Jacarepagu\u00e1","Megaeventos","mobiliza\u00e7\u00e3o","Olimp\u00edadas","Remo\u00e7\u00e3o","resist\u00eancia","Vila Aut\u00f3dromo","Zona Oeste"],"articleSection":["#OlhoNoLegado","#Rio2016","Cobertura de Eventos","Cultura da Favela","Escrito por Aliados"],"inLanguage":"pt-BR"},{"@type":"WebPage","@id":"https:\/\/rioonwatch.org.br\/?p=34445","url":"https:\/\/rioonwatch.org.br\/?p=34445","name":"Festa Junina Anual da Vila Aut\u00f3dromo Celebra a Esperan\u00e7a e Perseveran\u00e7a - RioOnWatch","isPartOf":{"@id":"https:\/\/rioonwatch.org.br\/#website"},"primaryImageOfPage":{"@id":"https:\/\/rioonwatch.org.br\/?p=34445#primaryimage"},"image":{"@id":"https:\/\/rioonwatch.org.br\/?p=34445#primaryimage"},"thumbnailUrl":"https:\/\/rioonwatch.org.br\/wp-content\/uploads\/2018\/07\/Vila-Auto\u0301dromo-arraia\u0301.-Photo-by-Sophy-Chan-e1530558427346.jpg","datePublished":"2018-07-06T11:27:00+00:00","dateModified":"2024-06-20T19:24:04+00:00","breadcrumb":{"@id":"https:\/\/rioonwatch.org.br\/?p=34445#breadcrumb"},"inLanguage":"pt-BR","potentialAction":[{"@type":"ReadAction","target":["https:\/\/rioonwatch.org.br\/?p=34445"]}]},{"@type":"ImageObject","inLanguage":"pt-BR","@id":"https:\/\/rioonwatch.org.br\/?p=34445#primaryimage","url":"https:\/\/rioonwatch.org.br\/wp-content\/uploads\/2018\/07\/Vila-Auto\u0301dromo-arraia\u0301.-Photo-by-Sophy-Chan-e1530558427346.jpg","contentUrl":"https:\/\/rioonwatch.org.br\/wp-content\/uploads\/2018\/07\/Vila-Auto\u0301dromo-arraia\u0301.-Photo-by-Sophy-Chan-e1530558427346.jpg","width":1982,"height":816},{"@type":"BreadcrumbList","@id":"https:\/\/rioonwatch.org.br\/?p=34445#breadcrumb","itemListElement":[{"@type":"ListItem","position":1,"name":"In\u00edcio","item":"https:\/\/rioonwatch.org.br\/"},{"@type":"ListItem","position":2,"name":"Festa Junina Anual da Vila Aut\u00f3dromo Celebra a Esperan\u00e7a e Perseveran\u00e7a"}]},{"@type":"WebSite","@id":"https:\/\/rioonwatch.org.br\/#website","url":"https:\/\/rioonwatch.org.br\/","name":"RioOnWatch","description":"relatos das favelas cariocas","publisher":{"@id":"https:\/\/rioonwatch.org.br\/#organization"},"potentialAction":[{"@type":"SearchAction","target":{"@type":"EntryPoint","urlTemplate":"https:\/\/rioonwatch.org.br\/?s={search_term_string}"},"query-input":{"@type":"PropertyValueSpecification","valueRequired":true,"valueName":"search_term_string"}}],"inLanguage":"pt-BR"},{"@type":"Organization","@id":"https:\/\/rioonwatch.org.br\/#organization","name":"RioOnWatch","url":"https:\/\/rioonwatch.org.br\/","logo":{"@type":"ImageObject","inLanguage":"pt-BR","@id":"https:\/\/rioonwatch.org.br\/#\/schema\/logo\/image\/","url":"https:\/\/rioonwatch.org.br\/wp-content\/uploads\/2021\/06\/RioOnWatchcabecalhoPT11anos-2.png","contentUrl":"https:\/\/rioonwatch.org.br\/wp-content\/uploads\/2021\/06\/RioOnWatchcabecalhoPT11anos-2.png","width":779,"height":277,"caption":"RioOnWatch"},"image":{"@id":"https:\/\/rioonwatch.org.br\/#\/schema\/logo\/image\/"}},{"@type":"Person","@id":"https:\/\/rioonwatch.org.br\/#\/schema\/person\/11d64c290506f9df50c71b850c473f68","name":"Admin","image":{"@type":"ImageObject","inLanguage":"pt-BR","@id":"https:\/\/rioonwatch.org.br\/#\/schema\/person\/image\/","url":"https:\/\/secure.gravatar.com\/avatar\/56211ac74568383903349a1485e3c325?s=96&d=blank&r=g","contentUrl":"https:\/\/secure.gravatar.com\/avatar\/56211ac74568383903349a1485e3c325?s=96&d=blank&r=g","caption":"Admin"},"url":"https:\/\/rioonwatch.org.br\/?author=129"}]}},"_links":{"self":[{"href":"https:\/\/rioonwatch.org.br\/index.php?rest_route=\/wp\/v2\/posts\/34445"}],"collection":[{"href":"https:\/\/rioonwatch.org.br\/index.php?rest_route=\/wp\/v2\/posts"}],"about":[{"href":"https:\/\/rioonwatch.org.br\/index.php?rest_route=\/wp\/v2\/types\/post"}],"author":[{"embeddable":true,"href":"https:\/\/rioonwatch.org.br\/index.php?rest_route=\/wp\/v2\/users\/129"}],"replies":[{"embeddable":true,"href":"https:\/\/rioonwatch.org.br\/index.php?rest_route=%2Fwp%2Fv2%2Fcomments&post=34445"}],"version-history":[{"count":12,"href":"https:\/\/rioonwatch.org.br\/index.php?rest_route=\/wp\/v2\/posts\/34445\/revisions"}],"predecessor-version":[{"id":34508,"href":"https:\/\/rioonwatch.org.br\/index.php?rest_route=\/wp\/v2\/posts\/34445\/revisions\/34508"}],"wp:featuredmedia":[{"embeddable":true,"href":"https:\/\/rioonwatch.org.br\/index.php?rest_route=\/wp\/v2\/media\/34447"}],"wp:attachment":[{"href":"https:\/\/rioonwatch.org.br\/index.php?rest_route=%2Fwp%2Fv2%2Fmedia&parent=34445"}],"wp:term":[{"taxonomy":"category","embeddable":true,"href":"https:\/\/rioonwatch.org.br\/index.php?rest_route=%2Fwp%2Fv2%2Fcategories&post=34445"},{"taxonomy":"post_tag","embeddable":true,"href":"https:\/\/rioonwatch.org.br\/index.php?rest_route=%2Fwp%2Fv2%2Ftags&post=34445"},{"taxonomy":"writer","embeddable":true,"href":"https:\/\/rioonwatch.org.br\/index.php?rest_route=%2Fwp%2Fv2%2Fwriter&post=34445"},{"taxonomy":"translator","embeddable":true,"href":"https:\/\/rioonwatch.org.br\/index.php?rest_route=%2Fwp%2Fv2%2Ftranslator&post=34445"},{"taxonomy":"source","embeddable":true,"href":"https:\/\/rioonwatch.org.br\/index.php?rest_route=%2Fwp%2Fv2%2Fsource&post=34445"},{"taxonomy":"ilustrador","embeddable":true,"href":"https:\/\/rioonwatch.org.br\/index.php?rest_route=%2Fwp%2Fv2%2Filustrador&post=34445"},{"taxonomy":"fotografo","embeddable":true,"href":"https:\/\/rioonwatch.org.br\/index.php?rest_route=%2Fwp%2Fv2%2Ffotografo&post=34445"}],"curies":[{"name":"wp","href":"https:\/\/api.w.org\/{rel}","templated":true}]}}