{"id":34490,"date":"2018-07-09T13:26:18","date_gmt":"2018-07-09T16:26:18","guid":{"rendered":"http:\/\/rioonwatch.org.br\/?p=34490"},"modified":"2024-06-20T16:18:04","modified_gmt":"2024-06-20T19:18:04","slug":"a-inspiracao-por-tras-do-livro-aclamado-pela-critica-e-centrado-na-favela-de-geovani-martins-resenha","status":"publish","type":"post","link":"https:\/\/rioonwatch.org.br\/?p=34490","title":{"rendered":"A Inspira\u00e7\u00e3o Por Tr\u00e1s do Livro Aclamado de Geovani Martins [RESENHA]"},"content":{"rendered":"<p style=\"text-align: right;\"><em><strong><a href=\"http:\/\/bit.ly\/2lSIOOx\" target=\"_blank\" rel=\"noopener noreferrer\">Click Here for English<img decoding=\"async\" width=\"20\" height=\"20\" class=\"alignright wp-image-15790\" src=\"http:\/\/rioonwatch.org.br\/wp-content\/uploads\/2012\/08\/EN-standard-e1439583104716.jpg\" \/><\/a><\/strong><\/em><\/p>\n<p><span style=\"font-weight: 400;\">No dia 19 de junho, o escritor <a href=\"http:\/\/bit.ly\/2Nuierf\" target=\"_blank\" rel=\"noopener\">Geovani Martins<\/a> falou na PUC-Rio sobre o lan\u00e7amento de seu primeiro livro,\u00a0<a href=\"https:\/\/bit.ly\/2J3pszn\" target=\"_blank\" rel=\"noopener\">aclamado<\/a> pela cr\u00edtica,\u00a0<em><a href=\"https:\/\/amzn.to\/2Kb0h30\" target=\"_blank\" rel=\"noopener\"><i>O Sol na Cabe\u00e7a<\/i><\/a><\/em>.<\/span><\/p>\n<p><span style=\"font-weight: 400;\">Nascido em <a href=\"http:\/\/bit.ly\/1FoejjP\" target=\"_blank\" rel=\"noopener\">Bangu<\/a>, na <a href=\"http:\/\/bit.ly\/11tBmFR\" target=\"_blank\" rel=\"noopener\">Zona Oeste<\/a> do Rio, e tendo passado a sua adolesc\u00eancia no <a href=\"http:\/\/bit.ly\/XuDNKV\" target=\"_blank\" rel=\"noopener\">Vidigal<\/a>, na <a href=\"http:\/\/bit.ly\/1mNsDyk\" target=\"_blank\" rel=\"noopener\">Zona Sul<\/a>, hoje morador da vizinha <a href=\"http:\/\/bit.ly\/16w2zz1\" target=\"_blank\" rel=\"noopener\">Rocinha<\/a>&#8211;Geovani extraiu de suas pr\u00f3prias experi\u00eancias nas favelas do Rio ideias para construir uma s\u00e9rie de treze contos centrados em personagens fict\u00edcios, majoritariamente baseados em favelas por toda a cidade. Atrav\u00e9s de uma s\u00e9rie de narrativas \u00fanicas, O <em>Sol na Cabe\u00e7a<\/em> desenvolve uma imagem complexa da vida nas favelas, ao mesmo tempo em que destaca problemas comuns, como conviver com as <a href=\"http:\/\/bit.ly\/1qvWRb2\" target=\"_blank\" rel=\"noopener\">UPPs<\/a> e o preconceito cotidiano por parte da popula\u00e7\u00e3o mais abastada do Rio. Desde o seu lan\u00e7amento em mar\u00e7o deste ano, o livro <a href=\"https:\/\/glo.bo\/2MUYWLE\" target=\"_blank\" rel=\"noopener\">foi recebido com tremendo sucesso<\/a>. Cr\u00edticos publicaram elogios atrav\u00e9s da m\u00eddia nacional e <em>O Sol na Cabe\u00e7a<\/em> se tornou o primeiro livro brasileiro na hist\u00f3ria a vender direitos de publica\u00e7\u00e3o para tradu\u00e7\u00f5es em nove pa\u00edses antes do seu lan\u00e7amento. Direitos foram vendidos inclusive para uma adapta\u00e7\u00e3o cinematogr\u00e1fica.<\/span><\/p>\n<p><span style=\"font-weight: 400;\">Na PUC-Rio, Geovani discutiu suas inspira\u00e7\u00f5es para o livro, citando primeiramente sua experi\u00eancia em muitas favelas da cidade. Al\u00e9m de transitar vinte vezes por favelas atrav\u00e9s da\u00a0<a href=\"http:\/\/bit.ly\/QxwXmd\" target=\"_blank\" rel=\"noopener\">Festa Liter\u00e1ria das Periferias<\/a>\u00a0(FLUPP), Geovani visitou uma favela diferente todo fim de semana de 2013 para trocar coment\u00e1rios e experi\u00eancias com outros autores de favelas. Ele disse que at\u00e9 aquele per\u00edodo, ele &#8220;n\u00e3o conseguia simplesmente olhar para [a favela] e imaginar um livro feito daquelas hist\u00f3rias&#8221; das pessoas e daqueles lugares, e que s\u00f3 come\u00e7ou a <a href=\"http:\/\/bit.ly\/2nCLouC\" target=\"_blank\" rel=\"noopener\">ver o potencial que ali estava<\/a>, depois de participar da FLUPP. Al\u00e9m disso, as idiossincrasias que ele notou em diferentes comunidades, <a href=\"http:\/\/bit.ly\/1zakVi3\" target=\"_blank\" rel=\"noopener\">de g\u00edria a variados maneirismos e atitudes<\/a>, deram a ele material para escrever um livro cheio de diferentes personagens espalhados pela cidade.<\/span><\/p>\n<p><a href=\"http:\/\/rioonwatch.org.br\/wp-content\/uploads\/2018\/07\/Sol-na-cabec\u0327a-e1530119266225.png\"><img fetchpriority=\"high\" decoding=\"async\" class=\"aligncenter size-content wp-image-34499\" src=\"http:\/\/rioonwatch.org.br\/wp-content\/uploads\/2018\/07\/Sol-na-cabec\u0327a-e1530119266225-620x264.png\" alt=\"\" width=\"620\" height=\"264\" srcset=\"https:\/\/rioonwatch.org.br\/wp-content\/uploads\/2018\/07\/Sol-na-cabec\u0327a-e1530119266225-620x264.png 620w, https:\/\/rioonwatch.org.br\/wp-content\/uploads\/2018\/07\/Sol-na-cabec\u0327a-e1530119266225-940x400.png 940w\" sizes=\"(max-width: 620px) 100vw, 620px\" \/><\/a><\/p>\n<p><span style=\"font-weight: 400;\">Para provocar reflex\u00f5es sobre o racismo na cidade, Geovani decidiu n\u00e3o descrever nenhum dos personagens do livro pela cor da pele, exceto pelos poucos personagens brancos. A maioria dos livros, ele sente, at\u00e9 mesmo aqueles de alguns de seus autores favoritos, tendem a colocar &#8220;&#8216;negro&#8217; como defini\u00e7\u00e3o das pessoas negras no livro&#8221;, da introdu\u00e7\u00e3o do personagem em diante. Enquanto isso, presume-se que personagens n\u00e3o descritos sejam brancos por padr\u00e3o, como se a literatura&#8211;que \u00e9 <a href=\"http:\/\/bit.ly\/2KDeBSg\" target=\"_blank\" rel=\"noopener\">um reflexo da sociedade<\/a>, ele enfatiza&#8211;fosse um espa\u00e7o para personagens brancos e personagens negros n\u00e3o a pertencessem. Com isso em mente, Geovani colocou seus personagens &#8220;sem cor&#8221; em situa\u00e7\u00f5es &#8220;imposs\u00edveis de imaginar com personagens todos brancos&#8221;, como ser <a href=\"http:\/\/bit.ly\/2hI4Qo4\" target=\"_blank\" rel=\"noopener\">parado, revistado e amea\u00e7ado pela Pol\u00edcia Militar<\/a> nas ruas, e fez da brancura dos personagens brancos, um tra\u00e7o que os define. O livro &#8220;diz o tempo todo sem dizer, e esfrega na cara de todo mundo, que essa \u00e9 a vis\u00e3o que a sociedade tem para essa popula\u00e7\u00e3o&#8221;, explicou, enfatizando as <a href=\"http:\/\/bit.ly\/2aLe8t0\" target=\"_blank\" rel=\"noopener\">formas naturalizadas de preconceito que os afro-brasileiros enfrentam<\/a> na suposta democracia racial brasileira.<\/span><\/p>\n<p><span style=\"font-weight: 400;\">O<em> Sol na Cabe\u00e7a<\/em> \u00e9 especialmente \u00fanico em seu uso extensivo de g\u00edrias, com algumas hist\u00f3rias exclusivamente baseadas em <a href=\"http:\/\/bit.ly\/1H2JyaW\" target=\"_blank\" rel=\"noopener\">g\u00edrias, linguagem popular e coloquial<\/a>, contrastando com outras hist\u00f3rias no livro que usam somente o portugu\u00eas formal. Enquanto muitos livros que empregam g\u00edrias usam explica\u00e7\u00f5es para os leitores que n\u00e3o est\u00e3o familiarizados com elas, Geovani procurou tornar seus di\u00e1logos o mais natural poss\u00edvel, n\u00e3o explicando os significados de quaisquer palavras ou frases e conscientemente deixando muitos leitores de fora, dando voz para popula\u00e7\u00f5es pouco ouvidas que falam dessa maneira. Ao n\u00e3o atender \u00e0queles que n\u00e3o entendem, ele \u201cacabou obrigando [os leitores] a ter essa conversa\u201d com amigos, vizinhos, parceiros e colegas de trabalho de diferentes \u00e1reas sobre a linguagem do livro. Ele &#8220;n\u00e3o queria apresentar qualquer universo como se fosse algo novo&#8221;, explicou, referindo-se \u00e0 sua decis\u00e3o de apresentar a realidade das favelas e sua linguagem sem qualquer contexto ou tradu\u00e7\u00e3o para estranhos a essa realidade. &#8220;Me perguntei: &#8216;Estou escrevendo isso para quem?'&#8221;, disse ele \u00e0 plateia da PUC-Rio.<\/span><\/p>\n<!-- AddThis Advanced Settings generic via filter on the_content --><!-- AddThis Share Buttons generic via filter on the_content -->","protected":false},"excerpt":{"rendered":"<div class=\"mh-excerpt\"><p>Click Here for English No dia 19 de junho, o escritor Geovani Martins falou na PUC-Rio sobre o lan\u00e7amento de seu primeiro livro,\u00a0aclamado pela cr\u00edtica,\u00a0O Sol na Cabe\u00e7a. Nascido em Bangu, na Zona Oeste do <a class=\"mh-excerpt-more\" href=\"https:\/\/rioonwatch.org.br\/?p=34490\" title=\"A Inspira\u00e7\u00e3o Por Tr\u00e1s do Livro Aclamado de Geovani Martins [RESENHA]\">[&#8230;]<\/a><!-- AddThis Advanced Settings generic via filter on get_the_excerpt --><!-- AddThis Share Buttons generic via filter on get_the_excerpt --><\/p>\n<\/div>","protected":false},"author":129,"featured_media":34492,"comment_status":"closed","ping_status":"closed","sticky":false,"template":"","format":"standard","meta":{"_acf_changed":false,"_monsterinsights_skip_tracking":false,"_monsterinsights_sitenote_active":false,"_monsterinsights_sitenote_note":"","_monsterinsights_sitenote_category":0,"footnotes":""},"categories":[1621,1627,1615,1626,1616,1624],"tags":[386,3253,334,235,421,503,1208,511,1317,126,1545,936,958,16,354,184,383],"writer":[2382],"translator":[2401],"source":[],"ilustrador":[],"fotografo":[],"class_list":{"0":"post-34490","1":"post","2":"type-post","3":"status-publish","4":"format-standard","5":"has-post-thumbnail","7":"category-destaque","8":"category-relato-de-evento","9":"category-cultura-da-favela","10":"category-por-observadores-internacionais","11":"category-qualidades-da-favela","12":"category-resenha","13":"tag-estigma","14":"tag-antirracismo","15":"tag-arte","16":"tag-bangu","17":"tag-cultura-da-favela","18":"tag-flupp","19":"tag-linguagem","20":"tag-literatura","21":"tag-livro","22":"tag-preconceito","23":"tag-puc","24":"tag-raca","25":"tag-resenha-de-livro","26":"tag-rocinha","27":"tag-vidigal","28":"tag-zona-oeste","29":"tag-zona-sul","30":"writer-chris-harden","31":"translator-ana-carolina-ecard"},"acf":[],"yoast_head":"<!-- This site is optimized with the Yoast SEO plugin v25.6 - https:\/\/yoast.com\/wordpress\/plugins\/seo\/ -->\n<title>A Inspira\u00e7\u00e3o Por Tr\u00e1s do Livro Aclamado de Geovani Martins [RESENHA] - RioOnWatch<\/title>\n<meta name=\"robots\" content=\"index, follow, max-snippet:-1, max-image-preview:large, max-video-preview:-1\" \/>\n<link rel=\"canonical\" href=\"https:\/\/rioonwatch.org.br\/?p=34490\" \/>\n<meta property=\"og:locale\" content=\"pt_BR\" \/>\n<meta property=\"og:type\" content=\"article\" \/>\n<meta property=\"og:title\" content=\"A Inspira\u00e7\u00e3o Por Tr\u00e1s do Livro Aclamado de Geovani Martins [RESENHA] - RioOnWatch\" \/>\n<meta property=\"og:description\" content=\"Click Here for English No dia 19 de junho, o escritor Geovani Martins falou na PUC-Rio sobre o lan\u00e7amento de seu primeiro livro,\u00a0aclamado pela cr\u00edtica,\u00a0O Sol na Cabe\u00e7a. Nascido em Bangu, na Zona Oeste do [...]\" \/>\n<meta property=\"og:url\" content=\"https:\/\/rioonwatch.org.br\/?p=34490\" \/>\n<meta property=\"og:site_name\" content=\"RioOnWatch\" \/>\n<meta property=\"article:published_time\" content=\"2018-07-09T16:26:18+00:00\" \/>\n<meta property=\"article:modified_time\" content=\"2024-06-20T19:18:04+00:00\" \/>\n<meta property=\"og:image\" content=\"https:\/\/rioonwatch.org.br\/wp-content\/uploads\/2018\/07\/18-06-19_Sol-na-Cabeca.-Photo-by-Gabriela-Azevedo.jpg\" \/>\n\t<meta property=\"og:image:width\" content=\"968\" \/>\n\t<meta property=\"og:image:height\" content=\"545\" \/>\n\t<meta property=\"og:image:type\" content=\"image\/jpeg\" \/>\n<meta name=\"author\" content=\"Admin\" \/>\n<meta name=\"twitter:card\" content=\"summary_large_image\" \/>\n<meta name=\"twitter:label1\" content=\"Escrito por\" \/>\n\t<meta name=\"twitter:data1\" content=\"Admin\" \/>\n\t<meta name=\"twitter:label2\" content=\"Est. tempo de leitura\" \/>\n\t<meta name=\"twitter:data2\" content=\"4 minutos\" \/>\n<script type=\"application\/ld+json\" class=\"yoast-schema-graph\">{\"@context\":\"https:\/\/schema.org\",\"@graph\":[{\"@type\":\"Article\",\"@id\":\"https:\/\/rioonwatch.org.br\/?p=34490#article\",\"isPartOf\":{\"@id\":\"https:\/\/rioonwatch.org.br\/?p=34490\"},\"author\":{\"name\":\"Admin\",\"@id\":\"https:\/\/rioonwatch.org.br\/#\/schema\/person\/11d64c290506f9df50c71b850c473f68\"},\"headline\":\"A Inspira\u00e7\u00e3o Por Tr\u00e1s do Livro Aclamado de Geovani Martins [RESENHA]\",\"datePublished\":\"2018-07-09T16:26:18+00:00\",\"dateModified\":\"2024-06-20T19:18:04+00:00\",\"mainEntityOfPage\":{\"@id\":\"https:\/\/rioonwatch.org.br\/?p=34490\"},\"wordCount\":734,\"publisher\":{\"@id\":\"https:\/\/rioonwatch.org.br\/#organization\"},\"image\":{\"@id\":\"https:\/\/rioonwatch.org.br\/?p=34490#primaryimage\"},\"thumbnailUrl\":\"https:\/\/rioonwatch.org.br\/wp-content\/uploads\/2018\/07\/18-06-19_Sol-na-Cabeca.-Photo-by-Gabriela-Azevedo.jpg\",\"keywords\":[\"#StopFavelaStigma\",\"Antirracismo\",\"arte\",\"Bangu\",\"cultura da favela\",\"FLUP\",\"linguagem\",\"literatura\",\"livro\",\"preconceito\",\"PUC\",\"ra\u00e7a\",\"resenha de livro\",\"Rocinha\",\"Vidigal\",\"Zona Oeste\",\"Zona Sul\"],\"articleSection\":[\"*Destaque\",\"Cobertura de Eventos\",\"Cultura da Favela\",\"Escrito por Aliados\",\"Qualidades da Favela\",\"Resenhas\"],\"inLanguage\":\"pt-BR\"},{\"@type\":\"WebPage\",\"@id\":\"https:\/\/rioonwatch.org.br\/?p=34490\",\"url\":\"https:\/\/rioonwatch.org.br\/?p=34490\",\"name\":\"A Inspira\u00e7\u00e3o Por Tr\u00e1s do Livro Aclamado de Geovani Martins [RESENHA] - RioOnWatch\",\"isPartOf\":{\"@id\":\"https:\/\/rioonwatch.org.br\/#website\"},\"primaryImageOfPage\":{\"@id\":\"https:\/\/rioonwatch.org.br\/?p=34490#primaryimage\"},\"image\":{\"@id\":\"https:\/\/rioonwatch.org.br\/?p=34490#primaryimage\"},\"thumbnailUrl\":\"https:\/\/rioonwatch.org.br\/wp-content\/uploads\/2018\/07\/18-06-19_Sol-na-Cabeca.-Photo-by-Gabriela-Azevedo.jpg\",\"datePublished\":\"2018-07-09T16:26:18+00:00\",\"dateModified\":\"2024-06-20T19:18:04+00:00\",\"breadcrumb\":{\"@id\":\"https:\/\/rioonwatch.org.br\/?p=34490#breadcrumb\"},\"inLanguage\":\"pt-BR\",\"potentialAction\":[{\"@type\":\"ReadAction\",\"target\":[\"https:\/\/rioonwatch.org.br\/?p=34490\"]}]},{\"@type\":\"ImageObject\",\"inLanguage\":\"pt-BR\",\"@id\":\"https:\/\/rioonwatch.org.br\/?p=34490#primaryimage\",\"url\":\"https:\/\/rioonwatch.org.br\/wp-content\/uploads\/2018\/07\/18-06-19_Sol-na-Cabeca.-Photo-by-Gabriela-Azevedo.jpg\",\"contentUrl\":\"https:\/\/rioonwatch.org.br\/wp-content\/uploads\/2018\/07\/18-06-19_Sol-na-Cabeca.-Photo-by-Gabriela-Azevedo.jpg\",\"width\":968,\"height\":545},{\"@type\":\"BreadcrumbList\",\"@id\":\"https:\/\/rioonwatch.org.br\/?p=34490#breadcrumb\",\"itemListElement\":[{\"@type\":\"ListItem\",\"position\":1,\"name\":\"In\u00edcio\",\"item\":\"https:\/\/rioonwatch.org.br\/\"},{\"@type\":\"ListItem\",\"position\":2,\"name\":\"A Inspira\u00e7\u00e3o Por Tr\u00e1s do Livro Aclamado de Geovani Martins [RESENHA]\"}]},{\"@type\":\"WebSite\",\"@id\":\"https:\/\/rioonwatch.org.br\/#website\",\"url\":\"https:\/\/rioonwatch.org.br\/\",\"name\":\"RioOnWatch\",\"description\":\"relatos das favelas cariocas\",\"publisher\":{\"@id\":\"https:\/\/rioonwatch.org.br\/#organization\"},\"potentialAction\":[{\"@type\":\"SearchAction\",\"target\":{\"@type\":\"EntryPoint\",\"urlTemplate\":\"https:\/\/rioonwatch.org.br\/?s={search_term_string}\"},\"query-input\":{\"@type\":\"PropertyValueSpecification\",\"valueRequired\":true,\"valueName\":\"search_term_string\"}}],\"inLanguage\":\"pt-BR\"},{\"@type\":\"Organization\",\"@id\":\"https:\/\/rioonwatch.org.br\/#organization\",\"name\":\"RioOnWatch\",\"url\":\"https:\/\/rioonwatch.org.br\/\",\"logo\":{\"@type\":\"ImageObject\",\"inLanguage\":\"pt-BR\",\"@id\":\"https:\/\/rioonwatch.org.br\/#\/schema\/logo\/image\/\",\"url\":\"https:\/\/rioonwatch.org.br\/wp-content\/uploads\/2021\/06\/RioOnWatchcabecalhoPT11anos-2.png\",\"contentUrl\":\"https:\/\/rioonwatch.org.br\/wp-content\/uploads\/2021\/06\/RioOnWatchcabecalhoPT11anos-2.png\",\"width\":779,\"height\":277,\"caption\":\"RioOnWatch\"},\"image\":{\"@id\":\"https:\/\/rioonwatch.org.br\/#\/schema\/logo\/image\/\"}},{\"@type\":\"Person\",\"@id\":\"https:\/\/rioonwatch.org.br\/#\/schema\/person\/11d64c290506f9df50c71b850c473f68\",\"name\":\"Admin\",\"image\":{\"@type\":\"ImageObject\",\"inLanguage\":\"pt-BR\",\"@id\":\"https:\/\/rioonwatch.org.br\/#\/schema\/person\/image\/\",\"url\":\"https:\/\/secure.gravatar.com\/avatar\/56211ac74568383903349a1485e3c325?s=96&d=blank&r=g\",\"contentUrl\":\"https:\/\/secure.gravatar.com\/avatar\/56211ac74568383903349a1485e3c325?s=96&d=blank&r=g\",\"caption\":\"Admin\"},\"url\":\"https:\/\/rioonwatch.org.br\/?author=129\"}]}<\/script>\n<!-- \/ Yoast SEO plugin. -->","yoast_head_json":{"title":"A Inspira\u00e7\u00e3o Por Tr\u00e1s do Livro Aclamado de Geovani Martins [RESENHA] - RioOnWatch","robots":{"index":"index","follow":"follow","max-snippet":"max-snippet:-1","max-image-preview":"max-image-preview:large","max-video-preview":"max-video-preview:-1"},"canonical":"https:\/\/rioonwatch.org.br\/?p=34490","og_locale":"pt_BR","og_type":"article","og_title":"A Inspira\u00e7\u00e3o Por Tr\u00e1s do Livro Aclamado de Geovani Martins [RESENHA] - RioOnWatch","og_description":"Click Here for English No dia 19 de junho, o escritor Geovani Martins falou na PUC-Rio sobre o lan\u00e7amento de seu primeiro livro,\u00a0aclamado pela cr\u00edtica,\u00a0O Sol na Cabe\u00e7a. Nascido em Bangu, na Zona Oeste do [...]","og_url":"https:\/\/rioonwatch.org.br\/?p=34490","og_site_name":"RioOnWatch","article_published_time":"2018-07-09T16:26:18+00:00","article_modified_time":"2024-06-20T19:18:04+00:00","og_image":[{"width":968,"height":545,"url":"https:\/\/rioonwatch.org.br\/wp-content\/uploads\/2018\/07\/18-06-19_Sol-na-Cabeca.-Photo-by-Gabriela-Azevedo.jpg","type":"image\/jpeg"}],"author":"Admin","twitter_card":"summary_large_image","twitter_misc":{"Escrito por":"Admin","Est. tempo de leitura":"4 minutos"},"schema":{"@context":"https:\/\/schema.org","@graph":[{"@type":"Article","@id":"https:\/\/rioonwatch.org.br\/?p=34490#article","isPartOf":{"@id":"https:\/\/rioonwatch.org.br\/?p=34490"},"author":{"name":"Admin","@id":"https:\/\/rioonwatch.org.br\/#\/schema\/person\/11d64c290506f9df50c71b850c473f68"},"headline":"A Inspira\u00e7\u00e3o Por Tr\u00e1s do Livro Aclamado de Geovani Martins [RESENHA]","datePublished":"2018-07-09T16:26:18+00:00","dateModified":"2024-06-20T19:18:04+00:00","mainEntityOfPage":{"@id":"https:\/\/rioonwatch.org.br\/?p=34490"},"wordCount":734,"publisher":{"@id":"https:\/\/rioonwatch.org.br\/#organization"},"image":{"@id":"https:\/\/rioonwatch.org.br\/?p=34490#primaryimage"},"thumbnailUrl":"https:\/\/rioonwatch.org.br\/wp-content\/uploads\/2018\/07\/18-06-19_Sol-na-Cabeca.-Photo-by-Gabriela-Azevedo.jpg","keywords":["#StopFavelaStigma","Antirracismo","arte","Bangu","cultura da favela","FLUP","linguagem","literatura","livro","preconceito","PUC","ra\u00e7a","resenha de livro","Rocinha","Vidigal","Zona Oeste","Zona Sul"],"articleSection":["*Destaque","Cobertura de Eventos","Cultura da Favela","Escrito por Aliados","Qualidades da Favela","Resenhas"],"inLanguage":"pt-BR"},{"@type":"WebPage","@id":"https:\/\/rioonwatch.org.br\/?p=34490","url":"https:\/\/rioonwatch.org.br\/?p=34490","name":"A Inspira\u00e7\u00e3o Por Tr\u00e1s do Livro Aclamado de Geovani Martins [RESENHA] - RioOnWatch","isPartOf":{"@id":"https:\/\/rioonwatch.org.br\/#website"},"primaryImageOfPage":{"@id":"https:\/\/rioonwatch.org.br\/?p=34490#primaryimage"},"image":{"@id":"https:\/\/rioonwatch.org.br\/?p=34490#primaryimage"},"thumbnailUrl":"https:\/\/rioonwatch.org.br\/wp-content\/uploads\/2018\/07\/18-06-19_Sol-na-Cabeca.-Photo-by-Gabriela-Azevedo.jpg","datePublished":"2018-07-09T16:26:18+00:00","dateModified":"2024-06-20T19:18:04+00:00","breadcrumb":{"@id":"https:\/\/rioonwatch.org.br\/?p=34490#breadcrumb"},"inLanguage":"pt-BR","potentialAction":[{"@type":"ReadAction","target":["https:\/\/rioonwatch.org.br\/?p=34490"]}]},{"@type":"ImageObject","inLanguage":"pt-BR","@id":"https:\/\/rioonwatch.org.br\/?p=34490#primaryimage","url":"https:\/\/rioonwatch.org.br\/wp-content\/uploads\/2018\/07\/18-06-19_Sol-na-Cabeca.-Photo-by-Gabriela-Azevedo.jpg","contentUrl":"https:\/\/rioonwatch.org.br\/wp-content\/uploads\/2018\/07\/18-06-19_Sol-na-Cabeca.-Photo-by-Gabriela-Azevedo.jpg","width":968,"height":545},{"@type":"BreadcrumbList","@id":"https:\/\/rioonwatch.org.br\/?p=34490#breadcrumb","itemListElement":[{"@type":"ListItem","position":1,"name":"In\u00edcio","item":"https:\/\/rioonwatch.org.br\/"},{"@type":"ListItem","position":2,"name":"A Inspira\u00e7\u00e3o Por Tr\u00e1s do Livro Aclamado de Geovani Martins [RESENHA]"}]},{"@type":"WebSite","@id":"https:\/\/rioonwatch.org.br\/#website","url":"https:\/\/rioonwatch.org.br\/","name":"RioOnWatch","description":"relatos das favelas cariocas","publisher":{"@id":"https:\/\/rioonwatch.org.br\/#organization"},"potentialAction":[{"@type":"SearchAction","target":{"@type":"EntryPoint","urlTemplate":"https:\/\/rioonwatch.org.br\/?s={search_term_string}"},"query-input":{"@type":"PropertyValueSpecification","valueRequired":true,"valueName":"search_term_string"}}],"inLanguage":"pt-BR"},{"@type":"Organization","@id":"https:\/\/rioonwatch.org.br\/#organization","name":"RioOnWatch","url":"https:\/\/rioonwatch.org.br\/","logo":{"@type":"ImageObject","inLanguage":"pt-BR","@id":"https:\/\/rioonwatch.org.br\/#\/schema\/logo\/image\/","url":"https:\/\/rioonwatch.org.br\/wp-content\/uploads\/2021\/06\/RioOnWatchcabecalhoPT11anos-2.png","contentUrl":"https:\/\/rioonwatch.org.br\/wp-content\/uploads\/2021\/06\/RioOnWatchcabecalhoPT11anos-2.png","width":779,"height":277,"caption":"RioOnWatch"},"image":{"@id":"https:\/\/rioonwatch.org.br\/#\/schema\/logo\/image\/"}},{"@type":"Person","@id":"https:\/\/rioonwatch.org.br\/#\/schema\/person\/11d64c290506f9df50c71b850c473f68","name":"Admin","image":{"@type":"ImageObject","inLanguage":"pt-BR","@id":"https:\/\/rioonwatch.org.br\/#\/schema\/person\/image\/","url":"https:\/\/secure.gravatar.com\/avatar\/56211ac74568383903349a1485e3c325?s=96&d=blank&r=g","contentUrl":"https:\/\/secure.gravatar.com\/avatar\/56211ac74568383903349a1485e3c325?s=96&d=blank&r=g","caption":"Admin"},"url":"https:\/\/rioonwatch.org.br\/?author=129"}]}},"_links":{"self":[{"href":"https:\/\/rioonwatch.org.br\/index.php?rest_route=\/wp\/v2\/posts\/34490"}],"collection":[{"href":"https:\/\/rioonwatch.org.br\/index.php?rest_route=\/wp\/v2\/posts"}],"about":[{"href":"https:\/\/rioonwatch.org.br\/index.php?rest_route=\/wp\/v2\/types\/post"}],"author":[{"embeddable":true,"href":"https:\/\/rioonwatch.org.br\/index.php?rest_route=\/wp\/v2\/users\/129"}],"replies":[{"embeddable":true,"href":"https:\/\/rioonwatch.org.br\/index.php?rest_route=%2Fwp%2Fv2%2Fcomments&post=34490"}],"version-history":[{"count":16,"href":"https:\/\/rioonwatch.org.br\/index.php?rest_route=\/wp\/v2\/posts\/34490\/revisions"}],"predecessor-version":[{"id":34545,"href":"https:\/\/rioonwatch.org.br\/index.php?rest_route=\/wp\/v2\/posts\/34490\/revisions\/34545"}],"wp:featuredmedia":[{"embeddable":true,"href":"https:\/\/rioonwatch.org.br\/index.php?rest_route=\/wp\/v2\/media\/34492"}],"wp:attachment":[{"href":"https:\/\/rioonwatch.org.br\/index.php?rest_route=%2Fwp%2Fv2%2Fmedia&parent=34490"}],"wp:term":[{"taxonomy":"category","embeddable":true,"href":"https:\/\/rioonwatch.org.br\/index.php?rest_route=%2Fwp%2Fv2%2Fcategories&post=34490"},{"taxonomy":"post_tag","embeddable":true,"href":"https:\/\/rioonwatch.org.br\/index.php?rest_route=%2Fwp%2Fv2%2Ftags&post=34490"},{"taxonomy":"writer","embeddable":true,"href":"https:\/\/rioonwatch.org.br\/index.php?rest_route=%2Fwp%2Fv2%2Fwriter&post=34490"},{"taxonomy":"translator","embeddable":true,"href":"https:\/\/rioonwatch.org.br\/index.php?rest_route=%2Fwp%2Fv2%2Ftranslator&post=34490"},{"taxonomy":"source","embeddable":true,"href":"https:\/\/rioonwatch.org.br\/index.php?rest_route=%2Fwp%2Fv2%2Fsource&post=34490"},{"taxonomy":"ilustrador","embeddable":true,"href":"https:\/\/rioonwatch.org.br\/index.php?rest_route=%2Fwp%2Fv2%2Filustrador&post=34490"},{"taxonomy":"fotografo","embeddable":true,"href":"https:\/\/rioonwatch.org.br\/index.php?rest_route=%2Fwp%2Fv2%2Ffotografo&post=34490"}],"curies":[{"name":"wp","href":"https:\/\/api.w.org\/{rel}","templated":true}]}}