{"id":34645,"date":"2018-07-19T11:52:29","date_gmt":"2018-07-19T14:52:29","guid":{"rendered":"http:\/\/rioonwatch.org.br\/?p=34645"},"modified":"2024-06-20T16:17:00","modified_gmt":"2024-06-20T19:17:00","slug":"e-quanto-as-pessoas-desenvolvimento-comunitario-sustentavel-no-rio-parte-2-definindo-resiliencia-resenha","status":"publish","type":"post","link":"https:\/\/rioonwatch.org.br\/?p=34645","title":{"rendered":"&#8216;E Quanto \u00e0s Pessoas?&#8217; Desenvolvimento Comunit\u00e1rio Sustent\u00e1vel no Rio, Parte 2\u2014Ferramentas de Planejamento [RESENHA]"},"content":{"rendered":"<p style=\"text-align: right;\"><em><strong><a href=\"http:\/\/bit.ly\/2M4cHGq\" target=\"_blank\" rel=\"noopener noreferrer\">Click Here for English<img decoding=\"async\" width=\"20\" height=\"20\" class=\"alignright wp-image-15790\" src=\"http:\/\/rioonwatch.org.br\/wp-content\/uploads\/2012\/08\/EN-standard-e1439583104716.jpg\" \/><\/a><\/strong><\/em><\/p>\n<p><em><span style=\"font-weight: 400;\">Esta \u00e9 a segunda mat\u00e9ria, de uma <a href=\"http:\/\/bit.ly\/2O0r6p4\" target=\"_blank\" rel=\"noopener\">s\u00e9rie<\/a> de duas partes, de uma resenha do <a href=\"http:\/\/bit.ly\/2FK2Kuy\" target=\"_blank\" rel=\"noopener\">livro<\/a> &#8216;Social Sustainability, Climate Resilience and Community-Based Urban Development: <a href=\"http:\/\/bit.ly\/2x0BhV7\" target=\"_blank\" rel=\"noopener\">What About the People<\/a>?&#8217; (Sustentabilidade Social, Resili\u00eancia Clim\u00e1tica e Desenvolvimento Comunit\u00e1rio Urbano: E Quanto \u00e0s Pessoas?), de Cathy Baldwin e Robin King, incorporando conceitos que contribuem para pensar sobre as favelas do Rio. Leia a primeira parte <a href=\"http:\/\/bit.ly\/2O0r6p4\" target=\"_blank\" rel=\"noopener\">aqui<\/a>.<\/span><\/em><\/p>\n<p><span style=\"font-weight: 400;\"><em><a href=\"http:\/\/bit.ly\/2quyz4E\" target=\"_blank\" rel=\"noopener\">Sustentabilidade Social, Resili\u00eancia Clim\u00e1tica e Desenvolvimento Comunit\u00e1rio Urbano: E Quanto \u00e0s Pessoas?<\/a><\/em>\u00a0deixa claro que o <a href=\"http:\/\/bit.ly\/2zxm5Ab\" target=\"_blank\" rel=\"noopener\">ambiente constru\u00eddo tem grande impacto<\/a> sobre a <a href=\"http:\/\/bit.ly\/1v5zfI2\" target=\"_blank\" rel=\"noopener\">sustentabilidade<\/a> social* de uma comunidade, como discutido na <a href=\"http:\/\/bit.ly\/2O0r6p4\" target=\"_blank\" rel=\"noopener\">primeira mat\u00e9ria<\/a> desta s\u00e9rie. Esta mat\u00e9ria enfoca especificamente nas ferramentas apresentadas pelos autores que podem ser \u00fateis para l\u00edderes de favelas do Rio que buscam fazer <a href=\"http:\/\/bit.ly\/2zxm5Ab\" target=\"_blank\" rel=\"noopener\">interven\u00e7\u00f5es em seu ambiente constru\u00eddo e social<\/a>.<\/span><span style=\"font-weight: 400;\"><br \/>\n<\/span><\/p>\n<p><span style=\"font-weight: 400;\">Com base em pesquisas na Am\u00e9rica do Norte e do Sul, \u00c1frica, Europa, \u00c1sia e Austr\u00e1lia, Cathy Baldwin e Robin King delineiam quatro est\u00e1gios de pr\u00e1ticas de <a href=\"http:\/\/bit.ly\/1SgXd1Q\" target=\"_blank\" rel=\"noopener\">planejamento<\/a> socialmente conscientes para o desenvolvimento urbano: 1) concep\u00e7\u00e3o do esquema, 2) pesquisa e <a href=\"http:\/\/bit.ly\/2NQy007\" target=\"_blank\" rel=\"noopener\">participa\u00e7\u00e3o<\/a> da comunidade, 3) decis\u00f5es de design e implementa\u00e7\u00e3o e 4) monitoramento e avalia\u00e7\u00e3o. Os autores descrevem como esses est\u00e1gios se aplicariam em um processo formal de desenvolvimento, iniciado por planejadores externos, o que muitas vezes n\u00e3o \u00e9 como o desenvolvimento se desenrola nas favelas, onde os moradores assumem um papel de lideran\u00e7a. No entanto, os princ\u00edpios dos quatro est\u00e1gios continuam sendo relevantes para l\u00edderes locais, na medida em que buscam um envolvimento mais amplo de suas comunidades em seus projetos.<\/span><\/p>\n<h3><strong>Est\u00e1gio 1: Concep\u00e7\u00e3o do esquema<\/strong><\/h3>\n<p><span style=\"font-weight: 400;\"><a href=\"http:\/\/bit.ly\/2yvqpv8\" target=\"_blank\" rel=\"noopener\">Planos baseados em orienta\u00e7\u00f5es de especialista e abordagens tecnol\u00f3gicas<\/a>, e n\u00e3o nas ideias das pessoas que eles pretendem servir, muitas vezes ignoram os contextos sociais e culturais locais e fracassam nos resultados. Essas abordagens tamb\u00e9m caem na armadilha de negligenciar os <a href=\"http:\/\/bit.ly\/1mgsc0G\" target=\"_blank\" rel=\"noopener\">ativos da comunidade<\/a>, que se tornam v\u00edtimas, \u00e0 medida que os projetos s\u00e3o implementados <a href=\"http:\/\/bit.ly\/2LiwfdB\" target=\"_blank\" rel=\"noopener\">sem considerar ou construir sobre<\/a> esses ativos. Deste modo, os autores argumentam que as dimens\u00f5es sociais devem ser incorporadas a partir do est\u00e1gio de concep\u00e7\u00e3o, explorando recursos sociais locais espec\u00edficos, capacidades e condi\u00e7\u00f5es organizacionais. Isso \u00e9 essencial para compreender como superar os desafios locais, definir objetivos sociais claros e evitar impactos negativos n\u00e3o intencionais na vida das pessoas. Decis\u00f5es erradas podem impactar negativamente as redes comunit\u00e1rias existentes, afetando a organiza\u00e7\u00e3o e o engajamento social local.<\/span><\/p>\n<h3><strong>Est\u00e1gio 2: Pesquisa e participa\u00e7\u00e3o da comunidade<\/strong><\/h3>\n<p><span style=\"font-weight: 400;\">Para o trabalho de planejadores externos, a participa\u00e7\u00e3o da comunidade \u00e9 fundamental, porque os moradores oferecem <a href=\"http:\/\/bit.ly\/2JmoPky\" target=\"_blank\" rel=\"noopener\">conhecimento local<\/a> que \u00e9 <a href=\"http:\/\/bit.ly\/2gaD8hG\" target=\"_blank\" rel=\"noopener\">crucial para o desenvolvimento de planos<\/a>. No m\u00ednimo, os planejadores devem estar preparados para buscar e incorporar informa\u00e7\u00f5es da comunidade e promover atividades c\u00edvicas para fortalecer o senso de posse de uma comunidade. Um processo de <a href=\"http:\/\/bit.ly\/1rOePGu\" target=\"_blank\" rel=\"noopener\">desenvolvimento democr\u00e1tico e participativo<\/a> baseado na confian\u00e7a, transpar\u00eancia e comunica\u00e7\u00e3o \u00e9 importante para garantir o engajamento popular.<\/span><\/p>\n<p><span style=\"font-weight: 400;\">Para al\u00e9m de somente um conhecimento superficial do contexto local, tamb\u00e9m \u00e9 necess\u00e1rio desenvolver um projeto que respeite as dimens\u00f5es simb\u00f3licas&#8211;<a href=\"http:\/\/bit.ly\/1LiSfzK\" target=\"_blank\" rel=\"noopener\">significados culturais e sociais locais<\/a>. Assim, os planejadores devem agir <a href=\"http:\/\/bit.ly\/2nykUtN\" target=\"_blank\" rel=\"noopener\">em conjunto com os pesquisadores sociais<\/a> para usar um m\u00e9todo apropriado para o planejamento. E, no caso do Rio, algu\u00e9m poderia argumentar que os pesquisadores e moradores das favelas <a href=\"http:\/\/bit.ly\/2a2Cjo6\" target=\"_blank\" rel=\"noopener\">s\u00e3o os parceiros mais apropriados nesse processo<\/a>.<\/span><span style=\"font-weight: 400;\"><br \/>\n<\/span><\/p>\n<p><span style=\"font-weight: 400;\"><a href=\"http:\/\/rioonwatch.org.br\/wp-content\/uploads\/2018\/07\/Escada-da-participacao.jpg\"><img fetchpriority=\"high\" decoding=\"async\" class=\"alignright wp-image-34829\" src=\"http:\/\/rioonwatch.org.br\/wp-content\/uploads\/2018\/07\/Escada-da-participacao.jpg\" alt=\"\" width=\"300\" height=\"340\" srcset=\"https:\/\/rioonwatch.org.br\/wp-content\/uploads\/2018\/07\/Escada-da-participacao.jpg 583w, https:\/\/rioonwatch.org.br\/wp-content\/uploads\/2018\/07\/Escada-da-participacao-233x264.jpg 233w, https:\/\/rioonwatch.org.br\/wp-content\/uploads\/2018\/07\/Escada-da-participacao-547x620.jpg 547w\" sizes=\"(max-width: 300px) 100vw, 300px\" \/><\/a>Embora a diversidade social possa representar um desafio para o planejamento, ela tamb\u00e9m pode oferecer uma gama diversificada de recursos sociais para apoiar as comunidades em situa\u00e7\u00f5es de crise e quest\u00f5es locais. \u00c9 importante abra\u00e7ar todos os tipos de diversidade, pensando nas condi\u00e7\u00f5es espaciais que melhoram o acesso e a seguran\u00e7a para todos, especialmente as minorias, a fim de alcan\u00e7ar a igualdade urbana. A pesquisa demogr\u00e1fica combinada com a participa\u00e7\u00e3o da comunidade pode, por exemplo, fornecer conhecimento das caracter\u00edsticas da popula\u00e7\u00e3o e do estado atual de coes\u00e3o social em uma comunidade, a fim de pensar em maneiras de construir capital social* e coes\u00e3o* para criar ou fortalecer o esp\u00edrito comunit\u00e1rio.<\/span><span style=\"font-weight: 400;\"><br \/>\n<\/span><\/p>\n<p><span style=\"font-weight: 400;\">Uma das ferramentas apresentadas para o est\u00e1gio de pesquisa e participa\u00e7\u00e3o da comunidade \u00e9 o <a href=\"http:\/\/bit.ly\/2iu0I8n\" target=\"_blank\" rel=\"noopener\">mapeamento dos significados culturais<\/a> do espa\u00e7o urbano. Anteriormente feito em Belfast, Irlanda do Norte, uma cidade dividida notavelmente por muitos anos de conflito entre protestantes e cat\u00f3licos, o mapeamento dos significados culturais e sociais da paisagem e das <a href=\"http:\/\/bit.ly\/2mdBqxg\" target=\"_blank\" rel=\"noopener\">mem\u00f3rias<\/a>\u00a0evocadas permite que os membros da comunidade compreendam melhor suas hist\u00f3rias e desenvolvimento. O processo de <a href=\"http:\/\/bit.ly\/MuseusComunitarios\" target=\"_blank\" rel=\"noopener\">envolver os moradores para pensar sobre o passado<\/a>, e como isso contribuiu para o presente pode trazer uma melhor compreens\u00e3o da pr\u00f3pria comunidade e ajudar os moradores a pensarem sobre o que pode ser feito no presente para criar um futuro melhor.<\/span><\/p>\n<p><span style=\"font-weight: 400;\">O mesmo exerc\u00edcio de mapeamento tamb\u00e9m permite identificar <a href=\"http:\/\/bit.ly\/1mgsc0G\" target=\"_blank\" rel=\"noopener\">ativos da comunidade<\/a>, recursos sociais, necessidades ou pontos fracos. Uma abordagem para este exerc\u00edcio \u00e9 atrav\u00e9s de uma oficina participativa. Pede-se aos moradores que identifiquem e anotem em papeis adesivos os aspectos positivos e negativos da sua comunidade, o que funciona bem e o que poderia ser melhor. O facilitador da oficina fixa as anota\u00e7\u00f5es em um quadro, seja em um mapa ou organizadas por assunto. Mais tarde, o facilitador promove uma discuss\u00e3o sobre tudo o que foi escrito, levando os moradores a falar sobre as raz\u00f5es pelas quais escreveram cada ponto e como cada aspecto pode ser melhorado. Este processo ajuda os moradores a aprenderem mais sobre suas comunidades e pensarem sobre o que eles querem para o futuro.<\/span><\/p>\n<p><span style=\"font-weight: 400;\">Os l\u00edderes comunit\u00e1rios podem aproveitar o processo e as discuss\u00f5es para iniciar um projeto de co-design. Em projetos de co-design, l\u00edderes e moradores dos bairros, designers e autoridades do governo <a href=\"http:\/\/bit.ly\/1rOePGu\" target=\"_blank\" rel=\"noopener\">trabalham juntos para identificar e atender as necessidades de uma comunidade<\/a>. Os moradores podem participar de processos de projetos e constru\u00e7\u00f5es para construir capital social, fortalecer a capacidade coletiva e desenvolver o orgulho e sentimento de pertencimento. Os moradores podem votar em decis\u00f5es de design para edif\u00edcios ou locais p\u00fablicos, como localiza\u00e7\u00e3o, layout e forma. Qualquer morador pode ajudar com a constru\u00e7\u00e3o por meio de tarefas que n\u00e3o exigem treinamento ou habilidade espec\u00edficos, embora como muitos moradores <a href=\"http:\/\/bit.ly\/2dpOIAy\" target=\"_blank\" rel=\"noopener\">constru\u00edram suas pr\u00f3prias casas<\/a>, o conhecimento de constru\u00e7\u00e3o n\u00e3o \u00e9 escasso. Essas metodologias contribuem para criar um sentimento de orgulho e pertencimento ao bairro.<\/span><span style=\"font-weight: 400;\"><br \/>\n<\/span><\/p>\n<p><a href=\"http:\/\/rioonwatch.org.br\/wp-content\/uploads\/2018\/07\/Manguinhos-Caju-Urban-Mapping-2.jpg\"><img decoding=\"async\" class=\"aligncenter wp-image-34764 size-content\" title=\"Mulheres de Manguinhos e do Caju mapeiam a viol\u00eancia em suas comunidades. Foto por David Robertson\" src=\"http:\/\/rioonwatch.org.br\/wp-content\/uploads\/2018\/07\/Manguinhos-Caju-Urban-Mapping-2-620x264.jpg\" alt=\"\" width=\"620\" height=\"264\" srcset=\"https:\/\/rioonwatch.org.br\/wp-content\/uploads\/2018\/07\/Manguinhos-Caju-Urban-Mapping-2-620x264.jpg 620w, https:\/\/rioonwatch.org.br\/wp-content\/uploads\/2018\/07\/Manguinhos-Caju-Urban-Mapping-2-940x400.jpg 940w\" sizes=\"(max-width: 620px) 100vw, 620px\" \/><\/a><\/p>\n<h3><strong>Est\u00e1gio 3: Decis\u00f5es de design e implementa\u00e7\u00e3o<\/strong><\/h3>\n<p><span style=\"font-weight: 400;\">As decis\u00f5es de design devem ser adaptadas ao ambiente social e cultural local, e n\u00e3o apenas \u00e0s exig\u00eancias financeiras. Ao pensar em solu\u00e7\u00f5es de design, os planejadores devem ter em mente que uma vizinhan\u00e7a mista e um uso misto da terra t\u00eam maior probabilidade de criar uma comunidade ambientalmente e socialmente sustent\u00e1vel*.<\/span><\/p>\n<p><span style=\"font-weight: 400;\">Um objetivo importante do design \u00e9 incorporar <a href=\"http:\/\/bit.ly\/EspacosPublicos\" target=\"_blank\" rel=\"noopener\">espa\u00e7os p\u00fablicos<\/a> abertos onde todos os grupos sociais possam interagir e criar um esp\u00edrito comunit\u00e1rio positivo. Espa\u00e7os sociais s\u00e3o <a href=\"http:\/\/bit.ly\/2uJQMk7\" target=\"_blank\" rel=\"noopener\">fundamentais para o desenvolvimento do capital social e coes\u00e3o<\/a>, pois podem promover a inclus\u00e3o e um sentimento de confian\u00e7a e seguran\u00e7a.<\/span><\/p>\n<p><span style=\"font-weight: 400;\">Esses espa\u00e7os podem ser propostos em todos os tipos de projetos. Por exemplo, habita\u00e7\u00e3o constru\u00edda em contexto de crise por conta de um desastre natural, pode fornecer uma solu\u00e7\u00e3o espacial que mant\u00e9m as comunidades unidas em novos assentamentos, mantendo sua auto-organiza\u00e7\u00e3o e rela\u00e7\u00f5es sociais. Por\u00e9m, \u00e9 importante ressaltar que o reassentamento deve ser minimizado o m\u00e1ximo poss\u00edvel e apenas proposta em situa\u00e7\u00f5es extremas e urgentes, como desastres naturais. Outro bom exemplo \u00e9 no caso de esta\u00e7\u00f5es de transporte. Embora geralmente pensadas, principalmente, para servir a uma fun\u00e7\u00e3o utilit\u00e1ria, os centros de transporte tamb\u00e9m podem oferecer espa\u00e7os para intera\u00e7\u00e3o social \u00e0 medida que um grande n\u00famero de pessoas passa por elas todos os dias.<\/span><\/p>\n<p><span style=\"font-weight: 400;\">Outra medida importante para garantir diversidade e equidade \u00e9 a <a href=\"http:\/\/bit.ly\/1Tk8efc\" target=\"_blank\" rel=\"noopener\">oferta de moradias populares nos centros das cidades<\/a>. Como podemos ver no Rio e em tantas outras cidades ao redor do mundo, h\u00e1 uma tend\u00eancia crescente de pessoas de baixa renda serem <a href=\"http:\/\/bit.ly\/184FqS4\" target=\"_blank\" rel=\"noopener\">empurradas<\/a> para as regi\u00f5es perif\u00e9ricas, dificultando seu acesso \u00e0 infraestrutura e \u00e0s oportunidades e dificultando oportunidades de engajamento democr\u00e1tico.<\/span><\/p>\n<h3><strong>Est\u00e1gio 4: Monitoramento e avalia\u00e7\u00e3o<\/strong><\/h3>\n<p><span style=\"font-weight: 400;\">Finalmente, depois de projetar e implementar um plano de desenvolvimento em parceria com uma comunidade, \u00e9 necess\u00e1rio ter um m\u00e9todo regular de monitoramento e avalia\u00e7\u00e3o de seus impactos para garantir a sustentabilidade social e urbana. A comunidade \u00e9 um elemento fundamental na continuidade dos processos de desenvolvimento. Quando as pessoas t\u00eam um senso de responsabilidade sobre seu lugar, como muitos dos moradores das favelas do Rio, eles monitoram e avaliam os resultados dos pr\u00f3prios projetos de desenvolvimento, constantemente propondo e iniciando novas id\u00e9ias e melhorias, independentemente do apoio institucional existir ou n\u00e3o.<\/span><\/p>\n<h3><strong>Conclus\u00e3o<\/strong><\/h3>\n<p><span style=\"font-weight: 400;\">A participa\u00e7\u00e3o comunit\u00e1ria em projetos locais ajuda a criar la\u00e7os e v\u00ednculos entre vizinhos, aumentando a capacidade coletiva. Incorporar essas ferramentas e metodologias no trabalho feito pelas <a href=\"http:\/\/bit.ly\/2KZ87gQ\" target=\"_blank\" rel=\"noopener\">organiza\u00e7\u00f5es comunit\u00e1rias<\/a> nas favelas, ou consolid\u00e1-las nos casos em que elas j\u00e1 existem, tem o potencial de aumentar a atua\u00e7\u00e3o dos moradores sobre seu ambiente, comunidade e futuro.<\/span><span style=\"font-weight: 400;\"><br \/>\n<\/span><\/p>\n<h3>*<b>Gloss\u00e1rio<\/b><\/h3>\n<p><b>Resili\u00eancia comunit\u00e1ria<\/b><span style=\"font-weight: 400;\">: E<\/span><span style=\"font-weight: 400;\">xist\u00eancia, desenvolvimento e engajamento de recursos comunit\u00e1rios por membros da comunidade para prosperarem em um ambiente caracterizado por mudan\u00e7as, incertezas, imprevisibilidade e surpresa.<\/span><\/p>\n<p><b>Capital socia<\/b><span style=\"font-weight: 400;\"><strong>l<\/strong>: Um fator-chave na constru\u00e7\u00e3o de uma comunidade sustent\u00e1vel, o capital social \u00e9 o grupo de benef\u00edcios que v\u00eam de normas sociais consistentes e da confian\u00e7a constru\u00edda atrav\u00e9s da intera\u00e7\u00e3o regular dentro de uma comunidade.<\/span><\/p>\n<ul>\n<li style=\"font-weight: 400;\"><span style=\"font-weight: 400;\">Capital Social\u00a0que Ligue as Pessoas <em>(bonding social<\/em> capital)<em>:<\/em> capital social dentro de uma comunidade.<\/span><\/li>\n<li style=\"font-weight: 400;\"><span style=\"font-weight: 400;\">Capital Social Horizontal: capital social atrav\u00e9s de uma rede de comunidades.<\/span><\/li>\n<\/ul>\n<p><b>Coes\u00e3o social:<\/b><span style=\"font-weight: 400;\">\u00a0Quando pessoas da mesma comunidade ou sociedade se d\u00e3o bem, confiam umas nas outras, e vivem pacificamente com ou sem diferen\u00e7as sociais ou \u00e9tnicas. Este processo \u00e9 apoiado pela inclus\u00e3o e igualdade econ\u00f4mica, pela democracia, por pessoas que t\u00eam suas necessidades b\u00e1sicas atendidas e pela solidariedade social.<\/span><\/p>\n<p><b>Socialmente sustent\u00e1vel<\/b><span style=\"font-weight: 400;\">: quando o bairro apoia o bem-estar individual e coletivo de seus moradores.<\/span><\/p>\n<p><em><span style=\"font-weight: 400;\">Esta \u00e9 a segunda mat\u00e9ria, de uma <a href=\"http:\/\/bit.ly\/2O0r6p4\" target=\"_blank\" rel=\"noopener\">s\u00e9rie<\/a> de duas partes, de uma resenha do <a href=\"http:\/\/bit.ly\/2FK2Kuy\" target=\"_blank\" rel=\"noopener\">livro<\/a> &#8216;Social Sustainability, Climate Resilience and Community-Based Urban Development: <a href=\"http:\/\/bit.ly\/2x0BhV7\" target=\"_blank\" rel=\"noopener\">What About the People<\/a>?&#8217; (Sustentabilidade Social, Resili\u00eancia Clim\u00e1tica e Desenvolvimento Comunit\u00e1rio Urbano: E Quanto \u00e0s Pessoas?), de Cathy Baldwin e Robin King, incorporando conceitos que contribuem para pensar sobre as favelas do Rio. Leia a primeira parte <a href=\"http:\/\/bit.ly\/2O0r6p4\" target=\"_blank\" rel=\"noopener\">aqui<\/a>.<\/span><\/em><\/p>\n<!-- AddThis Advanced Settings generic via filter on the_content --><!-- AddThis Share Buttons generic via filter on the_content -->","protected":false},"excerpt":{"rendered":"<div class=\"mh-excerpt\"><p>Click Here for English Esta \u00e9 a segunda mat\u00e9ria, de uma s\u00e9rie de duas partes, de uma resenha do livro &#8216;Social Sustainability, Climate Resilience and Community-Based Urban Development: What About the People?&#8217; (Sustentabilidade Social, Resili\u00eancia <a class=\"mh-excerpt-more\" href=\"https:\/\/rioonwatch.org.br\/?p=34645\" title=\"&#8216;E Quanto \u00e0s Pessoas?&#8217; Desenvolvimento Comunit\u00e1rio Sustent\u00e1vel no Rio, Parte 2\u2014Ferramentas de Planejamento [RESENHA]\">[&#8230;]<\/a><!-- AddThis Advanced Settings generic via filter on get_the_excerpt --><!-- AddThis Share Buttons generic via filter on get_the_excerpt --><\/p>\n<\/div>","protected":false},"author":129,"featured_media":34745,"comment_status":"closed","ping_status":"closed","sticky":false,"template":"","format":"standard","meta":{"_acf_changed":false,"_monsterinsights_skip_tracking":false,"_monsterinsights_sitenote_active":false,"_monsterinsights_sitenote_note":"","_monsterinsights_sitenote_category":0,"footnotes":""},"categories":[2323,1621,1632,1626,1616,1624,1612,342,1639],"tags":[386,2418,2044,2420,1786,811,1096,2278,324,2419,469,1151,1304,304,2400,958,1966,476,1308],"writer":[2399,2234],"translator":[1971],"source":[],"ilustrador":[],"fotografo":[],"class_list":{"0":"post-34645","1":"post","2":"type-post","3":"status-publish","4":"format-standard","5":"has-post-thumbnail","7":"category-urbanismopopular","8":"category-destaque","9":"category-pesquisa-e-analise","10":"category-por-observadores-internacionais","11":"category-qualidades-da-favela","12":"category-resenha","13":"category-sociedade-civil","14":"category-solucoes","15":"category-sustentabilidade","16":"tag-estigma","17":"tag-comunidade","18":"tag-desenvolvimento","19":"tag-design-participativo","20":"tag-espaco-comunitario","21":"tag-espaco-publico","22":"tag-favela-como-modelo-sustentavel","23":"tag-ferramentas-para-mobilizacao","24":"tag-infraestrutura","25":"tag-mapeamento","26":"tag-memoria","27":"tag-organizacao","28":"tag-organizacao-criativa","29":"tag-participacao","30":"tag-planejamento-participativo","31":"tag-resenha-de-livro","32":"tag-resiliencia","33":"tag-solucao-comunitaria","34":"tag-taticas-de-organizacao","35":"writer-patricia-basile","36":"writer-priscilla-mayrink","37":"translator-geovanna-giannini"},"acf":[],"yoast_head":"<!-- This site is optimized with the Yoast SEO plugin v25.6 - https:\/\/yoast.com\/wordpress\/plugins\/seo\/ -->\n<title>&#039;E Quanto \u00e0s Pessoas?&#039; Desenvolvimento Comunit\u00e1rio Sustent\u00e1vel no Rio, Parte 2\u2014Ferramentas de Planejamento [RESENHA] - RioOnWatch<\/title>\n<meta name=\"robots\" content=\"index, follow, max-snippet:-1, max-image-preview:large, max-video-preview:-1\" \/>\n<link rel=\"canonical\" href=\"https:\/\/rioonwatch.org.br\/?p=34645\" \/>\n<meta property=\"og:locale\" content=\"pt_BR\" \/>\n<meta property=\"og:type\" content=\"article\" \/>\n<meta property=\"og:title\" content=\"&#039;E Quanto \u00e0s Pessoas?&#039; Desenvolvimento Comunit\u00e1rio Sustent\u00e1vel no Rio, Parte 2\u2014Ferramentas de Planejamento [RESENHA] - RioOnWatch\" \/>\n<meta property=\"og:description\" content=\"Click Here for English Esta \u00e9 a segunda mat\u00e9ria, de uma s\u00e9rie de duas partes, de uma resenha do livro &#8216;Social Sustainability, Climate Resilience and Community-Based Urban Development: What About the People?&#8217; (Sustentabilidade Social, Resili\u00eancia [...]\" \/>\n<meta property=\"og:url\" content=\"https:\/\/rioonwatch.org.br\/?p=34645\" \/>\n<meta property=\"og:site_name\" content=\"RioOnWatch\" \/>\n<meta property=\"article:published_time\" content=\"2018-07-19T14:52:29+00:00\" \/>\n<meta property=\"article:modified_time\" content=\"2024-06-20T19:17:00+00:00\" \/>\n<meta property=\"og:image\" content=\"https:\/\/rioonwatch.org.br\/wp-content\/uploads\/2018\/07\/Community-clean-up-Rio-das-Pedras.-Photo-by-Tyler-Strobl.jpg\" \/>\n\t<meta property=\"og:image:width\" content=\"2048\" \/>\n\t<meta property=\"og:image:height\" content=\"1536\" \/>\n\t<meta property=\"og:image:type\" content=\"image\/jpeg\" \/>\n<meta name=\"author\" content=\"Admin\" \/>\n<meta name=\"twitter:card\" content=\"summary_large_image\" \/>\n<meta name=\"twitter:label1\" content=\"Escrito por\" \/>\n\t<meta name=\"twitter:data1\" content=\"Admin\" \/>\n\t<meta name=\"twitter:label2\" content=\"Est. tempo de leitura\" \/>\n\t<meta name=\"twitter:data2\" content=\"9 minutos\" \/>\n<script type=\"application\/ld+json\" class=\"yoast-schema-graph\">{\"@context\":\"https:\/\/schema.org\",\"@graph\":[{\"@type\":\"Article\",\"@id\":\"https:\/\/rioonwatch.org.br\/?p=34645#article\",\"isPartOf\":{\"@id\":\"https:\/\/rioonwatch.org.br\/?p=34645\"},\"author\":{\"name\":\"Admin\",\"@id\":\"https:\/\/rioonwatch.org.br\/#\/schema\/person\/11d64c290506f9df50c71b850c473f68\"},\"headline\":\"&#8216;E Quanto \u00e0s Pessoas?&#8217; Desenvolvimento Comunit\u00e1rio Sustent\u00e1vel no Rio, Parte 2\u2014Ferramentas de Planejamento [RESENHA]\",\"datePublished\":\"2018-07-19T14:52:29+00:00\",\"dateModified\":\"2024-06-20T19:17:00+00:00\",\"mainEntityOfPage\":{\"@id\":\"https:\/\/rioonwatch.org.br\/?p=34645\"},\"wordCount\":1849,\"publisher\":{\"@id\":\"https:\/\/rioonwatch.org.br\/#organization\"},\"image\":{\"@id\":\"https:\/\/rioonwatch.org.br\/?p=34645#primaryimage\"},\"thumbnailUrl\":\"https:\/\/rioonwatch.org.br\/wp-content\/uploads\/2018\/07\/Community-clean-up-Rio-das-Pedras.-Photo-by-Tyler-Strobl.jpg\",\"keywords\":[\"#StopFavelaStigma\",\"comunidade\",\"desenvolvimento\",\"design participativo\",\"espa\u00e7o comunit\u00e1rio\",\"espa\u00e7o p\u00fablico\",\"Favela Como Modelo Sustent\u00e1vel\",\"ferramentas para mobiliza\u00e7\u00e3o\",\"infraestrutura\",\"mapeamento\",\"Mem\u00f3rias Faveladas\",\"mobiliza\u00e7\u00e3o\",\"mobiliza\u00e7\u00e3o criativa\",\"participa\u00e7\u00e3o\",\"planejamento participativo\",\"resenha de livro\",\"resili\u00eancia\",\"solu\u00e7\u00e3o comunit\u00e1ria\",\"t\u00e1ticas de organiza\u00e7\u00e3o\"],\"articleSection\":[\"#UrbanismoPopular\",\"*Destaque\",\"Dados e Pesquisa\",\"Escrito por Aliados\",\"Qualidades da Favela\",\"Resenhas\",\"Sociedade Civil\",\"Solu\u00e7\u00f5es\",\"Sustentabilidade\"],\"inLanguage\":\"pt-BR\"},{\"@type\":\"WebPage\",\"@id\":\"https:\/\/rioonwatch.org.br\/?p=34645\",\"url\":\"https:\/\/rioonwatch.org.br\/?p=34645\",\"name\":\"'E Quanto \u00e0s Pessoas?' Desenvolvimento Comunit\u00e1rio Sustent\u00e1vel no Rio, Parte 2\u2014Ferramentas de Planejamento [RESENHA] - RioOnWatch\",\"isPartOf\":{\"@id\":\"https:\/\/rioonwatch.org.br\/#website\"},\"primaryImageOfPage\":{\"@id\":\"https:\/\/rioonwatch.org.br\/?p=34645#primaryimage\"},\"image\":{\"@id\":\"https:\/\/rioonwatch.org.br\/?p=34645#primaryimage\"},\"thumbnailUrl\":\"https:\/\/rioonwatch.org.br\/wp-content\/uploads\/2018\/07\/Community-clean-up-Rio-das-Pedras.-Photo-by-Tyler-Strobl.jpg\",\"datePublished\":\"2018-07-19T14:52:29+00:00\",\"dateModified\":\"2024-06-20T19:17:00+00:00\",\"breadcrumb\":{\"@id\":\"https:\/\/rioonwatch.org.br\/?p=34645#breadcrumb\"},\"inLanguage\":\"pt-BR\",\"potentialAction\":[{\"@type\":\"ReadAction\",\"target\":[\"https:\/\/rioonwatch.org.br\/?p=34645\"]}]},{\"@type\":\"ImageObject\",\"inLanguage\":\"pt-BR\",\"@id\":\"https:\/\/rioonwatch.org.br\/?p=34645#primaryimage\",\"url\":\"https:\/\/rioonwatch.org.br\/wp-content\/uploads\/2018\/07\/Community-clean-up-Rio-das-Pedras.-Photo-by-Tyler-Strobl.jpg\",\"contentUrl\":\"https:\/\/rioonwatch.org.br\/wp-content\/uploads\/2018\/07\/Community-clean-up-Rio-das-Pedras.-Photo-by-Tyler-Strobl.jpg\",\"width\":2048,\"height\":1536},{\"@type\":\"BreadcrumbList\",\"@id\":\"https:\/\/rioonwatch.org.br\/?p=34645#breadcrumb\",\"itemListElement\":[{\"@type\":\"ListItem\",\"position\":1,\"name\":\"In\u00edcio\",\"item\":\"https:\/\/rioonwatch.org.br\/\"},{\"@type\":\"ListItem\",\"position\":2,\"name\":\"&#8216;E Quanto \u00e0s Pessoas?&#8217; Desenvolvimento Comunit\u00e1rio Sustent\u00e1vel no Rio, Parte 2\u2014Ferramentas de Planejamento [RESENHA]\"}]},{\"@type\":\"WebSite\",\"@id\":\"https:\/\/rioonwatch.org.br\/#website\",\"url\":\"https:\/\/rioonwatch.org.br\/\",\"name\":\"RioOnWatch\",\"description\":\"relatos das favelas cariocas\",\"publisher\":{\"@id\":\"https:\/\/rioonwatch.org.br\/#organization\"},\"potentialAction\":[{\"@type\":\"SearchAction\",\"target\":{\"@type\":\"EntryPoint\",\"urlTemplate\":\"https:\/\/rioonwatch.org.br\/?s={search_term_string}\"},\"query-input\":{\"@type\":\"PropertyValueSpecification\",\"valueRequired\":true,\"valueName\":\"search_term_string\"}}],\"inLanguage\":\"pt-BR\"},{\"@type\":\"Organization\",\"@id\":\"https:\/\/rioonwatch.org.br\/#organization\",\"name\":\"RioOnWatch\",\"url\":\"https:\/\/rioonwatch.org.br\/\",\"logo\":{\"@type\":\"ImageObject\",\"inLanguage\":\"pt-BR\",\"@id\":\"https:\/\/rioonwatch.org.br\/#\/schema\/logo\/image\/\",\"url\":\"https:\/\/rioonwatch.org.br\/wp-content\/uploads\/2021\/06\/RioOnWatchcabecalhoPT11anos-2.png\",\"contentUrl\":\"https:\/\/rioonwatch.org.br\/wp-content\/uploads\/2021\/06\/RioOnWatchcabecalhoPT11anos-2.png\",\"width\":779,\"height\":277,\"caption\":\"RioOnWatch\"},\"image\":{\"@id\":\"https:\/\/rioonwatch.org.br\/#\/schema\/logo\/image\/\"}},{\"@type\":\"Person\",\"@id\":\"https:\/\/rioonwatch.org.br\/#\/schema\/person\/11d64c290506f9df50c71b850c473f68\",\"name\":\"Admin\",\"image\":{\"@type\":\"ImageObject\",\"inLanguage\":\"pt-BR\",\"@id\":\"https:\/\/rioonwatch.org.br\/#\/schema\/person\/image\/\",\"url\":\"https:\/\/secure.gravatar.com\/avatar\/56211ac74568383903349a1485e3c325?s=96&d=blank&r=g\",\"contentUrl\":\"https:\/\/secure.gravatar.com\/avatar\/56211ac74568383903349a1485e3c325?s=96&d=blank&r=g\",\"caption\":\"Admin\"},\"url\":\"https:\/\/rioonwatch.org.br\/?author=129\"}]}<\/script>\n<!-- \/ Yoast SEO plugin. -->","yoast_head_json":{"title":"'E Quanto \u00e0s Pessoas?' Desenvolvimento Comunit\u00e1rio Sustent\u00e1vel no Rio, Parte 2\u2014Ferramentas de Planejamento [RESENHA] - RioOnWatch","robots":{"index":"index","follow":"follow","max-snippet":"max-snippet:-1","max-image-preview":"max-image-preview:large","max-video-preview":"max-video-preview:-1"},"canonical":"https:\/\/rioonwatch.org.br\/?p=34645","og_locale":"pt_BR","og_type":"article","og_title":"'E Quanto \u00e0s Pessoas?' Desenvolvimento Comunit\u00e1rio Sustent\u00e1vel no Rio, Parte 2\u2014Ferramentas de Planejamento [RESENHA] - RioOnWatch","og_description":"Click Here for English Esta \u00e9 a segunda mat\u00e9ria, de uma s\u00e9rie de duas partes, de uma resenha do livro &#8216;Social Sustainability, Climate Resilience and Community-Based Urban Development: What About the People?&#8217; (Sustentabilidade Social, Resili\u00eancia [...]","og_url":"https:\/\/rioonwatch.org.br\/?p=34645","og_site_name":"RioOnWatch","article_published_time":"2018-07-19T14:52:29+00:00","article_modified_time":"2024-06-20T19:17:00+00:00","og_image":[{"width":2048,"height":1536,"url":"https:\/\/rioonwatch.org.br\/wp-content\/uploads\/2018\/07\/Community-clean-up-Rio-das-Pedras.-Photo-by-Tyler-Strobl.jpg","type":"image\/jpeg"}],"author":"Admin","twitter_card":"summary_large_image","twitter_misc":{"Escrito por":"Admin","Est. tempo de leitura":"9 minutos"},"schema":{"@context":"https:\/\/schema.org","@graph":[{"@type":"Article","@id":"https:\/\/rioonwatch.org.br\/?p=34645#article","isPartOf":{"@id":"https:\/\/rioonwatch.org.br\/?p=34645"},"author":{"name":"Admin","@id":"https:\/\/rioonwatch.org.br\/#\/schema\/person\/11d64c290506f9df50c71b850c473f68"},"headline":"&#8216;E Quanto \u00e0s Pessoas?&#8217; Desenvolvimento Comunit\u00e1rio Sustent\u00e1vel no Rio, Parte 2\u2014Ferramentas de Planejamento [RESENHA]","datePublished":"2018-07-19T14:52:29+00:00","dateModified":"2024-06-20T19:17:00+00:00","mainEntityOfPage":{"@id":"https:\/\/rioonwatch.org.br\/?p=34645"},"wordCount":1849,"publisher":{"@id":"https:\/\/rioonwatch.org.br\/#organization"},"image":{"@id":"https:\/\/rioonwatch.org.br\/?p=34645#primaryimage"},"thumbnailUrl":"https:\/\/rioonwatch.org.br\/wp-content\/uploads\/2018\/07\/Community-clean-up-Rio-das-Pedras.-Photo-by-Tyler-Strobl.jpg","keywords":["#StopFavelaStigma","comunidade","desenvolvimento","design participativo","espa\u00e7o comunit\u00e1rio","espa\u00e7o p\u00fablico","Favela Como Modelo Sustent\u00e1vel","ferramentas para mobiliza\u00e7\u00e3o","infraestrutura","mapeamento","Mem\u00f3rias Faveladas","mobiliza\u00e7\u00e3o","mobiliza\u00e7\u00e3o criativa","participa\u00e7\u00e3o","planejamento participativo","resenha de livro","resili\u00eancia","solu\u00e7\u00e3o comunit\u00e1ria","t\u00e1ticas de organiza\u00e7\u00e3o"],"articleSection":["#UrbanismoPopular","*Destaque","Dados e Pesquisa","Escrito por Aliados","Qualidades da Favela","Resenhas","Sociedade Civil","Solu\u00e7\u00f5es","Sustentabilidade"],"inLanguage":"pt-BR"},{"@type":"WebPage","@id":"https:\/\/rioonwatch.org.br\/?p=34645","url":"https:\/\/rioonwatch.org.br\/?p=34645","name":"'E Quanto \u00e0s Pessoas?' Desenvolvimento Comunit\u00e1rio Sustent\u00e1vel no Rio, Parte 2\u2014Ferramentas de Planejamento [RESENHA] - RioOnWatch","isPartOf":{"@id":"https:\/\/rioonwatch.org.br\/#website"},"primaryImageOfPage":{"@id":"https:\/\/rioonwatch.org.br\/?p=34645#primaryimage"},"image":{"@id":"https:\/\/rioonwatch.org.br\/?p=34645#primaryimage"},"thumbnailUrl":"https:\/\/rioonwatch.org.br\/wp-content\/uploads\/2018\/07\/Community-clean-up-Rio-das-Pedras.-Photo-by-Tyler-Strobl.jpg","datePublished":"2018-07-19T14:52:29+00:00","dateModified":"2024-06-20T19:17:00+00:00","breadcrumb":{"@id":"https:\/\/rioonwatch.org.br\/?p=34645#breadcrumb"},"inLanguage":"pt-BR","potentialAction":[{"@type":"ReadAction","target":["https:\/\/rioonwatch.org.br\/?p=34645"]}]},{"@type":"ImageObject","inLanguage":"pt-BR","@id":"https:\/\/rioonwatch.org.br\/?p=34645#primaryimage","url":"https:\/\/rioonwatch.org.br\/wp-content\/uploads\/2018\/07\/Community-clean-up-Rio-das-Pedras.-Photo-by-Tyler-Strobl.jpg","contentUrl":"https:\/\/rioonwatch.org.br\/wp-content\/uploads\/2018\/07\/Community-clean-up-Rio-das-Pedras.-Photo-by-Tyler-Strobl.jpg","width":2048,"height":1536},{"@type":"BreadcrumbList","@id":"https:\/\/rioonwatch.org.br\/?p=34645#breadcrumb","itemListElement":[{"@type":"ListItem","position":1,"name":"In\u00edcio","item":"https:\/\/rioonwatch.org.br\/"},{"@type":"ListItem","position":2,"name":"&#8216;E Quanto \u00e0s Pessoas?&#8217; Desenvolvimento Comunit\u00e1rio Sustent\u00e1vel no Rio, Parte 2\u2014Ferramentas de Planejamento [RESENHA]"}]},{"@type":"WebSite","@id":"https:\/\/rioonwatch.org.br\/#website","url":"https:\/\/rioonwatch.org.br\/","name":"RioOnWatch","description":"relatos das favelas cariocas","publisher":{"@id":"https:\/\/rioonwatch.org.br\/#organization"},"potentialAction":[{"@type":"SearchAction","target":{"@type":"EntryPoint","urlTemplate":"https:\/\/rioonwatch.org.br\/?s={search_term_string}"},"query-input":{"@type":"PropertyValueSpecification","valueRequired":true,"valueName":"search_term_string"}}],"inLanguage":"pt-BR"},{"@type":"Organization","@id":"https:\/\/rioonwatch.org.br\/#organization","name":"RioOnWatch","url":"https:\/\/rioonwatch.org.br\/","logo":{"@type":"ImageObject","inLanguage":"pt-BR","@id":"https:\/\/rioonwatch.org.br\/#\/schema\/logo\/image\/","url":"https:\/\/rioonwatch.org.br\/wp-content\/uploads\/2021\/06\/RioOnWatchcabecalhoPT11anos-2.png","contentUrl":"https:\/\/rioonwatch.org.br\/wp-content\/uploads\/2021\/06\/RioOnWatchcabecalhoPT11anos-2.png","width":779,"height":277,"caption":"RioOnWatch"},"image":{"@id":"https:\/\/rioonwatch.org.br\/#\/schema\/logo\/image\/"}},{"@type":"Person","@id":"https:\/\/rioonwatch.org.br\/#\/schema\/person\/11d64c290506f9df50c71b850c473f68","name":"Admin","image":{"@type":"ImageObject","inLanguage":"pt-BR","@id":"https:\/\/rioonwatch.org.br\/#\/schema\/person\/image\/","url":"https:\/\/secure.gravatar.com\/avatar\/56211ac74568383903349a1485e3c325?s=96&d=blank&r=g","contentUrl":"https:\/\/secure.gravatar.com\/avatar\/56211ac74568383903349a1485e3c325?s=96&d=blank&r=g","caption":"Admin"},"url":"https:\/\/rioonwatch.org.br\/?author=129"}]}},"_links":{"self":[{"href":"https:\/\/rioonwatch.org.br\/index.php?rest_route=\/wp\/v2\/posts\/34645"}],"collection":[{"href":"https:\/\/rioonwatch.org.br\/index.php?rest_route=\/wp\/v2\/posts"}],"about":[{"href":"https:\/\/rioonwatch.org.br\/index.php?rest_route=\/wp\/v2\/types\/post"}],"author":[{"embeddable":true,"href":"https:\/\/rioonwatch.org.br\/index.php?rest_route=\/wp\/v2\/users\/129"}],"replies":[{"embeddable":true,"href":"https:\/\/rioonwatch.org.br\/index.php?rest_route=%2Fwp%2Fv2%2Fcomments&post=34645"}],"version-history":[{"count":26,"href":"https:\/\/rioonwatch.org.br\/index.php?rest_route=\/wp\/v2\/posts\/34645\/revisions"}],"predecessor-version":[{"id":34832,"href":"https:\/\/rioonwatch.org.br\/index.php?rest_route=\/wp\/v2\/posts\/34645\/revisions\/34832"}],"wp:featuredmedia":[{"embeddable":true,"href":"https:\/\/rioonwatch.org.br\/index.php?rest_route=\/wp\/v2\/media\/34745"}],"wp:attachment":[{"href":"https:\/\/rioonwatch.org.br\/index.php?rest_route=%2Fwp%2Fv2%2Fmedia&parent=34645"}],"wp:term":[{"taxonomy":"category","embeddable":true,"href":"https:\/\/rioonwatch.org.br\/index.php?rest_route=%2Fwp%2Fv2%2Fcategories&post=34645"},{"taxonomy":"post_tag","embeddable":true,"href":"https:\/\/rioonwatch.org.br\/index.php?rest_route=%2Fwp%2Fv2%2Ftags&post=34645"},{"taxonomy":"writer","embeddable":true,"href":"https:\/\/rioonwatch.org.br\/index.php?rest_route=%2Fwp%2Fv2%2Fwriter&post=34645"},{"taxonomy":"translator","embeddable":true,"href":"https:\/\/rioonwatch.org.br\/index.php?rest_route=%2Fwp%2Fv2%2Ftranslator&post=34645"},{"taxonomy":"source","embeddable":true,"href":"https:\/\/rioonwatch.org.br\/index.php?rest_route=%2Fwp%2Fv2%2Fsource&post=34645"},{"taxonomy":"ilustrador","embeddable":true,"href":"https:\/\/rioonwatch.org.br\/index.php?rest_route=%2Fwp%2Fv2%2Filustrador&post=34645"},{"taxonomy":"fotografo","embeddable":true,"href":"https:\/\/rioonwatch.org.br\/index.php?rest_route=%2Fwp%2Fv2%2Ffotografo&post=34645"}],"curies":[{"name":"wp","href":"https:\/\/api.w.org\/{rel}","templated":true}]}}