{"id":34777,"date":"2018-07-18T09:54:28","date_gmt":"2018-07-18T12:54:28","guid":{"rendered":"http:\/\/rioonwatch.org.br\/?p=34777"},"modified":"2018-07-19T12:49:35","modified_gmt":"2018-07-19T15:49:35","slug":"120-dias-maes-de-filhos-mortos-pelo-estado-marcham-por-marielle-e-exigem-o-fim-da-violencia-de-estado","status":"publish","type":"post","link":"https:\/\/rioonwatch.org.br\/?p=34777","title":{"rendered":"120 Dias: M\u00e3es de Filhos Mortos pelo Estado Marcham por Marielle e Exigem o Fim da Viol\u00eancia de Estado"},"content":{"rendered":"<p style=\"text-align: right;\"><em><strong><a href=\"http:\/\/bit.ly\/2mnbwY2\" target=\"_blank\" rel=\"noopener noreferrer\">Click Here for English<img decoding=\"async\" width=\"20\" height=\"20\" class=\"alignright wp-image-15790\" src=\"http:\/\/rioonwatch.org.br\/wp-content\/uploads\/2012\/08\/EN-standard-e1439583104716.jpg\" \/><\/a><\/strong><\/em><\/p>\n<p><span style=\"font-weight: 400;\">Na noite do dia 12 de julho, manifestantes lotaram o Centro do Rio, marchando em mem\u00f3ria a vereadora <a href=\"http:\/\/bit.ly\/2uHq4VY\" target=\"_blank\" rel=\"noopener\">Marielle Franco<\/a> e das v\u00edtimas da viol\u00eancia policial no Rio de Janeiro.<\/span><\/p>\n<p><span style=\"font-weight: 400;\">No s\u00e1bado, dia 14 de julho, completaram-se 120 dias desde o assassinato de Marielle e de seu motorista <a href=\"https:\/\/glo.bo\/2GJ8hn2\" target=\"_blank\" rel=\"noopener\">Anderson Gomes<\/a>. At\u00e9 ent\u00e3o, a pergunta #<\/span><span style=\"font-weight: 400;\">QuemMatouMarielle? <\/span><span style=\"font-weight: 400;\">continua sem resposta. &#8220;Me parece que est\u00e1 chegando em um ponto de impunidade, de uma estat\u00edstica, que a gente n\u00e3o vai deixar&#8221;, <a href=\"https:\/\/glo.bo\/2ujK3dY\" target=\"_blank\" rel=\"noopener\">disse ao G1<\/a>, Marinete da Silva, m\u00e3e de Marielle.<\/span><\/p>\n<p><a href=\"http:\/\/rioonwatch.org.br\/wp-content\/uploads\/2018\/07\/Marielle-Mother-and-Bruna-Silva-e1531506804681.jpg\"><img fetchpriority=\"high\" decoding=\"async\" class=\"aligncenter wp-image-34782 size-content\" title=\"M\u00e3es de v\u00edtimas protestam na Rio Branco. Foto: Dani Orofino \/ CHAMA Ag\u00eancia Rede\" src=\"http:\/\/rioonwatch.org.br\/wp-content\/uploads\/2018\/07\/Marielle-Mother-and-Bruna-Silva-e1531506804681-620x264.jpg\" alt=\"\" width=\"620\" height=\"264\" srcset=\"https:\/\/rioonwatch.org.br\/wp-content\/uploads\/2018\/07\/Marielle-Mother-and-Bruna-Silva-e1531506804681-620x264.jpg 620w, https:\/\/rioonwatch.org.br\/wp-content\/uploads\/2018\/07\/Marielle-Mother-and-Bruna-Silva-e1531506804681-940x400.jpg 940w\" sizes=\"(max-width: 620px) 100vw, 620px\" \/><\/a><\/p>\n<p><span style=\"font-weight: 400;\"><a href=\"http:\/\/bit.ly\/1USvsNF\" target=\"_blank\" rel=\"noopener\">M\u00f4nica Cunha<\/a> da\u00a0<a href=\"http:\/\/bit.ly\/1On4Hwl\" target=\"_blank\" rel=\"noopener\">Rede de Comunidades e Movimentos Contra a Viol\u00eancia<\/a> se dirigiu a multid\u00e3o reunida do lado de fora da <a href=\"http:\/\/bit.ly\/29YjPFs\" target=\"_blank\" rel=\"noopener\">hist\u00f3rica Igreja da Candel\u00e1ria<\/a>. M\u00f4nica&#8211;cujo filho, Rafael da Silva, foi morto pela pol\u00edcia em 2006 no bairro Riachuelo&#8211;disse aos manifestantes: &#8220;<\/span>Vamos dizer n\u00e3o, vamos dizer basta ao <a href=\"http:\/\/bit.ly\/1HShVBX\" target=\"_blank\" rel=\"noopener\">genoc\u00eddio<\/a>, vamos dizer basta ao racismo. N\u00f3s n\u00e3o queremos isso para nossas vidas. N\u00e3o foi para isso que n\u00f3s nascemos. N\u00e3o foi para isso que n\u00f3s estamos aqui. N\u00e3o devemos aceitar isso. N\u00e3o devemos ficar calados&#8221;.<\/p>\n<p><a href=\"http:\/\/rioonwatch.org.br\/wp-content\/uploads\/2018\/07\/Monica-Cunha-e1531506486118.jpg\"><img decoding=\"async\" class=\"aligncenter wp-image-34787 size-content\" title=\"M\u00f4nica Cunha fala na Candel\u00e1ria. Foto: Dani Orofino \/ CHAMA Ag\u00eancia Rede\" src=\"http:\/\/rioonwatch.org.br\/wp-content\/uploads\/2018\/07\/Monica-Cunha-e1531506486118-620x264.jpg\" alt=\"\" width=\"620\" height=\"264\" srcset=\"https:\/\/rioonwatch.org.br\/wp-content\/uploads\/2018\/07\/Monica-Cunha-e1531506486118-620x264.jpg 620w, https:\/\/rioonwatch.org.br\/wp-content\/uploads\/2018\/07\/Monica-Cunha-e1531506486118-940x400.jpg 940w\" sizes=\"(max-width: 620px) 100vw, 620px\" \/><\/a><\/p>\n<p><span style=\"font-weight: 400;\">Devido ao fato de que a investiga\u00e7\u00e3o sobre o assassinato de Marielle e Anderson se arrasta, a press\u00e3o internacional aumentou. Em 12 de junho, a <a href=\"http:\/\/bit.ly\/2L68mCu\" target=\"_blank\" rel=\"noopener\">Anistia Internacional<\/a> criticou a falta de progresso na investiga\u00e7\u00e3o, <a href=\"http:\/\/bit.ly\/2NjVnOx\" target=\"_blank\" rel=\"noopener\">lan\u00e7ando um v\u00eddeo da fam\u00edlia de Marielle<\/a> pedindo por justi\u00e7a, e <a href=\"http:\/\/bit.ly\/2uwxjQC\" target=\"_blank\" rel=\"noopener\">demandando a cria\u00e7\u00e3o de um\u00a0mecanismo externo e independente para monitorar a investiga\u00e7\u00e3o<\/a>. Dias antes, a ativista de direitos humanos paquistanesa <a href=\"http:\/\/bit.ly\/2uufS43\" target=\"_blank\" rel=\"noopener\">Malala Yousafzai<\/a> visitou o Rio, no dia do seu anivers\u00e1rio, e prestou homenagem \u00e0 Marielle, <a href=\"https:\/\/glo.bo\/2JAjGFo\" target=\"_blank\" rel=\"noopener\">pintando a imagem de Marielle<\/a> em uma parede na favela <a href=\"http:\/\/bit.ly\/1JDtoTS\" target=\"_blank\" rel=\"noopener\">Tavares Bastos<\/a>.<\/span><\/p>\n<p><a href=\"http:\/\/rioonwatch.org.br\/wp-content\/uploads\/2018\/07\/Malala-graffiti-marielle.jpg\"><img loading=\"lazy\" decoding=\"async\" class=\"aligncenter wp-image-34790 size-content\" title=\"Malala e grafite de Marielle. Foto: Comunicado \/ EPA\" src=\"http:\/\/rioonwatch.org.br\/wp-content\/uploads\/2018\/07\/Malala-graffiti-marielle-600x264.jpg\" alt=\"\" width=\"600\" height=\"264\" \/><\/a><\/p>\n<p><span style=\"font-weight: 400;\">Enquanto vereadora, Marielle&#8211;mulher negra, bissexual nascida e criada nas favelas da <a href=\"http:\/\/bit.ly\/10BvARw\">Mar\u00e9<\/a>&#8211;defendeu os direitos humanos das popula\u00e7\u00f5es marginalizadas do Rio, protestando contra o abuso policial e a <a href=\"http:\/\/bit.ly\/1zLJ2W9\" target=\"_blank\" rel=\"noopener\">viol\u00eancia patrocinada pelo Estado<\/a> nas favelas. Na noite de quinta, os manifestantes deram continuidade ao legado de Marielle. Para a ativista Maria Dalva Correa da Silva, cujo filho Thiago foi morto pela pol\u00edcia em 2003 na\u00a0<a href=\"http:\/\/bit.ly\/2uwOAJd\" target=\"_blank\" rel=\"noopener\">Chacina do Borel<\/a>, o protesto foi quest\u00e3o de vida ou morte. \u201c<\/span>A gente tem que estar na resist\u00eancia. A gente n\u00e3o quer <a href=\"http:\/\/bit.ly\/2MrCiu6\" target=\"_blank\" rel=\"noopener\">helic\u00f3ptero<\/a>, a gente n\u00e3o quer <a href=\"http:\/\/bit.ly\/2jYk46V\" target=\"_blank\" rel=\"noopener\">caveir\u00e3o<\/a> na favela, a gente n\u00e3o quer fuzil apontado para a gente&#8230; O Estado est\u00e1 presente constantemente, mas \u00e9 com a ponta do fuzil, e a bala pode roubar os nossos corpos.&#8221;<\/p>\n<p><a href=\"http:\/\/rioonwatch.org.br\/wp-content\/uploads\/2018\/07\/Quem-Matou.jpg\"><img loading=\"lazy\" decoding=\"async\" class=\"aligncenter size-content wp-image-34794\" src=\"http:\/\/rioonwatch.org.br\/wp-content\/uploads\/2018\/07\/Quem-Matou-620x264.jpg\" alt=\"\" width=\"620\" height=\"264\" srcset=\"https:\/\/rioonwatch.org.br\/wp-content\/uploads\/2018\/07\/Quem-Matou-620x264.jpg 620w, https:\/\/rioonwatch.org.br\/wp-content\/uploads\/2018\/07\/Quem-Matou-940x400.jpg 940w\" sizes=\"(max-width: 620px) 100vw, 620px\" \/><\/a><\/p>\n<p><span style=\"font-weight: 400;\">O Rio teve um aumento da presen\u00e7a de Estado desde que as For\u00e7as Armadas assumiram o controle da seguran\u00e7a como parte da <a href=\"http:\/\/bit.ly\/2zJ5VEY\" target=\"_blank\" rel=\"noopener\">interven\u00e7\u00e3o militar<\/a>. A interven\u00e7\u00e3o, que est\u00e1 em vigor h\u00e1\u00a0cinco meses&#8211;completos em 16 de julho&#8211;pouco contribuiu para melhorar a seguran\u00e7a. <a href=\"http:\/\/bit.ly\/2uk5I5X\" target=\"_blank\" rel=\"noopener\">De acordo com o Observat\u00f3rio da Interven\u00e7\u00e3o<\/a>, um centro de monitoramento organizado pelo <a href=\"http:\/\/bit.ly\/2xPthUo\" target=\"_blank\" rel=\"noopener\">Centro de Estudos de Seguran\u00e7a e Cidadania (CESeC)<\/a> na <a href=\"http:\/\/bit.ly\/2utE45N\" target=\"_blank\" rel=\"noopener\">Universidade C\u00e2ndido Mendes (UCAM)<\/a>, a viol\u00eancia de estado cresceu desde fevereiro.\u00a0<\/span>Entre fevereiro e maio de 2018, o Rio teve 444 pessoas mortas pela pol\u00edcia, um aumento de 34% em compara\u00e7\u00e3o com os tr\u00eas meses anteriores \u00e0 interven\u00e7\u00e3o. O n\u00famero de tiroteios entre fevereiro e maio aumentou 36% em rela\u00e7\u00e3o aos quatro meses anteriores.<\/p>\n<p>Bruna Silva, cujo filho Marcos Vin\u00edcius foi morto em uma opera\u00e7\u00e3o <a href=\"http:\/\/bit.ly\/2Mie5Fx\" target=\"_blank\" rel=\"noopener\">conjunta das For\u00e7as Armadas e da Pol\u00edcia Civil em 20 de junho<\/a><span style=\"font-weight: 400;\">, estava na linha de frente no protesto de quinta. Enquanto ela falava do lado de fora da prefeitura, sua filha esteve ao seu lado, segurando um cartaz onde podia-se ler: \u201cA pol\u00edcia n\u00e3o viu que meu irm\u00e3o <a href=\"http:\/\/bit.ly\/2KvsKwM\" target=\"_blank\" rel=\"noopener\">estava usando o uniforme da escola<\/a>\u201d.<\/span><\/p>\n<p><span style=\"font-weight: 400;\">Bruna, que falou com a\u00a0<a href=\"http:\/\/bit.ly\/2uBOOyO\" target=\"_blank\" rel=\"noopener\">Comiss\u00e3o de Direitos Humanos e Minorias da C\u00e2mara dos Deputados<\/a> em Bras\u00edlia dias antes, lembrou que a pol\u00edcia civil classificou a opera\u00e7\u00e3o que matou seu filho como sendo de &#8220;<a href=\"https:\/\/glo.bo\/2uw7HnA\" target=\"_blank\" rel=\"noopener\">grande \u00eaxito<\/a>&#8220;. Ela agarrou a blusa de uniforme ensanguentada que seu filho estava usando naquele dia, perguntando: &#8220;Isso\u00a0aqui \u00e9 um sucesso?&#8221;<\/span><\/p>\n<!-- AddThis Advanced Settings generic via filter on the_content --><!-- AddThis Share Buttons generic via filter on the_content -->","protected":false},"excerpt":{"rendered":"<div class=\"mh-excerpt\"><p>Click Here for English Na noite do dia 12 de julho, manifestantes lotaram o Centro do Rio, marchando em mem\u00f3ria a vereadora Marielle Franco e das v\u00edtimas da viol\u00eancia policial no Rio de Janeiro. No <a class=\"mh-excerpt-more\" href=\"https:\/\/rioonwatch.org.br\/?p=34777\" title=\"120 Dias: M\u00e3es de Filhos Mortos pelo Estado Marcham por Marielle e Exigem o Fim da Viol\u00eancia de Estado\">[&#8230;]<\/a><!-- AddThis Advanced Settings generic via filter on get_the_excerpt --><!-- AddThis Share Buttons generic via filter on get_the_excerpt --><\/p>\n<\/div>","protected":false},"author":129,"featured_media":34779,"comment_status":"closed","ping_status":"closed","sticky":false,"template":"","format":"standard","meta":{"_acf_changed":false,"_monsterinsights_skip_tracking":false,"_monsterinsights_sitenote_active":false,"_monsterinsights_sitenote_note":"","_monsterinsights_sitenote_category":0,"footnotes":""},"categories":[1621,1627,346,1626,1620,1612],"tags":[1796,259,2425,332,88,2426,2033,2347,774,763,283,432,672,920,52],"writer":[2249],"translator":[2376],"source":[],"ilustrador":[],"fotografo":[],"class_list":{"0":"post-34777","1":"post","2":"type-post","3":"status-publish","4":"format-standard","5":"has-post-thumbnail","7":"category-destaque","8":"category-relato-de-evento","9":"category-denuncias","10":"category-por-observadores-internacionais","11":"category-olhonaupp","12":"category-sociedade-civil","13":"tag-anistia-internacional","14":"tag-centro","15":"tag-cesec","16":"tag-complexo-da-mare","17":"tag-direitos-humanos","18":"tag-helicoptero","19":"tag-marielle-franco","20":"tag-observatorio-da-intervencao","21":"tag-policia-militar","22":"tag-protesto","23":"tag-rede-contra-violencia","24":"tag-resistencia","25":"tag-seguranca-publica","26":"tag-violencia-de-estado","27":"tag-violencia-policial","28":"writer-edmund-ruge","29":"translator-isabella-fragelli"},"acf":[],"yoast_head":"<!-- This site is optimized with the Yoast SEO plugin v25.6 - https:\/\/yoast.com\/wordpress\/plugins\/seo\/ -->\n<title>120 Dias: M\u00e3es de Filhos Mortos pelo Estado Marcham por Marielle e Exigem o Fim da Viol\u00eancia de Estado - RioOnWatch<\/title>\n<meta name=\"robots\" content=\"index, follow, max-snippet:-1, max-image-preview:large, max-video-preview:-1\" \/>\n<link rel=\"canonical\" href=\"https:\/\/rioonwatch.org.br\/?p=34777\" \/>\n<meta property=\"og:locale\" content=\"pt_BR\" \/>\n<meta property=\"og:type\" content=\"article\" \/>\n<meta property=\"og:title\" content=\"120 Dias: M\u00e3es de Filhos Mortos pelo Estado Marcham por Marielle e Exigem o Fim da Viol\u00eancia de Estado - RioOnWatch\" \/>\n<meta property=\"og:description\" content=\"Click Here for English Na noite do dia 12 de julho, manifestantes lotaram o Centro do Rio, marchando em mem\u00f3ria a vereadora Marielle Franco e das v\u00edtimas da viol\u00eancia policial no Rio de Janeiro. No [...]\" \/>\n<meta property=\"og:url\" content=\"https:\/\/rioonwatch.org.br\/?p=34777\" \/>\n<meta property=\"og:site_name\" content=\"RioOnWatch\" \/>\n<meta property=\"article:published_time\" content=\"2018-07-18T12:54:28+00:00\" \/>\n<meta property=\"article:modified_time\" content=\"2018-07-19T15:49:35+00:00\" \/>\n<meta property=\"og:image\" content=\"https:\/\/rioonwatch.org.br\/wp-content\/uploads\/2018\/07\/Rio-Branco-Marielle-protest-crowd.jpg\" \/>\n\t<meta property=\"og:image:width\" content=\"960\" \/>\n\t<meta property=\"og:image:height\" content=\"446\" \/>\n\t<meta property=\"og:image:type\" content=\"image\/jpeg\" \/>\n<meta name=\"author\" content=\"Admin\" \/>\n<meta name=\"twitter:card\" content=\"summary_large_image\" \/>\n<meta name=\"twitter:label1\" content=\"Escrito por\" \/>\n\t<meta name=\"twitter:data1\" content=\"Admin\" \/>\n\t<meta name=\"twitter:label2\" content=\"Est. tempo de leitura\" \/>\n\t<meta name=\"twitter:data2\" content=\"3 minutos\" \/>\n<script type=\"application\/ld+json\" class=\"yoast-schema-graph\">{\"@context\":\"https:\/\/schema.org\",\"@graph\":[{\"@type\":\"Article\",\"@id\":\"https:\/\/rioonwatch.org.br\/?p=34777#article\",\"isPartOf\":{\"@id\":\"https:\/\/rioonwatch.org.br\/?p=34777\"},\"author\":{\"name\":\"Admin\",\"@id\":\"https:\/\/rioonwatch.org.br\/#\/schema\/person\/11d64c290506f9df50c71b850c473f68\"},\"headline\":\"120 Dias: M\u00e3es de Filhos Mortos pelo Estado Marcham por Marielle e Exigem o Fim da Viol\u00eancia de Estado\",\"datePublished\":\"2018-07-18T12:54:28+00:00\",\"dateModified\":\"2018-07-19T15:49:35+00:00\",\"mainEntityOfPage\":{\"@id\":\"https:\/\/rioonwatch.org.br\/?p=34777\"},\"wordCount\":708,\"publisher\":{\"@id\":\"https:\/\/rioonwatch.org.br\/#organization\"},\"image\":{\"@id\":\"https:\/\/rioonwatch.org.br\/?p=34777#primaryimage\"},\"thumbnailUrl\":\"https:\/\/rioonwatch.org.br\/wp-content\/uploads\/2018\/07\/Rio-Branco-Marielle-protest-crowd.jpg\",\"keywords\":[\"Anistia Internacional\",\"Centro\",\"CESeC\",\"Complexo da Mar\u00e9\",\"Direitos Humanos\",\"helic\u00f3ptero\",\"Marielle Franco\",\"Observat\u00f3rio da Interven\u00e7\u00e3o\",\"Pol\u00edcia Militar\",\"protesto\",\"Rede Contra Viol\u00eancia\",\"resist\u00eancia\",\"seguran\u00e7a p\u00fablica\",\"viol\u00eancia de Estado\",\"viol\u00eancia policial\"],\"articleSection\":[\"*Destaque\",\"Cobertura de Eventos\",\"Den\u00fancias\",\"Escrito por Aliados\",\"Seguran\u00e7a P\u00fablica\",\"Sociedade Civil\"],\"inLanguage\":\"pt-BR\"},{\"@type\":\"WebPage\",\"@id\":\"https:\/\/rioonwatch.org.br\/?p=34777\",\"url\":\"https:\/\/rioonwatch.org.br\/?p=34777\",\"name\":\"120 Dias: M\u00e3es de Filhos Mortos pelo Estado Marcham por Marielle e Exigem o Fim da Viol\u00eancia de Estado - RioOnWatch\",\"isPartOf\":{\"@id\":\"https:\/\/rioonwatch.org.br\/#website\"},\"primaryImageOfPage\":{\"@id\":\"https:\/\/rioonwatch.org.br\/?p=34777#primaryimage\"},\"image\":{\"@id\":\"https:\/\/rioonwatch.org.br\/?p=34777#primaryimage\"},\"thumbnailUrl\":\"https:\/\/rioonwatch.org.br\/wp-content\/uploads\/2018\/07\/Rio-Branco-Marielle-protest-crowd.jpg\",\"datePublished\":\"2018-07-18T12:54:28+00:00\",\"dateModified\":\"2018-07-19T15:49:35+00:00\",\"breadcrumb\":{\"@id\":\"https:\/\/rioonwatch.org.br\/?p=34777#breadcrumb\"},\"inLanguage\":\"pt-BR\",\"potentialAction\":[{\"@type\":\"ReadAction\",\"target\":[\"https:\/\/rioonwatch.org.br\/?p=34777\"]}]},{\"@type\":\"ImageObject\",\"inLanguage\":\"pt-BR\",\"@id\":\"https:\/\/rioonwatch.org.br\/?p=34777#primaryimage\",\"url\":\"https:\/\/rioonwatch.org.br\/wp-content\/uploads\/2018\/07\/Rio-Branco-Marielle-protest-crowd.jpg\",\"contentUrl\":\"https:\/\/rioonwatch.org.br\/wp-content\/uploads\/2018\/07\/Rio-Branco-Marielle-protest-crowd.jpg\",\"width\":960,\"height\":446},{\"@type\":\"BreadcrumbList\",\"@id\":\"https:\/\/rioonwatch.org.br\/?p=34777#breadcrumb\",\"itemListElement\":[{\"@type\":\"ListItem\",\"position\":1,\"name\":\"In\u00edcio\",\"item\":\"https:\/\/rioonwatch.org.br\/\"},{\"@type\":\"ListItem\",\"position\":2,\"name\":\"120 Dias: M\u00e3es de Filhos Mortos pelo Estado Marcham por Marielle e Exigem o Fim da Viol\u00eancia de Estado\"}]},{\"@type\":\"WebSite\",\"@id\":\"https:\/\/rioonwatch.org.br\/#website\",\"url\":\"https:\/\/rioonwatch.org.br\/\",\"name\":\"RioOnWatch\",\"description\":\"relatos das favelas cariocas\",\"publisher\":{\"@id\":\"https:\/\/rioonwatch.org.br\/#organization\"},\"potentialAction\":[{\"@type\":\"SearchAction\",\"target\":{\"@type\":\"EntryPoint\",\"urlTemplate\":\"https:\/\/rioonwatch.org.br\/?s={search_term_string}\"},\"query-input\":{\"@type\":\"PropertyValueSpecification\",\"valueRequired\":true,\"valueName\":\"search_term_string\"}}],\"inLanguage\":\"pt-BR\"},{\"@type\":\"Organization\",\"@id\":\"https:\/\/rioonwatch.org.br\/#organization\",\"name\":\"RioOnWatch\",\"url\":\"https:\/\/rioonwatch.org.br\/\",\"logo\":{\"@type\":\"ImageObject\",\"inLanguage\":\"pt-BR\",\"@id\":\"https:\/\/rioonwatch.org.br\/#\/schema\/logo\/image\/\",\"url\":\"https:\/\/rioonwatch.org.br\/wp-content\/uploads\/2021\/06\/RioOnWatchcabecalhoPT11anos-2.png\",\"contentUrl\":\"https:\/\/rioonwatch.org.br\/wp-content\/uploads\/2021\/06\/RioOnWatchcabecalhoPT11anos-2.png\",\"width\":779,\"height\":277,\"caption\":\"RioOnWatch\"},\"image\":{\"@id\":\"https:\/\/rioonwatch.org.br\/#\/schema\/logo\/image\/\"}},{\"@type\":\"Person\",\"@id\":\"https:\/\/rioonwatch.org.br\/#\/schema\/person\/11d64c290506f9df50c71b850c473f68\",\"name\":\"Admin\",\"image\":{\"@type\":\"ImageObject\",\"inLanguage\":\"pt-BR\",\"@id\":\"https:\/\/rioonwatch.org.br\/#\/schema\/person\/image\/\",\"url\":\"https:\/\/secure.gravatar.com\/avatar\/56211ac74568383903349a1485e3c325?s=96&d=blank&r=g\",\"contentUrl\":\"https:\/\/secure.gravatar.com\/avatar\/56211ac74568383903349a1485e3c325?s=96&d=blank&r=g\",\"caption\":\"Admin\"},\"url\":\"https:\/\/rioonwatch.org.br\/?author=129\"}]}<\/script>\n<!-- \/ Yoast SEO plugin. -->","yoast_head_json":{"title":"120 Dias: M\u00e3es de Filhos Mortos pelo Estado Marcham por Marielle e Exigem o Fim da Viol\u00eancia de Estado - RioOnWatch","robots":{"index":"index","follow":"follow","max-snippet":"max-snippet:-1","max-image-preview":"max-image-preview:large","max-video-preview":"max-video-preview:-1"},"canonical":"https:\/\/rioonwatch.org.br\/?p=34777","og_locale":"pt_BR","og_type":"article","og_title":"120 Dias: M\u00e3es de Filhos Mortos pelo Estado Marcham por Marielle e Exigem o Fim da Viol\u00eancia de Estado - RioOnWatch","og_description":"Click Here for English Na noite do dia 12 de julho, manifestantes lotaram o Centro do Rio, marchando em mem\u00f3ria a vereadora Marielle Franco e das v\u00edtimas da viol\u00eancia policial no Rio de Janeiro. No [...]","og_url":"https:\/\/rioonwatch.org.br\/?p=34777","og_site_name":"RioOnWatch","article_published_time":"2018-07-18T12:54:28+00:00","article_modified_time":"2018-07-19T15:49:35+00:00","og_image":[{"width":960,"height":446,"url":"https:\/\/rioonwatch.org.br\/wp-content\/uploads\/2018\/07\/Rio-Branco-Marielle-protest-crowd.jpg","type":"image\/jpeg"}],"author":"Admin","twitter_card":"summary_large_image","twitter_misc":{"Escrito por":"Admin","Est. tempo de leitura":"3 minutos"},"schema":{"@context":"https:\/\/schema.org","@graph":[{"@type":"Article","@id":"https:\/\/rioonwatch.org.br\/?p=34777#article","isPartOf":{"@id":"https:\/\/rioonwatch.org.br\/?p=34777"},"author":{"name":"Admin","@id":"https:\/\/rioonwatch.org.br\/#\/schema\/person\/11d64c290506f9df50c71b850c473f68"},"headline":"120 Dias: M\u00e3es de Filhos Mortos pelo Estado Marcham por Marielle e Exigem o Fim da Viol\u00eancia de Estado","datePublished":"2018-07-18T12:54:28+00:00","dateModified":"2018-07-19T15:49:35+00:00","mainEntityOfPage":{"@id":"https:\/\/rioonwatch.org.br\/?p=34777"},"wordCount":708,"publisher":{"@id":"https:\/\/rioonwatch.org.br\/#organization"},"image":{"@id":"https:\/\/rioonwatch.org.br\/?p=34777#primaryimage"},"thumbnailUrl":"https:\/\/rioonwatch.org.br\/wp-content\/uploads\/2018\/07\/Rio-Branco-Marielle-protest-crowd.jpg","keywords":["Anistia Internacional","Centro","CESeC","Complexo da Mar\u00e9","Direitos Humanos","helic\u00f3ptero","Marielle Franco","Observat\u00f3rio da Interven\u00e7\u00e3o","Pol\u00edcia Militar","protesto","Rede Contra Viol\u00eancia","resist\u00eancia","seguran\u00e7a p\u00fablica","viol\u00eancia de Estado","viol\u00eancia policial"],"articleSection":["*Destaque","Cobertura de Eventos","Den\u00fancias","Escrito por Aliados","Seguran\u00e7a P\u00fablica","Sociedade Civil"],"inLanguage":"pt-BR"},{"@type":"WebPage","@id":"https:\/\/rioonwatch.org.br\/?p=34777","url":"https:\/\/rioonwatch.org.br\/?p=34777","name":"120 Dias: M\u00e3es de Filhos Mortos pelo Estado Marcham por Marielle e Exigem o Fim da Viol\u00eancia de Estado - RioOnWatch","isPartOf":{"@id":"https:\/\/rioonwatch.org.br\/#website"},"primaryImageOfPage":{"@id":"https:\/\/rioonwatch.org.br\/?p=34777#primaryimage"},"image":{"@id":"https:\/\/rioonwatch.org.br\/?p=34777#primaryimage"},"thumbnailUrl":"https:\/\/rioonwatch.org.br\/wp-content\/uploads\/2018\/07\/Rio-Branco-Marielle-protest-crowd.jpg","datePublished":"2018-07-18T12:54:28+00:00","dateModified":"2018-07-19T15:49:35+00:00","breadcrumb":{"@id":"https:\/\/rioonwatch.org.br\/?p=34777#breadcrumb"},"inLanguage":"pt-BR","potentialAction":[{"@type":"ReadAction","target":["https:\/\/rioonwatch.org.br\/?p=34777"]}]},{"@type":"ImageObject","inLanguage":"pt-BR","@id":"https:\/\/rioonwatch.org.br\/?p=34777#primaryimage","url":"https:\/\/rioonwatch.org.br\/wp-content\/uploads\/2018\/07\/Rio-Branco-Marielle-protest-crowd.jpg","contentUrl":"https:\/\/rioonwatch.org.br\/wp-content\/uploads\/2018\/07\/Rio-Branco-Marielle-protest-crowd.jpg","width":960,"height":446},{"@type":"BreadcrumbList","@id":"https:\/\/rioonwatch.org.br\/?p=34777#breadcrumb","itemListElement":[{"@type":"ListItem","position":1,"name":"In\u00edcio","item":"https:\/\/rioonwatch.org.br\/"},{"@type":"ListItem","position":2,"name":"120 Dias: M\u00e3es de Filhos Mortos pelo Estado Marcham por Marielle e Exigem o Fim da Viol\u00eancia de Estado"}]},{"@type":"WebSite","@id":"https:\/\/rioonwatch.org.br\/#website","url":"https:\/\/rioonwatch.org.br\/","name":"RioOnWatch","description":"relatos das favelas cariocas","publisher":{"@id":"https:\/\/rioonwatch.org.br\/#organization"},"potentialAction":[{"@type":"SearchAction","target":{"@type":"EntryPoint","urlTemplate":"https:\/\/rioonwatch.org.br\/?s={search_term_string}"},"query-input":{"@type":"PropertyValueSpecification","valueRequired":true,"valueName":"search_term_string"}}],"inLanguage":"pt-BR"},{"@type":"Organization","@id":"https:\/\/rioonwatch.org.br\/#organization","name":"RioOnWatch","url":"https:\/\/rioonwatch.org.br\/","logo":{"@type":"ImageObject","inLanguage":"pt-BR","@id":"https:\/\/rioonwatch.org.br\/#\/schema\/logo\/image\/","url":"https:\/\/rioonwatch.org.br\/wp-content\/uploads\/2021\/06\/RioOnWatchcabecalhoPT11anos-2.png","contentUrl":"https:\/\/rioonwatch.org.br\/wp-content\/uploads\/2021\/06\/RioOnWatchcabecalhoPT11anos-2.png","width":779,"height":277,"caption":"RioOnWatch"},"image":{"@id":"https:\/\/rioonwatch.org.br\/#\/schema\/logo\/image\/"}},{"@type":"Person","@id":"https:\/\/rioonwatch.org.br\/#\/schema\/person\/11d64c290506f9df50c71b850c473f68","name":"Admin","image":{"@type":"ImageObject","inLanguage":"pt-BR","@id":"https:\/\/rioonwatch.org.br\/#\/schema\/person\/image\/","url":"https:\/\/secure.gravatar.com\/avatar\/56211ac74568383903349a1485e3c325?s=96&d=blank&r=g","contentUrl":"https:\/\/secure.gravatar.com\/avatar\/56211ac74568383903349a1485e3c325?s=96&d=blank&r=g","caption":"Admin"},"url":"https:\/\/rioonwatch.org.br\/?author=129"}]}},"_links":{"self":[{"href":"https:\/\/rioonwatch.org.br\/index.php?rest_route=\/wp\/v2\/posts\/34777"}],"collection":[{"href":"https:\/\/rioonwatch.org.br\/index.php?rest_route=\/wp\/v2\/posts"}],"about":[{"href":"https:\/\/rioonwatch.org.br\/index.php?rest_route=\/wp\/v2\/types\/post"}],"author":[{"embeddable":true,"href":"https:\/\/rioonwatch.org.br\/index.php?rest_route=\/wp\/v2\/users\/129"}],"replies":[{"embeddable":true,"href":"https:\/\/rioonwatch.org.br\/index.php?rest_route=%2Fwp%2Fv2%2Fcomments&post=34777"}],"version-history":[{"count":19,"href":"https:\/\/rioonwatch.org.br\/index.php?rest_route=\/wp\/v2\/posts\/34777\/revisions"}],"predecessor-version":[{"id":34818,"href":"https:\/\/rioonwatch.org.br\/index.php?rest_route=\/wp\/v2\/posts\/34777\/revisions\/34818"}],"wp:featuredmedia":[{"embeddable":true,"href":"https:\/\/rioonwatch.org.br\/index.php?rest_route=\/wp\/v2\/media\/34779"}],"wp:attachment":[{"href":"https:\/\/rioonwatch.org.br\/index.php?rest_route=%2Fwp%2Fv2%2Fmedia&parent=34777"}],"wp:term":[{"taxonomy":"category","embeddable":true,"href":"https:\/\/rioonwatch.org.br\/index.php?rest_route=%2Fwp%2Fv2%2Fcategories&post=34777"},{"taxonomy":"post_tag","embeddable":true,"href":"https:\/\/rioonwatch.org.br\/index.php?rest_route=%2Fwp%2Fv2%2Ftags&post=34777"},{"taxonomy":"writer","embeddable":true,"href":"https:\/\/rioonwatch.org.br\/index.php?rest_route=%2Fwp%2Fv2%2Fwriter&post=34777"},{"taxonomy":"translator","embeddable":true,"href":"https:\/\/rioonwatch.org.br\/index.php?rest_route=%2Fwp%2Fv2%2Ftranslator&post=34777"},{"taxonomy":"source","embeddable":true,"href":"https:\/\/rioonwatch.org.br\/index.php?rest_route=%2Fwp%2Fv2%2Fsource&post=34777"},{"taxonomy":"ilustrador","embeddable":true,"href":"https:\/\/rioonwatch.org.br\/index.php?rest_route=%2Fwp%2Fv2%2Filustrador&post=34777"},{"taxonomy":"fotografo","embeddable":true,"href":"https:\/\/rioonwatch.org.br\/index.php?rest_route=%2Fwp%2Fv2%2Ffotografo&post=34777"}],"curies":[{"name":"wp","href":"https:\/\/api.w.org\/{rel}","templated":true}]}}