{"id":34842,"date":"2014-09-01T08:58:20","date_gmt":"2014-09-01T11:58:20","guid":{"rendered":"http:\/\/rioonwatch.org.br\/?p=34842"},"modified":"2024-06-20T13:36:51","modified_gmt":"2024-06-20T16:36:51","slug":"perfil-de-midia-comunitaria-jornal-o-cidadao-da-mare","status":"publish","type":"post","link":"https:\/\/rioonwatch.org.br\/?p=34842","title":{"rendered":"Perfil de M\u00eddia Comunit\u00e1ria: Jornal &#8216;O Cidad\u00e3o&#8217; da Mar\u00e9"},"content":{"rendered":"<p style=\"text-align: right;\"><em><strong><a href=\"http:\/\/bit.ly\/1qVh2cQ\" target=\"_blank\" rel=\"noopener noreferrer\">Click Here for English<img decoding=\"async\" width=\"20\" height=\"20\" class=\"alignright wp-image-15790\" src=\"http:\/\/rioonwatch.org.br\/wp-content\/uploads\/2012\/08\/EN-standard-e1439583104716.jpg\" \/><\/a><\/strong><\/em><\/p>\n<p><em>Esta mat\u00e9ria faz parte de uma s\u00e9rie sobre\u00a0<a href=\"http:\/\/bit.ly\/11VbppF\" target=\"_blank\" rel=\"noopener\">ve\u00edculos de comunica\u00e7\u00e3o comunit\u00e1ria<\/a>.<\/em><\/p>\n<p><span style=\"font-weight: 400;\">No dia 23 de agosto de 2014, membros da equipe do\u00a0<em><a href=\"http:\/\/bit.ly\/1mk1XUj\" target=\"_blank\" rel=\"noopener\">Jornal O Cidad\u00e3o<\/a><\/em>\u00a0distribu\u00edram exemplares do jornal nas dezesseis favelas que formam o <a href=\"http:\/\/bit.ly\/10BvARw\" target=\"_blank\" rel=\"noopener\">Complexo da Mar\u00e9<\/a>, na Zona Norte do Rio. Eles distribu\u00edram alguns exemplares diretamente para pessoas que encontraram na rua e nas lojas, e tamb\u00e9m colocaram outros exemplares sob as portas onde n\u00e3o havia ningu\u00e9m em casa.<\/span><\/p>\n<p><span style=\"font-weight: 400;\">\u201cAo distribuir o jornal de casa em casa&#8230; podemos obter opini\u00f5es\u00a0imediatas sobre o conte\u00fado\u201d, explica Gizele Martins, editora-chefe do jornal e moradora da Mar\u00e9. &#8220;N\u00f3s podemos sentir se os moradores gostam das mat\u00e9rias, se n\u00e3o gostam das mat\u00e9rias, se t\u00eam cr\u00edticas, se n\u00e3o t\u00eam cr\u00edticas&#8230; se eles t\u00eam d\u00favidas, se eles t\u00eam reclama\u00e7\u00f5es&#8221;.<\/span><\/p>\n<p><span style=\"font-weight: 400;\">A equipe do <em>O Cidad\u00e3o<\/em> l\u00ea as mat\u00e9rias, diretamente, para membros da comunidade que n\u00e3o sabem ler. As escolas comunit\u00e1rias tamb\u00e9m recebem exemplares para que os professores possam incorpor\u00e1-los nas tarefas de classe. O jornal, que sai a cada tr\u00eas ou quatro meses, \u00e9 sempre distribu\u00eddo gratuitamente.<\/span><\/p>\n<p><span style=\"font-weight: 400;\">O modelo de distribui\u00e7\u00e3o interativa do <em>O Cidad\u00e3o<\/em> difere, significativamente, dos m\u00e9todos utilizados pela maioria dos outros jornais, mas o jornal comunit\u00e1rio, como um todo, funciona de maneira diferente de outras plataformas de m\u00eddia. Intencionalmente, o jornal procura preencher as lacunas na cobertura e intera\u00e7\u00e3o das fontes externas com a Mar\u00e9. Os principais jornalistas da imprensa carregam \u201cestere\u00f3tipos e preconceitos\u201d que ainda permeiam a sociedade carioca, argumenta Gizele, antes de continuar: \u201cEu acredito que o papel da m\u00eddia comunit\u00e1ria \u00e9 quebrar isso\u201d. Al\u00e9m disso, ela sugere, a m\u00eddia comunit\u00e1ria \u00e9 simplesmente melhor em cobrir assuntos relacionados \u00e0s favelas. As pessoas que moram na Mar\u00e9 est\u00e3o melhor situadas para contar as hist\u00f3rias da Mar\u00e9.<\/span><\/p>\n<h3><strong>Quest\u00f5es Fundadoras da Identidade Local<\/strong><\/h3>\n<p><span style=\"font-weight: 400;\">Quando foi fundado em 2000, como um projeto do\u00a0<a href=\"http:\/\/bit.ly\/1zyfb2g\" target=\"_blank\" rel=\"noopener\">Centro de Estudos e A\u00e7\u00f5es Solid\u00e1rias da Mar\u00e9 (CEASM)<\/a>, o foco principal do <em>O Cidad\u00e3o<\/em> era explorar e criar uma identidade local atrav\u00e9s das dezesseis favelas da Mar\u00e9. O jornal buscou respostas para perguntas como &#8216;O que \u00e9 uma favela?&#8217; &#8216;O que \u00e9 a favela na Mar\u00e9?&#8217; E &#8216;Qual \u00e9 a identidade da Mar\u00e9?&#8217; O jornal inventou o termo Mareense para descrever algu\u00e9m ou algo da Mar\u00e9 em um esfor\u00e7o para criar um sentimento comum de pertencimento \u00e0 comunidade. Para responder \u00e0s suas perguntas, o jornal focou na cultura local cotidiana, detalhando a hist\u00f3ria de uma padaria ou contando a hist\u00f3ria de um pescador local.<\/span><\/p>\n<p><a href=\"http:\/\/rioonwatch.org.br\/wp-content\/uploads\/2018\/07\/10476383_814212215286178_1008506094321307911_o.jpg\"><img fetchpriority=\"high\" decoding=\"async\" class=\"aligncenter wp-image-34851 size-content\" title=\"Cr\u00e9dito da foto: arquivos do O Cidad\u00e3o\" src=\"http:\/\/rioonwatch.org.br\/wp-content\/uploads\/2018\/07\/10476383_814212215286178_1008506094321307911_o-620x264.jpg\" alt=\"\" width=\"620\" height=\"264\" srcset=\"https:\/\/rioonwatch.org.br\/wp-content\/uploads\/2018\/07\/10476383_814212215286178_1008506094321307911_o-620x264.jpg 620w, https:\/\/rioonwatch.org.br\/wp-content\/uploads\/2018\/07\/10476383_814212215286178_1008506094321307911_o-940x400.jpg 940w\" sizes=\"(max-width: 620px) 100vw, 620px\" \/><\/a><\/p>\n<p><span style=\"font-weight: 400;\">O projeto n\u00e3o \u00e9 f\u00e1cil de manter. Os jornalistas s\u00e3o todos volunt\u00e1rios. Alguns n\u00e3o s\u00e3o apenas respons\u00e1veis pela reportagem e escrita, mas tamb\u00e9m pela edi\u00e7\u00e3o, tarefas administrativas e pelo curso de jornalismo comunit\u00e1rio do <em>O Cidad\u00e3o<\/em>. Alguns dos dez membros da equipe atuais ocupam outros empregos simultaneamente. Enquanto a maioria \u00e9 morador da Mar\u00e9, alguns contribuintes v\u00eam de outras favelas do Rio e at\u00e9 da regi\u00e3o metropolitana. Os custos de viagem aumentam at\u00e9 mesmo para os membros locais da equipe, j\u00e1 que precisam pagar os \u00f4nibus para cobrir os acontecimentos em todo o vasto territ\u00f3rio da Mar\u00e9, e suprimentos b\u00e1sicos, como papel para a impress\u00e3o e canetas, podem custar muito para as finan\u00e7as do jornal. A equipe tem a sorte de manter uma boa rela\u00e7\u00e3o de trabalho com o CEASM, que fornece uma sala para o escrit\u00f3rio, em sua sede na Mar\u00e9, e cobre os custos de ilumina\u00e7\u00e3o, internet e telefone.<\/span><\/p>\n<h3><strong>Capacita\u00e7\u00e3o de Novos Jornalistas Comunit\u00e1rios<\/strong><\/h3>\n<p><span style=\"font-weight: 400;\">Desde 2012, um de seus projetos mais interessantes&#8211;o <a href=\"http:\/\/bit.ly\/2JFDBmv\" target=\"_blank\" rel=\"noopener\">curso de jornalismo comunit\u00e1rio<\/a>&#8211;serviu para renovar a equipe do <em>O Cidad\u00e3o<\/em> com pessoas treinadas e apaixonadas. Cursos cobrindo uma variedade de m\u00eddias, desde reportagens escritas at\u00e9 v\u00eddeo e r\u00e1dio, s\u00e3o ministrados pela equipe do <em>O Cidad\u00e3o<\/em> e pelos alunos dos anos anteriores, de modo que um ciclo sustent\u00e1vel de alunos se tornando professores impulsiona o curso a cada ano.<\/span><\/p>\n<p><span style=\"font-weight: 400;\">A import\u00e2ncia de capacitar pessoas em uma variedade de m\u00eddias \u00e9 clara a partir da variedade de plataformas que <em>O Cidad\u00e3o<\/em> emprega. Como muitos Mareenses n\u00e3o t\u00eam computador ou telefone com acesso \u00e0 internet, o jornal impresso continua sendo o principal formato do jornal para alcan\u00e7ar os moradores locais. No entanto, o <a href=\"http:\/\/bit.ly\/1mk1XUj\" target=\"_blank\" rel=\"noopener\">site<\/a> do <em>O Cidad\u00e3o<\/em>, a <a href=\"http:\/\/on.fb.me\/YWeJjo\" target=\"_blank\" rel=\"noopener\">p\u00e1gina do Facebook<\/a> e o <a href=\"http:\/\/bit.ly\/1on16hS\" target=\"_blank\" rel=\"noopener\">Twitter<\/a> aumentam o p\u00fablico para al\u00e9m dos limites f\u00edsicos da favela. O site publica hist\u00f3rias com muito mais regularidade do que o impresso, relatando eventos \u00e0 medida que acontecem. Gizele acredita que a maioria das pessoas que l\u00eaem o site do <em>O Cidad\u00e3o<\/em> s\u00e3o jovens de fora da Mar\u00e9, enquanto jovens de dentro do complexo da favela se envolvem atrav\u00e9s dos jornais impressos distribu\u00eddos nas escolas e pela p\u00e1gina do Facebook.<\/span><\/p>\n<h3><strong>Foco em Direitos Humanos<\/strong><\/h3>\n<p><span style=\"font-weight: 400;\">Por volta de 2010, o jornal come\u00e7ou a mudar seu foco para quest\u00f5es de <a href=\"http:\/\/bit.ly\/1iqdzi3\" target=\"_blank\" rel=\"noopener\">direitos humanos<\/a>. Depois de v\u00e1rios <a href=\"http:\/\/bit.ly\/12Ltp31\" target=\"_blank\" rel=\"noopener\">tiroteios fatais na Mar\u00e9<\/a>, a equipe \u201csentiu a import\u00e2ncia de mudar de assunto\u201d, explica Gizele. \u201cOs assassinatos e a viol\u00eancia foram resultados do fato de o governo n\u00e3o ver os espa\u00e7os f\u00edsicos ou os moradores da comunidade como parte leg\u00edtima da cidade. Eles s\u00f3 nos veem como estando \u00e0s margens da cidade\u201d.<\/span><\/p>\n<p><span style=\"font-weight: 400;\">A equipe do <em>O Cidad\u00e3o<\/em>\u00a0apontou que outros jornais sugeriram que jovens v\u00edtimas de tiroteios estavam envolvidos no <a href=\"http:\/\/bit.ly\/2O4CGiY\" target=\"_blank\" rel=\"noopener\">tr\u00e1fico de drogas<\/a>, em casos em que os membros da comunidade sabiam que isso era falso.<\/span><\/p>\n<p><span style=\"font-weight: 400;\">Ao passo em que os principais notici\u00e1rios algumas vezes relataram as mortes, eles n\u00e3o fizeram as perguntas que eram t\u00e3o prementes para os moradores da Mar\u00e9: \u201cPor que h\u00e1 tanta guerra na Mar\u00e9? Por que merecemos essa vida?\u201d Na perspectiva da equipe do <em>O Cidad\u00e3o<\/em>, os moradores s\u00e3o retratados como violentos, quando na verdade s\u00e3o governados pela viol\u00eancia; eles s\u00e3o retratados como criminosos, quando na verdade s\u00e3o criminalizados. T\u00e3o r\u00edgidas foram as discrep\u00e2ncias entre as perspectivas dominantes e local sobre as favelas, que Gizele descreve a mudan\u00e7a do <em>O Cidad\u00e3o<\/em> em dire\u00e7\u00e3o aos direitos humanos como uma \u201cnecessidade\u201d.<\/span><\/p>\n<p><a href=\"http:\/\/rioonwatch.org.br\/wp-content\/uploads\/2018\/07\/Mare.jpg\"><img decoding=\"async\" class=\"alignright wp-image-34856\" title=\"Uma rua na mar\u00e9\" src=\"http:\/\/rioonwatch.org.br\/wp-content\/uploads\/2018\/07\/Mare.jpg\" alt=\"\" width=\"225\" height=\"300\" srcset=\"https:\/\/rioonwatch.org.br\/wp-content\/uploads\/2018\/07\/Mare.jpg 480w, https:\/\/rioonwatch.org.br\/wp-content\/uploads\/2018\/07\/Mare-198x264.jpg 198w, https:\/\/rioonwatch.org.br\/wp-content\/uploads\/2018\/07\/Mare-465x620.jpg 465w\" sizes=\"(max-width: 225px) 100vw, 225px\" \/><\/a><\/p>\n<p><span style=\"font-weight: 400;\">Na esteira da <a href=\"http:\/\/bit.ly\/2mw0gIP\" target=\"_blank\" rel=\"noopener\">Copa do Mundo<\/a> do Brasil e enquanto o Rio se prepara para sediar as <a href=\"http:\/\/bit.ly\/PkLXlQ\" target=\"_blank\" rel=\"noopener\">Olimp\u00edadas<\/a> de 2016, <em>O Cidad\u00e3o<\/em> ainda est\u00e1 focado em fazer deliberadamente as perguntas que outros meios de comunica\u00e7\u00e3o encobrem. Gizele ressalta que muitos jornalistas brasileiros e internacionais fizeram reportagens sobre <a href=\"http:\/\/bit.ly\/X51Qvb\" target=\"_blank\" rel=\"noopener\">remo\u00e7\u00f5es<\/a> e <a href=\"http:\/\/bit.ly\/R5ueio\" target=\"_blank\" rel=\"noopener\">ocupa\u00e7\u00f5es policiais<\/a> que ocorreram no per\u00edodo que antecede os megaeventos, mas eles ainda n\u00e3o conseguiram fazer as perguntas mais profundas que os moradores da favela est\u00e3o desesperados para entender: \u201cUm jornal relata que uma favela ser\u00e1 ocupada por causa da Copa do Mundo. Mas ningu\u00e9m est\u00e1 falando sobre por que a favela ser\u00e1 ocupada por causa da Copa do Mundo&#8230; ningu\u00e9m est\u00e1 questionando por que o povo da Mar\u00e9 merece tanta guerra\u201d.<\/span><\/p>\n<p><span style=\"font-weight: 400;\">A estrat\u00e9gia para o per\u00edodo de prepara\u00e7\u00e3o para as Olimp\u00edadas, ent\u00e3o, \u00e9 continuar impulsionando essas quest\u00f5es para o maior n\u00famero de espa\u00e7os poss\u00edvel. A equipe do <em>O Cidad\u00e3o<\/em> planejou n\u00e3o apenas usar seu pr\u00f3prio jornal impresso, site e plataformas de m\u00eddia social, mas tamb\u00e9m apresentar mat\u00e9rias para a grande m\u00eddia e participar de debates, entrevistas e protestos de rua, fazendo uso de todos os canais dispon\u00edveis. Dessa forma, a m\u00eddia comunit\u00e1ria formada por eles serve como uma fonte confi\u00e1vel de informa\u00e7\u00f5es dentro da favela, ao mesmo tempo em que engaja ativamente as pessoas fora da favela.<\/span><\/p>\n<p><span style=\"font-weight: 400;\">Para mais informa\u00e7\u00f5es visite o <a href=\"http:\/\/bit.ly\/1mk1XUj\" target=\"_blank\" rel=\"noopener\">site<\/a>\u00a0do <em>O Cidad\u00e3o<\/em> ou siga no <a href=\"http:\/\/on.fb.me\/1pkNJFd\" target=\"_blank\" rel=\"noopener\">Facebook<\/a>\u00a0e\u00a0<a href=\"http:\/\/bit.ly\/1on16hS\" target=\"_blank\" rel=\"noopener\">Twitter<\/a>.<\/span><\/p>\n<p><em>Esta mat\u00e9ria faz parte de uma s\u00e9rie sobre\u00a0<a href=\"http:\/\/bit.ly\/11VbppF\" target=\"_blank\" rel=\"noopener\">ve\u00edculos de comunica\u00e7\u00e3o comunit\u00e1ria<\/a>.<\/em><\/p>\n<!-- AddThis Advanced Settings generic via filter on the_content --><!-- AddThis Share Buttons generic via filter on the_content -->","protected":false},"excerpt":{"rendered":"<div class=\"mh-excerpt\"><p>Click Here for English Esta mat\u00e9ria faz parte de uma s\u00e9rie sobre\u00a0ve\u00edculos de comunica\u00e7\u00e3o comunit\u00e1ria. No dia 23 de agosto de 2014, membros da equipe do\u00a0Jornal O Cidad\u00e3o\u00a0distribu\u00edram exemplares do jornal nas dezesseis favelas que <a class=\"mh-excerpt-more\" href=\"https:\/\/rioonwatch.org.br\/?p=34842\" title=\"Perfil de M\u00eddia Comunit\u00e1ria: Jornal &#8216;O Cidad\u00e3o&#8217; da Mar\u00e9\">[&#8230;]<\/a><!-- AddThis Advanced Settings generic via filter on get_the_excerpt --><!-- AddThis Share Buttons generic via filter on get_the_excerpt --><\/p>\n<\/div>","protected":false},"author":129,"featured_media":34844,"comment_status":"closed","ping_status":"closed","sticky":false,"template":"","format":"standard","meta":{"_acf_changed":false,"_monsterinsights_skip_tracking":false,"_monsterinsights_sitenote_active":false,"_monsterinsights_sitenote_note":"","_monsterinsights_sitenote_category":0,"footnotes":""},"categories":[1629,1626,1613,1612,342],"tags":[332,1530,88,1166,1240,2057,1704,1068,358,758,14,1344,562,1144,218],"writer":[1199],"translator":[1971],"source":[],"ilustrador":[],"fotografo":[],"class_list":{"0":"post-34842","1":"post","2":"type-post","3":"status-publish","4":"format-standard","5":"has-post-thumbnail","7":"category-entrevistas-e-perfis","8":"category-por-observadores-internacionais","9":"category-midia-comunitaria","10":"category-sociedade-civil","11":"category-solucoes","12":"tag-complexo-da-mare","13":"tag-midia-comunitaria","14":"tag-direitos-humanos","15":"tag-jornalismo","16":"tag-megaeventos","17":"tag-midia-alternativa","18":"tag-o-cidadao","19":"tag-ocupacao-policial","20":"tag-organizacao-comunitaria","21":"tag-orgulho-comunitario","22":"tag-remocao","23":"tag-serie-comunicacao-comunitaria","24":"tag-trafico-de-drogas","25":"tag-violencia-urbana","26":"tag-zona-norte","27":"writer-cerianne-robertson","28":"translator-geovanna-giannini"},"acf":[],"yoast_head":"<!-- This site is optimized with the Yoast SEO plugin v25.6 - https:\/\/yoast.com\/wordpress\/plugins\/seo\/ -->\n<title>Perfil de M\u00eddia Comunit\u00e1ria: Jornal &#039;O Cidad\u00e3o&#039; da Mar\u00e9 - RioOnWatch<\/title>\n<meta name=\"robots\" content=\"index, follow, max-snippet:-1, max-image-preview:large, max-video-preview:-1\" \/>\n<link rel=\"canonical\" href=\"https:\/\/rioonwatch.org.br\/?p=34842\" \/>\n<meta property=\"og:locale\" content=\"pt_BR\" \/>\n<meta property=\"og:type\" content=\"article\" \/>\n<meta property=\"og:title\" content=\"Perfil de M\u00eddia Comunit\u00e1ria: Jornal &#039;O Cidad\u00e3o&#039; da Mar\u00e9 - RioOnWatch\" \/>\n<meta property=\"og:description\" content=\"Click Here for English Esta mat\u00e9ria faz parte de uma s\u00e9rie sobre\u00a0ve\u00edculos de comunica\u00e7\u00e3o comunit\u00e1ria. No dia 23 de agosto de 2014, membros da equipe do\u00a0Jornal O Cidad\u00e3o\u00a0distribu\u00edram exemplares do jornal nas dezesseis favelas que [...]\" \/>\n<meta property=\"og:url\" content=\"https:\/\/rioonwatch.org.br\/?p=34842\" \/>\n<meta property=\"og:site_name\" content=\"RioOnWatch\" \/>\n<meta property=\"article:published_time\" content=\"2014-09-01T11:58:20+00:00\" \/>\n<meta property=\"article:modified_time\" content=\"2024-06-20T16:36:51+00:00\" \/>\n<meta property=\"og:image\" content=\"https:\/\/rioonwatch.org.br\/wp-content\/uploads\/2018\/07\/53782_814212388619494_2745091012360658918_o.jpg\" \/>\n\t<meta property=\"og:image:width\" content=\"1000\" \/>\n\t<meta property=\"og:image:height\" content=\"750\" \/>\n\t<meta property=\"og:image:type\" content=\"image\/jpeg\" \/>\n<meta name=\"author\" content=\"Admin\" \/>\n<meta name=\"twitter:card\" content=\"summary_large_image\" \/>\n<meta name=\"twitter:label1\" content=\"Escrito por\" \/>\n\t<meta name=\"twitter:data1\" content=\"Admin\" \/>\n\t<meta name=\"twitter:label2\" content=\"Est. tempo de leitura\" \/>\n\t<meta name=\"twitter:data2\" content=\"7 minutos\" \/>\n<script type=\"application\/ld+json\" class=\"yoast-schema-graph\">{\"@context\":\"https:\/\/schema.org\",\"@graph\":[{\"@type\":\"Article\",\"@id\":\"https:\/\/rioonwatch.org.br\/?p=34842#article\",\"isPartOf\":{\"@id\":\"https:\/\/rioonwatch.org.br\/?p=34842\"},\"author\":{\"name\":\"Admin\",\"@id\":\"https:\/\/rioonwatch.org.br\/#\/schema\/person\/11d64c290506f9df50c71b850c473f68\"},\"headline\":\"Perfil de M\u00eddia Comunit\u00e1ria: Jornal &#8216;O Cidad\u00e3o&#8217; da Mar\u00e9\",\"datePublished\":\"2014-09-01T11:58:20+00:00\",\"dateModified\":\"2024-06-20T16:36:51+00:00\",\"mainEntityOfPage\":{\"@id\":\"https:\/\/rioonwatch.org.br\/?p=34842\"},\"wordCount\":1382,\"publisher\":{\"@id\":\"https:\/\/rioonwatch.org.br\/#organization\"},\"image\":{\"@id\":\"https:\/\/rioonwatch.org.br\/?p=34842#primaryimage\"},\"thumbnailUrl\":\"https:\/\/rioonwatch.org.br\/wp-content\/uploads\/2018\/07\/53782_814212388619494_2745091012360658918_o.jpg\",\"keywords\":[\"Complexo da Mar\u00e9\",\"Comunica\u00e7\u00e3o Comunit\u00e1ria\",\"Direitos Humanos\",\"jornalismo\",\"Megaeventos\",\"m\u00eddia alternativa\",\"O Cidad\u00e3o\",\"ocupa\u00e7\u00e3o policial\",\"organiza\u00e7\u00e3o comunit\u00e1ria\",\"orgulho comunit\u00e1rio\",\"Remo\u00e7\u00e3o\",\"S\u00e9rie: Perfis de M\u00eddia Comunit\u00e1ria\",\"tr\u00e1fico de drogas\",\"viol\u00eancia urbana\",\"Zona Norte\"],\"articleSection\":[\"Entrevistas e Perfis\",\"Escrito por Aliados\",\"M\u00eddia Comunit\u00e1ria\",\"Sociedade Civil\",\"Solu\u00e7\u00f5es\"],\"inLanguage\":\"pt-BR\"},{\"@type\":\"WebPage\",\"@id\":\"https:\/\/rioonwatch.org.br\/?p=34842\",\"url\":\"https:\/\/rioonwatch.org.br\/?p=34842\",\"name\":\"Perfil de M\u00eddia Comunit\u00e1ria: Jornal 'O Cidad\u00e3o' da Mar\u00e9 - RioOnWatch\",\"isPartOf\":{\"@id\":\"https:\/\/rioonwatch.org.br\/#website\"},\"primaryImageOfPage\":{\"@id\":\"https:\/\/rioonwatch.org.br\/?p=34842#primaryimage\"},\"image\":{\"@id\":\"https:\/\/rioonwatch.org.br\/?p=34842#primaryimage\"},\"thumbnailUrl\":\"https:\/\/rioonwatch.org.br\/wp-content\/uploads\/2018\/07\/53782_814212388619494_2745091012360658918_o.jpg\",\"datePublished\":\"2014-09-01T11:58:20+00:00\",\"dateModified\":\"2024-06-20T16:36:51+00:00\",\"breadcrumb\":{\"@id\":\"https:\/\/rioonwatch.org.br\/?p=34842#breadcrumb\"},\"inLanguage\":\"pt-BR\",\"potentialAction\":[{\"@type\":\"ReadAction\",\"target\":[\"https:\/\/rioonwatch.org.br\/?p=34842\"]}]},{\"@type\":\"ImageObject\",\"inLanguage\":\"pt-BR\",\"@id\":\"https:\/\/rioonwatch.org.br\/?p=34842#primaryimage\",\"url\":\"https:\/\/rioonwatch.org.br\/wp-content\/uploads\/2018\/07\/53782_814212388619494_2745091012360658918_o.jpg\",\"contentUrl\":\"https:\/\/rioonwatch.org.br\/wp-content\/uploads\/2018\/07\/53782_814212388619494_2745091012360658918_o.jpg\",\"width\":1000,\"height\":750},{\"@type\":\"BreadcrumbList\",\"@id\":\"https:\/\/rioonwatch.org.br\/?p=34842#breadcrumb\",\"itemListElement\":[{\"@type\":\"ListItem\",\"position\":1,\"name\":\"In\u00edcio\",\"item\":\"https:\/\/rioonwatch.org.br\/\"},{\"@type\":\"ListItem\",\"position\":2,\"name\":\"Perfil de M\u00eddia Comunit\u00e1ria: Jornal &#8216;O Cidad\u00e3o&#8217; da Mar\u00e9\"}]},{\"@type\":\"WebSite\",\"@id\":\"https:\/\/rioonwatch.org.br\/#website\",\"url\":\"https:\/\/rioonwatch.org.br\/\",\"name\":\"RioOnWatch\",\"description\":\"relatos das favelas cariocas\",\"publisher\":{\"@id\":\"https:\/\/rioonwatch.org.br\/#organization\"},\"potentialAction\":[{\"@type\":\"SearchAction\",\"target\":{\"@type\":\"EntryPoint\",\"urlTemplate\":\"https:\/\/rioonwatch.org.br\/?s={search_term_string}\"},\"query-input\":{\"@type\":\"PropertyValueSpecification\",\"valueRequired\":true,\"valueName\":\"search_term_string\"}}],\"inLanguage\":\"pt-BR\"},{\"@type\":\"Organization\",\"@id\":\"https:\/\/rioonwatch.org.br\/#organization\",\"name\":\"RioOnWatch\",\"url\":\"https:\/\/rioonwatch.org.br\/\",\"logo\":{\"@type\":\"ImageObject\",\"inLanguage\":\"pt-BR\",\"@id\":\"https:\/\/rioonwatch.org.br\/#\/schema\/logo\/image\/\",\"url\":\"https:\/\/rioonwatch.org.br\/wp-content\/uploads\/2021\/06\/RioOnWatchcabecalhoPT11anos-2.png\",\"contentUrl\":\"https:\/\/rioonwatch.org.br\/wp-content\/uploads\/2021\/06\/RioOnWatchcabecalhoPT11anos-2.png\",\"width\":779,\"height\":277,\"caption\":\"RioOnWatch\"},\"image\":{\"@id\":\"https:\/\/rioonwatch.org.br\/#\/schema\/logo\/image\/\"}},{\"@type\":\"Person\",\"@id\":\"https:\/\/rioonwatch.org.br\/#\/schema\/person\/11d64c290506f9df50c71b850c473f68\",\"name\":\"Admin\",\"image\":{\"@type\":\"ImageObject\",\"inLanguage\":\"pt-BR\",\"@id\":\"https:\/\/rioonwatch.org.br\/#\/schema\/person\/image\/\",\"url\":\"https:\/\/secure.gravatar.com\/avatar\/56211ac74568383903349a1485e3c325?s=96&d=blank&r=g\",\"contentUrl\":\"https:\/\/secure.gravatar.com\/avatar\/56211ac74568383903349a1485e3c325?s=96&d=blank&r=g\",\"caption\":\"Admin\"},\"url\":\"https:\/\/rioonwatch.org.br\/?author=129\"}]}<\/script>\n<!-- \/ Yoast SEO plugin. -->","yoast_head_json":{"title":"Perfil de M\u00eddia Comunit\u00e1ria: Jornal 'O Cidad\u00e3o' da Mar\u00e9 - RioOnWatch","robots":{"index":"index","follow":"follow","max-snippet":"max-snippet:-1","max-image-preview":"max-image-preview:large","max-video-preview":"max-video-preview:-1"},"canonical":"https:\/\/rioonwatch.org.br\/?p=34842","og_locale":"pt_BR","og_type":"article","og_title":"Perfil de M\u00eddia Comunit\u00e1ria: Jornal 'O Cidad\u00e3o' da Mar\u00e9 - RioOnWatch","og_description":"Click Here for English Esta mat\u00e9ria faz parte de uma s\u00e9rie sobre\u00a0ve\u00edculos de comunica\u00e7\u00e3o comunit\u00e1ria. No dia 23 de agosto de 2014, membros da equipe do\u00a0Jornal O Cidad\u00e3o\u00a0distribu\u00edram exemplares do jornal nas dezesseis favelas que [...]","og_url":"https:\/\/rioonwatch.org.br\/?p=34842","og_site_name":"RioOnWatch","article_published_time":"2014-09-01T11:58:20+00:00","article_modified_time":"2024-06-20T16:36:51+00:00","og_image":[{"width":1000,"height":750,"url":"https:\/\/rioonwatch.org.br\/wp-content\/uploads\/2018\/07\/53782_814212388619494_2745091012360658918_o.jpg","type":"image\/jpeg"}],"author":"Admin","twitter_card":"summary_large_image","twitter_misc":{"Escrito por":"Admin","Est. tempo de leitura":"7 minutos"},"schema":{"@context":"https:\/\/schema.org","@graph":[{"@type":"Article","@id":"https:\/\/rioonwatch.org.br\/?p=34842#article","isPartOf":{"@id":"https:\/\/rioonwatch.org.br\/?p=34842"},"author":{"name":"Admin","@id":"https:\/\/rioonwatch.org.br\/#\/schema\/person\/11d64c290506f9df50c71b850c473f68"},"headline":"Perfil de M\u00eddia Comunit\u00e1ria: Jornal &#8216;O Cidad\u00e3o&#8217; da Mar\u00e9","datePublished":"2014-09-01T11:58:20+00:00","dateModified":"2024-06-20T16:36:51+00:00","mainEntityOfPage":{"@id":"https:\/\/rioonwatch.org.br\/?p=34842"},"wordCount":1382,"publisher":{"@id":"https:\/\/rioonwatch.org.br\/#organization"},"image":{"@id":"https:\/\/rioonwatch.org.br\/?p=34842#primaryimage"},"thumbnailUrl":"https:\/\/rioonwatch.org.br\/wp-content\/uploads\/2018\/07\/53782_814212388619494_2745091012360658918_o.jpg","keywords":["Complexo da Mar\u00e9","Comunica\u00e7\u00e3o Comunit\u00e1ria","Direitos Humanos","jornalismo","Megaeventos","m\u00eddia alternativa","O Cidad\u00e3o","ocupa\u00e7\u00e3o policial","organiza\u00e7\u00e3o comunit\u00e1ria","orgulho comunit\u00e1rio","Remo\u00e7\u00e3o","S\u00e9rie: Perfis de M\u00eddia Comunit\u00e1ria","tr\u00e1fico de drogas","viol\u00eancia urbana","Zona Norte"],"articleSection":["Entrevistas e Perfis","Escrito por Aliados","M\u00eddia Comunit\u00e1ria","Sociedade Civil","Solu\u00e7\u00f5es"],"inLanguage":"pt-BR"},{"@type":"WebPage","@id":"https:\/\/rioonwatch.org.br\/?p=34842","url":"https:\/\/rioonwatch.org.br\/?p=34842","name":"Perfil de M\u00eddia Comunit\u00e1ria: Jornal 'O Cidad\u00e3o' da Mar\u00e9 - RioOnWatch","isPartOf":{"@id":"https:\/\/rioonwatch.org.br\/#website"},"primaryImageOfPage":{"@id":"https:\/\/rioonwatch.org.br\/?p=34842#primaryimage"},"image":{"@id":"https:\/\/rioonwatch.org.br\/?p=34842#primaryimage"},"thumbnailUrl":"https:\/\/rioonwatch.org.br\/wp-content\/uploads\/2018\/07\/53782_814212388619494_2745091012360658918_o.jpg","datePublished":"2014-09-01T11:58:20+00:00","dateModified":"2024-06-20T16:36:51+00:00","breadcrumb":{"@id":"https:\/\/rioonwatch.org.br\/?p=34842#breadcrumb"},"inLanguage":"pt-BR","potentialAction":[{"@type":"ReadAction","target":["https:\/\/rioonwatch.org.br\/?p=34842"]}]},{"@type":"ImageObject","inLanguage":"pt-BR","@id":"https:\/\/rioonwatch.org.br\/?p=34842#primaryimage","url":"https:\/\/rioonwatch.org.br\/wp-content\/uploads\/2018\/07\/53782_814212388619494_2745091012360658918_o.jpg","contentUrl":"https:\/\/rioonwatch.org.br\/wp-content\/uploads\/2018\/07\/53782_814212388619494_2745091012360658918_o.jpg","width":1000,"height":750},{"@type":"BreadcrumbList","@id":"https:\/\/rioonwatch.org.br\/?p=34842#breadcrumb","itemListElement":[{"@type":"ListItem","position":1,"name":"In\u00edcio","item":"https:\/\/rioonwatch.org.br\/"},{"@type":"ListItem","position":2,"name":"Perfil de M\u00eddia Comunit\u00e1ria: Jornal &#8216;O Cidad\u00e3o&#8217; da Mar\u00e9"}]},{"@type":"WebSite","@id":"https:\/\/rioonwatch.org.br\/#website","url":"https:\/\/rioonwatch.org.br\/","name":"RioOnWatch","description":"relatos das favelas cariocas","publisher":{"@id":"https:\/\/rioonwatch.org.br\/#organization"},"potentialAction":[{"@type":"SearchAction","target":{"@type":"EntryPoint","urlTemplate":"https:\/\/rioonwatch.org.br\/?s={search_term_string}"},"query-input":{"@type":"PropertyValueSpecification","valueRequired":true,"valueName":"search_term_string"}}],"inLanguage":"pt-BR"},{"@type":"Organization","@id":"https:\/\/rioonwatch.org.br\/#organization","name":"RioOnWatch","url":"https:\/\/rioonwatch.org.br\/","logo":{"@type":"ImageObject","inLanguage":"pt-BR","@id":"https:\/\/rioonwatch.org.br\/#\/schema\/logo\/image\/","url":"https:\/\/rioonwatch.org.br\/wp-content\/uploads\/2021\/06\/RioOnWatchcabecalhoPT11anos-2.png","contentUrl":"https:\/\/rioonwatch.org.br\/wp-content\/uploads\/2021\/06\/RioOnWatchcabecalhoPT11anos-2.png","width":779,"height":277,"caption":"RioOnWatch"},"image":{"@id":"https:\/\/rioonwatch.org.br\/#\/schema\/logo\/image\/"}},{"@type":"Person","@id":"https:\/\/rioonwatch.org.br\/#\/schema\/person\/11d64c290506f9df50c71b850c473f68","name":"Admin","image":{"@type":"ImageObject","inLanguage":"pt-BR","@id":"https:\/\/rioonwatch.org.br\/#\/schema\/person\/image\/","url":"https:\/\/secure.gravatar.com\/avatar\/56211ac74568383903349a1485e3c325?s=96&d=blank&r=g","contentUrl":"https:\/\/secure.gravatar.com\/avatar\/56211ac74568383903349a1485e3c325?s=96&d=blank&r=g","caption":"Admin"},"url":"https:\/\/rioonwatch.org.br\/?author=129"}]}},"_links":{"self":[{"href":"https:\/\/rioonwatch.org.br\/index.php?rest_route=\/wp\/v2\/posts\/34842"}],"collection":[{"href":"https:\/\/rioonwatch.org.br\/index.php?rest_route=\/wp\/v2\/posts"}],"about":[{"href":"https:\/\/rioonwatch.org.br\/index.php?rest_route=\/wp\/v2\/types\/post"}],"author":[{"embeddable":true,"href":"https:\/\/rioonwatch.org.br\/index.php?rest_route=\/wp\/v2\/users\/129"}],"replies":[{"embeddable":true,"href":"https:\/\/rioonwatch.org.br\/index.php?rest_route=%2Fwp%2Fv2%2Fcomments&post=34842"}],"version-history":[{"count":16,"href":"https:\/\/rioonwatch.org.br\/index.php?rest_route=\/wp\/v2\/posts\/34842\/revisions"}],"predecessor-version":[{"id":35764,"href":"https:\/\/rioonwatch.org.br\/index.php?rest_route=\/wp\/v2\/posts\/34842\/revisions\/35764"}],"wp:featuredmedia":[{"embeddable":true,"href":"https:\/\/rioonwatch.org.br\/index.php?rest_route=\/wp\/v2\/media\/34844"}],"wp:attachment":[{"href":"https:\/\/rioonwatch.org.br\/index.php?rest_route=%2Fwp%2Fv2%2Fmedia&parent=34842"}],"wp:term":[{"taxonomy":"category","embeddable":true,"href":"https:\/\/rioonwatch.org.br\/index.php?rest_route=%2Fwp%2Fv2%2Fcategories&post=34842"},{"taxonomy":"post_tag","embeddable":true,"href":"https:\/\/rioonwatch.org.br\/index.php?rest_route=%2Fwp%2Fv2%2Ftags&post=34842"},{"taxonomy":"writer","embeddable":true,"href":"https:\/\/rioonwatch.org.br\/index.php?rest_route=%2Fwp%2Fv2%2Fwriter&post=34842"},{"taxonomy":"translator","embeddable":true,"href":"https:\/\/rioonwatch.org.br\/index.php?rest_route=%2Fwp%2Fv2%2Ftranslator&post=34842"},{"taxonomy":"source","embeddable":true,"href":"https:\/\/rioonwatch.org.br\/index.php?rest_route=%2Fwp%2Fv2%2Fsource&post=34842"},{"taxonomy":"ilustrador","embeddable":true,"href":"https:\/\/rioonwatch.org.br\/index.php?rest_route=%2Fwp%2Fv2%2Filustrador&post=34842"},{"taxonomy":"fotografo","embeddable":true,"href":"https:\/\/rioonwatch.org.br\/index.php?rest_route=%2Fwp%2Fv2%2Ffotografo&post=34842"}],"curies":[{"name":"wp","href":"https:\/\/api.w.org\/{rel}","templated":true}]}}