{"id":34960,"date":"2018-07-26T09:28:29","date_gmt":"2018-07-26T12:28:29","guid":{"rendered":"http:\/\/rioonwatch.org.br\/?p=34960"},"modified":"2022-10-11T09:26:20","modified_gmt":"2022-10-11T12:26:20","slug":"educador-social-na-mare-da-aulas-sobre-vida-e-legado-de-marielle-que-faria-39-anos-amanha-legadomarielle","status":"publish","type":"post","link":"https:\/\/rioonwatch.org.br\/?p=34960","title":{"rendered":"Educador Social na Mar\u00e9 D\u00e1 Aulas Sobre Vida e Legado de Marielle, Que Faria 39 Anos Amanh\u00e3 #LegadoMarielle"},"content":{"rendered":"<p style=\"text-align: right;\"><em><strong><a href=\"http:\/\/bit.ly\/2OjV07M\" target=\"_blank\" rel=\"noopener noreferrer\">Click Here for English<\/a><a href=\"http:\/\/bit.ly\/2OjV07M\" target=\"_blank\" rel=\"noopener noreferrer\"><img decoding=\"async\" width=\"20\" height=\"20\" class=\"alignright wp-image-15790\" src=\"http:\/\/rioonwatch.org.br\/wp-content\/uploads\/2012\/08\/EN-standard-e1439583104716.jpg\" \/><\/a><\/strong><\/em><\/p>\n<p><span style=\"font-weight: 400;\">Escrito com letra de crian\u00e7a, um papel pendurado na parede de uma das salas da ONG <a href=\"http:\/\/bit.ly\/1LtPfRl\">Luta Pela Paz<\/a>, na\u00a0<a href=\"http:\/\/bit.ly\/10BvARw\" target=\"_blank\" rel=\"noopener\">Mar\u00e9<\/a>, chama a aten\u00e7\u00e3o: &#8220;Eu penso que ela cumpriu a parte dela e morreu&#8221;. Esse foi um dos muitos pap\u00e9is pendurados por crian\u00e7as no quadro de lembretes da sala.<\/span><\/p>\n<p><span style=\"font-weight: 400;\">A morte referida no papel era de <a href=\"http:\/\/bit.ly\/2uHq4VY\" target=\"_blank\" rel=\"noopener\">Marielle Franco<\/a>, vereadora\u00a0<a href=\"http:\/\/bit.ly\/2AhFJkK\" target=\"_blank\" rel=\"noopener\">brutalmente assassinada<\/a> junto ao seu motorista Anderson Gomes, em 14 de mar\u00e7o deste ano. <a href=\"http:\/\/bit.ly\/2AgGOJZ\" target=\"_blank\" rel=\"noopener\">Mulher, negra<\/a>\u00a0com p\u00f3s gradua\u00e7\u00e3o, <a href=\"http:\/\/bit.ly\/2ro8hkW\" target=\"_blank\" rel=\"noopener\">defendeu pautas pouco vistas na C\u00e2mara dos Vereadores<\/a>, como o direito das mulheres (na presid\u00eancia da <a href=\"http:\/\/bit.ly\/2v73Ug7\" target=\"_blank\" rel=\"noopener\">Comiss\u00e3o de Defesa da Mulher na C\u00e2mara Municipal do RJ<\/a>), do povo preto, da favela, LGBT e de todas que vivem qualquer forma de opress\u00e3o. <a href=\"https:\/\/glo.bo\/2mIvpZB\" target=\"_blank\" rel=\"noopener\">Foi a quinta mulher mais votada<\/a> e eleita com mais de 46.000 votos.<\/span><\/p>\n<p><span style=\"font-weight: 400;\">No dia seguinte ao assassinato de Marielle Franco, estava marcado um caf\u00e9 coletivo na ONG Luta Pela Paz. O encontro, sempre animado, deu lugar a um discurso emocionado do educador social Gilson Jorge, 35 anos. Naquele momento, ele percebeu que seus alunos n\u00e3o sabiam quem ela era, e isso deveria mudar. <\/span><\/p>\n<p><span style=\"font-weight: 400;\">Nesta mat\u00e9ria contaremos a trajet\u00f3ria de Gilson como educador na Luta pela Paz, e sobre a sua iniciativa de dar aulas sobre Marielle Franco.<\/span><\/p>\n<h3><b>Sobre a Luta pela Paz<\/b><\/h3>\n<p><span style=\"font-weight: 400;\">Gilson rege oito turmas de jovens, na Luta Pela Paz, e cada uma tem at\u00e9 30 alunos. Seu desafio \u00e9 trabalhar com o desenvolvimento pessoal, conviv\u00eancia e dedica\u00e7\u00e3o e ao mesmo tempo incentivar a pr\u00e1tica de cidadania\u00a0<\/span><span style=\"font-weight: 400;\">atrav\u00e9s das artes marciais.\u00a0<\/span><\/p>\n<p><a href=\"http:\/\/rioonwatch.org.br\/wp-content\/uploads\/2018\/07\/foto-1-divulgacao.jpg\"><img fetchpriority=\"high\" decoding=\"async\" class=\"aligncenter wp-image-34979 size-content\" title=\" Divulga\u00e7\u00e3o Luta Pela Paz | Alunos abra\u00e7ados em frente ao pr\u00e9dio da Luta Pela Paz na Favela Nova Holanda, Mar\u00e9.\" src=\"http:\/\/rioonwatch.org.br\/wp-content\/uploads\/2018\/07\/foto-1-divulgacao-620x264.jpg\" alt=\"\" width=\"620\" height=\"264\" srcset=\"https:\/\/rioonwatch.org.br\/wp-content\/uploads\/2018\/07\/foto-1-divulgacao-620x264.jpg 620w, https:\/\/rioonwatch.org.br\/wp-content\/uploads\/2018\/07\/foto-1-divulgacao-940x400.jpg 940w\" sizes=\"(max-width: 620px) 100vw, 620px\" \/><\/a><\/p>\n<p><span style=\"font-weight: 400;\">&#8220;A <a href=\"http:\/\/bit.ly\/2v0ogaO\" target=\"_blank\" rel=\"noopener\">Luta pela Paz<\/a> \u00e9 uma organiza\u00e7\u00e3o internacional sem fins lucrativos que tem como miss\u00e3o realizar o potencial de jovens trabalhando com eles pela preven\u00e7\u00e3o de viol\u00eancia nas comunidades em que vivem.&#8221;\u00a0 A organiza\u00e7\u00e3o, <a href=\"http:\/\/bit.ly\/2v0ogaO\" target=\"_blank\" rel=\"noopener\">fundada em 2000 no Complexo da Mar\u00e9<\/a>, desenvolveu uma metodologia chamada <a href=\"http:\/\/bit.ly\/2OeXkga\" target=\"_blank\" rel=\"noopener\">Cinco Pilares<\/a>,\u00a0sendo eles: boxe e arte marcial, educa\u00e7\u00e3o, empregabilidade, suporte social e lideran\u00e7a juvenil. E<\/span><span style=\"font-weight: 400;\">st\u00e1 presente hoje em mais de 25 pa\u00edses.<\/span><\/p>\n<p><span style=\"font-weight: 400;\">Os alunos, de 7 a 29 anos, se dividem entre as lutas e aulas, de manh\u00e3, de tarde ou \u00e0 noite. O pacote de atividades \u00e9 completo, todos os que fazem esporte precisam fazer tamb\u00e9m aulas de educa\u00e7\u00e3o social. \u201c\u00c9 muito bom estar em contato com jovens durante os cinco dias na semana. Eu aprendo muito \u00e0 medida que eles crescem\u201d, conta Gilson, que atua h\u00e1 tr\u00eas anos como educador.<\/span><\/p>\n<h3><b>Educa\u00e7\u00e3o, uma tradi\u00e7\u00e3o de fam\u00edlia<\/b><\/h3>\n<p><span style=\"font-weight: 400;\">A educa\u00e7\u00e3o sempre esteve no DNA de Gilson. Ele quase se formou em ci\u00eancias sociais, e desde do ensino m\u00e9dio at\u00e9 as aulas do pr\u00e9-vestibular comunit\u00e1rio no <a href=\"http:\/\/bit.ly\/ZGmfPw\" target=\"_blank\" rel=\"noopener\">Morro do Timbau<\/a>, professores inspiradores n\u00e3o faltaram. Junto \u00e0 educa\u00e7\u00e3o, a mobiliza\u00e7\u00e3o foi sua grande aliada ao participar de projetos no <a href=\"http:\/\/bit.ly\/2Lrjf6p\" target=\"_blank\" rel=\"noopener\">Redes da Mar\u00e9<\/a>, e desde ent\u00e3o, ele escolheu o caminho da educa\u00e7\u00e3o.<\/span><\/p>\n<p><span style=\"font-weight: 400;\">Gilson nem sempre foi educador social na Luta pela Paz. Ele entrou na organiza\u00e7\u00e3o como mentor em projeto especial para trabalhar a sociabilidade e outras quest\u00f5es, com egressos do tr\u00e1ficos de drogas. Mais que isso, foi um importante apoiador de jovens de 18 anos interessados na melhora de vida. O trabalho social de sua irm\u00e3, que coordena a <a href=\"http:\/\/bit.ly\/2mKA3Xc\" target=\"_blank\" rel=\"noopener\">Casa das Mulheres na Mar\u00e9<\/a> e de suas duas primas educadoras, tamb\u00e9m foi uma grande influ\u00eancia para continuar nesse caminho.<\/span><\/p>\n<p><a href=\"http:\/\/rioonwatch.org.br\/wp-content\/uploads\/2018\/07\/Gilson.jpg\"><img decoding=\"async\" class=\"aligncenter wp-image-34977 size-content\" title=\"Divulga\u00e7\u00e3o Facebook | Gilson Jorge \u00e0 direita, junto a sua fam\u00edlia em Campanha a mem\u00f3ria de Marielle Franco .\" src=\"http:\/\/rioonwatch.org.br\/wp-content\/uploads\/2018\/07\/Gilson-620x264.jpg\" alt=\"\" width=\"620\" height=\"264\" srcset=\"https:\/\/rioonwatch.org.br\/wp-content\/uploads\/2018\/07\/Gilson-620x264.jpg 620w, https:\/\/rioonwatch.org.br\/wp-content\/uploads\/2018\/07\/Gilson-940x400.jpg 940w\" sizes=\"(max-width: 620px) 100vw, 620px\" \/><\/a><\/p>\n<p><span style=\"font-weight: 400;\">Fernanda Mesquita, pedagoga e coordenadora de desenvolvimento pessoal na Luta Pela Paz fala da relev\u00e2ncia de Gilson como educador social: \u201cPrecis\u00e1vamos de uma pessoa como ele para trabalhar com os jovens adolescentes. Um morador da Mar\u00e9, que tem experi\u00eancia, habilidades e que fala a mesma l\u00edngua deles. Ele \u00e9 criativo e puxa suas aulas sempre para a filosofia e d\u00e1 certo\u201d.<\/span><\/p>\n<p><span style=\"font-weight: 400;\">Fernanda orienta o trabalho de Gilson, que \u00e9 bastante aut\u00f4nomo. Quando Marielle sofreu o atentado, eles se juntaram e pensaram na proposta inicial: sentir as rea\u00e7\u00f5es dos alunos depois do acontecimento, e trabalharem sobre a morte de Marielle a partir destas rea\u00e7\u00f5es. Neste processo de observa\u00e7\u00e3o a pauta do racismo e da representatividade veio \u00e0 tona.<\/span><\/p>\n<h3><b>Do luto \u00e0 luta<\/b><\/h3>\n<p><span style=\"font-weight: 400;\">Gilson passou a pesquisar, preparar e explorar temas que envolviam a luta de Marielle Franco. Ele questionava: Ela recebeu <a href=\"http:\/\/bit.ly\/2LkY31A\" target=\"_blank\" rel=\"noopener\">poucos votos aqui da Mar\u00e9,<\/a> mas por qu\u00ea? Qual o espa\u00e7o financeiro e comunicacional que ela tinha para apresentar suas propostas e ter apoio dos seus iguais, favelados? Explorou a <a href=\"http:\/\/bit.ly\/2OgGcqt\" target=\"_blank\" rel=\"noopener\">lista dos projetos de lei<\/a>: Ass\u00e9dio N\u00e3o \u00e9 Passageiro, Casas de Parto, Espa\u00e7o Infantil Noturno e Pra Fazer Valer o Aborto Legal no Rio, entre outros. Com esse material, preparou a primeira aula sobre uma mulher, negra e cria da Mar\u00e9.\u00a0<\/span><\/p>\n<p><span style=\"font-weight: 400;\">Nas aulas, que ocorreram nas semanas ap\u00f3s o atentado, foi questionada a <a href=\"http:\/\/bit.ly\/2deYUii\" target=\"_blank\" rel=\"noopener\">representatividade que os moradores de favelas<\/a> t\u00eam dentro da C\u00e2mara dos Vereadores. Independente de posturas ideol\u00f3gicas, todos concordaram com a <a href=\"http:\/\/bit.ly\/2DBdWbv\" target=\"_blank\" rel=\"noopener\">falta que Marielle faz<\/a>. As aulas tamb\u00e9m foram usadas para desmistificar as <a href=\"http:\/\/bit.ly\/2wCZnGh\" target=\"_blank\" rel=\"noopener\">not\u00edcias falsas que surgiram sobre ela<\/a>. Segundo Gilson, foi \u201cum atentado a democracia. Por isso, politizar a vida da gente \u00e9 muito importante. Ent\u00e3o, trago temas relevantes como esse, para desenvolver compet\u00eancias, dentro da sala de aula do Luta pela Paz\u201d.\u00a0<\/span><\/p>\n<p><span style=\"font-weight: 400;\">Mas a iniciativa foi al\u00e9m. A partir das aulas sobre Marielle Franco, na ocasi\u00e3o de sua morte, as pautas do racismo e <a href=\"http:\/\/bit.ly\/2lSNAeO\" target=\"_blank\" rel=\"noopener\">da representatividade<\/a> passaram a fazer parte das aulas de Gilson e n\u00e3o pararam mais.<\/span><\/p>\n<p><a href=\"http:\/\/rioonwatch.org.br\/wp-content\/uploads\/2018\/07\/foto-3-divulgacao.jpg\"><img loading=\"lazy\" decoding=\"async\" class=\"aligncenter wp-image-34982 size-content\" title=\" M\u00eddia Ninja | Marielle Franco no Conjunto de Favelas da Mar\u00e9\" src=\"http:\/\/rioonwatch.org.br\/wp-content\/uploads\/2018\/07\/foto-3-divulgacao-620x264.jpg\" alt=\"\" width=\"620\" height=\"264\" srcset=\"https:\/\/rioonwatch.org.br\/wp-content\/uploads\/2018\/07\/foto-3-divulgacao-620x264.jpg 620w, https:\/\/rioonwatch.org.br\/wp-content\/uploads\/2018\/07\/foto-3-divulgacao-940x400.jpg 940w\" sizes=\"(max-width: 620px) 100vw, 620px\" \/><\/a><\/p>\n<p><span style=\"font-weight: 400;\">Suas aulas n\u00e3o s\u00e3o sobre a morte de Marielle e sim, sobre o <a href=\"http:\/\/bit.ly\/2Gp2OnO\" target=\"_blank\" rel=\"noopener\">legado que ela deixou<\/a>.<\/span><\/p>\n<p><em>A jornalista\u00a0comunit\u00e1ria\u00a0<a href=\"http:\/\/bit.ly\/1RLfvW3\" target=\"_blank\" rel=\"noopener\" data-saferedirecturl=\"https:\/\/www.google.com\/url?hl=en&amp;q=http:\/\/bit.ly\/1RLfvW3&amp;source=gmail&amp;ust=1520020709810000&amp;usg=AFQjCNEkzFhTghz5eRPWXzEoor-t2HezHw\">Tha\u00eds Cavalcante<\/a>\u00a0nasceu e foi criada na Nova Holanda, uma das favelas da Mar\u00e9. Ao atuar como comunicadora comunit\u00e1ria em sua comunidade, decidiu cursar jornalismo na universidade e acredita no poder da informa\u00e7\u00e3o para mudar para melhor sua realidade.<\/em><\/p>\n<!-- AddThis Advanced Settings generic via filter on the_content --><!-- AddThis Share Buttons generic via filter on the_content -->","protected":false},"excerpt":{"rendered":"<div class=\"mh-excerpt\"><p>Click Here for English Escrito com letra de crian\u00e7a, um papel pendurado na parede de uma das salas da ONG Luta Pela Paz, na\u00a0Mar\u00e9, chama a aten\u00e7\u00e3o: &#8220;Eu penso que ela cumpriu a parte dela <a class=\"mh-excerpt-more\" href=\"https:\/\/rioonwatch.org.br\/?p=34960\" title=\"Educador Social na Mar\u00e9 D\u00e1 Aulas Sobre Vida e Legado de Marielle, Que Faria 39 Anos Amanh\u00e3 #LegadoMarielle\">[&#8230;]<\/a><!-- AddThis Advanced Settings generic via filter on get_the_excerpt --><!-- AddThis Share Buttons generic via filter on get_the_excerpt --><\/p>\n<\/div>","protected":false},"author":129,"featured_media":34974,"comment_status":"closed","ping_status":"closed","sticky":false,"template":"","format":"standard","meta":{"_acf_changed":false,"_monsterinsights_skip_tracking":false,"_monsterinsights_sitenote_active":false,"_monsterinsights_sitenote_note":"","_monsterinsights_sitenote_category":0,"footnotes":""},"categories":[1621,1615,1625,342],"tags":[1505,832,332,88,316,113,2312,2033,1076,350,358,2431,1107,1347],"writer":[1294],"translator":[],"source":[],"ilustrador":[],"fotografo":[],"class_list":{"0":"post-34960","1":"post","2":"type-post","3":"status-publish","4":"format-standard","5":"has-post-thumbnail","7":"category-destaque","8":"category-cultura-da-favela","9":"category-por-correspondentes-comunitarios","10":"category-solucoes","11":"tag-artes-marciais","12":"tag-cidadania","13":"tag-complexo-da-mare","14":"tag-direitos-humanos","15":"tag-educacao","16":"tag-juventude","17":"tag-legado-de-marielle","18":"tag-marielle-franco","19":"tag-morro-do-timbau","20":"tag-nova-holanda","21":"tag-organizacao-comunitaria","22":"tag-pedagogia","23":"tag-redes-da-mare","24":"tag-solucao","25":"writer-thais-cavalcante"},"acf":[],"yoast_head":"<!-- This site is optimized with the Yoast SEO plugin v25.6 - https:\/\/yoast.com\/wordpress\/plugins\/seo\/ -->\n<title>Educador Social na Mar\u00e9 D\u00e1 Aulas Sobre Vida e Legado de Marielle, Que Faria 39 Anos Amanh\u00e3 #LegadoMarielle - RioOnWatch<\/title>\n<meta name=\"robots\" content=\"index, follow, max-snippet:-1, max-image-preview:large, max-video-preview:-1\" \/>\n<link rel=\"canonical\" href=\"https:\/\/rioonwatch.org.br\/?p=34960\" \/>\n<meta property=\"og:locale\" content=\"pt_BR\" \/>\n<meta property=\"og:type\" content=\"article\" \/>\n<meta property=\"og:title\" content=\"Educador Social na Mar\u00e9 D\u00e1 Aulas Sobre Vida e Legado de Marielle, Que Faria 39 Anos Amanh\u00e3 #LegadoMarielle - RioOnWatch\" \/>\n<meta property=\"og:description\" content=\"Click Here for English Escrito com letra de crian\u00e7a, um papel pendurado na parede de uma das salas da ONG Luta Pela Paz, na\u00a0Mar\u00e9, chama a aten\u00e7\u00e3o: &#8220;Eu penso que ela cumpriu a parte dela [...]\" \/>\n<meta property=\"og:url\" content=\"https:\/\/rioonwatch.org.br\/?p=34960\" \/>\n<meta property=\"og:site_name\" content=\"RioOnWatch\" \/>\n<meta property=\"article:published_time\" content=\"2018-07-26T12:28:29+00:00\" \/>\n<meta property=\"article:modified_time\" content=\"2022-10-11T12:26:20+00:00\" \/>\n<meta property=\"og:image\" content=\"https:\/\/rioonwatch.org.br\/wp-content\/uploads\/2018\/07\/foto-2-divulgacao.jpg\" \/>\n\t<meta property=\"og:image:width\" content=\"1944\" \/>\n\t<meta property=\"og:image:height\" content=\"1296\" \/>\n\t<meta property=\"og:image:type\" content=\"image\/jpeg\" \/>\n<meta name=\"author\" content=\"Admin\" \/>\n<meta name=\"twitter:card\" content=\"summary_large_image\" \/>\n<meta name=\"twitter:label1\" content=\"Escrito por\" \/>\n\t<meta name=\"twitter:data1\" content=\"Admin\" \/>\n\t<meta name=\"twitter:label2\" content=\"Est. tempo de leitura\" \/>\n\t<meta name=\"twitter:data2\" content=\"5 minutos\" \/>\n<script type=\"application\/ld+json\" class=\"yoast-schema-graph\">{\"@context\":\"https:\/\/schema.org\",\"@graph\":[{\"@type\":\"Article\",\"@id\":\"https:\/\/rioonwatch.org.br\/?p=34960#article\",\"isPartOf\":{\"@id\":\"https:\/\/rioonwatch.org.br\/?p=34960\"},\"author\":{\"name\":\"Admin\",\"@id\":\"https:\/\/rioonwatch.org.br\/#\/schema\/person\/11d64c290506f9df50c71b850c473f68\"},\"headline\":\"Educador Social na Mar\u00e9 D\u00e1 Aulas Sobre Vida e Legado de Marielle, Que Faria 39 Anos Amanh\u00e3 #LegadoMarielle\",\"datePublished\":\"2018-07-26T12:28:29+00:00\",\"dateModified\":\"2022-10-11T12:26:20+00:00\",\"mainEntityOfPage\":{\"@id\":\"https:\/\/rioonwatch.org.br\/?p=34960\"},\"wordCount\":1002,\"publisher\":{\"@id\":\"https:\/\/rioonwatch.org.br\/#organization\"},\"image\":{\"@id\":\"https:\/\/rioonwatch.org.br\/?p=34960#primaryimage\"},\"thumbnailUrl\":\"https:\/\/rioonwatch.org.br\/wp-content\/uploads\/2018\/07\/foto-2-divulgacao.jpg\",\"keywords\":[\"artes marciais\",\"cidadania\",\"Complexo da Mar\u00e9\",\"Direitos Humanos\",\"educa\u00e7\u00e3o\",\"juventude\",\"Legado de Marielle\",\"Marielle Franco\",\"Morro do Timbau\",\"Nova Holanda\",\"organiza\u00e7\u00e3o comunit\u00e1ria\",\"pedagogia\",\"Redes da Mar\u00e9\",\"solu\u00e7\u00e3o\"],\"articleSection\":[\"*Destaque\",\"Cultura da Favela\",\"Escrito por Comunicadores Populares\",\"Solu\u00e7\u00f5es\"],\"inLanguage\":\"pt-BR\"},{\"@type\":\"WebPage\",\"@id\":\"https:\/\/rioonwatch.org.br\/?p=34960\",\"url\":\"https:\/\/rioonwatch.org.br\/?p=34960\",\"name\":\"Educador Social na Mar\u00e9 D\u00e1 Aulas Sobre Vida e Legado de Marielle, Que Faria 39 Anos Amanh\u00e3 #LegadoMarielle - RioOnWatch\",\"isPartOf\":{\"@id\":\"https:\/\/rioonwatch.org.br\/#website\"},\"primaryImageOfPage\":{\"@id\":\"https:\/\/rioonwatch.org.br\/?p=34960#primaryimage\"},\"image\":{\"@id\":\"https:\/\/rioonwatch.org.br\/?p=34960#primaryimage\"},\"thumbnailUrl\":\"https:\/\/rioonwatch.org.br\/wp-content\/uploads\/2018\/07\/foto-2-divulgacao.jpg\",\"datePublished\":\"2018-07-26T12:28:29+00:00\",\"dateModified\":\"2022-10-11T12:26:20+00:00\",\"breadcrumb\":{\"@id\":\"https:\/\/rioonwatch.org.br\/?p=34960#breadcrumb\"},\"inLanguage\":\"pt-BR\",\"potentialAction\":[{\"@type\":\"ReadAction\",\"target\":[\"https:\/\/rioonwatch.org.br\/?p=34960\"]}]},{\"@type\":\"ImageObject\",\"inLanguage\":\"pt-BR\",\"@id\":\"https:\/\/rioonwatch.org.br\/?p=34960#primaryimage\",\"url\":\"https:\/\/rioonwatch.org.br\/wp-content\/uploads\/2018\/07\/foto-2-divulgacao.jpg\",\"contentUrl\":\"https:\/\/rioonwatch.org.br\/wp-content\/uploads\/2018\/07\/foto-2-divulgacao.jpg\",\"width\":1944,\"height\":1296},{\"@type\":\"BreadcrumbList\",\"@id\":\"https:\/\/rioonwatch.org.br\/?p=34960#breadcrumb\",\"itemListElement\":[{\"@type\":\"ListItem\",\"position\":1,\"name\":\"In\u00edcio\",\"item\":\"https:\/\/rioonwatch.org.br\/\"},{\"@type\":\"ListItem\",\"position\":2,\"name\":\"Educador Social na Mar\u00e9 D\u00e1 Aulas Sobre Vida e Legado de Marielle, Que Faria 39 Anos Amanh\u00e3 #LegadoMarielle\"}]},{\"@type\":\"WebSite\",\"@id\":\"https:\/\/rioonwatch.org.br\/#website\",\"url\":\"https:\/\/rioonwatch.org.br\/\",\"name\":\"RioOnWatch\",\"description\":\"relatos das favelas cariocas\",\"publisher\":{\"@id\":\"https:\/\/rioonwatch.org.br\/#organization\"},\"potentialAction\":[{\"@type\":\"SearchAction\",\"target\":{\"@type\":\"EntryPoint\",\"urlTemplate\":\"https:\/\/rioonwatch.org.br\/?s={search_term_string}\"},\"query-input\":{\"@type\":\"PropertyValueSpecification\",\"valueRequired\":true,\"valueName\":\"search_term_string\"}}],\"inLanguage\":\"pt-BR\"},{\"@type\":\"Organization\",\"@id\":\"https:\/\/rioonwatch.org.br\/#organization\",\"name\":\"RioOnWatch\",\"url\":\"https:\/\/rioonwatch.org.br\/\",\"logo\":{\"@type\":\"ImageObject\",\"inLanguage\":\"pt-BR\",\"@id\":\"https:\/\/rioonwatch.org.br\/#\/schema\/logo\/image\/\",\"url\":\"https:\/\/rioonwatch.org.br\/wp-content\/uploads\/2021\/06\/RioOnWatchcabecalhoPT11anos-2.png\",\"contentUrl\":\"https:\/\/rioonwatch.org.br\/wp-content\/uploads\/2021\/06\/RioOnWatchcabecalhoPT11anos-2.png\",\"width\":779,\"height\":277,\"caption\":\"RioOnWatch\"},\"image\":{\"@id\":\"https:\/\/rioonwatch.org.br\/#\/schema\/logo\/image\/\"}},{\"@type\":\"Person\",\"@id\":\"https:\/\/rioonwatch.org.br\/#\/schema\/person\/11d64c290506f9df50c71b850c473f68\",\"name\":\"Admin\",\"image\":{\"@type\":\"ImageObject\",\"inLanguage\":\"pt-BR\",\"@id\":\"https:\/\/rioonwatch.org.br\/#\/schema\/person\/image\/\",\"url\":\"https:\/\/secure.gravatar.com\/avatar\/56211ac74568383903349a1485e3c325?s=96&d=blank&r=g\",\"contentUrl\":\"https:\/\/secure.gravatar.com\/avatar\/56211ac74568383903349a1485e3c325?s=96&d=blank&r=g\",\"caption\":\"Admin\"},\"url\":\"https:\/\/rioonwatch.org.br\/?author=129\"}]}<\/script>\n<!-- \/ Yoast SEO plugin. -->","yoast_head_json":{"title":"Educador Social na Mar\u00e9 D\u00e1 Aulas Sobre Vida e Legado de Marielle, Que Faria 39 Anos Amanh\u00e3 #LegadoMarielle - RioOnWatch","robots":{"index":"index","follow":"follow","max-snippet":"max-snippet:-1","max-image-preview":"max-image-preview:large","max-video-preview":"max-video-preview:-1"},"canonical":"https:\/\/rioonwatch.org.br\/?p=34960","og_locale":"pt_BR","og_type":"article","og_title":"Educador Social na Mar\u00e9 D\u00e1 Aulas Sobre Vida e Legado de Marielle, Que Faria 39 Anos Amanh\u00e3 #LegadoMarielle - RioOnWatch","og_description":"Click Here for English Escrito com letra de crian\u00e7a, um papel pendurado na parede de uma das salas da ONG Luta Pela Paz, na\u00a0Mar\u00e9, chama a aten\u00e7\u00e3o: &#8220;Eu penso que ela cumpriu a parte dela [...]","og_url":"https:\/\/rioonwatch.org.br\/?p=34960","og_site_name":"RioOnWatch","article_published_time":"2018-07-26T12:28:29+00:00","article_modified_time":"2022-10-11T12:26:20+00:00","og_image":[{"width":1944,"height":1296,"url":"https:\/\/rioonwatch.org.br\/wp-content\/uploads\/2018\/07\/foto-2-divulgacao.jpg","type":"image\/jpeg"}],"author":"Admin","twitter_card":"summary_large_image","twitter_misc":{"Escrito por":"Admin","Est. tempo de leitura":"5 minutos"},"schema":{"@context":"https:\/\/schema.org","@graph":[{"@type":"Article","@id":"https:\/\/rioonwatch.org.br\/?p=34960#article","isPartOf":{"@id":"https:\/\/rioonwatch.org.br\/?p=34960"},"author":{"name":"Admin","@id":"https:\/\/rioonwatch.org.br\/#\/schema\/person\/11d64c290506f9df50c71b850c473f68"},"headline":"Educador Social na Mar\u00e9 D\u00e1 Aulas Sobre Vida e Legado de Marielle, Que Faria 39 Anos Amanh\u00e3 #LegadoMarielle","datePublished":"2018-07-26T12:28:29+00:00","dateModified":"2022-10-11T12:26:20+00:00","mainEntityOfPage":{"@id":"https:\/\/rioonwatch.org.br\/?p=34960"},"wordCount":1002,"publisher":{"@id":"https:\/\/rioonwatch.org.br\/#organization"},"image":{"@id":"https:\/\/rioonwatch.org.br\/?p=34960#primaryimage"},"thumbnailUrl":"https:\/\/rioonwatch.org.br\/wp-content\/uploads\/2018\/07\/foto-2-divulgacao.jpg","keywords":["artes marciais","cidadania","Complexo da Mar\u00e9","Direitos Humanos","educa\u00e7\u00e3o","juventude","Legado de Marielle","Marielle Franco","Morro do Timbau","Nova Holanda","organiza\u00e7\u00e3o comunit\u00e1ria","pedagogia","Redes da Mar\u00e9","solu\u00e7\u00e3o"],"articleSection":["*Destaque","Cultura da Favela","Escrito por Comunicadores Populares","Solu\u00e7\u00f5es"],"inLanguage":"pt-BR"},{"@type":"WebPage","@id":"https:\/\/rioonwatch.org.br\/?p=34960","url":"https:\/\/rioonwatch.org.br\/?p=34960","name":"Educador Social na Mar\u00e9 D\u00e1 Aulas Sobre Vida e Legado de Marielle, Que Faria 39 Anos Amanh\u00e3 #LegadoMarielle - RioOnWatch","isPartOf":{"@id":"https:\/\/rioonwatch.org.br\/#website"},"primaryImageOfPage":{"@id":"https:\/\/rioonwatch.org.br\/?p=34960#primaryimage"},"image":{"@id":"https:\/\/rioonwatch.org.br\/?p=34960#primaryimage"},"thumbnailUrl":"https:\/\/rioonwatch.org.br\/wp-content\/uploads\/2018\/07\/foto-2-divulgacao.jpg","datePublished":"2018-07-26T12:28:29+00:00","dateModified":"2022-10-11T12:26:20+00:00","breadcrumb":{"@id":"https:\/\/rioonwatch.org.br\/?p=34960#breadcrumb"},"inLanguage":"pt-BR","potentialAction":[{"@type":"ReadAction","target":["https:\/\/rioonwatch.org.br\/?p=34960"]}]},{"@type":"ImageObject","inLanguage":"pt-BR","@id":"https:\/\/rioonwatch.org.br\/?p=34960#primaryimage","url":"https:\/\/rioonwatch.org.br\/wp-content\/uploads\/2018\/07\/foto-2-divulgacao.jpg","contentUrl":"https:\/\/rioonwatch.org.br\/wp-content\/uploads\/2018\/07\/foto-2-divulgacao.jpg","width":1944,"height":1296},{"@type":"BreadcrumbList","@id":"https:\/\/rioonwatch.org.br\/?p=34960#breadcrumb","itemListElement":[{"@type":"ListItem","position":1,"name":"In\u00edcio","item":"https:\/\/rioonwatch.org.br\/"},{"@type":"ListItem","position":2,"name":"Educador Social na Mar\u00e9 D\u00e1 Aulas Sobre Vida e Legado de Marielle, Que Faria 39 Anos Amanh\u00e3 #LegadoMarielle"}]},{"@type":"WebSite","@id":"https:\/\/rioonwatch.org.br\/#website","url":"https:\/\/rioonwatch.org.br\/","name":"RioOnWatch","description":"relatos das favelas cariocas","publisher":{"@id":"https:\/\/rioonwatch.org.br\/#organization"},"potentialAction":[{"@type":"SearchAction","target":{"@type":"EntryPoint","urlTemplate":"https:\/\/rioonwatch.org.br\/?s={search_term_string}"},"query-input":{"@type":"PropertyValueSpecification","valueRequired":true,"valueName":"search_term_string"}}],"inLanguage":"pt-BR"},{"@type":"Organization","@id":"https:\/\/rioonwatch.org.br\/#organization","name":"RioOnWatch","url":"https:\/\/rioonwatch.org.br\/","logo":{"@type":"ImageObject","inLanguage":"pt-BR","@id":"https:\/\/rioonwatch.org.br\/#\/schema\/logo\/image\/","url":"https:\/\/rioonwatch.org.br\/wp-content\/uploads\/2021\/06\/RioOnWatchcabecalhoPT11anos-2.png","contentUrl":"https:\/\/rioonwatch.org.br\/wp-content\/uploads\/2021\/06\/RioOnWatchcabecalhoPT11anos-2.png","width":779,"height":277,"caption":"RioOnWatch"},"image":{"@id":"https:\/\/rioonwatch.org.br\/#\/schema\/logo\/image\/"}},{"@type":"Person","@id":"https:\/\/rioonwatch.org.br\/#\/schema\/person\/11d64c290506f9df50c71b850c473f68","name":"Admin","image":{"@type":"ImageObject","inLanguage":"pt-BR","@id":"https:\/\/rioonwatch.org.br\/#\/schema\/person\/image\/","url":"https:\/\/secure.gravatar.com\/avatar\/56211ac74568383903349a1485e3c325?s=96&d=blank&r=g","contentUrl":"https:\/\/secure.gravatar.com\/avatar\/56211ac74568383903349a1485e3c325?s=96&d=blank&r=g","caption":"Admin"},"url":"https:\/\/rioonwatch.org.br\/?author=129"}]}},"_links":{"self":[{"href":"https:\/\/rioonwatch.org.br\/index.php?rest_route=\/wp\/v2\/posts\/34960"}],"collection":[{"href":"https:\/\/rioonwatch.org.br\/index.php?rest_route=\/wp\/v2\/posts"}],"about":[{"href":"https:\/\/rioonwatch.org.br\/index.php?rest_route=\/wp\/v2\/types\/post"}],"author":[{"embeddable":true,"href":"https:\/\/rioonwatch.org.br\/index.php?rest_route=\/wp\/v2\/users\/129"}],"replies":[{"embeddable":true,"href":"https:\/\/rioonwatch.org.br\/index.php?rest_route=%2Fwp%2Fv2%2Fcomments&post=34960"}],"version-history":[{"count":34,"href":"https:\/\/rioonwatch.org.br\/index.php?rest_route=\/wp\/v2\/posts\/34960\/revisions"}],"predecessor-version":[{"id":39596,"href":"https:\/\/rioonwatch.org.br\/index.php?rest_route=\/wp\/v2\/posts\/34960\/revisions\/39596"}],"wp:featuredmedia":[{"embeddable":true,"href":"https:\/\/rioonwatch.org.br\/index.php?rest_route=\/wp\/v2\/media\/34974"}],"wp:attachment":[{"href":"https:\/\/rioonwatch.org.br\/index.php?rest_route=%2Fwp%2Fv2%2Fmedia&parent=34960"}],"wp:term":[{"taxonomy":"category","embeddable":true,"href":"https:\/\/rioonwatch.org.br\/index.php?rest_route=%2Fwp%2Fv2%2Fcategories&post=34960"},{"taxonomy":"post_tag","embeddable":true,"href":"https:\/\/rioonwatch.org.br\/index.php?rest_route=%2Fwp%2Fv2%2Ftags&post=34960"},{"taxonomy":"writer","embeddable":true,"href":"https:\/\/rioonwatch.org.br\/index.php?rest_route=%2Fwp%2Fv2%2Fwriter&post=34960"},{"taxonomy":"translator","embeddable":true,"href":"https:\/\/rioonwatch.org.br\/index.php?rest_route=%2Fwp%2Fv2%2Ftranslator&post=34960"},{"taxonomy":"source","embeddable":true,"href":"https:\/\/rioonwatch.org.br\/index.php?rest_route=%2Fwp%2Fv2%2Fsource&post=34960"},{"taxonomy":"ilustrador","embeddable":true,"href":"https:\/\/rioonwatch.org.br\/index.php?rest_route=%2Fwp%2Fv2%2Filustrador&post=34960"},{"taxonomy":"fotografo","embeddable":true,"href":"https:\/\/rioonwatch.org.br\/index.php?rest_route=%2Fwp%2Fv2%2Ffotografo&post=34960"}],"curies":[{"name":"wp","href":"https:\/\/api.w.org\/{rel}","templated":true}]}}